{"id":338104,"date":"2012-01-13T00:00:00","date_gmt":"2012-01-13T04:00:00","guid":{"rendered":"https:\/\/casadecampoliving.com\/este-fin-de-semana-en-casa-13-15-ene\/"},"modified":"2022-10-21T18:42:29","modified_gmt":"2022-10-21T22:42:29","slug":"este-fin-de-semana-en-casa-13-15-ene","status":"publish","type":"post","link":"https:\/\/casadecampoliving.com\/es\/este-fin-de-semana-en-casa-13-15-ene\/","title":{"rendered":"Este Fin de Semana en Casa: 13 &#8211; 15 Ene!"},"content":{"rendered":"<div class=\"wp-block-image\">\n<figure class=\"aligncenter is-resized\"><img loading=\"lazy\" decoding=\"async\" src=\"https:\/\/i0.wp.com\/casadecampoliving.com\/wp-content\/uploads\/2022\/10\/week_casa_de_campo-2.jpg?resize=650%2C350&amp;ssl=1\" alt=\"casa de campo\" class=\"wp-image-42687\" title=\"week_casa_de_campo\" height=\"350\" width=\"650\"\/><\/figure>\n<\/div>\n\n\n<p>Este fin de semana en Casa de Campo parece estar en calma, lo que se convierte en una oportunidad para descansar y compartir junto a su familia y amigos, ya sea en su villa privada de Casa de Campo, en la Playa Minitas o en uno de los extraordinarios campos de golf del <a href=\"https:\/\/casadecampoliving.com\/es\/2012\/01\/exito-total-en-los-world-travel-awards-casa-de-campo-es-por-5to-ano-consecutivo-el-golf-resort-lider-a-nivel-mundial\/\">\u201cGolf Resort L\u00edder a Nivel Mundial\u201d \u2013 por supuesto, Casa de Campo!<\/a><\/p>\n\n\n\n<!--more-->\n\n\n\n<blockquote><h3>Estos eventos, actividades y especiales aplican para la semana de:<\/h3><h2>Viernes 6 Ene \u2013 Domingo 8 Ene<\/h2><\/blockquote>\n\n\n\n<p><strong><a href=\"http:\/\/wp.me\/p1kvEy-abH\">Haga click para ver la cartelera de cine y los trailers<\/a><\/strong><br>\n<strong><strong><a href=\"https:\/\/i0.wp.com\/casadecampoliving.com\/wp-content\/uploads\/2022\/10\/casa_de_campo4-9.jpg?ssl=1\"> <img decoding=\"async\" loading=\"lazy\" class=\"alignnone size-full wp-image-36859\" title=\"casa_de_campo\" src=\"https:\/\/i0.wp.com\/casadecampoliving.com\/wp-content\/uploads\/2022\/10\/casa_de_campo4-9.jpg?resize=550%2C32&amp;ssl=1\" alt=\"\" width=\"550\" height=\"32\"><\/a><\/strong><\/strong><\/p>\n\n\n\n<p><strong><a href=\"http:\/\/wp.me\/p1kvEy-aEV\">Exhibici\u00f3n de arte \u201c<\/a><strong><strong><a href=\"http:\/\/wp.me\/p1kvEy-aEV\">Caminos Azules\u201d<br>\n<\/a><\/strong><\/strong><\/strong><strong><strong><strong>Lugar: <\/strong><\/strong><\/strong>Galer\u00eda de Arte, Altos de Chav\u00f3n<span style=\"font-weight: 800;\"><br>\n<\/span><span style=\"font-weight: bold;\">Hora: <\/span>9am \u2013 6pm<span style=\"font-weight: bold;\"><br>\n<\/span><strong><strong><strong><a href=\"http:\/\/wp.me\/p1kvEy-aEV\">Haga click aqu\u00ed para m\u00e1s info!<\/a>&nbsp;&nbsp;<\/strong><\/strong><\/strong><\/p>\n\n\n\n<p><strong><strong><a href=\"https:\/\/casadecampoliving.com\/es\/2012\/01\/los-muebles-de-el-huracan-y-sus-obras-se-exhiben-en-la-marina-casa-de-campo\/\">Exhibici\u00f3n de muebles \u201cEl Hurac\u00e1n y sus obras\u201d<\/a><\/strong><br>\n<strong>Hora<\/strong>:<\/strong> 10am-10pm<strong><br>\n<strong>Lugar<\/strong>: <\/strong>Antigua Palapa, La Marina Casa de Campo<strong><br>\n<strong><a href=\"https:\/\/casadecampoliving.com\/es\/2012\/01\/los-muebles-de-el-huracan-y-sus-obras-se-exhiben-en-la-marina-casa-de-campo\/\">Haga click aqu\u00ed para m\u00e1s info!&nbsp;<\/a><\/strong><\/strong><\/p>\n\n\n\n<figure class=\"wp-block-image is-resized\"><img loading=\"lazy\" decoding=\"async\" src=\"https:\/\/i0.wp.com\/casadecampoliving.com\/wp-content\/uploads\/2022\/10\/casa_de_campo21-2.jpg?resize=550%2C32&amp;ssl=1\" alt=\"\" class=\"wp-image-36861\" title=\"casa_de_campo2\" height=\"32\" width=\"550\"\/><\/figure>\n\n\n\n<p><a href=\"https:\/\/casadecampoliving.com\/wp-content\/uploads\/2022\/10\/casa_de_campo21-2.jpg\"><strong><strong><\/strong><\/strong><\/a><\/p>\n\n\n\n<p><strong><a href=\"http:\/\/wp.me\/p1kvEy-aEV\">Exhibici\u00f3n de Arte \u201cCaminos Azules\u201d<\/a><br>\nHora: <\/strong>9am-6pm<br>\n<strong>Lugar:<\/strong> Galer\u00eda de Arte, Altos de Chav\u00f3n<br>\n<strong><a href=\"http:\/\/wp.me\/p1kvEy-aEV\">Haga click aqu\u00ed para m\u00e1s info!<\/a><\/strong><\/p>\n\n\n\n<p><strong><strong><a href=\"https:\/\/casadecampoliving.com\/es\/2012\/01\/los-muebles-de-el-huracan-y-sus-obras-se-exhiben-en-la-marina-casa-de-campo\/\">Exhibici\u00f3n de muebles \u201cEl Hurac\u00e1n y sus obras\u201d<\/a><\/strong><br>\n<strong>Hora<\/strong>: <\/strong>10am-10pm<strong><br>\n<strong>Lugar<\/strong>:<\/strong> Antigua Palapa, La Marina Casa de Campo<strong><br>\n<strong><a href=\"https:\/\/casadecampoliving.com\/es\/2012\/01\/los-muebles-de-el-huracan-y-sus-obras-se-exhiben-en-la-marina-casa-de-campo\/\">Haga click aqu\u00ed para m\u00e1s info!&nbsp;<\/a><\/strong><\/strong><\/p>\n\n\n\n<figure class=\"wp-block-image is-resized\"><a href=\"https:\/\/i0.wp.com\/casadecampoliving.com\/wp-content\/uploads\/2022\/10\/casa_de_campo31-2.jpg?ssl=1\"><img loading=\"lazy\" decoding=\"async\" src=\"https:\/\/i0.wp.com\/casadecampoliving.com\/wp-content\/uploads\/2022\/10\/casa_de_campo31-2.jpg?resize=550%2C32&amp;ssl=1\" alt=\"\" class=\"wp-image-36862\" title=\"casa_de_campo3\" height=\"32\" width=\"550\"\/><\/a><\/figure>\n\n\n\n<p><span style=\"text-decoration: underline;\"><\/span><\/p>\n\n\n\n<p><strong><strong><a href=\"http:\/\/wp.me\/p1kvEy-aEV\">Exhibici\u00f3n de Arte \u201cCaminos Azules\u201d<\/a><br>\nHora: <\/strong><\/strong>9am-6pm<strong><br>\n<strong>Lugar:<\/strong> <\/strong>Galer\u00eda de Arte, Altos de Chav\u00f3n <strong><br>\n<strong><a href=\"http:\/\/wp.me\/p1kvEy-aEV\">Haga click aqu\u00ed para m\u00e1s info!<\/a>&nbsp;&nbsp;<\/strong><\/strong><\/p>\n\n\n\n<p><strong><strong><a href=\"https:\/\/casadecampoliving.com\/es\/2012\/01\/los-muebles-de-el-huracan-y-sus-obras-se-exhiben-en-la-marina-casa-de-campo\/\">Exhibici\u00f3n de muebles \u201cEl Hurac\u00e1n y sus obras\u201d<\/a><\/strong><br>\n<strong>Hora<\/strong>: <\/strong>10am-10pm<strong><br>\n<strong>Lugar<\/strong>: <\/strong>Antigua Palapa, La Marina Casa de Campo<strong><br>\n<strong><a href=\"https:\/\/casadecampoliving.com\/es\/2012\/01\/los-muebles-de-el-huracan-y-sus-obras-se-exhiben-en-la-marina-casa-de-campo\/\">Haga click aqu\u00ed para m\u00e1s info!&nbsp;<\/a><\/strong><\/strong><\/p>\n","protected":false},"excerpt":{"rendered":"<p>Este fin de semana en Casa de Campo parece estar en calma, lo que se convierte en una oportunidad para descansar y compartir junto a su familia y amigos, ya sea en su villa privada de Casa de Campo, en la Playa Minitas o en uno de los extraordinarios campos de golf del \u201cGolf Resort [&hellip;]<\/p>\n","protected":false},"author":21,"featured_media":242674,"comment_status":"closed","ping_status":"closed","sticky":false,"template":"","format":"standard","meta":{"newspack_ads_suppress_ads":false,"newspack_popups_has_disabled_popups":false,"newspack_sponsor_sponsorship_scope":"","newspack_sponsor_native_byline_display":"inherit","newspack_sponsor_native_category_display":"inherit","newspack_sponsor_underwriter_style":"inherit","newspack_sponsor_underwriter_placement":"inherit","_newspack_byline_active":false,"_newspack_byline":"","newspack_hide_updated_date":false,"newspack_show_updated_date":false,"newspack_content_restriction_is_exempt":false,"newspack_featured_image_position":"","newspack_post_subtitle":"","newspack_article_summary_title":"Overview:","newspack_article_summary":"","_jetpack_memberships_contains_paid_content":false,"footnotes":"","jetpack_publicize_message":"","jetpack_publicize_feature_enabled":true,"jetpack_social_post_already_shared":false,"jetpack_social_options":{"image_generator_settings":{"template":"highway","default_image_id":0,"font":"","enabled":false},"version":2},"_wpas_customize_per_network":false},"categories":[14625,26822],"tags":[3335,23815,3458,3263],"newspack_spnsrs_tax":[],"class_list":["post-338104","post","type-post","status-publish","format-standard","has-post-thumbnail","hentry","category-noticias-locales","category-resort-casa-de-campo","tag-caminos-azules","tag-casa-de-campo-es-17","tag-el-huracan-y-sus-obras","tag-este-fin-de-semana-en-casa","entry"],"yoast_head":"<!-- This site is optimized with the Yoast SEO plugin v27.5 - https:\/\/yoast.com\/product\/yoast-seo-wordpress\/ -->\n<title>Este Fin de Semana en Casa: 13 - 15 Ene! | Casa de Campo Living<\/title>\n<meta name=\"description\" content=\"Este fin de semana en Casa de Campo parece estar en calma, lo que se convierte en una oportunidad para descansar y compartir junto a su familia y amigos,\" \/>\n<meta name=\"robots\" content=\"index, follow, max-snippet:-1, max-image-preview:large, max-video-preview:-1\" \/>\n<link rel=\"canonical\" href=\"https:\/\/casadecampoliving.com\/es\/este-fin-de-semana-en-casa-13-15-ene\/\" \/>\n<meta property=\"og:locale\" content=\"es_ES\" \/>\n<meta property=\"og:type\" content=\"article\" \/>\n<meta property=\"og:title\" content=\"Este Fin de Semana en Casa: 13 - 15 Ene! | Casa de Campo Living\" \/>\n<meta property=\"og:description\" content=\"Este fin de semana en Casa de Campo parece estar en calma, lo que se convierte en una oportunidad para descansar y compartir junto a su familia y amigos,\" \/>\n<meta property=\"og:url\" content=\"https:\/\/casadecampoliving.com\/es\/este-fin-de-semana-en-casa-13-15-ene\/\" \/>\n<meta property=\"og:site_name\" content=\"Casa de Campo Living\" \/>\n<meta property=\"article:publisher\" content=\"https:\/\/www.facebook.com\/casadecampoliving\" \/>\n<meta property=\"article:published_time\" content=\"2012-01-13T04:00:00+00:00\" \/>\n<meta property=\"article:modified_time\" content=\"2022-10-21T22:42:29+00:00\" \/>\n<meta property=\"og:image\" content=\"https:\/\/i0.wp.com\/casadecampoliving.com\/wp-content\/uploads\/2022\/10\/week_casa_de_campo1-1.jpg?fit=650%2C350&ssl=1\" \/>\n\t<meta property=\"og:image:width\" content=\"650\" \/>\n\t<meta property=\"og:image:height\" content=\"350\" \/>\n\t<meta property=\"og:image:type\" content=\"image\/jpeg\" \/>\n<meta name=\"twitter:card\" content=\"summary_large_image\" \/>\n<meta name=\"twitter:creator\" content=\"@cdcliving\" \/>\n<meta name=\"twitter:site\" content=\"@cdcliving\" \/>\n<meta name=\"twitter:label1\" content=\"Escrito por\" \/>\n\t<meta name=\"twitter:data1\" content=\"\" \/>\n\t<meta name=\"twitter:label2\" content=\"Tiempo de lectura\" \/>\n\t<meta name=\"twitter:data2\" content=\"1 minuto\" \/>\n<script type=\"application\/ld+json\" class=\"yoast-schema-graph\">{\"@context\":\"https:\\\/\\\/schema.org\",\"@graph\":[{\"@type\":\"Article\",\"@id\":\"https:\\\/\\\/casadecampoliving.com\\\/es\\\/este-fin-de-semana-en-casa-13-15-ene\\\/#article\",\"isPartOf\":{\"@id\":\"https:\\\/\\\/casadecampoliving.com\\\/es\\\/este-fin-de-semana-en-casa-13-15-ene\\\/\"},\"author\":{\"name\":\"\",\"@id\":\"https:\\\/\\\/casadecampoliving.com\\\/es\\\/#\\\/schema\\\/person\\\/7e3b975d584a5f6ac0fd7128a81b0bc5\"},\"headline\":\"Este Fin de Semana en Casa: 13 &#8211; 15 Ene!\",\"datePublished\":\"2012-01-13T04:00:00+00:00\",\"dateModified\":\"2022-10-21T22:42:29+00:00\",\"mainEntityOfPage\":{\"@id\":\"https:\\\/\\\/casadecampoliving.com\\\/es\\\/este-fin-de-semana-en-casa-13-15-ene\\\/\"},\"wordCount\":264,\"publisher\":{\"@id\":\"https:\\\/\\\/casadecampoliving.com\\\/es\\\/#organization\"},\"image\":{\"@id\":\"https:\\\/\\\/casadecampoliving.com\\\/es\\\/este-fin-de-semana-en-casa-13-15-ene\\\/#primaryimage\"},\"thumbnailUrl\":\"https:\\\/\\\/i0.wp.com\\\/casadecampoliving.com\\\/wp-content\\\/uploads\\\/2022\\\/10\\\/week_casa_de_campo1-1.jpg?fit=650%2C350&ssl=1\",\"keywords\":[\"caminos azules\",\"Casa de Campo\",\"el huracan y sus obras\",\"este fin de semana en casa\"],\"articleSection\":[\"Noticias Locales\",\"Resort Casa de Campo\"],\"inLanguage\":\"es\"},{\"@type\":\"WebPage\",\"@id\":\"https:\\\/\\\/casadecampoliving.com\\\/es\\\/este-fin-de-semana-en-casa-13-15-ene\\\/\",\"url\":\"https:\\\/\\\/casadecampoliving.com\\\/es\\\/este-fin-de-semana-en-casa-13-15-ene\\\/\",\"name\":\"Este Fin de Semana en Casa: 13 - 15 Ene! | Casa de Campo Living\",\"isPartOf\":{\"@id\":\"https:\\\/\\\/casadecampoliving.com\\\/es\\\/#website\"},\"primaryImageOfPage\":{\"@id\":\"https:\\\/\\\/casadecampoliving.com\\\/es\\\/este-fin-de-semana-en-casa-13-15-ene\\\/#primaryimage\"},\"image\":{\"@id\":\"https:\\\/\\\/casadecampoliving.com\\\/es\\\/este-fin-de-semana-en-casa-13-15-ene\\\/#primaryimage\"},\"thumbnailUrl\":\"https:\\\/\\\/i0.wp.com\\\/casadecampoliving.com\\\/wp-content\\\/uploads\\\/2022\\\/10\\\/week_casa_de_campo1-1.jpg?fit=650%2C350&ssl=1\",\"datePublished\":\"2012-01-13T04:00:00+00:00\",\"dateModified\":\"2022-10-21T22:42:29+00:00\",\"description\":\"Este fin de semana en Casa de Campo parece estar en calma, lo que se convierte en una oportunidad para descansar y compartir junto a su familia y amigos,\",\"breadcrumb\":{\"@id\":\"https:\\\/\\\/casadecampoliving.com\\\/es\\\/este-fin-de-semana-en-casa-13-15-ene\\\/#breadcrumb\"},\"inLanguage\":\"es\",\"potentialAction\":[{\"@type\":\"ReadAction\",\"target\":[\"https:\\\/\\\/casadecampoliving.com\\\/es\\\/este-fin-de-semana-en-casa-13-15-ene\\\/\"]}]},{\"@type\":\"ImageObject\",\"inLanguage\":\"es\",\"@id\":\"https:\\\/\\\/casadecampoliving.com\\\/es\\\/este-fin-de-semana-en-casa-13-15-ene\\\/#primaryimage\",\"url\":\"https:\\\/\\\/i0.wp.com\\\/casadecampoliving.com\\\/wp-content\\\/uploads\\\/2022\\\/10\\\/week_casa_de_campo1-1.jpg?fit=650%2C350&ssl=1\",\"contentUrl\":\"https:\\\/\\\/i0.wp.com\\\/casadecampoliving.com\\\/wp-content\\\/uploads\\\/2022\\\/10\\\/week_casa_de_campo1-1.jpg?fit=650%2C350&ssl=1\",\"width\":650,\"height\":350},{\"@type\":\"BreadcrumbList\",\"@id\":\"https:\\\/\\\/casadecampoliving.com\\\/es\\\/este-fin-de-semana-en-casa-13-15-ene\\\/#breadcrumb\",\"itemListElement\":[{\"@type\":\"ListItem\",\"position\":1,\"name\":\"Home\",\"item\":\"https:\\\/\\\/casadecampoliving.com\\\/es\\\/\"},{\"@type\":\"ListItem\",\"position\":2,\"name\":\"Este Fin de Semana en Casa: 13 &#8211; 15 Ene!\"}]},{\"@type\":\"WebSite\",\"@id\":\"https:\\\/\\\/casadecampoliving.com\\\/es\\\/#website\",\"url\":\"https:\\\/\\\/casadecampoliving.com\\\/es\\\/\",\"name\":\"Casa de Campo Living\",\"description\":\"Resort community news and resources.\",\"publisher\":{\"@id\":\"https:\\\/\\\/casadecampoliving.com\\\/es\\\/#organization\"},\"potentialAction\":[{\"@type\":\"SearchAction\",\"target\":{\"@type\":\"EntryPoint\",\"urlTemplate\":\"https:\\\/\\\/casadecampoliving.com\\\/es\\\/?s={search_term_string}\"},\"query-input\":{\"@type\":\"PropertyValueSpecification\",\"valueRequired\":true,\"valueName\":\"search_term_string\"}}],\"inLanguage\":\"es\"},{\"@type\":\"Organization\",\"@id\":\"https:\\\/\\\/casadecampoliving.com\\\/es\\\/#organization\",\"name\":\"Casa de Campo Living\",\"url\":\"https:\\\/\\\/casadecampoliving.com\\\/es\\\/\",\"logo\":{\"@type\":\"ImageObject\",\"inLanguage\":\"es\",\"@id\":\"https:\\\/\\\/casadecampoliving.com\\\/es\\\/#\\\/schema\\\/logo\\\/image\\\/\",\"url\":\"https:\\\/\\\/i0.wp.com\\\/casadecampoliving.com\\\/wp-content\\\/uploads\\\/2022\\\/07\\\/CDCLivingLogo_V1-white-sized.png?fit=800%2C214&ssl=1\",\"contentUrl\":\"https:\\\/\\\/i0.wp.com\\\/casadecampoliving.com\\\/wp-content\\\/uploads\\\/2022\\\/07\\\/CDCLivingLogo_V1-white-sized.png?fit=800%2C214&ssl=1\",\"width\":800,\"height\":214,\"caption\":\"Casa de Campo Living\"},\"image\":{\"@id\":\"https:\\\/\\\/casadecampoliving.com\\\/es\\\/#\\\/schema\\\/logo\\\/image\\\/\"},\"sameAs\":[\"https:\\\/\\\/www.facebook.com\\\/casadecampoliving\",\"https:\\\/\\\/x.com\\\/cdcliving\"]},{\"@type\":\"Person\",\"@id\":\"https:\\\/\\\/casadecampoliving.com\\\/es\\\/#\\\/schema\\\/person\\\/7e3b975d584a5f6ac0fd7128a81b0bc5\",\"name\":\"\",\"image\":{\"@type\":\"ImageObject\",\"inLanguage\":\"es\",\"@id\":\"https:\\\/\\\/secure.gravatar.com\\\/avatar\\\/?s=96&d=mm&r=g\",\"url\":\"https:\\\/\\\/secure.gravatar.com\\\/avatar\\\/?s=96&d=mm&r=g\",\"contentUrl\":\"https:\\\/\\\/secure.gravatar.com\\\/avatar\\\/?s=96&d=mm&r=g\"},\"url\":\"https:\\\/\\\/casadecampoliving.com\\\/es\\\/author\\\/ \\\/\"}]}<\/script>\n<!-- \/ Yoast SEO plugin. -->","yoast_head_json":{"title":"Este Fin de Semana en Casa: 13 - 15 Ene! | Casa de Campo Living","description":"Este fin de semana en Casa de Campo parece estar en calma, lo que se convierte en una oportunidad para descansar y compartir junto a su familia y amigos,","robots":{"index":"index","follow":"follow","max-snippet":"max-snippet:-1","max-image-preview":"max-image-preview:large","max-video-preview":"max-video-preview:-1"},"canonical":"https:\/\/casadecampoliving.com\/es\/este-fin-de-semana-en-casa-13-15-ene\/","og_locale":"es_ES","og_type":"article","og_title":"Este Fin de Semana en Casa: 13 - 15 Ene! | Casa de Campo Living","og_description":"Este fin de semana en Casa de Campo parece estar en calma, lo que se convierte en una oportunidad para descansar y compartir junto a su familia y amigos,","og_url":"https:\/\/casadecampoliving.com\/es\/este-fin-de-semana-en-casa-13-15-ene\/","og_site_name":"Casa de Campo Living","article_publisher":"https:\/\/www.facebook.com\/casadecampoliving","article_published_time":"2012-01-13T04:00:00+00:00","article_modified_time":"2022-10-21T22:42:29+00:00","og_image":[{"width":650,"height":350,"url":"https:\/\/i0.wp.com\/casadecampoliving.com\/wp-content\/uploads\/2022\/10\/week_casa_de_campo1-1.jpg?fit=650%2C350&ssl=1","type":"image\/jpeg"}],"twitter_card":"summary_large_image","twitter_creator":"@cdcliving","twitter_site":"@cdcliving","twitter_misc":{"Escrito por":"","Tiempo de lectura":"1 minuto"},"schema":{"@context":"https:\/\/schema.org","@graph":[{"@type":"Article","@id":"https:\/\/casadecampoliving.com\/es\/este-fin-de-semana-en-casa-13-15-ene\/#article","isPartOf":{"@id":"https:\/\/casadecampoliving.com\/es\/este-fin-de-semana-en-casa-13-15-ene\/"},"author":{"name":"","@id":"https:\/\/casadecampoliving.com\/es\/#\/schema\/person\/7e3b975d584a5f6ac0fd7128a81b0bc5"},"headline":"Este Fin de Semana en Casa: 13 &#8211; 15 Ene!","datePublished":"2012-01-13T04:00:00+00:00","dateModified":"2022-10-21T22:42:29+00:00","mainEntityOfPage":{"@id":"https:\/\/casadecampoliving.com\/es\/este-fin-de-semana-en-casa-13-15-ene\/"},"wordCount":264,"publisher":{"@id":"https:\/\/casadecampoliving.com\/es\/#organization"},"image":{"@id":"https:\/\/casadecampoliving.com\/es\/este-fin-de-semana-en-casa-13-15-ene\/#primaryimage"},"thumbnailUrl":"https:\/\/i0.wp.com\/casadecampoliving.com\/wp-content\/uploads\/2022\/10\/week_casa_de_campo1-1.jpg?fit=650%2C350&ssl=1","keywords":["caminos azules","Casa de Campo","el huracan y sus obras","este fin de semana en casa"],"articleSection":["Noticias Locales","Resort Casa de Campo"],"inLanguage":"es"},{"@type":"WebPage","@id":"https:\/\/casadecampoliving.com\/es\/este-fin-de-semana-en-casa-13-15-ene\/","url":"https:\/\/casadecampoliving.com\/es\/este-fin-de-semana-en-casa-13-15-ene\/","name":"Este Fin de Semana en Casa: 13 - 15 Ene! | Casa de Campo Living","isPartOf":{"@id":"https:\/\/casadecampoliving.com\/es\/#website"},"primaryImageOfPage":{"@id":"https:\/\/casadecampoliving.com\/es\/este-fin-de-semana-en-casa-13-15-ene\/#primaryimage"},"image":{"@id":"https:\/\/casadecampoliving.com\/es\/este-fin-de-semana-en-casa-13-15-ene\/#primaryimage"},"thumbnailUrl":"https:\/\/i0.wp.com\/casadecampoliving.com\/wp-content\/uploads\/2022\/10\/week_casa_de_campo1-1.jpg?fit=650%2C350&ssl=1","datePublished":"2012-01-13T04:00:00+00:00","dateModified":"2022-10-21T22:42:29+00:00","description":"Este fin de semana en Casa de Campo parece estar en calma, lo que se convierte en una oportunidad para descansar y compartir junto a su familia y amigos,","breadcrumb":{"@id":"https:\/\/casadecampoliving.com\/es\/este-fin-de-semana-en-casa-13-15-ene\/#breadcrumb"},"inLanguage":"es","potentialAction":[{"@type":"ReadAction","target":["https:\/\/casadecampoliving.com\/es\/este-fin-de-semana-en-casa-13-15-ene\/"]}]},{"@type":"ImageObject","inLanguage":"es","@id":"https:\/\/casadecampoliving.com\/es\/este-fin-de-semana-en-casa-13-15-ene\/#primaryimage","url":"https:\/\/i0.wp.com\/casadecampoliving.com\/wp-content\/uploads\/2022\/10\/week_casa_de_campo1-1.jpg?fit=650%2C350&ssl=1","contentUrl":"https:\/\/i0.wp.com\/casadecampoliving.com\/wp-content\/uploads\/2022\/10\/week_casa_de_campo1-1.jpg?fit=650%2C350&ssl=1","width":650,"height":350},{"@type":"BreadcrumbList","@id":"https:\/\/casadecampoliving.com\/es\/este-fin-de-semana-en-casa-13-15-ene\/#breadcrumb","itemListElement":[{"@type":"ListItem","position":1,"name":"Home","item":"https:\/\/casadecampoliving.com\/es\/"},{"@type":"ListItem","position":2,"name":"Este Fin de Semana en Casa: 13 &#8211; 15 Ene!"}]},{"@type":"WebSite","@id":"https:\/\/casadecampoliving.com\/es\/#website","url":"https:\/\/casadecampoliving.com\/es\/","name":"Casa de Campo Living","description":"Resort community news and resources.","publisher":{"@id":"https:\/\/casadecampoliving.com\/es\/#organization"},"potentialAction":[{"@type":"SearchAction","target":{"@type":"EntryPoint","urlTemplate":"https:\/\/casadecampoliving.com\/es\/?s={search_term_string}"},"query-input":{"@type":"PropertyValueSpecification","valueRequired":true,"valueName":"search_term_string"}}],"inLanguage":"es"},{"@type":"Organization","@id":"https:\/\/casadecampoliving.com\/es\/#organization","name":"Casa de Campo Living","url":"https:\/\/casadecampoliving.com\/es\/","logo":{"@type":"ImageObject","inLanguage":"es","@id":"https:\/\/casadecampoliving.com\/es\/#\/schema\/logo\/image\/","url":"https:\/\/i0.wp.com\/casadecampoliving.com\/wp-content\/uploads\/2022\/07\/CDCLivingLogo_V1-white-sized.png?fit=800%2C214&ssl=1","contentUrl":"https:\/\/i0.wp.com\/casadecampoliving.com\/wp-content\/uploads\/2022\/07\/CDCLivingLogo_V1-white-sized.png?fit=800%2C214&ssl=1","width":800,"height":214,"caption":"Casa de Campo Living"},"image":{"@id":"https:\/\/casadecampoliving.com\/es\/#\/schema\/logo\/image\/"},"sameAs":["https:\/\/www.facebook.com\/casadecampoliving","https:\/\/x.com\/cdcliving"]},{"@type":"Person","@id":"https:\/\/casadecampoliving.com\/es\/#\/schema\/person\/7e3b975d584a5f6ac0fd7128a81b0bc5","name":"","image":{"@type":"ImageObject","inLanguage":"es","@id":"https:\/\/secure.gravatar.com\/avatar\/?s=96&d=mm&r=g","url":"https:\/\/secure.gravatar.com\/avatar\/?s=96&d=mm&r=g","contentUrl":"https:\/\/secure.gravatar.com\/avatar\/?s=96&d=mm&r=g"},"url":"https:\/\/casadecampoliving.com\/es\/author\/ \/"}]}},"parsely":{"version":"1.1.0","canonical_url":"https:\/\/casadecampoliving.com\/es\/este-fin-de-semana-en-casa-13-15-ene\/","smart_links":{"inbound":0,"outbound":0},"traffic_boost_suggestions_count":0,"meta":{"@context":"https:\/\/schema.org","@type":"NewsArticle","headline":"Este Fin de Semana en Casa: 13 &#8211; 15 Ene!","url":"http:\/\/casadecampoliving.com\/es\/este-fin-de-semana-en-casa-13-15-ene\/","mainEntityOfPage":{"@type":"WebPage","@id":"http:\/\/casadecampoliving.com\/es\/este-fin-de-semana-en-casa-13-15-ene\/"},"thumbnailUrl":"https:\/\/i0.wp.com\/casadecampoliving.com\/wp-content\/uploads\/2022\/10\/week_casa_de_campo1-1.jpg?resize=150%2C150&ssl=1","image":{"@type":"ImageObject","url":"https:\/\/i0.wp.com\/casadecampoliving.com\/wp-content\/uploads\/2022\/10\/week_casa_de_campo1-1.jpg?fit=650%2C350&ssl=1"},"articleSection":"Noticias Locales","author":[{"@type":"Person","name":"FB_515917546"}],"creator":["FB_515917546"],"publisher":{"@type":"Organization","name":"Casa de Campo Living","logo":"https:\/\/casadecampoliving.com\/wp-content\/uploads\/2022\/07\/CDCLivingLogo_V1-white-sized.png"},"keywords":["caminos azules","casa de campo","el huracan y sus obras","este fin de semana en casa"],"dateCreated":"2012-01-13T04:00:00Z","datePublished":"2012-01-13T04:00:00Z","dateModified":"2022-10-21T22:42:29Z"},"rendered":"<script type=\"application\/ld+json\" class=\"wp-parsely-metadata\">{\"@context\":\"https:\\\/\\\/schema.org\",\"@type\":\"NewsArticle\",\"headline\":\"Este Fin de Semana en Casa: 13 &#8211; 15 Ene!\",\"url\":\"http:\\\/\\\/casadecampoliving.com\\\/es\\\/este-fin-de-semana-en-casa-13-15-ene\\\/\",\"mainEntityOfPage\":{\"@type\":\"WebPage\",\"@id\":\"http:\\\/\\\/casadecampoliving.com\\\/es\\\/este-fin-de-semana-en-casa-13-15-ene\\\/\"},\"thumbnailUrl\":\"https:\\\/\\\/i0.wp.com\\\/casadecampoliving.com\\\/wp-content\\\/uploads\\\/2022\\\/10\\\/week_casa_de_campo1-1.jpg?resize=150%2C150&ssl=1\",\"image\":{\"@type\":\"ImageObject\",\"url\":\"https:\\\/\\\/i0.wp.com\\\/casadecampoliving.com\\\/wp-content\\\/uploads\\\/2022\\\/10\\\/week_casa_de_campo1-1.jpg?fit=650%2C350&ssl=1\"},\"articleSection\":\"Noticias Locales\",\"author\":[{\"@type\":\"Person\",\"name\":\"FB_515917546\"}],\"creator\":[\"FB_515917546\"],\"publisher\":{\"@type\":\"Organization\",\"name\":\"Casa de Campo Living\",\"logo\":\"https:\\\/\\\/casadecampoliving.com\\\/wp-content\\\/uploads\\\/2022\\\/07\\\/CDCLivingLogo_V1-white-sized.png\"},\"keywords\":[\"caminos azules\",\"casa de campo\",\"el huracan y sus obras\",\"este fin de semana en casa\"],\"dateCreated\":\"2012-01-13T04:00:00Z\",\"datePublished\":\"2012-01-13T04:00:00Z\",\"dateModified\":\"2022-10-21T22:42:29Z\"}<\/script>","tracker_url":"https:\/\/cdn.parsely.com\/keys\/casadecampoliving.com\/p.js"},"jetpack_publicize_connections":[],"jetpack_featured_media_url":"https:\/\/i0.wp.com\/casadecampoliving.com\/wp-content\/uploads\/2022\/10\/week_casa_de_campo1-1.jpg?fit=650%2C350&ssl=1","jetpack-related-posts":[{"id":433460,"url":"https:\/\/casadecampoliving.com\/es\/no-se-pierdan-el-increible-tributo-a-frank-sinatra-para-celebrar-el-40-aniversario-del-anfiteatro-altos-de-chavon\/","url_meta":{"origin":338104,"position":0},"title":"No se pierdan el incre\u00edble tributo a Frank Sinatra para celebrar el 40 aniversario del\u00a0Anfiteatro Altos de Chav\u00f3n","author":"Casa de Campo Living","date":"20 Oct, 2022","format":false,"excerpt":"Siendo uno de los escenarios m\u00e1s emblem\u00e1ticos del pa\u00eds, Casa de Campo Resort\u00ae & Villas celebra las cuatro d\u00e9cadas de aniversario de Altos de Chav\u00f3n con un tributo al gran Frank Sinatra, protagonizado por artistas invitados y una big band tal cual la que acompa\u00f1\u00f3 al artista hace 40 a\u00f1os\u2026","rel":"","context":"En \u00abUncategorized @es\u00bb","block_context":{"text":"Uncategorized @es","link":"https:\/\/casadecampoliving.com\/es\/category\/uncategorized-es\/"},"img":{"alt_text":"","src":"https:\/\/i0.wp.com\/casadecampoliving.com\/wp-content\/uploads\/2022\/10\/Tributo-Frank-Sinatra-Foto-Principal-Amaury-Sanchez-Danilo-Ginebra-Andres-Pichardo-y-Jose-Gabriel-Perez-.jpg?fit=1200%2C873&ssl=1&resize=350%2C200","width":350,"height":200,"srcset":"https:\/\/i0.wp.com\/casadecampoliving.com\/wp-content\/uploads\/2022\/10\/Tributo-Frank-Sinatra-Foto-Principal-Amaury-Sanchez-Danilo-Ginebra-Andres-Pichardo-y-Jose-Gabriel-Perez-.jpg?fit=1200%2C873&ssl=1&resize=350%2C200 1x, https:\/\/i0.wp.com\/casadecampoliving.com\/wp-content\/uploads\/2022\/10\/Tributo-Frank-Sinatra-Foto-Principal-Amaury-Sanchez-Danilo-Ginebra-Andres-Pichardo-y-Jose-Gabriel-Perez-.jpg?fit=1200%2C873&ssl=1&resize=525%2C300 1.5x, https:\/\/i0.wp.com\/casadecampoliving.com\/wp-content\/uploads\/2022\/10\/Tributo-Frank-Sinatra-Foto-Principal-Amaury-Sanchez-Danilo-Ginebra-Andres-Pichardo-y-Jose-Gabriel-Perez-.jpg?fit=1200%2C873&ssl=1&resize=700%2C400 2x, https:\/\/i0.wp.com\/casadecampoliving.com\/wp-content\/uploads\/2022\/10\/Tributo-Frank-Sinatra-Foto-Principal-Amaury-Sanchez-Danilo-Ginebra-Andres-Pichardo-y-Jose-Gabriel-Perez-.jpg?fit=1200%2C873&ssl=1&resize=1050%2C600 3x"},"classes":[]},{"id":352840,"url":"https:\/\/casadecampoliving.com\/es\/reserven-la-fecha-para-el-fin-de-semana-de-duenos-2018\/","url_meta":{"origin":338104,"position":1},"title":"\u00a1Reserven la fecha para el fin de semana de Due\u00f1os 2018!","author":"Casa de Campo Living","date":"29 Ago, 2018","format":false,"excerpt":"La celebraci\u00f3n anual para los due\u00f1os de villas de Casa de Campo ya tiene fecha \u00a1y ser\u00e1 el mes que viene! El viernes 28 de octubre y el s\u00e1bado 29, ser\u00e1 un fin de semana lleno\u00a0de diversi\u00f3n \u00a1que usted no querr\u00e1 perderse! Organizado por Costasur y Casa de Campo, la\u2026","rel":"","context":"En \u00abCostasur Dominicana @es\u00bb","block_context":{"text":"Costasur Dominicana @es","link":"https:\/\/casadecampoliving.com\/es\/category\/costasur-dominicana-es\/"},"img":{"alt_text":"","src":"https:\/\/i0.wp.com\/casadecampoliving.com\/wp-content\/uploads\/2022\/10\/EJ4B1029-1.jpg?fit=1000%2C667&ssl=1&resize=350%2C200","width":350,"height":200,"srcset":"https:\/\/i0.wp.com\/casadecampoliving.com\/wp-content\/uploads\/2022\/10\/EJ4B1029-1.jpg?fit=1000%2C667&ssl=1&resize=350%2C200 1x, https:\/\/i0.wp.com\/casadecampoliving.com\/wp-content\/uploads\/2022\/10\/EJ4B1029-1.jpg?fit=1000%2C667&ssl=1&resize=525%2C300 1.5x, https:\/\/i0.wp.com\/casadecampoliving.com\/wp-content\/uploads\/2022\/10\/EJ4B1029-1.jpg?fit=1000%2C667&ssl=1&resize=700%2C400 2x"},"classes":[]},{"id":533325,"url":"https:\/\/casadecampoliving.com\/es\/casa-de-campo-celebrara-su-50-aniversario-con-eventos-exclusivos\/","url_meta":{"origin":338104,"position":2},"title":"Casa de Campo celebrar\u00e1 su 50 aniversario con eventos exclusivos","author":"Casa de Campo Living","date":"16 Sep, 2024","format":false,"excerpt":"Casa de Campo Resort & Villas celebrar\u00e1 su 50 aniversario con una serie de eventos durante todo el a\u00f1o, comenzando con un fin de semana de inauguraci\u00f3n en octubre de 2024. Este hito rinde homenaje a la rica historia del resort como el primer destino de lujo en la Rep\u00fablica\u2026","rel":"","context":"En \u00abCasa de Campo Resort &amp; Villas\u00bb","block_context":{"text":"Casa de Campo Resort &amp; Villas","link":"https:\/\/casadecampoliving.com\/es\/category\/casa-de-campo-resort-villas\/"},"img":{"alt_text":"","src":"https:\/\/i0.wp.com\/casadecampoliving.com\/wp-content\/uploads\/2024\/06\/Teeth-of-the-Dog-2024-TOTD.jpg?fit=1200%2C675&ssl=1&resize=350%2C200","width":350,"height":200,"srcset":"https:\/\/i0.wp.com\/casadecampoliving.com\/wp-content\/uploads\/2024\/06\/Teeth-of-the-Dog-2024-TOTD.jpg?fit=1200%2C675&ssl=1&resize=350%2C200 1x, https:\/\/i0.wp.com\/casadecampoliving.com\/wp-content\/uploads\/2024\/06\/Teeth-of-the-Dog-2024-TOTD.jpg?fit=1200%2C675&ssl=1&resize=525%2C300 1.5x, https:\/\/i0.wp.com\/casadecampoliving.com\/wp-content\/uploads\/2024\/06\/Teeth-of-the-Dog-2024-TOTD.jpg?fit=1200%2C675&ssl=1&resize=700%2C400 2x, https:\/\/i0.wp.com\/casadecampoliving.com\/wp-content\/uploads\/2024\/06\/Teeth-of-the-Dog-2024-TOTD.jpg?fit=1200%2C675&ssl=1&resize=1050%2C600 3x"},"classes":[]},{"id":354179,"url":"https:\/\/casadecampoliving.com\/es\/viste-tus-carritos-la-competencia-de-carritos-de-golf-de-halloween-regresa-a-casa-de-campo-la-proxima-semana\/","url_meta":{"origin":338104,"position":3},"title":"Viste tus carritos: \u00a1La competencia de carritos de golf de Halloween regresa a Casa de Campo la pr\u00f3xima semana!","author":"Casa de Campo Living","date":"22 Oct, 2021","format":false,"excerpt":"El fin de semana m\u00e1s espeluznante del a\u00f1o est\u00e1 a la vuelta de la esquina, \u00bfest\u00e1s listo? \u00a1Halloween en Casa de Campo no es para los d\u00e9biles de coraz\u00f3n! Casa se est\u00e1 poniendo espeluznante ... Para el fin de semana de Halloween de este a\u00f1o, del 29 al 31 de\u2026","rel":"","context":"En \u00abCasa de Campo Living @es\u00bb","block_context":{"text":"Casa de Campo Living @es","link":"https:\/\/casadecampoliving.com\/category\/casa-de-campo-living-es\/"},"img":{"alt_text":"","src":"https:\/\/i0.wp.com\/casadecampoliving.com\/wp-content\/uploads\/2022\/10\/EJ4B7025-1.jpg?fit=1000%2C667&ssl=1&resize=350%2C200","width":350,"height":200,"srcset":"https:\/\/i0.wp.com\/casadecampoliving.com\/wp-content\/uploads\/2022\/10\/EJ4B7025-1.jpg?fit=1000%2C667&ssl=1&resize=350%2C200 1x, https:\/\/i0.wp.com\/casadecampoliving.com\/wp-content\/uploads\/2022\/10\/EJ4B7025-1.jpg?fit=1000%2C667&ssl=1&resize=525%2C300 1.5x, https:\/\/i0.wp.com\/casadecampoliving.com\/wp-content\/uploads\/2022\/10\/EJ4B7025-1.jpg?fit=1000%2C667&ssl=1&resize=700%2C400 2x"},"classes":[]},{"id":339747,"url":"https:\/\/casadecampoliving.com\/es\/este-fin-de-semana-en-casa-de-campo-14-16-de-sep\/","url_meta":{"origin":338104,"position":4},"title":"Este Fin de Semana en Casa de Campo: 14 &#8211; 16 de sep!","author":"","date":"14 Sep, 2012","format":false,"excerpt":"Este fin de semana en Casa de Campo, disfrute, rel\u00e1jese y divi\u00e9rtase con las numerosas actividades para usted y su familia! Feliz fin de semana! Estos eventos, actividades y especiales aplican para la semana de:Viernes 14 de Sep \u2013 Domingo 16 de Sep Las pr\u00f3ximas actividades son: \u2022 D\u00eda feriado:\u2026","rel":"","context":"En \u00abNoticias Locales\u00bb","block_context":{"text":"Noticias Locales","link":"https:\/\/casadecampoliving.com\/es\/category\/noticias-locales\/"},"img":{"alt_text":"","src":"https:\/\/i0.wp.com\/casadecampoliving.com\/wp-content\/uploads\/2022\/10\/weekend-1.jpg?fit=650%2C350&ssl=1&resize=350%2C200","width":350,"height":200,"srcset":"https:\/\/i0.wp.com\/casadecampoliving.com\/wp-content\/uploads\/2022\/10\/weekend-1.jpg?fit=650%2C350&ssl=1&resize=350%2C200 1x, https:\/\/i0.wp.com\/casadecampoliving.com\/wp-content\/uploads\/2022\/10\/weekend-1.jpg?fit=650%2C350&ssl=1&resize=525%2C300 1.5x"},"classes":[]},{"id":339071,"url":"https:\/\/casadecampoliving.com\/es\/este-fin-de-semana-en-casa-de-campo-25-27-de-mayo\/","url_meta":{"origin":338104,"position":5},"title":"Este Fin de Semana en Casa: 25 &#8211; 27 de mayo!","author":"","date":"25 May, 2012","format":false,"excerpt":"Este fin de semana en Casa de Campo, es el tiempo perfecto para pasarlo en familia \u2013 este viernes con la celebraci\u00f3n de la exhibici\u00f3n de arte de los estudiantes de la Escuela Abraham Lincoln,\u00a0as\u00ed como la apertura de la nueva tienda de Jenny Polanco! El s\u00e1bado con un delicioso\u2026","rel":"","context":"En \u00abNoticias Locales\u00bb","block_context":{"text":"Noticias Locales","link":"https:\/\/casadecampoliving.com\/es\/category\/noticias-locales\/"},"img":{"alt_text":"","src":"https:\/\/i0.wp.com\/casadecampoliving.com\/wp-content\/uploads\/2022\/10\/weekend-1.jpg?fit=650%2C350&ssl=1&resize=350%2C200","width":350,"height":200,"srcset":"https:\/\/i0.wp.com\/casadecampoliving.com\/wp-content\/uploads\/2022\/10\/weekend-1.jpg?fit=650%2C350&ssl=1&resize=350%2C200 1x, https:\/\/i0.wp.com\/casadecampoliving.com\/wp-content\/uploads\/2022\/10\/weekend-1.jpg?fit=650%2C350&ssl=1&resize=525%2C300 1.5x"},"classes":[]}],"jetpack_sharing_enabled":true,"_links":{"self":[{"href":"https:\/\/casadecampoliving.com\/es\/wp-json\/wp\/v2\/posts\/338104","targetHints":{"allow":["GET"]}}],"collection":[{"href":"https:\/\/casadecampoliving.com\/es\/wp-json\/wp\/v2\/posts"}],"about":[{"href":"https:\/\/casadecampoliving.com\/es\/wp-json\/wp\/v2\/types\/post"}],"author":[{"embeddable":true,"href":"https:\/\/casadecampoliving.com\/es\/wp-json\/wp\/v2\/users\/21"}],"replies":[{"embeddable":true,"href":"https:\/\/casadecampoliving.com\/es\/wp-json\/wp\/v2\/comments?post=338104"}],"version-history":[{"count":1,"href":"https:\/\/casadecampoliving.com\/es\/wp-json\/wp\/v2\/posts\/338104\/revisions"}],"predecessor-version":[{"id":338107,"href":"https:\/\/casadecampoliving.com\/es\/wp-json\/wp\/v2\/posts\/338104\/revisions\/338107"}],"wp:featuredmedia":[{"embeddable":true,"href":"https:\/\/casadecampoliving.com\/es\/wp-json\/wp\/v2\/media\/242674"}],"wp:attachment":[{"href":"https:\/\/casadecampoliving.com\/es\/wp-json\/wp\/v2\/media?parent=338104"}],"wp:term":[{"taxonomy":"category","embeddable":true,"href":"https:\/\/casadecampoliving.com\/es\/wp-json\/wp\/v2\/categories?post=338104"},{"taxonomy":"post_tag","embeddable":true,"href":"https:\/\/casadecampoliving.com\/es\/wp-json\/wp\/v2\/tags?post=338104"},{"taxonomy":"newspack_spnsrs_tax","embeddable":true,"href":"https:\/\/casadecampoliving.com\/es\/wp-json\/wp\/v2\/newspack_spnsrs_tax?post=338104"}],"curies":[{"name":"wp","href":"https:\/\/api.w.org\/{rel}","templated":true}]}}