{"id":337987,"date":"2011-12-30T00:00:00","date_gmt":"2011-12-30T04:00:00","guid":{"rendered":"https:\/\/casadecampoliving.com\/franco-ciarlo-abre-su-nueva-exhibicion-de-arte-en-la-marina-casa-de-campo\/"},"modified":"2022-11-10T10:44:13","modified_gmt":"2022-11-10T14:44:13","slug":"franco-ciarlo-abre-su-nueva-exhibicion-de-arte-en-la-marina-casa-de-campo","status":"publish","type":"post","link":"https:\/\/casadecampoliving.com\/es\/franco-ciarlo-abre-su-nueva-exhibicion-de-arte-en-la-marina-casa-de-campo\/","title":{"rendered":"Franco Ciarlo abre su nueva exhibici\u00f3n de arte en La Marina Casa de Campo!"},"content":{"rendered":"<img data-recalc-dims=\"1\" loading=\"lazy\" decoding=\"async\" class=\"aligncenter size-full wp-image-41702\" title=\"franco_ciarlo_art\" src=\"https:\/\/i0.wp.com\/casadecampoliving.com\/wp-content\/uploads\/2022\/10\/franco_ciarlo_art.jpg?resize=650%2C444&#038;ssl=1\" alt=\"franco ciarlo art\" width=\"650\" height=\"444\" \/>Franco Ciarlo, un reconocido y talentoso artista de Casa de Campo, acaba de abrir su exhibici\u00f3n de arte en La Marina Casa de Campo, la cual estar\u00e1 abierta todos los d\u00edas hasta enero.\u00a0<!--more-->\n\nUbicada en el \u00e1rea principal de compras de La Marina conocido como el boulevard de la Calle Barlovento, la nueva exhibici\u00f3n de arte de Franco Ciarlo puede ser encontrada al lado de la boutique Carmen Sol New York. La inauguraci\u00f3n oficial tuv\u00f3 lugar el pasado s\u00e1bado 7 de enero durante la 3era Feria Barlovento.\n<p style=\"text-align: center;\"><strong>Franco Ciarlo con su exhibici\u00f3n de arte en La Marina Casa de Campo<\/strong>\n<img data-recalc-dims=\"1\" loading=\"lazy\" decoding=\"async\" class=\"aligncenter size-full wp-image-41703\" title=\"franco_ciarlo\" src=\"https:\/\/i0.wp.com\/casadecampoliving.com\/wp-content\/uploads\/2022\/10\/franco_ciarlo.jpg?resize=650%2C381&#038;ssl=1\" alt=\"franco ciarlo\" width=\"650\" height=\"381\" \/><\/p>\nLas pinturas de Franco tienen un estilo \u00fanico, de esas que para quienes conocen al artista, estas piezas resultar\u00edan perfectamente reconocibles. Para crear su estilo, le gusta utilizar una variedad de materiales como pegamento, papel y gasa.\n\nDe bajo podr\u00e1 ver una colecci\u00f3n de las pinturas de Franco Ciarlo exhibidas en La Marina Casa de Campo:\n\n<strong>\n<figure class=\"wp-block-gallery has-nested-images columns-default is-cropped wp-block-gallery-1 is-layout-flex wp-block-gallery-is-layout-flex\">\n<figure class=\"wp-block-image size-large\"><img data-recalc-dims=\"1\" loading=\"lazy\" decoding=\"async\" width=\"450\" height=\"600\" data-id=\"389214\" src=\"https:\/\/i0.wp.com\/casadecampoliving.com\/wp-content\/uploads\/2022\/10\/img_5850.jpg?resize=450%2C600&#038;ssl=1\" alt=\"\" class=\"wp-image-389214\" srcset=\"https:\/\/i0.wp.com\/casadecampoliving.com\/wp-content\/uploads\/2022\/10\/img_5850.jpg?w=450&amp;ssl=1 450w, https:\/\/i0.wp.com\/casadecampoliving.com\/wp-content\/uploads\/2022\/10\/img_5850.jpg?resize=225%2C300&amp;ssl=1 225w, https:\/\/i0.wp.com\/casadecampoliving.com\/wp-content\/uploads\/2022\/10\/img_5850.jpg?resize=300%2C400&amp;ssl=1 300w, https:\/\/i0.wp.com\/casadecampoliving.com\/wp-content\/uploads\/2022\/10\/img_5850.jpg?resize=150%2C200&amp;ssl=1 150w, https:\/\/i0.wp.com\/casadecampoliving.com\/wp-content\/uploads\/2022\/10\/img_5850.jpg?resize=400%2C533&amp;ssl=1 400w, https:\/\/i0.wp.com\/casadecampoliving.com\/wp-content\/uploads\/2022\/10\/img_5850.jpg?w=370&amp;ssl=1 370w\" sizes=\"auto, (max-width: 450px) 100vw, 450px\" \/><\/figure>\n\n\n\n<figure class=\"wp-block-image size-large\"><img data-recalc-dims=\"1\" loading=\"lazy\" decoding=\"async\" width=\"800\" height=\"600\" data-id=\"389216\" src=\"https:\/\/i0.wp.com\/casadecampoliving.com\/wp-content\/uploads\/2022\/10\/img_5851.jpg?resize=800%2C600&#038;ssl=1\" alt=\"\" class=\"wp-image-389216\" srcset=\"https:\/\/i0.wp.com\/casadecampoliving.com\/wp-content\/uploads\/2022\/10\/img_5851.jpg?w=800&amp;ssl=1 800w, https:\/\/i0.wp.com\/casadecampoliving.com\/wp-content\/uploads\/2022\/10\/img_5851.jpg?resize=300%2C225&amp;ssl=1 300w, https:\/\/i0.wp.com\/casadecampoliving.com\/wp-content\/uploads\/2022\/10\/img_5851.jpg?resize=768%2C576&amp;ssl=1 768w, https:\/\/i0.wp.com\/casadecampoliving.com\/wp-content\/uploads\/2022\/10\/img_5851.jpg?resize=400%2C300&amp;ssl=1 400w, https:\/\/i0.wp.com\/casadecampoliving.com\/wp-content\/uploads\/2022\/10\/img_5851.jpg?resize=200%2C150&amp;ssl=1 200w, https:\/\/i0.wp.com\/casadecampoliving.com\/wp-content\/uploads\/2022\/10\/img_5851.jpg?resize=706%2C530&amp;ssl=1 706w, https:\/\/i0.wp.com\/casadecampoliving.com\/wp-content\/uploads\/2022\/10\/img_5851.jpg?resize=150%2C113&amp;ssl=1 150w, https:\/\/i0.wp.com\/casadecampoliving.com\/wp-content\/uploads\/2022\/10\/img_5851.jpg?w=370&amp;ssl=1 370w\" sizes=\"auto, (max-width: 800px) 100vw, 800px\" \/><\/figure>\n\n\n\n<figure class=\"wp-block-image size-large\"><img data-recalc-dims=\"1\" loading=\"lazy\" decoding=\"async\" width=\"800\" height=\"600\" data-id=\"389218\" src=\"https:\/\/i0.wp.com\/casadecampoliving.com\/wp-content\/uploads\/2022\/10\/img_5852.jpg?resize=800%2C600&#038;ssl=1\" alt=\"\" class=\"wp-image-389218\" srcset=\"https:\/\/i0.wp.com\/casadecampoliving.com\/wp-content\/uploads\/2022\/10\/img_5852.jpg?w=800&amp;ssl=1 800w, https:\/\/i0.wp.com\/casadecampoliving.com\/wp-content\/uploads\/2022\/10\/img_5852.jpg?resize=300%2C225&amp;ssl=1 300w, https:\/\/i0.wp.com\/casadecampoliving.com\/wp-content\/uploads\/2022\/10\/img_5852.jpg?resize=768%2C576&amp;ssl=1 768w, https:\/\/i0.wp.com\/casadecampoliving.com\/wp-content\/uploads\/2022\/10\/img_5852.jpg?resize=400%2C300&amp;ssl=1 400w, https:\/\/i0.wp.com\/casadecampoliving.com\/wp-content\/uploads\/2022\/10\/img_5852.jpg?resize=200%2C150&amp;ssl=1 200w, https:\/\/i0.wp.com\/casadecampoliving.com\/wp-content\/uploads\/2022\/10\/img_5852.jpg?resize=706%2C530&amp;ssl=1 706w, https:\/\/i0.wp.com\/casadecampoliving.com\/wp-content\/uploads\/2022\/10\/img_5852.jpg?resize=150%2C113&amp;ssl=1 150w, https:\/\/i0.wp.com\/casadecampoliving.com\/wp-content\/uploads\/2022\/10\/img_5852.jpg?w=370&amp;ssl=1 370w\" sizes=\"auto, (max-width: 800px) 100vw, 800px\" \/><\/figure>\n\n\n\n<figure class=\"wp-block-image size-large\"><img data-recalc-dims=\"1\" loading=\"lazy\" decoding=\"async\" width=\"450\" height=\"600\" data-id=\"389220\" src=\"https:\/\/i0.wp.com\/casadecampoliving.com\/wp-content\/uploads\/2022\/10\/img_5853-1.jpg?resize=450%2C600&#038;ssl=1\" alt=\"\" class=\"wp-image-389220\" srcset=\"https:\/\/i0.wp.com\/casadecampoliving.com\/wp-content\/uploads\/2022\/10\/img_5853-1.jpg?w=450&amp;ssl=1 450w, https:\/\/i0.wp.com\/casadecampoliving.com\/wp-content\/uploads\/2022\/10\/img_5853-1.jpg?resize=225%2C300&amp;ssl=1 225w, https:\/\/i0.wp.com\/casadecampoliving.com\/wp-content\/uploads\/2022\/10\/img_5853-1.jpg?resize=300%2C400&amp;ssl=1 300w, https:\/\/i0.wp.com\/casadecampoliving.com\/wp-content\/uploads\/2022\/10\/img_5853-1.jpg?resize=150%2C200&amp;ssl=1 150w, https:\/\/i0.wp.com\/casadecampoliving.com\/wp-content\/uploads\/2022\/10\/img_5853-1.jpg?resize=400%2C533&amp;ssl=1 400w, https:\/\/i0.wp.com\/casadecampoliving.com\/wp-content\/uploads\/2022\/10\/img_5853-1.jpg?w=370&amp;ssl=1 370w\" sizes=\"auto, (max-width: 450px) 100vw, 450px\" \/><\/figure>\n\n\n\n<figure class=\"wp-block-image size-large\"><img data-recalc-dims=\"1\" loading=\"lazy\" decoding=\"async\" width=\"450\" height=\"600\" data-id=\"389222\" src=\"https:\/\/i0.wp.com\/casadecampoliving.com\/wp-content\/uploads\/2022\/10\/img_5860.jpg?resize=450%2C600&#038;ssl=1\" alt=\"\" class=\"wp-image-389222\" srcset=\"https:\/\/i0.wp.com\/casadecampoliving.com\/wp-content\/uploads\/2022\/10\/img_5860.jpg?w=450&amp;ssl=1 450w, https:\/\/i0.wp.com\/casadecampoliving.com\/wp-content\/uploads\/2022\/10\/img_5860.jpg?resize=225%2C300&amp;ssl=1 225w, https:\/\/i0.wp.com\/casadecampoliving.com\/wp-content\/uploads\/2022\/10\/img_5860.jpg?resize=300%2C400&amp;ssl=1 300w, https:\/\/i0.wp.com\/casadecampoliving.com\/wp-content\/uploads\/2022\/10\/img_5860.jpg?resize=150%2C200&amp;ssl=1 150w, https:\/\/i0.wp.com\/casadecampoliving.com\/wp-content\/uploads\/2022\/10\/img_5860.jpg?resize=400%2C533&amp;ssl=1 400w, https:\/\/i0.wp.com\/casadecampoliving.com\/wp-content\/uploads\/2022\/10\/img_5860.jpg?w=370&amp;ssl=1 370w\" sizes=\"auto, (max-width: 450px) 100vw, 450px\" \/><\/figure>\n\n\n\n<figure class=\"wp-block-image size-large\"><img data-recalc-dims=\"1\" loading=\"lazy\" decoding=\"async\" width=\"800\" height=\"600\" data-id=\"389224\" src=\"https:\/\/i0.wp.com\/casadecampoliving.com\/wp-content\/uploads\/2022\/10\/img_5861.jpg?resize=800%2C600&#038;ssl=1\" alt=\"\" class=\"wp-image-389224\" srcset=\"https:\/\/i0.wp.com\/casadecampoliving.com\/wp-content\/uploads\/2022\/10\/img_5861.jpg?w=800&amp;ssl=1 800w, https:\/\/i0.wp.com\/casadecampoliving.com\/wp-content\/uploads\/2022\/10\/img_5861.jpg?resize=300%2C225&amp;ssl=1 300w, https:\/\/i0.wp.com\/casadecampoliving.com\/wp-content\/uploads\/2022\/10\/img_5861.jpg?resize=768%2C576&amp;ssl=1 768w, https:\/\/i0.wp.com\/casadecampoliving.com\/wp-content\/uploads\/2022\/10\/img_5861.jpg?resize=400%2C300&amp;ssl=1 400w, https:\/\/i0.wp.com\/casadecampoliving.com\/wp-content\/uploads\/2022\/10\/img_5861.jpg?resize=200%2C150&amp;ssl=1 200w, https:\/\/i0.wp.com\/casadecampoliving.com\/wp-content\/uploads\/2022\/10\/img_5861.jpg?resize=706%2C530&amp;ssl=1 706w, https:\/\/i0.wp.com\/casadecampoliving.com\/wp-content\/uploads\/2022\/10\/img_5861.jpg?resize=150%2C113&amp;ssl=1 150w, https:\/\/i0.wp.com\/casadecampoliving.com\/wp-content\/uploads\/2022\/10\/img_5861.jpg?w=370&amp;ssl=1 370w\" sizes=\"auto, (max-width: 800px) 100vw, 800px\" \/><\/figure>\n\n\n\n<figure class=\"wp-block-image size-large\"><img data-recalc-dims=\"1\" loading=\"lazy\" decoding=\"async\" width=\"450\" height=\"600\" data-id=\"389226\" src=\"https:\/\/i0.wp.com\/casadecampoliving.com\/wp-content\/uploads\/2022\/10\/img_5862.jpg?resize=450%2C600&#038;ssl=1\" alt=\"\" class=\"wp-image-389226\" srcset=\"https:\/\/i0.wp.com\/casadecampoliving.com\/wp-content\/uploads\/2022\/10\/img_5862.jpg?w=450&amp;ssl=1 450w, https:\/\/i0.wp.com\/casadecampoliving.com\/wp-content\/uploads\/2022\/10\/img_5862.jpg?resize=225%2C300&amp;ssl=1 225w, https:\/\/i0.wp.com\/casadecampoliving.com\/wp-content\/uploads\/2022\/10\/img_5862.jpg?resize=300%2C400&amp;ssl=1 300w, https:\/\/i0.wp.com\/casadecampoliving.com\/wp-content\/uploads\/2022\/10\/img_5862.jpg?resize=150%2C200&amp;ssl=1 150w, https:\/\/i0.wp.com\/casadecampoliving.com\/wp-content\/uploads\/2022\/10\/img_5862.jpg?resize=400%2C533&amp;ssl=1 400w, https:\/\/i0.wp.com\/casadecampoliving.com\/wp-content\/uploads\/2022\/10\/img_5862.jpg?w=370&amp;ssl=1 370w\" sizes=\"auto, (max-width: 450px) 100vw, 450px\" \/><\/figure>\n\n\n\n<figure class=\"wp-block-image size-large\"><img data-recalc-dims=\"1\" loading=\"lazy\" decoding=\"async\" width=\"800\" height=\"600\" data-id=\"389228\" src=\"https:\/\/i0.wp.com\/casadecampoliving.com\/wp-content\/uploads\/2022\/10\/img_5863.jpg?resize=800%2C600&#038;ssl=1\" alt=\"\" class=\"wp-image-389228\" srcset=\"https:\/\/i0.wp.com\/casadecampoliving.com\/wp-content\/uploads\/2022\/10\/img_5863.jpg?w=800&amp;ssl=1 800w, https:\/\/i0.wp.com\/casadecampoliving.com\/wp-content\/uploads\/2022\/10\/img_5863.jpg?resize=300%2C225&amp;ssl=1 300w, https:\/\/i0.wp.com\/casadecampoliving.com\/wp-content\/uploads\/2022\/10\/img_5863.jpg?resize=768%2C576&amp;ssl=1 768w, https:\/\/i0.wp.com\/casadecampoliving.com\/wp-content\/uploads\/2022\/10\/img_5863.jpg?resize=400%2C300&amp;ssl=1 400w, https:\/\/i0.wp.com\/casadecampoliving.com\/wp-content\/uploads\/2022\/10\/img_5863.jpg?resize=200%2C150&amp;ssl=1 200w, https:\/\/i0.wp.com\/casadecampoliving.com\/wp-content\/uploads\/2022\/10\/img_5863.jpg?resize=706%2C530&amp;ssl=1 706w, https:\/\/i0.wp.com\/casadecampoliving.com\/wp-content\/uploads\/2022\/10\/img_5863.jpg?resize=150%2C113&amp;ssl=1 150w, https:\/\/i0.wp.com\/casadecampoliving.com\/wp-content\/uploads\/2022\/10\/img_5863.jpg?w=370&amp;ssl=1 370w\" sizes=\"auto, (max-width: 800px) 100vw, 800px\" \/><\/figure>\n\n\n\n<figure class=\"wp-block-image size-large\"><img data-recalc-dims=\"1\" loading=\"lazy\" decoding=\"async\" width=\"800\" height=\"600\" data-id=\"389230\" src=\"https:\/\/i0.wp.com\/casadecampoliving.com\/wp-content\/uploads\/2022\/10\/img_5864.jpg?resize=800%2C600&#038;ssl=1\" alt=\"\" class=\"wp-image-389230\" srcset=\"https:\/\/i0.wp.com\/casadecampoliving.com\/wp-content\/uploads\/2022\/10\/img_5864.jpg?w=800&amp;ssl=1 800w, https:\/\/i0.wp.com\/casadecampoliving.com\/wp-content\/uploads\/2022\/10\/img_5864.jpg?resize=300%2C225&amp;ssl=1 300w, https:\/\/i0.wp.com\/casadecampoliving.com\/wp-content\/uploads\/2022\/10\/img_5864.jpg?resize=768%2C576&amp;ssl=1 768w, https:\/\/i0.wp.com\/casadecampoliving.com\/wp-content\/uploads\/2022\/10\/img_5864.jpg?resize=400%2C300&amp;ssl=1 400w, https:\/\/i0.wp.com\/casadecampoliving.com\/wp-content\/uploads\/2022\/10\/img_5864.jpg?resize=200%2C150&amp;ssl=1 200w, https:\/\/i0.wp.com\/casadecampoliving.com\/wp-content\/uploads\/2022\/10\/img_5864.jpg?resize=706%2C530&amp;ssl=1 706w, https:\/\/i0.wp.com\/casadecampoliving.com\/wp-content\/uploads\/2022\/10\/img_5864.jpg?resize=150%2C113&amp;ssl=1 150w, https:\/\/i0.wp.com\/casadecampoliving.com\/wp-content\/uploads\/2022\/10\/img_5864.jpg?w=370&amp;ssl=1 370w\" sizes=\"auto, (max-width: 800px) 100vw, 800px\" \/><\/figure>\n\n\n\n<figure class=\"wp-block-image size-large\"><img data-recalc-dims=\"1\" loading=\"lazy\" decoding=\"async\" width=\"800\" height=\"600\" data-id=\"389232\" src=\"https:\/\/i0.wp.com\/casadecampoliving.com\/wp-content\/uploads\/2022\/10\/img_5865.jpg?resize=800%2C600&#038;ssl=1\" alt=\"\" class=\"wp-image-389232\" srcset=\"https:\/\/i0.wp.com\/casadecampoliving.com\/wp-content\/uploads\/2022\/10\/img_5865.jpg?w=800&amp;ssl=1 800w, https:\/\/i0.wp.com\/casadecampoliving.com\/wp-content\/uploads\/2022\/10\/img_5865.jpg?resize=300%2C225&amp;ssl=1 300w, https:\/\/i0.wp.com\/casadecampoliving.com\/wp-content\/uploads\/2022\/10\/img_5865.jpg?resize=768%2C576&amp;ssl=1 768w, https:\/\/i0.wp.com\/casadecampoliving.com\/wp-content\/uploads\/2022\/10\/img_5865.jpg?resize=400%2C300&amp;ssl=1 400w, https:\/\/i0.wp.com\/casadecampoliving.com\/wp-content\/uploads\/2022\/10\/img_5865.jpg?resize=200%2C150&amp;ssl=1 200w, https:\/\/i0.wp.com\/casadecampoliving.com\/wp-content\/uploads\/2022\/10\/img_5865.jpg?resize=706%2C530&amp;ssl=1 706w, https:\/\/i0.wp.com\/casadecampoliving.com\/wp-content\/uploads\/2022\/10\/img_5865.jpg?resize=150%2C113&amp;ssl=1 150w, https:\/\/i0.wp.com\/casadecampoliving.com\/wp-content\/uploads\/2022\/10\/img_5865.jpg?w=370&amp;ssl=1 370w\" sizes=\"auto, (max-width: 800px) 100vw, 800px\" \/><\/figure>\n<\/figure>\n<\/strong>\n<blockquote><strong><\/strong><strong>Sobre Franco Ciarlo<\/strong>\n\nFranco Ciarlo es un pintor nacido en Italia, propietario de villa, que divide su tiempo entre Casa de Campo y Nueva York. Con m\u00e1s de 40 a\u00f1os de experiencia como artista, sus trabajos resultan ser populares entre los amantes del arte en todo el mundo, gracias a sus caracter\u00edsticas creaciones enormes y coloridas.<\/blockquote>","protected":false},"excerpt":{"rendered":"<p>Franco Ciarlo, un reconocido y talentoso artista de Casa de Campo, acaba de abrir su exhibici\u00f3n de arte en La Marina Casa de Campo, la cual estar\u00e1 abierta todos los d\u00edas hasta enero.\u00a0<\/p>\n","protected":false},"author":21,"featured_media":238019,"comment_status":"closed","ping_status":"closed","sticky":false,"template":"","format":"standard","meta":{"newspack_ads_suppress_ads":false,"newspack_popups_has_disabled_popups":false,"newspack_sponsor_sponsorship_scope":"","newspack_sponsor_native_byline_display":"inherit","newspack_sponsor_native_category_display":"inherit","newspack_sponsor_underwriter_style":"inherit","newspack_sponsor_underwriter_placement":"inherit","_newspack_byline_active":false,"_newspack_byline":"","newspack_hide_updated_date":false,"newspack_show_updated_date":false,"newspack_content_restriction_is_exempt":false,"newspack_featured_image_position":"","newspack_post_subtitle":"","newspack_article_summary_title":"Overview:","newspack_article_summary":"","_jetpack_memberships_contains_paid_content":false,"footnotes":"","jetpack_publicize_message":"","jetpack_publicize_feature_enabled":true,"jetpack_social_post_already_shared":false,"jetpack_social_options":{"image_generator_settings":{"template":"highway","default_image_id":0,"font":"","enabled":false},"version":2},"_wpas_customize_per_network":false},"categories":[26823,51,44,26581,14624,14626],"tags":[2536,23815,3457,3404,901,18932,3573],"newspack_spnsrs_tax":[],"class_list":["post-337987","post","type-post","status-publish","format-standard","has-post-thumbnail","hentry","category-arte-y-cultura","category-events-and-activities","category-featured","category-la-marina-casa-de-campo","category-local-news","category-upcoming","tag-arte","tag-casa-de-campo-es-17","tag-feria-barlovento-es","tag-feria-barlovento-2012","tag-franco-ciarlo","tag-la-romana-es-4","tag-marina-casa-de-campo-es","entry"],"yoast_head":"<!-- This site is optimized with the Yoast SEO plugin v27.5 - https:\/\/yoast.com\/product\/yoast-seo-wordpress\/ -->\n<title>Franco Ciarlo abre su nueva exhibici\u00f3n de arte en La Marina Casa de Campo! | Casa de Campo Living<\/title>\n<meta name=\"description\" content=\"Franco Ciarlo, un reconocido y talentoso artista de Casa de Campo, acaba de abrir su exhibici\u00f3n de arte en La Marina Casa de Campo, la cual estar\u00e1 abierta\" \/>\n<meta name=\"robots\" content=\"index, follow, max-snippet:-1, max-image-preview:large, max-video-preview:-1\" \/>\n<link rel=\"canonical\" href=\"https:\/\/casadecampoliving.com\/es\/franco-ciarlo-abre-su-nueva-exhibicion-de-arte-en-la-marina-casa-de-campo\/\" \/>\n<meta property=\"og:locale\" content=\"es_ES\" \/>\n<meta property=\"og:type\" content=\"article\" \/>\n<meta property=\"og:title\" content=\"Franco Ciarlo abre su nueva exhibici\u00f3n de arte en La Marina Casa de Campo! | Casa de Campo Living\" \/>\n<meta property=\"og:description\" content=\"Franco Ciarlo, un reconocido y talentoso artista de Casa de Campo, acaba de abrir su exhibici\u00f3n de arte en La Marina Casa de Campo, la cual estar\u00e1 abierta\" \/>\n<meta property=\"og:url\" content=\"https:\/\/casadecampoliving.com\/es\/franco-ciarlo-abre-su-nueva-exhibicion-de-arte-en-la-marina-casa-de-campo\/\" \/>\n<meta property=\"og:site_name\" content=\"Casa de Campo Living\" \/>\n<meta property=\"article:publisher\" content=\"https:\/\/www.facebook.com\/casadecampoliving\" \/>\n<meta property=\"article:published_time\" content=\"2011-12-30T04:00:00+00:00\" \/>\n<meta property=\"article:modified_time\" content=\"2022-11-10T14:44:13+00:00\" \/>\n<meta property=\"og:image\" content=\"https:\/\/i0.wp.com\/casadecampoliving.com\/wp-content\/uploads\/2022\/10\/franco_ciarlo_art-1.jpg?fit=650%2C444&ssl=1\" \/>\n\t<meta property=\"og:image:width\" content=\"650\" \/>\n\t<meta property=\"og:image:height\" content=\"444\" \/>\n\t<meta property=\"og:image:type\" content=\"image\/jpeg\" \/>\n<meta name=\"twitter:card\" content=\"summary_large_image\" \/>\n<meta name=\"twitter:creator\" content=\"@cdcliving\" \/>\n<meta name=\"twitter:site\" content=\"@cdcliving\" \/>\n<meta name=\"twitter:label1\" content=\"Escrito por\" \/>\n\t<meta name=\"twitter:data1\" content=\"\" \/>\n\t<meta name=\"twitter:label2\" content=\"Tiempo de lectura\" \/>\n\t<meta name=\"twitter:data2\" content=\"1 minuto\" \/>\n<script type=\"application\/ld+json\" class=\"yoast-schema-graph\">{\"@context\":\"https:\\\/\\\/schema.org\",\"@graph\":[{\"@type\":\"Article\",\"@id\":\"https:\\\/\\\/casadecampoliving.com\\\/es\\\/franco-ciarlo-abre-su-nueva-exhibicion-de-arte-en-la-marina-casa-de-campo\\\/#article\",\"isPartOf\":{\"@id\":\"https:\\\/\\\/casadecampoliving.com\\\/es\\\/franco-ciarlo-abre-su-nueva-exhibicion-de-arte-en-la-marina-casa-de-campo\\\/\"},\"author\":{\"name\":\"\",\"@id\":\"https:\\\/\\\/casadecampoliving.com\\\/es\\\/#\\\/schema\\\/person\\\/7e3b975d584a5f6ac0fd7128a81b0bc5\"},\"headline\":\"Franco Ciarlo abre su nueva exhibici\u00f3n de arte en La Marina Casa de Campo!\",\"datePublished\":\"2011-12-30T04:00:00+00:00\",\"dateModified\":\"2022-11-10T14:44:13+00:00\",\"mainEntityOfPage\":{\"@id\":\"https:\\\/\\\/casadecampoliving.com\\\/es\\\/franco-ciarlo-abre-su-nueva-exhibicion-de-arte-en-la-marina-casa-de-campo\\\/\"},\"wordCount\":236,\"publisher\":{\"@id\":\"https:\\\/\\\/casadecampoliving.com\\\/es\\\/#organization\"},\"image\":{\"@id\":\"https:\\\/\\\/casadecampoliving.com\\\/es\\\/franco-ciarlo-abre-su-nueva-exhibicion-de-arte-en-la-marina-casa-de-campo\\\/#primaryimage\"},\"thumbnailUrl\":\"https:\\\/\\\/i0.wp.com\\\/casadecampoliving.com\\\/wp-content\\\/uploads\\\/2022\\\/10\\\/franco_ciarlo_art-1.jpg?fit=650%2C444&ssl=1\",\"keywords\":[\"arte\",\"Casa de Campo\",\"Feria Barlovento @es\",\"feria barlovento 2012\",\"Franco Ciarlo\",\"La Romana\",\"Marina Casa de Campo @es\"],\"articleSection\":[\"Arte y cultura\",\"Events and Activities\",\"Featured\",\"La Marina Casa de Campo\",\"Local News\",\"Upcoming\"],\"inLanguage\":\"es\"},{\"@type\":\"WebPage\",\"@id\":\"https:\\\/\\\/casadecampoliving.com\\\/es\\\/franco-ciarlo-abre-su-nueva-exhibicion-de-arte-en-la-marina-casa-de-campo\\\/\",\"url\":\"https:\\\/\\\/casadecampoliving.com\\\/es\\\/franco-ciarlo-abre-su-nueva-exhibicion-de-arte-en-la-marina-casa-de-campo\\\/\",\"name\":\"Franco Ciarlo abre su nueva exhibici\u00f3n de arte en La Marina Casa de Campo! | Casa de Campo Living\",\"isPartOf\":{\"@id\":\"https:\\\/\\\/casadecampoliving.com\\\/es\\\/#website\"},\"primaryImageOfPage\":{\"@id\":\"https:\\\/\\\/casadecampoliving.com\\\/es\\\/franco-ciarlo-abre-su-nueva-exhibicion-de-arte-en-la-marina-casa-de-campo\\\/#primaryimage\"},\"image\":{\"@id\":\"https:\\\/\\\/casadecampoliving.com\\\/es\\\/franco-ciarlo-abre-su-nueva-exhibicion-de-arte-en-la-marina-casa-de-campo\\\/#primaryimage\"},\"thumbnailUrl\":\"https:\\\/\\\/i0.wp.com\\\/casadecampoliving.com\\\/wp-content\\\/uploads\\\/2022\\\/10\\\/franco_ciarlo_art-1.jpg?fit=650%2C444&ssl=1\",\"datePublished\":\"2011-12-30T04:00:00+00:00\",\"dateModified\":\"2022-11-10T14:44:13+00:00\",\"description\":\"Franco Ciarlo, un reconocido y talentoso artista de Casa de Campo, acaba de abrir su exhibici\u00f3n de arte en La Marina Casa de Campo, la cual estar\u00e1 abierta\",\"breadcrumb\":{\"@id\":\"https:\\\/\\\/casadecampoliving.com\\\/es\\\/franco-ciarlo-abre-su-nueva-exhibicion-de-arte-en-la-marina-casa-de-campo\\\/#breadcrumb\"},\"inLanguage\":\"es\",\"potentialAction\":[{\"@type\":\"ReadAction\",\"target\":[\"https:\\\/\\\/casadecampoliving.com\\\/es\\\/franco-ciarlo-abre-su-nueva-exhibicion-de-arte-en-la-marina-casa-de-campo\\\/\"]}]},{\"@type\":\"ImageObject\",\"inLanguage\":\"es\",\"@id\":\"https:\\\/\\\/casadecampoliving.com\\\/es\\\/franco-ciarlo-abre-su-nueva-exhibicion-de-arte-en-la-marina-casa-de-campo\\\/#primaryimage\",\"url\":\"https:\\\/\\\/i0.wp.com\\\/casadecampoliving.com\\\/wp-content\\\/uploads\\\/2022\\\/10\\\/franco_ciarlo_art-1.jpg?fit=650%2C444&ssl=1\",\"contentUrl\":\"https:\\\/\\\/i0.wp.com\\\/casadecampoliving.com\\\/wp-content\\\/uploads\\\/2022\\\/10\\\/franco_ciarlo_art-1.jpg?fit=650%2C444&ssl=1\",\"width\":650,\"height\":444,\"caption\":\"franco ciarlo art\"},{\"@type\":\"BreadcrumbList\",\"@id\":\"https:\\\/\\\/casadecampoliving.com\\\/es\\\/franco-ciarlo-abre-su-nueva-exhibicion-de-arte-en-la-marina-casa-de-campo\\\/#breadcrumb\",\"itemListElement\":[{\"@type\":\"ListItem\",\"position\":1,\"name\":\"Home\",\"item\":\"https:\\\/\\\/casadecampoliving.com\\\/es\\\/\"},{\"@type\":\"ListItem\",\"position\":2,\"name\":\"Franco Ciarlo abre su nueva exhibici\u00f3n de arte en La Marina Casa de Campo!\"}]},{\"@type\":\"WebSite\",\"@id\":\"https:\\\/\\\/casadecampoliving.com\\\/es\\\/#website\",\"url\":\"https:\\\/\\\/casadecampoliving.com\\\/es\\\/\",\"name\":\"Casa de Campo Living\",\"description\":\"Resort community news and resources.\",\"publisher\":{\"@id\":\"https:\\\/\\\/casadecampoliving.com\\\/es\\\/#organization\"},\"potentialAction\":[{\"@type\":\"SearchAction\",\"target\":{\"@type\":\"EntryPoint\",\"urlTemplate\":\"https:\\\/\\\/casadecampoliving.com\\\/es\\\/?s={search_term_string}\"},\"query-input\":{\"@type\":\"PropertyValueSpecification\",\"valueRequired\":true,\"valueName\":\"search_term_string\"}}],\"inLanguage\":\"es\"},{\"@type\":\"Organization\",\"@id\":\"https:\\\/\\\/casadecampoliving.com\\\/es\\\/#organization\",\"name\":\"Casa de Campo Living\",\"url\":\"https:\\\/\\\/casadecampoliving.com\\\/es\\\/\",\"logo\":{\"@type\":\"ImageObject\",\"inLanguage\":\"es\",\"@id\":\"https:\\\/\\\/casadecampoliving.com\\\/es\\\/#\\\/schema\\\/logo\\\/image\\\/\",\"url\":\"https:\\\/\\\/i0.wp.com\\\/casadecampoliving.com\\\/wp-content\\\/uploads\\\/2022\\\/07\\\/CDCLivingLogo_V1-white-sized.png?fit=800%2C214&ssl=1\",\"contentUrl\":\"https:\\\/\\\/i0.wp.com\\\/casadecampoliving.com\\\/wp-content\\\/uploads\\\/2022\\\/07\\\/CDCLivingLogo_V1-white-sized.png?fit=800%2C214&ssl=1\",\"width\":800,\"height\":214,\"caption\":\"Casa de Campo Living\"},\"image\":{\"@id\":\"https:\\\/\\\/casadecampoliving.com\\\/es\\\/#\\\/schema\\\/logo\\\/image\\\/\"},\"sameAs\":[\"https:\\\/\\\/www.facebook.com\\\/casadecampoliving\",\"https:\\\/\\\/x.com\\\/cdcliving\"]},{\"@type\":\"Person\",\"@id\":\"https:\\\/\\\/casadecampoliving.com\\\/es\\\/#\\\/schema\\\/person\\\/7e3b975d584a5f6ac0fd7128a81b0bc5\",\"name\":\"\",\"image\":{\"@type\":\"ImageObject\",\"inLanguage\":\"es\",\"@id\":\"https:\\\/\\\/secure.gravatar.com\\\/avatar\\\/?s=96&d=mm&r=g\",\"url\":\"https:\\\/\\\/secure.gravatar.com\\\/avatar\\\/?s=96&d=mm&r=g\",\"contentUrl\":\"https:\\\/\\\/secure.gravatar.com\\\/avatar\\\/?s=96&d=mm&r=g\"},\"url\":\"https:\\\/\\\/casadecampoliving.com\\\/es\\\/author\\\/ \\\/\"}]}<\/script>\n<!-- \/ Yoast SEO plugin. -->","yoast_head_json":{"title":"Franco Ciarlo abre su nueva exhibici\u00f3n de arte en La Marina Casa de Campo! | Casa de Campo Living","description":"Franco Ciarlo, un reconocido y talentoso artista de Casa de Campo, acaba de abrir su exhibici\u00f3n de arte en La Marina Casa de Campo, la cual estar\u00e1 abierta","robots":{"index":"index","follow":"follow","max-snippet":"max-snippet:-1","max-image-preview":"max-image-preview:large","max-video-preview":"max-video-preview:-1"},"canonical":"https:\/\/casadecampoliving.com\/es\/franco-ciarlo-abre-su-nueva-exhibicion-de-arte-en-la-marina-casa-de-campo\/","og_locale":"es_ES","og_type":"article","og_title":"Franco Ciarlo abre su nueva exhibici\u00f3n de arte en La Marina Casa de Campo! | Casa de Campo Living","og_description":"Franco Ciarlo, un reconocido y talentoso artista de Casa de Campo, acaba de abrir su exhibici\u00f3n de arte en La Marina Casa de Campo, la cual estar\u00e1 abierta","og_url":"https:\/\/casadecampoliving.com\/es\/franco-ciarlo-abre-su-nueva-exhibicion-de-arte-en-la-marina-casa-de-campo\/","og_site_name":"Casa de Campo Living","article_publisher":"https:\/\/www.facebook.com\/casadecampoliving","article_published_time":"2011-12-30T04:00:00+00:00","article_modified_time":"2022-11-10T14:44:13+00:00","og_image":[{"width":650,"height":444,"url":"https:\/\/i0.wp.com\/casadecampoliving.com\/wp-content\/uploads\/2022\/10\/franco_ciarlo_art-1.jpg?fit=650%2C444&ssl=1","type":"image\/jpeg"}],"twitter_card":"summary_large_image","twitter_creator":"@cdcliving","twitter_site":"@cdcliving","twitter_misc":{"Escrito por":"","Tiempo de lectura":"1 minuto"},"schema":{"@context":"https:\/\/schema.org","@graph":[{"@type":"Article","@id":"https:\/\/casadecampoliving.com\/es\/franco-ciarlo-abre-su-nueva-exhibicion-de-arte-en-la-marina-casa-de-campo\/#article","isPartOf":{"@id":"https:\/\/casadecampoliving.com\/es\/franco-ciarlo-abre-su-nueva-exhibicion-de-arte-en-la-marina-casa-de-campo\/"},"author":{"name":"","@id":"https:\/\/casadecampoliving.com\/es\/#\/schema\/person\/7e3b975d584a5f6ac0fd7128a81b0bc5"},"headline":"Franco Ciarlo abre su nueva exhibici\u00f3n de arte en La Marina Casa de Campo!","datePublished":"2011-12-30T04:00:00+00:00","dateModified":"2022-11-10T14:44:13+00:00","mainEntityOfPage":{"@id":"https:\/\/casadecampoliving.com\/es\/franco-ciarlo-abre-su-nueva-exhibicion-de-arte-en-la-marina-casa-de-campo\/"},"wordCount":236,"publisher":{"@id":"https:\/\/casadecampoliving.com\/es\/#organization"},"image":{"@id":"https:\/\/casadecampoliving.com\/es\/franco-ciarlo-abre-su-nueva-exhibicion-de-arte-en-la-marina-casa-de-campo\/#primaryimage"},"thumbnailUrl":"https:\/\/i0.wp.com\/casadecampoliving.com\/wp-content\/uploads\/2022\/10\/franco_ciarlo_art-1.jpg?fit=650%2C444&ssl=1","keywords":["arte","Casa de Campo","Feria Barlovento @es","feria barlovento 2012","Franco Ciarlo","La Romana","Marina Casa de Campo @es"],"articleSection":["Arte y cultura","Events and Activities","Featured","La Marina Casa de Campo","Local News","Upcoming"],"inLanguage":"es"},{"@type":"WebPage","@id":"https:\/\/casadecampoliving.com\/es\/franco-ciarlo-abre-su-nueva-exhibicion-de-arte-en-la-marina-casa-de-campo\/","url":"https:\/\/casadecampoliving.com\/es\/franco-ciarlo-abre-su-nueva-exhibicion-de-arte-en-la-marina-casa-de-campo\/","name":"Franco Ciarlo abre su nueva exhibici\u00f3n de arte en La Marina Casa de Campo! | Casa de Campo Living","isPartOf":{"@id":"https:\/\/casadecampoliving.com\/es\/#website"},"primaryImageOfPage":{"@id":"https:\/\/casadecampoliving.com\/es\/franco-ciarlo-abre-su-nueva-exhibicion-de-arte-en-la-marina-casa-de-campo\/#primaryimage"},"image":{"@id":"https:\/\/casadecampoliving.com\/es\/franco-ciarlo-abre-su-nueva-exhibicion-de-arte-en-la-marina-casa-de-campo\/#primaryimage"},"thumbnailUrl":"https:\/\/i0.wp.com\/casadecampoliving.com\/wp-content\/uploads\/2022\/10\/franco_ciarlo_art-1.jpg?fit=650%2C444&ssl=1","datePublished":"2011-12-30T04:00:00+00:00","dateModified":"2022-11-10T14:44:13+00:00","description":"Franco Ciarlo, un reconocido y talentoso artista de Casa de Campo, acaba de abrir su exhibici\u00f3n de arte en La Marina Casa de Campo, la cual estar\u00e1 abierta","breadcrumb":{"@id":"https:\/\/casadecampoliving.com\/es\/franco-ciarlo-abre-su-nueva-exhibicion-de-arte-en-la-marina-casa-de-campo\/#breadcrumb"},"inLanguage":"es","potentialAction":[{"@type":"ReadAction","target":["https:\/\/casadecampoliving.com\/es\/franco-ciarlo-abre-su-nueva-exhibicion-de-arte-en-la-marina-casa-de-campo\/"]}]},{"@type":"ImageObject","inLanguage":"es","@id":"https:\/\/casadecampoliving.com\/es\/franco-ciarlo-abre-su-nueva-exhibicion-de-arte-en-la-marina-casa-de-campo\/#primaryimage","url":"https:\/\/i0.wp.com\/casadecampoliving.com\/wp-content\/uploads\/2022\/10\/franco_ciarlo_art-1.jpg?fit=650%2C444&ssl=1","contentUrl":"https:\/\/i0.wp.com\/casadecampoliving.com\/wp-content\/uploads\/2022\/10\/franco_ciarlo_art-1.jpg?fit=650%2C444&ssl=1","width":650,"height":444,"caption":"franco ciarlo art"},{"@type":"BreadcrumbList","@id":"https:\/\/casadecampoliving.com\/es\/franco-ciarlo-abre-su-nueva-exhibicion-de-arte-en-la-marina-casa-de-campo\/#breadcrumb","itemListElement":[{"@type":"ListItem","position":1,"name":"Home","item":"https:\/\/casadecampoliving.com\/es\/"},{"@type":"ListItem","position":2,"name":"Franco Ciarlo abre su nueva exhibici\u00f3n de arte en La Marina Casa de Campo!"}]},{"@type":"WebSite","@id":"https:\/\/casadecampoliving.com\/es\/#website","url":"https:\/\/casadecampoliving.com\/es\/","name":"Casa de Campo Living","description":"Resort community news and resources.","publisher":{"@id":"https:\/\/casadecampoliving.com\/es\/#organization"},"potentialAction":[{"@type":"SearchAction","target":{"@type":"EntryPoint","urlTemplate":"https:\/\/casadecampoliving.com\/es\/?s={search_term_string}"},"query-input":{"@type":"PropertyValueSpecification","valueRequired":true,"valueName":"search_term_string"}}],"inLanguage":"es"},{"@type":"Organization","@id":"https:\/\/casadecampoliving.com\/es\/#organization","name":"Casa de Campo Living","url":"https:\/\/casadecampoliving.com\/es\/","logo":{"@type":"ImageObject","inLanguage":"es","@id":"https:\/\/casadecampoliving.com\/es\/#\/schema\/logo\/image\/","url":"https:\/\/i0.wp.com\/casadecampoliving.com\/wp-content\/uploads\/2022\/07\/CDCLivingLogo_V1-white-sized.png?fit=800%2C214&ssl=1","contentUrl":"https:\/\/i0.wp.com\/casadecampoliving.com\/wp-content\/uploads\/2022\/07\/CDCLivingLogo_V1-white-sized.png?fit=800%2C214&ssl=1","width":800,"height":214,"caption":"Casa de Campo Living"},"image":{"@id":"https:\/\/casadecampoliving.com\/es\/#\/schema\/logo\/image\/"},"sameAs":["https:\/\/www.facebook.com\/casadecampoliving","https:\/\/x.com\/cdcliving"]},{"@type":"Person","@id":"https:\/\/casadecampoliving.com\/es\/#\/schema\/person\/7e3b975d584a5f6ac0fd7128a81b0bc5","name":"","image":{"@type":"ImageObject","inLanguage":"es","@id":"https:\/\/secure.gravatar.com\/avatar\/?s=96&d=mm&r=g","url":"https:\/\/secure.gravatar.com\/avatar\/?s=96&d=mm&r=g","contentUrl":"https:\/\/secure.gravatar.com\/avatar\/?s=96&d=mm&r=g"},"url":"https:\/\/casadecampoliving.com\/es\/author\/ \/"}]}},"parsely":{"version":"1.1.0","canonical_url":"https:\/\/casadecampoliving.com\/es\/franco-ciarlo-abre-su-nueva-exhibicion-de-arte-en-la-marina-casa-de-campo\/","smart_links":{"inbound":0,"outbound":0},"traffic_boost_suggestions_count":0,"meta":{"@context":"https:\/\/schema.org","@type":"NewsArticle","headline":"Franco Ciarlo abre su nueva exhibici\u00f3n de arte en La Marina Casa de Campo!","url":"http:\/\/casadecampoliving.com\/es\/franco-ciarlo-abre-su-nueva-exhibicion-de-arte-en-la-marina-casa-de-campo\/","mainEntityOfPage":{"@type":"WebPage","@id":"http:\/\/casadecampoliving.com\/es\/franco-ciarlo-abre-su-nueva-exhibicion-de-arte-en-la-marina-casa-de-campo\/"},"thumbnailUrl":"https:\/\/i0.wp.com\/casadecampoliving.com\/wp-content\/uploads\/2022\/10\/franco_ciarlo_art-1.jpg?resize=150%2C150&ssl=1","image":{"@type":"ImageObject","url":"https:\/\/i0.wp.com\/casadecampoliving.com\/wp-content\/uploads\/2022\/10\/franco_ciarlo_art-1.jpg?fit=650%2C444&ssl=1"},"articleSection":"Arte y cultura","author":[{"@type":"Person","name":"FB_515917546"}],"creator":["FB_515917546"],"publisher":{"@type":"Organization","name":"Casa de Campo Living","logo":"https:\/\/casadecampoliving.com\/wp-content\/uploads\/2022\/07\/CDCLivingLogo_V1-white-sized.png"},"keywords":["arte","casa de campo","feria barlovento @es","feria barlovento 2012","franco ciarlo","la romana","marina casa de campo @es"],"dateCreated":"2011-12-30T04:00:00Z","datePublished":"2011-12-30T04:00:00Z","dateModified":"2022-11-10T14:44:13Z"},"rendered":"<script type=\"application\/ld+json\" class=\"wp-parsely-metadata\">{\"@context\":\"https:\\\/\\\/schema.org\",\"@type\":\"NewsArticle\",\"headline\":\"Franco Ciarlo abre su nueva exhibici\\u00f3n de arte en La Marina Casa de Campo!\",\"url\":\"http:\\\/\\\/casadecampoliving.com\\\/es\\\/franco-ciarlo-abre-su-nueva-exhibicion-de-arte-en-la-marina-casa-de-campo\\\/\",\"mainEntityOfPage\":{\"@type\":\"WebPage\",\"@id\":\"http:\\\/\\\/casadecampoliving.com\\\/es\\\/franco-ciarlo-abre-su-nueva-exhibicion-de-arte-en-la-marina-casa-de-campo\\\/\"},\"thumbnailUrl\":\"https:\\\/\\\/i0.wp.com\\\/casadecampoliving.com\\\/wp-content\\\/uploads\\\/2022\\\/10\\\/franco_ciarlo_art-1.jpg?resize=150%2C150&ssl=1\",\"image\":{\"@type\":\"ImageObject\",\"url\":\"https:\\\/\\\/i0.wp.com\\\/casadecampoliving.com\\\/wp-content\\\/uploads\\\/2022\\\/10\\\/franco_ciarlo_art-1.jpg?fit=650%2C444&ssl=1\"},\"articleSection\":\"Arte y cultura\",\"author\":[{\"@type\":\"Person\",\"name\":\"FB_515917546\"}],\"creator\":[\"FB_515917546\"],\"publisher\":{\"@type\":\"Organization\",\"name\":\"Casa de Campo Living\",\"logo\":\"https:\\\/\\\/casadecampoliving.com\\\/wp-content\\\/uploads\\\/2022\\\/07\\\/CDCLivingLogo_V1-white-sized.png\"},\"keywords\":[\"arte\",\"casa de campo\",\"feria barlovento @es\",\"feria barlovento 2012\",\"franco ciarlo\",\"la romana\",\"marina casa de campo @es\"],\"dateCreated\":\"2011-12-30T04:00:00Z\",\"datePublished\":\"2011-12-30T04:00:00Z\",\"dateModified\":\"2022-11-10T14:44:13Z\"}<\/script>","tracker_url":"https:\/\/cdn.parsely.com\/keys\/casadecampoliving.com\/p.js"},"jetpack_publicize_connections":[],"jetpack_featured_media_url":"https:\/\/i0.wp.com\/casadecampoliving.com\/wp-content\/uploads\/2022\/10\/franco_ciarlo_art-1.jpg?fit=650%2C444&ssl=1","jetpack-related-posts":[{"id":338137,"url":"https:\/\/casadecampoliving.com\/es\/celebracion-de-la-inauguracion-de-la-nueva-exhibicion-de-arte-de-franco-ciarlo\/","url_meta":{"origin":337987,"position":0},"title":"Celebraci\u00f3n de la inauguraci\u00f3n de la nueva exhibici\u00f3n de arte de Franco Ciarlo!","author":"","date":"17 Ene, 2012","format":false,"excerpt":"El pasado s\u00e1bado 7 de enero, como parte de la 3era Feria Barlovento, un Festival Veneciano celebrado en La Marina Casa de Campo, Franco Ciarlo, artista italiano que reside en Casa de Campo, celebr\u00f3 la inauguraci\u00f3n de su nueva exhibici\u00f3n en La Marina Casa de Campo. Para varios cientos de\u2026","rel":"","context":"En \u00abArte y cultura\u00bb","block_context":{"text":"Arte y cultura","link":"https:\/\/casadecampoliving.com\/category\/arte-y-cultura\/"},"img":{"alt_text":"franco ciarlo art marina casa de campo","src":"https:\/\/i0.wp.com\/casadecampoliving.com\/wp-content\/uploads\/2022\/10\/franco_ciarlo_art-3.jpg?fit=650%2C410&ssl=1&resize=350%2C200","width":350,"height":200,"srcset":"https:\/\/i0.wp.com\/casadecampoliving.com\/wp-content\/uploads\/2022\/10\/franco_ciarlo_art-3.jpg?fit=650%2C410&ssl=1&resize=350%2C200 1x, https:\/\/i0.wp.com\/casadecampoliving.com\/wp-content\/uploads\/2022\/10\/franco_ciarlo_art-3.jpg?fit=650%2C410&ssl=1&resize=525%2C300 1.5x"},"classes":[]},{"id":320891,"url":"https:\/\/casadecampoliving.com\/franco-ciarlo-opens-new-art-exhibit-in-the-marina-casa-de-campo\/","url_meta":{"origin":337987,"position":1},"title":"Franco Ciarlo opens new art exhibit in the Marina Casa de Campo","author":"Rebecca Silvestri","date":"30 Dic, 2011","format":false,"excerpt":"Franco Ciarlo a well-known and talented Casa de Campo artist has just opened an art exhibit in the Marina Casa de Campo - which will be open daily from now until January.\u00a0 Located on the Marina Casa de Campo's main shopping boulevard, the \"Calle Barlovento\", the new Franco Ciarlo exhibit\u2026","rel":"","context":"En \u00abArt and Culture\u00bb","block_context":{"text":"Art and Culture","link":"https:\/\/casadecampoliving.com\/category\/art-and-culture\/"},"img":{"alt_text":"franco ciarlo art","src":"https:\/\/i0.wp.com\/casadecampoliving.com\/wp-content\/uploads\/2022\/10\/franco_ciarlo_art-1.jpg?fit=650%2C444&ssl=1&resize=350%2C200","width":350,"height":200,"srcset":"https:\/\/i0.wp.com\/casadecampoliving.com\/wp-content\/uploads\/2022\/10\/franco_ciarlo_art-1.jpg?fit=650%2C444&ssl=1&resize=350%2C200 1x, https:\/\/i0.wp.com\/casadecampoliving.com\/wp-content\/uploads\/2022\/10\/franco_ciarlo_art-1.jpg?fit=650%2C444&ssl=1&resize=525%2C300 1.5x"},"classes":[]},{"id":320941,"url":"https:\/\/casadecampoliving.com\/celebrating-the-inauguration-of-franco-ciarlos-new-art-exhibit-in-the-marina-casa-de-campo\/","url_meta":{"origin":337987,"position":2},"title":"Celebrating the Inauguration of Franco Ciarlo&#8217;s new art exhibit in the Marina Casa de Campo","author":"Rebecca Silvestri","date":"17 Ene, 2012","format":false,"excerpt":"Last Saturday the 7th of January, as part of the 3rd annual Feria Barlovento, Venetian Festival celebrated in the Marina Casa de Campo, Franco Ciarlo, Italian-born painter who resides part-time in Casa de Campo celebrated the inauguration of his new art gallery in the Marina Casa de Campo. For the\u2026","rel":"","context":"En \u00abArt and Culture\u00bb","block_context":{"text":"Art and Culture","link":"https:\/\/casadecampoliving.com\/category\/art-and-culture\/"},"img":{"alt_text":"franco ciarlo art marina casa de campo","src":"https:\/\/i0.wp.com\/casadecampoliving.com\/wp-content\/uploads\/2022\/10\/franco_ciarlo_art-3.jpg?fit=650%2C410&ssl=1&resize=350%2C200","width":350,"height":200,"srcset":"https:\/\/i0.wp.com\/casadecampoliving.com\/wp-content\/uploads\/2022\/10\/franco_ciarlo_art-3.jpg?fit=650%2C410&ssl=1&resize=350%2C200 1x, https:\/\/i0.wp.com\/casadecampoliving.com\/wp-content\/uploads\/2022\/10\/franco_ciarlo_art-3.jpg?fit=650%2C410&ssl=1&resize=525%2C300 1.5x"},"classes":[]},{"id":338083,"url":"https:\/\/casadecampoliving.com\/es\/mascaras-y-diversion-en-la-marina-casa-de-campo-en-la-celebracion-de-la-3era-feria-barlovento\/","url_meta":{"origin":337987,"position":3},"title":"M\u00e1scaras y diversi\u00f3n en La Marina Casa de Campo en la celebraci\u00f3n de la 3era Feria Barlovento!","author":"","date":"11 Ene, 2012","format":false,"excerpt":"El pasado s\u00e1bado 7 de enero, Casa de Campo Living en colaboraci\u00f3n con La Marina Casa de Campo, celebr\u00f3 la 3ra Feria Barlovento Anual, un Festival Veneciano en la Calle Barlovento, con vestuarios venecianos, m\u00e1scaras, plumas, brindis y numerosas exhibiciones de arte, al igual que grandes oportunidades de compras! Desde\u2026","rel":"","context":"En \u00abCasa de Campo Living @es\u00bb","block_context":{"text":"Casa de Campo Living @es","link":"https:\/\/casadecampoliving.com\/category\/casa-de-campo-living-es\/"},"img":{"alt_text":"feria barlovento marina casa de campo","src":"https:\/\/i0.wp.com\/casadecampoliving.com\/wp-content\/uploads\/2022\/10\/feria_barlovento_marina_casa_de_campo-1.jpg?fit=650%2C366&ssl=1&resize=350%2C200","width":350,"height":200,"srcset":"https:\/\/i0.wp.com\/casadecampoliving.com\/wp-content\/uploads\/2022\/10\/feria_barlovento_marina_casa_de_campo-1.jpg?fit=650%2C366&ssl=1&resize=350%2C200 1x, https:\/\/i0.wp.com\/casadecampoliving.com\/wp-content\/uploads\/2022\/10\/feria_barlovento_marina_casa_de_campo-1.jpg?fit=650%2C366&ssl=1&resize=525%2C300 1.5x"},"classes":[]},{"id":320922,"url":"https:\/\/casadecampoliving.com\/masquerade-in-the-marina-casa-de-campo-celebrating-the-3rd-annual-feria-barlovento-venetian-festival\/","url_meta":{"origin":337987,"position":4},"title":"Masquerade in the Marina Casa de Campo! Celebrating the 3rd annual Feria Barlovento, Venetian Festival","author":"Rebecca Silvestri","date":"11 Ene, 2012","format":false,"excerpt":"Last Saturday the 7th of January, Casa de Campo Living in collaboration with the Marina Casa de Campo, celebrated the 3rd annual Feria Barlovento, Venetian Festival on the Calle Barlovento; a fun street fair with masquerade costumes, feathers, cocktails, numerous art exhibits, as well as lots of great shopping opportunities.\u2026","rel":"","context":"En \u00abArt and Culture\u00bb","block_context":{"text":"Art and Culture","link":"https:\/\/casadecampoliving.com\/category\/art-and-culture\/"},"img":{"alt_text":"feria barlovento marina casa de campo","src":"https:\/\/i0.wp.com\/casadecampoliving.com\/wp-content\/uploads\/2022\/10\/feria_barlovento_marina_casa_de_campo-1.jpg?fit=650%2C366&ssl=1&resize=350%2C200","width":350,"height":200,"srcset":"https:\/\/i0.wp.com\/casadecampoliving.com\/wp-content\/uploads\/2022\/10\/feria_barlovento_marina_casa_de_campo-1.jpg?fit=650%2C366&ssl=1&resize=350%2C200 1x, https:\/\/i0.wp.com\/casadecampoliving.com\/wp-content\/uploads\/2022\/10\/feria_barlovento_marina_casa_de_campo-1.jpg?fit=650%2C366&ssl=1&resize=525%2C300 1.5x"},"classes":[]},{"id":320918,"url":"https:\/\/casadecampoliving.com\/enjoy-discounts-of-up-to-50-at-rubiluna-during-the-feria-barlovento\/","url_meta":{"origin":337987,"position":5},"title":"Enjoy discounts of up to 50% at Rubiluna during the Feria Barlovento!","author":"Rebecca Silvestri","date":"6 Ene, 2012","format":false,"excerpt":"Tomorrow Saturday the 7th of January 2012, Casa de Campo Living and the Marina Casa de Campo cordially invite you to the 3rd annual Feria Barlovento - where as well as 3 art exhibits, numerous cocktails, music, dancing and a Venetian costume contest, you will also be able to shop\u2026","rel":"","context":"En \u00abCasa de Campo Living\u00bb","block_context":{"text":"Casa de Campo Living","link":"https:\/\/casadecampoliving.com\/category\/casa-de-campo-living\/"},"img":{"alt_text":"rubiluna marina casa de campo","src":"https:\/\/i0.wp.com\/casadecampoliving.com\/wp-content\/uploads\/2022\/10\/rubiluna_marina_casa_de_campo-2.jpg?fit=650%2C366&ssl=1&resize=350%2C200","width":350,"height":200,"srcset":"https:\/\/i0.wp.com\/casadecampoliving.com\/wp-content\/uploads\/2022\/10\/rubiluna_marina_casa_de_campo-2.jpg?fit=650%2C366&ssl=1&resize=350%2C200 1x, https:\/\/i0.wp.com\/casadecampoliving.com\/wp-content\/uploads\/2022\/10\/rubiluna_marina_casa_de_campo-2.jpg?fit=650%2C366&ssl=1&resize=525%2C300 1.5x"},"classes":[]}],"jetpack_sharing_enabled":true,"_links":{"self":[{"href":"https:\/\/casadecampoliving.com\/es\/wp-json\/wp\/v2\/posts\/337987","targetHints":{"allow":["GET"]}}],"collection":[{"href":"https:\/\/casadecampoliving.com\/es\/wp-json\/wp\/v2\/posts"}],"about":[{"href":"https:\/\/casadecampoliving.com\/es\/wp-json\/wp\/v2\/types\/post"}],"author":[{"embeddable":true,"href":"https:\/\/casadecampoliving.com\/es\/wp-json\/wp\/v2\/users\/21"}],"replies":[{"embeddable":true,"href":"https:\/\/casadecampoliving.com\/es\/wp-json\/wp\/v2\/comments?post=337987"}],"version-history":[{"count":2,"href":"https:\/\/casadecampoliving.com\/es\/wp-json\/wp\/v2\/posts\/337987\/revisions"}],"predecessor-version":[{"id":509724,"href":"https:\/\/casadecampoliving.com\/es\/wp-json\/wp\/v2\/posts\/337987\/revisions\/509724"}],"wp:featuredmedia":[{"embeddable":true,"href":"https:\/\/casadecampoliving.com\/es\/wp-json\/wp\/v2\/media\/238019"}],"wp:attachment":[{"href":"https:\/\/casadecampoliving.com\/es\/wp-json\/wp\/v2\/media?parent=337987"}],"wp:term":[{"taxonomy":"category","embeddable":true,"href":"https:\/\/casadecampoliving.com\/es\/wp-json\/wp\/v2\/categories?post=337987"},{"taxonomy":"post_tag","embeddable":true,"href":"https:\/\/casadecampoliving.com\/es\/wp-json\/wp\/v2\/tags?post=337987"},{"taxonomy":"newspack_spnsrs_tax","embeddable":true,"href":"https:\/\/casadecampoliving.com\/es\/wp-json\/wp\/v2\/newspack_spnsrs_tax?post=337987"}],"curies":[{"name":"wp","href":"https:\/\/api.w.org\/{rel}","templated":true}]}}