{"id":337985,"date":"2012-01-05T00:00:00","date_gmt":"2012-01-05T04:00:00","guid":{"rendered":"https:\/\/casadecampoliving.com\/los-muebles-de-el-huracan-y-sus-obras-se-exhiben-en-la-marina-casa-de-campo\/"},"modified":"2022-10-21T18:37:26","modified_gmt":"2022-10-21T22:37:26","slug":"los-muebles-de-el-huracan-y-sus-obras-se-exhiben-en-la-marina-casa-de-campo","status":"publish","type":"post","link":"https:\/\/casadecampoliving.com\/es\/los-muebles-de-el-huracan-y-sus-obras-se-exhiben-en-la-marina-casa-de-campo\/","title":{"rendered":"Los muebles de \u00abEl Hurac\u00e1n y Sus Obras\u00bb se exhiben en La Marina Casa de Campo!"},"content":{"rendered":"<div class=\"wp-block-image\">\n<figure class=\"aligncenter is-resized\"><img loading=\"lazy\" decoding=\"async\" src=\"https:\/\/i0.wp.com\/casadecampoliving.com\/wp-content\/uploads\/2022\/10\/art-furniture_wood.jpg?resize=650%2C357&amp;ssl=1\" alt=\"art furniture wood\" class=\"wp-image-41710\" title=\"art-furniture_wood\" height=\"357\" width=\"650\"\/><\/figure>\n<\/div>\n\n\n<p>Mauro Torriani y Gian Carlo Ricco, propietarios de la tienda de antiguedades \u201c\u201dNuovo Rinascimento\u201d y el recientemente remodelado Victory Club, est\u00e1n presentando una exhibici\u00f3n de muebles art\u00edsticos en La Marina Casa de Campo.&nbsp;<\/p>\n\n\n\n<!--more-->\n\n\n\n<p>La inusual exhibici\u00f3n de muebles denominada \u201cEl&nbsp;Hurac\u00e1n&nbsp;y sus Obras\u201d por Arte Sebasti\u00e1n, es una colecci\u00f3n de diferentes estilos de muebles hechos de \u00e1rboles ca\u00eddos durante el turbulento clima de huracanes. En esta exposici\u00f3n encontrar\u00e1 8 majestuosos comedores y mesas en todos los estilos al igual que magn\u00edficas esculturas.<\/p>\n\n\n<div class=\"wp-block-image\">\n<figure class=\"aligncenter is-resized\"><img loading=\"lazy\" decoding=\"async\" src=\"https:\/\/i0.wp.com\/casadecampoliving.com\/wp-content\/uploads\/2022\/10\/art-furniture_wood2.jpg?resize=650%2C368&amp;ssl=1\" alt=\"\" class=\"wp-image-41713\" title=\"art-furniture_wood\" height=\"368\" width=\"650\"\/><\/figure>\n<\/div>\n\n\n<p class=\"has-text-align-center\"><strong>A driftwood table at the Marina Casa de Campo<\/strong><br>\n<\/p>\n\n\n\n<p>La exhibici\u00f3n en la actualidad se encuentra en el pasillo que sol\u00eda conducir a la antigua Palapa en La Marina Casa de Campo, a s\u00f3lo pocos pasos del Supermercado Nacional.<\/p>\n\n\n\n<blockquote class=\"wp-block-quote is-layout-flow wp-block-quote-is-layout-flow\"><p><span style=\"text-decoration: underline;\"><strong>Exhibici\u00f3n de muebles \u201cEl&nbsp;Hurac\u00e1n&nbsp;y sus Obras\u201d<\/strong><\/span><\/p><p><strong>Cu\u00e1ndo:<\/strong>&nbsp;Abierto hasta el 22 de enero<\/p><p><strong>Todos los d\u00edas:<\/strong> 10am \u2013 10pm<\/p><p><strong>D\u00f3nde:<\/strong>&nbsp;La Marina Casa de Campo, en la antigua Palapa y durante la Feria Barlovento, la exhibici\u00f3n ser\u00e1 reubicada en la principal Calle Barlovento.<\/p><p><strong>Info:<\/strong>&nbsp;Nuovo Rinascimento, 809-523-2300<\/p><\/blockquote>\n\n\n\n<blockquote class=\"wp-block-quote is-layout-flow wp-block-quote-is-layout-flow\"><p><\/p><\/blockquote>\n","protected":false},"excerpt":{"rendered":"<p>Mauro Torriani y Gian Carlo Ricco, propietarios de la tienda de antiguedades \u201c\u201dNuovo Rinascimento\u201d y el recientemente remodelado Victory Club, est\u00e1n presentando una exhibici\u00f3n de muebles art\u00edsticos en La Marina Casa de Campo.&nbsp;<\/p>\n","protected":false},"author":21,"featured_media":238322,"comment_status":"closed","ping_status":"closed","sticky":false,"template":"","format":"standard","meta":{"newspack_ads_suppress_ads":false,"newspack_popups_has_disabled_popups":false,"newspack_sponsor_sponsorship_scope":"","newspack_sponsor_native_byline_display":"inherit","newspack_sponsor_native_category_display":"inherit","newspack_sponsor_underwriter_style":"inherit","newspack_sponsor_underwriter_placement":"inherit","_newspack_byline_active":false,"_newspack_byline":"","newspack_content_restriction_is_exempt":false,"newspack_featured_image_position":"","newspack_post_subtitle":"","newspack_article_summary_title":"Overview:","newspack_article_summary":"","newspack_hide_updated_date":false,"newspack_show_updated_date":false,"_jetpack_memberships_contains_paid_content":false,"footnotes":"","jetpack_publicize_message":"","jetpack_publicize_feature_enabled":true,"jetpack_social_post_already_shared":false,"jetpack_social_options":{"image_generator_settings":{"template":"highway","default_image_id":0,"font":"","enabled":false},"version":2},"_wpas_customize_per_network":false},"categories":[26823,2530,2524,14631,26581,14625],"tags":[3462,3458,3457,2590],"newspack_spnsrs_tax":[],"class_list":["post-337985","post","type-post","status-publish","format-standard","has-post-thumbnail","hentry","category-arte-y-cultura","category-compras-es","category-destacados","category-estilo-de-vida","category-la-marina-casa-de-campo","category-noticias-locales","tag-antigua-palapa","tag-el-huracan-y-sus-obras","tag-feria-barlovento-es","tag-la-marina-casa-de-campo","entry"],"yoast_head":"<!-- This site is optimized with the Yoast SEO plugin v27.3 - https:\/\/yoast.com\/product\/yoast-seo-wordpress\/ -->\n<title>Los muebles de &quot;El Hurac\u00e1n y Sus Obras&quot; se exhiben en La Marina Casa de Campo! | Casa de Campo Living<\/title>\n<meta name=\"description\" content=\"Mauro Torriani y Gian Carlo Ricco, propietarios de la tienda de antiguedades \u201c\u201dNuovo Rinascimento\u201d y el recientemente remodelado Victory Club, est\u00e1n\" \/>\n<meta name=\"robots\" content=\"index, follow, max-snippet:-1, max-image-preview:large, max-video-preview:-1\" \/>\n<link rel=\"canonical\" href=\"https:\/\/casadecampoliving.com\/es\/los-muebles-de-el-huracan-y-sus-obras-se-exhiben-en-la-marina-casa-de-campo\/\" \/>\n<meta property=\"og:locale\" content=\"es_ES\" \/>\n<meta property=\"og:type\" content=\"article\" \/>\n<meta property=\"og:title\" content=\"Los muebles de &quot;El Hurac\u00e1n y Sus Obras&quot; se exhiben en La Marina Casa de Campo! | Casa de Campo Living\" \/>\n<meta property=\"og:description\" content=\"Mauro Torriani y Gian Carlo Ricco, propietarios de la tienda de antiguedades \u201c\u201dNuovo Rinascimento\u201d y el recientemente remodelado Victory Club, est\u00e1n\" \/>\n<meta property=\"og:url\" content=\"https:\/\/casadecampoliving.com\/es\/los-muebles-de-el-huracan-y-sus-obras-se-exhiben-en-la-marina-casa-de-campo\/\" \/>\n<meta property=\"og:site_name\" content=\"Casa de Campo Living\" \/>\n<meta property=\"article:publisher\" content=\"https:\/\/www.facebook.com\/casadecampoliving\" \/>\n<meta property=\"article:published_time\" content=\"2012-01-05T04:00:00+00:00\" \/>\n<meta property=\"article:modified_time\" content=\"2022-10-21T22:37:26+00:00\" \/>\n<meta property=\"og:image\" content=\"https:\/\/i0.wp.com\/casadecampoliving.com\/wp-content\/uploads\/2022\/10\/art-furniture_wood-1.jpg?fit=650%2C357&ssl=1\" \/>\n\t<meta property=\"og:image:width\" content=\"650\" \/>\n\t<meta property=\"og:image:height\" content=\"357\" \/>\n\t<meta property=\"og:image:type\" content=\"image\/jpeg\" \/>\n<meta name=\"twitter:card\" content=\"summary_large_image\" \/>\n<meta name=\"twitter:creator\" content=\"@cdcliving\" \/>\n<meta name=\"twitter:site\" content=\"@cdcliving\" \/>\n<meta name=\"twitter:label1\" content=\"Escrito por\" \/>\n\t<meta name=\"twitter:data1\" content=\"\" \/>\n\t<meta name=\"twitter:label2\" content=\"Tiempo de lectura\" \/>\n\t<meta name=\"twitter:data2\" content=\"1 minuto\" \/>\n<script type=\"application\/ld+json\" class=\"yoast-schema-graph\">{\"@context\":\"https:\\\/\\\/schema.org\",\"@graph\":[{\"@type\":\"Article\",\"@id\":\"https:\\\/\\\/casadecampoliving.com\\\/es\\\/los-muebles-de-el-huracan-y-sus-obras-se-exhiben-en-la-marina-casa-de-campo\\\/#article\",\"isPartOf\":{\"@id\":\"https:\\\/\\\/casadecampoliving.com\\\/es\\\/los-muebles-de-el-huracan-y-sus-obras-se-exhiben-en-la-marina-casa-de-campo\\\/\"},\"author\":{\"name\":\"\",\"@id\":\"https:\\\/\\\/casadecampoliving.com\\\/es\\\/#\\\/schema\\\/person\\\/7e3b975d584a5f6ac0fd7128a81b0bc5\"},\"headline\":\"Los muebles de \u00abEl Hurac\u00e1n y Sus Obras\u00bb se exhiben en La Marina Casa de Campo!\",\"datePublished\":\"2012-01-05T04:00:00+00:00\",\"dateModified\":\"2022-10-21T22:37:26+00:00\",\"mainEntityOfPage\":{\"@id\":\"https:\\\/\\\/casadecampoliving.com\\\/es\\\/los-muebles-de-el-huracan-y-sus-obras-se-exhiben-en-la-marina-casa-de-campo\\\/\"},\"wordCount\":213,\"publisher\":{\"@id\":\"https:\\\/\\\/casadecampoliving.com\\\/es\\\/#organization\"},\"image\":{\"@id\":\"https:\\\/\\\/casadecampoliving.com\\\/es\\\/los-muebles-de-el-huracan-y-sus-obras-se-exhiben-en-la-marina-casa-de-campo\\\/#primaryimage\"},\"thumbnailUrl\":\"https:\\\/\\\/i0.wp.com\\\/casadecampoliving.com\\\/wp-content\\\/uploads\\\/2022\\\/10\\\/art-furniture_wood-1.jpg?fit=650%2C357&ssl=1\",\"keywords\":[\"antigua palapa\",\"el huracan y sus obras\",\"Feria Barlovento @es\",\"la marina casa de campo\"],\"articleSection\":[\"Arte y cultura\",\"Compras\",\"Destacados\",\"Estilo de Vida\",\"La Marina Casa de Campo\",\"Noticias Locales\"],\"inLanguage\":\"es\"},{\"@type\":\"WebPage\",\"@id\":\"https:\\\/\\\/casadecampoliving.com\\\/es\\\/los-muebles-de-el-huracan-y-sus-obras-se-exhiben-en-la-marina-casa-de-campo\\\/\",\"url\":\"https:\\\/\\\/casadecampoliving.com\\\/es\\\/los-muebles-de-el-huracan-y-sus-obras-se-exhiben-en-la-marina-casa-de-campo\\\/\",\"name\":\"Los muebles de \\\"El Hurac\u00e1n y Sus Obras\\\" se exhiben en La Marina Casa de Campo! | Casa de Campo Living\",\"isPartOf\":{\"@id\":\"https:\\\/\\\/casadecampoliving.com\\\/es\\\/#website\"},\"primaryImageOfPage\":{\"@id\":\"https:\\\/\\\/casadecampoliving.com\\\/es\\\/los-muebles-de-el-huracan-y-sus-obras-se-exhiben-en-la-marina-casa-de-campo\\\/#primaryimage\"},\"image\":{\"@id\":\"https:\\\/\\\/casadecampoliving.com\\\/es\\\/los-muebles-de-el-huracan-y-sus-obras-se-exhiben-en-la-marina-casa-de-campo\\\/#primaryimage\"},\"thumbnailUrl\":\"https:\\\/\\\/i0.wp.com\\\/casadecampoliving.com\\\/wp-content\\\/uploads\\\/2022\\\/10\\\/art-furniture_wood-1.jpg?fit=650%2C357&ssl=1\",\"datePublished\":\"2012-01-05T04:00:00+00:00\",\"dateModified\":\"2022-10-21T22:37:26+00:00\",\"description\":\"Mauro Torriani y Gian Carlo Ricco, propietarios de la tienda de antiguedades \u201c\u201dNuovo Rinascimento\u201d y el recientemente remodelado Victory Club, est\u00e1n\",\"breadcrumb\":{\"@id\":\"https:\\\/\\\/casadecampoliving.com\\\/es\\\/los-muebles-de-el-huracan-y-sus-obras-se-exhiben-en-la-marina-casa-de-campo\\\/#breadcrumb\"},\"inLanguage\":\"es\",\"potentialAction\":[{\"@type\":\"ReadAction\",\"target\":[\"https:\\\/\\\/casadecampoliving.com\\\/es\\\/los-muebles-de-el-huracan-y-sus-obras-se-exhiben-en-la-marina-casa-de-campo\\\/\"]}]},{\"@type\":\"ImageObject\",\"inLanguage\":\"es\",\"@id\":\"https:\\\/\\\/casadecampoliving.com\\\/es\\\/los-muebles-de-el-huracan-y-sus-obras-se-exhiben-en-la-marina-casa-de-campo\\\/#primaryimage\",\"url\":\"https:\\\/\\\/i0.wp.com\\\/casadecampoliving.com\\\/wp-content\\\/uploads\\\/2022\\\/10\\\/art-furniture_wood-1.jpg?fit=650%2C357&ssl=1\",\"contentUrl\":\"https:\\\/\\\/i0.wp.com\\\/casadecampoliving.com\\\/wp-content\\\/uploads\\\/2022\\\/10\\\/art-furniture_wood-1.jpg?fit=650%2C357&ssl=1\",\"width\":650,\"height\":357,\"caption\":\"art furniture wood\"},{\"@type\":\"BreadcrumbList\",\"@id\":\"https:\\\/\\\/casadecampoliving.com\\\/es\\\/los-muebles-de-el-huracan-y-sus-obras-se-exhiben-en-la-marina-casa-de-campo\\\/#breadcrumb\",\"itemListElement\":[{\"@type\":\"ListItem\",\"position\":1,\"name\":\"Home\",\"item\":\"https:\\\/\\\/casadecampoliving.com\\\/es\\\/\"},{\"@type\":\"ListItem\",\"position\":2,\"name\":\"Los muebles de &#8220;El Hurac\u00e1n y Sus Obras&#8221; se exhiben en La Marina Casa de Campo!\"}]},{\"@type\":\"WebSite\",\"@id\":\"https:\\\/\\\/casadecampoliving.com\\\/es\\\/#website\",\"url\":\"https:\\\/\\\/casadecampoliving.com\\\/es\\\/\",\"name\":\"Casa de Campo Living\",\"description\":\"Resort community news and resources.\",\"publisher\":{\"@id\":\"https:\\\/\\\/casadecampoliving.com\\\/es\\\/#organization\"},\"potentialAction\":[{\"@type\":\"SearchAction\",\"target\":{\"@type\":\"EntryPoint\",\"urlTemplate\":\"https:\\\/\\\/casadecampoliving.com\\\/es\\\/?s={search_term_string}\"},\"query-input\":{\"@type\":\"PropertyValueSpecification\",\"valueRequired\":true,\"valueName\":\"search_term_string\"}}],\"inLanguage\":\"es\"},{\"@type\":\"Organization\",\"@id\":\"https:\\\/\\\/casadecampoliving.com\\\/es\\\/#organization\",\"name\":\"Casa de Campo Living\",\"url\":\"https:\\\/\\\/casadecampoliving.com\\\/es\\\/\",\"logo\":{\"@type\":\"ImageObject\",\"inLanguage\":\"es\",\"@id\":\"https:\\\/\\\/casadecampoliving.com\\\/es\\\/#\\\/schema\\\/logo\\\/image\\\/\",\"url\":\"https:\\\/\\\/i0.wp.com\\\/casadecampoliving.com\\\/wp-content\\\/uploads\\\/2022\\\/07\\\/CDCLivingLogo_V1-white-sized.png?fit=800%2C214&ssl=1\",\"contentUrl\":\"https:\\\/\\\/i0.wp.com\\\/casadecampoliving.com\\\/wp-content\\\/uploads\\\/2022\\\/07\\\/CDCLivingLogo_V1-white-sized.png?fit=800%2C214&ssl=1\",\"width\":800,\"height\":214,\"caption\":\"Casa de Campo Living\"},\"image\":{\"@id\":\"https:\\\/\\\/casadecampoliving.com\\\/es\\\/#\\\/schema\\\/logo\\\/image\\\/\"},\"sameAs\":[\"https:\\\/\\\/www.facebook.com\\\/casadecampoliving\",\"https:\\\/\\\/x.com\\\/cdcliving\"]},{\"@type\":\"Person\",\"@id\":\"https:\\\/\\\/casadecampoliving.com\\\/es\\\/#\\\/schema\\\/person\\\/7e3b975d584a5f6ac0fd7128a81b0bc5\",\"name\":\"\",\"image\":{\"@type\":\"ImageObject\",\"inLanguage\":\"es\",\"@id\":\"https:\\\/\\\/secure.gravatar.com\\\/avatar\\\/?s=96&d=mm&r=g\",\"url\":\"https:\\\/\\\/secure.gravatar.com\\\/avatar\\\/?s=96&d=mm&r=g\",\"contentUrl\":\"https:\\\/\\\/secure.gravatar.com\\\/avatar\\\/?s=96&d=mm&r=g\"},\"url\":\"https:\\\/\\\/casadecampoliving.com\\\/es\\\/author\\\/ \\\/\"}]}<\/script>\n<!-- \/ Yoast SEO plugin. -->","yoast_head_json":{"title":"Los muebles de \"El Hurac\u00e1n y Sus Obras\" se exhiben en La Marina Casa de Campo! | Casa de Campo Living","description":"Mauro Torriani y Gian Carlo Ricco, propietarios de la tienda de antiguedades \u201c\u201dNuovo Rinascimento\u201d y el recientemente remodelado Victory Club, est\u00e1n","robots":{"index":"index","follow":"follow","max-snippet":"max-snippet:-1","max-image-preview":"max-image-preview:large","max-video-preview":"max-video-preview:-1"},"canonical":"https:\/\/casadecampoliving.com\/es\/los-muebles-de-el-huracan-y-sus-obras-se-exhiben-en-la-marina-casa-de-campo\/","og_locale":"es_ES","og_type":"article","og_title":"Los muebles de \"El Hurac\u00e1n y Sus Obras\" se exhiben en La Marina Casa de Campo! | Casa de Campo Living","og_description":"Mauro Torriani y Gian Carlo Ricco, propietarios de la tienda de antiguedades \u201c\u201dNuovo Rinascimento\u201d y el recientemente remodelado Victory Club, est\u00e1n","og_url":"https:\/\/casadecampoliving.com\/es\/los-muebles-de-el-huracan-y-sus-obras-se-exhiben-en-la-marina-casa-de-campo\/","og_site_name":"Casa de Campo Living","article_publisher":"https:\/\/www.facebook.com\/casadecampoliving","article_published_time":"2012-01-05T04:00:00+00:00","article_modified_time":"2022-10-21T22:37:26+00:00","og_image":[{"width":650,"height":357,"url":"https:\/\/i0.wp.com\/casadecampoliving.com\/wp-content\/uploads\/2022\/10\/art-furniture_wood-1.jpg?fit=650%2C357&ssl=1","type":"image\/jpeg"}],"twitter_card":"summary_large_image","twitter_creator":"@cdcliving","twitter_site":"@cdcliving","twitter_misc":{"Escrito por":"","Tiempo de lectura":"1 minuto"},"schema":{"@context":"https:\/\/schema.org","@graph":[{"@type":"Article","@id":"https:\/\/casadecampoliving.com\/es\/los-muebles-de-el-huracan-y-sus-obras-se-exhiben-en-la-marina-casa-de-campo\/#article","isPartOf":{"@id":"https:\/\/casadecampoliving.com\/es\/los-muebles-de-el-huracan-y-sus-obras-se-exhiben-en-la-marina-casa-de-campo\/"},"author":{"name":"","@id":"https:\/\/casadecampoliving.com\/es\/#\/schema\/person\/7e3b975d584a5f6ac0fd7128a81b0bc5"},"headline":"Los muebles de \u00abEl Hurac\u00e1n y Sus Obras\u00bb se exhiben en La Marina Casa de Campo!","datePublished":"2012-01-05T04:00:00+00:00","dateModified":"2022-10-21T22:37:26+00:00","mainEntityOfPage":{"@id":"https:\/\/casadecampoliving.com\/es\/los-muebles-de-el-huracan-y-sus-obras-se-exhiben-en-la-marina-casa-de-campo\/"},"wordCount":213,"publisher":{"@id":"https:\/\/casadecampoliving.com\/es\/#organization"},"image":{"@id":"https:\/\/casadecampoliving.com\/es\/los-muebles-de-el-huracan-y-sus-obras-se-exhiben-en-la-marina-casa-de-campo\/#primaryimage"},"thumbnailUrl":"https:\/\/i0.wp.com\/casadecampoliving.com\/wp-content\/uploads\/2022\/10\/art-furniture_wood-1.jpg?fit=650%2C357&ssl=1","keywords":["antigua palapa","el huracan y sus obras","Feria Barlovento @es","la marina casa de campo"],"articleSection":["Arte y cultura","Compras","Destacados","Estilo de Vida","La Marina Casa de Campo","Noticias Locales"],"inLanguage":"es"},{"@type":"WebPage","@id":"https:\/\/casadecampoliving.com\/es\/los-muebles-de-el-huracan-y-sus-obras-se-exhiben-en-la-marina-casa-de-campo\/","url":"https:\/\/casadecampoliving.com\/es\/los-muebles-de-el-huracan-y-sus-obras-se-exhiben-en-la-marina-casa-de-campo\/","name":"Los muebles de \"El Hurac\u00e1n y Sus Obras\" se exhiben en La Marina Casa de Campo! | Casa de Campo Living","isPartOf":{"@id":"https:\/\/casadecampoliving.com\/es\/#website"},"primaryImageOfPage":{"@id":"https:\/\/casadecampoliving.com\/es\/los-muebles-de-el-huracan-y-sus-obras-se-exhiben-en-la-marina-casa-de-campo\/#primaryimage"},"image":{"@id":"https:\/\/casadecampoliving.com\/es\/los-muebles-de-el-huracan-y-sus-obras-se-exhiben-en-la-marina-casa-de-campo\/#primaryimage"},"thumbnailUrl":"https:\/\/i0.wp.com\/casadecampoliving.com\/wp-content\/uploads\/2022\/10\/art-furniture_wood-1.jpg?fit=650%2C357&ssl=1","datePublished":"2012-01-05T04:00:00+00:00","dateModified":"2022-10-21T22:37:26+00:00","description":"Mauro Torriani y Gian Carlo Ricco, propietarios de la tienda de antiguedades \u201c\u201dNuovo Rinascimento\u201d y el recientemente remodelado Victory Club, est\u00e1n","breadcrumb":{"@id":"https:\/\/casadecampoliving.com\/es\/los-muebles-de-el-huracan-y-sus-obras-se-exhiben-en-la-marina-casa-de-campo\/#breadcrumb"},"inLanguage":"es","potentialAction":[{"@type":"ReadAction","target":["https:\/\/casadecampoliving.com\/es\/los-muebles-de-el-huracan-y-sus-obras-se-exhiben-en-la-marina-casa-de-campo\/"]}]},{"@type":"ImageObject","inLanguage":"es","@id":"https:\/\/casadecampoliving.com\/es\/los-muebles-de-el-huracan-y-sus-obras-se-exhiben-en-la-marina-casa-de-campo\/#primaryimage","url":"https:\/\/i0.wp.com\/casadecampoliving.com\/wp-content\/uploads\/2022\/10\/art-furniture_wood-1.jpg?fit=650%2C357&ssl=1","contentUrl":"https:\/\/i0.wp.com\/casadecampoliving.com\/wp-content\/uploads\/2022\/10\/art-furniture_wood-1.jpg?fit=650%2C357&ssl=1","width":650,"height":357,"caption":"art furniture wood"},{"@type":"BreadcrumbList","@id":"https:\/\/casadecampoliving.com\/es\/los-muebles-de-el-huracan-y-sus-obras-se-exhiben-en-la-marina-casa-de-campo\/#breadcrumb","itemListElement":[{"@type":"ListItem","position":1,"name":"Home","item":"https:\/\/casadecampoliving.com\/es\/"},{"@type":"ListItem","position":2,"name":"Los muebles de &#8220;El Hurac\u00e1n y Sus Obras&#8221; se exhiben en La Marina Casa de Campo!"}]},{"@type":"WebSite","@id":"https:\/\/casadecampoliving.com\/es\/#website","url":"https:\/\/casadecampoliving.com\/es\/","name":"Casa de Campo Living","description":"Resort community news and resources.","publisher":{"@id":"https:\/\/casadecampoliving.com\/es\/#organization"},"potentialAction":[{"@type":"SearchAction","target":{"@type":"EntryPoint","urlTemplate":"https:\/\/casadecampoliving.com\/es\/?s={search_term_string}"},"query-input":{"@type":"PropertyValueSpecification","valueRequired":true,"valueName":"search_term_string"}}],"inLanguage":"es"},{"@type":"Organization","@id":"https:\/\/casadecampoliving.com\/es\/#organization","name":"Casa de Campo Living","url":"https:\/\/casadecampoliving.com\/es\/","logo":{"@type":"ImageObject","inLanguage":"es","@id":"https:\/\/casadecampoliving.com\/es\/#\/schema\/logo\/image\/","url":"https:\/\/i0.wp.com\/casadecampoliving.com\/wp-content\/uploads\/2022\/07\/CDCLivingLogo_V1-white-sized.png?fit=800%2C214&ssl=1","contentUrl":"https:\/\/i0.wp.com\/casadecampoliving.com\/wp-content\/uploads\/2022\/07\/CDCLivingLogo_V1-white-sized.png?fit=800%2C214&ssl=1","width":800,"height":214,"caption":"Casa de Campo Living"},"image":{"@id":"https:\/\/casadecampoliving.com\/es\/#\/schema\/logo\/image\/"},"sameAs":["https:\/\/www.facebook.com\/casadecampoliving","https:\/\/x.com\/cdcliving"]},{"@type":"Person","@id":"https:\/\/casadecampoliving.com\/es\/#\/schema\/person\/7e3b975d584a5f6ac0fd7128a81b0bc5","name":"","image":{"@type":"ImageObject","inLanguage":"es","@id":"https:\/\/secure.gravatar.com\/avatar\/?s=96&d=mm&r=g","url":"https:\/\/secure.gravatar.com\/avatar\/?s=96&d=mm&r=g","contentUrl":"https:\/\/secure.gravatar.com\/avatar\/?s=96&d=mm&r=g"},"url":"https:\/\/casadecampoliving.com\/es\/author\/ \/"}]}},"parsely":{"version":"1.1.0","canonical_url":"https:\/\/casadecampoliving.com\/es\/los-muebles-de-el-huracan-y-sus-obras-se-exhiben-en-la-marina-casa-de-campo\/","smart_links":{"inbound":0,"outbound":0},"traffic_boost_suggestions_count":0,"meta":{"@context":"https:\/\/schema.org","@type":"NewsArticle","headline":"Los muebles de \u00abEl Hurac\u00e1n y Sus Obras\u00bb se exhiben en La Marina Casa de Campo!","url":"http:\/\/casadecampoliving.com\/es\/los-muebles-de-el-huracan-y-sus-obras-se-exhiben-en-la-marina-casa-de-campo\/","mainEntityOfPage":{"@type":"WebPage","@id":"http:\/\/casadecampoliving.com\/es\/los-muebles-de-el-huracan-y-sus-obras-se-exhiben-en-la-marina-casa-de-campo\/"},"thumbnailUrl":"https:\/\/i0.wp.com\/casadecampoliving.com\/wp-content\/uploads\/2022\/10\/art-furniture_wood-1.jpg?resize=150%2C150&ssl=1","image":{"@type":"ImageObject","url":"https:\/\/i0.wp.com\/casadecampoliving.com\/wp-content\/uploads\/2022\/10\/art-furniture_wood-1.jpg?fit=650%2C357&ssl=1"},"articleSection":"Arte y cultura","author":[{"@type":"Person","name":"FB_515917546"}],"creator":["FB_515917546"],"publisher":{"@type":"Organization","name":"Casa de Campo Living","logo":"https:\/\/casadecampoliving.com\/wp-content\/uploads\/2022\/07\/CDCLivingLogo_V1-white-sized.png"},"keywords":["antigua palapa","el huracan y sus obras","feria barlovento @es","la marina casa de campo"],"dateCreated":"2012-01-05T04:00:00Z","datePublished":"2012-01-05T04:00:00Z","dateModified":"2022-10-21T22:37:26Z"},"rendered":"<script type=\"application\/ld+json\" class=\"wp-parsely-metadata\">{\"@context\":\"https:\\\/\\\/schema.org\",\"@type\":\"NewsArticle\",\"headline\":\"Los muebles de \\u00abEl Hurac\\u00e1n y Sus Obras\\u00bb se exhiben en La Marina Casa de Campo!\",\"url\":\"http:\\\/\\\/casadecampoliving.com\\\/es\\\/los-muebles-de-el-huracan-y-sus-obras-se-exhiben-en-la-marina-casa-de-campo\\\/\",\"mainEntityOfPage\":{\"@type\":\"WebPage\",\"@id\":\"http:\\\/\\\/casadecampoliving.com\\\/es\\\/los-muebles-de-el-huracan-y-sus-obras-se-exhiben-en-la-marina-casa-de-campo\\\/\"},\"thumbnailUrl\":\"https:\\\/\\\/i0.wp.com\\\/casadecampoliving.com\\\/wp-content\\\/uploads\\\/2022\\\/10\\\/art-furniture_wood-1.jpg?resize=150%2C150&ssl=1\",\"image\":{\"@type\":\"ImageObject\",\"url\":\"https:\\\/\\\/i0.wp.com\\\/casadecampoliving.com\\\/wp-content\\\/uploads\\\/2022\\\/10\\\/art-furniture_wood-1.jpg?fit=650%2C357&ssl=1\"},\"articleSection\":\"Arte y cultura\",\"author\":[{\"@type\":\"Person\",\"name\":\"FB_515917546\"}],\"creator\":[\"FB_515917546\"],\"publisher\":{\"@type\":\"Organization\",\"name\":\"Casa de Campo Living\",\"logo\":\"https:\\\/\\\/casadecampoliving.com\\\/wp-content\\\/uploads\\\/2022\\\/07\\\/CDCLivingLogo_V1-white-sized.png\"},\"keywords\":[\"antigua palapa\",\"el huracan y sus obras\",\"feria barlovento @es\",\"la marina casa de campo\"],\"dateCreated\":\"2012-01-05T04:00:00Z\",\"datePublished\":\"2012-01-05T04:00:00Z\",\"dateModified\":\"2022-10-21T22:37:26Z\"}<\/script>","tracker_url":"https:\/\/cdn.parsely.com\/keys\/casadecampoliving.com\/p.js"},"jetpack_publicize_connections":[],"jetpack_featured_media_url":"https:\/\/i0.wp.com\/casadecampoliving.com\/wp-content\/uploads\/2022\/10\/art-furniture_wood-1.jpg?fit=650%2C357&ssl=1","jetpack-related-posts":[{"id":338131,"url":"https:\/\/casadecampoliving.com\/es\/esta-semana-en-casa-16-22-ene\/","url_meta":{"origin":337985,"position":0},"title":"Esta Semana en Casa: 16 &#8211; 22 Ene!","author":"","date":"16 Ene, 2012","format":false,"excerpt":"Despu\u00e9s de un fin de semana bastante tranquilo, esta semana en Casa de Campo, podr\u00e1 encontrar a\u00fan la exhibici\u00f3n de muebles y arte \u201d El Hurac\u00e1n y sus obras\u201c, en La Marina Casa de Campo, el mi\u00e9rcoles la exhibici\u00f3n de arte del artista colombiano Manuel Hern\u00e1ndez y el jueves podr\u00e1\u2026","rel":"","context":"En \u00abNoticias Locales\u00bb","block_context":{"text":"Noticias Locales","link":"https:\/\/casadecampoliving.com\/es\/category\/noticias-locales\/"},"img":{"alt_text":"","src":"https:\/\/i0.wp.com\/casadecampoliving.com\/wp-content\/uploads\/2022\/10\/teeth_of_the_dog_casa_de_campo1-3.jpg?fit=650%2C350&ssl=1&resize=350%2C200","width":350,"height":200,"srcset":"https:\/\/i0.wp.com\/casadecampoliving.com\/wp-content\/uploads\/2022\/10\/teeth_of_the_dog_casa_de_campo1-3.jpg?fit=650%2C350&ssl=1&resize=350%2C200 1x, https:\/\/i0.wp.com\/casadecampoliving.com\/wp-content\/uploads\/2022\/10\/teeth_of_the_dog_casa_de_campo1-3.jpg?fit=650%2C350&ssl=1&resize=525%2C300 1.5x"},"classes":[]},{"id":338166,"url":"https:\/\/casadecampoliving.com\/es\/este-fin-de-semana-en-casa-20-22-enero\/","url_meta":{"origin":337985,"position":1},"title":"Este Fin de Semana en Casa: 20 &#8211; 22 Enero!","author":"","date":"20 Ene, 2012","format":false,"excerpt":"Este fin de semana en Casa de Campo parece que tambi\u00e9n ser\u00e1 uno tranquilo, tiempo para disfrutar de la familia y del d\u00eda feriado de La Altagracia. A\u00fan abiertas est\u00e1n; la exhibici\u00f3n de arte \u201cCaminos Azules\u201d por Fernando Tamburini en la Galer\u00eda de Arte de Altos de Chav\u00f3n, la exhibici\u00f3n\u2026","rel":"","context":"En \u00abNoticias Locales\u00bb","block_context":{"text":"Noticias Locales","link":"https:\/\/casadecampoliving.com\/es\/category\/noticias-locales\/"},"img":{"alt_text":"","src":"https:\/\/i0.wp.com\/casadecampoliving.com\/wp-content\/uploads\/2022\/10\/altos_de_chavon-18.jpg?fit=650%2C350&ssl=1&resize=350%2C200","width":350,"height":200,"srcset":"https:\/\/i0.wp.com\/casadecampoliving.com\/wp-content\/uploads\/2022\/10\/altos_de_chavon-18.jpg?fit=650%2C350&ssl=1&resize=350%2C200 1x, https:\/\/i0.wp.com\/casadecampoliving.com\/wp-content\/uploads\/2022\/10\/altos_de_chavon-18.jpg?fit=650%2C350&ssl=1&resize=525%2C300 1.5x"},"classes":[]},{"id":338104,"url":"https:\/\/casadecampoliving.com\/es\/este-fin-de-semana-en-casa-13-15-ene\/","url_meta":{"origin":337985,"position":2},"title":"Este Fin de Semana en Casa: 13 &#8211; 15 Ene!","author":"","date":"13 Ene, 2012","format":false,"excerpt":"Este fin de semana en Casa de Campo parece estar en calma, lo que se convierte en una oportunidad para descansar y compartir junto a su familia y amigos, ya sea en su villa privada de Casa de Campo, en la Playa Minitas o en uno de los extraordinarios campos\u2026","rel":"","context":"En \u00abNoticias Locales\u00bb","block_context":{"text":"Noticias Locales","link":"https:\/\/casadecampoliving.com\/es\/category\/noticias-locales\/"},"img":{"alt_text":"","src":"https:\/\/i0.wp.com\/casadecampoliving.com\/wp-content\/uploads\/2022\/10\/week_casa_de_campo1-1.jpg?fit=650%2C350&ssl=1&resize=350%2C200","width":350,"height":200,"srcset":"https:\/\/i0.wp.com\/casadecampoliving.com\/wp-content\/uploads\/2022\/10\/week_casa_de_campo1-1.jpg?fit=650%2C350&ssl=1&resize=350%2C200 1x, https:\/\/i0.wp.com\/casadecampoliving.com\/wp-content\/uploads\/2022\/10\/week_casa_de_campo1-1.jpg?fit=650%2C350&ssl=1&resize=525%2C300 1.5x"},"classes":[]},{"id":338037,"url":"https:\/\/casadecampoliving.com\/es\/esta-semana-en-casa-de-campo-9-15-ene\/","url_meta":{"origin":337985,"position":3},"title":"Esta Semana en Casa de Campo: 9 &#8211; 15 Ene!","author":"","date":"9 Ene, 2012","format":false,"excerpt":"Despu\u00e9s de un fin de semana sumamente divertido con la pasada 3ra Feria Barlovento en La Marina Casa de Campo, esta semana Casa de Campo empieza m\u00e1s relajado con este lunes feriado, en la celebraci\u00f3n de los \u201cSantos Reyes Magos\u201d. \u00a0Y por supuesto, tampoco puede perderse la exhibici\u00f3n de muebles\u2026","rel":"","context":"En \u00abEventos\u00bb","block_context":{"text":"Eventos","link":"https:\/\/casadecampoliving.com\/es\/category\/eventos-es\/"},"img":{"alt_text":"","src":"https:\/\/i0.wp.com\/casadecampoliving.com\/wp-content\/uploads\/2022\/10\/casa_de_campo-10.jpg?fit=650%2C350&ssl=1&resize=350%2C200","width":350,"height":200,"srcset":"https:\/\/i0.wp.com\/casadecampoliving.com\/wp-content\/uploads\/2022\/10\/casa_de_campo-10.jpg?fit=650%2C350&ssl=1&resize=350%2C200 1x, https:\/\/i0.wp.com\/casadecampoliving.com\/wp-content\/uploads\/2022\/10\/casa_de_campo-10.jpg?fit=650%2C350&ssl=1&resize=525%2C300 1.5x"},"classes":[]},{"id":433460,"url":"https:\/\/casadecampoliving.com\/es\/no-se-pierdan-el-increible-tributo-a-frank-sinatra-para-celebrar-el-40-aniversario-del-anfiteatro-altos-de-chavon\/","url_meta":{"origin":337985,"position":4},"title":"No se pierdan el incre\u00edble tributo a Frank Sinatra para celebrar el 40 aniversario del\u00a0Anfiteatro Altos de Chav\u00f3n","author":"Casa de Campo Living","date":"20 Oct, 2022","format":false,"excerpt":"Siendo uno de los escenarios m\u00e1s emblem\u00e1ticos del pa\u00eds, Casa de Campo Resort\u00ae & Villas celebra las cuatro d\u00e9cadas de aniversario de Altos de Chav\u00f3n con un tributo al gran Frank Sinatra, protagonizado por artistas invitados y una big band tal cual la que acompa\u00f1\u00f3 al artista hace 40 a\u00f1os\u2026","rel":"","context":"En \u00abUncategorized @es\u00bb","block_context":{"text":"Uncategorized @es","link":"https:\/\/casadecampoliving.com\/es\/category\/uncategorized-es\/"},"img":{"alt_text":"","src":"https:\/\/i0.wp.com\/casadecampoliving.com\/wp-content\/uploads\/2022\/10\/Tributo-Frank-Sinatra-Foto-Principal-Amaury-Sanchez-Danilo-Ginebra-Andres-Pichardo-y-Jose-Gabriel-Perez-.jpg?fit=1200%2C873&ssl=1&resize=350%2C200","width":350,"height":200,"srcset":"https:\/\/i0.wp.com\/casadecampoliving.com\/wp-content\/uploads\/2022\/10\/Tributo-Frank-Sinatra-Foto-Principal-Amaury-Sanchez-Danilo-Ginebra-Andres-Pichardo-y-Jose-Gabriel-Perez-.jpg?fit=1200%2C873&ssl=1&resize=350%2C200 1x, https:\/\/i0.wp.com\/casadecampoliving.com\/wp-content\/uploads\/2022\/10\/Tributo-Frank-Sinatra-Foto-Principal-Amaury-Sanchez-Danilo-Ginebra-Andres-Pichardo-y-Jose-Gabriel-Perez-.jpg?fit=1200%2C873&ssl=1&resize=525%2C300 1.5x, https:\/\/i0.wp.com\/casadecampoliving.com\/wp-content\/uploads\/2022\/10\/Tributo-Frank-Sinatra-Foto-Principal-Amaury-Sanchez-Danilo-Ginebra-Andres-Pichardo-y-Jose-Gabriel-Perez-.jpg?fit=1200%2C873&ssl=1&resize=700%2C400 2x, https:\/\/i0.wp.com\/casadecampoliving.com\/wp-content\/uploads\/2022\/10\/Tributo-Frank-Sinatra-Foto-Principal-Amaury-Sanchez-Danilo-Ginebra-Andres-Pichardo-y-Jose-Gabriel-Perez-.jpg?fit=1200%2C873&ssl=1&resize=1050%2C600 3x"},"classes":[]},{"id":320893,"url":"https:\/\/casadecampoliving.com\/el-huracan-y-sus-obras-furniture-art-exhibit-in-the-marina-casa-de-campo\/","url_meta":{"origin":337985,"position":5},"title":"\u00abEl Huracan y Sus Obras\u00bb furniture-art exhibit in the Marina Casa de Campo","author":"Rebecca Silvestri","date":"5 Ene, 2012","format":false,"excerpt":"Mauro Torriani and Gian Carlo Ricco, who run the antique store \u201cNuovo Rinascimento\u201d and the recently re-modelled and re-opened Victory Club are currently hosted an furniture-art exhibit in the Marina Casa de Campo. The unusual exhibit, \u201cEl\u00a0Hurac\u00e1n\u00a0y sus Obras\u201d by Arte Sebastian, is a collection of beautifully styled, polished and\u2026","rel":"","context":"En \u00abArt and Culture\u00bb","block_context":{"text":"Art and Culture","link":"https:\/\/casadecampoliving.com\/category\/art-and-culture\/"},"img":{"alt_text":"art furniture wood","src":"https:\/\/i0.wp.com\/casadecampoliving.com\/wp-content\/uploads\/2022\/10\/art-furniture_wood-1.jpg?fit=650%2C357&ssl=1&resize=350%2C200","width":350,"height":200,"srcset":"https:\/\/i0.wp.com\/casadecampoliving.com\/wp-content\/uploads\/2022\/10\/art-furniture_wood-1.jpg?fit=650%2C357&ssl=1&resize=350%2C200 1x, https:\/\/i0.wp.com\/casadecampoliving.com\/wp-content\/uploads\/2022\/10\/art-furniture_wood-1.jpg?fit=650%2C357&ssl=1&resize=525%2C300 1.5x"},"classes":[]}],"jetpack_sharing_enabled":true,"_links":{"self":[{"href":"https:\/\/casadecampoliving.com\/es\/wp-json\/wp\/v2\/posts\/337985","targetHints":{"allow":["GET"]}}],"collection":[{"href":"https:\/\/casadecampoliving.com\/es\/wp-json\/wp\/v2\/posts"}],"about":[{"href":"https:\/\/casadecampoliving.com\/es\/wp-json\/wp\/v2\/types\/post"}],"author":[{"embeddable":true,"href":"https:\/\/casadecampoliving.com\/es\/wp-json\/wp\/v2\/users\/21"}],"replies":[{"embeddable":true,"href":"https:\/\/casadecampoliving.com\/es\/wp-json\/wp\/v2\/comments?post=337985"}],"version-history":[{"count":1,"href":"https:\/\/casadecampoliving.com\/es\/wp-json\/wp\/v2\/posts\/337985\/revisions"}],"predecessor-version":[{"id":337986,"href":"https:\/\/casadecampoliving.com\/es\/wp-json\/wp\/v2\/posts\/337985\/revisions\/337986"}],"wp:featuredmedia":[{"embeddable":true,"href":"https:\/\/casadecampoliving.com\/es\/wp-json\/wp\/v2\/media\/238322"}],"wp:attachment":[{"href":"https:\/\/casadecampoliving.com\/es\/wp-json\/wp\/v2\/media?parent=337985"}],"wp:term":[{"taxonomy":"category","embeddable":true,"href":"https:\/\/casadecampoliving.com\/es\/wp-json\/wp\/v2\/categories?post=337985"},{"taxonomy":"post_tag","embeddable":true,"href":"https:\/\/casadecampoliving.com\/es\/wp-json\/wp\/v2\/tags?post=337985"},{"taxonomy":"newspack_spnsrs_tax","embeddable":true,"href":"https:\/\/casadecampoliving.com\/es\/wp-json\/wp\/v2\/newspack_spnsrs_tax?post=337985"}],"curies":[{"name":"wp","href":"https:\/\/api.w.org\/{rel}","templated":true}]}}