{"id":337901,"date":"2011-12-24T00:00:00","date_gmt":"2011-12-24T04:00:00","guid":{"rendered":"https:\/\/casadecampoliving.com\/disfrute-de-un-coctel-y-del-arte-naive-de-jenny-polanco-en-la-marina-casa-de-campo\/"},"modified":"2022-10-21T18:45:53","modified_gmt":"2022-10-21T22:45:53","slug":"disfrute-de-un-coctel-y-del-arte-naive-de-jenny-polanco-en-la-marina-casa-de-campo","status":"publish","type":"post","link":"https:\/\/casadecampoliving.com\/es\/disfrute-de-un-coctel-y-del-arte-naive-de-jenny-polanco-en-la-marina-casa-de-campo\/","title":{"rendered":"Disfrute de un c\u00f3ctel y del \u00abArte Naive\u00bb de Jenny Polanco en La Marina Casa de Campo"},"content":{"rendered":"<div class=\"wp-block-image\">\n<figure class=\"aligncenter is-resized\"><img loading=\"lazy\" decoding=\"async\" src=\"https:\/\/i0.wp.com\/casadecampoliving.com\/wp-content\/uploads\/2022\/10\/jenny_polanco_marina_casa_de_campo.jpg?resize=650%2C344&amp;ssl=1\" alt=\"jenny polanco marina casa de campo\" class=\"wp-image-41048\" title=\"jenny_polanco_marina_casa_de_campo\" height=\"344\" width=\"650\"\/><\/figure>\n<\/div>\n\n\n<p>El pr\u00f3ximo martes 27 de diciembre, el \u201cJenny Polanco\u2019s Porject\u201d, su tienda artesanal de La Marina de Casa de Campo, estar\u00e1 organizando un c\u00f3ctel y exhibici\u00f3n de arte denominado \u201cArte Naive\u201d a beneficio del Hogar del Ni\u00f1o.&nbsp;<\/p>\n\n\n\n<!--more-->\n\n\n\n<p>La exhibici\u00f3n &nbsp;\u201cArte Naive\u201d destacar\u00e1 piezas tradicionales y artesanales, tales como joyas, pinturas, accesorios y esculturas, todas hechas a mano por artistas haitianos y dominicanos. Y mientras los visitantes disfrutan de la exhibici\u00f3n, estos ser\u00e1n invitados a disfrutar del c\u00f3ctel.<\/p>\n\n\n\n<p>Como Jenny Polanco est\u00e1 organizando la velada al puro estilo del Caf\u00e9 de la Leche, a esta artista le gustar\u00eda que los asistentes donen una lata de leche para el&nbsp;&nbsp;Hogar del Ni\u00f1o (como ocurre durante el evento del Caf\u00e9 de la Leche)<\/p>\n\n\n\n<blockquote class=\"wp-block-quote is-layout-flow wp-block-quote-is-layout-flow\"><p><span style=\"text-decoration: underline;\"><strong>C\u00f3ctel y Exhibici\u00f3n de Arte \u201cArte Naive\u201d<\/strong><\/span><\/p><p><strong>Fecha:<\/strong>&nbsp;martes 27 de diciembre, 5pm \u2013 9pm<\/p><p><strong>Lugar:<\/strong>&nbsp;En el \u201cJenny Polanco Project\u201d, tienda en La Marina Casa de Campo<\/p><p><strong>Costo:<\/strong>&nbsp;Gratis<\/p><p><strong>Contribuci\u00f3n:<\/strong>&nbsp;Los invitados son bienvenidos a donar leche en polvo o cereales para ayudar alimentar a los m\u00e1s de 200 beb\u00e9s que a diario cuida el Hogar del Ni\u00f1o en La Romana.<\/p><\/blockquote>\n","protected":false},"excerpt":{"rendered":"<p>El pr\u00f3ximo martes 27 de diciembre, el \u201cJenny Polanco\u2019s Porject\u201d, su tienda artesanal de La Marina de Casa de Campo, estar\u00e1 organizando un c\u00f3ctel y exhibici\u00f3n de arte denominado \u201cArte Naive\u201d a beneficio del Hogar del Ni\u00f1o.&nbsp;<\/p>\n","protected":false},"author":21,"featured_media":234970,"comment_status":"closed","ping_status":"closed","sticky":false,"template":"","format":"standard","meta":{"newspack_ads_suppress_ads":false,"newspack_popups_has_disabled_popups":false,"newspack_sponsor_sponsorship_scope":"","newspack_sponsor_native_byline_display":"inherit","newspack_sponsor_native_category_display":"inherit","newspack_sponsor_underwriter_style":"inherit","newspack_sponsor_underwriter_placement":"inherit","_newspack_byline_active":false,"_newspack_byline":"","newspack_content_restriction_is_exempt":false,"newspack_featured_image_position":"","newspack_post_subtitle":"","newspack_article_summary_title":"Overview:","newspack_article_summary":"","newspack_hide_updated_date":false,"newspack_show_updated_date":false,"_jetpack_memberships_contains_paid_content":false,"footnotes":"","jetpack_publicize_message":"","jetpack_publicize_feature_enabled":true,"jetpack_social_post_already_shared":false,"jetpack_social_options":{"image_generator_settings":{"template":"highway","default_image_id":0,"font":"","enabled":false},"version":2},"_wpas_customize_per_network":false},"categories":[26823,2524,2522,2514,2516,26581,14625,14627],"tags":[476,3395,1630,3573],"newspack_spnsrs_tax":[],"class_list":["post-337901","post","type-post","status-publish","format-standard","has-post-thumbnail","hentry","category-arte-y-cultura","category-destacados","category-eventos-es","category-fundaciones-es","category-hogar-del-nino-es","category-la-marina-casa-de-campo","category-noticias-locales","category-proximamente","tag-art","tag-dominican-art","tag-jenny-polanco","tag-marina-casa-de-campo-es","entry"],"yoast_head":"<!-- This site is optimized with the Yoast SEO plugin v27.2 - https:\/\/yoast.com\/product\/yoast-seo-wordpress\/ -->\n<title>Disfrute de un c\u00f3ctel y del &quot;Arte Naive&quot; de Jenny Polanco en La Marina Casa de Campo | Casa de Campo Living<\/title>\n<meta name=\"description\" content=\"El pr\u00f3ximo martes 27 de diciembre, el \u201cJenny Polanco\u2019s Porject\u201d, su tienda artesanal de La Marina de Casa de Campo, estar\u00e1 organizando un c\u00f3ctel y\" \/>\n<meta name=\"robots\" content=\"index, follow, max-snippet:-1, max-image-preview:large, max-video-preview:-1\" \/>\n<link rel=\"canonical\" href=\"https:\/\/casadecampoliving.com\/es\/disfrute-de-un-coctel-y-del-arte-naive-de-jenny-polanco-en-la-marina-casa-de-campo\/\" \/>\n<meta property=\"og:locale\" content=\"es_ES\" \/>\n<meta property=\"og:type\" content=\"article\" \/>\n<meta property=\"og:title\" content=\"Disfrute de un c\u00f3ctel y del &quot;Arte Naive&quot; de Jenny Polanco en La Marina Casa de Campo | Casa de Campo Living\" \/>\n<meta property=\"og:description\" content=\"El pr\u00f3ximo martes 27 de diciembre, el \u201cJenny Polanco\u2019s Porject\u201d, su tienda artesanal de La Marina de Casa de Campo, estar\u00e1 organizando un c\u00f3ctel y\" \/>\n<meta property=\"og:url\" content=\"https:\/\/casadecampoliving.com\/es\/disfrute-de-un-coctel-y-del-arte-naive-de-jenny-polanco-en-la-marina-casa-de-campo\/\" \/>\n<meta property=\"og:site_name\" content=\"Casa de Campo Living\" \/>\n<meta property=\"article:publisher\" content=\"https:\/\/www.facebook.com\/casadecampoliving\" \/>\n<meta property=\"article:published_time\" content=\"2011-12-24T04:00:00+00:00\" \/>\n<meta property=\"article:modified_time\" content=\"2022-10-21T22:45:53+00:00\" \/>\n<meta property=\"og:image\" content=\"https:\/\/i0.wp.com\/casadecampoliving.com\/wp-content\/uploads\/2022\/10\/jenny_polanco_marina_casa_de_campo-1.jpg?fit=650%2C344&ssl=1\" \/>\n\t<meta property=\"og:image:width\" content=\"650\" \/>\n\t<meta property=\"og:image:height\" content=\"344\" \/>\n\t<meta property=\"og:image:type\" content=\"image\/jpeg\" \/>\n<meta name=\"twitter:card\" content=\"summary_large_image\" \/>\n<meta name=\"twitter:creator\" content=\"@cdcliving\" \/>\n<meta name=\"twitter:site\" content=\"@cdcliving\" \/>\n<meta name=\"twitter:label1\" content=\"Escrito por\" \/>\n\t<meta name=\"twitter:data1\" content=\"\" \/>\n\t<meta name=\"twitter:label2\" content=\"Tiempo de lectura\" \/>\n\t<meta name=\"twitter:data2\" content=\"1 minuto\" \/>\n<script type=\"application\/ld+json\" class=\"yoast-schema-graph\">{\"@context\":\"https:\/\/schema.org\",\"@graph\":[{\"@type\":\"Article\",\"@id\":\"https:\/\/casadecampoliving.com\/es\/disfrute-de-un-coctel-y-del-arte-naive-de-jenny-polanco-en-la-marina-casa-de-campo\/#article\",\"isPartOf\":{\"@id\":\"https:\/\/casadecampoliving.com\/es\/disfrute-de-un-coctel-y-del-arte-naive-de-jenny-polanco-en-la-marina-casa-de-campo\/\"},\"author\":{\"name\":\"\",\"@id\":\"https:\/\/casadecampoliving.com\/es\/#\/schema\/person\/7e3b975d584a5f6ac0fd7128a81b0bc5\"},\"headline\":\"Disfrute de un c\u00f3ctel y del \u00abArte Naive\u00bb de Jenny Polanco en La Marina Casa de Campo\",\"datePublished\":\"2011-12-24T04:00:00+00:00\",\"dateModified\":\"2022-10-21T22:45:53+00:00\",\"mainEntityOfPage\":{\"@id\":\"https:\/\/casadecampoliving.com\/es\/disfrute-de-un-coctel-y-del-arte-naive-de-jenny-polanco-en-la-marina-casa-de-campo\/\"},\"wordCount\":221,\"publisher\":{\"@id\":\"https:\/\/casadecampoliving.com\/es\/#organization\"},\"image\":{\"@id\":\"https:\/\/casadecampoliving.com\/es\/disfrute-de-un-coctel-y-del-arte-naive-de-jenny-polanco-en-la-marina-casa-de-campo\/#primaryimage\"},\"thumbnailUrl\":\"https:\/\/i0.wp.com\/casadecampoliving.com\/wp-content\/uploads\/2022\/10\/jenny_polanco_marina_casa_de_campo-1.jpg?fit=650%2C344&ssl=1\",\"keywords\":[\"art\",\"dominican art\",\"jenny polanco\",\"Marina Casa de Campo @es\"],\"articleSection\":[\"Arte y cultura\",\"Destacados\",\"Eventos\",\"Fundaciones\",\"Hogar del Ni\u00f1o @es\",\"La Marina Casa de Campo\",\"Noticias Locales\",\"Proximamente\"],\"inLanguage\":\"es\"},{\"@type\":\"WebPage\",\"@id\":\"https:\/\/casadecampoliving.com\/es\/disfrute-de-un-coctel-y-del-arte-naive-de-jenny-polanco-en-la-marina-casa-de-campo\/\",\"url\":\"https:\/\/casadecampoliving.com\/es\/disfrute-de-un-coctel-y-del-arte-naive-de-jenny-polanco-en-la-marina-casa-de-campo\/\",\"name\":\"Disfrute de un c\u00f3ctel y del \\\"Arte Naive\\\" de Jenny Polanco en La Marina Casa de Campo | Casa de Campo Living\",\"isPartOf\":{\"@id\":\"https:\/\/casadecampoliving.com\/es\/#website\"},\"primaryImageOfPage\":{\"@id\":\"https:\/\/casadecampoliving.com\/es\/disfrute-de-un-coctel-y-del-arte-naive-de-jenny-polanco-en-la-marina-casa-de-campo\/#primaryimage\"},\"image\":{\"@id\":\"https:\/\/casadecampoliving.com\/es\/disfrute-de-un-coctel-y-del-arte-naive-de-jenny-polanco-en-la-marina-casa-de-campo\/#primaryimage\"},\"thumbnailUrl\":\"https:\/\/i0.wp.com\/casadecampoliving.com\/wp-content\/uploads\/2022\/10\/jenny_polanco_marina_casa_de_campo-1.jpg?fit=650%2C344&ssl=1\",\"datePublished\":\"2011-12-24T04:00:00+00:00\",\"dateModified\":\"2022-10-21T22:45:53+00:00\",\"description\":\"El pr\u00f3ximo martes 27 de diciembre, el \u201cJenny Polanco\u2019s Porject\u201d, su tienda artesanal de La Marina de Casa de Campo, estar\u00e1 organizando un c\u00f3ctel y\",\"breadcrumb\":{\"@id\":\"https:\/\/casadecampoliving.com\/es\/disfrute-de-un-coctel-y-del-arte-naive-de-jenny-polanco-en-la-marina-casa-de-campo\/#breadcrumb\"},\"inLanguage\":\"es\",\"potentialAction\":[{\"@type\":\"ReadAction\",\"target\":[\"https:\/\/casadecampoliving.com\/es\/disfrute-de-un-coctel-y-del-arte-naive-de-jenny-polanco-en-la-marina-casa-de-campo\/\"]}]},{\"@type\":\"ImageObject\",\"inLanguage\":\"es\",\"@id\":\"https:\/\/casadecampoliving.com\/es\/disfrute-de-un-coctel-y-del-arte-naive-de-jenny-polanco-en-la-marina-casa-de-campo\/#primaryimage\",\"url\":\"https:\/\/i0.wp.com\/casadecampoliving.com\/wp-content\/uploads\/2022\/10\/jenny_polanco_marina_casa_de_campo-1.jpg?fit=650%2C344&ssl=1\",\"contentUrl\":\"https:\/\/i0.wp.com\/casadecampoliving.com\/wp-content\/uploads\/2022\/10\/jenny_polanco_marina_casa_de_campo-1.jpg?fit=650%2C344&ssl=1\",\"width\":650,\"height\":344,\"caption\":\"jenny polanco marina casa de campo\"},{\"@type\":\"BreadcrumbList\",\"@id\":\"https:\/\/casadecampoliving.com\/es\/disfrute-de-un-coctel-y-del-arte-naive-de-jenny-polanco-en-la-marina-casa-de-campo\/#breadcrumb\",\"itemListElement\":[{\"@type\":\"ListItem\",\"position\":1,\"name\":\"Home\",\"item\":\"https:\/\/casadecampoliving.com\/es\/\"},{\"@type\":\"ListItem\",\"position\":2,\"name\":\"Disfrute de un c\u00f3ctel y del &#8220;Arte Naive&#8221; de Jenny Polanco en La Marina Casa de Campo\"}]},{\"@type\":\"WebSite\",\"@id\":\"https:\/\/casadecampoliving.com\/es\/#website\",\"url\":\"https:\/\/casadecampoliving.com\/es\/\",\"name\":\"Casa de Campo Living\",\"description\":\"Resort community news and resources.\",\"publisher\":{\"@id\":\"https:\/\/casadecampoliving.com\/es\/#organization\"},\"potentialAction\":[{\"@type\":\"SearchAction\",\"target\":{\"@type\":\"EntryPoint\",\"urlTemplate\":\"https:\/\/casadecampoliving.com\/es\/?s={search_term_string}\"},\"query-input\":{\"@type\":\"PropertyValueSpecification\",\"valueRequired\":true,\"valueName\":\"search_term_string\"}}],\"inLanguage\":\"es\"},{\"@type\":\"Organization\",\"@id\":\"https:\/\/casadecampoliving.com\/es\/#organization\",\"name\":\"Casa de Campo Living\",\"url\":\"https:\/\/casadecampoliving.com\/es\/\",\"logo\":{\"@type\":\"ImageObject\",\"inLanguage\":\"es\",\"@id\":\"https:\/\/casadecampoliving.com\/es\/#\/schema\/logo\/image\/\",\"url\":\"https:\/\/i0.wp.com\/casadecampoliving.com\/wp-content\/uploads\/2022\/07\/CDCLivingLogo_V1-white-sized.png?fit=800%2C214&ssl=1\",\"contentUrl\":\"https:\/\/i0.wp.com\/casadecampoliving.com\/wp-content\/uploads\/2022\/07\/CDCLivingLogo_V1-white-sized.png?fit=800%2C214&ssl=1\",\"width\":800,\"height\":214,\"caption\":\"Casa de Campo Living\"},\"image\":{\"@id\":\"https:\/\/casadecampoliving.com\/es\/#\/schema\/logo\/image\/\"},\"sameAs\":[\"https:\/\/www.facebook.com\/casadecampoliving\",\"https:\/\/x.com\/cdcliving\"]},{\"@type\":\"Person\",\"@id\":\"https:\/\/casadecampoliving.com\/es\/#\/schema\/person\/7e3b975d584a5f6ac0fd7128a81b0bc5\",\"name\":\"\",\"image\":{\"@type\":\"ImageObject\",\"inLanguage\":\"es\",\"@id\":\"https:\/\/secure.gravatar.com\/avatar\/?s=96&d=mm&r=g\",\"url\":\"https:\/\/secure.gravatar.com\/avatar\/?s=96&d=mm&r=g\",\"contentUrl\":\"https:\/\/secure.gravatar.com\/avatar\/?s=96&d=mm&r=g\"},\"url\":\"https:\/\/casadecampoliving.com\/es\/author\/ \/\"}]}<\/script>\n<!-- \/ Yoast SEO plugin. -->","yoast_head_json":{"title":"Disfrute de un c\u00f3ctel y del \"Arte Naive\" de Jenny Polanco en La Marina Casa de Campo | Casa de Campo Living","description":"El pr\u00f3ximo martes 27 de diciembre, el \u201cJenny Polanco\u2019s Porject\u201d, su tienda artesanal de La Marina de Casa de Campo, estar\u00e1 organizando un c\u00f3ctel y","robots":{"index":"index","follow":"follow","max-snippet":"max-snippet:-1","max-image-preview":"max-image-preview:large","max-video-preview":"max-video-preview:-1"},"canonical":"https:\/\/casadecampoliving.com\/es\/disfrute-de-un-coctel-y-del-arte-naive-de-jenny-polanco-en-la-marina-casa-de-campo\/","og_locale":"es_ES","og_type":"article","og_title":"Disfrute de un c\u00f3ctel y del \"Arte Naive\" de Jenny Polanco en La Marina Casa de Campo | Casa de Campo Living","og_description":"El pr\u00f3ximo martes 27 de diciembre, el \u201cJenny Polanco\u2019s Porject\u201d, su tienda artesanal de La Marina de Casa de Campo, estar\u00e1 organizando un c\u00f3ctel y","og_url":"https:\/\/casadecampoliving.com\/es\/disfrute-de-un-coctel-y-del-arte-naive-de-jenny-polanco-en-la-marina-casa-de-campo\/","og_site_name":"Casa de Campo Living","article_publisher":"https:\/\/www.facebook.com\/casadecampoliving","article_published_time":"2011-12-24T04:00:00+00:00","article_modified_time":"2022-10-21T22:45:53+00:00","og_image":[{"width":650,"height":344,"url":"https:\/\/i0.wp.com\/casadecampoliving.com\/wp-content\/uploads\/2022\/10\/jenny_polanco_marina_casa_de_campo-1.jpg?fit=650%2C344&ssl=1","type":"image\/jpeg"}],"twitter_card":"summary_large_image","twitter_creator":"@cdcliving","twitter_site":"@cdcliving","twitter_misc":{"Escrito por":"","Tiempo de lectura":"1 minuto"},"schema":{"@context":"https:\/\/schema.org","@graph":[{"@type":"Article","@id":"https:\/\/casadecampoliving.com\/es\/disfrute-de-un-coctel-y-del-arte-naive-de-jenny-polanco-en-la-marina-casa-de-campo\/#article","isPartOf":{"@id":"https:\/\/casadecampoliving.com\/es\/disfrute-de-un-coctel-y-del-arte-naive-de-jenny-polanco-en-la-marina-casa-de-campo\/"},"author":{"name":"","@id":"https:\/\/casadecampoliving.com\/es\/#\/schema\/person\/7e3b975d584a5f6ac0fd7128a81b0bc5"},"headline":"Disfrute de un c\u00f3ctel y del \u00abArte Naive\u00bb de Jenny Polanco en La Marina Casa de Campo","datePublished":"2011-12-24T04:00:00+00:00","dateModified":"2022-10-21T22:45:53+00:00","mainEntityOfPage":{"@id":"https:\/\/casadecampoliving.com\/es\/disfrute-de-un-coctel-y-del-arte-naive-de-jenny-polanco-en-la-marina-casa-de-campo\/"},"wordCount":221,"publisher":{"@id":"https:\/\/casadecampoliving.com\/es\/#organization"},"image":{"@id":"https:\/\/casadecampoliving.com\/es\/disfrute-de-un-coctel-y-del-arte-naive-de-jenny-polanco-en-la-marina-casa-de-campo\/#primaryimage"},"thumbnailUrl":"https:\/\/i0.wp.com\/casadecampoliving.com\/wp-content\/uploads\/2022\/10\/jenny_polanco_marina_casa_de_campo-1.jpg?fit=650%2C344&ssl=1","keywords":["art","dominican art","jenny polanco","Marina Casa de Campo @es"],"articleSection":["Arte y cultura","Destacados","Eventos","Fundaciones","Hogar del Ni\u00f1o @es","La Marina Casa de Campo","Noticias Locales","Proximamente"],"inLanguage":"es"},{"@type":"WebPage","@id":"https:\/\/casadecampoliving.com\/es\/disfrute-de-un-coctel-y-del-arte-naive-de-jenny-polanco-en-la-marina-casa-de-campo\/","url":"https:\/\/casadecampoliving.com\/es\/disfrute-de-un-coctel-y-del-arte-naive-de-jenny-polanco-en-la-marina-casa-de-campo\/","name":"Disfrute de un c\u00f3ctel y del \"Arte Naive\" de Jenny Polanco en La Marina Casa de Campo | Casa de Campo Living","isPartOf":{"@id":"https:\/\/casadecampoliving.com\/es\/#website"},"primaryImageOfPage":{"@id":"https:\/\/casadecampoliving.com\/es\/disfrute-de-un-coctel-y-del-arte-naive-de-jenny-polanco-en-la-marina-casa-de-campo\/#primaryimage"},"image":{"@id":"https:\/\/casadecampoliving.com\/es\/disfrute-de-un-coctel-y-del-arte-naive-de-jenny-polanco-en-la-marina-casa-de-campo\/#primaryimage"},"thumbnailUrl":"https:\/\/i0.wp.com\/casadecampoliving.com\/wp-content\/uploads\/2022\/10\/jenny_polanco_marina_casa_de_campo-1.jpg?fit=650%2C344&ssl=1","datePublished":"2011-12-24T04:00:00+00:00","dateModified":"2022-10-21T22:45:53+00:00","description":"El pr\u00f3ximo martes 27 de diciembre, el \u201cJenny Polanco\u2019s Porject\u201d, su tienda artesanal de La Marina de Casa de Campo, estar\u00e1 organizando un c\u00f3ctel y","breadcrumb":{"@id":"https:\/\/casadecampoliving.com\/es\/disfrute-de-un-coctel-y-del-arte-naive-de-jenny-polanco-en-la-marina-casa-de-campo\/#breadcrumb"},"inLanguage":"es","potentialAction":[{"@type":"ReadAction","target":["https:\/\/casadecampoliving.com\/es\/disfrute-de-un-coctel-y-del-arte-naive-de-jenny-polanco-en-la-marina-casa-de-campo\/"]}]},{"@type":"ImageObject","inLanguage":"es","@id":"https:\/\/casadecampoliving.com\/es\/disfrute-de-un-coctel-y-del-arte-naive-de-jenny-polanco-en-la-marina-casa-de-campo\/#primaryimage","url":"https:\/\/i0.wp.com\/casadecampoliving.com\/wp-content\/uploads\/2022\/10\/jenny_polanco_marina_casa_de_campo-1.jpg?fit=650%2C344&ssl=1","contentUrl":"https:\/\/i0.wp.com\/casadecampoliving.com\/wp-content\/uploads\/2022\/10\/jenny_polanco_marina_casa_de_campo-1.jpg?fit=650%2C344&ssl=1","width":650,"height":344,"caption":"jenny polanco marina casa de campo"},{"@type":"BreadcrumbList","@id":"https:\/\/casadecampoliving.com\/es\/disfrute-de-un-coctel-y-del-arte-naive-de-jenny-polanco-en-la-marina-casa-de-campo\/#breadcrumb","itemListElement":[{"@type":"ListItem","position":1,"name":"Home","item":"https:\/\/casadecampoliving.com\/es\/"},{"@type":"ListItem","position":2,"name":"Disfrute de un c\u00f3ctel y del &#8220;Arte Naive&#8221; de Jenny Polanco en La Marina Casa de Campo"}]},{"@type":"WebSite","@id":"https:\/\/casadecampoliving.com\/es\/#website","url":"https:\/\/casadecampoliving.com\/es\/","name":"Casa de Campo Living","description":"Resort community news and resources.","publisher":{"@id":"https:\/\/casadecampoliving.com\/es\/#organization"},"potentialAction":[{"@type":"SearchAction","target":{"@type":"EntryPoint","urlTemplate":"https:\/\/casadecampoliving.com\/es\/?s={search_term_string}"},"query-input":{"@type":"PropertyValueSpecification","valueRequired":true,"valueName":"search_term_string"}}],"inLanguage":"es"},{"@type":"Organization","@id":"https:\/\/casadecampoliving.com\/es\/#organization","name":"Casa de Campo Living","url":"https:\/\/casadecampoliving.com\/es\/","logo":{"@type":"ImageObject","inLanguage":"es","@id":"https:\/\/casadecampoliving.com\/es\/#\/schema\/logo\/image\/","url":"https:\/\/i0.wp.com\/casadecampoliving.com\/wp-content\/uploads\/2022\/07\/CDCLivingLogo_V1-white-sized.png?fit=800%2C214&ssl=1","contentUrl":"https:\/\/i0.wp.com\/casadecampoliving.com\/wp-content\/uploads\/2022\/07\/CDCLivingLogo_V1-white-sized.png?fit=800%2C214&ssl=1","width":800,"height":214,"caption":"Casa de Campo Living"},"image":{"@id":"https:\/\/casadecampoliving.com\/es\/#\/schema\/logo\/image\/"},"sameAs":["https:\/\/www.facebook.com\/casadecampoliving","https:\/\/x.com\/cdcliving"]},{"@type":"Person","@id":"https:\/\/casadecampoliving.com\/es\/#\/schema\/person\/7e3b975d584a5f6ac0fd7128a81b0bc5","name":"","image":{"@type":"ImageObject","inLanguage":"es","@id":"https:\/\/secure.gravatar.com\/avatar\/?s=96&d=mm&r=g","url":"https:\/\/secure.gravatar.com\/avatar\/?s=96&d=mm&r=g","contentUrl":"https:\/\/secure.gravatar.com\/avatar\/?s=96&d=mm&r=g"},"url":"https:\/\/casadecampoliving.com\/es\/author\/ \/"}]}},"parsely":{"version":"1.1.0","canonical_url":"https:\/\/casadecampoliving.com\/es\/disfrute-de-un-coctel-y-del-arte-naive-de-jenny-polanco-en-la-marina-casa-de-campo\/","smart_links":{"inbound":0,"outbound":0},"traffic_boost_suggestions_count":0,"meta":{"@context":"https:\/\/schema.org","@type":"NewsArticle","headline":"Disfrute de un c\u00f3ctel y del \u00abArte Naive\u00bb de Jenny Polanco en La Marina Casa de Campo","url":"http:\/\/casadecampoliving.com\/es\/disfrute-de-un-coctel-y-del-arte-naive-de-jenny-polanco-en-la-marina-casa-de-campo\/","mainEntityOfPage":{"@type":"WebPage","@id":"http:\/\/casadecampoliving.com\/es\/disfrute-de-un-coctel-y-del-arte-naive-de-jenny-polanco-en-la-marina-casa-de-campo\/"},"thumbnailUrl":"https:\/\/i0.wp.com\/casadecampoliving.com\/wp-content\/uploads\/2022\/10\/jenny_polanco_marina_casa_de_campo-1.jpg?resize=150%2C150&ssl=1","image":{"@type":"ImageObject","url":"https:\/\/i0.wp.com\/casadecampoliving.com\/wp-content\/uploads\/2022\/10\/jenny_polanco_marina_casa_de_campo-1.jpg?fit=650%2C344&ssl=1"},"articleSection":"Arte y cultura","author":[{"@type":"Person","name":"FB_515917546"}],"creator":["FB_515917546"],"publisher":{"@type":"Organization","name":"Casa de Campo Living","logo":"https:\/\/casadecampoliving.com\/wp-content\/uploads\/2022\/07\/CDCLivingLogo_V1-white-sized.png"},"keywords":["art","dominican art","jenny polanco","marina casa de campo @es"],"dateCreated":"2011-12-24T04:00:00Z","datePublished":"2011-12-24T04:00:00Z","dateModified":"2022-10-21T22:45:53Z"},"rendered":"<script type=\"application\/ld+json\" class=\"wp-parsely-metadata\">{\"@context\":\"https:\\\/\\\/schema.org\",\"@type\":\"NewsArticle\",\"headline\":\"Disfrute de un c\\u00f3ctel y del \\u00abArte Naive\\u00bb de Jenny Polanco en La Marina Casa de Campo\",\"url\":\"http:\\\/\\\/casadecampoliving.com\\\/es\\\/disfrute-de-un-coctel-y-del-arte-naive-de-jenny-polanco-en-la-marina-casa-de-campo\\\/\",\"mainEntityOfPage\":{\"@type\":\"WebPage\",\"@id\":\"http:\\\/\\\/casadecampoliving.com\\\/es\\\/disfrute-de-un-coctel-y-del-arte-naive-de-jenny-polanco-en-la-marina-casa-de-campo\\\/\"},\"thumbnailUrl\":\"https:\\\/\\\/i0.wp.com\\\/casadecampoliving.com\\\/wp-content\\\/uploads\\\/2022\\\/10\\\/jenny_polanco_marina_casa_de_campo-1.jpg?resize=150%2C150&ssl=1\",\"image\":{\"@type\":\"ImageObject\",\"url\":\"https:\\\/\\\/i0.wp.com\\\/casadecampoliving.com\\\/wp-content\\\/uploads\\\/2022\\\/10\\\/jenny_polanco_marina_casa_de_campo-1.jpg?fit=650%2C344&ssl=1\"},\"articleSection\":\"Arte y cultura\",\"author\":[{\"@type\":\"Person\",\"name\":\"FB_515917546\"}],\"creator\":[\"FB_515917546\"],\"publisher\":{\"@type\":\"Organization\",\"name\":\"Casa de Campo Living\",\"logo\":\"https:\\\/\\\/casadecampoliving.com\\\/wp-content\\\/uploads\\\/2022\\\/07\\\/CDCLivingLogo_V1-white-sized.png\"},\"keywords\":[\"art\",\"dominican art\",\"jenny polanco\",\"marina casa de campo @es\"],\"dateCreated\":\"2011-12-24T04:00:00Z\",\"datePublished\":\"2011-12-24T04:00:00Z\",\"dateModified\":\"2022-10-21T22:45:53Z\"}<\/script>","tracker_url":"https:\/\/cdn.parsely.com\/keys\/casadecampoliving.com\/p.js"},"jetpack_publicize_connections":[],"jetpack_featured_media_url":"https:\/\/i0.wp.com\/casadecampoliving.com\/wp-content\/uploads\/2022\/10\/jenny_polanco_marina_casa_de_campo-1.jpg?fit=650%2C344&ssl=1","jetpack-related-posts":[{"id":338001,"url":"https:\/\/casadecampoliving.com\/es\/el-arte-naive-exhibicion-cumple-su-proposito-en-la-tienda-jenny-polanco-project-en-la-marina-casa-de-campo\/","url_meta":{"origin":337901,"position":0},"title":"El \u00abArte Naive\u00bb exhibici\u00f3n cumple su prop\u00f3sito en la tienda \u00abJenny Polanco Project\u00bb en La Marina Casa de Campo!","author":"","date":"7 Ene, 2012","format":false,"excerpt":"El pasado martes 27 de diciembre, se realiz\u00f3 la exhibici\u00f3n de arte denominada \"Arte Naive\", a beneficio del Hogar del Ni\u00f1o, con la celebraci\u00f3n de un c\u00f3ctel en la tienda artesanal \"Jenny Polanco's Project\", en La Marina Casa de Campo! La exclusiva tienda de joyas y piezas artesanales de Jenny\u2026","rel":"","context":"En \u00abArte y cultura\u00bb","block_context":{"text":"Arte y cultura","link":"https:\/\/casadecampoliving.com\/category\/arte-y-cultura\/"},"img":{"alt_text":"jenny polanco marina casa de campo","src":"https:\/\/i0.wp.com\/casadecampoliving.com\/wp-content\/uploads\/2022\/10\/jenny_polanco_marina_casa_de_campo1-1.jpg?fit=650%2C357&ssl=1&resize=350%2C200","width":350,"height":200,"srcset":"https:\/\/i0.wp.com\/casadecampoliving.com\/wp-content\/uploads\/2022\/10\/jenny_polanco_marina_casa_de_campo1-1.jpg?fit=650%2C357&ssl=1&resize=350%2C200 1x, https:\/\/i0.wp.com\/casadecampoliving.com\/wp-content\/uploads\/2022\/10\/jenny_polanco_marina_casa_de_campo1-1.jpg?fit=650%2C357&ssl=1&resize=525%2C300 1.5x"},"classes":[]},{"id":320899,"url":"https:\/\/casadecampoliving.com\/arte-naive-by-jenny-polanco-gathers-milk-for-hogar-del-nino-at-the-marina-casa-de-campo\/","url_meta":{"origin":337901,"position":1},"title":"\u00abArte Naive\u00bb by Jenny Polanco gathers milk for Hogar del Ni\u00f1o at the Marina Casa de Campo!","author":"","date":"7 Ene, 2012","format":false,"excerpt":"Last Tuesday 27th of December, the\"Arte Naive\" art exhibit and cocktail hosted at the \"Jenny Polanco Project\" store in aid of the Hogar del Ni\u00f1o, was celebrated in the Marina Casa de Campo, with the attendance and support of \u00a0many Casa de Campo villa owners, residents and visitors. The 'Jenny\u2026","rel":"","context":"En \u00abArt and Culture\u00bb","block_context":{"text":"Art and Culture","link":"https:\/\/casadecampoliving.com\/category\/art-and-culture\/"},"img":{"alt_text":"jenny polanco marina casa de campo","src":"https:\/\/i0.wp.com\/casadecampoliving.com\/wp-content\/uploads\/2022\/10\/jenny_polanco_marina_casa_de_campo1-1.jpg?fit=650%2C357&ssl=1&resize=350%2C200","width":350,"height":200,"srcset":"https:\/\/i0.wp.com\/casadecampoliving.com\/wp-content\/uploads\/2022\/10\/jenny_polanco_marina_casa_de_campo1-1.jpg?fit=650%2C357&ssl=1&resize=350%2C200 1x, https:\/\/i0.wp.com\/casadecampoliving.com\/wp-content\/uploads\/2022\/10\/jenny_polanco_marina_casa_de_campo1-1.jpg?fit=650%2C357&ssl=1&resize=525%2C300 1.5x"},"classes":[]},{"id":320859,"url":"https:\/\/casadecampoliving.com\/arte-naive-art-exhibit-and-cocktail-at-the-jenny-polanco-project-in-the-marina-casa-de-campo\/","url_meta":{"origin":337901,"position":2},"title":"\u00abArte Naive\u00bb Art Exhibit and Cocktail at the \u00abJenny Polanco Project\u00bb in the Marina Casa de Campo","author":"Rebecca Silvestri","date":"24 Dic, 2011","format":false,"excerpt":"On Tuesday the 27th of December, the \u201cJenny Polanco Project\u201d store in the Marina Casa de Campo is hosting a cocktail and art exhibit called \u201cArte Naive\u201d in aid of the Hogar del Ni\u00f1o.\u00a0 The \u201cArte Naive\u201d art exhibit will feature traditional and artesanal pieces such as; jewelry, paintings, accessories\u2026","rel":"","context":"En \u00abArt and Culture\u00bb","block_context":{"text":"Art and Culture","link":"https:\/\/casadecampoliving.com\/category\/art-and-culture\/"},"img":{"alt_text":"jenny polanco marina casa de campo","src":"https:\/\/i0.wp.com\/casadecampoliving.com\/wp-content\/uploads\/2022\/10\/jenny_polanco_marina_casa_de_campo-1.jpg?fit=650%2C344&ssl=1&resize=350%2C200","width":350,"height":200,"srcset":"https:\/\/i0.wp.com\/casadecampoliving.com\/wp-content\/uploads\/2022\/10\/jenny_polanco_marina_casa_de_campo-1.jpg?fit=650%2C344&ssl=1&resize=350%2C200 1x, https:\/\/i0.wp.com\/casadecampoliving.com\/wp-content\/uploads\/2022\/10\/jenny_polanco_marina_casa_de_campo-1.jpg?fit=650%2C344&ssl=1&resize=525%2C300 1.5x"},"classes":[]},{"id":343594,"url":"https:\/\/casadecampoliving.com\/es\/arte-naive-exhibicion-de-arte-y-coctel-en-jenny-polanco-project\/","url_meta":{"origin":337901,"position":3},"title":"\u00abArte Naive\u00bb exhibici\u00f3n de arte y coctel en Jenny Polanco Project","author":"Perkin Agramonte","date":"26 Dic, 2013","format":false,"excerpt":"Casa de Campo Living y SILGON, una moderna compa\u00f1\u00eda de medios estan m\u00e1s que orgullosos de invitarles a una exhibici\u00f3n de arte y coctel este s\u00e1bado 28 de diciembre, organizada por la famosa dise\u00f1adora dominicana, Jenny Polanco. El \u201cArte Naive\u201d una exhibici\u00f3n de arte que contendr\u00e1 obras tradicionales y artesanales,\u2026","rel":"","context":"En \u00abAltos de Chavon @es\u00bb","block_context":{"text":"Altos de Chavon @es","link":"https:\/\/casadecampoliving.com\/category\/altos-de-chavon-es\/"},"img":{"alt_text":"Arte Naive Jenny Polanco","src":"https:\/\/i0.wp.com\/casadecampoliving.com\/wp-content\/uploads\/2022\/10\/arte_naive_jenny_polanco-1.jpg?fit=650%2C464&ssl=1&resize=350%2C200","width":350,"height":200,"srcset":"https:\/\/i0.wp.com\/casadecampoliving.com\/wp-content\/uploads\/2022\/10\/arte_naive_jenny_polanco-1.jpg?fit=650%2C464&ssl=1&resize=350%2C200 1x, https:\/\/i0.wp.com\/casadecampoliving.com\/wp-content\/uploads\/2022\/10\/arte_naive_jenny_polanco-1.jpg?fit=650%2C464&ssl=1&resize=525%2C300 1.5x"},"classes":[]},{"id":343628,"url":"https:\/\/casadecampoliving.com\/es\/jenny-polanco-arte-naive\/","url_meta":{"origin":337901,"position":4},"title":"Jenny Polanco celebra la arte dominicano y haitiano en una exhibici\u00f3n de \u00abArte Naive\u00bb","author":"Rebecca Silvestri","date":"31 Dic, 2013","format":false,"excerpt":"El pasado s\u00e1bado 28 de diciembre, la famosa dise\u00f1adora dominicana Jenny Polanco celebr\u00f3 la nueva exhibici\u00f3n de arte \u201cArte Naive\u201d en el proyecto de Jenny Polanco en Altos de Chav\u00f3n. La apertura de la exhibici\u00f3n fue celebrada con algunos de los miembros de la comunidad de Casa de Campo la\u2026","rel":"","context":"En \u00abAltos de Chavon @es\u00bb","block_context":{"text":"Altos de Chavon @es","link":"https:\/\/casadecampoliving.com\/category\/altos-de-chavon-es\/"},"img":{"alt_text":"Jenny Polanco","src":"https:\/\/i0.wp.com\/casadecampoliving.com\/wp-content\/uploads\/2022\/10\/jenny_polanco-12.jpg?fit=650%2C433&ssl=1&resize=350%2C200","width":350,"height":200,"srcset":"https:\/\/i0.wp.com\/casadecampoliving.com\/wp-content\/uploads\/2022\/10\/jenny_polanco-12.jpg?fit=650%2C433&ssl=1&resize=350%2C200 1x, https:\/\/i0.wp.com\/casadecampoliving.com\/wp-content\/uploads\/2022\/10\/jenny_polanco-12.jpg?fit=650%2C433&ssl=1&resize=525%2C300 1.5x"},"classes":[]},{"id":339407,"url":"https:\/\/casadecampoliving.com\/es\/reserve-la-fecha-coctel-de-apertura-de-la-nueva-exhibicion-de-arte-buscando-escencias-10-de-agosto\/","url_meta":{"origin":337901,"position":5},"title":"Reserve la fecha! C\u00f3ctel de apertura de la nueva exhibici\u00f3n de arte \u00abBuscando Esencias\u00bb &#8211; 10 de agosto!","author":"","date":"20 Jul, 2012","format":false,"excerpt":"Reserve la fecha! El evento perfecto para los amantes de la moda y del arte, se llevar\u00e1 a cabo este viernes 10 de agosto \u2013 con la apertura de la nueva exhibici\u00f3n de arte y fotos \u201cBuscando Esencias\u201d en la galer\u00eda de arte de Altos de Chav\u00f3n en Casa de\u2026","rel":"","context":"En \u00abAltos de Chavon @es\u00bb","block_context":{"text":"Altos de Chavon @es","link":"https:\/\/casadecampoliving.com\/category\/altos-de-chavon-es\/"},"img":{"alt_text":"jenny polanco","src":"https:\/\/i0.wp.com\/casadecampoliving.com\/wp-content\/uploads\/2022\/10\/jenny_polanco9-1.jpg?fit=650%2C372&ssl=1&resize=350%2C200","width":350,"height":200,"srcset":"https:\/\/i0.wp.com\/casadecampoliving.com\/wp-content\/uploads\/2022\/10\/jenny_polanco9-1.jpg?fit=650%2C372&ssl=1&resize=350%2C200 1x, https:\/\/i0.wp.com\/casadecampoliving.com\/wp-content\/uploads\/2022\/10\/jenny_polanco9-1.jpg?fit=650%2C372&ssl=1&resize=525%2C300 1.5x"},"classes":[]}],"jetpack_sharing_enabled":true,"_links":{"self":[{"href":"https:\/\/casadecampoliving.com\/es\/wp-json\/wp\/v2\/posts\/337901","targetHints":{"allow":["GET"]}}],"collection":[{"href":"https:\/\/casadecampoliving.com\/es\/wp-json\/wp\/v2\/posts"}],"about":[{"href":"https:\/\/casadecampoliving.com\/es\/wp-json\/wp\/v2\/types\/post"}],"author":[{"embeddable":true,"href":"https:\/\/casadecampoliving.com\/es\/wp-json\/wp\/v2\/users\/21"}],"replies":[{"embeddable":true,"href":"https:\/\/casadecampoliving.com\/es\/wp-json\/wp\/v2\/comments?post=337901"}],"version-history":[{"count":1,"href":"https:\/\/casadecampoliving.com\/es\/wp-json\/wp\/v2\/posts\/337901\/revisions"}],"predecessor-version":[{"id":337902,"href":"https:\/\/casadecampoliving.com\/es\/wp-json\/wp\/v2\/posts\/337901\/revisions\/337902"}],"wp:featuredmedia":[{"embeddable":true,"href":"https:\/\/casadecampoliving.com\/es\/wp-json\/wp\/v2\/media\/234970"}],"wp:attachment":[{"href":"https:\/\/casadecampoliving.com\/es\/wp-json\/wp\/v2\/media?parent=337901"}],"wp:term":[{"taxonomy":"category","embeddable":true,"href":"https:\/\/casadecampoliving.com\/es\/wp-json\/wp\/v2\/categories?post=337901"},{"taxonomy":"post_tag","embeddable":true,"href":"https:\/\/casadecampoliving.com\/es\/wp-json\/wp\/v2\/tags?post=337901"},{"taxonomy":"newspack_spnsrs_tax","embeddable":true,"href":"https:\/\/casadecampoliving.com\/es\/wp-json\/wp\/v2\/newspack_spnsrs_tax?post=337901"}],"curies":[{"name":"wp","href":"https:\/\/api.w.org\/{rel}","templated":true}]}}