{"id":337746,"date":"2011-03-13T00:00:00","date_gmt":"2011-03-13T04:00:00","guid":{"rendered":"https:\/\/casadecampoliving.com\/foto-de-la-semana-navegando-en-el-atardecer\/"},"modified":"2022-11-10T10:10:55","modified_gmt":"2022-11-10T14:10:55","slug":"foto-de-la-semana-navegando-en-el-atardecer","status":"publish","type":"post","link":"https:\/\/casadecampoliving.com\/es\/foto-de-la-semana-navegando-en-el-atardecer\/","title":{"rendered":"Foto de la Semana: Navegando en el atardecer"},"content":{"rendered":"<p><a href=\"https:\/\/i0.wp.com\/casadecampoliving.com\/wp-content\/uploads\/2022\/10\/bayahibe_sunset_sailing_casadecampo.jpg?ssl=1\"><img data-recalc-dims=\"1\" loading=\"lazy\" decoding=\"async\" class=\"aligncenter size-full wp-image-26309\" title=\"bayahibe_sunset_sailing_casadecampo\" src=\"https:\/\/i0.wp.com\/casadecampoliving.com\/wp-content\/uploads\/2022\/10\/bayahibe_sunset_sailing_casadecampo.jpg?resize=565%2C345&#038;ssl=1\" alt=\"\" width=\"565\" height=\"345\" \/><\/a><\/p>\n<p>La magn\u00edfica foto de esta semana fue tomada por Peter Hughes (padre de Rebecca Hughes, editora de Casa de Campo Living) y fue tomada en Bayahibe en un lugar en el que disfrutaban exquisitos mariscos!<!--more--><!--more--><\/p>\n<p>En medio de una cena en \u00a0<a href=\"https:\/\/casadecampoliving.com\/2011\/02\/casa-de-campo-living-reviews-mare-nostrum-fresh-seafood\">Mare Nostrum <\/a>, conocido por sus exquisitos mariscos, esta puesta del sol atrajo la atenci\u00f3n de Peter Hughes y sin pensarlo dos veces, se levant\u00f3 de su mesa y tom\u00f3 esta espectacular fotograf\u00eda mientras el sol se derret\u00eda en el mar.<\/p>\n<p>En esta particular puesta del sol, Peter tom\u00f3 m\u00e1s de una fotograf\u00eda, as\u00ed que\u00a0aqu\u00ed\u00a0les mostramos m\u00e1s de esta localidad de Bayahibe para su disfrute:<\/p>\n<p><strong>[nggallery id=735]<\/strong><\/p>\n<p>&nbsp;<\/p>\n","protected":false},"excerpt":{"rendered":"<p>La magn\u00edfica foto de esta semana fue tomada por Peter Hughes (padre de Rebecca Hughes, editora de Casa de Campo Living) y fue tomada en Bayahibe en un lugar en el que disfrutaban exquisitos mariscos!<\/p>\n","protected":false},"author":21,"featured_media":237550,"comment_status":"closed","ping_status":"closed","sticky":false,"template":"","format":"standard","meta":{"newspack_ads_suppress_ads":false,"newspack_popups_has_disabled_popups":false,"newspack_sponsor_sponsorship_scope":"","newspack_sponsor_native_byline_display":"inherit","newspack_sponsor_native_category_display":"inherit","newspack_sponsor_underwriter_style":"inherit","newspack_sponsor_underwriter_placement":"inherit","_newspack_byline_active":false,"_newspack_byline":"","newspack_hide_updated_date":false,"newspack_show_updated_date":false,"newspack_content_restriction_is_exempt":false,"newspack_featured_image_position":"","newspack_post_subtitle":"","newspack_article_summary_title":"Overview:","newspack_article_summary":"","_jetpack_memberships_contains_paid_content":false,"footnotes":"","jetpack_publicize_message":"","jetpack_publicize_feature_enabled":true,"jetpack_social_post_already_shared":false,"jetpack_social_options":{"image_generator_settings":{"template":"highway","default_image_id":0,"font":"","enabled":false},"version":2},"_wpas_customize_per_network":false},"categories":[14631,2507,2506,14625,2521],"tags":[2707,139,23815,2848,18932],"newspack_spnsrs_tax":[],"class_list":["post-337746","post","type-post","status-publish","format-standard","has-post-thumbnail","hentry","category-estilo-de-vida","category-la-romana-es","category-mas-alla-de-casa-es","category-noticias-locales","category-republica-dominicana-2","tag-atardecer","tag-bayahibe","tag-casa-de-campo-es-17","tag-foto-de-la-semana","tag-la-romana-es-4","entry"],"yoast_head":"<!-- This site is optimized with the Yoast SEO plugin v27.5 - https:\/\/yoast.com\/product\/yoast-seo-wordpress\/ -->\n<title>Foto de la Semana: Navegando en el atardecer | Casa de Campo Living<\/title>\n<meta name=\"description\" content=\"La magn\u00edfica foto de esta semana fue tomada por Peter Hughes (padre de Rebecca Hughes, editora de Casa de Campo Living) y fue tomada en Bayahibe en un\" \/>\n<meta name=\"robots\" content=\"index, follow, max-snippet:-1, max-image-preview:large, max-video-preview:-1\" \/>\n<link rel=\"canonical\" href=\"https:\/\/casadecampoliving.com\/es\/foto-de-la-semana-navegando-en-el-atardecer\/\" \/>\n<meta property=\"og:locale\" content=\"es_ES\" \/>\n<meta property=\"og:type\" content=\"article\" \/>\n<meta property=\"og:title\" content=\"Foto de la Semana: Navegando en el atardecer | Casa de Campo Living\" \/>\n<meta property=\"og:description\" content=\"La magn\u00edfica foto de esta semana fue tomada por Peter Hughes (padre de Rebecca Hughes, editora de Casa de Campo Living) y fue tomada en Bayahibe en un\" \/>\n<meta property=\"og:url\" content=\"https:\/\/casadecampoliving.com\/es\/foto-de-la-semana-navegando-en-el-atardecer\/\" \/>\n<meta property=\"og:site_name\" content=\"Casa de Campo Living\" \/>\n<meta property=\"article:publisher\" content=\"https:\/\/www.facebook.com\/casadecampoliving\" \/>\n<meta property=\"article:published_time\" content=\"2011-03-13T04:00:00+00:00\" \/>\n<meta property=\"article:modified_time\" content=\"2022-11-10T14:10:55+00:00\" \/>\n<meta property=\"og:image\" content=\"https:\/\/i0.wp.com\/casadecampoliving.com\/wp-content\/uploads\/2022\/10\/bayahibe_sunset_sailing_casadecampo-1.jpg?fit=565%2C345&ssl=1\" \/>\n\t<meta property=\"og:image:width\" content=\"565\" \/>\n\t<meta property=\"og:image:height\" content=\"345\" \/>\n\t<meta property=\"og:image:type\" content=\"image\/jpeg\" \/>\n<meta name=\"twitter:card\" content=\"summary_large_image\" \/>\n<meta name=\"twitter:creator\" content=\"@cdcliving\" \/>\n<meta name=\"twitter:site\" content=\"@cdcliving\" \/>\n<meta name=\"twitter:label1\" content=\"Escrito por\" \/>\n\t<meta name=\"twitter:data1\" content=\"\" \/>\n\t<meta name=\"twitter:label2\" content=\"Tiempo de lectura\" \/>\n\t<meta name=\"twitter:data2\" content=\"1 minuto\" \/>\n<script type=\"application\/ld+json\" class=\"yoast-schema-graph\">{\"@context\":\"https:\\\/\\\/schema.org\",\"@graph\":[{\"@type\":\"Article\",\"@id\":\"https:\\\/\\\/casadecampoliving.com\\\/es\\\/foto-de-la-semana-navegando-en-el-atardecer\\\/#article\",\"isPartOf\":{\"@id\":\"https:\\\/\\\/casadecampoliving.com\\\/es\\\/foto-de-la-semana-navegando-en-el-atardecer\\\/\"},\"author\":{\"name\":\"\",\"@id\":\"https:\\\/\\\/casadecampoliving.com\\\/es\\\/#\\\/schema\\\/person\\\/7e3b975d584a5f6ac0fd7128a81b0bc5\"},\"headline\":\"Foto de la Semana: Navegando en el atardecer\",\"datePublished\":\"2011-03-13T04:00:00+00:00\",\"dateModified\":\"2022-11-10T14:10:55+00:00\",\"mainEntityOfPage\":{\"@id\":\"https:\\\/\\\/casadecampoliving.com\\\/es\\\/foto-de-la-semana-navegando-en-el-atardecer\\\/\"},\"wordCount\":125,\"publisher\":{\"@id\":\"https:\\\/\\\/casadecampoliving.com\\\/es\\\/#organization\"},\"image\":{\"@id\":\"https:\\\/\\\/casadecampoliving.com\\\/es\\\/foto-de-la-semana-navegando-en-el-atardecer\\\/#primaryimage\"},\"thumbnailUrl\":\"https:\\\/\\\/i0.wp.com\\\/casadecampoliving.com\\\/wp-content\\\/uploads\\\/2022\\\/10\\\/bayahibe_sunset_sailing_casadecampo-1.jpg?fit=565%2C345&ssl=1\",\"keywords\":[\"atardecer\",\"Bayahibe\",\"Casa de Campo\",\"foto de la semana\",\"La Romana\"],\"articleSection\":[\"Estilo de Vida\",\"La Romana @es\",\"M\u00e1s all\u00e1 de Casa\",\"Noticias Locales\",\"Rep\u00fablica Dominicana @es\"],\"inLanguage\":\"es\"},{\"@type\":\"WebPage\",\"@id\":\"https:\\\/\\\/casadecampoliving.com\\\/es\\\/foto-de-la-semana-navegando-en-el-atardecer\\\/\",\"url\":\"https:\\\/\\\/casadecampoliving.com\\\/es\\\/foto-de-la-semana-navegando-en-el-atardecer\\\/\",\"name\":\"Foto de la Semana: Navegando en el atardecer | Casa de Campo Living\",\"isPartOf\":{\"@id\":\"https:\\\/\\\/casadecampoliving.com\\\/es\\\/#website\"},\"primaryImageOfPage\":{\"@id\":\"https:\\\/\\\/casadecampoliving.com\\\/es\\\/foto-de-la-semana-navegando-en-el-atardecer\\\/#primaryimage\"},\"image\":{\"@id\":\"https:\\\/\\\/casadecampoliving.com\\\/es\\\/foto-de-la-semana-navegando-en-el-atardecer\\\/#primaryimage\"},\"thumbnailUrl\":\"https:\\\/\\\/i0.wp.com\\\/casadecampoliving.com\\\/wp-content\\\/uploads\\\/2022\\\/10\\\/bayahibe_sunset_sailing_casadecampo-1.jpg?fit=565%2C345&ssl=1\",\"datePublished\":\"2011-03-13T04:00:00+00:00\",\"dateModified\":\"2022-11-10T14:10:55+00:00\",\"description\":\"La magn\u00edfica foto de esta semana fue tomada por Peter Hughes (padre de Rebecca Hughes, editora de Casa de Campo Living) y fue tomada en Bayahibe en un\",\"breadcrumb\":{\"@id\":\"https:\\\/\\\/casadecampoliving.com\\\/es\\\/foto-de-la-semana-navegando-en-el-atardecer\\\/#breadcrumb\"},\"inLanguage\":\"es\",\"potentialAction\":[{\"@type\":\"ReadAction\",\"target\":[\"https:\\\/\\\/casadecampoliving.com\\\/es\\\/foto-de-la-semana-navegando-en-el-atardecer\\\/\"]}]},{\"@type\":\"ImageObject\",\"inLanguage\":\"es\",\"@id\":\"https:\\\/\\\/casadecampoliving.com\\\/es\\\/foto-de-la-semana-navegando-en-el-atardecer\\\/#primaryimage\",\"url\":\"https:\\\/\\\/i0.wp.com\\\/casadecampoliving.com\\\/wp-content\\\/uploads\\\/2022\\\/10\\\/bayahibe_sunset_sailing_casadecampo-1.jpg?fit=565%2C345&ssl=1\",\"contentUrl\":\"https:\\\/\\\/i0.wp.com\\\/casadecampoliving.com\\\/wp-content\\\/uploads\\\/2022\\\/10\\\/bayahibe_sunset_sailing_casadecampo-1.jpg?fit=565%2C345&ssl=1\",\"width\":565,\"height\":345},{\"@type\":\"BreadcrumbList\",\"@id\":\"https:\\\/\\\/casadecampoliving.com\\\/es\\\/foto-de-la-semana-navegando-en-el-atardecer\\\/#breadcrumb\",\"itemListElement\":[{\"@type\":\"ListItem\",\"position\":1,\"name\":\"Home\",\"item\":\"https:\\\/\\\/casadecampoliving.com\\\/es\\\/\"},{\"@type\":\"ListItem\",\"position\":2,\"name\":\"Foto de la Semana: Navegando en el atardecer\"}]},{\"@type\":\"WebSite\",\"@id\":\"https:\\\/\\\/casadecampoliving.com\\\/es\\\/#website\",\"url\":\"https:\\\/\\\/casadecampoliving.com\\\/es\\\/\",\"name\":\"Casa de Campo Living\",\"description\":\"Resort community news and resources.\",\"publisher\":{\"@id\":\"https:\\\/\\\/casadecampoliving.com\\\/es\\\/#organization\"},\"potentialAction\":[{\"@type\":\"SearchAction\",\"target\":{\"@type\":\"EntryPoint\",\"urlTemplate\":\"https:\\\/\\\/casadecampoliving.com\\\/es\\\/?s={search_term_string}\"},\"query-input\":{\"@type\":\"PropertyValueSpecification\",\"valueRequired\":true,\"valueName\":\"search_term_string\"}}],\"inLanguage\":\"es\"},{\"@type\":\"Organization\",\"@id\":\"https:\\\/\\\/casadecampoliving.com\\\/es\\\/#organization\",\"name\":\"Casa de Campo Living\",\"url\":\"https:\\\/\\\/casadecampoliving.com\\\/es\\\/\",\"logo\":{\"@type\":\"ImageObject\",\"inLanguage\":\"es\",\"@id\":\"https:\\\/\\\/casadecampoliving.com\\\/es\\\/#\\\/schema\\\/logo\\\/image\\\/\",\"url\":\"https:\\\/\\\/i0.wp.com\\\/casadecampoliving.com\\\/wp-content\\\/uploads\\\/2022\\\/07\\\/CDCLivingLogo_V1-white-sized.png?fit=800%2C214&ssl=1\",\"contentUrl\":\"https:\\\/\\\/i0.wp.com\\\/casadecampoliving.com\\\/wp-content\\\/uploads\\\/2022\\\/07\\\/CDCLivingLogo_V1-white-sized.png?fit=800%2C214&ssl=1\",\"width\":800,\"height\":214,\"caption\":\"Casa de Campo Living\"},\"image\":{\"@id\":\"https:\\\/\\\/casadecampoliving.com\\\/es\\\/#\\\/schema\\\/logo\\\/image\\\/\"},\"sameAs\":[\"https:\\\/\\\/www.facebook.com\\\/casadecampoliving\",\"https:\\\/\\\/x.com\\\/cdcliving\"]},{\"@type\":\"Person\",\"@id\":\"https:\\\/\\\/casadecampoliving.com\\\/es\\\/#\\\/schema\\\/person\\\/7e3b975d584a5f6ac0fd7128a81b0bc5\",\"name\":\"\",\"image\":{\"@type\":\"ImageObject\",\"inLanguage\":\"es\",\"@id\":\"https:\\\/\\\/secure.gravatar.com\\\/avatar\\\/?s=96&d=mm&r=g\",\"url\":\"https:\\\/\\\/secure.gravatar.com\\\/avatar\\\/?s=96&d=mm&r=g\",\"contentUrl\":\"https:\\\/\\\/secure.gravatar.com\\\/avatar\\\/?s=96&d=mm&r=g\"},\"url\":\"https:\\\/\\\/casadecampoliving.com\\\/es\\\/author\\\/ \\\/\"}]}<\/script>\n<!-- \/ Yoast SEO plugin. -->","yoast_head_json":{"title":"Foto de la Semana: Navegando en el atardecer | Casa de Campo Living","description":"La magn\u00edfica foto de esta semana fue tomada por Peter Hughes (padre de Rebecca Hughes, editora de Casa de Campo Living) y fue tomada en Bayahibe en un","robots":{"index":"index","follow":"follow","max-snippet":"max-snippet:-1","max-image-preview":"max-image-preview:large","max-video-preview":"max-video-preview:-1"},"canonical":"https:\/\/casadecampoliving.com\/es\/foto-de-la-semana-navegando-en-el-atardecer\/","og_locale":"es_ES","og_type":"article","og_title":"Foto de la Semana: Navegando en el atardecer | Casa de Campo Living","og_description":"La magn\u00edfica foto de esta semana fue tomada por Peter Hughes (padre de Rebecca Hughes, editora de Casa de Campo Living) y fue tomada en Bayahibe en un","og_url":"https:\/\/casadecampoliving.com\/es\/foto-de-la-semana-navegando-en-el-atardecer\/","og_site_name":"Casa de Campo Living","article_publisher":"https:\/\/www.facebook.com\/casadecampoliving","article_published_time":"2011-03-13T04:00:00+00:00","article_modified_time":"2022-11-10T14:10:55+00:00","og_image":[{"width":565,"height":345,"url":"https:\/\/i0.wp.com\/casadecampoliving.com\/wp-content\/uploads\/2022\/10\/bayahibe_sunset_sailing_casadecampo-1.jpg?fit=565%2C345&ssl=1","type":"image\/jpeg"}],"twitter_card":"summary_large_image","twitter_creator":"@cdcliving","twitter_site":"@cdcliving","twitter_misc":{"Escrito por":"","Tiempo de lectura":"1 minuto"},"schema":{"@context":"https:\/\/schema.org","@graph":[{"@type":"Article","@id":"https:\/\/casadecampoliving.com\/es\/foto-de-la-semana-navegando-en-el-atardecer\/#article","isPartOf":{"@id":"https:\/\/casadecampoliving.com\/es\/foto-de-la-semana-navegando-en-el-atardecer\/"},"author":{"name":"","@id":"https:\/\/casadecampoliving.com\/es\/#\/schema\/person\/7e3b975d584a5f6ac0fd7128a81b0bc5"},"headline":"Foto de la Semana: Navegando en el atardecer","datePublished":"2011-03-13T04:00:00+00:00","dateModified":"2022-11-10T14:10:55+00:00","mainEntityOfPage":{"@id":"https:\/\/casadecampoliving.com\/es\/foto-de-la-semana-navegando-en-el-atardecer\/"},"wordCount":125,"publisher":{"@id":"https:\/\/casadecampoliving.com\/es\/#organization"},"image":{"@id":"https:\/\/casadecampoliving.com\/es\/foto-de-la-semana-navegando-en-el-atardecer\/#primaryimage"},"thumbnailUrl":"https:\/\/i0.wp.com\/casadecampoliving.com\/wp-content\/uploads\/2022\/10\/bayahibe_sunset_sailing_casadecampo-1.jpg?fit=565%2C345&ssl=1","keywords":["atardecer","Bayahibe","Casa de Campo","foto de la semana","La Romana"],"articleSection":["Estilo de Vida","La Romana @es","M\u00e1s all\u00e1 de Casa","Noticias Locales","Rep\u00fablica Dominicana @es"],"inLanguage":"es"},{"@type":"WebPage","@id":"https:\/\/casadecampoliving.com\/es\/foto-de-la-semana-navegando-en-el-atardecer\/","url":"https:\/\/casadecampoliving.com\/es\/foto-de-la-semana-navegando-en-el-atardecer\/","name":"Foto de la Semana: Navegando en el atardecer | Casa de Campo Living","isPartOf":{"@id":"https:\/\/casadecampoliving.com\/es\/#website"},"primaryImageOfPage":{"@id":"https:\/\/casadecampoliving.com\/es\/foto-de-la-semana-navegando-en-el-atardecer\/#primaryimage"},"image":{"@id":"https:\/\/casadecampoliving.com\/es\/foto-de-la-semana-navegando-en-el-atardecer\/#primaryimage"},"thumbnailUrl":"https:\/\/i0.wp.com\/casadecampoliving.com\/wp-content\/uploads\/2022\/10\/bayahibe_sunset_sailing_casadecampo-1.jpg?fit=565%2C345&ssl=1","datePublished":"2011-03-13T04:00:00+00:00","dateModified":"2022-11-10T14:10:55+00:00","description":"La magn\u00edfica foto de esta semana fue tomada por Peter Hughes (padre de Rebecca Hughes, editora de Casa de Campo Living) y fue tomada en Bayahibe en un","breadcrumb":{"@id":"https:\/\/casadecampoliving.com\/es\/foto-de-la-semana-navegando-en-el-atardecer\/#breadcrumb"},"inLanguage":"es","potentialAction":[{"@type":"ReadAction","target":["https:\/\/casadecampoliving.com\/es\/foto-de-la-semana-navegando-en-el-atardecer\/"]}]},{"@type":"ImageObject","inLanguage":"es","@id":"https:\/\/casadecampoliving.com\/es\/foto-de-la-semana-navegando-en-el-atardecer\/#primaryimage","url":"https:\/\/i0.wp.com\/casadecampoliving.com\/wp-content\/uploads\/2022\/10\/bayahibe_sunset_sailing_casadecampo-1.jpg?fit=565%2C345&ssl=1","contentUrl":"https:\/\/i0.wp.com\/casadecampoliving.com\/wp-content\/uploads\/2022\/10\/bayahibe_sunset_sailing_casadecampo-1.jpg?fit=565%2C345&ssl=1","width":565,"height":345},{"@type":"BreadcrumbList","@id":"https:\/\/casadecampoliving.com\/es\/foto-de-la-semana-navegando-en-el-atardecer\/#breadcrumb","itemListElement":[{"@type":"ListItem","position":1,"name":"Home","item":"https:\/\/casadecampoliving.com\/es\/"},{"@type":"ListItem","position":2,"name":"Foto de la Semana: Navegando en el atardecer"}]},{"@type":"WebSite","@id":"https:\/\/casadecampoliving.com\/es\/#website","url":"https:\/\/casadecampoliving.com\/es\/","name":"Casa de Campo Living","description":"Resort community news and resources.","publisher":{"@id":"https:\/\/casadecampoliving.com\/es\/#organization"},"potentialAction":[{"@type":"SearchAction","target":{"@type":"EntryPoint","urlTemplate":"https:\/\/casadecampoliving.com\/es\/?s={search_term_string}"},"query-input":{"@type":"PropertyValueSpecification","valueRequired":true,"valueName":"search_term_string"}}],"inLanguage":"es"},{"@type":"Organization","@id":"https:\/\/casadecampoliving.com\/es\/#organization","name":"Casa de Campo Living","url":"https:\/\/casadecampoliving.com\/es\/","logo":{"@type":"ImageObject","inLanguage":"es","@id":"https:\/\/casadecampoliving.com\/es\/#\/schema\/logo\/image\/","url":"https:\/\/i0.wp.com\/casadecampoliving.com\/wp-content\/uploads\/2022\/07\/CDCLivingLogo_V1-white-sized.png?fit=800%2C214&ssl=1","contentUrl":"https:\/\/i0.wp.com\/casadecampoliving.com\/wp-content\/uploads\/2022\/07\/CDCLivingLogo_V1-white-sized.png?fit=800%2C214&ssl=1","width":800,"height":214,"caption":"Casa de Campo Living"},"image":{"@id":"https:\/\/casadecampoliving.com\/es\/#\/schema\/logo\/image\/"},"sameAs":["https:\/\/www.facebook.com\/casadecampoliving","https:\/\/x.com\/cdcliving"]},{"@type":"Person","@id":"https:\/\/casadecampoliving.com\/es\/#\/schema\/person\/7e3b975d584a5f6ac0fd7128a81b0bc5","name":"","image":{"@type":"ImageObject","inLanguage":"es","@id":"https:\/\/secure.gravatar.com\/avatar\/?s=96&d=mm&r=g","url":"https:\/\/secure.gravatar.com\/avatar\/?s=96&d=mm&r=g","contentUrl":"https:\/\/secure.gravatar.com\/avatar\/?s=96&d=mm&r=g"},"url":"https:\/\/casadecampoliving.com\/es\/author\/ \/"}]}},"parsely":{"version":"1.1.0","canonical_url":"https:\/\/casadecampoliving.com\/es\/foto-de-la-semana-navegando-en-el-atardecer\/","smart_links":{"inbound":0,"outbound":0},"traffic_boost_suggestions_count":0,"meta":{"@context":"https:\/\/schema.org","@type":"NewsArticle","headline":"Foto de la Semana: Navegando en el atardecer","url":"http:\/\/casadecampoliving.com\/es\/foto-de-la-semana-navegando-en-el-atardecer\/","mainEntityOfPage":{"@type":"WebPage","@id":"http:\/\/casadecampoliving.com\/es\/foto-de-la-semana-navegando-en-el-atardecer\/"},"thumbnailUrl":"https:\/\/i0.wp.com\/casadecampoliving.com\/wp-content\/uploads\/2022\/10\/bayahibe_sunset_sailing_casadecampo-1.jpg?resize=150%2C150&ssl=1","image":{"@type":"ImageObject","url":"https:\/\/i0.wp.com\/casadecampoliving.com\/wp-content\/uploads\/2022\/10\/bayahibe_sunset_sailing_casadecampo-1.jpg?fit=565%2C345&ssl=1"},"articleSection":"Estilo de Vida","author":[{"@type":"Person","name":"FB_515917546"}],"creator":["FB_515917546"],"publisher":{"@type":"Organization","name":"Casa de Campo Living","logo":"https:\/\/casadecampoliving.com\/wp-content\/uploads\/2022\/07\/CDCLivingLogo_V1-white-sized.png"},"keywords":["atardecer","bayahibe","casa de campo","foto de la semana","la romana"],"dateCreated":"2011-03-13T04:00:00Z","datePublished":"2011-03-13T04:00:00Z","dateModified":"2022-11-10T14:10:55Z"},"rendered":"<script type=\"application\/ld+json\" class=\"wp-parsely-metadata\">{\"@context\":\"https:\\\/\\\/schema.org\",\"@type\":\"NewsArticle\",\"headline\":\"Foto de la Semana: Navegando en el atardecer\",\"url\":\"http:\\\/\\\/casadecampoliving.com\\\/es\\\/foto-de-la-semana-navegando-en-el-atardecer\\\/\",\"mainEntityOfPage\":{\"@type\":\"WebPage\",\"@id\":\"http:\\\/\\\/casadecampoliving.com\\\/es\\\/foto-de-la-semana-navegando-en-el-atardecer\\\/\"},\"thumbnailUrl\":\"https:\\\/\\\/i0.wp.com\\\/casadecampoliving.com\\\/wp-content\\\/uploads\\\/2022\\\/10\\\/bayahibe_sunset_sailing_casadecampo-1.jpg?resize=150%2C150&ssl=1\",\"image\":{\"@type\":\"ImageObject\",\"url\":\"https:\\\/\\\/i0.wp.com\\\/casadecampoliving.com\\\/wp-content\\\/uploads\\\/2022\\\/10\\\/bayahibe_sunset_sailing_casadecampo-1.jpg?fit=565%2C345&ssl=1\"},\"articleSection\":\"Estilo de Vida\",\"author\":[{\"@type\":\"Person\",\"name\":\"FB_515917546\"}],\"creator\":[\"FB_515917546\"],\"publisher\":{\"@type\":\"Organization\",\"name\":\"Casa de Campo Living\",\"logo\":\"https:\\\/\\\/casadecampoliving.com\\\/wp-content\\\/uploads\\\/2022\\\/07\\\/CDCLivingLogo_V1-white-sized.png\"},\"keywords\":[\"atardecer\",\"bayahibe\",\"casa de campo\",\"foto de la semana\",\"la romana\"],\"dateCreated\":\"2011-03-13T04:00:00Z\",\"datePublished\":\"2011-03-13T04:00:00Z\",\"dateModified\":\"2022-11-10T14:10:55Z\"}<\/script>","tracker_url":"https:\/\/cdn.parsely.com\/keys\/casadecampoliving.com\/p.js"},"jetpack_publicize_connections":[],"jetpack_featured_media_url":"https:\/\/i0.wp.com\/casadecampoliving.com\/wp-content\/uploads\/2022\/10\/bayahibe_sunset_sailing_casadecampo-1.jpg?fit=565%2C345&ssl=1","jetpack-related-posts":[{"id":337742,"url":"https:\/\/casadecampoliving.com\/es\/foto-de-la-semana-una-maravillosa-puesta-del-sol-tomada-por-ramses-montes\/","url_meta":{"origin":337746,"position":0},"title":"Foto de la semana: Una maravillosa puesta del sol, tomada por Ramses Montes","author":"","date":"18 Dic, 2011","format":false,"excerpt":"La foto de Casa de Campo de esta semana es una hermosa puesta de sol cortes\u00eda de Ramses Montes.\u00a0 Aunque en realidad no fue tomada en Casa de Campo, esta espectacular fotograf\u00eda fue tomada en el Club de la Costa en el Central Romana, un punto ubicado a lo largo\u2026","rel":"","context":"En \u00abDestacados\u00bb","block_context":{"text":"Destacados","link":"https:\/\/casadecampoliving.com\/es\/category\/destacados\/"},"img":{"alt_text":"sunset dominican republic","src":"https:\/\/i0.wp.com\/casadecampoliving.com\/wp-content\/uploads\/2022\/10\/sunset_dominican_republic-1.jpg?fit=650%2C432&ssl=1&resize=350%2C200","width":350,"height":200,"srcset":"https:\/\/i0.wp.com\/casadecampoliving.com\/wp-content\/uploads\/2022\/10\/sunset_dominican_republic-1.jpg?fit=650%2C432&ssl=1&resize=350%2C200 1x, https:\/\/i0.wp.com\/casadecampoliving.com\/wp-content\/uploads\/2022\/10\/sunset_dominican_republic-1.jpg?fit=650%2C432&ssl=1&resize=525%2C300 1.5x"},"classes":[]},{"id":339925,"url":"https:\/\/casadecampoliving.com\/es\/foto-de-la-semana-cielo-rosa-en-una-noche-caribena\/","url_meta":{"origin":337746,"position":1},"title":"Foto de la Semana: Cielo rosa en una noche caribe\u00f1a","author":"","date":"14 Oct, 2012","format":false,"excerpt":"Sencillamente amo tomar fotos de los atardeceres \u2013 lo que es una gran noticia para nuestra perrita, ya que significa que tiene la oportunidad de acompa\u00f1arme a caminar el campo de golf Teeth of the Dog cada tarde \u2013 que es sin duda el mejor lugar para tomar fotos del\u2026","rel":"","context":"En \u00abDeportes\u00bb","block_context":{"text":"Deportes","link":"https:\/\/casadecampoliving.com\/es\/category\/golf-deportes-es\/"},"img":{"alt_text":"sunset teeth of the dog","src":"https:\/\/i0.wp.com\/casadecampoliving.com\/wp-content\/uploads\/2022\/10\/sunset_teeth_of_the_dog-1.jpg?fit=650%2C439&ssl=1&resize=350%2C200","width":350,"height":200,"srcset":"https:\/\/i0.wp.com\/casadecampoliving.com\/wp-content\/uploads\/2022\/10\/sunset_teeth_of_the_dog-1.jpg?fit=650%2C439&ssl=1&resize=350%2C200 1x, https:\/\/i0.wp.com\/casadecampoliving.com\/wp-content\/uploads\/2022\/10\/sunset_teeth_of_the_dog-1.jpg?fit=650%2C439&ssl=1&resize=525%2C300 1.5x"},"classes":[]},{"id":337261,"url":"https:\/\/casadecampoliving.com\/es\/fotos-de-la-semana-puesta-del-sol-sobre-el-campo-de-golf-teeth-of-the-dog\/","url_meta":{"origin":337746,"position":2},"title":"Fotos de la semana: Puesta del Sol sobre el campo de golf, Teeth of the Dog","author":"","date":"13 Nov, 2011","format":false,"excerpt":"\u00a1La foto de esta semana fue tomada por Rebecca Hughes y es hermosa!\u00a0 La foto fue tomada en el hoyo 8 de Teeth of the Dog (donde Rebecca le encanta pasear a su perrita Leila \u2013 pueden verla en medio de la foto mirando hacia el mar). Si piensan que\u2026","rel":"","context":"En \u00abDestacados\u00bb","block_context":{"text":"Destacados","link":"https:\/\/casadecampoliving.com\/es\/category\/destacados\/"},"img":{"alt_text":"casa de campo sunset","src":"https:\/\/i0.wp.com\/casadecampoliving.com\/wp-content\/uploads\/2022\/10\/casa_de_campo_sunset.jpg?fit=650%2C346&ssl=1&resize=350%2C200","width":350,"height":200,"srcset":"https:\/\/i0.wp.com\/casadecampoliving.com\/wp-content\/uploads\/2022\/10\/casa_de_campo_sunset.jpg?fit=650%2C346&ssl=1&resize=350%2C200 1x, https:\/\/i0.wp.com\/casadecampoliving.com\/wp-content\/uploads\/2022\/10\/casa_de_campo_sunset.jpg?fit=650%2C346&ssl=1&resize=525%2C300 1.5x"},"classes":[]},{"id":338570,"url":"https:\/\/casadecampoliving.com\/es\/foto-de-la-semana-la-romana-brilla-a-la-luz-del-sol-de-la-noche\/","url_meta":{"origin":337746,"position":3},"title":"Foto de la semana: La Romana brilla a la luz del sol de la noche","author":"","date":"18 Mar, 2012","format":false,"excerpt":"La foto de esta semana muestra el pueblo costero de La Romana, en la parte Sureste de la Rep\u00fablica Dominicana (y a s\u00f3lo 5 minutos de Casa de Campo) y su espectacular \u2018sol de la noche\u2019.\u00a0 Tomada a bordo del crucero Costa Luminosa, durante la celebraci\u00f3n del Caf\u00e9 de la\u2026","rel":"","context":"En \u00abDestacados\u00bb","block_context":{"text":"Destacados","link":"https:\/\/casadecampoliving.com\/es\/category\/destacados\/"},"img":{"alt_text":"la romana sunset","src":"https:\/\/i0.wp.com\/casadecampoliving.com\/wp-content\/uploads\/2022\/10\/la_romana_sunset-1.jpg?fit=650%2C434&ssl=1&resize=350%2C200","width":350,"height":200,"srcset":"https:\/\/i0.wp.com\/casadecampoliving.com\/wp-content\/uploads\/2022\/10\/la_romana_sunset-1.jpg?fit=650%2C434&ssl=1&resize=350%2C200 1x, https:\/\/i0.wp.com\/casadecampoliving.com\/wp-content\/uploads\/2022\/10\/la_romana_sunset-1.jpg?fit=650%2C434&ssl=1&resize=525%2C300 1.5x"},"classes":[]},{"id":339435,"url":"https:\/\/casadecampoliving.com\/es\/foto-de-la-semana-atardecer-palma-y-poste-de-luz-en-la-marinca-casa-de-campo\/","url_meta":{"origin":337746,"position":4},"title":"Foto de la semana: Atardecer, palma y poste de luz en la Marina Casa de Campo!","author":"","date":"5 Ago, 2012","format":false,"excerpt":"Esta magn\u00edfica foto fue tomada en la Marina Casa de Campo el pasado juves 18 de julio mientras iba caminando hacia el \u201cAtardecer con Sabor a M\u00fasica\u201d en el Azimut Caf\u00e9 \u2013 y fue una de las razones por las cuales llegamos un poco m\u00e1s tarde de lo planeado, pero\u2026","rel":"","context":"En \u00abDestacados\u00bb","block_context":{"text":"Destacados","link":"https:\/\/casadecampoliving.com\/es\/category\/destacados\/"},"img":{"alt_text":"marina casa de campo","src":"https:\/\/i0.wp.com\/casadecampoliving.com\/wp-content\/uploads\/2022\/10\/marina_casa_de_campo3-13.jpg?fit=650%2C867&ssl=1&resize=350%2C200","width":350,"height":200,"srcset":"https:\/\/i0.wp.com\/casadecampoliving.com\/wp-content\/uploads\/2022\/10\/marina_casa_de_campo3-13.jpg?fit=650%2C867&ssl=1&resize=350%2C200 1x, https:\/\/i0.wp.com\/casadecampoliving.com\/wp-content\/uploads\/2022\/10\/marina_casa_de_campo3-13.jpg?fit=650%2C867&ssl=1&resize=525%2C300 1.5x"},"classes":[]},{"id":339871,"url":"https:\/\/casadecampoliving.com\/es\/foto-de-la-semana-es-bueno-para-usted\/","url_meta":{"origin":337746,"position":5},"title":"Foto de la Semana: \u00abEs bueno para usted\u00bb","author":"","date":"7 Oct, 2012","format":false,"excerpt":"Prueba de que el sol, mar, arena, hermosas mujeres y la fotograf\u00eda, en realidad, es bueno para usted! Esta foto picarona fue tomada por nuestro amigo Gildack Morata en una reciente aventura a la isla Saona con el Bayahibe Fishing Center. Con 4 damas modelos nadando en las aguas cristalinas\u2026","rel":"","context":"En \u00abCasa de Campo Living @es\u00bb","block_context":{"text":"Casa de Campo Living @es","link":"https:\/\/casadecampoliving.com\/category\/casa-de-campo-living-es\/"},"img":{"alt_text":"saona island","src":"https:\/\/i0.wp.com\/casadecampoliving.com\/wp-content\/uploads\/2022\/10\/saona_island-3.jpg?fit=650%2C436&ssl=1&resize=350%2C200","width":350,"height":200,"srcset":"https:\/\/i0.wp.com\/casadecampoliving.com\/wp-content\/uploads\/2022\/10\/saona_island-3.jpg?fit=650%2C436&ssl=1&resize=350%2C200 1x, https:\/\/i0.wp.com\/casadecampoliving.com\/wp-content\/uploads\/2022\/10\/saona_island-3.jpg?fit=650%2C436&ssl=1&resize=525%2C300 1.5x"},"classes":[]}],"jetpack_sharing_enabled":true,"_links":{"self":[{"href":"https:\/\/casadecampoliving.com\/es\/wp-json\/wp\/v2\/posts\/337746","targetHints":{"allow":["GET"]}}],"collection":[{"href":"https:\/\/casadecampoliving.com\/es\/wp-json\/wp\/v2\/posts"}],"about":[{"href":"https:\/\/casadecampoliving.com\/es\/wp-json\/wp\/v2\/types\/post"}],"author":[{"embeddable":true,"href":"https:\/\/casadecampoliving.com\/es\/wp-json\/wp\/v2\/users\/21"}],"replies":[{"embeddable":true,"href":"https:\/\/casadecampoliving.com\/es\/wp-json\/wp\/v2\/comments?post=337746"}],"version-history":[{"count":1,"href":"https:\/\/casadecampoliving.com\/es\/wp-json\/wp\/v2\/posts\/337746\/revisions"}],"predecessor-version":[{"id":337747,"href":"https:\/\/casadecampoliving.com\/es\/wp-json\/wp\/v2\/posts\/337746\/revisions\/337747"}],"wp:featuredmedia":[{"embeddable":true,"href":"https:\/\/casadecampoliving.com\/es\/wp-json\/wp\/v2\/media\/237550"}],"wp:attachment":[{"href":"https:\/\/casadecampoliving.com\/es\/wp-json\/wp\/v2\/media?parent=337746"}],"wp:term":[{"taxonomy":"category","embeddable":true,"href":"https:\/\/casadecampoliving.com\/es\/wp-json\/wp\/v2\/categories?post=337746"},{"taxonomy":"post_tag","embeddable":true,"href":"https:\/\/casadecampoliving.com\/es\/wp-json\/wp\/v2\/tags?post=337746"},{"taxonomy":"newspack_spnsrs_tax","embeddable":true,"href":"https:\/\/casadecampoliving.com\/es\/wp-json\/wp\/v2\/newspack_spnsrs_tax?post=337746"}],"curies":[{"name":"wp","href":"https:\/\/api.w.org\/{rel}","templated":true}]}}