{"id":337730,"date":"2011-08-22T00:00:00","date_gmt":"2011-08-22T04:00:00","guid":{"rendered":"https:\/\/casadecampoliving.com\/celebrando-el-inicio-del-fin-de-semana-de-la-fundacion-mir-con-manuel-machado\/"},"modified":"2022-11-10T10:47:36","modified_gmt":"2022-11-10T14:47:36","slug":"celebrando-el-inicio-del-fin-de-semana-de-la-fundacion-mir-con-manuel-machado","status":"publish","type":"post","link":"https:\/\/casadecampoliving.com\/es\/celebrando-el-inicio-del-fin-de-semana-de-la-fundacion-mir-con-manuel-machado\/","title":{"rendered":"Celebrando el inicio del fin de semana de la Fundaci\u00f3n MIR con Manuel Machado"},"content":{"rendered":"<a href=\"https:\/\/i0.wp.com\/casadecampoliving.com\/wp-content\/uploads\/2022\/10\/casa_de_campo_fundacion_MIR-2.jpg?ssl=1\"><img data-recalc-dims=\"1\" loading=\"lazy\" decoding=\"async\" class=\"aligncenter size-full wp-image-32090\" title=\"casa_de_campo_fundacion_MIR\" src=\"https:\/\/i0.wp.com\/casadecampoliving.com\/wp-content\/uploads\/2022\/10\/casa_de_campo_fundacion_MIR-2.jpg?resize=565%2C445&#038;ssl=1\" alt=\"\" width=\"565\" height=\"445\" \/><\/a>\n\nEl jueves 11 de agosto una cena \u00edntima, conocida como el \u00abpre-MIR &#8216;fue organizada por Manuel Machado en uns espectacular villa de Casa de Campo en la Bah\u00eda Chav\u00f3n, cerca de la Marina Casa de Campo.<!--more-->\n\nManuel Machado, presidente de MGSCOMM, gran colaborador de la Fundaci\u00f3n MIR, puso a disposici\u00f3n su propia empresa de recursos para ayudar a crear conciencia para la causa de la Fundaci\u00f3n MIR, as\u00ed como alinear la organizaci\u00f3n con los partidarios de la comunidad y el patrocinador corporativo, Tiffany &amp; Co.\n\n<strong>\n<figure class=\"wp-block-gallery has-nested-images columns-default is-cropped wp-block-gallery-1 is-layout-flex wp-block-gallery-is-layout-flex\">\n<figure class=\"wp-block-image size-large\"><img data-recalc-dims=\"1\" loading=\"lazy\" decoding=\"async\" width=\"800\" height=\"600\" data-id=\"382942\" src=\"https:\/\/i0.wp.com\/casadecampoliving.com\/wp-content\/uploads\/2022\/10\/img_6351.jpg?resize=800%2C600&#038;ssl=1\" alt=\"\" class=\"wp-image-382942\" srcset=\"https:\/\/i0.wp.com\/casadecampoliving.com\/wp-content\/uploads\/2022\/10\/img_6351.jpg?w=800&amp;ssl=1 800w, https:\/\/i0.wp.com\/casadecampoliving.com\/wp-content\/uploads\/2022\/10\/img_6351.jpg?resize=300%2C225&amp;ssl=1 300w, https:\/\/i0.wp.com\/casadecampoliving.com\/wp-content\/uploads\/2022\/10\/img_6351.jpg?resize=768%2C576&amp;ssl=1 768w, https:\/\/i0.wp.com\/casadecampoliving.com\/wp-content\/uploads\/2022\/10\/img_6351.jpg?resize=400%2C300&amp;ssl=1 400w, https:\/\/i0.wp.com\/casadecampoliving.com\/wp-content\/uploads\/2022\/10\/img_6351.jpg?resize=200%2C150&amp;ssl=1 200w, https:\/\/i0.wp.com\/casadecampoliving.com\/wp-content\/uploads\/2022\/10\/img_6351.jpg?resize=706%2C530&amp;ssl=1 706w, https:\/\/i0.wp.com\/casadecampoliving.com\/wp-content\/uploads\/2022\/10\/img_6351.jpg?resize=150%2C113&amp;ssl=1 150w, https:\/\/i0.wp.com\/casadecampoliving.com\/wp-content\/uploads\/2022\/10\/img_6351.jpg?w=370&amp;ssl=1 370w\" sizes=\"auto, (max-width: 800px) 100vw, 800px\" \/><\/figure>\n\n\n\n<figure class=\"wp-block-image size-large\"><img data-recalc-dims=\"1\" loading=\"lazy\" decoding=\"async\" width=\"800\" height=\"600\" data-id=\"382944\" src=\"https:\/\/i0.wp.com\/casadecampoliving.com\/wp-content\/uploads\/2022\/10\/img_6352.jpg?resize=800%2C600&#038;ssl=1\" alt=\"\" class=\"wp-image-382944\" srcset=\"https:\/\/i0.wp.com\/casadecampoliving.com\/wp-content\/uploads\/2022\/10\/img_6352.jpg?w=800&amp;ssl=1 800w, https:\/\/i0.wp.com\/casadecampoliving.com\/wp-content\/uploads\/2022\/10\/img_6352.jpg?resize=300%2C225&amp;ssl=1 300w, https:\/\/i0.wp.com\/casadecampoliving.com\/wp-content\/uploads\/2022\/10\/img_6352.jpg?resize=768%2C576&amp;ssl=1 768w, https:\/\/i0.wp.com\/casadecampoliving.com\/wp-content\/uploads\/2022\/10\/img_6352.jpg?resize=400%2C300&amp;ssl=1 400w, https:\/\/i0.wp.com\/casadecampoliving.com\/wp-content\/uploads\/2022\/10\/img_6352.jpg?resize=200%2C150&amp;ssl=1 200w, https:\/\/i0.wp.com\/casadecampoliving.com\/wp-content\/uploads\/2022\/10\/img_6352.jpg?resize=706%2C530&amp;ssl=1 706w, https:\/\/i0.wp.com\/casadecampoliving.com\/wp-content\/uploads\/2022\/10\/img_6352.jpg?resize=150%2C113&amp;ssl=1 150w, https:\/\/i0.wp.com\/casadecampoliving.com\/wp-content\/uploads\/2022\/10\/img_6352.jpg?w=370&amp;ssl=1 370w\" sizes=\"auto, (max-width: 800px) 100vw, 800px\" \/><\/figure>\n\n\n\n<figure class=\"wp-block-image size-large\"><img data-recalc-dims=\"1\" loading=\"lazy\" decoding=\"async\" width=\"800\" height=\"600\" data-id=\"382946\" src=\"https:\/\/i0.wp.com\/casadecampoliving.com\/wp-content\/uploads\/2022\/10\/img_6353.jpg?resize=800%2C600&#038;ssl=1\" alt=\"\" class=\"wp-image-382946\" srcset=\"https:\/\/i0.wp.com\/casadecampoliving.com\/wp-content\/uploads\/2022\/10\/img_6353.jpg?w=800&amp;ssl=1 800w, https:\/\/i0.wp.com\/casadecampoliving.com\/wp-content\/uploads\/2022\/10\/img_6353.jpg?resize=300%2C225&amp;ssl=1 300w, https:\/\/i0.wp.com\/casadecampoliving.com\/wp-content\/uploads\/2022\/10\/img_6353.jpg?resize=768%2C576&amp;ssl=1 768w, https:\/\/i0.wp.com\/casadecampoliving.com\/wp-content\/uploads\/2022\/10\/img_6353.jpg?resize=400%2C300&amp;ssl=1 400w, https:\/\/i0.wp.com\/casadecampoliving.com\/wp-content\/uploads\/2022\/10\/img_6353.jpg?resize=200%2C150&amp;ssl=1 200w, https:\/\/i0.wp.com\/casadecampoliving.com\/wp-content\/uploads\/2022\/10\/img_6353.jpg?resize=706%2C530&amp;ssl=1 706w, https:\/\/i0.wp.com\/casadecampoliving.com\/wp-content\/uploads\/2022\/10\/img_6353.jpg?resize=150%2C113&amp;ssl=1 150w, https:\/\/i0.wp.com\/casadecampoliving.com\/wp-content\/uploads\/2022\/10\/img_6353.jpg?w=370&amp;ssl=1 370w\" sizes=\"auto, (max-width: 800px) 100vw, 800px\" \/><\/figure>\n\n\n\n<figure class=\"wp-block-image size-large\"><img data-recalc-dims=\"1\" loading=\"lazy\" decoding=\"async\" width=\"800\" height=\"600\" data-id=\"382948\" src=\"https:\/\/i0.wp.com\/casadecampoliving.com\/wp-content\/uploads\/2022\/10\/img_6356-1.jpg?resize=800%2C600&#038;ssl=1\" alt=\"\" class=\"wp-image-382948\" srcset=\"https:\/\/i0.wp.com\/casadecampoliving.com\/wp-content\/uploads\/2022\/10\/img_6356-1.jpg?w=800&amp;ssl=1 800w, https:\/\/i0.wp.com\/casadecampoliving.com\/wp-content\/uploads\/2022\/10\/img_6356-1.jpg?resize=300%2C225&amp;ssl=1 300w, https:\/\/i0.wp.com\/casadecampoliving.com\/wp-content\/uploads\/2022\/10\/img_6356-1.jpg?resize=768%2C576&amp;ssl=1 768w, https:\/\/i0.wp.com\/casadecampoliving.com\/wp-content\/uploads\/2022\/10\/img_6356-1.jpg?resize=400%2C300&amp;ssl=1 400w, https:\/\/i0.wp.com\/casadecampoliving.com\/wp-content\/uploads\/2022\/10\/img_6356-1.jpg?resize=200%2C150&amp;ssl=1 200w, https:\/\/i0.wp.com\/casadecampoliving.com\/wp-content\/uploads\/2022\/10\/img_6356-1.jpg?resize=706%2C530&amp;ssl=1 706w, https:\/\/i0.wp.com\/casadecampoliving.com\/wp-content\/uploads\/2022\/10\/img_6356-1.jpg?resize=150%2C113&amp;ssl=1 150w, https:\/\/i0.wp.com\/casadecampoliving.com\/wp-content\/uploads\/2022\/10\/img_6356-1.jpg?w=370&amp;ssl=1 370w\" sizes=\"auto, (max-width: 800px) 100vw, 800px\" \/><\/figure>\n\n\n\n<figure class=\"wp-block-image size-large\"><img data-recalc-dims=\"1\" loading=\"lazy\" decoding=\"async\" width=\"800\" height=\"600\" data-id=\"382950\" src=\"https:\/\/i0.wp.com\/casadecampoliving.com\/wp-content\/uploads\/2022\/10\/img_6358.jpg?resize=800%2C600&#038;ssl=1\" alt=\"\" class=\"wp-image-382950\" srcset=\"https:\/\/i0.wp.com\/casadecampoliving.com\/wp-content\/uploads\/2022\/10\/img_6358.jpg?w=800&amp;ssl=1 800w, https:\/\/i0.wp.com\/casadecampoliving.com\/wp-content\/uploads\/2022\/10\/img_6358.jpg?resize=300%2C225&amp;ssl=1 300w, https:\/\/i0.wp.com\/casadecampoliving.com\/wp-content\/uploads\/2022\/10\/img_6358.jpg?resize=768%2C576&amp;ssl=1 768w, https:\/\/i0.wp.com\/casadecampoliving.com\/wp-content\/uploads\/2022\/10\/img_6358.jpg?resize=400%2C300&amp;ssl=1 400w, https:\/\/i0.wp.com\/casadecampoliving.com\/wp-content\/uploads\/2022\/10\/img_6358.jpg?resize=200%2C150&amp;ssl=1 200w, https:\/\/i0.wp.com\/casadecampoliving.com\/wp-content\/uploads\/2022\/10\/img_6358.jpg?resize=706%2C530&amp;ssl=1 706w, https:\/\/i0.wp.com\/casadecampoliving.com\/wp-content\/uploads\/2022\/10\/img_6358.jpg?resize=150%2C113&amp;ssl=1 150w, https:\/\/i0.wp.com\/casadecampoliving.com\/wp-content\/uploads\/2022\/10\/img_6358.jpg?w=370&amp;ssl=1 370w\" sizes=\"auto, (max-width: 800px) 100vw, 800px\" \/><\/figure>\n<\/figure>\n<\/strong>\n<blockquote><strong><strong><a href=\"https:\/\/i0.wp.com\/casadecampoliving.com\/wp-content\/uploads\/2022\/10\/fundacion_MIR.jpg?ssl=1\">\n<img data-recalc-dims=\"1\" loading=\"lazy\" decoding=\"async\" class=\"alignright\" title=\"fundacion_MIR\" src=\"https:\/\/i0.wp.com\/casadecampoliving.com\/wp-content\/uploads\/2022\/10\/fundacion_MIR.jpg?resize=144%2C138&#038;ssl=1\" alt=\"\" width=\"144\" height=\"138\" \/><\/a><\/strong><\/strong><strong>La Fundaci\u00f3n\u00a0MIR<\/strong>\n\nLa\u00a0<a href=\"http:\/\/translate.googleusercontent.com\/translate_c?hl=en&amp;ie=UTF8&amp;rurl=translate.google.com&amp;sl=en&amp;tl=es&amp;twu=1&amp;u=https:\/\/casadecampoliving.com\/2009\/07\/discovering-the-fundacion-mir-la-clinica-de-familia\/&amp;usg=ALkJrhi18-evn-Y_k0ph99MBTC9mg33fBA\" target=\"_self\" rel=\"noopener\">Fundaci\u00f3n MIR<\/a>\u00a0es una organizaci\u00f3n sin fines de lucro que trabaja para proporcionar educaci\u00f3n a los ni\u00f1os del \u00e1rea metropolitana de La Romana, que m\u00e1s lo necesitan.\u00a0Se ejecutan tres escuelas, la Esperanza MIR (escuela de ni\u00f1os profesional), la Escuela T\u00e9cnica Vocacional Fundaci\u00f3n MIR (escuela de ni\u00f1as de formaci\u00f3n profesional) y el\u00a0<a href=\"http:\/\/translate.googleusercontent.com\/translate_c?hl=en&amp;ie=UTF8&amp;rurl=translate.google.com&amp;sl=en&amp;tl=es&amp;twu=1&amp;u=https:\/\/casadecampoliving.com\/2011\/01\/celebrating-the-inauguration-of-the-fundacion-mirs-new-school-the-primaria-mir\/&amp;usg=ALkJrhjOYIeSll4oxMbBGqRjX0oyO8BXPA\">MIR Primaria<\/a>\u00a0(ni\u00f1os de la escuela).\n\nPara m\u00e1s informaci\u00f3n sobre la Fundaci\u00f3n MIR y hacer una donaci\u00f3n, visite su sitio web:\u00a0<a href=\"http:\/\/translate.googleusercontent.com\/translate_c?hl=en&amp;ie=UTF8&amp;rurl=translate.google.com&amp;sl=en&amp;tl=es&amp;twu=1&amp;u=http:\/\/www.mirinternational.org\/&amp;usg=ALkJrhi4kExE6kvs-FgNn4Vrsdt4RTACXQ\">www.\u00a0<strong>mir<\/strong>\u00a0international.org<\/a><\/blockquote>\n&nbsp;","protected":false},"excerpt":{"rendered":"<p>El jueves 11 de agosto una cena \u00edntima, conocida como el \u00abpre-MIR &#8216;fue organizada por Manuel Machado en uns espectacular villa de Casa de Campo en la Bah\u00eda Chav\u00f3n, cerca de la Marina Casa de Campo.<\/p>\n","protected":false},"author":21,"featured_media":232473,"comment_status":"closed","ping_status":"closed","sticky":false,"template":"","format":"standard","meta":{"newspack_ads_suppress_ads":false,"newspack_popups_has_disabled_popups":false,"newspack_sponsor_sponsorship_scope":"","newspack_sponsor_native_byline_display":"inherit","newspack_sponsor_native_category_display":"inherit","newspack_sponsor_underwriter_style":"inherit","newspack_sponsor_underwriter_placement":"inherit","_newspack_byline_active":false,"_newspack_byline":"","newspack_content_restriction_is_exempt":false,"newspack_featured_image_position":"","newspack_post_subtitle":"","newspack_article_summary_title":"Overview:","newspack_article_summary":"","newspack_hide_updated_date":false,"newspack_show_updated_date":false,"_jetpack_memberships_contains_paid_content":false,"footnotes":"","jetpack_publicize_message":"","jetpack_publicize_feature_enabled":true,"jetpack_social_post_already_shared":false,"jetpack_social_options":{"image_generator_settings":{"template":"highway","default_image_id":0,"font":"","enabled":false},"version":2},"_wpas_customize_per_network":false},"categories":[2501,2521,2522,14629,14631,14625,14627],"tags":[23815,3195,3577,24715,3145],"newspack_spnsrs_tax":[],"class_list":["post-337730","post","type-post","status-publish","format-standard","has-post-thumbnail","hentry","category-vida-nocturna-es","category-republica-dominicana-2","category-eventos-es","category-comidas-bebidas","category-estilo-de-vida","category-noticias-locales","category-proximamente","tag-casa-de-campo-es-17","tag-family-weekend","tag-fundacion-mir-es-2","tag-fundacion-mir-es","tag-mir","entry"],"yoast_head":"<!-- This site is optimized with the Yoast SEO plugin v27.3 - https:\/\/yoast.com\/product\/yoast-seo-wordpress\/ -->\n<title>Celebrando el inicio del fin de semana de la Fundaci\u00f3n MIR con Manuel Machado | Casa de Campo Living<\/title>\n<meta name=\"description\" content=\"El jueves 11 de agosto una cena \u00edntima, conocida como el &quot;pre-MIR &#039;fue organizada por Manuel Machado en uns espectacular villa de Casa de Campo en la\" \/>\n<meta name=\"robots\" content=\"index, follow, max-snippet:-1, max-image-preview:large, max-video-preview:-1\" \/>\n<link rel=\"canonical\" href=\"https:\/\/casadecampoliving.com\/es\/celebrando-el-inicio-del-fin-de-semana-de-la-fundacion-mir-con-manuel-machado\/\" \/>\n<meta property=\"og:locale\" content=\"es_ES\" \/>\n<meta property=\"og:type\" content=\"article\" \/>\n<meta property=\"og:title\" content=\"Celebrando el inicio del fin de semana de la Fundaci\u00f3n MIR con Manuel Machado | Casa de Campo Living\" \/>\n<meta property=\"og:description\" content=\"El jueves 11 de agosto una cena \u00edntima, conocida como el &quot;pre-MIR &#039;fue organizada por Manuel Machado en uns espectacular villa de Casa de Campo en la\" \/>\n<meta property=\"og:url\" content=\"https:\/\/casadecampoliving.com\/es\/celebrando-el-inicio-del-fin-de-semana-de-la-fundacion-mir-con-manuel-machado\/\" \/>\n<meta property=\"og:site_name\" content=\"Casa de Campo Living\" \/>\n<meta property=\"article:publisher\" content=\"https:\/\/www.facebook.com\/casadecampoliving\" \/>\n<meta property=\"article:published_time\" content=\"2011-08-22T04:00:00+00:00\" \/>\n<meta property=\"article:modified_time\" content=\"2022-11-10T14:47:36+00:00\" \/>\n<meta property=\"og:image\" content=\"https:\/\/i0.wp.com\/casadecampoliving.com\/wp-content\/uploads\/2022\/10\/casa_de_campo_fundacion_MIR-3.jpg?fit=565%2C445&ssl=1\" \/>\n\t<meta property=\"og:image:width\" content=\"565\" \/>\n\t<meta property=\"og:image:height\" content=\"445\" \/>\n\t<meta property=\"og:image:type\" content=\"image\/jpeg\" \/>\n<meta name=\"twitter:card\" content=\"summary_large_image\" \/>\n<meta name=\"twitter:creator\" content=\"@cdcliving\" \/>\n<meta name=\"twitter:site\" content=\"@cdcliving\" \/>\n<meta name=\"twitter:label1\" content=\"Escrito por\" \/>\n\t<meta name=\"twitter:data1\" content=\"\" \/>\n\t<meta name=\"twitter:label2\" content=\"Tiempo de lectura\" \/>\n\t<meta name=\"twitter:data2\" content=\"1 minuto\" \/>\n<script type=\"application\/ld+json\" class=\"yoast-schema-graph\">{\"@context\":\"https:\\\/\\\/schema.org\",\"@graph\":[{\"@type\":\"Article\",\"@id\":\"https:\\\/\\\/casadecampoliving.com\\\/es\\\/celebrando-el-inicio-del-fin-de-semana-de-la-fundacion-mir-con-manuel-machado\\\/#article\",\"isPartOf\":{\"@id\":\"https:\\\/\\\/casadecampoliving.com\\\/es\\\/celebrando-el-inicio-del-fin-de-semana-de-la-fundacion-mir-con-manuel-machado\\\/\"},\"author\":{\"name\":\"\",\"@id\":\"https:\\\/\\\/casadecampoliving.com\\\/es\\\/#\\\/schema\\\/person\\\/7e3b975d584a5f6ac0fd7128a81b0bc5\"},\"headline\":\"Celebrando el inicio del fin de semana de la Fundaci\u00f3n MIR con Manuel Machado\",\"datePublished\":\"2011-08-22T04:00:00+00:00\",\"dateModified\":\"2022-11-10T14:47:36+00:00\",\"mainEntityOfPage\":{\"@id\":\"https:\\\/\\\/casadecampoliving.com\\\/es\\\/celebrando-el-inicio-del-fin-de-semana-de-la-fundacion-mir-con-manuel-machado\\\/\"},\"wordCount\":203,\"publisher\":{\"@id\":\"https:\\\/\\\/casadecampoliving.com\\\/es\\\/#organization\"},\"image\":{\"@id\":\"https:\\\/\\\/casadecampoliving.com\\\/es\\\/celebrando-el-inicio-del-fin-de-semana-de-la-fundacion-mir-con-manuel-machado\\\/#primaryimage\"},\"thumbnailUrl\":\"https:\\\/\\\/i0.wp.com\\\/casadecampoliving.com\\\/wp-content\\\/uploads\\\/2022\\\/10\\\/casa_de_campo_fundacion_MIR-3.jpg?fit=565%2C445&ssl=1\",\"keywords\":[\"Casa de Campo\",\"family weekend\",\"Fundacion MIR @es\",\"Fundacion MIR\",\"MIR\"],\"articleSection\":[\"Vida Nocturna\",\"Rep\u00fablica Dominicana @es\",\"Eventos\",\"Comidas &amp; Bebidas\",\"Estilo de Vida\",\"Noticias Locales\",\"Proximamente\"],\"inLanguage\":\"es\"},{\"@type\":\"WebPage\",\"@id\":\"https:\\\/\\\/casadecampoliving.com\\\/es\\\/celebrando-el-inicio-del-fin-de-semana-de-la-fundacion-mir-con-manuel-machado\\\/\",\"url\":\"https:\\\/\\\/casadecampoliving.com\\\/es\\\/celebrando-el-inicio-del-fin-de-semana-de-la-fundacion-mir-con-manuel-machado\\\/\",\"name\":\"Celebrando el inicio del fin de semana de la Fundaci\u00f3n MIR con Manuel Machado | Casa de Campo Living\",\"isPartOf\":{\"@id\":\"https:\\\/\\\/casadecampoliving.com\\\/es\\\/#website\"},\"primaryImageOfPage\":{\"@id\":\"https:\\\/\\\/casadecampoliving.com\\\/es\\\/celebrando-el-inicio-del-fin-de-semana-de-la-fundacion-mir-con-manuel-machado\\\/#primaryimage\"},\"image\":{\"@id\":\"https:\\\/\\\/casadecampoliving.com\\\/es\\\/celebrando-el-inicio-del-fin-de-semana-de-la-fundacion-mir-con-manuel-machado\\\/#primaryimage\"},\"thumbnailUrl\":\"https:\\\/\\\/i0.wp.com\\\/casadecampoliving.com\\\/wp-content\\\/uploads\\\/2022\\\/10\\\/casa_de_campo_fundacion_MIR-3.jpg?fit=565%2C445&ssl=1\",\"datePublished\":\"2011-08-22T04:00:00+00:00\",\"dateModified\":\"2022-11-10T14:47:36+00:00\",\"description\":\"El jueves 11 de agosto una cena \u00edntima, conocida como el \\\"pre-MIR 'fue organizada por Manuel Machado en uns espectacular villa de Casa de Campo en la\",\"breadcrumb\":{\"@id\":\"https:\\\/\\\/casadecampoliving.com\\\/es\\\/celebrando-el-inicio-del-fin-de-semana-de-la-fundacion-mir-con-manuel-machado\\\/#breadcrumb\"},\"inLanguage\":\"es\",\"potentialAction\":[{\"@type\":\"ReadAction\",\"target\":[\"https:\\\/\\\/casadecampoliving.com\\\/es\\\/celebrando-el-inicio-del-fin-de-semana-de-la-fundacion-mir-con-manuel-machado\\\/\"]}]},{\"@type\":\"ImageObject\",\"inLanguage\":\"es\",\"@id\":\"https:\\\/\\\/casadecampoliving.com\\\/es\\\/celebrando-el-inicio-del-fin-de-semana-de-la-fundacion-mir-con-manuel-machado\\\/#primaryimage\",\"url\":\"https:\\\/\\\/i0.wp.com\\\/casadecampoliving.com\\\/wp-content\\\/uploads\\\/2022\\\/10\\\/casa_de_campo_fundacion_MIR-3.jpg?fit=565%2C445&ssl=1\",\"contentUrl\":\"https:\\\/\\\/i0.wp.com\\\/casadecampoliving.com\\\/wp-content\\\/uploads\\\/2022\\\/10\\\/casa_de_campo_fundacion_MIR-3.jpg?fit=565%2C445&ssl=1\",\"width\":565,\"height\":445},{\"@type\":\"BreadcrumbList\",\"@id\":\"https:\\\/\\\/casadecampoliving.com\\\/es\\\/celebrando-el-inicio-del-fin-de-semana-de-la-fundacion-mir-con-manuel-machado\\\/#breadcrumb\",\"itemListElement\":[{\"@type\":\"ListItem\",\"position\":1,\"name\":\"Home\",\"item\":\"https:\\\/\\\/casadecampoliving.com\\\/es\\\/\"},{\"@type\":\"ListItem\",\"position\":2,\"name\":\"Celebrando el inicio del fin de semana de la Fundaci\u00f3n MIR con Manuel Machado\"}]},{\"@type\":\"WebSite\",\"@id\":\"https:\\\/\\\/casadecampoliving.com\\\/es\\\/#website\",\"url\":\"https:\\\/\\\/casadecampoliving.com\\\/es\\\/\",\"name\":\"Casa de Campo Living\",\"description\":\"Resort community news and resources.\",\"publisher\":{\"@id\":\"https:\\\/\\\/casadecampoliving.com\\\/es\\\/#organization\"},\"potentialAction\":[{\"@type\":\"SearchAction\",\"target\":{\"@type\":\"EntryPoint\",\"urlTemplate\":\"https:\\\/\\\/casadecampoliving.com\\\/es\\\/?s={search_term_string}\"},\"query-input\":{\"@type\":\"PropertyValueSpecification\",\"valueRequired\":true,\"valueName\":\"search_term_string\"}}],\"inLanguage\":\"es\"},{\"@type\":\"Organization\",\"@id\":\"https:\\\/\\\/casadecampoliving.com\\\/es\\\/#organization\",\"name\":\"Casa de Campo Living\",\"url\":\"https:\\\/\\\/casadecampoliving.com\\\/es\\\/\",\"logo\":{\"@type\":\"ImageObject\",\"inLanguage\":\"es\",\"@id\":\"https:\\\/\\\/casadecampoliving.com\\\/es\\\/#\\\/schema\\\/logo\\\/image\\\/\",\"url\":\"https:\\\/\\\/i0.wp.com\\\/casadecampoliving.com\\\/wp-content\\\/uploads\\\/2022\\\/07\\\/CDCLivingLogo_V1-white-sized.png?fit=800%2C214&ssl=1\",\"contentUrl\":\"https:\\\/\\\/i0.wp.com\\\/casadecampoliving.com\\\/wp-content\\\/uploads\\\/2022\\\/07\\\/CDCLivingLogo_V1-white-sized.png?fit=800%2C214&ssl=1\",\"width\":800,\"height\":214,\"caption\":\"Casa de Campo Living\"},\"image\":{\"@id\":\"https:\\\/\\\/casadecampoliving.com\\\/es\\\/#\\\/schema\\\/logo\\\/image\\\/\"},\"sameAs\":[\"https:\\\/\\\/www.facebook.com\\\/casadecampoliving\",\"https:\\\/\\\/x.com\\\/cdcliving\"]},{\"@type\":\"Person\",\"@id\":\"https:\\\/\\\/casadecampoliving.com\\\/es\\\/#\\\/schema\\\/person\\\/7e3b975d584a5f6ac0fd7128a81b0bc5\",\"name\":\"\",\"image\":{\"@type\":\"ImageObject\",\"inLanguage\":\"es\",\"@id\":\"https:\\\/\\\/secure.gravatar.com\\\/avatar\\\/?s=96&d=mm&r=g\",\"url\":\"https:\\\/\\\/secure.gravatar.com\\\/avatar\\\/?s=96&d=mm&r=g\",\"contentUrl\":\"https:\\\/\\\/secure.gravatar.com\\\/avatar\\\/?s=96&d=mm&r=g\"},\"url\":\"https:\\\/\\\/casadecampoliving.com\\\/es\\\/author\\\/ \\\/\"}]}<\/script>\n<!-- \/ Yoast SEO plugin. -->","yoast_head_json":{"title":"Celebrando el inicio del fin de semana de la Fundaci\u00f3n MIR con Manuel Machado | Casa de Campo Living","description":"El jueves 11 de agosto una cena \u00edntima, conocida como el \"pre-MIR 'fue organizada por Manuel Machado en uns espectacular villa de Casa de Campo en la","robots":{"index":"index","follow":"follow","max-snippet":"max-snippet:-1","max-image-preview":"max-image-preview:large","max-video-preview":"max-video-preview:-1"},"canonical":"https:\/\/casadecampoliving.com\/es\/celebrando-el-inicio-del-fin-de-semana-de-la-fundacion-mir-con-manuel-machado\/","og_locale":"es_ES","og_type":"article","og_title":"Celebrando el inicio del fin de semana de la Fundaci\u00f3n MIR con Manuel Machado | Casa de Campo Living","og_description":"El jueves 11 de agosto una cena \u00edntima, conocida como el \"pre-MIR 'fue organizada por Manuel Machado en uns espectacular villa de Casa de Campo en la","og_url":"https:\/\/casadecampoliving.com\/es\/celebrando-el-inicio-del-fin-de-semana-de-la-fundacion-mir-con-manuel-machado\/","og_site_name":"Casa de Campo Living","article_publisher":"https:\/\/www.facebook.com\/casadecampoliving","article_published_time":"2011-08-22T04:00:00+00:00","article_modified_time":"2022-11-10T14:47:36+00:00","og_image":[{"width":565,"height":445,"url":"https:\/\/i0.wp.com\/casadecampoliving.com\/wp-content\/uploads\/2022\/10\/casa_de_campo_fundacion_MIR-3.jpg?fit=565%2C445&ssl=1","type":"image\/jpeg"}],"twitter_card":"summary_large_image","twitter_creator":"@cdcliving","twitter_site":"@cdcliving","twitter_misc":{"Escrito por":"","Tiempo de lectura":"1 minuto"},"schema":{"@context":"https:\/\/schema.org","@graph":[{"@type":"Article","@id":"https:\/\/casadecampoliving.com\/es\/celebrando-el-inicio-del-fin-de-semana-de-la-fundacion-mir-con-manuel-machado\/#article","isPartOf":{"@id":"https:\/\/casadecampoliving.com\/es\/celebrando-el-inicio-del-fin-de-semana-de-la-fundacion-mir-con-manuel-machado\/"},"author":{"name":"","@id":"https:\/\/casadecampoliving.com\/es\/#\/schema\/person\/7e3b975d584a5f6ac0fd7128a81b0bc5"},"headline":"Celebrando el inicio del fin de semana de la Fundaci\u00f3n MIR con Manuel Machado","datePublished":"2011-08-22T04:00:00+00:00","dateModified":"2022-11-10T14:47:36+00:00","mainEntityOfPage":{"@id":"https:\/\/casadecampoliving.com\/es\/celebrando-el-inicio-del-fin-de-semana-de-la-fundacion-mir-con-manuel-machado\/"},"wordCount":203,"publisher":{"@id":"https:\/\/casadecampoliving.com\/es\/#organization"},"image":{"@id":"https:\/\/casadecampoliving.com\/es\/celebrando-el-inicio-del-fin-de-semana-de-la-fundacion-mir-con-manuel-machado\/#primaryimage"},"thumbnailUrl":"https:\/\/i0.wp.com\/casadecampoliving.com\/wp-content\/uploads\/2022\/10\/casa_de_campo_fundacion_MIR-3.jpg?fit=565%2C445&ssl=1","keywords":["Casa de Campo","family weekend","Fundacion MIR @es","Fundacion MIR","MIR"],"articleSection":["Vida Nocturna","Rep\u00fablica Dominicana @es","Eventos","Comidas &amp; Bebidas","Estilo de Vida","Noticias Locales","Proximamente"],"inLanguage":"es"},{"@type":"WebPage","@id":"https:\/\/casadecampoliving.com\/es\/celebrando-el-inicio-del-fin-de-semana-de-la-fundacion-mir-con-manuel-machado\/","url":"https:\/\/casadecampoliving.com\/es\/celebrando-el-inicio-del-fin-de-semana-de-la-fundacion-mir-con-manuel-machado\/","name":"Celebrando el inicio del fin de semana de la Fundaci\u00f3n MIR con Manuel Machado | Casa de Campo Living","isPartOf":{"@id":"https:\/\/casadecampoliving.com\/es\/#website"},"primaryImageOfPage":{"@id":"https:\/\/casadecampoliving.com\/es\/celebrando-el-inicio-del-fin-de-semana-de-la-fundacion-mir-con-manuel-machado\/#primaryimage"},"image":{"@id":"https:\/\/casadecampoliving.com\/es\/celebrando-el-inicio-del-fin-de-semana-de-la-fundacion-mir-con-manuel-machado\/#primaryimage"},"thumbnailUrl":"https:\/\/i0.wp.com\/casadecampoliving.com\/wp-content\/uploads\/2022\/10\/casa_de_campo_fundacion_MIR-3.jpg?fit=565%2C445&ssl=1","datePublished":"2011-08-22T04:00:00+00:00","dateModified":"2022-11-10T14:47:36+00:00","description":"El jueves 11 de agosto una cena \u00edntima, conocida como el \"pre-MIR 'fue organizada por Manuel Machado en uns espectacular villa de Casa de Campo en la","breadcrumb":{"@id":"https:\/\/casadecampoliving.com\/es\/celebrando-el-inicio-del-fin-de-semana-de-la-fundacion-mir-con-manuel-machado\/#breadcrumb"},"inLanguage":"es","potentialAction":[{"@type":"ReadAction","target":["https:\/\/casadecampoliving.com\/es\/celebrando-el-inicio-del-fin-de-semana-de-la-fundacion-mir-con-manuel-machado\/"]}]},{"@type":"ImageObject","inLanguage":"es","@id":"https:\/\/casadecampoliving.com\/es\/celebrando-el-inicio-del-fin-de-semana-de-la-fundacion-mir-con-manuel-machado\/#primaryimage","url":"https:\/\/i0.wp.com\/casadecampoliving.com\/wp-content\/uploads\/2022\/10\/casa_de_campo_fundacion_MIR-3.jpg?fit=565%2C445&ssl=1","contentUrl":"https:\/\/i0.wp.com\/casadecampoliving.com\/wp-content\/uploads\/2022\/10\/casa_de_campo_fundacion_MIR-3.jpg?fit=565%2C445&ssl=1","width":565,"height":445},{"@type":"BreadcrumbList","@id":"https:\/\/casadecampoliving.com\/es\/celebrando-el-inicio-del-fin-de-semana-de-la-fundacion-mir-con-manuel-machado\/#breadcrumb","itemListElement":[{"@type":"ListItem","position":1,"name":"Home","item":"https:\/\/casadecampoliving.com\/es\/"},{"@type":"ListItem","position":2,"name":"Celebrando el inicio del fin de semana de la Fundaci\u00f3n MIR con Manuel Machado"}]},{"@type":"WebSite","@id":"https:\/\/casadecampoliving.com\/es\/#website","url":"https:\/\/casadecampoliving.com\/es\/","name":"Casa de Campo Living","description":"Resort community news and resources.","publisher":{"@id":"https:\/\/casadecampoliving.com\/es\/#organization"},"potentialAction":[{"@type":"SearchAction","target":{"@type":"EntryPoint","urlTemplate":"https:\/\/casadecampoliving.com\/es\/?s={search_term_string}"},"query-input":{"@type":"PropertyValueSpecification","valueRequired":true,"valueName":"search_term_string"}}],"inLanguage":"es"},{"@type":"Organization","@id":"https:\/\/casadecampoliving.com\/es\/#organization","name":"Casa de Campo Living","url":"https:\/\/casadecampoliving.com\/es\/","logo":{"@type":"ImageObject","inLanguage":"es","@id":"https:\/\/casadecampoliving.com\/es\/#\/schema\/logo\/image\/","url":"https:\/\/i0.wp.com\/casadecampoliving.com\/wp-content\/uploads\/2022\/07\/CDCLivingLogo_V1-white-sized.png?fit=800%2C214&ssl=1","contentUrl":"https:\/\/i0.wp.com\/casadecampoliving.com\/wp-content\/uploads\/2022\/07\/CDCLivingLogo_V1-white-sized.png?fit=800%2C214&ssl=1","width":800,"height":214,"caption":"Casa de Campo Living"},"image":{"@id":"https:\/\/casadecampoliving.com\/es\/#\/schema\/logo\/image\/"},"sameAs":["https:\/\/www.facebook.com\/casadecampoliving","https:\/\/x.com\/cdcliving"]},{"@type":"Person","@id":"https:\/\/casadecampoliving.com\/es\/#\/schema\/person\/7e3b975d584a5f6ac0fd7128a81b0bc5","name":"","image":{"@type":"ImageObject","inLanguage":"es","@id":"https:\/\/secure.gravatar.com\/avatar\/?s=96&d=mm&r=g","url":"https:\/\/secure.gravatar.com\/avatar\/?s=96&d=mm&r=g","contentUrl":"https:\/\/secure.gravatar.com\/avatar\/?s=96&d=mm&r=g"},"url":"https:\/\/casadecampoliving.com\/es\/author\/ \/"}]}},"parsely":{"version":"1.1.0","canonical_url":"https:\/\/casadecampoliving.com\/es\/celebrando-el-inicio-del-fin-de-semana-de-la-fundacion-mir-con-manuel-machado\/","smart_links":{"inbound":0,"outbound":0},"traffic_boost_suggestions_count":0,"meta":{"@context":"https:\/\/schema.org","@type":"NewsArticle","headline":"Celebrando el inicio del fin de semana de la Fundaci\u00f3n MIR con Manuel Machado","url":"http:\/\/casadecampoliving.com\/es\/celebrando-el-inicio-del-fin-de-semana-de-la-fundacion-mir-con-manuel-machado\/","mainEntityOfPage":{"@type":"WebPage","@id":"http:\/\/casadecampoliving.com\/es\/celebrando-el-inicio-del-fin-de-semana-de-la-fundacion-mir-con-manuel-machado\/"},"thumbnailUrl":"https:\/\/i0.wp.com\/casadecampoliving.com\/wp-content\/uploads\/2022\/10\/casa_de_campo_fundacion_MIR-3.jpg?resize=150%2C150&ssl=1","image":{"@type":"ImageObject","url":"https:\/\/i0.wp.com\/casadecampoliving.com\/wp-content\/uploads\/2022\/10\/casa_de_campo_fundacion_MIR-3.jpg?fit=565%2C445&ssl=1"},"articleSection":"Vida Nocturna","author":[{"@type":"Person","name":"FB_515917546"}],"creator":["FB_515917546"],"publisher":{"@type":"Organization","name":"Casa de Campo Living","logo":"https:\/\/casadecampoliving.com\/wp-content\/uploads\/2022\/07\/CDCLivingLogo_V1-white-sized.png"},"keywords":["casa de campo","family weekend","fundacion mir","mir"],"dateCreated":"2011-08-22T04:00:00Z","datePublished":"2011-08-22T04:00:00Z","dateModified":"2022-11-10T14:47:36Z"},"rendered":"<script type=\"application\/ld+json\" class=\"wp-parsely-metadata\">{\"@context\":\"https:\\\/\\\/schema.org\",\"@type\":\"NewsArticle\",\"headline\":\"Celebrando el inicio del fin de semana de la Fundaci\\u00f3n MIR con Manuel Machado\",\"url\":\"http:\\\/\\\/casadecampoliving.com\\\/es\\\/celebrando-el-inicio-del-fin-de-semana-de-la-fundacion-mir-con-manuel-machado\\\/\",\"mainEntityOfPage\":{\"@type\":\"WebPage\",\"@id\":\"http:\\\/\\\/casadecampoliving.com\\\/es\\\/celebrando-el-inicio-del-fin-de-semana-de-la-fundacion-mir-con-manuel-machado\\\/\"},\"thumbnailUrl\":\"https:\\\/\\\/i0.wp.com\\\/casadecampoliving.com\\\/wp-content\\\/uploads\\\/2022\\\/10\\\/casa_de_campo_fundacion_MIR-3.jpg?resize=150%2C150&ssl=1\",\"image\":{\"@type\":\"ImageObject\",\"url\":\"https:\\\/\\\/i0.wp.com\\\/casadecampoliving.com\\\/wp-content\\\/uploads\\\/2022\\\/10\\\/casa_de_campo_fundacion_MIR-3.jpg?fit=565%2C445&ssl=1\"},\"articleSection\":\"Vida Nocturna\",\"author\":[{\"@type\":\"Person\",\"name\":\"FB_515917546\"}],\"creator\":[\"FB_515917546\"],\"publisher\":{\"@type\":\"Organization\",\"name\":\"Casa de Campo Living\",\"logo\":\"https:\\\/\\\/casadecampoliving.com\\\/wp-content\\\/uploads\\\/2022\\\/07\\\/CDCLivingLogo_V1-white-sized.png\"},\"keywords\":[\"casa de campo\",\"family weekend\",\"fundacion mir\",\"mir\"],\"dateCreated\":\"2011-08-22T04:00:00Z\",\"datePublished\":\"2011-08-22T04:00:00Z\",\"dateModified\":\"2022-11-10T14:47:36Z\"}<\/script>","tracker_url":"https:\/\/cdn.parsely.com\/keys\/casadecampoliving.com\/p.js"},"jetpack_publicize_connections":[],"jetpack_featured_media_url":"https:\/\/i0.wp.com\/casadecampoliving.com\/wp-content\/uploads\/2022\/10\/casa_de_campo_fundacion_MIR-3.jpg?fit=565%2C445&ssl=1","jetpack-related-posts":[{"id":320359,"url":"https:\/\/casadecampoliving.com\/celebrating-the-start-of-fundacion-mir-weekend-with-manuel-machado\/","url_meta":{"origin":337730,"position":0},"title":"Celebrating the start of Fundaci\u00f3n MIR Weekend with Manuel Machado","author":"Rebecca Silvestri","date":"22 Ago, 2011","format":false,"excerpt":"On Thursday the 11th of August an intimate dinner party, which we affectionately refer to as the 'pre-MIR' was hosted by Manuel Machado in a stunning Casa de Campo villa in the Bah\u00eda Chav\u00f3n neighborhood, close to the Marina Casa de Campo.\u00a0 Manuel Machado, CEO of MGSCOMM is\u00a0a big supporter\u2026","rel":"","context":"En \u00abBars and Nightlife\u00bb","block_context":{"text":"Bars and Nightlife","link":"https:\/\/casadecampoliving.com\/category\/bars-and-nightlife\/"},"img":{"alt_text":"","src":"https:\/\/i0.wp.com\/casadecampoliving.com\/wp-content\/uploads\/2022\/10\/casa_de_campo_fundacion_MIR-3.jpg?fit=565%2C445&ssl=1&resize=350%2C200","width":350,"height":200,"srcset":"https:\/\/i0.wp.com\/casadecampoliving.com\/wp-content\/uploads\/2022\/10\/casa_de_campo_fundacion_MIR-3.jpg?fit=565%2C445&ssl=1&resize=350%2C200 1x, https:\/\/i0.wp.com\/casadecampoliving.com\/wp-content\/uploads\/2022\/10\/casa_de_campo_fundacion_MIR-3.jpg?fit=565%2C445&ssl=1&resize=525%2C300 1.5x"},"classes":[]},{"id":320826,"url":"https:\/\/casadecampoliving.com\/remembering-the-fundacion-mirs-family-weekend-for-life-2011\/","url_meta":{"origin":337730,"position":1},"title":"Remembering the Fundaci\u00f3n MIR&#8217;s Family Weekend for Life 2011!","author":"Rebecca Silvestri","date":"21 Dic, 2011","format":false,"excerpt":"On Saturday the 13th of August 2011, the\u00a0Fundaci\u00f3n\u00a0MIR Family Weekend for Life\u00a0event was celebrated in\u00a0Casa de campo with fun golf and tennis tournaments, followed by a wonderful celebratory dinner, dance and after party! Here we bring you a summary of all the fun! And don\u2019t forget the 2012 edition of\u00a0the\u00a0Fundaci\u00f3n\u00a0MIR\u2026","rel":"","context":"En \u00abAltos de Chavon\u00bb","block_context":{"text":"Altos de Chavon","link":"https:\/\/casadecampoliving.com\/category\/altos-de-chavon\/"},"img":{"alt_text":"","src":"https:\/\/i0.wp.com\/casadecampoliving.com\/wp-content\/uploads\/2022\/10\/fundacion_MIR_casa_de_campo_la_romana_dinner_gala1.jpg?fit=565%2C467&ssl=1&resize=350%2C200","width":350,"height":200,"srcset":"https:\/\/i0.wp.com\/casadecampoliving.com\/wp-content\/uploads\/2022\/10\/fundacion_MIR_casa_de_campo_la_romana_dinner_gala1.jpg?fit=565%2C467&ssl=1&resize=350%2C200 1x, https:\/\/i0.wp.com\/casadecampoliving.com\/wp-content\/uploads\/2022\/10\/fundacion_MIR_casa_de_campo_la_romana_dinner_gala1.jpg?fit=565%2C467&ssl=1&resize=525%2C300 1.5x"},"classes":[]},{"id":337796,"url":"https:\/\/casadecampoliving.com\/es\/recuerdos-del-fin-de-semana-familiar-de-la-fundacion-mir-2011\/","url_meta":{"origin":337730,"position":2},"title":"Recuerdos del Fin de Semana Familiar de la Fundaci\u00f3n MIR 2011!","author":"Rebecca Silvestri","date":"21 Dic, 2011","format":false,"excerpt":"El s\u00e1bado 13 de agosto 2011, la\u00a0evento de la\u00a0Fundaci\u00f3n MIR, \u201cFin de Semana Familiar por la Vida\u201d,\u00a0se celebr\u00f3 en el Resort Casa de Campo con divertidos torneos de golf y tenis, seguidos de una cena maravillosa de celebraci\u00f3n, baile y fiesta! Y recuerden que el evento de este a\u00f1o viene\u2026","rel":"","context":"En \u00abAltos de Chavon @es\u00bb","block_context":{"text":"Altos de Chavon @es","link":"https:\/\/casadecampoliving.com\/category\/altos-de-chavon-es\/"},"img":{"alt_text":"","src":"https:\/\/i0.wp.com\/casadecampoliving.com\/wp-content\/uploads\/2022\/10\/fundacion_MIR_casa_de_campo_la_romana_dinner_gala1.jpg?fit=565%2C467&ssl=1&resize=350%2C200","width":350,"height":200,"srcset":"https:\/\/i0.wp.com\/casadecampoliving.com\/wp-content\/uploads\/2022\/10\/fundacion_MIR_casa_de_campo_la_romana_dinner_gala1.jpg?fit=565%2C467&ssl=1&resize=350%2C200 1x, https:\/\/i0.wp.com\/casadecampoliving.com\/wp-content\/uploads\/2022\/10\/fundacion_MIR_casa_de_campo_la_romana_dinner_gala1.jpg?fit=565%2C467&ssl=1&resize=525%2C300 1.5x"},"classes":[]},{"id":324126,"url":"https:\/\/casadecampoliving.com\/mir-weekend-raises-us100000-party-photos\/","url_meta":{"origin":337730,"position":3},"title":"Fundaci\u00f3n MIR Weekend raises over US$100,000 &#038; more party photos!","author":"Perkin Agramonte","date":"31 Ago, 2014","format":false,"excerpt":"Hello there! Today we bring you 2 fantastic pieces of news. First of all - the Fundaci\u00f3n MIR Family Weekend raised over US$100,000 and secondly here we bring you even more photos of the party! In a message to all those individuals, families and businesses who supported the event, Lian\u2026","rel":"","context":"En \u00abCasa de Campo Living\u00bb","block_context":{"text":"Casa de Campo Living","link":"https:\/\/casadecampoliving.com\/category\/casa-de-campo-living\/"},"img":{"alt_text":"Fundacion MIR family weekend","src":"https:\/\/i0.wp.com\/casadecampoliving.com\/wp-content\/uploads\/2022\/10\/Fundacion_MIR_family_weekend.jpg?fit=650%2C392&ssl=1&resize=350%2C200","width":350,"height":200,"srcset":"https:\/\/i0.wp.com\/casadecampoliving.com\/wp-content\/uploads\/2022\/10\/Fundacion_MIR_family_weekend.jpg?fit=650%2C392&ssl=1&resize=350%2C200 1x, https:\/\/i0.wp.com\/casadecampoliving.com\/wp-content\/uploads\/2022\/10\/Fundacion_MIR_family_weekend.jpg?fit=650%2C392&ssl=1&resize=525%2C300 1.5x"},"classes":[]},{"id":345181,"url":"https:\/\/casadecampoliving.com\/es\/el-fin-de-semana-mir-recauda-sobre-us100000-mas-fotos-de-la-fiesta\/","url_meta":{"origin":337730,"position":4},"title":"\u00a1El Fin de Semana MIR recauda sobre US$100,000 &#038; m\u00e1s fotos de la fiesta!","author":"Daniela Medina","date":"31 Ago, 2014","format":false,"excerpt":"\u00a1Hola! Hoy les traemos 2 noticias fant\u00e1sticas. En primer lugar, el Fin de Semana Familiar de Fundaci\u00f3n MIR recaud\u00f3 m\u00e1s de US$100,000 y en segundo lugar \u00a1aqu\u00ed les traemos aun mas fotos de la fiesta! En un mensaje a todas aquellas personas, familias y empresas que apoyaron el evento, Lian\u2026","rel":"","context":"En \u00abCasa de Campo Living @es\u00bb","block_context":{"text":"Casa de Campo Living @es","link":"https:\/\/casadecampoliving.com\/category\/casa-de-campo-living-es\/"},"img":{"alt_text":"Fundacion MIR family weekend","src":"https:\/\/i0.wp.com\/casadecampoliving.com\/wp-content\/uploads\/2022\/10\/Fundacion_MIR_family_weekend.jpg?fit=650%2C392&ssl=1&resize=350%2C200","width":350,"height":200,"srcset":"https:\/\/i0.wp.com\/casadecampoliving.com\/wp-content\/uploads\/2022\/10\/Fundacion_MIR_family_weekend.jpg?fit=650%2C392&ssl=1&resize=350%2C200 1x, https:\/\/i0.wp.com\/casadecampoliving.com\/wp-content\/uploads\/2022\/10\/Fundacion_MIR_family_weekend.jpg?fit=650%2C392&ssl=1&resize=525%2C300 1.5x"},"classes":[]},{"id":539776,"url":"https:\/\/casadecampoliving.com\/fundacion-mirs-2025-sugar-bazaar\/","url_meta":{"origin":337730,"position":5},"title":"Fundaci\u00f3n MIR\u2019s 2025 Sugar Bazaar Is Now Open at La Romana Country Club","author":"Casa de Campo Living","date":"3 Abr, 2025","format":false,"excerpt":"Looking to update your Semana Santa wardrobe and support a meaningful cause? The annual Fundaci\u00f3n MIR Sugar Bazaar returns April 3\u20136 at La Romana Country Club, combining fashion, philanthropy and community spirit in one vibrant event. When and Where The 2025 Sugar Bazaar schedule: Thursday to Saturday, April 3\u20135 |\u2026","rel":"","context":"En \u00abCasa de Campo Living\u00bb","block_context":{"text":"Casa de Campo Living","link":"https:\/\/casadecampoliving.com\/category\/casa-de-campo-living\/"},"img":{"alt_text":"","src":"https:\/\/i0.wp.com\/casadecampoliving.com\/wp-content\/uploads\/2024\/04\/2024-MIR-Sugar-Bazaar-5.jpg?fit=1200%2C800&ssl=1&resize=350%2C200","width":350,"height":200,"srcset":"https:\/\/i0.wp.com\/casadecampoliving.com\/wp-content\/uploads\/2024\/04\/2024-MIR-Sugar-Bazaar-5.jpg?fit=1200%2C800&ssl=1&resize=350%2C200 1x, https:\/\/i0.wp.com\/casadecampoliving.com\/wp-content\/uploads\/2024\/04\/2024-MIR-Sugar-Bazaar-5.jpg?fit=1200%2C800&ssl=1&resize=525%2C300 1.5x, https:\/\/i0.wp.com\/casadecampoliving.com\/wp-content\/uploads\/2024\/04\/2024-MIR-Sugar-Bazaar-5.jpg?fit=1200%2C800&ssl=1&resize=700%2C400 2x, https:\/\/i0.wp.com\/casadecampoliving.com\/wp-content\/uploads\/2024\/04\/2024-MIR-Sugar-Bazaar-5.jpg?fit=1200%2C800&ssl=1&resize=1050%2C600 3x"},"classes":[]}],"jetpack_sharing_enabled":true,"_links":{"self":[{"href":"https:\/\/casadecampoliving.com\/es\/wp-json\/wp\/v2\/posts\/337730","targetHints":{"allow":["GET"]}}],"collection":[{"href":"https:\/\/casadecampoliving.com\/es\/wp-json\/wp\/v2\/posts"}],"about":[{"href":"https:\/\/casadecampoliving.com\/es\/wp-json\/wp\/v2\/types\/post"}],"author":[{"embeddable":true,"href":"https:\/\/casadecampoliving.com\/es\/wp-json\/wp\/v2\/users\/21"}],"replies":[{"embeddable":true,"href":"https:\/\/casadecampoliving.com\/es\/wp-json\/wp\/v2\/comments?post=337730"}],"version-history":[{"count":2,"href":"https:\/\/casadecampoliving.com\/es\/wp-json\/wp\/v2\/posts\/337730\/revisions"}],"predecessor-version":[{"id":510267,"href":"https:\/\/casadecampoliving.com\/es\/wp-json\/wp\/v2\/posts\/337730\/revisions\/510267"}],"wp:featuredmedia":[{"embeddable":true,"href":"https:\/\/casadecampoliving.com\/es\/wp-json\/wp\/v2\/media\/232473"}],"wp:attachment":[{"href":"https:\/\/casadecampoliving.com\/es\/wp-json\/wp\/v2\/media?parent=337730"}],"wp:term":[{"taxonomy":"category","embeddable":true,"href":"https:\/\/casadecampoliving.com\/es\/wp-json\/wp\/v2\/categories?post=337730"},{"taxonomy":"post_tag","embeddable":true,"href":"https:\/\/casadecampoliving.com\/es\/wp-json\/wp\/v2\/tags?post=337730"},{"taxonomy":"newspack_spnsrs_tax","embeddable":true,"href":"https:\/\/casadecampoliving.com\/es\/wp-json\/wp\/v2\/newspack_spnsrs_tax?post=337730"}],"curies":[{"name":"wp","href":"https:\/\/api.w.org\/{rel}","templated":true}]}}