{"id":337511,"date":"2011-11-29T00:00:00","date_gmt":"2011-11-29T04:00:00","guid":{"rendered":"https:\/\/casadecampoliving.com\/miss-saint-john-2011-primer-certamen-de-belleza-del-colegio-saint-john-2\/"},"modified":"2022-10-21T18:46:03","modified_gmt":"2022-10-21T22:46:03","slug":"miss-saint-john-2011-primer-certamen-de-belleza-del-colegio-saint-john-2","status":"publish","type":"post","link":"https:\/\/casadecampoliving.com\/es\/miss-saint-john-2011-primer-certamen-de-belleza-del-colegio-saint-john-2\/","title":{"rendered":"Miss Saint John 2011: Primer Certamen de Belleza del Colegio Saint John"},"content":{"rendered":"<div class=\"wp-block-image\">\n<figure class=\"aligncenter is-resized\"><a href=\"https:\/\/i0.wp.com\/casadecampoliving.com\/wp-content\/uploads\/2022\/10\/st_johns_la_romana.jpg?ssl=1\"><img loading=\"lazy\" decoding=\"async\" src=\"https:\/\/i0.wp.com\/casadecampoliving.com\/wp-content\/uploads\/2022\/10\/st_johns_la_romana.jpg?resize=477%2C273&amp;ssl=1\" alt=\"st johns school la romana\" class=\"wp-image-38712\" title=\"st_johns_la_romana\" height=\"273\" width=\"477\"\/><\/a><\/figure>\n<\/div>\n\n\n<p>La&nbsp;promoci\u00f3n&nbsp;del 2013 se complace en presentar el primer Certamen de Belleza \u201cMiss Saint John 2011\u201d, el&nbsp;pr\u00f3ximo&nbsp;s\u00e1bado 10 de diciembre en el Colegio Saint John.<\/p>\n\n\n\n<!--more-->\n\n\n\n<p>Por primera vez el Colegio Saint John realizar\u00e1 una actividad que rinde honor a la belleza, y es que las ni\u00f1as y adolescentes de esta&nbsp;instituci\u00f3n, entre las cuales se incluyen jovencitas de la comunidad de Casa de Campo y La Romana que participar\u00e1n y&nbsp;competir\u00e1n&nbsp;por ser la reina del certamen.<\/p>\n\n\n\n<blockquote><p><strong>Miss Saint John 2011:<\/strong><\/p><p>Este evento que se realizar\u00e1 en el Colegio Saint John con el fin de recaudar fondos para la \u2018Promo\u201913\u2019 contar\u00e1 con las siguientes&nbsp;categor\u00edas:<\/p><ul>\n<li>Miss Saint John Toddler<\/li>\n<li>Miss Saint John Little<\/li>\n<li>Miss Saint John Junior<\/li>\n<li>Miss Saint John Teen<\/li>\n<\/ul><p><strong>Fecha<\/strong>: Sab. 10 de Dec.<br>\n<strong>Lugar<\/strong>: Colegio Saint John, Buena Vista.<\/p><p>Estas distintas&nbsp;categor\u00edas&nbsp;tendr\u00e1n&nbsp;sus respectivos renglones de <em><strong>Reina<\/strong>, <strong>Virreina<\/strong>, <strong>Miss Popularidad<\/strong><\/em> (la ni\u00f1a que venda m\u00e1s boletas), <em><strong>Miss&nbsp;Simpat\u00eda<\/strong><\/em>&nbsp;(la ni\u00f1a m\u00e1s&nbsp;carism\u00e1tica) y <em><strong>Miss Fotogenica<\/strong><\/em> (la ni\u00f1a que tenga m\u00e1s \u2018likes\u2019 en facebook).<\/p><p><a href=\"http:\/\/www.facebook.com\/pages\/Promo-13\/180041252073460 \">Para votar a su favorita, haga click&nbsp;aqu\u00ed!<\/a><\/p><\/blockquote>\n","protected":false},"excerpt":{"rendered":"<p>La&nbsp;promoci\u00f3n&nbsp;del 2013 se complace en presentar el primer Certamen de Belleza \u201cMiss Saint John 2011\u201d, el&nbsp;pr\u00f3ximo&nbsp;s\u00e1bado 10 de diciembre en el Colegio Saint John.<\/p>\n","protected":false},"author":21,"featured_media":221882,"comment_status":"closed","ping_status":"closed","sticky":false,"template":"","format":"standard","meta":{"newspack_ads_suppress_ads":false,"newspack_popups_has_disabled_popups":false,"newspack_sponsor_sponsorship_scope":"","newspack_sponsor_native_byline_display":"inherit","newspack_sponsor_native_category_display":"inherit","newspack_sponsor_underwriter_style":"inherit","newspack_sponsor_underwriter_placement":"inherit","_newspack_byline_active":false,"_newspack_byline":"","newspack_hide_updated_date":false,"newspack_show_updated_date":false,"newspack_content_restriction_is_exempt":false,"newspack_featured_image_position":"","newspack_post_subtitle":"","newspack_article_summary_title":"Overview:","newspack_article_summary":"","_jetpack_memberships_contains_paid_content":false,"footnotes":"","jetpack_publicize_message":"","jetpack_publicize_feature_enabled":true,"jetpack_social_post_already_shared":false,"jetpack_social_options":{"image_generator_settings":{"template":"highway","default_image_id":0,"font":"","enabled":false},"version":2},"_wpas_customize_per_network":false},"categories":[26823,14631,2522,2506,2523,14625,14627],"tags":[18932],"newspack_spnsrs_tax":[],"class_list":["post-337511","post","type-post","status-publish","format-standard","has-post-thumbnail","hentry","category-arte-y-cultura","category-estilo-de-vida","category-eventos-es","category-mas-alla-de-casa-es","category-moda-es","category-noticias-locales","category-proximamente","tag-la-romana-es-4","entry"],"yoast_head":"<!-- This site is optimized with the Yoast SEO plugin v27.5 - https:\/\/yoast.com\/product\/yoast-seo-wordpress\/ -->\n<title>Miss Saint John 2011: Primer Certamen de Belleza del Colegio Saint John | Casa de Campo Living<\/title>\n<meta name=\"description\" content=\"La&nbsp;promoci\u00f3n&nbsp;del 2013 se complace en presentar el primer Certamen de Belleza \u201cMiss Saint John 2011\u201d, el&nbsp;pr\u00f3ximo&nbsp;s\u00e1bado 10 de diciembre\" \/>\n<meta name=\"robots\" content=\"index, follow, max-snippet:-1, max-image-preview:large, max-video-preview:-1\" \/>\n<link rel=\"canonical\" href=\"https:\/\/casadecampoliving.com\/es\/miss-saint-john-2011-primer-certamen-de-belleza-del-colegio-saint-john-2\/\" \/>\n<meta property=\"og:locale\" content=\"es_ES\" \/>\n<meta property=\"og:type\" content=\"article\" \/>\n<meta property=\"og:title\" content=\"Miss Saint John 2011: Primer Certamen de Belleza del Colegio Saint John | Casa de Campo Living\" \/>\n<meta property=\"og:description\" content=\"La&nbsp;promoci\u00f3n&nbsp;del 2013 se complace en presentar el primer Certamen de Belleza \u201cMiss Saint John 2011\u201d, el&nbsp;pr\u00f3ximo&nbsp;s\u00e1bado 10 de diciembre\" \/>\n<meta property=\"og:url\" content=\"https:\/\/casadecampoliving.com\/es\/miss-saint-john-2011-primer-certamen-de-belleza-del-colegio-saint-john-2\/\" \/>\n<meta property=\"og:site_name\" content=\"Casa de Campo Living\" \/>\n<meta property=\"article:publisher\" content=\"https:\/\/www.facebook.com\/casadecampoliving\" \/>\n<meta property=\"article:published_time\" content=\"2011-11-29T04:00:00+00:00\" \/>\n<meta property=\"article:modified_time\" content=\"2022-10-21T22:46:03+00:00\" \/>\n<meta property=\"og:image\" content=\"https:\/\/i0.wp.com\/casadecampoliving.com\/wp-content\/uploads\/2022\/10\/st_johns_la_romana-1.jpg?fit=477%2C273&ssl=1\" \/>\n\t<meta property=\"og:image:width\" content=\"477\" \/>\n\t<meta property=\"og:image:height\" content=\"273\" \/>\n\t<meta property=\"og:image:type\" content=\"image\/jpeg\" \/>\n<meta name=\"twitter:card\" content=\"summary_large_image\" \/>\n<meta name=\"twitter:creator\" content=\"@cdcliving\" \/>\n<meta name=\"twitter:site\" content=\"@cdcliving\" \/>\n<meta name=\"twitter:label1\" content=\"Escrito por\" \/>\n\t<meta name=\"twitter:data1\" content=\"\" \/>\n\t<meta name=\"twitter:label2\" content=\"Tiempo de lectura\" \/>\n\t<meta name=\"twitter:data2\" content=\"1 minuto\" \/>\n<script type=\"application\/ld+json\" class=\"yoast-schema-graph\">{\"@context\":\"https:\\\/\\\/schema.org\",\"@graph\":[{\"@type\":\"Article\",\"@id\":\"https:\\\/\\\/casadecampoliving.com\\\/es\\\/miss-saint-john-2011-primer-certamen-de-belleza-del-colegio-saint-john-2\\\/#article\",\"isPartOf\":{\"@id\":\"https:\\\/\\\/casadecampoliving.com\\\/es\\\/miss-saint-john-2011-primer-certamen-de-belleza-del-colegio-saint-john-2\\\/\"},\"author\":{\"name\":\"\",\"@id\":\"https:\\\/\\\/casadecampoliving.com\\\/es\\\/#\\\/schema\\\/person\\\/7e3b975d584a5f6ac0fd7128a81b0bc5\"},\"headline\":\"Miss Saint John 2011: Primer Certamen de Belleza del Colegio Saint John\",\"datePublished\":\"2011-11-29T04:00:00+00:00\",\"dateModified\":\"2022-10-21T22:46:03+00:00\",\"mainEntityOfPage\":{\"@id\":\"https:\\\/\\\/casadecampoliving.com\\\/es\\\/miss-saint-john-2011-primer-certamen-de-belleza-del-colegio-saint-john-2\\\/\"},\"wordCount\":217,\"publisher\":{\"@id\":\"https:\\\/\\\/casadecampoliving.com\\\/es\\\/#organization\"},\"image\":{\"@id\":\"https:\\\/\\\/casadecampoliving.com\\\/es\\\/miss-saint-john-2011-primer-certamen-de-belleza-del-colegio-saint-john-2\\\/#primaryimage\"},\"thumbnailUrl\":\"https:\\\/\\\/i0.wp.com\\\/casadecampoliving.com\\\/wp-content\\\/uploads\\\/2022\\\/10\\\/st_johns_la_romana-1.jpg?fit=477%2C273&ssl=1\",\"keywords\":[\"La Romana\"],\"articleSection\":[\"Arte y cultura\",\"Estilo de Vida\",\"Eventos\",\"M\u00e1s all\u00e1 de Casa\",\"Moda\",\"Noticias Locales\",\"Proximamente\"],\"inLanguage\":\"es\"},{\"@type\":\"WebPage\",\"@id\":\"https:\\\/\\\/casadecampoliving.com\\\/es\\\/miss-saint-john-2011-primer-certamen-de-belleza-del-colegio-saint-john-2\\\/\",\"url\":\"https:\\\/\\\/casadecampoliving.com\\\/es\\\/miss-saint-john-2011-primer-certamen-de-belleza-del-colegio-saint-john-2\\\/\",\"name\":\"Miss Saint John 2011: Primer Certamen de Belleza del Colegio Saint John | Casa de Campo Living\",\"isPartOf\":{\"@id\":\"https:\\\/\\\/casadecampoliving.com\\\/es\\\/#website\"},\"primaryImageOfPage\":{\"@id\":\"https:\\\/\\\/casadecampoliving.com\\\/es\\\/miss-saint-john-2011-primer-certamen-de-belleza-del-colegio-saint-john-2\\\/#primaryimage\"},\"image\":{\"@id\":\"https:\\\/\\\/casadecampoliving.com\\\/es\\\/miss-saint-john-2011-primer-certamen-de-belleza-del-colegio-saint-john-2\\\/#primaryimage\"},\"thumbnailUrl\":\"https:\\\/\\\/i0.wp.com\\\/casadecampoliving.com\\\/wp-content\\\/uploads\\\/2022\\\/10\\\/st_johns_la_romana-1.jpg?fit=477%2C273&ssl=1\",\"datePublished\":\"2011-11-29T04:00:00+00:00\",\"dateModified\":\"2022-10-21T22:46:03+00:00\",\"description\":\"La&nbsp;promoci\u00f3n&nbsp;del 2013 se complace en presentar el primer Certamen de Belleza \u201cMiss Saint John 2011\u201d, el&nbsp;pr\u00f3ximo&nbsp;s\u00e1bado 10 de diciembre\",\"breadcrumb\":{\"@id\":\"https:\\\/\\\/casadecampoliving.com\\\/es\\\/miss-saint-john-2011-primer-certamen-de-belleza-del-colegio-saint-john-2\\\/#breadcrumb\"},\"inLanguage\":\"es\",\"potentialAction\":[{\"@type\":\"ReadAction\",\"target\":[\"https:\\\/\\\/casadecampoliving.com\\\/es\\\/miss-saint-john-2011-primer-certamen-de-belleza-del-colegio-saint-john-2\\\/\"]}]},{\"@type\":\"ImageObject\",\"inLanguage\":\"es\",\"@id\":\"https:\\\/\\\/casadecampoliving.com\\\/es\\\/miss-saint-john-2011-primer-certamen-de-belleza-del-colegio-saint-john-2\\\/#primaryimage\",\"url\":\"https:\\\/\\\/i0.wp.com\\\/casadecampoliving.com\\\/wp-content\\\/uploads\\\/2022\\\/10\\\/st_johns_la_romana-1.jpg?fit=477%2C273&ssl=1\",\"contentUrl\":\"https:\\\/\\\/i0.wp.com\\\/casadecampoliving.com\\\/wp-content\\\/uploads\\\/2022\\\/10\\\/st_johns_la_romana-1.jpg?fit=477%2C273&ssl=1\",\"width\":477,\"height\":273,\"caption\":\"st johns school la romana\"},{\"@type\":\"BreadcrumbList\",\"@id\":\"https:\\\/\\\/casadecampoliving.com\\\/es\\\/miss-saint-john-2011-primer-certamen-de-belleza-del-colegio-saint-john-2\\\/#breadcrumb\",\"itemListElement\":[{\"@type\":\"ListItem\",\"position\":1,\"name\":\"Home\",\"item\":\"https:\\\/\\\/casadecampoliving.com\\\/es\\\/\"},{\"@type\":\"ListItem\",\"position\":2,\"name\":\"Miss Saint John 2011: Primer Certamen de Belleza del Colegio Saint John\"}]},{\"@type\":\"WebSite\",\"@id\":\"https:\\\/\\\/casadecampoliving.com\\\/es\\\/#website\",\"url\":\"https:\\\/\\\/casadecampoliving.com\\\/es\\\/\",\"name\":\"Casa de Campo Living\",\"description\":\"Resort community news and resources.\",\"publisher\":{\"@id\":\"https:\\\/\\\/casadecampoliving.com\\\/es\\\/#organization\"},\"potentialAction\":[{\"@type\":\"SearchAction\",\"target\":{\"@type\":\"EntryPoint\",\"urlTemplate\":\"https:\\\/\\\/casadecampoliving.com\\\/es\\\/?s={search_term_string}\"},\"query-input\":{\"@type\":\"PropertyValueSpecification\",\"valueRequired\":true,\"valueName\":\"search_term_string\"}}],\"inLanguage\":\"es\"},{\"@type\":\"Organization\",\"@id\":\"https:\\\/\\\/casadecampoliving.com\\\/es\\\/#organization\",\"name\":\"Casa de Campo Living\",\"url\":\"https:\\\/\\\/casadecampoliving.com\\\/es\\\/\",\"logo\":{\"@type\":\"ImageObject\",\"inLanguage\":\"es\",\"@id\":\"https:\\\/\\\/casadecampoliving.com\\\/es\\\/#\\\/schema\\\/logo\\\/image\\\/\",\"url\":\"https:\\\/\\\/i0.wp.com\\\/casadecampoliving.com\\\/wp-content\\\/uploads\\\/2022\\\/07\\\/CDCLivingLogo_V1-white-sized.png?fit=800%2C214&ssl=1\",\"contentUrl\":\"https:\\\/\\\/i0.wp.com\\\/casadecampoliving.com\\\/wp-content\\\/uploads\\\/2022\\\/07\\\/CDCLivingLogo_V1-white-sized.png?fit=800%2C214&ssl=1\",\"width\":800,\"height\":214,\"caption\":\"Casa de Campo Living\"},\"image\":{\"@id\":\"https:\\\/\\\/casadecampoliving.com\\\/es\\\/#\\\/schema\\\/logo\\\/image\\\/\"},\"sameAs\":[\"https:\\\/\\\/www.facebook.com\\\/casadecampoliving\",\"https:\\\/\\\/x.com\\\/cdcliving\"]},{\"@type\":\"Person\",\"@id\":\"https:\\\/\\\/casadecampoliving.com\\\/es\\\/#\\\/schema\\\/person\\\/7e3b975d584a5f6ac0fd7128a81b0bc5\",\"name\":\"\",\"image\":{\"@type\":\"ImageObject\",\"inLanguage\":\"es\",\"@id\":\"https:\\\/\\\/secure.gravatar.com\\\/avatar\\\/?s=96&d=mm&r=g\",\"url\":\"https:\\\/\\\/secure.gravatar.com\\\/avatar\\\/?s=96&d=mm&r=g\",\"contentUrl\":\"https:\\\/\\\/secure.gravatar.com\\\/avatar\\\/?s=96&d=mm&r=g\"},\"url\":\"https:\\\/\\\/casadecampoliving.com\\\/es\\\/author\\\/ \\\/\"}]}<\/script>\n<!-- \/ Yoast SEO plugin. -->","yoast_head_json":{"title":"Miss Saint John 2011: Primer Certamen de Belleza del Colegio Saint John | Casa de Campo Living","description":"La&nbsp;promoci\u00f3n&nbsp;del 2013 se complace en presentar el primer Certamen de Belleza \u201cMiss Saint John 2011\u201d, el&nbsp;pr\u00f3ximo&nbsp;s\u00e1bado 10 de diciembre","robots":{"index":"index","follow":"follow","max-snippet":"max-snippet:-1","max-image-preview":"max-image-preview:large","max-video-preview":"max-video-preview:-1"},"canonical":"https:\/\/casadecampoliving.com\/es\/miss-saint-john-2011-primer-certamen-de-belleza-del-colegio-saint-john-2\/","og_locale":"es_ES","og_type":"article","og_title":"Miss Saint John 2011: Primer Certamen de Belleza del Colegio Saint John | Casa de Campo Living","og_description":"La&nbsp;promoci\u00f3n&nbsp;del 2013 se complace en presentar el primer Certamen de Belleza \u201cMiss Saint John 2011\u201d, el&nbsp;pr\u00f3ximo&nbsp;s\u00e1bado 10 de diciembre","og_url":"https:\/\/casadecampoliving.com\/es\/miss-saint-john-2011-primer-certamen-de-belleza-del-colegio-saint-john-2\/","og_site_name":"Casa de Campo Living","article_publisher":"https:\/\/www.facebook.com\/casadecampoliving","article_published_time":"2011-11-29T04:00:00+00:00","article_modified_time":"2022-10-21T22:46:03+00:00","og_image":[{"width":477,"height":273,"url":"https:\/\/i0.wp.com\/casadecampoliving.com\/wp-content\/uploads\/2022\/10\/st_johns_la_romana-1.jpg?fit=477%2C273&ssl=1","type":"image\/jpeg"}],"twitter_card":"summary_large_image","twitter_creator":"@cdcliving","twitter_site":"@cdcliving","twitter_misc":{"Escrito por":"","Tiempo de lectura":"1 minuto"},"schema":{"@context":"https:\/\/schema.org","@graph":[{"@type":"Article","@id":"https:\/\/casadecampoliving.com\/es\/miss-saint-john-2011-primer-certamen-de-belleza-del-colegio-saint-john-2\/#article","isPartOf":{"@id":"https:\/\/casadecampoliving.com\/es\/miss-saint-john-2011-primer-certamen-de-belleza-del-colegio-saint-john-2\/"},"author":{"name":"","@id":"https:\/\/casadecampoliving.com\/es\/#\/schema\/person\/7e3b975d584a5f6ac0fd7128a81b0bc5"},"headline":"Miss Saint John 2011: Primer Certamen de Belleza del Colegio Saint John","datePublished":"2011-11-29T04:00:00+00:00","dateModified":"2022-10-21T22:46:03+00:00","mainEntityOfPage":{"@id":"https:\/\/casadecampoliving.com\/es\/miss-saint-john-2011-primer-certamen-de-belleza-del-colegio-saint-john-2\/"},"wordCount":217,"publisher":{"@id":"https:\/\/casadecampoliving.com\/es\/#organization"},"image":{"@id":"https:\/\/casadecampoliving.com\/es\/miss-saint-john-2011-primer-certamen-de-belleza-del-colegio-saint-john-2\/#primaryimage"},"thumbnailUrl":"https:\/\/i0.wp.com\/casadecampoliving.com\/wp-content\/uploads\/2022\/10\/st_johns_la_romana-1.jpg?fit=477%2C273&ssl=1","keywords":["La Romana"],"articleSection":["Arte y cultura","Estilo de Vida","Eventos","M\u00e1s all\u00e1 de Casa","Moda","Noticias Locales","Proximamente"],"inLanguage":"es"},{"@type":"WebPage","@id":"https:\/\/casadecampoliving.com\/es\/miss-saint-john-2011-primer-certamen-de-belleza-del-colegio-saint-john-2\/","url":"https:\/\/casadecampoliving.com\/es\/miss-saint-john-2011-primer-certamen-de-belleza-del-colegio-saint-john-2\/","name":"Miss Saint John 2011: Primer Certamen de Belleza del Colegio Saint John | Casa de Campo Living","isPartOf":{"@id":"https:\/\/casadecampoliving.com\/es\/#website"},"primaryImageOfPage":{"@id":"https:\/\/casadecampoliving.com\/es\/miss-saint-john-2011-primer-certamen-de-belleza-del-colegio-saint-john-2\/#primaryimage"},"image":{"@id":"https:\/\/casadecampoliving.com\/es\/miss-saint-john-2011-primer-certamen-de-belleza-del-colegio-saint-john-2\/#primaryimage"},"thumbnailUrl":"https:\/\/i0.wp.com\/casadecampoliving.com\/wp-content\/uploads\/2022\/10\/st_johns_la_romana-1.jpg?fit=477%2C273&ssl=1","datePublished":"2011-11-29T04:00:00+00:00","dateModified":"2022-10-21T22:46:03+00:00","description":"La&nbsp;promoci\u00f3n&nbsp;del 2013 se complace en presentar el primer Certamen de Belleza \u201cMiss Saint John 2011\u201d, el&nbsp;pr\u00f3ximo&nbsp;s\u00e1bado 10 de diciembre","breadcrumb":{"@id":"https:\/\/casadecampoliving.com\/es\/miss-saint-john-2011-primer-certamen-de-belleza-del-colegio-saint-john-2\/#breadcrumb"},"inLanguage":"es","potentialAction":[{"@type":"ReadAction","target":["https:\/\/casadecampoliving.com\/es\/miss-saint-john-2011-primer-certamen-de-belleza-del-colegio-saint-john-2\/"]}]},{"@type":"ImageObject","inLanguage":"es","@id":"https:\/\/casadecampoliving.com\/es\/miss-saint-john-2011-primer-certamen-de-belleza-del-colegio-saint-john-2\/#primaryimage","url":"https:\/\/i0.wp.com\/casadecampoliving.com\/wp-content\/uploads\/2022\/10\/st_johns_la_romana-1.jpg?fit=477%2C273&ssl=1","contentUrl":"https:\/\/i0.wp.com\/casadecampoliving.com\/wp-content\/uploads\/2022\/10\/st_johns_la_romana-1.jpg?fit=477%2C273&ssl=1","width":477,"height":273,"caption":"st johns school la romana"},{"@type":"BreadcrumbList","@id":"https:\/\/casadecampoliving.com\/es\/miss-saint-john-2011-primer-certamen-de-belleza-del-colegio-saint-john-2\/#breadcrumb","itemListElement":[{"@type":"ListItem","position":1,"name":"Home","item":"https:\/\/casadecampoliving.com\/es\/"},{"@type":"ListItem","position":2,"name":"Miss Saint John 2011: Primer Certamen de Belleza del Colegio Saint John"}]},{"@type":"WebSite","@id":"https:\/\/casadecampoliving.com\/es\/#website","url":"https:\/\/casadecampoliving.com\/es\/","name":"Casa de Campo Living","description":"Resort community news and resources.","publisher":{"@id":"https:\/\/casadecampoliving.com\/es\/#organization"},"potentialAction":[{"@type":"SearchAction","target":{"@type":"EntryPoint","urlTemplate":"https:\/\/casadecampoliving.com\/es\/?s={search_term_string}"},"query-input":{"@type":"PropertyValueSpecification","valueRequired":true,"valueName":"search_term_string"}}],"inLanguage":"es"},{"@type":"Organization","@id":"https:\/\/casadecampoliving.com\/es\/#organization","name":"Casa de Campo Living","url":"https:\/\/casadecampoliving.com\/es\/","logo":{"@type":"ImageObject","inLanguage":"es","@id":"https:\/\/casadecampoliving.com\/es\/#\/schema\/logo\/image\/","url":"https:\/\/i0.wp.com\/casadecampoliving.com\/wp-content\/uploads\/2022\/07\/CDCLivingLogo_V1-white-sized.png?fit=800%2C214&ssl=1","contentUrl":"https:\/\/i0.wp.com\/casadecampoliving.com\/wp-content\/uploads\/2022\/07\/CDCLivingLogo_V1-white-sized.png?fit=800%2C214&ssl=1","width":800,"height":214,"caption":"Casa de Campo Living"},"image":{"@id":"https:\/\/casadecampoliving.com\/es\/#\/schema\/logo\/image\/"},"sameAs":["https:\/\/www.facebook.com\/casadecampoliving","https:\/\/x.com\/cdcliving"]},{"@type":"Person","@id":"https:\/\/casadecampoliving.com\/es\/#\/schema\/person\/7e3b975d584a5f6ac0fd7128a81b0bc5","name":"","image":{"@type":"ImageObject","inLanguage":"es","@id":"https:\/\/secure.gravatar.com\/avatar\/?s=96&d=mm&r=g","url":"https:\/\/secure.gravatar.com\/avatar\/?s=96&d=mm&r=g","contentUrl":"https:\/\/secure.gravatar.com\/avatar\/?s=96&d=mm&r=g"},"url":"https:\/\/casadecampoliving.com\/es\/author\/ \/"}]}},"parsely":{"version":"1.1.0","canonical_url":"https:\/\/casadecampoliving.com\/es\/miss-saint-john-2011-primer-certamen-de-belleza-del-colegio-saint-john-2\/","smart_links":{"inbound":0,"outbound":0},"traffic_boost_suggestions_count":0,"meta":{"@context":"https:\/\/schema.org","@type":"NewsArticle","headline":"Miss Saint John 2011: Primer Certamen de Belleza del Colegio Saint John","url":"http:\/\/casadecampoliving.com\/es\/miss-saint-john-2011-primer-certamen-de-belleza-del-colegio-saint-john-2\/","mainEntityOfPage":{"@type":"WebPage","@id":"http:\/\/casadecampoliving.com\/es\/miss-saint-john-2011-primer-certamen-de-belleza-del-colegio-saint-john-2\/"},"thumbnailUrl":"https:\/\/i0.wp.com\/casadecampoliving.com\/wp-content\/uploads\/2022\/10\/st_johns_la_romana-1.jpg?resize=150%2C150&ssl=1","image":{"@type":"ImageObject","url":"https:\/\/i0.wp.com\/casadecampoliving.com\/wp-content\/uploads\/2022\/10\/st_johns_la_romana-1.jpg?fit=477%2C273&ssl=1"},"articleSection":"Arte y cultura","author":[{"@type":"Person","name":"FB_515917546"}],"creator":["FB_515917546"],"publisher":{"@type":"Organization","name":"Casa de Campo Living","logo":"https:\/\/casadecampoliving.com\/wp-content\/uploads\/2022\/07\/CDCLivingLogo_V1-white-sized.png"},"keywords":["la romana"],"dateCreated":"2011-11-29T04:00:00Z","datePublished":"2011-11-29T04:00:00Z","dateModified":"2022-10-21T22:46:03Z"},"rendered":"<script type=\"application\/ld+json\" class=\"wp-parsely-metadata\">{\"@context\":\"https:\\\/\\\/schema.org\",\"@type\":\"NewsArticle\",\"headline\":\"Miss Saint John 2011: Primer Certamen de Belleza del Colegio Saint John\",\"url\":\"http:\\\/\\\/casadecampoliving.com\\\/es\\\/miss-saint-john-2011-primer-certamen-de-belleza-del-colegio-saint-john-2\\\/\",\"mainEntityOfPage\":{\"@type\":\"WebPage\",\"@id\":\"http:\\\/\\\/casadecampoliving.com\\\/es\\\/miss-saint-john-2011-primer-certamen-de-belleza-del-colegio-saint-john-2\\\/\"},\"thumbnailUrl\":\"https:\\\/\\\/i0.wp.com\\\/casadecampoliving.com\\\/wp-content\\\/uploads\\\/2022\\\/10\\\/st_johns_la_romana-1.jpg?resize=150%2C150&ssl=1\",\"image\":{\"@type\":\"ImageObject\",\"url\":\"https:\\\/\\\/i0.wp.com\\\/casadecampoliving.com\\\/wp-content\\\/uploads\\\/2022\\\/10\\\/st_johns_la_romana-1.jpg?fit=477%2C273&ssl=1\"},\"articleSection\":\"Arte y cultura\",\"author\":[{\"@type\":\"Person\",\"name\":\"FB_515917546\"}],\"creator\":[\"FB_515917546\"],\"publisher\":{\"@type\":\"Organization\",\"name\":\"Casa de Campo Living\",\"logo\":\"https:\\\/\\\/casadecampoliving.com\\\/wp-content\\\/uploads\\\/2022\\\/07\\\/CDCLivingLogo_V1-white-sized.png\"},\"keywords\":[\"la romana\"],\"dateCreated\":\"2011-11-29T04:00:00Z\",\"datePublished\":\"2011-11-29T04:00:00Z\",\"dateModified\":\"2022-10-21T22:46:03Z\"}<\/script>","tracker_url":"https:\/\/cdn.parsely.com\/keys\/casadecampoliving.com\/p.js"},"jetpack_publicize_connections":[],"jetpack_featured_media_url":"https:\/\/i0.wp.com\/casadecampoliving.com\/wp-content\/uploads\/2022\/10\/st_johns_la_romana-1.jpg?fit=477%2C273&ssl=1","jetpack-related-posts":[{"id":330791,"url":"https:\/\/casadecampoliving.com\/fun-times-at-the-farm-colegio-saint-johns-family-day-2019-a-big-hit\/","url_meta":{"origin":337511,"position":0},"title":"Fun times at the farm! Colegio Saint John\u2019s Family Day 2019 \u2013 a big hit!","author":"Casa de Campo Living","date":"3 Dic, 2019","format":false,"excerpt":"Every year the Saint John School in La Romana celebrates a fabulous Family Fair. \u00a0The 2019 Family Day was dedicated to all life on the farm with horses, cows, goats, planting vegetables, inflatable games, a zipline, a photo booth, contests, raffles, dance, live music, and many surprises! Many children and\u2026","rel":"","context":"En \u00abBeyond Casa\u00bb","block_context":{"text":"Beyond Casa","link":"https:\/\/casadecampoliving.com\/category\/beyond-casa\/"},"img":{"alt_text":"","src":"https:\/\/i0.wp.com\/casadecampoliving.com\/wp-content\/uploads\/2022\/10\/PHOTO-2019-11-27-15-51-41.jpg?fit=1000%2C600&ssl=1&resize=350%2C200","width":350,"height":200,"srcset":"https:\/\/i0.wp.com\/casadecampoliving.com\/wp-content\/uploads\/2022\/10\/PHOTO-2019-11-27-15-51-41.jpg?fit=1000%2C600&ssl=1&resize=350%2C200 1x, https:\/\/i0.wp.com\/casadecampoliving.com\/wp-content\/uploads\/2022\/10\/PHOTO-2019-11-27-15-51-41.jpg?fit=1000%2C600&ssl=1&resize=525%2C300 1.5x, https:\/\/i0.wp.com\/casadecampoliving.com\/wp-content\/uploads\/2022\/10\/PHOTO-2019-11-27-15-51-41.jpg?fit=1000%2C600&ssl=1&resize=700%2C400 2x"},"classes":[]},{"id":321882,"url":"https:\/\/casadecampoliving.com\/colegio-saint-john-celebrates-its-20-year-anniversary-with-a-family-fair\/","url_meta":{"origin":337511,"position":1},"title":"Colegio Saint John celebrates its 20 year anniversary with a Family Fair!","author":"Rebecca Silvestri","date":"16 Dic, 2012","format":false,"excerpt":"Colegio Saint John celebrated its 20th anniversary this past Sunday, December 2nd. The Family\u00a0Fair took place in the school grounds from 10:00am to 6:00pm filled with activities for\u00a0the whole family including clowns, raffles, talent shows and the grand closing event - a\u00a0performance by Dream Circus. The day was filled from\u2026","rel":"","context":"En \u00abBeyond Casa\u00bb","block_context":{"text":"Beyond Casa","link":"https:\/\/casadecampoliving.com\/category\/beyond-casa\/"},"img":{"alt_text":"colegio st john","src":"https:\/\/i0.wp.com\/casadecampoliving.com\/wp-content\/uploads\/2022\/10\/colegio_st_john-1.jpg?fit=650%2C432&ssl=1&resize=350%2C200","width":350,"height":200,"srcset":"https:\/\/i0.wp.com\/casadecampoliving.com\/wp-content\/uploads\/2022\/10\/colegio_st_john-1.jpg?fit=650%2C432&ssl=1&resize=350%2C200 1x, https:\/\/i0.wp.com\/casadecampoliving.com\/wp-content\/uploads\/2022\/10\/colegio_st_john-1.jpg?fit=650%2C432&ssl=1&resize=525%2C300 1.5x"},"classes":[]},{"id":330764,"url":"https:\/\/casadecampoliving.com\/welcome-to-the-farm-colegio-saint-johns-family-fair-this-sunday\/","url_meta":{"origin":337511,"position":2},"title":"Welcome to the farm! Colegio Saint John\u2019s Family Fair THIS Sunday!","author":"Casa de Campo Living","date":"14 Nov, 2019","format":false,"excerpt":"Are you and your family ready to have some fun?! The whole family are invited to join the Saint John School in La Romana on Sunday the 17th of November, for their fabulous annual Family Fair! This year\u2019s event will be open from 9:00 A.M. to 6:00 P.M at the\u2026","rel":"","context":"En \u00abBeyond Casa\u00bb","block_context":{"text":"Beyond Casa","link":"https:\/\/casadecampoliving.com\/category\/beyond-casa\/"},"img":{"alt_text":"","src":"https:\/\/i0.wp.com\/casadecampoliving.com\/wp-content\/uploads\/2022\/10\/Colegio-saint-John.jpg?fit=1000%2C600&ssl=1&resize=350%2C200","width":350,"height":200,"srcset":"https:\/\/i0.wp.com\/casadecampoliving.com\/wp-content\/uploads\/2022\/10\/Colegio-saint-John.jpg?fit=1000%2C600&ssl=1&resize=350%2C200 1x, https:\/\/i0.wp.com\/casadecampoliving.com\/wp-content\/uploads\/2022\/10\/Colegio-saint-John.jpg?fit=1000%2C600&ssl=1&resize=525%2C300 1.5x, https:\/\/i0.wp.com\/casadecampoliving.com\/wp-content\/uploads\/2022\/10\/Colegio-saint-John.jpg?fit=1000%2C600&ssl=1&resize=700%2C400 2x"},"classes":[]},{"id":322517,"url":"https:\/\/casadecampoliving.com\/colegio-saint-john-celebrates-20th-graduation\/","url_meta":{"origin":337511,"position":3},"title":"Colegio Saint John celebrates 20th graduation","author":"Rebecca Silvestri","date":"26 Jul, 2013","format":false,"excerpt":"As Colegio Saint John in La Romana concluded its 20th year in existence, a special graduation ceremony was celebrated in Casa de Campo with the participation of a diverse group of 25 young adults from Belgium, Norway, the United States and of course the Dominican Republic. The graduation ceremony began\u2026","rel":"","context":"En \u00abBeyond Casa\u00bb","block_context":{"text":"Beyond Casa","link":"https:\/\/casadecampoliving.com\/category\/beyond-casa\/"},"img":{"alt_text":"","src":"https:\/\/i0.wp.com\/casadecampoliving.com\/wp-content\/uploads\/2022\/10\/colegio_saint_john1-2.jpg?fit=707%2C285&ssl=1&resize=350%2C200","width":350,"height":200,"srcset":"https:\/\/i0.wp.com\/casadecampoliving.com\/wp-content\/uploads\/2022\/10\/colegio_saint_john1-2.jpg?fit=707%2C285&ssl=1&resize=350%2C200 1x, https:\/\/i0.wp.com\/casadecampoliving.com\/wp-content\/uploads\/2022\/10\/colegio_saint_john1-2.jpg?fit=707%2C285&ssl=1&resize=525%2C300 1.5x, https:\/\/i0.wp.com\/casadecampoliving.com\/wp-content\/uploads\/2022\/10\/colegio_saint_john1-2.jpg?fit=707%2C285&ssl=1&resize=700%2C400 2x"},"classes":[]},{"id":343578,"url":"https:\/\/casadecampoliving.com\/es\/feria-familiar-del-colegio-saint-john-2013-un-gran-exito\/","url_meta":{"origin":337511,"position":4},"title":"Feria familiar del Colegio Saint John 2013, \u00a1un gran \u00e9xito!","author":"Genesis Perdomo","date":"30 Dic, 2013","format":false,"excerpt":"Cada a\u00f1o el Colegio Saint John en La Romana celebra el divertido d\u00eda familiar. Aqu\u00ed le traemos las incre\u00edbles fotos de esta ocasi\u00f3n, como un articulo contribuido por Juan Oscar Geraldino, gerente de comunicaciones y relaciones publicas en el Colegio Saint John. D\u00eda de feria familiar 2013 en el Colegio\u2026","rel":"","context":"En \u00abDestacados\u00bb","block_context":{"text":"Destacados","link":"https:\/\/casadecampoliving.com\/es\/category\/destacados\/"},"img":{"alt_text":"saint john family fair","src":"https:\/\/i0.wp.com\/casadecampoliving.com\/wp-content\/uploads\/2022\/10\/saint_john_family_fair-1.jpg?fit=650%2C464&ssl=1&resize=350%2C200","width":350,"height":200,"srcset":"https:\/\/i0.wp.com\/casadecampoliving.com\/wp-content\/uploads\/2022\/10\/saint_john_family_fair-1.jpg?fit=650%2C464&ssl=1&resize=350%2C200 1x, https:\/\/i0.wp.com\/casadecampoliving.com\/wp-content\/uploads\/2022\/10\/saint_john_family_fair-1.jpg?fit=650%2C464&ssl=1&resize=525%2C300 1.5x"},"classes":[]},{"id":323044,"url":"https:\/\/casadecampoliving.com\/colegio-saint-john\/","url_meta":{"origin":337511,"position":5},"title":"Colegio Saint John&#8217;s Family Fair 2013 &#8211; a big hit!","author":"Rebecca Silvestri","date":"30 Dic, 2013","format":false,"excerpt":"Every year the Saint John School in La Romana celebrates a fabulous Family Fair. Here we bring you many wonderful photos of the occasion, as well as an article contributed by Juan Oscar Geraldino, manager of communications and public relations at the Colegio Saint John. The Colegio Saint John's Family\u2026","rel":"","context":"En \u00abEvents and Activities\u00bb","block_context":{"text":"Events and Activities","link":"https:\/\/casadecampoliving.com\/category\/events-and-activities\/"},"img":{"alt_text":"saint john family fair","src":"https:\/\/i0.wp.com\/casadecampoliving.com\/wp-content\/uploads\/2022\/10\/saint_john_family_fair-1.jpg?fit=650%2C464&ssl=1&resize=350%2C200","width":350,"height":200,"srcset":"https:\/\/i0.wp.com\/casadecampoliving.com\/wp-content\/uploads\/2022\/10\/saint_john_family_fair-1.jpg?fit=650%2C464&ssl=1&resize=350%2C200 1x, https:\/\/i0.wp.com\/casadecampoliving.com\/wp-content\/uploads\/2022\/10\/saint_john_family_fair-1.jpg?fit=650%2C464&ssl=1&resize=525%2C300 1.5x"},"classes":[]}],"jetpack_sharing_enabled":true,"_links":{"self":[{"href":"https:\/\/casadecampoliving.com\/es\/wp-json\/wp\/v2\/posts\/337511","targetHints":{"allow":["GET"]}}],"collection":[{"href":"https:\/\/casadecampoliving.com\/es\/wp-json\/wp\/v2\/posts"}],"about":[{"href":"https:\/\/casadecampoliving.com\/es\/wp-json\/wp\/v2\/types\/post"}],"author":[{"embeddable":true,"href":"https:\/\/casadecampoliving.com\/es\/wp-json\/wp\/v2\/users\/21"}],"replies":[{"embeddable":true,"href":"https:\/\/casadecampoliving.com\/es\/wp-json\/wp\/v2\/comments?post=337511"}],"version-history":[{"count":1,"href":"https:\/\/casadecampoliving.com\/es\/wp-json\/wp\/v2\/posts\/337511\/revisions"}],"predecessor-version":[{"id":337512,"href":"https:\/\/casadecampoliving.com\/es\/wp-json\/wp\/v2\/posts\/337511\/revisions\/337512"}],"wp:featuredmedia":[{"embeddable":true,"href":"https:\/\/casadecampoliving.com\/es\/wp-json\/wp\/v2\/media\/221882"}],"wp:attachment":[{"href":"https:\/\/casadecampoliving.com\/es\/wp-json\/wp\/v2\/media?parent=337511"}],"wp:term":[{"taxonomy":"category","embeddable":true,"href":"https:\/\/casadecampoliving.com\/es\/wp-json\/wp\/v2\/categories?post=337511"},{"taxonomy":"post_tag","embeddable":true,"href":"https:\/\/casadecampoliving.com\/es\/wp-json\/wp\/v2\/tags?post=337511"},{"taxonomy":"newspack_spnsrs_tax","embeddable":true,"href":"https:\/\/casadecampoliving.com\/es\/wp-json\/wp\/v2\/newspack_spnsrs_tax?post=337511"}],"curies":[{"name":"wp","href":"https:\/\/api.w.org\/{rel}","templated":true}]}}