{"id":337459,"date":"2011-11-23T00:00:00","date_gmt":"2011-11-23T04:00:00","guid":{"rendered":"https:\/\/casadecampoliving.com\/casa-de-campo-es-noticia-bmw-inspirations\/"},"modified":"2022-10-21T18:43:19","modified_gmt":"2022-10-21T22:43:19","slug":"casa-de-campo-es-noticia-bmw-inspirations","status":"publish","type":"post","link":"https:\/\/casadecampoliving.com\/es\/casa-de-campo-es-noticia-bmw-inspirations\/","title":{"rendered":"Casa de Campo es noticia: BMW Inspirations"},"content":{"rendered":"<div class=\"wp-block-image\">\n<figure class=\"aligncenter is-resized\"><a href=\"https:\/\/i0.wp.com\/casadecampoliving.com\/wp-content\/uploads\/2022\/10\/bmw_casa_de_campo.jpg?ssl=1\"><img loading=\"lazy\" decoding=\"async\" src=\"https:\/\/i0.wp.com\/casadecampoliving.com\/wp-content\/uploads\/2022\/10\/bmw_casa_de_campo.jpg?resize=650%2C488&amp;ssl=1\" alt=\"bmw casa de campo\" class=\"wp-image-37897\" title=\"bmw_casa_de_campo\" height=\"488\" width=\"650\"\/><\/a><\/figure>\n<\/div>\n\n\n<p class=\"wp-block-paragraph\">\u00bfQu\u00e9 tienen en comun BMW y Casa de Campo? Lujos, esplendor, estilo, y que ambos tienen la dicha de ser publicados en la ultima edicion de la Revista \u2018BMW\u2019s\u201dInspirations\u201d!<\/p>\n\n\n\n<!--more-->\n\n\n\n<p class=\"wp-block-paragraph\">\u201cBMW Inspirations\u201d es una revista exclusiva, distribuida en Alemania a m\u00e1s de 500,000 propietarios de estos&nbsp;veh\u00edculos, y con Casa de Campo como portada, es muy probable que muchos de ellos nos visiten muy pronto!<\/p>\n\n\n\n<p class=\"wp-block-paragraph\">Al igual que la espectacular foto, el majestuoso campo de golf de Casa de Campo, Teeth of the Dog, al igual que otras&nbsp;\u00e1reas&nbsp;impresionantes del Resort, hacen gala de las propiedades de bienes&nbsp;ra\u00edces&nbsp;de Casa de Campo, al igual que los exclusivos restaurantes del Beach Club por Le Cirque en Playas Minitas.<\/p>\n\n\n\n<p class=\"wp-block-paragraph\">Luego de ver esto, \u00bfqu\u00e9&nbsp;alem\u00e1n,&nbsp;propietario&nbsp;de BMW,&nbsp;podr\u00e1&nbsp;resisitrise a los encantos de Casa de Campo? Las siguientes&nbsp;im\u00e1genes&nbsp;son las que aparecen dentro de esta&nbsp;edici\u00f3n, mientras que la primera es la portada de esta revista.<\/p>\n\n\n\n<blockquote><figure><a href=\"https:\/\/i0.wp.com\/casadecampoliving.com\/wp-content\/uploads\/2022\/10\/bmw_casa_de_campo3.jpg?ssl=1\"><img decoding=\"async\" loading=\"lazy\" class=\"aligncenter size-full wp-image-37900\" title=\"bmw_casa_de_campo\" src=\"https:\/\/i0.wp.com\/casadecampoliving.com\/wp-content\/uploads\/2022\/10\/bmw_casa_de_campo3.jpg?resize=585%2C472&amp;ssl=1\" alt=\"bmw casa de campo\" width=\"585\" height=\"472\"><\/a><\/figure><p style=\"text-align: center;\">La vista de La Marina Casa de Campo y un lujoso e imponente yate, tomada desde una villa de Casa de Campo con vista al mar \u2013 impresionante!<\/p><\/blockquote>\n\n\n\n<blockquote><figure><a href=\"https:\/\/i0.wp.com\/casadecampoliving.com\/wp-content\/uploads\/2022\/10\/bmw_casa_de_campo1.jpg?ssl=1\"><img decoding=\"async\" loading=\"lazy\" class=\"aligncenter size-full wp-image-37898\" title=\"bmw_casa_de_campo\" src=\"https:\/\/i0.wp.com\/casadecampoliving.com\/wp-content\/uploads\/2022\/10\/bmw_casa_de_campo1.jpg?resize=585%2C491&amp;ssl=1\" alt=\"bmw casa de campo\" width=\"585\" height=\"491\"><\/a><\/figure><p style=\"text-align: center;\">La r\u00fastica&nbsp;terraza de la piscina de una tradicional villa de Casa de Campo<\/p><\/blockquote>\n\n\n\n<blockquote><figure><a href=\"https:\/\/i0.wp.com\/casadecampoliving.com\/wp-content\/uploads\/2022\/10\/bmw_casa_de_campo2.jpg?ssl=1\"><img decoding=\"async\" loading=\"lazy\" class=\"aligncenter size-full wp-image-37899\" title=\"bmw_casa_de_campo\" src=\"https:\/\/i0.wp.com\/casadecampoliving.com\/wp-content\/uploads\/2022\/10\/bmw_casa_de_campo2.jpg?resize=585%2C583&amp;ssl=1\" alt=\"bmw casa de campo\" width=\"585\" height=\"583\"><\/a><\/figure><p style=\"text-align: center;\">Las ofertas especiales para los propietarios alemanes de los&nbsp;veh\u00edculos&nbsp;BMW. Esta p\u00e1gina incluye ofertas disponibles en Casa de Campo con la tarjeta BMW!<\/p><\/blockquote>\n\n\n\n<p class=\"has-text-align-left wp-block-paragraph\">En&nbsp;v\u00edsperas&nbsp;de la \u201ctemporada alta\u201d de Casa de Campo en este a\u00f1o, el hotel ha estado saliendo en exclusivas y lujosas revistas. <a href=\"https:\/\/casadecampoliving.com\/es\/2011\/11\/casa-de-campo-es-noticia-impactante-publicacion-en-la-revista-centurian\/\">Haga click&nbsp;aqu\u00ed&nbsp;para ver el articulo publicado en la Revista Centurian.<\/a><\/p>\n","protected":false},"excerpt":{"rendered":"<p>\u00bfQu\u00e9 tienen en comun BMW y Casa de Campo? Lujos, esplendor, estilo, y que ambos tienen la dicha de ser publicados en la ultima edicion de la Revista \u2018BMW\u2019s\u201dInspirations\u201d!<\/p>\n","protected":false},"author":21,"featured_media":220635,"comment_status":"closed","ping_status":"closed","sticky":false,"template":"","format":"standard","meta":{"newspack_ads_suppress_ads":false,"newspack_popups_has_disabled_popups":false,"newspack_sponsor_sponsorship_scope":"","newspack_sponsor_native_byline_display":"inherit","newspack_sponsor_native_category_display":"inherit","newspack_sponsor_underwriter_style":"inherit","newspack_sponsor_underwriter_placement":"inherit","_newspack_byline_active":false,"_newspack_byline":"","newspack_hide_updated_date":false,"newspack_show_updated_date":false,"newspack_featured_image_position":"","newspack_post_subtitle":"","newspack_article_summary_title":"Overview:","newspack_article_summary":"","_jetpack_memberships_contains_paid_content":false,"footnotes":"","jetpack_publicize_message":"{title}\n\n{excerpt}\n\n{url}","jetpack_publicize_feature_enabled":true,"jetpack_social_post_already_shared":false,"jetpack_social_options":{"image_generator_settings":{"template":"highway","default_image_id":0,"font":"","enabled":false},"version":2},"_wpas_customize_per_network":false},"categories":[2524,14625,26822],"tags":[],"newspack_spnsrs_tax":[],"class_list":["post-337459","post","type-post","status-publish","format-standard","has-post-thumbnail","hentry","category-destacados","category-noticias-locales","category-resort-casa-de-campo","entry"],"yoast_head":"<!-- This site is optimized with the Yoast SEO plugin v28.3 - https:\/\/yoast.com\/product\/yoast-seo-wordpress\/ -->\n<title>Casa de Campo es noticia: BMW Inspirations | Casa de Campo Living<\/title>\n<meta name=\"description\" content=\"\u00bfQu\u00e9 tienen en comun BMW y Casa de Campo? Lujos, esplendor, estilo, y que ambos tienen la dicha de ser publicados en la ultima edicion de la Revista\" \/>\n<meta name=\"robots\" content=\"index, follow, max-snippet:-1, max-image-preview:large, max-video-preview:-1\" \/>\n<link rel=\"canonical\" href=\"https:\/\/casadecampoliving.com\/es\/casa-de-campo-es-noticia-bmw-inspirations\/\" \/>\n<meta property=\"og:locale\" content=\"es_ES\" \/>\n<meta property=\"og:type\" content=\"article\" \/>\n<meta property=\"og:title\" content=\"Casa de Campo es noticia: BMW Inspirations | Casa de Campo Living\" \/>\n<meta property=\"og:description\" content=\"\u00bfQu\u00e9 tienen en comun BMW y Casa de Campo? Lujos, esplendor, estilo, y que ambos tienen la dicha de ser publicados en la ultima edicion de la Revista\" \/>\n<meta property=\"og:url\" content=\"https:\/\/casadecampoliving.com\/es\/casa-de-campo-es-noticia-bmw-inspirations\/\" \/>\n<meta property=\"og:site_name\" content=\"Casa de Campo Living\" \/>\n<meta property=\"article:publisher\" content=\"https:\/\/www.facebook.com\/casadecampoliving\" \/>\n<meta property=\"article:published_time\" content=\"2011-11-23T04:00:00+00:00\" \/>\n<meta property=\"article:modified_time\" content=\"2022-10-21T22:43:19+00:00\" \/>\n<meta property=\"og:image\" content=\"https:\/\/i0.wp.com\/casadecampoliving.com\/wp-content\/uploads\/2022\/10\/bmw_casa_de_campo-1.jpg?fit=650%2C488&ssl=1\" \/>\n\t<meta property=\"og:image:width\" content=\"650\" \/>\n\t<meta property=\"og:image:height\" content=\"488\" \/>\n\t<meta property=\"og:image:type\" content=\"image\/jpeg\" \/>\n<meta name=\"twitter:card\" content=\"summary_large_image\" \/>\n<meta name=\"twitter:creator\" content=\"@cdcliving\" \/>\n<meta name=\"twitter:site\" content=\"@cdcliving\" \/>\n<meta name=\"twitter:label1\" content=\"Escrito por\" \/>\n\t<meta name=\"twitter:data1\" content=\"\" \/>\n\t<meta name=\"twitter:label2\" content=\"Tiempo de lectura\" \/>\n\t<meta name=\"twitter:data2\" content=\"1 minuto\" \/>\n<script type=\"application\/ld+json\" class=\"yoast-schema-graph\">{\"@context\":\"https:\\\/\\\/schema.org\",\"@graph\":[{\"@type\":\"Article\",\"@id\":\"https:\\\/\\\/casadecampoliving.com\\\/es\\\/casa-de-campo-es-noticia-bmw-inspirations\\\/#article\",\"isPartOf\":{\"@id\":\"https:\\\/\\\/casadecampoliving.com\\\/es\\\/casa-de-campo-es-noticia-bmw-inspirations\\\/\"},\"author\":{\"name\":\"\",\"@id\":\"https:\\\/\\\/casadecampoliving.com\\\/es\\\/#\\\/schema\\\/person\\\/7e3b975d584a5f6ac0fd7128a81b0bc5\"},\"headline\":\"Casa de Campo es noticia: BMW Inspirations\",\"datePublished\":\"2011-11-23T04:00:00+00:00\",\"dateModified\":\"2022-10-21T22:43:19+00:00\",\"mainEntityOfPage\":{\"@id\":\"https:\\\/\\\/casadecampoliving.com\\\/es\\\/casa-de-campo-es-noticia-bmw-inspirations\\\/\"},\"wordCount\":296,\"publisher\":{\"@id\":\"https:\\\/\\\/casadecampoliving.com\\\/es\\\/#organization\"},\"image\":{\"@id\":\"https:\\\/\\\/casadecampoliving.com\\\/es\\\/casa-de-campo-es-noticia-bmw-inspirations\\\/#primaryimage\"},\"thumbnailUrl\":\"https:\\\/\\\/i0.wp.com\\\/casadecampoliving.com\\\/wp-content\\\/uploads\\\/2022\\\/10\\\/bmw_casa_de_campo-1.jpg?fit=650%2C488&ssl=1\",\"articleSection\":[\"Destacados\",\"Noticias Locales\",\"Resort Casa de Campo\"],\"inLanguage\":\"es\"},{\"@type\":\"WebPage\",\"@id\":\"https:\\\/\\\/casadecampoliving.com\\\/es\\\/casa-de-campo-es-noticia-bmw-inspirations\\\/\",\"url\":\"https:\\\/\\\/casadecampoliving.com\\\/es\\\/casa-de-campo-es-noticia-bmw-inspirations\\\/\",\"name\":\"Casa de Campo es noticia: BMW Inspirations | Casa de Campo Living\",\"isPartOf\":{\"@id\":\"https:\\\/\\\/casadecampoliving.com\\\/es\\\/#website\"},\"primaryImageOfPage\":{\"@id\":\"https:\\\/\\\/casadecampoliving.com\\\/es\\\/casa-de-campo-es-noticia-bmw-inspirations\\\/#primaryimage\"},\"image\":{\"@id\":\"https:\\\/\\\/casadecampoliving.com\\\/es\\\/casa-de-campo-es-noticia-bmw-inspirations\\\/#primaryimage\"},\"thumbnailUrl\":\"https:\\\/\\\/i0.wp.com\\\/casadecampoliving.com\\\/wp-content\\\/uploads\\\/2022\\\/10\\\/bmw_casa_de_campo-1.jpg?fit=650%2C488&ssl=1\",\"datePublished\":\"2011-11-23T04:00:00+00:00\",\"dateModified\":\"2022-10-21T22:43:19+00:00\",\"description\":\"\u00bfQu\u00e9 tienen en comun BMW y Casa de Campo? Lujos, esplendor, estilo, y que ambos tienen la dicha de ser publicados en la ultima edicion de la Revista\",\"breadcrumb\":{\"@id\":\"https:\\\/\\\/casadecampoliving.com\\\/es\\\/casa-de-campo-es-noticia-bmw-inspirations\\\/#breadcrumb\"},\"inLanguage\":\"es\",\"potentialAction\":[{\"@type\":\"ReadAction\",\"target\":[\"https:\\\/\\\/casadecampoliving.com\\\/es\\\/casa-de-campo-es-noticia-bmw-inspirations\\\/\"]}]},{\"@type\":\"ImageObject\",\"inLanguage\":\"es\",\"@id\":\"https:\\\/\\\/casadecampoliving.com\\\/es\\\/casa-de-campo-es-noticia-bmw-inspirations\\\/#primaryimage\",\"url\":\"https:\\\/\\\/i0.wp.com\\\/casadecampoliving.com\\\/wp-content\\\/uploads\\\/2022\\\/10\\\/bmw_casa_de_campo-1.jpg?fit=650%2C488&ssl=1\",\"contentUrl\":\"https:\\\/\\\/i0.wp.com\\\/casadecampoliving.com\\\/wp-content\\\/uploads\\\/2022\\\/10\\\/bmw_casa_de_campo-1.jpg?fit=650%2C488&ssl=1\",\"width\":650,\"height\":488,\"caption\":\"bmw casa de campo\"},{\"@type\":\"BreadcrumbList\",\"@id\":\"https:\\\/\\\/casadecampoliving.com\\\/es\\\/casa-de-campo-es-noticia-bmw-inspirations\\\/#breadcrumb\",\"itemListElement\":[{\"@type\":\"ListItem\",\"position\":1,\"name\":\"Home\",\"item\":\"https:\\\/\\\/casadecampoliving.com\\\/es\\\/\"},{\"@type\":\"ListItem\",\"position\":2,\"name\":\"Casa de Campo es noticia: BMW Inspirations\"}]},{\"@type\":\"WebSite\",\"@id\":\"https:\\\/\\\/casadecampoliving.com\\\/es\\\/#website\",\"url\":\"https:\\\/\\\/casadecampoliving.com\\\/es\\\/\",\"name\":\"Casa de Campo Living\",\"description\":\"Resort community news and resources.\",\"publisher\":{\"@id\":\"https:\\\/\\\/casadecampoliving.com\\\/es\\\/#organization\"},\"potentialAction\":[{\"@type\":\"SearchAction\",\"target\":{\"@type\":\"EntryPoint\",\"urlTemplate\":\"https:\\\/\\\/casadecampoliving.com\\\/es\\\/?s={search_term_string}\"},\"query-input\":{\"@type\":\"PropertyValueSpecification\",\"valueRequired\":true,\"valueName\":\"search_term_string\"}}],\"inLanguage\":\"es\"},{\"@type\":\"Organization\",\"@id\":\"https:\\\/\\\/casadecampoliving.com\\\/es\\\/#organization\",\"name\":\"Casa de Campo Living\",\"url\":\"https:\\\/\\\/casadecampoliving.com\\\/es\\\/\",\"logo\":{\"@type\":\"ImageObject\",\"inLanguage\":\"es\",\"@id\":\"https:\\\/\\\/casadecampoliving.com\\\/es\\\/#\\\/schema\\\/logo\\\/image\\\/\",\"url\":\"https:\\\/\\\/i0.wp.com\\\/casadecampoliving.com\\\/wp-content\\\/uploads\\\/2022\\\/07\\\/CDCLivingLogo_V1-white-sized.png?fit=800%2C214&ssl=1\",\"contentUrl\":\"https:\\\/\\\/i0.wp.com\\\/casadecampoliving.com\\\/wp-content\\\/uploads\\\/2022\\\/07\\\/CDCLivingLogo_V1-white-sized.png?fit=800%2C214&ssl=1\",\"width\":800,\"height\":214,\"caption\":\"Casa de Campo Living\"},\"image\":{\"@id\":\"https:\\\/\\\/casadecampoliving.com\\\/es\\\/#\\\/schema\\\/logo\\\/image\\\/\"},\"sameAs\":[\"https:\\\/\\\/www.facebook.com\\\/casadecampoliving\",\"https:\\\/\\\/x.com\\\/cdcliving\"]},{\"@type\":\"Person\",\"@id\":\"https:\\\/\\\/casadecampoliving.com\\\/es\\\/#\\\/schema\\\/person\\\/7e3b975d584a5f6ac0fd7128a81b0bc5\",\"name\":\"\",\"image\":{\"@type\":\"ImageObject\",\"inLanguage\":\"es\",\"@id\":\"https:\\\/\\\/secure.gravatar.com\\\/avatar\\\/?s=96&d=mm&r=g\",\"url\":\"https:\\\/\\\/secure.gravatar.com\\\/avatar\\\/?s=96&d=mm&r=g\",\"contentUrl\":\"https:\\\/\\\/secure.gravatar.com\\\/avatar\\\/?s=96&d=mm&r=g\"},\"url\":\"https:\\\/\\\/casadecampoliving.com\\\/es\\\/author\\\/ \\\/\"}]}<\/script>\n<!-- \/ Yoast SEO plugin. -->","yoast_head_json":{"title":"Casa de Campo es noticia: BMW Inspirations | Casa de Campo Living","description":"\u00bfQu\u00e9 tienen en comun BMW y Casa de Campo? Lujos, esplendor, estilo, y que ambos tienen la dicha de ser publicados en la ultima edicion de la Revista","robots":{"index":"index","follow":"follow","max-snippet":"max-snippet:-1","max-image-preview":"max-image-preview:large","max-video-preview":"max-video-preview:-1"},"canonical":"https:\/\/casadecampoliving.com\/es\/casa-de-campo-es-noticia-bmw-inspirations\/","og_locale":"es_ES","og_type":"article","og_title":"Casa de Campo es noticia: BMW Inspirations | Casa de Campo Living","og_description":"\u00bfQu\u00e9 tienen en comun BMW y Casa de Campo? Lujos, esplendor, estilo, y que ambos tienen la dicha de ser publicados en la ultima edicion de la Revista","og_url":"https:\/\/casadecampoliving.com\/es\/casa-de-campo-es-noticia-bmw-inspirations\/","og_site_name":"Casa de Campo Living","article_publisher":"https:\/\/www.facebook.com\/casadecampoliving","article_published_time":"2011-11-23T04:00:00+00:00","article_modified_time":"2022-10-21T22:43:19+00:00","og_image":[{"width":650,"height":488,"url":"https:\/\/i0.wp.com\/casadecampoliving.com\/wp-content\/uploads\/2022\/10\/bmw_casa_de_campo-1.jpg?fit=650%2C488&ssl=1","type":"image\/jpeg"}],"twitter_card":"summary_large_image","twitter_creator":"@cdcliving","twitter_site":"@cdcliving","twitter_misc":{"Escrito por":"","Tiempo de lectura":"1 minuto"},"schema":{"@context":"https:\/\/schema.org","@graph":[{"@type":"Article","@id":"https:\/\/casadecampoliving.com\/es\/casa-de-campo-es-noticia-bmw-inspirations\/#article","isPartOf":{"@id":"https:\/\/casadecampoliving.com\/es\/casa-de-campo-es-noticia-bmw-inspirations\/"},"author":{"name":"","@id":"https:\/\/casadecampoliving.com\/es\/#\/schema\/person\/7e3b975d584a5f6ac0fd7128a81b0bc5"},"headline":"Casa de Campo es noticia: BMW Inspirations","datePublished":"2011-11-23T04:00:00+00:00","dateModified":"2022-10-21T22:43:19+00:00","mainEntityOfPage":{"@id":"https:\/\/casadecampoliving.com\/es\/casa-de-campo-es-noticia-bmw-inspirations\/"},"wordCount":296,"publisher":{"@id":"https:\/\/casadecampoliving.com\/es\/#organization"},"image":{"@id":"https:\/\/casadecampoliving.com\/es\/casa-de-campo-es-noticia-bmw-inspirations\/#primaryimage"},"thumbnailUrl":"https:\/\/i0.wp.com\/casadecampoliving.com\/wp-content\/uploads\/2022\/10\/bmw_casa_de_campo-1.jpg?fit=650%2C488&ssl=1","articleSection":["Destacados","Noticias Locales","Resort Casa de Campo"],"inLanguage":"es"},{"@type":"WebPage","@id":"https:\/\/casadecampoliving.com\/es\/casa-de-campo-es-noticia-bmw-inspirations\/","url":"https:\/\/casadecampoliving.com\/es\/casa-de-campo-es-noticia-bmw-inspirations\/","name":"Casa de Campo es noticia: BMW Inspirations | Casa de Campo Living","isPartOf":{"@id":"https:\/\/casadecampoliving.com\/es\/#website"},"primaryImageOfPage":{"@id":"https:\/\/casadecampoliving.com\/es\/casa-de-campo-es-noticia-bmw-inspirations\/#primaryimage"},"image":{"@id":"https:\/\/casadecampoliving.com\/es\/casa-de-campo-es-noticia-bmw-inspirations\/#primaryimage"},"thumbnailUrl":"https:\/\/i0.wp.com\/casadecampoliving.com\/wp-content\/uploads\/2022\/10\/bmw_casa_de_campo-1.jpg?fit=650%2C488&ssl=1","datePublished":"2011-11-23T04:00:00+00:00","dateModified":"2022-10-21T22:43:19+00:00","description":"\u00bfQu\u00e9 tienen en comun BMW y Casa de Campo? Lujos, esplendor, estilo, y que ambos tienen la dicha de ser publicados en la ultima edicion de la Revista","breadcrumb":{"@id":"https:\/\/casadecampoliving.com\/es\/casa-de-campo-es-noticia-bmw-inspirations\/#breadcrumb"},"inLanguage":"es","potentialAction":[{"@type":"ReadAction","target":["https:\/\/casadecampoliving.com\/es\/casa-de-campo-es-noticia-bmw-inspirations\/"]}]},{"@type":"ImageObject","inLanguage":"es","@id":"https:\/\/casadecampoliving.com\/es\/casa-de-campo-es-noticia-bmw-inspirations\/#primaryimage","url":"https:\/\/i0.wp.com\/casadecampoliving.com\/wp-content\/uploads\/2022\/10\/bmw_casa_de_campo-1.jpg?fit=650%2C488&ssl=1","contentUrl":"https:\/\/i0.wp.com\/casadecampoliving.com\/wp-content\/uploads\/2022\/10\/bmw_casa_de_campo-1.jpg?fit=650%2C488&ssl=1","width":650,"height":488,"caption":"bmw casa de campo"},{"@type":"BreadcrumbList","@id":"https:\/\/casadecampoliving.com\/es\/casa-de-campo-es-noticia-bmw-inspirations\/#breadcrumb","itemListElement":[{"@type":"ListItem","position":1,"name":"Home","item":"https:\/\/casadecampoliving.com\/es\/"},{"@type":"ListItem","position":2,"name":"Casa de Campo es noticia: BMW Inspirations"}]},{"@type":"WebSite","@id":"https:\/\/casadecampoliving.com\/es\/#website","url":"https:\/\/casadecampoliving.com\/es\/","name":"Casa de Campo Living","description":"Resort community news and resources.","publisher":{"@id":"https:\/\/casadecampoliving.com\/es\/#organization"},"potentialAction":[{"@type":"SearchAction","target":{"@type":"EntryPoint","urlTemplate":"https:\/\/casadecampoliving.com\/es\/?s={search_term_string}"},"query-input":{"@type":"PropertyValueSpecification","valueRequired":true,"valueName":"search_term_string"}}],"inLanguage":"es"},{"@type":"Organization","@id":"https:\/\/casadecampoliving.com\/es\/#organization","name":"Casa de Campo Living","url":"https:\/\/casadecampoliving.com\/es\/","logo":{"@type":"ImageObject","inLanguage":"es","@id":"https:\/\/casadecampoliving.com\/es\/#\/schema\/logo\/image\/","url":"https:\/\/i0.wp.com\/casadecampoliving.com\/wp-content\/uploads\/2022\/07\/CDCLivingLogo_V1-white-sized.png?fit=800%2C214&ssl=1","contentUrl":"https:\/\/i0.wp.com\/casadecampoliving.com\/wp-content\/uploads\/2022\/07\/CDCLivingLogo_V1-white-sized.png?fit=800%2C214&ssl=1","width":800,"height":214,"caption":"Casa de Campo Living"},"image":{"@id":"https:\/\/casadecampoliving.com\/es\/#\/schema\/logo\/image\/"},"sameAs":["https:\/\/www.facebook.com\/casadecampoliving","https:\/\/x.com\/cdcliving"]},{"@type":"Person","@id":"https:\/\/casadecampoliving.com\/es\/#\/schema\/person\/7e3b975d584a5f6ac0fd7128a81b0bc5","name":"","image":{"@type":"ImageObject","inLanguage":"es","@id":"https:\/\/secure.gravatar.com\/avatar\/?s=96&d=mm&r=g","url":"https:\/\/secure.gravatar.com\/avatar\/?s=96&d=mm&r=g","contentUrl":"https:\/\/secure.gravatar.com\/avatar\/?s=96&d=mm&r=g"},"url":"https:\/\/casadecampoliving.com\/es\/author\/ \/"}]}},"parsely":{"version":"1.1.0","canonical_url":"https:\/\/casadecampoliving.com\/es\/casa-de-campo-es-noticia-bmw-inspirations\/","smart_links":{"inbound":0,"outbound":0},"traffic_boost_suggestions_count":0,"meta":{"@context":"https:\/\/schema.org","@type":"NewsArticle","headline":"Casa de Campo es noticia: BMW Inspirations","url":"http:\/\/casadecampoliving.com\/es\/casa-de-campo-es-noticia-bmw-inspirations\/","mainEntityOfPage":{"@type":"WebPage","@id":"http:\/\/casadecampoliving.com\/es\/casa-de-campo-es-noticia-bmw-inspirations\/"},"thumbnailUrl":"https:\/\/i0.wp.com\/casadecampoliving.com\/wp-content\/uploads\/2022\/10\/bmw_casa_de_campo-1.jpg?resize=150%2C150&ssl=1","image":{"@type":"ImageObject","url":"https:\/\/i0.wp.com\/casadecampoliving.com\/wp-content\/uploads\/2022\/10\/bmw_casa_de_campo-1.jpg?fit=650%2C488&ssl=1"},"articleSection":"Destacados","author":[{"@type":"Person","name":"FB_515917546"}],"creator":["FB_515917546"],"publisher":{"@type":"Organization","name":"Casa de Campo Living","logo":"https:\/\/casadecampoliving.com\/wp-content\/uploads\/2022\/07\/CDCLivingLogo_V1-white-sized.png"},"keywords":[],"dateCreated":"2011-11-23T04:00:00Z","datePublished":"2011-11-23T04:00:00Z","dateModified":"2022-10-21T22:43:19Z"},"rendered":"<meta name=\"parsely-title\" content=\"Casa de Campo es noticia: BMW Inspirations\" \/>\n<meta name=\"parsely-link\" content=\"http:\/\/casadecampoliving.com\/es\/casa-de-campo-es-noticia-bmw-inspirations\/\" \/>\n<meta name=\"parsely-type\" content=\"post\" \/>\n<meta name=\"parsely-image-url\" content=\"https:\/\/i0.wp.com\/casadecampoliving.com\/wp-content\/uploads\/2022\/10\/bmw_casa_de_campo-1.jpg?resize=150%2C150&amp;ssl=1\" \/>\n<meta name=\"parsely-pub-date\" content=\"2011-11-23T04:00:00Z\" \/>\n<meta name=\"parsely-section\" content=\"Destacados\" \/>\n<meta name=\"parsely-author\" content=\"FB_515917546\" \/>","tracker_url":"https:\/\/cdn.parsely.com\/keys\/casadecampoliving.com\/p.js"},"jetpack_publicize_connections":[],"jetpack-related-posts":[{"id":337644,"url":"https:\/\/casadecampoliving.com\/es\/casa-de-campo-es-noticia-la-revista-departures-le-define-como-un-hogar-como-ningun-otro\/","url_meta":{"origin":337459,"position":0},"title":"Casa de Campo es noticia: la revista Departures le define como \u00abun hogar como ning\u00fan otro\u00bb","author":"","date":"13 Dic, 2011","format":false,"excerpt":"La revista Departures, una revista exclusiva para los portadores de la tarjeta American Express Platinium y Centurian, honr\u00f3 a nuestro hermoso resort de Casa de Campo en su m\u00e1s reciente edici\u00f3n de noviembre 2011 con un espacio de 6 p\u00e1ginas en donde llama a Casa de Campo \u201cA home like\u2026","rel":"","context":"En \u00abDestacados\u00bb","block_context":{"text":"Destacados","link":"https:\/\/casadecampoliving.com\/es\/category\/destacados\/"},"img":{"alt_text":"departures magazine casa de campo","src":"https:\/\/i0.wp.com\/casadecampoliving.com\/wp-content\/uploads\/2022\/10\/departures_magazine_casa_de_campo-1.jpg?fit=650%2C430&ssl=1&resize=350%2C200","width":350,"height":200,"srcset":"https:\/\/i0.wp.com\/casadecampoliving.com\/wp-content\/uploads\/2022\/10\/departures_magazine_casa_de_campo-1.jpg?fit=650%2C430&ssl=1&resize=350%2C200 1x, https:\/\/i0.wp.com\/casadecampoliving.com\/wp-content\/uploads\/2022\/10\/departures_magazine_casa_de_campo-1.jpg?fit=650%2C430&ssl=1&resize=525%2C300 1.5x"},"classes":[]},{"id":433460,"url":"https:\/\/casadecampoliving.com\/es\/no-se-pierdan-el-increible-tributo-a-frank-sinatra-para-celebrar-el-40-aniversario-del-anfiteatro-altos-de-chavon\/","url_meta":{"origin":337459,"position":1},"title":"No se pierdan el incre\u00edble tributo a Frank Sinatra para celebrar el 40 aniversario del\u00a0Anfiteatro Altos de Chav\u00f3n","author":"Casa de Campo Living","date":"20 Oct, 2022","format":false,"excerpt":"Siendo uno de los escenarios m\u00e1s emblem\u00e1ticos del pa\u00eds, Casa de Campo Resort\u00ae & Villas celebra las cuatro d\u00e9cadas de aniversario de Altos de Chav\u00f3n con un tributo al gran Frank Sinatra, protagonizado por artistas invitados y una big band tal cual la que acompa\u00f1\u00f3 al artista hace 40 a\u00f1os\u2026","rel":"","context":"En \u00abUncategorized @es\u00bb","block_context":{"text":"Uncategorized @es","link":"https:\/\/casadecampoliving.com\/es\/category\/uncategorized-es\/"},"img":{"alt_text":"","src":"https:\/\/i0.wp.com\/casadecampoliving.com\/wp-content\/uploads\/2022\/10\/Tributo-Frank-Sinatra-Foto-Principal-Amaury-Sanchez-Danilo-Ginebra-Andres-Pichardo-y-Jose-Gabriel-Perez-.jpg?fit=1200%2C873&ssl=1&resize=350%2C200","width":350,"height":200,"srcset":"https:\/\/i0.wp.com\/casadecampoliving.com\/wp-content\/uploads\/2022\/10\/Tributo-Frank-Sinatra-Foto-Principal-Amaury-Sanchez-Danilo-Ginebra-Andres-Pichardo-y-Jose-Gabriel-Perez-.jpg?fit=1200%2C873&ssl=1&resize=350%2C200 1x, https:\/\/i0.wp.com\/casadecampoliving.com\/wp-content\/uploads\/2022\/10\/Tributo-Frank-Sinatra-Foto-Principal-Amaury-Sanchez-Danilo-Ginebra-Andres-Pichardo-y-Jose-Gabriel-Perez-.jpg?fit=1200%2C873&ssl=1&resize=525%2C300 1.5x, https:\/\/i0.wp.com\/casadecampoliving.com\/wp-content\/uploads\/2022\/10\/Tributo-Frank-Sinatra-Foto-Principal-Amaury-Sanchez-Danilo-Ginebra-Andres-Pichardo-y-Jose-Gabriel-Perez-.jpg?fit=1200%2C873&ssl=1&resize=700%2C400 2x, https:\/\/i0.wp.com\/casadecampoliving.com\/wp-content\/uploads\/2022\/10\/Tributo-Frank-Sinatra-Foto-Principal-Amaury-Sanchez-Danilo-Ginebra-Andres-Pichardo-y-Jose-Gabriel-Perez-.jpg?fit=1200%2C873&ssl=1&resize=1050%2C600 3x"},"classes":[]},{"id":320707,"url":"https:\/\/casadecampoliving.com\/casa-de-campo-in-the-news-bmw-inspirations\/","url_meta":{"origin":337459,"position":2},"title":"Casa de Campo in the News: BMW Inspirations","author":"Rebecca Silvestri","date":"23 Nov, 2011","format":false,"excerpt":"What do BMW and Casa de Campo have in common? Luxury, beauty, style \u2013 and they both grace the cover of the latest edition of BMW\u2019s \u201cInspirations\u201d magazine! \u201cBMW Inspirations\u201d is an exclusive magazine distributed in Germany to more than 500,000 BMW owners \u2013 and with Casa de Campo making\u2026","rel":"","context":"En \u00abCasa de Campo Resort\u00bb","block_context":{"text":"Casa de Campo Resort","link":"https:\/\/casadecampoliving.com\/category\/casa-de-campo-resort\/"},"img":{"alt_text":"bmw casa de campo","src":"https:\/\/i0.wp.com\/casadecampoliving.com\/wp-content\/uploads\/2022\/10\/bmw_casa_de_campo-1.jpg?fit=650%2C488&ssl=1&resize=350%2C200","width":350,"height":200,"srcset":"https:\/\/i0.wp.com\/casadecampoliving.com\/wp-content\/uploads\/2022\/10\/bmw_casa_de_campo-1.jpg?fit=650%2C488&ssl=1&resize=350%2C200 1x, https:\/\/i0.wp.com\/casadecampoliving.com\/wp-content\/uploads\/2022\/10\/bmw_casa_de_campo-1.jpg?fit=650%2C488&ssl=1&resize=525%2C300 1.5x"},"classes":[]},{"id":345646,"url":"https:\/\/casadecampoliving.com\/es\/detras-de-escenas-con-car-travel\/","url_meta":{"origin":337459,"position":3},"title":"Eric Lillibridge protagoniza en la serie de televisi\u00f3n \u00abCar and Travel\u00bb","author":"Daniela Medina","date":"19 Oct, 2014","format":false,"excerpt":"\u00a1Mant\u00e9ngase alerta porque muy pronto ver\u00e1 a la Rep\u00fablica Dominicana representada como un destino tur\u00edstico, en toda Latino Am\u00e9rica, gracias al programa de televisi\u00f3n \u201cCar\u00a0and\u00a0Travel\u201d, el cual tiene como objetivo promocionar el turismo\u2026 a bordo de lujosos autom\u00f3viles! As\u00ed que \u00bfqu\u00e9 mejor lugar para filmar un episodio que en nuestro\u2026","rel":"","context":"En \u00abCasa de Campo Living @es\u00bb","block_context":{"text":"Casa de Campo Living @es","link":"https:\/\/casadecampoliving.com\/category\/casa-de-campo-living-es\/"},"img":{"alt_text":"","src":"https:\/\/i0.wp.com\/casadecampoliving.com\/wp-content\/uploads\/2022\/10\/photo-5-e1413222671494-1.jpg?fit=1037%2C704&ssl=1&resize=350%2C200","width":350,"height":200,"srcset":"https:\/\/i0.wp.com\/casadecampoliving.com\/wp-content\/uploads\/2022\/10\/photo-5-e1413222671494-1.jpg?fit=1037%2C704&ssl=1&resize=350%2C200 1x, https:\/\/i0.wp.com\/casadecampoliving.com\/wp-content\/uploads\/2022\/10\/photo-5-e1413222671494-1.jpg?fit=1037%2C704&ssl=1&resize=525%2C300 1.5x, https:\/\/i0.wp.com\/casadecampoliving.com\/wp-content\/uploads\/2022\/10\/photo-5-e1413222671494-1.jpg?fit=1037%2C704&ssl=1&resize=700%2C400 2x"},"classes":[]},{"id":344185,"url":"https:\/\/casadecampoliving.com\/es\/la-10o-casa-de-campo-copa-semana-santa-empieza-hoy\/","url_meta":{"origin":337459,"position":4},"title":"La 10\u00ba Casa de Campo Copa Semana Santa empieza hoy","author":"Perkin Agramonte","date":"10 Abr, 2014","format":false,"excerpt":"En el d\u00eda de hoy, jueves 10 de abril 2014, se marca el inicio de la 10\u00ba Casa de Campo Copa Semana presentada por la revista CasaLife. Este prestigioso torneo, ser\u00e1 jugado en el Club de Polo Casa de Campo uniendo los principales jugadores de la Rep\u00fablica Dominicana en una\u2026","rel":"","context":"En \u00abUncategorized @es\u00bb","block_context":{"text":"Uncategorized @es","link":"https:\/\/casadecampoliving.com\/es\/category\/uncategorized-es\/"},"img":{"alt_text":"Casa de Campo polo","src":"https:\/\/i0.wp.com\/casadecampoliving.com\/wp-content\/uploads\/2022\/10\/casa_de_campo_polo4-2.jpg?fit=650%2C396&ssl=1&resize=350%2C200","width":350,"height":200,"srcset":"https:\/\/i0.wp.com\/casadecampoliving.com\/wp-content\/uploads\/2022\/10\/casa_de_campo_polo4-2.jpg?fit=650%2C396&ssl=1&resize=350%2C200 1x, https:\/\/i0.wp.com\/casadecampoliving.com\/wp-content\/uploads\/2022\/10\/casa_de_campo_polo4-2.jpg?fit=650%2C396&ssl=1&resize=525%2C300 1.5x"},"classes":[]},{"id":353084,"url":"https:\/\/casadecampoliving.com\/es\/ya-en-circulacion-la-revista-casa-de-campo-living-edicion-de-invierno\/","url_meta":{"origin":337459,"position":5},"title":"\u00a1Ya en circulaci\u00f3n la revista Casa de Campo Living edici\u00f3n de invierno!","author":"Casa de Campo Living","date":"28 Dic, 2018","format":false,"excerpt":"La edici\u00f3n m\u00e1s reciente de la revista-gu\u00eda Casa de Campo Living est\u00e1 en circulaci\u00f3n y se entregar\u00e1 a las villas de Casa de Campo en los pr\u00f3ximos d\u00edas. Han pasado dos a\u00f1os desde que decidimos hacer un cambio a nuestra revista TO DO Casa de Campo\u00a0y reflejarla un poco m\u00e1s\u2026","rel":"","context":"En \u00abAltos de Chavon @es\u00bb","block_context":{"text":"Altos de Chavon @es","link":"https:\/\/casadecampoliving.com\/category\/altos-de-chavon-es\/"},"img":{"alt_text":"","src":"https:\/\/i0.wp.com\/casadecampoliving.com\/wp-content\/uploads\/2018\/12\/Rectangle_casadcampo-winter-2018_martina.jpg?resize=350%2C200&ssl=1","width":350,"height":200,"srcset":"https:\/\/i0.wp.com\/casadecampoliving.com\/wp-content\/uploads\/2018\/12\/Rectangle_casadcampo-winter-2018_martina.jpg?resize=350%2C200&ssl=1 1x, https:\/\/i0.wp.com\/casadecampoliving.com\/wp-content\/uploads\/2018\/12\/Rectangle_casadcampo-winter-2018_martina.jpg?resize=525%2C300&ssl=1 1.5x, https:\/\/i0.wp.com\/casadecampoliving.com\/wp-content\/uploads\/2018\/12\/Rectangle_casadcampo-winter-2018_martina.jpg?resize=700%2C400&ssl=1 2x"},"classes":[]}],"jetpack_sharing_enabled":true,"jetpack_featured_media_url":"https:\/\/i0.wp.com\/casadecampoliving.com\/wp-content\/uploads\/2022\/10\/bmw_casa_de_campo-1.jpg?fit=650%2C488&ssl=1","_links":{"self":[{"href":"https:\/\/casadecampoliving.com\/es\/wp-json\/wp\/v2\/posts\/337459","targetHints":{"allow":["GET"]}}],"collection":[{"href":"https:\/\/casadecampoliving.com\/es\/wp-json\/wp\/v2\/posts"}],"about":[{"href":"https:\/\/casadecampoliving.com\/es\/wp-json\/wp\/v2\/types\/post"}],"author":[{"embeddable":true,"href":"https:\/\/casadecampoliving.com\/es\/wp-json\/wp\/v2\/users\/21"}],"replies":[{"embeddable":true,"href":"https:\/\/casadecampoliving.com\/es\/wp-json\/wp\/v2\/comments?post=337459"}],"version-history":[{"count":1,"href":"https:\/\/casadecampoliving.com\/es\/wp-json\/wp\/v2\/posts\/337459\/revisions"}],"predecessor-version":[{"id":337460,"href":"https:\/\/casadecampoliving.com\/es\/wp-json\/wp\/v2\/posts\/337459\/revisions\/337460"}],"wp:featuredmedia":[{"embeddable":true,"href":"https:\/\/casadecampoliving.com\/es\/wp-json\/wp\/v2\/media\/220635"}],"wp:attachment":[{"href":"https:\/\/casadecampoliving.com\/es\/wp-json\/wp\/v2\/media?parent=337459"}],"wp:term":[{"taxonomy":"category","embeddable":true,"href":"https:\/\/casadecampoliving.com\/es\/wp-json\/wp\/v2\/categories?post=337459"},{"taxonomy":"post_tag","embeddable":true,"href":"https:\/\/casadecampoliving.com\/es\/wp-json\/wp\/v2\/tags?post=337459"},{"taxonomy":"newspack_spnsrs_tax","embeddable":true,"href":"https:\/\/casadecampoliving.com\/es\/wp-json\/wp\/v2\/newspack_spnsrs_tax?post=337459"}],"curies":[{"name":"wp","href":"https:\/\/api.w.org\/{rel}","templated":true}]}}