{"id":337445,"date":"2010-11-29T00:00:00","date_gmt":"2010-11-29T04:00:00","guid":{"rendered":"https:\/\/casadecampoliving.com\/el-colegio-new-horizons-iniciara-docencia-para-el-ano-escolar-2011-2012\/"},"modified":"2022-10-21T18:42:38","modified_gmt":"2022-10-21T22:42:38","slug":"el-colegio-new-horizons-iniciara-docencia-para-el-ano-escolar-2011-2012","status":"publish","type":"post","link":"https:\/\/casadecampoliving.com\/es\/el-colegio-new-horizons-iniciara-docencia-para-el-ano-escolar-2011-2012\/","title":{"rendered":"El Colegio New Horizons iniciar\u00e1 docencia para el a\u00f1o escolar 2011-2012"},"content":{"rendered":"<div class=\"wp-block-image\">\n<figure class=\"aligncenter is-resized\"><a href=\"https:\/\/i0.wp.com\/casadecampoliving.com\/wp-content\/uploads\/2022\/10\/la_estancia_school.jpg?ssl=1\"><img loading=\"lazy\" decoding=\"async\" src=\"https:\/\/i0.wp.com\/casadecampoliving.com\/wp-content\/uploads\/2022\/10\/la_estancia_school.jpg?resize=563%2C340&amp;ssl=1\" alt=\"\" class=\"wp-image-23195\" title=\"la_estancia_school\" height=\"340\" width=\"563\"\/><\/a><\/figure>\n<\/div>\n\n\n<p>El Colegio New Horizons iniciar\u00e1 docencia para el a\u00f1o escolar 2011-2012 y ofrecer\u00e1 desde el nivel Toddlers (2 a\u00f1os) hasta 4to de primaria, aumentando un nivel todos los a\u00f1os.<\/p>\n\n\n\n<!--more-->\n\n\n\n<p>El nuevo centro New Horizons, La Estancia, en su etapa inicial contar\u00e1 con aulas climatizadas, con c\u00e1maras web integradas e instalaci\u00f3n de unidades PC y multimedia. Adem\u00e1s, laboratorios de c\u00f3mputos con proyector y m\u00e1quinas con multimedia integrada, laboratorios de ciencias (f\u00edsica y qu\u00edmica y biolog\u00eda), sal\u00f3n multiusos, \u00e1reas de recreaci\u00f3n por grupos de edad, canchas de bastketball, volleyball y f\u00fatbol-soccer, gimnasio (gimnasia r\u00edtmica y psicomotricidad) biblioteca, consultorio m\u00e9dico, sal\u00f3n audiovisual, sal\u00f3n de m\u00fasica, y cafeter\u00eda-restaurant.<\/p>\n\n\n\n<p>Los interesados en informaci\u00f3n sobre el proceso de admisiones deben contactar a la oficina de New Horizons, Santo Domingo en el tel\u00e9fono 809.533-4915 ext 215 y 230 o venir a las oficinas del Colegio en La Estancia que abrir\u00e1n proximamente.<\/p>\n\n\n\n<p>El Colegio Biling\u00fce New Horizons, fundado en 1977, ofrece un sistema dual de ingl\u00e9s y espa\u00f1ol para todos sus niveles y es el primer Colegio de Rep\u00fablica Dominicana acreditado por New England Association of School and Colleges. Dicha acreditaci\u00f3n est\u00e1 basada en la excelencia acad\u00e9mica y su gran compromiso con altos est\u00e1ndares de calidad. Adem\u00e1s, New Horizons es el centro educativo biling\u00fce con mayor presencia en Rep\u00fablica Dominicana, ya que cuenta con planteles en Santo Domingo y Santiago, y m\u00e1s de mil egresados.<\/p>\n","protected":false},"excerpt":{"rendered":"<p>El Colegio New Horizons iniciar\u00e1 docencia para el a\u00f1o escolar 2011-2012 y ofrecer\u00e1 desde el nivel Toddlers (2 a\u00f1os) hasta 4to de primaria, aumentando un nivel todos los a\u00f1os.<\/p>\n","protected":false},"author":31,"featured_media":265040,"comment_status":"closed","ping_status":"closed","sticky":false,"template":"","format":"standard","meta":{"newspack_ads_suppress_ads":false,"newspack_popups_has_disabled_popups":false,"newspack_sponsor_sponsorship_scope":"","newspack_sponsor_native_byline_display":"inherit","newspack_sponsor_native_category_display":"inherit","newspack_sponsor_underwriter_style":"inherit","newspack_sponsor_underwriter_placement":"inherit","_newspack_byline_active":false,"_newspack_byline":"","newspack_hide_updated_date":false,"newspack_show_updated_date":false,"newspack_content_restriction_is_exempt":false,"newspack_featured_image_position":"","newspack_post_subtitle":"","newspack_article_summary_title":"Overview:","newspack_article_summary":"","_jetpack_memberships_contains_paid_content":false,"footnotes":"","jetpack_publicize_message":"","jetpack_publicize_feature_enabled":true,"jetpack_social_post_already_shared":false,"jetpack_social_options":{"image_generator_settings":{"template":"highway","default_image_id":0,"font":"","enabled":false},"version":2},"_wpas_customize_per_network":false},"categories":[14631,2522,2506,14625,14627],"tags":[2871,199],"newspack_spnsrs_tax":[],"class_list":["post-337445","post","type-post","status-publish","format-standard","has-post-thumbnail","hentry","category-estilo-de-vida","category-eventos-es","category-mas-alla-de-casa-es","category-noticias-locales","category-proximamente","tag-escuela","tag-la-estancia","entry"],"yoast_head":"<!-- This site is optimized with the Yoast SEO plugin v27.4 - https:\/\/yoast.com\/product\/yoast-seo-wordpress\/ -->\n<title>El Colegio New Horizons iniciar\u00e1 docencia para el a\u00f1o escolar 2011-2012 | Casa de Campo Living<\/title>\n<meta name=\"description\" content=\"El Colegio New Horizons iniciar\u00e1 docencia para el a\u00f1o escolar 2011-2012 y ofrecer\u00e1 desde el nivel Toddlers (2 a\u00f1os) hasta 4to de primaria, aumentando un\" \/>\n<meta name=\"robots\" content=\"index, follow, max-snippet:-1, max-image-preview:large, max-video-preview:-1\" \/>\n<link rel=\"canonical\" href=\"https:\/\/casadecampoliving.com\/es\/el-colegio-new-horizons-iniciara-docencia-para-el-ano-escolar-2011-2012\/\" \/>\n<meta property=\"og:locale\" content=\"es_ES\" \/>\n<meta property=\"og:type\" content=\"article\" \/>\n<meta property=\"og:title\" content=\"El Colegio New Horizons iniciar\u00e1 docencia para el a\u00f1o escolar 2011-2012 | Casa de Campo Living\" \/>\n<meta property=\"og:description\" content=\"El Colegio New Horizons iniciar\u00e1 docencia para el a\u00f1o escolar 2011-2012 y ofrecer\u00e1 desde el nivel Toddlers (2 a\u00f1os) hasta 4to de primaria, aumentando un\" \/>\n<meta property=\"og:url\" content=\"https:\/\/casadecampoliving.com\/es\/el-colegio-new-horizons-iniciara-docencia-para-el-ano-escolar-2011-2012\/\" \/>\n<meta property=\"og:site_name\" content=\"Casa de Campo Living\" \/>\n<meta property=\"article:publisher\" content=\"https:\/\/www.facebook.com\/casadecampoliving\" \/>\n<meta property=\"article:published_time\" content=\"2010-11-29T04:00:00+00:00\" \/>\n<meta property=\"article:modified_time\" content=\"2022-10-21T22:42:38+00:00\" \/>\n<meta property=\"og:image\" content=\"https:\/\/i0.wp.com\/casadecampoliving.com\/wp-content\/uploads\/2022\/10\/la_estancia_school-1.jpg?fit=563%2C340&ssl=1\" \/>\n\t<meta property=\"og:image:width\" content=\"563\" \/>\n\t<meta property=\"og:image:height\" content=\"340\" \/>\n\t<meta property=\"og:image:type\" content=\"image\/jpeg\" \/>\n<meta name=\"author\" content=\"Rebecca Silvestri\" \/>\n<meta name=\"twitter:card\" content=\"summary_large_image\" \/>\n<meta name=\"twitter:creator\" content=\"@cdcliving\" \/>\n<meta name=\"twitter:site\" content=\"@cdcliving\" \/>\n<meta name=\"twitter:label1\" content=\"Escrito por\" \/>\n\t<meta name=\"twitter:data1\" content=\"Rebecca Silvestri\" \/>\n\t<meta name=\"twitter:label2\" content=\"Tiempo de lectura\" \/>\n\t<meta name=\"twitter:data2\" content=\"1 minuto\" \/>\n<script type=\"application\/ld+json\" class=\"yoast-schema-graph\">{\"@context\":\"https:\\\/\\\/schema.org\",\"@graph\":[{\"@type\":\"Article\",\"@id\":\"https:\\\/\\\/casadecampoliving.com\\\/es\\\/el-colegio-new-horizons-iniciara-docencia-para-el-ano-escolar-2011-2012\\\/#article\",\"isPartOf\":{\"@id\":\"https:\\\/\\\/casadecampoliving.com\\\/es\\\/el-colegio-new-horizons-iniciara-docencia-para-el-ano-escolar-2011-2012\\\/\"},\"author\":{\"name\":\"Rebecca Silvestri\",\"@id\":\"https:\\\/\\\/casadecampoliving.com\\\/es\\\/#\\\/schema\\\/person\\\/2b2208f3175fa8761e25b272e096d718\"},\"headline\":\"El Colegio New Horizons iniciar\u00e1 docencia para el a\u00f1o escolar 2011-2012\",\"datePublished\":\"2010-11-29T04:00:00+00:00\",\"dateModified\":\"2022-10-21T22:42:38+00:00\",\"mainEntityOfPage\":{\"@id\":\"https:\\\/\\\/casadecampoliving.com\\\/es\\\/el-colegio-new-horizons-iniciara-docencia-para-el-ano-escolar-2011-2012\\\/\"},\"wordCount\":269,\"publisher\":{\"@id\":\"https:\\\/\\\/casadecampoliving.com\\\/es\\\/#organization\"},\"image\":{\"@id\":\"https:\\\/\\\/casadecampoliving.com\\\/es\\\/el-colegio-new-horizons-iniciara-docencia-para-el-ano-escolar-2011-2012\\\/#primaryimage\"},\"thumbnailUrl\":\"https:\\\/\\\/i0.wp.com\\\/casadecampoliving.com\\\/wp-content\\\/uploads\\\/2022\\\/10\\\/la_estancia_school-1.jpg?fit=563%2C340&ssl=1\",\"keywords\":[\"escuela\",\"La Estancia\"],\"articleSection\":[\"Estilo de Vida\",\"Eventos\",\"M\u00e1s all\u00e1 de Casa\",\"Noticias Locales\",\"Proximamente\"],\"inLanguage\":\"es\"},{\"@type\":\"WebPage\",\"@id\":\"https:\\\/\\\/casadecampoliving.com\\\/es\\\/el-colegio-new-horizons-iniciara-docencia-para-el-ano-escolar-2011-2012\\\/\",\"url\":\"https:\\\/\\\/casadecampoliving.com\\\/es\\\/el-colegio-new-horizons-iniciara-docencia-para-el-ano-escolar-2011-2012\\\/\",\"name\":\"El Colegio New Horizons iniciar\u00e1 docencia para el a\u00f1o escolar 2011-2012 | Casa de Campo Living\",\"isPartOf\":{\"@id\":\"https:\\\/\\\/casadecampoliving.com\\\/es\\\/#website\"},\"primaryImageOfPage\":{\"@id\":\"https:\\\/\\\/casadecampoliving.com\\\/es\\\/el-colegio-new-horizons-iniciara-docencia-para-el-ano-escolar-2011-2012\\\/#primaryimage\"},\"image\":{\"@id\":\"https:\\\/\\\/casadecampoliving.com\\\/es\\\/el-colegio-new-horizons-iniciara-docencia-para-el-ano-escolar-2011-2012\\\/#primaryimage\"},\"thumbnailUrl\":\"https:\\\/\\\/i0.wp.com\\\/casadecampoliving.com\\\/wp-content\\\/uploads\\\/2022\\\/10\\\/la_estancia_school-1.jpg?fit=563%2C340&ssl=1\",\"datePublished\":\"2010-11-29T04:00:00+00:00\",\"dateModified\":\"2022-10-21T22:42:38+00:00\",\"description\":\"El Colegio New Horizons iniciar\u00e1 docencia para el a\u00f1o escolar 2011-2012 y ofrecer\u00e1 desde el nivel Toddlers (2 a\u00f1os) hasta 4to de primaria, aumentando un\",\"breadcrumb\":{\"@id\":\"https:\\\/\\\/casadecampoliving.com\\\/es\\\/el-colegio-new-horizons-iniciara-docencia-para-el-ano-escolar-2011-2012\\\/#breadcrumb\"},\"inLanguage\":\"es\",\"potentialAction\":[{\"@type\":\"ReadAction\",\"target\":[\"https:\\\/\\\/casadecampoliving.com\\\/es\\\/el-colegio-new-horizons-iniciara-docencia-para-el-ano-escolar-2011-2012\\\/\"]}]},{\"@type\":\"ImageObject\",\"inLanguage\":\"es\",\"@id\":\"https:\\\/\\\/casadecampoliving.com\\\/es\\\/el-colegio-new-horizons-iniciara-docencia-para-el-ano-escolar-2011-2012\\\/#primaryimage\",\"url\":\"https:\\\/\\\/i0.wp.com\\\/casadecampoliving.com\\\/wp-content\\\/uploads\\\/2022\\\/10\\\/la_estancia_school-1.jpg?fit=563%2C340&ssl=1\",\"contentUrl\":\"https:\\\/\\\/i0.wp.com\\\/casadecampoliving.com\\\/wp-content\\\/uploads\\\/2022\\\/10\\\/la_estancia_school-1.jpg?fit=563%2C340&ssl=1\",\"width\":563,\"height\":340},{\"@type\":\"BreadcrumbList\",\"@id\":\"https:\\\/\\\/casadecampoliving.com\\\/es\\\/el-colegio-new-horizons-iniciara-docencia-para-el-ano-escolar-2011-2012\\\/#breadcrumb\",\"itemListElement\":[{\"@type\":\"ListItem\",\"position\":1,\"name\":\"Home\",\"item\":\"https:\\\/\\\/casadecampoliving.com\\\/es\\\/\"},{\"@type\":\"ListItem\",\"position\":2,\"name\":\"El Colegio New Horizons iniciar\u00e1 docencia para el a\u00f1o escolar 2011-2012\"}]},{\"@type\":\"WebSite\",\"@id\":\"https:\\\/\\\/casadecampoliving.com\\\/es\\\/#website\",\"url\":\"https:\\\/\\\/casadecampoliving.com\\\/es\\\/\",\"name\":\"Casa de Campo Living\",\"description\":\"Resort community news and resources.\",\"publisher\":{\"@id\":\"https:\\\/\\\/casadecampoliving.com\\\/es\\\/#organization\"},\"potentialAction\":[{\"@type\":\"SearchAction\",\"target\":{\"@type\":\"EntryPoint\",\"urlTemplate\":\"https:\\\/\\\/casadecampoliving.com\\\/es\\\/?s={search_term_string}\"},\"query-input\":{\"@type\":\"PropertyValueSpecification\",\"valueRequired\":true,\"valueName\":\"search_term_string\"}}],\"inLanguage\":\"es\"},{\"@type\":\"Organization\",\"@id\":\"https:\\\/\\\/casadecampoliving.com\\\/es\\\/#organization\",\"name\":\"Casa de Campo Living\",\"url\":\"https:\\\/\\\/casadecampoliving.com\\\/es\\\/\",\"logo\":{\"@type\":\"ImageObject\",\"inLanguage\":\"es\",\"@id\":\"https:\\\/\\\/casadecampoliving.com\\\/es\\\/#\\\/schema\\\/logo\\\/image\\\/\",\"url\":\"https:\\\/\\\/i0.wp.com\\\/casadecampoliving.com\\\/wp-content\\\/uploads\\\/2022\\\/07\\\/CDCLivingLogo_V1-white-sized.png?fit=800%2C214&ssl=1\",\"contentUrl\":\"https:\\\/\\\/i0.wp.com\\\/casadecampoliving.com\\\/wp-content\\\/uploads\\\/2022\\\/07\\\/CDCLivingLogo_V1-white-sized.png?fit=800%2C214&ssl=1\",\"width\":800,\"height\":214,\"caption\":\"Casa de Campo Living\"},\"image\":{\"@id\":\"https:\\\/\\\/casadecampoliving.com\\\/es\\\/#\\\/schema\\\/logo\\\/image\\\/\"},\"sameAs\":[\"https:\\\/\\\/www.facebook.com\\\/casadecampoliving\",\"https:\\\/\\\/x.com\\\/cdcliving\"]},{\"@type\":\"Person\",\"@id\":\"https:\\\/\\\/casadecampoliving.com\\\/es\\\/#\\\/schema\\\/person\\\/2b2208f3175fa8761e25b272e096d718\",\"name\":\"Rebecca Silvestri\",\"image\":{\"@type\":\"ImageObject\",\"inLanguage\":\"es\",\"@id\":\"https:\\\/\\\/secure.gravatar.com\\\/avatar\\\/2d937fd6c1769fb718dbf8dce9e82bf5f89e97bd028f9b3ea10b931dc7df95c6?s=96&d=mm&r=g\",\"url\":\"https:\\\/\\\/secure.gravatar.com\\\/avatar\\\/2d937fd6c1769fb718dbf8dce9e82bf5f89e97bd028f9b3ea10b931dc7df95c6?s=96&d=mm&r=g\",\"contentUrl\":\"https:\\\/\\\/secure.gravatar.com\\\/avatar\\\/2d937fd6c1769fb718dbf8dce9e82bf5f89e97bd028f9b3ea10b931dc7df95c6?s=96&d=mm&r=g\",\"caption\":\"Rebecca Silvestri\"},\"url\":\"https:\\\/\\\/casadecampoliving.com\\\/es\\\/author\\\/madamehuge\\\/\"}]}<\/script>\n<!-- \/ Yoast SEO plugin. -->","yoast_head_json":{"title":"El Colegio New Horizons iniciar\u00e1 docencia para el a\u00f1o escolar 2011-2012 | Casa de Campo Living","description":"El Colegio New Horizons iniciar\u00e1 docencia para el a\u00f1o escolar 2011-2012 y ofrecer\u00e1 desde el nivel Toddlers (2 a\u00f1os) hasta 4to de primaria, aumentando un","robots":{"index":"index","follow":"follow","max-snippet":"max-snippet:-1","max-image-preview":"max-image-preview:large","max-video-preview":"max-video-preview:-1"},"canonical":"https:\/\/casadecampoliving.com\/es\/el-colegio-new-horizons-iniciara-docencia-para-el-ano-escolar-2011-2012\/","og_locale":"es_ES","og_type":"article","og_title":"El Colegio New Horizons iniciar\u00e1 docencia para el a\u00f1o escolar 2011-2012 | Casa de Campo Living","og_description":"El Colegio New Horizons iniciar\u00e1 docencia para el a\u00f1o escolar 2011-2012 y ofrecer\u00e1 desde el nivel Toddlers (2 a\u00f1os) hasta 4to de primaria, aumentando un","og_url":"https:\/\/casadecampoliving.com\/es\/el-colegio-new-horizons-iniciara-docencia-para-el-ano-escolar-2011-2012\/","og_site_name":"Casa de Campo Living","article_publisher":"https:\/\/www.facebook.com\/casadecampoliving","article_published_time":"2010-11-29T04:00:00+00:00","article_modified_time":"2022-10-21T22:42:38+00:00","og_image":[{"width":563,"height":340,"url":"https:\/\/i0.wp.com\/casadecampoliving.com\/wp-content\/uploads\/2022\/10\/la_estancia_school-1.jpg?fit=563%2C340&ssl=1","type":"image\/jpeg"}],"author":"Rebecca Silvestri","twitter_card":"summary_large_image","twitter_creator":"@cdcliving","twitter_site":"@cdcliving","twitter_misc":{"Escrito por":"Rebecca Silvestri","Tiempo de lectura":"1 minuto"},"schema":{"@context":"https:\/\/schema.org","@graph":[{"@type":"Article","@id":"https:\/\/casadecampoliving.com\/es\/el-colegio-new-horizons-iniciara-docencia-para-el-ano-escolar-2011-2012\/#article","isPartOf":{"@id":"https:\/\/casadecampoliving.com\/es\/el-colegio-new-horizons-iniciara-docencia-para-el-ano-escolar-2011-2012\/"},"author":{"name":"Rebecca Silvestri","@id":"https:\/\/casadecampoliving.com\/es\/#\/schema\/person\/2b2208f3175fa8761e25b272e096d718"},"headline":"El Colegio New Horizons iniciar\u00e1 docencia para el a\u00f1o escolar 2011-2012","datePublished":"2010-11-29T04:00:00+00:00","dateModified":"2022-10-21T22:42:38+00:00","mainEntityOfPage":{"@id":"https:\/\/casadecampoliving.com\/es\/el-colegio-new-horizons-iniciara-docencia-para-el-ano-escolar-2011-2012\/"},"wordCount":269,"publisher":{"@id":"https:\/\/casadecampoliving.com\/es\/#organization"},"image":{"@id":"https:\/\/casadecampoliving.com\/es\/el-colegio-new-horizons-iniciara-docencia-para-el-ano-escolar-2011-2012\/#primaryimage"},"thumbnailUrl":"https:\/\/i0.wp.com\/casadecampoliving.com\/wp-content\/uploads\/2022\/10\/la_estancia_school-1.jpg?fit=563%2C340&ssl=1","keywords":["escuela","La Estancia"],"articleSection":["Estilo de Vida","Eventos","M\u00e1s all\u00e1 de Casa","Noticias Locales","Proximamente"],"inLanguage":"es"},{"@type":"WebPage","@id":"https:\/\/casadecampoliving.com\/es\/el-colegio-new-horizons-iniciara-docencia-para-el-ano-escolar-2011-2012\/","url":"https:\/\/casadecampoliving.com\/es\/el-colegio-new-horizons-iniciara-docencia-para-el-ano-escolar-2011-2012\/","name":"El Colegio New Horizons iniciar\u00e1 docencia para el a\u00f1o escolar 2011-2012 | Casa de Campo Living","isPartOf":{"@id":"https:\/\/casadecampoliving.com\/es\/#website"},"primaryImageOfPage":{"@id":"https:\/\/casadecampoliving.com\/es\/el-colegio-new-horizons-iniciara-docencia-para-el-ano-escolar-2011-2012\/#primaryimage"},"image":{"@id":"https:\/\/casadecampoliving.com\/es\/el-colegio-new-horizons-iniciara-docencia-para-el-ano-escolar-2011-2012\/#primaryimage"},"thumbnailUrl":"https:\/\/i0.wp.com\/casadecampoliving.com\/wp-content\/uploads\/2022\/10\/la_estancia_school-1.jpg?fit=563%2C340&ssl=1","datePublished":"2010-11-29T04:00:00+00:00","dateModified":"2022-10-21T22:42:38+00:00","description":"El Colegio New Horizons iniciar\u00e1 docencia para el a\u00f1o escolar 2011-2012 y ofrecer\u00e1 desde el nivel Toddlers (2 a\u00f1os) hasta 4to de primaria, aumentando un","breadcrumb":{"@id":"https:\/\/casadecampoliving.com\/es\/el-colegio-new-horizons-iniciara-docencia-para-el-ano-escolar-2011-2012\/#breadcrumb"},"inLanguage":"es","potentialAction":[{"@type":"ReadAction","target":["https:\/\/casadecampoliving.com\/es\/el-colegio-new-horizons-iniciara-docencia-para-el-ano-escolar-2011-2012\/"]}]},{"@type":"ImageObject","inLanguage":"es","@id":"https:\/\/casadecampoliving.com\/es\/el-colegio-new-horizons-iniciara-docencia-para-el-ano-escolar-2011-2012\/#primaryimage","url":"https:\/\/i0.wp.com\/casadecampoliving.com\/wp-content\/uploads\/2022\/10\/la_estancia_school-1.jpg?fit=563%2C340&ssl=1","contentUrl":"https:\/\/i0.wp.com\/casadecampoliving.com\/wp-content\/uploads\/2022\/10\/la_estancia_school-1.jpg?fit=563%2C340&ssl=1","width":563,"height":340},{"@type":"BreadcrumbList","@id":"https:\/\/casadecampoliving.com\/es\/el-colegio-new-horizons-iniciara-docencia-para-el-ano-escolar-2011-2012\/#breadcrumb","itemListElement":[{"@type":"ListItem","position":1,"name":"Home","item":"https:\/\/casadecampoliving.com\/es\/"},{"@type":"ListItem","position":2,"name":"El Colegio New Horizons iniciar\u00e1 docencia para el a\u00f1o escolar 2011-2012"}]},{"@type":"WebSite","@id":"https:\/\/casadecampoliving.com\/es\/#website","url":"https:\/\/casadecampoliving.com\/es\/","name":"Casa de Campo Living","description":"Resort community news and resources.","publisher":{"@id":"https:\/\/casadecampoliving.com\/es\/#organization"},"potentialAction":[{"@type":"SearchAction","target":{"@type":"EntryPoint","urlTemplate":"https:\/\/casadecampoliving.com\/es\/?s={search_term_string}"},"query-input":{"@type":"PropertyValueSpecification","valueRequired":true,"valueName":"search_term_string"}}],"inLanguage":"es"},{"@type":"Organization","@id":"https:\/\/casadecampoliving.com\/es\/#organization","name":"Casa de Campo Living","url":"https:\/\/casadecampoliving.com\/es\/","logo":{"@type":"ImageObject","inLanguage":"es","@id":"https:\/\/casadecampoliving.com\/es\/#\/schema\/logo\/image\/","url":"https:\/\/i0.wp.com\/casadecampoliving.com\/wp-content\/uploads\/2022\/07\/CDCLivingLogo_V1-white-sized.png?fit=800%2C214&ssl=1","contentUrl":"https:\/\/i0.wp.com\/casadecampoliving.com\/wp-content\/uploads\/2022\/07\/CDCLivingLogo_V1-white-sized.png?fit=800%2C214&ssl=1","width":800,"height":214,"caption":"Casa de Campo Living"},"image":{"@id":"https:\/\/casadecampoliving.com\/es\/#\/schema\/logo\/image\/"},"sameAs":["https:\/\/www.facebook.com\/casadecampoliving","https:\/\/x.com\/cdcliving"]},{"@type":"Person","@id":"https:\/\/casadecampoliving.com\/es\/#\/schema\/person\/2b2208f3175fa8761e25b272e096d718","name":"Rebecca Silvestri","image":{"@type":"ImageObject","inLanguage":"es","@id":"https:\/\/secure.gravatar.com\/avatar\/2d937fd6c1769fb718dbf8dce9e82bf5f89e97bd028f9b3ea10b931dc7df95c6?s=96&d=mm&r=g","url":"https:\/\/secure.gravatar.com\/avatar\/2d937fd6c1769fb718dbf8dce9e82bf5f89e97bd028f9b3ea10b931dc7df95c6?s=96&d=mm&r=g","contentUrl":"https:\/\/secure.gravatar.com\/avatar\/2d937fd6c1769fb718dbf8dce9e82bf5f89e97bd028f9b3ea10b931dc7df95c6?s=96&d=mm&r=g","caption":"Rebecca Silvestri"},"url":"https:\/\/casadecampoliving.com\/es\/author\/madamehuge\/"}]}},"parsely":{"version":"1.1.0","canonical_url":"https:\/\/casadecampoliving.com\/es\/el-colegio-new-horizons-iniciara-docencia-para-el-ano-escolar-2011-2012\/","smart_links":{"inbound":0,"outbound":0},"traffic_boost_suggestions_count":0,"meta":{"@context":"https:\/\/schema.org","@type":"NewsArticle","headline":"El Colegio New Horizons iniciar\u00e1 docencia para el a\u00f1o escolar 2011-2012","url":"http:\/\/casadecampoliving.com\/es\/el-colegio-new-horizons-iniciara-docencia-para-el-ano-escolar-2011-2012\/","mainEntityOfPage":{"@type":"WebPage","@id":"http:\/\/casadecampoliving.com\/es\/el-colegio-new-horizons-iniciara-docencia-para-el-ano-escolar-2011-2012\/"},"thumbnailUrl":"https:\/\/i0.wp.com\/casadecampoliving.com\/wp-content\/uploads\/2022\/10\/la_estancia_school-1.jpg?resize=150%2C150&ssl=1","image":{"@type":"ImageObject","url":"https:\/\/i0.wp.com\/casadecampoliving.com\/wp-content\/uploads\/2022\/10\/la_estancia_school-1.jpg?fit=563%2C340&ssl=1"},"articleSection":"Estilo de Vida","author":[{"@type":"Person","name":"Rebecca Silvestri"}],"creator":["Rebecca Silvestri"],"publisher":{"@type":"Organization","name":"Casa de Campo Living","logo":"https:\/\/casadecampoliving.com\/wp-content\/uploads\/2022\/07\/CDCLivingLogo_V1-white-sized.png"},"keywords":["escuela","la estancia"],"dateCreated":"2010-11-29T04:00:00Z","datePublished":"2010-11-29T04:00:00Z","dateModified":"2022-10-21T22:42:38Z"},"rendered":"<script type=\"application\/ld+json\" class=\"wp-parsely-metadata\">{\"@context\":\"https:\\\/\\\/schema.org\",\"@type\":\"NewsArticle\",\"headline\":\"El Colegio New Horizons iniciar\\u00e1 docencia para el a\\u00f1o escolar 2011-2012\",\"url\":\"http:\\\/\\\/casadecampoliving.com\\\/es\\\/el-colegio-new-horizons-iniciara-docencia-para-el-ano-escolar-2011-2012\\\/\",\"mainEntityOfPage\":{\"@type\":\"WebPage\",\"@id\":\"http:\\\/\\\/casadecampoliving.com\\\/es\\\/el-colegio-new-horizons-iniciara-docencia-para-el-ano-escolar-2011-2012\\\/\"},\"thumbnailUrl\":\"https:\\\/\\\/i0.wp.com\\\/casadecampoliving.com\\\/wp-content\\\/uploads\\\/2022\\\/10\\\/la_estancia_school-1.jpg?resize=150%2C150&ssl=1\",\"image\":{\"@type\":\"ImageObject\",\"url\":\"https:\\\/\\\/i0.wp.com\\\/casadecampoliving.com\\\/wp-content\\\/uploads\\\/2022\\\/10\\\/la_estancia_school-1.jpg?fit=563%2C340&ssl=1\"},\"articleSection\":\"Estilo de Vida\",\"author\":[{\"@type\":\"Person\",\"name\":\"Rebecca Silvestri\"}],\"creator\":[\"Rebecca Silvestri\"],\"publisher\":{\"@type\":\"Organization\",\"name\":\"Casa de Campo Living\",\"logo\":\"https:\\\/\\\/casadecampoliving.com\\\/wp-content\\\/uploads\\\/2022\\\/07\\\/CDCLivingLogo_V1-white-sized.png\"},\"keywords\":[\"escuela\",\"la estancia\"],\"dateCreated\":\"2010-11-29T04:00:00Z\",\"datePublished\":\"2010-11-29T04:00:00Z\",\"dateModified\":\"2022-10-21T22:42:38Z\"}<\/script>","tracker_url":"https:\/\/cdn.parsely.com\/keys\/casadecampoliving.com\/p.js"},"jetpack_publicize_connections":[],"jetpack_featured_media_url":"https:\/\/i0.wp.com\/casadecampoliving.com\/wp-content\/uploads\/2022\/10\/la_estancia_school-1.jpg?fit=563%2C340&ssl=1","jetpack-related-posts":[{"id":336919,"url":"https:\/\/casadecampoliving.com\/es\/el-colegio-bilingue-new-horizons-la-estancia-anuncia-inicio-de-inscripciones\/","url_meta":{"origin":337445,"position":0},"title":"El Colegio Biling\u00fce New Horizons La Estancia anuncia inicio de inscripciones","author":"Rebecca Silvestri","date":"10 Dic, 2010","format":false,"excerpt":"La Romana, Rep. Dom., diciembre 2, 2010: Durante un c\u00f3ctel realizado en el Club Caza y Pesca La Romana, para sus relacionados y medios de comunicaci\u00f3n, los principales ejecutivos de La Estancia y del Colegio Biling\u00fce New Horizons anunciaron el inicio de las inscripciones para el a\u00f1o escolar 2011 del\u2026","rel":"","context":"En \u00abM\u00e1s all\u00e1 de Casa\u00bb","block_context":{"text":"M\u00e1s all\u00e1 de Casa","link":"https:\/\/casadecampoliving.com\/es\/category\/mas-alla-de-casa-es\/"},"img":{"alt_text":"gumercindo-calderon-fauntly-garrido-y-eduardo-morrison","src":"https:\/\/i0.wp.com\/casadecampoliving.com\/wp-content\/uploads\/2022\/10\/gumercindo-calderon-fauntly-garrido-y-eduardo-morrison.jpg?resize=350%2C200","width":350,"height":200,"srcset":"https:\/\/i0.wp.com\/casadecampoliving.com\/wp-content\/uploads\/2022\/10\/gumercindo-calderon-fauntly-garrido-y-eduardo-morrison.jpg?resize=350%2C200 1x, https:\/\/i0.wp.com\/casadecampoliving.com\/wp-content\/uploads\/2022\/10\/gumercindo-calderon-fauntly-garrido-y-eduardo-morrison.jpg?resize=525%2C300 1.5x, https:\/\/i0.wp.com\/casadecampoliving.com\/wp-content\/uploads\/2022\/10\/gumercindo-calderon-fauntly-garrido-y-eduardo-morrison.jpg?resize=700%2C400 2x"},"classes":[]},{"id":319527,"url":"https:\/\/casadecampoliving.com\/cocktail-presentation-for-the-colegio-bilingue-new-horizons-la-estancia\/","url_meta":{"origin":337445,"position":1},"title":"Cocktail presentation for the Colegio Bilingue New Horizons, La Estancia","author":"Rebecca Silvestri","date":"29 Nov, 2010","format":false,"excerpt":"La Estancia golf resort cordially invites you to an informative cocktail adress\/presentation at the Club Caza y Pesca on Thursday the 2nd of December at 7pm for the opening of their new school the \u2018Colegio Bilingue New Horizons.\u2019\u00a0 The new school \u2018Colegio Bilingue New Horizons\u2019 will open next September, for\u2026","rel":"","context":"En \u00abBeyond Casa\u00bb","block_context":{"text":"Beyond Casa","link":"https:\/\/casadecampoliving.com\/category\/beyond-casa\/"},"img":{"alt_text":"","src":"https:\/\/i0.wp.com\/casadecampoliving.com\/wp-content\/uploads\/2022\/10\/la_estancia_school-1.jpg?fit=563%2C340&ssl=1&resize=350%2C200","width":350,"height":200,"srcset":"https:\/\/i0.wp.com\/casadecampoliving.com\/wp-content\/uploads\/2022\/10\/la_estancia_school-1.jpg?fit=563%2C340&ssl=1&resize=350%2C200 1x, https:\/\/i0.wp.com\/casadecampoliving.com\/wp-content\/uploads\/2022\/10\/la_estancia_school-1.jpg?fit=563%2C340&ssl=1&resize=525%2C300 1.5x"},"classes":[]},{"id":319986,"url":"https:\/\/casadecampoliving.com\/es\/la-estancia-golf-invitational-2011-may-1st\/","url_meta":{"origin":337445,"position":2},"title":"La Estancia Golf Invitational 2011: May 1st","author":"Rebecca Silvestri","date":"28 Abr, 2011","format":false,"excerpt":"This weekend, the \u2018La Estrancia Golf Invitational 2011\u2019 is being played at nearby golf resort \u2018La Estancia,\u2019 an event being held to celebrate it\u2019s 4th anniversary and so that participants can enjoy some good golf, following which guests, friends and family will enjoy a lovely dinner and after party! (Nota\u2026","rel":"","context":"En \u00abBeyond Casa\u00bb","block_context":{"text":"Beyond Casa","link":"https:\/\/casadecampoliving.com\/category\/beyond-casa\/"},"img":{"alt_text":"","src":"https:\/\/i0.wp.com\/casadecampoliving.com\/wp-content\/uploads\/2022\/10\/4th-annual-la-estancia-golf-tournament-casa-de-campo-living-1.jpg?fit=533%2C299&ssl=1&resize=350%2C200","width":350,"height":200,"srcset":"https:\/\/i0.wp.com\/casadecampoliving.com\/wp-content\/uploads\/2022\/10\/4th-annual-la-estancia-golf-tournament-casa-de-campo-living-1.jpg?fit=533%2C299&ssl=1&resize=350%2C200 1x, https:\/\/i0.wp.com\/casadecampoliving.com\/wp-content\/uploads\/2022\/10\/4th-annual-la-estancia-golf-tournament-casa-de-campo-living-1.jpg?fit=533%2C299&ssl=1&resize=525%2C300 1.5x"},"classes":[]},{"id":340648,"url":"https:\/\/casadecampoliving.com\/es\/el-orfanato-ninos-y-ninas-de-cristo-inaugura-el-2do-nivel-de-su-escuela-fonicris\/","url_meta":{"origin":337445,"position":3},"title":"El Orfanato Ni\u00f1os y Ni\u00f1as de Cristo inaugura el 2do nivel de su Escuela Fonicris!","author":"","date":"16 Feb, 2013","format":false,"excerpt":"El pasado s\u00e1bado 19 de enero, el Orfanato Ni\u00f1os y Ni\u00f1as de Cristo celebraron la inauguraci\u00f3n de su Escuela Fonicris luego de que generosos miembros de las comunidades de La Romana y Casa de Campo contribuyeran a hacer un sue\u00f1o realidad; completar el segundo nivel de esta instituci\u00f3n ofreciendo mejores\u2026","rel":"","context":"En \u00abDestacados\u00bb","block_context":{"text":"Destacados","link":"https:\/\/casadecampoliving.com\/es\/category\/destacados\/"},"img":{"alt_text":"","src":"https:\/\/i0.wp.com\/casadecampoliving.com\/wp-content\/uploads\/2022\/10\/orfanato_ninos_de_cristo_2-1.jpg?fit=628%2C400&ssl=1&resize=350%2C200","width":350,"height":200,"srcset":"https:\/\/i0.wp.com\/casadecampoliving.com\/wp-content\/uploads\/2022\/10\/orfanato_ninos_de_cristo_2-1.jpg?fit=628%2C400&ssl=1&resize=350%2C200 1x, https:\/\/i0.wp.com\/casadecampoliving.com\/wp-content\/uploads\/2022\/10\/orfanato_ninos_de_cristo_2-1.jpg?fit=628%2C400&ssl=1&resize=525%2C300 1.5x"},"classes":[]},{"id":320040,"url":"https:\/\/casadecampoliving.com\/es\/la-estancia-celebra-su-iv-aniversario-con-actividades-para-toda-la-familia\/","url_meta":{"origin":337445,"position":4},"title":"La Estancia celebra su IV aniversario con actividades para toda la familia!","author":"Rebecca Silvestri","date":"11 May, 2011","format":false,"excerpt":"Con una amplia agenda de actividades La Estancia\u00a0inici\u00f3 la celebraci\u00f3n de su IV aniversario. El domingo 1ero de mayo propietarios, residentes,\u00a0golfistas, invitados especiales y medios de comunicaci\u00f3n, pudieron disfrutar de actividades para\u00a0toda la familia, las que incluyeron torneo de golf invitacional, open bike, actividades recreativas\u00a0infantiles y exhibici\u00f3n ecuestre. (Informaci\u00f3n\u00a0debajo en\u2026","rel":"","context":"En \u00abM\u00e1s all\u00e1 de Casa\u00bb","block_context":{"text":"M\u00e1s all\u00e1 de Casa","link":"https:\/\/casadecampoliving.com\/es\/category\/mas-alla-de-casa-es\/"},"img":{"alt_text":"","src":"https:\/\/i0.wp.com\/casadecampoliving.com\/wp-content\/uploads\/2022\/10\/laestancia_golf_casadecampo-1.jpg?fit=565%2C346&ssl=1&resize=350%2C200","width":350,"height":200,"srcset":"https:\/\/i0.wp.com\/casadecampoliving.com\/wp-content\/uploads\/2022\/10\/laestancia_golf_casadecampo-1.jpg?fit=565%2C346&ssl=1&resize=350%2C200 1x, https:\/\/i0.wp.com\/casadecampoliving.com\/wp-content\/uploads\/2022\/10\/laestancia_golf_casadecampo-1.jpg?fit=565%2C346&ssl=1&resize=525%2C300 1.5x"},"classes":[]},{"id":433460,"url":"https:\/\/casadecampoliving.com\/es\/no-se-pierdan-el-increible-tributo-a-frank-sinatra-para-celebrar-el-40-aniversario-del-anfiteatro-altos-de-chavon\/","url_meta":{"origin":337445,"position":5},"title":"No se pierdan el incre\u00edble tributo a Frank Sinatra para celebrar el 40 aniversario del\u00a0Anfiteatro Altos de Chav\u00f3n","author":"Casa de Campo Living","date":"20 Oct, 2022","format":false,"excerpt":"Siendo uno de los escenarios m\u00e1s emblem\u00e1ticos del pa\u00eds, Casa de Campo Resort\u00ae & Villas celebra las cuatro d\u00e9cadas de aniversario de Altos de Chav\u00f3n con un tributo al gran Frank Sinatra, protagonizado por artistas invitados y una big band tal cual la que acompa\u00f1\u00f3 al artista hace 40 a\u00f1os\u2026","rel":"","context":"En \u00abUncategorized @es\u00bb","block_context":{"text":"Uncategorized @es","link":"https:\/\/casadecampoliving.com\/es\/category\/uncategorized-es\/"},"img":{"alt_text":"","src":"https:\/\/i0.wp.com\/casadecampoliving.com\/wp-content\/uploads\/2022\/10\/Tributo-Frank-Sinatra-Foto-Principal-Amaury-Sanchez-Danilo-Ginebra-Andres-Pichardo-y-Jose-Gabriel-Perez-.jpg?fit=1200%2C873&ssl=1&resize=350%2C200","width":350,"height":200,"srcset":"https:\/\/i0.wp.com\/casadecampoliving.com\/wp-content\/uploads\/2022\/10\/Tributo-Frank-Sinatra-Foto-Principal-Amaury-Sanchez-Danilo-Ginebra-Andres-Pichardo-y-Jose-Gabriel-Perez-.jpg?fit=1200%2C873&ssl=1&resize=350%2C200 1x, https:\/\/i0.wp.com\/casadecampoliving.com\/wp-content\/uploads\/2022\/10\/Tributo-Frank-Sinatra-Foto-Principal-Amaury-Sanchez-Danilo-Ginebra-Andres-Pichardo-y-Jose-Gabriel-Perez-.jpg?fit=1200%2C873&ssl=1&resize=525%2C300 1.5x, https:\/\/i0.wp.com\/casadecampoliving.com\/wp-content\/uploads\/2022\/10\/Tributo-Frank-Sinatra-Foto-Principal-Amaury-Sanchez-Danilo-Ginebra-Andres-Pichardo-y-Jose-Gabriel-Perez-.jpg?fit=1200%2C873&ssl=1&resize=700%2C400 2x, https:\/\/i0.wp.com\/casadecampoliving.com\/wp-content\/uploads\/2022\/10\/Tributo-Frank-Sinatra-Foto-Principal-Amaury-Sanchez-Danilo-Ginebra-Andres-Pichardo-y-Jose-Gabriel-Perez-.jpg?fit=1200%2C873&ssl=1&resize=1050%2C600 3x"},"classes":[]}],"jetpack_sharing_enabled":true,"_links":{"self":[{"href":"https:\/\/casadecampoliving.com\/es\/wp-json\/wp\/v2\/posts\/337445","targetHints":{"allow":["GET"]}}],"collection":[{"href":"https:\/\/casadecampoliving.com\/es\/wp-json\/wp\/v2\/posts"}],"about":[{"href":"https:\/\/casadecampoliving.com\/es\/wp-json\/wp\/v2\/types\/post"}],"author":[{"embeddable":true,"href":"https:\/\/casadecampoliving.com\/es\/wp-json\/wp\/v2\/users\/31"}],"replies":[{"embeddable":true,"href":"https:\/\/casadecampoliving.com\/es\/wp-json\/wp\/v2\/comments?post=337445"}],"version-history":[{"count":1,"href":"https:\/\/casadecampoliving.com\/es\/wp-json\/wp\/v2\/posts\/337445\/revisions"}],"predecessor-version":[{"id":337446,"href":"https:\/\/casadecampoliving.com\/es\/wp-json\/wp\/v2\/posts\/337445\/revisions\/337446"}],"wp:featuredmedia":[{"embeddable":true,"href":"https:\/\/casadecampoliving.com\/es\/wp-json\/wp\/v2\/media\/265040"}],"wp:attachment":[{"href":"https:\/\/casadecampoliving.com\/es\/wp-json\/wp\/v2\/media?parent=337445"}],"wp:term":[{"taxonomy":"category","embeddable":true,"href":"https:\/\/casadecampoliving.com\/es\/wp-json\/wp\/v2\/categories?post=337445"},{"taxonomy":"post_tag","embeddable":true,"href":"https:\/\/casadecampoliving.com\/es\/wp-json\/wp\/v2\/tags?post=337445"},{"taxonomy":"newspack_spnsrs_tax","embeddable":true,"href":"https:\/\/casadecampoliving.com\/es\/wp-json\/wp\/v2\/newspack_spnsrs_tax?post=337445"}],"curies":[{"name":"wp","href":"https:\/\/api.w.org\/{rel}","templated":true}]}}