{"id":337380,"date":"2011-11-17T00:00:00","date_gmt":"2011-11-17T04:00:00","guid":{"rendered":"https:\/\/casadecampoliving.com\/fashion-show-de-trajes-de-bano-de-joli-day-beach-de-caffe-swimwear\/"},"modified":"2022-10-21T18:39:13","modified_gmt":"2022-10-21T22:39:13","slug":"fashion-show-de-trajes-de-bano-de-joli-day-beach-de-caffe-swimwear","status":"publish","type":"post","link":"https:\/\/casadecampoliving.com\/es\/fashion-show-de-trajes-de-bano-de-joli-day-beach-de-caffe-swimwear\/","title":{"rendered":"\u00abSwimwear Fashion Show de Joli-Day Beach\u00bb de Caffe Swimwear"},"content":{"rendered":"<div class=\"wp-block-image\">\n<figure class=\"aligncenter is-resized\"><a href=\"https:\/\/i0.wp.com\/casadecampoliving.com\/wp-content\/uploads\/2022\/10\/caffe_swimwear_casa_de_campo3-2.jpg?ssl=1\"><img loading=\"lazy\" decoding=\"async\" src=\"https:\/\/i0.wp.com\/casadecampoliving.com\/wp-content\/uploads\/2022\/10\/caffe_swimwear_casa_de_campo3-2.jpg?resize=650%2C433&amp;ssl=1\" alt=\"caffe swimwear casa de campo\" class=\"wp-image-37644\" title=\"caffe_swimwear_casa_de_campo\" height=\"433\" width=\"650\"\/><\/a><\/figure>\n<\/div>\n\n\n<p><br>\nDamas y caballeros, Casa de Campo Living se COMPLACE en anunciarles el \u201cSwimwear Fashion Show de Joli-Day Beach\u201d de Caff\u00e9 Swimwear que se&nbsp;estar\u00e1&nbsp;realizando el&nbsp;s\u00e1bado&nbsp;26 de noviembre en este segundo evento anual,&nbsp;<a href=\"https:\/\/casadecampoliving.com\/es\/joly-day\/\">Joli-Day beach<\/a>&nbsp;en la Playa Minitas de Casa de Campo. Queremos que las&nbsp;j\u00f3venes&nbsp;de la comunidad participen!<\/p>\n\n\n\n<!--more-->\n\n\n\n<p>El segundo evento anual de&nbsp;<a href=\"https:\/\/casadecampoliving.com\/es\/joly-day\/\">Joli-Day beach<\/a>&nbsp;se realizar\u00e1 desde las 10am hasta las 6pm como un evento repleto de&nbsp;diversi\u00f3n&nbsp;para todos los integrantes de la familia; parques de agua para los&nbsp;peque\u00f1os&nbsp;(y adultos aventureros), BBQ playero, torneos de volley ball y el primer \u201cFashion Show de Trajes de Ba\u00f1os\u201d de&nbsp;Caff\u00e9 Swimwear \u2013 con modelos de Casa de Campo y la comunidad de La Romana para optar por un premio a la mejor modelo!<\/p>\n\n\n\n<blockquote><p><strong>SE NECESITAN MODELOS!<\/strong><br>\nTienes la oportunidad de modelar en la Playa Minitas una de las marcas lideres y mas glamurosas de bikinis: Caff\u00e9 swimwear. Necesitamos la&nbsp;participaci\u00f3n&nbsp;de 6 modelos&nbsp;as\u00ed&nbsp;que una de ellas puedes ser TU!&nbsp;<strong><\/strong><\/p><figure><a href=\"https:\/\/i0.wp.com\/casadecampoliving.com\/wp-content\/uploads\/2022\/10\/caffe_swimwear_casa_de_campo_1-2.jpg?ssl=1\"><img decoding=\"async\" loading=\"lazy\" class=\"alignright size-full wp-image-37645\" style=\"margin-left: 15px; margin-right: 15px;\" title=\"caffe_swimwear_casa_de_campo_1\" src=\"https:\/\/i0.wp.com\/casadecampoliving.com\/wp-content\/uploads\/2022\/10\/caffe_swimwear_casa_de_campo_1-2.jpg?resize=250%2C465&amp;ssl=1\" alt=\"caffe swimwear casa de campo\" width=\"250\" height=\"465\"><\/a><\/figure><p><strong>Participantes:<\/strong><br>\nChicas de 14 o m\u00e1s edad<\/p><p><strong>Qu\u00e9:<br>\n<\/strong>Las chicas seleccionadas participar\u00e1n en el \u201cFashion Show de Traje de Ba\u00f1os de Joli-Day Beach\u201d el&nbsp;s\u00e1bado&nbsp;26 de noviembre<br>\n<strong><\/strong><\/p><p><strong>C\u00f3mo aplicar:<br>\n<\/strong>Env\u00eda&nbsp;un correo con tu foto a info@casadecampoliving.com <a href=\"http:\/\/www.facebook.com\/event.php?eid=294320833924812&amp;context=create\">o subelas al evento de Facebook, haz click&nbsp;aqu\u00ed!<\/a><\/p><p><strong>Fecha limite:<\/strong><br>\nLUNES 21 DE NOVIEMBRE<\/p><p><strong>Premios:<\/strong><br>\nLuego del fashion show, la mejor modelo&nbsp;recibir\u00e1&nbsp;un premio&nbsp;cortes\u00eda&nbsp;de Caff\u00e9 Swimwear<\/p><p><strong>\u00bfQu<strong>\u00e9<\/strong> estas esperando? <\/strong><\/p><p><strong>APLICA AHORA!<\/strong><\/p><\/blockquote>\n\n\n<div class=\"wp-block-image\">\n<figure class=\"aligncenter is-resized\"><a href=\"https:\/\/i0.wp.com\/casadecampoliving.com\/wp-content\/uploads\/2022\/10\/joli-day_beach_casa_de_campo_ESP2.jpg?ssl=1\"><img loading=\"lazy\" decoding=\"async\" src=\"https:\/\/i0.wp.com\/casadecampoliving.com\/wp-content\/uploads\/2022\/10\/joli-day_beach_casa_de_campo_ESP2.jpg?resize=650%2C598&amp;ssl=1\" alt=\"\" class=\"wp-image-37643\" title=\"joli-day_beach_casa_de_campo_ESP\" height=\"598\" width=\"650\"\/><\/a><\/figure>\n<\/div>\n\n\n<blockquote class=\"wp-block-quote is-layout-flow wp-block-quote-is-layout-flow\"><p><strong><a href=\"https:\/\/casadecampoliving.com\/es\/joly-day\/\">Sobre Joli-Day Beach<\/a><\/strong><\/p><p><strong>Fecha:<\/strong>&nbsp;Sabado 26 de noviembre<\/p><p><strong>Hora:<\/strong>&nbsp;10am \u2013 6pm<\/p><p><strong>Lugar:<\/strong>&nbsp;Playa Minitas, Casa de Campo<\/p><p><a href=\"https:\/\/casadecampoliving.com\/es\/2011\/11\/recordando-el-joli-day-beach-2010-algunas-fotos-ineditas-de-un-gran-dia-en-playa-minitas\/\">Haga click&nbsp;aqu\u00ed&nbsp;para ver fotos del Joli-Day Beach 2010!<\/a><\/p><\/blockquote>\n","protected":false},"excerpt":{"rendered":"<p>Damas y caballeros, Casa de Campo Living se COMPLACE en anunciarles el \u201cSwimwear Fashion Show de Joli-Day Beach\u201d de Caff\u00e9 Swimwear que se&nbsp;estar\u00e1&nbsp;realizando el&nbsp;s\u00e1bado&nbsp;26 de noviembre en este segundo evento anual,&nbsp;Joli-Day beach&nbsp;en la Playa Minitas de Casa de Campo. Queremos que las&nbsp;j\u00f3venes&nbsp;de la comunidad participen!<\/p>\n","protected":false},"author":21,"featured_media":219559,"comment_status":"closed","ping_status":"closed","sticky":false,"template":"","format":"standard","meta":{"newspack_ads_suppress_ads":false,"newspack_popups_has_disabled_popups":false,"newspack_sponsor_sponsorship_scope":"","newspack_sponsor_native_byline_display":"inherit","newspack_sponsor_native_category_display":"inherit","newspack_sponsor_underwriter_style":"inherit","newspack_sponsor_underwriter_placement":"inherit","_newspack_byline_active":false,"_newspack_byline":"","newspack_hide_updated_date":false,"newspack_show_updated_date":false,"newspack_content_restriction_is_exempt":false,"newspack_featured_image_position":"","newspack_post_subtitle":"","newspack_article_summary_title":"Overview:","newspack_article_summary":"","_jetpack_memberships_contains_paid_content":false,"footnotes":"","jetpack_publicize_message":"","jetpack_publicize_feature_enabled":true,"jetpack_social_post_already_shared":false,"jetpack_social_options":{"image_generator_settings":{"template":"highway","default_image_id":0,"font":"","enabled":false},"version":2},"_wpas_customize_per_network":false},"categories":[26936,26951,2524,2522,14625,14627,26822],"tags":[2598,2777],"newspack_spnsrs_tax":[],"class_list":["post-337380","post","type-post","status-publish","format-standard","has-post-thumbnail","hentry","category-casa-de-campo-living-es","category-ccl-presenta","category-destacados","category-eventos-es","category-noticias-locales","category-proximamente","category-resort-casa-de-campo","tag-desfile","tag-joli-day-beach-2011-es","entry"],"yoast_head":"<!-- This site is optimized with the Yoast SEO plugin v27.5 - https:\/\/yoast.com\/product\/yoast-seo-wordpress\/ -->\n<title>&quot;Swimwear Fashion Show de Joli-Day Beach&quot; de Caffe Swimwear | Casa de Campo Living<\/title>\n<meta name=\"description\" content=\"Damas y caballeros, Casa de Campo Living se COMPLACE en anunciarles el \u201cSwimwear Fashion Show de Joli-Day Beach\u201d de Caff\u00e9 Swimwear que\" \/>\n<meta name=\"robots\" content=\"index, follow, max-snippet:-1, max-image-preview:large, max-video-preview:-1\" \/>\n<link rel=\"canonical\" href=\"https:\/\/casadecampoliving.com\/es\/fashion-show-de-trajes-de-bano-de-joli-day-beach-de-caffe-swimwear\/\" \/>\n<meta property=\"og:locale\" content=\"es_ES\" \/>\n<meta property=\"og:type\" content=\"article\" \/>\n<meta property=\"og:title\" content=\"&quot;Swimwear Fashion Show de Joli-Day Beach&quot; de Caffe Swimwear | Casa de Campo Living\" \/>\n<meta property=\"og:description\" content=\"Damas y caballeros, Casa de Campo Living se COMPLACE en anunciarles el \u201cSwimwear Fashion Show de Joli-Day Beach\u201d de Caff\u00e9 Swimwear que\" \/>\n<meta property=\"og:url\" content=\"https:\/\/casadecampoliving.com\/es\/fashion-show-de-trajes-de-bano-de-joli-day-beach-de-caffe-swimwear\/\" \/>\n<meta property=\"og:site_name\" content=\"Casa de Campo Living\" \/>\n<meta property=\"article:publisher\" content=\"https:\/\/www.facebook.com\/casadecampoliving\" \/>\n<meta property=\"article:published_time\" content=\"2011-11-17T04:00:00+00:00\" \/>\n<meta property=\"article:modified_time\" content=\"2022-10-21T22:39:13+00:00\" \/>\n<meta property=\"og:image\" content=\"https:\/\/i0.wp.com\/casadecampoliving.com\/wp-content\/uploads\/2022\/10\/caffe_swimwear_casa_de_campo1-1.jpg?fit=650%2C433&ssl=1\" \/>\n\t<meta property=\"og:image:width\" content=\"650\" \/>\n\t<meta property=\"og:image:height\" content=\"433\" \/>\n\t<meta property=\"og:image:type\" content=\"image\/jpeg\" \/>\n<meta name=\"twitter:card\" content=\"summary_large_image\" \/>\n<meta name=\"twitter:creator\" content=\"@cdcliving\" \/>\n<meta name=\"twitter:site\" content=\"@cdcliving\" \/>\n<meta name=\"twitter:label1\" content=\"Escrito por\" \/>\n\t<meta name=\"twitter:data1\" content=\"\" \/>\n\t<meta name=\"twitter:label2\" content=\"Tiempo de lectura\" \/>\n\t<meta name=\"twitter:data2\" content=\"2 minutos\" \/>\n<script type=\"application\/ld+json\" class=\"yoast-schema-graph\">{\"@context\":\"https:\\\/\\\/schema.org\",\"@graph\":[{\"@type\":\"Article\",\"@id\":\"https:\\\/\\\/casadecampoliving.com\\\/es\\\/fashion-show-de-trajes-de-bano-de-joli-day-beach-de-caffe-swimwear\\\/#article\",\"isPartOf\":{\"@id\":\"https:\\\/\\\/casadecampoliving.com\\\/es\\\/fashion-show-de-trajes-de-bano-de-joli-day-beach-de-caffe-swimwear\\\/\"},\"author\":{\"name\":\"\",\"@id\":\"https:\\\/\\\/casadecampoliving.com\\\/es\\\/#\\\/schema\\\/person\\\/7e3b975d584a5f6ac0fd7128a81b0bc5\"},\"headline\":\"\u00abSwimwear Fashion Show de Joli-Day Beach\u00bb de Caffe Swimwear\",\"datePublished\":\"2011-11-17T04:00:00+00:00\",\"dateModified\":\"2022-10-21T22:39:13+00:00\",\"mainEntityOfPage\":{\"@id\":\"https:\\\/\\\/casadecampoliving.com\\\/es\\\/fashion-show-de-trajes-de-bano-de-joli-day-beach-de-caffe-swimwear\\\/\"},\"wordCount\":317,\"publisher\":{\"@id\":\"https:\\\/\\\/casadecampoliving.com\\\/es\\\/#organization\"},\"image\":{\"@id\":\"https:\\\/\\\/casadecampoliving.com\\\/es\\\/fashion-show-de-trajes-de-bano-de-joli-day-beach-de-caffe-swimwear\\\/#primaryimage\"},\"thumbnailUrl\":\"https:\\\/\\\/i0.wp.com\\\/casadecampoliving.com\\\/wp-content\\\/uploads\\\/2022\\\/10\\\/caffe_swimwear_casa_de_campo1-1.jpg?fit=650%2C433&ssl=1\",\"keywords\":[\"desfile\",\"joli-day beach 2011 @es\"],\"articleSection\":[\"Casa de Campo Living @es\",\"CCL presenta\",\"Destacados\",\"Eventos\",\"Noticias Locales\",\"Proximamente\",\"Resort Casa de Campo\"],\"inLanguage\":\"es\"},{\"@type\":\"WebPage\",\"@id\":\"https:\\\/\\\/casadecampoliving.com\\\/es\\\/fashion-show-de-trajes-de-bano-de-joli-day-beach-de-caffe-swimwear\\\/\",\"url\":\"https:\\\/\\\/casadecampoliving.com\\\/es\\\/fashion-show-de-trajes-de-bano-de-joli-day-beach-de-caffe-swimwear\\\/\",\"name\":\"\\\"Swimwear Fashion Show de Joli-Day Beach\\\" de Caffe Swimwear | Casa de Campo Living\",\"isPartOf\":{\"@id\":\"https:\\\/\\\/casadecampoliving.com\\\/es\\\/#website\"},\"primaryImageOfPage\":{\"@id\":\"https:\\\/\\\/casadecampoliving.com\\\/es\\\/fashion-show-de-trajes-de-bano-de-joli-day-beach-de-caffe-swimwear\\\/#primaryimage\"},\"image\":{\"@id\":\"https:\\\/\\\/casadecampoliving.com\\\/es\\\/fashion-show-de-trajes-de-bano-de-joli-day-beach-de-caffe-swimwear\\\/#primaryimage\"},\"thumbnailUrl\":\"https:\\\/\\\/i0.wp.com\\\/casadecampoliving.com\\\/wp-content\\\/uploads\\\/2022\\\/10\\\/caffe_swimwear_casa_de_campo1-1.jpg?fit=650%2C433&ssl=1\",\"datePublished\":\"2011-11-17T04:00:00+00:00\",\"dateModified\":\"2022-10-21T22:39:13+00:00\",\"description\":\"Damas y caballeros, Casa de Campo Living se COMPLACE en anunciarles el \u201cSwimwear Fashion Show de Joli-Day Beach\u201d de Caff\u00e9 Swimwear que\",\"breadcrumb\":{\"@id\":\"https:\\\/\\\/casadecampoliving.com\\\/es\\\/fashion-show-de-trajes-de-bano-de-joli-day-beach-de-caffe-swimwear\\\/#breadcrumb\"},\"inLanguage\":\"es\",\"potentialAction\":[{\"@type\":\"ReadAction\",\"target\":[\"https:\\\/\\\/casadecampoliving.com\\\/es\\\/fashion-show-de-trajes-de-bano-de-joli-day-beach-de-caffe-swimwear\\\/\"]}]},{\"@type\":\"ImageObject\",\"inLanguage\":\"es\",\"@id\":\"https:\\\/\\\/casadecampoliving.com\\\/es\\\/fashion-show-de-trajes-de-bano-de-joli-day-beach-de-caffe-swimwear\\\/#primaryimage\",\"url\":\"https:\\\/\\\/i0.wp.com\\\/casadecampoliving.com\\\/wp-content\\\/uploads\\\/2022\\\/10\\\/caffe_swimwear_casa_de_campo1-1.jpg?fit=650%2C433&ssl=1\",\"contentUrl\":\"https:\\\/\\\/i0.wp.com\\\/casadecampoliving.com\\\/wp-content\\\/uploads\\\/2022\\\/10\\\/caffe_swimwear_casa_de_campo1-1.jpg?fit=650%2C433&ssl=1\",\"width\":650,\"height\":433},{\"@type\":\"BreadcrumbList\",\"@id\":\"https:\\\/\\\/casadecampoliving.com\\\/es\\\/fashion-show-de-trajes-de-bano-de-joli-day-beach-de-caffe-swimwear\\\/#breadcrumb\",\"itemListElement\":[{\"@type\":\"ListItem\",\"position\":1,\"name\":\"Home\",\"item\":\"https:\\\/\\\/casadecampoliving.com\\\/es\\\/\"},{\"@type\":\"ListItem\",\"position\":2,\"name\":\"&#8220;Swimwear Fashion Show de Joli-Day Beach&#8221; de Caffe Swimwear\"}]},{\"@type\":\"WebSite\",\"@id\":\"https:\\\/\\\/casadecampoliving.com\\\/es\\\/#website\",\"url\":\"https:\\\/\\\/casadecampoliving.com\\\/es\\\/\",\"name\":\"Casa de Campo Living\",\"description\":\"Resort community news and resources.\",\"publisher\":{\"@id\":\"https:\\\/\\\/casadecampoliving.com\\\/es\\\/#organization\"},\"potentialAction\":[{\"@type\":\"SearchAction\",\"target\":{\"@type\":\"EntryPoint\",\"urlTemplate\":\"https:\\\/\\\/casadecampoliving.com\\\/es\\\/?s={search_term_string}\"},\"query-input\":{\"@type\":\"PropertyValueSpecification\",\"valueRequired\":true,\"valueName\":\"search_term_string\"}}],\"inLanguage\":\"es\"},{\"@type\":\"Organization\",\"@id\":\"https:\\\/\\\/casadecampoliving.com\\\/es\\\/#organization\",\"name\":\"Casa de Campo Living\",\"url\":\"https:\\\/\\\/casadecampoliving.com\\\/es\\\/\",\"logo\":{\"@type\":\"ImageObject\",\"inLanguage\":\"es\",\"@id\":\"https:\\\/\\\/casadecampoliving.com\\\/es\\\/#\\\/schema\\\/logo\\\/image\\\/\",\"url\":\"https:\\\/\\\/i0.wp.com\\\/casadecampoliving.com\\\/wp-content\\\/uploads\\\/2022\\\/07\\\/CDCLivingLogo_V1-white-sized.png?fit=800%2C214&ssl=1\",\"contentUrl\":\"https:\\\/\\\/i0.wp.com\\\/casadecampoliving.com\\\/wp-content\\\/uploads\\\/2022\\\/07\\\/CDCLivingLogo_V1-white-sized.png?fit=800%2C214&ssl=1\",\"width\":800,\"height\":214,\"caption\":\"Casa de Campo Living\"},\"image\":{\"@id\":\"https:\\\/\\\/casadecampoliving.com\\\/es\\\/#\\\/schema\\\/logo\\\/image\\\/\"},\"sameAs\":[\"https:\\\/\\\/www.facebook.com\\\/casadecampoliving\",\"https:\\\/\\\/x.com\\\/cdcliving\"]},{\"@type\":\"Person\",\"@id\":\"https:\\\/\\\/casadecampoliving.com\\\/es\\\/#\\\/schema\\\/person\\\/7e3b975d584a5f6ac0fd7128a81b0bc5\",\"name\":\"\",\"image\":{\"@type\":\"ImageObject\",\"inLanguage\":\"es\",\"@id\":\"https:\\\/\\\/secure.gravatar.com\\\/avatar\\\/?s=96&d=mm&r=g\",\"url\":\"https:\\\/\\\/secure.gravatar.com\\\/avatar\\\/?s=96&d=mm&r=g\",\"contentUrl\":\"https:\\\/\\\/secure.gravatar.com\\\/avatar\\\/?s=96&d=mm&r=g\"},\"url\":\"https:\\\/\\\/casadecampoliving.com\\\/es\\\/author\\\/ \\\/\"}]}<\/script>\n<!-- \/ Yoast SEO plugin. -->","yoast_head_json":{"title":"\"Swimwear Fashion Show de Joli-Day Beach\" de Caffe Swimwear | Casa de Campo Living","description":"Damas y caballeros, Casa de Campo Living se COMPLACE en anunciarles el \u201cSwimwear Fashion Show de Joli-Day Beach\u201d de Caff\u00e9 Swimwear que","robots":{"index":"index","follow":"follow","max-snippet":"max-snippet:-1","max-image-preview":"max-image-preview:large","max-video-preview":"max-video-preview:-1"},"canonical":"https:\/\/casadecampoliving.com\/es\/fashion-show-de-trajes-de-bano-de-joli-day-beach-de-caffe-swimwear\/","og_locale":"es_ES","og_type":"article","og_title":"\"Swimwear Fashion Show de Joli-Day Beach\" de Caffe Swimwear | Casa de Campo Living","og_description":"Damas y caballeros, Casa de Campo Living se COMPLACE en anunciarles el \u201cSwimwear Fashion Show de Joli-Day Beach\u201d de Caff\u00e9 Swimwear que","og_url":"https:\/\/casadecampoliving.com\/es\/fashion-show-de-trajes-de-bano-de-joli-day-beach-de-caffe-swimwear\/","og_site_name":"Casa de Campo Living","article_publisher":"https:\/\/www.facebook.com\/casadecampoliving","article_published_time":"2011-11-17T04:00:00+00:00","article_modified_time":"2022-10-21T22:39:13+00:00","og_image":[{"width":650,"height":433,"url":"https:\/\/i0.wp.com\/casadecampoliving.com\/wp-content\/uploads\/2022\/10\/caffe_swimwear_casa_de_campo1-1.jpg?fit=650%2C433&ssl=1","type":"image\/jpeg"}],"twitter_card":"summary_large_image","twitter_creator":"@cdcliving","twitter_site":"@cdcliving","twitter_misc":{"Escrito por":"","Tiempo de lectura":"2 minutos"},"schema":{"@context":"https:\/\/schema.org","@graph":[{"@type":"Article","@id":"https:\/\/casadecampoliving.com\/es\/fashion-show-de-trajes-de-bano-de-joli-day-beach-de-caffe-swimwear\/#article","isPartOf":{"@id":"https:\/\/casadecampoliving.com\/es\/fashion-show-de-trajes-de-bano-de-joli-day-beach-de-caffe-swimwear\/"},"author":{"name":"","@id":"https:\/\/casadecampoliving.com\/es\/#\/schema\/person\/7e3b975d584a5f6ac0fd7128a81b0bc5"},"headline":"\u00abSwimwear Fashion Show de Joli-Day Beach\u00bb de Caffe Swimwear","datePublished":"2011-11-17T04:00:00+00:00","dateModified":"2022-10-21T22:39:13+00:00","mainEntityOfPage":{"@id":"https:\/\/casadecampoliving.com\/es\/fashion-show-de-trajes-de-bano-de-joli-day-beach-de-caffe-swimwear\/"},"wordCount":317,"publisher":{"@id":"https:\/\/casadecampoliving.com\/es\/#organization"},"image":{"@id":"https:\/\/casadecampoliving.com\/es\/fashion-show-de-trajes-de-bano-de-joli-day-beach-de-caffe-swimwear\/#primaryimage"},"thumbnailUrl":"https:\/\/i0.wp.com\/casadecampoliving.com\/wp-content\/uploads\/2022\/10\/caffe_swimwear_casa_de_campo1-1.jpg?fit=650%2C433&ssl=1","keywords":["desfile","joli-day beach 2011 @es"],"articleSection":["Casa de Campo Living @es","CCL presenta","Destacados","Eventos","Noticias Locales","Proximamente","Resort Casa de Campo"],"inLanguage":"es"},{"@type":"WebPage","@id":"https:\/\/casadecampoliving.com\/es\/fashion-show-de-trajes-de-bano-de-joli-day-beach-de-caffe-swimwear\/","url":"https:\/\/casadecampoliving.com\/es\/fashion-show-de-trajes-de-bano-de-joli-day-beach-de-caffe-swimwear\/","name":"\"Swimwear Fashion Show de Joli-Day Beach\" de Caffe Swimwear | Casa de Campo Living","isPartOf":{"@id":"https:\/\/casadecampoliving.com\/es\/#website"},"primaryImageOfPage":{"@id":"https:\/\/casadecampoliving.com\/es\/fashion-show-de-trajes-de-bano-de-joli-day-beach-de-caffe-swimwear\/#primaryimage"},"image":{"@id":"https:\/\/casadecampoliving.com\/es\/fashion-show-de-trajes-de-bano-de-joli-day-beach-de-caffe-swimwear\/#primaryimage"},"thumbnailUrl":"https:\/\/i0.wp.com\/casadecampoliving.com\/wp-content\/uploads\/2022\/10\/caffe_swimwear_casa_de_campo1-1.jpg?fit=650%2C433&ssl=1","datePublished":"2011-11-17T04:00:00+00:00","dateModified":"2022-10-21T22:39:13+00:00","description":"Damas y caballeros, Casa de Campo Living se COMPLACE en anunciarles el \u201cSwimwear Fashion Show de Joli-Day Beach\u201d de Caff\u00e9 Swimwear que","breadcrumb":{"@id":"https:\/\/casadecampoliving.com\/es\/fashion-show-de-trajes-de-bano-de-joli-day-beach-de-caffe-swimwear\/#breadcrumb"},"inLanguage":"es","potentialAction":[{"@type":"ReadAction","target":["https:\/\/casadecampoliving.com\/es\/fashion-show-de-trajes-de-bano-de-joli-day-beach-de-caffe-swimwear\/"]}]},{"@type":"ImageObject","inLanguage":"es","@id":"https:\/\/casadecampoliving.com\/es\/fashion-show-de-trajes-de-bano-de-joli-day-beach-de-caffe-swimwear\/#primaryimage","url":"https:\/\/i0.wp.com\/casadecampoliving.com\/wp-content\/uploads\/2022\/10\/caffe_swimwear_casa_de_campo1-1.jpg?fit=650%2C433&ssl=1","contentUrl":"https:\/\/i0.wp.com\/casadecampoliving.com\/wp-content\/uploads\/2022\/10\/caffe_swimwear_casa_de_campo1-1.jpg?fit=650%2C433&ssl=1","width":650,"height":433},{"@type":"BreadcrumbList","@id":"https:\/\/casadecampoliving.com\/es\/fashion-show-de-trajes-de-bano-de-joli-day-beach-de-caffe-swimwear\/#breadcrumb","itemListElement":[{"@type":"ListItem","position":1,"name":"Home","item":"https:\/\/casadecampoliving.com\/es\/"},{"@type":"ListItem","position":2,"name":"&#8220;Swimwear Fashion Show de Joli-Day Beach&#8221; de Caffe Swimwear"}]},{"@type":"WebSite","@id":"https:\/\/casadecampoliving.com\/es\/#website","url":"https:\/\/casadecampoliving.com\/es\/","name":"Casa de Campo Living","description":"Resort community news and resources.","publisher":{"@id":"https:\/\/casadecampoliving.com\/es\/#organization"},"potentialAction":[{"@type":"SearchAction","target":{"@type":"EntryPoint","urlTemplate":"https:\/\/casadecampoliving.com\/es\/?s={search_term_string}"},"query-input":{"@type":"PropertyValueSpecification","valueRequired":true,"valueName":"search_term_string"}}],"inLanguage":"es"},{"@type":"Organization","@id":"https:\/\/casadecampoliving.com\/es\/#organization","name":"Casa de Campo Living","url":"https:\/\/casadecampoliving.com\/es\/","logo":{"@type":"ImageObject","inLanguage":"es","@id":"https:\/\/casadecampoliving.com\/es\/#\/schema\/logo\/image\/","url":"https:\/\/i0.wp.com\/casadecampoliving.com\/wp-content\/uploads\/2022\/07\/CDCLivingLogo_V1-white-sized.png?fit=800%2C214&ssl=1","contentUrl":"https:\/\/i0.wp.com\/casadecampoliving.com\/wp-content\/uploads\/2022\/07\/CDCLivingLogo_V1-white-sized.png?fit=800%2C214&ssl=1","width":800,"height":214,"caption":"Casa de Campo Living"},"image":{"@id":"https:\/\/casadecampoliving.com\/es\/#\/schema\/logo\/image\/"},"sameAs":["https:\/\/www.facebook.com\/casadecampoliving","https:\/\/x.com\/cdcliving"]},{"@type":"Person","@id":"https:\/\/casadecampoliving.com\/es\/#\/schema\/person\/7e3b975d584a5f6ac0fd7128a81b0bc5","name":"","image":{"@type":"ImageObject","inLanguage":"es","@id":"https:\/\/secure.gravatar.com\/avatar\/?s=96&d=mm&r=g","url":"https:\/\/secure.gravatar.com\/avatar\/?s=96&d=mm&r=g","contentUrl":"https:\/\/secure.gravatar.com\/avatar\/?s=96&d=mm&r=g"},"url":"https:\/\/casadecampoliving.com\/es\/author\/ \/"}]}},"parsely":{"version":"1.1.0","canonical_url":"https:\/\/casadecampoliving.com\/es\/fashion-show-de-trajes-de-bano-de-joli-day-beach-de-caffe-swimwear\/","smart_links":{"inbound":0,"outbound":0},"traffic_boost_suggestions_count":0,"meta":{"@context":"https:\/\/schema.org","@type":"NewsArticle","headline":"\u00abSwimwear Fashion Show de Joli-Day Beach\u00bb de Caffe Swimwear","url":"http:\/\/casadecampoliving.com\/es\/fashion-show-de-trajes-de-bano-de-joli-day-beach-de-caffe-swimwear\/","mainEntityOfPage":{"@type":"WebPage","@id":"http:\/\/casadecampoliving.com\/es\/fashion-show-de-trajes-de-bano-de-joli-day-beach-de-caffe-swimwear\/"},"thumbnailUrl":"https:\/\/i0.wp.com\/casadecampoliving.com\/wp-content\/uploads\/2022\/10\/caffe_swimwear_casa_de_campo1-1.jpg?resize=150%2C150&ssl=1","image":{"@type":"ImageObject","url":"https:\/\/i0.wp.com\/casadecampoliving.com\/wp-content\/uploads\/2022\/10\/caffe_swimwear_casa_de_campo1-1.jpg?fit=650%2C433&ssl=1"},"articleSection":"CCL presenta","author":[{"@type":"Person","name":"FB_515917546"}],"creator":["FB_515917546"],"publisher":{"@type":"Organization","name":"Casa de Campo Living","logo":"https:\/\/casadecampoliving.com\/wp-content\/uploads\/2022\/07\/CDCLivingLogo_V1-white-sized.png"},"keywords":["desfile","joli-day beach 2011 @es"],"dateCreated":"2011-11-17T04:00:00Z","datePublished":"2011-11-17T04:00:00Z","dateModified":"2022-10-21T22:39:13Z"},"rendered":"<script type=\"application\/ld+json\" class=\"wp-parsely-metadata\">{\"@context\":\"https:\\\/\\\/schema.org\",\"@type\":\"NewsArticle\",\"headline\":\"\\u00abSwimwear Fashion Show de Joli-Day Beach\\u00bb de Caffe Swimwear\",\"url\":\"http:\\\/\\\/casadecampoliving.com\\\/es\\\/fashion-show-de-trajes-de-bano-de-joli-day-beach-de-caffe-swimwear\\\/\",\"mainEntityOfPage\":{\"@type\":\"WebPage\",\"@id\":\"http:\\\/\\\/casadecampoliving.com\\\/es\\\/fashion-show-de-trajes-de-bano-de-joli-day-beach-de-caffe-swimwear\\\/\"},\"thumbnailUrl\":\"https:\\\/\\\/i0.wp.com\\\/casadecampoliving.com\\\/wp-content\\\/uploads\\\/2022\\\/10\\\/caffe_swimwear_casa_de_campo1-1.jpg?resize=150%2C150&ssl=1\",\"image\":{\"@type\":\"ImageObject\",\"url\":\"https:\\\/\\\/i0.wp.com\\\/casadecampoliving.com\\\/wp-content\\\/uploads\\\/2022\\\/10\\\/caffe_swimwear_casa_de_campo1-1.jpg?fit=650%2C433&ssl=1\"},\"articleSection\":\"CCL presenta\",\"author\":[{\"@type\":\"Person\",\"name\":\"FB_515917546\"}],\"creator\":[\"FB_515917546\"],\"publisher\":{\"@type\":\"Organization\",\"name\":\"Casa de Campo Living\",\"logo\":\"https:\\\/\\\/casadecampoliving.com\\\/wp-content\\\/uploads\\\/2022\\\/07\\\/CDCLivingLogo_V1-white-sized.png\"},\"keywords\":[\"desfile\",\"joli-day beach 2011 @es\"],\"dateCreated\":\"2011-11-17T04:00:00Z\",\"datePublished\":\"2011-11-17T04:00:00Z\",\"dateModified\":\"2022-10-21T22:39:13Z\"}<\/script>","tracker_url":"https:\/\/cdn.parsely.com\/keys\/casadecampoliving.com\/p.js"},"jetpack_publicize_connections":[],"jetpack_featured_media_url":"https:\/\/i0.wp.com\/casadecampoliving.com\/wp-content\/uploads\/2022\/10\/caffe_swimwear_casa_de_campo1-1.jpg?fit=650%2C433&ssl=1","jetpack-related-posts":[{"id":320687,"url":"https:\/\/casadecampoliving.com\/joli-day-beach-swimwear-fashion-show-by-caffe-swimwear-saturday-26th-of-november\/","url_meta":{"origin":337380,"position":0},"title":"Joli-Day Beach Swimwear Fashion Show by Caffe Swimwear: Saturday 26th of November","author":"Rebecca Silvestri","date":"17 Nov, 2011","format":false,"excerpt":"Ladies and gentleman, Casa de Campo Living is THRILLED to announce the \u201cJoli-Day Beach Swimwear Fashion Show\u201d by Caff\u00e9 Swimwear which will be taking place on Saturday the 26th of November at the 2nd annual Joli-Day beach event on Minitas Beach in Casa de Campo AND \u2013 we want girls\u2026","rel":"","context":"En \u00abCasa de Campo Living\u00bb","block_context":{"text":"Casa de Campo Living","link":"https:\/\/casadecampoliving.com\/category\/casa-de-campo-living\/"},"img":{"alt_text":"","src":"https:\/\/i0.wp.com\/casadecampoliving.com\/wp-content\/uploads\/2022\/10\/caffe_swimwear_casa_de_campo1-1.jpg?fit=650%2C433&ssl=1&resize=350%2C200","width":350,"height":200,"srcset":"https:\/\/i0.wp.com\/casadecampoliving.com\/wp-content\/uploads\/2022\/10\/caffe_swimwear_casa_de_campo1-1.jpg?fit=650%2C433&ssl=1&resize=350%2C200 1x, https:\/\/i0.wp.com\/casadecampoliving.com\/wp-content\/uploads\/2022\/10\/caffe_swimwear_casa_de_campo1-1.jpg?fit=650%2C433&ssl=1&resize=525%2C300 1.5x"},"classes":[]},{"id":337624,"url":"https:\/\/casadecampoliving.com\/es\/fashion-show-del-joli-day-beach-vote-por-su-chica-caffe-swimwear-bikini-favorita\/","url_meta":{"origin":337380,"position":1},"title":"\u00a1Fashion Show del Joli-Day Beach! \u00a1Vote por su \u00abChica Caff\u00e9 Swimwear Bikini\u00bb favorita!","author":"","date":"6 Dic, 2011","format":false,"excerpt":"El pasado s\u00e1bado 26 de noviembre, Casa de Campo Living realiz\u00f3 el evento anual de Joli-Day beach por segundo a\u00f1o consecutivo, y como parte de este evento un grupo de hermosas chicas de Casa de Campo participaron en el Fashion Show y sesi\u00f3n de fotos auspiciados por la destacada marca\u2026","rel":"","context":"En \u00abCasa de Campo Living @es\u00bb","block_context":{"text":"Casa de Campo Living @es","link":"https:\/\/casadecampoliving.com\/category\/casa-de-campo-living-es\/"},"img":{"alt_text":"","src":"https:\/\/i0.wp.com\/casadecampoliving.com\/wp-content\/uploads\/2022\/10\/caffe_swimwear_casa_de_campo-2.jpg?fit=650%2C500&ssl=1&resize=350%2C200","width":350,"height":200,"srcset":"https:\/\/i0.wp.com\/casadecampoliving.com\/wp-content\/uploads\/2022\/10\/caffe_swimwear_casa_de_campo-2.jpg?fit=650%2C500&ssl=1&resize=350%2C200 1x, https:\/\/i0.wp.com\/casadecampoliving.com\/wp-content\/uploads\/2022\/10\/caffe_swimwear_casa_de_campo-2.jpg?fit=650%2C500&ssl=1&resize=525%2C300 1.5x"},"classes":[]},{"id":320770,"url":"https:\/\/casadecampoliving.com\/fashion-show-at-joli-day-beach-vote-for-your-favorite-caffe-swimwear-bikini-girl\/","url_meta":{"origin":337380,"position":2},"title":"Fashion Show at Joli-Day Beach! Vote for your favorite \u00abCaff\u00e9 Swimwear Bikini Girl\u00bb!","author":"Rebecca Silvestri","date":"6 Dic, 2011","format":false,"excerpt":"On Saturday the 26th of November, we hosted the 2nd annual \"Joli-Day Beach\" event, and as part of that event a group of 6 Casa de Campo girls took part in a Swimwear Fashion Show and Photo Shoot, sponsored by Caff\u00e9 Swimwear.\u00a0 Here we bring you the photos from the\u2026","rel":"","context":"En \u00abCasa de Campo Living\u00bb","block_context":{"text":"Casa de Campo Living","link":"https:\/\/casadecampoliving.com\/category\/casa-de-campo-living\/"},"img":{"alt_text":"","src":"https:\/\/i0.wp.com\/casadecampoliving.com\/wp-content\/uploads\/2022\/10\/caffe_swimwear_casa_de_campo-2.jpg?fit=650%2C500&ssl=1&resize=350%2C200","width":350,"height":200,"srcset":"https:\/\/i0.wp.com\/casadecampoliving.com\/wp-content\/uploads\/2022\/10\/caffe_swimwear_casa_de_campo-2.jpg?fit=650%2C500&ssl=1&resize=350%2C200 1x, https:\/\/i0.wp.com\/casadecampoliving.com\/wp-content\/uploads\/2022\/10\/caffe_swimwear_casa_de_campo-2.jpg?fit=650%2C500&ssl=1&resize=525%2C300 1.5x"},"classes":[]},{"id":320741,"url":"https:\/\/casadecampoliving.com\/casa-de-campo-celebrates-joli-day-beach-2011-splish-splash-what-a-bash\/","url_meta":{"origin":337380,"position":3},"title":"Casa de Campo celebrates Joli-Day Beach 2011! Splish Splash what a bash!","author":"Rebecca Silvestri","date":"28 Nov, 2011","format":false,"excerpt":"Woohoo! Casa de Campo Living's 2nd annual Joli-Day Beach event sponsored by Coors Light Beer and Ketel One Vodka at Minitas Beach was a wonderful, wet and wild success with more than 1,000 Casa de Campo villa owners, residents and visitors in attendance! The \"Super Tobogan\" slide was a hit\u2026","rel":"","context":"En \u00abCasa de Campo Living\u00bb","block_context":{"text":"Casa de Campo Living","link":"https:\/\/casadecampoliving.com\/category\/casa-de-campo-living\/"},"img":{"alt_text":"joli-day beach 2011","src":"https:\/\/i0.wp.com\/casadecampoliving.com\/wp-content\/uploads\/2022\/10\/joli-day_beach_20117-1.jpg?fit=650%2C342&ssl=1&resize=350%2C200","width":350,"height":200,"srcset":"https:\/\/i0.wp.com\/casadecampoliving.com\/wp-content\/uploads\/2022\/10\/joli-day_beach_20117-1.jpg?fit=650%2C342&ssl=1&resize=350%2C200 1x, https:\/\/i0.wp.com\/casadecampoliving.com\/wp-content\/uploads\/2022\/10\/joli-day_beach_20117-1.jpg?fit=650%2C342&ssl=1&resize=525%2C300 1.5x"},"classes":[]},{"id":337835,"url":"https:\/\/casadecampoliving.com\/es\/paula-dominguez-gana-el-concurso-de-la-chica-caffe-swimwear\/","url_meta":{"origin":337380,"position":4},"title":"Paula Dom\u00ednguez gana el concurso de la \u00abChica Caff\u00e9 Swimwear\u00bb","author":"","date":"21 Dic, 2011","format":false,"excerpt":"Muchas felicidades Paula! Luego de casi dos semanas de votaciones, nos complace anunciar que Paula Dom\u00ednguez es la ganadora del concurso de la \"Chica Caff\u00e9 Swimwear\". El concurso de la \"Chica Caff\u00e9 Swimwear\" fue parte de las actividades realizadas en el segundo \"Joli-Day Beach\" celebrado en la Playa Minitas el\u2026","rel":"","context":"En \u00abCasa de Campo Living @es\u00bb","block_context":{"text":"Casa de Campo Living @es","link":"https:\/\/casadecampoliving.com\/category\/casa-de-campo-living-es\/"},"img":{"alt_text":"paula dominguez","src":"https:\/\/i0.wp.com\/casadecampoliving.com\/wp-content\/uploads\/2022\/10\/paula_dominguez_caffe_swimwear-1.jpg?fit=650%2C433&ssl=1&resize=350%2C200","width":350,"height":200,"srcset":"https:\/\/i0.wp.com\/casadecampoliving.com\/wp-content\/uploads\/2022\/10\/paula_dominguez_caffe_swimwear-1.jpg?fit=650%2C433&ssl=1&resize=350%2C200 1x, https:\/\/i0.wp.com\/casadecampoliving.com\/wp-content\/uploads\/2022\/10\/paula_dominguez_caffe_swimwear-1.jpg?fit=650%2C433&ssl=1&resize=525%2C300 1.5x"},"classes":[]},{"id":320820,"url":"https:\/\/casadecampoliving.com\/paula-dominguez-wins-the-caffe-swimwear-bikini-girl-contest\/","url_meta":{"origin":337380,"position":5},"title":"Paula Dominguez wins the \u00abCaff\u00e9 Swimwear Bikini Girl\u00bb contest!","author":"Rebecca Silvestri","date":"21 Dic, 2011","format":false,"excerpt":"Congratulations Paula! Following nearly 2 weeks of voting, we are thrilled to announce that Paula Dominguez is the \"Caff\u00e9 Swimwear Bikini Girl.\" The \"Caff\u00e9 Swimwear Bikini Girl\" contest was part of the 2nd annual \"Joli-day Beach\" celebration held on Minitas Beach in Casa de Campo on Saturday November the 26th.\u2026","rel":"","context":"En \u00abCasa de Campo Living\u00bb","block_context":{"text":"Casa de Campo Living","link":"https:\/\/casadecampoliving.com\/category\/casa-de-campo-living\/"},"img":{"alt_text":"paula dominguez","src":"https:\/\/i0.wp.com\/casadecampoliving.com\/wp-content\/uploads\/2022\/10\/paula_dominguez_caffe_swimwear-1.jpg?fit=650%2C433&ssl=1&resize=350%2C200","width":350,"height":200,"srcset":"https:\/\/i0.wp.com\/casadecampoliving.com\/wp-content\/uploads\/2022\/10\/paula_dominguez_caffe_swimwear-1.jpg?fit=650%2C433&ssl=1&resize=350%2C200 1x, https:\/\/i0.wp.com\/casadecampoliving.com\/wp-content\/uploads\/2022\/10\/paula_dominguez_caffe_swimwear-1.jpg?fit=650%2C433&ssl=1&resize=525%2C300 1.5x"},"classes":[]}],"jetpack_sharing_enabled":true,"_links":{"self":[{"href":"https:\/\/casadecampoliving.com\/es\/wp-json\/wp\/v2\/posts\/337380","targetHints":{"allow":["GET"]}}],"collection":[{"href":"https:\/\/casadecampoliving.com\/es\/wp-json\/wp\/v2\/posts"}],"about":[{"href":"https:\/\/casadecampoliving.com\/es\/wp-json\/wp\/v2\/types\/post"}],"author":[{"embeddable":true,"href":"https:\/\/casadecampoliving.com\/es\/wp-json\/wp\/v2\/users\/21"}],"replies":[{"embeddable":true,"href":"https:\/\/casadecampoliving.com\/es\/wp-json\/wp\/v2\/comments?post=337380"}],"version-history":[{"count":1,"href":"https:\/\/casadecampoliving.com\/es\/wp-json\/wp\/v2\/posts\/337380\/revisions"}],"predecessor-version":[{"id":337381,"href":"https:\/\/casadecampoliving.com\/es\/wp-json\/wp\/v2\/posts\/337380\/revisions\/337381"}],"wp:featuredmedia":[{"embeddable":true,"href":"https:\/\/casadecampoliving.com\/es\/wp-json\/wp\/v2\/media\/219559"}],"wp:attachment":[{"href":"https:\/\/casadecampoliving.com\/es\/wp-json\/wp\/v2\/media?parent=337380"}],"wp:term":[{"taxonomy":"category","embeddable":true,"href":"https:\/\/casadecampoliving.com\/es\/wp-json\/wp\/v2\/categories?post=337380"},{"taxonomy":"post_tag","embeddable":true,"href":"https:\/\/casadecampoliving.com\/es\/wp-json\/wp\/v2\/tags?post=337380"},{"taxonomy":"newspack_spnsrs_tax","embeddable":true,"href":"https:\/\/casadecampoliving.com\/es\/wp-json\/wp\/v2\/newspack_spnsrs_tax?post=337380"}],"curies":[{"name":"wp","href":"https:\/\/api.w.org\/{rel}","templated":true}]}}