{"id":337378,"date":"2011-11-22T00:00:00","date_gmt":"2011-11-22T04:00:00","guid":{"rendered":"https:\/\/casadecampoliving.com\/casi-llega-la-temporada-conciertos-y-actividades-en-altos-de-chavon\/"},"modified":"2022-10-21T18:39:03","modified_gmt":"2022-10-21T22:39:03","slug":"casi-llega-la-temporada-conciertos-y-actividades-en-altos-de-chavon","status":"publish","type":"post","link":"https:\/\/casadecampoliving.com\/es\/casi-llega-la-temporada-conciertos-y-actividades-en-altos-de-chavon\/","title":{"rendered":"Casi llega la temporada! Conciertos y actividades en Altos de Chav\u00f3n"},"content":{"rendered":"<div class=\"wp-block-image\">\n<figure class=\"aligncenter is-resized\"><a href=\"https:\/\/i0.wp.com\/casadecampoliving.com\/wp-content\/uploads\/2022\/10\/christmas_tree_altosdechavon.jpg?ssl=1\"><img loading=\"lazy\" decoding=\"async\" src=\"https:\/\/i0.wp.com\/casadecampoliving.com\/wp-content\/uploads\/2022\/10\/christmas_tree_altosdechavon.jpg?resize=565%2C320&amp;ssl=1\" alt=\"\" class=\"wp-image-24258\" title=\"christmas_tree_altosdechavon\" height=\"320\" width=\"565\"\/><\/a><\/figure>\n<\/div>\n\n\n<p>Las fiestas&nbsp;navide\u00f1as&nbsp;2011 de Altos de Chavon&nbsp;ser\u00e1n&nbsp;celebradas al puro estilo de las tradiciones dominicanas. Un extensivo programa de actividades culturales y artisticas se estar\u00e1n desarrollando en Altos de&nbsp;Chav\u00f3n, resaltando la&nbsp;m\u00fasica, arte y folklore&nbsp;t\u00edpicos&nbsp;de esta temporada.<\/p>\n\n\n\n<!--more-->\n\n\n\n<h2 class=\"wp-block-heading\"><span style=\"text-decoration: underline;\"><strong>Espect\u00e1culos<\/strong><strong>&nbsp;en el Anfiteatro de Altos de Chav\u00f3n<\/strong><\/span><\/h2>\n\n\n\n<blockquote class=\"wp-block-quote is-layout-flow wp-block-quote-is-layout-flow\"><p><strong><em><span style=\"text-decoration: underline;\">KANDELA!<\/span><\/em><\/strong><\/p><p>Una&nbsp;selecci\u00f3n&nbsp;de&nbsp;m\u00fasica&nbsp;en vivo y 50 bailarines en escena contagiar\u00e1n a los presentes del ritmo de la isla. Las boletas est\u00e1n disponibles en el Concierge de Casa de Campo y en la&nbsp;boleter\u00eda&nbsp;del Anfiteatro de Altos de&nbsp;Chav\u00f3n.<\/p><p><strong>Fechas<\/strong>: <em><strong>12, 19, 21, 26 &amp; 28 <\/strong>dic<\/em><\/p><p><strong>Hora<\/strong>:&nbsp; 6:00pm<\/p><\/blockquote>\n\n\n\n<blockquote class=\"wp-block-quote is-layout-flow wp-block-quote-is-layout-flow\"><p><strong><em><span> <span><span style=\"text-decoration: underline;\">Ceremonia para encender el&nbsp;\u00c1rbol&nbsp;Navide\u00f1o&nbsp;&amp; el Ballet \u201cCascanueces\u201d<\/span><\/span><\/span><\/em><\/strong><\/p><p>Es la ceremonia oficial para lanzar la temporada de vacaciones&nbsp;navide\u00f1as&nbsp;y encender las luces que iluminan las hermosas decoraciones del&nbsp;\u00c1rbol&nbsp;Navide\u00f1o&nbsp;de la Plaza&nbsp;Chav\u00f3n. El&nbsp;evento&nbsp;incluir\u00e1&nbsp;una&nbsp;presentaci\u00f3n&nbsp;especial de la \u201cSuite de Cascanueces de Tchaikovsky\u201d con el Ballet Nacional, auspiciado por el <strong>Ministerio de Cultura de la&nbsp;Rep\u00fablica&nbsp;Dominicana.<\/strong><\/p><p><strong>Fecha<\/strong>: Viernes <span class=\"Apple-style-span\" style=\"font-size: 11px;\"><strong>16<\/strong> de&nbsp;<\/span>&nbsp;Dic.<\/p><p><strong>Hora<\/strong>: 7:00pm<\/p><\/blockquote>\n\n\n\n<blockquote class=\"wp-block-quote is-layout-flow wp-block-quote-is-layout-flow\"><p><strong><em><span style=\"text-decoration: underline;\">Folklore a los Cuatro Vientos<\/span><\/em><\/strong><\/p><p>Una&nbsp;presentaci\u00f3n&nbsp;del Ballet Folkl\u00f3rico Nacional dirigido por &nbsp;la &nbsp;Prof. Josefina Mini\u00f1o. Una magnifica&nbsp;producci\u00f3n&nbsp;preparada especialmente para conmemorar el 30 aniversario del Ballet Folklorico Nacional.<\/p><p><strong>Fecha<\/strong>: Sab 17 de Dic<\/p><p><strong>Hora<\/strong>: 8:00pm<\/p><\/blockquote>\n\n\n\n<h2 class=\"wp-block-heading\"><strong><span style=\"text-decoration: underline;\"> Actividades en la Plaza Chav\u00f3n<\/span><\/strong><\/h2>\n\n\n\n<blockquote class=\"wp-block-quote is-layout-flow wp-block-quote-is-layout-flow\"><p><strong><em><span style=\"text-decoration: underline;\">Bazar&nbsp;<\/span><\/em><\/strong><strong><em><span style=\"text-decoration: underline;\">Navide\u00f1o<\/span><\/em><\/strong><\/p><p>Este evento dara a los visitantes de Altos de Chav\u00f3n una gran oportunidad para adquirir presentes de&nbsp;\u00faltimo minuto o hermosos souvenirs para llevarse a casa, mientras&nbsp;tambi\u00e9n&nbsp;disfruta de un dia repleto de entretenimiento y&nbsp;diversi\u00f3n&nbsp;con las distintas actividades programadas para le disfrute de todos los integrantes de la familia.<\/p><p><strong>Fecha<\/strong>: Sab. 10 Dic<\/p><p><strong>Hora<\/strong>: 11pm \u2013 11pm<\/p><\/blockquote>\n\n\n\n<blockquote class=\"wp-block-quote is-layout-flow wp-block-quote-is-layout-flow\"><p><strong><em><span style=\"text-decoration: underline;\">Santa Claus viene a Chav\u00f3n!<\/span><\/em><\/strong><\/p><p>Santa y sus duendesitos&nbsp;har\u00e1n&nbsp;su primera parada en Altos de Chav\u00f3n!&nbsp;Estar\u00e1&nbsp;aqu\u00ed&nbsp;durante la semana para saludar y tomarse&nbsp;fotograf\u00edas&nbsp;con ni\u00f1os y adultos hasta que el trineo le regrese al Polo Norte!&nbsp;As\u00ed&nbsp;que&nbsp;atenci\u00f3n&nbsp;a los&nbsp;peque\u00f1itos&nbsp;(y a los no tan&nbsp;peque\u00f1itos)\u2026 no olviden traer sus cartas a Santa!<\/p><p><strong>Fechas<\/strong>:<strong>&nbsp;19, 21<\/strong>&nbsp;(5-7pm) y <strong>25<\/strong> (7-8pm)<\/p><p><strong><em>12, 13, 15, 17, 19, 21 <\/em><\/strong>(5-7pm), <strong><em>25 <\/em><\/strong>(7-8pm)<\/p><\/blockquote>\n\n\n\n<blockquote class=\"wp-block-quote is-layout-flow wp-block-quote-is-layout-flow\"><p><strong><strong><span style=\"text-decoration: underline;\">Recital de Navidad<\/span><\/strong><\/strong><\/p><p>La reconocida pianista <strong>Maria de Fatima Giraldez<\/strong>&nbsp;acompanara a la Compania Nacional de Cantantes Liricos y a la Soprano <strong>Antonia Maria Chabebe<\/strong>, en una seleccion de hermosos villancicos. Una presentacion auspiciada por el <strong>Ministerio de Cultura de la Republica Dominicana.<\/strong><\/p><p><strong>Fecha: <\/strong>Sab. 10 Dic.<\/p><p><strong>Hora: <\/strong>9:00pm.<\/p><p><strong><strong><span><span style=\"text-decoration: underline;\"><br>\nEXTRAVAGANZA DOMINICANA!<\/span><\/span><\/strong><\/strong><\/p><p><strong><\/strong>Un emocionante programa de actividades que ser\u00e1 realizado en las tardes para los visitantes. En el, podr\u00e1n disfrutar y aprender de las tradiciones,&nbsp;gastronom\u00eda, folklore, arte y cultura de la&nbsp;Rep\u00fablica&nbsp;Dominicana, resaltando la extensiva oferta cultural y&nbsp;art\u00edstica&nbsp;de los <strong>Estudios de Arte<\/strong>, <strong>Galeria<\/strong> y <strong>Museo Arqueologico Regional de Altos de Chavon<\/strong>.<\/p><p><strong>Fecha<\/strong>: &nbsp;<strong>12, 19, 21, 26, 28<\/strong>&nbsp;de Dic.<\/p><p><strong>Hora<\/strong>: 2-6pm<\/p><\/blockquote>\n\n\n\n<blockquote class=\"wp-block-quote is-layout-flow wp-block-quote-is-layout-flow\"><p><strong><span style=\"text-decoration: underline;\">Escuela Nacional de Danza (ENDANZA<\/span><\/strong><strong>)<\/strong><\/p><p>Una&nbsp;funci\u00f3n&nbsp;dirigida por la Prof. Ninoska Velazquez.&nbsp;ENDANZA es la&nbsp;instituci\u00f3n&nbsp;oficial encargada de promover y motivar los estudios de danza&nbsp;cl\u00e1sicas&nbsp;y folkl\u00f3ricas en la&nbsp;Rep\u00fablica&nbsp;Dominicana. Este grupo esta integrado por j\u00f3venes entre 7 y 17 a\u00f1os de edad, bajo un entrenamiento especial que les&nbsp;servir\u00e1&nbsp;de plataforma para unirse posteriormente a la Escuela Nacional de Ballet y al Ballet Folkl\u00f3rico Nacional.<\/p><p><strong>Fecha:<\/strong>&nbsp;15 de Dic.<\/p><p><strong>Time<\/strong>: 8pm<\/p><\/blockquote>\n\n\n\n<blockquote class=\"wp-block-quote is-layout-flow wp-block-quote-is-layout-flow\"><p><strong><span><span style=\"text-decoration: underline;\">Villancicos&nbsp;Navide\u00f1os&nbsp;por el Coro Madrigalistas<\/span><\/span><\/strong><\/p><p>Dirigido por el Prof. Andr\u00e9s Capell\u00e1n durante la misa.<\/p><p><strong>Hora<\/strong>: 10pm.<\/p><p><strong>Fecha<\/strong>: 24 de Dic.<\/p><\/blockquote>\n\n\n\n<blockquote class=\"wp-block-quote is-layout-flow wp-block-quote-is-layout-flow\"><p><strong><span style=\"text-decoration: underline;\">Domingo 25 de diciembre &nbsp;\u2013 Feliz Navidad!<\/span><\/strong><em><\/em><\/p><p>Una tarde y una noche en compania de toda la familia para dar gracias y pasar un momento agradable al&nbsp;comp\u00e1s&nbsp;de la&nbsp;m\u00fasica&nbsp;y bailes en la Plaza de Altos de Chav\u00f3n. &nbsp;Celebremos la Navidad!!<\/p><p><strong>5:30 PM<\/strong>&nbsp; &nbsp; &nbsp; &nbsp; &nbsp; &nbsp; &nbsp; &nbsp; &nbsp; &nbsp; &nbsp; <strong>Misa&nbsp;Cat\u00f3lica<\/strong>,&nbsp;Iglesia St. Stanislaus<\/p><p><strong>6:00 PM <\/strong>&nbsp;&nbsp;&nbsp;&nbsp;&nbsp;&nbsp;&nbsp;&nbsp;&nbsp;&nbsp;&nbsp;&nbsp;&nbsp;&nbsp;&nbsp;&nbsp;&nbsp;&nbsp;&nbsp;&nbsp; <strong>La Natividad.<\/strong><\/p><p>Traiga a toda la familia a disfrutar de la&nbsp;recreaci\u00f3n&nbsp;de este momento&nbsp;hist\u00f3rico&nbsp;que cambio al mundo. Es el nacimiento de&nbsp;Jes\u00fas&nbsp;y la&nbsp;celebraci\u00f3n&nbsp;de la Navidad.<\/p><p><strong>7 \u2013 8 PM <\/strong>&nbsp; &nbsp; &nbsp; &nbsp; &nbsp; &nbsp; &nbsp; &nbsp; &nbsp; &nbsp; &nbsp;<strong>La llegada de<\/strong>&nbsp;<strong>Santa!<\/strong><\/p><p>Saludara a los ninos con muchas sorpresas!<\/p><p><strong>8 \u2013 11 PM <\/strong>&nbsp; &nbsp; &nbsp; &nbsp; &nbsp; &nbsp; &nbsp; &nbsp; &nbsp; <strong>La Celebracion de la Navidad \u201cDominicana<\/strong>\u201c<strong>. <\/strong><\/p><p>P\u00f3ngase&nbsp;sus zapatos de baile y disfrute de la <strong>Orquesta Dekadas<\/strong>&nbsp;con merengues&nbsp;t\u00edpicos&nbsp;de la Navidad.<\/p><\/blockquote>\n\n\n\n<blockquote class=\"wp-block-quote is-layout-flow wp-block-quote-is-layout-flow\"><p><strong><span style=\"text-decoration: underline;\"> David Almengod y&nbsp;<\/span><\/strong><strong><span style=\"text-decoration: underline;\">TankeLAB<\/span><\/strong><\/p><p><strong><\/strong>Una increible e interactiva&nbsp;producci\u00f3n&nbsp;musical con la&nbsp;participaci\u00f3n&nbsp;de 8 percusionistas y un DJ, guiados por este talentoso percusionista dominicano.<\/p><p><strong>Fecha<\/strong>: 26 de Dic<\/p><p><strong>Hora<\/strong>: 8:30pm<\/p><\/blockquote>\n\n\n\n<blockquote class=\"wp-block-quote is-layout-flow wp-block-quote-is-layout-flow\"><p><span style=\"text-decoration: underline;\"><strong>La Natividad por los ni\u00f1os de la&nbsp;Fundaci\u00f3n&nbsp;MIR<\/strong><\/span><\/p><p><strong><\/strong>Los ni\u00f1os de los dos programas de la&nbsp;<strong>Misi\u00f3n Internacional de Rescate (MIR)<\/strong>&nbsp;en La Romana (MIR Esperanza y la Escuela Vocacional)&nbsp;har\u00e1n&nbsp;una&nbsp;presentaci\u00f3n&nbsp;especial de Navidad con motivo a la llegada del Nino&nbsp;Jes\u00fas&nbsp;y otros temas tradicionales.&nbsp;Estar\u00e1n&nbsp;a la venta: galletas, chocolate caliente y te de jengibre a beneficio de estas dos instituciones sin fines de lucro.<\/p><p><strong>Fecha<\/strong>: 27 de Dic<\/p><p><strong>Hora<\/strong>: 6:30 \u2013 7:30pm<\/p><\/blockquote>\n\n\n\n<blockquote class=\"wp-block-quote is-layout-flow wp-block-quote-is-layout-flow\"><p><strong><span><span><span style=\"text-decoration: underline;\">Gu\u00edas&nbsp;tur\u00edsticas&nbsp;por el Museo&nbsp;Arqueol\u00f3gico&nbsp;Regional de Altos de Chav\u00f3n&nbsp;<\/span><\/span><\/span><\/strong><\/p><p><strong><\/strong>Se realizan en ingles y espa\u00f1ol, cada media hora. Durante las festividades, esta es una excelente oportunidad para aprender de las tradiciones y&nbsp;m\u00e1gicas&nbsp;celebraciones de los Tainos, los primeros habitantes de la isla y como se relacionan a las presentes celebraciones dominicanas.<\/p><p><strong>Fecha:<\/strong>&nbsp;28 de Dic.<\/p><p><strong>Hora:&nbsp;<\/strong>&nbsp;4-6pm<\/p><\/blockquote>\n\n\n\n<blockquote class=\"wp-block-quote is-layout-flow wp-block-quote-is-layout-flow\"><p><strong><span><span style=\"text-decoration: underline;\">Exposici\u00f3n&nbsp;de arte de Fernando Tambourini<\/span><\/span><\/strong><\/p><p>C\u00f3ctel&nbsp;inaugural de la&nbsp;exhibici\u00f3n&nbsp;de arte del artista dominicano <strong>Fernando Tambourini <\/strong>en&nbsp;<strong>&nbsp;La Galer\u00eda. <\/strong>&nbsp;M\u00fasica&nbsp;en vivo incluida!<strong> <\/strong><\/p><p><strong><\/strong><strong>Fecha<\/strong>: 28 de Dic.<strong><\/strong><\/p><p><strong>Hora<\/strong>: 7-9pm<\/p><\/blockquote>\n\n\n\n<blockquote class=\"wp-block-quote is-layout-flow wp-block-quote-is-layout-flow\"><p><strong><span style=\"text-decoration: underline;\">Viernes 31 de diciembre:<\/span><\/strong><\/p><p><strong>6 PM-12 AM<\/strong>&nbsp; &nbsp; &nbsp; &nbsp; &nbsp; &nbsp; &nbsp; &nbsp;<strong>Cena especial de a\u00f1o nuevo en:<\/strong><\/p><p><strong><\/strong>\u2022&nbsp;<strong>LA PIAZZETTA<\/strong><strong><br>\n<\/strong><strong>\u2022 GINOS IN TRASTEVERE<\/strong><\/p><p>Haga sus reservaciones.<\/p><p><strong>11 PM <\/strong>&nbsp; &nbsp; &nbsp; &nbsp; &nbsp; &nbsp; &nbsp; &nbsp; &nbsp; &nbsp; &nbsp; &nbsp; Fiesta de A\u00f1o Nuevo<strong>&nbsp;<\/strong><\/p><p><strong><\/strong>Espere la llegada del 2012 en el mas glamuroso y emocionante ambiente de Casa de Campo. Haga sus reservaciones.<\/p><p><strong>\u2022 Praia at Altos de Chavon<br>\n<\/strong><strong>\u2022 Onno\u2019s<br>\n<\/strong><strong>\u2022 Papa Jack\u2019s<\/strong><\/p><\/blockquote>\n","protected":false},"excerpt":{"rendered":"<p>Las fiestas&nbsp;navide\u00f1as&nbsp;2011 de Altos de Chavon&nbsp;ser\u00e1n&nbsp;celebradas al puro estilo de las tradiciones dominicanas. Un extensivo programa de actividades culturales y artisticas se estar\u00e1n desarrollando en Altos de&nbsp;Chav\u00f3n, resaltando la&nbsp;m\u00fasica, arte y folklore&nbsp;t\u00edpicos&nbsp;de esta temporada.<\/p>\n","protected":false},"author":21,"featured_media":219638,"comment_status":"closed","ping_status":"closed","sticky":false,"template":"","format":"standard","meta":{"newspack_ads_suppress_ads":false,"newspack_popups_has_disabled_popups":false,"newspack_sponsor_sponsorship_scope":"","newspack_sponsor_native_byline_display":"inherit","newspack_sponsor_native_category_display":"inherit","newspack_sponsor_underwriter_style":"inherit","newspack_sponsor_underwriter_placement":"inherit","_newspack_byline_active":false,"_newspack_byline":"","newspack_hide_updated_date":false,"newspack_show_updated_date":false,"newspack_content_restriction_is_exempt":false,"newspack_featured_image_position":"","newspack_post_subtitle":"","newspack_article_summary_title":"Overview:","newspack_article_summary":"","_jetpack_memberships_contains_paid_content":false,"footnotes":"","jetpack_publicize_message":"","jetpack_publicize_feature_enabled":true,"jetpack_social_post_already_shared":false,"jetpack_social_options":{"image_generator_settings":{"template":"highway","default_image_id":0,"font":"","enabled":false},"version":2},"_wpas_customize_per_network":false},"categories":[26819,26823,14631,2522,14625,14627,2521,2526],"tags":[2945],"newspack_spnsrs_tax":[],"class_list":["post-337378","post","type-post","status-publish","format-standard","has-post-thumbnail","hentry","category-altos-de-chavon-es","category-arte-y-cultura","category-estilo-de-vida","category-eventos-es","category-noticias-locales","category-proximamente","category-republica-dominicana-2","category-titulares-es","tag-bazaar-navideno-2011-es","entry"],"yoast_head":"<!-- This site is optimized with the Yoast SEO plugin v27.4 - https:\/\/yoast.com\/product\/yoast-seo-wordpress\/ -->\n<title>Casi llega la temporada! Conciertos y actividades en Altos de Chav\u00f3n | Casa de Campo Living<\/title>\n<meta name=\"description\" content=\"Las fiestas&nbsp;navide\u00f1as&nbsp;2011 de Altos de Chavon&nbsp;ser\u00e1n&nbsp;celebradas al puro estilo de las tradiciones dominicanas. Un extensivo programa de\" \/>\n<meta name=\"robots\" content=\"index, follow, max-snippet:-1, max-image-preview:large, max-video-preview:-1\" \/>\n<link rel=\"canonical\" href=\"https:\/\/casadecampoliving.com\/es\/casi-llega-la-temporada-conciertos-y-actividades-en-altos-de-chavon\/\" \/>\n<meta property=\"og:locale\" content=\"es_ES\" \/>\n<meta property=\"og:type\" content=\"article\" \/>\n<meta property=\"og:title\" content=\"Casi llega la temporada! Conciertos y actividades en Altos de Chav\u00f3n | Casa de Campo Living\" \/>\n<meta property=\"og:description\" content=\"Las fiestas&nbsp;navide\u00f1as&nbsp;2011 de Altos de Chavon&nbsp;ser\u00e1n&nbsp;celebradas al puro estilo de las tradiciones dominicanas. Un extensivo programa de\" \/>\n<meta property=\"og:url\" content=\"https:\/\/casadecampoliving.com\/es\/casi-llega-la-temporada-conciertos-y-actividades-en-altos-de-chavon\/\" \/>\n<meta property=\"og:site_name\" content=\"Casa de Campo Living\" \/>\n<meta property=\"article:publisher\" content=\"https:\/\/www.facebook.com\/casadecampoliving\" \/>\n<meta property=\"article:published_time\" content=\"2011-11-22T04:00:00+00:00\" \/>\n<meta property=\"article:modified_time\" content=\"2022-10-21T22:39:03+00:00\" \/>\n<meta property=\"og:image\" content=\"https:\/\/i0.wp.com\/casadecampoliving.com\/wp-content\/uploads\/2022\/10\/christmas_tree_altosdechavon-1.jpg?fit=565%2C320&ssl=1\" \/>\n\t<meta property=\"og:image:width\" content=\"565\" \/>\n\t<meta property=\"og:image:height\" content=\"320\" \/>\n\t<meta property=\"og:image:type\" content=\"image\/jpeg\" \/>\n<meta name=\"twitter:card\" content=\"summary_large_image\" \/>\n<meta name=\"twitter:creator\" content=\"@cdcliving\" \/>\n<meta name=\"twitter:site\" content=\"@cdcliving\" \/>\n<meta name=\"twitter:label1\" content=\"Escrito por\" \/>\n\t<meta name=\"twitter:data1\" content=\"\" \/>\n\t<meta name=\"twitter:label2\" content=\"Tiempo de lectura\" \/>\n\t<meta name=\"twitter:data2\" content=\"6 minutos\" \/>\n<script type=\"application\/ld+json\" class=\"yoast-schema-graph\">{\"@context\":\"https:\\\/\\\/schema.org\",\"@graph\":[{\"@type\":\"Article\",\"@id\":\"https:\\\/\\\/casadecampoliving.com\\\/es\\\/casi-llega-la-temporada-conciertos-y-actividades-en-altos-de-chavon\\\/#article\",\"isPartOf\":{\"@id\":\"https:\\\/\\\/casadecampoliving.com\\\/es\\\/casi-llega-la-temporada-conciertos-y-actividades-en-altos-de-chavon\\\/\"},\"author\":{\"name\":\"\",\"@id\":\"https:\\\/\\\/casadecampoliving.com\\\/es\\\/#\\\/schema\\\/person\\\/7e3b975d584a5f6ac0fd7128a81b0bc5\"},\"headline\":\"Casi llega la temporada! Conciertos y actividades en Altos de Chav\u00f3n\",\"datePublished\":\"2011-11-22T04:00:00+00:00\",\"dateModified\":\"2022-10-21T22:39:03+00:00\",\"mainEntityOfPage\":{\"@id\":\"https:\\\/\\\/casadecampoliving.com\\\/es\\\/casi-llega-la-temporada-conciertos-y-actividades-en-altos-de-chavon\\\/\"},\"wordCount\":1210,\"publisher\":{\"@id\":\"https:\\\/\\\/casadecampoliving.com\\\/es\\\/#organization\"},\"image\":{\"@id\":\"https:\\\/\\\/casadecampoliving.com\\\/es\\\/casi-llega-la-temporada-conciertos-y-actividades-en-altos-de-chavon\\\/#primaryimage\"},\"thumbnailUrl\":\"https:\\\/\\\/i0.wp.com\\\/casadecampoliving.com\\\/wp-content\\\/uploads\\\/2022\\\/10\\\/christmas_tree_altosdechavon-1.jpg?fit=565%2C320&ssl=1\",\"keywords\":[\"Bazaar Navide\u00f1o 2011- es\"],\"articleSection\":[\"Altos de Chavon @es\",\"Arte y cultura\",\"Estilo de Vida\",\"Eventos\",\"Noticias Locales\",\"Proximamente\",\"Rep\u00fablica Dominicana @es\",\"Titulares\"],\"inLanguage\":\"es\"},{\"@type\":\"WebPage\",\"@id\":\"https:\\\/\\\/casadecampoliving.com\\\/es\\\/casi-llega-la-temporada-conciertos-y-actividades-en-altos-de-chavon\\\/\",\"url\":\"https:\\\/\\\/casadecampoliving.com\\\/es\\\/casi-llega-la-temporada-conciertos-y-actividades-en-altos-de-chavon\\\/\",\"name\":\"Casi llega la temporada! Conciertos y actividades en Altos de Chav\u00f3n | Casa de Campo Living\",\"isPartOf\":{\"@id\":\"https:\\\/\\\/casadecampoliving.com\\\/es\\\/#website\"},\"primaryImageOfPage\":{\"@id\":\"https:\\\/\\\/casadecampoliving.com\\\/es\\\/casi-llega-la-temporada-conciertos-y-actividades-en-altos-de-chavon\\\/#primaryimage\"},\"image\":{\"@id\":\"https:\\\/\\\/casadecampoliving.com\\\/es\\\/casi-llega-la-temporada-conciertos-y-actividades-en-altos-de-chavon\\\/#primaryimage\"},\"thumbnailUrl\":\"https:\\\/\\\/i0.wp.com\\\/casadecampoliving.com\\\/wp-content\\\/uploads\\\/2022\\\/10\\\/christmas_tree_altosdechavon-1.jpg?fit=565%2C320&ssl=1\",\"datePublished\":\"2011-11-22T04:00:00+00:00\",\"dateModified\":\"2022-10-21T22:39:03+00:00\",\"description\":\"Las fiestas&nbsp;navide\u00f1as&nbsp;2011 de Altos de Chavon&nbsp;ser\u00e1n&nbsp;celebradas al puro estilo de las tradiciones dominicanas. Un extensivo programa de\",\"breadcrumb\":{\"@id\":\"https:\\\/\\\/casadecampoliving.com\\\/es\\\/casi-llega-la-temporada-conciertos-y-actividades-en-altos-de-chavon\\\/#breadcrumb\"},\"inLanguage\":\"es\",\"potentialAction\":[{\"@type\":\"ReadAction\",\"target\":[\"https:\\\/\\\/casadecampoliving.com\\\/es\\\/casi-llega-la-temporada-conciertos-y-actividades-en-altos-de-chavon\\\/\"]}]},{\"@type\":\"ImageObject\",\"inLanguage\":\"es\",\"@id\":\"https:\\\/\\\/casadecampoliving.com\\\/es\\\/casi-llega-la-temporada-conciertos-y-actividades-en-altos-de-chavon\\\/#primaryimage\",\"url\":\"https:\\\/\\\/i0.wp.com\\\/casadecampoliving.com\\\/wp-content\\\/uploads\\\/2022\\\/10\\\/christmas_tree_altosdechavon-1.jpg?fit=565%2C320&ssl=1\",\"contentUrl\":\"https:\\\/\\\/i0.wp.com\\\/casadecampoliving.com\\\/wp-content\\\/uploads\\\/2022\\\/10\\\/christmas_tree_altosdechavon-1.jpg?fit=565%2C320&ssl=1\",\"width\":565,\"height\":320},{\"@type\":\"BreadcrumbList\",\"@id\":\"https:\\\/\\\/casadecampoliving.com\\\/es\\\/casi-llega-la-temporada-conciertos-y-actividades-en-altos-de-chavon\\\/#breadcrumb\",\"itemListElement\":[{\"@type\":\"ListItem\",\"position\":1,\"name\":\"Home\",\"item\":\"https:\\\/\\\/casadecampoliving.com\\\/es\\\/\"},{\"@type\":\"ListItem\",\"position\":2,\"name\":\"Casi llega la temporada! Conciertos y actividades en Altos de Chav\u00f3n\"}]},{\"@type\":\"WebSite\",\"@id\":\"https:\\\/\\\/casadecampoliving.com\\\/es\\\/#website\",\"url\":\"https:\\\/\\\/casadecampoliving.com\\\/es\\\/\",\"name\":\"Casa de Campo Living\",\"description\":\"Resort community news and resources.\",\"publisher\":{\"@id\":\"https:\\\/\\\/casadecampoliving.com\\\/es\\\/#organization\"},\"potentialAction\":[{\"@type\":\"SearchAction\",\"target\":{\"@type\":\"EntryPoint\",\"urlTemplate\":\"https:\\\/\\\/casadecampoliving.com\\\/es\\\/?s={search_term_string}\"},\"query-input\":{\"@type\":\"PropertyValueSpecification\",\"valueRequired\":true,\"valueName\":\"search_term_string\"}}],\"inLanguage\":\"es\"},{\"@type\":\"Organization\",\"@id\":\"https:\\\/\\\/casadecampoliving.com\\\/es\\\/#organization\",\"name\":\"Casa de Campo Living\",\"url\":\"https:\\\/\\\/casadecampoliving.com\\\/es\\\/\",\"logo\":{\"@type\":\"ImageObject\",\"inLanguage\":\"es\",\"@id\":\"https:\\\/\\\/casadecampoliving.com\\\/es\\\/#\\\/schema\\\/logo\\\/image\\\/\",\"url\":\"https:\\\/\\\/i0.wp.com\\\/casadecampoliving.com\\\/wp-content\\\/uploads\\\/2022\\\/07\\\/CDCLivingLogo_V1-white-sized.png?fit=800%2C214&ssl=1\",\"contentUrl\":\"https:\\\/\\\/i0.wp.com\\\/casadecampoliving.com\\\/wp-content\\\/uploads\\\/2022\\\/07\\\/CDCLivingLogo_V1-white-sized.png?fit=800%2C214&ssl=1\",\"width\":800,\"height\":214,\"caption\":\"Casa de Campo Living\"},\"image\":{\"@id\":\"https:\\\/\\\/casadecampoliving.com\\\/es\\\/#\\\/schema\\\/logo\\\/image\\\/\"},\"sameAs\":[\"https:\\\/\\\/www.facebook.com\\\/casadecampoliving\",\"https:\\\/\\\/x.com\\\/cdcliving\"]},{\"@type\":\"Person\",\"@id\":\"https:\\\/\\\/casadecampoliving.com\\\/es\\\/#\\\/schema\\\/person\\\/7e3b975d584a5f6ac0fd7128a81b0bc5\",\"name\":\"\",\"image\":{\"@type\":\"ImageObject\",\"inLanguage\":\"es\",\"@id\":\"https:\\\/\\\/secure.gravatar.com\\\/avatar\\\/?s=96&d=mm&r=g\",\"url\":\"https:\\\/\\\/secure.gravatar.com\\\/avatar\\\/?s=96&d=mm&r=g\",\"contentUrl\":\"https:\\\/\\\/secure.gravatar.com\\\/avatar\\\/?s=96&d=mm&r=g\"},\"url\":\"https:\\\/\\\/casadecampoliving.com\\\/es\\\/author\\\/ \\\/\"}]}<\/script>\n<!-- \/ Yoast SEO plugin. -->","yoast_head_json":{"title":"Casi llega la temporada! Conciertos y actividades en Altos de Chav\u00f3n | Casa de Campo Living","description":"Las fiestas&nbsp;navide\u00f1as&nbsp;2011 de Altos de Chavon&nbsp;ser\u00e1n&nbsp;celebradas al puro estilo de las tradiciones dominicanas. Un extensivo programa de","robots":{"index":"index","follow":"follow","max-snippet":"max-snippet:-1","max-image-preview":"max-image-preview:large","max-video-preview":"max-video-preview:-1"},"canonical":"https:\/\/casadecampoliving.com\/es\/casi-llega-la-temporada-conciertos-y-actividades-en-altos-de-chavon\/","og_locale":"es_ES","og_type":"article","og_title":"Casi llega la temporada! Conciertos y actividades en Altos de Chav\u00f3n | Casa de Campo Living","og_description":"Las fiestas&nbsp;navide\u00f1as&nbsp;2011 de Altos de Chavon&nbsp;ser\u00e1n&nbsp;celebradas al puro estilo de las tradiciones dominicanas. Un extensivo programa de","og_url":"https:\/\/casadecampoliving.com\/es\/casi-llega-la-temporada-conciertos-y-actividades-en-altos-de-chavon\/","og_site_name":"Casa de Campo Living","article_publisher":"https:\/\/www.facebook.com\/casadecampoliving","article_published_time":"2011-11-22T04:00:00+00:00","article_modified_time":"2022-10-21T22:39:03+00:00","og_image":[{"width":565,"height":320,"url":"https:\/\/i0.wp.com\/casadecampoliving.com\/wp-content\/uploads\/2022\/10\/christmas_tree_altosdechavon-1.jpg?fit=565%2C320&ssl=1","type":"image\/jpeg"}],"twitter_card":"summary_large_image","twitter_creator":"@cdcliving","twitter_site":"@cdcliving","twitter_misc":{"Escrito por":"","Tiempo de lectura":"6 minutos"},"schema":{"@context":"https:\/\/schema.org","@graph":[{"@type":"Article","@id":"https:\/\/casadecampoliving.com\/es\/casi-llega-la-temporada-conciertos-y-actividades-en-altos-de-chavon\/#article","isPartOf":{"@id":"https:\/\/casadecampoliving.com\/es\/casi-llega-la-temporada-conciertos-y-actividades-en-altos-de-chavon\/"},"author":{"name":"","@id":"https:\/\/casadecampoliving.com\/es\/#\/schema\/person\/7e3b975d584a5f6ac0fd7128a81b0bc5"},"headline":"Casi llega la temporada! Conciertos y actividades en Altos de Chav\u00f3n","datePublished":"2011-11-22T04:00:00+00:00","dateModified":"2022-10-21T22:39:03+00:00","mainEntityOfPage":{"@id":"https:\/\/casadecampoliving.com\/es\/casi-llega-la-temporada-conciertos-y-actividades-en-altos-de-chavon\/"},"wordCount":1210,"publisher":{"@id":"https:\/\/casadecampoliving.com\/es\/#organization"},"image":{"@id":"https:\/\/casadecampoliving.com\/es\/casi-llega-la-temporada-conciertos-y-actividades-en-altos-de-chavon\/#primaryimage"},"thumbnailUrl":"https:\/\/i0.wp.com\/casadecampoliving.com\/wp-content\/uploads\/2022\/10\/christmas_tree_altosdechavon-1.jpg?fit=565%2C320&ssl=1","keywords":["Bazaar Navide\u00f1o 2011- es"],"articleSection":["Altos de Chavon @es","Arte y cultura","Estilo de Vida","Eventos","Noticias Locales","Proximamente","Rep\u00fablica Dominicana @es","Titulares"],"inLanguage":"es"},{"@type":"WebPage","@id":"https:\/\/casadecampoliving.com\/es\/casi-llega-la-temporada-conciertos-y-actividades-en-altos-de-chavon\/","url":"https:\/\/casadecampoliving.com\/es\/casi-llega-la-temporada-conciertos-y-actividades-en-altos-de-chavon\/","name":"Casi llega la temporada! Conciertos y actividades en Altos de Chav\u00f3n | Casa de Campo Living","isPartOf":{"@id":"https:\/\/casadecampoliving.com\/es\/#website"},"primaryImageOfPage":{"@id":"https:\/\/casadecampoliving.com\/es\/casi-llega-la-temporada-conciertos-y-actividades-en-altos-de-chavon\/#primaryimage"},"image":{"@id":"https:\/\/casadecampoliving.com\/es\/casi-llega-la-temporada-conciertos-y-actividades-en-altos-de-chavon\/#primaryimage"},"thumbnailUrl":"https:\/\/i0.wp.com\/casadecampoliving.com\/wp-content\/uploads\/2022\/10\/christmas_tree_altosdechavon-1.jpg?fit=565%2C320&ssl=1","datePublished":"2011-11-22T04:00:00+00:00","dateModified":"2022-10-21T22:39:03+00:00","description":"Las fiestas&nbsp;navide\u00f1as&nbsp;2011 de Altos de Chavon&nbsp;ser\u00e1n&nbsp;celebradas al puro estilo de las tradiciones dominicanas. Un extensivo programa de","breadcrumb":{"@id":"https:\/\/casadecampoliving.com\/es\/casi-llega-la-temporada-conciertos-y-actividades-en-altos-de-chavon\/#breadcrumb"},"inLanguage":"es","potentialAction":[{"@type":"ReadAction","target":["https:\/\/casadecampoliving.com\/es\/casi-llega-la-temporada-conciertos-y-actividades-en-altos-de-chavon\/"]}]},{"@type":"ImageObject","inLanguage":"es","@id":"https:\/\/casadecampoliving.com\/es\/casi-llega-la-temporada-conciertos-y-actividades-en-altos-de-chavon\/#primaryimage","url":"https:\/\/i0.wp.com\/casadecampoliving.com\/wp-content\/uploads\/2022\/10\/christmas_tree_altosdechavon-1.jpg?fit=565%2C320&ssl=1","contentUrl":"https:\/\/i0.wp.com\/casadecampoliving.com\/wp-content\/uploads\/2022\/10\/christmas_tree_altosdechavon-1.jpg?fit=565%2C320&ssl=1","width":565,"height":320},{"@type":"BreadcrumbList","@id":"https:\/\/casadecampoliving.com\/es\/casi-llega-la-temporada-conciertos-y-actividades-en-altos-de-chavon\/#breadcrumb","itemListElement":[{"@type":"ListItem","position":1,"name":"Home","item":"https:\/\/casadecampoliving.com\/es\/"},{"@type":"ListItem","position":2,"name":"Casi llega la temporada! Conciertos y actividades en Altos de Chav\u00f3n"}]},{"@type":"WebSite","@id":"https:\/\/casadecampoliving.com\/es\/#website","url":"https:\/\/casadecampoliving.com\/es\/","name":"Casa de Campo Living","description":"Resort community news and resources.","publisher":{"@id":"https:\/\/casadecampoliving.com\/es\/#organization"},"potentialAction":[{"@type":"SearchAction","target":{"@type":"EntryPoint","urlTemplate":"https:\/\/casadecampoliving.com\/es\/?s={search_term_string}"},"query-input":{"@type":"PropertyValueSpecification","valueRequired":true,"valueName":"search_term_string"}}],"inLanguage":"es"},{"@type":"Organization","@id":"https:\/\/casadecampoliving.com\/es\/#organization","name":"Casa de Campo Living","url":"https:\/\/casadecampoliving.com\/es\/","logo":{"@type":"ImageObject","inLanguage":"es","@id":"https:\/\/casadecampoliving.com\/es\/#\/schema\/logo\/image\/","url":"https:\/\/i0.wp.com\/casadecampoliving.com\/wp-content\/uploads\/2022\/07\/CDCLivingLogo_V1-white-sized.png?fit=800%2C214&ssl=1","contentUrl":"https:\/\/i0.wp.com\/casadecampoliving.com\/wp-content\/uploads\/2022\/07\/CDCLivingLogo_V1-white-sized.png?fit=800%2C214&ssl=1","width":800,"height":214,"caption":"Casa de Campo Living"},"image":{"@id":"https:\/\/casadecampoliving.com\/es\/#\/schema\/logo\/image\/"},"sameAs":["https:\/\/www.facebook.com\/casadecampoliving","https:\/\/x.com\/cdcliving"]},{"@type":"Person","@id":"https:\/\/casadecampoliving.com\/es\/#\/schema\/person\/7e3b975d584a5f6ac0fd7128a81b0bc5","name":"","image":{"@type":"ImageObject","inLanguage":"es","@id":"https:\/\/secure.gravatar.com\/avatar\/?s=96&d=mm&r=g","url":"https:\/\/secure.gravatar.com\/avatar\/?s=96&d=mm&r=g","contentUrl":"https:\/\/secure.gravatar.com\/avatar\/?s=96&d=mm&r=g"},"url":"https:\/\/casadecampoliving.com\/es\/author\/ \/"}]}},"parsely":{"version":"1.1.0","canonical_url":"https:\/\/casadecampoliving.com\/es\/casi-llega-la-temporada-conciertos-y-actividades-en-altos-de-chavon\/","smart_links":{"inbound":0,"outbound":0},"traffic_boost_suggestions_count":0,"meta":{"@context":"https:\/\/schema.org","@type":"NewsArticle","headline":"Casi llega la temporada! Conciertos y actividades en Altos de Chav\u00f3n","url":"http:\/\/casadecampoliving.com\/es\/casi-llega-la-temporada-conciertos-y-actividades-en-altos-de-chavon\/","mainEntityOfPage":{"@type":"WebPage","@id":"http:\/\/casadecampoliving.com\/es\/casi-llega-la-temporada-conciertos-y-actividades-en-altos-de-chavon\/"},"thumbnailUrl":"https:\/\/i0.wp.com\/casadecampoliving.com\/wp-content\/uploads\/2022\/10\/christmas_tree_altosdechavon-1.jpg?resize=150%2C150&ssl=1","image":{"@type":"ImageObject","url":"https:\/\/i0.wp.com\/casadecampoliving.com\/wp-content\/uploads\/2022\/10\/christmas_tree_altosdechavon-1.jpg?fit=565%2C320&ssl=1"},"articleSection":"Altos de Chavon @es","author":[{"@type":"Person","name":"FB_515917546"}],"creator":["FB_515917546"],"publisher":{"@type":"Organization","name":"Casa de Campo Living","logo":"https:\/\/casadecampoliving.com\/wp-content\/uploads\/2022\/07\/CDCLivingLogo_V1-white-sized.png"},"keywords":["bazaar navide\u00f1o 2011- es"],"dateCreated":"2011-11-22T04:00:00Z","datePublished":"2011-11-22T04:00:00Z","dateModified":"2022-10-21T22:39:03Z"},"rendered":"<script type=\"application\/ld+json\" class=\"wp-parsely-metadata\">{\"@context\":\"https:\\\/\\\/schema.org\",\"@type\":\"NewsArticle\",\"headline\":\"Casi llega la temporada! Conciertos y actividades en Altos de Chav\\u00f3n\",\"url\":\"http:\\\/\\\/casadecampoliving.com\\\/es\\\/casi-llega-la-temporada-conciertos-y-actividades-en-altos-de-chavon\\\/\",\"mainEntityOfPage\":{\"@type\":\"WebPage\",\"@id\":\"http:\\\/\\\/casadecampoliving.com\\\/es\\\/casi-llega-la-temporada-conciertos-y-actividades-en-altos-de-chavon\\\/\"},\"thumbnailUrl\":\"https:\\\/\\\/i0.wp.com\\\/casadecampoliving.com\\\/wp-content\\\/uploads\\\/2022\\\/10\\\/christmas_tree_altosdechavon-1.jpg?resize=150%2C150&ssl=1\",\"image\":{\"@type\":\"ImageObject\",\"url\":\"https:\\\/\\\/i0.wp.com\\\/casadecampoliving.com\\\/wp-content\\\/uploads\\\/2022\\\/10\\\/christmas_tree_altosdechavon-1.jpg?fit=565%2C320&ssl=1\"},\"articleSection\":\"Altos de Chavon @es\",\"author\":[{\"@type\":\"Person\",\"name\":\"FB_515917546\"}],\"creator\":[\"FB_515917546\"],\"publisher\":{\"@type\":\"Organization\",\"name\":\"Casa de Campo Living\",\"logo\":\"https:\\\/\\\/casadecampoliving.com\\\/wp-content\\\/uploads\\\/2022\\\/07\\\/CDCLivingLogo_V1-white-sized.png\"},\"keywords\":[\"bazaar navide\\u00f1o 2011- es\"],\"dateCreated\":\"2011-11-22T04:00:00Z\",\"datePublished\":\"2011-11-22T04:00:00Z\",\"dateModified\":\"2022-10-21T22:39:03Z\"}<\/script>","tracker_url":"https:\/\/cdn.parsely.com\/keys\/casadecampoliving.com\/p.js"},"jetpack_publicize_connections":[],"jetpack_featured_media_url":"https:\/\/i0.wp.com\/casadecampoliving.com\/wp-content\/uploads\/2022\/10\/christmas_tree_altosdechavon-1.jpg?fit=565%2C320&ssl=1","jetpack-related-posts":[{"id":433460,"url":"https:\/\/casadecampoliving.com\/es\/no-se-pierdan-el-increible-tributo-a-frank-sinatra-para-celebrar-el-40-aniversario-del-anfiteatro-altos-de-chavon\/","url_meta":{"origin":337378,"position":0},"title":"No se pierdan el incre\u00edble tributo a Frank Sinatra para celebrar el 40 aniversario del\u00a0Anfiteatro Altos de Chav\u00f3n","author":"Casa de Campo Living","date":"20 Oct, 2022","format":false,"excerpt":"Siendo uno de los escenarios m\u00e1s emblem\u00e1ticos del pa\u00eds, Casa de Campo Resort\u00ae & Villas celebra las cuatro d\u00e9cadas de aniversario de Altos de Chav\u00f3n con un tributo al gran Frank Sinatra, protagonizado por artistas invitados y una big band tal cual la que acompa\u00f1\u00f3 al artista hace 40 a\u00f1os\u2026","rel":"","context":"En \u00abUncategorized @es\u00bb","block_context":{"text":"Uncategorized @es","link":"https:\/\/casadecampoliving.com\/es\/category\/uncategorized-es\/"},"img":{"alt_text":"","src":"https:\/\/i0.wp.com\/casadecampoliving.com\/wp-content\/uploads\/2022\/10\/Tributo-Frank-Sinatra-Foto-Principal-Amaury-Sanchez-Danilo-Ginebra-Andres-Pichardo-y-Jose-Gabriel-Perez-.jpg?fit=1200%2C873&ssl=1&resize=350%2C200","width":350,"height":200,"srcset":"https:\/\/i0.wp.com\/casadecampoliving.com\/wp-content\/uploads\/2022\/10\/Tributo-Frank-Sinatra-Foto-Principal-Amaury-Sanchez-Danilo-Ginebra-Andres-Pichardo-y-Jose-Gabriel-Perez-.jpg?fit=1200%2C873&ssl=1&resize=350%2C200 1x, https:\/\/i0.wp.com\/casadecampoliving.com\/wp-content\/uploads\/2022\/10\/Tributo-Frank-Sinatra-Foto-Principal-Amaury-Sanchez-Danilo-Ginebra-Andres-Pichardo-y-Jose-Gabriel-Perez-.jpg?fit=1200%2C873&ssl=1&resize=525%2C300 1.5x, https:\/\/i0.wp.com\/casadecampoliving.com\/wp-content\/uploads\/2022\/10\/Tributo-Frank-Sinatra-Foto-Principal-Amaury-Sanchez-Danilo-Ginebra-Andres-Pichardo-y-Jose-Gabriel-Perez-.jpg?fit=1200%2C873&ssl=1&resize=700%2C400 2x, https:\/\/i0.wp.com\/casadecampoliving.com\/wp-content\/uploads\/2022\/10\/Tributo-Frank-Sinatra-Foto-Principal-Amaury-Sanchez-Danilo-Ginebra-Andres-Pichardo-y-Jose-Gabriel-Perez-.jpg?fit=1200%2C873&ssl=1&resize=1050%2C600 3x"},"classes":[]},{"id":346212,"url":"https:\/\/casadecampoliving.com\/es\/jazz-rocks-proximamente-en-altos-de-chavon\/","url_meta":{"origin":337378,"position":1},"title":"\u00abJazz on the Rocks\u00bb pr\u00f3ximamente en Altos de Chav\u00f3n","author":"Daniela Medina","date":"27 Dic, 2014","format":false,"excerpt":"Realmente es la temporada para estar alegre en Altos de Chav\u00f3n, como el calendario feliz de eventos y actividades contin\u00faa con \u201cJazz on the Rocks\u201d, una noche de jazz retro sobre las piedras de Altos de Chav\u00f3n. Retro Jazz \u00a0es un grupo musical dominicano cuyo repertorio consta de canciones dominicanas,\u2026","rel":"","context":"En \u00abAltos de Chavon @es\u00bb","block_context":{"text":"Altos de Chavon @es","link":"https:\/\/casadecampoliving.com\/category\/altos-de-chavon-es\/"},"img":{"alt_text":"","src":"https:\/\/i0.wp.com\/casadecampoliving.com\/wp-content\/uploads\/2022\/10\/jazz-on-the-rocks-1.png?fit=501%2C304&ssl=1&resize=350%2C200","width":350,"height":200},"classes":[]},{"id":352340,"url":"https:\/\/casadecampoliving.com\/es\/baila-toda-la-noche-con-los-hermanos-rosario\/","url_meta":{"origin":337378,"position":2},"title":"\u00a1Baile toda la noche con Los Hermanos Rosario!","author":"Marlenys Guzm\u00e1n Casta\u00f1os","date":"25 Dic, 2017","format":false,"excerpt":"\u00a1Esta temporada la fiesta nunca se detiene! El 26 de diciembre, Altos de Chav\u00f3n vibrar\u00e1 con los sonidos del merengue\u2026 \u00a1Los Hermanos Rosario estar\u00e1n aqu\u00ed y nos tendr\u00e1n a todos bailando toda la noche! Como parte del programa navide\u00f1o, Altos de Chav\u00f3n y Casa de Campo han organizado una fiesta\u2026","rel":"","context":"En \u00abAltos de Chavon @es\u00bb","block_context":{"text":"Altos de Chavon @es","link":"https:\/\/casadecampoliving.com\/category\/altos-de-chavon-es\/"},"img":{"alt_text":"","src":"https:\/\/i0.wp.com\/casadecampoliving.com\/wp-content\/uploads\/2022\/10\/DSC_0102-e1514237394177.jpg?fit=1000%2C667&ssl=1&resize=350%2C200","width":350,"height":200,"srcset":"https:\/\/i0.wp.com\/casadecampoliving.com\/wp-content\/uploads\/2022\/10\/DSC_0102-e1514237394177.jpg?fit=1000%2C667&ssl=1&resize=350%2C200 1x, https:\/\/i0.wp.com\/casadecampoliving.com\/wp-content\/uploads\/2022\/10\/DSC_0102-e1514237394177.jpg?fit=1000%2C667&ssl=1&resize=525%2C300 1.5x, https:\/\/i0.wp.com\/casadecampoliving.com\/wp-content\/uploads\/2022\/10\/DSC_0102-e1514237394177.jpg?fit=1000%2C667&ssl=1&resize=700%2C400 2x"},"classes":[]},{"id":346192,"url":"https:\/\/casadecampoliving.com\/es\/ho-ho-ho-felices-fiestas-inauguracion-de-la-navidad-este-sabado-en-altos-de-chavon\/","url_meta":{"origin":337378,"position":3},"title":"Ho ho ho \u00a1Felices Fiestas! Inauguraci\u00f3n de la Navidad este s\u00e1bado en Altos de Chav\u00f3n","author":"Daniela Medina","date":"8 Dic, 2014","format":false,"excerpt":"Este s\u00e1bado 13 de diciembre 2014, Casa de Campo y Altos de Chav\u00f3n te invita a celebrar el inicio oficial de la temporada de navidad con la primera aparici\u00f3n de Santa Claus, la ceremonia de iluminaci\u00f3n del \u00e1rbol de Navidad y hasta un concierto navide\u00f1o \u2013 \u00a1todo en la plaza\u2026","rel":"","context":"En \u00abAltos de Chavon @es\u00bb","block_context":{"text":"Altos de Chavon @es","link":"https:\/\/casadecampoliving.com\/category\/altos-de-chavon-es\/"},"img":{"alt_text":"Christmas Altos de Chavon","src":"https:\/\/i0.wp.com\/casadecampoliving.com\/wp-content\/uploads\/2014\/12\/Christmas_Altos_de_Chavon.jpg?resize=350%2C200&ssl=1","width":350,"height":200,"srcset":"https:\/\/i0.wp.com\/casadecampoliving.com\/wp-content\/uploads\/2014\/12\/Christmas_Altos_de_Chavon.jpg?resize=350%2C200&ssl=1 1x, https:\/\/i0.wp.com\/casadecampoliving.com\/wp-content\/uploads\/2014\/12\/Christmas_Altos_de_Chavon.jpg?resize=525%2C300&ssl=1 1.5x"},"classes":[]},{"id":346463,"url":"https:\/\/casadecampoliving.com\/es\/noche-dominicana-altos-de-chavon\/","url_meta":{"origin":337378,"position":4},"title":"Noche Dominicana en Altos de Chav\u00f3n &#8211; \u00a1todos los s\u00e1bados!","author":"Rebecca Hughes","date":"7 Ene, 2015","format":false,"excerpt":"Es hora de celebrar\u2026 \u00a1al estilo dominicano! Todos los s\u00e1bados durante enero es Noche Dominicana en Altos de Chav\u00f3n, lo que significa que usted est\u00e1 cordialmente invitado a venir y disfrutar de la m\u00fasica dominicana y bailar, as\u00ed como comprar artesan\u00edas tradicionales hechas a mano. La Noche Dominicana se celebrar\u00e1\u2026","rel":"","context":"En \u00abAltos de Chavon @es\u00bb","block_context":{"text":"Altos de Chavon @es","link":"https:\/\/casadecampoliving.com\/category\/altos-de-chavon-es\/"},"img":{"alt_text":"","src":"https:\/\/i0.wp.com\/casadecampoliving.com\/wp-content\/uploads\/2022\/10\/23405141587913.D6vchs9y0AiDIAM9u82u_height640-1.png?fit=640%2C429&ssl=1&resize=350%2C200","width":350,"height":200,"srcset":"https:\/\/i0.wp.com\/casadecampoliving.com\/wp-content\/uploads\/2022\/10\/23405141587913.D6vchs9y0AiDIAM9u82u_height640-1.png?fit=640%2C429&ssl=1&resize=350%2C200 1x, https:\/\/i0.wp.com\/casadecampoliving.com\/wp-content\/uploads\/2022\/10\/23405141587913.D6vchs9y0AiDIAM9u82u_height640-1.png?fit=640%2C429&ssl=1&resize=525%2C300 1.5x"},"classes":[]},{"id":346188,"url":"https:\/\/casadecampoliving.com\/es\/extrana-belleza-por-la-compania-nacional-de-danza-contemporanea-en-altos-de-chavon\/","url_meta":{"origin":337378,"position":5},"title":"\u00abExtra\u00f1a Belleza\u00bb por la Compa\u00f1\u00eda Nacional de Danza Contempor\u00e1nea en Altos de Chav\u00f3n","author":"Maria Isabel B\u00e1ez","date":"12 Dic, 2014","format":false,"excerpt":"Luego de la apertura oficial de la temporada Navide\u00f1a este Viernes 13 de Diciembre en Altos de Chav\u00f3n, el programa de actividades festivas continua con una presentaci\u00f3n de la\u00a0Compa\u00f1\u00eda Nacional Danza Contempor\u00e1nea, patrocinado por el Ministerio Dominicano de Cultura. La Compa\u00f1\u00eda Nacional de Danza Contempor\u00e1nea estar\u00e1 en Altos de Chav\u00f3n\u2026","rel":"","context":"En \u00abAltos de Chavon @es\u00bb","block_context":{"text":"Altos de Chavon @es","link":"https:\/\/casadecampoliving.com\/category\/altos-de-chavon-es\/"},"img":{"alt_text":"Compania Nacional Danza Contemporanea","src":"https:\/\/i0.wp.com\/casadecampoliving.com\/wp-content\/uploads\/2022\/10\/Compania_Nacional_Danza_Contemporanea-1.jpg?fit=650%2C426&ssl=1&resize=350%2C200","width":350,"height":200,"srcset":"https:\/\/i0.wp.com\/casadecampoliving.com\/wp-content\/uploads\/2022\/10\/Compania_Nacional_Danza_Contemporanea-1.jpg?fit=650%2C426&ssl=1&resize=350%2C200 1x, https:\/\/i0.wp.com\/casadecampoliving.com\/wp-content\/uploads\/2022\/10\/Compania_Nacional_Danza_Contemporanea-1.jpg?fit=650%2C426&ssl=1&resize=525%2C300 1.5x"},"classes":[]}],"jetpack_sharing_enabled":true,"_links":{"self":[{"href":"https:\/\/casadecampoliving.com\/es\/wp-json\/wp\/v2\/posts\/337378","targetHints":{"allow":["GET"]}}],"collection":[{"href":"https:\/\/casadecampoliving.com\/es\/wp-json\/wp\/v2\/posts"}],"about":[{"href":"https:\/\/casadecampoliving.com\/es\/wp-json\/wp\/v2\/types\/post"}],"author":[{"embeddable":true,"href":"https:\/\/casadecampoliving.com\/es\/wp-json\/wp\/v2\/users\/21"}],"replies":[{"embeddable":true,"href":"https:\/\/casadecampoliving.com\/es\/wp-json\/wp\/v2\/comments?post=337378"}],"version-history":[{"count":1,"href":"https:\/\/casadecampoliving.com\/es\/wp-json\/wp\/v2\/posts\/337378\/revisions"}],"predecessor-version":[{"id":337379,"href":"https:\/\/casadecampoliving.com\/es\/wp-json\/wp\/v2\/posts\/337378\/revisions\/337379"}],"wp:featuredmedia":[{"embeddable":true,"href":"https:\/\/casadecampoliving.com\/es\/wp-json\/wp\/v2\/media\/219638"}],"wp:attachment":[{"href":"https:\/\/casadecampoliving.com\/es\/wp-json\/wp\/v2\/media?parent=337378"}],"wp:term":[{"taxonomy":"category","embeddable":true,"href":"https:\/\/casadecampoliving.com\/es\/wp-json\/wp\/v2\/categories?post=337378"},{"taxonomy":"post_tag","embeddable":true,"href":"https:\/\/casadecampoliving.com\/es\/wp-json\/wp\/v2\/tags?post=337378"},{"taxonomy":"newspack_spnsrs_tax","embeddable":true,"href":"https:\/\/casadecampoliving.com\/es\/wp-json\/wp\/v2\/newspack_spnsrs_tax?post=337378"}],"curies":[{"name":"wp","href":"https:\/\/api.w.org\/{rel}","templated":true}]}}