{"id":337269,"date":"2011-11-14T00:00:00","date_gmt":"2011-11-14T04:00:00","guid":{"rendered":"https:\/\/casadecampoliving.com\/esta-semana-en-casa-de-campo-14-20-de-nov\/"},"modified":"2022-10-21T18:45:25","modified_gmt":"2022-10-21T22:45:25","slug":"esta-semana-en-casa-de-campo-14-20-de-nov","status":"publish","type":"post","link":"https:\/\/casadecampoliving.com\/es\/esta-semana-en-casa-de-campo-14-20-de-nov\/","title":{"rendered":"Esta Semana en Casa de Campo: 14 &#8211; 20 de Nov"},"content":{"rendered":"<div class=\"wp-block-image\">\n<figure class=\"aligncenter is-resized\"><a href=\"https:\/\/i0.wp.com\/casadecampoliving.com\/wp-content\/uploads\/2022\/10\/casa_de_campo-40.jpg?ssl=1\"><img loading=\"lazy\" decoding=\"async\" src=\"https:\/\/i0.wp.com\/casadecampoliving.com\/wp-content\/uploads\/2022\/10\/casa_de_campo-40.jpg?resize=550%2C200&amp;ssl=1\" alt=\"casa de campo\" class=\"wp-image-36850\" title=\"casa_de_campo\" height=\"200\" width=\"550\"\/><\/a><\/figure>\n<\/div>\n\n\n<p>Esta semana en Casa de Campo, tenemos <a href=\"https:\/\/casadecampoliving.com\/es\/2011\/10\/reserve-la-fecha-alegria-del-mar-cena-benefica-del-orfanato-ninos-de-cristo-nov-19-2\/\">la cena&nbsp;ben\u00e9fica&nbsp;Alegr\u00eda&nbsp;del Mar, para el Orfanato Ni\u00f1os de Cristo<\/a>. Para quienes buscan un&nbsp;fant\u00e1stico&nbsp;lugar para almorzar, recuerden que&nbsp;el <a href=\"https:\/\/casadecampoliving.com\/es\/2011\/11\/ginos-restaurante-abre-sus-puertas-nuevamente-en-altos-de-chavon\/\">Restaurante Italiano Gino\u2019s en Altos de Chav\u00f3n<\/a>&nbsp;ha reabierto sus puertas, disponible todas las noches (menos los&nbsp;mi\u00e9rcoles)<\/p>\n\n\n\n<!--more-->\n\n\n\n<blockquote><h3 style=\"text-align: center;\">Estos eventos, actividades y especiales aplican para la semana de:<\/h3><h2 style=\"text-align: center;\">Lunes 7 Nov \u2013 Domingo 13 Nov<\/h2><\/blockquote>\n\n\n\n<p><strong><a href=\"https:\/\/casadecampoliving.com\/es\/cartelera\/\">Haga click para ver la cartelera de cine y los trailers<\/a><\/strong><\/p>\n\n\n\n<figure class=\"wp-block-image is-resized\"><a href=\"https:\/\/i0.wp.com\/casadecampoliving.com\/wp-content\/uploads\/2022\/10\/casa_de_campo1-20.jpg?ssl=1\"><img loading=\"lazy\" decoding=\"async\" src=\"https:\/\/i0.wp.com\/casadecampoliving.com\/wp-content\/uploads\/2022\/10\/casa_de_campo1-20.jpg?resize=550%2C32&amp;ssl=1\" alt=\"\" class=\"wp-image-36851\" title=\"casa_de_campo\" height=\"32\" width=\"550\"\/><\/a><\/figure>\n\n\n\n<p><span style=\"color: #0000ee;\"><strong><span style=\"text-decoration: underline;\"><br>\n<\/span><\/strong><\/span><\/p>\n\n\n\n<p><a href=\"https:\/\/casadecampoliving.com\/es\/2011\/10\/%c2%a1%e2%80%9ctierra-y-tiempo%e2%80%9d-la-nueva-exhibicion-en-altos-de-chavon-2\/\"><span style=\"color: #0000ee;\"><strong><span style=\"text-decoration: underline;\">Exhibici\u00f3n<\/span><\/strong><\/span><strong>&nbsp;de arte \u201cTierra Y Tiempo\u201d<\/strong><\/a><br>\n<strong>Hora<\/strong>: 9am \u2013 6pm<br>\n<strong>Lugar:<\/strong>&nbsp;Galer\u00eda&nbsp;de Arte, Altos de&nbsp;Chav\u00f3n&nbsp;en Casa de Campo, La Romana<br>\n<a href=\"https:\/\/casadecampoliving.com\/es\/2011\/10\/%c2%a1%e2%80%9ctierra-y-tiempo%e2%80%9d-la-nueva-exhibicion-en-altos-de-chavon-2\/\">Haz click para m\u00e1s&nbsp;informaci\u00f3n!<\/a><\/p>\n\n\n\n<p><strong><a href=\"https:\/\/casadecampoliving.com\/2011\/03\/casa-de-campos-new-3-course-taster-menus-from-only-25\/\">Men\u00fa&nbsp;Especial de Casa de Campo- La Ca\u00f1a<\/a><\/strong><br>\nLugar:&nbsp;La Ca\u00f1a por Il Circo, Hotel Casa de Campo<br>\n<strong>Hora:<\/strong>&nbsp;Men\u00fa&nbsp;disponible para cenar<br>\n<strong>Costo:<\/strong>&nbsp;US$28 (por los 3 platos)<br>\n<a href=\"https:\/\/casadecampoliving.com\/2011\/03\/casa-de-campos-new-3-course-taster-menus-from-only-25\/\">Haga click&nbsp;aqu\u00ed&nbsp;para mas info<\/a><\/p>\n\n\n\n<figure class=\"wp-block-image is-resized\"><a href=\"https:\/\/i0.wp.com\/casadecampoliving.com\/wp-content\/uploads\/2022\/10\/casa_de_campo2-15.jpg?ssl=1\"><img loading=\"lazy\" decoding=\"async\" src=\"https:\/\/i0.wp.com\/casadecampoliving.com\/wp-content\/uploads\/2022\/10\/casa_de_campo2-15.jpg?resize=550%2C32&amp;ssl=1\" alt=\"\" class=\"wp-image-36852\" title=\"casa_de_campo\" height=\"32\" width=\"550\"\/><\/a><\/figure>\n\n\n\n<p><span style=\"color: #0000ee;\"><strong><span style=\"text-decoration: underline;\"><\/span><\/strong><\/span><\/p>\n\n\n\n<p><a href=\"https:\/\/casadecampoliving.com\/es\/2011\/10\/%c2%a1%e2%80%9ctierra-y-tiempo%e2%80%9d-la-nueva-exhibicion-en-altos-de-chavon-2\/\"><span style=\"color: #0000ee;\"><strong><span style=\"text-decoration: underline;\">Exhibici\u00f3n<\/span><\/strong><\/span><strong>&nbsp;de Arte \u201cTierra Y Tiempo\u201d<\/strong><\/a><br>\n<strong>Hora<\/strong>: 9am \u2013 6pm<br>\n<strong>Lugar:<\/strong>&nbsp;Galer\u00eda&nbsp;de Arte, Altos de&nbsp;Chav\u00f3n&nbsp;en Casa de Campo, La Romana<br>\n<a href=\"https:\/\/casadecampoliving.com\/es\/2011\/10\/%c2%a1%e2%80%9ctierra-y-tiempo%e2%80%9d-la-nueva-exhibicion-en-altos-de-chavon-2\/\">Haga click&nbsp;aqu\u00ed&nbsp;para mas&nbsp;informaci\u00f3n!<\/a><\/p>\n\n\n\n<p><a href=\"https:\/\/casadecampoliving.com\/2011\/03\/casa-de-campos-new-3-course-taster-menus-from-only-25\/\"><span class=\"Apple-style-span\" style=\"font-weight: 800;\">Men\u00fa<\/span><strong>&nbsp;Especial de Casa de Campo \u2013 La Piazetta<\/strong><\/a><br>\n<strong>Lugar:<\/strong>&nbsp;La Piazetta, Altos de Chav\u00f3n<br>\n<strong>Hora:<\/strong>&nbsp;Men\u00fa&nbsp;available for dinner<br>\n<strong>Costo:<\/strong>&nbsp;US$25 (for a 3-course meal)<br>\n<a href=\"https:\/\/casadecampoliving.com\/2011\/03\/casa-de-campos-new-3-course-taster-menus-from-only-25\/\">Haga click aqui para mas info<\/a><a href=\"https:\/\/casadecampoliving.com\/es\/2011\/10\/%c2%a1%e2%80%9ctierra-y-tiempo%e2%80%9d-la-nueva-exhibicion-en-altos-de-chavon-2\/\"><br>\n<\/a><\/p>\n\n\n\n<figure class=\"wp-block-image is-resized\"><img loading=\"lazy\" decoding=\"async\" src=\"https:\/\/i0.wp.com\/casadecampoliving.com\/wp-content\/uploads\/2022\/10\/casa_de_campo3-12.jpg?resize=550%2C32&amp;ssl=1\" alt=\"casa de campo\" class=\"wp-image-36854\" title=\"casa_de_campo\" height=\"32\" width=\"550\"\/><\/figure>\n\n\n\n<p><span style=\"color: #0000ee;\"><span class=\"Apple-style-span\" style=\"color: #000000;\"><\/span><\/span><\/p>\n\n\n\n<p><span style=\"color: #0000ee;\"><strong><span style=\"text-decoration: underline;\">Men\u00fa<\/span><\/strong><\/span><strong><a href=\"https:\/\/casadecampoliving.com\/2011\/03\/casa-de-campos-new-3-course-taster-menus-from-only-25\/\">&nbsp;Epecial de Casa de Campo \u2013 El Beach Club<br>\n<\/a><strong>Lugar: <\/strong><\/strong>El&nbsp;Beach Club por Le Cirque, Playa Minitas<strong><br>\n<strong>Hora:<\/strong>&nbsp;<\/strong>Men\u00fa&nbsp;disponible para cenar<strong><br>\n<strong>Costo:<\/strong>&nbsp;<\/strong>US$29 (por los 3 platos)<a href=\"https:\/\/casadecampoliving.com\/2011\/03\/casa-de-campos-new-3-course-taster-menus-from-only-25\/\"><br>\n<\/a><a href=\"https:\/\/casadecampoliving.com\/2011\/03\/casa-de-campos-new-3-course-taster-menus-from-only-25\/\">Para mas&nbsp;informaci\u00f3n, haz click!<\/a><\/p>\n\n\n\n<figure class=\"wp-block-image is-resized\"><a href=\"https:\/\/i0.wp.com\/casadecampoliving.com\/wp-content\/uploads\/2022\/10\/casa_de_campo11-2.jpg?ssl=1\"><img loading=\"lazy\" decoding=\"async\" src=\"https:\/\/i0.wp.com\/casadecampoliving.com\/wp-content\/uploads\/2022\/10\/casa_de_campo11-2.jpg?resize=550%2C32&amp;ssl=1\" alt=\"\" class=\"wp-image-36858\" title=\"casa_de_campo1\" height=\"32\" width=\"550\"\/><\/a><\/figure>\n\n\n\n<p><span style=\"color: #0000ee;\"><strong><span style=\"text-decoration: underline;\"><\/span><\/strong><\/span><\/p>\n\n\n\n<p><a href=\"https:\/\/casadecampoliving.com\/es\/2011\/10\/%c2%a1%e2%80%9ctierra-y-tiempo%e2%80%9d-la-nueva-exhibicion-en-altos-de-chavon-2\/\"><span style=\"color: #0000ee;\"><strong><span style=\"text-decoration: underline;\">Exhibici\u00f3n<\/span><\/strong><\/span><strong>&nbsp;de Arte \u201cTierra Y Tiempo\u201d<\/strong><\/a><br>\n<strong>Hora<\/strong>: 9am \u2013 6pm<br>\n<strong>Lugar:<\/strong>&nbsp;Galer\u00eda&nbsp;de Arte , Altos de&nbsp;Chav\u00f3n&nbsp;in Casa de Campo La Romana<br>\n<a href=\"https:\/\/casadecampoliving.com\/es\/2011\/10\/%c2%a1%e2%80%9ctierra-y-tiempo%e2%80%9d-la-nueva-exhibicion-en-altos-de-chavon-2\/\">Haga click&nbsp;aqu\u00ed&nbsp;para mas&nbsp;informaci\u00f3n!<\/a><\/p>\n\n\n\n<p><span style=\"color: #0000ee;\"><strong><span style=\"text-decoration: underline;\">Men\u00fa<\/span><\/strong><\/span><strong><a href=\"https:\/\/casadecampoliving.com\/2011\/03\/casa-de-campos-new-3-course-taster-menus-from-only-25\/\">&nbsp;Especial de Casa de Campo \u2013 La Ca\u00f1a<\/a><br>\nLugar:&nbsp;<\/strong>La Ca\u00f1a por por Circo, Hotel Casa de Campo<br>\n<strong>Hora:<\/strong>&nbsp;Men\u00fa&nbsp;disponible para cenar<br>\n<strong>Costo:<\/strong>&nbsp;US$28 (por los 3 platos)<br>\n<a href=\"https:\/\/casadecampoliving.com\/2011\/03\/casa-de-campos-new-3-course-taster-menus-from-only-25\/\">Haga click aqui para mas info!<\/a><\/p>\n\n\n\n<p><strong><a href=\"https:\/\/casadecampoliving.com\/2011\/06\/enjoy-a-health-and-beauty-day-at-the-cygalle-healing-spa\/\">Salud y Belleza<\/a>&nbsp;<\/strong><br>\n<strong>Lugar: <\/strong>El Cygalle Healing Spa,&nbsp;Casa de Campo Resort La Romana<br>\n<a href=\"https:\/\/casadecampoliving.com\/2011\/06\/enjoy-a-health-and-beauty-day-at-the-cygalle-healing-spa\/\">Haga click&nbsp;aqu\u00ed&nbsp;para mas info<\/a><\/p>\n\n\n\n<p><a href=\"https:\/\/casadecampoliving.com\/es\/2011\/10\/%c2%a1%e2%80%9ctierra-y-tiempo%e2%80%9d-la-nueva-exhibicion-en-altos-de-chavon-2\/\"><br>\n<\/a><\/p>\n\n\n\n<figure class=\"wp-block-image is-resized\"><a href=\"https:\/\/i0.wp.com\/casadecampoliving.com\/wp-content\/uploads\/2022\/10\/casa_de_campo4-9.jpg?ssl=1\"><img loading=\"lazy\" decoding=\"async\" src=\"https:\/\/i0.wp.com\/casadecampoliving.com\/wp-content\/uploads\/2022\/10\/casa_de_campo4-9.jpg?resize=550%2C32&amp;ssl=1\" alt=\"\" class=\"wp-image-36859\" title=\"casa_de_campo\" height=\"32\" width=\"550\"\/><\/a><\/figure>\n\n\n\n<p><a href=\"https:\/\/casadecampoliving.com\/es\/2011\/10\/%c2%a1%e2%80%9ctierra-y-tiempo%e2%80%9d-la-nueva-exhibicion-en-altos-de-chavon-2\/\"><span><strong><span>Exhibici\u00f3n<\/span><\/strong><\/span><strong style=\"font-weight: bold;\">&nbsp;de Arte \u201cTierra Y Tiempo\u201d<\/strong><\/a><\/p>\n\n\n\n<p><span class=\"Apple-style-span\" style=\"font-weight: 800;\">Hora<\/span><strong>:<\/strong>&nbsp;9am \u2013 6pm<strong><br>\n<strong>Lugar:<\/strong>&nbsp;<\/strong>Galer\u00eda&nbsp;de Arte, Altos de&nbsp;Chav\u00f3n&nbsp;en Casa de Campo, La Romana<strong><br>\n<\/strong><a href=\"https:\/\/casadecampoliving.com\/es\/2011\/10\/%c2%a1%e2%80%9ctierra-y-tiempo%e2%80%9d-la-nueva-exhibicion-en-altos-de-chavon-2\/\">Haga click&nbsp;aqu\u00ed&nbsp;para mas&nbsp;informaci\u00f3n!<\/a><\/p>\n\n\n\n<p><strong><a href=\"https:\/\/casadecampoliving.com\/2011\/03\/casa-de-campos-new-3-course-taster-menus-from-only-25\/\">Menu Especial de Casa de Campo-&nbsp;La Casita<\/a><\/strong><br>\n<strong>Lugar:<\/strong>&nbsp;La Casita, Marina Casa de Campo<br>\n<strong>Hora:<\/strong>&nbsp;Menu disponible para cenar<br>\n<strong>Costo:<\/strong>&nbsp;US$27 (por los 3 platos)<br>\n<a href=\"https:\/\/casadecampoliving.com\/2011\/03\/casa-de-campos-new-3-course-taster-menus-from-only-25\/\">Haga click aqui para mas info!<\/a><a href=\"https:\/\/casadecampoliving.com\/es\/2011\/10\/%c2%a1%e2%80%9ctierra-y-tiempo%e2%80%9d-la-nueva-exhibicion-en-altos-de-chavon-2\/\"><br>\n<\/a><\/p>\n\n\n\n<figure class=\"wp-block-image is-resized\"><a href=\"https:\/\/i0.wp.com\/casadecampoliving.com\/wp-content\/uploads\/2022\/10\/casa_de_campo21-2.jpg?ssl=1\"><img loading=\"lazy\" decoding=\"async\" src=\"https:\/\/i0.wp.com\/casadecampoliving.com\/wp-content\/uploads\/2022\/10\/casa_de_campo21-2.jpg?resize=550%2C32&amp;ssl=1\" alt=\"\" class=\"wp-image-36861\" title=\"casa_de_campo2\" height=\"32\" width=\"550\"\/><\/a><\/figure>\n\n\n\n<p><span style=\"color: #0000ee;\"><strong><span style=\"text-decoration: underline;\">Alegr\u00eda<\/span><\/strong><\/span><span><strong style=\"font-weight: bold;\"><a href=\"https:\/\/casadecampoliving.com\/es\/2011\/10\/reserve-la-fecha-alegria-del-mar-cena-benefica-del-orfanato-ninos-de-cristo-nov-19-2\/\">&nbsp;del Mar \u2013 Cena benefica para el Orfanato Ni\u00f1o<\/a><\/strong><\/span><strong style=\"font-weight: bold;\"><a href=\"https:\/\/casadecampoliving.com\/es\/2011\/10\/reserve-la-fecha-alegria-del-mar-cena-benefica-del-orfanato-ninos-de-cristo-nov-19-2\/\">s de Cristo<br>\n<\/a><\/strong><span class=\"Apple-style-span\" style=\"font-weight: 900;\">Fecha y Hora:<\/span><strong style=\"font-weight: bold;\">&nbsp;<\/strong><strong style=\"font-weight: bold;\">Sabado 19th Nov, 7pm<br>\n<\/strong><span class=\"Apple-style-span\" style=\"font-weight: 800;\">Lugar:<\/span><strong style=\"font-weight: bold;\">&nbsp;<\/strong><a style=\"font-weight: bold;\" href=\"https:\/\/casadecampoliving.com\/2011\/10\/casa-de-campo-villa-of-the-week-punta-aguila-11-12-a-glorious-oceanside-estate\/\">Casa Alegre, Punta Aguila #11 in Casa de Campo<br>\n<\/a><a href=\"https:\/\/casadecampoliving.com\/es\/2011\/10\/%c2%a1%e2%80%9ctierra-y-tiempo%e2%80%9d-la-nueva-exhibicion-en-altos-de-chavon-2\/\"><strong style=\"font-weight: bold;\">Precios de los tickets:&nbsp;<\/strong><strong>VIP \u2013 US$150, General \u2013 US$75<br>\n<\/strong><strong><strong style=\"font-weight: bold;\">Contacto,<\/strong>&nbsp;tel:&nbsp;<\/strong><strong>809-550-2732<br>\n<\/strong><\/a><strong><a href=\"https:\/\/casadecampoliving.com\/es\/2011\/10\/reserve-la-fecha-alegria-del-mar-cena-benefica-del-orfanato-ninos-de-cristo-nov-19-2\/\">Haga click aqui para mas detalles<\/a><\/strong><\/p>\n\n\n\n<p><span><a href=\"https:\/\/casadecampoliving.com\/es\/2011\/10\/%c2%a1%e2%80%9ctierra-y-tiempo%e2%80%9d-la-nueva-exhibicion-en-altos-de-chavon-2\/\"><br>\n<strong>Exhibici\u00f3n<\/strong><\/a><strong style=\"font-weight: bold;\"><strong><a href=\"https:\/\/casadecampoliving.com\/es\/2011\/10\/%c2%a1%e2%80%9ctierra-y-tiempo%e2%80%9d-la-nueva-exhibicion-en-altos-de-chavon-2\/\">&nbsp;de Arte \u201cTierra Y Tiempo\u201d<\/a><a href=\"https:\/\/casadecampoliving.com\/2011\/10\/new-art-exhibit-tierra-y-tiempo-by-natalia-conde-opens-october-14th-in-altos-de-chavon\/\"><br>\n<\/a><\/strong><\/strong><strong style=\"font-weight: bold;\">Hora:<\/strong><strong>&nbsp;9am \u2013 6pm<\/strong><strong style=\"font-weight: bold;\"><br>\n<strong>Lugar:<\/strong>&nbsp;<\/strong><strong>Galer\u00eda&nbsp;de Arte, Altos de&nbsp;Chav\u00f3n&nbsp;en Casa de Campo, La Romana<\/strong><strong style=\"font-weight: bold;\"><br>\n<\/strong><a style=\"font-weight: bold;\" href=\"https:\/\/casadecampoliving.com\/es\/2011\/10\/%c2%a1%e2%80%9ctierra-y-tiempo%e2%80%9d-la-nueva-exhibicion-en-altos-de-chavon-2\/\">Haga click&nbsp;aqu\u00ed&nbsp;para mas&nbsp;informaci\u00f3n!<\/a><\/span><\/p>\n\n\n\n<p><strong style=\"font-weight: bold;\"><strong><a href=\"https:\/\/casadecampoliving.com\/2011\/03\/casa-de-campos-new-3-course-taster-menus-from-only-25\/\">Menu Especial de Casa de Campo \u2013 La Piazetta<\/a><\/strong><br>\nLugar:<\/strong><strong>&nbsp;La Piazetta, Altos de Chav\u00f3n<\/strong><br>\n<strong style=\"font-weight: bold;\">Hora:<\/strong><strong>&nbsp;Men\u00fa&nbsp;disponible para cenar<\/strong><br>\n<strong style=\"font-weight: bold;\">Costo:<\/strong><strong>&nbsp;US$25 (por los 3 platos)<\/strong><br>\n<a style=\"font-weight: bold;\" href=\"https:\/\/casadecampoliving.com\/2011\/03\/casa-de-campos-new-3-course-taster-menus-from-only-25\/\">Haga click aqui para mas info!<\/a><\/p>\n\n\n\n<figure class=\"wp-block-image is-resized\"><a href=\"https:\/\/i0.wp.com\/casadecampoliving.com\/wp-content\/uploads\/2022\/10\/casa_de_campo31-2.jpg?ssl=1\"><img loading=\"lazy\" decoding=\"async\" src=\"https:\/\/i0.wp.com\/casadecampoliving.com\/wp-content\/uploads\/2022\/10\/casa_de_campo31-2.jpg?resize=550%2C32&amp;ssl=1\" alt=\"\" class=\"wp-image-36862\" title=\"casa_de_campo3\" height=\"32\" width=\"550\"\/><\/a><\/figure>\n\n\n\n<p><span><span style=\"color: #0000ee;\"><span class=\"Apple-style-span\" style=\"font-weight: 900;\"><span style=\"text-decoration: underline;\"><\/span><\/span><\/span><\/span><\/p>\n\n\n\n<p><strong><a href=\"https:\/\/casadecampoliving.com\/es\/2011\/10\/%c2%a1%e2%80%9ctierra-y-tiempo%e2%80%9d-la-nueva-exhibicion-en-altos-de-chavon-2\/\">Exhibici\u00f3n&nbsp;de Arte \u201cTierra Y Tiempo\u201d<\/a><\/strong><br>\nHora:&nbsp;<strong>9am \u2013 6pm<\/strong><br>\n<strong>Lugar:&nbsp;<\/strong><strong>&nbsp;<\/strong>Galeria<strong>&nbsp;<\/strong>de Arte, Altos de Chavon en Casa de Campo, La Romana<br>\n<a href=\"https:\/\/casadecampoliving.com\/es\/2011\/10\/%c2%a1%e2%80%9ctierra-y-tiempo%e2%80%9d-la-nueva-exhibicion-en-altos-de-chavon-2\/\">Haz click&nbsp;aqu\u00ed&nbsp;para mas&nbsp;informaci\u00f3n!<\/a><\/p>\n\n\n\n<p><span style=\"color: #0000ee;\"><span class=\"Apple-style-span\" style=\"font-weight: 800;\"><span style=\"text-decoration: underline;\">Men\u00fa<\/span><\/span><\/span><strong><strong><a href=\"https:\/\/casadecampoliving.com\/2011\/03\/casa-de-campos-new-3-course-taster-menus-from-only-25\/\">&nbsp;Especial de Casa de Campo- The Beach Club<br>\n<\/a><\/strong>Lugar:&nbsp;<\/strong>The Beach Club por Le Cirque, Minitas Beach<br>\n<strong>Hora:<\/strong>&nbsp;Men\u00fa&nbsp;disponible para cenar<br>\n<strong>Costo:<\/strong>&nbsp;US$29 (por los 3 platos)<br>\n<a href=\"https:\/\/casadecampoliving.com\/2011\/03\/casa-de-campos-new-3-course-taster-menus-from-only-25\/\">Haga click aqui para mas info!<\/a><\/p>\n\n\n\n<p><strong><a href=\"https:\/\/casadecampoliving.com\/2011\/06\/enjoy-a-health-and-beauty-day-at-the-cygalle-healing-spa\/\">Salud y Belleza&nbsp;<\/a>&nbsp;<\/strong><br>\n<strong>Lugar:&nbsp;<\/strong>El Cygalle Healing Spa,&nbsp;Casa de Campo Resort La Romana<br>\n<a href=\"https:\/\/casadecampoliving.com\/2011\/06\/enjoy-a-health-and-beauty-day-at-the-cygalle-healing-spa\/\">Haga click&nbsp;aqu\u00ed&nbsp;para mas info!<\/a><\/p>\n\n\n\n<p><a style=\"font-weight: 900;\" href=\"https:\/\/casadecampoliving.com\/es\/2011\/10\/%c2%a1%e2%80%9ctierra-y-tiempo%e2%80%9d-la-nueva-exhibicion-en-altos-de-chavon-2\/\"><br>\n<\/a><\/p>\n","protected":false},"excerpt":{"rendered":"<p>Esta semana en Casa de Campo, tenemos la cena&nbsp;ben\u00e9fica&nbsp;Alegr\u00eda&nbsp;del Mar, para el Orfanato Ni\u00f1os de Cristo. Para quienes buscan un&nbsp;fant\u00e1stico&nbsp;lugar para almorzar, recuerden que&nbsp;el Restaurante Italiano Gino\u2019s en Altos de Chav\u00f3n&nbsp;ha reabierto sus puertas, disponible todas las noches (menos los&nbsp;mi\u00e9rcoles)<\/p>\n","protected":false},"author":21,"featured_media":244488,"comment_status":"closed","ping_status":"closed","sticky":false,"template":"","format":"standard","meta":{"newspack_ads_suppress_ads":false,"newspack_popups_has_disabled_popups":false,"newspack_sponsor_sponsorship_scope":"","newspack_sponsor_native_byline_display":"inherit","newspack_sponsor_native_category_display":"inherit","newspack_sponsor_underwriter_style":"inherit","newspack_sponsor_underwriter_placement":"inherit","_newspack_byline_active":false,"_newspack_byline":"","newspack_hide_updated_date":false,"newspack_show_updated_date":false,"newspack_content_restriction_is_exempt":false,"newspack_featured_image_position":"","newspack_post_subtitle":"","newspack_article_summary_title":"Overview:","newspack_article_summary":"","_jetpack_memberships_contains_paid_content":false,"footnotes":"","jetpack_publicize_message":"","jetpack_publicize_feature_enabled":true,"jetpack_social_post_already_shared":false,"jetpack_social_options":{"image_generator_settings":{"template":"highway","default_image_id":0,"font":"","enabled":false},"version":2},"_wpas_customize_per_network":false},"categories":[2522,14625,14627],"tags":[2664],"newspack_spnsrs_tax":[],"class_list":["post-337269","post","type-post","status-publish","format-standard","has-post-thumbnail","hentry","category-eventos-es","category-noticias-locales","category-proximamente","tag-alegria-del-mar","entry"],"yoast_head":"<!-- This site is optimized with the Yoast SEO plugin v27.5 - https:\/\/yoast.com\/product\/yoast-seo-wordpress\/ -->\n<title>Esta Semana en Casa de Campo: 14 - 20 de Nov | Casa de Campo Living<\/title>\n<meta name=\"description\" content=\"Esta semana en Casa de Campo, tenemos la cena&nbsp;ben\u00e9fica&nbsp;Alegr\u00eda&nbsp;del Mar, para el Orfanato Ni\u00f1os de Cristo. Para quienes buscan\" \/>\n<meta name=\"robots\" content=\"index, follow, max-snippet:-1, max-image-preview:large, max-video-preview:-1\" \/>\n<link rel=\"canonical\" href=\"https:\/\/casadecampoliving.com\/es\/esta-semana-en-casa-de-campo-14-20-de-nov\/\" \/>\n<meta property=\"og:locale\" content=\"es_ES\" \/>\n<meta property=\"og:type\" content=\"article\" \/>\n<meta property=\"og:title\" content=\"Esta Semana en Casa de Campo: 14 - 20 de Nov | Casa de Campo Living\" \/>\n<meta property=\"og:description\" content=\"Esta semana en Casa de Campo, tenemos la cena&nbsp;ben\u00e9fica&nbsp;Alegr\u00eda&nbsp;del Mar, para el Orfanato Ni\u00f1os de Cristo. Para quienes buscan\" \/>\n<meta property=\"og:url\" content=\"https:\/\/casadecampoliving.com\/es\/esta-semana-en-casa-de-campo-14-20-de-nov\/\" \/>\n<meta property=\"og:site_name\" content=\"Casa de Campo Living\" \/>\n<meta property=\"article:publisher\" content=\"https:\/\/www.facebook.com\/casadecampoliving\" \/>\n<meta property=\"article:published_time\" content=\"2011-11-14T04:00:00+00:00\" \/>\n<meta property=\"article:modified_time\" content=\"2022-10-21T22:45:25+00:00\" \/>\n<meta property=\"og:image\" content=\"https:\/\/i0.wp.com\/casadecampoliving.com\/wp-content\/uploads\/2022\/10\/Thisweekincasa1-5.jpg?fit=550%2C200&ssl=1\" \/>\n\t<meta property=\"og:image:width\" content=\"550\" \/>\n\t<meta property=\"og:image:height\" content=\"200\" \/>\n\t<meta property=\"og:image:type\" content=\"image\/jpeg\" \/>\n<meta name=\"twitter:card\" content=\"summary_large_image\" \/>\n<meta name=\"twitter:creator\" content=\"@cdcliving\" \/>\n<meta name=\"twitter:site\" content=\"@cdcliving\" \/>\n<meta name=\"twitter:label1\" content=\"Escrito por\" \/>\n\t<meta name=\"twitter:data1\" content=\"\" \/>\n\t<meta name=\"twitter:label2\" content=\"Tiempo de lectura\" \/>\n\t<meta name=\"twitter:data2\" content=\"3 minutos\" \/>\n<script type=\"application\/ld+json\" class=\"yoast-schema-graph\">{\"@context\":\"https:\\\/\\\/schema.org\",\"@graph\":[{\"@type\":\"Article\",\"@id\":\"https:\\\/\\\/casadecampoliving.com\\\/es\\\/esta-semana-en-casa-de-campo-14-20-de-nov\\\/#article\",\"isPartOf\":{\"@id\":\"https:\\\/\\\/casadecampoliving.com\\\/es\\\/esta-semana-en-casa-de-campo-14-20-de-nov\\\/\"},\"author\":{\"name\":\"\",\"@id\":\"https:\\\/\\\/casadecampoliving.com\\\/es\\\/#\\\/schema\\\/person\\\/7e3b975d584a5f6ac0fd7128a81b0bc5\"},\"headline\":\"Esta Semana en Casa de Campo: 14 &#8211; 20 de Nov\",\"datePublished\":\"2011-11-14T04:00:00+00:00\",\"dateModified\":\"2022-10-21T22:45:25+00:00\",\"mainEntityOfPage\":{\"@id\":\"https:\\\/\\\/casadecampoliving.com\\\/es\\\/esta-semana-en-casa-de-campo-14-20-de-nov\\\/\"},\"wordCount\":709,\"publisher\":{\"@id\":\"https:\\\/\\\/casadecampoliving.com\\\/es\\\/#organization\"},\"image\":{\"@id\":\"https:\\\/\\\/casadecampoliving.com\\\/es\\\/esta-semana-en-casa-de-campo-14-20-de-nov\\\/#primaryimage\"},\"thumbnailUrl\":\"https:\\\/\\\/i0.wp.com\\\/casadecampoliving.com\\\/wp-content\\\/uploads\\\/2022\\\/10\\\/Thisweekincasa1-5.jpg?fit=550%2C200&ssl=1\",\"keywords\":[\"alegria del mar\"],\"articleSection\":[\"Eventos\",\"Noticias Locales\",\"Proximamente\"],\"inLanguage\":\"es\"},{\"@type\":\"WebPage\",\"@id\":\"https:\\\/\\\/casadecampoliving.com\\\/es\\\/esta-semana-en-casa-de-campo-14-20-de-nov\\\/\",\"url\":\"https:\\\/\\\/casadecampoliving.com\\\/es\\\/esta-semana-en-casa-de-campo-14-20-de-nov\\\/\",\"name\":\"Esta Semana en Casa de Campo: 14 - 20 de Nov | Casa de Campo Living\",\"isPartOf\":{\"@id\":\"https:\\\/\\\/casadecampoliving.com\\\/es\\\/#website\"},\"primaryImageOfPage\":{\"@id\":\"https:\\\/\\\/casadecampoliving.com\\\/es\\\/esta-semana-en-casa-de-campo-14-20-de-nov\\\/#primaryimage\"},\"image\":{\"@id\":\"https:\\\/\\\/casadecampoliving.com\\\/es\\\/esta-semana-en-casa-de-campo-14-20-de-nov\\\/#primaryimage\"},\"thumbnailUrl\":\"https:\\\/\\\/i0.wp.com\\\/casadecampoliving.com\\\/wp-content\\\/uploads\\\/2022\\\/10\\\/Thisweekincasa1-5.jpg?fit=550%2C200&ssl=1\",\"datePublished\":\"2011-11-14T04:00:00+00:00\",\"dateModified\":\"2022-10-21T22:45:25+00:00\",\"description\":\"Esta semana en Casa de Campo, tenemos la cena&nbsp;ben\u00e9fica&nbsp;Alegr\u00eda&nbsp;del Mar, para el Orfanato Ni\u00f1os de Cristo. Para quienes buscan\",\"breadcrumb\":{\"@id\":\"https:\\\/\\\/casadecampoliving.com\\\/es\\\/esta-semana-en-casa-de-campo-14-20-de-nov\\\/#breadcrumb\"},\"inLanguage\":\"es\",\"potentialAction\":[{\"@type\":\"ReadAction\",\"target\":[\"https:\\\/\\\/casadecampoliving.com\\\/es\\\/esta-semana-en-casa-de-campo-14-20-de-nov\\\/\"]}]},{\"@type\":\"ImageObject\",\"inLanguage\":\"es\",\"@id\":\"https:\\\/\\\/casadecampoliving.com\\\/es\\\/esta-semana-en-casa-de-campo-14-20-de-nov\\\/#primaryimage\",\"url\":\"https:\\\/\\\/i0.wp.com\\\/casadecampoliving.com\\\/wp-content\\\/uploads\\\/2022\\\/10\\\/Thisweekincasa1-5.jpg?fit=550%2C200&ssl=1\",\"contentUrl\":\"https:\\\/\\\/i0.wp.com\\\/casadecampoliving.com\\\/wp-content\\\/uploads\\\/2022\\\/10\\\/Thisweekincasa1-5.jpg?fit=550%2C200&ssl=1\",\"width\":550,\"height\":200},{\"@type\":\"BreadcrumbList\",\"@id\":\"https:\\\/\\\/casadecampoliving.com\\\/es\\\/esta-semana-en-casa-de-campo-14-20-de-nov\\\/#breadcrumb\",\"itemListElement\":[{\"@type\":\"ListItem\",\"position\":1,\"name\":\"Home\",\"item\":\"https:\\\/\\\/casadecampoliving.com\\\/es\\\/\"},{\"@type\":\"ListItem\",\"position\":2,\"name\":\"Esta Semana en Casa de Campo: 14 &#8211; 20 de Nov\"}]},{\"@type\":\"WebSite\",\"@id\":\"https:\\\/\\\/casadecampoliving.com\\\/es\\\/#website\",\"url\":\"https:\\\/\\\/casadecampoliving.com\\\/es\\\/\",\"name\":\"Casa de Campo Living\",\"description\":\"Resort community news and resources.\",\"publisher\":{\"@id\":\"https:\\\/\\\/casadecampoliving.com\\\/es\\\/#organization\"},\"potentialAction\":[{\"@type\":\"SearchAction\",\"target\":{\"@type\":\"EntryPoint\",\"urlTemplate\":\"https:\\\/\\\/casadecampoliving.com\\\/es\\\/?s={search_term_string}\"},\"query-input\":{\"@type\":\"PropertyValueSpecification\",\"valueRequired\":true,\"valueName\":\"search_term_string\"}}],\"inLanguage\":\"es\"},{\"@type\":\"Organization\",\"@id\":\"https:\\\/\\\/casadecampoliving.com\\\/es\\\/#organization\",\"name\":\"Casa de Campo Living\",\"url\":\"https:\\\/\\\/casadecampoliving.com\\\/es\\\/\",\"logo\":{\"@type\":\"ImageObject\",\"inLanguage\":\"es\",\"@id\":\"https:\\\/\\\/casadecampoliving.com\\\/es\\\/#\\\/schema\\\/logo\\\/image\\\/\",\"url\":\"https:\\\/\\\/i0.wp.com\\\/casadecampoliving.com\\\/wp-content\\\/uploads\\\/2022\\\/07\\\/CDCLivingLogo_V1-white-sized.png?fit=800%2C214&ssl=1\",\"contentUrl\":\"https:\\\/\\\/i0.wp.com\\\/casadecampoliving.com\\\/wp-content\\\/uploads\\\/2022\\\/07\\\/CDCLivingLogo_V1-white-sized.png?fit=800%2C214&ssl=1\",\"width\":800,\"height\":214,\"caption\":\"Casa de Campo Living\"},\"image\":{\"@id\":\"https:\\\/\\\/casadecampoliving.com\\\/es\\\/#\\\/schema\\\/logo\\\/image\\\/\"},\"sameAs\":[\"https:\\\/\\\/www.facebook.com\\\/casadecampoliving\",\"https:\\\/\\\/x.com\\\/cdcliving\"]},{\"@type\":\"Person\",\"@id\":\"https:\\\/\\\/casadecampoliving.com\\\/es\\\/#\\\/schema\\\/person\\\/7e3b975d584a5f6ac0fd7128a81b0bc5\",\"name\":\"\",\"image\":{\"@type\":\"ImageObject\",\"inLanguage\":\"es\",\"@id\":\"https:\\\/\\\/secure.gravatar.com\\\/avatar\\\/?s=96&d=mm&r=g\",\"url\":\"https:\\\/\\\/secure.gravatar.com\\\/avatar\\\/?s=96&d=mm&r=g\",\"contentUrl\":\"https:\\\/\\\/secure.gravatar.com\\\/avatar\\\/?s=96&d=mm&r=g\"},\"url\":\"https:\\\/\\\/casadecampoliving.com\\\/es\\\/author\\\/ \\\/\"}]}<\/script>\n<!-- \/ Yoast SEO plugin. -->","yoast_head_json":{"title":"Esta Semana en Casa de Campo: 14 - 20 de Nov | Casa de Campo Living","description":"Esta semana en Casa de Campo, tenemos la cena&nbsp;ben\u00e9fica&nbsp;Alegr\u00eda&nbsp;del Mar, para el Orfanato Ni\u00f1os de Cristo. Para quienes buscan","robots":{"index":"index","follow":"follow","max-snippet":"max-snippet:-1","max-image-preview":"max-image-preview:large","max-video-preview":"max-video-preview:-1"},"canonical":"https:\/\/casadecampoliving.com\/es\/esta-semana-en-casa-de-campo-14-20-de-nov\/","og_locale":"es_ES","og_type":"article","og_title":"Esta Semana en Casa de Campo: 14 - 20 de Nov | Casa de Campo Living","og_description":"Esta semana en Casa de Campo, tenemos la cena&nbsp;ben\u00e9fica&nbsp;Alegr\u00eda&nbsp;del Mar, para el Orfanato Ni\u00f1os de Cristo. Para quienes buscan","og_url":"https:\/\/casadecampoliving.com\/es\/esta-semana-en-casa-de-campo-14-20-de-nov\/","og_site_name":"Casa de Campo Living","article_publisher":"https:\/\/www.facebook.com\/casadecampoliving","article_published_time":"2011-11-14T04:00:00+00:00","article_modified_time":"2022-10-21T22:45:25+00:00","og_image":[{"width":550,"height":200,"url":"https:\/\/i0.wp.com\/casadecampoliving.com\/wp-content\/uploads\/2022\/10\/Thisweekincasa1-5.jpg?fit=550%2C200&ssl=1","type":"image\/jpeg"}],"twitter_card":"summary_large_image","twitter_creator":"@cdcliving","twitter_site":"@cdcliving","twitter_misc":{"Escrito por":"","Tiempo de lectura":"3 minutos"},"schema":{"@context":"https:\/\/schema.org","@graph":[{"@type":"Article","@id":"https:\/\/casadecampoliving.com\/es\/esta-semana-en-casa-de-campo-14-20-de-nov\/#article","isPartOf":{"@id":"https:\/\/casadecampoliving.com\/es\/esta-semana-en-casa-de-campo-14-20-de-nov\/"},"author":{"name":"","@id":"https:\/\/casadecampoliving.com\/es\/#\/schema\/person\/7e3b975d584a5f6ac0fd7128a81b0bc5"},"headline":"Esta Semana en Casa de Campo: 14 &#8211; 20 de Nov","datePublished":"2011-11-14T04:00:00+00:00","dateModified":"2022-10-21T22:45:25+00:00","mainEntityOfPage":{"@id":"https:\/\/casadecampoliving.com\/es\/esta-semana-en-casa-de-campo-14-20-de-nov\/"},"wordCount":709,"publisher":{"@id":"https:\/\/casadecampoliving.com\/es\/#organization"},"image":{"@id":"https:\/\/casadecampoliving.com\/es\/esta-semana-en-casa-de-campo-14-20-de-nov\/#primaryimage"},"thumbnailUrl":"https:\/\/i0.wp.com\/casadecampoliving.com\/wp-content\/uploads\/2022\/10\/Thisweekincasa1-5.jpg?fit=550%2C200&ssl=1","keywords":["alegria del mar"],"articleSection":["Eventos","Noticias Locales","Proximamente"],"inLanguage":"es"},{"@type":"WebPage","@id":"https:\/\/casadecampoliving.com\/es\/esta-semana-en-casa-de-campo-14-20-de-nov\/","url":"https:\/\/casadecampoliving.com\/es\/esta-semana-en-casa-de-campo-14-20-de-nov\/","name":"Esta Semana en Casa de Campo: 14 - 20 de Nov | Casa de Campo Living","isPartOf":{"@id":"https:\/\/casadecampoliving.com\/es\/#website"},"primaryImageOfPage":{"@id":"https:\/\/casadecampoliving.com\/es\/esta-semana-en-casa-de-campo-14-20-de-nov\/#primaryimage"},"image":{"@id":"https:\/\/casadecampoliving.com\/es\/esta-semana-en-casa-de-campo-14-20-de-nov\/#primaryimage"},"thumbnailUrl":"https:\/\/i0.wp.com\/casadecampoliving.com\/wp-content\/uploads\/2022\/10\/Thisweekincasa1-5.jpg?fit=550%2C200&ssl=1","datePublished":"2011-11-14T04:00:00+00:00","dateModified":"2022-10-21T22:45:25+00:00","description":"Esta semana en Casa de Campo, tenemos la cena&nbsp;ben\u00e9fica&nbsp;Alegr\u00eda&nbsp;del Mar, para el Orfanato Ni\u00f1os de Cristo. Para quienes buscan","breadcrumb":{"@id":"https:\/\/casadecampoliving.com\/es\/esta-semana-en-casa-de-campo-14-20-de-nov\/#breadcrumb"},"inLanguage":"es","potentialAction":[{"@type":"ReadAction","target":["https:\/\/casadecampoliving.com\/es\/esta-semana-en-casa-de-campo-14-20-de-nov\/"]}]},{"@type":"ImageObject","inLanguage":"es","@id":"https:\/\/casadecampoliving.com\/es\/esta-semana-en-casa-de-campo-14-20-de-nov\/#primaryimage","url":"https:\/\/i0.wp.com\/casadecampoliving.com\/wp-content\/uploads\/2022\/10\/Thisweekincasa1-5.jpg?fit=550%2C200&ssl=1","contentUrl":"https:\/\/i0.wp.com\/casadecampoliving.com\/wp-content\/uploads\/2022\/10\/Thisweekincasa1-5.jpg?fit=550%2C200&ssl=1","width":550,"height":200},{"@type":"BreadcrumbList","@id":"https:\/\/casadecampoliving.com\/es\/esta-semana-en-casa-de-campo-14-20-de-nov\/#breadcrumb","itemListElement":[{"@type":"ListItem","position":1,"name":"Home","item":"https:\/\/casadecampoliving.com\/es\/"},{"@type":"ListItem","position":2,"name":"Esta Semana en Casa de Campo: 14 &#8211; 20 de Nov"}]},{"@type":"WebSite","@id":"https:\/\/casadecampoliving.com\/es\/#website","url":"https:\/\/casadecampoliving.com\/es\/","name":"Casa de Campo Living","description":"Resort community news and resources.","publisher":{"@id":"https:\/\/casadecampoliving.com\/es\/#organization"},"potentialAction":[{"@type":"SearchAction","target":{"@type":"EntryPoint","urlTemplate":"https:\/\/casadecampoliving.com\/es\/?s={search_term_string}"},"query-input":{"@type":"PropertyValueSpecification","valueRequired":true,"valueName":"search_term_string"}}],"inLanguage":"es"},{"@type":"Organization","@id":"https:\/\/casadecampoliving.com\/es\/#organization","name":"Casa de Campo Living","url":"https:\/\/casadecampoliving.com\/es\/","logo":{"@type":"ImageObject","inLanguage":"es","@id":"https:\/\/casadecampoliving.com\/es\/#\/schema\/logo\/image\/","url":"https:\/\/i0.wp.com\/casadecampoliving.com\/wp-content\/uploads\/2022\/07\/CDCLivingLogo_V1-white-sized.png?fit=800%2C214&ssl=1","contentUrl":"https:\/\/i0.wp.com\/casadecampoliving.com\/wp-content\/uploads\/2022\/07\/CDCLivingLogo_V1-white-sized.png?fit=800%2C214&ssl=1","width":800,"height":214,"caption":"Casa de Campo Living"},"image":{"@id":"https:\/\/casadecampoliving.com\/es\/#\/schema\/logo\/image\/"},"sameAs":["https:\/\/www.facebook.com\/casadecampoliving","https:\/\/x.com\/cdcliving"]},{"@type":"Person","@id":"https:\/\/casadecampoliving.com\/es\/#\/schema\/person\/7e3b975d584a5f6ac0fd7128a81b0bc5","name":"","image":{"@type":"ImageObject","inLanguage":"es","@id":"https:\/\/secure.gravatar.com\/avatar\/?s=96&d=mm&r=g","url":"https:\/\/secure.gravatar.com\/avatar\/?s=96&d=mm&r=g","contentUrl":"https:\/\/secure.gravatar.com\/avatar\/?s=96&d=mm&r=g"},"url":"https:\/\/casadecampoliving.com\/es\/author\/ \/"}]}},"parsely":{"version":"1.1.0","canonical_url":"https:\/\/casadecampoliving.com\/es\/esta-semana-en-casa-de-campo-14-20-de-nov\/","smart_links":{"inbound":0,"outbound":0},"traffic_boost_suggestions_count":0,"meta":{"@context":"https:\/\/schema.org","@type":"NewsArticle","headline":"Esta Semana en Casa de Campo: 14 &#8211; 20 de Nov","url":"http:\/\/casadecampoliving.com\/es\/esta-semana-en-casa-de-campo-14-20-de-nov\/","mainEntityOfPage":{"@type":"WebPage","@id":"http:\/\/casadecampoliving.com\/es\/esta-semana-en-casa-de-campo-14-20-de-nov\/"},"thumbnailUrl":"https:\/\/i0.wp.com\/casadecampoliving.com\/wp-content\/uploads\/2022\/10\/Thisweekincasa1-5.jpg?resize=150%2C150&ssl=1","image":{"@type":"ImageObject","url":"https:\/\/i0.wp.com\/casadecampoliving.com\/wp-content\/uploads\/2022\/10\/Thisweekincasa1-5.jpg?fit=550%2C200&ssl=1"},"articleSection":"Eventos","author":[{"@type":"Person","name":"FB_515917546"}],"creator":["FB_515917546"],"publisher":{"@type":"Organization","name":"Casa de Campo Living","logo":"https:\/\/casadecampoliving.com\/wp-content\/uploads\/2022\/07\/CDCLivingLogo_V1-white-sized.png"},"keywords":["alegria del mar"],"dateCreated":"2011-11-14T04:00:00Z","datePublished":"2011-11-14T04:00:00Z","dateModified":"2022-10-21T22:45:25Z"},"rendered":"<script type=\"application\/ld+json\" class=\"wp-parsely-metadata\">{\"@context\":\"https:\\\/\\\/schema.org\",\"@type\":\"NewsArticle\",\"headline\":\"Esta Semana en Casa de Campo: 14 &#8211; 20 de Nov\",\"url\":\"http:\\\/\\\/casadecampoliving.com\\\/es\\\/esta-semana-en-casa-de-campo-14-20-de-nov\\\/\",\"mainEntityOfPage\":{\"@type\":\"WebPage\",\"@id\":\"http:\\\/\\\/casadecampoliving.com\\\/es\\\/esta-semana-en-casa-de-campo-14-20-de-nov\\\/\"},\"thumbnailUrl\":\"https:\\\/\\\/i0.wp.com\\\/casadecampoliving.com\\\/wp-content\\\/uploads\\\/2022\\\/10\\\/Thisweekincasa1-5.jpg?resize=150%2C150&ssl=1\",\"image\":{\"@type\":\"ImageObject\",\"url\":\"https:\\\/\\\/i0.wp.com\\\/casadecampoliving.com\\\/wp-content\\\/uploads\\\/2022\\\/10\\\/Thisweekincasa1-5.jpg?fit=550%2C200&ssl=1\"},\"articleSection\":\"Eventos\",\"author\":[{\"@type\":\"Person\",\"name\":\"FB_515917546\"}],\"creator\":[\"FB_515917546\"],\"publisher\":{\"@type\":\"Organization\",\"name\":\"Casa de Campo Living\",\"logo\":\"https:\\\/\\\/casadecampoliving.com\\\/wp-content\\\/uploads\\\/2022\\\/07\\\/CDCLivingLogo_V1-white-sized.png\"},\"keywords\":[\"alegria del mar\"],\"dateCreated\":\"2011-11-14T04:00:00Z\",\"datePublished\":\"2011-11-14T04:00:00Z\",\"dateModified\":\"2022-10-21T22:45:25Z\"}<\/script>","tracker_url":"https:\/\/cdn.parsely.com\/keys\/casadecampoliving.com\/p.js"},"jetpack_publicize_connections":[],"jetpack_featured_media_url":"https:\/\/i0.wp.com\/casadecampoliving.com\/wp-content\/uploads\/2022\/10\/Thisweekincasa1-5.jpg?fit=550%2C200&ssl=1","jetpack-related-posts":[{"id":433460,"url":"https:\/\/casadecampoliving.com\/es\/no-se-pierdan-el-increible-tributo-a-frank-sinatra-para-celebrar-el-40-aniversario-del-anfiteatro-altos-de-chavon\/","url_meta":{"origin":337269,"position":0},"title":"No se pierdan el incre\u00edble tributo a Frank Sinatra para celebrar el 40 aniversario del\u00a0Anfiteatro Altos de Chav\u00f3n","author":"Casa de Campo Living","date":"20 Oct, 2022","format":false,"excerpt":"Siendo uno de los escenarios m\u00e1s emblem\u00e1ticos del pa\u00eds, Casa de Campo Resort\u00ae & Villas celebra las cuatro d\u00e9cadas de aniversario de Altos de Chav\u00f3n con un tributo al gran Frank Sinatra, protagonizado por artistas invitados y una big band tal cual la que acompa\u00f1\u00f3 al artista hace 40 a\u00f1os\u2026","rel":"","context":"En \u00abUncategorized @es\u00bb","block_context":{"text":"Uncategorized @es","link":"https:\/\/casadecampoliving.com\/es\/category\/uncategorized-es\/"},"img":{"alt_text":"","src":"https:\/\/i0.wp.com\/casadecampoliving.com\/wp-content\/uploads\/2022\/10\/Tributo-Frank-Sinatra-Foto-Principal-Amaury-Sanchez-Danilo-Ginebra-Andres-Pichardo-y-Jose-Gabriel-Perez-.jpg?fit=1200%2C873&ssl=1&resize=350%2C200","width":350,"height":200,"srcset":"https:\/\/i0.wp.com\/casadecampoliving.com\/wp-content\/uploads\/2022\/10\/Tributo-Frank-Sinatra-Foto-Principal-Amaury-Sanchez-Danilo-Ginebra-Andres-Pichardo-y-Jose-Gabriel-Perez-.jpg?fit=1200%2C873&ssl=1&resize=350%2C200 1x, https:\/\/i0.wp.com\/casadecampoliving.com\/wp-content\/uploads\/2022\/10\/Tributo-Frank-Sinatra-Foto-Principal-Amaury-Sanchez-Danilo-Ginebra-Andres-Pichardo-y-Jose-Gabriel-Perez-.jpg?fit=1200%2C873&ssl=1&resize=525%2C300 1.5x, https:\/\/i0.wp.com\/casadecampoliving.com\/wp-content\/uploads\/2022\/10\/Tributo-Frank-Sinatra-Foto-Principal-Amaury-Sanchez-Danilo-Ginebra-Andres-Pichardo-y-Jose-Gabriel-Perez-.jpg?fit=1200%2C873&ssl=1&resize=700%2C400 2x, https:\/\/i0.wp.com\/casadecampoliving.com\/wp-content\/uploads\/2022\/10\/Tributo-Frank-Sinatra-Foto-Principal-Amaury-Sanchez-Danilo-Ginebra-Andres-Pichardo-y-Jose-Gabriel-Perez-.jpg?fit=1200%2C873&ssl=1&resize=1050%2C600 3x"},"classes":[]},{"id":337628,"url":"https:\/\/casadecampoliving.com\/es\/fotos-de-la-cena-benefica-alegria-del-mar-por-anselmo-grussu\/","url_meta":{"origin":337269,"position":1},"title":"Fotos de la cena ben\u00e9fica Alegr\u00eda del Mar, por Anselmo Grussu","author":"","date":"13 Dic, 2011","format":false,"excerpt":"El s\u00e1bado 19 de noviembre 2011, la cena ben\u00e9fica anual del Orfanato Ni\u00f1os y Ni\u00f1as de Cristo, \"Alegr\u00eda del Mar\", fue celebrada y aqu\u00ed les traemo una colecci\u00f3n de fotos tomadas por Anselmo Grussu. El evento, que estuvo dirigido por Deena McKelvey en su espectacular villa de Casa de Campo,\u2026","rel":"","context":"En \u00abEventos\u00bb","block_context":{"text":"Eventos","link":"https:\/\/casadecampoliving.com\/es\/category\/eventos-es\/"},"img":{"alt_text":"alegria del mar","src":"https:\/\/i0.wp.com\/casadecampoliving.com\/wp-content\/uploads\/2022\/10\/alegria_del_mar-1.jpg?fit=650%2C433&ssl=1&resize=350%2C200","width":350,"height":200,"srcset":"https:\/\/i0.wp.com\/casadecampoliving.com\/wp-content\/uploads\/2022\/10\/alegria_del_mar-1.jpg?fit=650%2C433&ssl=1&resize=350%2C200 1x, https:\/\/i0.wp.com\/casadecampoliving.com\/wp-content\/uploads\/2022\/10\/alegria_del_mar-1.jpg?fit=650%2C433&ssl=1&resize=525%2C300 1.5x"},"classes":[]},{"id":337392,"url":"https:\/\/casadecampoliving.com\/es\/la-cena-benefica-alegria-del-mar-orfanato-ninos-de-cristo-sera-manana\/","url_meta":{"origin":337269,"position":2},"title":"La Cena Ben\u00e9fica \u00abAlegr\u00eda del Mar\u00bb Orfanato Ni\u00f1os de Cristo ser\u00e1 ma\u00f1ana","author":"","date":"18 Nov, 2011","format":false,"excerpt":"\u00bfQu\u00e9\u00a0tiene planeado hacer ma\u00f1ana en la noche? \u00bfPor qu\u00e9 no se une a la\u00a0fant\u00e1stica\u00a0cena y baile que tenemos para contribuir con el Orfanato Ni\u00f1os de Cristo? El evento realizado para completar la\u00a0construcci\u00f3n\u00a0de la nueva escuela del Orfanato, se realizara en una de las villas mas impactantes de Casa de Campo;\u00a0\u00a0Casa\u2026","rel":"","context":"En \u00abEventos\u00bb","block_context":{"text":"Eventos","link":"https:\/\/casadecampoliving.com\/es\/category\/eventos-es\/"},"img":{"alt_text":"casa de campo villa punta aguila","src":"https:\/\/i0.wp.com\/casadecampoliving.com\/wp-content\/uploads\/2022\/10\/casa_de_campo_villa_punta_aguila1-1.jpg?fit=500%2C292&ssl=1&resize=350%2C200","width":350,"height":200},"classes":[]},{"id":337384,"url":"https:\/\/casadecampoliving.com\/es\/este-fin-de-semana-en-casa-de-campo-18-20-de-nov-2\/","url_meta":{"origin":337269,"position":3},"title":"Fin de Semana en Casa de Campo: 18-20 de Nov.","author":"","date":"18 Nov, 2011","format":false,"excerpt":"Este fin de semana en Casa de Campo, hay tres especialidades en el\u00a0Men\u00fa\u00a0de los restaurantes de Casa de Campo: La Casita, La Piazzetta y el Beach Club. Recuerde que\u00a0tambi\u00e9n\u00a0tenemos la \u00a0Cena\u00a0Ben\u00e9fica,\u00a0Alegr\u00eda\u00a0del Mar para el Orfanato Ni\u00f1os de Cristo\u00a0on Saturday, and for those of you who havent enjoyed the art exhibition\u2026","rel":"","context":"En \u00abUncategorized @es\u00bb","block_context":{"text":"Uncategorized @es","link":"https:\/\/casadecampoliving.com\/es\/category\/uncategorized-es\/"},"img":{"alt_text":"","src":"https:\/\/i0.wp.com\/casadecampoliving.com\/wp-content\/uploads\/2022\/10\/Thisweekincasa-3.jpg?fit=550%2C200&ssl=1&resize=350%2C200","width":350,"height":200,"srcset":"https:\/\/i0.wp.com\/casadecampoliving.com\/wp-content\/uploads\/2022\/10\/Thisweekincasa-3.jpg?fit=550%2C200&ssl=1&resize=350%2C200 1x, https:\/\/i0.wp.com\/casadecampoliving.com\/wp-content\/uploads\/2022\/10\/Thisweekincasa-3.jpg?fit=550%2C200&ssl=1&resize=525%2C300 1.5x"},"classes":[]},{"id":354206,"url":"https:\/\/casadecampoliving.com\/es\/el-sunset-jazz-night-de-azimut-cafe-regresa-este-viernes\/","url_meta":{"origin":337269,"position":4},"title":"\u00a1El Sunset Jazz Night de Azimut Caf\u00e9 regresa este viernes!","author":"Casa de Campo Living","date":"22 Nov, 2021","format":false,"excerpt":"Ha pasado un tiempo desde que Azimut Cafe organiz\u00f3 su fant\u00e1stica Sunset Jazz Night en la Marina Casa de Campo. Mientras la comunidad ha estado esperando ansiosamente, los hemos escuchado susurrar \u2026 \u00bfcu\u00e1ndo es la pr\u00f3xima Sunset Jazz Night?\u00a0Las populares Sunset Jazz Nights de Azimut Caf\u00e9 siempre son algo que\u2026","rel":"","context":"En \u00abCasa de Campo Living @es\u00bb","block_context":{"text":"Casa de Campo Living @es","link":"https:\/\/casadecampoliving.com\/category\/casa-de-campo-living-es\/"},"img":{"alt_text":"","src":"https:\/\/i0.wp.com\/casadecampoliving.com\/wp-content\/uploads\/2022\/10\/IMG_8802-1.jpg?fit=1000%2C667&ssl=1&resize=350%2C200","width":350,"height":200,"srcset":"https:\/\/i0.wp.com\/casadecampoliving.com\/wp-content\/uploads\/2022\/10\/IMG_8802-1.jpg?fit=1000%2C667&ssl=1&resize=350%2C200 1x, https:\/\/i0.wp.com\/casadecampoliving.com\/wp-content\/uploads\/2022\/10\/IMG_8802-1.jpg?fit=1000%2C667&ssl=1&resize=525%2C300 1.5x, https:\/\/i0.wp.com\/casadecampoliving.com\/wp-content\/uploads\/2022\/10\/IMG_8802-1.jpg?fit=1000%2C667&ssl=1&resize=700%2C400 2x"},"classes":[]},{"id":510982,"url":"https:\/\/casadecampoliving.com\/es\/la-magia-navidena-ya-casi-esta-aqui-la-ceremonia-de-iluminacion-navidena-es-en-dos-semanas\/","url_meta":{"origin":337269,"position":5},"title":"La magia navide\u00f1a ya casi est\u00e1 aqu\u00ed: \u00a1la ceremonia de iluminaci\u00f3n navide\u00f1a es en DOS semanas!","author":"Casa de Campo Living","date":"19 Nov, 2022","format":false,"excerpt":"El s\u00e1bado 3 de diciembre, Casa de Campo y Altos de Chav\u00f3n lo invitan a celebrar el inicio oficial de la temporada navide\u00f1a con la Ceremonia de Encendido del \u00c1rbol de Navidad e incluso un concierto navide\u00f1o; \u00a1este a\u00f1o la ceremonia se llevar\u00e1 a cabo una vez m\u00e1s en la\u2026","rel":"","context":"En \u00abProximamente\u00bb","block_context":{"text":"Proximamente","link":"https:\/\/casadecampoliving.com\/es\/category\/proximamente\/"},"img":{"alt_text":"","src":"https:\/\/i0.wp.com\/casadecampoliving.com\/wp-content\/uploads\/2022\/11\/Christmas-Lighting-Ceremony-2020-scaled.jpg?fit=1200%2C800&ssl=1&resize=350%2C200","width":350,"height":200,"srcset":"https:\/\/i0.wp.com\/casadecampoliving.com\/wp-content\/uploads\/2022\/11\/Christmas-Lighting-Ceremony-2020-scaled.jpg?fit=1200%2C800&ssl=1&resize=350%2C200 1x, https:\/\/i0.wp.com\/casadecampoliving.com\/wp-content\/uploads\/2022\/11\/Christmas-Lighting-Ceremony-2020-scaled.jpg?fit=1200%2C800&ssl=1&resize=525%2C300 1.5x, https:\/\/i0.wp.com\/casadecampoliving.com\/wp-content\/uploads\/2022\/11\/Christmas-Lighting-Ceremony-2020-scaled.jpg?fit=1200%2C800&ssl=1&resize=700%2C400 2x, https:\/\/i0.wp.com\/casadecampoliving.com\/wp-content\/uploads\/2022\/11\/Christmas-Lighting-Ceremony-2020-scaled.jpg?fit=1200%2C800&ssl=1&resize=1050%2C600 3x"},"classes":[]}],"jetpack_sharing_enabled":true,"_links":{"self":[{"href":"https:\/\/casadecampoliving.com\/es\/wp-json\/wp\/v2\/posts\/337269","targetHints":{"allow":["GET"]}}],"collection":[{"href":"https:\/\/casadecampoliving.com\/es\/wp-json\/wp\/v2\/posts"}],"about":[{"href":"https:\/\/casadecampoliving.com\/es\/wp-json\/wp\/v2\/types\/post"}],"author":[{"embeddable":true,"href":"https:\/\/casadecampoliving.com\/es\/wp-json\/wp\/v2\/users\/21"}],"replies":[{"embeddable":true,"href":"https:\/\/casadecampoliving.com\/es\/wp-json\/wp\/v2\/comments?post=337269"}],"version-history":[{"count":1,"href":"https:\/\/casadecampoliving.com\/es\/wp-json\/wp\/v2\/posts\/337269\/revisions"}],"predecessor-version":[{"id":337270,"href":"https:\/\/casadecampoliving.com\/es\/wp-json\/wp\/v2\/posts\/337269\/revisions\/337270"}],"wp:featuredmedia":[{"embeddable":true,"href":"https:\/\/casadecampoliving.com\/es\/wp-json\/wp\/v2\/media\/244488"}],"wp:attachment":[{"href":"https:\/\/casadecampoliving.com\/es\/wp-json\/wp\/v2\/media?parent=337269"}],"wp:term":[{"taxonomy":"category","embeddable":true,"href":"https:\/\/casadecampoliving.com\/es\/wp-json\/wp\/v2\/categories?post=337269"},{"taxonomy":"post_tag","embeddable":true,"href":"https:\/\/casadecampoliving.com\/es\/wp-json\/wp\/v2\/tags?post=337269"},{"taxonomy":"newspack_spnsrs_tax","embeddable":true,"href":"https:\/\/casadecampoliving.com\/es\/wp-json\/wp\/v2\/newspack_spnsrs_tax?post=337269"}],"curies":[{"name":"wp","href":"https:\/\/api.w.org\/{rel}","templated":true}]}}