{"id":337227,"date":"2011-09-21T00:00:00","date_gmt":"2011-09-21T04:00:00","guid":{"rendered":"https:\/\/casadecampoliving.com\/celebrando-la-inauguracion-del-torneo-de-golf-casa-de-campo-open-en-playa-minitas-2\/"},"modified":"2022-11-10T10:47:01","modified_gmt":"2022-11-10T14:47:01","slug":"celebrando-la-inauguracion-del-torneo-de-golf-casa-de-campo-open-en-playa-minitas-2","status":"publish","type":"post","link":"https:\/\/casadecampoliving.com\/es\/celebrando-la-inauguracion-del-torneo-de-golf-casa-de-campo-open-en-playa-minitas-2\/","title":{"rendered":"Celebrando la inauguraci\u00f3n del Torneo de Golf \u00abCasa de Campo Open\u00bb en Playa Minitas"},"content":{"rendered":"<a href=\"https:\/\/i0.wp.com\/casadecampoliving.com\/wp-content\/uploads\/2022\/10\/casa_de_campo_dinner1.jpg?ssl=1\"><img data-recalc-dims=\"1\" loading=\"lazy\" decoding=\"async\" class=\"aligncenter size-full wp-image-34154\" title=\"casa_de_campo_dinner\" src=\"https:\/\/i0.wp.com\/casadecampoliving.com\/wp-content\/uploads\/2022\/10\/casa_de_campo_dinner1.jpg?resize=500%2C257&#038;ssl=1\" alt=\"\" width=\"500\" height=\"257\" \/><\/a>El pasado\u00a0mi\u00e9rcoles\u00a014 de septiembre, el 30 anual torneo de golf \u00abCasa de Campo Open\u00bb fue inaugurado con un coctel y cena en la Playa Minitas en Casa de Campo.\n\n<!--more-->\n\nEste a\u00f1o m\u00e1s de 275 golfistas jugaron en el torneo, algunos de Casa de Campo y la Republica Dominicana, pero la mayoridad vinieron desde otras\u00a0pa\u00edses; Aruba, San Mart\u00edn, Francia, Hait\u00ed, Jamaica, San Thomas, Curazao, Canad\u00e1, St. Martin, Bahamas, Colombia, Costa Rica, M\u00e9xico, Hait\u00ed, Francia, Italia, Venezuela, Puerto Rico, Australia entre otros!\n\nEl Torneo, ahora en su 30 a\u00f1o fue jugado\u00a0durante 5 d\u00edas en los campos de golf \u201cTeeth of the Dog\u201d y \u201cDye Fore\u201d, dise\u00f1ados por el famoso Pete Dye.\n<a href=\"https:\/\/i0.wp.com\/casadecampoliving.com\/wp-content\/uploads\/2022\/10\/casa_de_campo_dinner.jpg?ssl=1\"><img data-recalc-dims=\"1\" loading=\"lazy\" decoding=\"async\" class=\"aligncenter size-full wp-image-34153\" title=\"casa_de_campo_dinner\" src=\"https:\/\/i0.wp.com\/casadecampoliving.com\/wp-content\/uploads\/2022\/10\/casa_de_campo_dinner.jpg?resize=565%2C297&#038;ssl=1\" alt=\"\" width=\"565\" height=\"297\" \/><\/a>\n\nEl coctel y cena de bienvenida\u00a0tuvo\u00a0lugar en la playa privada de Casa de Campo, \u00abPlaya Minitas\u00bb, donde los invitados disfrutaron una cena espectacular bajo de las estrellas con la arena bajo de sus pies.\n\nM\u00e1s fotos y las resultados del torneo ser\u00e1 publicado en breve!\n\n<strong>\n<figure class=\"wp-block-gallery has-nested-images columns-default is-cropped wp-block-gallery-1 is-layout-flex wp-block-gallery-is-layout-flex\">\n<figure class=\"wp-block-image size-large\"><img data-recalc-dims=\"1\" loading=\"lazy\" decoding=\"async\" width=\"800\" height=\"531\" data-id=\"383908\" src=\"https:\/\/i0.wp.com\/casadecampoliving.com\/wp-content\/uploads\/2022\/10\/dsc_7908.jpg?resize=800%2C531&#038;ssl=1\" alt=\"\" class=\"wp-image-383908\" srcset=\"https:\/\/i0.wp.com\/casadecampoliving.com\/wp-content\/uploads\/2022\/10\/dsc_7908.jpg?w=800&amp;ssl=1 800w, https:\/\/i0.wp.com\/casadecampoliving.com\/wp-content\/uploads\/2022\/10\/dsc_7908.jpg?resize=300%2C199&amp;ssl=1 300w, https:\/\/i0.wp.com\/casadecampoliving.com\/wp-content\/uploads\/2022\/10\/dsc_7908.jpg?resize=768%2C510&amp;ssl=1 768w, https:\/\/i0.wp.com\/casadecampoliving.com\/wp-content\/uploads\/2022\/10\/dsc_7908.jpg?resize=400%2C266&amp;ssl=1 400w, https:\/\/i0.wp.com\/casadecampoliving.com\/wp-content\/uploads\/2022\/10\/dsc_7908.jpg?resize=706%2C469&amp;ssl=1 706w, https:\/\/i0.wp.com\/casadecampoliving.com\/wp-content\/uploads\/2022\/10\/dsc_7908.jpg?resize=150%2C100&amp;ssl=1 150w, https:\/\/i0.wp.com\/casadecampoliving.com\/wp-content\/uploads\/2022\/10\/dsc_7908.jpg?w=370&amp;ssl=1 370w\" sizes=\"auto, (max-width: 800px) 100vw, 800px\" \/><\/figure>\n\n\n\n<figure class=\"wp-block-image size-large\"><img data-recalc-dims=\"1\" loading=\"lazy\" decoding=\"async\" width=\"800\" height=\"571\" data-id=\"383910\" src=\"https:\/\/i0.wp.com\/casadecampoliving.com\/wp-content\/uploads\/2022\/10\/dsc_7912.jpg?resize=800%2C571&#038;ssl=1\" alt=\"\" class=\"wp-image-383910\" srcset=\"https:\/\/i0.wp.com\/casadecampoliving.com\/wp-content\/uploads\/2022\/10\/dsc_7912.jpg?w=800&amp;ssl=1 800w, https:\/\/i0.wp.com\/casadecampoliving.com\/wp-content\/uploads\/2022\/10\/dsc_7912.jpg?resize=300%2C214&amp;ssl=1 300w, https:\/\/i0.wp.com\/casadecampoliving.com\/wp-content\/uploads\/2022\/10\/dsc_7912.jpg?resize=768%2C548&amp;ssl=1 768w, https:\/\/i0.wp.com\/casadecampoliving.com\/wp-content\/uploads\/2022\/10\/dsc_7912.jpg?resize=400%2C286&amp;ssl=1 400w, https:\/\/i0.wp.com\/casadecampoliving.com\/wp-content\/uploads\/2022\/10\/dsc_7912.jpg?resize=706%2C504&amp;ssl=1 706w, https:\/\/i0.wp.com\/casadecampoliving.com\/wp-content\/uploads\/2022\/10\/dsc_7912.jpg?resize=150%2C107&amp;ssl=1 150w, https:\/\/i0.wp.com\/casadecampoliving.com\/wp-content\/uploads\/2022\/10\/dsc_7912.jpg?w=370&amp;ssl=1 370w\" sizes=\"auto, (max-width: 800px) 100vw, 800px\" \/><\/figure>\n\n\n\n<figure class=\"wp-block-image size-large\"><img data-recalc-dims=\"1\" loading=\"lazy\" decoding=\"async\" width=\"800\" height=\"531\" data-id=\"383912\" src=\"https:\/\/i0.wp.com\/casadecampoliving.com\/wp-content\/uploads\/2022\/10\/dsc_7955.jpg?resize=800%2C531&#038;ssl=1\" alt=\"\" class=\"wp-image-383912\" srcset=\"https:\/\/i0.wp.com\/casadecampoliving.com\/wp-content\/uploads\/2022\/10\/dsc_7955.jpg?w=800&amp;ssl=1 800w, https:\/\/i0.wp.com\/casadecampoliving.com\/wp-content\/uploads\/2022\/10\/dsc_7955.jpg?resize=300%2C199&amp;ssl=1 300w, https:\/\/i0.wp.com\/casadecampoliving.com\/wp-content\/uploads\/2022\/10\/dsc_7955.jpg?resize=768%2C510&amp;ssl=1 768w, https:\/\/i0.wp.com\/casadecampoliving.com\/wp-content\/uploads\/2022\/10\/dsc_7955.jpg?resize=400%2C266&amp;ssl=1 400w, https:\/\/i0.wp.com\/casadecampoliving.com\/wp-content\/uploads\/2022\/10\/dsc_7955.jpg?resize=706%2C469&amp;ssl=1 706w, https:\/\/i0.wp.com\/casadecampoliving.com\/wp-content\/uploads\/2022\/10\/dsc_7955.jpg?resize=150%2C100&amp;ssl=1 150w, https:\/\/i0.wp.com\/casadecampoliving.com\/wp-content\/uploads\/2022\/10\/dsc_7955.jpg?w=370&amp;ssl=1 370w\" sizes=\"auto, (max-width: 800px) 100vw, 800px\" \/><\/figure>\n\n\n\n<figure class=\"wp-block-image size-large\"><img data-recalc-dims=\"1\" loading=\"lazy\" decoding=\"async\" width=\"800\" height=\"552\" data-id=\"383914\" src=\"https:\/\/i0.wp.com\/casadecampoliving.com\/wp-content\/uploads\/2022\/10\/dsc_7965.jpg?resize=800%2C552&#038;ssl=1\" alt=\"\" class=\"wp-image-383914\" srcset=\"https:\/\/i0.wp.com\/casadecampoliving.com\/wp-content\/uploads\/2022\/10\/dsc_7965.jpg?w=800&amp;ssl=1 800w, https:\/\/i0.wp.com\/casadecampoliving.com\/wp-content\/uploads\/2022\/10\/dsc_7965.jpg?resize=300%2C207&amp;ssl=1 300w, https:\/\/i0.wp.com\/casadecampoliving.com\/wp-content\/uploads\/2022\/10\/dsc_7965.jpg?resize=768%2C530&amp;ssl=1 768w, https:\/\/i0.wp.com\/casadecampoliving.com\/wp-content\/uploads\/2022\/10\/dsc_7965.jpg?resize=400%2C276&amp;ssl=1 400w, https:\/\/i0.wp.com\/casadecampoliving.com\/wp-content\/uploads\/2022\/10\/dsc_7965.jpg?resize=706%2C487&amp;ssl=1 706w, https:\/\/i0.wp.com\/casadecampoliving.com\/wp-content\/uploads\/2022\/10\/dsc_7965.jpg?resize=150%2C104&amp;ssl=1 150w, https:\/\/i0.wp.com\/casadecampoliving.com\/wp-content\/uploads\/2022\/10\/dsc_7965.jpg?w=370&amp;ssl=1 370w\" sizes=\"auto, (max-width: 800px) 100vw, 800px\" \/><\/figure>\n\n\n\n<figure class=\"wp-block-image size-large\"><img data-recalc-dims=\"1\" loading=\"lazy\" decoding=\"async\" width=\"800\" height=\"514\" data-id=\"383916\" src=\"https:\/\/i0.wp.com\/casadecampoliving.com\/wp-content\/uploads\/2022\/10\/dsc_8045.jpg?resize=800%2C514&#038;ssl=1\" alt=\"\" class=\"wp-image-383916\" srcset=\"https:\/\/i0.wp.com\/casadecampoliving.com\/wp-content\/uploads\/2022\/10\/dsc_8045.jpg?w=800&amp;ssl=1 800w, https:\/\/i0.wp.com\/casadecampoliving.com\/wp-content\/uploads\/2022\/10\/dsc_8045.jpg?resize=300%2C193&amp;ssl=1 300w, https:\/\/i0.wp.com\/casadecampoliving.com\/wp-content\/uploads\/2022\/10\/dsc_8045.jpg?resize=768%2C493&amp;ssl=1 768w, https:\/\/i0.wp.com\/casadecampoliving.com\/wp-content\/uploads\/2022\/10\/dsc_8045.jpg?resize=400%2C257&amp;ssl=1 400w, https:\/\/i0.wp.com\/casadecampoliving.com\/wp-content\/uploads\/2022\/10\/dsc_8045.jpg?resize=706%2C454&amp;ssl=1 706w, https:\/\/i0.wp.com\/casadecampoliving.com\/wp-content\/uploads\/2022\/10\/dsc_8045.jpg?resize=150%2C96&amp;ssl=1 150w, https:\/\/i0.wp.com\/casadecampoliving.com\/wp-content\/uploads\/2022\/10\/dsc_8045.jpg?w=370&amp;ssl=1 370w\" sizes=\"auto, (max-width: 800px) 100vw, 800px\" \/><\/figure>\n<\/figure>\n<\/strong>","protected":false},"excerpt":{"rendered":"<p>El pasado\u00a0mi\u00e9rcoles\u00a014 de septiembre, el 30 anual torneo de golf \u00abCasa de Campo Open\u00bb fue inaugurado con un coctel y cena en la Playa Minitas en Casa de Campo.<\/p>\n","protected":false},"author":31,"featured_media":248121,"comment_status":"closed","ping_status":"closed","sticky":false,"template":"","format":"standard","meta":{"newspack_ads_suppress_ads":false,"newspack_popups_has_disabled_popups":false,"newspack_sponsor_sponsorship_scope":"","newspack_sponsor_native_byline_display":"inherit","newspack_sponsor_native_category_display":"inherit","newspack_sponsor_underwriter_style":"inherit","newspack_sponsor_underwriter_placement":"inherit","_newspack_byline_active":false,"_newspack_byline":"","newspack_hide_updated_date":false,"newspack_show_updated_date":false,"newspack_content_restriction_is_exempt":false,"newspack_featured_image_position":"","newspack_post_subtitle":"","newspack_article_summary_title":"Overview:","newspack_article_summary":"","_jetpack_memberships_contains_paid_content":false,"footnotes":"","jetpack_publicize_message":"","jetpack_publicize_feature_enabled":true,"jetpack_social_post_already_shared":false,"jetpack_social_options":{"image_generator_settings":{"template":"highway","default_image_id":0,"font":"","enabled":false},"version":2},"_wpas_customize_per_network":false},"categories":[2521,2522,2524,2526,14631,14625,26822,2525,14627],"tags":[4012,1417,113,502,177,2599],"newspack_spnsrs_tax":[],"class_list":["post-337227","post","type-post","status-publish","format-standard","has-post-thumbnail","hentry","category-republica-dominicana-2","category-eventos-es","category-destacados","category-titulares-es","category-estilo-de-vida","category-noticias-locales","category-resort-casa-de-campo","category-golf-deportes-es","category-proximamente","tag-casa-de-campo-golf-es","tag-casa-de-campo-open","tag-pete-dye","tag-playa-minitas","tag-teeth-of-the-dog","tag-torneo-de-golf","entry"],"yoast_head":"<!-- This site is optimized with the Yoast SEO plugin v27.4 - https:\/\/yoast.com\/product\/yoast-seo-wordpress\/ -->\n<title>Celebrando la inauguraci\u00f3n del Torneo de Golf &quot;Casa de Campo Open&quot; en Playa Minitas | Casa de Campo Living<\/title>\n<meta name=\"description\" content=\"El pasado\u00a0mi\u00e9rcoles\u00a014 de septiembre, el 30 anual torneo de golf &quot;Casa de Campo Open&quot; fue inaugurado con un coctel y cena en la Playa Minitas en Casa de\" \/>\n<meta name=\"robots\" content=\"index, follow, max-snippet:-1, max-image-preview:large, max-video-preview:-1\" \/>\n<link rel=\"canonical\" href=\"https:\/\/casadecampoliving.com\/es\/celebrando-la-inauguracion-del-torneo-de-golf-casa-de-campo-open-en-playa-minitas-2\/\" \/>\n<meta property=\"og:locale\" content=\"es_ES\" \/>\n<meta property=\"og:type\" content=\"article\" \/>\n<meta property=\"og:title\" content=\"Celebrando la inauguraci\u00f3n del Torneo de Golf &quot;Casa de Campo Open&quot; en Playa Minitas | Casa de Campo Living\" \/>\n<meta property=\"og:description\" content=\"El pasado\u00a0mi\u00e9rcoles\u00a014 de septiembre, el 30 anual torneo de golf &quot;Casa de Campo Open&quot; fue inaugurado con un coctel y cena en la Playa Minitas en Casa de\" \/>\n<meta property=\"og:url\" content=\"https:\/\/casadecampoliving.com\/es\/celebrando-la-inauguracion-del-torneo-de-golf-casa-de-campo-open-en-playa-minitas-2\/\" \/>\n<meta property=\"og:site_name\" content=\"Casa de Campo Living\" \/>\n<meta property=\"article:publisher\" content=\"https:\/\/www.facebook.com\/casadecampoliving\" \/>\n<meta property=\"article:published_time\" content=\"2011-09-21T04:00:00+00:00\" \/>\n<meta property=\"article:modified_time\" content=\"2022-11-10T14:47:01+00:00\" \/>\n<meta property=\"og:image\" content=\"https:\/\/i0.wp.com\/casadecampoliving.com\/wp-content\/uploads\/2022\/10\/casa_de_campo_dinner-1.jpg?fit=565%2C297&ssl=1\" \/>\n\t<meta property=\"og:image:width\" content=\"565\" \/>\n\t<meta property=\"og:image:height\" content=\"297\" \/>\n\t<meta property=\"og:image:type\" content=\"image\/jpeg\" \/>\n<meta name=\"author\" content=\"Rebecca Silvestri\" \/>\n<meta name=\"twitter:card\" content=\"summary_large_image\" \/>\n<meta name=\"twitter:creator\" content=\"@cdcliving\" \/>\n<meta name=\"twitter:site\" content=\"@cdcliving\" \/>\n<meta name=\"twitter:label1\" content=\"Escrito por\" \/>\n\t<meta name=\"twitter:data1\" content=\"Rebecca Silvestri\" \/>\n\t<meta name=\"twitter:label2\" content=\"Tiempo de lectura\" \/>\n\t<meta name=\"twitter:data2\" content=\"1 minuto\" \/>\n<script type=\"application\/ld+json\" class=\"yoast-schema-graph\">{\"@context\":\"https:\\\/\\\/schema.org\",\"@graph\":[{\"@type\":\"Article\",\"@id\":\"https:\\\/\\\/casadecampoliving.com\\\/es\\\/celebrando-la-inauguracion-del-torneo-de-golf-casa-de-campo-open-en-playa-minitas-2\\\/#article\",\"isPartOf\":{\"@id\":\"https:\\\/\\\/casadecampoliving.com\\\/es\\\/celebrando-la-inauguracion-del-torneo-de-golf-casa-de-campo-open-en-playa-minitas-2\\\/\"},\"author\":{\"name\":\"Rebecca Silvestri\",\"@id\":\"https:\\\/\\\/casadecampoliving.com\\\/es\\\/#\\\/schema\\\/person\\\/2b2208f3175fa8761e25b272e096d718\"},\"headline\":\"Celebrando la inauguraci\u00f3n del Torneo de Golf \u00abCasa de Campo Open\u00bb en Playa Minitas\",\"datePublished\":\"2011-09-21T04:00:00+00:00\",\"dateModified\":\"2022-11-10T14:47:01+00:00\",\"mainEntityOfPage\":{\"@id\":\"https:\\\/\\\/casadecampoliving.com\\\/es\\\/celebrando-la-inauguracion-del-torneo-de-golf-casa-de-campo-open-en-playa-minitas-2\\\/\"},\"wordCount\":180,\"publisher\":{\"@id\":\"https:\\\/\\\/casadecampoliving.com\\\/es\\\/#organization\"},\"image\":{\"@id\":\"https:\\\/\\\/casadecampoliving.com\\\/es\\\/celebrando-la-inauguracion-del-torneo-de-golf-casa-de-campo-open-en-playa-minitas-2\\\/#primaryimage\"},\"thumbnailUrl\":\"https:\\\/\\\/i0.wp.com\\\/casadecampoliving.com\\\/wp-content\\\/uploads\\\/2022\\\/10\\\/casa_de_campo_dinner-1.jpg?fit=565%2C297&ssl=1\",\"keywords\":[\"casa de campo golf @es\",\"casa de campo open\",\"Pete Dye\",\"playa minitas\",\"Teeth of the Dog\",\"torneo de golf\"],\"articleSection\":[\"Rep\u00fablica Dominicana @es\",\"Eventos\",\"Destacados\",\"Titulares\",\"Estilo de Vida\",\"Noticias Locales\",\"Resort Casa de Campo\",\"Deportes\",\"Proximamente\"],\"inLanguage\":\"es\"},{\"@type\":\"WebPage\",\"@id\":\"https:\\\/\\\/casadecampoliving.com\\\/es\\\/celebrando-la-inauguracion-del-torneo-de-golf-casa-de-campo-open-en-playa-minitas-2\\\/\",\"url\":\"https:\\\/\\\/casadecampoliving.com\\\/es\\\/celebrando-la-inauguracion-del-torneo-de-golf-casa-de-campo-open-en-playa-minitas-2\\\/\",\"name\":\"Celebrando la inauguraci\u00f3n del Torneo de Golf \\\"Casa de Campo Open\\\" en Playa Minitas | Casa de Campo Living\",\"isPartOf\":{\"@id\":\"https:\\\/\\\/casadecampoliving.com\\\/es\\\/#website\"},\"primaryImageOfPage\":{\"@id\":\"https:\\\/\\\/casadecampoliving.com\\\/es\\\/celebrando-la-inauguracion-del-torneo-de-golf-casa-de-campo-open-en-playa-minitas-2\\\/#primaryimage\"},\"image\":{\"@id\":\"https:\\\/\\\/casadecampoliving.com\\\/es\\\/celebrando-la-inauguracion-del-torneo-de-golf-casa-de-campo-open-en-playa-minitas-2\\\/#primaryimage\"},\"thumbnailUrl\":\"https:\\\/\\\/i0.wp.com\\\/casadecampoliving.com\\\/wp-content\\\/uploads\\\/2022\\\/10\\\/casa_de_campo_dinner-1.jpg?fit=565%2C297&ssl=1\",\"datePublished\":\"2011-09-21T04:00:00+00:00\",\"dateModified\":\"2022-11-10T14:47:01+00:00\",\"description\":\"El pasado\u00a0mi\u00e9rcoles\u00a014 de septiembre, el 30 anual torneo de golf \\\"Casa de Campo Open\\\" fue inaugurado con un coctel y cena en la Playa Minitas en Casa de\",\"breadcrumb\":{\"@id\":\"https:\\\/\\\/casadecampoliving.com\\\/es\\\/celebrando-la-inauguracion-del-torneo-de-golf-casa-de-campo-open-en-playa-minitas-2\\\/#breadcrumb\"},\"inLanguage\":\"es\",\"potentialAction\":[{\"@type\":\"ReadAction\",\"target\":[\"https:\\\/\\\/casadecampoliving.com\\\/es\\\/celebrando-la-inauguracion-del-torneo-de-golf-casa-de-campo-open-en-playa-minitas-2\\\/\"]}]},{\"@type\":\"ImageObject\",\"inLanguage\":\"es\",\"@id\":\"https:\\\/\\\/casadecampoliving.com\\\/es\\\/celebrando-la-inauguracion-del-torneo-de-golf-casa-de-campo-open-en-playa-minitas-2\\\/#primaryimage\",\"url\":\"https:\\\/\\\/i0.wp.com\\\/casadecampoliving.com\\\/wp-content\\\/uploads\\\/2022\\\/10\\\/casa_de_campo_dinner-1.jpg?fit=565%2C297&ssl=1\",\"contentUrl\":\"https:\\\/\\\/i0.wp.com\\\/casadecampoliving.com\\\/wp-content\\\/uploads\\\/2022\\\/10\\\/casa_de_campo_dinner-1.jpg?fit=565%2C297&ssl=1\",\"width\":565,\"height\":297},{\"@type\":\"BreadcrumbList\",\"@id\":\"https:\\\/\\\/casadecampoliving.com\\\/es\\\/celebrando-la-inauguracion-del-torneo-de-golf-casa-de-campo-open-en-playa-minitas-2\\\/#breadcrumb\",\"itemListElement\":[{\"@type\":\"ListItem\",\"position\":1,\"name\":\"Home\",\"item\":\"https:\\\/\\\/casadecampoliving.com\\\/es\\\/\"},{\"@type\":\"ListItem\",\"position\":2,\"name\":\"Celebrando la inauguraci\u00f3n del Torneo de Golf &#8220;Casa de Campo Open&#8221; en Playa Minitas\"}]},{\"@type\":\"WebSite\",\"@id\":\"https:\\\/\\\/casadecampoliving.com\\\/es\\\/#website\",\"url\":\"https:\\\/\\\/casadecampoliving.com\\\/es\\\/\",\"name\":\"Casa de Campo Living\",\"description\":\"Resort community news and resources.\",\"publisher\":{\"@id\":\"https:\\\/\\\/casadecampoliving.com\\\/es\\\/#organization\"},\"potentialAction\":[{\"@type\":\"SearchAction\",\"target\":{\"@type\":\"EntryPoint\",\"urlTemplate\":\"https:\\\/\\\/casadecampoliving.com\\\/es\\\/?s={search_term_string}\"},\"query-input\":{\"@type\":\"PropertyValueSpecification\",\"valueRequired\":true,\"valueName\":\"search_term_string\"}}],\"inLanguage\":\"es\"},{\"@type\":\"Organization\",\"@id\":\"https:\\\/\\\/casadecampoliving.com\\\/es\\\/#organization\",\"name\":\"Casa de Campo Living\",\"url\":\"https:\\\/\\\/casadecampoliving.com\\\/es\\\/\",\"logo\":{\"@type\":\"ImageObject\",\"inLanguage\":\"es\",\"@id\":\"https:\\\/\\\/casadecampoliving.com\\\/es\\\/#\\\/schema\\\/logo\\\/image\\\/\",\"url\":\"https:\\\/\\\/i0.wp.com\\\/casadecampoliving.com\\\/wp-content\\\/uploads\\\/2022\\\/07\\\/CDCLivingLogo_V1-white-sized.png?fit=800%2C214&ssl=1\",\"contentUrl\":\"https:\\\/\\\/i0.wp.com\\\/casadecampoliving.com\\\/wp-content\\\/uploads\\\/2022\\\/07\\\/CDCLivingLogo_V1-white-sized.png?fit=800%2C214&ssl=1\",\"width\":800,\"height\":214,\"caption\":\"Casa de Campo Living\"},\"image\":{\"@id\":\"https:\\\/\\\/casadecampoliving.com\\\/es\\\/#\\\/schema\\\/logo\\\/image\\\/\"},\"sameAs\":[\"https:\\\/\\\/www.facebook.com\\\/casadecampoliving\",\"https:\\\/\\\/x.com\\\/cdcliving\"]},{\"@type\":\"Person\",\"@id\":\"https:\\\/\\\/casadecampoliving.com\\\/es\\\/#\\\/schema\\\/person\\\/2b2208f3175fa8761e25b272e096d718\",\"name\":\"Rebecca Silvestri\",\"image\":{\"@type\":\"ImageObject\",\"inLanguage\":\"es\",\"@id\":\"https:\\\/\\\/secure.gravatar.com\\\/avatar\\\/2d937fd6c1769fb718dbf8dce9e82bf5f89e97bd028f9b3ea10b931dc7df95c6?s=96&d=mm&r=g\",\"url\":\"https:\\\/\\\/secure.gravatar.com\\\/avatar\\\/2d937fd6c1769fb718dbf8dce9e82bf5f89e97bd028f9b3ea10b931dc7df95c6?s=96&d=mm&r=g\",\"contentUrl\":\"https:\\\/\\\/secure.gravatar.com\\\/avatar\\\/2d937fd6c1769fb718dbf8dce9e82bf5f89e97bd028f9b3ea10b931dc7df95c6?s=96&d=mm&r=g\",\"caption\":\"Rebecca Silvestri\"},\"url\":\"https:\\\/\\\/casadecampoliving.com\\\/es\\\/author\\\/madamehuge\\\/\"}]}<\/script>\n<!-- \/ Yoast SEO plugin. -->","yoast_head_json":{"title":"Celebrando la inauguraci\u00f3n del Torneo de Golf \"Casa de Campo Open\" en Playa Minitas | Casa de Campo Living","description":"El pasado\u00a0mi\u00e9rcoles\u00a014 de septiembre, el 30 anual torneo de golf \"Casa de Campo Open\" fue inaugurado con un coctel y cena en la Playa Minitas en Casa de","robots":{"index":"index","follow":"follow","max-snippet":"max-snippet:-1","max-image-preview":"max-image-preview:large","max-video-preview":"max-video-preview:-1"},"canonical":"https:\/\/casadecampoliving.com\/es\/celebrando-la-inauguracion-del-torneo-de-golf-casa-de-campo-open-en-playa-minitas-2\/","og_locale":"es_ES","og_type":"article","og_title":"Celebrando la inauguraci\u00f3n del Torneo de Golf \"Casa de Campo Open\" en Playa Minitas | Casa de Campo Living","og_description":"El pasado\u00a0mi\u00e9rcoles\u00a014 de septiembre, el 30 anual torneo de golf \"Casa de Campo Open\" fue inaugurado con un coctel y cena en la Playa Minitas en Casa de","og_url":"https:\/\/casadecampoliving.com\/es\/celebrando-la-inauguracion-del-torneo-de-golf-casa-de-campo-open-en-playa-minitas-2\/","og_site_name":"Casa de Campo Living","article_publisher":"https:\/\/www.facebook.com\/casadecampoliving","article_published_time":"2011-09-21T04:00:00+00:00","article_modified_time":"2022-11-10T14:47:01+00:00","og_image":[{"width":565,"height":297,"url":"https:\/\/i0.wp.com\/casadecampoliving.com\/wp-content\/uploads\/2022\/10\/casa_de_campo_dinner-1.jpg?fit=565%2C297&ssl=1","type":"image\/jpeg"}],"author":"Rebecca Silvestri","twitter_card":"summary_large_image","twitter_creator":"@cdcliving","twitter_site":"@cdcliving","twitter_misc":{"Escrito por":"Rebecca Silvestri","Tiempo de lectura":"1 minuto"},"schema":{"@context":"https:\/\/schema.org","@graph":[{"@type":"Article","@id":"https:\/\/casadecampoliving.com\/es\/celebrando-la-inauguracion-del-torneo-de-golf-casa-de-campo-open-en-playa-minitas-2\/#article","isPartOf":{"@id":"https:\/\/casadecampoliving.com\/es\/celebrando-la-inauguracion-del-torneo-de-golf-casa-de-campo-open-en-playa-minitas-2\/"},"author":{"name":"Rebecca Silvestri","@id":"https:\/\/casadecampoliving.com\/es\/#\/schema\/person\/2b2208f3175fa8761e25b272e096d718"},"headline":"Celebrando la inauguraci\u00f3n del Torneo de Golf \u00abCasa de Campo Open\u00bb en Playa Minitas","datePublished":"2011-09-21T04:00:00+00:00","dateModified":"2022-11-10T14:47:01+00:00","mainEntityOfPage":{"@id":"https:\/\/casadecampoliving.com\/es\/celebrando-la-inauguracion-del-torneo-de-golf-casa-de-campo-open-en-playa-minitas-2\/"},"wordCount":180,"publisher":{"@id":"https:\/\/casadecampoliving.com\/es\/#organization"},"image":{"@id":"https:\/\/casadecampoliving.com\/es\/celebrando-la-inauguracion-del-torneo-de-golf-casa-de-campo-open-en-playa-minitas-2\/#primaryimage"},"thumbnailUrl":"https:\/\/i0.wp.com\/casadecampoliving.com\/wp-content\/uploads\/2022\/10\/casa_de_campo_dinner-1.jpg?fit=565%2C297&ssl=1","keywords":["casa de campo golf @es","casa de campo open","Pete Dye","playa minitas","Teeth of the Dog","torneo de golf"],"articleSection":["Rep\u00fablica Dominicana @es","Eventos","Destacados","Titulares","Estilo de Vida","Noticias Locales","Resort Casa de Campo","Deportes","Proximamente"],"inLanguage":"es"},{"@type":"WebPage","@id":"https:\/\/casadecampoliving.com\/es\/celebrando-la-inauguracion-del-torneo-de-golf-casa-de-campo-open-en-playa-minitas-2\/","url":"https:\/\/casadecampoliving.com\/es\/celebrando-la-inauguracion-del-torneo-de-golf-casa-de-campo-open-en-playa-minitas-2\/","name":"Celebrando la inauguraci\u00f3n del Torneo de Golf \"Casa de Campo Open\" en Playa Minitas | Casa de Campo Living","isPartOf":{"@id":"https:\/\/casadecampoliving.com\/es\/#website"},"primaryImageOfPage":{"@id":"https:\/\/casadecampoliving.com\/es\/celebrando-la-inauguracion-del-torneo-de-golf-casa-de-campo-open-en-playa-minitas-2\/#primaryimage"},"image":{"@id":"https:\/\/casadecampoliving.com\/es\/celebrando-la-inauguracion-del-torneo-de-golf-casa-de-campo-open-en-playa-minitas-2\/#primaryimage"},"thumbnailUrl":"https:\/\/i0.wp.com\/casadecampoliving.com\/wp-content\/uploads\/2022\/10\/casa_de_campo_dinner-1.jpg?fit=565%2C297&ssl=1","datePublished":"2011-09-21T04:00:00+00:00","dateModified":"2022-11-10T14:47:01+00:00","description":"El pasado\u00a0mi\u00e9rcoles\u00a014 de septiembre, el 30 anual torneo de golf \"Casa de Campo Open\" fue inaugurado con un coctel y cena en la Playa Minitas en Casa de","breadcrumb":{"@id":"https:\/\/casadecampoliving.com\/es\/celebrando-la-inauguracion-del-torneo-de-golf-casa-de-campo-open-en-playa-minitas-2\/#breadcrumb"},"inLanguage":"es","potentialAction":[{"@type":"ReadAction","target":["https:\/\/casadecampoliving.com\/es\/celebrando-la-inauguracion-del-torneo-de-golf-casa-de-campo-open-en-playa-minitas-2\/"]}]},{"@type":"ImageObject","inLanguage":"es","@id":"https:\/\/casadecampoliving.com\/es\/celebrando-la-inauguracion-del-torneo-de-golf-casa-de-campo-open-en-playa-minitas-2\/#primaryimage","url":"https:\/\/i0.wp.com\/casadecampoliving.com\/wp-content\/uploads\/2022\/10\/casa_de_campo_dinner-1.jpg?fit=565%2C297&ssl=1","contentUrl":"https:\/\/i0.wp.com\/casadecampoliving.com\/wp-content\/uploads\/2022\/10\/casa_de_campo_dinner-1.jpg?fit=565%2C297&ssl=1","width":565,"height":297},{"@type":"BreadcrumbList","@id":"https:\/\/casadecampoliving.com\/es\/celebrando-la-inauguracion-del-torneo-de-golf-casa-de-campo-open-en-playa-minitas-2\/#breadcrumb","itemListElement":[{"@type":"ListItem","position":1,"name":"Home","item":"https:\/\/casadecampoliving.com\/es\/"},{"@type":"ListItem","position":2,"name":"Celebrando la inauguraci\u00f3n del Torneo de Golf &#8220;Casa de Campo Open&#8221; en Playa Minitas"}]},{"@type":"WebSite","@id":"https:\/\/casadecampoliving.com\/es\/#website","url":"https:\/\/casadecampoliving.com\/es\/","name":"Casa de Campo Living","description":"Resort community news and resources.","publisher":{"@id":"https:\/\/casadecampoliving.com\/es\/#organization"},"potentialAction":[{"@type":"SearchAction","target":{"@type":"EntryPoint","urlTemplate":"https:\/\/casadecampoliving.com\/es\/?s={search_term_string}"},"query-input":{"@type":"PropertyValueSpecification","valueRequired":true,"valueName":"search_term_string"}}],"inLanguage":"es"},{"@type":"Organization","@id":"https:\/\/casadecampoliving.com\/es\/#organization","name":"Casa de Campo Living","url":"https:\/\/casadecampoliving.com\/es\/","logo":{"@type":"ImageObject","inLanguage":"es","@id":"https:\/\/casadecampoliving.com\/es\/#\/schema\/logo\/image\/","url":"https:\/\/i0.wp.com\/casadecampoliving.com\/wp-content\/uploads\/2022\/07\/CDCLivingLogo_V1-white-sized.png?fit=800%2C214&ssl=1","contentUrl":"https:\/\/i0.wp.com\/casadecampoliving.com\/wp-content\/uploads\/2022\/07\/CDCLivingLogo_V1-white-sized.png?fit=800%2C214&ssl=1","width":800,"height":214,"caption":"Casa de Campo Living"},"image":{"@id":"https:\/\/casadecampoliving.com\/es\/#\/schema\/logo\/image\/"},"sameAs":["https:\/\/www.facebook.com\/casadecampoliving","https:\/\/x.com\/cdcliving"]},{"@type":"Person","@id":"https:\/\/casadecampoliving.com\/es\/#\/schema\/person\/2b2208f3175fa8761e25b272e096d718","name":"Rebecca Silvestri","image":{"@type":"ImageObject","inLanguage":"es","@id":"https:\/\/secure.gravatar.com\/avatar\/2d937fd6c1769fb718dbf8dce9e82bf5f89e97bd028f9b3ea10b931dc7df95c6?s=96&d=mm&r=g","url":"https:\/\/secure.gravatar.com\/avatar\/2d937fd6c1769fb718dbf8dce9e82bf5f89e97bd028f9b3ea10b931dc7df95c6?s=96&d=mm&r=g","contentUrl":"https:\/\/secure.gravatar.com\/avatar\/2d937fd6c1769fb718dbf8dce9e82bf5f89e97bd028f9b3ea10b931dc7df95c6?s=96&d=mm&r=g","caption":"Rebecca Silvestri"},"url":"https:\/\/casadecampoliving.com\/es\/author\/madamehuge\/"}]}},"parsely":{"version":"1.1.0","canonical_url":"https:\/\/casadecampoliving.com\/es\/celebrando-la-inauguracion-del-torneo-de-golf-casa-de-campo-open-en-playa-minitas-2\/","smart_links":{"inbound":0,"outbound":0},"traffic_boost_suggestions_count":0,"meta":{"@context":"https:\/\/schema.org","@type":"NewsArticle","headline":"Celebrando la inauguraci\u00f3n del Torneo de Golf \u00abCasa de Campo Open\u00bb en Playa Minitas","url":"http:\/\/casadecampoliving.com\/es\/celebrando-la-inauguracion-del-torneo-de-golf-casa-de-campo-open-en-playa-minitas-2\/","mainEntityOfPage":{"@type":"WebPage","@id":"http:\/\/casadecampoliving.com\/es\/celebrando-la-inauguracion-del-torneo-de-golf-casa-de-campo-open-en-playa-minitas-2\/"},"thumbnailUrl":"https:\/\/i0.wp.com\/casadecampoliving.com\/wp-content\/uploads\/2022\/10\/casa_de_campo_dinner-1.jpg?resize=150%2C150&ssl=1","image":{"@type":"ImageObject","url":"https:\/\/i0.wp.com\/casadecampoliving.com\/wp-content\/uploads\/2022\/10\/casa_de_campo_dinner-1.jpg?fit=565%2C297&ssl=1"},"articleSection":"Rep\u00fablica Dominicana @es","author":[{"@type":"Person","name":"Rebecca Silvestri"}],"creator":["Rebecca Silvestri"],"publisher":{"@type":"Organization","name":"Casa de Campo Living","logo":"https:\/\/casadecampoliving.com\/wp-content\/uploads\/2022\/07\/CDCLivingLogo_V1-white-sized.png"},"keywords":["casa de campo golf @es","casa de campo open","pete dye","playa minitas","teeth of the dog","torneo de golf"],"dateCreated":"2011-09-21T04:00:00Z","datePublished":"2011-09-21T04:00:00Z","dateModified":"2022-11-10T14:47:01Z"},"rendered":"<script type=\"application\/ld+json\" class=\"wp-parsely-metadata\">{\"@context\":\"https:\\\/\\\/schema.org\",\"@type\":\"NewsArticle\",\"headline\":\"Celebrando la inauguraci\\u00f3n del Torneo de Golf \\u00abCasa de Campo Open\\u00bb en Playa Minitas\",\"url\":\"http:\\\/\\\/casadecampoliving.com\\\/es\\\/celebrando-la-inauguracion-del-torneo-de-golf-casa-de-campo-open-en-playa-minitas-2\\\/\",\"mainEntityOfPage\":{\"@type\":\"WebPage\",\"@id\":\"http:\\\/\\\/casadecampoliving.com\\\/es\\\/celebrando-la-inauguracion-del-torneo-de-golf-casa-de-campo-open-en-playa-minitas-2\\\/\"},\"thumbnailUrl\":\"https:\\\/\\\/i0.wp.com\\\/casadecampoliving.com\\\/wp-content\\\/uploads\\\/2022\\\/10\\\/casa_de_campo_dinner-1.jpg?resize=150%2C150&ssl=1\",\"image\":{\"@type\":\"ImageObject\",\"url\":\"https:\\\/\\\/i0.wp.com\\\/casadecampoliving.com\\\/wp-content\\\/uploads\\\/2022\\\/10\\\/casa_de_campo_dinner-1.jpg?fit=565%2C297&ssl=1\"},\"articleSection\":\"Rep\\u00fablica Dominicana @es\",\"author\":[{\"@type\":\"Person\",\"name\":\"Rebecca Silvestri\"}],\"creator\":[\"Rebecca Silvestri\"],\"publisher\":{\"@type\":\"Organization\",\"name\":\"Casa de Campo Living\",\"logo\":\"https:\\\/\\\/casadecampoliving.com\\\/wp-content\\\/uploads\\\/2022\\\/07\\\/CDCLivingLogo_V1-white-sized.png\"},\"keywords\":[\"casa de campo golf @es\",\"casa de campo open\",\"pete dye\",\"playa minitas\",\"teeth of the dog\",\"torneo de golf\"],\"dateCreated\":\"2011-09-21T04:00:00Z\",\"datePublished\":\"2011-09-21T04:00:00Z\",\"dateModified\":\"2022-11-10T14:47:01Z\"}<\/script>","tracker_url":"https:\/\/cdn.parsely.com\/keys\/casadecampoliving.com\/p.js"},"jetpack_publicize_connections":[],"jetpack_featured_media_url":"https:\/\/i0.wp.com\/casadecampoliving.com\/wp-content\/uploads\/2022\/10\/casa_de_campo_dinner-1.jpg?fit=565%2C297&ssl=1","jetpack-related-posts":[{"id":336990,"url":"https:\/\/casadecampoliving.com\/es\/30-aniversario-torneo-de-golf-casa-de-campo-open-con-la-participacion-de-275-jugadores-internacionales\/","url_meta":{"origin":337227,"position":0},"title":"30 Aniversario Torneo de Golf \u00abCasa de Campo Open\u00bb con la participaci\u00f3n de 275 jugadores internacionales","author":"Rebecca Silvestri","date":"10 Sep, 2011","format":false,"excerpt":"Con el patrocinio de American Express, del 14 al 18 de septiembre se realizar\u00e1 en Casa de Campo el tradicional torneo de golf \u201cCasa de Campo Open\u201d en su edici\u00f3n n\u00famero 30. Este magnifico evento se realizar\u00e1 en los hoyos correspondientes a los campos de golf, Teeth of the Dog,\u2026","rel":"","context":"En \u00abDeportes\u00bb","block_context":{"text":"Deportes","link":"https:\/\/casadecampoliving.com\/es\/category\/golf-deportes-es\/"},"img":{"alt_text":"","src":"https:\/\/i0.wp.com\/casadecampoliving.com\/wp-content\/uploads\/2022\/10\/golf_casa_de_campo-34.jpg?fit=565%2C477&ssl=1&resize=350%2C200","width":350,"height":200,"srcset":"https:\/\/i0.wp.com\/casadecampoliving.com\/wp-content\/uploads\/2022\/10\/golf_casa_de_campo-34.jpg?fit=565%2C477&ssl=1&resize=350%2C200 1x, https:\/\/i0.wp.com\/casadecampoliving.com\/wp-content\/uploads\/2022\/10\/golf_casa_de_campo-34.jpg?fit=565%2C477&ssl=1&resize=525%2C300 1.5x"},"classes":[]},{"id":337000,"url":"https:\/\/casadecampoliving.com\/es\/el-30mo-torneo-de-golf-anual-casa-de-campo-open-empieza-hoy\/","url_meta":{"origin":337227,"position":1},"title":"El 30mo Torneo de Golf anual \u00abCasa de Campo Open\u00bb empieza hoy!","author":"Rebecca Silvestri","date":"14 Sep, 2011","format":false,"excerpt":"El 30mo Torneo de Golf anual \u201cCasa de Campo Open\u201d empieza hoy, el 14 de septiembre y se jugar\u00e1 durante 5 d\u00edas en los campos de golf \u201cTeeth of the Dog\u201d y \u201cDye Fore\u201d, dise\u00f1ados por el famoso Pete Dye. El evento anual atrae m\u00e1s de 250 golfistas de todos\u2026","rel":"","context":"En \u00abDeportes\u00bb","block_context":{"text":"Deportes","link":"https:\/\/casadecampoliving.com\/es\/category\/golf-deportes-es\/"},"img":{"alt_text":"","src":"https:\/\/i0.wp.com\/casadecampoliving.com\/wp-content\/uploads\/2022\/10\/casa_de_campo_golf3-5.jpg?fit=565%2C305&ssl=1&resize=350%2C200","width":350,"height":200,"srcset":"https:\/\/i0.wp.com\/casadecampoliving.com\/wp-content\/uploads\/2022\/10\/casa_de_campo_golf3-5.jpg?fit=565%2C305&ssl=1&resize=350%2C200 1x, https:\/\/i0.wp.com\/casadecampoliving.com\/wp-content\/uploads\/2022\/10\/casa_de_campo_golf3-5.jpg?fit=565%2C305&ssl=1&resize=525%2C300 1.5x"},"classes":[]},{"id":346699,"url":"https:\/\/casadecampoliving.com\/es\/casa-de-campo-celebra-31ro-pro-caribeno-internacional\/","url_meta":{"origin":337227,"position":2},"title":"Casa de Campo celebra 31ro Pro-Am Caribe\u00f1o Internacional","author":"Esther Dariet Cazanova","date":"9 Feb, 2015","format":false,"excerpt":"Del 27 \u00a0al 30 de enero, se jug\u00f3 el \u00a031ro Pro-Am Caribe\u00f1o Internacional en Casa de Campo, con muchos golfista de EE.UU y de alrededor del mundo disfrutando una magnifica semana de golf en los impresionantes campos de golf dise\u00f1ados por Pete Dye de Casa de Campo; el\u00a0Teeth of the\u2026","rel":"","context":"En \u00abDeportes\u00bb","block_context":{"text":"Deportes","link":"https:\/\/casadecampoliving.com\/es\/category\/golf-deportes-es\/"},"img":{"alt_text":"Casa de Campo golf","src":"https:\/\/i0.wp.com\/casadecampoliving.com\/wp-content\/uploads\/2022\/10\/Casa_de_Campo_golf-5.jpg?fit=650%2C373&ssl=1&resize=350%2C200","width":350,"height":200,"srcset":"https:\/\/i0.wp.com\/casadecampoliving.com\/wp-content\/uploads\/2022\/10\/Casa_de_Campo_golf-5.jpg?fit=650%2C373&ssl=1&resize=350%2C200 1x, https:\/\/i0.wp.com\/casadecampoliving.com\/wp-content\/uploads\/2022\/10\/Casa_de_Campo_golf-5.jpg?fit=650%2C373&ssl=1&resize=525%2C300 1.5x"},"classes":[]},{"id":346025,"url":"https:\/\/casadecampoliving.com\/es\/duenos-2014-mensaje-importante\/","url_meta":{"origin":337227,"position":3},"title":"Due\u00f1os 2014: mensaje importante","author":"Rebecca Hughes","date":"19 Nov, 2014","format":false,"excerpt":"\u00a1Hola amigos! Hoy les traemos un muy importante mensaje de Casa de Campo y Costasur acerca de la pr\u00f3xima fiesta de Due\u00f1os \u00a1(este fin de semana)! La celebraci\u00f3n anual Due\u00f1os es organizada por Casa de Campo y Costasur solo para los propietarios de villa en Casa de Campo, y es\u2026","rel":"","context":"En \u00abCasa de Campo Living @es\u00bb","block_context":{"text":"Casa de Campo Living @es","link":"https:\/\/casadecampoliving.com\/category\/casa-de-campo-living-es\/"},"img":{"alt_text":"Duenos 2014","src":"https:\/\/i0.wp.com\/casadecampoliving.com\/wp-content\/uploads\/2022\/10\/Duenos_2014-1.jpg?fit=650%2C325&ssl=1&resize=350%2C200","width":350,"height":200,"srcset":"https:\/\/i0.wp.com\/casadecampoliving.com\/wp-content\/uploads\/2022\/10\/Duenos_2014-1.jpg?fit=650%2C325&ssl=1&resize=350%2C200 1x, https:\/\/i0.wp.com\/casadecampoliving.com\/wp-content\/uploads\/2022\/10\/Duenos_2014-1.jpg?fit=650%2C325&ssl=1&resize=525%2C300 1.5x"},"classes":[]},{"id":342838,"url":"https:\/\/casadecampoliving.com\/es\/lenny-pon-titulo-aqui-please\/","url_meta":{"origin":337227,"position":4},"title":"Gilles Gagnon celebra el 32 aniversario del Casa de Campo Open junto con su cumplea\u00f1o","author":"Rebecca Silvestri","date":"8 Sep, 2013","format":false,"excerpt":"El torneo de golf Casa de Campo Open celebrar\u00e1 su 32 aniversario del 11 al 15 de septiembre, en esta ocasi\u00f3n juntamente con los 65 a\u00f1os de vida de\u00a0Gilles Gagnon. Gilles Gagnon, Director de golf de Casa de Campo, tambi\u00e9n estar\u00e1 celebrando 33 a\u00f1os de trabajo en Casa de Campo,\u2026","rel":"","context":"En \u00abDeportes\u00bb","block_context":{"text":"Deportes","link":"https:\/\/casadecampoliving.com\/es\/category\/golf-deportes-es\/"},"img":{"alt_text":"Gilles Gagnon","src":"https:\/\/i0.wp.com\/casadecampoliving.com\/wp-content\/uploads\/2022\/10\/gilles_gagnon2.jpg?fit=650%2C305&ssl=1&resize=350%2C200","width":350,"height":200,"srcset":"https:\/\/i0.wp.com\/casadecampoliving.com\/wp-content\/uploads\/2022\/10\/gilles_gagnon2.jpg?fit=650%2C305&ssl=1&resize=350%2C200 1x, https:\/\/i0.wp.com\/casadecampoliving.com\/wp-content\/uploads\/2022\/10\/gilles_gagnon2.jpg?fit=650%2C305&ssl=1&resize=525%2C300 1.5x"},"classes":[]},{"id":342875,"url":"https:\/\/casadecampoliving.com\/es\/el-beach-club-recibe-mas-de-25\/","url_meta":{"origin":337227,"position":5},"title":"El Beach Club recibe a m\u00e1s de 250 jugadores y acompa\u00f1antes del Casa de Campo Open","author":"Lenny Castillo","date":"13 Sep, 2013","format":false,"excerpt":"La noche del mi\u00e9rcoles 11 de septiembre, el Beach Club by Le Cirque en Playa Minitas acogi\u00f3 a los m\u00e1s de 250 jugadores de golf y acompa\u00f1antes disfrutaron de su primera noche en Casa de Campo por motivo del trig\u00e9simo segundo torneo de golf Casa de Campo Open. Despu\u00e9s de\u2026","rel":"","context":"En \u00abCasa de Campo Living @es\u00bb","block_context":{"text":"Casa de Campo Living @es","link":"https:\/\/casadecampoliving.com\/category\/casa-de-campo-living-es\/"},"img":{"alt_text":"Gilles Gagnon","src":"https:\/\/i0.wp.com\/casadecampoliving.com\/wp-content\/uploads\/2022\/10\/gilles_gagnon3.jpg?fit=539%2C255&ssl=1&resize=350%2C200","width":350,"height":200,"srcset":"https:\/\/i0.wp.com\/casadecampoliving.com\/wp-content\/uploads\/2022\/10\/gilles_gagnon3.jpg?fit=539%2C255&ssl=1&resize=350%2C200 1x, https:\/\/i0.wp.com\/casadecampoliving.com\/wp-content\/uploads\/2022\/10\/gilles_gagnon3.jpg?fit=539%2C255&ssl=1&resize=525%2C300 1.5x"},"classes":[]}],"jetpack_sharing_enabled":true,"_links":{"self":[{"href":"https:\/\/casadecampoliving.com\/es\/wp-json\/wp\/v2\/posts\/337227","targetHints":{"allow":["GET"]}}],"collection":[{"href":"https:\/\/casadecampoliving.com\/es\/wp-json\/wp\/v2\/posts"}],"about":[{"href":"https:\/\/casadecampoliving.com\/es\/wp-json\/wp\/v2\/types\/post"}],"author":[{"embeddable":true,"href":"https:\/\/casadecampoliving.com\/es\/wp-json\/wp\/v2\/users\/31"}],"replies":[{"embeddable":true,"href":"https:\/\/casadecampoliving.com\/es\/wp-json\/wp\/v2\/comments?post=337227"}],"version-history":[{"count":2,"href":"https:\/\/casadecampoliving.com\/es\/wp-json\/wp\/v2\/posts\/337227\/revisions"}],"predecessor-version":[{"id":510190,"href":"https:\/\/casadecampoliving.com\/es\/wp-json\/wp\/v2\/posts\/337227\/revisions\/510190"}],"wp:featuredmedia":[{"embeddable":true,"href":"https:\/\/casadecampoliving.com\/es\/wp-json\/wp\/v2\/media\/248121"}],"wp:attachment":[{"href":"https:\/\/casadecampoliving.com\/es\/wp-json\/wp\/v2\/media?parent=337227"}],"wp:term":[{"taxonomy":"category","embeddable":true,"href":"https:\/\/casadecampoliving.com\/es\/wp-json\/wp\/v2\/categories?post=337227"},{"taxonomy":"post_tag","embeddable":true,"href":"https:\/\/casadecampoliving.com\/es\/wp-json\/wp\/v2\/tags?post=337227"},{"taxonomy":"newspack_spnsrs_tax","embeddable":true,"href":"https:\/\/casadecampoliving.com\/es\/wp-json\/wp\/v2\/newspack_spnsrs_tax?post=337227"}],"curies":[{"name":"wp","href":"https:\/\/api.w.org\/{rel}","templated":true}]}}