{"id":337221,"date":"2011-09-22T00:00:00","date_gmt":"2011-09-22T04:00:00","guid":{"rendered":"https:\/\/casadecampoliving.com\/dia-internacional-de-limpieza-de-costas-segundo-operativo-en-isla-catalina-2\/"},"modified":"2022-10-21T18:41:46","modified_gmt":"2022-10-21T22:41:46","slug":"dia-internacional-de-limpieza-de-costas-segundo-operativo-en-isla-catalina-2","status":"publish","type":"post","link":"https:\/\/casadecampoliving.com\/es\/dia-internacional-de-limpieza-de-costas-segundo-operativo-en-isla-catalina-2\/","title":{"rendered":"D\u00eda Internacional de Limpieza de Costas: Segundo operativo en Isla Catalina"},"content":{"rendered":"<div class=\"wp-block-image\">\n<figure class=\"aligncenter is-resized\"><a href=\"https:\/\/i0.wp.com\/casadecampoliving.com\/wp-content\/uploads\/2022\/10\/isla_catalina_dominican_republic-2.jpg?ssl=1\"><img loading=\"lazy\" decoding=\"async\" src=\"https:\/\/i0.wp.com\/casadecampoliving.com\/wp-content\/uploads\/2022\/10\/isla_catalina_dominican_republic-2.jpg?resize=565%2C428&amp;ssl=1\" alt=\"\" class=\"wp-image-34091\" title=\"isla_catalina_dominican_republic\" height=\"428\" width=\"565\"\/><\/a><\/figure>\n<\/div>\n\n\n<p class=\"has-text-align-left\">Conmemorando el D\u00eda Internacional de Limpieza de Costas, el Cl\u00faster Tur\u00edstico La Romana Bayahibe, apoyado por sus miembros, realiz\u00f3 su segundo operativo de limpieza en la isla Catalina.<\/p>\n\n\n\n<!--more-->\n\n\n\n<p>Se cont\u00f3 con la participaci\u00f3n de aproximadamente 90 voluntarios, distribuidos en dos zonas: la pared y los restos de Capitan Kidd. En ambas zonas hab\u00eda un equipo en el litoral y otro bajo el mar. El operativo fue un \u00e9xito rotundo, se puedo recolectar lo siguiente:<\/p>\n\n\n\n<p>\u2022 88 Bolsas desechos pl\u00e1sticos<br>\n\u2022 42 Bolsas de botellas pl\u00e1sticas<br>\n\u2022 14 Sacos de botellas de cristales<br>\n\u2022 1 Bolsa de Latas<br>\n\u2022 16 Bolsas de material pl\u00e1stico Foam<br>\n\u2022 5 Bolsas de zapatos y chanclas<br>\n\u2022 17 Bolsas de materiales varios<br>\n\u2022 3 Gomas de carros<\/p>\n\n\n<div class=\"wp-block-image\">\n<figure class=\"aligncenter is-resized\"><a href=\"https:\/\/i0.wp.com\/casadecampoliving.com\/wp-content\/uploads\/2022\/10\/isla_catalina_dominican_republic1.jpg?ssl=1\"><img loading=\"lazy\" decoding=\"async\" src=\"https:\/\/i0.wp.com\/casadecampoliving.com\/wp-content\/uploads\/2022\/10\/isla_catalina_dominican_republic1.jpg?resize=500%2C377&amp;ssl=1\" alt=\"\" class=\"wp-image-34093\" title=\"isla_catalina_dominican_republic\" height=\"377\" width=\"500\"\/><\/a><\/figure>\n<\/div>\n\n\n<p>Esta actividad ha sido posible gracias al apoyo de FUNDEMAR, La Asociaci\u00f3n de Gu\u00edas Tur\u00edsticos de La Rep\u00fablica Dominicana, Flamingo Bay, Splish Splash, el Ayuntamiento de La Romana, el Ministerio de Turismo, con sus representaciones de la oficina de La Romana y Monte Plata, Fundaci\u00f3n Vida Azul, el Ministerio de Medio Ambiente, RMT &amp; Asociados, Bepensa Dominicana (Coca Cola), Nelo Tours, Iberia, Pica Pollo Rodr\u00edguez, Wild Ranch, Scubafun, el Cuerpo de Paz de los Estados Unidos, la Universidad de Indiana, la Asociaci\u00f3n de Artesanas de Villas Padre Nuestro, la Marina de Guerra, la C\u00e1mara Americana de Comercio y colaboradores independientes.<\/p>\n\n\n<div class=\"wp-block-image\">\n<figure class=\"aligncenter is-resized\"><a href=\"https:\/\/i0.wp.com\/casadecampoliving.com\/wp-content\/uploads\/2022\/10\/isla_catalina_dominican_republic2-3.jpg?ssl=1\"><img loading=\"lazy\" decoding=\"async\" src=\"https:\/\/i0.wp.com\/casadecampoliving.com\/wp-content\/uploads\/2022\/10\/isla_catalina_dominican_republic2-3.jpg?resize=500%2C377&amp;ssl=1\" alt=\"isla catalina dominican republic\" class=\"wp-image-34094\" title=\"isla_catalina_dominican_republic\" height=\"377\" width=\"500\"\/><\/a><\/figure>\n<\/div>\n\n\n<p>Estaremos realizando el pr\u00f3ximo operativo de limpieza en Isla Catalina en el mes de octubre, y el d\u00eda 2 de ese mismo mes estaremos en Boca de Yuma, colaborando con la comunidad local en la lucha contra la basura en nuestro destino.<\/p>\n\n\n\n<blockquote class=\"wp-block-quote is-layout-flow wp-block-quote-is-layout-flow\"><p>Para m\u00e1s informaci\u00f3n contactar con el Cl\u00faster Tur\u00edstico La Romana Bayahibe:<br>\nDirecci\u00f3n: Carretera La Romana \u2013 Hig\u00fcey, km 12.5 Residencial La Estancia, local 2B, El lim\u00f3n, La Altagracia Tel\u00e9fono: 829-520-9152<br>\nE-Mail: directora.ctrb@explorelaromana.com \/ clusterromanabayahibe@gmail.com<br>\nWEB: <a href=\"http:\/\/www.explorelaromana.com\/ctrb\" target=\"_blank\" rel=\"noopener\">www.explorelaromana.com\/ctrb<\/a> o &nbsp;<a href=\"http:\/\/www.explorelaromana.com\/ctrb\" target=\"_blank\" rel=\"noopener\">www.turismocdct.org\/CTRB<\/a><\/p><\/blockquote>\n\n\n\n<p><strong>Sobre El Cl\u00faster Tur\u00edstico Romana Bayahibe<\/strong><\/p>\n\n\n\n<p>El Cl\u00faster Tur\u00edstico de La Romana-Bayahibe (CTRB) es una entidad legalizada, sin fines de lucro, que busca el desarrollo integral del destino en consonancia con los principios de sostenibilidad del turismo, como son: la rentabilidad, participaci\u00f3n comunitaria y preservaci\u00f3n de la cultura local y del medioambiente.<\/p>\n\n\n\n<p>Es su objetivo general promover el destino y la integraci\u00f3n de los actores del sector tur\u00edstico y sus comunidades a trav\u00e9s de orientaci\u00f3n, direcci\u00f3n y acompa\u00f1amiento, con el prop\u00f3sito de aumentar la competitividad, la calidad de vida de sus habitantes, la preservaci\u00f3n de la cultura local, las acciones amigables al medioambiente y el progreso econ\u00f3mico-bases del turismo sostenible-para lograr el desarrollo integral del destino.<\/p>\n\n\n\n<p><strong><a href=\"https:\/\/casadecampoliving.com\/2011\/08\/limpieza-en-isla-catalina\/\" target=\"_blank\" rel=\"noopener\">Para leer sobre el primero operativo de limpieza en Isla Catalina, haga click aqu\u00ed!<\/a><\/strong><\/p>\n","protected":false},"excerpt":{"rendered":"<p>Conmemorando el D\u00eda Internacional de Limpieza de Costas, el Cl\u00faster Tur\u00edstico La Romana Bayahibe, apoyado por sus miembros, realiz\u00f3 su segundo operativo de limpieza en la isla Catalina.<\/p>\n","protected":false},"author":31,"featured_media":247852,"comment_status":"closed","ping_status":"closed","sticky":false,"template":"","format":"standard","meta":{"newspack_ads_suppress_ads":false,"newspack_popups_has_disabled_popups":false,"newspack_sponsor_sponsorship_scope":"","newspack_sponsor_native_byline_display":"inherit","newspack_sponsor_native_category_display":"inherit","newspack_sponsor_underwriter_style":"inherit","newspack_sponsor_underwriter_placement":"inherit","_newspack_byline_active":false,"_newspack_byline":"","newspack_hide_updated_date":false,"newspack_show_updated_date":false,"newspack_content_restriction_is_exempt":false,"newspack_featured_image_position":"","newspack_post_subtitle":"","newspack_article_summary_title":"Overview:","newspack_article_summary":"","_jetpack_memberships_contains_paid_content":false,"footnotes":"","jetpack_publicize_message":"","jetpack_publicize_feature_enabled":true,"jetpack_social_post_already_shared":false,"jetpack_social_options":{"image_generator_settings":{"template":"highway","default_image_id":0,"font":"","enabled":false},"version":2},"_wpas_customize_per_network":false},"categories":[14631,2522,2507,2506,14625,14627,2521],"tags":[],"newspack_spnsrs_tax":[],"class_list":["post-337221","post","type-post","status-publish","format-standard","has-post-thumbnail","hentry","category-estilo-de-vida","category-eventos-es","category-la-romana-es","category-mas-alla-de-casa-es","category-noticias-locales","category-proximamente","category-republica-dominicana-2","entry"],"yoast_head":"<!-- This site is optimized with the Yoast SEO plugin v27.5 - https:\/\/yoast.com\/product\/yoast-seo-wordpress\/ -->\n<title>D\u00eda Internacional de Limpieza de Costas: Segundo operativo en Isla Catalina | Casa de Campo Living<\/title>\n<meta name=\"description\" content=\"Conmemorando el D\u00eda Internacional de Limpieza de Costas, el Cl\u00faster Tur\u00edstico La Romana Bayahibe, apoyado por sus miembros, realiz\u00f3 su segundo operativo\" \/>\n<meta name=\"robots\" content=\"index, follow, max-snippet:-1, max-image-preview:large, max-video-preview:-1\" \/>\n<link rel=\"canonical\" href=\"https:\/\/casadecampoliving.com\/es\/dia-internacional-de-limpieza-de-costas-segundo-operativo-en-isla-catalina-2\/\" \/>\n<meta property=\"og:locale\" content=\"es_ES\" \/>\n<meta property=\"og:type\" content=\"article\" \/>\n<meta property=\"og:title\" content=\"D\u00eda Internacional de Limpieza de Costas: Segundo operativo en Isla Catalina | Casa de Campo Living\" \/>\n<meta property=\"og:description\" content=\"Conmemorando el D\u00eda Internacional de Limpieza de Costas, el Cl\u00faster Tur\u00edstico La Romana Bayahibe, apoyado por sus miembros, realiz\u00f3 su segundo operativo\" \/>\n<meta property=\"og:url\" content=\"https:\/\/casadecampoliving.com\/es\/dia-internacional-de-limpieza-de-costas-segundo-operativo-en-isla-catalina-2\/\" \/>\n<meta property=\"og:site_name\" content=\"Casa de Campo Living\" \/>\n<meta property=\"article:publisher\" content=\"https:\/\/www.facebook.com\/casadecampoliving\" \/>\n<meta property=\"article:published_time\" content=\"2011-09-22T04:00:00+00:00\" \/>\n<meta property=\"article:modified_time\" content=\"2022-10-21T22:41:46+00:00\" \/>\n<meta property=\"og:image\" content=\"https:\/\/i0.wp.com\/casadecampoliving.com\/wp-content\/uploads\/2022\/10\/isla_catalina_dominican_republic.jpg?fit=565%2C428&ssl=1\" \/>\n\t<meta property=\"og:image:width\" content=\"565\" \/>\n\t<meta property=\"og:image:height\" content=\"428\" \/>\n\t<meta property=\"og:image:type\" content=\"image\/jpeg\" \/>\n<meta name=\"author\" content=\"Rebecca Silvestri\" \/>\n<meta name=\"twitter:card\" content=\"summary_large_image\" \/>\n<meta name=\"twitter:creator\" content=\"@cdcliving\" \/>\n<meta name=\"twitter:site\" content=\"@cdcliving\" \/>\n<meta name=\"twitter:label1\" content=\"Escrito por\" \/>\n\t<meta name=\"twitter:data1\" content=\"Rebecca Silvestri\" \/>\n\t<meta name=\"twitter:label2\" content=\"Tiempo de lectura\" \/>\n\t<meta name=\"twitter:data2\" content=\"2 minutos\" \/>\n<script type=\"application\/ld+json\" class=\"yoast-schema-graph\">{\"@context\":\"https:\\\/\\\/schema.org\",\"@graph\":[{\"@type\":\"Article\",\"@id\":\"https:\\\/\\\/casadecampoliving.com\\\/es\\\/dia-internacional-de-limpieza-de-costas-segundo-operativo-en-isla-catalina-2\\\/#article\",\"isPartOf\":{\"@id\":\"https:\\\/\\\/casadecampoliving.com\\\/es\\\/dia-internacional-de-limpieza-de-costas-segundo-operativo-en-isla-catalina-2\\\/\"},\"author\":{\"name\":\"Rebecca Silvestri\",\"@id\":\"https:\\\/\\\/casadecampoliving.com\\\/es\\\/#\\\/schema\\\/person\\\/2b2208f3175fa8761e25b272e096d718\"},\"headline\":\"D\u00eda Internacional de Limpieza de Costas: Segundo operativo en Isla Catalina\",\"datePublished\":\"2011-09-22T04:00:00+00:00\",\"dateModified\":\"2022-10-21T22:41:46+00:00\",\"mainEntityOfPage\":{\"@id\":\"https:\\\/\\\/casadecampoliving.com\\\/es\\\/dia-internacional-de-limpieza-de-costas-segundo-operativo-en-isla-catalina-2\\\/\"},\"wordCount\":477,\"publisher\":{\"@id\":\"https:\\\/\\\/casadecampoliving.com\\\/es\\\/#organization\"},\"image\":{\"@id\":\"https:\\\/\\\/casadecampoliving.com\\\/es\\\/dia-internacional-de-limpieza-de-costas-segundo-operativo-en-isla-catalina-2\\\/#primaryimage\"},\"thumbnailUrl\":\"https:\\\/\\\/i0.wp.com\\\/casadecampoliving.com\\\/wp-content\\\/uploads\\\/2022\\\/10\\\/isla_catalina_dominican_republic.jpg?fit=565%2C428&ssl=1\",\"articleSection\":[\"Estilo de Vida\",\"Eventos\",\"La Romana @es\",\"M\u00e1s all\u00e1 de Casa\",\"Noticias Locales\",\"Proximamente\",\"Rep\u00fablica Dominicana @es\"],\"inLanguage\":\"es\"},{\"@type\":\"WebPage\",\"@id\":\"https:\\\/\\\/casadecampoliving.com\\\/es\\\/dia-internacional-de-limpieza-de-costas-segundo-operativo-en-isla-catalina-2\\\/\",\"url\":\"https:\\\/\\\/casadecampoliving.com\\\/es\\\/dia-internacional-de-limpieza-de-costas-segundo-operativo-en-isla-catalina-2\\\/\",\"name\":\"D\u00eda Internacional de Limpieza de Costas: Segundo operativo en Isla Catalina | Casa de Campo Living\",\"isPartOf\":{\"@id\":\"https:\\\/\\\/casadecampoliving.com\\\/es\\\/#website\"},\"primaryImageOfPage\":{\"@id\":\"https:\\\/\\\/casadecampoliving.com\\\/es\\\/dia-internacional-de-limpieza-de-costas-segundo-operativo-en-isla-catalina-2\\\/#primaryimage\"},\"image\":{\"@id\":\"https:\\\/\\\/casadecampoliving.com\\\/es\\\/dia-internacional-de-limpieza-de-costas-segundo-operativo-en-isla-catalina-2\\\/#primaryimage\"},\"thumbnailUrl\":\"https:\\\/\\\/i0.wp.com\\\/casadecampoliving.com\\\/wp-content\\\/uploads\\\/2022\\\/10\\\/isla_catalina_dominican_republic.jpg?fit=565%2C428&ssl=1\",\"datePublished\":\"2011-09-22T04:00:00+00:00\",\"dateModified\":\"2022-10-21T22:41:46+00:00\",\"description\":\"Conmemorando el D\u00eda Internacional de Limpieza de Costas, el Cl\u00faster Tur\u00edstico La Romana Bayahibe, apoyado por sus miembros, realiz\u00f3 su segundo operativo\",\"breadcrumb\":{\"@id\":\"https:\\\/\\\/casadecampoliving.com\\\/es\\\/dia-internacional-de-limpieza-de-costas-segundo-operativo-en-isla-catalina-2\\\/#breadcrumb\"},\"inLanguage\":\"es\",\"potentialAction\":[{\"@type\":\"ReadAction\",\"target\":[\"https:\\\/\\\/casadecampoliving.com\\\/es\\\/dia-internacional-de-limpieza-de-costas-segundo-operativo-en-isla-catalina-2\\\/\"]}]},{\"@type\":\"ImageObject\",\"inLanguage\":\"es\",\"@id\":\"https:\\\/\\\/casadecampoliving.com\\\/es\\\/dia-internacional-de-limpieza-de-costas-segundo-operativo-en-isla-catalina-2\\\/#primaryimage\",\"url\":\"https:\\\/\\\/i0.wp.com\\\/casadecampoliving.com\\\/wp-content\\\/uploads\\\/2022\\\/10\\\/isla_catalina_dominican_republic.jpg?fit=565%2C428&ssl=1\",\"contentUrl\":\"https:\\\/\\\/i0.wp.com\\\/casadecampoliving.com\\\/wp-content\\\/uploads\\\/2022\\\/10\\\/isla_catalina_dominican_republic.jpg?fit=565%2C428&ssl=1\",\"width\":565,\"height\":428},{\"@type\":\"BreadcrumbList\",\"@id\":\"https:\\\/\\\/casadecampoliving.com\\\/es\\\/dia-internacional-de-limpieza-de-costas-segundo-operativo-en-isla-catalina-2\\\/#breadcrumb\",\"itemListElement\":[{\"@type\":\"ListItem\",\"position\":1,\"name\":\"Home\",\"item\":\"https:\\\/\\\/casadecampoliving.com\\\/es\\\/\"},{\"@type\":\"ListItem\",\"position\":2,\"name\":\"D\u00eda Internacional de Limpieza de Costas: Segundo operativo en Isla Catalina\"}]},{\"@type\":\"WebSite\",\"@id\":\"https:\\\/\\\/casadecampoliving.com\\\/es\\\/#website\",\"url\":\"https:\\\/\\\/casadecampoliving.com\\\/es\\\/\",\"name\":\"Casa de Campo Living\",\"description\":\"Resort community news and resources.\",\"publisher\":{\"@id\":\"https:\\\/\\\/casadecampoliving.com\\\/es\\\/#organization\"},\"potentialAction\":[{\"@type\":\"SearchAction\",\"target\":{\"@type\":\"EntryPoint\",\"urlTemplate\":\"https:\\\/\\\/casadecampoliving.com\\\/es\\\/?s={search_term_string}\"},\"query-input\":{\"@type\":\"PropertyValueSpecification\",\"valueRequired\":true,\"valueName\":\"search_term_string\"}}],\"inLanguage\":\"es\"},{\"@type\":\"Organization\",\"@id\":\"https:\\\/\\\/casadecampoliving.com\\\/es\\\/#organization\",\"name\":\"Casa de Campo Living\",\"url\":\"https:\\\/\\\/casadecampoliving.com\\\/es\\\/\",\"logo\":{\"@type\":\"ImageObject\",\"inLanguage\":\"es\",\"@id\":\"https:\\\/\\\/casadecampoliving.com\\\/es\\\/#\\\/schema\\\/logo\\\/image\\\/\",\"url\":\"https:\\\/\\\/i0.wp.com\\\/casadecampoliving.com\\\/wp-content\\\/uploads\\\/2022\\\/07\\\/CDCLivingLogo_V1-white-sized.png?fit=800%2C214&ssl=1\",\"contentUrl\":\"https:\\\/\\\/i0.wp.com\\\/casadecampoliving.com\\\/wp-content\\\/uploads\\\/2022\\\/07\\\/CDCLivingLogo_V1-white-sized.png?fit=800%2C214&ssl=1\",\"width\":800,\"height\":214,\"caption\":\"Casa de Campo Living\"},\"image\":{\"@id\":\"https:\\\/\\\/casadecampoliving.com\\\/es\\\/#\\\/schema\\\/logo\\\/image\\\/\"},\"sameAs\":[\"https:\\\/\\\/www.facebook.com\\\/casadecampoliving\",\"https:\\\/\\\/x.com\\\/cdcliving\"]},{\"@type\":\"Person\",\"@id\":\"https:\\\/\\\/casadecampoliving.com\\\/es\\\/#\\\/schema\\\/person\\\/2b2208f3175fa8761e25b272e096d718\",\"name\":\"Rebecca Silvestri\",\"image\":{\"@type\":\"ImageObject\",\"inLanguage\":\"es\",\"@id\":\"https:\\\/\\\/secure.gravatar.com\\\/avatar\\\/2d937fd6c1769fb718dbf8dce9e82bf5f89e97bd028f9b3ea10b931dc7df95c6?s=96&d=mm&r=g\",\"url\":\"https:\\\/\\\/secure.gravatar.com\\\/avatar\\\/2d937fd6c1769fb718dbf8dce9e82bf5f89e97bd028f9b3ea10b931dc7df95c6?s=96&d=mm&r=g\",\"contentUrl\":\"https:\\\/\\\/secure.gravatar.com\\\/avatar\\\/2d937fd6c1769fb718dbf8dce9e82bf5f89e97bd028f9b3ea10b931dc7df95c6?s=96&d=mm&r=g\",\"caption\":\"Rebecca Silvestri\"},\"url\":\"https:\\\/\\\/casadecampoliving.com\\\/es\\\/author\\\/madamehuge\\\/\"}]}<\/script>\n<!-- \/ Yoast SEO plugin. -->","yoast_head_json":{"title":"D\u00eda Internacional de Limpieza de Costas: Segundo operativo en Isla Catalina | Casa de Campo Living","description":"Conmemorando el D\u00eda Internacional de Limpieza de Costas, el Cl\u00faster Tur\u00edstico La Romana Bayahibe, apoyado por sus miembros, realiz\u00f3 su segundo operativo","robots":{"index":"index","follow":"follow","max-snippet":"max-snippet:-1","max-image-preview":"max-image-preview:large","max-video-preview":"max-video-preview:-1"},"canonical":"https:\/\/casadecampoliving.com\/es\/dia-internacional-de-limpieza-de-costas-segundo-operativo-en-isla-catalina-2\/","og_locale":"es_ES","og_type":"article","og_title":"D\u00eda Internacional de Limpieza de Costas: Segundo operativo en Isla Catalina | Casa de Campo Living","og_description":"Conmemorando el D\u00eda Internacional de Limpieza de Costas, el Cl\u00faster Tur\u00edstico La Romana Bayahibe, apoyado por sus miembros, realiz\u00f3 su segundo operativo","og_url":"https:\/\/casadecampoliving.com\/es\/dia-internacional-de-limpieza-de-costas-segundo-operativo-en-isla-catalina-2\/","og_site_name":"Casa de Campo Living","article_publisher":"https:\/\/www.facebook.com\/casadecampoliving","article_published_time":"2011-09-22T04:00:00+00:00","article_modified_time":"2022-10-21T22:41:46+00:00","og_image":[{"width":565,"height":428,"url":"https:\/\/i0.wp.com\/casadecampoliving.com\/wp-content\/uploads\/2022\/10\/isla_catalina_dominican_republic.jpg?fit=565%2C428&ssl=1","type":"image\/jpeg"}],"author":"Rebecca Silvestri","twitter_card":"summary_large_image","twitter_creator":"@cdcliving","twitter_site":"@cdcliving","twitter_misc":{"Escrito por":"Rebecca Silvestri","Tiempo de lectura":"2 minutos"},"schema":{"@context":"https:\/\/schema.org","@graph":[{"@type":"Article","@id":"https:\/\/casadecampoliving.com\/es\/dia-internacional-de-limpieza-de-costas-segundo-operativo-en-isla-catalina-2\/#article","isPartOf":{"@id":"https:\/\/casadecampoliving.com\/es\/dia-internacional-de-limpieza-de-costas-segundo-operativo-en-isla-catalina-2\/"},"author":{"name":"Rebecca Silvestri","@id":"https:\/\/casadecampoliving.com\/es\/#\/schema\/person\/2b2208f3175fa8761e25b272e096d718"},"headline":"D\u00eda Internacional de Limpieza de Costas: Segundo operativo en Isla Catalina","datePublished":"2011-09-22T04:00:00+00:00","dateModified":"2022-10-21T22:41:46+00:00","mainEntityOfPage":{"@id":"https:\/\/casadecampoliving.com\/es\/dia-internacional-de-limpieza-de-costas-segundo-operativo-en-isla-catalina-2\/"},"wordCount":477,"publisher":{"@id":"https:\/\/casadecampoliving.com\/es\/#organization"},"image":{"@id":"https:\/\/casadecampoliving.com\/es\/dia-internacional-de-limpieza-de-costas-segundo-operativo-en-isla-catalina-2\/#primaryimage"},"thumbnailUrl":"https:\/\/i0.wp.com\/casadecampoliving.com\/wp-content\/uploads\/2022\/10\/isla_catalina_dominican_republic.jpg?fit=565%2C428&ssl=1","articleSection":["Estilo de Vida","Eventos","La Romana @es","M\u00e1s all\u00e1 de Casa","Noticias Locales","Proximamente","Rep\u00fablica Dominicana @es"],"inLanguage":"es"},{"@type":"WebPage","@id":"https:\/\/casadecampoliving.com\/es\/dia-internacional-de-limpieza-de-costas-segundo-operativo-en-isla-catalina-2\/","url":"https:\/\/casadecampoliving.com\/es\/dia-internacional-de-limpieza-de-costas-segundo-operativo-en-isla-catalina-2\/","name":"D\u00eda Internacional de Limpieza de Costas: Segundo operativo en Isla Catalina | Casa de Campo Living","isPartOf":{"@id":"https:\/\/casadecampoliving.com\/es\/#website"},"primaryImageOfPage":{"@id":"https:\/\/casadecampoliving.com\/es\/dia-internacional-de-limpieza-de-costas-segundo-operativo-en-isla-catalina-2\/#primaryimage"},"image":{"@id":"https:\/\/casadecampoliving.com\/es\/dia-internacional-de-limpieza-de-costas-segundo-operativo-en-isla-catalina-2\/#primaryimage"},"thumbnailUrl":"https:\/\/i0.wp.com\/casadecampoliving.com\/wp-content\/uploads\/2022\/10\/isla_catalina_dominican_republic.jpg?fit=565%2C428&ssl=1","datePublished":"2011-09-22T04:00:00+00:00","dateModified":"2022-10-21T22:41:46+00:00","description":"Conmemorando el D\u00eda Internacional de Limpieza de Costas, el Cl\u00faster Tur\u00edstico La Romana Bayahibe, apoyado por sus miembros, realiz\u00f3 su segundo operativo","breadcrumb":{"@id":"https:\/\/casadecampoliving.com\/es\/dia-internacional-de-limpieza-de-costas-segundo-operativo-en-isla-catalina-2\/#breadcrumb"},"inLanguage":"es","potentialAction":[{"@type":"ReadAction","target":["https:\/\/casadecampoliving.com\/es\/dia-internacional-de-limpieza-de-costas-segundo-operativo-en-isla-catalina-2\/"]}]},{"@type":"ImageObject","inLanguage":"es","@id":"https:\/\/casadecampoliving.com\/es\/dia-internacional-de-limpieza-de-costas-segundo-operativo-en-isla-catalina-2\/#primaryimage","url":"https:\/\/i0.wp.com\/casadecampoliving.com\/wp-content\/uploads\/2022\/10\/isla_catalina_dominican_republic.jpg?fit=565%2C428&ssl=1","contentUrl":"https:\/\/i0.wp.com\/casadecampoliving.com\/wp-content\/uploads\/2022\/10\/isla_catalina_dominican_republic.jpg?fit=565%2C428&ssl=1","width":565,"height":428},{"@type":"BreadcrumbList","@id":"https:\/\/casadecampoliving.com\/es\/dia-internacional-de-limpieza-de-costas-segundo-operativo-en-isla-catalina-2\/#breadcrumb","itemListElement":[{"@type":"ListItem","position":1,"name":"Home","item":"https:\/\/casadecampoliving.com\/es\/"},{"@type":"ListItem","position":2,"name":"D\u00eda Internacional de Limpieza de Costas: Segundo operativo en Isla Catalina"}]},{"@type":"WebSite","@id":"https:\/\/casadecampoliving.com\/es\/#website","url":"https:\/\/casadecampoliving.com\/es\/","name":"Casa de Campo Living","description":"Resort community news and resources.","publisher":{"@id":"https:\/\/casadecampoliving.com\/es\/#organization"},"potentialAction":[{"@type":"SearchAction","target":{"@type":"EntryPoint","urlTemplate":"https:\/\/casadecampoliving.com\/es\/?s={search_term_string}"},"query-input":{"@type":"PropertyValueSpecification","valueRequired":true,"valueName":"search_term_string"}}],"inLanguage":"es"},{"@type":"Organization","@id":"https:\/\/casadecampoliving.com\/es\/#organization","name":"Casa de Campo Living","url":"https:\/\/casadecampoliving.com\/es\/","logo":{"@type":"ImageObject","inLanguage":"es","@id":"https:\/\/casadecampoliving.com\/es\/#\/schema\/logo\/image\/","url":"https:\/\/i0.wp.com\/casadecampoliving.com\/wp-content\/uploads\/2022\/07\/CDCLivingLogo_V1-white-sized.png?fit=800%2C214&ssl=1","contentUrl":"https:\/\/i0.wp.com\/casadecampoliving.com\/wp-content\/uploads\/2022\/07\/CDCLivingLogo_V1-white-sized.png?fit=800%2C214&ssl=1","width":800,"height":214,"caption":"Casa de Campo Living"},"image":{"@id":"https:\/\/casadecampoliving.com\/es\/#\/schema\/logo\/image\/"},"sameAs":["https:\/\/www.facebook.com\/casadecampoliving","https:\/\/x.com\/cdcliving"]},{"@type":"Person","@id":"https:\/\/casadecampoliving.com\/es\/#\/schema\/person\/2b2208f3175fa8761e25b272e096d718","name":"Rebecca Silvestri","image":{"@type":"ImageObject","inLanguage":"es","@id":"https:\/\/secure.gravatar.com\/avatar\/2d937fd6c1769fb718dbf8dce9e82bf5f89e97bd028f9b3ea10b931dc7df95c6?s=96&d=mm&r=g","url":"https:\/\/secure.gravatar.com\/avatar\/2d937fd6c1769fb718dbf8dce9e82bf5f89e97bd028f9b3ea10b931dc7df95c6?s=96&d=mm&r=g","contentUrl":"https:\/\/secure.gravatar.com\/avatar\/2d937fd6c1769fb718dbf8dce9e82bf5f89e97bd028f9b3ea10b931dc7df95c6?s=96&d=mm&r=g","caption":"Rebecca Silvestri"},"url":"https:\/\/casadecampoliving.com\/es\/author\/madamehuge\/"}]}},"parsely":{"version":"1.1.0","canonical_url":"https:\/\/casadecampoliving.com\/es\/dia-internacional-de-limpieza-de-costas-segundo-operativo-en-isla-catalina-2\/","smart_links":{"inbound":0,"outbound":0},"traffic_boost_suggestions_count":0,"meta":{"@context":"https:\/\/schema.org","@type":"NewsArticle","headline":"D\u00eda Internacional de Limpieza de Costas: Segundo operativo en Isla Catalina","url":"http:\/\/casadecampoliving.com\/es\/dia-internacional-de-limpieza-de-costas-segundo-operativo-en-isla-catalina-2\/","mainEntityOfPage":{"@type":"WebPage","@id":"http:\/\/casadecampoliving.com\/es\/dia-internacional-de-limpieza-de-costas-segundo-operativo-en-isla-catalina-2\/"},"thumbnailUrl":"https:\/\/i0.wp.com\/casadecampoliving.com\/wp-content\/uploads\/2022\/10\/isla_catalina_dominican_republic.jpg?resize=150%2C150&ssl=1","image":{"@type":"ImageObject","url":"https:\/\/i0.wp.com\/casadecampoliving.com\/wp-content\/uploads\/2022\/10\/isla_catalina_dominican_republic.jpg?fit=565%2C428&ssl=1"},"articleSection":"Estilo de Vida","author":[{"@type":"Person","name":"Rebecca Silvestri"}],"creator":["Rebecca Silvestri"],"publisher":{"@type":"Organization","name":"Casa de Campo Living","logo":"https:\/\/casadecampoliving.com\/wp-content\/uploads\/2022\/07\/CDCLivingLogo_V1-white-sized.png"},"keywords":[],"dateCreated":"2011-09-22T04:00:00Z","datePublished":"2011-09-22T04:00:00Z","dateModified":"2022-10-21T22:41:46Z"},"rendered":"<script type=\"application\/ld+json\" class=\"wp-parsely-metadata\">{\"@context\":\"https:\\\/\\\/schema.org\",\"@type\":\"NewsArticle\",\"headline\":\"D\\u00eda Internacional de Limpieza de Costas: Segundo operativo en Isla Catalina\",\"url\":\"http:\\\/\\\/casadecampoliving.com\\\/es\\\/dia-internacional-de-limpieza-de-costas-segundo-operativo-en-isla-catalina-2\\\/\",\"mainEntityOfPage\":{\"@type\":\"WebPage\",\"@id\":\"http:\\\/\\\/casadecampoliving.com\\\/es\\\/dia-internacional-de-limpieza-de-costas-segundo-operativo-en-isla-catalina-2\\\/\"},\"thumbnailUrl\":\"https:\\\/\\\/i0.wp.com\\\/casadecampoliving.com\\\/wp-content\\\/uploads\\\/2022\\\/10\\\/isla_catalina_dominican_republic.jpg?resize=150%2C150&ssl=1\",\"image\":{\"@type\":\"ImageObject\",\"url\":\"https:\\\/\\\/i0.wp.com\\\/casadecampoliving.com\\\/wp-content\\\/uploads\\\/2022\\\/10\\\/isla_catalina_dominican_republic.jpg?fit=565%2C428&ssl=1\"},\"articleSection\":\"Estilo de Vida\",\"author\":[{\"@type\":\"Person\",\"name\":\"Rebecca Silvestri\"}],\"creator\":[\"Rebecca Silvestri\"],\"publisher\":{\"@type\":\"Organization\",\"name\":\"Casa de Campo Living\",\"logo\":\"https:\\\/\\\/casadecampoliving.com\\\/wp-content\\\/uploads\\\/2022\\\/07\\\/CDCLivingLogo_V1-white-sized.png\"},\"keywords\":[],\"dateCreated\":\"2011-09-22T04:00:00Z\",\"datePublished\":\"2011-09-22T04:00:00Z\",\"dateModified\":\"2022-10-21T22:41:46Z\"}<\/script>","tracker_url":"https:\/\/cdn.parsely.com\/keys\/casadecampoliving.com\/p.js"},"jetpack_publicize_connections":[],"jetpack_featured_media_url":"https:\/\/i0.wp.com\/casadecampoliving.com\/wp-content\/uploads\/2022\/10\/isla_catalina_dominican_republic.jpg?fit=565%2C428&ssl=1","jetpack-related-posts":[{"id":342855,"url":"https:\/\/casadecampoliving.com\/es\/hazte-parte-y-ayuda-la-romana-bayahibe-en-el-dia-internacional-de-limpieza-de-costas\/","url_meta":{"origin":337221,"position":0},"title":"\u00a1Hazte parte! y ayuda a La Romana-Bayahibe en el d\u00eda internacional de limpieza de costas","author":"Rebecca Silvestri","date":"16 Sep, 2013","format":false,"excerpt":"Rep\u00fablica Dominicana un para\u00edso que dispone de 1.550 kms de costas y 600 kms de playas de arena fina y brillante, el para\u00edso de los amantes de las playas! Pero el triunfo de la isla \u00fanica radica sobretodo en la diversidad de sus costas, sacudidas por el oc\u00e9ano Atl\u00e1ntico al\u2026","rel":"","context":"En \u00abDestacados\u00bb","block_context":{"text":"Destacados","link":"https:\/\/casadecampoliving.com\/es\/category\/destacados\/"},"img":{"alt_text":"D\u00eda Internacional de la Limpieza de Costas","src":"https:\/\/i0.wp.com\/casadecampoliving.com\/wp-content\/uploads\/2022\/10\/dia_internacional_limpieza_costas-1.jpg?fit=650%2C474&ssl=1&resize=350%2C200","width":350,"height":200,"srcset":"https:\/\/i0.wp.com\/casadecampoliving.com\/wp-content\/uploads\/2022\/10\/dia_internacional_limpieza_costas-1.jpg?fit=650%2C474&ssl=1&resize=350%2C200 1x, https:\/\/i0.wp.com\/casadecampoliving.com\/wp-content\/uploads\/2022\/10\/dia_internacional_limpieza_costas-1.jpg?fit=650%2C474&ssl=1&resize=525%2C300 1.5x"},"classes":[]},{"id":345269,"url":"https:\/\/casadecampoliving.com\/es\/jornada-de-limpieza-en-la-isla-catalina-2014\/","url_meta":{"origin":337221,"position":1},"title":"\u00a1Jornada de Limpieza en la Isla Catalina 2014!","author":"Daniela Medina","date":"9 Sep, 2014","format":false,"excerpt":"\u00bfQuiere vivir en un mundo mejor? \u00a1Pues \u00fanase al Cluster Tur\u00edstico La Romana \u2013 Bayahibe en el D\u00eda Internacional de Costas Limpias (20 de Septiembre) a limpiar la Isla Catalina! \u00a1El S\u00e1bado, 20 de Septiembre, D\u00eda Internacional de Costas Limpias, con el apoyo de negocios locales y personas que apoyaran\u2026","rel":"","context":"En \u00abCasa de Campo Living @es\u00bb","block_context":{"text":"Casa de Campo Living @es","link":"https:\/\/casadecampoliving.com\/category\/casa-de-campo-living-es\/"},"img":{"alt_text":"Catalina Island","src":"https:\/\/i0.wp.com\/casadecampoliving.com\/wp-content\/uploads\/2022\/10\/catalina_island-5.jpg?fit=800%2C600&ssl=1&resize=350%2C200","width":350,"height":200,"srcset":"https:\/\/i0.wp.com\/casadecampoliving.com\/wp-content\/uploads\/2022\/10\/catalina_island-5.jpg?fit=800%2C600&ssl=1&resize=350%2C200 1x, https:\/\/i0.wp.com\/casadecampoliving.com\/wp-content\/uploads\/2022\/10\/catalina_island-5.jpg?fit=800%2C600&ssl=1&resize=525%2C300 1.5x, https:\/\/i0.wp.com\/casadecampoliving.com\/wp-content\/uploads\/2022\/10\/catalina_island-5.jpg?fit=800%2C600&ssl=1&resize=700%2C400 2x"},"classes":[]},{"id":348220,"url":"https:\/\/casadecampoliving.com\/es\/dia-de-costas-limpias-sept-19\/","url_meta":{"origin":337221,"position":2},"title":"Colabore&#8230; D\u00eda de Costas Limpias, Sept. 19","author":"Perkin Agramonte","date":"10 Sep, 2015","format":false,"excerpt":"\u00a1Esto es un llamado a toda persona que este interesada en vivir en un mundo mejor! Se estar\u00e1 llevando a cabo La Limpieza Anual de Costas organizada por el Cluster Tur\u00edstico La Romana-Bayahibe en apoyo al D\u00eda Internacional de Limpieza de Costas\u00a0que ser\u00e1 el s\u00e1bado 19 de septiembre. Esta limpieza\u2026","rel":"","context":"En \u00abCasa de Campo Living @es\u00bb","block_context":{"text":"Casa de Campo Living @es","link":"https:\/\/casadecampoliving.com\/category\/casa-de-campo-living-es\/"},"img":{"alt_text":"","src":"https:\/\/i0.wp.com\/casadecampoliving.com\/wp-content\/uploads\/2022\/10\/Coastal_Clean_Day-1-scaled.jpg?fit=1200%2C800&ssl=1&resize=350%2C200","width":350,"height":200,"srcset":"https:\/\/i0.wp.com\/casadecampoliving.com\/wp-content\/uploads\/2022\/10\/Coastal_Clean_Day-1-scaled.jpg?fit=1200%2C800&ssl=1&resize=350%2C200 1x, https:\/\/i0.wp.com\/casadecampoliving.com\/wp-content\/uploads\/2022\/10\/Coastal_Clean_Day-1-scaled.jpg?fit=1200%2C800&ssl=1&resize=525%2C300 1.5x, https:\/\/i0.wp.com\/casadecampoliving.com\/wp-content\/uploads\/2022\/10\/Coastal_Clean_Day-1-scaled.jpg?fit=1200%2C800&ssl=1&resize=700%2C400 2x, https:\/\/i0.wp.com\/casadecampoliving.com\/wp-content\/uploads\/2022\/10\/Coastal_Clean_Day-1-scaled.jpg?fit=1200%2C800&ssl=1&resize=1050%2C600 3x"},"classes":[]},{"id":337507,"url":"https:\/\/casadecampoliving.com\/es\/operativo-de-limpieza-en-la-isla-catalina\/","url_meta":{"origin":337221,"position":3},"title":"Operativo de limpieza en la Isla Catalina!","author":"","date":"1 Dic, 2011","format":false,"excerpt":"La guerra contra la basura no cesa, y es que con el fin de mostrar la belleza de la Isla Catalina, el Cl\u00faster Tur\u00edstico La Romana Bayahibe, apoyado por sus miembros, realiz\u00f3 su tercer operativo de limpieza en la isla Catalina. Con la participaci\u00f3n de aproximadamente 125 voluntarios, en apenas\u2026","rel":"","context":"En \u00abEstilo de Vida\u00bb","block_context":{"text":"Estilo de Vida","link":"https:\/\/casadecampoliving.com\/es\/category\/estilo-de-vida\/"},"img":{"alt_text":"isla catalina limpieza","src":"https:\/\/i0.wp.com\/casadecampoliving.com\/wp-content\/uploads\/2022\/10\/isla_catalinalimpoeza-1.jpg?fit=650%2C237&ssl=1&resize=350%2C200","width":350,"height":200,"srcset":"https:\/\/i0.wp.com\/casadecampoliving.com\/wp-content\/uploads\/2022\/10\/isla_catalinalimpoeza-1.jpg?fit=650%2C237&ssl=1&resize=350%2C200 1x, https:\/\/i0.wp.com\/casadecampoliving.com\/wp-content\/uploads\/2022\/10\/isla_catalinalimpoeza-1.jpg?fit=650%2C237&ssl=1&resize=525%2C300 1.5x"},"classes":[]},{"id":337303,"url":"https:\/\/casadecampoliving.com\/es\/limpieza-en-isla-catalina-2\/","url_meta":{"origin":337221,"position":4},"title":"Limpieza en Isla Catalina","author":"Rebecca Silvestri","date":"29 Ago, 2011","format":false,"excerpt":"Los empresarios y organismos p\u00fablicos del destino se unen para realizar operativos de limpieza en Catalina. Preocupados por la situaci\u00f3n de algunos de los puntos tur\u00edsticos m\u00e1s atractivos del Destino La Romana, como por ejemplo la Isla Catalina, los empresarios del destino, organizados dentro del Cl\u00faster Tur\u00edstico La Romana Bayahibe,\u2026","rel":"","context":"En \u00abEstilo de Vida\u00bb","block_context":{"text":"Estilo de Vida","link":"https:\/\/casadecampoliving.com\/es\/category\/estilo-de-vida\/"},"img":{"alt_text":"","src":"https:\/\/i0.wp.com\/casadecampoliving.com\/wp-content\/uploads\/2022\/10\/catalina_island_la_romana_bayahibe_casa_de_campo-1.jpg?fit=565%2C298&ssl=1&resize=350%2C200","width":350,"height":200,"srcset":"https:\/\/i0.wp.com\/casadecampoliving.com\/wp-content\/uploads\/2022\/10\/catalina_island_la_romana_bayahibe_casa_de_campo-1.jpg?fit=565%2C298&ssl=1&resize=350%2C200 1x, https:\/\/i0.wp.com\/casadecampoliving.com\/wp-content\/uploads\/2022\/10\/catalina_island_la_romana_bayahibe_casa_de_campo-1.jpg?fit=565%2C298&ssl=1&resize=525%2C300 1.5x"},"classes":[]},{"id":343940,"url":"https:\/\/casadecampoliving.com\/es\/gran-jornada-de-limpieza-en-isla-catalina\/","url_meta":{"origin":337221,"position":5},"title":"Gran Jornada de Limpieza en Isla Catalina","author":"Perkin Agramonte","date":"25 Feb, 2014","format":false,"excerpt":"Los negocios y organizaciones del \u00e1rea de La Romana\/Bayahibe van a unirse de nuevo para limpiar la bella Isla Catalina, localizada justo al sur de Casa de Campo y La Romana.\u00a0Gracias al apoyo de los negocios locales y personas que han contribu\u00eddo con botes \u2013 un grupo de voluntarios zarpar\u00e1\u2026","rel":"","context":"En \u00abEstilo de Vida\u00bb","block_context":{"text":"Estilo de Vida","link":"https:\/\/casadecampoliving.com\/es\/category\/estilo-de-vida\/"},"img":{"alt_text":"","src":"https:\/\/i0.wp.com\/casadecampoliving.com\/wp-content\/uploads\/2022\/10\/catalina_island_la_romana_bayahibe_casa_de_campo-1.jpg?fit=565%2C298&ssl=1&resize=350%2C200","width":350,"height":200,"srcset":"https:\/\/i0.wp.com\/casadecampoliving.com\/wp-content\/uploads\/2022\/10\/catalina_island_la_romana_bayahibe_casa_de_campo-1.jpg?fit=565%2C298&ssl=1&resize=350%2C200 1x, https:\/\/i0.wp.com\/casadecampoliving.com\/wp-content\/uploads\/2022\/10\/catalina_island_la_romana_bayahibe_casa_de_campo-1.jpg?fit=565%2C298&ssl=1&resize=525%2C300 1.5x"},"classes":[]}],"jetpack_sharing_enabled":true,"_links":{"self":[{"href":"https:\/\/casadecampoliving.com\/es\/wp-json\/wp\/v2\/posts\/337221","targetHints":{"allow":["GET"]}}],"collection":[{"href":"https:\/\/casadecampoliving.com\/es\/wp-json\/wp\/v2\/posts"}],"about":[{"href":"https:\/\/casadecampoliving.com\/es\/wp-json\/wp\/v2\/types\/post"}],"author":[{"embeddable":true,"href":"https:\/\/casadecampoliving.com\/es\/wp-json\/wp\/v2\/users\/31"}],"replies":[{"embeddable":true,"href":"https:\/\/casadecampoliving.com\/es\/wp-json\/wp\/v2\/comments?post=337221"}],"version-history":[{"count":1,"href":"https:\/\/casadecampoliving.com\/es\/wp-json\/wp\/v2\/posts\/337221\/revisions"}],"predecessor-version":[{"id":337222,"href":"https:\/\/casadecampoliving.com\/es\/wp-json\/wp\/v2\/posts\/337221\/revisions\/337222"}],"wp:featuredmedia":[{"embeddable":true,"href":"https:\/\/casadecampoliving.com\/es\/wp-json\/wp\/v2\/media\/247852"}],"wp:attachment":[{"href":"https:\/\/casadecampoliving.com\/es\/wp-json\/wp\/v2\/media?parent=337221"}],"wp:term":[{"taxonomy":"category","embeddable":true,"href":"https:\/\/casadecampoliving.com\/es\/wp-json\/wp\/v2\/categories?post=337221"},{"taxonomy":"post_tag","embeddable":true,"href":"https:\/\/casadecampoliving.com\/es\/wp-json\/wp\/v2\/tags?post=337221"},{"taxonomy":"newspack_spnsrs_tax","embeddable":true,"href":"https:\/\/casadecampoliving.com\/es\/wp-json\/wp\/v2\/newspack_spnsrs_tax?post=337221"}],"curies":[{"name":"wp","href":"https:\/\/api.w.org\/{rel}","templated":true}]}}