{"id":337094,"date":"2011-10-28T00:00:00","date_gmt":"2011-10-28T04:00:00","guid":{"rendered":"https:\/\/casadecampoliving.com\/cafe-de-la-leche-en-el-centro-medico-central-romana-miercoles-2-de-noviembre-2\/"},"modified":"2022-10-21T18:44:39","modified_gmt":"2022-10-21T22:44:39","slug":"cafe-de-la-leche-en-el-centro-medico-central-romana-miercoles-2-de-noviembre-2","status":"publish","type":"post","link":"https:\/\/casadecampoliving.com\/es\/cafe-de-la-leche-en-el-centro-medico-central-romana-miercoles-2-de-noviembre-2\/","title":{"rendered":"Caf\u00e9 de la Leche en el Centro M\u00e9dico Central Romana: Miercoles 2 de Noviembre"},"content":{"rendered":"<div class=\"wp-block-image\">\n<figure class=\"aligncenter is-resized\"><a href=\"https:\/\/i0.wp.com\/casadecampoliving.com\/wp-content\/uploads\/2022\/10\/cafe_de_la_leche-22.jpg?ssl=1\"><img loading=\"lazy\" decoding=\"async\" src=\"https:\/\/i0.wp.com\/casadecampoliving.com\/wp-content\/uploads\/2022\/10\/cafe_de_la_leche-22.jpg?resize=565%2C213&amp;ssl=1\" alt=\"cafe de la leche\" class=\"wp-image-35932\" title=\"cafe_de_la_leche\" height=\"213\" width=\"565\"\/><\/a><\/figure>\n<\/div>\n\n\n<p>\u00bfSe ha planteado el prop\u00f3sito de brindar su ayuda en una obra ben\u00e9fica? La oportunidad perfecta es el Caf\u00e9 de La leche, un evento mensual creado para la recaudaci\u00f3n de leche y cereales para los infantes del Hogar del Ni\u00f1o.<\/p>\n\n\n\n<!--more-->\n\n\n\n<p>Este mes, la actividad, con el apoyo del Dr. Jos\u00e9 L\u00f3pez, Vicepresidente de Salud de Central Romana Corporation y Director del Centro M\u00e9dico Central Romana&nbsp;junto con su equipo de doctores y enfermeras, se llevar\u00e1 a cabo el pr\u00f3ximo mi\u00e9rcoles 2 de noviembre de 5:00pm a 7:00pm. Los asistentes, adem\u00e1s de realizar esta hermosa labor, tendr\u00e1n la oportunidad de conocer y disfrutar de las nuevas instalaciones y facilidades del nuevo Centro M\u00e9dico en La Romana.<\/p>\n\n\n\n<p>En esta ocasi\u00f3n las damas de Casa de Campo ser\u00e1n invitadas para participar de un tour por estas modernas instalaciones; tambi\u00e9n se sumar\u00e1n a un momento agradable entre charlas y bebidas en esta \u201cfiesta de t\u00e9\u201d.<\/p>\n\n\n<div class=\"wp-block-image\">\n<figure class=\"aligncenter is-resized\"><a href=\"https:\/\/i0.wp.com\/casadecampoliving-wp.s3-accelerate.amazonaws.com\/2010\/08\/El-equipo-de-Resonancia-Magn\u00e9tica-MRI-es-de-\u00faltima-generaci\u00f3n_2010.jpg?ssl=1\"><img loading=\"lazy\" decoding=\"async\" src=\"https:\/\/i0.wp.com\/casadecampoliving-wp.s3-accelerate.amazonaws.com\/2010\/08\/El-equipo-de-Resonancia-Magn\u00e9tica-MRI-es-de-\u00faltima-generaci\u00f3n_2010.jpg?resize=452%2C300&amp;ssl=1\" alt=\"\" class=\"wp-image-20547\" title=\"El equipo de Resonancia Magn\u00e9tica (MRI) es de \u00faltima generaci\u00f3n_2010\" height=\"300\" width=\"452\"\/><\/a><\/figure>\n<\/div>\n\n\n<p class=\"has-text-align-center\"><strong>\u201cDiagn\u00f3stica Social\u201d un nuevo servicio en La Romana<\/strong><\/p>\n\n\n\n<p>Fue en febrero del a\u00f1o en curso cuando el Patronato Ben\u00e9fico Oriental, celebr\u00f3 la apertura del \u201cDiagnostica Social\u201d, un centro de diagn\u00f3stica ubicado pr\u00f3ximo al hospital del Central Romana. Hoy los avances rinden sus frutos \u2013&nbsp;<span style=\"text-decoration: underline;\"><a href=\"https:\/\/casadecampoliving.com\/2011\/02\/cocktail-for-the-supporters-of-the-diagnostica-social\/\">haz click aqu\u00ed para ver m\u00e1s sobre este coctel de apertura.<\/a><\/span><\/p>\n\n\n\n<blockquote class=\"wp-block-quote is-layout-flow wp-block-quote-is-layout-flow\"><p><strong>Detalles del evento<\/strong><\/p><p><strong>Fecha:<\/strong> Mi\u00e9rcoles 2, noviembre.<br>\n<strong>Hora:<\/strong> 5:00pm \u2013 7:00pm<br>\n<strong>Lugar:<\/strong> Batey Principal #1, Central Romana<br>\n<strong>Contribuci\u00f3n:<\/strong> El evento es gratis. A\u00fan as\u00ed, se les pide a los asistentes una contribuci\u00f3n de leche, formula para reci\u00e9n nacidos o cereales para el Hogar del Ni\u00f1o.<\/p><\/blockquote>\n\n\n<div class=\"wp-block-image\">\n<figure class=\"aligncenter is-resized\"><img loading=\"lazy\" decoding=\"async\" src=\"https:\/\/i0.wp.com\/casadecampoliving.com\/wp-content\/uploads\/2022\/10\/cafe_de_la_leche_marina_casa_de_campo_la_casita.jpg?resize=452%2C310&amp;ssl=1\" alt=\"\" class=\"wp-image-31854\" title=\"cafe_de_la_leche_marina_casa_de_campo_la_casita\" height=\"310\" width=\"452\"\/><\/figure>\n<\/div>\n\n\n<p class=\"has-text-align-center\"><strong><strong>Un momento agradable en el Caf\u00e9 de Agosto en La Marina Casa de Campo<\/strong><\/strong><a href=\"https:\/\/casadecampoliving.com\/wp-content\/uploads\/2022\/10\/cafe_de_la_leche_marina_casa_de_campo_la_casita.jpg\"><br>\n<\/a><\/p>\n\n\n\n<blockquote><p><strong>Sobre el Caf\u00e9 de la Leche<\/strong><\/p><figure><img decoding=\"async\" loading=\"lazy\" class=\"alignright size-full wp-image-35935\" style=\"margin-left: 15px; margin-right: 15px;\" title=\"hogar_del_nino_la_romana_casa_de_campo2\" src=\"https:\/\/i0.wp.com\/casadecampoliving.com\/wp-content\/uploads\/2022\/10\/hogar_del_nino_la_romana_casa_de_campo2-2.jpg?resize=150%2C245&amp;ssl=1\" alt=\"\" width=\"150\" height=\"245\"><\/figure><p>Este evento que se realiza mensualmente, tiene el prop\u00f3sito de proporcionar suficiente alimento para los peque\u00f1os del Hogar del Ni\u00f1o. En este sentido, esta fiesta del te realizado por las Damas de Casa de Campo, adem\u00e1s de ser una oportunidad para compartir, con alguna asistencia ocasional de los caballeros, por supuesto, ayuda a proveer grandes cantidades de leche para los mas de 200 peque\u00f1os que acogen en el hogar. El evento est\u00e1 abierto al p\u00fablico, totalmente gratis.<\/p><p>A pesar de que el Caf\u00e9 de la Leche, se celebra en un lugar distinto cada mes,&nbsp;&nbsp;por lo general, \u00e9ste se lleva a cabo dentro de Casa de Campo, en las villas puestas a disposici\u00f3n por voluntarios y principales proveedores del Hogar.<\/p><p><span style=\"text-decoration: underline;\"><a href=\"https:\/\/casadecampoliving.com\/2011\/10\/a-year-volunteering-at-the-hogar-del-nino-the-hardest-work-youll-ever-love\/\">Haz click aqu\u00ed para leer una conmovedora historia de uno de los voluntarios dentro del Hogar del Ni\u00f1o<\/a><\/span><\/p><\/blockquote>\n\n\n\n<p>Para leer m\u00e1s sobre el Cafe de la Leche y ver fotos de los evento pasados, haga click en los siguiente enlaces:<\/p>\n\n\n\n<p><em><a title=\"Cafe de la Leche Septiembre 2011: Champ\u00e1n y sangria con Anna Cosulich\" href=\"https:\/\/casadecampoliving.com\/2011\/09\/cafe-de-la-leche-septiembre-2011-champan-y-sangria-con-anna-cosulich\/\" rel=\"bookmark\">Cafe de la Leche Septiembre 2011: Champ\u00e1n y sangria con Anna Cosulich<\/a><a title=\"Cafe de la Leche en La Casita!\" href=\"https:\/\/casadecampoliving.com\/2011\/08\/cafe-de-la-leche-en-la-casita\/\" rel=\"bookmark\"><br>\nCafe de la Leche en La Casita!<\/a><a title=\"Casa de Campo Cafe de la Leche: July 2011\" href=\"https:\/\/casadecampoliving.com\/2011\/07\/casa-de-campo-cafe-de-la-leche-july-2011\/\" rel=\"bookmark\"><br>\nCasa de Campo Cafe de la Leche: July 2011<\/a><a title=\"Hilarious Hats at the Cafe de la Leche: June 2011\" href=\"https:\/\/casadecampoliving.com\/2011\/06\/hilarious-hats-at-the-cafe-de-la-leche-june-2011\/\" rel=\"bookmark\"><br>\nHilarious Hats at the Cafe de la Leche: June 2011<\/a><br>\n<a href=\"https:\/\/casadecampoliving.com\/2011\/05\/cafe-de-la-leche-may-2011\/\">Cafe de La Leche: May 2011<\/a><br>\n<a href=\"https:\/\/casadecampoliving.com\/2011\/04\/cafe-de-la-leche-april-2011\/\">Cafe de la Leche: April 2011<\/a><br>\n<a href=\"https:\/\/casadecampoliving.com\/2011\/03\/cafe-de-la-leche-march-2011\/\">Cafe de la Leche: March 2011<\/a><br>\n<a href=\"https:\/\/casadecampoliving.com\/2011\/02\/a-victory-ious-cafe-de-la-leche-february-2011\/\">A Victory-ious Cafe de La Leche: February 2011<\/a><br>\n<a title=\"The first Cafe de la Leche of the new year: January 2011\" href=\"https:\/\/casadecampoliving.com\/2011\/01\/the-first-cafe-de-la-leche-of-the-new-year-january-2011\/\" rel=\"bookmark\">The first Cafe de la Leche of the new year: January 2011<\/a><a title=\"Christmas Cafe de la Leche: December 2010\" href=\"https:\/\/casadecampoliving.com\/2010\/12\/christmas-cafe-de-la-leche-december-2010\/\" rel=\"bookmark\"><br>\nChristmas Cafe de la Leche: December 2010<\/a><a title=\"Cafe de La Leche: Oct 2010\" href=\"https:\/\/casadecampoliving.com\/2010\/10\/cafe-de-la-leche-oct-2010\/\" rel=\"bookmark\"><br>\nCafe de La Leche: Oct 2010<br>\n<\/a><a title=\"Cafe de La Leche: Sept 2010\" href=\"https:\/\/casadecampoliving.com\/2010\/09\/cafe-de-la-leche-sept-2010\/\" rel=\"bookmark\">Cafe de La Leche: Sept 2010<\/a><a title=\"Cafe de La Leche: July 2010\" href=\"https:\/\/casadecampoliving.com\/2010\/07\/cafe-de-la-leche-july-2010\/\" rel=\"bookmark\"><br>\n<\/a><a title=\"Cafe de La Leche: August 2010\" href=\"https:\/\/casadecampoliving.com\/2010\/08\/cafe-de-la-leche-august-2010\/\" rel=\"bookmark\">Cafe de La Leche: August 2010<\/a><br>\n<a title=\"Cafe de La Leche: July 2010\" href=\"https:\/\/casadecampoliving.com\/2010\/07\/cafe-de-la-leche-july-2010\/\" rel=\"bookmark\">Cafe de La Leche: July 2010<\/a><br>\n<a title=\"Cafe de La Leche June 2010: shopping galore!\" href=\"https:\/\/casadecampoliving.com\/2010\/06\/cafe-de-la-leche-june-2010-shopping-galore\/\" rel=\"bookmark\">Cafe de La Leche June 2010: shopping galore!<\/a><a title=\"Cafe de La Leche May 7th, 2010: Chinese Food and Nespresso drinks \u2013 YUM!\" href=\"https:\/\/casadecampoliving.com\/2010\/05\/cafe-de-la-leche-may-7th-2010-chinese-food-and-nespresso-drinks-yum\/\" rel=\"bookmark\"><br>\nCafe de La Leche May 7th, 2010: Chinese Food and Nespresso drinks \u2013 YUM!<br>\n<\/a><a title=\"Cafe de La Leche: April 2010\" href=\"https:\/\/casadecampoliving.com\/2010\/04\/cafe-de-la-leche-april-2010\/\" rel=\"bookmark\">Cafe de La Leche: April 2010<br>\n<\/a><a title=\"Cafe de La Leche: March 2010\" href=\"https:\/\/casadecampoliving.com\/2010\/03\/cafe-de-la-leche-march-2010\/\" rel=\"bookmark\">Cafe de La Leche: March 2010<br>\n<\/a><a title=\"Cafe de La Leche: February 2010\" href=\"https:\/\/casadecampoliving.com\/2010\/02\/cafe-de-la-leche-february-2010\/\" rel=\"bookmark\">Cafe de La Leche: February 2010<br>\n<\/a><a title=\"The first Cafe de La Leche of the New Year: Jan \u201810\" href=\"https:\/\/casadecampoliving.com\/2010\/01\/the-first-cafe-de-la-leche-of-the-new-year-jan-10\/\" rel=\"bookmark\">The first Cafe de La Leche of the New Year: Jan \u201810<br>\n<\/a><a title=\"Christmas Cafe de La Leche, Dec 2009 \u2013 more great photos!\" href=\"https:\/\/casadecampoliving.com\/2009\/12\/christmas-cafe-de-la-leche-dec-2009-more-great-photos\/\" rel=\"bookmark\">Christmas Cafe de La Leche, Dec 2009 \u2013 more great photos!<br>\n<\/a><a title=\"Christmas Cafe de La Leche \u2013 Dec 2009\" href=\"https:\/\/casadecampoliving.com\/2009\/12\/christmas-cafe-de-la-leche-dec-2009\/\" rel=\"bookmark\">Christmas Cafe de La Leche \u2013 Dec 2009<br>\n<\/a><a title=\"Cafe de La Leche \u2013 Nov 2009\" href=\"https:\/\/casadecampoliving.com\/2009\/11\/cafe-de-la-leche-nov-2009\/\" rel=\"bookmark\">Cafe de La Leche \u2013 Nov 2009<br>\n<\/a><a title=\"Cafe de La Leche \u2013 Oct 2009\" href=\"https:\/\/casadecampoliving.com\/2009\/10\/cafe-de-la-leche-oct-2009\/\" rel=\"bookmark\">Cafe de La Leche \u2013 Oct 2009<br>\n<\/a><a title=\"Cafe de la Leche and Bazaar \u2013 Friday 04 of September 2009\" href=\"https:\/\/casadecampoliving.com\/2009\/09\/cafe-de-la-leche-and-bazaar-sept-09\/\" rel=\"bookmark\">Cafe de la Leche and Bazaar \u2013 Friday 04 of September 2009<br>\n<\/a><a title=\"Cygalle\u2019s Healing Spa hosts Cafe de La Leche and celebrates launch of new Hogar del Ni\u00f1o Website\" href=\"https:\/\/casadecampoliving.com\/2009\/07\/cygalles-healing-spa-hosts-cafe-de-la-leche-and-celebrates-launch-of-new-hogar-del-nino-website\/\" rel=\"bookmark\">Cygalle\u2019s Healing Spa hosts Cafe de La Leche and celebrates launch of new Hogar del Ni\u00f1o Website<br>\n<\/a><a title=\"Cafe de la Leche \u2013 June 2009\" href=\"https:\/\/casadecampoliving.com\/2009\/06\/cafe-de-la-leche-june-2009\/\" rel=\"bookmark\">Cafe de la Leche \u2013 June 2009<br>\n<\/a><a title=\"Cafe de la Leche \u2013 May 2009\" href=\"https:\/\/casadecampoliving.com\/2009\/05\/cafe-de-la-leche-may-2009\/\" rel=\"bookmark\">Cafe de la Leche \u2013 May 2009<br>\n<\/a><a title=\"Cafe de la Leche \u2013 April 2009\" href=\"https:\/\/casadecampoliving.com\/2009\/04\/cafe-de-la-leche-april-2009\/\" rel=\"bookmark\">Cafe de la Leche \u2013 April 2009<br>\n<\/a><a title=\"Cafe de La Leche Marzo 2009\" href=\"https:\/\/casadecampoliving.com\/2009\/03\/cafe-de-la-leche-marzo-09\/\" rel=\"bookmark\">Cafe de La Leche Marzo 2009<\/a><\/em><\/p>\n\n\n\n<p>Por: Paola Marte<\/p>\n","protected":false},"excerpt":{"rendered":"<p>\u00bfSe ha planteado el prop\u00f3sito de brindar su ayuda en una obra ben\u00e9fica? La oportunidad perfecta es el Caf\u00e9 de La leche, un evento mensual creado para la recaudaci\u00f3n de leche y cereales para los infantes del Hogar del Ni\u00f1o.<\/p>\n","protected":false},"author":31,"featured_media":257383,"comment_status":"closed","ping_status":"closed","sticky":false,"template":"","format":"standard","meta":{"newspack_ads_suppress_ads":false,"newspack_popups_has_disabled_popups":false,"newspack_sponsor_sponsorship_scope":"","newspack_sponsor_native_byline_display":"inherit","newspack_sponsor_native_category_display":"inherit","newspack_sponsor_underwriter_style":"inherit","newspack_sponsor_underwriter_placement":"inherit","_newspack_byline_active":false,"_newspack_byline":"","newspack_content_restriction_is_exempt":false,"newspack_featured_image_position":"","newspack_post_subtitle":"","newspack_article_summary_title":"Overview:","newspack_article_summary":"","newspack_hide_updated_date":false,"newspack_show_updated_date":false,"_jetpack_memberships_contains_paid_content":false,"footnotes":"","jetpack_publicize_message":"","jetpack_publicize_feature_enabled":true,"jetpack_social_post_already_shared":false,"jetpack_social_options":{"image_generator_settings":{"template":"highway","default_image_id":0,"font":"","enabled":false},"version":2},"_wpas_customize_per_network":false},"categories":[2519,14631,2522,2514,2516,14625,14627,2521],"tags":[23755,204,2469,4484],"newspack_spnsrs_tax":[],"class_list":["post-337094","post","type-post","status-publish","format-standard","has-post-thumbnail","hentry","category-costasur-dominicana-es","category-estilo-de-vida","category-eventos-es","category-fundaciones-es","category-hogar-del-nino-es","category-noticias-locales","category-proximamente","category-republica-dominicana-2","tag-cafe-de-la-leche-es-5","tag-central-romana","tag-centro-medico","tag-el-hogar-del-nino","entry"],"yoast_head":"<!-- This site is optimized with the Yoast SEO plugin v27.3 - https:\/\/yoast.com\/product\/yoast-seo-wordpress\/ -->\n<title>Caf\u00e9 de la Leche en el Centro M\u00e9dico Central Romana: Miercoles 2 de Noviembre | Casa de Campo Living<\/title>\n<meta name=\"description\" content=\"\u00bfSe ha planteado el prop\u00f3sito de brindar su ayuda en una obra ben\u00e9fica? La oportunidad perfecta es el Caf\u00e9 de La leche, un evento mensual creado para la\" \/>\n<meta name=\"robots\" content=\"index, follow, max-snippet:-1, max-image-preview:large, max-video-preview:-1\" \/>\n<link rel=\"canonical\" href=\"https:\/\/casadecampoliving.com\/es\/cafe-de-la-leche-en-el-centro-medico-central-romana-miercoles-2-de-noviembre-2\/\" \/>\n<meta property=\"og:locale\" content=\"es_ES\" \/>\n<meta property=\"og:type\" content=\"article\" \/>\n<meta property=\"og:title\" content=\"Caf\u00e9 de la Leche en el Centro M\u00e9dico Central Romana: Miercoles 2 de Noviembre | Casa de Campo Living\" \/>\n<meta property=\"og:description\" content=\"\u00bfSe ha planteado el prop\u00f3sito de brindar su ayuda en una obra ben\u00e9fica? La oportunidad perfecta es el Caf\u00e9 de La leche, un evento mensual creado para la\" \/>\n<meta property=\"og:url\" content=\"https:\/\/casadecampoliving.com\/es\/cafe-de-la-leche-en-el-centro-medico-central-romana-miercoles-2-de-noviembre-2\/\" \/>\n<meta property=\"og:site_name\" content=\"Casa de Campo Living\" \/>\n<meta property=\"article:publisher\" content=\"https:\/\/www.facebook.com\/casadecampoliving\" \/>\n<meta property=\"article:published_time\" content=\"2011-10-28T04:00:00+00:00\" \/>\n<meta property=\"article:modified_time\" content=\"2022-10-21T22:44:39+00:00\" \/>\n<meta property=\"og:image\" content=\"https:\/\/i0.wp.com\/casadecampoliving.com\/wp-content\/uploads\/2022\/10\/cafe_de_la_leche-23.jpg?fit=565%2C213&ssl=1\" \/>\n\t<meta property=\"og:image:width\" content=\"565\" \/>\n\t<meta property=\"og:image:height\" content=\"213\" \/>\n\t<meta property=\"og:image:type\" content=\"image\/jpeg\" \/>\n<meta name=\"author\" content=\"Rebecca Silvestri\" \/>\n<meta name=\"twitter:card\" content=\"summary_large_image\" \/>\n<meta name=\"twitter:creator\" content=\"@cdcliving\" \/>\n<meta name=\"twitter:site\" content=\"@cdcliving\" \/>\n<meta name=\"twitter:label1\" content=\"Escrito por\" \/>\n\t<meta name=\"twitter:data1\" content=\"Rebecca Silvestri\" \/>\n\t<meta name=\"twitter:label2\" content=\"Tiempo de lectura\" \/>\n\t<meta name=\"twitter:data2\" content=\"3 minutos\" \/>\n<script type=\"application\/ld+json\" class=\"yoast-schema-graph\">{\"@context\":\"https:\\\/\\\/schema.org\",\"@graph\":[{\"@type\":\"Article\",\"@id\":\"https:\\\/\\\/casadecampoliving.com\\\/es\\\/cafe-de-la-leche-en-el-centro-medico-central-romana-miercoles-2-de-noviembre-2\\\/#article\",\"isPartOf\":{\"@id\":\"https:\\\/\\\/casadecampoliving.com\\\/es\\\/cafe-de-la-leche-en-el-centro-medico-central-romana-miercoles-2-de-noviembre-2\\\/\"},\"author\":{\"name\":\"Rebecca Silvestri\",\"@id\":\"https:\\\/\\\/casadecampoliving.com\\\/es\\\/#\\\/schema\\\/person\\\/2b2208f3175fa8761e25b272e096d718\"},\"headline\":\"Caf\u00e9 de la Leche en el Centro M\u00e9dico Central Romana: Miercoles 2 de Noviembre\",\"datePublished\":\"2011-10-28T04:00:00+00:00\",\"dateModified\":\"2022-10-21T22:44:39+00:00\",\"mainEntityOfPage\":{\"@id\":\"https:\\\/\\\/casadecampoliving.com\\\/es\\\/cafe-de-la-leche-en-el-centro-medico-central-romana-miercoles-2-de-noviembre-2\\\/\"},\"wordCount\":695,\"publisher\":{\"@id\":\"https:\\\/\\\/casadecampoliving.com\\\/es\\\/#organization\"},\"image\":{\"@id\":\"https:\\\/\\\/casadecampoliving.com\\\/es\\\/cafe-de-la-leche-en-el-centro-medico-central-romana-miercoles-2-de-noviembre-2\\\/#primaryimage\"},\"thumbnailUrl\":\"https:\\\/\\\/i0.wp.com\\\/casadecampoliving.com\\\/wp-content\\\/uploads\\\/2022\\\/10\\\/cafe_de_la_leche-23.jpg?fit=565%2C213&ssl=1\",\"keywords\":[\"cafe de la leche\",\"Central Romana\",\"centro medico\",\"el hogar del nino\"],\"articleSection\":[\"Costasur Dominicana @es\",\"Estilo de Vida\",\"Eventos\",\"Fundaciones\",\"Hogar del Ni\u00f1o @es\",\"Noticias Locales\",\"Proximamente\",\"Rep\u00fablica Dominicana @es\"],\"inLanguage\":\"es\"},{\"@type\":\"WebPage\",\"@id\":\"https:\\\/\\\/casadecampoliving.com\\\/es\\\/cafe-de-la-leche-en-el-centro-medico-central-romana-miercoles-2-de-noviembre-2\\\/\",\"url\":\"https:\\\/\\\/casadecampoliving.com\\\/es\\\/cafe-de-la-leche-en-el-centro-medico-central-romana-miercoles-2-de-noviembre-2\\\/\",\"name\":\"Caf\u00e9 de la Leche en el Centro M\u00e9dico Central Romana: Miercoles 2 de Noviembre | Casa de Campo Living\",\"isPartOf\":{\"@id\":\"https:\\\/\\\/casadecampoliving.com\\\/es\\\/#website\"},\"primaryImageOfPage\":{\"@id\":\"https:\\\/\\\/casadecampoliving.com\\\/es\\\/cafe-de-la-leche-en-el-centro-medico-central-romana-miercoles-2-de-noviembre-2\\\/#primaryimage\"},\"image\":{\"@id\":\"https:\\\/\\\/casadecampoliving.com\\\/es\\\/cafe-de-la-leche-en-el-centro-medico-central-romana-miercoles-2-de-noviembre-2\\\/#primaryimage\"},\"thumbnailUrl\":\"https:\\\/\\\/i0.wp.com\\\/casadecampoliving.com\\\/wp-content\\\/uploads\\\/2022\\\/10\\\/cafe_de_la_leche-23.jpg?fit=565%2C213&ssl=1\",\"datePublished\":\"2011-10-28T04:00:00+00:00\",\"dateModified\":\"2022-10-21T22:44:39+00:00\",\"description\":\"\u00bfSe ha planteado el prop\u00f3sito de brindar su ayuda en una obra ben\u00e9fica? La oportunidad perfecta es el Caf\u00e9 de La leche, un evento mensual creado para la\",\"breadcrumb\":{\"@id\":\"https:\\\/\\\/casadecampoliving.com\\\/es\\\/cafe-de-la-leche-en-el-centro-medico-central-romana-miercoles-2-de-noviembre-2\\\/#breadcrumb\"},\"inLanguage\":\"es\",\"potentialAction\":[{\"@type\":\"ReadAction\",\"target\":[\"https:\\\/\\\/casadecampoliving.com\\\/es\\\/cafe-de-la-leche-en-el-centro-medico-central-romana-miercoles-2-de-noviembre-2\\\/\"]}]},{\"@type\":\"ImageObject\",\"inLanguage\":\"es\",\"@id\":\"https:\\\/\\\/casadecampoliving.com\\\/es\\\/cafe-de-la-leche-en-el-centro-medico-central-romana-miercoles-2-de-noviembre-2\\\/#primaryimage\",\"url\":\"https:\\\/\\\/i0.wp.com\\\/casadecampoliving.com\\\/wp-content\\\/uploads\\\/2022\\\/10\\\/cafe_de_la_leche-23.jpg?fit=565%2C213&ssl=1\",\"contentUrl\":\"https:\\\/\\\/i0.wp.com\\\/casadecampoliving.com\\\/wp-content\\\/uploads\\\/2022\\\/10\\\/cafe_de_la_leche-23.jpg?fit=565%2C213&ssl=1\",\"width\":565,\"height\":213,\"caption\":\"cafe de la leche\"},{\"@type\":\"BreadcrumbList\",\"@id\":\"https:\\\/\\\/casadecampoliving.com\\\/es\\\/cafe-de-la-leche-en-el-centro-medico-central-romana-miercoles-2-de-noviembre-2\\\/#breadcrumb\",\"itemListElement\":[{\"@type\":\"ListItem\",\"position\":1,\"name\":\"Home\",\"item\":\"https:\\\/\\\/casadecampoliving.com\\\/es\\\/\"},{\"@type\":\"ListItem\",\"position\":2,\"name\":\"Caf\u00e9 de la Leche en el Centro M\u00e9dico Central Romana: Miercoles 2 de Noviembre\"}]},{\"@type\":\"WebSite\",\"@id\":\"https:\\\/\\\/casadecampoliving.com\\\/es\\\/#website\",\"url\":\"https:\\\/\\\/casadecampoliving.com\\\/es\\\/\",\"name\":\"Casa de Campo Living\",\"description\":\"Resort community news and resources.\",\"publisher\":{\"@id\":\"https:\\\/\\\/casadecampoliving.com\\\/es\\\/#organization\"},\"potentialAction\":[{\"@type\":\"SearchAction\",\"target\":{\"@type\":\"EntryPoint\",\"urlTemplate\":\"https:\\\/\\\/casadecampoliving.com\\\/es\\\/?s={search_term_string}\"},\"query-input\":{\"@type\":\"PropertyValueSpecification\",\"valueRequired\":true,\"valueName\":\"search_term_string\"}}],\"inLanguage\":\"es\"},{\"@type\":\"Organization\",\"@id\":\"https:\\\/\\\/casadecampoliving.com\\\/es\\\/#organization\",\"name\":\"Casa de Campo Living\",\"url\":\"https:\\\/\\\/casadecampoliving.com\\\/es\\\/\",\"logo\":{\"@type\":\"ImageObject\",\"inLanguage\":\"es\",\"@id\":\"https:\\\/\\\/casadecampoliving.com\\\/es\\\/#\\\/schema\\\/logo\\\/image\\\/\",\"url\":\"https:\\\/\\\/i0.wp.com\\\/casadecampoliving.com\\\/wp-content\\\/uploads\\\/2022\\\/07\\\/CDCLivingLogo_V1-white-sized.png?fit=800%2C214&ssl=1\",\"contentUrl\":\"https:\\\/\\\/i0.wp.com\\\/casadecampoliving.com\\\/wp-content\\\/uploads\\\/2022\\\/07\\\/CDCLivingLogo_V1-white-sized.png?fit=800%2C214&ssl=1\",\"width\":800,\"height\":214,\"caption\":\"Casa de Campo Living\"},\"image\":{\"@id\":\"https:\\\/\\\/casadecampoliving.com\\\/es\\\/#\\\/schema\\\/logo\\\/image\\\/\"},\"sameAs\":[\"https:\\\/\\\/www.facebook.com\\\/casadecampoliving\",\"https:\\\/\\\/x.com\\\/cdcliving\"]},{\"@type\":\"Person\",\"@id\":\"https:\\\/\\\/casadecampoliving.com\\\/es\\\/#\\\/schema\\\/person\\\/2b2208f3175fa8761e25b272e096d718\",\"name\":\"Rebecca Silvestri\",\"image\":{\"@type\":\"ImageObject\",\"inLanguage\":\"es\",\"@id\":\"https:\\\/\\\/secure.gravatar.com\\\/avatar\\\/2d937fd6c1769fb718dbf8dce9e82bf5f89e97bd028f9b3ea10b931dc7df95c6?s=96&d=mm&r=g\",\"url\":\"https:\\\/\\\/secure.gravatar.com\\\/avatar\\\/2d937fd6c1769fb718dbf8dce9e82bf5f89e97bd028f9b3ea10b931dc7df95c6?s=96&d=mm&r=g\",\"contentUrl\":\"https:\\\/\\\/secure.gravatar.com\\\/avatar\\\/2d937fd6c1769fb718dbf8dce9e82bf5f89e97bd028f9b3ea10b931dc7df95c6?s=96&d=mm&r=g\",\"caption\":\"Rebecca Silvestri\"},\"url\":\"https:\\\/\\\/casadecampoliving.com\\\/es\\\/author\\\/madamehuge\\\/\"}]}<\/script>\n<!-- \/ Yoast SEO plugin. -->","yoast_head_json":{"title":"Caf\u00e9 de la Leche en el Centro M\u00e9dico Central Romana: Miercoles 2 de Noviembre | Casa de Campo Living","description":"\u00bfSe ha planteado el prop\u00f3sito de brindar su ayuda en una obra ben\u00e9fica? La oportunidad perfecta es el Caf\u00e9 de La leche, un evento mensual creado para la","robots":{"index":"index","follow":"follow","max-snippet":"max-snippet:-1","max-image-preview":"max-image-preview:large","max-video-preview":"max-video-preview:-1"},"canonical":"https:\/\/casadecampoliving.com\/es\/cafe-de-la-leche-en-el-centro-medico-central-romana-miercoles-2-de-noviembre-2\/","og_locale":"es_ES","og_type":"article","og_title":"Caf\u00e9 de la Leche en el Centro M\u00e9dico Central Romana: Miercoles 2 de Noviembre | Casa de Campo Living","og_description":"\u00bfSe ha planteado el prop\u00f3sito de brindar su ayuda en una obra ben\u00e9fica? La oportunidad perfecta es el Caf\u00e9 de La leche, un evento mensual creado para la","og_url":"https:\/\/casadecampoliving.com\/es\/cafe-de-la-leche-en-el-centro-medico-central-romana-miercoles-2-de-noviembre-2\/","og_site_name":"Casa de Campo Living","article_publisher":"https:\/\/www.facebook.com\/casadecampoliving","article_published_time":"2011-10-28T04:00:00+00:00","article_modified_time":"2022-10-21T22:44:39+00:00","og_image":[{"width":565,"height":213,"url":"https:\/\/i0.wp.com\/casadecampoliving.com\/wp-content\/uploads\/2022\/10\/cafe_de_la_leche-23.jpg?fit=565%2C213&ssl=1","type":"image\/jpeg"}],"author":"Rebecca Silvestri","twitter_card":"summary_large_image","twitter_creator":"@cdcliving","twitter_site":"@cdcliving","twitter_misc":{"Escrito por":"Rebecca Silvestri","Tiempo de lectura":"3 minutos"},"schema":{"@context":"https:\/\/schema.org","@graph":[{"@type":"Article","@id":"https:\/\/casadecampoliving.com\/es\/cafe-de-la-leche-en-el-centro-medico-central-romana-miercoles-2-de-noviembre-2\/#article","isPartOf":{"@id":"https:\/\/casadecampoliving.com\/es\/cafe-de-la-leche-en-el-centro-medico-central-romana-miercoles-2-de-noviembre-2\/"},"author":{"name":"Rebecca Silvestri","@id":"https:\/\/casadecampoliving.com\/es\/#\/schema\/person\/2b2208f3175fa8761e25b272e096d718"},"headline":"Caf\u00e9 de la Leche en el Centro M\u00e9dico Central Romana: Miercoles 2 de Noviembre","datePublished":"2011-10-28T04:00:00+00:00","dateModified":"2022-10-21T22:44:39+00:00","mainEntityOfPage":{"@id":"https:\/\/casadecampoliving.com\/es\/cafe-de-la-leche-en-el-centro-medico-central-romana-miercoles-2-de-noviembre-2\/"},"wordCount":695,"publisher":{"@id":"https:\/\/casadecampoliving.com\/es\/#organization"},"image":{"@id":"https:\/\/casadecampoliving.com\/es\/cafe-de-la-leche-en-el-centro-medico-central-romana-miercoles-2-de-noviembre-2\/#primaryimage"},"thumbnailUrl":"https:\/\/i0.wp.com\/casadecampoliving.com\/wp-content\/uploads\/2022\/10\/cafe_de_la_leche-23.jpg?fit=565%2C213&ssl=1","keywords":["cafe de la leche","Central Romana","centro medico","el hogar del nino"],"articleSection":["Costasur Dominicana @es","Estilo de Vida","Eventos","Fundaciones","Hogar del Ni\u00f1o @es","Noticias Locales","Proximamente","Rep\u00fablica Dominicana @es"],"inLanguage":"es"},{"@type":"WebPage","@id":"https:\/\/casadecampoliving.com\/es\/cafe-de-la-leche-en-el-centro-medico-central-romana-miercoles-2-de-noviembre-2\/","url":"https:\/\/casadecampoliving.com\/es\/cafe-de-la-leche-en-el-centro-medico-central-romana-miercoles-2-de-noviembre-2\/","name":"Caf\u00e9 de la Leche en el Centro M\u00e9dico Central Romana: Miercoles 2 de Noviembre | Casa de Campo Living","isPartOf":{"@id":"https:\/\/casadecampoliving.com\/es\/#website"},"primaryImageOfPage":{"@id":"https:\/\/casadecampoliving.com\/es\/cafe-de-la-leche-en-el-centro-medico-central-romana-miercoles-2-de-noviembre-2\/#primaryimage"},"image":{"@id":"https:\/\/casadecampoliving.com\/es\/cafe-de-la-leche-en-el-centro-medico-central-romana-miercoles-2-de-noviembre-2\/#primaryimage"},"thumbnailUrl":"https:\/\/i0.wp.com\/casadecampoliving.com\/wp-content\/uploads\/2022\/10\/cafe_de_la_leche-23.jpg?fit=565%2C213&ssl=1","datePublished":"2011-10-28T04:00:00+00:00","dateModified":"2022-10-21T22:44:39+00:00","description":"\u00bfSe ha planteado el prop\u00f3sito de brindar su ayuda en una obra ben\u00e9fica? La oportunidad perfecta es el Caf\u00e9 de La leche, un evento mensual creado para la","breadcrumb":{"@id":"https:\/\/casadecampoliving.com\/es\/cafe-de-la-leche-en-el-centro-medico-central-romana-miercoles-2-de-noviembre-2\/#breadcrumb"},"inLanguage":"es","potentialAction":[{"@type":"ReadAction","target":["https:\/\/casadecampoliving.com\/es\/cafe-de-la-leche-en-el-centro-medico-central-romana-miercoles-2-de-noviembre-2\/"]}]},{"@type":"ImageObject","inLanguage":"es","@id":"https:\/\/casadecampoliving.com\/es\/cafe-de-la-leche-en-el-centro-medico-central-romana-miercoles-2-de-noviembre-2\/#primaryimage","url":"https:\/\/i0.wp.com\/casadecampoliving.com\/wp-content\/uploads\/2022\/10\/cafe_de_la_leche-23.jpg?fit=565%2C213&ssl=1","contentUrl":"https:\/\/i0.wp.com\/casadecampoliving.com\/wp-content\/uploads\/2022\/10\/cafe_de_la_leche-23.jpg?fit=565%2C213&ssl=1","width":565,"height":213,"caption":"cafe de la leche"},{"@type":"BreadcrumbList","@id":"https:\/\/casadecampoliving.com\/es\/cafe-de-la-leche-en-el-centro-medico-central-romana-miercoles-2-de-noviembre-2\/#breadcrumb","itemListElement":[{"@type":"ListItem","position":1,"name":"Home","item":"https:\/\/casadecampoliving.com\/es\/"},{"@type":"ListItem","position":2,"name":"Caf\u00e9 de la Leche en el Centro M\u00e9dico Central Romana: Miercoles 2 de Noviembre"}]},{"@type":"WebSite","@id":"https:\/\/casadecampoliving.com\/es\/#website","url":"https:\/\/casadecampoliving.com\/es\/","name":"Casa de Campo Living","description":"Resort community news and resources.","publisher":{"@id":"https:\/\/casadecampoliving.com\/es\/#organization"},"potentialAction":[{"@type":"SearchAction","target":{"@type":"EntryPoint","urlTemplate":"https:\/\/casadecampoliving.com\/es\/?s={search_term_string}"},"query-input":{"@type":"PropertyValueSpecification","valueRequired":true,"valueName":"search_term_string"}}],"inLanguage":"es"},{"@type":"Organization","@id":"https:\/\/casadecampoliving.com\/es\/#organization","name":"Casa de Campo Living","url":"https:\/\/casadecampoliving.com\/es\/","logo":{"@type":"ImageObject","inLanguage":"es","@id":"https:\/\/casadecampoliving.com\/es\/#\/schema\/logo\/image\/","url":"https:\/\/i0.wp.com\/casadecampoliving.com\/wp-content\/uploads\/2022\/07\/CDCLivingLogo_V1-white-sized.png?fit=800%2C214&ssl=1","contentUrl":"https:\/\/i0.wp.com\/casadecampoliving.com\/wp-content\/uploads\/2022\/07\/CDCLivingLogo_V1-white-sized.png?fit=800%2C214&ssl=1","width":800,"height":214,"caption":"Casa de Campo Living"},"image":{"@id":"https:\/\/casadecampoliving.com\/es\/#\/schema\/logo\/image\/"},"sameAs":["https:\/\/www.facebook.com\/casadecampoliving","https:\/\/x.com\/cdcliving"]},{"@type":"Person","@id":"https:\/\/casadecampoliving.com\/es\/#\/schema\/person\/2b2208f3175fa8761e25b272e096d718","name":"Rebecca Silvestri","image":{"@type":"ImageObject","inLanguage":"es","@id":"https:\/\/secure.gravatar.com\/avatar\/2d937fd6c1769fb718dbf8dce9e82bf5f89e97bd028f9b3ea10b931dc7df95c6?s=96&d=mm&r=g","url":"https:\/\/secure.gravatar.com\/avatar\/2d937fd6c1769fb718dbf8dce9e82bf5f89e97bd028f9b3ea10b931dc7df95c6?s=96&d=mm&r=g","contentUrl":"https:\/\/secure.gravatar.com\/avatar\/2d937fd6c1769fb718dbf8dce9e82bf5f89e97bd028f9b3ea10b931dc7df95c6?s=96&d=mm&r=g","caption":"Rebecca Silvestri"},"url":"https:\/\/casadecampoliving.com\/es\/author\/madamehuge\/"}]}},"parsely":{"version":"1.1.0","canonical_url":"https:\/\/casadecampoliving.com\/es\/cafe-de-la-leche-en-el-centro-medico-central-romana-miercoles-2-de-noviembre-2\/","smart_links":{"inbound":0,"outbound":0},"traffic_boost_suggestions_count":0,"meta":{"@context":"https:\/\/schema.org","@type":"NewsArticle","headline":"Caf\u00e9 de la Leche en el Centro M\u00e9dico Central Romana: Miercoles 2 de Noviembre","url":"http:\/\/casadecampoliving.com\/es\/cafe-de-la-leche-en-el-centro-medico-central-romana-miercoles-2-de-noviembre-2\/","mainEntityOfPage":{"@type":"WebPage","@id":"http:\/\/casadecampoliving.com\/es\/cafe-de-la-leche-en-el-centro-medico-central-romana-miercoles-2-de-noviembre-2\/"},"thumbnailUrl":"https:\/\/i0.wp.com\/casadecampoliving.com\/wp-content\/uploads\/2022\/10\/cafe_de_la_leche-23.jpg?resize=150%2C150&ssl=1","image":{"@type":"ImageObject","url":"https:\/\/i0.wp.com\/casadecampoliving.com\/wp-content\/uploads\/2022\/10\/cafe_de_la_leche-23.jpg?fit=565%2C213&ssl=1"},"articleSection":"Costasur Dominicana @es","author":[{"@type":"Person","name":"Rebecca Silvestri"}],"creator":["Rebecca Silvestri"],"publisher":{"@type":"Organization","name":"Casa de Campo Living","logo":"https:\/\/casadecampoliving.com\/wp-content\/uploads\/2022\/07\/CDCLivingLogo_V1-white-sized.png"},"keywords":["cafe de la leche","central romana","centro medico","el hogar del nino"],"dateCreated":"2011-10-28T04:00:00Z","datePublished":"2011-10-28T04:00:00Z","dateModified":"2022-10-21T22:44:39Z"},"rendered":"<script type=\"application\/ld+json\" class=\"wp-parsely-metadata\">{\"@context\":\"https:\\\/\\\/schema.org\",\"@type\":\"NewsArticle\",\"headline\":\"Caf\\u00e9 de la Leche en el Centro M\\u00e9dico Central Romana: Miercoles 2 de Noviembre\",\"url\":\"http:\\\/\\\/casadecampoliving.com\\\/es\\\/cafe-de-la-leche-en-el-centro-medico-central-romana-miercoles-2-de-noviembre-2\\\/\",\"mainEntityOfPage\":{\"@type\":\"WebPage\",\"@id\":\"http:\\\/\\\/casadecampoliving.com\\\/es\\\/cafe-de-la-leche-en-el-centro-medico-central-romana-miercoles-2-de-noviembre-2\\\/\"},\"thumbnailUrl\":\"https:\\\/\\\/i0.wp.com\\\/casadecampoliving.com\\\/wp-content\\\/uploads\\\/2022\\\/10\\\/cafe_de_la_leche-23.jpg?resize=150%2C150&ssl=1\",\"image\":{\"@type\":\"ImageObject\",\"url\":\"https:\\\/\\\/i0.wp.com\\\/casadecampoliving.com\\\/wp-content\\\/uploads\\\/2022\\\/10\\\/cafe_de_la_leche-23.jpg?fit=565%2C213&ssl=1\"},\"articleSection\":\"Costasur Dominicana @es\",\"author\":[{\"@type\":\"Person\",\"name\":\"Rebecca Silvestri\"}],\"creator\":[\"Rebecca Silvestri\"],\"publisher\":{\"@type\":\"Organization\",\"name\":\"Casa de Campo Living\",\"logo\":\"https:\\\/\\\/casadecampoliving.com\\\/wp-content\\\/uploads\\\/2022\\\/07\\\/CDCLivingLogo_V1-white-sized.png\"},\"keywords\":[\"cafe de la leche\",\"central romana\",\"centro medico\",\"el hogar del nino\"],\"dateCreated\":\"2011-10-28T04:00:00Z\",\"datePublished\":\"2011-10-28T04:00:00Z\",\"dateModified\":\"2022-10-21T22:44:39Z\"}<\/script>","tracker_url":"https:\/\/cdn.parsely.com\/keys\/casadecampoliving.com\/p.js"},"jetpack_publicize_connections":[],"jetpack_featured_media_url":"https:\/\/i0.wp.com\/casadecampoliving.com\/wp-content\/uploads\/2022\/10\/cafe_de_la_leche-23.jpg?fit=565%2C213&ssl=1","jetpack-related-posts":[{"id":337196,"url":"https:\/\/casadecampoliving.com\/es\/disfrutando-el-cafe-de-la-leche-en-el-nuevo-centro-medico-de-central-romana\/","url_meta":{"origin":337094,"position":0},"title":"Disfrutando el Caf\u00e9 de la Leche en el nuevo Centro M\u00e9dico de Central Romana","author":"Rebecca Silvestri","date":"9 Nov, 2011","format":false,"excerpt":"El pasado\u00a0mi\u00e9rcoles\u00a02 de noviembre, el Caf\u00e9 de la Leche, la actividad que mes tras mes se realiza para la recaudaci\u00f3n\u00a0de leche para el Hogar del Ni\u00f1o, se llev\u00f3\u00a0a cabo en las nuevas instalaciones del Hospital del Central Romana. El Centro M\u00e9dico,\u00a0de acuerdo con Alessandra Avanzini, co-fundadora del evento, \u00a0\"fue uno\u2026","rel":"","context":"En \u00abM\u00e1s all\u00e1 de Casa\u00bb","block_context":{"text":"M\u00e1s all\u00e1 de Casa","link":"https:\/\/casadecampoliving.com\/es\/category\/mas-alla-de-casa-es\/"},"img":{"alt_text":"cafe de la leche","src":"https:\/\/i0.wp.com\/casadecampoliving.com\/wp-content\/uploads\/2022\/10\/cafe_de_la_leche_central_romana1-1.jpg?fit=650%2C366&ssl=1&resize=350%2C200","width":350,"height":200,"srcset":"https:\/\/i0.wp.com\/casadecampoliving.com\/wp-content\/uploads\/2022\/10\/cafe_de_la_leche_central_romana1-1.jpg?fit=650%2C366&ssl=1&resize=350%2C200 1x, https:\/\/i0.wp.com\/casadecampoliving.com\/wp-content\/uploads\/2022\/10\/cafe_de_la_leche_central_romana1-1.jpg?fit=650%2C366&ssl=1&resize=525%2C300 1.5x"},"classes":[]},{"id":337247,"url":"https:\/\/casadecampoliving.com\/es\/cafe-de-la-leche-la-hermosa-historia-detras-de-la-labor-benefica-para-el-hogar-del-nino\/","url_meta":{"origin":337094,"position":1},"title":"\u201cCaf\u00e9 de la Leche\u201d: La hermosa historia detr\u00e1s de la labor ben\u00e9fica para el Hogar del Ni\u00f1o","author":"","date":"7 Dic, 2011","format":false,"excerpt":"\u00bfQui\u00e9n hubiera imaginado que una tarde de caf\u00e9 y de bocadillos se convertir\u00eda hoy en una de las actividades ben\u00e9ficas m\u00e1s populares y activas de La Romana? La idea fue propuesta por tres madres de familia que hace 10 a\u00f1os se conocieron en esta comunidad de La Romana. Fue as\u00ed\u2026","rel":"","context":"En \u00abDestacados\u00bb","block_context":{"text":"Destacados","link":"https:\/\/casadecampoliving.com\/es\/category\/destacados\/"},"img":{"alt_text":"","src":"https:\/\/i0.wp.com\/casadecampoliving.com\/wp-content\/uploads\/2022\/10\/cafe-de-la-leche-march-3.jpg?fit=575%2C359&ssl=1&resize=350%2C200","width":350,"height":200,"srcset":"https:\/\/i0.wp.com\/casadecampoliving.com\/wp-content\/uploads\/2022\/10\/cafe-de-la-leche-march-3.jpg?fit=575%2C359&ssl=1&resize=350%2C200 1x, https:\/\/i0.wp.com\/casadecampoliving.com\/wp-content\/uploads\/2022\/10\/cafe-de-la-leche-march-3.jpg?fit=575%2C359&ssl=1&resize=525%2C300 1.5x"},"classes":[]},{"id":320640,"url":"https:\/\/casadecampoliving.com\/cafe-de-la-leche-at-central-romanas-new-centro-medico\/","url_meta":{"origin":337094,"position":2},"title":"Caf\u00e9 de la Leche at Central Romana&#8217;s new \u00abCentro M\u00e9dico\u00bb","author":"Rebecca Silvestri","date":"9 Nov, 2011","format":false,"excerpt":"Last Wednesday the 2nd of November, the Caf\u00e9 de la Leche monthly charitable gathering was held at Central Romana's new hospital facility, the \"Centro M\u00e9dico\" and was according to Alessandra Avanzini, one of the event's founders \"the most successful Caf\u00e9 de la Leche ever!\"\u00a0 The perfect excuse to enjoy the\u2026","rel":"","context":"En \u00abBeyond Casa\u00bb","block_context":{"text":"Beyond Casa","link":"https:\/\/casadecampoliving.com\/category\/beyond-casa\/"},"img":{"alt_text":"cafe de la leche","src":"https:\/\/i0.wp.com\/casadecampoliving.com\/wp-content\/uploads\/2022\/10\/cafe_de_la_leche_central_romana1-1.jpg?fit=650%2C366&ssl=1&resize=350%2C200","width":350,"height":200,"srcset":"https:\/\/i0.wp.com\/casadecampoliving.com\/wp-content\/uploads\/2022\/10\/cafe_de_la_leche_central_romana1-1.jpg?fit=650%2C366&ssl=1&resize=350%2C200 1x, https:\/\/i0.wp.com\/casadecampoliving.com\/wp-content\/uploads\/2022\/10\/cafe_de_la_leche_central_romana1-1.jpg?fit=650%2C366&ssl=1&resize=525%2C300 1.5x"},"classes":[]},{"id":320612,"url":"https:\/\/casadecampoliving.com\/cafe-de-la-leche-at-the-centro-medico-in-central-romana-wednesday-november-2nd\/","url_meta":{"origin":337094,"position":3},"title":"Cafe de la Leche at the Centro M\u00e9dico in Central Romana: Wednesday November 2nd","author":"Rebecca Silvestri","date":"28 Oct, 2011","format":false,"excerpt":"This month\u2019s Cafe de La Leche charitable gathering is an absolute MUST \u2013 being held at Central Romana\u2019s new medical facility, it\u2019s your chance to get to know the new facility whilst also enjoying a drink or two! Dr Jos\u00e9 L\u00f3pez, the Health Vice President of Central Romana and\u00a0Director of\u2026","rel":"","context":"En \u00abCostasur Dominicana\u00bb","block_context":{"text":"Costasur Dominicana","link":"https:\/\/casadecampoliving.com\/category\/costasur-dominicana\/"},"img":{"alt_text":"cafe de la leche","src":"https:\/\/i0.wp.com\/casadecampoliving.com\/wp-content\/uploads\/2022\/10\/cafe_de_la_leche-23.jpg?fit=565%2C213&ssl=1&resize=350%2C200","width":350,"height":200,"srcset":"https:\/\/i0.wp.com\/casadecampoliving.com\/wp-content\/uploads\/2022\/10\/cafe_de_la_leche-23.jpg?fit=565%2C213&ssl=1&resize=350%2C200 1x, https:\/\/i0.wp.com\/casadecampoliving.com\/wp-content\/uploads\/2022\/10\/cafe_de_la_leche-23.jpg?fit=565%2C213&ssl=1&resize=525%2C300 1.5x"},"classes":[]},{"id":337596,"url":"https:\/\/casadecampoliving.com\/es\/el-cafe-de-la-leche-navideno-2011-viernes-9-de-diciembre\/","url_meta":{"origin":337094,"position":4},"title":"El Caf\u00e9 de la Leche Navide\u00f1o 2011: Viernes 9 de Diciembre!","author":"","date":"4 Dic, 2011","format":false,"excerpt":"Este mes tendr\u00e1 lugar la edici\u00f3n especial del Cafe de la Leche. Este se realizar\u00e1 el viernes 9 de diciembre, de 5pm a 7pm en la villa de Casa de Campo de Xiomara Men\u00e9ndez, Bah\u00eda Minitas #5. Este maravilloso evento mensual une a la comunidad femenina de Casa de Campo\u2026","rel":"","context":"En \u00abCelebridades\u00bb","block_context":{"text":"Celebridades","link":"https:\/\/casadecampoliving.com\/es\/category\/celebridades-es\/"},"img":{"alt_text":"","src":"https:\/\/i0.wp.com\/casadecampoliving.com\/wp-content\/uploads\/2010\/12\/cafe_de_la_leche_christmas1.jpg?resize=350%2C200&ssl=1","width":350,"height":200,"srcset":"https:\/\/i0.wp.com\/casadecampoliving.com\/wp-content\/uploads\/2010\/12\/cafe_de_la_leche_christmas1.jpg?resize=350%2C200&ssl=1 1x, https:\/\/i0.wp.com\/casadecampoliving.com\/wp-content\/uploads\/2010\/12\/cafe_de_la_leche_christmas1.jpg?resize=525%2C300&ssl=1 1.5x"},"classes":[]},{"id":320662,"url":"https:\/\/casadecampoliving.com\/the-history-of-the-cafe-de-la-leche-10-years-gathering-milk-supplies-for-the-hogar-del-nino\/","url_meta":{"origin":337094,"position":5},"title":"The History of the \u00abCaf\u00e9 de la Leche\u00bb &#8211; 10 years gathering milk supplies for the Hogar del Ni\u00f1o!","author":"","date":"7 Dic, 2011","format":false,"excerpt":"Who would have thought that a a cup of coffee and a few snacks shared between three ladies, would soon become one of the most active and popular fundraising activities in Casa de Campo La Romana? The now well-known monthly charity event, the \u201cCaf\u00e9 de La Leche\u201d for the Hogar\u2026","rel":"","context":"En \u00abBeyond Casa\u00bb","block_context":{"text":"Beyond Casa","link":"https:\/\/casadecampoliving.com\/category\/beyond-casa\/"},"img":{"alt_text":"","src":"https:\/\/i0.wp.com\/casadecampoliving.com\/wp-content\/uploads\/2022\/10\/cafe-de-la-leche-march-3.jpg?fit=575%2C359&ssl=1&resize=350%2C200","width":350,"height":200,"srcset":"https:\/\/i0.wp.com\/casadecampoliving.com\/wp-content\/uploads\/2022\/10\/cafe-de-la-leche-march-3.jpg?fit=575%2C359&ssl=1&resize=350%2C200 1x, https:\/\/i0.wp.com\/casadecampoliving.com\/wp-content\/uploads\/2022\/10\/cafe-de-la-leche-march-3.jpg?fit=575%2C359&ssl=1&resize=525%2C300 1.5x"},"classes":[]}],"jetpack_sharing_enabled":true,"_links":{"self":[{"href":"https:\/\/casadecampoliving.com\/es\/wp-json\/wp\/v2\/posts\/337094","targetHints":{"allow":["GET"]}}],"collection":[{"href":"https:\/\/casadecampoliving.com\/es\/wp-json\/wp\/v2\/posts"}],"about":[{"href":"https:\/\/casadecampoliving.com\/es\/wp-json\/wp\/v2\/types\/post"}],"author":[{"embeddable":true,"href":"https:\/\/casadecampoliving.com\/es\/wp-json\/wp\/v2\/users\/31"}],"replies":[{"embeddable":true,"href":"https:\/\/casadecampoliving.com\/es\/wp-json\/wp\/v2\/comments?post=337094"}],"version-history":[{"count":1,"href":"https:\/\/casadecampoliving.com\/es\/wp-json\/wp\/v2\/posts\/337094\/revisions"}],"predecessor-version":[{"id":337095,"href":"https:\/\/casadecampoliving.com\/es\/wp-json\/wp\/v2\/posts\/337094\/revisions\/337095"}],"wp:featuredmedia":[{"embeddable":true,"href":"https:\/\/casadecampoliving.com\/es\/wp-json\/wp\/v2\/media\/257383"}],"wp:attachment":[{"href":"https:\/\/casadecampoliving.com\/es\/wp-json\/wp\/v2\/media?parent=337094"}],"wp:term":[{"taxonomy":"category","embeddable":true,"href":"https:\/\/casadecampoliving.com\/es\/wp-json\/wp\/v2\/categories?post=337094"},{"taxonomy":"post_tag","embeddable":true,"href":"https:\/\/casadecampoliving.com\/es\/wp-json\/wp\/v2\/tags?post=337094"},{"taxonomy":"newspack_spnsrs_tax","embeddable":true,"href":"https:\/\/casadecampoliving.com\/es\/wp-json\/wp\/v2\/newspack_spnsrs_tax?post=337094"}],"curies":[{"name":"wp","href":"https:\/\/api.w.org\/{rel}","templated":true}]}}