{"id":337032,"date":"2011-10-05T00:00:00","date_gmt":"2011-10-05T04:00:00","guid":{"rendered":"https:\/\/casadecampoliving.com\/duenos-brunch-en-la-piazzetta-altos-de-chavon-domingo-6-de-noviembre\/"},"modified":"2022-10-21T18:41:38","modified_gmt":"2022-10-21T22:41:38","slug":"duenos-brunch-en-la-piazzetta-altos-de-chavon-domingo-6-de-noviembre","status":"publish","type":"post","link":"https:\/\/casadecampoliving.com\/es\/duenos-brunch-en-la-piazzetta-altos-de-chavon-domingo-6-de-noviembre\/","title":{"rendered":"Due\u00f1os Brunch en La Piazzetta, Altos de Chav\u00f3n: Domingo 6 de Noviembre!"},"content":{"rendered":"<div class=\"wp-block-image\">\n<figure class=\"aligncenter is-resized\"><a href=\"https:\/\/i0.wp.com\/casadecampoliving.com\/wp-content\/uploads\/2022\/10\/La_piazetta_altos_de_chavon1-2.jpg?ssl=1\"><img loading=\"lazy\" decoding=\"async\" src=\"https:\/\/i0.wp.com\/casadecampoliving.com\/wp-content\/uploads\/2022\/10\/La_piazetta_altos_de_chavon1-2.jpg?resize=565%2C400&amp;ssl=1\" alt=\"la piazetta altos de chavon\" class=\"wp-image-35574\" title=\"La_piazetta_altos_de_chavon\" height=\"400\" width=\"565\"\/><\/a><\/figure>\n<\/div>\n\n\n<p class=\"wp-block-paragraph\">Este a\u00f1o el gran evento de Due\u00f1os organizado por Costasur y Casa de Campo \u2013 ser\u00e1&nbsp;incre\u00edble! Adem\u00e1s de todas las actividades, eventos deportivos y la fiesta \u2013 el Domingo (Nov 6) en Altos de Chav\u00f3n&nbsp;se efectuar\u00e1 la segunda anual \u201cFeria Due\u00f1os\u201d y un \u201cDue\u00f1os Brunch\u201d en La Piazzetta!<\/p>\n\n\n\n<!--more-->\n\n\n\n<p class=\"wp-block-paragraph\">El \u201cDue\u00f1os Brunch\u201d ofrecer\u00e1 una mezcla de las mejores comidas de desayuno \u2013 con lo mejor del almuerzo!! Por ejemplo encontrar\u00e1s; huevos, salchicha, tocineta, mang\u00fa; adem\u00e1s de pierna de cerdo, ensaladas, sopas, risotto, pasteles en hoja, empanadas, postres y mucho m\u00e1s! (Ver men\u00fa completo debajo!)<\/p>\n\n\n\n<p class=\"wp-block-paragraph\"><em><strong><a href=\"https:\/\/casadecampoliving.com\/2011\/09\/reserve-la-fecha-feria-duenos-domingo-6-de-noviembre\/\">Para el programma completo de todo que estar\u00e1 pasando durante el gran fin de semana de Due\u00f1os, haga click aqu\u00ed!<\/a><\/strong><\/em><\/p>\n\n\n\n<p class=\"wp-block-paragraph\">El \u201cDue\u00f1os Brunch\u201d ser\u00e1 servido todo el d\u00eda, a partir de las 9am hasta las 4pm (durante la \u201cFeria Due\u00f1os) en La Piazzetta en Altos de Chav\u00f3n y tiene un costo de s\u00f3lo RD$1,500 por adulto y RD$950 por ni\u00f1os! El \u201cDue\u00f1os Brunch\u201d ser\u00e1 la mejor manera para alimentarse al junto de su familia y amigos. Esto contribuir\u00e1 a recuperarse despu\u00e9s de la gran Fiesta Due\u00f1os! Nos vemos all\u00ed!<\/p>\n\n\n\n<blockquote><figure><a href=\"https:\/\/i0.wp.com\/casadecampoliving.com\/wp-content\/uploads\/2022\/10\/feria_duenos1-2.jpg?ssl=1\"><img decoding=\"async\" loading=\"lazy\" class=\"alignright size-full wp-image-35625\" title=\"feria_duenos\" src=\"https:\/\/i0.wp.com\/casadecampoliving.com\/wp-content\/uploads\/2022\/10\/feria_duenos1-2.jpg?resize=250%2C190&amp;ssl=1\" alt=\"feria due\u00f1os altos de chavon\" width=\"250\" height=\"190\"><\/a><\/figure><p><strong><a href=\"https:\/\/casadecampoliving.com\/2011\/09\/reserve-la-fecha-feria-duenos-domingo-6-de-noviembre\/\">Feria Due\u00f1os 2011<\/a><br>\n<\/strong><br>\n<strong>Cu\u00e1ndo?<\/strong>&nbsp;Domingo 6 Noviembre<\/p><p><strong>Horario?<\/strong>&nbsp;11am \u2013 6pm<\/p><p><strong>Donde?<\/strong>&nbsp;Altos de Chav\u00f3n, Casa de Campo La Romana<\/p><p><strong>Qu\u00e9?<\/strong>&nbsp;Un d\u00eda divertido para toda la familia!<\/p><p><a href=\"https:\/\/casadecampoliving.com\/2011\/09\/reserve-la-fecha-feria-duenos-domingo-6-de-noviembre\/\">Haga click aqu\u00ed para m\u00e1s info sobre la Fer\u00eda Due\u00f1os!<\/a><\/p><\/blockquote>\n\n\n<div class=\"wp-block-image\">\n<figure class=\"aligncenter is-resized\"><img loading=\"lazy\" decoding=\"async\" src=\"https:\/\/i0.wp.com\/casadecampoliving.com\/wp-content\/uploads\/2022\/10\/brunch_la_piazetta.jpg?resize=565%2C1026&amp;ssl=1\" alt=\"brunch la piazetta\" class=\"wp-image-35563\" title=\"brunch_la_piazetta\" height=\"1026\" width=\"565\"\/><\/figure>\n<\/div>\n\n\n<p class=\"wp-block-paragraph\"><strong>Ya estas inscrito para todas las actividades del evento Due\u00f1os?<\/strong> <a href=\"https:\/\/casadecampoliving.com\/2011\/09\/reserve-la-fecha-feria-duenos-domingo-6-de-noviembre\/\">Para la programma completa de actividades y para inscribirse \u201conline\u201d haga click aqu\u00ed!<\/a><\/p>\n","protected":false},"excerpt":{"rendered":"<p>Este a\u00f1o el gran evento de Due\u00f1os organizado por Costasur y Casa de Campo \u2013 ser\u00e1&nbsp;incre\u00edble! Adem\u00e1s de todas las actividades, eventos deportivos y la fiesta \u2013 el Domingo (Nov 6) en Altos de Chav\u00f3n&nbsp;se efectuar\u00e1 la segunda anual \u201cFeria Due\u00f1os\u201d y un \u201cDue\u00f1os Brunch\u201d en La Piazzetta!<\/p>\n","protected":false},"author":31,"featured_media":336213,"comment_status":"closed","ping_status":"open","sticky":false,"template":"","format":"standard","meta":{"newspack_ads_suppress_ads":false,"newspack_popups_has_disabled_popups":false,"newspack_sponsor_sponsorship_scope":"","newspack_sponsor_native_byline_display":"inherit","newspack_sponsor_native_category_display":"inherit","newspack_sponsor_underwriter_style":"inherit","newspack_sponsor_underwriter_placement":"inherit","_newspack_byline_active":false,"_newspack_byline":"","newspack_hide_updated_date":false,"newspack_show_updated_date":false,"newspack_featured_image_position":"","newspack_post_subtitle":"","newspack_article_summary_title":"Overview:","newspack_article_summary":"","_jetpack_memberships_contains_paid_content":false,"footnotes":"","jetpack_publicize_message":"{title}\n\n{excerpt}\n\n{url}","jetpack_publicize_feature_enabled":true,"jetpack_social_post_already_shared":false,"jetpack_social_options":{"image_generator_settings":{"template":"highway","default_image_id":0,"font":"","enabled":false},"version":2},"_wpas_customize_per_network":false},"categories":[2498],"tags":[1265,117,659,647,1988,2450,711,258],"newspack_spnsrs_tax":[],"class_list":["post-337032","post","type-post","status-publish","format-standard","has-post-thumbnail","hentry","category-uncategorized-es","tag-brunch","tag-casa-de-campo","tag-costasur","tag-duenos","tag-duenos-2011","tag-duenos-brunch","tag-la-piazetta","tag-la-piazzetta","entry"],"yoast_head":"<!-- This site is optimized with the Yoast SEO plugin v28.3 - https:\/\/yoast.com\/product\/yoast-seo-wordpress\/ -->\n<title>Due\u00f1os Brunch en La Piazzetta, Altos de Chav\u00f3n: Domingo 6 de Noviembre! | Casa de Campo Living<\/title>\n<meta name=\"description\" content=\"Este a\u00f1o el gran evento de Due\u00f1os organizado por Costasur y Casa de Campo \u2013 ser\u00e1&nbsp;incre\u00edble! Adem\u00e1s de todas las actividades, eventos deportivos y la\" \/>\n<meta name=\"robots\" content=\"index, follow, max-snippet:-1, max-image-preview:large, max-video-preview:-1\" \/>\n<link rel=\"canonical\" href=\"https:\/\/casadecampoliving.com\/es\/duenos-brunch-en-la-piazzetta-altos-de-chavon-domingo-6-de-noviembre\/\" \/>\n<meta property=\"og:locale\" content=\"es_ES\" \/>\n<meta property=\"og:type\" content=\"article\" \/>\n<meta property=\"og:title\" content=\"Due\u00f1os Brunch en La Piazzetta, Altos de Chav\u00f3n: Domingo 6 de Noviembre! | Casa de Campo Living\" \/>\n<meta property=\"og:description\" content=\"Este a\u00f1o el gran evento de Due\u00f1os organizado por Costasur y Casa de Campo \u2013 ser\u00e1&nbsp;incre\u00edble! Adem\u00e1s de todas las actividades, eventos deportivos y la\" \/>\n<meta property=\"og:url\" content=\"https:\/\/casadecampoliving.com\/es\/duenos-brunch-en-la-piazzetta-altos-de-chavon-domingo-6-de-noviembre\/\" \/>\n<meta property=\"og:site_name\" content=\"Casa de Campo Living\" \/>\n<meta property=\"article:publisher\" content=\"https:\/\/www.facebook.com\/casadecampoliving\" \/>\n<meta property=\"article:published_time\" content=\"2011-10-05T04:00:00+00:00\" \/>\n<meta property=\"article:modified_time\" content=\"2022-10-21T22:41:38+00:00\" \/>\n<meta property=\"og:image\" content=\"https:\/\/i0.wp.com\/casadecampoliving.com\/wp-content\/uploads\/2022\/10\/La_piazetta_altos_de_chavon1-3.jpg?fit=565%2C400&ssl=1\" \/>\n\t<meta property=\"og:image:width\" content=\"565\" \/>\n\t<meta property=\"og:image:height\" content=\"400\" \/>\n\t<meta property=\"og:image:type\" content=\"image\/jpeg\" \/>\n<meta name=\"author\" content=\"Rebecca Silvestri\" \/>\n<meta name=\"twitter:card\" content=\"summary_large_image\" \/>\n<meta name=\"twitter:creator\" content=\"@cdcliving\" \/>\n<meta name=\"twitter:site\" content=\"@cdcliving\" \/>\n<meta name=\"twitter:label1\" content=\"Escrito por\" \/>\n\t<meta name=\"twitter:data1\" content=\"Rebecca Silvestri\" \/>\n\t<meta name=\"twitter:label2\" content=\"Tiempo de lectura\" \/>\n\t<meta name=\"twitter:data2\" content=\"1 minuto\" \/>\n<script type=\"application\/ld+json\" class=\"yoast-schema-graph\">{\"@context\":\"https:\\\/\\\/schema.org\",\"@graph\":[{\"@type\":\"Article\",\"@id\":\"https:\\\/\\\/casadecampoliving.com\\\/es\\\/duenos-brunch-en-la-piazzetta-altos-de-chavon-domingo-6-de-noviembre\\\/#article\",\"isPartOf\":{\"@id\":\"https:\\\/\\\/casadecampoliving.com\\\/es\\\/duenos-brunch-en-la-piazzetta-altos-de-chavon-domingo-6-de-noviembre\\\/\"},\"author\":{\"name\":\"Rebecca Silvestri\",\"@id\":\"https:\\\/\\\/casadecampoliving.com\\\/es\\\/#\\\/schema\\\/person\\\/2b2208f3175fa8761e25b272e096d718\"},\"headline\":\"Due\u00f1os Brunch en La Piazzetta, Altos de Chav\u00f3n: Domingo 6 de Noviembre!\",\"datePublished\":\"2011-10-05T04:00:00+00:00\",\"dateModified\":\"2022-10-21T22:41:38+00:00\",\"mainEntityOfPage\":{\"@id\":\"https:\\\/\\\/casadecampoliving.com\\\/es\\\/duenos-brunch-en-la-piazzetta-altos-de-chavon-domingo-6-de-noviembre\\\/\"},\"wordCount\":286,\"publisher\":{\"@id\":\"https:\\\/\\\/casadecampoliving.com\\\/es\\\/#organization\"},\"image\":{\"@id\":\"https:\\\/\\\/casadecampoliving.com\\\/es\\\/duenos-brunch-en-la-piazzetta-altos-de-chavon-domingo-6-de-noviembre\\\/#primaryimage\"},\"thumbnailUrl\":\"https:\\\/\\\/i0.wp.com\\\/casadecampoliving.com\\\/wp-content\\\/uploads\\\/2022\\\/10\\\/La_piazetta_altos_de_chavon1-3.jpg?fit=565%2C400&ssl=1\",\"keywords\":[\"brunch\",\"Casa de Campo\",\"costasur\",\"duenos\",\"due\u00f1os 2011\",\"duenos brunch\",\"La Piazetta\",\"La Piazzetta\"],\"articleSection\":[\"Uncategorized @es\"],\"inLanguage\":\"es\"},{\"@type\":\"WebPage\",\"@id\":\"https:\\\/\\\/casadecampoliving.com\\\/es\\\/duenos-brunch-en-la-piazzetta-altos-de-chavon-domingo-6-de-noviembre\\\/\",\"url\":\"https:\\\/\\\/casadecampoliving.com\\\/es\\\/duenos-brunch-en-la-piazzetta-altos-de-chavon-domingo-6-de-noviembre\\\/\",\"name\":\"Due\u00f1os Brunch en La Piazzetta, Altos de Chav\u00f3n: Domingo 6 de Noviembre! | Casa de Campo Living\",\"isPartOf\":{\"@id\":\"https:\\\/\\\/casadecampoliving.com\\\/es\\\/#website\"},\"primaryImageOfPage\":{\"@id\":\"https:\\\/\\\/casadecampoliving.com\\\/es\\\/duenos-brunch-en-la-piazzetta-altos-de-chavon-domingo-6-de-noviembre\\\/#primaryimage\"},\"image\":{\"@id\":\"https:\\\/\\\/casadecampoliving.com\\\/es\\\/duenos-brunch-en-la-piazzetta-altos-de-chavon-domingo-6-de-noviembre\\\/#primaryimage\"},\"thumbnailUrl\":\"https:\\\/\\\/i0.wp.com\\\/casadecampoliving.com\\\/wp-content\\\/uploads\\\/2022\\\/10\\\/La_piazetta_altos_de_chavon1-3.jpg?fit=565%2C400&ssl=1\",\"datePublished\":\"2011-10-05T04:00:00+00:00\",\"dateModified\":\"2022-10-21T22:41:38+00:00\",\"description\":\"Este a\u00f1o el gran evento de Due\u00f1os organizado por Costasur y Casa de Campo \u2013 ser\u00e1&nbsp;incre\u00edble! Adem\u00e1s de todas las actividades, eventos deportivos y la\",\"breadcrumb\":{\"@id\":\"https:\\\/\\\/casadecampoliving.com\\\/es\\\/duenos-brunch-en-la-piazzetta-altos-de-chavon-domingo-6-de-noviembre\\\/#breadcrumb\"},\"inLanguage\":\"es\",\"potentialAction\":[{\"@type\":\"ReadAction\",\"target\":[\"https:\\\/\\\/casadecampoliving.com\\\/es\\\/duenos-brunch-en-la-piazzetta-altos-de-chavon-domingo-6-de-noviembre\\\/\"]}]},{\"@type\":\"ImageObject\",\"inLanguage\":\"es\",\"@id\":\"https:\\\/\\\/casadecampoliving.com\\\/es\\\/duenos-brunch-en-la-piazzetta-altos-de-chavon-domingo-6-de-noviembre\\\/#primaryimage\",\"url\":\"https:\\\/\\\/i0.wp.com\\\/casadecampoliving.com\\\/wp-content\\\/uploads\\\/2022\\\/10\\\/La_piazetta_altos_de_chavon1-3.jpg?fit=565%2C400&ssl=1\",\"contentUrl\":\"https:\\\/\\\/i0.wp.com\\\/casadecampoliving.com\\\/wp-content\\\/uploads\\\/2022\\\/10\\\/La_piazetta_altos_de_chavon1-3.jpg?fit=565%2C400&ssl=1\",\"width\":565,\"height\":400,\"caption\":\"la piazetta altos de chavon\"},{\"@type\":\"BreadcrumbList\",\"@id\":\"https:\\\/\\\/casadecampoliving.com\\\/es\\\/duenos-brunch-en-la-piazzetta-altos-de-chavon-domingo-6-de-noviembre\\\/#breadcrumb\",\"itemListElement\":[{\"@type\":\"ListItem\",\"position\":1,\"name\":\"Home\",\"item\":\"https:\\\/\\\/casadecampoliving.com\\\/es\\\/\"},{\"@type\":\"ListItem\",\"position\":2,\"name\":\"Due\u00f1os Brunch en La Piazzetta, Altos de Chav\u00f3n: Domingo 6 de Noviembre!\"}]},{\"@type\":\"WebSite\",\"@id\":\"https:\\\/\\\/casadecampoliving.com\\\/es\\\/#website\",\"url\":\"https:\\\/\\\/casadecampoliving.com\\\/es\\\/\",\"name\":\"Casa de Campo Living\",\"description\":\"Resort community news and resources.\",\"publisher\":{\"@id\":\"https:\\\/\\\/casadecampoliving.com\\\/es\\\/#organization\"},\"potentialAction\":[{\"@type\":\"SearchAction\",\"target\":{\"@type\":\"EntryPoint\",\"urlTemplate\":\"https:\\\/\\\/casadecampoliving.com\\\/es\\\/?s={search_term_string}\"},\"query-input\":{\"@type\":\"PropertyValueSpecification\",\"valueRequired\":true,\"valueName\":\"search_term_string\"}}],\"inLanguage\":\"es\"},{\"@type\":\"Organization\",\"@id\":\"https:\\\/\\\/casadecampoliving.com\\\/es\\\/#organization\",\"name\":\"Casa de Campo Living\",\"url\":\"https:\\\/\\\/casadecampoliving.com\\\/es\\\/\",\"logo\":{\"@type\":\"ImageObject\",\"inLanguage\":\"es\",\"@id\":\"https:\\\/\\\/casadecampoliving.com\\\/es\\\/#\\\/schema\\\/logo\\\/image\\\/\",\"url\":\"https:\\\/\\\/i0.wp.com\\\/casadecampoliving.com\\\/wp-content\\\/uploads\\\/2022\\\/07\\\/CDCLivingLogo_V1-white-sized.png?fit=800%2C214&ssl=1\",\"contentUrl\":\"https:\\\/\\\/i0.wp.com\\\/casadecampoliving.com\\\/wp-content\\\/uploads\\\/2022\\\/07\\\/CDCLivingLogo_V1-white-sized.png?fit=800%2C214&ssl=1\",\"width\":800,\"height\":214,\"caption\":\"Casa de Campo Living\"},\"image\":{\"@id\":\"https:\\\/\\\/casadecampoliving.com\\\/es\\\/#\\\/schema\\\/logo\\\/image\\\/\"},\"sameAs\":[\"https:\\\/\\\/www.facebook.com\\\/casadecampoliving\",\"https:\\\/\\\/x.com\\\/cdcliving\"]},{\"@type\":\"Person\",\"@id\":\"https:\\\/\\\/casadecampoliving.com\\\/es\\\/#\\\/schema\\\/person\\\/2b2208f3175fa8761e25b272e096d718\",\"name\":\"Rebecca Silvestri\",\"image\":{\"@type\":\"ImageObject\",\"inLanguage\":\"es\",\"@id\":\"https:\\\/\\\/secure.gravatar.com\\\/avatar\\\/2d937fd6c1769fb718dbf8dce9e82bf5f89e97bd028f9b3ea10b931dc7df95c6?s=96&d=mm&r=g\",\"url\":\"https:\\\/\\\/secure.gravatar.com\\\/avatar\\\/2d937fd6c1769fb718dbf8dce9e82bf5f89e97bd028f9b3ea10b931dc7df95c6?s=96&d=mm&r=g\",\"contentUrl\":\"https:\\\/\\\/secure.gravatar.com\\\/avatar\\\/2d937fd6c1769fb718dbf8dce9e82bf5f89e97bd028f9b3ea10b931dc7df95c6?s=96&d=mm&r=g\",\"caption\":\"Rebecca Silvestri\"},\"url\":\"https:\\\/\\\/casadecampoliving.com\\\/es\\\/author\\\/madamehuge\\\/\"}]}<\/script>\n<!-- \/ Yoast SEO plugin. -->","yoast_head_json":{"title":"Due\u00f1os Brunch en La Piazzetta, Altos de Chav\u00f3n: Domingo 6 de Noviembre! | Casa de Campo Living","description":"Este a\u00f1o el gran evento de Due\u00f1os organizado por Costasur y Casa de Campo \u2013 ser\u00e1&nbsp;incre\u00edble! Adem\u00e1s de todas las actividades, eventos deportivos y la","robots":{"index":"index","follow":"follow","max-snippet":"max-snippet:-1","max-image-preview":"max-image-preview:large","max-video-preview":"max-video-preview:-1"},"canonical":"https:\/\/casadecampoliving.com\/es\/duenos-brunch-en-la-piazzetta-altos-de-chavon-domingo-6-de-noviembre\/","og_locale":"es_ES","og_type":"article","og_title":"Due\u00f1os Brunch en La Piazzetta, Altos de Chav\u00f3n: Domingo 6 de Noviembre! | Casa de Campo Living","og_description":"Este a\u00f1o el gran evento de Due\u00f1os organizado por Costasur y Casa de Campo \u2013 ser\u00e1&nbsp;incre\u00edble! Adem\u00e1s de todas las actividades, eventos deportivos y la","og_url":"https:\/\/casadecampoliving.com\/es\/duenos-brunch-en-la-piazzetta-altos-de-chavon-domingo-6-de-noviembre\/","og_site_name":"Casa de Campo Living","article_publisher":"https:\/\/www.facebook.com\/casadecampoliving","article_published_time":"2011-10-05T04:00:00+00:00","article_modified_time":"2022-10-21T22:41:38+00:00","og_image":[{"width":565,"height":400,"url":"https:\/\/i0.wp.com\/casadecampoliving.com\/wp-content\/uploads\/2022\/10\/La_piazetta_altos_de_chavon1-3.jpg?fit=565%2C400&ssl=1","type":"image\/jpeg"}],"author":"Rebecca Silvestri","twitter_card":"summary_large_image","twitter_creator":"@cdcliving","twitter_site":"@cdcliving","twitter_misc":{"Escrito por":"Rebecca Silvestri","Tiempo de lectura":"1 minuto"},"schema":{"@context":"https:\/\/schema.org","@graph":[{"@type":"Article","@id":"https:\/\/casadecampoliving.com\/es\/duenos-brunch-en-la-piazzetta-altos-de-chavon-domingo-6-de-noviembre\/#article","isPartOf":{"@id":"https:\/\/casadecampoliving.com\/es\/duenos-brunch-en-la-piazzetta-altos-de-chavon-domingo-6-de-noviembre\/"},"author":{"name":"Rebecca Silvestri","@id":"https:\/\/casadecampoliving.com\/es\/#\/schema\/person\/2b2208f3175fa8761e25b272e096d718"},"headline":"Due\u00f1os Brunch en La Piazzetta, Altos de Chav\u00f3n: Domingo 6 de Noviembre!","datePublished":"2011-10-05T04:00:00+00:00","dateModified":"2022-10-21T22:41:38+00:00","mainEntityOfPage":{"@id":"https:\/\/casadecampoliving.com\/es\/duenos-brunch-en-la-piazzetta-altos-de-chavon-domingo-6-de-noviembre\/"},"wordCount":286,"publisher":{"@id":"https:\/\/casadecampoliving.com\/es\/#organization"},"image":{"@id":"https:\/\/casadecampoliving.com\/es\/duenos-brunch-en-la-piazzetta-altos-de-chavon-domingo-6-de-noviembre\/#primaryimage"},"thumbnailUrl":"https:\/\/i0.wp.com\/casadecampoliving.com\/wp-content\/uploads\/2022\/10\/La_piazetta_altos_de_chavon1-3.jpg?fit=565%2C400&ssl=1","keywords":["brunch","Casa de Campo","costasur","duenos","due\u00f1os 2011","duenos brunch","La Piazetta","La Piazzetta"],"articleSection":["Uncategorized @es"],"inLanguage":"es"},{"@type":"WebPage","@id":"https:\/\/casadecampoliving.com\/es\/duenos-brunch-en-la-piazzetta-altos-de-chavon-domingo-6-de-noviembre\/","url":"https:\/\/casadecampoliving.com\/es\/duenos-brunch-en-la-piazzetta-altos-de-chavon-domingo-6-de-noviembre\/","name":"Due\u00f1os Brunch en La Piazzetta, Altos de Chav\u00f3n: Domingo 6 de Noviembre! | Casa de Campo Living","isPartOf":{"@id":"https:\/\/casadecampoliving.com\/es\/#website"},"primaryImageOfPage":{"@id":"https:\/\/casadecampoliving.com\/es\/duenos-brunch-en-la-piazzetta-altos-de-chavon-domingo-6-de-noviembre\/#primaryimage"},"image":{"@id":"https:\/\/casadecampoliving.com\/es\/duenos-brunch-en-la-piazzetta-altos-de-chavon-domingo-6-de-noviembre\/#primaryimage"},"thumbnailUrl":"https:\/\/i0.wp.com\/casadecampoliving.com\/wp-content\/uploads\/2022\/10\/La_piazetta_altos_de_chavon1-3.jpg?fit=565%2C400&ssl=1","datePublished":"2011-10-05T04:00:00+00:00","dateModified":"2022-10-21T22:41:38+00:00","description":"Este a\u00f1o el gran evento de Due\u00f1os organizado por Costasur y Casa de Campo \u2013 ser\u00e1&nbsp;incre\u00edble! Adem\u00e1s de todas las actividades, eventos deportivos y la","breadcrumb":{"@id":"https:\/\/casadecampoliving.com\/es\/duenos-brunch-en-la-piazzetta-altos-de-chavon-domingo-6-de-noviembre\/#breadcrumb"},"inLanguage":"es","potentialAction":[{"@type":"ReadAction","target":["https:\/\/casadecampoliving.com\/es\/duenos-brunch-en-la-piazzetta-altos-de-chavon-domingo-6-de-noviembre\/"]}]},{"@type":"ImageObject","inLanguage":"es","@id":"https:\/\/casadecampoliving.com\/es\/duenos-brunch-en-la-piazzetta-altos-de-chavon-domingo-6-de-noviembre\/#primaryimage","url":"https:\/\/i0.wp.com\/casadecampoliving.com\/wp-content\/uploads\/2022\/10\/La_piazetta_altos_de_chavon1-3.jpg?fit=565%2C400&ssl=1","contentUrl":"https:\/\/i0.wp.com\/casadecampoliving.com\/wp-content\/uploads\/2022\/10\/La_piazetta_altos_de_chavon1-3.jpg?fit=565%2C400&ssl=1","width":565,"height":400,"caption":"la piazetta altos de chavon"},{"@type":"BreadcrumbList","@id":"https:\/\/casadecampoliving.com\/es\/duenos-brunch-en-la-piazzetta-altos-de-chavon-domingo-6-de-noviembre\/#breadcrumb","itemListElement":[{"@type":"ListItem","position":1,"name":"Home","item":"https:\/\/casadecampoliving.com\/es\/"},{"@type":"ListItem","position":2,"name":"Due\u00f1os Brunch en La Piazzetta, Altos de Chav\u00f3n: Domingo 6 de Noviembre!"}]},{"@type":"WebSite","@id":"https:\/\/casadecampoliving.com\/es\/#website","url":"https:\/\/casadecampoliving.com\/es\/","name":"Casa de Campo Living","description":"Resort community news and resources.","publisher":{"@id":"https:\/\/casadecampoliving.com\/es\/#organization"},"potentialAction":[{"@type":"SearchAction","target":{"@type":"EntryPoint","urlTemplate":"https:\/\/casadecampoliving.com\/es\/?s={search_term_string}"},"query-input":{"@type":"PropertyValueSpecification","valueRequired":true,"valueName":"search_term_string"}}],"inLanguage":"es"},{"@type":"Organization","@id":"https:\/\/casadecampoliving.com\/es\/#organization","name":"Casa de Campo Living","url":"https:\/\/casadecampoliving.com\/es\/","logo":{"@type":"ImageObject","inLanguage":"es","@id":"https:\/\/casadecampoliving.com\/es\/#\/schema\/logo\/image\/","url":"https:\/\/i0.wp.com\/casadecampoliving.com\/wp-content\/uploads\/2022\/07\/CDCLivingLogo_V1-white-sized.png?fit=800%2C214&ssl=1","contentUrl":"https:\/\/i0.wp.com\/casadecampoliving.com\/wp-content\/uploads\/2022\/07\/CDCLivingLogo_V1-white-sized.png?fit=800%2C214&ssl=1","width":800,"height":214,"caption":"Casa de Campo Living"},"image":{"@id":"https:\/\/casadecampoliving.com\/es\/#\/schema\/logo\/image\/"},"sameAs":["https:\/\/www.facebook.com\/casadecampoliving","https:\/\/x.com\/cdcliving"]},{"@type":"Person","@id":"https:\/\/casadecampoliving.com\/es\/#\/schema\/person\/2b2208f3175fa8761e25b272e096d718","name":"Rebecca Silvestri","image":{"@type":"ImageObject","inLanguage":"es","@id":"https:\/\/secure.gravatar.com\/avatar\/2d937fd6c1769fb718dbf8dce9e82bf5f89e97bd028f9b3ea10b931dc7df95c6?s=96&d=mm&r=g","url":"https:\/\/secure.gravatar.com\/avatar\/2d937fd6c1769fb718dbf8dce9e82bf5f89e97bd028f9b3ea10b931dc7df95c6?s=96&d=mm&r=g","contentUrl":"https:\/\/secure.gravatar.com\/avatar\/2d937fd6c1769fb718dbf8dce9e82bf5f89e97bd028f9b3ea10b931dc7df95c6?s=96&d=mm&r=g","caption":"Rebecca Silvestri"},"url":"https:\/\/casadecampoliving.com\/es\/author\/madamehuge\/"}]}},"parsely":{"version":"1.1.0","canonical_url":"https:\/\/casadecampoliving.com\/es\/duenos-brunch-en-la-piazzetta-altos-de-chavon-domingo-6-de-noviembre\/","smart_links":{"inbound":0,"outbound":0},"traffic_boost_suggestions_count":0,"meta":{"@context":"https:\/\/schema.org","@type":"NewsArticle","headline":"Due\u00f1os Brunch en La Piazzetta, Altos de Chav\u00f3n: Domingo 6 de Noviembre!","url":"http:\/\/casadecampoliving.com\/es\/duenos-brunch-en-la-piazzetta-altos-de-chavon-domingo-6-de-noviembre\/","mainEntityOfPage":{"@type":"WebPage","@id":"http:\/\/casadecampoliving.com\/es\/duenos-brunch-en-la-piazzetta-altos-de-chavon-domingo-6-de-noviembre\/"},"thumbnailUrl":"https:\/\/i0.wp.com\/casadecampoliving.com\/wp-content\/uploads\/2022\/10\/La_piazetta_altos_de_chavon1-3.jpg?resize=150%2C150&ssl=1","image":{"@type":"ImageObject","url":"https:\/\/i0.wp.com\/casadecampoliving.com\/wp-content\/uploads\/2022\/10\/La_piazetta_altos_de_chavon1-3.jpg?fit=565%2C400&ssl=1"},"articleSection":"Uncategorized @es","author":[{"@type":"Person","name":"Rebecca Silvestri"}],"creator":["Rebecca Silvestri"],"publisher":{"@type":"Organization","name":"Casa de Campo Living","logo":"https:\/\/casadecampoliving.com\/wp-content\/uploads\/2022\/07\/CDCLivingLogo_V1-white-sized.png"},"keywords":["brunch","casa de campo","costasur","duenos","due\u00f1os 2011","duenos brunch","la piazetta","la piazzetta"],"dateCreated":"2011-10-05T04:00:00Z","datePublished":"2011-10-05T04:00:00Z","dateModified":"2022-10-21T22:41:38Z"},"rendered":"<meta name=\"parsely-title\" content=\"Due\u00f1os Brunch en La Piazzetta, Altos de Chav\u00f3n: Domingo 6 de Noviembre!\" \/>\n<meta name=\"parsely-link\" content=\"http:\/\/casadecampoliving.com\/es\/duenos-brunch-en-la-piazzetta-altos-de-chavon-domingo-6-de-noviembre\/\" \/>\n<meta name=\"parsely-type\" content=\"post\" \/>\n<meta name=\"parsely-image-url\" content=\"https:\/\/i0.wp.com\/casadecampoliving.com\/wp-content\/uploads\/2022\/10\/La_piazetta_altos_de_chavon1-3.jpg?resize=150%2C150&amp;ssl=1\" \/>\n<meta name=\"parsely-pub-date\" content=\"2011-10-05T04:00:00Z\" \/>\n<meta name=\"parsely-section\" content=\"Uncategorized @es\" \/>\n<meta name=\"parsely-tags\" content=\"brunch,casa de campo,costasur,duenos,due\u00f1os 2011,duenos brunch,la piazetta,la piazzetta\" \/>\n<meta name=\"parsely-author\" content=\"Rebecca Silvestri\" \/>","tracker_url":"https:\/\/cdn.parsely.com\/keys\/casadecampoliving.com\/p.js"},"jetpack_publicize_connections":[],"jetpack-related-posts":[{"id":337098,"url":"https:\/\/casadecampoliving.com\/es\/feria-duenos-parque-de-diversiones-domingo-6-de-noviembre-6-2\/","url_meta":{"origin":337032,"position":0},"title":"Feria Due\u00f1os: Parque de Diversiones, Domingo 6 de Noviembre 6","author":"Rebecca Silvestri","date":"27 Oct, 2011","format":false,"excerpt":"Estas listo para divertirse? El proximo domingo 6 de noviembre, Casa de Campo Living les presenta un \"PARQUE DE DIVERSIONES\" por Bonchecitos, como parte del segundo anual \"FERIA DUE\u00d1OS\" en Altos de Chav\u00f3n! El \"PARQUE DE DIVERSIONES\" por Bonchecitos ser\u00e1 abierto 11am - 6pm en Altos de Chav\u00f3n ofreciendo ni\u00f1os\u2026","rel":"","context":"En \u00abAltos de Chavon @es\u00bb","block_context":{"text":"Altos de Chavon @es","link":"https:\/\/casadecampoliving.com\/category\/altos-de-chavon-es\/"},"img":{"alt_text":"","src":"https:\/\/i0.wp.com\/casadecampoliving.com\/wp-content\/uploads\/2022\/10\/bonchecitos_feria_duenos-1.jpg?fit=500%2C313&ssl=1&resize=350%2C200","width":350,"height":200},"classes":[]},{"id":320595,"url":"https:\/\/casadecampoliving.com\/es\/duenos-brunch-at-la-piazetta-in-altos-de-chavon-sunday-nov-6th\/","url_meta":{"origin":337032,"position":1},"title":"Due\u00f1os Brunch at La Piazetta in Altos de Chav\u00f3n: Sunday Nov 6th!","author":"Rebecca Silvestri","date":"19 Oct, 2011","format":false,"excerpt":"This year\u2019s Due\u00f1os event is going to be awesome! As well as all the normal sporting events and activities, on the Sunday (Nov 6) in Altos de Chav\u00f3n there will be the 2nd annual \u201cFeria Due\u00f1os\u201d and a \u201cDue\u00f1os Brunch\u201d at the La Piazetta\u00a0restaurant \u2013 the perfect option after a\u2026","rel":"","context":"En \u00abAltos de Chavon\u00bb","block_context":{"text":"Altos de Chavon","link":"https:\/\/casadecampoliving.com\/category\/altos-de-chavon\/"},"img":{"alt_text":"brunch la piazetta","src":"https:\/\/i0.wp.com\/casadecampoliving.com\/wp-content\/uploads\/2022\/10\/brunch_la_piazetta-1.jpg?fit=565%2C1026&ssl=1&resize=350%2C200","width":350,"height":200,"srcset":"https:\/\/i0.wp.com\/casadecampoliving.com\/wp-content\/uploads\/2022\/10\/brunch_la_piazetta-1.jpg?fit=565%2C1026&ssl=1&resize=350%2C200 1x, https:\/\/i0.wp.com\/casadecampoliving.com\/wp-content\/uploads\/2022\/10\/brunch_la_piazetta-1.jpg?fit=565%2C1026&ssl=1&resize=525%2C300 1.5x"},"classes":[]},{"id":336996,"url":"https:\/\/casadecampoliving.com\/es\/reserve-la-fecha-feria-duenos-domingo-6-de-noviembre\/","url_meta":{"origin":337032,"position":2},"title":"Reserve la Fecha: Feria Due\u00f1os, Domingo 6 de Noviembre","author":"Rebecca Silvestri","date":"9 Sep, 2011","format":false,"excerpt":"Este a\u00f1o nuestra segunda anual FERIA DUE\u00d1OS tendr\u00e1 lugar el domingo 6 de Noviembre, el d\u00eda\u00a0despu\u00e9s\u00a0del gran evento anual de Due\u00f1os, organizado por Costasur Dominicana y Casa de Campo. La Feria Due\u00f1os 2011, ser\u00e1 mejor y m\u00e1s grande de nunca antes\u2026.porque adem\u00e1s del shopping, habr\u00e1 varios\u00a0entretenimientos\u2026\u2026para todo la familia! Feria\u2026","rel":"","context":"En \u00abCasa de Campo Living @es\u00bb","block_context":{"text":"Casa de Campo Living @es","link":"https:\/\/casadecampoliving.com\/category\/casa-de-campo-living-es\/"},"img":{"alt_text":"","src":"https:\/\/i0.wp.com\/casadecampoliving.com\/wp-content\/uploads\/2022\/10\/feria_duenos_casa_de_campo1-4.jpg?fit=565%2C370&ssl=1&resize=350%2C200","width":350,"height":200,"srcset":"https:\/\/i0.wp.com\/casadecampoliving.com\/wp-content\/uploads\/2022\/10\/feria_duenos_casa_de_campo1-4.jpg?fit=565%2C370&ssl=1&resize=350%2C200 1x, https:\/\/i0.wp.com\/casadecampoliving.com\/wp-content\/uploads\/2022\/10\/feria_duenos_casa_de_campo1-4.jpg?fit=565%2C370&ssl=1&resize=525%2C300 1.5x"},"classes":[]},{"id":320619,"url":"https:\/\/casadecampoliving.com\/es\/this-week-in-casa-de-campo-31st-of-october-6th-of-november\/","url_meta":{"origin":337032,"position":3},"title":"This Week in Casa de Campo: 31st of October &#8211; 6th of November","author":"Rebecca Silvestri","date":"31 Oct, 2011","format":false,"excerpt":"This week looks set to be one of the busiest weeks of the year in Casa de Campo, probably second only to Semana Santa and the party week in between Christmas and New Years. As well as the Due\u00f1os 2011 event on Friday and Saturday and the fabulous family friendly\u2026","rel":"","context":"En \u00abAltos de Chavon\u00bb","block_context":{"text":"Altos de Chavon","link":"https:\/\/casadecampoliving.com\/category\/altos-de-chavon\/"},"img":{"alt_text":"casa de campo","src":"https:\/\/i0.wp.com\/casadecampoliving.com\/wp-content\/uploads\/2022\/10\/duenos_casa_de_campo6-3.jpg?fit=550%2C200&ssl=1&resize=350%2C200","width":350,"height":200,"srcset":"https:\/\/i0.wp.com\/casadecampoliving.com\/wp-content\/uploads\/2022\/10\/duenos_casa_de_campo6-3.jpg?fit=550%2C200&ssl=1&resize=350%2C200 1x, https:\/\/i0.wp.com\/casadecampoliving.com\/wp-content\/uploads\/2022\/10\/duenos_casa_de_campo6-3.jpg?fit=550%2C200&ssl=1&resize=525%2C300 1.5x"},"classes":[]},{"id":328000,"url":"https:\/\/casadecampoliving.com\/brunch-mimosas-live-music-chavon-fall-fest\/","url_meta":{"origin":337032,"position":4},"title":"Announcing Brunch &#038; Mimosas and LIVE music at Fall Fest this Sunday!","author":"Heather Lincoln","date":"28 Oct, 2016","format":false,"excerpt":"While we've been announcing all week the ways in which Altos de Chav\u00f3n Fall Fest is going to send the last weekend of October out with a bang, we're here to sweeten the pot! The restaurants in Chav\u00f3n are all coming together to bring passerbys special brunch menus and mimosas\u2026","rel":"","context":"En \u00abAltos de Chavon\u00bb","block_context":{"text":"Altos de Chavon","link":"https:\/\/casadecampoliving.com\/category\/altos-de-chavon\/"},"img":{"alt_text":"La Piazzetta Altos de Chav\u00f3n","src":"https:\/\/i0.wp.com\/casadecampoliving.com\/wp-content\/uploads\/2022\/10\/La_Piazzetta_Chavon-e1477672304601-2.jpg?fit=1000%2C666&ssl=1&resize=350%2C200","width":350,"height":200,"srcset":"https:\/\/i0.wp.com\/casadecampoliving.com\/wp-content\/uploads\/2022\/10\/La_Piazzetta_Chavon-e1477672304601-2.jpg?fit=1000%2C666&ssl=1&resize=350%2C200 1x, https:\/\/i0.wp.com\/casadecampoliving.com\/wp-content\/uploads\/2022\/10\/La_Piazzetta_Chavon-e1477672304601-2.jpg?fit=1000%2C666&ssl=1&resize=525%2C300 1.5x, https:\/\/i0.wp.com\/casadecampoliving.com\/wp-content\/uploads\/2022\/10\/La_Piazzetta_Chavon-e1477672304601-2.jpg?fit=1000%2C666&ssl=1&resize=700%2C400 2x"},"classes":[]},{"id":350720,"url":"https:\/\/casadecampoliving.com\/es\/brunch-mimosas-y-musica-en-vivo-en-altos-de-chavon-fall-fest\/","url_meta":{"origin":337032,"position":5},"title":"\u00a1Brunch, Mimosas y m\u00fasica en VIVO en el Altos de Chav\u00f3n Fall Fest este domingo!","author":"Marlenys Guzm\u00e1n Casta\u00f1os","date":"28 Oct, 2016","format":false,"excerpt":"Si bien hemos estado anunciando durante toda la semana todas las incre\u00edbles actividades que tendremos durante el\u00a0Altos de Chav\u00f3n Fall Fest que sin duda har\u00e1n de este ultimo fin de semana de octubre sea el mejor del mes, \u00a1estamos aqu\u00ed para hacerlo aun\u00a0mejor! Los restaurantes de Chav\u00f3n se est\u00e1n uniendo\u2026","rel":"","context":"En \u00abAltos de Chavon @es\u00bb","block_context":{"text":"Altos de Chavon @es","link":"https:\/\/casadecampoliving.com\/category\/altos-de-chavon-es\/"},"img":{"alt_text":"La Piazzetta Altos de Chav\u00f3n","src":"https:\/\/i0.wp.com\/casadecampoliving.com\/wp-content\/uploads\/2022\/10\/La_Piazzetta_Chavon-e1477672304601-2.jpg?fit=1000%2C666&ssl=1&resize=350%2C200","width":350,"height":200,"srcset":"https:\/\/i0.wp.com\/casadecampoliving.com\/wp-content\/uploads\/2022\/10\/La_Piazzetta_Chavon-e1477672304601-2.jpg?fit=1000%2C666&ssl=1&resize=350%2C200 1x, https:\/\/i0.wp.com\/casadecampoliving.com\/wp-content\/uploads\/2022\/10\/La_Piazzetta_Chavon-e1477672304601-2.jpg?fit=1000%2C666&ssl=1&resize=525%2C300 1.5x, https:\/\/i0.wp.com\/casadecampoliving.com\/wp-content\/uploads\/2022\/10\/La_Piazzetta_Chavon-e1477672304601-2.jpg?fit=1000%2C666&ssl=1&resize=700%2C400 2x"},"classes":[]}],"jetpack_sharing_enabled":true,"jetpack_featured_media_url":"https:\/\/i0.wp.com\/casadecampoliving.com\/wp-content\/uploads\/2022\/10\/La_piazetta_altos_de_chavon1-3.jpg?fit=565%2C400&ssl=1","_links":{"self":[{"href":"https:\/\/casadecampoliving.com\/es\/wp-json\/wp\/v2\/posts\/337032","targetHints":{"allow":["GET"]}}],"collection":[{"href":"https:\/\/casadecampoliving.com\/es\/wp-json\/wp\/v2\/posts"}],"about":[{"href":"https:\/\/casadecampoliving.com\/es\/wp-json\/wp\/v2\/types\/post"}],"author":[{"embeddable":true,"href":"https:\/\/casadecampoliving.com\/es\/wp-json\/wp\/v2\/users\/31"}],"replies":[{"embeddable":true,"href":"https:\/\/casadecampoliving.com\/es\/wp-json\/wp\/v2\/comments?post=337032"}],"version-history":[{"count":1,"href":"https:\/\/casadecampoliving.com\/es\/wp-json\/wp\/v2\/posts\/337032\/revisions"}],"predecessor-version":[{"id":337033,"href":"https:\/\/casadecampoliving.com\/es\/wp-json\/wp\/v2\/posts\/337032\/revisions\/337033"}],"wp:featuredmedia":[{"embeddable":true,"href":"https:\/\/casadecampoliving.com\/es\/wp-json\/wp\/v2\/media\/336213"}],"wp:attachment":[{"href":"https:\/\/casadecampoliving.com\/es\/wp-json\/wp\/v2\/media?parent=337032"}],"wp:term":[{"taxonomy":"category","embeddable":true,"href":"https:\/\/casadecampoliving.com\/es\/wp-json\/wp\/v2\/categories?post=337032"},{"taxonomy":"post_tag","embeddable":true,"href":"https:\/\/casadecampoliving.com\/es\/wp-json\/wp\/v2\/tags?post=337032"},{"taxonomy":"newspack_spnsrs_tax","embeddable":true,"href":"https:\/\/casadecampoliving.com\/es\/wp-json\/wp\/v2\/newspack_spnsrs_tax?post=337032"}],"curies":[{"name":"wp","href":"https:\/\/api.w.org\/{rel}","templated":true}]}}