{"id":336931,"date":"2011-08-02T00:00:00","date_gmt":"2011-08-02T04:00:00","guid":{"rendered":"https:\/\/casadecampoliving.com\/confirmado-sting-vuelve-a-altos-de-chavon\/"},"modified":"2022-10-21T18:36:47","modified_gmt":"2022-10-21T22:36:47","slug":"confirmado-sting-vuelve-a-altos-de-chavon","status":"publish","type":"post","link":"https:\/\/casadecampoliving.com\/es\/confirmado-sting-vuelve-a-altos-de-chavon\/","title":{"rendered":"CONFIRMADO: Sting vuelve a Altos de Chav\u00f3n!"},"content":{"rendered":"<div class=\"wp-block-image\">\n<figure class=\"aligncenter is-resized\"><a href=\"https:\/\/i0.wp.com\/casadecampoliving.com\/wp-content\/uploads\/2022\/10\/Sting_juan_luis_guerra_altos_de_chavon_casa_de_campo1.jpg?ssl=1\"><img loading=\"lazy\" decoding=\"async\" src=\"https:\/\/i0.wp.com\/casadecampoliving.com\/wp-content\/uploads\/2022\/10\/Sting_juan_luis_guerra_altos_de_chavon_casa_de_campo1.jpg?resize=565%2C378&amp;ssl=1\" alt=\"\" class=\"wp-image-31517\" title=\"Sting_juan_luis_guerra_altos_de_chavon_casa_de_campo\" height=\"378\" width=\"565\"\/><\/a><\/figure>\n<\/div>\n\n\n<p>Sting&nbsp;se presentar\u00e1 en el&nbsp;Anfiteatro de&nbsp;Altos de&nbsp;Chav\u00f3n&nbsp;en&nbsp;La Romana,&nbsp;Rep\u00fablica Dominicana, el&nbsp;domingo, 04 de septiembre 2011.&nbsp;Este concierto,&nbsp;su primera actuaci\u00f3n en&nbsp;la Rep\u00fablica Dominicana&nbsp;desde el a\u00f1o 2006,&nbsp;se&nbsp;incluyen&nbsp;los favoritos de los Fan como&nbsp;The Police&nbsp;hits \u201c\u201cEvery Little Thing She Does Is Magic\u201d,&nbsp;\u201c,&nbsp;\u201c\u201cRoxanne&nbsp;\u201d&nbsp;y&nbsp;\u201cEvery Breath You Take\u201d,&nbsp;de&nbsp;las&nbsp;notables canciones&nbsp;de&nbsp;Sting&nbsp;&nbsp;y su permanente&nbsp;carrera en solitario&nbsp;\u201cEnglishman in New&nbsp;York\u201d,&nbsp;\u201cFields of Gold\u201d y \u201cDesert Rose\u201d&nbsp;Para este espect\u00e1culo, Sting&nbsp;estar\u00e1 acompa\u00f1ado por&nbsp;una banda&nbsp;de 4 m\u00fasicos&nbsp;con&nbsp;su antiguo&nbsp;guitarrista Dominic&nbsp;Miller, el teclista&nbsp;David&nbsp;Sancious, el baterista&nbsp;Vinnie Colaiuta&nbsp;y el cantante&nbsp;Jo&nbsp;Lawry.<\/p>\n\n\n\n<!--more-->\n\n\n<div class=\"wp-block-image\">\n<figure class=\"alignright is-resized\"><img loading=\"lazy\" decoding=\"async\" src=\"https:\/\/i0.wp.com\/casadecampoliving.com\/wp-content\/uploads\/2022\/10\/Sting_juan_luis_guerra_altos_de_chavon_casa_de_campo2.jpg?resize=180%2C273&amp;ssl=1\" alt=\"\" class=\"wp-image-31518\" title=\"Sting_juan_luis_guerra_altos_de_chavon_casa_de_campo\" height=\"273\" width=\"180\"\/><\/figure>\n<\/div>\n\n\n<p>Como solista&nbsp;y miembro de&nbsp;The Police,&nbsp;Sting&nbsp;ha recibido 16&nbsp;premios Grammy&nbsp;y ha vendido m\u00e1s de&nbsp;100 millones de discos&nbsp;en todo el mundo.&nbsp;Se ha ganado&nbsp;dos premios brit\u00e1nicos,&nbsp;un Globo de Oro,&nbsp;un Emmy, tres&nbsp;nominaciones al Oscar,&nbsp;premio Billboard&nbsp;Magazine&nbsp;siglo,&nbsp;y&nbsp;MusiCares&nbsp;2004&nbsp;Persona del A\u00f1o.&nbsp;&nbsp;Es tambi\u00e9n miembro del Sal\u00f3n&nbsp;de la Fama de&nbsp;Compositores&nbsp;y en 2003,&nbsp;fue incluido en el&nbsp;Rock and Roll Hall&nbsp;de la Fama con&nbsp;The Police.<\/p>\n\n\n\n<p>Las entradas para&nbsp;&nbsp;STING&nbsp;estar\u00e1n a la venta el concierge de Casa de Campo&nbsp;en&nbsp;La Romana&nbsp;desde la semana que viene. Desde ahora los precios de las entradas no han sido publicados pero despues de algunas llamadas, me han dicho que los precios ser\u00e1n:<\/p>\n\n\n\n<p><strong>Special Guest:<\/strong>&nbsp;RD$10,000 (aproximadamente US$260)<br>\n<strong>VIP:<\/strong>&nbsp;RD$5,000 (aproximadamente US$130)<br>\n<strong>General:<\/strong>&nbsp;RD$3,00 (aproximadamente&nbsp;US$80)<\/p>\n\n\n\n<p>Para m\u00e1s&nbsp;informaci\u00f3n, llame al:&nbsp;<a>809 567-7107<\/a>&nbsp;\/ 809&nbsp;565-0300.<\/p>\n\n\n\n<p><strong>STING:<\/strong><\/p>\n\n\n\n<p>Compositor, cantante, autor, actor,&nbsp;activista&nbsp;\u2013&nbsp;Sting&nbsp;ha ganado la aclamaci\u00f3n&nbsp;universal en&nbsp;todos estos roles&nbsp;sin embargo,&nbsp;sigue desafiando&nbsp;la etiqueta de lo f\u00e1cil.&nbsp;Nacido en&nbsp;Newcastle, Inglaterra, Sting&nbsp;se traslad\u00f3 a Londres&nbsp;en 1977&nbsp;y form\u00f3&nbsp;The Police con&nbsp;Stewart Copeland&nbsp;y Andy Summers.&nbsp;La banda lanz\u00f3&nbsp;cinco \u00e1lbumes,&nbsp;gan\u00f3&nbsp;seis premios Grammy,&nbsp;y en 2003&nbsp;fue incluido en el&nbsp;Rock and&nbsp;Roll Hall of Fame.<\/p>\n\n\n<div class=\"wp-block-image\">\n<figure class=\"alignleft is-resized\"><img loading=\"lazy\" decoding=\"async\" src=\"https:\/\/i0.wp.com\/casadecampoliving.com\/wp-content\/uploads\/2022\/10\/Sting_juan_luis_guerra_altos_de_chavon_casa_de_campo3-2.jpg?resize=180%2C259&amp;ssl=1\" alt=\"\" class=\"wp-image-31523\" title=\"Sting_juan_luis_guerra_altos_de_chavon_casa_de_campo\" height=\"259\" width=\"180\"\/><\/figure>\n<\/div>\n\n\n<p>Desde 1985, Sting&nbsp;ha publicado&nbsp;12&nbsp;discos como solista.&nbsp;Su \u00faltimo disco,&nbsp;Symphonicities,&nbsp;es el&nbsp;CD&nbsp;que acompa\u00f1a a&nbsp;su gira&nbsp;mundial&nbsp;Symphonicity, con&nbsp;Sting&nbsp;el ejercicio de sus&nbsp;grandes \u00e9xitos&nbsp;re-imaginado&nbsp;para la disposici\u00f3n&nbsp;&nbsp;con&nbsp;una orquesta y&nbsp;banda simfonica .&nbsp;Para acompa\u00f1ar&nbsp;tambi\u00e9n&nbsp;la gira,&nbsp;un paquete de&nbsp;CD \/&nbsp;DVD,&nbsp;en vivo&nbsp;en Berl\u00edn, fue lanzado&nbsp;en noviembre de 2010&nbsp;ha sido&nbsp;&nbsp;aclamado por la&nbsp;&nbsp;cr\u00edtica.<strong>&nbsp;<\/strong><\/p>\n\n\n\n<p>Como uno de&nbsp;los artistas&nbsp;m\u00e1s caracter\u00edsticos y&nbsp;muy respetado&nbsp;en el mundo, ha&nbsp;vendido cerca de 100&nbsp;millones de discos&nbsp;de su&nbsp;trabajo conjunto&nbsp;con la The Police y&nbsp;como artista en solitario&nbsp;y se ha ganado&nbsp;un adicional de 10&nbsp;premios&nbsp;Grammy,&nbsp;un Globo de Oro,&nbsp;un Emmy&nbsp;y&nbsp;Oscar&nbsp;tres&nbsp;nominaciones.<\/p>\n\n\n\n<p>Tambi\u00e9n&nbsp;un autor consumado, Sting&nbsp;public\u00f3 una memoria&nbsp;titulada&nbsp;Broken Music&nbsp;en 2003, que&nbsp;pas\u00f3 13&nbsp;semanas en el&nbsp;New York Times&nbsp;lista de best sellers.&nbsp;Recientemente ha&nbsp;publicado&nbsp;Lyrics,&nbsp;una completa colecci\u00f3n de&nbsp;letras y comentariospersonales,&nbsp;tambi\u00e9n&nbsp;cuenta con&nbsp;fotograf\u00edas de&nbsp;toda su carrera.<\/p>\n\n\n\n<p>El apoyo&nbsp;de Sting&nbsp;para&nbsp;las organizaciones de derechos&nbsp;humanos como Amnist\u00eda&nbsp;Internacional y la Fundaci\u00f3n&nbsp;Rainforest,&nbsp;que \u00e9l co-fund\u00f3 con su esposa,&nbsp;Trudie&nbsp;Styler,&nbsp;en 1989,&nbsp;tambi\u00e9n refleja&nbsp;su arte&nbsp;en el&nbsp;alcance universal.<br>\nPara m\u00e1s informaci\u00f3n sobre&nbsp;Sting, por favor visite&nbsp;<a href=\"http:\/\/sting.com\/\" target=\"_blank\" rel=\"noopener\">sting.com<\/a><\/p>\n","protected":false},"excerpt":{"rendered":"<p>Sting&nbsp;se presentar\u00e1 en el&nbsp;Anfiteatro de&nbsp;Altos de&nbsp;Chav\u00f3n&nbsp;en&nbsp;La Romana,&nbsp;Rep\u00fablica Dominicana, el&nbsp;domingo, 04 de septiembre 2011.&nbsp;Este concierto,&nbsp;su primera actuaci\u00f3n en&nbsp;la Rep\u00fablica Dominicana&nbsp;desde el a\u00f1o 2006,&nbsp;se&nbsp;incluyen&nbsp;los favoritos de los Fan como&nbsp;The Police&nbsp;hits \u201c\u201cEvery Little Thing She Does Is Magic\u201d,&nbsp;\u201c,&nbsp;\u201c\u201cRoxanne&nbsp;\u201d&nbsp;y&nbsp;\u201cEvery Breath You Take\u201d,&nbsp;de&nbsp;las&nbsp;notables canciones&nbsp;de&nbsp;Sting&nbsp;&nbsp;y su permanente&nbsp;carrera en solitario&nbsp;\u201cEnglishman in New&nbsp;York\u201d,&nbsp;\u201cFields of Gold\u201d y \u201cDesert Rose\u201d&nbsp;Para este espect\u00e1culo, Sting&nbsp;estar\u00e1 acompa\u00f1ado por&nbsp;una [&hellip;]<\/p>\n","protected":false},"author":31,"featured_media":336056,"comment_status":"closed","ping_status":"open","sticky":false,"template":"","format":"standard","meta":{"newspack_ads_suppress_ads":false,"newspack_popups_has_disabled_popups":false,"newspack_sponsor_sponsorship_scope":"","newspack_sponsor_native_byline_display":"inherit","newspack_sponsor_native_category_display":"inherit","newspack_sponsor_underwriter_style":"inherit","newspack_sponsor_underwriter_placement":"inherit","_newspack_byline_active":false,"_newspack_byline":"","newspack_hide_updated_date":false,"newspack_show_updated_date":false,"newspack_content_restriction_is_exempt":false,"newspack_featured_image_position":"","newspack_post_subtitle":"","newspack_article_summary_title":"Overview:","newspack_article_summary":"","_jetpack_memberships_contains_paid_content":false,"footnotes":"","jetpack_publicize_message":"","jetpack_publicize_feature_enabled":true,"jetpack_social_post_already_shared":false,"jetpack_social_options":{"image_generator_settings":{"template":"highway","default_image_id":0,"font":"","enabled":false},"version":2},"_wpas_customize_per_network":false},"categories":[26819,26823,2513,2518,14631,14625,14627],"tags":[15387,2604,2677,18932,2168],"newspack_spnsrs_tax":[],"class_list":["post-336931","post","type-post","status-publish","format-standard","has-post-thumbnail","hentry","category-altos-de-chavon-es","category-arte-y-cultura","category-celebridades-es","category-conciertos-es","category-estilo-de-vida","category-noticias-locales","category-proximamente","tag-altos-de-chavon-es","tag-anfiteatro-altos-de-chavon","tag-conciertos","tag-la-romana-es-4","tag-sting","entry"],"yoast_head":"<!-- This site is optimized with the Yoast SEO plugin v27.5 - https:\/\/yoast.com\/product\/yoast-seo-wordpress\/ -->\n<title>CONFIRMADO: Sting vuelve a Altos de Chav\u00f3n! | Casa de Campo Living<\/title>\n<meta name=\"description\" content=\"Sting&nbsp;se presentar\u00e1 en el&nbsp;Anfiteatro de&nbsp;Altos de&nbsp;Chav\u00f3n&nbsp;en&nbsp;La Romana,&nbsp;Rep\u00fablica Dominicana, el&nbsp;domingo, 04 de\" \/>\n<meta name=\"robots\" content=\"index, follow, max-snippet:-1, max-image-preview:large, max-video-preview:-1\" \/>\n<link rel=\"canonical\" href=\"https:\/\/casadecampoliving.com\/es\/confirmado-sting-vuelve-a-altos-de-chavon\/\" \/>\n<meta property=\"og:locale\" content=\"es_ES\" \/>\n<meta property=\"og:type\" content=\"article\" \/>\n<meta property=\"og:title\" content=\"CONFIRMADO: Sting vuelve a Altos de Chav\u00f3n! | Casa de Campo Living\" \/>\n<meta property=\"og:description\" content=\"Sting&nbsp;se presentar\u00e1 en el&nbsp;Anfiteatro de&nbsp;Altos de&nbsp;Chav\u00f3n&nbsp;en&nbsp;La Romana,&nbsp;Rep\u00fablica Dominicana, el&nbsp;domingo, 04 de\" \/>\n<meta property=\"og:url\" content=\"https:\/\/casadecampoliving.com\/es\/confirmado-sting-vuelve-a-altos-de-chavon\/\" \/>\n<meta property=\"og:site_name\" content=\"Casa de Campo Living\" \/>\n<meta property=\"article:publisher\" content=\"https:\/\/www.facebook.com\/casadecampoliving\" \/>\n<meta property=\"article:published_time\" content=\"2011-08-02T04:00:00+00:00\" \/>\n<meta property=\"article:modified_time\" content=\"2022-10-21T22:36:47+00:00\" \/>\n<meta property=\"og:image\" content=\"https:\/\/i0.wp.com\/casadecampoliving.com\/wp-content\/uploads\/2022\/10\/Sting_juan_luis_guerra_altos_de_chavon_casa_de_campo3-3.jpg?fit=180%2C259&ssl=1\" \/>\n\t<meta property=\"og:image:width\" content=\"180\" \/>\n\t<meta property=\"og:image:height\" content=\"259\" \/>\n\t<meta property=\"og:image:type\" content=\"image\/jpeg\" \/>\n<meta name=\"author\" content=\"Rebecca Silvestri\" \/>\n<meta name=\"twitter:card\" content=\"summary_large_image\" \/>\n<meta name=\"twitter:creator\" content=\"@cdcliving\" \/>\n<meta name=\"twitter:site\" content=\"@cdcliving\" \/>\n<meta name=\"twitter:label1\" content=\"Escrito por\" \/>\n\t<meta name=\"twitter:data1\" content=\"Rebecca Silvestri\" \/>\n\t<meta name=\"twitter:label2\" content=\"Tiempo de lectura\" \/>\n\t<meta name=\"twitter:data2\" content=\"4 minutos\" \/>\n<script type=\"application\/ld+json\" class=\"yoast-schema-graph\">{\"@context\":\"https:\\\/\\\/schema.org\",\"@graph\":[{\"@type\":\"Article\",\"@id\":\"https:\\\/\\\/casadecampoliving.com\\\/es\\\/confirmado-sting-vuelve-a-altos-de-chavon\\\/#article\",\"isPartOf\":{\"@id\":\"https:\\\/\\\/casadecampoliving.com\\\/es\\\/confirmado-sting-vuelve-a-altos-de-chavon\\\/\"},\"author\":{\"name\":\"Rebecca Silvestri\",\"@id\":\"https:\\\/\\\/casadecampoliving.com\\\/es\\\/#\\\/schema\\\/person\\\/2b2208f3175fa8761e25b272e096d718\"},\"headline\":\"CONFIRMADO: Sting vuelve a Altos de Chav\u00f3n!\",\"datePublished\":\"2011-08-02T04:00:00+00:00\",\"dateModified\":\"2022-10-21T22:36:47+00:00\",\"mainEntityOfPage\":{\"@id\":\"https:\\\/\\\/casadecampoliving.com\\\/es\\\/confirmado-sting-vuelve-a-altos-de-chavon\\\/\"},\"wordCount\":764,\"publisher\":{\"@id\":\"https:\\\/\\\/casadecampoliving.com\\\/es\\\/#organization\"},\"image\":{\"@id\":\"https:\\\/\\\/casadecampoliving.com\\\/es\\\/confirmado-sting-vuelve-a-altos-de-chavon\\\/#primaryimage\"},\"thumbnailUrl\":\"https:\\\/\\\/i0.wp.com\\\/casadecampoliving.com\\\/wp-content\\\/uploads\\\/2022\\\/10\\\/Sting_juan_luis_guerra_altos_de_chavon_casa_de_campo3-3.jpg?fit=180%2C259&ssl=1\",\"keywords\":[\"Altos de Chavon\",\"anfiteatro altos de chavon\",\"conciertos\",\"La Romana\",\"sting\"],\"articleSection\":[\"Altos de Chavon @es\",\"Arte y cultura\",\"Celebridades\",\"Conciertos\",\"Estilo de Vida\",\"Noticias Locales\",\"Proximamente\"],\"inLanguage\":\"es\"},{\"@type\":\"WebPage\",\"@id\":\"https:\\\/\\\/casadecampoliving.com\\\/es\\\/confirmado-sting-vuelve-a-altos-de-chavon\\\/\",\"url\":\"https:\\\/\\\/casadecampoliving.com\\\/es\\\/confirmado-sting-vuelve-a-altos-de-chavon\\\/\",\"name\":\"CONFIRMADO: Sting vuelve a Altos de Chav\u00f3n! | Casa de Campo Living\",\"isPartOf\":{\"@id\":\"https:\\\/\\\/casadecampoliving.com\\\/es\\\/#website\"},\"primaryImageOfPage\":{\"@id\":\"https:\\\/\\\/casadecampoliving.com\\\/es\\\/confirmado-sting-vuelve-a-altos-de-chavon\\\/#primaryimage\"},\"image\":{\"@id\":\"https:\\\/\\\/casadecampoliving.com\\\/es\\\/confirmado-sting-vuelve-a-altos-de-chavon\\\/#primaryimage\"},\"thumbnailUrl\":\"https:\\\/\\\/i0.wp.com\\\/casadecampoliving.com\\\/wp-content\\\/uploads\\\/2022\\\/10\\\/Sting_juan_luis_guerra_altos_de_chavon_casa_de_campo3-3.jpg?fit=180%2C259&ssl=1\",\"datePublished\":\"2011-08-02T04:00:00+00:00\",\"dateModified\":\"2022-10-21T22:36:47+00:00\",\"description\":\"Sting&nbsp;se presentar\u00e1 en el&nbsp;Anfiteatro de&nbsp;Altos de&nbsp;Chav\u00f3n&nbsp;en&nbsp;La Romana,&nbsp;Rep\u00fablica Dominicana, el&nbsp;domingo, 04 de\",\"breadcrumb\":{\"@id\":\"https:\\\/\\\/casadecampoliving.com\\\/es\\\/confirmado-sting-vuelve-a-altos-de-chavon\\\/#breadcrumb\"},\"inLanguage\":\"es\",\"potentialAction\":[{\"@type\":\"ReadAction\",\"target\":[\"https:\\\/\\\/casadecampoliving.com\\\/es\\\/confirmado-sting-vuelve-a-altos-de-chavon\\\/\"]}]},{\"@type\":\"ImageObject\",\"inLanguage\":\"es\",\"@id\":\"https:\\\/\\\/casadecampoliving.com\\\/es\\\/confirmado-sting-vuelve-a-altos-de-chavon\\\/#primaryimage\",\"url\":\"https:\\\/\\\/i0.wp.com\\\/casadecampoliving.com\\\/wp-content\\\/uploads\\\/2022\\\/10\\\/Sting_juan_luis_guerra_altos_de_chavon_casa_de_campo3-3.jpg?fit=180%2C259&ssl=1\",\"contentUrl\":\"https:\\\/\\\/i0.wp.com\\\/casadecampoliving.com\\\/wp-content\\\/uploads\\\/2022\\\/10\\\/Sting_juan_luis_guerra_altos_de_chavon_casa_de_campo3-3.jpg?fit=180%2C259&ssl=1\",\"width\":180,\"height\":259},{\"@type\":\"BreadcrumbList\",\"@id\":\"https:\\\/\\\/casadecampoliving.com\\\/es\\\/confirmado-sting-vuelve-a-altos-de-chavon\\\/#breadcrumb\",\"itemListElement\":[{\"@type\":\"ListItem\",\"position\":1,\"name\":\"Home\",\"item\":\"https:\\\/\\\/casadecampoliving.com\\\/es\\\/\"},{\"@type\":\"ListItem\",\"position\":2,\"name\":\"CONFIRMADO: Sting vuelve a Altos de Chav\u00f3n!\"}]},{\"@type\":\"WebSite\",\"@id\":\"https:\\\/\\\/casadecampoliving.com\\\/es\\\/#website\",\"url\":\"https:\\\/\\\/casadecampoliving.com\\\/es\\\/\",\"name\":\"Casa de Campo Living\",\"description\":\"Resort community news and resources.\",\"publisher\":{\"@id\":\"https:\\\/\\\/casadecampoliving.com\\\/es\\\/#organization\"},\"potentialAction\":[{\"@type\":\"SearchAction\",\"target\":{\"@type\":\"EntryPoint\",\"urlTemplate\":\"https:\\\/\\\/casadecampoliving.com\\\/es\\\/?s={search_term_string}\"},\"query-input\":{\"@type\":\"PropertyValueSpecification\",\"valueRequired\":true,\"valueName\":\"search_term_string\"}}],\"inLanguage\":\"es\"},{\"@type\":\"Organization\",\"@id\":\"https:\\\/\\\/casadecampoliving.com\\\/es\\\/#organization\",\"name\":\"Casa de Campo Living\",\"url\":\"https:\\\/\\\/casadecampoliving.com\\\/es\\\/\",\"logo\":{\"@type\":\"ImageObject\",\"inLanguage\":\"es\",\"@id\":\"https:\\\/\\\/casadecampoliving.com\\\/es\\\/#\\\/schema\\\/logo\\\/image\\\/\",\"url\":\"https:\\\/\\\/i0.wp.com\\\/casadecampoliving.com\\\/wp-content\\\/uploads\\\/2022\\\/07\\\/CDCLivingLogo_V1-white-sized.png?fit=800%2C214&ssl=1\",\"contentUrl\":\"https:\\\/\\\/i0.wp.com\\\/casadecampoliving.com\\\/wp-content\\\/uploads\\\/2022\\\/07\\\/CDCLivingLogo_V1-white-sized.png?fit=800%2C214&ssl=1\",\"width\":800,\"height\":214,\"caption\":\"Casa de Campo Living\"},\"image\":{\"@id\":\"https:\\\/\\\/casadecampoliving.com\\\/es\\\/#\\\/schema\\\/logo\\\/image\\\/\"},\"sameAs\":[\"https:\\\/\\\/www.facebook.com\\\/casadecampoliving\",\"https:\\\/\\\/x.com\\\/cdcliving\"]},{\"@type\":\"Person\",\"@id\":\"https:\\\/\\\/casadecampoliving.com\\\/es\\\/#\\\/schema\\\/person\\\/2b2208f3175fa8761e25b272e096d718\",\"name\":\"Rebecca Silvestri\",\"image\":{\"@type\":\"ImageObject\",\"inLanguage\":\"es\",\"@id\":\"https:\\\/\\\/secure.gravatar.com\\\/avatar\\\/2d937fd6c1769fb718dbf8dce9e82bf5f89e97bd028f9b3ea10b931dc7df95c6?s=96&d=mm&r=g\",\"url\":\"https:\\\/\\\/secure.gravatar.com\\\/avatar\\\/2d937fd6c1769fb718dbf8dce9e82bf5f89e97bd028f9b3ea10b931dc7df95c6?s=96&d=mm&r=g\",\"contentUrl\":\"https:\\\/\\\/secure.gravatar.com\\\/avatar\\\/2d937fd6c1769fb718dbf8dce9e82bf5f89e97bd028f9b3ea10b931dc7df95c6?s=96&d=mm&r=g\",\"caption\":\"Rebecca Silvestri\"},\"url\":\"https:\\\/\\\/casadecampoliving.com\\\/es\\\/author\\\/madamehuge\\\/\"}]}<\/script>\n<!-- \/ Yoast SEO plugin. -->","yoast_head_json":{"title":"CONFIRMADO: Sting vuelve a Altos de Chav\u00f3n! | Casa de Campo Living","description":"Sting&nbsp;se presentar\u00e1 en el&nbsp;Anfiteatro de&nbsp;Altos de&nbsp;Chav\u00f3n&nbsp;en&nbsp;La Romana,&nbsp;Rep\u00fablica Dominicana, el&nbsp;domingo, 04 de","robots":{"index":"index","follow":"follow","max-snippet":"max-snippet:-1","max-image-preview":"max-image-preview:large","max-video-preview":"max-video-preview:-1"},"canonical":"https:\/\/casadecampoliving.com\/es\/confirmado-sting-vuelve-a-altos-de-chavon\/","og_locale":"es_ES","og_type":"article","og_title":"CONFIRMADO: Sting vuelve a Altos de Chav\u00f3n! | Casa de Campo Living","og_description":"Sting&nbsp;se presentar\u00e1 en el&nbsp;Anfiteatro de&nbsp;Altos de&nbsp;Chav\u00f3n&nbsp;en&nbsp;La Romana,&nbsp;Rep\u00fablica Dominicana, el&nbsp;domingo, 04 de","og_url":"https:\/\/casadecampoliving.com\/es\/confirmado-sting-vuelve-a-altos-de-chavon\/","og_site_name":"Casa de Campo Living","article_publisher":"https:\/\/www.facebook.com\/casadecampoliving","article_published_time":"2011-08-02T04:00:00+00:00","article_modified_time":"2022-10-21T22:36:47+00:00","og_image":[{"width":180,"height":259,"url":"https:\/\/i0.wp.com\/casadecampoliving.com\/wp-content\/uploads\/2022\/10\/Sting_juan_luis_guerra_altos_de_chavon_casa_de_campo3-3.jpg?fit=180%2C259&ssl=1","type":"image\/jpeg"}],"author":"Rebecca Silvestri","twitter_card":"summary_large_image","twitter_creator":"@cdcliving","twitter_site":"@cdcliving","twitter_misc":{"Escrito por":"Rebecca Silvestri","Tiempo de lectura":"4 minutos"},"schema":{"@context":"https:\/\/schema.org","@graph":[{"@type":"Article","@id":"https:\/\/casadecampoliving.com\/es\/confirmado-sting-vuelve-a-altos-de-chavon\/#article","isPartOf":{"@id":"https:\/\/casadecampoliving.com\/es\/confirmado-sting-vuelve-a-altos-de-chavon\/"},"author":{"name":"Rebecca Silvestri","@id":"https:\/\/casadecampoliving.com\/es\/#\/schema\/person\/2b2208f3175fa8761e25b272e096d718"},"headline":"CONFIRMADO: Sting vuelve a Altos de Chav\u00f3n!","datePublished":"2011-08-02T04:00:00+00:00","dateModified":"2022-10-21T22:36:47+00:00","mainEntityOfPage":{"@id":"https:\/\/casadecampoliving.com\/es\/confirmado-sting-vuelve-a-altos-de-chavon\/"},"wordCount":764,"publisher":{"@id":"https:\/\/casadecampoliving.com\/es\/#organization"},"image":{"@id":"https:\/\/casadecampoliving.com\/es\/confirmado-sting-vuelve-a-altos-de-chavon\/#primaryimage"},"thumbnailUrl":"https:\/\/i0.wp.com\/casadecampoliving.com\/wp-content\/uploads\/2022\/10\/Sting_juan_luis_guerra_altos_de_chavon_casa_de_campo3-3.jpg?fit=180%2C259&ssl=1","keywords":["Altos de Chavon","anfiteatro altos de chavon","conciertos","La Romana","sting"],"articleSection":["Altos de Chavon @es","Arte y cultura","Celebridades","Conciertos","Estilo de Vida","Noticias Locales","Proximamente"],"inLanguage":"es"},{"@type":"WebPage","@id":"https:\/\/casadecampoliving.com\/es\/confirmado-sting-vuelve-a-altos-de-chavon\/","url":"https:\/\/casadecampoliving.com\/es\/confirmado-sting-vuelve-a-altos-de-chavon\/","name":"CONFIRMADO: Sting vuelve a Altos de Chav\u00f3n! | Casa de Campo Living","isPartOf":{"@id":"https:\/\/casadecampoliving.com\/es\/#website"},"primaryImageOfPage":{"@id":"https:\/\/casadecampoliving.com\/es\/confirmado-sting-vuelve-a-altos-de-chavon\/#primaryimage"},"image":{"@id":"https:\/\/casadecampoliving.com\/es\/confirmado-sting-vuelve-a-altos-de-chavon\/#primaryimage"},"thumbnailUrl":"https:\/\/i0.wp.com\/casadecampoliving.com\/wp-content\/uploads\/2022\/10\/Sting_juan_luis_guerra_altos_de_chavon_casa_de_campo3-3.jpg?fit=180%2C259&ssl=1","datePublished":"2011-08-02T04:00:00+00:00","dateModified":"2022-10-21T22:36:47+00:00","description":"Sting&nbsp;se presentar\u00e1 en el&nbsp;Anfiteatro de&nbsp;Altos de&nbsp;Chav\u00f3n&nbsp;en&nbsp;La Romana,&nbsp;Rep\u00fablica Dominicana, el&nbsp;domingo, 04 de","breadcrumb":{"@id":"https:\/\/casadecampoliving.com\/es\/confirmado-sting-vuelve-a-altos-de-chavon\/#breadcrumb"},"inLanguage":"es","potentialAction":[{"@type":"ReadAction","target":["https:\/\/casadecampoliving.com\/es\/confirmado-sting-vuelve-a-altos-de-chavon\/"]}]},{"@type":"ImageObject","inLanguage":"es","@id":"https:\/\/casadecampoliving.com\/es\/confirmado-sting-vuelve-a-altos-de-chavon\/#primaryimage","url":"https:\/\/i0.wp.com\/casadecampoliving.com\/wp-content\/uploads\/2022\/10\/Sting_juan_luis_guerra_altos_de_chavon_casa_de_campo3-3.jpg?fit=180%2C259&ssl=1","contentUrl":"https:\/\/i0.wp.com\/casadecampoliving.com\/wp-content\/uploads\/2022\/10\/Sting_juan_luis_guerra_altos_de_chavon_casa_de_campo3-3.jpg?fit=180%2C259&ssl=1","width":180,"height":259},{"@type":"BreadcrumbList","@id":"https:\/\/casadecampoliving.com\/es\/confirmado-sting-vuelve-a-altos-de-chavon\/#breadcrumb","itemListElement":[{"@type":"ListItem","position":1,"name":"Home","item":"https:\/\/casadecampoliving.com\/es\/"},{"@type":"ListItem","position":2,"name":"CONFIRMADO: Sting vuelve a Altos de Chav\u00f3n!"}]},{"@type":"WebSite","@id":"https:\/\/casadecampoliving.com\/es\/#website","url":"https:\/\/casadecampoliving.com\/es\/","name":"Casa de Campo Living","description":"Resort community news and resources.","publisher":{"@id":"https:\/\/casadecampoliving.com\/es\/#organization"},"potentialAction":[{"@type":"SearchAction","target":{"@type":"EntryPoint","urlTemplate":"https:\/\/casadecampoliving.com\/es\/?s={search_term_string}"},"query-input":{"@type":"PropertyValueSpecification","valueRequired":true,"valueName":"search_term_string"}}],"inLanguage":"es"},{"@type":"Organization","@id":"https:\/\/casadecampoliving.com\/es\/#organization","name":"Casa de Campo Living","url":"https:\/\/casadecampoliving.com\/es\/","logo":{"@type":"ImageObject","inLanguage":"es","@id":"https:\/\/casadecampoliving.com\/es\/#\/schema\/logo\/image\/","url":"https:\/\/i0.wp.com\/casadecampoliving.com\/wp-content\/uploads\/2022\/07\/CDCLivingLogo_V1-white-sized.png?fit=800%2C214&ssl=1","contentUrl":"https:\/\/i0.wp.com\/casadecampoliving.com\/wp-content\/uploads\/2022\/07\/CDCLivingLogo_V1-white-sized.png?fit=800%2C214&ssl=1","width":800,"height":214,"caption":"Casa de Campo Living"},"image":{"@id":"https:\/\/casadecampoliving.com\/es\/#\/schema\/logo\/image\/"},"sameAs":["https:\/\/www.facebook.com\/casadecampoliving","https:\/\/x.com\/cdcliving"]},{"@type":"Person","@id":"https:\/\/casadecampoliving.com\/es\/#\/schema\/person\/2b2208f3175fa8761e25b272e096d718","name":"Rebecca Silvestri","image":{"@type":"ImageObject","inLanguage":"es","@id":"https:\/\/secure.gravatar.com\/avatar\/2d937fd6c1769fb718dbf8dce9e82bf5f89e97bd028f9b3ea10b931dc7df95c6?s=96&d=mm&r=g","url":"https:\/\/secure.gravatar.com\/avatar\/2d937fd6c1769fb718dbf8dce9e82bf5f89e97bd028f9b3ea10b931dc7df95c6?s=96&d=mm&r=g","contentUrl":"https:\/\/secure.gravatar.com\/avatar\/2d937fd6c1769fb718dbf8dce9e82bf5f89e97bd028f9b3ea10b931dc7df95c6?s=96&d=mm&r=g","caption":"Rebecca Silvestri"},"url":"https:\/\/casadecampoliving.com\/es\/author\/madamehuge\/"}]}},"parsely":{"version":"1.1.0","canonical_url":"https:\/\/casadecampoliving.com\/es\/confirmado-sting-vuelve-a-altos-de-chavon\/","smart_links":{"inbound":0,"outbound":0},"traffic_boost_suggestions_count":0,"meta":{"@context":"https:\/\/schema.org","@type":"NewsArticle","headline":"CONFIRMADO: Sting vuelve a Altos de Chav\u00f3n!","url":"http:\/\/casadecampoliving.com\/es\/confirmado-sting-vuelve-a-altos-de-chavon\/","mainEntityOfPage":{"@type":"WebPage","@id":"http:\/\/casadecampoliving.com\/es\/confirmado-sting-vuelve-a-altos-de-chavon\/"},"thumbnailUrl":"https:\/\/i0.wp.com\/casadecampoliving.com\/wp-content\/uploads\/2022\/10\/Sting_juan_luis_guerra_altos_de_chavon_casa_de_campo3-3.jpg?resize=150%2C150&ssl=1","image":{"@type":"ImageObject","url":"https:\/\/i0.wp.com\/casadecampoliving.com\/wp-content\/uploads\/2022\/10\/Sting_juan_luis_guerra_altos_de_chavon_casa_de_campo3-3.jpg?fit=180%2C259&ssl=1"},"articleSection":"Altos de Chavon @es","author":[{"@type":"Person","name":"Rebecca Silvestri"}],"creator":["Rebecca Silvestri"],"publisher":{"@type":"Organization","name":"Casa de Campo Living","logo":"https:\/\/casadecampoliving.com\/wp-content\/uploads\/2022\/07\/CDCLivingLogo_V1-white-sized.png"},"keywords":["altos de chavon","anfiteatro altos de chavon","conciertos","la romana","sting"],"dateCreated":"2011-08-02T04:00:00Z","datePublished":"2011-08-02T04:00:00Z","dateModified":"2022-10-21T22:36:47Z"},"rendered":"<script type=\"application\/ld+json\" class=\"wp-parsely-metadata\">{\"@context\":\"https:\\\/\\\/schema.org\",\"@type\":\"NewsArticle\",\"headline\":\"CONFIRMADO: Sting vuelve a Altos de Chav\\u00f3n!\",\"url\":\"http:\\\/\\\/casadecampoliving.com\\\/es\\\/confirmado-sting-vuelve-a-altos-de-chavon\\\/\",\"mainEntityOfPage\":{\"@type\":\"WebPage\",\"@id\":\"http:\\\/\\\/casadecampoliving.com\\\/es\\\/confirmado-sting-vuelve-a-altos-de-chavon\\\/\"},\"thumbnailUrl\":\"https:\\\/\\\/i0.wp.com\\\/casadecampoliving.com\\\/wp-content\\\/uploads\\\/2022\\\/10\\\/Sting_juan_luis_guerra_altos_de_chavon_casa_de_campo3-3.jpg?resize=150%2C150&ssl=1\",\"image\":{\"@type\":\"ImageObject\",\"url\":\"https:\\\/\\\/i0.wp.com\\\/casadecampoliving.com\\\/wp-content\\\/uploads\\\/2022\\\/10\\\/Sting_juan_luis_guerra_altos_de_chavon_casa_de_campo3-3.jpg?fit=180%2C259&ssl=1\"},\"articleSection\":\"Altos de Chavon @es\",\"author\":[{\"@type\":\"Person\",\"name\":\"Rebecca Silvestri\"}],\"creator\":[\"Rebecca Silvestri\"],\"publisher\":{\"@type\":\"Organization\",\"name\":\"Casa de Campo Living\",\"logo\":\"https:\\\/\\\/casadecampoliving.com\\\/wp-content\\\/uploads\\\/2022\\\/07\\\/CDCLivingLogo_V1-white-sized.png\"},\"keywords\":[\"altos de chavon\",\"anfiteatro altos de chavon\",\"conciertos\",\"la romana\",\"sting\"],\"dateCreated\":\"2011-08-02T04:00:00Z\",\"datePublished\":\"2011-08-02T04:00:00Z\",\"dateModified\":\"2022-10-21T22:36:47Z\"}<\/script>","tracker_url":"https:\/\/cdn.parsely.com\/keys\/casadecampoliving.com\/p.js"},"jetpack_publicize_connections":[],"jetpack_featured_media_url":"https:\/\/i0.wp.com\/casadecampoliving.com\/wp-content\/uploads\/2022\/10\/Sting_juan_luis_guerra_altos_de_chavon_casa_de_campo3-3.jpg?fit=180%2C259&ssl=1","jetpack-related-posts":[{"id":433460,"url":"https:\/\/casadecampoliving.com\/es\/no-se-pierdan-el-increible-tributo-a-frank-sinatra-para-celebrar-el-40-aniversario-del-anfiteatro-altos-de-chavon\/","url_meta":{"origin":336931,"position":0},"title":"No se pierdan el incre\u00edble tributo a Frank Sinatra para celebrar el 40 aniversario del\u00a0Anfiteatro Altos de Chav\u00f3n","author":"Casa de Campo Living","date":"20 Oct, 2022","format":false,"excerpt":"Siendo uno de los escenarios m\u00e1s emblem\u00e1ticos del pa\u00eds, Casa de Campo Resort\u00ae & Villas celebra las cuatro d\u00e9cadas de aniversario de Altos de Chav\u00f3n con un tributo al gran Frank Sinatra, protagonizado por artistas invitados y una big band tal cual la que acompa\u00f1\u00f3 al artista hace 40 a\u00f1os\u2026","rel":"","context":"En \u00abUncategorized @es\u00bb","block_context":{"text":"Uncategorized @es","link":"https:\/\/casadecampoliving.com\/es\/category\/uncategorized-es\/"},"img":{"alt_text":"","src":"https:\/\/i0.wp.com\/casadecampoliving.com\/wp-content\/uploads\/2022\/10\/Tributo-Frank-Sinatra-Foto-Principal-Amaury-Sanchez-Danilo-Ginebra-Andres-Pichardo-y-Jose-Gabriel-Perez-.jpg?fit=1200%2C873&ssl=1&resize=350%2C200","width":350,"height":200,"srcset":"https:\/\/i0.wp.com\/casadecampoliving.com\/wp-content\/uploads\/2022\/10\/Tributo-Frank-Sinatra-Foto-Principal-Amaury-Sanchez-Danilo-Ginebra-Andres-Pichardo-y-Jose-Gabriel-Perez-.jpg?fit=1200%2C873&ssl=1&resize=350%2C200 1x, https:\/\/i0.wp.com\/casadecampoliving.com\/wp-content\/uploads\/2022\/10\/Tributo-Frank-Sinatra-Foto-Principal-Amaury-Sanchez-Danilo-Ginebra-Andres-Pichardo-y-Jose-Gabriel-Perez-.jpg?fit=1200%2C873&ssl=1&resize=525%2C300 1.5x, https:\/\/i0.wp.com\/casadecampoliving.com\/wp-content\/uploads\/2022\/10\/Tributo-Frank-Sinatra-Foto-Principal-Amaury-Sanchez-Danilo-Ginebra-Andres-Pichardo-y-Jose-Gabriel-Perez-.jpg?fit=1200%2C873&ssl=1&resize=700%2C400 2x, https:\/\/i0.wp.com\/casadecampoliving.com\/wp-content\/uploads\/2022\/10\/Tributo-Frank-Sinatra-Foto-Principal-Amaury-Sanchez-Danilo-Ginebra-Andres-Pichardo-y-Jose-Gabriel-Perez-.jpg?fit=1200%2C873&ssl=1&resize=1050%2C600 3x"},"classes":[]},{"id":337358,"url":"https:\/\/casadecampoliving.com\/es\/festejando-en-altos-de-chavon-con-sting-2\/","url_meta":{"origin":336931,"position":1},"title":"Festejando en Altos de Chav\u00f3n con STING!","author":"Rebecca Silvestri","date":"11 Sep, 2011","format":false,"excerpt":"El pasado domingo 4 de septiembre, la Republica Dominicana d\u00edo una bienvenida a la artista britanica STING en al Anfiteatro de Altos de Chav\u00f3n en Casa de Campo La Romana.\u00a0 En el a\u00f1o 2006, STING actu\u00f3 por primera vez en Altos de Chav\u00f3n, Casa de Campo y llen\u00f3 el anfiteatro\u2026","rel":"","context":"En \u00abAltos de Chavon @es\u00bb","block_context":{"text":"Altos de Chavon @es","link":"https:\/\/casadecampoliving.com\/category\/altos-de-chavon-es\/"},"img":{"alt_text":"","src":"https:\/\/i0.wp.com\/casadecampoliving.com\/wp-content\/uploads\/2022\/10\/Sting_altos_de_chavon-1.jpg?fit=565%2C378&ssl=1&resize=350%2C200","width":350,"height":200,"srcset":"https:\/\/i0.wp.com\/casadecampoliving.com\/wp-content\/uploads\/2022\/10\/Sting_altos_de_chavon-1.jpg?fit=565%2C378&ssl=1&resize=350%2C200 1x, https:\/\/i0.wp.com\/casadecampoliving.com\/wp-content\/uploads\/2022\/10\/Sting_altos_de_chavon-1.jpg?fit=565%2C378&ssl=1&resize=525%2C300 1.5x"},"classes":[]},{"id":337418,"url":"https:\/\/casadecampoliving.com\/es\/sting-un-espectaculo-en-altos-de-chavon-2\/","url_meta":{"origin":336931,"position":2},"title":"STING: Un Espect\u00e1culo en Altos de Chav\u00f3n!","author":"Rebecca Silvestri","date":"5 Sep, 2011","format":false,"excerpt":"Anoche STING llen\u00f3 el anfiteatro de Altos de Chav\u00f3n con m\u00e1s de 5,000 personas, quienes festejaron toda la noche en un concierto legendario! El concierto empez\u00f3 muy punctual a las 7pm con Pavel N\u00fanez, quien cant\u00f3 por una media hora. Despu\u00e9s STING empez\u00f3 a las 8pm con su\u00a0canci\u00f3n\u00a0popular \u201cMessage in\u2026","rel":"","context":"En \u00abAltos de Chavon @es\u00bb","block_context":{"text":"Altos de Chavon @es","link":"https:\/\/casadecampoliving.com\/category\/altos-de-chavon-es\/"},"img":{"alt_text":"","src":"https:\/\/i0.wp.com\/casadecampoliving.com\/wp-content\/uploads\/2022\/10\/STING_altos_de_chavon_casa_de_campo-1.jpg?fit=565%2C358&ssl=1&resize=350%2C200","width":350,"height":200,"srcset":"https:\/\/i0.wp.com\/casadecampoliving.com\/wp-content\/uploads\/2022\/10\/STING_altos_de_chavon_casa_de_campo-1.jpg?fit=565%2C358&ssl=1&resize=350%2C200 1x, https:\/\/i0.wp.com\/casadecampoliving.com\/wp-content\/uploads\/2022\/10\/STING_altos_de_chavon_casa_de_campo-1.jpg?fit=565%2C358&ssl=1&resize=525%2C300 1.5x"},"classes":[]},{"id":336957,"url":"https:\/\/casadecampoliving.com\/es\/cena-especial-en-la-piazetta-con-motivo-del-concierto-de-sting\/","url_meta":{"origin":336931,"position":3},"title":"Cena Especial en La Piazetta con motivo del concierto de STING!","author":"Rebecca Silvestri","date":"2 Sep, 2011","format":false,"excerpt":"Este Domingo 4 de Septiembre, el concierto de STING tendr\u00e1 lugar en el anfiteatro de Altos de Chav\u00f3n \u2013 y para alimentarnos bien para la fiesta la Piazetta en Altos de Chav\u00f3n estar\u00e1n ofreciendo una cena especial!\u00a0 To read this article in ENGLISH, click HERE! La Piazetta en Altos de\u2026","rel":"","context":"En \u00abComidas &amp; Bebidas\u00bb","block_context":{"text":"Comidas &amp; Bebidas","link":"https:\/\/casadecampoliving.com\/es\/category\/comidas-bebidas\/"},"img":{"alt_text":"","src":"https:\/\/i0.wp.com\/casadecampoliving.com\/wp-content\/uploads\/2022\/10\/STING_la_piazetta_casa_de_campo_altos_de_chavon_warmoctupus_salad-1.jpg?fit=565%2C293&ssl=1&resize=350%2C200","width":350,"height":200,"srcset":"https:\/\/i0.wp.com\/casadecampoliving.com\/wp-content\/uploads\/2022\/10\/STING_la_piazetta_casa_de_campo_altos_de_chavon_warmoctupus_salad-1.jpg?fit=565%2C293&ssl=1&resize=350%2C200 1x, https:\/\/i0.wp.com\/casadecampoliving.com\/wp-content\/uploads\/2022\/10\/STING_la_piazetta_casa_de_campo_altos_de_chavon_warmoctupus_salad-1.jpg?fit=565%2C293&ssl=1&resize=525%2C300 1.5x"},"classes":[]},{"id":337174,"url":"https:\/\/casadecampoliving.com\/es\/un-ano-de-celebraciones-para-el-30mo-aniversario-del-anfiteatro-de-altos-de-chavon\/","url_meta":{"origin":336931,"position":4},"title":"\u00a1Un a\u00f1o de celebraciones para el 30mo aniversario del anfiteatro de Altos de Chav\u00f3n!","author":"","date":"1 Oct, 2011","format":false,"excerpt":"El anfiteatro de Altos de Chav\u00f3n fue inaugurado con Frank Sinatra y desde entonces ha dado la bienvenida a algunos de los mejores artistas del mundo de la m\u00fasica en m\u00e1s de 163 conciertos. Ahora en su 30mo a\u00f1o, este famoso lugar musical est\u00e1 celebrando su fecha de aniversario a\u2026","rel":"","context":"En \u00abAltos de Chavon @es\u00bb","block_context":{"text":"Altos de Chavon @es","link":"https:\/\/casadecampoliving.com\/category\/altos-de-chavon-es\/"},"img":{"alt_text":"","src":"https:\/\/i0.wp.com\/casadecampoliving.com\/wp-content\/uploads\/2022\/10\/altos_de_chavon_amphitheater-3.jpg?fit=565%2C436&ssl=1&resize=350%2C200","width":350,"height":200,"srcset":"https:\/\/i0.wp.com\/casadecampoliving.com\/wp-content\/uploads\/2022\/10\/altos_de_chavon_amphitheater-3.jpg?fit=565%2C436&ssl=1&resize=350%2C200 1x, https:\/\/i0.wp.com\/casadecampoliving.com\/wp-content\/uploads\/2022\/10\/altos_de_chavon_amphitheater-3.jpg?fit=565%2C436&ssl=1&resize=525%2C300 1.5x"},"classes":[]},{"id":336998,"url":"https:\/\/casadecampoliving.com\/es\/cena-especial-en-la-piazetta-con-motivo-del-concierto-de-franco-de-vita\/","url_meta":{"origin":336931,"position":5},"title":"Cena Especial en La Piazetta con motivo del concierto de Franco de Vita!","author":"Rebecca Silvestri","date":"10 Sep, 2011","format":false,"excerpt":"Este s\u00e1bado 17 de Septiembre, el concierto de STING tendr\u00e1 lugar en el anfiteatro de Altos de Chav\u00f3n \u2013 y para alimentarnos bien para la fiesta, La Piazetta restaurante en Altos de Chav\u00f3n estar\u00e1n ofreciendo una cena especial! La Piazetta en Altos de Chav\u00f3n es uno de los mejores restaurantes\u2026","rel":"","context":"En \u00abAltos de Chavon @es\u00bb","block_context":{"text":"Altos de Chavon @es","link":"https:\/\/casadecampoliving.com\/category\/altos-de-chavon-es\/"},"img":{"alt_text":"","src":"https:\/\/i0.wp.com\/casadecampoliving.com\/wp-content\/uploads\/2022\/10\/la-piazetta-antipasto-casa-de-campo-living-1.jpg?fit=575%2C353&ssl=1&resize=350%2C200","width":350,"height":200,"srcset":"https:\/\/i0.wp.com\/casadecampoliving.com\/wp-content\/uploads\/2022\/10\/la-piazetta-antipasto-casa-de-campo-living-1.jpg?fit=575%2C353&ssl=1&resize=350%2C200 1x, https:\/\/i0.wp.com\/casadecampoliving.com\/wp-content\/uploads\/2022\/10\/la-piazetta-antipasto-casa-de-campo-living-1.jpg?fit=575%2C353&ssl=1&resize=525%2C300 1.5x"},"classes":[]}],"jetpack_sharing_enabled":true,"_links":{"self":[{"href":"https:\/\/casadecampoliving.com\/es\/wp-json\/wp\/v2\/posts\/336931","targetHints":{"allow":["GET"]}}],"collection":[{"href":"https:\/\/casadecampoliving.com\/es\/wp-json\/wp\/v2\/posts"}],"about":[{"href":"https:\/\/casadecampoliving.com\/es\/wp-json\/wp\/v2\/types\/post"}],"author":[{"embeddable":true,"href":"https:\/\/casadecampoliving.com\/es\/wp-json\/wp\/v2\/users\/31"}],"replies":[{"embeddable":true,"href":"https:\/\/casadecampoliving.com\/es\/wp-json\/wp\/v2\/comments?post=336931"}],"version-history":[{"count":1,"href":"https:\/\/casadecampoliving.com\/es\/wp-json\/wp\/v2\/posts\/336931\/revisions"}],"predecessor-version":[{"id":336932,"href":"https:\/\/casadecampoliving.com\/es\/wp-json\/wp\/v2\/posts\/336931\/revisions\/336932"}],"wp:featuredmedia":[{"embeddable":true,"href":"https:\/\/casadecampoliving.com\/es\/wp-json\/wp\/v2\/media\/336056"}],"wp:attachment":[{"href":"https:\/\/casadecampoliving.com\/es\/wp-json\/wp\/v2\/media?parent=336931"}],"wp:term":[{"taxonomy":"category","embeddable":true,"href":"https:\/\/casadecampoliving.com\/es\/wp-json\/wp\/v2\/categories?post=336931"},{"taxonomy":"post_tag","embeddable":true,"href":"https:\/\/casadecampoliving.com\/es\/wp-json\/wp\/v2\/tags?post=336931"},{"taxonomy":"newspack_spnsrs_tax","embeddable":true,"href":"https:\/\/casadecampoliving.com\/es\/wp-json\/wp\/v2\/newspack_spnsrs_tax?post=336931"}],"curies":[{"name":"wp","href":"https:\/\/api.w.org\/{rel}","templated":true}]}}