{"id":336925,"date":"2011-02-16T00:00:00","date_gmt":"2011-02-16T04:00:00","guid":{"rendered":"https:\/\/casadecampoliving.com\/exaltacion-al-salon-de-la-fama-del-beisbol-latino-en-altos-de-chavon\/"},"modified":"2022-11-10T10:11:24","modified_gmt":"2022-11-10T14:11:24","slug":"exaltacion-al-salon-de-la-fama-del-beisbol-latino-en-altos-de-chavon","status":"publish","type":"post","link":"https:\/\/casadecampoliving.com\/es\/exaltacion-al-salon-de-la-fama-del-beisbol-latino-en-altos-de-chavon\/","title":{"rendered":"Exaltaci\u00f3n al Sal\u00f3n de la Fama del B\u00e9isbol Latino en Altos de Chavon"},"content":{"rendered":"<p style=\"text-align: center;\"><a href=\"https:\/\/i0.wp.com\/casadecampoliving.com\/wp-content\/uploads\/2022\/10\/DSC_0115.jpg?ssl=1\"><img data-recalc-dims=\"1\" loading=\"lazy\" decoding=\"async\" class=\"aligncenter size-full wp-image-25488\" src=\"https:\/\/i0.wp.com\/casadecampoliving.com\/wp-content\/uploads\/2022\/10\/DSC_0115.jpg?resize=526%2C350&#038;ssl=1\" alt=\"\" width=\"526\" height=\"350\" \/><\/a><\/p>\n<p>El Sabado 12 de Febrero fue un d\u00eda dedicado por completo al evento de inducci\u00f3n al Sal\u00f3n de la Fama del B\u00e9isbol Latino y fue sellado por una hermosa ceremonia en el Anfiteatro de Altos de Chavon con fuegos artificiales. En esta celebraci\u00f3n fueron reconocidos grandes peloteros de las grandes ligas desde Ricardo Carty a Alex Rodriguez.<!--more--><\/p>\n<p>Durante la emotiva celebraci\u00f3n a distinguidos miembros del B\u00e9isbol Latino hubo muchas risas, aplausos y lagrimas de felicidad por parte de jugadores quienes ten\u00edan tiempo sin estar involucrados en el deporte y se llenaron sus corazones de recuerdos alegres de tiempos pasados.<\/p>\n<p><a href=\"https:\/\/i0.wp.com\/casadecampoliving.com\/wp-content\/uploads\/2022\/10\/ARod_casadecampo-2.jpg?ssl=1\"><img data-recalc-dims=\"1\" loading=\"lazy\" decoding=\"async\" class=\"aligncenter size-full wp-image-25507\" src=\"https:\/\/i0.wp.com\/casadecampoliving.com\/wp-content\/uploads\/2022\/10\/ARod_casadecampo-2.jpg?resize=497%2C326&#038;ssl=1\" alt=\"\" width=\"497\" height=\"326\" \/><\/a>Alex Rodriguez, el tercera base para los Yankees de Nueva York,\u00a0 nos acompa\u00f1o en este evento para ser reconocido como el pelotero mas joven en obtener 600 <em>Home Runs (\u00a1o <\/em>jonrones como le decimos ac\u00e1!); el s\u00e9ptimo en toda la historia del MLB en obtener mas de 600 Home Runs.<\/p>\n<p><a href=\"https:\/\/casadecampoliving.com\/2011\/02\/celebrity-spotting-at-the-salon-de-la-fama-alex-rodriquez-and-cameron-diaz\/\" target=\"_self\" rel=\"noopener\">Oprima aqui para ver mas fotos.<\/a><\/p>\n<p><a href=\"https:\/\/i0.wp.com\/casadecampoliving-wp.s3-accelerate.amazonaws.com\/2011\/02\/salondelafama_casadecampo.jpg?ssl=1\"><img data-recalc-dims=\"1\" loading=\"lazy\" decoding=\"async\" class=\"alignleft size-medium wp-image-25508\" style=\"margin-left: 15px; margin-right: 15px;\" src=\"https:\/\/i0.wp.com\/casadecampoliving.com\/wp-content\/uploads\/2022\/10\/salondelafama_casadecampo-300x173-2.jpg?resize=300%2C173&#038;ssl=1\" alt=\"\" width=\"300\" height=\"173\" \/><\/a> Fue bastante hermoso ver como uno a los otros se acordaban entre si el compa\u00f1erismo especial que los ha unido a trav\u00e9s del tiempo, al igual que momentos que llegaron a compartir en a\u00f1os anteriores.En varias ocasiones casi se me salen las lagrimas al ver como estos peloteros con sus aspectos sumamente varoniles ense\u00f1aban su lado sentimental al agradecerles a sus esposas por su apoyo junto a las palabras de admiraci\u00f3n que le ofrec\u00edan a sus colegas.<\/p>\n<p>Para el 2011, los siguientes 7 jugadores fueron exaltados al Sal\u00f3n de la Fama del B\u00e9isbol Latino:<\/p>\n<p><strong>Luis Tiant<\/strong> -Cuba<a href=\"https:\/\/i0.wp.com\/casadecampoliving-wp.s3-accelerate.amazonaws.com\/2011\/02\/salondelafama_altosdechavon.jpg?ssl=1\"><img data-recalc-dims=\"1\" loading=\"lazy\" decoding=\"async\" class=\"size-medium wp-image-25510 alignright\" src=\"https:\/\/i0.wp.com\/casadecampoliving.com\/wp-content\/uploads\/2022\/10\/salondelafama_altosdechavon-300x199-2.jpg?resize=300%2C199&#038;ssl=1\" alt=\"\" width=\"300\" height=\"199\" \/><\/a><\/p>\n<p><strong>Fernando Valenzuela<\/strong> -M\u00e9xico<\/p>\n<p><strong>Dennis Martinez<\/strong> -Nicaragua<\/p>\n<p><strong>Manny Sanguill\u00e9n<\/strong>&#8211; Panam\u00e1<\/p>\n<p><strong>Edgar Martinez<\/strong>&#8211; Puerto Rico<\/p>\n<p><strong>Ricardo Carty<\/strong>&#8211; Republica Dominicana<\/p>\n<p><strong>Andr\u00e9s Galarrag<\/strong>a- Venezuela<\/p>\n<p>Visiten la pagina de<a href=\"www.salondelafamadelbeisbollatino.com\" target=\"_blank\" rel=\"noopener\"> El Sal\u00f3n de la Fama del B\u00e9isbol Latino <\/a>para mas detalles.<\/p>\n<p>Aqui tenemos algunas fotos de la ceremonia contribuido por Carlitos Pichardo de Dom Ham:<\/p>\n<p><strong>[nggallery id=708]<\/strong><\/p>\n","protected":false},"excerpt":{"rendered":"<p>El Sabado 12 de Febrero fue un d\u00eda dedicado por completo al evento de inducci\u00f3n al Sal\u00f3n de la Fama del B\u00e9isbol Latino y fue sellado por una hermosa ceremonia en el Anfiteatro de Altos de Chavon con fuegos artificiales. En esta celebraci\u00f3n fueron reconocidos grandes peloteros de las grandes ligas desde Ricardo Carty a [&hellip;]<\/p>\n","protected":false},"author":261,"featured_media":251242,"comment_status":"closed","ping_status":"open","sticky":false,"template":"","format":"standard","meta":{"newspack_ads_suppress_ads":false,"newspack_popups_has_disabled_popups":false,"newspack_sponsor_sponsorship_scope":"","newspack_sponsor_native_byline_display":"inherit","newspack_sponsor_native_category_display":"inherit","newspack_sponsor_underwriter_style":"inherit","newspack_sponsor_underwriter_placement":"inherit","_newspack_byline_active":false,"_newspack_byline":"","newspack_hide_updated_date":false,"newspack_show_updated_date":false,"newspack_content_restriction_is_exempt":false,"newspack_featured_image_position":"","newspack_post_subtitle":"","newspack_article_summary_title":"Overview:","newspack_article_summary":"","_jetpack_memberships_contains_paid_content":false,"footnotes":"","jetpack_publicize_message":"","jetpack_publicize_feature_enabled":true,"jetpack_social_post_already_shared":false,"jetpack_social_options":{"image_generator_settings":{"template":"highway","default_image_id":0,"font":"","enabled":false},"version":2},"_wpas_customize_per_network":false},"categories":[26819,2513,2518,14631,2522,14625,14627],"tags":[1769,2604,2545,1763,2677,1766],"newspack_spnsrs_tax":[],"class_list":["post-336925","post","type-post","status-publish","format-standard","has-post-thumbnail","hentry","category-altos-de-chavon-es","category-celebridades-es","category-conciertos-es","category-estilo-de-vida","category-eventos-es","category-noticias-locales","category-proximamente","tag-alex-rodriguez","tag-anfiteatro-altos-de-chavon","tag-anfiteatro-de-altos-de-chavon","tag-cameron-diaz","tag-conciertos","tag-salon-de-la-fama","entry"],"yoast_head":"<!-- This site is optimized with the Yoast SEO plugin v27.4 - https:\/\/yoast.com\/product\/yoast-seo-wordpress\/ -->\n<title>Exaltaci\u00f3n al Sal\u00f3n de la Fama del B\u00e9isbol Latino en Altos de Chavon | Casa de Campo Living<\/title>\n<meta name=\"description\" content=\"El Sabado 12 de Febrero fue un d\u00eda dedicado por completo al evento de inducci\u00f3n al Sal\u00f3n de la Fama del B\u00e9isbol Latino y fue sellado por una hermosa\" \/>\n<meta name=\"robots\" content=\"index, follow, max-snippet:-1, max-image-preview:large, max-video-preview:-1\" \/>\n<link rel=\"canonical\" href=\"https:\/\/casadecampoliving.com\/es\/exaltacion-al-salon-de-la-fama-del-beisbol-latino-en-altos-de-chavon\/\" \/>\n<meta property=\"og:locale\" content=\"es_ES\" \/>\n<meta property=\"og:type\" content=\"article\" \/>\n<meta property=\"og:title\" content=\"Exaltaci\u00f3n al Sal\u00f3n de la Fama del B\u00e9isbol Latino en Altos de Chavon | Casa de Campo Living\" \/>\n<meta property=\"og:description\" content=\"El Sabado 12 de Febrero fue un d\u00eda dedicado por completo al evento de inducci\u00f3n al Sal\u00f3n de la Fama del B\u00e9isbol Latino y fue sellado por una hermosa\" \/>\n<meta property=\"og:url\" content=\"https:\/\/casadecampoliving.com\/es\/exaltacion-al-salon-de-la-fama-del-beisbol-latino-en-altos-de-chavon\/\" \/>\n<meta property=\"og:site_name\" content=\"Casa de Campo Living\" \/>\n<meta property=\"article:publisher\" content=\"https:\/\/www.facebook.com\/casadecampoliving\" \/>\n<meta property=\"article:published_time\" content=\"2011-02-16T04:00:00+00:00\" \/>\n<meta property=\"article:modified_time\" content=\"2022-11-10T14:11:24+00:00\" \/>\n<meta property=\"og:image\" content=\"https:\/\/i0.wp.com\/casadecampoliving.com\/wp-content\/uploads\/2022\/10\/DSC_0115-1.jpg?fit=752%2C500&ssl=1\" \/>\n\t<meta property=\"og:image:width\" content=\"752\" \/>\n\t<meta property=\"og:image:height\" content=\"500\" \/>\n\t<meta property=\"og:image:type\" content=\"image\/jpeg\" \/>\n<meta name=\"author\" content=\"Jhosmarty Castillo\" \/>\n<meta name=\"twitter:card\" content=\"summary_large_image\" \/>\n<meta name=\"twitter:creator\" content=\"@cdcliving\" \/>\n<meta name=\"twitter:site\" content=\"@cdcliving\" \/>\n<meta name=\"twitter:label1\" content=\"Escrito por\" \/>\n\t<meta name=\"twitter:data1\" content=\"Jhosmarty Castillo\" \/>\n\t<meta name=\"twitter:label2\" content=\"Tiempo de lectura\" \/>\n\t<meta name=\"twitter:data2\" content=\"2 minutos\" \/>\n<script type=\"application\/ld+json\" class=\"yoast-schema-graph\">{\"@context\":\"https:\\\/\\\/schema.org\",\"@graph\":[{\"@type\":\"Article\",\"@id\":\"https:\\\/\\\/casadecampoliving.com\\\/es\\\/exaltacion-al-salon-de-la-fama-del-beisbol-latino-en-altos-de-chavon\\\/#article\",\"isPartOf\":{\"@id\":\"https:\\\/\\\/casadecampoliving.com\\\/es\\\/exaltacion-al-salon-de-la-fama-del-beisbol-latino-en-altos-de-chavon\\\/\"},\"author\":{\"name\":\"Jhosmarty Castillo\",\"@id\":\"https:\\\/\\\/casadecampoliving.com\\\/es\\\/#\\\/schema\\\/person\\\/8804cb05b20f15b886db7f54f0e47cc7\"},\"headline\":\"Exaltaci\u00f3n al Sal\u00f3n de la Fama del B\u00e9isbol Latino en Altos de Chavon\",\"datePublished\":\"2011-02-16T04:00:00+00:00\",\"dateModified\":\"2022-11-10T14:11:24+00:00\",\"mainEntityOfPage\":{\"@id\":\"https:\\\/\\\/casadecampoliving.com\\\/es\\\/exaltacion-al-salon-de-la-fama-del-beisbol-latino-en-altos-de-chavon\\\/\"},\"wordCount\":338,\"publisher\":{\"@id\":\"https:\\\/\\\/casadecampoliving.com\\\/es\\\/#organization\"},\"image\":{\"@id\":\"https:\\\/\\\/casadecampoliving.com\\\/es\\\/exaltacion-al-salon-de-la-fama-del-beisbol-latino-en-altos-de-chavon\\\/#primaryimage\"},\"thumbnailUrl\":\"https:\\\/\\\/i0.wp.com\\\/casadecampoliving.com\\\/wp-content\\\/uploads\\\/2022\\\/10\\\/DSC_0115-1.jpg?fit=752%2C500&ssl=1\",\"keywords\":[\"alex rodriguez\",\"anfiteatro altos de chavon\",\"anfiteatro de altos de chavon\",\"cameron diaz\",\"conciertos\",\"salon de la fama\"],\"articleSection\":[\"Altos de Chavon @es\",\"Celebridades\",\"Conciertos\",\"Estilo de Vida\",\"Eventos\",\"Noticias Locales\",\"Proximamente\"],\"inLanguage\":\"es\"},{\"@type\":\"WebPage\",\"@id\":\"https:\\\/\\\/casadecampoliving.com\\\/es\\\/exaltacion-al-salon-de-la-fama-del-beisbol-latino-en-altos-de-chavon\\\/\",\"url\":\"https:\\\/\\\/casadecampoliving.com\\\/es\\\/exaltacion-al-salon-de-la-fama-del-beisbol-latino-en-altos-de-chavon\\\/\",\"name\":\"Exaltaci\u00f3n al Sal\u00f3n de la Fama del B\u00e9isbol Latino en Altos de Chavon | Casa de Campo Living\",\"isPartOf\":{\"@id\":\"https:\\\/\\\/casadecampoliving.com\\\/es\\\/#website\"},\"primaryImageOfPage\":{\"@id\":\"https:\\\/\\\/casadecampoliving.com\\\/es\\\/exaltacion-al-salon-de-la-fama-del-beisbol-latino-en-altos-de-chavon\\\/#primaryimage\"},\"image\":{\"@id\":\"https:\\\/\\\/casadecampoliving.com\\\/es\\\/exaltacion-al-salon-de-la-fama-del-beisbol-latino-en-altos-de-chavon\\\/#primaryimage\"},\"thumbnailUrl\":\"https:\\\/\\\/i0.wp.com\\\/casadecampoliving.com\\\/wp-content\\\/uploads\\\/2022\\\/10\\\/DSC_0115-1.jpg?fit=752%2C500&ssl=1\",\"datePublished\":\"2011-02-16T04:00:00+00:00\",\"dateModified\":\"2022-11-10T14:11:24+00:00\",\"description\":\"El Sabado 12 de Febrero fue un d\u00eda dedicado por completo al evento de inducci\u00f3n al Sal\u00f3n de la Fama del B\u00e9isbol Latino y fue sellado por una hermosa\",\"breadcrumb\":{\"@id\":\"https:\\\/\\\/casadecampoliving.com\\\/es\\\/exaltacion-al-salon-de-la-fama-del-beisbol-latino-en-altos-de-chavon\\\/#breadcrumb\"},\"inLanguage\":\"es\",\"potentialAction\":[{\"@type\":\"ReadAction\",\"target\":[\"https:\\\/\\\/casadecampoliving.com\\\/es\\\/exaltacion-al-salon-de-la-fama-del-beisbol-latino-en-altos-de-chavon\\\/\"]}]},{\"@type\":\"ImageObject\",\"inLanguage\":\"es\",\"@id\":\"https:\\\/\\\/casadecampoliving.com\\\/es\\\/exaltacion-al-salon-de-la-fama-del-beisbol-latino-en-altos-de-chavon\\\/#primaryimage\",\"url\":\"https:\\\/\\\/i0.wp.com\\\/casadecampoliving.com\\\/wp-content\\\/uploads\\\/2022\\\/10\\\/DSC_0115-1.jpg?fit=752%2C500&ssl=1\",\"contentUrl\":\"https:\\\/\\\/i0.wp.com\\\/casadecampoliving.com\\\/wp-content\\\/uploads\\\/2022\\\/10\\\/DSC_0115-1.jpg?fit=752%2C500&ssl=1\",\"width\":752,\"height\":500},{\"@type\":\"BreadcrumbList\",\"@id\":\"https:\\\/\\\/casadecampoliving.com\\\/es\\\/exaltacion-al-salon-de-la-fama-del-beisbol-latino-en-altos-de-chavon\\\/#breadcrumb\",\"itemListElement\":[{\"@type\":\"ListItem\",\"position\":1,\"name\":\"Home\",\"item\":\"https:\\\/\\\/casadecampoliving.com\\\/es\\\/\"},{\"@type\":\"ListItem\",\"position\":2,\"name\":\"Exaltaci\u00f3n al Sal\u00f3n de la Fama del B\u00e9isbol Latino en Altos de Chavon\"}]},{\"@type\":\"WebSite\",\"@id\":\"https:\\\/\\\/casadecampoliving.com\\\/es\\\/#website\",\"url\":\"https:\\\/\\\/casadecampoliving.com\\\/es\\\/\",\"name\":\"Casa de Campo Living\",\"description\":\"Resort community news and resources.\",\"publisher\":{\"@id\":\"https:\\\/\\\/casadecampoliving.com\\\/es\\\/#organization\"},\"potentialAction\":[{\"@type\":\"SearchAction\",\"target\":{\"@type\":\"EntryPoint\",\"urlTemplate\":\"https:\\\/\\\/casadecampoliving.com\\\/es\\\/?s={search_term_string}\"},\"query-input\":{\"@type\":\"PropertyValueSpecification\",\"valueRequired\":true,\"valueName\":\"search_term_string\"}}],\"inLanguage\":\"es\"},{\"@type\":\"Organization\",\"@id\":\"https:\\\/\\\/casadecampoliving.com\\\/es\\\/#organization\",\"name\":\"Casa de Campo Living\",\"url\":\"https:\\\/\\\/casadecampoliving.com\\\/es\\\/\",\"logo\":{\"@type\":\"ImageObject\",\"inLanguage\":\"es\",\"@id\":\"https:\\\/\\\/casadecampoliving.com\\\/es\\\/#\\\/schema\\\/logo\\\/image\\\/\",\"url\":\"https:\\\/\\\/i0.wp.com\\\/casadecampoliving.com\\\/wp-content\\\/uploads\\\/2022\\\/07\\\/CDCLivingLogo_V1-white-sized.png?fit=800%2C214&ssl=1\",\"contentUrl\":\"https:\\\/\\\/i0.wp.com\\\/casadecampoliving.com\\\/wp-content\\\/uploads\\\/2022\\\/07\\\/CDCLivingLogo_V1-white-sized.png?fit=800%2C214&ssl=1\",\"width\":800,\"height\":214,\"caption\":\"Casa de Campo Living\"},\"image\":{\"@id\":\"https:\\\/\\\/casadecampoliving.com\\\/es\\\/#\\\/schema\\\/logo\\\/image\\\/\"},\"sameAs\":[\"https:\\\/\\\/www.facebook.com\\\/casadecampoliving\",\"https:\\\/\\\/x.com\\\/cdcliving\"]},{\"@type\":\"Person\",\"@id\":\"https:\\\/\\\/casadecampoliving.com\\\/es\\\/#\\\/schema\\\/person\\\/8804cb05b20f15b886db7f54f0e47cc7\",\"name\":\"Jhosmarty Castillo\",\"image\":{\"@type\":\"ImageObject\",\"inLanguage\":\"es\",\"@id\":\"https:\\\/\\\/secure.gravatar.com\\\/avatar\\\/bdec58b5e7f0c51e8165e28bf0cec6827d3efb0395f9bf577508fee1640715bb?s=96&d=mm&r=g\",\"url\":\"https:\\\/\\\/secure.gravatar.com\\\/avatar\\\/bdec58b5e7f0c51e8165e28bf0cec6827d3efb0395f9bf577508fee1640715bb?s=96&d=mm&r=g\",\"contentUrl\":\"https:\\\/\\\/secure.gravatar.com\\\/avatar\\\/bdec58b5e7f0c51e8165e28bf0cec6827d3efb0395f9bf577508fee1640715bb?s=96&d=mm&r=g\",\"caption\":\"Jhosmarty Castillo\"},\"sameAs\":[\"http:\\\/\\\/www.casadecampolivig.com\"],\"url\":\"https:\\\/\\\/casadecampoliving.com\\\/es\\\/author\\\/jcastillo\\\/\"}]}<\/script>\n<!-- \/ Yoast SEO plugin. -->","yoast_head_json":{"title":"Exaltaci\u00f3n al Sal\u00f3n de la Fama del B\u00e9isbol Latino en Altos de Chavon | Casa de Campo Living","description":"El Sabado 12 de Febrero fue un d\u00eda dedicado por completo al evento de inducci\u00f3n al Sal\u00f3n de la Fama del B\u00e9isbol Latino y fue sellado por una hermosa","robots":{"index":"index","follow":"follow","max-snippet":"max-snippet:-1","max-image-preview":"max-image-preview:large","max-video-preview":"max-video-preview:-1"},"canonical":"https:\/\/casadecampoliving.com\/es\/exaltacion-al-salon-de-la-fama-del-beisbol-latino-en-altos-de-chavon\/","og_locale":"es_ES","og_type":"article","og_title":"Exaltaci\u00f3n al Sal\u00f3n de la Fama del B\u00e9isbol Latino en Altos de Chavon | Casa de Campo Living","og_description":"El Sabado 12 de Febrero fue un d\u00eda dedicado por completo al evento de inducci\u00f3n al Sal\u00f3n de la Fama del B\u00e9isbol Latino y fue sellado por una hermosa","og_url":"https:\/\/casadecampoliving.com\/es\/exaltacion-al-salon-de-la-fama-del-beisbol-latino-en-altos-de-chavon\/","og_site_name":"Casa de Campo Living","article_publisher":"https:\/\/www.facebook.com\/casadecampoliving","article_published_time":"2011-02-16T04:00:00+00:00","article_modified_time":"2022-11-10T14:11:24+00:00","og_image":[{"width":752,"height":500,"url":"https:\/\/i0.wp.com\/casadecampoliving.com\/wp-content\/uploads\/2022\/10\/DSC_0115-1.jpg?fit=752%2C500&ssl=1","type":"image\/jpeg"}],"author":"Jhosmarty Castillo","twitter_card":"summary_large_image","twitter_creator":"@cdcliving","twitter_site":"@cdcliving","twitter_misc":{"Escrito por":"Jhosmarty Castillo","Tiempo de lectura":"2 minutos"},"schema":{"@context":"https:\/\/schema.org","@graph":[{"@type":"Article","@id":"https:\/\/casadecampoliving.com\/es\/exaltacion-al-salon-de-la-fama-del-beisbol-latino-en-altos-de-chavon\/#article","isPartOf":{"@id":"https:\/\/casadecampoliving.com\/es\/exaltacion-al-salon-de-la-fama-del-beisbol-latino-en-altos-de-chavon\/"},"author":{"name":"Jhosmarty Castillo","@id":"https:\/\/casadecampoliving.com\/es\/#\/schema\/person\/8804cb05b20f15b886db7f54f0e47cc7"},"headline":"Exaltaci\u00f3n al Sal\u00f3n de la Fama del B\u00e9isbol Latino en Altos de Chavon","datePublished":"2011-02-16T04:00:00+00:00","dateModified":"2022-11-10T14:11:24+00:00","mainEntityOfPage":{"@id":"https:\/\/casadecampoliving.com\/es\/exaltacion-al-salon-de-la-fama-del-beisbol-latino-en-altos-de-chavon\/"},"wordCount":338,"publisher":{"@id":"https:\/\/casadecampoliving.com\/es\/#organization"},"image":{"@id":"https:\/\/casadecampoliving.com\/es\/exaltacion-al-salon-de-la-fama-del-beisbol-latino-en-altos-de-chavon\/#primaryimage"},"thumbnailUrl":"https:\/\/i0.wp.com\/casadecampoliving.com\/wp-content\/uploads\/2022\/10\/DSC_0115-1.jpg?fit=752%2C500&ssl=1","keywords":["alex rodriguez","anfiteatro altos de chavon","anfiteatro de altos de chavon","cameron diaz","conciertos","salon de la fama"],"articleSection":["Altos de Chavon @es","Celebridades","Conciertos","Estilo de Vida","Eventos","Noticias Locales","Proximamente"],"inLanguage":"es"},{"@type":"WebPage","@id":"https:\/\/casadecampoliving.com\/es\/exaltacion-al-salon-de-la-fama-del-beisbol-latino-en-altos-de-chavon\/","url":"https:\/\/casadecampoliving.com\/es\/exaltacion-al-salon-de-la-fama-del-beisbol-latino-en-altos-de-chavon\/","name":"Exaltaci\u00f3n al Sal\u00f3n de la Fama del B\u00e9isbol Latino en Altos de Chavon | Casa de Campo Living","isPartOf":{"@id":"https:\/\/casadecampoliving.com\/es\/#website"},"primaryImageOfPage":{"@id":"https:\/\/casadecampoliving.com\/es\/exaltacion-al-salon-de-la-fama-del-beisbol-latino-en-altos-de-chavon\/#primaryimage"},"image":{"@id":"https:\/\/casadecampoliving.com\/es\/exaltacion-al-salon-de-la-fama-del-beisbol-latino-en-altos-de-chavon\/#primaryimage"},"thumbnailUrl":"https:\/\/i0.wp.com\/casadecampoliving.com\/wp-content\/uploads\/2022\/10\/DSC_0115-1.jpg?fit=752%2C500&ssl=1","datePublished":"2011-02-16T04:00:00+00:00","dateModified":"2022-11-10T14:11:24+00:00","description":"El Sabado 12 de Febrero fue un d\u00eda dedicado por completo al evento de inducci\u00f3n al Sal\u00f3n de la Fama del B\u00e9isbol Latino y fue sellado por una hermosa","breadcrumb":{"@id":"https:\/\/casadecampoliving.com\/es\/exaltacion-al-salon-de-la-fama-del-beisbol-latino-en-altos-de-chavon\/#breadcrumb"},"inLanguage":"es","potentialAction":[{"@type":"ReadAction","target":["https:\/\/casadecampoliving.com\/es\/exaltacion-al-salon-de-la-fama-del-beisbol-latino-en-altos-de-chavon\/"]}]},{"@type":"ImageObject","inLanguage":"es","@id":"https:\/\/casadecampoliving.com\/es\/exaltacion-al-salon-de-la-fama-del-beisbol-latino-en-altos-de-chavon\/#primaryimage","url":"https:\/\/i0.wp.com\/casadecampoliving.com\/wp-content\/uploads\/2022\/10\/DSC_0115-1.jpg?fit=752%2C500&ssl=1","contentUrl":"https:\/\/i0.wp.com\/casadecampoliving.com\/wp-content\/uploads\/2022\/10\/DSC_0115-1.jpg?fit=752%2C500&ssl=1","width":752,"height":500},{"@type":"BreadcrumbList","@id":"https:\/\/casadecampoliving.com\/es\/exaltacion-al-salon-de-la-fama-del-beisbol-latino-en-altos-de-chavon\/#breadcrumb","itemListElement":[{"@type":"ListItem","position":1,"name":"Home","item":"https:\/\/casadecampoliving.com\/es\/"},{"@type":"ListItem","position":2,"name":"Exaltaci\u00f3n al Sal\u00f3n de la Fama del B\u00e9isbol Latino en Altos de Chavon"}]},{"@type":"WebSite","@id":"https:\/\/casadecampoliving.com\/es\/#website","url":"https:\/\/casadecampoliving.com\/es\/","name":"Casa de Campo Living","description":"Resort community news and resources.","publisher":{"@id":"https:\/\/casadecampoliving.com\/es\/#organization"},"potentialAction":[{"@type":"SearchAction","target":{"@type":"EntryPoint","urlTemplate":"https:\/\/casadecampoliving.com\/es\/?s={search_term_string}"},"query-input":{"@type":"PropertyValueSpecification","valueRequired":true,"valueName":"search_term_string"}}],"inLanguage":"es"},{"@type":"Organization","@id":"https:\/\/casadecampoliving.com\/es\/#organization","name":"Casa de Campo Living","url":"https:\/\/casadecampoliving.com\/es\/","logo":{"@type":"ImageObject","inLanguage":"es","@id":"https:\/\/casadecampoliving.com\/es\/#\/schema\/logo\/image\/","url":"https:\/\/i0.wp.com\/casadecampoliving.com\/wp-content\/uploads\/2022\/07\/CDCLivingLogo_V1-white-sized.png?fit=800%2C214&ssl=1","contentUrl":"https:\/\/i0.wp.com\/casadecampoliving.com\/wp-content\/uploads\/2022\/07\/CDCLivingLogo_V1-white-sized.png?fit=800%2C214&ssl=1","width":800,"height":214,"caption":"Casa de Campo Living"},"image":{"@id":"https:\/\/casadecampoliving.com\/es\/#\/schema\/logo\/image\/"},"sameAs":["https:\/\/www.facebook.com\/casadecampoliving","https:\/\/x.com\/cdcliving"]},{"@type":"Person","@id":"https:\/\/casadecampoliving.com\/es\/#\/schema\/person\/8804cb05b20f15b886db7f54f0e47cc7","name":"Jhosmarty Castillo","image":{"@type":"ImageObject","inLanguage":"es","@id":"https:\/\/secure.gravatar.com\/avatar\/bdec58b5e7f0c51e8165e28bf0cec6827d3efb0395f9bf577508fee1640715bb?s=96&d=mm&r=g","url":"https:\/\/secure.gravatar.com\/avatar\/bdec58b5e7f0c51e8165e28bf0cec6827d3efb0395f9bf577508fee1640715bb?s=96&d=mm&r=g","contentUrl":"https:\/\/secure.gravatar.com\/avatar\/bdec58b5e7f0c51e8165e28bf0cec6827d3efb0395f9bf577508fee1640715bb?s=96&d=mm&r=g","caption":"Jhosmarty Castillo"},"sameAs":["http:\/\/www.casadecampolivig.com"],"url":"https:\/\/casadecampoliving.com\/es\/author\/jcastillo\/"}]}},"parsely":{"version":"1.1.0","canonical_url":"https:\/\/casadecampoliving.com\/es\/exaltacion-al-salon-de-la-fama-del-beisbol-latino-en-altos-de-chavon\/","smart_links":{"inbound":0,"outbound":0},"traffic_boost_suggestions_count":0,"meta":{"@context":"https:\/\/schema.org","@type":"NewsArticle","headline":"Exaltaci\u00f3n al Sal\u00f3n de la Fama del B\u00e9isbol Latino en Altos de Chavon","url":"http:\/\/casadecampoliving.com\/es\/exaltacion-al-salon-de-la-fama-del-beisbol-latino-en-altos-de-chavon\/","mainEntityOfPage":{"@type":"WebPage","@id":"http:\/\/casadecampoliving.com\/es\/exaltacion-al-salon-de-la-fama-del-beisbol-latino-en-altos-de-chavon\/"},"thumbnailUrl":"https:\/\/i0.wp.com\/casadecampoliving.com\/wp-content\/uploads\/2022\/10\/DSC_0115-1.jpg?resize=150%2C150&ssl=1","image":{"@type":"ImageObject","url":"https:\/\/i0.wp.com\/casadecampoliving.com\/wp-content\/uploads\/2022\/10\/DSC_0115-1.jpg?fit=752%2C500&ssl=1"},"articleSection":"Altos de Chavon @es","author":[{"@type":"Person","name":"Jhosmarty Castillo"}],"creator":["Jhosmarty Castillo"],"publisher":{"@type":"Organization","name":"Casa de Campo Living","logo":"https:\/\/casadecampoliving.com\/wp-content\/uploads\/2022\/07\/CDCLivingLogo_V1-white-sized.png"},"keywords":["alex rodriguez","anfiteatro altos de chavon","anfiteatro de altos de chavon","cameron diaz","conciertos","salon de la fama"],"dateCreated":"2011-02-16T04:00:00Z","datePublished":"2011-02-16T04:00:00Z","dateModified":"2022-11-10T14:11:24Z"},"rendered":"<script type=\"application\/ld+json\" class=\"wp-parsely-metadata\">{\"@context\":\"https:\\\/\\\/schema.org\",\"@type\":\"NewsArticle\",\"headline\":\"Exaltaci\\u00f3n al Sal\\u00f3n de la Fama del B\\u00e9isbol Latino en Altos de Chavon\",\"url\":\"http:\\\/\\\/casadecampoliving.com\\\/es\\\/exaltacion-al-salon-de-la-fama-del-beisbol-latino-en-altos-de-chavon\\\/\",\"mainEntityOfPage\":{\"@type\":\"WebPage\",\"@id\":\"http:\\\/\\\/casadecampoliving.com\\\/es\\\/exaltacion-al-salon-de-la-fama-del-beisbol-latino-en-altos-de-chavon\\\/\"},\"thumbnailUrl\":\"https:\\\/\\\/i0.wp.com\\\/casadecampoliving.com\\\/wp-content\\\/uploads\\\/2022\\\/10\\\/DSC_0115-1.jpg?resize=150%2C150&ssl=1\",\"image\":{\"@type\":\"ImageObject\",\"url\":\"https:\\\/\\\/i0.wp.com\\\/casadecampoliving.com\\\/wp-content\\\/uploads\\\/2022\\\/10\\\/DSC_0115-1.jpg?fit=752%2C500&ssl=1\"},\"articleSection\":\"Altos de Chavon @es\",\"author\":[{\"@type\":\"Person\",\"name\":\"Jhosmarty Castillo\"}],\"creator\":[\"Jhosmarty Castillo\"],\"publisher\":{\"@type\":\"Organization\",\"name\":\"Casa de Campo Living\",\"logo\":\"https:\\\/\\\/casadecampoliving.com\\\/wp-content\\\/uploads\\\/2022\\\/07\\\/CDCLivingLogo_V1-white-sized.png\"},\"keywords\":[\"alex rodriguez\",\"anfiteatro altos de chavon\",\"anfiteatro de altos de chavon\",\"cameron diaz\",\"conciertos\",\"salon de la fama\"],\"dateCreated\":\"2011-02-16T04:00:00Z\",\"datePublished\":\"2011-02-16T04:00:00Z\",\"dateModified\":\"2022-11-10T14:11:24Z\"}<\/script>","tracker_url":"https:\/\/cdn.parsely.com\/keys\/casadecampoliving.com\/p.js"},"jetpack_publicize_connections":[],"jetpack_featured_media_url":"https:\/\/i0.wp.com\/casadecampoliving.com\/wp-content\/uploads\/2022\/10\/DSC_0115-1.jpg?fit=752%2C500&ssl=1","jetpack-related-posts":[{"id":433460,"url":"https:\/\/casadecampoliving.com\/es\/no-se-pierdan-el-increible-tributo-a-frank-sinatra-para-celebrar-el-40-aniversario-del-anfiteatro-altos-de-chavon\/","url_meta":{"origin":336925,"position":0},"title":"No se pierdan el incre\u00edble tributo a Frank Sinatra para celebrar el 40 aniversario del\u00a0Anfiteatro Altos de Chav\u00f3n","author":"Casa de Campo Living","date":"20 Oct, 2022","format":false,"excerpt":"Siendo uno de los escenarios m\u00e1s emblem\u00e1ticos del pa\u00eds, Casa de Campo Resort\u00ae & Villas celebra las cuatro d\u00e9cadas de aniversario de Altos de Chav\u00f3n con un tributo al gran Frank Sinatra, protagonizado por artistas invitados y una big band tal cual la que acompa\u00f1\u00f3 al artista hace 40 a\u00f1os\u2026","rel":"","context":"En \u00abUncategorized @es\u00bb","block_context":{"text":"Uncategorized @es","link":"https:\/\/casadecampoliving.com\/es\/category\/uncategorized-es\/"},"img":{"alt_text":"","src":"https:\/\/i0.wp.com\/casadecampoliving.com\/wp-content\/uploads\/2022\/10\/Tributo-Frank-Sinatra-Foto-Principal-Amaury-Sanchez-Danilo-Ginebra-Andres-Pichardo-y-Jose-Gabriel-Perez-.jpg?fit=1200%2C873&ssl=1&resize=350%2C200","width":350,"height":200,"srcset":"https:\/\/i0.wp.com\/casadecampoliving.com\/wp-content\/uploads\/2022\/10\/Tributo-Frank-Sinatra-Foto-Principal-Amaury-Sanchez-Danilo-Ginebra-Andres-Pichardo-y-Jose-Gabriel-Perez-.jpg?fit=1200%2C873&ssl=1&resize=350%2C200 1x, https:\/\/i0.wp.com\/casadecampoliving.com\/wp-content\/uploads\/2022\/10\/Tributo-Frank-Sinatra-Foto-Principal-Amaury-Sanchez-Danilo-Ginebra-Andres-Pichardo-y-Jose-Gabriel-Perez-.jpg?fit=1200%2C873&ssl=1&resize=525%2C300 1.5x, https:\/\/i0.wp.com\/casadecampoliving.com\/wp-content\/uploads\/2022\/10\/Tributo-Frank-Sinatra-Foto-Principal-Amaury-Sanchez-Danilo-Ginebra-Andres-Pichardo-y-Jose-Gabriel-Perez-.jpg?fit=1200%2C873&ssl=1&resize=700%2C400 2x, https:\/\/i0.wp.com\/casadecampoliving.com\/wp-content\/uploads\/2022\/10\/Tributo-Frank-Sinatra-Foto-Principal-Amaury-Sanchez-Danilo-Ginebra-Andres-Pichardo-y-Jose-Gabriel-Perez-.jpg?fit=1200%2C873&ssl=1&resize=1050%2C600 3x"},"classes":[]},{"id":338143,"url":"https:\/\/casadecampoliving.com\/es\/la-3era-exaltacion-al-salon-de-la-fama-del-beisbol-latino-del-9-al-12-de-febrero\/","url_meta":{"origin":336925,"position":1},"title":"La 3era Exaltaci\u00f3n al Sal\u00f3n de la Fama del B\u00e9isbol Latino: del 9 al 12 de febrero!","author":"","date":"23 Ene, 2012","format":false,"excerpt":"La tercera edici\u00f3n de la semana que celebrar\u00e1 la exaltaci\u00f3n al Sal\u00f3n de la Fama del B\u00e9isbol Latino, este 2012 ser\u00e1 celebrado en Casa de Campo y La Romana del 9 al 12 de enero, con un programa de eventos y actividades conmemorativos, que culminaran con la Ceremonia de Exaltaci\u00f3n\u2026","rel":"","context":"En \u00abAltos de Chavon @es\u00bb","block_context":{"text":"Altos de Chavon @es","link":"https:\/\/casadecampoliving.com\/category\/altos-de-chavon-es\/"},"img":{"alt_text":"latino baseball hall of fame","src":"https:\/\/i0.wp.com\/casadecampoliving.com\/wp-content\/uploads\/2022\/10\/lantino_baseball_hall_of_fame-1.jpg?fit=650%2C276&ssl=1&resize=350%2C200","width":350,"height":200,"srcset":"https:\/\/i0.wp.com\/casadecampoliving.com\/wp-content\/uploads\/2022\/10\/lantino_baseball_hall_of_fame-1.jpg?fit=650%2C276&ssl=1&resize=350%2C200 1x, https:\/\/i0.wp.com\/casadecampoliving.com\/wp-content\/uploads\/2022\/10\/lantino_baseball_hall_of_fame-1.jpg?fit=650%2C276&ssl=1&resize=525%2C300 1.5x"},"classes":[]},{"id":338442,"url":"https:\/\/casadecampoliving.com\/es\/ocho-luminarias-del-beisbol-latino-fueron-reconocidas-durante-la-ceremonia-de-exaltacion-del-salon-de-la-fama\/","url_meta":{"origin":336925,"position":2},"title":"Ocho luminarias del B\u00e9isbol Latino fueron reconocidas durante la Ceremonia de Exaltaci\u00f3n del Sal\u00f3n de la Fama","author":"","date":"23 Feb, 2012","format":false,"excerpt":"En la noche del pasado s\u00e1bado 11 de febrero, ocho luminarias del b\u00e9isbol latino fueron reconocidas por su trayectoria ante un abarrotado anfiteatro de Altos de Chav\u00f3n, Casa de Campo, durante el\u00a0tercer ceremonial de la gran exaltaci\u00f3n del Sal\u00f3n de la Fama del B\u00e9isbol Latino. Luego de que se produjera\u2026","rel":"","context":"En \u00abAltos de Chavon @es\u00bb","block_context":{"text":"Altos de Chavon @es","link":"https:\/\/casadecampoliving.com\/category\/altos-de-chavon-es\/"},"img":{"alt_text":"salon de la fama del beisbol latino","src":"https:\/\/i0.wp.com\/casadecampoliving.com\/wp-content\/uploads\/2022\/10\/salon_de_la_fama_beisbol_latino-2.jpg?fit=650%2C444&ssl=1&resize=350%2C200","width":350,"height":200,"srcset":"https:\/\/i0.wp.com\/casadecampoliving.com\/wp-content\/uploads\/2022\/10\/salon_de_la_fama_beisbol_latino-2.jpg?fit=650%2C444&ssl=1&resize=350%2C200 1x, https:\/\/i0.wp.com\/casadecampoliving.com\/wp-content\/uploads\/2022\/10\/salon_de_la_fama_beisbol_latino-2.jpg?fit=650%2C444&ssl=1&resize=525%2C300 1.5x"},"classes":[]},{"id":338292,"url":"https:\/\/casadecampoliving.com\/es\/la-gran-ceremonia-de-exaltacion-del-salon-de-la-fama-del-beisbol-latino-sera-este-sabado-11-de-febrero-en-el-anfiteatro-altos-de-chavon\/","url_meta":{"origin":336925,"position":3},"title":"La \u00abGran Ceremonia de Exaltaci\u00f3n\u00bb del Sal\u00f3n de la Fama del B\u00e9isbol Latino ser\u00e1 este s\u00e1bado 11 de febrero en el Anfiteatro Altos de Chav\u00f3n!","author":"","date":"5 Feb, 2012","format":false,"excerpt":"Como parte de la tercera edici\u00f3n de la semana que celebrar\u00e1 la exaltaci\u00f3n al Sal\u00f3n de la Fama del B\u00e9isbol Latino 2012, la Gran Ceremonia de Exaltaci\u00f3n se celebrar\u00e1 este s\u00e1bado 11 de febrero y usted est\u00e1 cordialmente invitado! A\u00fan cuando existen eventos que no est\u00e1n abiertos al p\u00fablico, el\u2026","rel":"","context":"En \u00abDeportes\u00bb","block_context":{"text":"Deportes","link":"https:\/\/casadecampoliving.com\/es\/category\/golf-deportes-es\/"},"img":{"alt_text":"","src":"https:\/\/i0.wp.com\/casadecampoliving.com\/wp-content\/uploads\/2022\/10\/DSC_0115-1.jpg?fit=752%2C500&ssl=1&resize=350%2C200","width":350,"height":200,"srcset":"https:\/\/i0.wp.com\/casadecampoliving.com\/wp-content\/uploads\/2022\/10\/DSC_0115-1.jpg?fit=752%2C500&ssl=1&resize=350%2C200 1x, https:\/\/i0.wp.com\/casadecampoliving.com\/wp-content\/uploads\/2022\/10\/DSC_0115-1.jpg?fit=752%2C500&ssl=1&resize=525%2C300 1.5x, https:\/\/i0.wp.com\/casadecampoliving.com\/wp-content\/uploads\/2022\/10\/DSC_0115-1.jpg?fit=752%2C500&ssl=1&resize=700%2C400 2x"},"classes":[]},{"id":340559,"url":"https:\/\/casadecampoliving.com\/es\/4ta-gran-ceremonia-de-exaltacion-del-salon-de-la-fama-del-beisbol-latino-boletas-de-cortesia-ya-disponible-en-el-club-de-duenos\/","url_meta":{"origin":336925,"position":4},"title":"4ta. Gran Ceremonia de Exaltaci\u00f3n del Salon de la Fama del Beisbol Latino &#8211; boletas de cortes\u00eda ya disponible en el Club de Due\u00f1os","author":"lperdomo","date":"1 Feb, 2013","format":false,"excerpt":"La 4ta gran \u201cCeremonia de Exaltaci\u00f3n\u201d del Sal\u00f3n de la Fama del B\u00e9isbol Latino ser\u00e1 celebrada el pr\u00f3ximo s\u00e1bado 9 de Febrero en el anfiteatro de Altos de Chav\u00f3n \u2013 y tus boletas de cortes\u00eda est\u00e1n ahora disponibles\u00a0en el Club de Due\u00f1os de Villa\u00a0de Casa de Campo en el \u00e1rea\u2026","rel":"","context":"En \u00abAltos de Chavon @es\u00bb","block_context":{"text":"Altos de Chavon @es","link":"https:\/\/casadecampoliving.com\/category\/altos-de-chavon-es\/"},"img":{"alt_text":"salon de la fama","src":"https:\/\/i0.wp.com\/casadecampoliving.com\/wp-content\/uploads\/2022\/10\/salon_de_la_fama1-1.jpg?fit=650%2C411&ssl=1&resize=350%2C200","width":350,"height":200,"srcset":"https:\/\/i0.wp.com\/casadecampoliving.com\/wp-content\/uploads\/2022\/10\/salon_de_la_fama1-1.jpg?fit=650%2C411&ssl=1&resize=350%2C200 1x, https:\/\/i0.wp.com\/casadecampoliving.com\/wp-content\/uploads\/2022\/10\/salon_de_la_fama1-1.jpg?fit=650%2C411&ssl=1&resize=525%2C300 1.5x"},"classes":[]},{"id":343926,"url":"https:\/\/casadecampoliving.com\/es\/alfy-fanjul-organiza-una-cena-para-las-estrellas-del-salon-de-la-fama-del-beisbol-latino-2\/","url_meta":{"origin":336925,"position":5},"title":"Alfy Fanjul organiza una cena para las estrellas del Sal\u00f3n de la Fama del B\u00e9isbol Latino","author":"Perkin Agramonte","date":"24 Feb, 2014","format":false,"excerpt":"Uno de los m\u00e1s glamurosos y memorables eventos de la m\u00e1s reciente semana de celebraciones del Sal\u00f3n de la Fama del B\u00e9isbol Latino previas a la Gran ceremonia de Exaltaci\u00f3n en el Anfiteatro Altos de Chav\u00f3n, fue la cena en Casa Grande organizada por Alfy Fanjul, honorario presidente del Sal\u00f3n\u2026","rel":"","context":"En \u00abCelebridades\u00bb","block_context":{"text":"Celebridades","link":"https:\/\/casadecampoliving.com\/es\/category\/celebridades-es\/"},"img":{"alt_text":"Roberto Alomar Salon de la Fama Beisbol Latino","src":"https:\/\/i0.wp.com\/casadecampoliving.com\/wp-content\/uploads\/2022\/10\/roberto_alomar_salon_de_la_fama_beisbol_latino-1.jpg?fit=650%2C433&ssl=1&resize=350%2C200","width":350,"height":200,"srcset":"https:\/\/i0.wp.com\/casadecampoliving.com\/wp-content\/uploads\/2022\/10\/roberto_alomar_salon_de_la_fama_beisbol_latino-1.jpg?fit=650%2C433&ssl=1&resize=350%2C200 1x, https:\/\/i0.wp.com\/casadecampoliving.com\/wp-content\/uploads\/2022\/10\/roberto_alomar_salon_de_la_fama_beisbol_latino-1.jpg?fit=650%2C433&ssl=1&resize=525%2C300 1.5x"},"classes":[]}],"jetpack_sharing_enabled":true,"_links":{"self":[{"href":"https:\/\/casadecampoliving.com\/es\/wp-json\/wp\/v2\/posts\/336925","targetHints":{"allow":["GET"]}}],"collection":[{"href":"https:\/\/casadecampoliving.com\/es\/wp-json\/wp\/v2\/posts"}],"about":[{"href":"https:\/\/casadecampoliving.com\/es\/wp-json\/wp\/v2\/types\/post"}],"author":[{"embeddable":true,"href":"https:\/\/casadecampoliving.com\/es\/wp-json\/wp\/v2\/users\/261"}],"replies":[{"embeddable":true,"href":"https:\/\/casadecampoliving.com\/es\/wp-json\/wp\/v2\/comments?post=336925"}],"version-history":[{"count":1,"href":"https:\/\/casadecampoliving.com\/es\/wp-json\/wp\/v2\/posts\/336925\/revisions"}],"predecessor-version":[{"id":336926,"href":"https:\/\/casadecampoliving.com\/es\/wp-json\/wp\/v2\/posts\/336925\/revisions\/336926"}],"wp:featuredmedia":[{"embeddable":true,"href":"https:\/\/casadecampoliving.com\/es\/wp-json\/wp\/v2\/media\/251242"}],"wp:attachment":[{"href":"https:\/\/casadecampoliving.com\/es\/wp-json\/wp\/v2\/media?parent=336925"}],"wp:term":[{"taxonomy":"category","embeddable":true,"href":"https:\/\/casadecampoliving.com\/es\/wp-json\/wp\/v2\/categories?post=336925"},{"taxonomy":"post_tag","embeddable":true,"href":"https:\/\/casadecampoliving.com\/es\/wp-json\/wp\/v2\/tags?post=336925"},{"taxonomy":"newspack_spnsrs_tax","embeddable":true,"href":"https:\/\/casadecampoliving.com\/es\/wp-json\/wp\/v2\/newspack_spnsrs_tax?post=336925"}],"curies":[{"name":"wp","href":"https:\/\/api.w.org\/{rel}","templated":true}]}}