{"id":336921,"date":"2011-02-01T00:00:00","date_gmt":"2011-02-01T04:00:00","guid":{"rendered":"https:\/\/casadecampoliving.com\/guarde-la-fecha-2011-version-en-espanol\/"},"modified":"2022-10-21T18:36:12","modified_gmt":"2022-10-21T22:36:12","slug":"guarde-la-fecha-2011-version-en-espanol","status":"publish","type":"post","link":"https:\/\/casadecampoliving.com\/es\/guarde-la-fecha-2011-version-en-espanol\/","title":{"rendered":"Guarde la Fecha 2011!"},"content":{"rendered":"\n<h2 class=\"wp-block-heading\"><a href=\"https:\/\/i0.wp.com\/casadecampoliving.com\/wp-content\/uploads\/2022\/10\/Eventos2011-2.jpg?ssl=1\"><img decoding=\"async\" loading=\"lazy\" class=\"aligncenter size-full wp-image-24870\" title=\"Eventos2011\" src=\"https:\/\/i0.wp.com\/casadecampoliving.com\/wp-content\/uploads\/2022\/10\/Eventos2011-2.jpg?resize=565%2C278&amp;ssl=1\" alt=\"\" width=\"565\" height=\"278\"><\/a><\/h2>\n\n\n\n<p class=\"wp-block-paragraph\">Aqui tenemos nuestro \u2018Guarde la fecha\u2019 para el a\u00f1o 2011 con los actividades y eventos que estar\u00e1n pasando en Casa de Campo!<\/p>\n\n\n\n<h2 class=\"wp-block-heading\">Febrero<\/h2>\n\n\n\n<p class=\"wp-block-paragraph\"><strong><span style=\"text-decoration: underline;\">S\u00e1bado 5 de Febrero:&nbsp;ChiChiGua Fest 2011<\/span><\/strong><br>\n<span style=\"color: #ff0000;\"><strong>Este evento ya pas\u00f3. <\/strong><span style=\"color: #000000;\">Oprima en los links abajo para leer mas y ver las fotos:<br>\n<a style=\"font-weight: bold;\" title=\"Chichigua Fest 2011-Entretenimiento para TODAS las edades\" href=\"https:\/\/casadecampoliving.com\/2011\/02\/chichigua-fest-2011-entretenimiento-para-todas-las-edades\/\" rel=\"bookmark\">Chichigua Fest 2011-Entretenimiento para TODAS las edades<br>\n<\/a><a style=\"font-weight: bold;\" title=\"ChiChiGua Fest 2011: Flying high\u2026up\u2026.up\u2026.and away!!\" href=\"https:\/\/casadecampoliving.com\/2011\/02\/chichigua-fest-2011-flying-high-up-up-and-away\/\" rel=\"bookmark\">ChiChiGua Fest 2011: Flying high\u2026up\u2026.up\u2026.and away!!<\/a> <\/span><\/span><\/p>\n\n\n\n<p class=\"wp-block-paragraph\"><strong>Febrero 18 &amp; 19 : El fin de semana anual&nbsp;del Hogar del Ni\u00f1o <\/strong><br>\n<strong><span style=\"color: #ff0000;\">Este evento ya pas\u00f3.<\/span> <\/strong>Oprima en los links abajo para leer mas y ver las fotos:<br>\n<a title=\"The Hogar del Ni\u00f1o Weekend: The Golf Tournament\" href=\"https:\/\/casadecampoliving.com\/2011\/02\/the-hogar-del-nino-weekend-the-golf-tournament\/\" rel=\"bookmark\">The Hogar del Ni\u00f1o Weekend: The Golf Tournament<br>\n<\/a><a title=\"Cocktail for the supporters of the Diagnostica Social\" href=\"https:\/\/casadecampoliving.com\/2011\/02\/cocktail-for-the-supporters-of-the-diagnostica-social\/\" rel=\"bookmark\">Cocktail for the supporters of the Diagnostica Social<br>\n<\/a><a title=\"The Hogar del Ni\u00f1o Weekend: Tennis Tournament\" href=\"https:\/\/casadecampoliving.com\/2011\/02\/the-hogar-del-nino-weekend-tennis-tournament\/\" rel=\"bookmark\">The Hogar del Ni\u00f1o Weekend: Tennis Tournament<br>\n<\/a><a title=\"The Hogar del Ni\u00f1o Weekend: A visit to the Hogar\" href=\"https:\/\/casadecampoliving.com\/2011\/02\/the-hogar-del-nino-weekend-a-visit-to-the-hogar\/\" rel=\"bookmark\">The Hogar del Ni\u00f1o Weekend: A visit to the Hogar<\/a><br>\n<a href=\"https:\/\/casadecampoliving.com\/2011\/02\/the-hogar-del-nino-weekend-the-polo-tournament\" target=\"_self\" rel=\"noopener\">The Hogar del Ni\u00f1o Weekend: The Polo Tournament <\/a><br>\n<a href=\"https:\/\/casadecampoliving.com\/2011\/02\/hogar-del-nino-weekend-the-bike-marathon\" target=\"_self\" rel=\"noopener\">The Hogar del Ni\u00f1o Weekend: The&nbsp;Bike Marathon<\/a><\/p>\n\n\n\n<p class=\"wp-block-paragraph\"><strong>S\u00e1bado&nbsp;26&nbsp;de&nbsp;Febrero:&nbsp;Carnaval en Casa<span style=\"color: #ff0000;\"> CANCELADO!!<\/span><\/strong><br>\n<a href=\"https:\/\/casadecampoliving.com\/2011\/02\/carnaval-en-casa-cancelled\/\" target=\"_self\" rel=\"noopener\">Haz click aqui para&nbsp;leer porque el evento fue cancelado! \ud83d\ude41<\/a><br>\n<a href=\"http:\/\/translate.google.com\/translate?u=https:\/\/casadecampoliving.com\/2010\/03\/carnaval-in-casa-music-dancing-disfraces-fun-fun-fun\/&amp;sl=en&amp;tl=es&amp;hl=en&amp;ie=UTF-8\" target=\"_self\" rel=\"noopener\">Haz click aqui para ver nuestra cobertura y fotos del evento del a\u00f1o pasado.<\/a><\/p>\n\n\n\n<p class=\"wp-block-paragraph\"><strong>S\u00e1bado 26 de Febrero: Cena de Agradecimiento a los miembros del AAC<\/strong><br>\nPara&nbsp;<a href=\"http:\/\/translate.google.com\/translate?u=https:\/\/casadecampoliving.com\/2009\/05\/discovering-hogar-del-nino\/&amp;sl=en&amp;tl=es&amp;hl=en&amp;ie=UTF-8\" target=\"_self\" rel=\"noopener\">leer mas sobre el Hogar del Ni\u00f1o haz click aqui.<\/a><\/p>\n\n\n\n<h2 class=\"wp-block-heading\">Marzo<\/h2>\n\n\n\n<p class=\"wp-block-paragraph\"><strong>11-13 de Marzo: El McDaniel Torneo de Tenis <\/strong><br>\n<span style=\"color: #ff0000;\"><strong>Este evento ya pas\u00f3. <\/strong><\/span>Oprima en el link abajo para leer mas y ver las fotos:<br>\n<a title=\"El \u00e9xito en la 6a Entrega Anual del McDaniel Ense\u00f1anza Torneo Tenis Pro!\" href=\"http:\/\/translate.googleusercontent.com\/translate_c?hl=en&amp;ie=UTF8&amp;rurl=translate.google.com&amp;sl=en&amp;tl=es&amp;twu=1&amp;u=https:\/\/casadecampoliving.com\/2011\/03\/success-at-the-6th-annual-mcdaniel-teaching-pro-tennis-tournament\/&amp;usg=ALkJrhiQrw4IcbAw8bfMORb3nb-70_f6BA\" rel=\"bookmark\">El \u00e9xito en el Informe Anual de Ense\u00f1anza McDaniel sexto Torneo de Tenis Pro!<\/a><\/p>\n\n\n\n<h2 class=\"wp-block-heading\">Abril<\/h2>\n\n\n\n<p class=\"wp-block-paragraph\"><strong>S\u00e1bado 16 de Abril: MIR Bazaar y almuerzo<br>\n<\/strong><strong><span style=\"color: #ff0000;\">Este evento ya pas\u00f3<\/span>. <\/strong>Oprima en el link debajo para leer mas y ver las fotos:<br>\n<a href=\"http:\/\/translate.google.com\/translate?u=https:\/\/casadecampoliving.com\/2011\/04\/the-mir-bazaar-a-fashionable-success\/&amp;sl=en&amp;tl=es&amp;hl=en&amp;ie=UTF-8\">MIR Bazaar: Un \u00e9xito de moda!<\/a><\/p>\n\n\n\n<p class=\"wp-block-paragraph\"><strong>13 -17 de Abril: Torneo de Golf \u2018Sugar Invitational\u2019<\/strong><br>\n<span style=\"color: #ff0000;\"><strong>Este evento ya pas\u00f3. <\/strong><\/span>Oprima en los&nbsp;links debajo para leer mas y ver las fotos:<br>\n<a href=\"http:\/\/translate.google.com\/translate?u=https:\/\/casadecampoliving.com\/2011\/04\/sugar-open-2011-bbq-and-pizza-with-the-gonzalez-bunsters\/&amp;sl=en&amp;tl=es&amp;hl=en&amp;ie=UTF-8\">Cena y entrega de premios en La Romana Country Club<br>\nJugando en el Diente de Perro<br>\nCena con los Gonzalez-Bunster<br>\nCoctel de apertura con IBI <\/a><\/p>\n\n\n\n<p class=\"wp-block-paragraph\"><strong>S\u00e1bado Santo 23 de Abril:&nbsp;Don Omar y Victor Manuelle \u2018Encuentro de los Grandes\u2019 <\/strong><br>\n<span style=\"color: #ff0000;\"><strong>Este evento ya pas\u00f3. <\/strong><\/span>Oprima en&nbsp;los&nbsp;links debajo para leer mas y ver las fotos:<br>\n<a href=\"http:\/\/translate.google.com\/translate?u=https:\/\/casadecampoliving.com\/2011\/04\/victor-manuelle-in-concert-sexy-salsa-and-ritmo-romantico\/&amp;sl=en&amp;tl=es&amp;hl=en&amp;ie=UTF-8\">Victor Manuelle en Concierto<br>\n<\/a><a href=\"http:\/\/translate.google.com\/translate?u=https:\/\/casadecampoliving.com\/2011\/05\/dale-don-dale-don-omar-sensational-in-chavon\/&amp;sl=en&amp;tl=es&amp;hl=en&amp;ie=UTF-8\">Don Omar: Sensacional en Chav\u00f3n!<br>\n<\/a><a href=\"http:\/\/translate.google.com\/translate?u=https:\/\/casadecampoliving.com\/2011\/05\/sabado-santa-praia-beach-party-at-minitas\/&amp;sl=en&amp;tl=es&amp;hl=en&amp;ie=UTF-8\">S\u00e1bado Santa Fiesta en Playa Minitas!<\/a><\/p>\n\n\n\n<p class=\"wp-block-paragraph\"><strong>S\u00e1bado 30 de Abril: Duran Duran en concierto!<\/strong><br>\n<span style=\"color: #ff0000;\">Este evento ya pas\u00f3. <\/span>Oprima en&nbsp;los&nbsp;links debajo para leer mas y ver las fotos:<br>\n<a href=\"http:\/\/translate.google.com\/translate?u=https:\/\/casadecampoliving.com\/2011\/05\/the-chronicles-of-duran-duran-in-casa-de-campo\/&amp;sl=en&amp;tl=es&amp;hl=en&amp;ie=UTF-8\">Fiesta con Duran Duran<\/a><br>\n<a href=\"http:\/\/translate.google.com\/translate?u=https:\/\/casadecampoliving.com\/2011\/05\/dancing-back-to-the-80s-with-duran-duran-in-altos-de-chavon\/&amp;sl=en&amp;tl=es&amp;hl=en&amp;ie=UTF-8\">Duran Duran en Concierto<\/a><br>\n<a href=\"http:\/\/translate.google.com\/translate?u=https:\/\/casadecampoliving.com\/2011\/04\/duran-duran-are-here-press-conference-in-altos\/&amp;sl=en&amp;tl=es&amp;hl=en&amp;ie=UTF-8\">Rueda de Prensa con Duran Duran <\/a><\/p>\n\n\n\n<h2 class=\"wp-block-heading\">Mayo<\/h2>\n\n\n\n<p class=\"wp-block-paragraph\"><strong>S\u00e1bado 14 de Mayo:&nbsp;Bazar&nbsp;Primavera<\/strong><br>\n<span style=\"color: #ff0000;\">Este evento ya pas\u00f3.<\/span> Oprima en&nbsp;los&nbsp;links debajo para leer mas y ver las fotos:<br>\n<a href=\"http:\/\/translate.google.com\/translate?u=https:\/\/casadecampoliving.com\/2011\/05\/bazaar-primavera-first-article\/&amp;sl=en&amp;tl=es&amp;hl=en&amp;ie=UTF-8\">Compras y Diversion en Chav\u00f3n!<\/a><br>\n<a href=\"http:\/\/translate.google.com\/translate?u=https:\/\/casadecampoliving.com\/2011\/05\/bazaar-primavera-hay-que-rica\/&amp;sl=en&amp;tl=es&amp;hl=en&amp;ie=UTF-8\">Hay que Rica! Jugos Rica en el Bazaar!<br>\n<\/a><a href=\"http:\/\/translate.google.com\/translate?u=https:\/\/casadecampoliving.com\/2011\/05\/bazaar-primavera-fast-and-furious-with-jaguar\/&amp;sl=en&amp;tl=es&amp;hl=en&amp;ie=UTF-8\">Jaguar en el Bazaar Primavera<br>\n<\/a><a href=\"http:\/\/translate.google.com\/translate?u=https:\/\/casadecampoliving.com\/2011\/05\/bazaar-primavera-black-jack-with-the-casino-diamante-dominicus-bayahibe\/&amp;sl=en&amp;tl=es&amp;hl=en&amp;ie=UTF-8\">Black Jack con el Casino Diamante Dominicus Bayahibe<\/a><br>\n<a href=\"http:\/\/translate.google.com\/translate?u=https:\/\/casadecampoliving.com\/2011\/05\/the-bazaar-primavera-plaza-lama-the-supertienda\/&amp;sl=en&amp;tl=es&amp;hl=en&amp;ie=UTF-8\">Plaza Lama, la Supertienda!<\/a><\/p>\n\n\n\n<p class=\"wp-block-paragraph\"><strong>Viernes 20 de Mayo (TBC): Estilo 2011 \u2013 Desfile de Moda de los estudiantes de la Escuela de Altos de Chav\u00f3n <\/strong><br>\n<a href=\"http:\/\/translate.google.com\/translate?u=https:\/\/casadecampoliving.com\/2010\/06\/presentan-exitosamente-desfile-chavaneros-estilo-2010versus\/&amp;sl=en&amp;tl=es&amp;hl=en&amp;ie=UTF-8\" target=\"_self\" rel=\"noopener\">Haz click aqui a ver nuestra cobertura y fotos del evento del a\u00f1o pasado.<\/a><\/p>\n\n\n\n<h2 class=\"wp-block-heading\">Junio<\/h2>\n\n\n\n<p class=\"wp-block-paragraph\"><strong>10-11 de Junio: Torneo de Golf \u2018Dewars 12 Invitational\u2019 <\/strong><br>\n<a href=\"http:\/\/translate.googleusercontent.com\/translate_c?hl=en&amp;ie=UTF-8&amp;sl=en&amp;tl=es&amp;u=https:\/\/casadecampoliving.com\/2010\/06\/dewars-12-golf-invitational-partying-with-the-maxim-girls\/&amp;rurl=translate.google.com&amp;twu=1&amp;usg=ALkJrhhtqWflJZra770OQFUIbryT_zxWvQ\" target=\"_self\" rel=\"noopener\">Haz click aqui a ver nuestra cobertura y fotos del evento del a\u00f1o pasado.<\/a><\/p>\n\n\n\n<h2 class=\"wp-block-heading\">Julio<\/h2>\n\n\n\n<p class=\"wp-block-paragraph\"><strong>S\u00e1bado 2 de Julio:&nbsp;Ye Ol\u2019Fashioned Hoedown \u2013&nbsp;Fiesta Americana! <\/strong><br>\nUna Fiesta Americana fenomenal \u2013 los vaqueros y vaqueras de Casa de Campo pueden contar con muchas actividades divertidas como: bailes tradicionales, rodeo y polo en burros, exhibici\u00f3n de caballos, m\u00fasica en vivo, BBQ, salon de whiskey y un \u00e1rea de juegos para ni\u00f1os. <strong>YEEEEHHAAAAWWW!<br>\n<a href=\"http:\/\/translate.google.com\/translate?u=https:\/\/casadecampoliving.com\/2010\/07\/the-hoedown-2010-special-guest-singers-tiffany-and-daniela-and-the-can-can-dancers\/&amp;sl=en&amp;tl=es&amp;hl=en&amp;ie=UTF-8\" target=\"_self\" rel=\"noopener\">Haz click aqui a ver nuestra cobertura y fotos del evento del a\u00f1o pasado. <\/a><\/strong><\/p>\n\n\n\n<h2 class=\"wp-block-heading\">Agosto<\/h2>\n\n\n\n<p class=\"wp-block-paragraph\"><strong>12-14 de Agosto (TBC): Fundacion MIR Fin de Semana Familiar Por La Vida<\/strong><br>\nUn evento a recaudar fondos para la Fundacion MIR con torneos de golf y tenis y una cena bailable!<br>\n<a href=\"http:\/\/translate.google.com\/translate?u=https:\/\/casadecampoliving.com\/2010\/08\/the-fundacion-mir-family-weekend-for-life-dancing-for-life\/&amp;sl=en&amp;tl=es&amp;hl=en&amp;ie=UTF-8\" target=\"_self\" rel=\"noopener\">Haz click aqui a ver nuestra cobertura y fotos del evento del a\u00f1o pasado. <\/a><\/p>\n\n\n\n<h2 class=\"wp-block-heading\">Septiembre<\/h2>\n\n\n\n<p class=\"wp-block-paragraph\"><strong>Principio de Septiembre: Torneo de Tenis \u2018Proseguros\u2019<br>\n<\/strong><a href=\"https:\/\/casadecampoliving.com\/2010\/09\/jesus-felix-revalida-titulo-de-campeon-del-xxxiii-torneo-internacional-de-tenis-copa-proseguros\/\" target=\"_self\" rel=\"noopener\">Haz click aqui a ver nuestra cobertura y fotos del evento del a\u00f1o pasado.<\/a><\/p>\n\n\n\n<h2 class=\"wp-block-heading\">Octubre<\/h2>\n\n\n\n<p class=\"wp-block-paragraph\"><strong>S\u00e1bado 1 de octubre:&nbsp;OktoberFest (Fiesta Alem\u00e1n) <\/strong><br>\nUna fiesta tradicional de&nbsp;Alemania, que celebramos con diferentes tipos de cervezas, salchichas y panes alemanes, un mercado aleman con productos&nbsp;t\u00edpicos&nbsp;alemanes, disfraz tipico de aleman, musica y un area para ni\u00f1os.<\/p>\n\n\n\n<p class=\"wp-block-paragraph\"><strong>(Fecha indeterminado): Due\u00f1os 2011 <\/strong><br>\n<a href=\"http:\/\/translate.google.com\/translate?u=https:\/\/casadecampoliving.com\/2010\/10\/duenos-2010-party-at-the-la-romana-country-club-part-4\/&amp;sl=en&amp;tl=es&amp;hl=en&amp;ie=UTF-8\" target=\"_self\" rel=\"noopener\">Haz click aqui a ver nuestra cobertura y fotos del evento del a\u00f1o pasado.<\/a><\/p>\n\n\n\n<p class=\"wp-block-paragraph\"><strong>S\u00e1bado y Domingo del fin de semana de Due\u00f1os:&nbsp;Feria Due\u00f1os \u2013 Parque de&nbsp;Atracciones&nbsp;y bazar<\/strong><br>\nNuestro Feria Due\u00f1os ser\u00e1 la evolucion de nuestro victorioso Bazaar Due\u00f1os, el cual se realizar\u00e1 los dos d\u00edas durante del gran evento anual de Due\u00f1os organizado por Costasur Dominicana. La misma ser\u00e1 una actividad para toda la familia, que contar\u00e1 con casetas de ventas y much\u00edsimas actividades divertidos como talleres, juegos inflables, juegos de feria, torneos de lucha libre (disfrazado de sumo) y un peque\u00f1o parque de agua \u2013 en fin muchas atracciones interesantes!<br>\n<strong><a id=\"internal-source-marker_0.07489803363569081\" href=\"http:\/\/translate.google.com\/translate?u=https:\/\/casadecampoliving.com\/2010\/10\/bazaar-duenos-2010-a-great-day\/&amp;sl=en&amp;tl=es&amp;hl=en&amp;ie=UTF-8\">Haz click aqui a ver nuestra cobertura y fotos del Bazaar Due\u00f1os del a\u00f1o pasado.<\/a><\/strong><\/p>\n\n\n\n<p class=\"wp-block-paragraph\"><strong>S\u00e1bado 29 de Octobre: Halloween en Casa!<\/strong><br>\n<a href=\"http:\/\/translate.google.com\/translate?u=https:\/\/casadecampoliving.com\/2010\/11\/halloween-party-2010-a-monstrous-success\/&amp;sl=en&amp;tl=es&amp;hl=en&amp;ie=UTF-8\" target=\"_self\" rel=\"noopener\">Haz click aqui a ver nuestra cobertura y fotos del evento del a\u00f1o pasado.<\/a><\/p>\n\n\n\n<h2 class=\"wp-block-heading\">Noviembre<\/h2>\n\n\n\n<p class=\"wp-block-paragraph\"><strong>S\u00e1bado 26 de Noviembre:&nbsp;Joli-Day Beach Luau <\/strong><br>\nEste evento ser\u00e1 un d\u00eda inolvidable para toda la familia con juegos inflables con toboganes de agua, un torneo de voliebol en la playa, un concurso de castillos de arena, deportes&nbsp;acu\u00e1ticos, carreras de kayak, adem\u00e1s de un Lounge al estilo de \u2018Nikki Beach\u2019 con cocteles y batidas, helados y un BBQ playero!<br>\n<strong><a href=\"http:\/\/translate.google.com\/translate?u=https:\/\/casadecampoliving.com\/2010\/12\/joli-day-beach-wet-wild-and-bouncy-fun-on-minitas-beach\/&amp;sl=en&amp;tl=es&amp;hl=en&amp;ie=UTF-8\" target=\"_self\" rel=\"noopener\">Haz click aqui a ver nuestra cobertura y fotos del evento del a\u00f1o pasado. <\/a><\/strong><\/p>\n\n\n\n<h2 class=\"wp-block-heading\">Diciembre<\/h2>\n\n\n\n<p class=\"wp-block-paragraph\"><strong>S\u00e1bado 3 de Diciembre:&nbsp;Teatro de la Comunidad<\/strong><br>\nNuestro segundo Teatro de la Comunidad tendr\u00e1 lugar en el Anfiteatro de Altos de Chav\u00f3n y ser\u00e1 un Show de Talentos con actuaciones de diferentes escuelas, colegios, grupos de musica y baile, adem\u00e1s de individuos muy talentosos. Un espectaculo inolvidable para los espectadores y un chance para la gente de nuestro comunidad de Casa de Campo y La Romana a mostrar su alcance, que no se lo deben perder.<br>\n<a href=\"http:\/\/translate.google.com\/translate?u=https:\/\/casadecampoliving.com\/2010\/12\/teatro-de-la-comunidad-videos\/&amp;sl=en&amp;tl=es&amp;hl=en&amp;ie=UTF-8\" target=\"_blank\" rel=\"noopener\"><strong>Haz click aqui a ver nuestra cobertura y fotos del evento del a\u00f1o pasado. <\/strong><\/a><\/p>\n\n\n\n<p class=\"wp-block-paragraph\"><strong>S\u00e1bado y Domingo 17, 18 de Diciembre: El&nbsp;Bazaar Navide\u00f1o <\/strong><br>\nEste Bazar ser\u00e1 mucho m\u00e1s que un simple mercado, contar\u00e1 con docenas de negocios expositores con atractivas ofertas y un completo programa de actividades y atracciones navide\u00f1os para toda la familia con juegos, talleres tanto para ni\u00f1os como adultos, musica en vivo, degustaciones; en fin una divertida manera de pasar todo el fin de semana y celebrar la apertura de la Navidad!<br>\n<a id=\"internal-source-marker_0.07489803363569081\" href=\"http:\/\/translate.google.com\/translate?u=https:\/\/casadecampoliving.com\/2010\/12\/bazaar-navideno-festive-fun-and-frolicks-in-altos-de-chavon\/&amp;sl=en&amp;tl=es&amp;hl=en&amp;ie=UTF-8\">Haz click aqui a ver nuestra cobertura y fotos del evento del a\u00f1o pasado.<\/a><\/p>\n\n\n\n<p class=\"wp-block-paragraph\"><strong>S\u00e1bado 17 de S\u00e1bado: Encendido de luces y la apertura de la Navidad en Altos de Chav\u00f3n<\/strong><br>\n<a href=\"http:\/\/translate.google.com\/translate?u=https:\/\/casadecampoliving.com\/2011\/01\/remembering-the-festivities-the-christmas-tree-lighting-ceremony-in-chavon\/&amp;sl=en&amp;tl=es&amp;hl=en&amp;ie=UTF-8\" target=\"_self\" rel=\"noopener\">Haz click aqui a ver nuestra cobertura y fotos del evento del a\u00f1o pasado.<\/a><\/p>\n\n\n\n<p class=\"wp-block-paragraph\"><strong>S\u00e1bado 31 de Diciembre: Fiesta del fin de a\u00f1o en Catamaran a Palmilla!<br>\n<\/strong>Un viaje en bote y fiest\u00f3n del a\u00f1o, la fiesta del fin de a\u00f1o en Palmilla es la fiesta mas divertida, mas llamativa y importante del a\u00f1o con cientos de botes lujosos juntos y connectados en un circulo todos de fiesta en uno de los lugares mas hermosas del pa\u00eds eso es una fiesta incredible de excessos; champagne, tragos, musica, baile, botes lujos y mujeres guapas! Inolvidable!<br>\n<a href=\"http:\/\/translate.google.com\/translate?u=https:\/\/casadecampoliving.com\/2011\/01\/palmillaso-2010-partying-in-palmilla-new-years-eve-part-2\/&amp;sl=en&amp;tl=es&amp;hl=en&amp;ie=UTF-8\" target=\"_blank\" rel=\"noopener\">Haz click aqui a ver nuestra cobertura y fotos del evento del a\u00f1o pasado. <\/a><\/p>\n","protected":false},"excerpt":{"rendered":"<p>Aqui tenemos nuestro \u2018Guarde la fecha\u2019 para el a\u00f1o 2011 con los actividades y eventos que estar\u00e1n pasando en Casa de Campo! Febrero S\u00e1bado 5 de Febrero:&nbsp;ChiChiGua Fest 2011 Este evento ya pas\u00f3. Oprima en los links abajo para leer mas y ver las fotos: Chichigua Fest 2011-Entretenimiento para TODAS las edades ChiChiGua Fest 2011: [&hellip;]<\/p>\n","protected":false},"author":31,"featured_media":336017,"comment_status":"closed","ping_status":"open","sticky":false,"template":"","format":"standard","meta":{"newspack_ads_suppress_ads":false,"newspack_popups_has_disabled_popups":false,"newspack_sponsor_sponsorship_scope":"","newspack_sponsor_native_byline_display":"inherit","newspack_sponsor_native_category_display":"inherit","newspack_sponsor_underwriter_style":"inherit","newspack_sponsor_underwriter_placement":"inherit","_newspack_byline_active":false,"_newspack_byline":"","newspack_hide_updated_date":false,"newspack_show_updated_date":false,"newspack_featured_image_position":"","newspack_post_subtitle":"","newspack_article_summary_title":"Overview:","newspack_article_summary":"","_jetpack_memberships_contains_paid_content":false,"footnotes":"","jetpack_publicize_message":"{title}\n\n{excerpt}\n\n{url}","jetpack_publicize_feature_enabled":true,"jetpack_social_post_already_shared":false,"jetpack_social_options":{"image_generator_settings":{"template":"highway","default_image_id":0,"font":"","enabled":false},"version":2},"_wpas_customize_per_network":false},"categories":[2498],"tags":[],"newspack_spnsrs_tax":[],"class_list":["post-336921","post","type-post","status-publish","format-standard","has-post-thumbnail","hentry","category-uncategorized-es","entry"],"yoast_head":"<!-- This site is optimized with the Yoast SEO plugin v28.3 - https:\/\/yoast.com\/product\/yoast-seo-wordpress\/ -->\n<title>Guarde la Fecha 2011! | Casa de Campo Living<\/title>\n<meta name=\"description\" content=\"Aqui tenemos nuestro \u2018Guarde la fecha\u2019 para el a\u00f1o 2011 con los actividades y eventos que estar\u00e1n pasando en Casa de Campo! Febrero S\u00e1bado 5 de\" \/>\n<meta name=\"robots\" content=\"index, follow, max-snippet:-1, max-image-preview:large, max-video-preview:-1\" \/>\n<link rel=\"canonical\" href=\"https:\/\/casadecampoliving.com\/es\/guarde-la-fecha-2011-version-en-espanol\/\" \/>\n<meta property=\"og:locale\" content=\"es_ES\" \/>\n<meta property=\"og:type\" content=\"article\" \/>\n<meta property=\"og:title\" content=\"Guarde la Fecha 2011! | Casa de Campo Living\" \/>\n<meta property=\"og:description\" content=\"Aqui tenemos nuestro \u2018Guarde la fecha\u2019 para el a\u00f1o 2011 con los actividades y eventos que estar\u00e1n pasando en Casa de Campo! Febrero S\u00e1bado 5 de\" \/>\n<meta property=\"og:url\" content=\"https:\/\/casadecampoliving.com\/es\/guarde-la-fecha-2011-version-en-espanol\/\" \/>\n<meta property=\"og:site_name\" content=\"Casa de Campo Living\" \/>\n<meta property=\"article:publisher\" content=\"https:\/\/www.facebook.com\/casadecampoliving\" \/>\n<meta property=\"article:published_time\" content=\"2011-02-01T04:00:00+00:00\" \/>\n<meta property=\"article:modified_time\" content=\"2022-10-21T22:36:12+00:00\" \/>\n<meta property=\"og:image\" content=\"https:\/\/i0.wp.com\/casadecampoliving.com\/wp-content\/uploads\/2022\/10\/Eventos2011-3.jpg?fit=565%2C278&ssl=1\" \/>\n\t<meta property=\"og:image:width\" content=\"565\" \/>\n\t<meta property=\"og:image:height\" content=\"278\" \/>\n\t<meta property=\"og:image:type\" content=\"image\/jpeg\" \/>\n<meta name=\"author\" content=\"Rebecca Silvestri\" \/>\n<meta name=\"twitter:card\" content=\"summary_large_image\" \/>\n<meta name=\"twitter:creator\" content=\"@cdcliving\" \/>\n<meta name=\"twitter:site\" content=\"@cdcliving\" \/>\n<meta name=\"twitter:label1\" content=\"Escrito por\" \/>\n\t<meta name=\"twitter:data1\" content=\"Rebecca Silvestri\" \/>\n\t<meta name=\"twitter:label2\" content=\"Tiempo de lectura\" \/>\n\t<meta name=\"twitter:data2\" content=\"6 minutos\" \/>\n<script type=\"application\/ld+json\" class=\"yoast-schema-graph\">{\"@context\":\"https:\\\/\\\/schema.org\",\"@graph\":[{\"@type\":\"Article\",\"@id\":\"https:\\\/\\\/casadecampoliving.com\\\/es\\\/guarde-la-fecha-2011-version-en-espanol\\\/#article\",\"isPartOf\":{\"@id\":\"https:\\\/\\\/casadecampoliving.com\\\/es\\\/guarde-la-fecha-2011-version-en-espanol\\\/\"},\"author\":{\"name\":\"Rebecca Silvestri\",\"@id\":\"https:\\\/\\\/casadecampoliving.com\\\/es\\\/#\\\/schema\\\/person\\\/2b2208f3175fa8761e25b272e096d718\"},\"headline\":\"Guarde la Fecha 2011!\",\"datePublished\":\"2011-02-01T04:00:00+00:00\",\"dateModified\":\"2022-10-21T22:36:12+00:00\",\"mainEntityOfPage\":{\"@id\":\"https:\\\/\\\/casadecampoliving.com\\\/es\\\/guarde-la-fecha-2011-version-en-espanol\\\/\"},\"wordCount\":1295,\"publisher\":{\"@id\":\"https:\\\/\\\/casadecampoliving.com\\\/es\\\/#organization\"},\"image\":{\"@id\":\"https:\\\/\\\/casadecampoliving.com\\\/es\\\/guarde-la-fecha-2011-version-en-espanol\\\/#primaryimage\"},\"thumbnailUrl\":\"https:\\\/\\\/i0.wp.com\\\/casadecampoliving.com\\\/wp-content\\\/uploads\\\/2022\\\/10\\\/Eventos2011-3.jpg?fit=565%2C278&ssl=1\",\"articleSection\":[\"Uncategorized @es\"],\"inLanguage\":\"es\"},{\"@type\":\"WebPage\",\"@id\":\"https:\\\/\\\/casadecampoliving.com\\\/es\\\/guarde-la-fecha-2011-version-en-espanol\\\/\",\"url\":\"https:\\\/\\\/casadecampoliving.com\\\/es\\\/guarde-la-fecha-2011-version-en-espanol\\\/\",\"name\":\"Guarde la Fecha 2011! | Casa de Campo Living\",\"isPartOf\":{\"@id\":\"https:\\\/\\\/casadecampoliving.com\\\/es\\\/#website\"},\"primaryImageOfPage\":{\"@id\":\"https:\\\/\\\/casadecampoliving.com\\\/es\\\/guarde-la-fecha-2011-version-en-espanol\\\/#primaryimage\"},\"image\":{\"@id\":\"https:\\\/\\\/casadecampoliving.com\\\/es\\\/guarde-la-fecha-2011-version-en-espanol\\\/#primaryimage\"},\"thumbnailUrl\":\"https:\\\/\\\/i0.wp.com\\\/casadecampoliving.com\\\/wp-content\\\/uploads\\\/2022\\\/10\\\/Eventos2011-3.jpg?fit=565%2C278&ssl=1\",\"datePublished\":\"2011-02-01T04:00:00+00:00\",\"dateModified\":\"2022-10-21T22:36:12+00:00\",\"description\":\"Aqui tenemos nuestro \u2018Guarde la fecha\u2019 para el a\u00f1o 2011 con los actividades y eventos que estar\u00e1n pasando en Casa de Campo! Febrero S\u00e1bado 5 de\",\"breadcrumb\":{\"@id\":\"https:\\\/\\\/casadecampoliving.com\\\/es\\\/guarde-la-fecha-2011-version-en-espanol\\\/#breadcrumb\"},\"inLanguage\":\"es\",\"potentialAction\":[{\"@type\":\"ReadAction\",\"target\":[\"https:\\\/\\\/casadecampoliving.com\\\/es\\\/guarde-la-fecha-2011-version-en-espanol\\\/\"]}]},{\"@type\":\"ImageObject\",\"inLanguage\":\"es\",\"@id\":\"https:\\\/\\\/casadecampoliving.com\\\/es\\\/guarde-la-fecha-2011-version-en-espanol\\\/#primaryimage\",\"url\":\"https:\\\/\\\/i0.wp.com\\\/casadecampoliving.com\\\/wp-content\\\/uploads\\\/2022\\\/10\\\/Eventos2011-3.jpg?fit=565%2C278&ssl=1\",\"contentUrl\":\"https:\\\/\\\/i0.wp.com\\\/casadecampoliving.com\\\/wp-content\\\/uploads\\\/2022\\\/10\\\/Eventos2011-3.jpg?fit=565%2C278&ssl=1\",\"width\":565,\"height\":278},{\"@type\":\"BreadcrumbList\",\"@id\":\"https:\\\/\\\/casadecampoliving.com\\\/es\\\/guarde-la-fecha-2011-version-en-espanol\\\/#breadcrumb\",\"itemListElement\":[{\"@type\":\"ListItem\",\"position\":1,\"name\":\"Home\",\"item\":\"https:\\\/\\\/casadecampoliving.com\\\/es\\\/\"},{\"@type\":\"ListItem\",\"position\":2,\"name\":\"Guarde la Fecha 2011!\"}]},{\"@type\":\"WebSite\",\"@id\":\"https:\\\/\\\/casadecampoliving.com\\\/es\\\/#website\",\"url\":\"https:\\\/\\\/casadecampoliving.com\\\/es\\\/\",\"name\":\"Casa de Campo Living\",\"description\":\"Resort community news and resources.\",\"publisher\":{\"@id\":\"https:\\\/\\\/casadecampoliving.com\\\/es\\\/#organization\"},\"potentialAction\":[{\"@type\":\"SearchAction\",\"target\":{\"@type\":\"EntryPoint\",\"urlTemplate\":\"https:\\\/\\\/casadecampoliving.com\\\/es\\\/?s={search_term_string}\"},\"query-input\":{\"@type\":\"PropertyValueSpecification\",\"valueRequired\":true,\"valueName\":\"search_term_string\"}}],\"inLanguage\":\"es\"},{\"@type\":\"Organization\",\"@id\":\"https:\\\/\\\/casadecampoliving.com\\\/es\\\/#organization\",\"name\":\"Casa de Campo Living\",\"url\":\"https:\\\/\\\/casadecampoliving.com\\\/es\\\/\",\"logo\":{\"@type\":\"ImageObject\",\"inLanguage\":\"es\",\"@id\":\"https:\\\/\\\/casadecampoliving.com\\\/es\\\/#\\\/schema\\\/logo\\\/image\\\/\",\"url\":\"https:\\\/\\\/i0.wp.com\\\/casadecampoliving.com\\\/wp-content\\\/uploads\\\/2022\\\/07\\\/CDCLivingLogo_V1-white-sized.png?fit=800%2C214&ssl=1\",\"contentUrl\":\"https:\\\/\\\/i0.wp.com\\\/casadecampoliving.com\\\/wp-content\\\/uploads\\\/2022\\\/07\\\/CDCLivingLogo_V1-white-sized.png?fit=800%2C214&ssl=1\",\"width\":800,\"height\":214,\"caption\":\"Casa de Campo Living\"},\"image\":{\"@id\":\"https:\\\/\\\/casadecampoliving.com\\\/es\\\/#\\\/schema\\\/logo\\\/image\\\/\"},\"sameAs\":[\"https:\\\/\\\/www.facebook.com\\\/casadecampoliving\",\"https:\\\/\\\/x.com\\\/cdcliving\"]},{\"@type\":\"Person\",\"@id\":\"https:\\\/\\\/casadecampoliving.com\\\/es\\\/#\\\/schema\\\/person\\\/2b2208f3175fa8761e25b272e096d718\",\"name\":\"Rebecca Silvestri\",\"image\":{\"@type\":\"ImageObject\",\"inLanguage\":\"es\",\"@id\":\"https:\\\/\\\/secure.gravatar.com\\\/avatar\\\/2d937fd6c1769fb718dbf8dce9e82bf5f89e97bd028f9b3ea10b931dc7df95c6?s=96&d=mm&r=g\",\"url\":\"https:\\\/\\\/secure.gravatar.com\\\/avatar\\\/2d937fd6c1769fb718dbf8dce9e82bf5f89e97bd028f9b3ea10b931dc7df95c6?s=96&d=mm&r=g\",\"contentUrl\":\"https:\\\/\\\/secure.gravatar.com\\\/avatar\\\/2d937fd6c1769fb718dbf8dce9e82bf5f89e97bd028f9b3ea10b931dc7df95c6?s=96&d=mm&r=g\",\"caption\":\"Rebecca Silvestri\"},\"url\":\"https:\\\/\\\/casadecampoliving.com\\\/es\\\/author\\\/madamehuge\\\/\"}]}<\/script>\n<!-- \/ Yoast SEO plugin. -->","yoast_head_json":{"title":"Guarde la Fecha 2011! | Casa de Campo Living","description":"Aqui tenemos nuestro \u2018Guarde la fecha\u2019 para el a\u00f1o 2011 con los actividades y eventos que estar\u00e1n pasando en Casa de Campo! Febrero S\u00e1bado 5 de","robots":{"index":"index","follow":"follow","max-snippet":"max-snippet:-1","max-image-preview":"max-image-preview:large","max-video-preview":"max-video-preview:-1"},"canonical":"https:\/\/casadecampoliving.com\/es\/guarde-la-fecha-2011-version-en-espanol\/","og_locale":"es_ES","og_type":"article","og_title":"Guarde la Fecha 2011! | Casa de Campo Living","og_description":"Aqui tenemos nuestro \u2018Guarde la fecha\u2019 para el a\u00f1o 2011 con los actividades y eventos que estar\u00e1n pasando en Casa de Campo! Febrero S\u00e1bado 5 de","og_url":"https:\/\/casadecampoliving.com\/es\/guarde-la-fecha-2011-version-en-espanol\/","og_site_name":"Casa de Campo Living","article_publisher":"https:\/\/www.facebook.com\/casadecampoliving","article_published_time":"2011-02-01T04:00:00+00:00","article_modified_time":"2022-10-21T22:36:12+00:00","og_image":[{"width":565,"height":278,"url":"https:\/\/i0.wp.com\/casadecampoliving.com\/wp-content\/uploads\/2022\/10\/Eventos2011-3.jpg?fit=565%2C278&ssl=1","type":"image\/jpeg"}],"author":"Rebecca Silvestri","twitter_card":"summary_large_image","twitter_creator":"@cdcliving","twitter_site":"@cdcliving","twitter_misc":{"Escrito por":"Rebecca Silvestri","Tiempo de lectura":"6 minutos"},"schema":{"@context":"https:\/\/schema.org","@graph":[{"@type":"Article","@id":"https:\/\/casadecampoliving.com\/es\/guarde-la-fecha-2011-version-en-espanol\/#article","isPartOf":{"@id":"https:\/\/casadecampoliving.com\/es\/guarde-la-fecha-2011-version-en-espanol\/"},"author":{"name":"Rebecca Silvestri","@id":"https:\/\/casadecampoliving.com\/es\/#\/schema\/person\/2b2208f3175fa8761e25b272e096d718"},"headline":"Guarde la Fecha 2011!","datePublished":"2011-02-01T04:00:00+00:00","dateModified":"2022-10-21T22:36:12+00:00","mainEntityOfPage":{"@id":"https:\/\/casadecampoliving.com\/es\/guarde-la-fecha-2011-version-en-espanol\/"},"wordCount":1295,"publisher":{"@id":"https:\/\/casadecampoliving.com\/es\/#organization"},"image":{"@id":"https:\/\/casadecampoliving.com\/es\/guarde-la-fecha-2011-version-en-espanol\/#primaryimage"},"thumbnailUrl":"https:\/\/i0.wp.com\/casadecampoliving.com\/wp-content\/uploads\/2022\/10\/Eventos2011-3.jpg?fit=565%2C278&ssl=1","articleSection":["Uncategorized @es"],"inLanguage":"es"},{"@type":"WebPage","@id":"https:\/\/casadecampoliving.com\/es\/guarde-la-fecha-2011-version-en-espanol\/","url":"https:\/\/casadecampoliving.com\/es\/guarde-la-fecha-2011-version-en-espanol\/","name":"Guarde la Fecha 2011! | Casa de Campo Living","isPartOf":{"@id":"https:\/\/casadecampoliving.com\/es\/#website"},"primaryImageOfPage":{"@id":"https:\/\/casadecampoliving.com\/es\/guarde-la-fecha-2011-version-en-espanol\/#primaryimage"},"image":{"@id":"https:\/\/casadecampoliving.com\/es\/guarde-la-fecha-2011-version-en-espanol\/#primaryimage"},"thumbnailUrl":"https:\/\/i0.wp.com\/casadecampoliving.com\/wp-content\/uploads\/2022\/10\/Eventos2011-3.jpg?fit=565%2C278&ssl=1","datePublished":"2011-02-01T04:00:00+00:00","dateModified":"2022-10-21T22:36:12+00:00","description":"Aqui tenemos nuestro \u2018Guarde la fecha\u2019 para el a\u00f1o 2011 con los actividades y eventos que estar\u00e1n pasando en Casa de Campo! Febrero S\u00e1bado 5 de","breadcrumb":{"@id":"https:\/\/casadecampoliving.com\/es\/guarde-la-fecha-2011-version-en-espanol\/#breadcrumb"},"inLanguage":"es","potentialAction":[{"@type":"ReadAction","target":["https:\/\/casadecampoliving.com\/es\/guarde-la-fecha-2011-version-en-espanol\/"]}]},{"@type":"ImageObject","inLanguage":"es","@id":"https:\/\/casadecampoliving.com\/es\/guarde-la-fecha-2011-version-en-espanol\/#primaryimage","url":"https:\/\/i0.wp.com\/casadecampoliving.com\/wp-content\/uploads\/2022\/10\/Eventos2011-3.jpg?fit=565%2C278&ssl=1","contentUrl":"https:\/\/i0.wp.com\/casadecampoliving.com\/wp-content\/uploads\/2022\/10\/Eventos2011-3.jpg?fit=565%2C278&ssl=1","width":565,"height":278},{"@type":"BreadcrumbList","@id":"https:\/\/casadecampoliving.com\/es\/guarde-la-fecha-2011-version-en-espanol\/#breadcrumb","itemListElement":[{"@type":"ListItem","position":1,"name":"Home","item":"https:\/\/casadecampoliving.com\/es\/"},{"@type":"ListItem","position":2,"name":"Guarde la Fecha 2011!"}]},{"@type":"WebSite","@id":"https:\/\/casadecampoliving.com\/es\/#website","url":"https:\/\/casadecampoliving.com\/es\/","name":"Casa de Campo Living","description":"Resort community news and resources.","publisher":{"@id":"https:\/\/casadecampoliving.com\/es\/#organization"},"potentialAction":[{"@type":"SearchAction","target":{"@type":"EntryPoint","urlTemplate":"https:\/\/casadecampoliving.com\/es\/?s={search_term_string}"},"query-input":{"@type":"PropertyValueSpecification","valueRequired":true,"valueName":"search_term_string"}}],"inLanguage":"es"},{"@type":"Organization","@id":"https:\/\/casadecampoliving.com\/es\/#organization","name":"Casa de Campo Living","url":"https:\/\/casadecampoliving.com\/es\/","logo":{"@type":"ImageObject","inLanguage":"es","@id":"https:\/\/casadecampoliving.com\/es\/#\/schema\/logo\/image\/","url":"https:\/\/i0.wp.com\/casadecampoliving.com\/wp-content\/uploads\/2022\/07\/CDCLivingLogo_V1-white-sized.png?fit=800%2C214&ssl=1","contentUrl":"https:\/\/i0.wp.com\/casadecampoliving.com\/wp-content\/uploads\/2022\/07\/CDCLivingLogo_V1-white-sized.png?fit=800%2C214&ssl=1","width":800,"height":214,"caption":"Casa de Campo Living"},"image":{"@id":"https:\/\/casadecampoliving.com\/es\/#\/schema\/logo\/image\/"},"sameAs":["https:\/\/www.facebook.com\/casadecampoliving","https:\/\/x.com\/cdcliving"]},{"@type":"Person","@id":"https:\/\/casadecampoliving.com\/es\/#\/schema\/person\/2b2208f3175fa8761e25b272e096d718","name":"Rebecca Silvestri","image":{"@type":"ImageObject","inLanguage":"es","@id":"https:\/\/secure.gravatar.com\/avatar\/2d937fd6c1769fb718dbf8dce9e82bf5f89e97bd028f9b3ea10b931dc7df95c6?s=96&d=mm&r=g","url":"https:\/\/secure.gravatar.com\/avatar\/2d937fd6c1769fb718dbf8dce9e82bf5f89e97bd028f9b3ea10b931dc7df95c6?s=96&d=mm&r=g","contentUrl":"https:\/\/secure.gravatar.com\/avatar\/2d937fd6c1769fb718dbf8dce9e82bf5f89e97bd028f9b3ea10b931dc7df95c6?s=96&d=mm&r=g","caption":"Rebecca Silvestri"},"url":"https:\/\/casadecampoliving.com\/es\/author\/madamehuge\/"}]}},"parsely":{"version":"1.1.0","canonical_url":"https:\/\/casadecampoliving.com\/es\/guarde-la-fecha-2011-version-en-espanol\/","smart_links":{"inbound":0,"outbound":0},"traffic_boost_suggestions_count":0,"meta":{"@context":"https:\/\/schema.org","@type":"NewsArticle","headline":"Guarde la Fecha 2011!","url":"http:\/\/casadecampoliving.com\/es\/guarde-la-fecha-2011-version-en-espanol\/","mainEntityOfPage":{"@type":"WebPage","@id":"http:\/\/casadecampoliving.com\/es\/guarde-la-fecha-2011-version-en-espanol\/"},"thumbnailUrl":"https:\/\/i0.wp.com\/casadecampoliving.com\/wp-content\/uploads\/2022\/10\/Eventos2011-3.jpg?resize=150%2C150&ssl=1","image":{"@type":"ImageObject","url":"https:\/\/i0.wp.com\/casadecampoliving.com\/wp-content\/uploads\/2022\/10\/Eventos2011-3.jpg?fit=565%2C278&ssl=1"},"articleSection":"Uncategorized @es","author":[{"@type":"Person","name":"Rebecca Silvestri"}],"creator":["Rebecca Silvestri"],"publisher":{"@type":"Organization","name":"Casa de Campo Living","logo":"https:\/\/casadecampoliving.com\/wp-content\/uploads\/2022\/07\/CDCLivingLogo_V1-white-sized.png"},"keywords":[],"dateCreated":"2011-02-01T04:00:00Z","datePublished":"2011-02-01T04:00:00Z","dateModified":"2022-10-21T22:36:12Z"},"rendered":"<meta name=\"parsely-title\" content=\"Guarde la Fecha 2011!\" \/>\n<meta name=\"parsely-link\" content=\"http:\/\/casadecampoliving.com\/es\/guarde-la-fecha-2011-version-en-espanol\/\" \/>\n<meta name=\"parsely-type\" content=\"post\" \/>\n<meta name=\"parsely-image-url\" content=\"https:\/\/i0.wp.com\/casadecampoliving.com\/wp-content\/uploads\/2022\/10\/Eventos2011-3.jpg?resize=150%2C150&amp;ssl=1\" \/>\n<meta name=\"parsely-pub-date\" content=\"2011-02-01T04:00:00Z\" \/>\n<meta name=\"parsely-section\" content=\"Uncategorized @es\" \/>\n<meta name=\"parsely-author\" content=\"Rebecca Silvestri\" \/>","tracker_url":"https:\/\/cdn.parsely.com\/keys\/casadecampoliving.com\/p.js"},"jetpack_publicize_connections":[],"jetpack-related-posts":[{"id":343760,"url":"https:\/\/casadecampoliving.com\/es\/guarde-la-fecha-el-4to-carnaval-yumero-2014\/","url_meta":{"origin":336921,"position":0},"title":"Guarde la fecha: el 4to Carnaval Yumero 2014","author":"Genesis Perdomo","date":"25 Ene, 2014","format":false,"excerpt":"Guarde la fecha, para el 4to Carnaval Yumero, el cual se efectuar\u00e1 el pr\u00f3ximo mes, empezando con un (calentamiento) el domingo 16 de febrero seguido del Carnaval Oficial el Domingo 23 de Febrero. El \u201cCarnaval Yumero\u201d es celebrado en San Rafael de Yuma, un peque\u00f1o pueblo en la parte este\u2026","rel":"","context":"En \u00abArte y cultura\u00bb","block_context":{"text":"Arte y cultura","link":"https:\/\/casadecampoliving.com\/category\/arte-y-cultura\/"},"img":{"alt_text":"","src":"https:\/\/i0.wp.com\/casadecampoliving.com\/wp-content\/uploads\/2022\/10\/Carnaval_Yumero_2014-1.jpg?fit=478%2C343&ssl=1&resize=350%2C200","width":350,"height":200},"classes":[]},{"id":354271,"url":"https:\/\/casadecampoliving.com\/es\/guarde-la-fecha-17o-torneo-de-tenis-teaching-pro-de-la-fundacion-familia-mcdaniel-del-24-al-27-de-febrero\/","url_meta":{"origin":336921,"position":1},"title":"Guarde la fecha: 17\u00ba Torneo de Tenis Teaching Pro de la Fundaci\u00f3n familia McDaniel, del 24 al 27 de febrero","author":"Casa de Campo Living","date":"21 Ene, 2022","format":false,"excerpt":"Este a\u00f1o, el 17\u00b0 Torneo anual McDaniel Tennis Teaching Pro se jugar\u00e1 del 24 al 27 de febrero de 2022, un torneo entre los jugadores profesionales de ambos clubes de tenis de Casa de Campo; La Terraza y La Romana Country Club, que tambi\u00e9n es el principal recaudador de fondos\u2026","rel":"","context":"En \u00abCasa de Campo Living @es\u00bb","block_context":{"text":"Casa de Campo Living @es","link":"https:\/\/casadecampoliving.com\/category\/casa-de-campo-living-es\/"},"img":{"alt_text":"","src":"https:\/\/i0.wp.com\/casadecampoliving.com\/wp-content\/uploads\/2022\/10\/IMG_2983-2.jpg?fit=1000%2C600&ssl=1&resize=350%2C200","width":350,"height":200,"srcset":"https:\/\/i0.wp.com\/casadecampoliving.com\/wp-content\/uploads\/2022\/10\/IMG_2983-2.jpg?fit=1000%2C600&ssl=1&resize=350%2C200 1x, https:\/\/i0.wp.com\/casadecampoliving.com\/wp-content\/uploads\/2022\/10\/IMG_2983-2.jpg?fit=1000%2C600&ssl=1&resize=525%2C300 1.5x, https:\/\/i0.wp.com\/casadecampoliving.com\/wp-content\/uploads\/2022\/10\/IMG_2983-2.jpg?fit=1000%2C600&ssl=1&resize=700%2C400 2x"},"classes":[]},{"id":513079,"url":"https:\/\/casadecampoliving.com\/es\/guarde-la-fecha-para-el-xxvi-fin-de-semana-anual-del-hogar-del-nino-lleno-de-diversion-de-este-ano\/","url_meta":{"origin":336921,"position":2},"title":"\u00a1Guarde la fecha para el XXVI Fin de Semana Anual del Hogar del Ni\u00f1o lleno de diversi\u00f3n de este a\u00f1o!","author":"Casa de Campo Living","date":"16 Ene, 2023","format":false,"excerpt":"\u00a1El nuevo a\u00f1o acaba de comenzar y ya tenemos eventos para anotar en nuestro calendario! El vig\u00e9simo sexto fin de semana anual del Hogar del Ni\u00f1o - The Silver Edition - se llevar\u00e1 a cabo el 18 de febrero, es la manera perfecta de pasar un buen rato y ser\u2026","rel":"","context":"En \u00abCasa de Campo Resort &amp; Villas\u00bb","block_context":{"text":"Casa de Campo Resort &amp; Villas","link":"https:\/\/casadecampoliving.com\/es\/category\/casa-de-campo-resort-villas\/"},"img":{"alt_text":"","src":"https:\/\/i0.wp.com\/casadecampoliving.com\/wp-content\/uploads\/2023\/01\/Hogar-del-NIno-Golf-Tournament-2022.png?fit=1200%2C800&ssl=1&resize=350%2C200","width":350,"height":200,"srcset":"https:\/\/i0.wp.com\/casadecampoliving.com\/wp-content\/uploads\/2023\/01\/Hogar-del-NIno-Golf-Tournament-2022.png?fit=1200%2C800&ssl=1&resize=350%2C200 1x, https:\/\/i0.wp.com\/casadecampoliving.com\/wp-content\/uploads\/2023\/01\/Hogar-del-NIno-Golf-Tournament-2022.png?fit=1200%2C800&ssl=1&resize=525%2C300 1.5x, https:\/\/i0.wp.com\/casadecampoliving.com\/wp-content\/uploads\/2023\/01\/Hogar-del-NIno-Golf-Tournament-2022.png?fit=1200%2C800&ssl=1&resize=700%2C400 2x, https:\/\/i0.wp.com\/casadecampoliving.com\/wp-content\/uploads\/2023\/01\/Hogar-del-NIno-Golf-Tournament-2022.png?fit=1200%2C800&ssl=1&resize=1050%2C600 3x"},"classes":[]},{"id":353660,"url":"https:\/\/casadecampoliving.com\/es\/marque-la-fecha-en-su-calendario-para-la-23a-edicion-del-fin-de-semana-hogar-del-nino\/","url_meta":{"origin":336921,"position":3},"title":"\u00a1Marque la fecha en su calendario para la 23\u00aa edici\u00f3n del Fin de Semana Hogar del Ni\u00f1o!","author":"Casa de Campo Living","date":"3 Ene, 2020","format":false,"excerpt":"\u00a1El a\u00f1o nuevo acaba de comenzar y ya tenemos eventos para anotar en nuestro calendario! El 23\u00aa fin de semana anual del Hogar del Ni\u00f1o se llevar\u00e1 a cabo los d\u00edas 14 y 15 de febrero, es la manera perfecta de pasar un buen rato y ser caritativo. Casa de\u2026","rel":"","context":"En \u00abCountry Club La Romana\u00bb","block_context":{"text":"Country Club La Romana","link":"https:\/\/casadecampoliving.com\/es\/category\/country-club-la-romana-es\/"},"img":{"alt_text":"","src":"https:\/\/i0.wp.com\/casadecampoliving.com\/wp-content\/uploads\/2022\/10\/DSC_2738.jpg?fit=1000%2C658&ssl=1&resize=350%2C200","width":350,"height":200,"srcset":"https:\/\/i0.wp.com\/casadecampoliving.com\/wp-content\/uploads\/2022\/10\/DSC_2738.jpg?fit=1000%2C658&ssl=1&resize=350%2C200 1x, https:\/\/i0.wp.com\/casadecampoliving.com\/wp-content\/uploads\/2022\/10\/DSC_2738.jpg?fit=1000%2C658&ssl=1&resize=525%2C300 1.5x, https:\/\/i0.wp.com\/casadecampoliving.com\/wp-content\/uploads\/2022\/10\/DSC_2738.jpg?fit=1000%2C658&ssl=1&resize=700%2C400 2x"},"classes":[]},{"id":353115,"url":"https:\/\/casadecampoliving.com\/es\/marque-la-fecha-en-su-calendario-para-la-22o-edicion-del-fin-de-semana-hogar-del-nino\/","url_meta":{"origin":336921,"position":4},"title":"\u00a1Marque la fecha en su calendario para la 22\u00ba edici\u00f3n del Fin de Semana Hogar del Ni\u00f1o!","author":"Casa de Campo Living","date":"7 Ene, 2019","format":false,"excerpt":"\u00a1El a\u00f1o nuevo acaba de comenzar y ya tenemos eventos para anotar en nuestro calendario! El 22\u00ba fin de semana anual del Hogar del Ni\u00f1o se llevar\u00e1 a cabo los d\u00edas 15 y 16 de febrero, es la manera perfecta de pasar un buen rato y ser caritativo. Casa de\u2026","rel":"","context":"En \u00abEstilo de Vida\u00bb","block_context":{"text":"Estilo de Vida","link":"https:\/\/casadecampoliving.com\/es\/category\/estilo-de-vida\/"},"img":{"alt_text":"Hogar del NI\u00f1o Weekend","src":"https:\/\/i0.wp.com\/casadecampoliving.com\/wp-content\/uploads\/2022\/10\/Eduardo-Guerra-Renata-Son%CC%83e-3.jpg?fit=1000%2C667&ssl=1&resize=350%2C200","width":350,"height":200,"srcset":"https:\/\/i0.wp.com\/casadecampoliving.com\/wp-content\/uploads\/2022\/10\/Eduardo-Guerra-Renata-Son%CC%83e-3.jpg?fit=1000%2C667&ssl=1&resize=350%2C200 1x, https:\/\/i0.wp.com\/casadecampoliving.com\/wp-content\/uploads\/2022\/10\/Eduardo-Guerra-Renata-Son%CC%83e-3.jpg?fit=1000%2C667&ssl=1&resize=525%2C300 1.5x, https:\/\/i0.wp.com\/casadecampoliving.com\/wp-content\/uploads\/2022\/10\/Eduardo-Guerra-Renata-Son%CC%83e-3.jpg?fit=1000%2C667&ssl=1&resize=700%2C400 2x"},"classes":[]},{"id":346071,"url":"https:\/\/casadecampoliving.com\/es\/10-copas-internacionales-de-polo-para-la-temporada-de-polo-casa-de-campo-2014-2015\/","url_meta":{"origin":336921,"position":5},"title":"10 copas internacionales de polo para la temporada de polo Casa de Campo 2014-2015","author":"Daniela Medina","date":"28 Nov, 2014","format":false,"excerpt":"\u00a1Excelentes noticias para todos los amantes del polo de Casa de Campo! Entre este a\u00f1o y el pr\u00f3ximo, tenemos muchos torneos emocionantes de polo que esperamos con ansias, por lo que aqu\u00ed les traemos el calendario provisional de eventos de polo \u00a1pr\u00f3ximos a celebrarse en Casa de Campo! Un total\u2026","rel":"","context":"En \u00abCasa de Campo Living @es\u00bb","block_context":{"text":"Casa de Campo Living @es","link":"https:\/\/casadecampoliving.com\/category\/casa-de-campo-living-es\/"},"img":{"alt_text":"polo Casa de Campo, Nacho Figueras","src":"https:\/\/i0.wp.com\/casadecampoliving.com\/wp-content\/uploads\/2022\/10\/polo_Casa_de_Campo_Nacho_Figueras-1.jpg?fit=1024%2C683&ssl=1&resize=350%2C200","width":350,"height":200,"srcset":"https:\/\/i0.wp.com\/casadecampoliving.com\/wp-content\/uploads\/2022\/10\/polo_Casa_de_Campo_Nacho_Figueras-1.jpg?fit=1024%2C683&ssl=1&resize=350%2C200 1x, https:\/\/i0.wp.com\/casadecampoliving.com\/wp-content\/uploads\/2022\/10\/polo_Casa_de_Campo_Nacho_Figueras-1.jpg?fit=1024%2C683&ssl=1&resize=525%2C300 1.5x, https:\/\/i0.wp.com\/casadecampoliving.com\/wp-content\/uploads\/2022\/10\/polo_Casa_de_Campo_Nacho_Figueras-1.jpg?fit=1024%2C683&ssl=1&resize=700%2C400 2x"},"classes":[]}],"jetpack_sharing_enabled":true,"jetpack_featured_media_url":"https:\/\/i0.wp.com\/casadecampoliving.com\/wp-content\/uploads\/2022\/10\/Eventos2011-3.jpg?fit=565%2C278&ssl=1","_links":{"self":[{"href":"https:\/\/casadecampoliving.com\/es\/wp-json\/wp\/v2\/posts\/336921","targetHints":{"allow":["GET"]}}],"collection":[{"href":"https:\/\/casadecampoliving.com\/es\/wp-json\/wp\/v2\/posts"}],"about":[{"href":"https:\/\/casadecampoliving.com\/es\/wp-json\/wp\/v2\/types\/post"}],"author":[{"embeddable":true,"href":"https:\/\/casadecampoliving.com\/es\/wp-json\/wp\/v2\/users\/31"}],"replies":[{"embeddable":true,"href":"https:\/\/casadecampoliving.com\/es\/wp-json\/wp\/v2\/comments?post=336921"}],"version-history":[{"count":1,"href":"https:\/\/casadecampoliving.com\/es\/wp-json\/wp\/v2\/posts\/336921\/revisions"}],"predecessor-version":[{"id":336922,"href":"https:\/\/casadecampoliving.com\/es\/wp-json\/wp\/v2\/posts\/336921\/revisions\/336922"}],"wp:featuredmedia":[{"embeddable":true,"href":"https:\/\/casadecampoliving.com\/es\/wp-json\/wp\/v2\/media\/336017"}],"wp:attachment":[{"href":"https:\/\/casadecampoliving.com\/es\/wp-json\/wp\/v2\/media?parent=336921"}],"wp:term":[{"taxonomy":"category","embeddable":true,"href":"https:\/\/casadecampoliving.com\/es\/wp-json\/wp\/v2\/categories?post=336921"},{"taxonomy":"post_tag","embeddable":true,"href":"https:\/\/casadecampoliving.com\/es\/wp-json\/wp\/v2\/tags?post=336921"},{"taxonomy":"newspack_spnsrs_tax","embeddable":true,"href":"https:\/\/casadecampoliving.com\/es\/wp-json\/wp\/v2\/newspack_spnsrs_tax?post=336921"}],"curies":[{"name":"wp","href":"https:\/\/api.w.org\/{rel}","templated":true}]}}