{"id":330573,"date":"2019-06-03T00:00:00","date_gmt":"2019-06-03T04:00:00","guid":{"rendered":"https:\/\/casadecampoliving.com\/carlos-sanchez-is-coming-back-to-casa-get-your-tickets-before-they-sell-out-2-2\/"},"modified":"2022-10-21T18:33:01","modified_gmt":"2022-10-21T22:33:01","slug":"carlos-sanchez-is-coming-back-to-casa-get-your-tickets-before-they-sell-out-2-2","status":"publish","type":"post","link":"https:\/\/casadecampoliving.com\/es\/carlos-sanchez-is-coming-back-to-casa-get-your-tickets-before-they-sell-out-2-2\/","title":{"rendered":"\u00a1Carlos S\u00e1nchez vuelve a Casa! \u00a1Compre sus entradas antes de que se agoten!!"},"content":{"rendered":"\n<p>\u00a1El comediante Carlos Sanchez regresa a Casa de Campo!!! Tal vez recuerdes la \u00faltima vez que actu\u00f3 en Casa, el hombre de la familia, amante de la diversi\u00f3n, <a href=\"https:\/\/casadecampoliving.com\/es\/comenzando-el-fin-de-semana-riendo-con-carlos-comic\/\" target=\"_blank\" rel=\"noreferrer noopener\" aria-label=\"hizo exactamente 100 chistes en una presentaci\u00f3n que benefici\u00f3 al Hogar del Ni\u00f1o. (opens in a new tab)\">hizo exactamente 100 chistes en una presentaci\u00f3n que benefici\u00f3 al Hogar del Ni\u00f1o.<\/a> Ahora, Carlos regresa esta vez al Caf\u00e9 Marietta en Altos de Chav\u00f3n, donde sin duda ofrecer\u00e1 otro hilarante espect\u00e1culo.<\/p>\n\n\n\n<p>Carlos ha estado involucrado con el Hogar del Ni\u00f1o por varios a\u00f1os, <a href=\"https:\/\/casadecampoliving.com\/es\/felix-sanchez-vino-a-apoyar-el-3er-casa-de-campo-corre-para-el-hogar-del-nino\/\" target=\"_blank\" rel=\"noreferrer noopener\" aria-label=\"actuando como anfitri\u00f3n del Casa de Campo Corre (opens in a new tab)\">actuando como anfitri\u00f3n del Casa de Campo Corre<\/a>, y ya ha presentado dos espect\u00e1culos, uno en Casa y otro en Santo Domingo, para beneficiar a la organizaci\u00f3n ben\u00e9fica.<\/p>\n\n\n\n<p>Del Hogar del Ni\u00f1o, Carlos nos dice que realmente le gusta el trabajo que est\u00e1n haciendo y lo que sea que necesiten \u00e9l esta dispuesto a ayudar.&nbsp;<strong>\u201cEs una gran causa que todos deben apoyar. Tenemos que recordar lo afortunados que somos y que hay muchos que no son tan afortunados. Todos tenemos problemas, independientemente de los ingresos, pero si tenemos alimentos, refugio, familia y salud, todo despu\u00e9s de eso es extra. Est\u00e1n aquellos que viven sin necesidades b\u00e1sicas, y veo que la caridad es dar algo de nuestra suerte a otras personas que no la han tenido \u201c.<\/strong><\/p>\n\n\n\n<p>Prep\u00e1rese para re\u00edrse mucho porque con \u201cEl Hijo de Do\u00f1a Yolanda\u201d su nueva rutina de comedia, &nbsp;\u00a1podemos estar seguros que estaremos muertos de la risa antes de que pase demasiado tiempo! \u00a1Marque sus calendarios para el viernes 7 de junio!<\/p>\n\n\n\n<p>Para ver algunos clips c\u00f3micos divertidos de los actos de Carlos S\u00e1nchez, visite&nbsp;<a rel=\"noreferrer noopener\" href=\"http:\/\/carloscomic.com\/\" target=\"_blank\">carloscomic.com<\/a>&nbsp;o s\u00edguelo en Instagram en&nbsp;<a rel=\"noreferrer noopener\" href=\"https:\/\/www.instagram.com\/carloscomic\/\" target=\"_blank\">@carloscomic<\/a>.<\/p>\n\n\n\n<figure class=\"wp-block-image\"><img decoding=\"async\" src=\"https:\/\/i0.wp.com\/casadecampoliving.com\/wp-content\/uploads\/2022\/10\/CS-600-X-400-PDF-1024x682-1024x682-1.jpg?ssl=1\" alt=\"\" class=\"wp-image-170518\"\/><\/figure>\n\n\n\n<blockquote class=\"wp-block-quote is-layout-flow wp-block-quote-is-layout-flow\"><p><strong>Carlos S\u00e1nchez  \u201cEl hijo de Do\u00f1a Yolanda\u201d <\/strong><br><br><strong>D\u00f3nde:<\/strong>Caf\u00e9 Marietta, Altos de Chav\u00f3n<br><br><strong>Cu\u00e1ndo:<\/strong>viernes 7 de junio.<br><strong>Hora:<\/strong>9:00 p.m.<br><br><strong>Boletos:<\/strong>RD $1,000. Compre sus boletos en el Club de Propietarios de Casa de Campo o en el Patronato Ben\u00e9fico Oriental en La Romana<\/p><\/blockquote>\n","protected":false},"excerpt":{"rendered":"<p>\u00a1El comediante Carlos Sanchez regresa a Casa de Campo!!! Tal vez recuerdes la \u00faltima vez que actu\u00f3 en Casa, el hombre de la familia, amante de la diversi\u00f3n, hizo exactamente 100 chistes en una presentaci\u00f3n que benefici\u00f3 al Hogar del Ni\u00f1o. Ahora, Carlos regresa esta vez al Caf\u00e9 Marietta en Altos de Chav\u00f3n, donde sin [&hellip;]<\/p>\n","protected":false},"author":36946,"featured_media":304004,"comment_status":"closed","ping_status":"open","sticky":false,"template":"","format":"standard","meta":{"newspack_ads_suppress_ads":false,"newspack_popups_has_disabled_popups":false,"newspack_sponsor_sponsorship_scope":"","newspack_sponsor_native_byline_display":"inherit","newspack_sponsor_native_category_display":"inherit","newspack_sponsor_underwriter_style":"inherit","newspack_sponsor_underwriter_placement":"inherit","_newspack_byline_active":false,"_newspack_byline":"","newspack_hide_updated_date":false,"newspack_show_updated_date":false,"newspack_content_restriction_is_exempt":false,"newspack_featured_image_position":"","newspack_post_subtitle":"","newspack_article_summary_title":"Overview:","newspack_article_summary":"","_jetpack_memberships_contains_paid_content":false,"footnotes":"","jetpack_publicize_message":"","jetpack_publicize_feature_enabled":true,"jetpack_social_post_already_shared":false,"jetpack_social_options":{"image_generator_settings":{"template":"highway","default_image_id":0,"font":"","enabled":false},"version":2},"_wpas_customize_per_network":false},"categories":[56,45,61,75,51,2306,14630,14624,12567,14626],"tags":[],"newspack_spnsrs_tax":[],"class_list":["post-330573","post","type-post","status-publish","format-standard","has-post-thumbnail","hentry","category-altos-de-chavon","category-art-and-culture","category-bars-and-nightlife","category-dominican-republic","category-events-and-activities","category-hogar-del-nino-charity","category-lifestyle","category-local-news","category-philanthrophy","category-upcoming","entry"],"yoast_head":"<!-- This site is optimized with the Yoast SEO plugin v27.4 - https:\/\/yoast.com\/product\/yoast-seo-wordpress\/ -->\n<title>\u00a1Carlos S\u00e1nchez vuelve a Casa! \u00a1Compre sus entradas antes de que se agoten!! | Casa de Campo Living<\/title>\n<meta name=\"description\" content=\"\u00a1El comediante Carlos Sanchez regresa a Casa de Campo!!! Tal vez recuerdes la \u00faltima vez que actu\u00f3 en Casa, el hombre de la familia, amante de la\" \/>\n<meta name=\"robots\" content=\"index, follow, max-snippet:-1, max-image-preview:large, max-video-preview:-1\" \/>\n<link rel=\"canonical\" href=\"https:\/\/casadecampoliving.com\/es\/carlos-sanchez-is-coming-back-to-casa-get-your-tickets-before-they-sell-out-2-2\/\" \/>\n<meta property=\"og:locale\" content=\"es_ES\" \/>\n<meta property=\"og:type\" content=\"article\" \/>\n<meta property=\"og:title\" content=\"\u00a1Carlos S\u00e1nchez vuelve a Casa! \u00a1Compre sus entradas antes de que se agoten!! | Casa de Campo Living\" \/>\n<meta property=\"og:description\" content=\"\u00a1El comediante Carlos Sanchez regresa a Casa de Campo!!! Tal vez recuerdes la \u00faltima vez que actu\u00f3 en Casa, el hombre de la familia, amante de la\" \/>\n<meta property=\"og:url\" content=\"https:\/\/casadecampoliving.com\/es\/carlos-sanchez-is-coming-back-to-casa-get-your-tickets-before-they-sell-out-2-2\/\" \/>\n<meta property=\"og:site_name\" content=\"Casa de Campo Living\" \/>\n<meta property=\"article:publisher\" content=\"https:\/\/www.facebook.com\/casadecampoliving\" \/>\n<meta property=\"article:published_time\" content=\"2019-06-03T04:00:00+00:00\" \/>\n<meta property=\"article:modified_time\" content=\"2022-10-21T22:33:01+00:00\" \/>\n<meta property=\"og:image\" content=\"https:\/\/i0.wp.com\/casadecampoliving.com\/wp-content\/uploads\/2022\/10\/carlos-comic-1000x600-1.jpg?fit=1000%2C600&ssl=1\" \/>\n\t<meta property=\"og:image:width\" content=\"1000\" \/>\n\t<meta property=\"og:image:height\" content=\"600\" \/>\n\t<meta property=\"og:image:type\" content=\"image\/jpeg\" \/>\n<meta name=\"author\" content=\"Amy Mal\" \/>\n<meta name=\"twitter:card\" content=\"summary_large_image\" \/>\n<meta name=\"twitter:creator\" content=\"@cdcliving\" \/>\n<meta name=\"twitter:site\" content=\"@cdcliving\" \/>\n<meta name=\"twitter:label1\" content=\"Escrito por\" \/>\n\t<meta name=\"twitter:data1\" content=\"Amy Mal\" \/>\n\t<meta name=\"twitter:label2\" content=\"Tiempo de lectura\" \/>\n\t<meta name=\"twitter:data2\" content=\"2 minutos\" \/>\n<script type=\"application\/ld+json\" class=\"yoast-schema-graph\">{\"@context\":\"https:\\\/\\\/schema.org\",\"@graph\":[{\"@type\":\"Article\",\"@id\":\"https:\\\/\\\/casadecampoliving.com\\\/es\\\/carlos-sanchez-is-coming-back-to-casa-get-your-tickets-before-they-sell-out-2-2\\\/#article\",\"isPartOf\":{\"@id\":\"https:\\\/\\\/casadecampoliving.com\\\/es\\\/carlos-sanchez-is-coming-back-to-casa-get-your-tickets-before-they-sell-out-2-2\\\/\"},\"author\":{\"name\":\"Amy Mal\",\"@id\":\"https:\\\/\\\/casadecampoliving.com\\\/es\\\/#\\\/schema\\\/person\\\/c1a105012c37d6f19a1ee7397cd8cb6c\"},\"headline\":\"\u00a1Carlos S\u00e1nchez vuelve a Casa! \u00a1Compre sus entradas antes de que se agoten!!\",\"datePublished\":\"2019-06-03T04:00:00+00:00\",\"dateModified\":\"2022-10-21T22:33:01+00:00\",\"mainEntityOfPage\":{\"@id\":\"https:\\\/\\\/casadecampoliving.com\\\/es\\\/carlos-sanchez-is-coming-back-to-casa-get-your-tickets-before-they-sell-out-2-2\\\/\"},\"wordCount\":347,\"publisher\":{\"@id\":\"https:\\\/\\\/casadecampoliving.com\\\/es\\\/#organization\"},\"image\":{\"@id\":\"https:\\\/\\\/casadecampoliving.com\\\/es\\\/carlos-sanchez-is-coming-back-to-casa-get-your-tickets-before-they-sell-out-2-2\\\/#primaryimage\"},\"thumbnailUrl\":\"https:\\\/\\\/i0.wp.com\\\/casadecampoliving.com\\\/wp-content\\\/uploads\\\/2022\\\/10\\\/carlos-comic-1000x600-1.jpg?fit=1000%2C600&ssl=1\",\"articleSection\":[\"Altos de Chavon\",\"Art and Culture\",\"Bars and Nightlife\",\"Dominican Republic\",\"Events and Activities\",\"Hogar del Nino\",\"Lifestyle\",\"Local News\",\"Philanthrophy\",\"Upcoming\"],\"inLanguage\":\"es\"},{\"@type\":\"WebPage\",\"@id\":\"https:\\\/\\\/casadecampoliving.com\\\/es\\\/carlos-sanchez-is-coming-back-to-casa-get-your-tickets-before-they-sell-out-2-2\\\/\",\"url\":\"https:\\\/\\\/casadecampoliving.com\\\/es\\\/carlos-sanchez-is-coming-back-to-casa-get-your-tickets-before-they-sell-out-2-2\\\/\",\"name\":\"\u00a1Carlos S\u00e1nchez vuelve a Casa! \u00a1Compre sus entradas antes de que se agoten!! | Casa de Campo Living\",\"isPartOf\":{\"@id\":\"https:\\\/\\\/casadecampoliving.com\\\/es\\\/#website\"},\"primaryImageOfPage\":{\"@id\":\"https:\\\/\\\/casadecampoliving.com\\\/es\\\/carlos-sanchez-is-coming-back-to-casa-get-your-tickets-before-they-sell-out-2-2\\\/#primaryimage\"},\"image\":{\"@id\":\"https:\\\/\\\/casadecampoliving.com\\\/es\\\/carlos-sanchez-is-coming-back-to-casa-get-your-tickets-before-they-sell-out-2-2\\\/#primaryimage\"},\"thumbnailUrl\":\"https:\\\/\\\/i0.wp.com\\\/casadecampoliving.com\\\/wp-content\\\/uploads\\\/2022\\\/10\\\/carlos-comic-1000x600-1.jpg?fit=1000%2C600&ssl=1\",\"datePublished\":\"2019-06-03T04:00:00+00:00\",\"dateModified\":\"2022-10-21T22:33:01+00:00\",\"description\":\"\u00a1El comediante Carlos Sanchez regresa a Casa de Campo!!! Tal vez recuerdes la \u00faltima vez que actu\u00f3 en Casa, el hombre de la familia, amante de la\",\"breadcrumb\":{\"@id\":\"https:\\\/\\\/casadecampoliving.com\\\/es\\\/carlos-sanchez-is-coming-back-to-casa-get-your-tickets-before-they-sell-out-2-2\\\/#breadcrumb\"},\"inLanguage\":\"es\",\"potentialAction\":[{\"@type\":\"ReadAction\",\"target\":[\"https:\\\/\\\/casadecampoliving.com\\\/es\\\/carlos-sanchez-is-coming-back-to-casa-get-your-tickets-before-they-sell-out-2-2\\\/\"]}]},{\"@type\":\"ImageObject\",\"inLanguage\":\"es\",\"@id\":\"https:\\\/\\\/casadecampoliving.com\\\/es\\\/carlos-sanchez-is-coming-back-to-casa-get-your-tickets-before-they-sell-out-2-2\\\/#primaryimage\",\"url\":\"https:\\\/\\\/i0.wp.com\\\/casadecampoliving.com\\\/wp-content\\\/uploads\\\/2022\\\/10\\\/carlos-comic-1000x600-1.jpg?fit=1000%2C600&ssl=1\",\"contentUrl\":\"https:\\\/\\\/i0.wp.com\\\/casadecampoliving.com\\\/wp-content\\\/uploads\\\/2022\\\/10\\\/carlos-comic-1000x600-1.jpg?fit=1000%2C600&ssl=1\",\"width\":1000,\"height\":600},{\"@type\":\"BreadcrumbList\",\"@id\":\"https:\\\/\\\/casadecampoliving.com\\\/es\\\/carlos-sanchez-is-coming-back-to-casa-get-your-tickets-before-they-sell-out-2-2\\\/#breadcrumb\",\"itemListElement\":[{\"@type\":\"ListItem\",\"position\":1,\"name\":\"Home\",\"item\":\"https:\\\/\\\/casadecampoliving.com\\\/es\\\/\"},{\"@type\":\"ListItem\",\"position\":2,\"name\":\"\u00a1Carlos S\u00e1nchez vuelve a Casa! \u00a1Compre sus entradas antes de que se agoten!!\"}]},{\"@type\":\"WebSite\",\"@id\":\"https:\\\/\\\/casadecampoliving.com\\\/es\\\/#website\",\"url\":\"https:\\\/\\\/casadecampoliving.com\\\/es\\\/\",\"name\":\"Casa de Campo Living\",\"description\":\"Resort community news and resources.\",\"publisher\":{\"@id\":\"https:\\\/\\\/casadecampoliving.com\\\/es\\\/#organization\"},\"potentialAction\":[{\"@type\":\"SearchAction\",\"target\":{\"@type\":\"EntryPoint\",\"urlTemplate\":\"https:\\\/\\\/casadecampoliving.com\\\/es\\\/?s={search_term_string}\"},\"query-input\":{\"@type\":\"PropertyValueSpecification\",\"valueRequired\":true,\"valueName\":\"search_term_string\"}}],\"inLanguage\":\"es\"},{\"@type\":\"Organization\",\"@id\":\"https:\\\/\\\/casadecampoliving.com\\\/es\\\/#organization\",\"name\":\"Casa de Campo Living\",\"url\":\"https:\\\/\\\/casadecampoliving.com\\\/es\\\/\",\"logo\":{\"@type\":\"ImageObject\",\"inLanguage\":\"es\",\"@id\":\"https:\\\/\\\/casadecampoliving.com\\\/es\\\/#\\\/schema\\\/logo\\\/image\\\/\",\"url\":\"https:\\\/\\\/i0.wp.com\\\/casadecampoliving.com\\\/wp-content\\\/uploads\\\/2022\\\/07\\\/CDCLivingLogo_V1-white-sized.png?fit=800%2C214&ssl=1\",\"contentUrl\":\"https:\\\/\\\/i0.wp.com\\\/casadecampoliving.com\\\/wp-content\\\/uploads\\\/2022\\\/07\\\/CDCLivingLogo_V1-white-sized.png?fit=800%2C214&ssl=1\",\"width\":800,\"height\":214,\"caption\":\"Casa de Campo Living\"},\"image\":{\"@id\":\"https:\\\/\\\/casadecampoliving.com\\\/es\\\/#\\\/schema\\\/logo\\\/image\\\/\"},\"sameAs\":[\"https:\\\/\\\/www.facebook.com\\\/casadecampoliving\",\"https:\\\/\\\/x.com\\\/cdcliving\"]},{\"@type\":\"Person\",\"@id\":\"https:\\\/\\\/casadecampoliving.com\\\/es\\\/#\\\/schema\\\/person\\\/c1a105012c37d6f19a1ee7397cd8cb6c\",\"name\":\"Amy Mal\",\"image\":{\"@type\":\"ImageObject\",\"inLanguage\":\"es\",\"@id\":\"https:\\\/\\\/secure.gravatar.com\\\/avatar\\\/fe7ceb41c76931ec3fe52c2c4a26943fe1e15f95fc1cf82e26afe76e22b59274?s=96&d=mm&r=g\",\"url\":\"https:\\\/\\\/secure.gravatar.com\\\/avatar\\\/fe7ceb41c76931ec3fe52c2c4a26943fe1e15f95fc1cf82e26afe76e22b59274?s=96&d=mm&r=g\",\"contentUrl\":\"https:\\\/\\\/secure.gravatar.com\\\/avatar\\\/fe7ceb41c76931ec3fe52c2c4a26943fe1e15f95fc1cf82e26afe76e22b59274?s=96&d=mm&r=g\",\"caption\":\"Amy Mal\"},\"url\":\"https:\\\/\\\/casadecampoliving.com\\\/es\\\/author\\\/amymal\\\/\"}]}<\/script>\n<!-- \/ Yoast SEO plugin. -->","yoast_head_json":{"title":"\u00a1Carlos S\u00e1nchez vuelve a Casa! \u00a1Compre sus entradas antes de que se agoten!! | Casa de Campo Living","description":"\u00a1El comediante Carlos Sanchez regresa a Casa de Campo!!! Tal vez recuerdes la \u00faltima vez que actu\u00f3 en Casa, el hombre de la familia, amante de la","robots":{"index":"index","follow":"follow","max-snippet":"max-snippet:-1","max-image-preview":"max-image-preview:large","max-video-preview":"max-video-preview:-1"},"canonical":"https:\/\/casadecampoliving.com\/es\/carlos-sanchez-is-coming-back-to-casa-get-your-tickets-before-they-sell-out-2-2\/","og_locale":"es_ES","og_type":"article","og_title":"\u00a1Carlos S\u00e1nchez vuelve a Casa! \u00a1Compre sus entradas antes de que se agoten!! | Casa de Campo Living","og_description":"\u00a1El comediante Carlos Sanchez regresa a Casa de Campo!!! Tal vez recuerdes la \u00faltima vez que actu\u00f3 en Casa, el hombre de la familia, amante de la","og_url":"https:\/\/casadecampoliving.com\/es\/carlos-sanchez-is-coming-back-to-casa-get-your-tickets-before-they-sell-out-2-2\/","og_site_name":"Casa de Campo Living","article_publisher":"https:\/\/www.facebook.com\/casadecampoliving","article_published_time":"2019-06-03T04:00:00+00:00","article_modified_time":"2022-10-21T22:33:01+00:00","og_image":[{"width":1000,"height":600,"url":"https:\/\/i0.wp.com\/casadecampoliving.com\/wp-content\/uploads\/2022\/10\/carlos-comic-1000x600-1.jpg?fit=1000%2C600&ssl=1","type":"image\/jpeg"}],"author":"Amy Mal","twitter_card":"summary_large_image","twitter_creator":"@cdcliving","twitter_site":"@cdcliving","twitter_misc":{"Escrito por":"Amy Mal","Tiempo de lectura":"2 minutos"},"schema":{"@context":"https:\/\/schema.org","@graph":[{"@type":"Article","@id":"https:\/\/casadecampoliving.com\/es\/carlos-sanchez-is-coming-back-to-casa-get-your-tickets-before-they-sell-out-2-2\/#article","isPartOf":{"@id":"https:\/\/casadecampoliving.com\/es\/carlos-sanchez-is-coming-back-to-casa-get-your-tickets-before-they-sell-out-2-2\/"},"author":{"name":"Amy Mal","@id":"https:\/\/casadecampoliving.com\/es\/#\/schema\/person\/c1a105012c37d6f19a1ee7397cd8cb6c"},"headline":"\u00a1Carlos S\u00e1nchez vuelve a Casa! \u00a1Compre sus entradas antes de que se agoten!!","datePublished":"2019-06-03T04:00:00+00:00","dateModified":"2022-10-21T22:33:01+00:00","mainEntityOfPage":{"@id":"https:\/\/casadecampoliving.com\/es\/carlos-sanchez-is-coming-back-to-casa-get-your-tickets-before-they-sell-out-2-2\/"},"wordCount":347,"publisher":{"@id":"https:\/\/casadecampoliving.com\/es\/#organization"},"image":{"@id":"https:\/\/casadecampoliving.com\/es\/carlos-sanchez-is-coming-back-to-casa-get-your-tickets-before-they-sell-out-2-2\/#primaryimage"},"thumbnailUrl":"https:\/\/i0.wp.com\/casadecampoliving.com\/wp-content\/uploads\/2022\/10\/carlos-comic-1000x600-1.jpg?fit=1000%2C600&ssl=1","articleSection":["Altos de Chavon","Art and Culture","Bars and Nightlife","Dominican Republic","Events and Activities","Hogar del Nino","Lifestyle","Local News","Philanthrophy","Upcoming"],"inLanguage":"es"},{"@type":"WebPage","@id":"https:\/\/casadecampoliving.com\/es\/carlos-sanchez-is-coming-back-to-casa-get-your-tickets-before-they-sell-out-2-2\/","url":"https:\/\/casadecampoliving.com\/es\/carlos-sanchez-is-coming-back-to-casa-get-your-tickets-before-they-sell-out-2-2\/","name":"\u00a1Carlos S\u00e1nchez vuelve a Casa! \u00a1Compre sus entradas antes de que se agoten!! | Casa de Campo Living","isPartOf":{"@id":"https:\/\/casadecampoliving.com\/es\/#website"},"primaryImageOfPage":{"@id":"https:\/\/casadecampoliving.com\/es\/carlos-sanchez-is-coming-back-to-casa-get-your-tickets-before-they-sell-out-2-2\/#primaryimage"},"image":{"@id":"https:\/\/casadecampoliving.com\/es\/carlos-sanchez-is-coming-back-to-casa-get-your-tickets-before-they-sell-out-2-2\/#primaryimage"},"thumbnailUrl":"https:\/\/i0.wp.com\/casadecampoliving.com\/wp-content\/uploads\/2022\/10\/carlos-comic-1000x600-1.jpg?fit=1000%2C600&ssl=1","datePublished":"2019-06-03T04:00:00+00:00","dateModified":"2022-10-21T22:33:01+00:00","description":"\u00a1El comediante Carlos Sanchez regresa a Casa de Campo!!! Tal vez recuerdes la \u00faltima vez que actu\u00f3 en Casa, el hombre de la familia, amante de la","breadcrumb":{"@id":"https:\/\/casadecampoliving.com\/es\/carlos-sanchez-is-coming-back-to-casa-get-your-tickets-before-they-sell-out-2-2\/#breadcrumb"},"inLanguage":"es","potentialAction":[{"@type":"ReadAction","target":["https:\/\/casadecampoliving.com\/es\/carlos-sanchez-is-coming-back-to-casa-get-your-tickets-before-they-sell-out-2-2\/"]}]},{"@type":"ImageObject","inLanguage":"es","@id":"https:\/\/casadecampoliving.com\/es\/carlos-sanchez-is-coming-back-to-casa-get-your-tickets-before-they-sell-out-2-2\/#primaryimage","url":"https:\/\/i0.wp.com\/casadecampoliving.com\/wp-content\/uploads\/2022\/10\/carlos-comic-1000x600-1.jpg?fit=1000%2C600&ssl=1","contentUrl":"https:\/\/i0.wp.com\/casadecampoliving.com\/wp-content\/uploads\/2022\/10\/carlos-comic-1000x600-1.jpg?fit=1000%2C600&ssl=1","width":1000,"height":600},{"@type":"BreadcrumbList","@id":"https:\/\/casadecampoliving.com\/es\/carlos-sanchez-is-coming-back-to-casa-get-your-tickets-before-they-sell-out-2-2\/#breadcrumb","itemListElement":[{"@type":"ListItem","position":1,"name":"Home","item":"https:\/\/casadecampoliving.com\/es\/"},{"@type":"ListItem","position":2,"name":"\u00a1Carlos S\u00e1nchez vuelve a Casa! \u00a1Compre sus entradas antes de que se agoten!!"}]},{"@type":"WebSite","@id":"https:\/\/casadecampoliving.com\/es\/#website","url":"https:\/\/casadecampoliving.com\/es\/","name":"Casa de Campo Living","description":"Resort community news and resources.","publisher":{"@id":"https:\/\/casadecampoliving.com\/es\/#organization"},"potentialAction":[{"@type":"SearchAction","target":{"@type":"EntryPoint","urlTemplate":"https:\/\/casadecampoliving.com\/es\/?s={search_term_string}"},"query-input":{"@type":"PropertyValueSpecification","valueRequired":true,"valueName":"search_term_string"}}],"inLanguage":"es"},{"@type":"Organization","@id":"https:\/\/casadecampoliving.com\/es\/#organization","name":"Casa de Campo Living","url":"https:\/\/casadecampoliving.com\/es\/","logo":{"@type":"ImageObject","inLanguage":"es","@id":"https:\/\/casadecampoliving.com\/es\/#\/schema\/logo\/image\/","url":"https:\/\/i0.wp.com\/casadecampoliving.com\/wp-content\/uploads\/2022\/07\/CDCLivingLogo_V1-white-sized.png?fit=800%2C214&ssl=1","contentUrl":"https:\/\/i0.wp.com\/casadecampoliving.com\/wp-content\/uploads\/2022\/07\/CDCLivingLogo_V1-white-sized.png?fit=800%2C214&ssl=1","width":800,"height":214,"caption":"Casa de Campo Living"},"image":{"@id":"https:\/\/casadecampoliving.com\/es\/#\/schema\/logo\/image\/"},"sameAs":["https:\/\/www.facebook.com\/casadecampoliving","https:\/\/x.com\/cdcliving"]},{"@type":"Person","@id":"https:\/\/casadecampoliving.com\/es\/#\/schema\/person\/c1a105012c37d6f19a1ee7397cd8cb6c","name":"Amy Mal","image":{"@type":"ImageObject","inLanguage":"es","@id":"https:\/\/secure.gravatar.com\/avatar\/fe7ceb41c76931ec3fe52c2c4a26943fe1e15f95fc1cf82e26afe76e22b59274?s=96&d=mm&r=g","url":"https:\/\/secure.gravatar.com\/avatar\/fe7ceb41c76931ec3fe52c2c4a26943fe1e15f95fc1cf82e26afe76e22b59274?s=96&d=mm&r=g","contentUrl":"https:\/\/secure.gravatar.com\/avatar\/fe7ceb41c76931ec3fe52c2c4a26943fe1e15f95fc1cf82e26afe76e22b59274?s=96&d=mm&r=g","caption":"Amy Mal"},"url":"https:\/\/casadecampoliving.com\/es\/author\/amymal\/"}]}},"parsely":{"version":"1.1.0","canonical_url":"https:\/\/casadecampoliving.com\/es\/carlos-sanchez-is-coming-back-to-casa-get-your-tickets-before-they-sell-out-2-2\/","smart_links":{"inbound":0,"outbound":0},"traffic_boost_suggestions_count":0,"meta":{"@context":"https:\/\/schema.org","@type":"NewsArticle","headline":"\u00a1Carlos S\u00e1nchez vuelve a Casa! \u00a1Compre sus entradas antes de que se agoten!!","url":"http:\/\/casadecampoliving.com\/es\/carlos-sanchez-is-coming-back-to-casa-get-your-tickets-before-they-sell-out-2-2\/","mainEntityOfPage":{"@type":"WebPage","@id":"http:\/\/casadecampoliving.com\/es\/carlos-sanchez-is-coming-back-to-casa-get-your-tickets-before-they-sell-out-2-2\/"},"thumbnailUrl":"https:\/\/i0.wp.com\/casadecampoliving.com\/wp-content\/uploads\/2022\/10\/carlos-comic-1000x600-1.jpg?resize=150%2C150&ssl=1","image":{"@type":"ImageObject","url":"https:\/\/i0.wp.com\/casadecampoliving.com\/wp-content\/uploads\/2022\/10\/carlos-comic-1000x600-1.jpg?fit=1000%2C600&ssl=1"},"articleSection":"Altos de Chavon","author":[{"@type":"Person","name":"Amy Mal"}],"creator":["Amy Mal"],"publisher":{"@type":"Organization","name":"Casa de Campo Living","logo":"https:\/\/casadecampoliving.com\/wp-content\/uploads\/2022\/07\/CDCLivingLogo_V1-white-sized.png"},"keywords":[],"dateCreated":"2019-06-03T04:00:00Z","datePublished":"2019-06-03T04:00:00Z","dateModified":"2022-10-21T22:33:01Z"},"rendered":"<script type=\"application\/ld+json\" class=\"wp-parsely-metadata\">{\"@context\":\"https:\\\/\\\/schema.org\",\"@type\":\"NewsArticle\",\"headline\":\"\\u00a1Carlos S\\u00e1nchez vuelve a Casa! \\u00a1Compre sus entradas antes de que se agoten!!\",\"url\":\"http:\\\/\\\/casadecampoliving.com\\\/es\\\/carlos-sanchez-is-coming-back-to-casa-get-your-tickets-before-they-sell-out-2-2\\\/\",\"mainEntityOfPage\":{\"@type\":\"WebPage\",\"@id\":\"http:\\\/\\\/casadecampoliving.com\\\/es\\\/carlos-sanchez-is-coming-back-to-casa-get-your-tickets-before-they-sell-out-2-2\\\/\"},\"thumbnailUrl\":\"https:\\\/\\\/i0.wp.com\\\/casadecampoliving.com\\\/wp-content\\\/uploads\\\/2022\\\/10\\\/carlos-comic-1000x600-1.jpg?resize=150%2C150&ssl=1\",\"image\":{\"@type\":\"ImageObject\",\"url\":\"https:\\\/\\\/i0.wp.com\\\/casadecampoliving.com\\\/wp-content\\\/uploads\\\/2022\\\/10\\\/carlos-comic-1000x600-1.jpg?fit=1000%2C600&ssl=1\"},\"articleSection\":\"Altos de Chavon\",\"author\":[{\"@type\":\"Person\",\"name\":\"Amy Mal\"}],\"creator\":[\"Amy Mal\"],\"publisher\":{\"@type\":\"Organization\",\"name\":\"Casa de Campo Living\",\"logo\":\"https:\\\/\\\/casadecampoliving.com\\\/wp-content\\\/uploads\\\/2022\\\/07\\\/CDCLivingLogo_V1-white-sized.png\"},\"keywords\":[],\"dateCreated\":\"2019-06-03T04:00:00Z\",\"datePublished\":\"2019-06-03T04:00:00Z\",\"dateModified\":\"2022-10-21T22:33:01Z\"}<\/script>","tracker_url":"https:\/\/cdn.parsely.com\/keys\/casadecampoliving.com\/p.js"},"jetpack_publicize_connections":[],"jetpack_featured_media_url":"https:\/\/i0.wp.com\/casadecampoliving.com\/wp-content\/uploads\/2022\/10\/carlos-comic-1000x600-1.jpg?fit=1000%2C600&ssl=1","jetpack-related-posts":[{"id":353479,"url":"https:\/\/casadecampoliving.com\/es\/carlos-sanchez-is-coming-back-to-casa-get-your-tickets-before-they-sell-out-2\/","url_meta":{"origin":330573,"position":0},"title":"\u00a1Carlos S\u00e1nchez vuelve a Casa! \u00a1Compre sus entradas antes de que se agoten!!","author":"Casa de Campo Living","date":"11 Jun, 2019","format":false,"excerpt":"\u00a1El comediante Carlos Sanchez regresa a Casa de Campo!!! Tal vez recuerdes la \u00faltima vez que actu\u00f3 en Casa, el hombre de la familia, amante de la diversi\u00f3n, hizo exactamente 100 chistes en una presentaci\u00f3n que benefici\u00f3 al Hogar del Ni\u00f1o. Ahora, Carlos regresa esta vez al Caf\u00e9 Marietta en\u2026","rel":"","context":"En \u00abAltos de Chavon @es\u00bb","block_context":{"text":"Altos de Chavon @es","link":"https:\/\/casadecampoliving.com\/category\/altos-de-chavon-es\/"},"img":{"alt_text":"","src":"https:\/\/i0.wp.com\/casadecampoliving.com\/wp-content\/uploads\/2022\/10\/carlos-comic-1000x600-1.jpg?fit=1000%2C600&ssl=1&resize=350%2C200","width":350,"height":200,"srcset":"https:\/\/i0.wp.com\/casadecampoliving.com\/wp-content\/uploads\/2022\/10\/carlos-comic-1000x600-1.jpg?fit=1000%2C600&ssl=1&resize=350%2C200 1x, https:\/\/i0.wp.com\/casadecampoliving.com\/wp-content\/uploads\/2022\/10\/carlos-comic-1000x600-1.jpg?fit=1000%2C600&ssl=1&resize=525%2C300 1.5x, https:\/\/i0.wp.com\/casadecampoliving.com\/wp-content\/uploads\/2022\/10\/carlos-comic-1000x600-1.jpg?fit=1000%2C600&ssl=1&resize=700%2C400 2x"},"classes":[]},{"id":433460,"url":"https:\/\/casadecampoliving.com\/es\/no-se-pierdan-el-increible-tributo-a-frank-sinatra-para-celebrar-el-40-aniversario-del-anfiteatro-altos-de-chavon\/","url_meta":{"origin":330573,"position":1},"title":"No se pierdan el incre\u00edble tributo a Frank Sinatra para celebrar el 40 aniversario del\u00a0Anfiteatro Altos de Chav\u00f3n","author":"Casa de Campo Living","date":"20 Oct, 2022","format":false,"excerpt":"Siendo uno de los escenarios m\u00e1s emblem\u00e1ticos del pa\u00eds, Casa de Campo Resort\u00ae & Villas celebra las cuatro d\u00e9cadas de aniversario de Altos de Chav\u00f3n con un tributo al gran Frank Sinatra, protagonizado por artistas invitados y una big band tal cual la que acompa\u00f1\u00f3 al artista hace 40 a\u00f1os\u2026","rel":"","context":"En \u00abUncategorized @es\u00bb","block_context":{"text":"Uncategorized @es","link":"https:\/\/casadecampoliving.com\/es\/category\/uncategorized-es\/"},"img":{"alt_text":"","src":"https:\/\/i0.wp.com\/casadecampoliving.com\/wp-content\/uploads\/2022\/10\/Tributo-Frank-Sinatra-Foto-Principal-Amaury-Sanchez-Danilo-Ginebra-Andres-Pichardo-y-Jose-Gabriel-Perez-.jpg?fit=1200%2C873&ssl=1&resize=350%2C200","width":350,"height":200,"srcset":"https:\/\/i0.wp.com\/casadecampoliving.com\/wp-content\/uploads\/2022\/10\/Tributo-Frank-Sinatra-Foto-Principal-Amaury-Sanchez-Danilo-Ginebra-Andres-Pichardo-y-Jose-Gabriel-Perez-.jpg?fit=1200%2C873&ssl=1&resize=350%2C200 1x, https:\/\/i0.wp.com\/casadecampoliving.com\/wp-content\/uploads\/2022\/10\/Tributo-Frank-Sinatra-Foto-Principal-Amaury-Sanchez-Danilo-Ginebra-Andres-Pichardo-y-Jose-Gabriel-Perez-.jpg?fit=1200%2C873&ssl=1&resize=525%2C300 1.5x, https:\/\/i0.wp.com\/casadecampoliving.com\/wp-content\/uploads\/2022\/10\/Tributo-Frank-Sinatra-Foto-Principal-Amaury-Sanchez-Danilo-Ginebra-Andres-Pichardo-y-Jose-Gabriel-Perez-.jpg?fit=1200%2C873&ssl=1&resize=700%2C400 2x, https:\/\/i0.wp.com\/casadecampoliving.com\/wp-content\/uploads\/2022\/10\/Tributo-Frank-Sinatra-Foto-Principal-Amaury-Sanchez-Danilo-Ginebra-Andres-Pichardo-y-Jose-Gabriel-Perez-.jpg?fit=1200%2C873&ssl=1&resize=1050%2C600 3x"},"classes":[]},{"id":352131,"url":"https:\/\/casadecampoliving.com\/es\/carlos-comic-estara-en-casa-el-24-de-noviembre\/","url_meta":{"origin":330573,"position":2},"title":"\u00a1Carlos Comic estar\u00e1 en Casa el 24 de noviembre!","author":"Heather Lincoln","date":"26 Oct, 2017","format":false,"excerpt":"\u00a1El comediante Carlos S\u00e1nchez vendr\u00e1 a Casa de Campo! Puede que recuerde su actuaci\u00f3n en el complejo el a\u00f1o pasado en Onno\u2019s Bar & Restaurant, donde este hombre de la familia amante de la diversi\u00f3n hizo bromas sobre ser pap\u00e1. Ahora, Carlos regresa esta vez al escenario de Genesis Nightclub\u2026","rel":"","context":"En \u00abAltos de Chavon @es\u00bb","block_context":{"text":"Altos de Chavon @es","link":"https:\/\/casadecampoliving.com\/category\/altos-de-chavon-es\/"},"img":{"alt_text":"Carlos Comic","src":"https:\/\/i0.wp.com\/casadecampoliving.com\/wp-content\/uploads\/2022\/10\/carlos_sanchez1-2-e1509050804975.jpg?fit=1000%2C563&ssl=1&resize=350%2C200","width":350,"height":200,"srcset":"https:\/\/i0.wp.com\/casadecampoliving.com\/wp-content\/uploads\/2022\/10\/carlos_sanchez1-2-e1509050804975.jpg?fit=1000%2C563&ssl=1&resize=350%2C200 1x, https:\/\/i0.wp.com\/casadecampoliving.com\/wp-content\/uploads\/2022\/10\/carlos_sanchez1-2-e1509050804975.jpg?fit=1000%2C563&ssl=1&resize=525%2C300 1.5x, https:\/\/i0.wp.com\/casadecampoliving.com\/wp-content\/uploads\/2022\/10\/carlos_sanchez1-2-e1509050804975.jpg?fit=1000%2C563&ssl=1&resize=700%2C400 2x"},"classes":[]},{"id":330562,"url":"https:\/\/casadecampoliving.com\/carlos-sanchez-is-coming-back-to-casa-get-your-tickets-before-they-sell-out\/","url_meta":{"origin":330573,"position":3},"title":"Carlos S\u00e1nchez is coming back to Casa! Get your tickets before they sell out!!","author":"Casa de Campo Living","date":"11 Jun, 2019","format":false,"excerpt":"Comedian Carlos Sanchez is coming to Casa de Campo!!! You may remember the last time he performed in Casa where the fun-loving family man cracked exactly 100 jokes in a presentation that benefited the Hogar del Ni\u00f1o. Now, Carlos returns this time to Caf\u00e9 Marietta in Altos de Chav\u00f3n where\u2026","rel":"","context":"En \u00abAltos de Chavon\u00bb","block_context":{"text":"Altos de Chavon","link":"https:\/\/casadecampoliving.com\/category\/altos-de-chavon\/"},"img":{"alt_text":"","src":"https:\/\/i0.wp.com\/casadecampoliving.com\/wp-content\/uploads\/2022\/10\/carlos-comic-1000x600-1.jpg?fit=1000%2C600&ssl=1&resize=350%2C200","width":350,"height":200,"srcset":"https:\/\/i0.wp.com\/casadecampoliving.com\/wp-content\/uploads\/2022\/10\/carlos-comic-1000x600-1.jpg?fit=1000%2C600&ssl=1&resize=350%2C200 1x, https:\/\/i0.wp.com\/casadecampoliving.com\/wp-content\/uploads\/2022\/10\/carlos-comic-1000x600-1.jpg?fit=1000%2C600&ssl=1&resize=525%2C300 1.5x, https:\/\/i0.wp.com\/casadecampoliving.com\/wp-content\/uploads\/2022\/10\/carlos-comic-1000x600-1.jpg?fit=1000%2C600&ssl=1&resize=700%2C400 2x"},"classes":[]},{"id":330572,"url":"https:\/\/casadecampoliving.com\/es\/carlos-sanchez-is-coming-back-to-casa-get-your-tickets-before-they-sell-out-2\/","url_meta":{"origin":330573,"position":4},"title":"Carlos S\u00e1nchez is coming back to Casa! Get your tickets before they sell out!!","author":"Amy Mal","date":"3 Jun, 2019","format":false,"excerpt":"Comedian Carlos Sanchez is coming to Casa de Campo!!! You may remember the last time he performed in Casa where the fun-loving family man cracked exactly 100 jokes in a presentation that benefited the Hogar del Ni\u00f1o. Now, Carlos returns this time to Caf\u00e9 Marietta in Altos de Chav\u00f3n where\u2026","rel":"","context":"En \u00abAltos de Chavon\u00bb","block_context":{"text":"Altos de Chavon","link":"https:\/\/casadecampoliving.com\/category\/altos-de-chavon\/"},"img":{"alt_text":"","src":"https:\/\/i0.wp.com\/casadecampoliving.com\/wp-content\/uploads\/2022\/10\/carlos-comic-1000x600-1.jpg?fit=1000%2C600&ssl=1&resize=350%2C200","width":350,"height":200,"srcset":"https:\/\/i0.wp.com\/casadecampoliving.com\/wp-content\/uploads\/2022\/10\/carlos-comic-1000x600-1.jpg?fit=1000%2C600&ssl=1&resize=350%2C200 1x, https:\/\/i0.wp.com\/casadecampoliving.com\/wp-content\/uploads\/2022\/10\/carlos-comic-1000x600-1.jpg?fit=1000%2C600&ssl=1&resize=525%2C300 1.5x, https:\/\/i0.wp.com\/casadecampoliving.com\/wp-content\/uploads\/2022\/10\/carlos-comic-1000x600-1.jpg?fit=1000%2C600&ssl=1&resize=700%2C400 2x"},"classes":[]},{"id":329786,"url":"https:\/\/casadecampoliving.com\/carlos-comic-is-in-the-house-on-november-24th\/","url_meta":{"origin":330573,"position":5},"title":"Carlos Comic is in the house on November 24th!","author":"Heather Lincoln","date":"26 Oct, 2017","format":false,"excerpt":"Comedian Carlos Sanchez is coming to Casa de Campo!!! You may remember his performance in the resort last year at Onno\u2019s Bar & Restaurant where the fun-loving family man cracked jokes about being a Dad. Now, Carlos returns this time to the stage at Genesis Nightclub in Altos de Chav\u00f3n\u2026","rel":"","context":"En \u00abAltos de Chavon\u00bb","block_context":{"text":"Altos de Chavon","link":"https:\/\/casadecampoliving.com\/category\/altos-de-chavon\/"},"img":{"alt_text":"Carlos Comic","src":"https:\/\/i0.wp.com\/casadecampoliving.com\/wp-content\/uploads\/2022\/10\/carlos_sanchez1-2-e1509050804975.jpg?fit=1000%2C563&ssl=1&resize=350%2C200","width":350,"height":200,"srcset":"https:\/\/i0.wp.com\/casadecampoliving.com\/wp-content\/uploads\/2022\/10\/carlos_sanchez1-2-e1509050804975.jpg?fit=1000%2C563&ssl=1&resize=350%2C200 1x, https:\/\/i0.wp.com\/casadecampoliving.com\/wp-content\/uploads\/2022\/10\/carlos_sanchez1-2-e1509050804975.jpg?fit=1000%2C563&ssl=1&resize=525%2C300 1.5x, https:\/\/i0.wp.com\/casadecampoliving.com\/wp-content\/uploads\/2022\/10\/carlos_sanchez1-2-e1509050804975.jpg?fit=1000%2C563&ssl=1&resize=700%2C400 2x"},"classes":[]}],"jetpack_sharing_enabled":true,"_links":{"self":[{"href":"https:\/\/casadecampoliving.com\/es\/wp-json\/wp\/v2\/posts\/330573","targetHints":{"allow":["GET"]}}],"collection":[{"href":"https:\/\/casadecampoliving.com\/es\/wp-json\/wp\/v2\/posts"}],"about":[{"href":"https:\/\/casadecampoliving.com\/es\/wp-json\/wp\/v2\/types\/post"}],"author":[{"embeddable":true,"href":"https:\/\/casadecampoliving.com\/es\/wp-json\/wp\/v2\/users\/36946"}],"replies":[{"embeddable":true,"href":"https:\/\/casadecampoliving.com\/es\/wp-json\/wp\/v2\/comments?post=330573"}],"version-history":[{"count":0,"href":"https:\/\/casadecampoliving.com\/es\/wp-json\/wp\/v2\/posts\/330573\/revisions"}],"wp:featuredmedia":[{"embeddable":true,"href":"https:\/\/casadecampoliving.com\/es\/wp-json\/wp\/v2\/media\/304004"}],"wp:attachment":[{"href":"https:\/\/casadecampoliving.com\/es\/wp-json\/wp\/v2\/media?parent=330573"}],"wp:term":[{"taxonomy":"category","embeddable":true,"href":"https:\/\/casadecampoliving.com\/es\/wp-json\/wp\/v2\/categories?post=330573"},{"taxonomy":"post_tag","embeddable":true,"href":"https:\/\/casadecampoliving.com\/es\/wp-json\/wp\/v2\/tags?post=330573"},{"taxonomy":"newspack_spnsrs_tax","embeddable":true,"href":"https:\/\/casadecampoliving.com\/es\/wp-json\/wp\/v2\/newspack_spnsrs_tax?post=330573"}],"curies":[{"name":"wp","href":"https:\/\/api.w.org\/{rel}","templated":true}]}}