{"id":329923,"date":"2017-12-29T00:00:00","date_gmt":"2017-12-29T04:00:00","guid":{"rendered":"https:\/\/casadecampoliving.com\/dont-miss-david-guetta-will-chavon-saturday\/"},"modified":"2022-11-10T10:39:36","modified_gmt":"2022-11-10T14:39:36","slug":"dont-miss-david-guetta-will-chavon-saturday","status":"publish","type":"post","link":"https:\/\/casadecampoliving.com\/es\/dont-miss-david-guetta-will-chavon-saturday\/","title":{"rendered":"Don&#8217;t miss out! David Guetta will be in Altos de Chav\u00f3n THIS Saturday!"},"content":{"rendered":"David Guetta, the most important DJ in recent years, will be in charge of closing an amazing year of concerts in Altos de Chav\u00f3n! He will be performing on the night of December 30th at iconic Amphitheater as part of what has become a tradition for New Year&#8217;s Eve since 2015, in which artists as important as Juan Luis Guerra and Enrique Iglesias have graced the stage during this time of the year. This time around, the amphitheater will become the biggest dancefloor of the Caribbean where you can party with your closest friends at your own VIP table!!!<!--more-->\n\nAndr\u00e9s Pichardo Rosenberg, President of Casa de Campo Resort, manifested: <strong>\u00abWe will end this year with a big party with a world-class superstar as David Guetta, after a valuable list of artists with successful concerts all over 2017, such as Jennifer Lopez, Maluma &amp; Wisin, and CNCO &amp; Yandel.\u00bb<\/strong>\n\n<img data-recalc-dims=\"1\" loading=\"lazy\" decoding=\"async\" class=\"aligncenter wp-image-151353 size-full\" src=\"https:\/\/i0.wp.com\/casadecampoliving.com\/wp-content\/uploads\/2022\/10\/DG-1.jpg?resize=900%2C600&#038;ssl=1\" alt=\"David Guetta Casa de Campo\" width=\"900\" height=\"600\">\n\nWith more than 30 years of artistic trajectory, David Guetta has had amazing collaborations with a huge list of stars such as Rihanna, Madonna, Michael Jackson, Justin Bieber, Akon, Fergie, Usher, Lady Gaga, 50 cent, Nicki Minaj, and others. This concert will be like none other!&nbsp;This spectacular event will bring an innovative production to Chav\u00f3n, managed by Dominican entrepreneur Gamal Hach\u00e9.\n\n<img data-recalc-dims=\"1\" loading=\"lazy\" decoding=\"async\" class=\"aligncenter wp-image-151313\" src=\"https:\/\/i0.wp.com\/casadecampoliving.com\/wp-content\/uploads\/2022\/10\/DavidGuetta-2-1024x788-2.jpg?resize=900%2C692&#038;ssl=1\" alt=\"David Guetta Casa de Campo\" width=\"900\" height=\"692\">\n\nThere will be a VIP seating which will be&nbsp;limited to 54 tables, but you can guarantee you\u2019ll be living the high life with some of the best seats in the house. Four rows of tables means that you can jam with the \u2018When Love Takes Over\u2019<em>&nbsp;<\/em>DJ up close and personal and have access to your own bottles of&nbsp;Champagne, Vodka, Whisky, and Rum. With that amount of fun, it\u2019s like New Year\u2019s is coming a day early!\n<blockquote class=\"instagram-media\" style=\"background: #FFF; border: 0; border-radius: 3px; box-shadow: 0 0 1px 0 rgba(0,0,0,0.5),0 1px 10px 0 rgba(0,0,0,0.15); margin: 1px; max-width: 658px; padding: 0; width: calc(100% - 2px);\" data-instgrm-permalink=\"https:\/\/www.instagram.com\/p\/BdSbhlLju07\/\" data-instgrm-version=\"8\">\n<div style=\"padding: 8px;\">\n<div style=\"background: #F8F8F8; line-height: 0; margin-top: 40px; padding: 28.10185185185185% 0; text-align: center; width: 100%;\">\n<div style=\"background: url(data:image\/png; base64,ivborw0kggoaaaansuheugaaacwaaaascamaaaapwqozaaaabgdbtueaalgpc\/xhbqaaaafzukdcak7ohokaaaamuexurczmzpf399fx1+bm5mzy9amaaadisurbvdjlvzxbesmgces5\/p8\/t9furvcrmu73jwlzosgsiizurcjo\/ad+eqjjb4hv8bft+idpqocx1wjosbfhh2xssxeiyn3uli\/6mnree07uiwjev8ueowds88ly97kqytlijkktuybbruayvh5wohixmpi5we58ek028czwyuqdlkpg1bkb4nnm+veanfhqn1k4+gpt6ugqcvu2h2ovuif\/gwufyy8owepdyzsa3avcqpvovvzzz2vtnn2wu8qzvjddeto90gsy9mvlqtgysy231mxry6i2ggqjrty0l8fxcxfcbbhwrsyyaaaaaelftksuqmcc); display: block; height: 44px; margin: 0 auto -44px; position: relative; top: -22px; width: 44px;\">&nbsp;<\/div>\n<\/div>\n<p style=\"color: #c9c8cd; font-family: Arial,sans-serif; font-size: 14px; line-height: 17px; margin-bottom: 0; margin-top: 8px; overflow: hidden; padding: 8px 0 7px; text-align: center; text-overflow: ellipsis; white-space: nowrap;\"><a style=\"color: #c9c8cd; font-family: Arial,sans-serif; font-size: 14px; font-style: normal; font-weight: normal; line-height: 17px; text-decoration: none;\" href=\"https:\/\/www.instagram.com\/p\/BdSbhlLju07\/\" target=\"_blank\" rel=\"noopener\">A post shared by Altos De Chav\u00f3n (@altosdechavondr)<\/a> on <time style=\"font-family: Arial,sans-serif; font-size: 14px; line-height: 17px;\" datetime=\"2017-12-29T13:39:51+00:00\">Dec 29, 2017 at 5:39am PST<\/time><\/p>\n\n<\/div><\/blockquote>\n<script async=\"\" defer=\"\" src=\"\/\/platform.instagram.com\/en_US\/embeds.js\"><\/script>\n\nTickets are available at&nbsp;<a href=\"https:\/\/www.uepatickets.com\/EventDetail.aspx?id=6952\" target=\"_blank\" rel=\"noopener\">UEPA Tickets<\/a>, the Casa de Campo Villa Owner\u2019s Club, and CCN Services at the Supermercado Nacional and Jumbo. General Admission is RD $ 4,434.00. For table reservations, call the Villa Owners Club at (809)523-2079, or call (809)399-6696 or (809)723-3084 or email <a href=\"mailto:m.sanshez@ccampo.com.do\" target=\"_blank\" rel=\"noopener\">m.sanshez@ccampo.com.do<\/a> \/ <a href=\"mailto:d.cespedes@ccampo.com.do\" target=\"_blank\" rel=\"noopener\">d.cespedes@ccampo.com.do<\/a>. Don&#8217;t miss out and get ready for the party of the year!!\n\n\n<figure class=\"wp-block-gallery has-nested-images columns-default is-cropped wp-block-gallery-1 is-layout-flex wp-block-gallery-is-layout-flex\">\n<figure class=\"wp-block-image size-large\"><img data-recalc-dims=\"1\" loading=\"lazy\" decoding=\"async\" width=\"1000\" height=\"769\" data-id=\"410148\" src=\"https:\/\/i0.wp.com\/casadecampoliving.com\/wp-content\/uploads\/2022\/10\/DavidGuetta-1-1.jpg?resize=1000%2C769&#038;ssl=1\" alt=\"\" class=\"wp-image-410148\" srcset=\"https:\/\/i0.wp.com\/casadecampoliving.com\/wp-content\/uploads\/2022\/10\/DavidGuetta-1-1.jpg?w=1000&amp;ssl=1 1000w, https:\/\/i0.wp.com\/casadecampoliving.com\/wp-content\/uploads\/2022\/10\/DavidGuetta-1-1.jpg?resize=300%2C231&amp;ssl=1 300w, https:\/\/i0.wp.com\/casadecampoliving.com\/wp-content\/uploads\/2022\/10\/DavidGuetta-1-1.jpg?resize=768%2C591&amp;ssl=1 768w, https:\/\/i0.wp.com\/casadecampoliving.com\/wp-content\/uploads\/2022\/10\/DavidGuetta-1-1.jpg?resize=400%2C308&amp;ssl=1 400w, https:\/\/i0.wp.com\/casadecampoliving.com\/wp-content\/uploads\/2022\/10\/DavidGuetta-1-1.jpg?resize=706%2C543&amp;ssl=1 706w, https:\/\/i0.wp.com\/casadecampoliving.com\/wp-content\/uploads\/2022\/10\/DavidGuetta-1-1.jpg?resize=150%2C115&amp;ssl=1 150w, https:\/\/i0.wp.com\/casadecampoliving.com\/wp-content\/uploads\/2022\/10\/DavidGuetta-1-1.jpg?w=370&amp;ssl=1 370w\" sizes=\"auto, (max-width: 1000px) 100vw, 1000px\" \/><\/figure>\n\n\n\n<figure class=\"wp-block-image size-large\"><img data-recalc-dims=\"1\" loading=\"lazy\" decoding=\"async\" width=\"1000\" height=\"769\" data-id=\"410170\" src=\"https:\/\/i0.wp.com\/casadecampoliving.com\/wp-content\/uploads\/2022\/10\/DavidGuetta-2-1.jpg?resize=1000%2C769&#038;ssl=1\" alt=\"\" class=\"wp-image-410170\" srcset=\"https:\/\/i0.wp.com\/casadecampoliving.com\/wp-content\/uploads\/2022\/10\/DavidGuetta-2-1.jpg?w=1000&amp;ssl=1 1000w, https:\/\/i0.wp.com\/casadecampoliving.com\/wp-content\/uploads\/2022\/10\/DavidGuetta-2-1.jpg?resize=300%2C231&amp;ssl=1 300w, https:\/\/i0.wp.com\/casadecampoliving.com\/wp-content\/uploads\/2022\/10\/DavidGuetta-2-1.jpg?resize=768%2C591&amp;ssl=1 768w, https:\/\/i0.wp.com\/casadecampoliving.com\/wp-content\/uploads\/2022\/10\/DavidGuetta-2-1.jpg?resize=400%2C308&amp;ssl=1 400w, https:\/\/i0.wp.com\/casadecampoliving.com\/wp-content\/uploads\/2022\/10\/DavidGuetta-2-1.jpg?resize=706%2C543&amp;ssl=1 706w, https:\/\/i0.wp.com\/casadecampoliving.com\/wp-content\/uploads\/2022\/10\/DavidGuetta-2-1.jpg?resize=150%2C115&amp;ssl=1 150w, https:\/\/i0.wp.com\/casadecampoliving.com\/wp-content\/uploads\/2022\/10\/DavidGuetta-2-1.jpg?w=370&amp;ssl=1 370w\" sizes=\"auto, (max-width: 1000px) 100vw, 1000px\" \/><\/figure>\n\n\n\n<figure class=\"wp-block-image size-large\"><img data-recalc-dims=\"1\" loading=\"lazy\" decoding=\"async\" width=\"1000\" height=\"769\" data-id=\"410192\" src=\"https:\/\/i0.wp.com\/casadecampoliving.com\/wp-content\/uploads\/2022\/10\/DavidGuetta-3.jpg?resize=1000%2C769&#038;ssl=1\" alt=\"\" class=\"wp-image-410192\" srcset=\"https:\/\/i0.wp.com\/casadecampoliving.com\/wp-content\/uploads\/2022\/10\/DavidGuetta-3.jpg?w=1000&amp;ssl=1 1000w, https:\/\/i0.wp.com\/casadecampoliving.com\/wp-content\/uploads\/2022\/10\/DavidGuetta-3.jpg?resize=300%2C231&amp;ssl=1 300w, https:\/\/i0.wp.com\/casadecampoliving.com\/wp-content\/uploads\/2022\/10\/DavidGuetta-3.jpg?resize=768%2C591&amp;ssl=1 768w, https:\/\/i0.wp.com\/casadecampoliving.com\/wp-content\/uploads\/2022\/10\/DavidGuetta-3.jpg?resize=400%2C308&amp;ssl=1 400w, https:\/\/i0.wp.com\/casadecampoliving.com\/wp-content\/uploads\/2022\/10\/DavidGuetta-3.jpg?resize=706%2C543&amp;ssl=1 706w, https:\/\/i0.wp.com\/casadecampoliving.com\/wp-content\/uploads\/2022\/10\/DavidGuetta-3.jpg?resize=150%2C115&amp;ssl=1 150w, https:\/\/i0.wp.com\/casadecampoliving.com\/wp-content\/uploads\/2022\/10\/DavidGuetta-3.jpg?w=370&amp;ssl=1 370w\" sizes=\"auto, (max-width: 1000px) 100vw, 1000px\" \/><\/figure>\n\n\n\n<figure class=\"wp-block-image size-large\"><img data-recalc-dims=\"1\" loading=\"lazy\" decoding=\"async\" width=\"1000\" height=\"769\" data-id=\"410215\" src=\"https:\/\/i0.wp.com\/casadecampoliving.com\/wp-content\/uploads\/2022\/10\/DavidGuetta-4.jpg?resize=1000%2C769&#038;ssl=1\" alt=\"\" class=\"wp-image-410215\" srcset=\"https:\/\/i0.wp.com\/casadecampoliving.com\/wp-content\/uploads\/2022\/10\/DavidGuetta-4.jpg?w=1000&amp;ssl=1 1000w, https:\/\/i0.wp.com\/casadecampoliving.com\/wp-content\/uploads\/2022\/10\/DavidGuetta-4.jpg?resize=300%2C231&amp;ssl=1 300w, https:\/\/i0.wp.com\/casadecampoliving.com\/wp-content\/uploads\/2022\/10\/DavidGuetta-4.jpg?resize=768%2C591&amp;ssl=1 768w, https:\/\/i0.wp.com\/casadecampoliving.com\/wp-content\/uploads\/2022\/10\/DavidGuetta-4.jpg?resize=400%2C308&amp;ssl=1 400w, https:\/\/i0.wp.com\/casadecampoliving.com\/wp-content\/uploads\/2022\/10\/DavidGuetta-4.jpg?resize=706%2C543&amp;ssl=1 706w, https:\/\/i0.wp.com\/casadecampoliving.com\/wp-content\/uploads\/2022\/10\/DavidGuetta-4.jpg?resize=150%2C115&amp;ssl=1 150w, https:\/\/i0.wp.com\/casadecampoliving.com\/wp-content\/uploads\/2022\/10\/DavidGuetta-4.jpg?w=370&amp;ssl=1 370w\" sizes=\"auto, (max-width: 1000px) 100vw, 1000px\" \/><\/figure>\n\n\n\n<figure class=\"wp-block-image size-large\"><img data-recalc-dims=\"1\" loading=\"lazy\" decoding=\"async\" width=\"1000\" height=\"769\" data-id=\"410240\" src=\"https:\/\/i0.wp.com\/casadecampoliving.com\/wp-content\/uploads\/2022\/10\/DavidGuetta-5.jpg?resize=1000%2C769&#038;ssl=1\" alt=\"\" class=\"wp-image-410240\" srcset=\"https:\/\/i0.wp.com\/casadecampoliving.com\/wp-content\/uploads\/2022\/10\/DavidGuetta-5.jpg?w=1000&amp;ssl=1 1000w, https:\/\/i0.wp.com\/casadecampoliving.com\/wp-content\/uploads\/2022\/10\/DavidGuetta-5.jpg?resize=300%2C231&amp;ssl=1 300w, https:\/\/i0.wp.com\/casadecampoliving.com\/wp-content\/uploads\/2022\/10\/DavidGuetta-5.jpg?resize=768%2C591&amp;ssl=1 768w, https:\/\/i0.wp.com\/casadecampoliving.com\/wp-content\/uploads\/2022\/10\/DavidGuetta-5.jpg?resize=400%2C308&amp;ssl=1 400w, https:\/\/i0.wp.com\/casadecampoliving.com\/wp-content\/uploads\/2022\/10\/DavidGuetta-5.jpg?resize=706%2C543&amp;ssl=1 706w, https:\/\/i0.wp.com\/casadecampoliving.com\/wp-content\/uploads\/2022\/10\/DavidGuetta-5.jpg?resize=150%2C115&amp;ssl=1 150w, https:\/\/i0.wp.com\/casadecampoliving.com\/wp-content\/uploads\/2022\/10\/DavidGuetta-5.jpg?w=370&amp;ssl=1 370w\" sizes=\"auto, (max-width: 1000px) 100vw, 1000px\" \/><\/figure>\n<\/figure>\n\n\n<img data-recalc-dims=\"1\" loading=\"lazy\" decoding=\"async\" class=\"aligncenter wp-image-151318 size-full\" src=\"https:\/\/i0.wp.com\/casadecampoliving.com\/wp-content\/uploads\/2022\/10\/DavidGuetta-5-e1513025350911.jpg?resize=1000%2C769&#038;ssl=1\" alt=\"David Guetta Casa de Campo\" width=\"1000\" height=\"769\">","protected":false},"excerpt":{"rendered":"<p>David Guetta, the most important DJ in recent years, will be in charge of closing an amazing year of concerts in Altos de Chav\u00f3n! He will be performing on the night of December 30th at iconic Amphitheater as part of what has become a tradition for New Year&#8217;s Eve since 2015, in which artists as [&hellip;]<\/p>\n","protected":false},"author":36791,"featured_media":300522,"comment_status":"closed","ping_status":"open","sticky":false,"template":"","format":"standard","meta":{"newspack_ads_suppress_ads":false,"newspack_popups_has_disabled_popups":false,"newspack_sponsor_sponsorship_scope":"","newspack_sponsor_native_byline_display":"inherit","newspack_sponsor_native_category_display":"inherit","newspack_sponsor_underwriter_style":"inherit","newspack_sponsor_underwriter_placement":"inherit","_newspack_byline_active":false,"_newspack_byline":"","newspack_hide_updated_date":false,"newspack_show_updated_date":false,"newspack_content_restriction_is_exempt":false,"newspack_featured_image_position":"","newspack_post_subtitle":"","newspack_article_summary_title":"Overview:","newspack_article_summary":"","_jetpack_memberships_contains_paid_content":false,"footnotes":"","jetpack_publicize_message":"","jetpack_publicize_feature_enabled":true,"jetpack_social_post_already_shared":false,"jetpack_social_options":{"image_generator_settings":{"template":"highway","default_image_id":0,"font":"","enabled":false},"version":2},"_wpas_customize_per_network":false},"categories":[56,26820,2513,2518,2521,2522,14627],"tags":[3575,128,23815,18836,22121,3484,18838,13689],"newspack_spnsrs_tax":[],"class_list":["post-329923","post","type-post","status-publish","format-standard","has-post-thumbnail","hentry","category-altos-de-chavon","category-casa-de-campo-resort","category-celebridades-es","category-conciertos-es","category-republica-dominicana-2","category-eventos-es","category-proximamente","tag-altos-de-chavon-es-2","tag-amphitheater","tag-casa-de-campo-es-17","tag-concert-es-2","tag-david-guetta","tag-dj","tag-music-es-2","tag-performance","entry"],"yoast_head":"<!-- This site is optimized with the Yoast SEO plugin v27.5 - https:\/\/yoast.com\/product\/yoast-seo-wordpress\/ -->\n<title>Don&#039;t miss out! David Guetta will be in Altos de Chav\u00f3n THIS Saturday! | Casa de Campo Living<\/title>\n<meta name=\"description\" content=\"David Guetta, the most important DJ in recent years, will be in charge of closing an amazing year of concerts in Altos de Chav\u00f3n! He will be performing on\" \/>\n<meta name=\"robots\" content=\"index, follow, max-snippet:-1, max-image-preview:large, max-video-preview:-1\" \/>\n<link rel=\"canonical\" href=\"https:\/\/casadecampoliving.com\/es\/dont-miss-david-guetta-will-chavon-saturday\/\" \/>\n<meta property=\"og:locale\" content=\"es_ES\" \/>\n<meta property=\"og:type\" content=\"article\" \/>\n<meta property=\"og:title\" content=\"Don&#039;t miss out! David Guetta will be in Altos de Chav\u00f3n THIS Saturday! | Casa de Campo Living\" \/>\n<meta property=\"og:description\" content=\"David Guetta, the most important DJ in recent years, will be in charge of closing an amazing year of concerts in Altos de Chav\u00f3n! He will be performing on\" \/>\n<meta property=\"og:url\" content=\"https:\/\/casadecampoliving.com\/es\/dont-miss-david-guetta-will-chavon-saturday\/\" \/>\n<meta property=\"og:site_name\" content=\"Casa de Campo Living\" \/>\n<meta property=\"article:publisher\" content=\"https:\/\/www.facebook.com\/casadecampoliving\" \/>\n<meta property=\"article:published_time\" content=\"2017-12-29T04:00:00+00:00\" \/>\n<meta property=\"article:modified_time\" content=\"2022-11-10T14:39:36+00:00\" \/>\n<meta property=\"og:image\" content=\"https:\/\/i0.wp.com\/casadecampoliving.com\/wp-content\/uploads\/2022\/10\/david1.jpg?fit=875%2C583&ssl=1\" \/>\n\t<meta property=\"og:image:width\" content=\"875\" \/>\n\t<meta property=\"og:image:height\" content=\"583\" \/>\n\t<meta property=\"og:image:type\" content=\"image\/jpeg\" \/>\n<meta name=\"author\" content=\"Casa de Campo Living\" \/>\n<meta name=\"twitter:card\" content=\"summary_large_image\" \/>\n<meta name=\"twitter:creator\" content=\"@cdcliving\" \/>\n<meta name=\"twitter:site\" content=\"@cdcliving\" \/>\n<meta name=\"twitter:label1\" content=\"Escrito por\" \/>\n\t<meta name=\"twitter:data1\" content=\"Casa de Campo Living\" \/>\n\t<meta name=\"twitter:label2\" content=\"Tiempo de lectura\" \/>\n\t<meta name=\"twitter:data2\" content=\"2 minutos\" \/>\n<script type=\"application\/ld+json\" class=\"yoast-schema-graph\">{\"@context\":\"https:\\\/\\\/schema.org\",\"@graph\":[{\"@type\":\"Article\",\"@id\":\"https:\\\/\\\/casadecampoliving.com\\\/es\\\/dont-miss-david-guetta-will-chavon-saturday\\\/#article\",\"isPartOf\":{\"@id\":\"https:\\\/\\\/casadecampoliving.com\\\/es\\\/dont-miss-david-guetta-will-chavon-saturday\\\/\"},\"author\":{\"name\":\"Casa de Campo Living\",\"@id\":\"https:\\\/\\\/casadecampoliving.com\\\/es\\\/#\\\/schema\\\/person\\\/5d2171637a9d11e0e43ce6b8555f9422\"},\"headline\":\"Don&#8217;t miss out! David Guetta will be in Altos de Chav\u00f3n THIS Saturday!\",\"datePublished\":\"2017-12-29T04:00:00+00:00\",\"dateModified\":\"2022-11-10T14:39:36+00:00\",\"mainEntityOfPage\":{\"@id\":\"https:\\\/\\\/casadecampoliving.com\\\/es\\\/dont-miss-david-guetta-will-chavon-saturday\\\/\"},\"wordCount\":393,\"publisher\":{\"@id\":\"https:\\\/\\\/casadecampoliving.com\\\/es\\\/#organization\"},\"image\":{\"@id\":\"https:\\\/\\\/casadecampoliving.com\\\/es\\\/dont-miss-david-guetta-will-chavon-saturday\\\/#primaryimage\"},\"thumbnailUrl\":\"https:\\\/\\\/i0.wp.com\\\/casadecampoliving.com\\\/wp-content\\\/uploads\\\/2022\\\/10\\\/david1.jpg?fit=875%2C583&ssl=1\",\"keywords\":[\"Altos de Chavon -es\",\"Amphitheater\",\"Casa de Campo\",\"concert\",\"David Guetta\",\"dj\",\"music\",\"performance\"],\"articleSection\":[\"Altos de Chavon\",\"Casa de Campo Resort\",\"Celebridades\",\"Conciertos\",\"Rep\u00fablica Dominicana @es\",\"Eventos\",\"Proximamente\"],\"inLanguage\":\"es\"},{\"@type\":\"WebPage\",\"@id\":\"https:\\\/\\\/casadecampoliving.com\\\/es\\\/dont-miss-david-guetta-will-chavon-saturday\\\/\",\"url\":\"https:\\\/\\\/casadecampoliving.com\\\/es\\\/dont-miss-david-guetta-will-chavon-saturday\\\/\",\"name\":\"Don't miss out! David Guetta will be in Altos de Chav\u00f3n THIS Saturday! | Casa de Campo Living\",\"isPartOf\":{\"@id\":\"https:\\\/\\\/casadecampoliving.com\\\/es\\\/#website\"},\"primaryImageOfPage\":{\"@id\":\"https:\\\/\\\/casadecampoliving.com\\\/es\\\/dont-miss-david-guetta-will-chavon-saturday\\\/#primaryimage\"},\"image\":{\"@id\":\"https:\\\/\\\/casadecampoliving.com\\\/es\\\/dont-miss-david-guetta-will-chavon-saturday\\\/#primaryimage\"},\"thumbnailUrl\":\"https:\\\/\\\/i0.wp.com\\\/casadecampoliving.com\\\/wp-content\\\/uploads\\\/2022\\\/10\\\/david1.jpg?fit=875%2C583&ssl=1\",\"datePublished\":\"2017-12-29T04:00:00+00:00\",\"dateModified\":\"2022-11-10T14:39:36+00:00\",\"description\":\"David Guetta, the most important DJ in recent years, will be in charge of closing an amazing year of concerts in Altos de Chav\u00f3n! He will be performing on\",\"breadcrumb\":{\"@id\":\"https:\\\/\\\/casadecampoliving.com\\\/es\\\/dont-miss-david-guetta-will-chavon-saturday\\\/#breadcrumb\"},\"inLanguage\":\"es\",\"potentialAction\":[{\"@type\":\"ReadAction\",\"target\":[\"https:\\\/\\\/casadecampoliving.com\\\/es\\\/dont-miss-david-guetta-will-chavon-saturday\\\/\"]}]},{\"@type\":\"ImageObject\",\"inLanguage\":\"es\",\"@id\":\"https:\\\/\\\/casadecampoliving.com\\\/es\\\/dont-miss-david-guetta-will-chavon-saturday\\\/#primaryimage\",\"url\":\"https:\\\/\\\/i0.wp.com\\\/casadecampoliving.com\\\/wp-content\\\/uploads\\\/2022\\\/10\\\/david1.jpg?fit=875%2C583&ssl=1\",\"contentUrl\":\"https:\\\/\\\/i0.wp.com\\\/casadecampoliving.com\\\/wp-content\\\/uploads\\\/2022\\\/10\\\/david1.jpg?fit=875%2C583&ssl=1\",\"width\":875,\"height\":583},{\"@type\":\"BreadcrumbList\",\"@id\":\"https:\\\/\\\/casadecampoliving.com\\\/es\\\/dont-miss-david-guetta-will-chavon-saturday\\\/#breadcrumb\",\"itemListElement\":[{\"@type\":\"ListItem\",\"position\":1,\"name\":\"Home\",\"item\":\"https:\\\/\\\/casadecampoliving.com\\\/es\\\/\"},{\"@type\":\"ListItem\",\"position\":2,\"name\":\"Don&#8217;t miss out! David Guetta will be in Altos de Chav\u00f3n THIS Saturday!\"}]},{\"@type\":\"WebSite\",\"@id\":\"https:\\\/\\\/casadecampoliving.com\\\/es\\\/#website\",\"url\":\"https:\\\/\\\/casadecampoliving.com\\\/es\\\/\",\"name\":\"Casa de Campo Living\",\"description\":\"Resort community news and resources.\",\"publisher\":{\"@id\":\"https:\\\/\\\/casadecampoliving.com\\\/es\\\/#organization\"},\"potentialAction\":[{\"@type\":\"SearchAction\",\"target\":{\"@type\":\"EntryPoint\",\"urlTemplate\":\"https:\\\/\\\/casadecampoliving.com\\\/es\\\/?s={search_term_string}\"},\"query-input\":{\"@type\":\"PropertyValueSpecification\",\"valueRequired\":true,\"valueName\":\"search_term_string\"}}],\"inLanguage\":\"es\"},{\"@type\":\"Organization\",\"@id\":\"https:\\\/\\\/casadecampoliving.com\\\/es\\\/#organization\",\"name\":\"Casa de Campo Living\",\"url\":\"https:\\\/\\\/casadecampoliving.com\\\/es\\\/\",\"logo\":{\"@type\":\"ImageObject\",\"inLanguage\":\"es\",\"@id\":\"https:\\\/\\\/casadecampoliving.com\\\/es\\\/#\\\/schema\\\/logo\\\/image\\\/\",\"url\":\"https:\\\/\\\/i0.wp.com\\\/casadecampoliving.com\\\/wp-content\\\/uploads\\\/2022\\\/07\\\/CDCLivingLogo_V1-white-sized.png?fit=800%2C214&ssl=1\",\"contentUrl\":\"https:\\\/\\\/i0.wp.com\\\/casadecampoliving.com\\\/wp-content\\\/uploads\\\/2022\\\/07\\\/CDCLivingLogo_V1-white-sized.png?fit=800%2C214&ssl=1\",\"width\":800,\"height\":214,\"caption\":\"Casa de Campo Living\"},\"image\":{\"@id\":\"https:\\\/\\\/casadecampoliving.com\\\/es\\\/#\\\/schema\\\/logo\\\/image\\\/\"},\"sameAs\":[\"https:\\\/\\\/www.facebook.com\\\/casadecampoliving\",\"https:\\\/\\\/x.com\\\/cdcliving\"]},{\"@type\":\"Person\",\"@id\":\"https:\\\/\\\/casadecampoliving.com\\\/es\\\/#\\\/schema\\\/person\\\/5d2171637a9d11e0e43ce6b8555f9422\",\"name\":\"Casa de Campo Living\",\"image\":{\"@type\":\"ImageObject\",\"inLanguage\":\"es\",\"@id\":\"https:\\\/\\\/secure.gravatar.com\\\/avatar\\\/d04101fa4a9fd431e939953b1500fdc7a73cd35029f86d98712fd8ccdaebaf9a?s=96&d=mm&r=g\",\"url\":\"https:\\\/\\\/secure.gravatar.com\\\/avatar\\\/d04101fa4a9fd431e939953b1500fdc7a73cd35029f86d98712fd8ccdaebaf9a?s=96&d=mm&r=g\",\"contentUrl\":\"https:\\\/\\\/secure.gravatar.com\\\/avatar\\\/d04101fa4a9fd431e939953b1500fdc7a73cd35029f86d98712fd8ccdaebaf9a?s=96&d=mm&r=g\",\"caption\":\"Casa de Campo Living\"},\"url\":\"https:\\\/\\\/casadecampoliving.com\\\/es\\\/author\\\/casa-de-campo-living\\\/\"}]}<\/script>\n<!-- \/ Yoast SEO plugin. -->","yoast_head_json":{"title":"Don't miss out! David Guetta will be in Altos de Chav\u00f3n THIS Saturday! | Casa de Campo Living","description":"David Guetta, the most important DJ in recent years, will be in charge of closing an amazing year of concerts in Altos de Chav\u00f3n! He will be performing on","robots":{"index":"index","follow":"follow","max-snippet":"max-snippet:-1","max-image-preview":"max-image-preview:large","max-video-preview":"max-video-preview:-1"},"canonical":"https:\/\/casadecampoliving.com\/es\/dont-miss-david-guetta-will-chavon-saturday\/","og_locale":"es_ES","og_type":"article","og_title":"Don't miss out! David Guetta will be in Altos de Chav\u00f3n THIS Saturday! | Casa de Campo Living","og_description":"David Guetta, the most important DJ in recent years, will be in charge of closing an amazing year of concerts in Altos de Chav\u00f3n! He will be performing on","og_url":"https:\/\/casadecampoliving.com\/es\/dont-miss-david-guetta-will-chavon-saturday\/","og_site_name":"Casa de Campo Living","article_publisher":"https:\/\/www.facebook.com\/casadecampoliving","article_published_time":"2017-12-29T04:00:00+00:00","article_modified_time":"2022-11-10T14:39:36+00:00","og_image":[{"width":875,"height":583,"url":"https:\/\/i0.wp.com\/casadecampoliving.com\/wp-content\/uploads\/2022\/10\/david1.jpg?fit=875%2C583&ssl=1","type":"image\/jpeg"}],"author":"Casa de Campo Living","twitter_card":"summary_large_image","twitter_creator":"@cdcliving","twitter_site":"@cdcliving","twitter_misc":{"Escrito por":"Casa de Campo Living","Tiempo de lectura":"2 minutos"},"schema":{"@context":"https:\/\/schema.org","@graph":[{"@type":"Article","@id":"https:\/\/casadecampoliving.com\/es\/dont-miss-david-guetta-will-chavon-saturday\/#article","isPartOf":{"@id":"https:\/\/casadecampoliving.com\/es\/dont-miss-david-guetta-will-chavon-saturday\/"},"author":{"name":"Casa de Campo Living","@id":"https:\/\/casadecampoliving.com\/es\/#\/schema\/person\/5d2171637a9d11e0e43ce6b8555f9422"},"headline":"Don&#8217;t miss out! David Guetta will be in Altos de Chav\u00f3n THIS Saturday!","datePublished":"2017-12-29T04:00:00+00:00","dateModified":"2022-11-10T14:39:36+00:00","mainEntityOfPage":{"@id":"https:\/\/casadecampoliving.com\/es\/dont-miss-david-guetta-will-chavon-saturday\/"},"wordCount":393,"publisher":{"@id":"https:\/\/casadecampoliving.com\/es\/#organization"},"image":{"@id":"https:\/\/casadecampoliving.com\/es\/dont-miss-david-guetta-will-chavon-saturday\/#primaryimage"},"thumbnailUrl":"https:\/\/i0.wp.com\/casadecampoliving.com\/wp-content\/uploads\/2022\/10\/david1.jpg?fit=875%2C583&ssl=1","keywords":["Altos de Chavon -es","Amphitheater","Casa de Campo","concert","David Guetta","dj","music","performance"],"articleSection":["Altos de Chavon","Casa de Campo Resort","Celebridades","Conciertos","Rep\u00fablica Dominicana @es","Eventos","Proximamente"],"inLanguage":"es"},{"@type":"WebPage","@id":"https:\/\/casadecampoliving.com\/es\/dont-miss-david-guetta-will-chavon-saturday\/","url":"https:\/\/casadecampoliving.com\/es\/dont-miss-david-guetta-will-chavon-saturday\/","name":"Don't miss out! David Guetta will be in Altos de Chav\u00f3n THIS Saturday! | Casa de Campo Living","isPartOf":{"@id":"https:\/\/casadecampoliving.com\/es\/#website"},"primaryImageOfPage":{"@id":"https:\/\/casadecampoliving.com\/es\/dont-miss-david-guetta-will-chavon-saturday\/#primaryimage"},"image":{"@id":"https:\/\/casadecampoliving.com\/es\/dont-miss-david-guetta-will-chavon-saturday\/#primaryimage"},"thumbnailUrl":"https:\/\/i0.wp.com\/casadecampoliving.com\/wp-content\/uploads\/2022\/10\/david1.jpg?fit=875%2C583&ssl=1","datePublished":"2017-12-29T04:00:00+00:00","dateModified":"2022-11-10T14:39:36+00:00","description":"David Guetta, the most important DJ in recent years, will be in charge of closing an amazing year of concerts in Altos de Chav\u00f3n! He will be performing on","breadcrumb":{"@id":"https:\/\/casadecampoliving.com\/es\/dont-miss-david-guetta-will-chavon-saturday\/#breadcrumb"},"inLanguage":"es","potentialAction":[{"@type":"ReadAction","target":["https:\/\/casadecampoliving.com\/es\/dont-miss-david-guetta-will-chavon-saturday\/"]}]},{"@type":"ImageObject","inLanguage":"es","@id":"https:\/\/casadecampoliving.com\/es\/dont-miss-david-guetta-will-chavon-saturday\/#primaryimage","url":"https:\/\/i0.wp.com\/casadecampoliving.com\/wp-content\/uploads\/2022\/10\/david1.jpg?fit=875%2C583&ssl=1","contentUrl":"https:\/\/i0.wp.com\/casadecampoliving.com\/wp-content\/uploads\/2022\/10\/david1.jpg?fit=875%2C583&ssl=1","width":875,"height":583},{"@type":"BreadcrumbList","@id":"https:\/\/casadecampoliving.com\/es\/dont-miss-david-guetta-will-chavon-saturday\/#breadcrumb","itemListElement":[{"@type":"ListItem","position":1,"name":"Home","item":"https:\/\/casadecampoliving.com\/es\/"},{"@type":"ListItem","position":2,"name":"Don&#8217;t miss out! David Guetta will be in Altos de Chav\u00f3n THIS Saturday!"}]},{"@type":"WebSite","@id":"https:\/\/casadecampoliving.com\/es\/#website","url":"https:\/\/casadecampoliving.com\/es\/","name":"Casa de Campo Living","description":"Resort community news and resources.","publisher":{"@id":"https:\/\/casadecampoliving.com\/es\/#organization"},"potentialAction":[{"@type":"SearchAction","target":{"@type":"EntryPoint","urlTemplate":"https:\/\/casadecampoliving.com\/es\/?s={search_term_string}"},"query-input":{"@type":"PropertyValueSpecification","valueRequired":true,"valueName":"search_term_string"}}],"inLanguage":"es"},{"@type":"Organization","@id":"https:\/\/casadecampoliving.com\/es\/#organization","name":"Casa de Campo Living","url":"https:\/\/casadecampoliving.com\/es\/","logo":{"@type":"ImageObject","inLanguage":"es","@id":"https:\/\/casadecampoliving.com\/es\/#\/schema\/logo\/image\/","url":"https:\/\/i0.wp.com\/casadecampoliving.com\/wp-content\/uploads\/2022\/07\/CDCLivingLogo_V1-white-sized.png?fit=800%2C214&ssl=1","contentUrl":"https:\/\/i0.wp.com\/casadecampoliving.com\/wp-content\/uploads\/2022\/07\/CDCLivingLogo_V1-white-sized.png?fit=800%2C214&ssl=1","width":800,"height":214,"caption":"Casa de Campo Living"},"image":{"@id":"https:\/\/casadecampoliving.com\/es\/#\/schema\/logo\/image\/"},"sameAs":["https:\/\/www.facebook.com\/casadecampoliving","https:\/\/x.com\/cdcliving"]},{"@type":"Person","@id":"https:\/\/casadecampoliving.com\/es\/#\/schema\/person\/5d2171637a9d11e0e43ce6b8555f9422","name":"Casa de Campo Living","image":{"@type":"ImageObject","inLanguage":"es","@id":"https:\/\/secure.gravatar.com\/avatar\/d04101fa4a9fd431e939953b1500fdc7a73cd35029f86d98712fd8ccdaebaf9a?s=96&d=mm&r=g","url":"https:\/\/secure.gravatar.com\/avatar\/d04101fa4a9fd431e939953b1500fdc7a73cd35029f86d98712fd8ccdaebaf9a?s=96&d=mm&r=g","contentUrl":"https:\/\/secure.gravatar.com\/avatar\/d04101fa4a9fd431e939953b1500fdc7a73cd35029f86d98712fd8ccdaebaf9a?s=96&d=mm&r=g","caption":"Casa de Campo Living"},"url":"https:\/\/casadecampoliving.com\/es\/author\/casa-de-campo-living\/"}]}},"parsely":{"version":"1.1.0","canonical_url":"https:\/\/casadecampoliving.com\/es\/dont-miss-david-guetta-will-chavon-saturday\/","smart_links":{"inbound":0,"outbound":0},"traffic_boost_suggestions_count":0,"meta":{"@context":"https:\/\/schema.org","@type":"NewsArticle","headline":"Don&#8217;t miss out! David Guetta will be in Altos de Chav\u00f3n THIS Saturday!","url":"http:\/\/casadecampoliving.com\/es\/dont-miss-david-guetta-will-chavon-saturday\/","mainEntityOfPage":{"@type":"WebPage","@id":"http:\/\/casadecampoliving.com\/es\/dont-miss-david-guetta-will-chavon-saturday\/"},"thumbnailUrl":"https:\/\/i0.wp.com\/casadecampoliving.com\/wp-content\/uploads\/2022\/10\/david1.jpg?resize=150%2C150&ssl=1","image":{"@type":"ImageObject","url":"https:\/\/i0.wp.com\/casadecampoliving.com\/wp-content\/uploads\/2022\/10\/david1.jpg?fit=875%2C583&ssl=1"},"articleSection":"Altos de Chavon","author":[{"@type":"Person","name":"Casa de Campo Living"}],"creator":["Casa de Campo Living"],"publisher":{"@type":"Organization","name":"Casa de Campo Living","logo":"https:\/\/casadecampoliving.com\/wp-content\/uploads\/2022\/07\/CDCLivingLogo_V1-white-sized.png"},"keywords":["altos de chavon -es","amphitheater","casa de campo","concert","david guetta","dj","music","performance"],"dateCreated":"2017-12-29T04:00:00Z","datePublished":"2017-12-29T04:00:00Z","dateModified":"2022-11-10T14:39:36Z"},"rendered":"<script type=\"application\/ld+json\" class=\"wp-parsely-metadata\">{\"@context\":\"https:\\\/\\\/schema.org\",\"@type\":\"NewsArticle\",\"headline\":\"Don&#8217;t miss out! David Guetta will be in Altos de Chav\\u00f3n THIS Saturday!\",\"url\":\"http:\\\/\\\/casadecampoliving.com\\\/es\\\/dont-miss-david-guetta-will-chavon-saturday\\\/\",\"mainEntityOfPage\":{\"@type\":\"WebPage\",\"@id\":\"http:\\\/\\\/casadecampoliving.com\\\/es\\\/dont-miss-david-guetta-will-chavon-saturday\\\/\"},\"thumbnailUrl\":\"https:\\\/\\\/i0.wp.com\\\/casadecampoliving.com\\\/wp-content\\\/uploads\\\/2022\\\/10\\\/david1.jpg?resize=150%2C150&ssl=1\",\"image\":{\"@type\":\"ImageObject\",\"url\":\"https:\\\/\\\/i0.wp.com\\\/casadecampoliving.com\\\/wp-content\\\/uploads\\\/2022\\\/10\\\/david1.jpg?fit=875%2C583&ssl=1\"},\"articleSection\":\"Altos de Chavon\",\"author\":[{\"@type\":\"Person\",\"name\":\"Casa de Campo Living\"}],\"creator\":[\"Casa de Campo Living\"],\"publisher\":{\"@type\":\"Organization\",\"name\":\"Casa de Campo Living\",\"logo\":\"https:\\\/\\\/casadecampoliving.com\\\/wp-content\\\/uploads\\\/2022\\\/07\\\/CDCLivingLogo_V1-white-sized.png\"},\"keywords\":[\"altos de chavon -es\",\"amphitheater\",\"casa de campo\",\"concert\",\"david guetta\",\"dj\",\"music\",\"performance\"],\"dateCreated\":\"2017-12-29T04:00:00Z\",\"datePublished\":\"2017-12-29T04:00:00Z\",\"dateModified\":\"2022-11-10T14:39:36Z\"}<\/script>","tracker_url":"https:\/\/cdn.parsely.com\/keys\/casadecampoliving.com\/p.js"},"jetpack_publicize_connections":[],"jetpack_featured_media_url":"https:\/\/i0.wp.com\/casadecampoliving.com\/wp-content\/uploads\/2022\/10\/david1.jpg?fit=875%2C583&ssl=1","jetpack-related-posts":[{"id":329826,"url":"https:\/\/casadecampoliving.com\/casa-de-campo-david-guetta-altos-de-chavon-december-2017\/","url_meta":{"origin":329923,"position":0},"title":"Casa de Campo announces David Guetta to perform in Altos de Chav\u00f3n!","author":"Heather Lincoln","date":"14 Nov, 2017","format":false,"excerpt":"Are you ready to party?!! The\u00a0electronic hit machine DAVID GUETTA IS COMING TO CASA DE CAMPO on DECEMBER 30TH!!! The resort\u2019s Instagram post which already has a couple hundred likes announces the arrival of the biggest DJ of all time to the Altos de Chav\u00f3n stage. Known for being one\u2026","rel":"","context":"En \u00abAltos de Chavon\u00bb","block_context":{"text":"Altos de Chavon","link":"https:\/\/casadecampoliving.com\/category\/altos-de-chavon\/"},"img":{"alt_text":"David Guetta","src":"https:\/\/i0.wp.com\/casadecampoliving.com\/wp-content\/uploads\/2022\/10\/david-guetta-e1510692720932.jpg?fit=1000%2C562&ssl=1&resize=350%2C200","width":350,"height":200,"srcset":"https:\/\/i0.wp.com\/casadecampoliving.com\/wp-content\/uploads\/2022\/10\/david-guetta-e1510692720932.jpg?fit=1000%2C562&ssl=1&resize=350%2C200 1x, https:\/\/i0.wp.com\/casadecampoliving.com\/wp-content\/uploads\/2022\/10\/david-guetta-e1510692720932.jpg?fit=1000%2C562&ssl=1&resize=525%2C300 1.5x, https:\/\/i0.wp.com\/casadecampoliving.com\/wp-content\/uploads\/2022\/10\/david-guetta-e1510692720932.jpg?fit=1000%2C562&ssl=1&resize=700%2C400 2x"},"classes":[]},{"id":329883,"url":"https:\/\/casadecampoliving.com\/david-guetta-live-chavon-buy-tickets\/","url_meta":{"origin":329923,"position":1},"title":"David Guetta Live in Chav\u00f3n: Buy your tickets!","author":"Heather Lincoln","date":"11 Dic, 2017","format":false,"excerpt":"You're definitely going to want to attend this year's concert in Altos de Chav\u00f3n! Not only has the amphitheater never held a DJ but this year they're turning the front area into a lounge! In just over two weeks, David Guetta is coming to Casa de Campo, and you can\u2026","rel":"","context":"En \u00abAltos de Chavon\u00bb","block_context":{"text":"Altos de Chavon","link":"https:\/\/casadecampoliving.com\/category\/altos-de-chavon\/"},"img":{"alt_text":"David Guetta Casa de Campo","src":"https:\/\/i0.wp.com\/casadecampoliving.com\/wp-content\/uploads\/2022\/10\/DG.jpg?fit=422%2C394&ssl=1&resize=350%2C200","width":350,"height":200},"classes":[]},{"id":329930,"url":"https:\/\/casadecampoliving.com\/david-guetta-had-the-audience-feeling-the-beat\/","url_meta":{"origin":329923,"position":2},"title":"David Guetta had the audience feeling the beat!","author":"lperdomo","date":"2 Ene, 2018","format":false,"excerpt":"Being honest, I've never been a big fan of Electro House, but after going to this concert\u00a0my playlist will surely undergo some changes. With colorful lights and giant screens everywhere along what became the biggest dancefloor of the Caribbean, the energy of the place was perfect for the David Guetta's\u2026","rel":"","context":"En \u00abAltos de Chavon\u00bb","block_context":{"text":"Altos de Chavon","link":"https:\/\/casadecampoliving.com\/category\/altos-de-chavon\/"},"img":{"alt_text":"IMG_9529","src":"https:\/\/i0.wp.com\/casadecampoliving.com\/wp-content\/uploads\/2022\/10\/IMG_9529-2.jpg?resize=350%2C200","width":350,"height":200,"srcset":"https:\/\/i0.wp.com\/casadecampoliving.com\/wp-content\/uploads\/2022\/10\/IMG_9529-2.jpg?resize=350%2C200 1x, https:\/\/i0.wp.com\/casadecampoliving.com\/wp-content\/uploads\/2022\/10\/IMG_9529-2.jpg?resize=525%2C300 1.5x, https:\/\/i0.wp.com\/casadecampoliving.com\/wp-content\/uploads\/2022\/10\/IMG_9529-2.jpg?resize=700%2C400 2x"},"classes":[]},{"id":330849,"url":"https:\/\/casadecampoliving.com\/the-musical-icons-steve-aoki-and-sech-bid-farewell-to-the-year-in-altos-de-chavon\/","url_meta":{"origin":329923,"position":3},"title":"The musical icons Steve Aoki and Sech bid farewell to the year in Altos de Chav\u00f3n","author":"Casa de Campo Resort","date":"31 Dic, 2019","format":false,"excerpt":"Casa de Campo Resort presented an incredible end of the year party with the American DJ and producer Steve Aoki and the famous urban artist Sech, in an unprecedented concert, where those present lived an unforgettable experience. The Altos de Chav\u00f3n amphitheater was filled with an euphoric audience ready to\u2026","rel":"","context":"En \u00abAltos de Chavon\u00bb","block_context":{"text":"Altos de Chavon","link":"https:\/\/casadecampoliving.com\/category\/altos-de-chavon\/"},"img":{"alt_text":"","src":"https:\/\/i0.wp.com\/casadecampoliving.com\/wp-content\/uploads\/2022\/10\/Steve-Aoki-puso-a-bailar-a-todos-los-presentes.jpg?fit=1000%2C667&ssl=1&resize=350%2C200","width":350,"height":200,"srcset":"https:\/\/i0.wp.com\/casadecampoliving.com\/wp-content\/uploads\/2022\/10\/Steve-Aoki-puso-a-bailar-a-todos-los-presentes.jpg?fit=1000%2C667&ssl=1&resize=350%2C200 1x, https:\/\/i0.wp.com\/casadecampoliving.com\/wp-content\/uploads\/2022\/10\/Steve-Aoki-puso-a-bailar-a-todos-los-presentes.jpg?fit=1000%2C667&ssl=1&resize=525%2C300 1.5x, https:\/\/i0.wp.com\/casadecampoliving.com\/wp-content\/uploads\/2022\/10\/Steve-Aoki-puso-a-bailar-a-todos-los-presentes.jpg?fit=1000%2C667&ssl=1&resize=700%2C400 2x"},"classes":[]},{"id":329981,"url":"https:\/\/casadecampoliving.com\/wisin-y-yandel-altos-de-chavon-semana-santa-concert\/","url_meta":{"origin":329923,"position":4},"title":"Wisin y Yandel are coming to Altos de Chav\u00f3n for this year&#8217;s Semana Santa concert!","author":"Casa de Campo Resort","date":"6 Feb, 2018","format":false,"excerpt":"One of the most memorable duos in Latin music history, Wisin y Yandel, are returning to the country on March 31, Holy Saturday! After 5 years of going their separate ways they will meet up on the stage of Altos de Chav\u00f3n to perform an incredible and unforgettable night for\u2026","rel":"","context":"En \u00abAltos de Chavon\u00bb","block_context":{"text":"Altos de Chavon","link":"https:\/\/casadecampoliving.com\/category\/altos-de-chavon\/"},"img":{"alt_text":"","src":"https:\/\/i0.wp.com\/casadecampoliving.com\/wp-content\/uploads\/2022\/10\/IMG_2449-2-1.jpg?fit=1000%2C667&ssl=1&resize=350%2C200","width":350,"height":200,"srcset":"https:\/\/i0.wp.com\/casadecampoliving.com\/wp-content\/uploads\/2022\/10\/IMG_2449-2-1.jpg?fit=1000%2C667&ssl=1&resize=350%2C200 1x, https:\/\/i0.wp.com\/casadecampoliving.com\/wp-content\/uploads\/2022\/10\/IMG_2449-2-1.jpg?fit=1000%2C667&ssl=1&resize=525%2C300 1.5x, https:\/\/i0.wp.com\/casadecampoliving.com\/wp-content\/uploads\/2022\/10\/IMG_2449-2-1.jpg?fit=1000%2C667&ssl=1&resize=700%2C400 2x"},"classes":[]},{"id":352290,"url":"https:\/\/casadecampoliving.com\/es\/david-guetta-en-vivo-en-chavon-compre-sus-entradas\/","url_meta":{"origin":329923,"position":5},"title":"David Guetta en vivo en Chav\u00f3n: \u00a1Compre sus entradas!","author":"Heather Lincoln","date":"11 Dic, 2017","format":false,"excerpt":"\u00a1Definitivamente vas a querer dejar de ir al concierto de este a\u00f1o en Altos de Chav\u00f3n! \u00a1No solo el anfiteatro nunca ha tenido un DJ sino que este a\u00f1o est\u00e1n literalmente convirtiendo el \u00e1rea frontal en un sal\u00f3n! \u00a1En solo dos semanas, David Guetta viene a Casa de Campo y\u2026","rel":"","context":"En \u00abAltos de Chavon @es\u00bb","block_context":{"text":"Altos de Chavon @es","link":"https:\/\/casadecampoliving.com\/category\/altos-de-chavon-es\/"},"img":{"alt_text":"David Guetta Casa de Campo","src":"https:\/\/i0.wp.com\/casadecampoliving.com\/wp-content\/uploads\/2022\/10\/DG.jpg?fit=422%2C394&ssl=1&resize=350%2C200","width":350,"height":200},"classes":[]}],"jetpack_sharing_enabled":true,"_links":{"self":[{"href":"https:\/\/casadecampoliving.com\/es\/wp-json\/wp\/v2\/posts\/329923","targetHints":{"allow":["GET"]}}],"collection":[{"href":"https:\/\/casadecampoliving.com\/es\/wp-json\/wp\/v2\/posts"}],"about":[{"href":"https:\/\/casadecampoliving.com\/es\/wp-json\/wp\/v2\/types\/post"}],"author":[{"embeddable":true,"href":"https:\/\/casadecampoliving.com\/es\/wp-json\/wp\/v2\/users\/36791"}],"replies":[{"embeddable":true,"href":"https:\/\/casadecampoliving.com\/es\/wp-json\/wp\/v2\/comments?post=329923"}],"version-history":[{"count":2,"href":"https:\/\/casadecampoliving.com\/es\/wp-json\/wp\/v2\/posts\/329923\/revisions"}],"predecessor-version":[{"id":508635,"href":"https:\/\/casadecampoliving.com\/es\/wp-json\/wp\/v2\/posts\/329923\/revisions\/508635"}],"wp:featuredmedia":[{"embeddable":true,"href":"https:\/\/casadecampoliving.com\/es\/wp-json\/wp\/v2\/media\/300522"}],"wp:attachment":[{"href":"https:\/\/casadecampoliving.com\/es\/wp-json\/wp\/v2\/media?parent=329923"}],"wp:term":[{"taxonomy":"category","embeddable":true,"href":"https:\/\/casadecampoliving.com\/es\/wp-json\/wp\/v2\/categories?post=329923"},{"taxonomy":"post_tag","embeddable":true,"href":"https:\/\/casadecampoliving.com\/es\/wp-json\/wp\/v2\/tags?post=329923"},{"taxonomy":"newspack_spnsrs_tax","embeddable":true,"href":"https:\/\/casadecampoliving.com\/es\/wp-json\/wp\/v2\/newspack_spnsrs_tax?post=329923"}],"curies":[{"name":"wp","href":"https:\/\/api.w.org\/{rel}","templated":true}]}}