{"id":321141,"date":"2012-03-21T00:00:00","date_gmt":"2012-03-21T04:00:00","guid":{"rendered":"https:\/\/casadecampoliving.com\/semanadefrancia\/"},"modified":"2022-10-21T18:09:16","modified_gmt":"2022-10-21T22:09:16","slug":"semanadefrancia","status":"publish","type":"post","link":"https:\/\/casadecampoliving.com\/es\/semanadefrancia\/","title":{"rendered":"Semana de Francia"},"content":{"rendered":"<div class=\"wp-block-image\">\n<figure class=\"aligncenter is-resized\"><img loading=\"lazy\" decoding=\"async\" src=\"https:\/\/i0.wp.com\/casadecampoliving.com\/wp-content\/uploads\/2022\/10\/semanadefrancia.jpg?resize=650%2C400&amp;ssl=1\" alt=\"semana de francia\" class=\"wp-image-46364\" title=\"semanadefrancia\" height=\"400\" width=\"650\"\/><\/figure>\n<\/div>\n\n\n<h2 class=\"wp-block-heading\"><span style=\"color: #ff0000;\">Bienvenue!<\/span><\/h2>\n\n\n\n<p class=\"wp-block-paragraph\"><strong><a href=\"https:\/\/casadecampoliving.com\/sdf\/\">To read about the Semana de Francia in ENGLISH \u2013 click here!<\/a><\/strong><\/p>\n\n\n\n<p class=\"wp-block-paragraph\"><strong><a href=\"https:\/\/casadecampoliving.com\/es\/semana-de-francia-el-arte-de-vivir-a-la-francaise\/\">Para leer sobre la Semana de Francia en ESPA\u00d1OL \u2013 haga click aqu\u00ed!<\/a><\/strong><\/p>\n","protected":false},"excerpt":{"rendered":"<p>Bienvenue! To read about the Semana de Francia in ENGLISH \u2013 click here! Para leer sobre la Semana de Francia en ESPA\u00d1OL \u2013 haga click aqu\u00ed!<\/p>\n","protected":false},"author":31,"featured_media":261921,"comment_status":"closed","ping_status":"open","sticky":false,"template":"","format":"standard","meta":{"newspack_ads_suppress_ads":false,"newspack_popups_has_disabled_popups":false,"newspack_sponsor_sponsorship_scope":"","newspack_sponsor_native_byline_display":"inherit","newspack_sponsor_native_category_display":"inherit","newspack_sponsor_underwriter_style":"inherit","newspack_sponsor_underwriter_placement":"inherit","_newspack_byline_active":false,"_newspack_byline":"","newspack_hide_updated_date":false,"newspack_show_updated_date":false,"newspack_featured_image_position":"","newspack_post_subtitle":"","newspack_article_summary_title":"Overview:","newspack_article_summary":"","_jetpack_memberships_contains_paid_content":false,"footnotes":"","jetpack_publicize_message":"{title}\n\n{excerpt}\n\n{url}","jetpack_publicize_feature_enabled":true,"jetpack_social_post_already_shared":false,"jetpack_social_options":{"image_generator_settings":{"template":"highway","default_image_id":0,"font":"","enabled":false},"version":2},"_wpas_customize_per_network":false},"categories":[2498],"tags":[],"newspack_spnsrs_tax":[],"class_list":["post-321141","post","type-post","status-publish","format-standard","has-post-thumbnail","hentry","category-uncategorized-es","entry"],"yoast_head":"<!-- This site is optimized with the Yoast SEO plugin v28.3 - https:\/\/yoast.com\/product\/yoast-seo-wordpress\/ -->\n<title>Semana de Francia | Casa de Campo Living<\/title>\n<meta name=\"description\" content=\"Bienvenue!  To read about the Semana de Francia in ENGLISH \u2013 click here!  Para leer sobre la Semana de Francia en ESPA\u00d1OL \u2013 haga click aqu\u00ed!\" \/>\n<meta name=\"robots\" content=\"index, follow, max-snippet:-1, max-image-preview:large, max-video-preview:-1\" \/>\n<link rel=\"canonical\" href=\"https:\/\/casadecampoliving.com\/es\/semanadefrancia\/\" \/>\n<meta property=\"og:locale\" content=\"es_ES\" \/>\n<meta property=\"og:type\" content=\"article\" \/>\n<meta property=\"og:title\" content=\"Semana de Francia | Casa de Campo Living\" \/>\n<meta property=\"og:description\" content=\"Bienvenue!  To read about the Semana de Francia in ENGLISH \u2013 click here!  Para leer sobre la Semana de Francia en ESPA\u00d1OL \u2013 haga click aqu\u00ed!\" \/>\n<meta property=\"og:url\" content=\"https:\/\/casadecampoliving.com\/es\/semanadefrancia\/\" \/>\n<meta property=\"og:site_name\" content=\"Casa de Campo Living\" \/>\n<meta property=\"article:publisher\" content=\"https:\/\/www.facebook.com\/casadecampoliving\" \/>\n<meta property=\"article:published_time\" content=\"2012-03-21T04:00:00+00:00\" \/>\n<meta property=\"article:modified_time\" content=\"2022-10-21T22:09:16+00:00\" \/>\n<meta property=\"og:image\" content=\"https:\/\/i0.wp.com\/casadecampoliving.com\/wp-content\/uploads\/2022\/10\/semanadefrancia-1.jpg?fit=650%2C400&ssl=1\" \/>\n\t<meta property=\"og:image:width\" content=\"650\" \/>\n\t<meta property=\"og:image:height\" content=\"400\" \/>\n\t<meta property=\"og:image:type\" content=\"image\/jpeg\" \/>\n<meta name=\"author\" content=\"Rebecca Silvestri\" \/>\n<meta name=\"twitter:card\" content=\"summary_large_image\" \/>\n<meta name=\"twitter:creator\" content=\"@cdcliving\" \/>\n<meta name=\"twitter:site\" content=\"@cdcliving\" \/>\n<meta name=\"twitter:label1\" content=\"Escrito por\" \/>\n\t<meta name=\"twitter:data1\" content=\"Rebecca Silvestri\" \/>\n<script type=\"application\/ld+json\" class=\"yoast-schema-graph\">{\"@context\":\"https:\\\/\\\/schema.org\",\"@graph\":[{\"@type\":\"Article\",\"@id\":\"https:\\\/\\\/casadecampoliving.com\\\/es\\\/semanadefrancia\\\/#article\",\"isPartOf\":{\"@id\":\"https:\\\/\\\/casadecampoliving.com\\\/es\\\/semanadefrancia\\\/\"},\"author\":{\"name\":\"Rebecca Silvestri\",\"@id\":\"https:\\\/\\\/casadecampoliving.com\\\/es\\\/#\\\/schema\\\/person\\\/2b2208f3175fa8761e25b272e096d718\"},\"headline\":\"Semana de Francia\",\"datePublished\":\"2012-03-21T04:00:00+00:00\",\"dateModified\":\"2022-10-21T22:09:16+00:00\",\"mainEntityOfPage\":{\"@id\":\"https:\\\/\\\/casadecampoliving.com\\\/es\\\/semanadefrancia\\\/\"},\"wordCount\":28,\"publisher\":{\"@id\":\"https:\\\/\\\/casadecampoliving.com\\\/es\\\/#organization\"},\"image\":{\"@id\":\"https:\\\/\\\/casadecampoliving.com\\\/es\\\/semanadefrancia\\\/#primaryimage\"},\"thumbnailUrl\":\"https:\\\/\\\/i0.wp.com\\\/casadecampoliving.com\\\/wp-content\\\/uploads\\\/2022\\\/10\\\/semanadefrancia-1.jpg?fit=650%2C400&ssl=1\",\"articleSection\":[\"Uncategorized @es\"],\"inLanguage\":\"es\"},{\"@type\":\"WebPage\",\"@id\":\"https:\\\/\\\/casadecampoliving.com\\\/es\\\/semanadefrancia\\\/\",\"url\":\"https:\\\/\\\/casadecampoliving.com\\\/es\\\/semanadefrancia\\\/\",\"name\":\"Semana de Francia | Casa de Campo Living\",\"isPartOf\":{\"@id\":\"https:\\\/\\\/casadecampoliving.com\\\/es\\\/#website\"},\"primaryImageOfPage\":{\"@id\":\"https:\\\/\\\/casadecampoliving.com\\\/es\\\/semanadefrancia\\\/#primaryimage\"},\"image\":{\"@id\":\"https:\\\/\\\/casadecampoliving.com\\\/es\\\/semanadefrancia\\\/#primaryimage\"},\"thumbnailUrl\":\"https:\\\/\\\/i0.wp.com\\\/casadecampoliving.com\\\/wp-content\\\/uploads\\\/2022\\\/10\\\/semanadefrancia-1.jpg?fit=650%2C400&ssl=1\",\"datePublished\":\"2012-03-21T04:00:00+00:00\",\"dateModified\":\"2022-10-21T22:09:16+00:00\",\"description\":\"Bienvenue! To read about the Semana de Francia in ENGLISH \u2013 click here! Para leer sobre la Semana de Francia en ESPA\u00d1OL \u2013 haga click aqu\u00ed!\",\"breadcrumb\":{\"@id\":\"https:\\\/\\\/casadecampoliving.com\\\/es\\\/semanadefrancia\\\/#breadcrumb\"},\"inLanguage\":\"es\",\"potentialAction\":[{\"@type\":\"ReadAction\",\"target\":[\"https:\\\/\\\/casadecampoliving.com\\\/es\\\/semanadefrancia\\\/\"]}]},{\"@type\":\"ImageObject\",\"inLanguage\":\"es\",\"@id\":\"https:\\\/\\\/casadecampoliving.com\\\/es\\\/semanadefrancia\\\/#primaryimage\",\"url\":\"https:\\\/\\\/i0.wp.com\\\/casadecampoliving.com\\\/wp-content\\\/uploads\\\/2022\\\/10\\\/semanadefrancia-1.jpg?fit=650%2C400&ssl=1\",\"contentUrl\":\"https:\\\/\\\/i0.wp.com\\\/casadecampoliving.com\\\/wp-content\\\/uploads\\\/2022\\\/10\\\/semanadefrancia-1.jpg?fit=650%2C400&ssl=1\",\"width\":650,\"height\":400,\"caption\":\"semana de francia\"},{\"@type\":\"BreadcrumbList\",\"@id\":\"https:\\\/\\\/casadecampoliving.com\\\/es\\\/semanadefrancia\\\/#breadcrumb\",\"itemListElement\":[{\"@type\":\"ListItem\",\"position\":1,\"name\":\"Home\",\"item\":\"https:\\\/\\\/casadecampoliving.com\\\/es\\\/\"},{\"@type\":\"ListItem\",\"position\":2,\"name\":\"Semana de Francia\"}]},{\"@type\":\"WebSite\",\"@id\":\"https:\\\/\\\/casadecampoliving.com\\\/es\\\/#website\",\"url\":\"https:\\\/\\\/casadecampoliving.com\\\/es\\\/\",\"name\":\"Casa de Campo Living\",\"description\":\"Resort community news and resources.\",\"publisher\":{\"@id\":\"https:\\\/\\\/casadecampoliving.com\\\/es\\\/#organization\"},\"potentialAction\":[{\"@type\":\"SearchAction\",\"target\":{\"@type\":\"EntryPoint\",\"urlTemplate\":\"https:\\\/\\\/casadecampoliving.com\\\/es\\\/?s={search_term_string}\"},\"query-input\":{\"@type\":\"PropertyValueSpecification\",\"valueRequired\":true,\"valueName\":\"search_term_string\"}}],\"inLanguage\":\"es\"},{\"@type\":\"Organization\",\"@id\":\"https:\\\/\\\/casadecampoliving.com\\\/es\\\/#organization\",\"name\":\"Casa de Campo Living\",\"url\":\"https:\\\/\\\/casadecampoliving.com\\\/es\\\/\",\"logo\":{\"@type\":\"ImageObject\",\"inLanguage\":\"es\",\"@id\":\"https:\\\/\\\/casadecampoliving.com\\\/es\\\/#\\\/schema\\\/logo\\\/image\\\/\",\"url\":\"https:\\\/\\\/i0.wp.com\\\/casadecampoliving.com\\\/wp-content\\\/uploads\\\/2022\\\/07\\\/CDCLivingLogo_V1-white-sized.png?fit=800%2C214&ssl=1\",\"contentUrl\":\"https:\\\/\\\/i0.wp.com\\\/casadecampoliving.com\\\/wp-content\\\/uploads\\\/2022\\\/07\\\/CDCLivingLogo_V1-white-sized.png?fit=800%2C214&ssl=1\",\"width\":800,\"height\":214,\"caption\":\"Casa de Campo Living\"},\"image\":{\"@id\":\"https:\\\/\\\/casadecampoliving.com\\\/es\\\/#\\\/schema\\\/logo\\\/image\\\/\"},\"sameAs\":[\"https:\\\/\\\/www.facebook.com\\\/casadecampoliving\",\"https:\\\/\\\/x.com\\\/cdcliving\"]},{\"@type\":\"Person\",\"@id\":\"https:\\\/\\\/casadecampoliving.com\\\/es\\\/#\\\/schema\\\/person\\\/2b2208f3175fa8761e25b272e096d718\",\"name\":\"Rebecca Silvestri\",\"image\":{\"@type\":\"ImageObject\",\"inLanguage\":\"es\",\"@id\":\"https:\\\/\\\/secure.gravatar.com\\\/avatar\\\/2d937fd6c1769fb718dbf8dce9e82bf5f89e97bd028f9b3ea10b931dc7df95c6?s=96&d=mm&r=g\",\"url\":\"https:\\\/\\\/secure.gravatar.com\\\/avatar\\\/2d937fd6c1769fb718dbf8dce9e82bf5f89e97bd028f9b3ea10b931dc7df95c6?s=96&d=mm&r=g\",\"contentUrl\":\"https:\\\/\\\/secure.gravatar.com\\\/avatar\\\/2d937fd6c1769fb718dbf8dce9e82bf5f89e97bd028f9b3ea10b931dc7df95c6?s=96&d=mm&r=g\",\"caption\":\"Rebecca Silvestri\"},\"url\":\"https:\\\/\\\/casadecampoliving.com\\\/es\\\/author\\\/madamehuge\\\/\"}]}<\/script>\n<!-- \/ Yoast SEO plugin. -->","yoast_head_json":{"title":"Semana de Francia | Casa de Campo Living","description":"Bienvenue!  To read about the Semana de Francia in ENGLISH \u2013 click here!  Para leer sobre la Semana de Francia en ESPA\u00d1OL \u2013 haga click aqu\u00ed!","robots":{"index":"index","follow":"follow","max-snippet":"max-snippet:-1","max-image-preview":"max-image-preview:large","max-video-preview":"max-video-preview:-1"},"canonical":"https:\/\/casadecampoliving.com\/es\/semanadefrancia\/","og_locale":"es_ES","og_type":"article","og_title":"Semana de Francia | Casa de Campo Living","og_description":"Bienvenue!  To read about the Semana de Francia in ENGLISH \u2013 click here!  Para leer sobre la Semana de Francia en ESPA\u00d1OL \u2013 haga click aqu\u00ed!","og_url":"https:\/\/casadecampoliving.com\/es\/semanadefrancia\/","og_site_name":"Casa de Campo Living","article_publisher":"https:\/\/www.facebook.com\/casadecampoliving","article_published_time":"2012-03-21T04:00:00+00:00","article_modified_time":"2022-10-21T22:09:16+00:00","og_image":[{"width":650,"height":400,"url":"https:\/\/i0.wp.com\/casadecampoliving.com\/wp-content\/uploads\/2022\/10\/semanadefrancia-1.jpg?fit=650%2C400&ssl=1","type":"image\/jpeg"}],"author":"Rebecca Silvestri","twitter_card":"summary_large_image","twitter_creator":"@cdcliving","twitter_site":"@cdcliving","twitter_misc":{"Escrito por":"Rebecca Silvestri"},"schema":{"@context":"https:\/\/schema.org","@graph":[{"@type":"Article","@id":"https:\/\/casadecampoliving.com\/es\/semanadefrancia\/#article","isPartOf":{"@id":"https:\/\/casadecampoliving.com\/es\/semanadefrancia\/"},"author":{"name":"Rebecca Silvestri","@id":"https:\/\/casadecampoliving.com\/es\/#\/schema\/person\/2b2208f3175fa8761e25b272e096d718"},"headline":"Semana de Francia","datePublished":"2012-03-21T04:00:00+00:00","dateModified":"2022-10-21T22:09:16+00:00","mainEntityOfPage":{"@id":"https:\/\/casadecampoliving.com\/es\/semanadefrancia\/"},"wordCount":28,"publisher":{"@id":"https:\/\/casadecampoliving.com\/es\/#organization"},"image":{"@id":"https:\/\/casadecampoliving.com\/es\/semanadefrancia\/#primaryimage"},"thumbnailUrl":"https:\/\/i0.wp.com\/casadecampoliving.com\/wp-content\/uploads\/2022\/10\/semanadefrancia-1.jpg?fit=650%2C400&ssl=1","articleSection":["Uncategorized @es"],"inLanguage":"es"},{"@type":"WebPage","@id":"https:\/\/casadecampoliving.com\/es\/semanadefrancia\/","url":"https:\/\/casadecampoliving.com\/es\/semanadefrancia\/","name":"Semana de Francia | Casa de Campo Living","isPartOf":{"@id":"https:\/\/casadecampoliving.com\/es\/#website"},"primaryImageOfPage":{"@id":"https:\/\/casadecampoliving.com\/es\/semanadefrancia\/#primaryimage"},"image":{"@id":"https:\/\/casadecampoliving.com\/es\/semanadefrancia\/#primaryimage"},"thumbnailUrl":"https:\/\/i0.wp.com\/casadecampoliving.com\/wp-content\/uploads\/2022\/10\/semanadefrancia-1.jpg?fit=650%2C400&ssl=1","datePublished":"2012-03-21T04:00:00+00:00","dateModified":"2022-10-21T22:09:16+00:00","description":"Bienvenue! To read about the Semana de Francia in ENGLISH \u2013 click here! Para leer sobre la Semana de Francia en ESPA\u00d1OL \u2013 haga click aqu\u00ed!","breadcrumb":{"@id":"https:\/\/casadecampoliving.com\/es\/semanadefrancia\/#breadcrumb"},"inLanguage":"es","potentialAction":[{"@type":"ReadAction","target":["https:\/\/casadecampoliving.com\/es\/semanadefrancia\/"]}]},{"@type":"ImageObject","inLanguage":"es","@id":"https:\/\/casadecampoliving.com\/es\/semanadefrancia\/#primaryimage","url":"https:\/\/i0.wp.com\/casadecampoliving.com\/wp-content\/uploads\/2022\/10\/semanadefrancia-1.jpg?fit=650%2C400&ssl=1","contentUrl":"https:\/\/i0.wp.com\/casadecampoliving.com\/wp-content\/uploads\/2022\/10\/semanadefrancia-1.jpg?fit=650%2C400&ssl=1","width":650,"height":400,"caption":"semana de francia"},{"@type":"BreadcrumbList","@id":"https:\/\/casadecampoliving.com\/es\/semanadefrancia\/#breadcrumb","itemListElement":[{"@type":"ListItem","position":1,"name":"Home","item":"https:\/\/casadecampoliving.com\/es\/"},{"@type":"ListItem","position":2,"name":"Semana de Francia"}]},{"@type":"WebSite","@id":"https:\/\/casadecampoliving.com\/es\/#website","url":"https:\/\/casadecampoliving.com\/es\/","name":"Casa de Campo Living","description":"Resort community news and resources.","publisher":{"@id":"https:\/\/casadecampoliving.com\/es\/#organization"},"potentialAction":[{"@type":"SearchAction","target":{"@type":"EntryPoint","urlTemplate":"https:\/\/casadecampoliving.com\/es\/?s={search_term_string}"},"query-input":{"@type":"PropertyValueSpecification","valueRequired":true,"valueName":"search_term_string"}}],"inLanguage":"es"},{"@type":"Organization","@id":"https:\/\/casadecampoliving.com\/es\/#organization","name":"Casa de Campo Living","url":"https:\/\/casadecampoliving.com\/es\/","logo":{"@type":"ImageObject","inLanguage":"es","@id":"https:\/\/casadecampoliving.com\/es\/#\/schema\/logo\/image\/","url":"https:\/\/i0.wp.com\/casadecampoliving.com\/wp-content\/uploads\/2022\/07\/CDCLivingLogo_V1-white-sized.png?fit=800%2C214&ssl=1","contentUrl":"https:\/\/i0.wp.com\/casadecampoliving.com\/wp-content\/uploads\/2022\/07\/CDCLivingLogo_V1-white-sized.png?fit=800%2C214&ssl=1","width":800,"height":214,"caption":"Casa de Campo Living"},"image":{"@id":"https:\/\/casadecampoliving.com\/es\/#\/schema\/logo\/image\/"},"sameAs":["https:\/\/www.facebook.com\/casadecampoliving","https:\/\/x.com\/cdcliving"]},{"@type":"Person","@id":"https:\/\/casadecampoliving.com\/es\/#\/schema\/person\/2b2208f3175fa8761e25b272e096d718","name":"Rebecca Silvestri","image":{"@type":"ImageObject","inLanguage":"es","@id":"https:\/\/secure.gravatar.com\/avatar\/2d937fd6c1769fb718dbf8dce9e82bf5f89e97bd028f9b3ea10b931dc7df95c6?s=96&d=mm&r=g","url":"https:\/\/secure.gravatar.com\/avatar\/2d937fd6c1769fb718dbf8dce9e82bf5f89e97bd028f9b3ea10b931dc7df95c6?s=96&d=mm&r=g","contentUrl":"https:\/\/secure.gravatar.com\/avatar\/2d937fd6c1769fb718dbf8dce9e82bf5f89e97bd028f9b3ea10b931dc7df95c6?s=96&d=mm&r=g","caption":"Rebecca Silvestri"},"url":"https:\/\/casadecampoliving.com\/es\/author\/madamehuge\/"}]}},"parsely":{"version":"1.1.0","canonical_url":"https:\/\/casadecampoliving.com\/es\/semanadefrancia\/","smart_links":{"inbound":0,"outbound":0},"traffic_boost_suggestions_count":0,"meta":{"@context":"https:\/\/schema.org","@type":"NewsArticle","headline":"Semana de Francia","url":"http:\/\/casadecampoliving.com\/es\/semanadefrancia\/","mainEntityOfPage":{"@type":"WebPage","@id":"http:\/\/casadecampoliving.com\/es\/semanadefrancia\/"},"thumbnailUrl":"https:\/\/i0.wp.com\/casadecampoliving.com\/wp-content\/uploads\/2022\/10\/semanadefrancia-1.jpg?resize=150%2C150&ssl=1","image":{"@type":"ImageObject","url":"https:\/\/i0.wp.com\/casadecampoliving.com\/wp-content\/uploads\/2022\/10\/semanadefrancia-1.jpg?fit=650%2C400&ssl=1"},"articleSection":"Uncategorized @es","author":[{"@type":"Person","name":"Rebecca Silvestri"}],"creator":["Rebecca Silvestri"],"publisher":{"@type":"Organization","name":"Casa de Campo Living","logo":"https:\/\/casadecampoliving.com\/wp-content\/uploads\/2022\/07\/CDCLivingLogo_V1-white-sized.png"},"keywords":[],"dateCreated":"2012-03-21T04:00:00Z","datePublished":"2012-03-21T04:00:00Z","dateModified":"2022-10-21T22:09:16Z"},"rendered":"<meta name=\"parsely-title\" content=\"Semana de Francia\" \/>\n<meta name=\"parsely-link\" content=\"http:\/\/casadecampoliving.com\/es\/semanadefrancia\/\" \/>\n<meta name=\"parsely-type\" content=\"post\" \/>\n<meta name=\"parsely-image-url\" content=\"https:\/\/i0.wp.com\/casadecampoliving.com\/wp-content\/uploads\/2022\/10\/semanadefrancia-1.jpg?resize=150%2C150&amp;ssl=1\" \/>\n<meta name=\"parsely-pub-date\" content=\"2012-03-21T04:00:00Z\" \/>\n<meta name=\"parsely-section\" content=\"Uncategorized @es\" \/>\n<meta name=\"parsely-author\" content=\"Rebecca Silvestri\" \/>","tracker_url":"https:\/\/cdn.parsely.com\/keys\/casadecampoliving.com\/p.js"},"jetpack_publicize_connections":[],"jetpack-related-posts":[{"id":321115,"url":"https:\/\/casadecampoliving.com\/art-exhibit-soleils-by-michel-bizet-opens-march-22nd-as-part-of-the-semana-de-francia\/","url_meta":{"origin":321141,"position":0},"title":"Art exhibit \u00abSoleils\u00bb by Michel Bizet opens March 22nd as part of the \u00abSemana de Francia\u00bb!","author":"Rebecca Silvestri","date":"21 Mar, 2012","format":false,"excerpt":"On Thursday the 22nd of March, the Altos de Chav\u00f3n art gallery will be inaugurating yet another art gallery exhibition; \u201cSoleils\u201d presented by French artist Michel Bizet. The new exhibit, taking place as part of the \u201cSemana de Francia\u201d will be officially opened with a cocktail reception \u2013 and you\u2026","rel":"","context":"En \u00abAltos de Chavon\u00bb","block_context":{"text":"Altos de Chavon","link":"https:\/\/casadecampoliving.com\/category\/altos-de-chavon\/"},"img":{"alt_text":"michel bizet art","src":"https:\/\/i0.wp.com\/casadecampoliving.com\/wp-content\/uploads\/2022\/10\/michel_bizet-1.jpg?fit=650%2C324&ssl=1&resize=350%2C200","width":350,"height":200,"srcset":"https:\/\/i0.wp.com\/casadecampoliving.com\/wp-content\/uploads\/2022\/10\/michel_bizet-1.jpg?fit=650%2C324&ssl=1&resize=350%2C200 1x, https:\/\/i0.wp.com\/casadecampoliving.com\/wp-content\/uploads\/2022\/10\/michel_bizet-1.jpg?fit=650%2C324&ssl=1&resize=525%2C300 1.5x"},"classes":[]},{"id":321120,"url":"https:\/\/casadecampoliving.com\/the-copa-foro-empresarial-franco-dominicano-golf-tournament-during-the-semana-de-francia-saturday-march-25th\/","url_meta":{"origin":321141,"position":1},"title":"The \u00abCopa Foro Empresarial Franco-Dominicano\u00bb Golf Tournament during the Semana de Francia, Saturday March 25th","author":"Rebecca Silvestri","date":"16 Mar, 2012","format":false,"excerpt":"Next week from Thursday the 22nd to Saturday the \u00a025th of March the \u201cSemana de Francia\u201d is taking place in Casa de Campo and in amongst all the interesting cultural, commercial, musical, and gastronomic activities are numerous sports tournaments \u2013 including, of course, a golf tournament on the Teeth of\u2026","rel":"","context":"En \u00abEvents and Activities\u00bb","block_context":{"text":"Events and Activities","link":"https:\/\/casadecampoliving.com\/category\/events-and-activities\/"},"img":{"alt_text":"semana de francia","src":"https:\/\/i0.wp.com\/casadecampoliving.com\/wp-content\/uploads\/2022\/10\/semana_de_francia2-1.jpg?fit=650%2C400&ssl=1&resize=350%2C200","width":350,"height":200,"srcset":"https:\/\/i0.wp.com\/casadecampoliving.com\/wp-content\/uploads\/2022\/10\/semana_de_francia2-1.jpg?fit=650%2C400&ssl=1&resize=350%2C200 1x, https:\/\/i0.wp.com\/casadecampoliving.com\/wp-content\/uploads\/2022\/10\/semana_de_francia2-1.jpg?fit=650%2C400&ssl=1&resize=525%2C300 1.5x"},"classes":[]},{"id":338568,"url":"https:\/\/casadecampoliving.com\/es\/torneo-de-golf-copa-foro-empresarial-franco-dominicano-durante-la-semana-de-francia-sab-24-marzo\/","url_meta":{"origin":321141,"position":2},"title":"Torneo de Golf \u00abCopa Foro Empresarial Franco-Dominicano\u00bb durante la Semana de Francia: S\u00e1b.24 Marzo!","author":"","date":"16 Mar, 2012","format":false,"excerpt":"La pr\u00f3xima semana, desde el jueves 22 al domingo 25 de marzo se llevar\u00e1 a cabo la \u201cSemana de Francia\u201d en Casa de Campo y entre todas las interesantes actividades culturales, comerciales, musicales y gastron\u00f3micas, tambi\u00e9n hay numerosos torneos deportivos \u2013 incluyendo, por supuesto, un torneo de golf en el\u2026","rel":"","context":"En \u00abDeportes\u00bb","block_context":{"text":"Deportes","link":"https:\/\/casadecampoliving.com\/es\/category\/golf-deportes-es\/"},"img":{"alt_text":"semana de francia","src":"https:\/\/i0.wp.com\/casadecampoliving.com\/wp-content\/uploads\/2022\/10\/semana_de_francia2-1.jpg?fit=650%2C400&ssl=1&resize=350%2C200","width":350,"height":200,"srcset":"https:\/\/i0.wp.com\/casadecampoliving.com\/wp-content\/uploads\/2022\/10\/semana_de_francia2-1.jpg?fit=650%2C400&ssl=1&resize=350%2C200 1x, https:\/\/i0.wp.com\/casadecampoliving.com\/wp-content\/uploads\/2022\/10\/semana_de_francia2-1.jpg?fit=650%2C400&ssl=1&resize=525%2C300 1.5x"},"classes":[]},{"id":338576,"url":"https:\/\/casadecampoliving.com\/es\/soleils-la-nueva-exhibicion-se-inaugurara-el-jueves-22-de-marzo-como-parte-de-la-semana-de-francia\/","url_meta":{"origin":321141,"position":3},"title":"\u201cSoleils\u201d la nueva exhibici\u00f3n se inaugurar\u00e1 el jueves 22 de Marzo como parte de la Semana de Francia!","author":"Rebecca Silvestri","date":"21 Mar, 2012","format":false,"excerpt":"El pr\u00f3ximo jueves 22 de marzo, la Galer\u00eda de Arte Altos de Chav\u00f3n inaugurar\u00e1 la nueva exhibici\u00f3n de arte \u201cSoleils\u201d del artista franc\u00e9s Michel Bizet. La nueva exhibici\u00f3n, uno de los eventos culturales ligados a la celebraci\u00f3n de la Semana de Francia, ser\u00e1 celebrado con un c\u00f3ctel \u2013\u00a0y usted est\u00e1\u2026","rel":"","context":"En \u00abAltos de Chavon @es\u00bb","block_context":{"text":"Altos de Chavon @es","link":"https:\/\/casadecampoliving.com\/category\/altos-de-chavon-es\/"},"img":{"alt_text":"michel bizet art","src":"https:\/\/i0.wp.com\/casadecampoliving.com\/wp-content\/uploads\/2022\/10\/michel_bizet-1.jpg?fit=650%2C324&ssl=1&resize=350%2C200","width":350,"height":200,"srcset":"https:\/\/i0.wp.com\/casadecampoliving.com\/wp-content\/uploads\/2022\/10\/michel_bizet-1.jpg?fit=650%2C324&ssl=1&resize=350%2C200 1x, https:\/\/i0.wp.com\/casadecampoliving.com\/wp-content\/uploads\/2022\/10\/michel_bizet-1.jpg?fit=650%2C324&ssl=1&resize=525%2C300 1.5x"},"classes":[]},{"id":321150,"url":"https:\/\/casadecampoliving.com\/bonjour-et-bienvenue-the-semana-de-francia-in-casa-de-campo-has-begun\/","url_meta":{"origin":321141,"position":4},"title":"Bonjour et bienvenue! The Inauguration of the \u00abSemana de Francia\u00bb in Casa de Campo!","author":"Rebecca Silvestri","date":"23 Mar, 2012","format":false,"excerpt":"On Thursday the 22nd of March the 1st annual \"Semana de Francia\" was inaugurated in Altos de Chavon and on Friday the program of activities (which continued until Sunday) includes the 1st French-Dominican business forum with the participation of his excellency Dr. Leonel Fernandez, President of the Dominican Republic, as\u2026","rel":"","context":"En \u00abAltos de Chavon\u00bb","block_context":{"text":"Altos de Chavon","link":"https:\/\/casadecampoliving.com\/category\/altos-de-chavon\/"},"img":{"alt_text":"semana de francia altos de chavon","src":"https:\/\/i0.wp.com\/casadecampoliving.com\/wp-content\/uploads\/2022\/10\/semana_de_francia_altos_de_chavon-4.jpg?fit=650%2C490&ssl=1&resize=350%2C200","width":350,"height":200,"srcset":"https:\/\/i0.wp.com\/casadecampoliving.com\/wp-content\/uploads\/2022\/10\/semana_de_francia_altos_de_chavon-4.jpg?fit=650%2C490&ssl=1&resize=350%2C200 1x, https:\/\/i0.wp.com\/casadecampoliving.com\/wp-content\/uploads\/2022\/10\/semana_de_francia_altos_de_chavon-4.jpg?fit=650%2C490&ssl=1&resize=525%2C300 1.5x"},"classes":[]},{"id":321081,"url":"https:\/\/casadecampoliving.com\/air-caraibes-launches-direct-flight-between-santo-domingo-and-paris-as-part-of-the-semana-de-francia-celebrations\/","url_meta":{"origin":321141,"position":5},"title":"\u00abAir Caraibes\u00bb launches direct flight between Santo Domingo and Paris as part of the \u00abSemana de Francia\u00bb celebrations","author":"Rebecca Silvestri","date":"28 Mar, 2012","format":false,"excerpt":"Last week from Thursday March 22nd through to Sunday March 25th, the 1st annual \u201cSemana de Francia\u201d took place in Casa de Campo and Altos de Chav\u00f3n \u2013 a hugely successful 4-day event and a super celebration of culture, cuisine and commerce, which ended with the inaugural flight of Air\u2026","rel":"","context":"En \u00abBeyond Casa\u00bb","block_context":{"text":"Beyond Casa","link":"https:\/\/casadecampoliving.com\/category\/beyond-casa\/"},"img":{"alt_text":"air caraibes","src":"https:\/\/i0.wp.com\/casadecampoliving.com\/wp-content\/uploads\/2022\/10\/air_caraibes-1.jpg?fit=650%2C400&ssl=1&resize=350%2C200","width":350,"height":200,"srcset":"https:\/\/i0.wp.com\/casadecampoliving.com\/wp-content\/uploads\/2022\/10\/air_caraibes-1.jpg?fit=650%2C400&ssl=1&resize=350%2C200 1x, https:\/\/i0.wp.com\/casadecampoliving.com\/wp-content\/uploads\/2022\/10\/air_caraibes-1.jpg?fit=650%2C400&ssl=1&resize=525%2C300 1.5x"},"classes":[]}],"jetpack_sharing_enabled":true,"jetpack_featured_media_url":"https:\/\/i0.wp.com\/casadecampoliving.com\/wp-content\/uploads\/2022\/10\/semanadefrancia-1.jpg?fit=650%2C400&ssl=1","_links":{"self":[{"href":"https:\/\/casadecampoliving.com\/es\/wp-json\/wp\/v2\/posts\/321141","targetHints":{"allow":["GET"]}}],"collection":[{"href":"https:\/\/casadecampoliving.com\/es\/wp-json\/wp\/v2\/posts"}],"about":[{"href":"https:\/\/casadecampoliving.com\/es\/wp-json\/wp\/v2\/types\/post"}],"author":[{"embeddable":true,"href":"https:\/\/casadecampoliving.com\/es\/wp-json\/wp\/v2\/users\/31"}],"replies":[{"embeddable":true,"href":"https:\/\/casadecampoliving.com\/es\/wp-json\/wp\/v2\/comments?post=321141"}],"version-history":[{"count":0,"href":"https:\/\/casadecampoliving.com\/es\/wp-json\/wp\/v2\/posts\/321141\/revisions"}],"wp:featuredmedia":[{"embeddable":true,"href":"https:\/\/casadecampoliving.com\/es\/wp-json\/wp\/v2\/media\/261921"}],"wp:attachment":[{"href":"https:\/\/casadecampoliving.com\/es\/wp-json\/wp\/v2\/media?parent=321141"}],"wp:term":[{"taxonomy":"category","embeddable":true,"href":"https:\/\/casadecampoliving.com\/es\/wp-json\/wp\/v2\/categories?post=321141"},{"taxonomy":"post_tag","embeddable":true,"href":"https:\/\/casadecampoliving.com\/es\/wp-json\/wp\/v2\/tags?post=321141"},{"taxonomy":"newspack_spnsrs_tax","embeddable":true,"href":"https:\/\/casadecampoliving.com\/es\/wp-json\/wp\/v2\/newspack_spnsrs_tax?post=321141"}],"curies":[{"name":"wp","href":"https:\/\/api.w.org\/{rel}","templated":true}]}}