{"id":320466,"date":"2011-09-15T00:00:00","date_gmt":"2011-09-15T04:00:00","guid":{"rendered":"https:\/\/casadecampoliving.com\/celebrating-the-inauguration-of-new-art-exhibit-artistas-cubanos-en-altos-de-chavon\/"},"modified":"2022-11-10T10:47:08","modified_gmt":"2022-11-10T14:47:08","slug":"celebrating-the-inauguration-of-new-art-exhibit-artistas-cubanos-en-altos-de-chavon","status":"publish","type":"post","link":"https:\/\/casadecampoliving.com\/es\/celebrating-the-inauguration-of-new-art-exhibit-artistas-cubanos-en-altos-de-chavon\/","title":{"rendered":"Celebrating the Inauguration of new Art Exhibit \u00abArtistas Cubanos\u00bb en Altos de Chav\u00f3n!"},"content":{"rendered":"<a href=\"https:\/\/i0.wp.com\/casadecampoliving.com\/wp-content\/uploads\/2022\/10\/art_altos_de_chavon-3.jpg?ssl=1\"><img data-recalc-dims=\"1\" loading=\"lazy\" decoding=\"async\" class=\"aligncenter size-full wp-image-33628\" title=\"art_altos_de_chavon\" src=\"https:\/\/i0.wp.com\/casadecampoliving.com\/wp-content\/uploads\/2022\/10\/art_altos_de_chavon-3.jpg?resize=565%2C351&#038;ssl=1\" alt=\"art altos de chavon\" width=\"565\" height=\"351\" \/><\/a>It&#8217;s been a while since we celebrated the opening of a new art exhibit in Altos de Chav\u00f3n, so when last Thursday the 8th of September art exhibit \u00abArtistas Cubanos\u00bb was officially inaugurated &#8211; the celebration was more popular than ever!<!--more-->\n<p style=\"text-align: center;\"><em><strong><a href=\"http:\/\/wp.me\/p1kvEy-8LY\">Haga click aqu\u00ed para leer este art\u00edculo en ESPA\u00d1OL!<\/a><\/strong><\/em><\/p>\nThe new exhibit combines the art works of 5 Cuban artists;\u00a0Oscar Carballo, Ana Maria Nardo, Francisco Sanchez, Carlos Parra, Enrique Ermus and Wilfredo Torres and is a vibrant mixture of paintings, ceramics and sculpture.\n\n<img data-recalc-dims=\"1\" loading=\"lazy\" decoding=\"async\" class=\"aligncenter size-full wp-image-33630\" title=\"art_altos_de_chavon\" src=\"https:\/\/i0.wp.com\/casadecampoliving.com\/wp-content\/uploads\/2022\/10\/art_altos_de_chavon2-1.jpg?resize=500%2C380&#038;ssl=1\" alt=\"art altos de chavon\" width=\"500\" height=\"380\" \/>\n\nFeaturing the artwork of 5 very distinct artists, this exhibition is incredibly varied and unusual. During the inauguration event, the many guests were impressed by the excellent quality, variation and uniqueness of what was on display and, as always were keen to talk to the artists themselves.\n\nAdding an extra dimension to the exhibit were a group of musicians from the <em>Escuela de Bellas Artes<\/em>\u00a0(school of fine arts) in La Romana town.\n\n<img data-recalc-dims=\"1\" loading=\"lazy\" decoding=\"async\" class=\"aligncenter size-full wp-image-33629\" title=\"art_altos_de_chavon\" src=\"https:\/\/i0.wp.com\/casadecampoliving.com\/wp-content\/uploads\/2022\/10\/art_altos_de_chavon1-1.jpg?resize=500%2C350&#038;ssl=1\" alt=\"\" width=\"500\" height=\"350\" \/>\n\nAs always the opening of the art exhibit was a jolly occasion, attended by many members of the Casa de Campo community, local Altos de Chav\u00f3n residents, as well as art-loving teachers of the Abraham Lincoln school and art students from the Altos de Chav\u00f3n School of Art and Design\n\nPhotos used in this article were provided by Martha Victoria &#8211; THANKS Martha!\n\n<a href=\"https:\/\/i0.wp.com\/casadecampoliving.com\/wp-content\/uploads\/2022\/10\/art_altos_de_chavon1-1.jpg?ssl=1\"> <strong>\n<figure class=\"wp-block-gallery has-nested-images columns-default is-cropped wp-block-gallery-1 is-layout-flex wp-block-gallery-is-layout-flex\">\n<figure class=\"wp-block-image size-large\"><img data-recalc-dims=\"1\" loading=\"lazy\" decoding=\"async\" width=\"800\" height=\"597\" data-id=\"383748\" src=\"https:\/\/i0.wp.com\/casadecampoliving.com\/wp-content\/uploads\/2022\/10\/hpim8233.jpg?resize=800%2C597&#038;ssl=1\" alt=\"\" class=\"wp-image-383748\" srcset=\"https:\/\/i0.wp.com\/casadecampoliving.com\/wp-content\/uploads\/2022\/10\/hpim8233.jpg?w=800&amp;ssl=1 800w, https:\/\/i0.wp.com\/casadecampoliving.com\/wp-content\/uploads\/2022\/10\/hpim8233.jpg?resize=300%2C224&amp;ssl=1 300w, https:\/\/i0.wp.com\/casadecampoliving.com\/wp-content\/uploads\/2022\/10\/hpim8233.jpg?resize=768%2C573&amp;ssl=1 768w, https:\/\/i0.wp.com\/casadecampoliving.com\/wp-content\/uploads\/2022\/10\/hpim8233.jpg?resize=400%2C299&amp;ssl=1 400w, https:\/\/i0.wp.com\/casadecampoliving.com\/wp-content\/uploads\/2022\/10\/hpim8233.jpg?resize=200%2C150&amp;ssl=1 200w, https:\/\/i0.wp.com\/casadecampoliving.com\/wp-content\/uploads\/2022\/10\/hpim8233.jpg?resize=706%2C527&amp;ssl=1 706w, https:\/\/i0.wp.com\/casadecampoliving.com\/wp-content\/uploads\/2022\/10\/hpim8233.jpg?resize=150%2C112&amp;ssl=1 150w, https:\/\/i0.wp.com\/casadecampoliving.com\/wp-content\/uploads\/2022\/10\/hpim8233.jpg?w=370&amp;ssl=1 370w\" sizes=\"auto, (max-width: 800px) 100vw, 800px\" \/><\/figure>\n\n\n\n<figure class=\"wp-block-image size-large\"><img data-recalc-dims=\"1\" loading=\"lazy\" decoding=\"async\" width=\"800\" height=\"597\" data-id=\"383750\" src=\"https:\/\/i0.wp.com\/casadecampoliving.com\/wp-content\/uploads\/2022\/10\/hpim8234.jpg?resize=800%2C597&#038;ssl=1\" alt=\"\" class=\"wp-image-383750\" srcset=\"https:\/\/i0.wp.com\/casadecampoliving.com\/wp-content\/uploads\/2022\/10\/hpim8234.jpg?w=800&amp;ssl=1 800w, https:\/\/i0.wp.com\/casadecampoliving.com\/wp-content\/uploads\/2022\/10\/hpim8234.jpg?resize=300%2C224&amp;ssl=1 300w, https:\/\/i0.wp.com\/casadecampoliving.com\/wp-content\/uploads\/2022\/10\/hpim8234.jpg?resize=768%2C573&amp;ssl=1 768w, https:\/\/i0.wp.com\/casadecampoliving.com\/wp-content\/uploads\/2022\/10\/hpim8234.jpg?resize=400%2C299&amp;ssl=1 400w, https:\/\/i0.wp.com\/casadecampoliving.com\/wp-content\/uploads\/2022\/10\/hpim8234.jpg?resize=200%2C150&amp;ssl=1 200w, https:\/\/i0.wp.com\/casadecampoliving.com\/wp-content\/uploads\/2022\/10\/hpim8234.jpg?resize=706%2C527&amp;ssl=1 706w, https:\/\/i0.wp.com\/casadecampoliving.com\/wp-content\/uploads\/2022\/10\/hpim8234.jpg?resize=150%2C112&amp;ssl=1 150w, https:\/\/i0.wp.com\/casadecampoliving.com\/wp-content\/uploads\/2022\/10\/hpim8234.jpg?w=370&amp;ssl=1 370w\" sizes=\"auto, (max-width: 800px) 100vw, 800px\" \/><\/figure>\n\n\n\n<figure class=\"wp-block-image size-large\"><img data-recalc-dims=\"1\" loading=\"lazy\" decoding=\"async\" width=\"800\" height=\"597\" data-id=\"383752\" src=\"https:\/\/i0.wp.com\/casadecampoliving.com\/wp-content\/uploads\/2022\/10\/hpim8235.jpg?resize=800%2C597&#038;ssl=1\" alt=\"\" class=\"wp-image-383752\" srcset=\"https:\/\/i0.wp.com\/casadecampoliving.com\/wp-content\/uploads\/2022\/10\/hpim8235.jpg?w=800&amp;ssl=1 800w, https:\/\/i0.wp.com\/casadecampoliving.com\/wp-content\/uploads\/2022\/10\/hpim8235.jpg?resize=300%2C224&amp;ssl=1 300w, https:\/\/i0.wp.com\/casadecampoliving.com\/wp-content\/uploads\/2022\/10\/hpim8235.jpg?resize=768%2C573&amp;ssl=1 768w, https:\/\/i0.wp.com\/casadecampoliving.com\/wp-content\/uploads\/2022\/10\/hpim8235.jpg?resize=400%2C299&amp;ssl=1 400w, https:\/\/i0.wp.com\/casadecampoliving.com\/wp-content\/uploads\/2022\/10\/hpim8235.jpg?resize=200%2C150&amp;ssl=1 200w, https:\/\/i0.wp.com\/casadecampoliving.com\/wp-content\/uploads\/2022\/10\/hpim8235.jpg?resize=706%2C527&amp;ssl=1 706w, https:\/\/i0.wp.com\/casadecampoliving.com\/wp-content\/uploads\/2022\/10\/hpim8235.jpg?resize=150%2C112&amp;ssl=1 150w, https:\/\/i0.wp.com\/casadecampoliving.com\/wp-content\/uploads\/2022\/10\/hpim8235.jpg?w=370&amp;ssl=1 370w\" sizes=\"auto, (max-width: 800px) 100vw, 800px\" \/><\/figure>\n\n\n\n<figure class=\"wp-block-image size-large\"><img data-recalc-dims=\"1\" loading=\"lazy\" decoding=\"async\" width=\"800\" height=\"597\" data-id=\"383754\" src=\"https:\/\/i0.wp.com\/casadecampoliving.com\/wp-content\/uploads\/2022\/10\/hpim8236.jpg?resize=800%2C597&#038;ssl=1\" alt=\"\" class=\"wp-image-383754\" srcset=\"https:\/\/i0.wp.com\/casadecampoliving.com\/wp-content\/uploads\/2022\/10\/hpim8236.jpg?w=800&amp;ssl=1 800w, https:\/\/i0.wp.com\/casadecampoliving.com\/wp-content\/uploads\/2022\/10\/hpim8236.jpg?resize=300%2C224&amp;ssl=1 300w, https:\/\/i0.wp.com\/casadecampoliving.com\/wp-content\/uploads\/2022\/10\/hpim8236.jpg?resize=768%2C573&amp;ssl=1 768w, https:\/\/i0.wp.com\/casadecampoliving.com\/wp-content\/uploads\/2022\/10\/hpim8236.jpg?resize=400%2C299&amp;ssl=1 400w, https:\/\/i0.wp.com\/casadecampoliving.com\/wp-content\/uploads\/2022\/10\/hpim8236.jpg?resize=200%2C150&amp;ssl=1 200w, https:\/\/i0.wp.com\/casadecampoliving.com\/wp-content\/uploads\/2022\/10\/hpim8236.jpg?resize=706%2C527&amp;ssl=1 706w, https:\/\/i0.wp.com\/casadecampoliving.com\/wp-content\/uploads\/2022\/10\/hpim8236.jpg?resize=150%2C112&amp;ssl=1 150w, https:\/\/i0.wp.com\/casadecampoliving.com\/wp-content\/uploads\/2022\/10\/hpim8236.jpg?w=370&amp;ssl=1 370w\" sizes=\"auto, (max-width: 800px) 100vw, 800px\" \/><\/figure>\n\n\n\n<figure class=\"wp-block-image size-large\"><img data-recalc-dims=\"1\" loading=\"lazy\" decoding=\"async\" width=\"800\" height=\"597\" data-id=\"383756\" src=\"https:\/\/i0.wp.com\/casadecampoliving.com\/wp-content\/uploads\/2022\/10\/hpim8237.jpg?resize=800%2C597&#038;ssl=1\" alt=\"\" class=\"wp-image-383756\" srcset=\"https:\/\/i0.wp.com\/casadecampoliving.com\/wp-content\/uploads\/2022\/10\/hpim8237.jpg?w=800&amp;ssl=1 800w, https:\/\/i0.wp.com\/casadecampoliving.com\/wp-content\/uploads\/2022\/10\/hpim8237.jpg?resize=300%2C224&amp;ssl=1 300w, https:\/\/i0.wp.com\/casadecampoliving.com\/wp-content\/uploads\/2022\/10\/hpim8237.jpg?resize=768%2C573&amp;ssl=1 768w, https:\/\/i0.wp.com\/casadecampoliving.com\/wp-content\/uploads\/2022\/10\/hpim8237.jpg?resize=400%2C299&amp;ssl=1 400w, https:\/\/i0.wp.com\/casadecampoliving.com\/wp-content\/uploads\/2022\/10\/hpim8237.jpg?resize=200%2C150&amp;ssl=1 200w, https:\/\/i0.wp.com\/casadecampoliving.com\/wp-content\/uploads\/2022\/10\/hpim8237.jpg?resize=706%2C527&amp;ssl=1 706w, https:\/\/i0.wp.com\/casadecampoliving.com\/wp-content\/uploads\/2022\/10\/hpim8237.jpg?resize=150%2C112&amp;ssl=1 150w, https:\/\/i0.wp.com\/casadecampoliving.com\/wp-content\/uploads\/2022\/10\/hpim8237.jpg?w=370&amp;ssl=1 370w\" sizes=\"auto, (max-width: 800px) 100vw, 800px\" \/><\/figure>\n\n\n\n<figure class=\"wp-block-image size-large\"><img data-recalc-dims=\"1\" loading=\"lazy\" decoding=\"async\" width=\"800\" height=\"442\" data-id=\"383758\" src=\"https:\/\/i0.wp.com\/casadecampoliving.com\/wp-content\/uploads\/2022\/10\/hpim8238.jpg?resize=800%2C442&#038;ssl=1\" alt=\"\" class=\"wp-image-383758\" srcset=\"https:\/\/i0.wp.com\/casadecampoliving.com\/wp-content\/uploads\/2022\/10\/hpim8238.jpg?w=800&amp;ssl=1 800w, https:\/\/i0.wp.com\/casadecampoliving.com\/wp-content\/uploads\/2022\/10\/hpim8238.jpg?resize=300%2C166&amp;ssl=1 300w, https:\/\/i0.wp.com\/casadecampoliving.com\/wp-content\/uploads\/2022\/10\/hpim8238.jpg?resize=768%2C424&amp;ssl=1 768w, https:\/\/i0.wp.com\/casadecampoliving.com\/wp-content\/uploads\/2022\/10\/hpim8238.jpg?resize=400%2C221&amp;ssl=1 400w, https:\/\/i0.wp.com\/casadecampoliving.com\/wp-content\/uploads\/2022\/10\/hpim8238.jpg?resize=706%2C390&amp;ssl=1 706w, https:\/\/i0.wp.com\/casadecampoliving.com\/wp-content\/uploads\/2022\/10\/hpim8238.jpg?resize=150%2C83&amp;ssl=1 150w, https:\/\/i0.wp.com\/casadecampoliving.com\/wp-content\/uploads\/2022\/10\/hpim8238.jpg?w=370&amp;ssl=1 370w\" sizes=\"auto, (max-width: 800px) 100vw, 800px\" \/><\/figure>\n\n\n\n<figure class=\"wp-block-image size-large\"><img data-recalc-dims=\"1\" loading=\"lazy\" decoding=\"async\" width=\"800\" height=\"597\" data-id=\"383760\" src=\"https:\/\/i0.wp.com\/casadecampoliving.com\/wp-content\/uploads\/2022\/10\/hpim8240.jpg?resize=800%2C597&#038;ssl=1\" alt=\"\" class=\"wp-image-383760\" srcset=\"https:\/\/i0.wp.com\/casadecampoliving.com\/wp-content\/uploads\/2022\/10\/hpim8240.jpg?w=800&amp;ssl=1 800w, https:\/\/i0.wp.com\/casadecampoliving.com\/wp-content\/uploads\/2022\/10\/hpim8240.jpg?resize=300%2C224&amp;ssl=1 300w, https:\/\/i0.wp.com\/casadecampoliving.com\/wp-content\/uploads\/2022\/10\/hpim8240.jpg?resize=768%2C573&amp;ssl=1 768w, https:\/\/i0.wp.com\/casadecampoliving.com\/wp-content\/uploads\/2022\/10\/hpim8240.jpg?resize=400%2C299&amp;ssl=1 400w, https:\/\/i0.wp.com\/casadecampoliving.com\/wp-content\/uploads\/2022\/10\/hpim8240.jpg?resize=200%2C150&amp;ssl=1 200w, https:\/\/i0.wp.com\/casadecampoliving.com\/wp-content\/uploads\/2022\/10\/hpim8240.jpg?resize=706%2C527&amp;ssl=1 706w, https:\/\/i0.wp.com\/casadecampoliving.com\/wp-content\/uploads\/2022\/10\/hpim8240.jpg?resize=150%2C112&amp;ssl=1 150w, https:\/\/i0.wp.com\/casadecampoliving.com\/wp-content\/uploads\/2022\/10\/hpim8240.jpg?w=370&amp;ssl=1 370w\" sizes=\"auto, (max-width: 800px) 100vw, 800px\" \/><\/figure>\n\n\n\n<figure class=\"wp-block-image size-large\"><img data-recalc-dims=\"1\" loading=\"lazy\" decoding=\"async\" width=\"800\" height=\"597\" data-id=\"383762\" src=\"https:\/\/i0.wp.com\/casadecampoliving.com\/wp-content\/uploads\/2022\/10\/hpim8244.jpg?resize=800%2C597&#038;ssl=1\" alt=\"\" class=\"wp-image-383762\" srcset=\"https:\/\/i0.wp.com\/casadecampoliving.com\/wp-content\/uploads\/2022\/10\/hpim8244.jpg?w=800&amp;ssl=1 800w, https:\/\/i0.wp.com\/casadecampoliving.com\/wp-content\/uploads\/2022\/10\/hpim8244.jpg?resize=300%2C224&amp;ssl=1 300w, https:\/\/i0.wp.com\/casadecampoliving.com\/wp-content\/uploads\/2022\/10\/hpim8244.jpg?resize=768%2C573&amp;ssl=1 768w, https:\/\/i0.wp.com\/casadecampoliving.com\/wp-content\/uploads\/2022\/10\/hpim8244.jpg?resize=400%2C299&amp;ssl=1 400w, https:\/\/i0.wp.com\/casadecampoliving.com\/wp-content\/uploads\/2022\/10\/hpim8244.jpg?resize=200%2C150&amp;ssl=1 200w, https:\/\/i0.wp.com\/casadecampoliving.com\/wp-content\/uploads\/2022\/10\/hpim8244.jpg?resize=706%2C527&amp;ssl=1 706w, https:\/\/i0.wp.com\/casadecampoliving.com\/wp-content\/uploads\/2022\/10\/hpim8244.jpg?resize=150%2C112&amp;ssl=1 150w, https:\/\/i0.wp.com\/casadecampoliving.com\/wp-content\/uploads\/2022\/10\/hpim8244.jpg?w=370&amp;ssl=1 370w\" sizes=\"auto, (max-width: 800px) 100vw, 800px\" \/><\/figure>\n\n\n\n<figure class=\"wp-block-image size-large\"><img data-recalc-dims=\"1\" loading=\"lazy\" decoding=\"async\" width=\"800\" height=\"582\" data-id=\"383764\" src=\"https:\/\/i0.wp.com\/casadecampoliving.com\/wp-content\/uploads\/2022\/10\/hpim8245.jpg?resize=800%2C582&#038;ssl=1\" alt=\"\" class=\"wp-image-383764\" srcset=\"https:\/\/i0.wp.com\/casadecampoliving.com\/wp-content\/uploads\/2022\/10\/hpim8245.jpg?w=800&amp;ssl=1 800w, https:\/\/i0.wp.com\/casadecampoliving.com\/wp-content\/uploads\/2022\/10\/hpim8245.jpg?resize=300%2C218&amp;ssl=1 300w, https:\/\/i0.wp.com\/casadecampoliving.com\/wp-content\/uploads\/2022\/10\/hpim8245.jpg?resize=768%2C559&amp;ssl=1 768w, https:\/\/i0.wp.com\/casadecampoliving.com\/wp-content\/uploads\/2022\/10\/hpim8245.jpg?resize=400%2C291&amp;ssl=1 400w, https:\/\/i0.wp.com\/casadecampoliving.com\/wp-content\/uploads\/2022\/10\/hpim8245.jpg?resize=706%2C514&amp;ssl=1 706w, https:\/\/i0.wp.com\/casadecampoliving.com\/wp-content\/uploads\/2022\/10\/hpim8245.jpg?resize=150%2C109&amp;ssl=1 150w, https:\/\/i0.wp.com\/casadecampoliving.com\/wp-content\/uploads\/2022\/10\/hpim8245.jpg?w=370&amp;ssl=1 370w\" sizes=\"auto, (max-width: 800px) 100vw, 800px\" \/><\/figure>\n\n\n\n<figure class=\"wp-block-image size-large\"><img data-recalc-dims=\"1\" loading=\"lazy\" decoding=\"async\" width=\"800\" height=\"597\" data-id=\"383766\" src=\"https:\/\/i0.wp.com\/casadecampoliving.com\/wp-content\/uploads\/2022\/10\/hpim8246.jpg?resize=800%2C597&#038;ssl=1\" alt=\"\" class=\"wp-image-383766\" srcset=\"https:\/\/i0.wp.com\/casadecampoliving.com\/wp-content\/uploads\/2022\/10\/hpim8246.jpg?w=800&amp;ssl=1 800w, https:\/\/i0.wp.com\/casadecampoliving.com\/wp-content\/uploads\/2022\/10\/hpim8246.jpg?resize=300%2C224&amp;ssl=1 300w, https:\/\/i0.wp.com\/casadecampoliving.com\/wp-content\/uploads\/2022\/10\/hpim8246.jpg?resize=768%2C573&amp;ssl=1 768w, https:\/\/i0.wp.com\/casadecampoliving.com\/wp-content\/uploads\/2022\/10\/hpim8246.jpg?resize=400%2C299&amp;ssl=1 400w, https:\/\/i0.wp.com\/casadecampoliving.com\/wp-content\/uploads\/2022\/10\/hpim8246.jpg?resize=200%2C150&amp;ssl=1 200w, https:\/\/i0.wp.com\/casadecampoliving.com\/wp-content\/uploads\/2022\/10\/hpim8246.jpg?resize=706%2C527&amp;ssl=1 706w, https:\/\/i0.wp.com\/casadecampoliving.com\/wp-content\/uploads\/2022\/10\/hpim8246.jpg?resize=150%2C112&amp;ssl=1 150w, https:\/\/i0.wp.com\/casadecampoliving.com\/wp-content\/uploads\/2022\/10\/hpim8246.jpg?w=370&amp;ssl=1 370w\" sizes=\"auto, (max-width: 800px) 100vw, 800px\" \/><\/figure>\n<\/figure>\n<\/strong><\/a>\n<blockquote><a href=\"https:\/\/i0.wp.com\/casadecampoliving.com\/wp-content\/uploads\/2022\/10\/Rebecca_Hughes_casa_de_campo_la_romana_dominican_republic.jpg?ssl=1\"><img data-recalc-dims=\"1\" loading=\"lazy\" decoding=\"async\" class=\"alignright size-full wp-image-32118\" style=\"margin-left: 15px; margin-right: 15px;\" title=\"Rebecca_Hughes_casa_de_campo_la_romana_dominican_republic\" src=\"https:\/\/i0.wp.com\/casadecampoliving.com\/wp-content\/uploads\/2022\/10\/Rebecca_Hughes_casa_de_campo_la_romana_dominican_republic.jpg?resize=104%2C176&#038;ssl=1\" alt=\"\" width=\"104\" height=\"176\" \/><\/a>This article was written by\u00a0<strong>Rebecca Hughes<\/strong>, editor of Casa de Campo Living and Casa de Campo\u2019s entertainment specialist!\n\n<strong>Rebecca Hughes,\u00a0Editorial and Events Marketing<\/strong>\nrhughes@casadecampoliving.com\nTEL: 809-523-2045 \u00a0 CEL: 809-949-8906\nBBM: 230DA5D1\nAltos de Chav\u00f3n, Casa de Campo La Romana\n\n<strong>This article was produced exclusively for\u00a0<a href=\"https:\/\/www.casadecampoliving.com\/\">www.casadecampoliving.com<\/a><\/strong><\/blockquote>","protected":false},"excerpt":{"rendered":"<p>It&#8217;s been a while since we celebrated the opening of a new art exhibit in Altos de Chav\u00f3n, so when last Thursday the 8th of September art exhibit \u00abArtistas Cubanos\u00bb was officially inaugurated &#8211; the celebration was more popular than ever!<\/p>\n","protected":false},"author":31,"featured_media":243646,"comment_status":"closed","ping_status":"open","sticky":false,"template":"","format":"standard","meta":{"newspack_ads_suppress_ads":false,"newspack_popups_has_disabled_popups":false,"newspack_sponsor_sponsorship_scope":"","newspack_sponsor_native_byline_display":"inherit","newspack_sponsor_native_category_display":"inherit","newspack_sponsor_underwriter_style":"inherit","newspack_sponsor_underwriter_placement":"inherit","_newspack_byline_active":false,"_newspack_byline":"","newspack_hide_updated_date":false,"newspack_show_updated_date":false,"newspack_content_restriction_is_exempt":false,"newspack_featured_image_position":"","newspack_post_subtitle":"","newspack_article_summary_title":"Overview:","newspack_article_summary":"","_jetpack_memberships_contains_paid_content":false,"footnotes":"","jetpack_publicize_message":"","jetpack_publicize_feature_enabled":true,"jetpack_social_post_already_shared":false,"jetpack_social_options":{"image_generator_settings":{"template":"highway","default_image_id":0,"font":"","enabled":false},"version":2},"_wpas_customize_per_network":false},"categories":[56,45,2522,2524,14625,14627],"tags":[3575,1228,964],"newspack_spnsrs_tax":[],"class_list":["post-320466","post","type-post","status-publish","format-standard","has-post-thumbnail","hentry","category-altos-de-chavon","category-art-and-culture","category-eventos-es","category-destacados","category-noticias-locales","category-proximamente","tag-altos-de-chavon-es-2","tag-art-exhibit","tag-art-gallery-altos-de-chavon","entry"],"yoast_head":"<!-- This site is optimized with the Yoast SEO plugin v27.5 - https:\/\/yoast.com\/product\/yoast-seo-wordpress\/ -->\n<title>Celebrating the Inauguration of new Art Exhibit &quot;Artistas Cubanos&quot; en Altos de Chav\u00f3n! | Casa de Campo Living<\/title>\n<meta name=\"description\" content=\"It&#039;s been a while since we celebrated the opening of a new art exhibit in Altos de Chav\u00f3n, so when last Thursday the 8th of September art exhibit\" \/>\n<meta name=\"robots\" content=\"index, follow, max-snippet:-1, max-image-preview:large, max-video-preview:-1\" \/>\n<link rel=\"canonical\" href=\"https:\/\/casadecampoliving.com\/es\/celebrating-the-inauguration-of-new-art-exhibit-artistas-cubanos-en-altos-de-chavon\/\" \/>\n<meta property=\"og:locale\" content=\"es_ES\" \/>\n<meta property=\"og:type\" content=\"article\" \/>\n<meta property=\"og:title\" content=\"Celebrating the Inauguration of new Art Exhibit &quot;Artistas Cubanos&quot; en Altos de Chav\u00f3n! | Casa de Campo Living\" \/>\n<meta property=\"og:description\" content=\"It&#039;s been a while since we celebrated the opening of a new art exhibit in Altos de Chav\u00f3n, so when last Thursday the 8th of September art exhibit\" \/>\n<meta property=\"og:url\" content=\"https:\/\/casadecampoliving.com\/es\/celebrating-the-inauguration-of-new-art-exhibit-artistas-cubanos-en-altos-de-chavon\/\" \/>\n<meta property=\"og:site_name\" content=\"Casa de Campo Living\" \/>\n<meta property=\"article:publisher\" content=\"https:\/\/www.facebook.com\/casadecampoliving\" \/>\n<meta property=\"article:published_time\" content=\"2011-09-15T04:00:00+00:00\" \/>\n<meta property=\"article:modified_time\" content=\"2022-11-10T14:47:08+00:00\" \/>\n<meta property=\"og:image\" content=\"https:\/\/i0.wp.com\/casadecampoliving.com\/wp-content\/uploads\/2022\/10\/art_altos_de_chavon-4.jpg?fit=565%2C351&ssl=1\" \/>\n\t<meta property=\"og:image:width\" content=\"565\" \/>\n\t<meta property=\"og:image:height\" content=\"351\" \/>\n\t<meta property=\"og:image:type\" content=\"image\/jpeg\" \/>\n<meta name=\"author\" content=\"Rebecca Silvestri\" \/>\n<meta name=\"twitter:card\" content=\"summary_large_image\" \/>\n<meta name=\"twitter:creator\" content=\"@cdcliving\" \/>\n<meta name=\"twitter:site\" content=\"@cdcliving\" \/>\n<meta name=\"twitter:label1\" content=\"Escrito por\" \/>\n\t<meta name=\"twitter:data1\" content=\"Rebecca Silvestri\" \/>\n\t<meta name=\"twitter:label2\" content=\"Tiempo de lectura\" \/>\n\t<meta name=\"twitter:data2\" content=\"1 minuto\" \/>\n<script type=\"application\/ld+json\" class=\"yoast-schema-graph\">{\"@context\":\"https:\\\/\\\/schema.org\",\"@graph\":[{\"@type\":\"Article\",\"@id\":\"https:\\\/\\\/casadecampoliving.com\\\/es\\\/celebrating-the-inauguration-of-new-art-exhibit-artistas-cubanos-en-altos-de-chavon\\\/#article\",\"isPartOf\":{\"@id\":\"https:\\\/\\\/casadecampoliving.com\\\/es\\\/celebrating-the-inauguration-of-new-art-exhibit-artistas-cubanos-en-altos-de-chavon\\\/\"},\"author\":{\"name\":\"Rebecca Silvestri\",\"@id\":\"https:\\\/\\\/casadecampoliving.com\\\/es\\\/#\\\/schema\\\/person\\\/2b2208f3175fa8761e25b272e096d718\"},\"headline\":\"Celebrating the Inauguration of new Art Exhibit \u00abArtistas Cubanos\u00bb en Altos de Chav\u00f3n!\",\"datePublished\":\"2011-09-15T04:00:00+00:00\",\"dateModified\":\"2022-11-10T14:47:08+00:00\",\"mainEntityOfPage\":{\"@id\":\"https:\\\/\\\/casadecampoliving.com\\\/es\\\/celebrating-the-inauguration-of-new-art-exhibit-artistas-cubanos-en-altos-de-chavon\\\/\"},\"wordCount\":295,\"publisher\":{\"@id\":\"https:\\\/\\\/casadecampoliving.com\\\/es\\\/#organization\"},\"image\":{\"@id\":\"https:\\\/\\\/casadecampoliving.com\\\/es\\\/celebrating-the-inauguration-of-new-art-exhibit-artistas-cubanos-en-altos-de-chavon\\\/#primaryimage\"},\"thumbnailUrl\":\"https:\\\/\\\/i0.wp.com\\\/casadecampoliving.com\\\/wp-content\\\/uploads\\\/2022\\\/10\\\/art_altos_de_chavon-4.jpg?fit=565%2C351&ssl=1\",\"keywords\":[\"Altos de Chavon -es\",\"art exhibit\",\"art gallery altos de chavon\"],\"articleSection\":[\"Altos de Chavon\",\"Art and Culture\",\"Eventos\",\"Destacados\",\"Noticias Locales\",\"Proximamente\"],\"inLanguage\":\"es\"},{\"@type\":\"WebPage\",\"@id\":\"https:\\\/\\\/casadecampoliving.com\\\/es\\\/celebrating-the-inauguration-of-new-art-exhibit-artistas-cubanos-en-altos-de-chavon\\\/\",\"url\":\"https:\\\/\\\/casadecampoliving.com\\\/es\\\/celebrating-the-inauguration-of-new-art-exhibit-artistas-cubanos-en-altos-de-chavon\\\/\",\"name\":\"Celebrating the Inauguration of new Art Exhibit \\\"Artistas Cubanos\\\" en Altos de Chav\u00f3n! | Casa de Campo Living\",\"isPartOf\":{\"@id\":\"https:\\\/\\\/casadecampoliving.com\\\/es\\\/#website\"},\"primaryImageOfPage\":{\"@id\":\"https:\\\/\\\/casadecampoliving.com\\\/es\\\/celebrating-the-inauguration-of-new-art-exhibit-artistas-cubanos-en-altos-de-chavon\\\/#primaryimage\"},\"image\":{\"@id\":\"https:\\\/\\\/casadecampoliving.com\\\/es\\\/celebrating-the-inauguration-of-new-art-exhibit-artistas-cubanos-en-altos-de-chavon\\\/#primaryimage\"},\"thumbnailUrl\":\"https:\\\/\\\/i0.wp.com\\\/casadecampoliving.com\\\/wp-content\\\/uploads\\\/2022\\\/10\\\/art_altos_de_chavon-4.jpg?fit=565%2C351&ssl=1\",\"datePublished\":\"2011-09-15T04:00:00+00:00\",\"dateModified\":\"2022-11-10T14:47:08+00:00\",\"description\":\"It's been a while since we celebrated the opening of a new art exhibit in Altos de Chav\u00f3n, so when last Thursday the 8th of September art exhibit\",\"breadcrumb\":{\"@id\":\"https:\\\/\\\/casadecampoliving.com\\\/es\\\/celebrating-the-inauguration-of-new-art-exhibit-artistas-cubanos-en-altos-de-chavon\\\/#breadcrumb\"},\"inLanguage\":\"es\",\"potentialAction\":[{\"@type\":\"ReadAction\",\"target\":[\"https:\\\/\\\/casadecampoliving.com\\\/es\\\/celebrating-the-inauguration-of-new-art-exhibit-artistas-cubanos-en-altos-de-chavon\\\/\"]}]},{\"@type\":\"ImageObject\",\"inLanguage\":\"es\",\"@id\":\"https:\\\/\\\/casadecampoliving.com\\\/es\\\/celebrating-the-inauguration-of-new-art-exhibit-artistas-cubanos-en-altos-de-chavon\\\/#primaryimage\",\"url\":\"https:\\\/\\\/i0.wp.com\\\/casadecampoliving.com\\\/wp-content\\\/uploads\\\/2022\\\/10\\\/art_altos_de_chavon-4.jpg?fit=565%2C351&ssl=1\",\"contentUrl\":\"https:\\\/\\\/i0.wp.com\\\/casadecampoliving.com\\\/wp-content\\\/uploads\\\/2022\\\/10\\\/art_altos_de_chavon-4.jpg?fit=565%2C351&ssl=1\",\"width\":565,\"height\":351,\"caption\":\"art altos de chavon\"},{\"@type\":\"BreadcrumbList\",\"@id\":\"https:\\\/\\\/casadecampoliving.com\\\/es\\\/celebrating-the-inauguration-of-new-art-exhibit-artistas-cubanos-en-altos-de-chavon\\\/#breadcrumb\",\"itemListElement\":[{\"@type\":\"ListItem\",\"position\":1,\"name\":\"Home\",\"item\":\"https:\\\/\\\/casadecampoliving.com\\\/es\\\/\"},{\"@type\":\"ListItem\",\"position\":2,\"name\":\"Celebrating the Inauguration of new Art Exhibit &#8220;Artistas Cubanos&#8221; en Altos de Chav\u00f3n!\"}]},{\"@type\":\"WebSite\",\"@id\":\"https:\\\/\\\/casadecampoliving.com\\\/es\\\/#website\",\"url\":\"https:\\\/\\\/casadecampoliving.com\\\/es\\\/\",\"name\":\"Casa de Campo Living\",\"description\":\"Resort community news and resources.\",\"publisher\":{\"@id\":\"https:\\\/\\\/casadecampoliving.com\\\/es\\\/#organization\"},\"potentialAction\":[{\"@type\":\"SearchAction\",\"target\":{\"@type\":\"EntryPoint\",\"urlTemplate\":\"https:\\\/\\\/casadecampoliving.com\\\/es\\\/?s={search_term_string}\"},\"query-input\":{\"@type\":\"PropertyValueSpecification\",\"valueRequired\":true,\"valueName\":\"search_term_string\"}}],\"inLanguage\":\"es\"},{\"@type\":\"Organization\",\"@id\":\"https:\\\/\\\/casadecampoliving.com\\\/es\\\/#organization\",\"name\":\"Casa de Campo Living\",\"url\":\"https:\\\/\\\/casadecampoliving.com\\\/es\\\/\",\"logo\":{\"@type\":\"ImageObject\",\"inLanguage\":\"es\",\"@id\":\"https:\\\/\\\/casadecampoliving.com\\\/es\\\/#\\\/schema\\\/logo\\\/image\\\/\",\"url\":\"https:\\\/\\\/i0.wp.com\\\/casadecampoliving.com\\\/wp-content\\\/uploads\\\/2022\\\/07\\\/CDCLivingLogo_V1-white-sized.png?fit=800%2C214&ssl=1\",\"contentUrl\":\"https:\\\/\\\/i0.wp.com\\\/casadecampoliving.com\\\/wp-content\\\/uploads\\\/2022\\\/07\\\/CDCLivingLogo_V1-white-sized.png?fit=800%2C214&ssl=1\",\"width\":800,\"height\":214,\"caption\":\"Casa de Campo Living\"},\"image\":{\"@id\":\"https:\\\/\\\/casadecampoliving.com\\\/es\\\/#\\\/schema\\\/logo\\\/image\\\/\"},\"sameAs\":[\"https:\\\/\\\/www.facebook.com\\\/casadecampoliving\",\"https:\\\/\\\/x.com\\\/cdcliving\"]},{\"@type\":\"Person\",\"@id\":\"https:\\\/\\\/casadecampoliving.com\\\/es\\\/#\\\/schema\\\/person\\\/2b2208f3175fa8761e25b272e096d718\",\"name\":\"Rebecca Silvestri\",\"image\":{\"@type\":\"ImageObject\",\"inLanguage\":\"es\",\"@id\":\"https:\\\/\\\/secure.gravatar.com\\\/avatar\\\/2d937fd6c1769fb718dbf8dce9e82bf5f89e97bd028f9b3ea10b931dc7df95c6?s=96&d=mm&r=g\",\"url\":\"https:\\\/\\\/secure.gravatar.com\\\/avatar\\\/2d937fd6c1769fb718dbf8dce9e82bf5f89e97bd028f9b3ea10b931dc7df95c6?s=96&d=mm&r=g\",\"contentUrl\":\"https:\\\/\\\/secure.gravatar.com\\\/avatar\\\/2d937fd6c1769fb718dbf8dce9e82bf5f89e97bd028f9b3ea10b931dc7df95c6?s=96&d=mm&r=g\",\"caption\":\"Rebecca Silvestri\"},\"url\":\"https:\\\/\\\/casadecampoliving.com\\\/es\\\/author\\\/madamehuge\\\/\"}]}<\/script>\n<!-- \/ Yoast SEO plugin. -->","yoast_head_json":{"title":"Celebrating the Inauguration of new Art Exhibit \"Artistas Cubanos\" en Altos de Chav\u00f3n! | Casa de Campo Living","description":"It's been a while since we celebrated the opening of a new art exhibit in Altos de Chav\u00f3n, so when last Thursday the 8th of September art exhibit","robots":{"index":"index","follow":"follow","max-snippet":"max-snippet:-1","max-image-preview":"max-image-preview:large","max-video-preview":"max-video-preview:-1"},"canonical":"https:\/\/casadecampoliving.com\/es\/celebrating-the-inauguration-of-new-art-exhibit-artistas-cubanos-en-altos-de-chavon\/","og_locale":"es_ES","og_type":"article","og_title":"Celebrating the Inauguration of new Art Exhibit \"Artistas Cubanos\" en Altos de Chav\u00f3n! | Casa de Campo Living","og_description":"It's been a while since we celebrated the opening of a new art exhibit in Altos de Chav\u00f3n, so when last Thursday the 8th of September art exhibit","og_url":"https:\/\/casadecampoliving.com\/es\/celebrating-the-inauguration-of-new-art-exhibit-artistas-cubanos-en-altos-de-chavon\/","og_site_name":"Casa de Campo Living","article_publisher":"https:\/\/www.facebook.com\/casadecampoliving","article_published_time":"2011-09-15T04:00:00+00:00","article_modified_time":"2022-11-10T14:47:08+00:00","og_image":[{"width":565,"height":351,"url":"https:\/\/i0.wp.com\/casadecampoliving.com\/wp-content\/uploads\/2022\/10\/art_altos_de_chavon-4.jpg?fit=565%2C351&ssl=1","type":"image\/jpeg"}],"author":"Rebecca Silvestri","twitter_card":"summary_large_image","twitter_creator":"@cdcliving","twitter_site":"@cdcliving","twitter_misc":{"Escrito por":"Rebecca Silvestri","Tiempo de lectura":"1 minuto"},"schema":{"@context":"https:\/\/schema.org","@graph":[{"@type":"Article","@id":"https:\/\/casadecampoliving.com\/es\/celebrating-the-inauguration-of-new-art-exhibit-artistas-cubanos-en-altos-de-chavon\/#article","isPartOf":{"@id":"https:\/\/casadecampoliving.com\/es\/celebrating-the-inauguration-of-new-art-exhibit-artistas-cubanos-en-altos-de-chavon\/"},"author":{"name":"Rebecca Silvestri","@id":"https:\/\/casadecampoliving.com\/es\/#\/schema\/person\/2b2208f3175fa8761e25b272e096d718"},"headline":"Celebrating the Inauguration of new Art Exhibit \u00abArtistas Cubanos\u00bb en Altos de Chav\u00f3n!","datePublished":"2011-09-15T04:00:00+00:00","dateModified":"2022-11-10T14:47:08+00:00","mainEntityOfPage":{"@id":"https:\/\/casadecampoliving.com\/es\/celebrating-the-inauguration-of-new-art-exhibit-artistas-cubanos-en-altos-de-chavon\/"},"wordCount":295,"publisher":{"@id":"https:\/\/casadecampoliving.com\/es\/#organization"},"image":{"@id":"https:\/\/casadecampoliving.com\/es\/celebrating-the-inauguration-of-new-art-exhibit-artistas-cubanos-en-altos-de-chavon\/#primaryimage"},"thumbnailUrl":"https:\/\/i0.wp.com\/casadecampoliving.com\/wp-content\/uploads\/2022\/10\/art_altos_de_chavon-4.jpg?fit=565%2C351&ssl=1","keywords":["Altos de Chavon -es","art exhibit","art gallery altos de chavon"],"articleSection":["Altos de Chavon","Art and Culture","Eventos","Destacados","Noticias Locales","Proximamente"],"inLanguage":"es"},{"@type":"WebPage","@id":"https:\/\/casadecampoliving.com\/es\/celebrating-the-inauguration-of-new-art-exhibit-artistas-cubanos-en-altos-de-chavon\/","url":"https:\/\/casadecampoliving.com\/es\/celebrating-the-inauguration-of-new-art-exhibit-artistas-cubanos-en-altos-de-chavon\/","name":"Celebrating the Inauguration of new Art Exhibit \"Artistas Cubanos\" en Altos de Chav\u00f3n! | Casa de Campo Living","isPartOf":{"@id":"https:\/\/casadecampoliving.com\/es\/#website"},"primaryImageOfPage":{"@id":"https:\/\/casadecampoliving.com\/es\/celebrating-the-inauguration-of-new-art-exhibit-artistas-cubanos-en-altos-de-chavon\/#primaryimage"},"image":{"@id":"https:\/\/casadecampoliving.com\/es\/celebrating-the-inauguration-of-new-art-exhibit-artistas-cubanos-en-altos-de-chavon\/#primaryimage"},"thumbnailUrl":"https:\/\/i0.wp.com\/casadecampoliving.com\/wp-content\/uploads\/2022\/10\/art_altos_de_chavon-4.jpg?fit=565%2C351&ssl=1","datePublished":"2011-09-15T04:00:00+00:00","dateModified":"2022-11-10T14:47:08+00:00","description":"It's been a while since we celebrated the opening of a new art exhibit in Altos de Chav\u00f3n, so when last Thursday the 8th of September art exhibit","breadcrumb":{"@id":"https:\/\/casadecampoliving.com\/es\/celebrating-the-inauguration-of-new-art-exhibit-artistas-cubanos-en-altos-de-chavon\/#breadcrumb"},"inLanguage":"es","potentialAction":[{"@type":"ReadAction","target":["https:\/\/casadecampoliving.com\/es\/celebrating-the-inauguration-of-new-art-exhibit-artistas-cubanos-en-altos-de-chavon\/"]}]},{"@type":"ImageObject","inLanguage":"es","@id":"https:\/\/casadecampoliving.com\/es\/celebrating-the-inauguration-of-new-art-exhibit-artistas-cubanos-en-altos-de-chavon\/#primaryimage","url":"https:\/\/i0.wp.com\/casadecampoliving.com\/wp-content\/uploads\/2022\/10\/art_altos_de_chavon-4.jpg?fit=565%2C351&ssl=1","contentUrl":"https:\/\/i0.wp.com\/casadecampoliving.com\/wp-content\/uploads\/2022\/10\/art_altos_de_chavon-4.jpg?fit=565%2C351&ssl=1","width":565,"height":351,"caption":"art altos de chavon"},{"@type":"BreadcrumbList","@id":"https:\/\/casadecampoliving.com\/es\/celebrating-the-inauguration-of-new-art-exhibit-artistas-cubanos-en-altos-de-chavon\/#breadcrumb","itemListElement":[{"@type":"ListItem","position":1,"name":"Home","item":"https:\/\/casadecampoliving.com\/es\/"},{"@type":"ListItem","position":2,"name":"Celebrating the Inauguration of new Art Exhibit &#8220;Artistas Cubanos&#8221; en Altos de Chav\u00f3n!"}]},{"@type":"WebSite","@id":"https:\/\/casadecampoliving.com\/es\/#website","url":"https:\/\/casadecampoliving.com\/es\/","name":"Casa de Campo Living","description":"Resort community news and resources.","publisher":{"@id":"https:\/\/casadecampoliving.com\/es\/#organization"},"potentialAction":[{"@type":"SearchAction","target":{"@type":"EntryPoint","urlTemplate":"https:\/\/casadecampoliving.com\/es\/?s={search_term_string}"},"query-input":{"@type":"PropertyValueSpecification","valueRequired":true,"valueName":"search_term_string"}}],"inLanguage":"es"},{"@type":"Organization","@id":"https:\/\/casadecampoliving.com\/es\/#organization","name":"Casa de Campo Living","url":"https:\/\/casadecampoliving.com\/es\/","logo":{"@type":"ImageObject","inLanguage":"es","@id":"https:\/\/casadecampoliving.com\/es\/#\/schema\/logo\/image\/","url":"https:\/\/i0.wp.com\/casadecampoliving.com\/wp-content\/uploads\/2022\/07\/CDCLivingLogo_V1-white-sized.png?fit=800%2C214&ssl=1","contentUrl":"https:\/\/i0.wp.com\/casadecampoliving.com\/wp-content\/uploads\/2022\/07\/CDCLivingLogo_V1-white-sized.png?fit=800%2C214&ssl=1","width":800,"height":214,"caption":"Casa de Campo Living"},"image":{"@id":"https:\/\/casadecampoliving.com\/es\/#\/schema\/logo\/image\/"},"sameAs":["https:\/\/www.facebook.com\/casadecampoliving","https:\/\/x.com\/cdcliving"]},{"@type":"Person","@id":"https:\/\/casadecampoliving.com\/es\/#\/schema\/person\/2b2208f3175fa8761e25b272e096d718","name":"Rebecca Silvestri","image":{"@type":"ImageObject","inLanguage":"es","@id":"https:\/\/secure.gravatar.com\/avatar\/2d937fd6c1769fb718dbf8dce9e82bf5f89e97bd028f9b3ea10b931dc7df95c6?s=96&d=mm&r=g","url":"https:\/\/secure.gravatar.com\/avatar\/2d937fd6c1769fb718dbf8dce9e82bf5f89e97bd028f9b3ea10b931dc7df95c6?s=96&d=mm&r=g","contentUrl":"https:\/\/secure.gravatar.com\/avatar\/2d937fd6c1769fb718dbf8dce9e82bf5f89e97bd028f9b3ea10b931dc7df95c6?s=96&d=mm&r=g","caption":"Rebecca Silvestri"},"url":"https:\/\/casadecampoliving.com\/es\/author\/madamehuge\/"}]}},"parsely":{"version":"1.1.0","canonical_url":"https:\/\/casadecampoliving.com\/es\/celebrating-the-inauguration-of-new-art-exhibit-artistas-cubanos-en-altos-de-chavon\/","smart_links":{"inbound":0,"outbound":0},"traffic_boost_suggestions_count":0,"meta":{"@context":"https:\/\/schema.org","@type":"NewsArticle","headline":"Celebrating the Inauguration of new Art Exhibit \u00abArtistas Cubanos\u00bb en Altos de Chav\u00f3n!","url":"http:\/\/casadecampoliving.com\/es\/celebrating-the-inauguration-of-new-art-exhibit-artistas-cubanos-en-altos-de-chavon\/","mainEntityOfPage":{"@type":"WebPage","@id":"http:\/\/casadecampoliving.com\/es\/celebrating-the-inauguration-of-new-art-exhibit-artistas-cubanos-en-altos-de-chavon\/"},"thumbnailUrl":"https:\/\/i0.wp.com\/casadecampoliving.com\/wp-content\/uploads\/2022\/10\/art_altos_de_chavon-4.jpg?resize=150%2C150&ssl=1","image":{"@type":"ImageObject","url":"https:\/\/i0.wp.com\/casadecampoliving.com\/wp-content\/uploads\/2022\/10\/art_altos_de_chavon-4.jpg?fit=565%2C351&ssl=1"},"articleSection":"Altos de Chavon","author":[{"@type":"Person","name":"Rebecca Silvestri"}],"creator":["Rebecca Silvestri"],"publisher":{"@type":"Organization","name":"Casa de Campo Living","logo":"https:\/\/casadecampoliving.com\/wp-content\/uploads\/2022\/07\/CDCLivingLogo_V1-white-sized.png"},"keywords":["altos de chavon -es","art exhibit","art gallery altos de chavon"],"dateCreated":"2011-09-15T04:00:00Z","datePublished":"2011-09-15T04:00:00Z","dateModified":"2022-11-10T14:47:08Z"},"rendered":"<script type=\"application\/ld+json\" class=\"wp-parsely-metadata\">{\"@context\":\"https:\\\/\\\/schema.org\",\"@type\":\"NewsArticle\",\"headline\":\"Celebrating the Inauguration of new Art Exhibit \\u00abArtistas Cubanos\\u00bb en Altos de Chav\\u00f3n!\",\"url\":\"http:\\\/\\\/casadecampoliving.com\\\/es\\\/celebrating-the-inauguration-of-new-art-exhibit-artistas-cubanos-en-altos-de-chavon\\\/\",\"mainEntityOfPage\":{\"@type\":\"WebPage\",\"@id\":\"http:\\\/\\\/casadecampoliving.com\\\/es\\\/celebrating-the-inauguration-of-new-art-exhibit-artistas-cubanos-en-altos-de-chavon\\\/\"},\"thumbnailUrl\":\"https:\\\/\\\/i0.wp.com\\\/casadecampoliving.com\\\/wp-content\\\/uploads\\\/2022\\\/10\\\/art_altos_de_chavon-4.jpg?resize=150%2C150&ssl=1\",\"image\":{\"@type\":\"ImageObject\",\"url\":\"https:\\\/\\\/i0.wp.com\\\/casadecampoliving.com\\\/wp-content\\\/uploads\\\/2022\\\/10\\\/art_altos_de_chavon-4.jpg?fit=565%2C351&ssl=1\"},\"articleSection\":\"Altos de Chavon\",\"author\":[{\"@type\":\"Person\",\"name\":\"Rebecca Silvestri\"}],\"creator\":[\"Rebecca Silvestri\"],\"publisher\":{\"@type\":\"Organization\",\"name\":\"Casa de Campo Living\",\"logo\":\"https:\\\/\\\/casadecampoliving.com\\\/wp-content\\\/uploads\\\/2022\\\/07\\\/CDCLivingLogo_V1-white-sized.png\"},\"keywords\":[\"altos de chavon -es\",\"art exhibit\",\"art gallery altos de chavon\"],\"dateCreated\":\"2011-09-15T04:00:00Z\",\"datePublished\":\"2011-09-15T04:00:00Z\",\"dateModified\":\"2022-11-10T14:47:08Z\"}<\/script>","tracker_url":"https:\/\/cdn.parsely.com\/keys\/casadecampoliving.com\/p.js"},"jetpack_publicize_connections":[],"jetpack_featured_media_url":"https:\/\/i0.wp.com\/casadecampoliving.com\/wp-content\/uploads\/2022\/10\/art_altos_de_chavon-4.jpg?fit=565%2C351&ssl=1","jetpack-related-posts":[{"id":433460,"url":"https:\/\/casadecampoliving.com\/es\/no-se-pierdan-el-increible-tributo-a-frank-sinatra-para-celebrar-el-40-aniversario-del-anfiteatro-altos-de-chavon\/","url_meta":{"origin":320466,"position":0},"title":"No se pierdan el incre\u00edble tributo a Frank Sinatra para celebrar el 40 aniversario del\u00a0Anfiteatro Altos de Chav\u00f3n","author":"Casa de Campo Living","date":"20 Oct, 2022","format":false,"excerpt":"Siendo uno de los escenarios m\u00e1s emblem\u00e1ticos del pa\u00eds, Casa de Campo Resort\u00ae & Villas celebra las cuatro d\u00e9cadas de aniversario de Altos de Chav\u00f3n con un tributo al gran Frank Sinatra, protagonizado por artistas invitados y una big band tal cual la que acompa\u00f1\u00f3 al artista hace 40 a\u00f1os\u2026","rel":"","context":"En \u00abUncategorized @es\u00bb","block_context":{"text":"Uncategorized @es","link":"https:\/\/casadecampoliving.com\/es\/category\/uncategorized-es\/"},"img":{"alt_text":"","src":"https:\/\/i0.wp.com\/casadecampoliving.com\/wp-content\/uploads\/2022\/10\/Tributo-Frank-Sinatra-Foto-Principal-Amaury-Sanchez-Danilo-Ginebra-Andres-Pichardo-y-Jose-Gabriel-Perez-.jpg?fit=1200%2C873&ssl=1&resize=350%2C200","width":350,"height":200,"srcset":"https:\/\/i0.wp.com\/casadecampoliving.com\/wp-content\/uploads\/2022\/10\/Tributo-Frank-Sinatra-Foto-Principal-Amaury-Sanchez-Danilo-Ginebra-Andres-Pichardo-y-Jose-Gabriel-Perez-.jpg?fit=1200%2C873&ssl=1&resize=350%2C200 1x, https:\/\/i0.wp.com\/casadecampoliving.com\/wp-content\/uploads\/2022\/10\/Tributo-Frank-Sinatra-Foto-Principal-Amaury-Sanchez-Danilo-Ginebra-Andres-Pichardo-y-Jose-Gabriel-Perez-.jpg?fit=1200%2C873&ssl=1&resize=525%2C300 1.5x, https:\/\/i0.wp.com\/casadecampoliving.com\/wp-content\/uploads\/2022\/10\/Tributo-Frank-Sinatra-Foto-Principal-Amaury-Sanchez-Danilo-Ginebra-Andres-Pichardo-y-Jose-Gabriel-Perez-.jpg?fit=1200%2C873&ssl=1&resize=700%2C400 2x, https:\/\/i0.wp.com\/casadecampoliving.com\/wp-content\/uploads\/2022\/10\/Tributo-Frank-Sinatra-Foto-Principal-Amaury-Sanchez-Danilo-Ginebra-Andres-Pichardo-y-Jose-Gabriel-Perez-.jpg?fit=1200%2C873&ssl=1&resize=1050%2C600 3x"},"classes":[]},{"id":320385,"url":"https:\/\/casadecampoliving.com\/es\/art-exhibit-artistas-cubanos-opens-sept-8\/","url_meta":{"origin":320466,"position":1},"title":"Art Exhibit: \u00abArtistas Cubanos\u00bb opens Sept 8","author":"Rebecca Silvestri","date":"31 Ago, 2011","format":false,"excerpt":"On Thursday the 8th of September, the Altos de Chav\u00f3n art gallery will be inaugurating it\u2019s new art gallery exhibition \u2018Artistas Cubanos en Chav\u00f3n\u2019 and you are cordially invited to enjoy the celebration! Para leer este informaci\u00f3n en ESPA\u00d1OL, haga click aqu\u00ed! The inauguration cocktail for the new exhibit will\u2026","rel":"","context":"En \u00abAltos de Chavon\u00bb","block_context":{"text":"Altos de Chavon","link":"https:\/\/casadecampoliving.com\/category\/altos-de-chavon\/"},"img":{"alt_text":"","src":"https:\/\/i0.wp.com\/casadecampoliving.com\/wp-content\/uploads\/2022\/10\/art_exihibit_altos_de_chavon_casa_de_campo-1.jpg?fit=565%2C280&ssl=1&resize=350%2C200","width":350,"height":200,"srcset":"https:\/\/i0.wp.com\/casadecampoliving.com\/wp-content\/uploads\/2022\/10\/art_exihibit_altos_de_chavon_casa_de_campo-1.jpg?fit=565%2C280&ssl=1&resize=350%2C200 1x, https:\/\/i0.wp.com\/casadecampoliving.com\/wp-content\/uploads\/2022\/10\/art_exihibit_altos_de_chavon_casa_de_campo-1.jpg?fit=565%2C280&ssl=1&resize=525%2C300 1.5x"},"classes":[]},{"id":321884,"url":"https:\/\/casadecampoliving.com\/guided-tour-of-art-exhibit-artistas-en-residencia-2012-wednesday-december-12th\/","url_meta":{"origin":320466,"position":2},"title":"Guided tour of art exhibit \u00abArtistas en Residencia 2012\u00bb &#8211; Wednesday December 12th","author":"Rebecca Silvestri","date":"11 Dic, 2012","format":false,"excerpt":"Tomorrow Wednesday the 12th of December, the Altos de Chav\u00f3n Art Gallery invites you on a guided tour of the art exhibit \u201cArtistas en Residencia 2012\u201d.\u00a0 The exhibit,\u00a0\u201cArtistas en Residencia 2012\u201d presented by\u00a0Irene Rodriguez and Diego Cirulli, both part of the Artist in Residence program offered by the Altos de\u2026","rel":"","context":"En \u00abAltos de Chavon\u00bb","block_context":{"text":"Altos de Chavon","link":"https:\/\/casadecampoliving.com\/category\/altos-de-chavon\/"},"img":{"alt_text":"arte altos de chavon","src":"https:\/\/i0.wp.com\/casadecampoliving.com\/wp-content\/uploads\/2022\/10\/arte_altos_de_chavon1-3.jpg?fit=650%2C294&ssl=1&resize=350%2C200","width":350,"height":200,"srcset":"https:\/\/i0.wp.com\/casadecampoliving.com\/wp-content\/uploads\/2022\/10\/arte_altos_de_chavon1-3.jpg?fit=650%2C294&ssl=1&resize=350%2C200 1x, https:\/\/i0.wp.com\/casadecampoliving.com\/wp-content\/uploads\/2022\/10\/arte_altos_de_chavon1-3.jpg?fit=650%2C294&ssl=1&resize=525%2C300 1.5x"},"classes":[]},{"id":321793,"url":"https:\/\/casadecampoliving.com\/inauguration-of-new-art-exhibit-artistas-en-residencia-opens-this-thursday-nov-15th\/","url_meta":{"origin":320466,"position":3},"title":"Inauguration of new art exhibit \u00abArtistas en Residencia\u00bb opens this Thursday Nov. 15th","author":"Rebecca Silvestri","date":"13 Nov, 2012","format":false,"excerpt":"This Thursday the 15th of November, new art exhibit \u2018Artistas en Residencia\u2019 will be officially inaugurated in the Altos de Chav\u00f3n art gallery and celebrated with an opening cocktail \u2013 to which you are cordially invited!\u00a0 On this occasion the new art exhibit \u201cArtistas en Residencia\u201d is being presented by\u2026","rel":"","context":"En \u00abAltos de Chavon\u00bb","block_context":{"text":"Altos de Chavon","link":"https:\/\/casadecampoliving.com\/category\/altos-de-chavon\/"},"img":{"alt_text":"altos de chavon","src":"https:\/\/i0.wp.com\/casadecampoliving.com\/wp-content\/uploads\/2022\/10\/altos_de_chavon-8.jpg?fit=650%2C647&ssl=1&resize=350%2C200","width":350,"height":200,"srcset":"https:\/\/i0.wp.com\/casadecampoliving.com\/wp-content\/uploads\/2022\/10\/altos_de_chavon-8.jpg?fit=650%2C647&ssl=1&resize=350%2C200 1x, https:\/\/i0.wp.com\/casadecampoliving.com\/wp-content\/uploads\/2022\/10\/altos_de_chavon-8.jpg?fit=650%2C647&ssl=1&resize=525%2C300 1.5x"},"classes":[]},{"id":320483,"url":"https:\/\/casadecampoliving.com\/es\/this-week-in-casa-de-campo-19th-25th-of-september\/","url_meta":{"origin":320466,"position":4},"title":"This Week in Casa de Campo: 19th &#8211; 25th of September","author":"Rebecca Silvestri","date":"19 Sep, 2011","format":false,"excerpt":"This week in Casa de Campo is thus far not looking all that thrilling\u2026.with the exception of the \u201cTaiwan Acrobatics Show\u201d on Saturday at the Altos de Chav\u00f3n amphitheater \u2013 which looks very interesting! These events, activities and specials apply to:Monday Sept 19th \u2013 Sunday Sept 25th Click here to\u2026","rel":"","context":"En \u00abAltos de Chavon\u00bb","block_context":{"text":"Altos de Chavon","link":"https:\/\/casadecampoliving.com\/category\/altos-de-chavon\/"},"img":{"alt_text":"","src":"https:\/\/i0.wp.com\/casadecampoliving.com\/wp-content\/uploads\/2022\/10\/casa_de_campo_week-1.jpg?fit=550%2C200&ssl=1&resize=350%2C200","width":350,"height":200,"srcset":"https:\/\/i0.wp.com\/casadecampoliving.com\/wp-content\/uploads\/2022\/10\/casa_de_campo_week-1.jpg?fit=550%2C200&ssl=1&resize=350%2C200 1x, https:\/\/i0.wp.com\/casadecampoliving.com\/wp-content\/uploads\/2022\/10\/casa_de_campo_week-1.jpg?fit=550%2C200&ssl=1&resize=525%2C300 1.5x"},"classes":[]},{"id":320182,"url":"https:\/\/casadecampoliving.com\/es\/exposicion-de-arte-latinoamericano-2011-opens-june-23rd\/","url_meta":{"origin":320466,"position":5},"title":"&#8216;Exposici\u00f3n de Arte Latinoamericano 2011&#8217; opens June 23rd","author":"Rebecca Silvestri","date":"17 Jun, 2011","format":false,"excerpt":"Next Thursday the 23rd of June the Altos de Chav\u00f3n art gallery will be inaugurating it\u2019s latest art gallery exhibition \u2018Exposici\u00f3n de Arte Latinoamericano 2011\u2019 and you are cordially invited to enjoy the celebration!\u00a0(En Espa\u00f1ol debajo.) The inauguration cocktail for the new exhibit will take place at 7:30pm at the\u2026","rel":"","context":"En \u00abAltos de Chavon\u00bb","block_context":{"text":"Altos de Chavon","link":"https:\/\/casadecampoliving.com\/category\/altos-de-chavon\/"},"img":{"alt_text":"","src":"https:\/\/i0.wp.com\/casadecampoliving.com\/wp-content\/uploads\/2022\/10\/casadecampo_altosdechavon_art_exhibit2-1.jpg?fit=565%2C210&ssl=1&resize=350%2C200","width":350,"height":200,"srcset":"https:\/\/i0.wp.com\/casadecampoliving.com\/wp-content\/uploads\/2022\/10\/casadecampo_altosdechavon_art_exhibit2-1.jpg?fit=565%2C210&ssl=1&resize=350%2C200 1x, https:\/\/i0.wp.com\/casadecampoliving.com\/wp-content\/uploads\/2022\/10\/casadecampo_altosdechavon_art_exhibit2-1.jpg?fit=565%2C210&ssl=1&resize=525%2C300 1.5x"},"classes":[]}],"jetpack_sharing_enabled":true,"_links":{"self":[{"href":"https:\/\/casadecampoliving.com\/es\/wp-json\/wp\/v2\/posts\/320466","targetHints":{"allow":["GET"]}}],"collection":[{"href":"https:\/\/casadecampoliving.com\/es\/wp-json\/wp\/v2\/posts"}],"about":[{"href":"https:\/\/casadecampoliving.com\/es\/wp-json\/wp\/v2\/types\/post"}],"author":[{"embeddable":true,"href":"https:\/\/casadecampoliving.com\/es\/wp-json\/wp\/v2\/users\/31"}],"replies":[{"embeddable":true,"href":"https:\/\/casadecampoliving.com\/es\/wp-json\/wp\/v2\/comments?post=320466"}],"version-history":[{"count":2,"href":"https:\/\/casadecampoliving.com\/es\/wp-json\/wp\/v2\/posts\/320466\/revisions"}],"predecessor-version":[{"id":510207,"href":"https:\/\/casadecampoliving.com\/es\/wp-json\/wp\/v2\/posts\/320466\/revisions\/510207"}],"wp:featuredmedia":[{"embeddable":true,"href":"https:\/\/casadecampoliving.com\/es\/wp-json\/wp\/v2\/media\/243646"}],"wp:attachment":[{"href":"https:\/\/casadecampoliving.com\/es\/wp-json\/wp\/v2\/media?parent=320466"}],"wp:term":[{"taxonomy":"category","embeddable":true,"href":"https:\/\/casadecampoliving.com\/es\/wp-json\/wp\/v2\/categories?post=320466"},{"taxonomy":"post_tag","embeddable":true,"href":"https:\/\/casadecampoliving.com\/es\/wp-json\/wp\/v2\/tags?post=320466"},{"taxonomy":"newspack_spnsrs_tax","embeddable":true,"href":"https:\/\/casadecampoliving.com\/es\/wp-json\/wp\/v2\/newspack_spnsrs_tax?post=320466"}],"curies":[{"name":"wp","href":"https:\/\/api.w.org\/{rel}","templated":true}]}}