{"id":320325,"date":"2011-08-20T00:00:00","date_gmt":"2011-08-20T04:00:00","guid":{"rendered":"https:\/\/casadecampoliving.com\/casa-de-campo-helps-amelia-vega-go-global\/"},"modified":"2022-10-21T18:05:22","modified_gmt":"2022-10-21T22:05:22","slug":"casa-de-campo-helps-amelia-vega-go-global","status":"publish","type":"post","link":"https:\/\/casadecampoliving.com\/es\/casa-de-campo-helps-amelia-vega-go-global\/","title":{"rendered":"Casa de Campo helps Amelia Vega go global!?"},"content":{"rendered":"<div class=\"wp-block-image\">\n<figure class=\"aligncenter is-resized\"><a href=\"https:\/\/i0.wp.com\/casadecampoliving.com\/wp-content\/uploads\/2022\/10\/amelia-vega1.jpg?ssl=1\"><img loading=\"lazy\" decoding=\"async\" src=\"https:\/\/i0.wp.com\/casadecampoliving.com\/wp-content\/uploads\/2022\/10\/amelia-vega1.jpg?resize=560%2C364&amp;ssl=1\" alt=\"\" class=\"wp-image-19082\" title=\"amelia vega\" height=\"364\" width=\"560\"\/><\/a><\/figure>\n<\/div>\n\n\n<p>In May of last year (2010), Amelia Vega, the first girl from the Dominican Republic to be crowned \u2018Miss Universe\u2019 was in Casa de Campo filming her first ever music video and now following the success of this video, Amelia is about to launch her first album \u201cAgua Dulce\u201d and has been touring all over Latin America!<\/p>\n\n\n\n<!--more-->\n\n\n\n<p>Amelia Vega is the&nbsp;niece&nbsp;of<a href=\"http:\/\/en.wikipedia.org\/wiki\/Juan_Luis_Guerra\" target=\"_blank\" rel=\"noopener\">&nbsp;Juan Luis Guerra<\/a>, a Dominican singer-songwriter most famous for his merengue music and who performed in Altos de Chav\u00f3n with STING in 2006. The video for \u2018Pasa un segundito\u2019, Amelia\u2019s debut song as a singer was filmed mainly on Casa de Campo\u2019s Playa Minitas in the private area to the side of the Beach Club by le Cirque restaurant,&nbsp;whilst some other scenes were filmed at the Altos de Chav\u00f3n amphitheater (where we will see STING perform in September).<br>\n[<a href=\"https:\/\/casadecampoliving.com\/2010\/07\/amelia-vega-filming-her-new-music-video-in-casa-de-campo\/\">To see our photos of Amelia Vega filming this video on Playa Minitas, click here!<\/a>]<\/p>\n\n\n\n<p>Following the launch of \u2018Pasa un segundito\u2019 and the video filmed in Casa de Campo, Amelia has now completed her debut album \u2018Agua Dulce\u2019, which will be released on Itunes and Amazon on August the 30th and has just started a Latin American Tour with her uncle Juan Luis Guerra \u2013 which has already seen her performing in Ecuador, Panama, Puerto Rico and of course the Dominican Republic.<\/p>\n\n\n\n<p>Whether or not Casa de Campo really played any role in Amelia Vega\u2019s continuing success we don\u2019t know, but we are certainly grateful that Amelia chose our beautiful Casa de Campo as the perfect location to film her debut single and we very much hope she will return to shoot more videos in the future or even to sing in the Altos de Chav\u00f3n Amphitheater.<\/p>\n\n\n\n<p><a href=\"https:\/\/casadecampoliving.com\/2010\/07\/amelia-vega-filming-her-new-music-video-in-casa-de-campo\/\"><strong>To view our photos of Amelia Vega in Casa de Campo, click here!<\/strong><\/a><\/p>\n\n\n\n<p><strong><a href=\"https:\/\/casadecampoliving.com\/2011\/08\/rumor-confirmed-sting-is-coming-to-altos-de-chavon\/\">STING is coming to Altos de Chav\u00f3n next month!! Wooohooo! To find out more, click here!&nbsp;<\/a><\/strong><\/p>\n","protected":false},"excerpt":{"rendered":"<p>In May of last year (2010), Amelia Vega, the first girl from the Dominican Republic to be crowned \u2018Miss Universe\u2019 was in Casa de Campo filming her first ever music video and now following the success of this video, Amelia is about to launch her first album \u201cAgua Dulce\u201d and has been touring all over [&hellip;]<\/p>\n","protected":false},"author":31,"featured_media":221909,"comment_status":"closed","ping_status":"open","sticky":false,"template":"","format":"standard","meta":{"newspack_ads_suppress_ads":false,"newspack_popups_has_disabled_popups":false,"newspack_sponsor_sponsorship_scope":"","newspack_sponsor_native_byline_display":"inherit","newspack_sponsor_native_category_display":"inherit","newspack_sponsor_underwriter_style":"inherit","newspack_sponsor_underwriter_placement":"inherit","_newspack_byline_active":false,"_newspack_byline":"","newspack_hide_updated_date":false,"newspack_show_updated_date":false,"newspack_content_restriction_is_exempt":false,"newspack_featured_image_position":"","newspack_post_subtitle":"","newspack_article_summary_title":"Overview:","newspack_article_summary":"","_jetpack_memberships_contains_paid_content":false,"footnotes":"","jetpack_publicize_message":"","jetpack_publicize_feature_enabled":true,"jetpack_social_post_already_shared":false,"jetpack_social_options":{"image_generator_settings":{"template":"highway","default_image_id":0,"font":"","enabled":false},"version":2},"_wpas_customize_per_network":false},"categories":[375,26820,80,75,43,14630,14624],"tags":[352,1327,1328,55,2188,2168],"newspack_spnsrs_tax":[],"class_list":["post-320325","post","type-post","status-publish","format-standard","has-post-thumbnail","hentry","category-casa-de-campo-living","category-casa-de-campo-resort","category-celebs","category-dominican-republic","category-headline","category-lifestyle","category-local-news","tag-altos-de-chavon-amphitheater","tag-amelia-vega","tag-juan-luis-guerra","tag-minitas-beach","tag-miss-universe","tag-sting","entry"],"yoast_head":"<!-- This site is optimized with the Yoast SEO plugin v27.5 - https:\/\/yoast.com\/product\/yoast-seo-wordpress\/ -->\n<title>Casa de Campo helps Amelia Vega go global!? | Casa de Campo Living<\/title>\n<meta name=\"description\" content=\"In May of last year (2010), Amelia Vega, the first girl from the Dominican Republic to be crowned \u2018Miss Universe\u2019 was in Casa de Campo filming her first\" \/>\n<meta name=\"robots\" content=\"index, follow, max-snippet:-1, max-image-preview:large, max-video-preview:-1\" \/>\n<link rel=\"canonical\" href=\"https:\/\/casadecampoliving.com\/es\/casa-de-campo-helps-amelia-vega-go-global\/\" \/>\n<meta property=\"og:locale\" content=\"es_ES\" \/>\n<meta property=\"og:type\" content=\"article\" \/>\n<meta property=\"og:title\" content=\"Casa de Campo helps Amelia Vega go global!? | Casa de Campo Living\" \/>\n<meta property=\"og:description\" content=\"In May of last year (2010), Amelia Vega, the first girl from the Dominican Republic to be crowned \u2018Miss Universe\u2019 was in Casa de Campo filming her first\" \/>\n<meta property=\"og:url\" content=\"https:\/\/casadecampoliving.com\/es\/casa-de-campo-helps-amelia-vega-go-global\/\" \/>\n<meta property=\"og:site_name\" content=\"Casa de Campo Living\" \/>\n<meta property=\"article:publisher\" content=\"https:\/\/www.facebook.com\/casadecampoliving\" \/>\n<meta property=\"article:published_time\" content=\"2011-08-20T04:00:00+00:00\" \/>\n<meta property=\"article:modified_time\" content=\"2022-10-21T22:05:22+00:00\" \/>\n<meta property=\"og:image\" content=\"https:\/\/i0.wp.com\/casadecampoliving.com\/wp-content\/uploads\/2022\/10\/amelia-vega1-1.jpg?fit=560%2C364&ssl=1\" \/>\n\t<meta property=\"og:image:width\" content=\"560\" \/>\n\t<meta property=\"og:image:height\" content=\"364\" \/>\n\t<meta property=\"og:image:type\" content=\"image\/jpeg\" \/>\n<meta name=\"author\" content=\"Rebecca Silvestri\" \/>\n<meta name=\"twitter:card\" content=\"summary_large_image\" \/>\n<meta name=\"twitter:creator\" content=\"@cdcliving\" \/>\n<meta name=\"twitter:site\" content=\"@cdcliving\" \/>\n<meta name=\"twitter:label1\" content=\"Escrito por\" \/>\n\t<meta name=\"twitter:data1\" content=\"Rebecca Silvestri\" \/>\n\t<meta name=\"twitter:label2\" content=\"Tiempo de lectura\" \/>\n\t<meta name=\"twitter:data2\" content=\"2 minutos\" \/>\n<script type=\"application\/ld+json\" class=\"yoast-schema-graph\">{\"@context\":\"https:\\\/\\\/schema.org\",\"@graph\":[{\"@type\":\"Article\",\"@id\":\"https:\\\/\\\/casadecampoliving.com\\\/es\\\/casa-de-campo-helps-amelia-vega-go-global\\\/#article\",\"isPartOf\":{\"@id\":\"https:\\\/\\\/casadecampoliving.com\\\/es\\\/casa-de-campo-helps-amelia-vega-go-global\\\/\"},\"author\":{\"name\":\"Rebecca Silvestri\",\"@id\":\"https:\\\/\\\/casadecampoliving.com\\\/es\\\/#\\\/schema\\\/person\\\/2b2208f3175fa8761e25b272e096d718\"},\"headline\":\"Casa de Campo helps Amelia Vega go global!?\",\"datePublished\":\"2011-08-20T04:00:00+00:00\",\"dateModified\":\"2022-10-21T22:05:22+00:00\",\"mainEntityOfPage\":{\"@id\":\"https:\\\/\\\/casadecampoliving.com\\\/es\\\/casa-de-campo-helps-amelia-vega-go-global\\\/\"},\"wordCount\":337,\"publisher\":{\"@id\":\"https:\\\/\\\/casadecampoliving.com\\\/es\\\/#organization\"},\"image\":{\"@id\":\"https:\\\/\\\/casadecampoliving.com\\\/es\\\/casa-de-campo-helps-amelia-vega-go-global\\\/#primaryimage\"},\"thumbnailUrl\":\"https:\\\/\\\/i0.wp.com\\\/casadecampoliving.com\\\/wp-content\\\/uploads\\\/2022\\\/10\\\/amelia-vega1-1.jpg?fit=560%2C364&ssl=1\",\"keywords\":[\"Altos de Chavon Amphitheater\",\"amelia vega\",\"juan luis guerra\",\"Minitas Beach\",\"miss universe\",\"sting\"],\"articleSection\":[\"Casa de Campo Living\",\"Casa de Campo Resort\",\"Celebs\",\"Dominican Republic\",\"Headline\",\"Lifestyle\",\"Local News\"],\"inLanguage\":\"es\"},{\"@type\":\"WebPage\",\"@id\":\"https:\\\/\\\/casadecampoliving.com\\\/es\\\/casa-de-campo-helps-amelia-vega-go-global\\\/\",\"url\":\"https:\\\/\\\/casadecampoliving.com\\\/es\\\/casa-de-campo-helps-amelia-vega-go-global\\\/\",\"name\":\"Casa de Campo helps Amelia Vega go global!? | Casa de Campo Living\",\"isPartOf\":{\"@id\":\"https:\\\/\\\/casadecampoliving.com\\\/es\\\/#website\"},\"primaryImageOfPage\":{\"@id\":\"https:\\\/\\\/casadecampoliving.com\\\/es\\\/casa-de-campo-helps-amelia-vega-go-global\\\/#primaryimage\"},\"image\":{\"@id\":\"https:\\\/\\\/casadecampoliving.com\\\/es\\\/casa-de-campo-helps-amelia-vega-go-global\\\/#primaryimage\"},\"thumbnailUrl\":\"https:\\\/\\\/i0.wp.com\\\/casadecampoliving.com\\\/wp-content\\\/uploads\\\/2022\\\/10\\\/amelia-vega1-1.jpg?fit=560%2C364&ssl=1\",\"datePublished\":\"2011-08-20T04:00:00+00:00\",\"dateModified\":\"2022-10-21T22:05:22+00:00\",\"description\":\"In May of last year (2010), Amelia Vega, the first girl from the Dominican Republic to be crowned \u2018Miss Universe\u2019 was in Casa de Campo filming her first\",\"breadcrumb\":{\"@id\":\"https:\\\/\\\/casadecampoliving.com\\\/es\\\/casa-de-campo-helps-amelia-vega-go-global\\\/#breadcrumb\"},\"inLanguage\":\"es\",\"potentialAction\":[{\"@type\":\"ReadAction\",\"target\":[\"https:\\\/\\\/casadecampoliving.com\\\/es\\\/casa-de-campo-helps-amelia-vega-go-global\\\/\"]}]},{\"@type\":\"ImageObject\",\"inLanguage\":\"es\",\"@id\":\"https:\\\/\\\/casadecampoliving.com\\\/es\\\/casa-de-campo-helps-amelia-vega-go-global\\\/#primaryimage\",\"url\":\"https:\\\/\\\/i0.wp.com\\\/casadecampoliving.com\\\/wp-content\\\/uploads\\\/2022\\\/10\\\/amelia-vega1-1.jpg?fit=560%2C364&ssl=1\",\"contentUrl\":\"https:\\\/\\\/i0.wp.com\\\/casadecampoliving.com\\\/wp-content\\\/uploads\\\/2022\\\/10\\\/amelia-vega1-1.jpg?fit=560%2C364&ssl=1\",\"width\":560,\"height\":364},{\"@type\":\"BreadcrumbList\",\"@id\":\"https:\\\/\\\/casadecampoliving.com\\\/es\\\/casa-de-campo-helps-amelia-vega-go-global\\\/#breadcrumb\",\"itemListElement\":[{\"@type\":\"ListItem\",\"position\":1,\"name\":\"Home\",\"item\":\"https:\\\/\\\/casadecampoliving.com\\\/es\\\/\"},{\"@type\":\"ListItem\",\"position\":2,\"name\":\"Casa de Campo helps Amelia Vega go global!?\"}]},{\"@type\":\"WebSite\",\"@id\":\"https:\\\/\\\/casadecampoliving.com\\\/es\\\/#website\",\"url\":\"https:\\\/\\\/casadecampoliving.com\\\/es\\\/\",\"name\":\"Casa de Campo Living\",\"description\":\"Resort community news and resources.\",\"publisher\":{\"@id\":\"https:\\\/\\\/casadecampoliving.com\\\/es\\\/#organization\"},\"potentialAction\":[{\"@type\":\"SearchAction\",\"target\":{\"@type\":\"EntryPoint\",\"urlTemplate\":\"https:\\\/\\\/casadecampoliving.com\\\/es\\\/?s={search_term_string}\"},\"query-input\":{\"@type\":\"PropertyValueSpecification\",\"valueRequired\":true,\"valueName\":\"search_term_string\"}}],\"inLanguage\":\"es\"},{\"@type\":\"Organization\",\"@id\":\"https:\\\/\\\/casadecampoliving.com\\\/es\\\/#organization\",\"name\":\"Casa de Campo Living\",\"url\":\"https:\\\/\\\/casadecampoliving.com\\\/es\\\/\",\"logo\":{\"@type\":\"ImageObject\",\"inLanguage\":\"es\",\"@id\":\"https:\\\/\\\/casadecampoliving.com\\\/es\\\/#\\\/schema\\\/logo\\\/image\\\/\",\"url\":\"https:\\\/\\\/i0.wp.com\\\/casadecampoliving.com\\\/wp-content\\\/uploads\\\/2022\\\/07\\\/CDCLivingLogo_V1-white-sized.png?fit=800%2C214&ssl=1\",\"contentUrl\":\"https:\\\/\\\/i0.wp.com\\\/casadecampoliving.com\\\/wp-content\\\/uploads\\\/2022\\\/07\\\/CDCLivingLogo_V1-white-sized.png?fit=800%2C214&ssl=1\",\"width\":800,\"height\":214,\"caption\":\"Casa de Campo Living\"},\"image\":{\"@id\":\"https:\\\/\\\/casadecampoliving.com\\\/es\\\/#\\\/schema\\\/logo\\\/image\\\/\"},\"sameAs\":[\"https:\\\/\\\/www.facebook.com\\\/casadecampoliving\",\"https:\\\/\\\/x.com\\\/cdcliving\"]},{\"@type\":\"Person\",\"@id\":\"https:\\\/\\\/casadecampoliving.com\\\/es\\\/#\\\/schema\\\/person\\\/2b2208f3175fa8761e25b272e096d718\",\"name\":\"Rebecca Silvestri\",\"image\":{\"@type\":\"ImageObject\",\"inLanguage\":\"es\",\"@id\":\"https:\\\/\\\/secure.gravatar.com\\\/avatar\\\/2d937fd6c1769fb718dbf8dce9e82bf5f89e97bd028f9b3ea10b931dc7df95c6?s=96&d=mm&r=g\",\"url\":\"https:\\\/\\\/secure.gravatar.com\\\/avatar\\\/2d937fd6c1769fb718dbf8dce9e82bf5f89e97bd028f9b3ea10b931dc7df95c6?s=96&d=mm&r=g\",\"contentUrl\":\"https:\\\/\\\/secure.gravatar.com\\\/avatar\\\/2d937fd6c1769fb718dbf8dce9e82bf5f89e97bd028f9b3ea10b931dc7df95c6?s=96&d=mm&r=g\",\"caption\":\"Rebecca Silvestri\"},\"url\":\"https:\\\/\\\/casadecampoliving.com\\\/es\\\/author\\\/madamehuge\\\/\"}]}<\/script>\n<!-- \/ Yoast SEO plugin. -->","yoast_head_json":{"title":"Casa de Campo helps Amelia Vega go global!? | Casa de Campo Living","description":"In May of last year (2010), Amelia Vega, the first girl from the Dominican Republic to be crowned \u2018Miss Universe\u2019 was in Casa de Campo filming her first","robots":{"index":"index","follow":"follow","max-snippet":"max-snippet:-1","max-image-preview":"max-image-preview:large","max-video-preview":"max-video-preview:-1"},"canonical":"https:\/\/casadecampoliving.com\/es\/casa-de-campo-helps-amelia-vega-go-global\/","og_locale":"es_ES","og_type":"article","og_title":"Casa de Campo helps Amelia Vega go global!? | Casa de Campo Living","og_description":"In May of last year (2010), Amelia Vega, the first girl from the Dominican Republic to be crowned \u2018Miss Universe\u2019 was in Casa de Campo filming her first","og_url":"https:\/\/casadecampoliving.com\/es\/casa-de-campo-helps-amelia-vega-go-global\/","og_site_name":"Casa de Campo Living","article_publisher":"https:\/\/www.facebook.com\/casadecampoliving","article_published_time":"2011-08-20T04:00:00+00:00","article_modified_time":"2022-10-21T22:05:22+00:00","og_image":[{"width":560,"height":364,"url":"https:\/\/i0.wp.com\/casadecampoliving.com\/wp-content\/uploads\/2022\/10\/amelia-vega1-1.jpg?fit=560%2C364&ssl=1","type":"image\/jpeg"}],"author":"Rebecca Silvestri","twitter_card":"summary_large_image","twitter_creator":"@cdcliving","twitter_site":"@cdcliving","twitter_misc":{"Escrito por":"Rebecca Silvestri","Tiempo de lectura":"2 minutos"},"schema":{"@context":"https:\/\/schema.org","@graph":[{"@type":"Article","@id":"https:\/\/casadecampoliving.com\/es\/casa-de-campo-helps-amelia-vega-go-global\/#article","isPartOf":{"@id":"https:\/\/casadecampoliving.com\/es\/casa-de-campo-helps-amelia-vega-go-global\/"},"author":{"name":"Rebecca Silvestri","@id":"https:\/\/casadecampoliving.com\/es\/#\/schema\/person\/2b2208f3175fa8761e25b272e096d718"},"headline":"Casa de Campo helps Amelia Vega go global!?","datePublished":"2011-08-20T04:00:00+00:00","dateModified":"2022-10-21T22:05:22+00:00","mainEntityOfPage":{"@id":"https:\/\/casadecampoliving.com\/es\/casa-de-campo-helps-amelia-vega-go-global\/"},"wordCount":337,"publisher":{"@id":"https:\/\/casadecampoliving.com\/es\/#organization"},"image":{"@id":"https:\/\/casadecampoliving.com\/es\/casa-de-campo-helps-amelia-vega-go-global\/#primaryimage"},"thumbnailUrl":"https:\/\/i0.wp.com\/casadecampoliving.com\/wp-content\/uploads\/2022\/10\/amelia-vega1-1.jpg?fit=560%2C364&ssl=1","keywords":["Altos de Chavon Amphitheater","amelia vega","juan luis guerra","Minitas Beach","miss universe","sting"],"articleSection":["Casa de Campo Living","Casa de Campo Resort","Celebs","Dominican Republic","Headline","Lifestyle","Local News"],"inLanguage":"es"},{"@type":"WebPage","@id":"https:\/\/casadecampoliving.com\/es\/casa-de-campo-helps-amelia-vega-go-global\/","url":"https:\/\/casadecampoliving.com\/es\/casa-de-campo-helps-amelia-vega-go-global\/","name":"Casa de Campo helps Amelia Vega go global!? | Casa de Campo Living","isPartOf":{"@id":"https:\/\/casadecampoliving.com\/es\/#website"},"primaryImageOfPage":{"@id":"https:\/\/casadecampoliving.com\/es\/casa-de-campo-helps-amelia-vega-go-global\/#primaryimage"},"image":{"@id":"https:\/\/casadecampoliving.com\/es\/casa-de-campo-helps-amelia-vega-go-global\/#primaryimage"},"thumbnailUrl":"https:\/\/i0.wp.com\/casadecampoliving.com\/wp-content\/uploads\/2022\/10\/amelia-vega1-1.jpg?fit=560%2C364&ssl=1","datePublished":"2011-08-20T04:00:00+00:00","dateModified":"2022-10-21T22:05:22+00:00","description":"In May of last year (2010), Amelia Vega, the first girl from the Dominican Republic to be crowned \u2018Miss Universe\u2019 was in Casa de Campo filming her first","breadcrumb":{"@id":"https:\/\/casadecampoliving.com\/es\/casa-de-campo-helps-amelia-vega-go-global\/#breadcrumb"},"inLanguage":"es","potentialAction":[{"@type":"ReadAction","target":["https:\/\/casadecampoliving.com\/es\/casa-de-campo-helps-amelia-vega-go-global\/"]}]},{"@type":"ImageObject","inLanguage":"es","@id":"https:\/\/casadecampoliving.com\/es\/casa-de-campo-helps-amelia-vega-go-global\/#primaryimage","url":"https:\/\/i0.wp.com\/casadecampoliving.com\/wp-content\/uploads\/2022\/10\/amelia-vega1-1.jpg?fit=560%2C364&ssl=1","contentUrl":"https:\/\/i0.wp.com\/casadecampoliving.com\/wp-content\/uploads\/2022\/10\/amelia-vega1-1.jpg?fit=560%2C364&ssl=1","width":560,"height":364},{"@type":"BreadcrumbList","@id":"https:\/\/casadecampoliving.com\/es\/casa-de-campo-helps-amelia-vega-go-global\/#breadcrumb","itemListElement":[{"@type":"ListItem","position":1,"name":"Home","item":"https:\/\/casadecampoliving.com\/es\/"},{"@type":"ListItem","position":2,"name":"Casa de Campo helps Amelia Vega go global!?"}]},{"@type":"WebSite","@id":"https:\/\/casadecampoliving.com\/es\/#website","url":"https:\/\/casadecampoliving.com\/es\/","name":"Casa de Campo Living","description":"Resort community news and resources.","publisher":{"@id":"https:\/\/casadecampoliving.com\/es\/#organization"},"potentialAction":[{"@type":"SearchAction","target":{"@type":"EntryPoint","urlTemplate":"https:\/\/casadecampoliving.com\/es\/?s={search_term_string}"},"query-input":{"@type":"PropertyValueSpecification","valueRequired":true,"valueName":"search_term_string"}}],"inLanguage":"es"},{"@type":"Organization","@id":"https:\/\/casadecampoliving.com\/es\/#organization","name":"Casa de Campo Living","url":"https:\/\/casadecampoliving.com\/es\/","logo":{"@type":"ImageObject","inLanguage":"es","@id":"https:\/\/casadecampoliving.com\/es\/#\/schema\/logo\/image\/","url":"https:\/\/i0.wp.com\/casadecampoliving.com\/wp-content\/uploads\/2022\/07\/CDCLivingLogo_V1-white-sized.png?fit=800%2C214&ssl=1","contentUrl":"https:\/\/i0.wp.com\/casadecampoliving.com\/wp-content\/uploads\/2022\/07\/CDCLivingLogo_V1-white-sized.png?fit=800%2C214&ssl=1","width":800,"height":214,"caption":"Casa de Campo Living"},"image":{"@id":"https:\/\/casadecampoliving.com\/es\/#\/schema\/logo\/image\/"},"sameAs":["https:\/\/www.facebook.com\/casadecampoliving","https:\/\/x.com\/cdcliving"]},{"@type":"Person","@id":"https:\/\/casadecampoliving.com\/es\/#\/schema\/person\/2b2208f3175fa8761e25b272e096d718","name":"Rebecca Silvestri","image":{"@type":"ImageObject","inLanguage":"es","@id":"https:\/\/secure.gravatar.com\/avatar\/2d937fd6c1769fb718dbf8dce9e82bf5f89e97bd028f9b3ea10b931dc7df95c6?s=96&d=mm&r=g","url":"https:\/\/secure.gravatar.com\/avatar\/2d937fd6c1769fb718dbf8dce9e82bf5f89e97bd028f9b3ea10b931dc7df95c6?s=96&d=mm&r=g","contentUrl":"https:\/\/secure.gravatar.com\/avatar\/2d937fd6c1769fb718dbf8dce9e82bf5f89e97bd028f9b3ea10b931dc7df95c6?s=96&d=mm&r=g","caption":"Rebecca Silvestri"},"url":"https:\/\/casadecampoliving.com\/es\/author\/madamehuge\/"}]}},"parsely":{"version":"1.1.0","canonical_url":"https:\/\/casadecampoliving.com\/es\/casa-de-campo-helps-amelia-vega-go-global\/","smart_links":{"inbound":0,"outbound":0},"traffic_boost_suggestions_count":0,"meta":{"@context":"https:\/\/schema.org","@type":"NewsArticle","headline":"Casa de Campo helps Amelia Vega go global!?","url":"http:\/\/casadecampoliving.com\/es\/casa-de-campo-helps-amelia-vega-go-global\/","mainEntityOfPage":{"@type":"WebPage","@id":"http:\/\/casadecampoliving.com\/es\/casa-de-campo-helps-amelia-vega-go-global\/"},"thumbnailUrl":"https:\/\/i0.wp.com\/casadecampoliving.com\/wp-content\/uploads\/2022\/10\/amelia-vega1-1.jpg?resize=150%2C150&ssl=1","image":{"@type":"ImageObject","url":"https:\/\/i0.wp.com\/casadecampoliving.com\/wp-content\/uploads\/2022\/10\/amelia-vega1-1.jpg?fit=560%2C364&ssl=1"},"articleSection":"Casa de Campo Living","author":[{"@type":"Person","name":"Rebecca Silvestri"}],"creator":["Rebecca Silvestri"],"publisher":{"@type":"Organization","name":"Casa de Campo Living","logo":"https:\/\/casadecampoliving.com\/wp-content\/uploads\/2022\/07\/CDCLivingLogo_V1-white-sized.png"},"keywords":["altos de chavon amphitheater","amelia vega","juan luis guerra","minitas beach","miss universe","sting"],"dateCreated":"2011-08-20T04:00:00Z","datePublished":"2011-08-20T04:00:00Z","dateModified":"2022-10-21T22:05:22Z"},"rendered":"<script type=\"application\/ld+json\" class=\"wp-parsely-metadata\">{\"@context\":\"https:\\\/\\\/schema.org\",\"@type\":\"NewsArticle\",\"headline\":\"Casa de Campo helps Amelia Vega go global!?\",\"url\":\"http:\\\/\\\/casadecampoliving.com\\\/es\\\/casa-de-campo-helps-amelia-vega-go-global\\\/\",\"mainEntityOfPage\":{\"@type\":\"WebPage\",\"@id\":\"http:\\\/\\\/casadecampoliving.com\\\/es\\\/casa-de-campo-helps-amelia-vega-go-global\\\/\"},\"thumbnailUrl\":\"https:\\\/\\\/i0.wp.com\\\/casadecampoliving.com\\\/wp-content\\\/uploads\\\/2022\\\/10\\\/amelia-vega1-1.jpg?resize=150%2C150&ssl=1\",\"image\":{\"@type\":\"ImageObject\",\"url\":\"https:\\\/\\\/i0.wp.com\\\/casadecampoliving.com\\\/wp-content\\\/uploads\\\/2022\\\/10\\\/amelia-vega1-1.jpg?fit=560%2C364&ssl=1\"},\"articleSection\":\"Casa de Campo Living\",\"author\":[{\"@type\":\"Person\",\"name\":\"Rebecca Silvestri\"}],\"creator\":[\"Rebecca Silvestri\"],\"publisher\":{\"@type\":\"Organization\",\"name\":\"Casa de Campo Living\",\"logo\":\"https:\\\/\\\/casadecampoliving.com\\\/wp-content\\\/uploads\\\/2022\\\/07\\\/CDCLivingLogo_V1-white-sized.png\"},\"keywords\":[\"altos de chavon amphitheater\",\"amelia vega\",\"juan luis guerra\",\"minitas beach\",\"miss universe\",\"sting\"],\"dateCreated\":\"2011-08-20T04:00:00Z\",\"datePublished\":\"2011-08-20T04:00:00Z\",\"dateModified\":\"2022-10-21T22:05:22Z\"}<\/script>","tracker_url":"https:\/\/cdn.parsely.com\/keys\/casadecampoliving.com\/p.js"},"jetpack_publicize_connections":[],"jetpack_featured_media_url":"https:\/\/i0.wp.com\/casadecampoliving.com\/wp-content\/uploads\/2022\/10\/amelia-vega1-1.jpg?fit=560%2C364&ssl=1","jetpack-related-posts":[{"id":319048,"url":"https:\/\/casadecampoliving.com\/amelia-vega-filming-her-new-music-video-in-casa-de-campo\/","url_meta":{"origin":320325,"position":0},"title":"Amelia Vega filming her new music video in Casa de Campo!","author":"Rebecca Silvestri","date":"23 Jul, 2010","format":false,"excerpt":"Back in May, Amelia Vega was here in Casa de Campo filming her new music video for her song \"Pasa un segundito,\" which is fantastic and was officially released recently. Due to copyright and rules, we were not allowed to talk about or publish our photos of Amelia's Casa de\u2026","rel":"","context":"En \u00abAltos de Chavon\u00bb","block_context":{"text":"Altos de Chavon","link":"https:\/\/casadecampoliving.com\/category\/altos-de-chavon\/"},"img":{"alt_text":"","src":"https:\/\/i0.wp.com\/casadecampoliving.com\/wp-content\/uploads\/2022\/10\/amelia-vega.jpg?fit=560%2C335&ssl=1&resize=350%2C200","width":350,"height":200,"srcset":"https:\/\/i0.wp.com\/casadecampoliving.com\/wp-content\/uploads\/2022\/10\/amelia-vega.jpg?fit=560%2C335&ssl=1&resize=350%2C200 1x, https:\/\/i0.wp.com\/casadecampoliving.com\/wp-content\/uploads\/2022\/10\/amelia-vega.jpg?fit=560%2C335&ssl=1&resize=525%2C300 1.5x"},"classes":[]},{"id":338204,"url":"https:\/\/casadecampoliving.com\/es\/amelia-vega-graba-su-nuevo-video-musical-en-casa-de-campo\/","url_meta":{"origin":320325,"position":1},"title":"Amelia Vega graba su nuevo video musical en Casa de Campo!","author":"","date":"23 Jul, 2010","format":false,"excerpt":"En mayo, Amelia Vega estuvo en Casa de Campo, grabando su nuevo video musical para el nuevo sencillo \"Pasa un segundito\", el cual es fant\u00e1stico y fue lanzado recientemente. Debido a reglas y derechos de autor, no nos fue permitida la publicaci\u00f3n de fotos o art\u00edculos en torno a la\u2026","rel":"","context":"En \u00abAltos de Chavon @es\u00bb","block_context":{"text":"Altos de Chavon @es","link":"https:\/\/casadecampoliving.com\/category\/altos-de-chavon-es\/"},"img":{"alt_text":"","src":"https:\/\/i0.wp.com\/casadecampoliving.com\/wp-content\/uploads\/2022\/10\/amelia-vega.jpg?fit=560%2C335&ssl=1&resize=350%2C200","width":350,"height":200,"srcset":"https:\/\/i0.wp.com\/casadecampoliving.com\/wp-content\/uploads\/2022\/10\/amelia-vega.jpg?fit=560%2C335&ssl=1&resize=350%2C200 1x, https:\/\/i0.wp.com\/casadecampoliving.com\/wp-content\/uploads\/2022\/10\/amelia-vega.jpg?fit=560%2C335&ssl=1&resize=525%2C300 1.5x"},"classes":[]},{"id":323972,"url":"https:\/\/casadecampoliving.com\/stebani-cruz-la-boricuba-shoots-video-minitas-beach\/","url_meta":{"origin":320325,"position":2},"title":"Stebani Cruz \u201cLa Boricuba\u201d shoots video at Minitas beach","author":"Rebecca Silvestri","date":"9 Ago, 2014","format":false,"excerpt":"Stebani Cruz \u201cLa Boricuba\u201d, a dynamic new artist with Puerto Rican and Cuban roots was in Casa de Campo recently filming a music video! Although unfortunately we didn\u2019t catch sight of this rising latino star ourselves, some friends of ours did, and of course Stebani Cruz herself couldn\u2019t resist sharing\u2026","rel":"","context":"En \u00abCelebs\u00bb","block_context":{"text":"Celebs","link":"https:\/\/casadecampoliving.com\/category\/celebs\/"},"img":{"alt_text":"Stebani Cruz, Casa de Campo","src":"https:\/\/i0.wp.com\/casadecampoliving.com\/wp-content\/uploads\/2022\/10\/Stebani_Cruz_Casa_de_Campo.jpg?fit=650%2C450&ssl=1&resize=350%2C200","width":350,"height":200,"srcset":"https:\/\/i0.wp.com\/casadecampoliving.com\/wp-content\/uploads\/2022\/10\/Stebani_Cruz_Casa_de_Campo.jpg?fit=650%2C450&ssl=1&resize=350%2C200 1x, https:\/\/i0.wp.com\/casadecampoliving.com\/wp-content\/uploads\/2022\/10\/Stebani_Cruz_Casa_de_Campo.jpg?fit=650%2C450&ssl=1&resize=525%2C300 1.5x"},"classes":[]},{"id":320966,"url":"https:\/\/casadecampoliving.com\/christian-daniel-puerto-rican-singer-and-actor-films-new-music-video-in-altos-de-chavon\/","url_meta":{"origin":320325,"position":3},"title":"Christian Daniel, Puerto Rican singer and actor films new music video in Altos de Chav\u00f3n","author":"Rebecca Silvestri","date":"28 Ene, 2012","format":false,"excerpt":"Sonymusic artist, Christian Daniel, who had an acting role in\u00a0\u2018El fantasma de Elena\u2019, a latin TV show from Miami, is currently in the Dominican Republic,\u00a0promoting his second album \u201cTodo lo que tengo\u201d and we spotted the gorgeous Puerto Rican strutting his stuff in Altos de Chav\u00f3n, as he filmed a\u2026","rel":"","context":"En \u00abAltos de Chavon\u00bb","block_context":{"text":"Altos de Chavon","link":"https:\/\/casadecampoliving.com\/category\/altos-de-chavon\/"},"img":{"alt_text":"christian daniel en Altos de Chav\u00f3n","src":"https:\/\/i0.wp.com\/casadecampoliving.com\/wp-content\/uploads\/2022\/10\/christian_daniel-1.jpg?fit=650%2C376&ssl=1&resize=350%2C200","width":350,"height":200,"srcset":"https:\/\/i0.wp.com\/casadecampoliving.com\/wp-content\/uploads\/2022\/10\/christian_daniel-1.jpg?fit=650%2C376&ssl=1&resize=350%2C200 1x, https:\/\/i0.wp.com\/casadecampoliving.com\/wp-content\/uploads\/2022\/10\/christian_daniel-1.jpg?fit=650%2C376&ssl=1&resize=525%2C300 1.5x"},"classes":[]},{"id":320520,"url":"https:\/\/casadecampoliving.com\/akon-films-new-music-video-for-el-producto-with-omega-in-casa-de-campo\/","url_meta":{"origin":320325,"position":4},"title":"Akon films new music video for \u00abEl Producto\u00bb with Omega in Casa de Campo!","author":"Rebecca Silvestri","date":"28 Sep, 2011","format":false,"excerpt":"Akon, the famous\u00a0American\u00a0R&B\u00a0recording artist and songwriter, whose famous hits include \u201cSmack That\u201d featuring Eminem and \u201cI Wanna Love You\u201d featuring Snoop Dog, just spent a couple of days in Casa de Campo filming a new music video! Akon at the\u00a0Kartodromo Julian Barcelo, Santo Domingo Photo Credit: Listindiario.com.do Before heading to\u2026","rel":"","context":"En \u00abCasa de Campo Living\u00bb","block_context":{"text":"Casa de Campo Living","link":"https:\/\/casadecampoliving.com\/category\/casa-de-campo-living\/"},"img":{"alt_text":"","src":"https:\/\/i0.wp.com\/casadecampoliving.com\/wp-content\/uploads\/2022\/10\/akon_casa_de_campo-1.jpg?fit=565%2C277&ssl=1&resize=350%2C200","width":350,"height":200,"srcset":"https:\/\/i0.wp.com\/casadecampoliving.com\/wp-content\/uploads\/2022\/10\/akon_casa_de_campo-1.jpg?fit=565%2C277&ssl=1&resize=350%2C200 1x, https:\/\/i0.wp.com\/casadecampoliving.com\/wp-content\/uploads\/2022\/10\/akon_casa_de_campo-1.jpg?fit=565%2C277&ssl=1&resize=525%2C300 1.5x"},"classes":[]},{"id":344952,"url":"https:\/\/casadecampoliving.com\/es\/stebani-cruz-la-boricuba-en-minitas\/","url_meta":{"origin":320325,"position":5},"title":"Stebani Cruz \u00abLa Boricuba\u00bb filma su nuevo video en Playa Minitas","author":"Maria Isabel B\u00e1ez","date":"9 Ago, 2014","format":false,"excerpt":"Stebani Cruz \u201cLa Boricuba\u201d, una din\u00e1mica artista nueva con ra\u00edces puertorrique\u00f1as y cubanas estuvo recientemente en Casa de Campo filmando su nuevo video musical. Aunque desafortunadamente no pudimos ver a esta estrella en ascenso personalmente, algunos amigos nuestros si la vieron, y por supuesto la misma Stebani Cruz no pudo\u2026","rel":"","context":"En \u00abCelebridades\u00bb","block_context":{"text":"Celebridades","link":"https:\/\/casadecampoliving.com\/es\/category\/celebridades-es\/"},"img":{"alt_text":"Stebani Cruz, Casa de Campo","src":"https:\/\/i0.wp.com\/casadecampoliving.com\/wp-content\/uploads\/2022\/10\/Stebani_Cruz_Casa_de_Campo.jpg?fit=650%2C450&ssl=1&resize=350%2C200","width":350,"height":200,"srcset":"https:\/\/i0.wp.com\/casadecampoliving.com\/wp-content\/uploads\/2022\/10\/Stebani_Cruz_Casa_de_Campo.jpg?fit=650%2C450&ssl=1&resize=350%2C200 1x, https:\/\/i0.wp.com\/casadecampoliving.com\/wp-content\/uploads\/2022\/10\/Stebani_Cruz_Casa_de_Campo.jpg?fit=650%2C450&ssl=1&resize=525%2C300 1.5x"},"classes":[]}],"jetpack_sharing_enabled":true,"_links":{"self":[{"href":"https:\/\/casadecampoliving.com\/es\/wp-json\/wp\/v2\/posts\/320325","targetHints":{"allow":["GET"]}}],"collection":[{"href":"https:\/\/casadecampoliving.com\/es\/wp-json\/wp\/v2\/posts"}],"about":[{"href":"https:\/\/casadecampoliving.com\/es\/wp-json\/wp\/v2\/types\/post"}],"author":[{"embeddable":true,"href":"https:\/\/casadecampoliving.com\/es\/wp-json\/wp\/v2\/users\/31"}],"replies":[{"embeddable":true,"href":"https:\/\/casadecampoliving.com\/es\/wp-json\/wp\/v2\/comments?post=320325"}],"version-history":[{"count":0,"href":"https:\/\/casadecampoliving.com\/es\/wp-json\/wp\/v2\/posts\/320325\/revisions"}],"wp:featuredmedia":[{"embeddable":true,"href":"https:\/\/casadecampoliving.com\/es\/wp-json\/wp\/v2\/media\/221909"}],"wp:attachment":[{"href":"https:\/\/casadecampoliving.com\/es\/wp-json\/wp\/v2\/media?parent=320325"}],"wp:term":[{"taxonomy":"category","embeddable":true,"href":"https:\/\/casadecampoliving.com\/es\/wp-json\/wp\/v2\/categories?post=320325"},{"taxonomy":"post_tag","embeddable":true,"href":"https:\/\/casadecampoliving.com\/es\/wp-json\/wp\/v2\/tags?post=320325"},{"taxonomy":"newspack_spnsrs_tax","embeddable":true,"href":"https:\/\/casadecampoliving.com\/es\/wp-json\/wp\/v2\/newspack_spnsrs_tax?post=320325"}],"curies":[{"name":"wp","href":"https:\/\/api.w.org\/{rel}","templated":true}]}}