{"id":320119,"date":"2011-05-28T00:00:00","date_gmt":"2011-05-28T04:00:00","guid":{"rendered":"https:\/\/casadecampoliving.com\/la-escuela-de-diseno-presenta-el-desfile-estilo-2011-la-ruta-de-seda\/"},"modified":"2022-11-10T10:29:22","modified_gmt":"2022-11-10T14:29:22","slug":"la-escuela-de-diseno-presenta-el-desfile-estilo-2011-la-ruta-de-seda","status":"publish","type":"post","link":"https:\/\/casadecampoliving.com\/es\/la-escuela-de-diseno-presenta-el-desfile-estilo-2011-la-ruta-de-seda\/","title":{"rendered":"La Escuela de Dise\u00f1o presenta el desfile Estilo 2011 &#8216;La Ruta de Seda&#8217;"},"content":{"rendered":"<a href=\"https:\/\/i0.wp.com\/casadecampoliving.com\/wp-content\/uploads\/2022\/10\/estilo_altos_de_chavon1.jpg?ssl=1\"><img data-recalc-dims=\"1\" loading=\"lazy\" decoding=\"async\" class=\"aligncenter size-full wp-image-28960\" title=\"estilo_altos_de_chavon\" src=\"https:\/\/i0.wp.com\/casadecampoliving.com\/wp-content\/uploads\/2022\/10\/estilo_altos_de_chavon1.jpg?resize=565%2C318&#038;ssl=1\" alt=\"\" width=\"565\" height=\"318\" \/><\/a>\n\nFue celebrado recientemente en el Centro de Convenciones de Casa de Campo, La Romana, el desfile de los estudiantes de la carrera de Dise\u00f1o de Moda, de La Escuela de Dise\u00f1o Estilo 2011\/La Ruta de la Seda. <!--more--><a href=\"https:\/\/i0.wp.com\/casadecampoliving.com\/wp-content\/uploads\/2022\/10\/IMG_3827.jpg?ssl=1\"><img data-recalc-dims=\"1\" loading=\"lazy\" decoding=\"async\" class=\"size-full wp-image-28963 alignright\" style=\"margin-left: 15px; margin-right: 15px;\" title=\"IMG_3827\" src=\"https:\/\/i0.wp.com\/casadecampoliving.com\/wp-content\/uploads\/2022\/10\/IMG_3827.jpg?resize=169%2C288&#038;ssl=1\" alt=\"\" width=\"169\" height=\"288\" \/><\/a>Este desfile acogi\u00f3 las propuestas de los veinte graduandos. La Ruta de la Seda toma su inspiraci\u00f3n precisamente en la ruta que conectaba Europa con la China en tiempos remotos. Estilo 2011\/La Ruta de la Seda, marc\u00f3 la culminaci\u00f3n del trabajo de estos estudiantes, quienes fueron guiados por sus profesores, y contaron con la asesor\u00eda de los cr\u00edticos Leonardo De Armas en la primera salida femenina, Jos\u00e9 Jhan en la \u00fanica salida masculina del desfile y Julio Marcano, asesor de la tercera salida presentada.\n\n(Est\u00e1s leyendo la nota de prensa de la Escuela de Dise\u00f1o.)\n\nLas tres salidas del desfile dedicadas a China, Turqu\u00eda y Persia representan una celebraci\u00f3n de Occidente y Oriente, inspirada en las antiguas rutas que serpenteaban desde la actual Turqu\u00eda a trav\u00e9s de Medio Oriente, Asia Central, Persia, Cachemira, El T\u00edbet, Nepal, India y China. Collages de patrones y rayas, colores audaces y una silueta rom\u00e1ntica son el sello de la colecci\u00f3n. El rector de La Escuela, Stephen D. Kaplan en su mensaje escrito agradeci\u00f3 de manera muy especial a la dise\u00f1adora neoyorquina Kay Unger, quien ha sido charlista invitada y ha trabajado con los estudiantes anteriormente, su incre\u00edble y generosa donaci\u00f3n de telas suntuosas y adornos, lo cual hizo posible mucho del trabajo presentado en pasarela.\n\n<img data-recalc-dims=\"1\" loading=\"lazy\" decoding=\"async\" class=\"alignleft\" style=\"margin-left: 15px; margin-right: 15px;\" title=\"estilo_2011_casadecampo_altosdechavon\" src=\"https:\/\/i0.wp.com\/casadecampoliving.com\/wp-content\/uploads\/2022\/10\/estilo_2011_casadecampo_altosdechavon1.jpg?resize=180%2C285&#038;ssl=1\" alt=\"\" width=\"180\" height=\"285\" \/>\n\nLos cr\u00edticos invitados, Leonardo De Armas, Jos\u00e9 Jhan y Julio Marcano entregaron los premios especiales del desfile, los Dedales de \u00c1mbar y Plata, uno por cada salida. Este es un premio otorgado a la excelencia, tomando en cuenta el desarrollo individual de la pieza, desde la conceptualizaci\u00f3n hasta su confecci\u00f3n. Los Dedales recayeron en Seami Lee, en la primera salida correspondiente a China; Connie de La Cruz en la segunda salida dedicada a Persia y Rodolfo Caraballo, en la tercera salida de la noche, bajo el nombre de Turqu\u00eda. La muy codiciada beca para proseguir estudios conducentes al grado de licenciatura en Parsons The New School for Design, en Nueva York fue otorgada a las estudiantes Kaori Sone y Connie de la Cruz. Estas dos becas para la carrera de Moda hab\u00edan sido anunciadas con anterioridad al desfile.\n\n<a href=\"https:\/\/i0.wp.com\/casadecampoliving-wp.s3-accelerate.amazonaws.com\/2011\/05\/IMG_3873.jpg?ssl=1\"><img data-recalc-dims=\"1\" loading=\"lazy\" decoding=\"async\" class=\"alignright size-medium wp-image-28966\" style=\"margin-left: 15px; margin-right: 15px;\" title=\"IMG_3873\" src=\"https:\/\/i0.wp.com\/casadecampoliving.com\/wp-content\/uploads\/2022\/10\/IMG_3873-232x300-2.jpg?resize=232%2C300&#038;ssl=1\" alt=\"\" width=\"232\" height=\"300\" \/><\/a>Las modelos del desfile lucieron un regio maquillaje, aporte de Daniel Espinal, C. Por A. El equipo de maquilladores estuvo dirigido por Jochy Campusano para COVERGIRL mientras que el equipo de estilismo de Herbal Essences, dirigido por Karen Bonilla, estuvo a cargo del cuidado del cabello. Este apoyo procura proyectar los esfuerzos en pasarela de los j\u00f3venes reci\u00e9n graduados. Laura Guerrero, directora de la carrera fue la coordinadora general del desfile.\n\nLos invitados especiales internacionales para el desfile y los actos de graduaci\u00f3n, representantes de la Fundaci\u00f3n Universitaria del Area Andina, en Colombia fueron Hernando Velazquez, director internacional de relaciones internacionales; Mar\u00eda Victoria Tovar, directora del departamento de Moda y Mary Evelyn Ruiz, profesora del departamento, quien ha visitado La Escuela anteriormente como charlista invitada. Tres estudiantes de este importante centro de estudios estuvieron realizando la especialidad en La Escuela de Dise\u00f1o, presentando sus propuestas de dise\u00f1o junto a sus compa\u00f1eros. Parsons The New School for Design estuvo representada por Anne Gaines, decana asociada de programas especiales y educaci\u00f3n continua, SPACE, por sus siglas en ingl\u00e9s.\n\nFotos de los estudiantes con sus creaciones:\n\n<strong>\n<figure class=\"wp-block-gallery has-nested-images columns-default is-cropped wp-block-gallery-1 is-layout-flex wp-block-gallery-is-layout-flex\">\n<figure class=\"wp-block-image size-large\"><img data-recalc-dims=\"1\" loading=\"lazy\" decoding=\"async\" width=\"600\" height=\"800\" data-id=\"380148\" src=\"https:\/\/i0.wp.com\/casadecampoliving.com\/wp-content\/uploads\/2022\/10\/img_3822.jpg?resize=600%2C800&#038;ssl=1\" alt=\"\" class=\"wp-image-380148\" srcset=\"https:\/\/i0.wp.com\/casadecampoliving.com\/wp-content\/uploads\/2022\/10\/img_3822.jpg?w=600&amp;ssl=1 600w, https:\/\/i0.wp.com\/casadecampoliving.com\/wp-content\/uploads\/2022\/10\/img_3822.jpg?resize=225%2C300&amp;ssl=1 225w, https:\/\/i0.wp.com\/casadecampoliving.com\/wp-content\/uploads\/2022\/10\/img_3822.jpg?resize=300%2C400&amp;ssl=1 300w, https:\/\/i0.wp.com\/casadecampoliving.com\/wp-content\/uploads\/2022\/10\/img_3822.jpg?resize=150%2C200&amp;ssl=1 150w, https:\/\/i0.wp.com\/casadecampoliving.com\/wp-content\/uploads\/2022\/10\/img_3822.jpg?resize=400%2C533&amp;ssl=1 400w, https:\/\/i0.wp.com\/casadecampoliving.com\/wp-content\/uploads\/2022\/10\/img_3822.jpg?w=370&amp;ssl=1 370w\" sizes=\"auto, (max-width: 600px) 100vw, 600px\" \/><\/figure>\n\n\n\n<figure class=\"wp-block-image size-large\"><img data-recalc-dims=\"1\" loading=\"lazy\" decoding=\"async\" width=\"465\" height=\"800\" data-id=\"380150\" src=\"https:\/\/i0.wp.com\/casadecampoliving.com\/wp-content\/uploads\/2022\/10\/img_3824.jpg?resize=465%2C800&#038;ssl=1\" alt=\"\" class=\"wp-image-380150\" srcset=\"https:\/\/i0.wp.com\/casadecampoliving.com\/wp-content\/uploads\/2022\/10\/img_3824.jpg?w=465&amp;ssl=1 465w, https:\/\/i0.wp.com\/casadecampoliving.com\/wp-content\/uploads\/2022\/10\/img_3824.jpg?resize=174%2C300&amp;ssl=1 174w, https:\/\/i0.wp.com\/casadecampoliving.com\/wp-content\/uploads\/2022\/10\/img_3824.jpg?resize=400%2C688&amp;ssl=1 400w, https:\/\/i0.wp.com\/casadecampoliving.com\/wp-content\/uploads\/2022\/10\/img_3824.jpg?resize=150%2C258&amp;ssl=1 150w, https:\/\/i0.wp.com\/casadecampoliving.com\/wp-content\/uploads\/2022\/10\/img_3824.jpg?w=370&amp;ssl=1 370w\" sizes=\"auto, (max-width: 465px) 100vw, 465px\" \/><\/figure>\n\n\n\n<figure class=\"wp-block-image size-large\"><img data-recalc-dims=\"1\" loading=\"lazy\" decoding=\"async\" width=\"468\" height=\"800\" data-id=\"380152\" src=\"https:\/\/i0.wp.com\/casadecampoliving.com\/wp-content\/uploads\/2022\/10\/img_3827-2.jpg?resize=468%2C800&#038;ssl=1\" alt=\"\" class=\"wp-image-380152\" srcset=\"https:\/\/i0.wp.com\/casadecampoliving.com\/wp-content\/uploads\/2022\/10\/img_3827-2.jpg?w=468&amp;ssl=1 468w, https:\/\/i0.wp.com\/casadecampoliving.com\/wp-content\/uploads\/2022\/10\/img_3827-2.jpg?resize=176%2C300&amp;ssl=1 176w, https:\/\/i0.wp.com\/casadecampoliving.com\/wp-content\/uploads\/2022\/10\/img_3827-2.jpg?resize=400%2C684&amp;ssl=1 400w, https:\/\/i0.wp.com\/casadecampoliving.com\/wp-content\/uploads\/2022\/10\/img_3827-2.jpg?resize=150%2C256&amp;ssl=1 150w, https:\/\/i0.wp.com\/casadecampoliving.com\/wp-content\/uploads\/2022\/10\/img_3827-2.jpg?w=370&amp;ssl=1 370w\" sizes=\"auto, (max-width: 468px) 100vw, 468px\" \/><\/figure>\n\n\n\n<figure class=\"wp-block-image size-large\"><img data-recalc-dims=\"1\" loading=\"lazy\" decoding=\"async\" width=\"474\" height=\"800\" data-id=\"380154\" src=\"https:\/\/i0.wp.com\/casadecampoliving.com\/wp-content\/uploads\/2022\/10\/img_3829.jpg?resize=474%2C800&#038;ssl=1\" alt=\"\" class=\"wp-image-380154\" srcset=\"https:\/\/i0.wp.com\/casadecampoliving.com\/wp-content\/uploads\/2022\/10\/img_3829.jpg?w=474&amp;ssl=1 474w, https:\/\/i0.wp.com\/casadecampoliving.com\/wp-content\/uploads\/2022\/10\/img_3829.jpg?resize=178%2C300&amp;ssl=1 178w, https:\/\/i0.wp.com\/casadecampoliving.com\/wp-content\/uploads\/2022\/10\/img_3829.jpg?resize=400%2C675&amp;ssl=1 400w, https:\/\/i0.wp.com\/casadecampoliving.com\/wp-content\/uploads\/2022\/10\/img_3829.jpg?resize=150%2C253&amp;ssl=1 150w, https:\/\/i0.wp.com\/casadecampoliving.com\/wp-content\/uploads\/2022\/10\/img_3829.jpg?w=370&amp;ssl=1 370w\" sizes=\"auto, (max-width: 474px) 100vw, 474px\" \/><\/figure>\n\n\n\n<figure class=\"wp-block-image size-large\"><img data-recalc-dims=\"1\" loading=\"lazy\" decoding=\"async\" width=\"492\" height=\"800\" data-id=\"380156\" src=\"https:\/\/i0.wp.com\/casadecampoliving.com\/wp-content\/uploads\/2022\/10\/img_3832.jpg?resize=492%2C800&#038;ssl=1\" alt=\"\" class=\"wp-image-380156\" srcset=\"https:\/\/i0.wp.com\/casadecampoliving.com\/wp-content\/uploads\/2022\/10\/img_3832.jpg?w=492&amp;ssl=1 492w, https:\/\/i0.wp.com\/casadecampoliving.com\/wp-content\/uploads\/2022\/10\/img_3832.jpg?resize=185%2C300&amp;ssl=1 185w, https:\/\/i0.wp.com\/casadecampoliving.com\/wp-content\/uploads\/2022\/10\/img_3832.jpg?resize=400%2C650&amp;ssl=1 400w, https:\/\/i0.wp.com\/casadecampoliving.com\/wp-content\/uploads\/2022\/10\/img_3832.jpg?resize=150%2C244&amp;ssl=1 150w, https:\/\/i0.wp.com\/casadecampoliving.com\/wp-content\/uploads\/2022\/10\/img_3832.jpg?w=370&amp;ssl=1 370w\" sizes=\"auto, (max-width: 492px) 100vw, 492px\" \/><\/figure>\n\n\n\n<figure class=\"wp-block-image size-large\"><img data-recalc-dims=\"1\" loading=\"lazy\" decoding=\"async\" width=\"566\" height=\"800\" data-id=\"380158\" src=\"https:\/\/i0.wp.com\/casadecampoliving.com\/wp-content\/uploads\/2022\/10\/img_3837.jpg?resize=566%2C800&#038;ssl=1\" alt=\"\" class=\"wp-image-380158\" srcset=\"https:\/\/i0.wp.com\/casadecampoliving.com\/wp-content\/uploads\/2022\/10\/img_3837.jpg?w=566&amp;ssl=1 566w, https:\/\/i0.wp.com\/casadecampoliving.com\/wp-content\/uploads\/2022\/10\/img_3837.jpg?resize=212%2C300&amp;ssl=1 212w, https:\/\/i0.wp.com\/casadecampoliving.com\/wp-content\/uploads\/2022\/10\/img_3837.jpg?resize=400%2C565&amp;ssl=1 400w, https:\/\/i0.wp.com\/casadecampoliving.com\/wp-content\/uploads\/2022\/10\/img_3837.jpg?resize=150%2C212&amp;ssl=1 150w, https:\/\/i0.wp.com\/casadecampoliving.com\/wp-content\/uploads\/2022\/10\/img_3837.jpg?w=370&amp;ssl=1 370w\" sizes=\"auto, (max-width: 566px) 100vw, 566px\" \/><\/figure>\n\n\n\n<figure class=\"wp-block-image size-large\"><img data-recalc-dims=\"1\" loading=\"lazy\" decoding=\"async\" width=\"492\" height=\"800\" data-id=\"380160\" src=\"https:\/\/i0.wp.com\/casadecampoliving.com\/wp-content\/uploads\/2022\/10\/img_3839.jpg?resize=492%2C800&#038;ssl=1\" alt=\"\" class=\"wp-image-380160\" srcset=\"https:\/\/i0.wp.com\/casadecampoliving.com\/wp-content\/uploads\/2022\/10\/img_3839.jpg?w=492&amp;ssl=1 492w, https:\/\/i0.wp.com\/casadecampoliving.com\/wp-content\/uploads\/2022\/10\/img_3839.jpg?resize=185%2C300&amp;ssl=1 185w, https:\/\/i0.wp.com\/casadecampoliving.com\/wp-content\/uploads\/2022\/10\/img_3839.jpg?resize=400%2C650&amp;ssl=1 400w, https:\/\/i0.wp.com\/casadecampoliving.com\/wp-content\/uploads\/2022\/10\/img_3839.jpg?resize=150%2C244&amp;ssl=1 150w, https:\/\/i0.wp.com\/casadecampoliving.com\/wp-content\/uploads\/2022\/10\/img_3839.jpg?w=370&amp;ssl=1 370w\" sizes=\"auto, (max-width: 492px) 100vw, 492px\" \/><\/figure>\n\n\n\n<figure class=\"wp-block-image size-large\"><img data-recalc-dims=\"1\" loading=\"lazy\" decoding=\"async\" width=\"597\" height=\"800\" data-id=\"380162\" src=\"https:\/\/i0.wp.com\/casadecampoliving.com\/wp-content\/uploads\/2022\/10\/img_3840.jpg?resize=597%2C800&#038;ssl=1\" alt=\"\" class=\"wp-image-380162\" srcset=\"https:\/\/i0.wp.com\/casadecampoliving.com\/wp-content\/uploads\/2022\/10\/img_3840.jpg?w=597&amp;ssl=1 597w, https:\/\/i0.wp.com\/casadecampoliving.com\/wp-content\/uploads\/2022\/10\/img_3840.jpg?resize=224%2C300&amp;ssl=1 224w, https:\/\/i0.wp.com\/casadecampoliving.com\/wp-content\/uploads\/2022\/10\/img_3840.jpg?resize=150%2C201&amp;ssl=1 150w, https:\/\/i0.wp.com\/casadecampoliving.com\/wp-content\/uploads\/2022\/10\/img_3840.jpg?resize=400%2C536&amp;ssl=1 400w, https:\/\/i0.wp.com\/casadecampoliving.com\/wp-content\/uploads\/2022\/10\/img_3840.jpg?w=370&amp;ssl=1 370w\" sizes=\"auto, (max-width: 597px) 100vw, 597px\" \/><\/figure>\n\n\n\n<figure class=\"wp-block-image size-large\"><img data-recalc-dims=\"1\" loading=\"lazy\" decoding=\"async\" width=\"426\" height=\"800\" data-id=\"380164\" src=\"https:\/\/i0.wp.com\/casadecampoliving.com\/wp-content\/uploads\/2022\/10\/img_3842.jpg?resize=426%2C800&#038;ssl=1\" alt=\"\" class=\"wp-image-380164\" srcset=\"https:\/\/i0.wp.com\/casadecampoliving.com\/wp-content\/uploads\/2022\/10\/img_3842.jpg?w=426&amp;ssl=1 426w, https:\/\/i0.wp.com\/casadecampoliving.com\/wp-content\/uploads\/2022\/10\/img_3842.jpg?resize=160%2C300&amp;ssl=1 160w, https:\/\/i0.wp.com\/casadecampoliving.com\/wp-content\/uploads\/2022\/10\/img_3842.jpg?resize=400%2C751&amp;ssl=1 400w, https:\/\/i0.wp.com\/casadecampoliving.com\/wp-content\/uploads\/2022\/10\/img_3842.jpg?resize=150%2C282&amp;ssl=1 150w, https:\/\/i0.wp.com\/casadecampoliving.com\/wp-content\/uploads\/2022\/10\/img_3842.jpg?w=370&amp;ssl=1 370w\" sizes=\"auto, (max-width: 426px) 100vw, 426px\" \/><\/figure>\n\n\n\n<figure class=\"wp-block-image size-large\"><img data-recalc-dims=\"1\" loading=\"lazy\" decoding=\"async\" width=\"462\" height=\"800\" data-id=\"380166\" src=\"https:\/\/i0.wp.com\/casadecampoliving.com\/wp-content\/uploads\/2022\/10\/img_3843.jpg?resize=462%2C800&#038;ssl=1\" alt=\"\" class=\"wp-image-380166\" srcset=\"https:\/\/i0.wp.com\/casadecampoliving.com\/wp-content\/uploads\/2022\/10\/img_3843.jpg?w=462&amp;ssl=1 462w, https:\/\/i0.wp.com\/casadecampoliving.com\/wp-content\/uploads\/2022\/10\/img_3843.jpg?resize=173%2C300&amp;ssl=1 173w, https:\/\/i0.wp.com\/casadecampoliving.com\/wp-content\/uploads\/2022\/10\/img_3843.jpg?resize=400%2C693&amp;ssl=1 400w, https:\/\/i0.wp.com\/casadecampoliving.com\/wp-content\/uploads\/2022\/10\/img_3843.jpg?resize=150%2C260&amp;ssl=1 150w, https:\/\/i0.wp.com\/casadecampoliving.com\/wp-content\/uploads\/2022\/10\/img_3843.jpg?w=370&amp;ssl=1 370w\" sizes=\"auto, (max-width: 462px) 100vw, 462px\" \/><\/figure>\n\n\n\n<figure class=\"wp-block-image size-large\"><img data-recalc-dims=\"1\" loading=\"lazy\" decoding=\"async\" width=\"641\" height=\"800\" data-id=\"380168\" src=\"https:\/\/i0.wp.com\/casadecampoliving.com\/wp-content\/uploads\/2022\/10\/img_3846.jpg?resize=641%2C800&#038;ssl=1\" alt=\"\" class=\"wp-image-380168\" srcset=\"https:\/\/i0.wp.com\/casadecampoliving.com\/wp-content\/uploads\/2022\/10\/img_3846.jpg?w=641&amp;ssl=1 641w, https:\/\/i0.wp.com\/casadecampoliving.com\/wp-content\/uploads\/2022\/10\/img_3846.jpg?resize=240%2C300&amp;ssl=1 240w, https:\/\/i0.wp.com\/casadecampoliving.com\/wp-content\/uploads\/2022\/10\/img_3846.jpg?resize=400%2C499&amp;ssl=1 400w, https:\/\/i0.wp.com\/casadecampoliving.com\/wp-content\/uploads\/2022\/10\/img_3846.jpg?resize=150%2C187&amp;ssl=1 150w, https:\/\/i0.wp.com\/casadecampoliving.com\/wp-content\/uploads\/2022\/10\/img_3846.jpg?w=370&amp;ssl=1 370w\" sizes=\"auto, (max-width: 641px) 100vw, 641px\" \/><\/figure>\n\n\n\n<figure class=\"wp-block-image size-large\"><img data-recalc-dims=\"1\" loading=\"lazy\" decoding=\"async\" width=\"543\" height=\"800\" data-id=\"380170\" src=\"https:\/\/i0.wp.com\/casadecampoliving.com\/wp-content\/uploads\/2022\/10\/img_3848.jpg?resize=543%2C800&#038;ssl=1\" alt=\"\" class=\"wp-image-380170\" srcset=\"https:\/\/i0.wp.com\/casadecampoliving.com\/wp-content\/uploads\/2022\/10\/img_3848.jpg?w=543&amp;ssl=1 543w, https:\/\/i0.wp.com\/casadecampoliving.com\/wp-content\/uploads\/2022\/10\/img_3848.jpg?resize=204%2C300&amp;ssl=1 204w, https:\/\/i0.wp.com\/casadecampoliving.com\/wp-content\/uploads\/2022\/10\/img_3848.jpg?resize=400%2C589&amp;ssl=1 400w, https:\/\/i0.wp.com\/casadecampoliving.com\/wp-content\/uploads\/2022\/10\/img_3848.jpg?resize=150%2C221&amp;ssl=1 150w, https:\/\/i0.wp.com\/casadecampoliving.com\/wp-content\/uploads\/2022\/10\/img_3848.jpg?w=370&amp;ssl=1 370w\" sizes=\"auto, (max-width: 543px) 100vw, 543px\" \/><\/figure>\n\n\n\n<figure class=\"wp-block-image size-large\"><img data-recalc-dims=\"1\" loading=\"lazy\" decoding=\"async\" width=\"530\" height=\"800\" data-id=\"380172\" src=\"https:\/\/i0.wp.com\/casadecampoliving.com\/wp-content\/uploads\/2022\/10\/img_3852.jpg?resize=530%2C800&#038;ssl=1\" alt=\"\" class=\"wp-image-380172\" srcset=\"https:\/\/i0.wp.com\/casadecampoliving.com\/wp-content\/uploads\/2022\/10\/img_3852.jpg?w=530&amp;ssl=1 530w, https:\/\/i0.wp.com\/casadecampoliving.com\/wp-content\/uploads\/2022\/10\/img_3852.jpg?resize=199%2C300&amp;ssl=1 199w, https:\/\/i0.wp.com\/casadecampoliving.com\/wp-content\/uploads\/2022\/10\/img_3852.jpg?resize=400%2C604&amp;ssl=1 400w, https:\/\/i0.wp.com\/casadecampoliving.com\/wp-content\/uploads\/2022\/10\/img_3852.jpg?resize=150%2C226&amp;ssl=1 150w, https:\/\/i0.wp.com\/casadecampoliving.com\/wp-content\/uploads\/2022\/10\/img_3852.jpg?w=370&amp;ssl=1 370w\" sizes=\"auto, (max-width: 530px) 100vw, 530px\" \/><\/figure>\n\n\n\n<figure class=\"wp-block-image size-large\"><img data-recalc-dims=\"1\" loading=\"lazy\" decoding=\"async\" width=\"436\" height=\"800\" data-id=\"380174\" src=\"https:\/\/i0.wp.com\/casadecampoliving.com\/wp-content\/uploads\/2022\/10\/img_3855.jpg?resize=436%2C800&#038;ssl=1\" alt=\"\" class=\"wp-image-380174\" srcset=\"https:\/\/i0.wp.com\/casadecampoliving.com\/wp-content\/uploads\/2022\/10\/img_3855.jpg?w=436&amp;ssl=1 436w, https:\/\/i0.wp.com\/casadecampoliving.com\/wp-content\/uploads\/2022\/10\/img_3855.jpg?resize=164%2C300&amp;ssl=1 164w, https:\/\/i0.wp.com\/casadecampoliving.com\/wp-content\/uploads\/2022\/10\/img_3855.jpg?resize=400%2C734&amp;ssl=1 400w, https:\/\/i0.wp.com\/casadecampoliving.com\/wp-content\/uploads\/2022\/10\/img_3855.jpg?resize=150%2C275&amp;ssl=1 150w, https:\/\/i0.wp.com\/casadecampoliving.com\/wp-content\/uploads\/2022\/10\/img_3855.jpg?w=370&amp;ssl=1 370w\" sizes=\"auto, (max-width: 436px) 100vw, 436px\" \/><\/figure>\n\n\n\n<figure class=\"wp-block-image size-large\"><img data-recalc-dims=\"1\" loading=\"lazy\" decoding=\"async\" width=\"585\" height=\"800\" data-id=\"380176\" src=\"https:\/\/i0.wp.com\/casadecampoliving.com\/wp-content\/uploads\/2022\/10\/img_3858.jpg?resize=585%2C800&#038;ssl=1\" alt=\"\" class=\"wp-image-380176\" srcset=\"https:\/\/i0.wp.com\/casadecampoliving.com\/wp-content\/uploads\/2022\/10\/img_3858.jpg?w=585&amp;ssl=1 585w, https:\/\/i0.wp.com\/casadecampoliving.com\/wp-content\/uploads\/2022\/10\/img_3858.jpg?resize=219%2C300&amp;ssl=1 219w, https:\/\/i0.wp.com\/casadecampoliving.com\/wp-content\/uploads\/2022\/10\/img_3858.jpg?resize=400%2C547&amp;ssl=1 400w, https:\/\/i0.wp.com\/casadecampoliving.com\/wp-content\/uploads\/2022\/10\/img_3858.jpg?resize=150%2C205&amp;ssl=1 150w, https:\/\/i0.wp.com\/casadecampoliving.com\/wp-content\/uploads\/2022\/10\/img_3858.jpg?w=370&amp;ssl=1 370w\" sizes=\"auto, (max-width: 585px) 100vw, 585px\" \/><\/figure>\n\n\n\n<figure class=\"wp-block-image size-large\"><img data-recalc-dims=\"1\" loading=\"lazy\" decoding=\"async\" width=\"500\" height=\"800\" data-id=\"380178\" src=\"https:\/\/i0.wp.com\/casadecampoliving.com\/wp-content\/uploads\/2022\/10\/img_3859.jpg?resize=500%2C800&#038;ssl=1\" alt=\"\" class=\"wp-image-380178\" srcset=\"https:\/\/i0.wp.com\/casadecampoliving.com\/wp-content\/uploads\/2022\/10\/img_3859.jpg?w=500&amp;ssl=1 500w, https:\/\/i0.wp.com\/casadecampoliving.com\/wp-content\/uploads\/2022\/10\/img_3859.jpg?resize=188%2C300&amp;ssl=1 188w, https:\/\/i0.wp.com\/casadecampoliving.com\/wp-content\/uploads\/2022\/10\/img_3859.jpg?resize=400%2C640&amp;ssl=1 400w, https:\/\/i0.wp.com\/casadecampoliving.com\/wp-content\/uploads\/2022\/10\/img_3859.jpg?resize=150%2C240&amp;ssl=1 150w, https:\/\/i0.wp.com\/casadecampoliving.com\/wp-content\/uploads\/2022\/10\/img_3859.jpg?w=370&amp;ssl=1 370w\" sizes=\"auto, (max-width: 500px) 100vw, 500px\" \/><\/figure>\n\n\n\n<figure class=\"wp-block-image size-large\"><img data-recalc-dims=\"1\" loading=\"lazy\" decoding=\"async\" width=\"542\" height=\"800\" data-id=\"380180\" src=\"https:\/\/i0.wp.com\/casadecampoliving.com\/wp-content\/uploads\/2022\/10\/img_3863.jpg?resize=542%2C800&#038;ssl=1\" alt=\"\" class=\"wp-image-380180\" srcset=\"https:\/\/i0.wp.com\/casadecampoliving.com\/wp-content\/uploads\/2022\/10\/img_3863.jpg?w=542&amp;ssl=1 542w, https:\/\/i0.wp.com\/casadecampoliving.com\/wp-content\/uploads\/2022\/10\/img_3863.jpg?resize=203%2C300&amp;ssl=1 203w, https:\/\/i0.wp.com\/casadecampoliving.com\/wp-content\/uploads\/2022\/10\/img_3863.jpg?resize=400%2C590&amp;ssl=1 400w, https:\/\/i0.wp.com\/casadecampoliving.com\/wp-content\/uploads\/2022\/10\/img_3863.jpg?resize=150%2C221&amp;ssl=1 150w, https:\/\/i0.wp.com\/casadecampoliving.com\/wp-content\/uploads\/2022\/10\/img_3863.jpg?w=370&amp;ssl=1 370w\" sizes=\"auto, (max-width: 542px) 100vw, 542px\" \/><\/figure>\n\n\n\n<figure class=\"wp-block-image size-large\"><img data-recalc-dims=\"1\" loading=\"lazy\" decoding=\"async\" width=\"544\" height=\"800\" data-id=\"380182\" src=\"https:\/\/i0.wp.com\/casadecampoliving.com\/wp-content\/uploads\/2022\/10\/img_3865-1.jpg?resize=544%2C800&#038;ssl=1\" alt=\"\" class=\"wp-image-380182\" srcset=\"https:\/\/i0.wp.com\/casadecampoliving.com\/wp-content\/uploads\/2022\/10\/img_3865-1.jpg?w=544&amp;ssl=1 544w, https:\/\/i0.wp.com\/casadecampoliving.com\/wp-content\/uploads\/2022\/10\/img_3865-1.jpg?resize=204%2C300&amp;ssl=1 204w, https:\/\/i0.wp.com\/casadecampoliving.com\/wp-content\/uploads\/2022\/10\/img_3865-1.jpg?resize=400%2C588&amp;ssl=1 400w, https:\/\/i0.wp.com\/casadecampoliving.com\/wp-content\/uploads\/2022\/10\/img_3865-1.jpg?resize=150%2C221&amp;ssl=1 150w, https:\/\/i0.wp.com\/casadecampoliving.com\/wp-content\/uploads\/2022\/10\/img_3865-1.jpg?w=370&amp;ssl=1 370w\" sizes=\"auto, (max-width: 544px) 100vw, 544px\" \/><\/figure>\n\n\n\n<figure class=\"wp-block-image size-large\"><img data-recalc-dims=\"1\" loading=\"lazy\" decoding=\"async\" width=\"477\" height=\"800\" data-id=\"380184\" src=\"https:\/\/i0.wp.com\/casadecampoliving.com\/wp-content\/uploads\/2022\/10\/img_3869.jpg?resize=477%2C800&#038;ssl=1\" alt=\"\" class=\"wp-image-380184\" srcset=\"https:\/\/i0.wp.com\/casadecampoliving.com\/wp-content\/uploads\/2022\/10\/img_3869.jpg?w=477&amp;ssl=1 477w, https:\/\/i0.wp.com\/casadecampoliving.com\/wp-content\/uploads\/2022\/10\/img_3869.jpg?resize=179%2C300&amp;ssl=1 179w, https:\/\/i0.wp.com\/casadecampoliving.com\/wp-content\/uploads\/2022\/10\/img_3869.jpg?resize=400%2C671&amp;ssl=1 400w, https:\/\/i0.wp.com\/casadecampoliving.com\/wp-content\/uploads\/2022\/10\/img_3869.jpg?resize=150%2C252&amp;ssl=1 150w, https:\/\/i0.wp.com\/casadecampoliving.com\/wp-content\/uploads\/2022\/10\/img_3869.jpg?w=370&amp;ssl=1 370w\" sizes=\"auto, (max-width: 477px) 100vw, 477px\" \/><\/figure>\n\n\n\n<figure class=\"wp-block-image size-large\"><img data-recalc-dims=\"1\" loading=\"lazy\" decoding=\"async\" width=\"627\" height=\"800\" data-id=\"380186\" src=\"https:\/\/i0.wp.com\/casadecampoliving.com\/wp-content\/uploads\/2022\/10\/img_3871.jpg?resize=627%2C800&#038;ssl=1\" alt=\"\" class=\"wp-image-380186\" srcset=\"https:\/\/i0.wp.com\/casadecampoliving.com\/wp-content\/uploads\/2022\/10\/img_3871.jpg?w=627&amp;ssl=1 627w, https:\/\/i0.wp.com\/casadecampoliving.com\/wp-content\/uploads\/2022\/10\/img_3871.jpg?resize=235%2C300&amp;ssl=1 235w, https:\/\/i0.wp.com\/casadecampoliving.com\/wp-content\/uploads\/2022\/10\/img_3871.jpg?resize=400%2C510&amp;ssl=1 400w, https:\/\/i0.wp.com\/casadecampoliving.com\/wp-content\/uploads\/2022\/10\/img_3871.jpg?resize=150%2C191&amp;ssl=1 150w, https:\/\/i0.wp.com\/casadecampoliving.com\/wp-content\/uploads\/2022\/10\/img_3871.jpg?w=370&amp;ssl=1 370w\" sizes=\"auto, (max-width: 627px) 100vw, 627px\" \/><\/figure>\n<\/figure>\n<\/strong>\n\nFotos del show:\n\n<strong><strong>[nggallery id=872]<\/strong><\/strong>\n<blockquote><span style=\"font-weight: 800;\">\n<\/span>\n\n<strong>A DESCARGAR LAS FOTOS<\/strong>\n1. Haz click derecho cuando la foto es peque\u00f1a\n2. Elige la opci\u00f3n \u2019Abrir link en la nueva tabla\u2019 o \u2018Open link in new tab\u2019\n3. Haz click derecho en la foto y elige \u2018Guardar foto\u2019 o \u2018Save photo as\u2019\n\n<strong><strong>\n<\/strong><\/strong><\/blockquote>","protected":false},"excerpt":{"rendered":"<p>Fue celebrado recientemente en el Centro de Convenciones de Casa de Campo, La Romana, el desfile de los estudiantes de la carrera de Dise\u00f1o de Moda, de La Escuela de Dise\u00f1o Estilo 2011\/La Ruta de la Seda.<\/p>\n","protected":false},"author":31,"featured_media":261245,"comment_status":"closed","ping_status":"open","sticky":false,"template":"","format":"standard","meta":{"newspack_ads_suppress_ads":false,"newspack_popups_has_disabled_popups":false,"newspack_sponsor_sponsorship_scope":"","newspack_sponsor_native_byline_display":"inherit","newspack_sponsor_native_category_display":"inherit","newspack_sponsor_underwriter_style":"inherit","newspack_sponsor_underwriter_placement":"inherit","_newspack_byline_active":false,"_newspack_byline":"","newspack_content_restriction_is_exempt":false,"newspack_featured_image_position":"","newspack_post_subtitle":"","newspack_article_summary_title":"Overview:","newspack_article_summary":"","newspack_hide_updated_date":false,"newspack_show_updated_date":false,"_jetpack_memberships_contains_paid_content":false,"footnotes":"","jetpack_publicize_message":"","jetpack_publicize_feature_enabled":true,"jetpack_social_post_already_shared":false,"jetpack_social_options":{"image_generator_settings":{"template":"highway","default_image_id":0,"font":"","enabled":false},"version":2},"_wpas_customize_per_network":false},"categories":[56,45,2521,2522,14631,14625,14627],"tags":[1497,23815,1954,235],"newspack_spnsrs_tax":[],"class_list":["post-320119","post","type-post","status-publish","format-standard","has-post-thumbnail","hentry","category-altos-de-chavon","category-art-and-culture","category-republica-dominicana-2","category-eventos-es","category-estilo-de-vida","category-noticias-locales","category-proximamente","tag-altos-de-chavon-school-of-art-and-design","tag-casa-de-campo-es-17","tag-estilo-2011","tag-fashion-show","entry"],"yoast_head":"<!-- This site is optimized with the Yoast SEO plugin v27.3 - https:\/\/yoast.com\/product\/yoast-seo-wordpress\/ -->\n<title>La Escuela de Dise\u00f1o presenta el desfile Estilo 2011 &#039;La Ruta de Seda&#039; | Casa de Campo Living<\/title>\n<meta name=\"description\" content=\"Fue celebrado recientemente en el Centro de Convenciones de Casa de Campo, La Romana, el desfile de los estudiantes de la carrera de Dise\u00f1o de Moda, de La\" \/>\n<meta name=\"robots\" content=\"index, follow, max-snippet:-1, max-image-preview:large, max-video-preview:-1\" \/>\n<link rel=\"canonical\" href=\"https:\/\/casadecampoliving.com\/es\/la-escuela-de-diseno-presenta-el-desfile-estilo-2011-la-ruta-de-seda\/\" \/>\n<meta property=\"og:locale\" content=\"es_ES\" \/>\n<meta property=\"og:type\" content=\"article\" \/>\n<meta property=\"og:title\" content=\"La Escuela de Dise\u00f1o presenta el desfile Estilo 2011 &#039;La Ruta de Seda&#039; | Casa de Campo Living\" \/>\n<meta property=\"og:description\" content=\"Fue celebrado recientemente en el Centro de Convenciones de Casa de Campo, La Romana, el desfile de los estudiantes de la carrera de Dise\u00f1o de Moda, de La\" \/>\n<meta property=\"og:url\" content=\"https:\/\/casadecampoliving.com\/es\/la-escuela-de-diseno-presenta-el-desfile-estilo-2011-la-ruta-de-seda\/\" \/>\n<meta property=\"og:site_name\" content=\"Casa de Campo Living\" \/>\n<meta property=\"article:publisher\" content=\"https:\/\/www.facebook.com\/casadecampoliving\" \/>\n<meta property=\"article:published_time\" content=\"2011-05-28T04:00:00+00:00\" \/>\n<meta property=\"article:modified_time\" content=\"2022-11-10T14:29:22+00:00\" \/>\n<meta property=\"og:image\" content=\"https:\/\/i0.wp.com\/casadecampoliving.com\/wp-content\/uploads\/2022\/10\/estilo_altos_de_chavon1-1.jpg?fit=565%2C318&ssl=1\" \/>\n\t<meta property=\"og:image:width\" content=\"565\" \/>\n\t<meta property=\"og:image:height\" content=\"318\" \/>\n\t<meta property=\"og:image:type\" content=\"image\/jpeg\" \/>\n<meta name=\"author\" content=\"Rebecca Silvestri\" \/>\n<meta name=\"twitter:card\" content=\"summary_large_image\" \/>\n<meta name=\"twitter:creator\" content=\"@cdcliving\" \/>\n<meta name=\"twitter:site\" content=\"@cdcliving\" \/>\n<meta name=\"twitter:label1\" content=\"Escrito por\" \/>\n\t<meta name=\"twitter:data1\" content=\"Rebecca Silvestri\" \/>\n\t<meta name=\"twitter:label2\" content=\"Tiempo de lectura\" \/>\n\t<meta name=\"twitter:data2\" content=\"3 minutos\" \/>\n<script type=\"application\/ld+json\" class=\"yoast-schema-graph\">{\"@context\":\"https:\\\/\\\/schema.org\",\"@graph\":[{\"@type\":\"Article\",\"@id\":\"https:\\\/\\\/casadecampoliving.com\\\/es\\\/la-escuela-de-diseno-presenta-el-desfile-estilo-2011-la-ruta-de-seda\\\/#article\",\"isPartOf\":{\"@id\":\"https:\\\/\\\/casadecampoliving.com\\\/es\\\/la-escuela-de-diseno-presenta-el-desfile-estilo-2011-la-ruta-de-seda\\\/\"},\"author\":{\"name\":\"Rebecca Silvestri\",\"@id\":\"https:\\\/\\\/casadecampoliving.com\\\/es\\\/#\\\/schema\\\/person\\\/2b2208f3175fa8761e25b272e096d718\"},\"headline\":\"La Escuela de Dise\u00f1o presenta el desfile Estilo 2011 &#8216;La Ruta de Seda&#8217;\",\"datePublished\":\"2011-05-28T04:00:00+00:00\",\"dateModified\":\"2022-11-10T14:29:22+00:00\",\"mainEntityOfPage\":{\"@id\":\"https:\\\/\\\/casadecampoliving.com\\\/es\\\/la-escuela-de-diseno-presenta-el-desfile-estilo-2011-la-ruta-de-seda\\\/\"},\"wordCount\":663,\"publisher\":{\"@id\":\"https:\\\/\\\/casadecampoliving.com\\\/es\\\/#organization\"},\"image\":{\"@id\":\"https:\\\/\\\/casadecampoliving.com\\\/es\\\/la-escuela-de-diseno-presenta-el-desfile-estilo-2011-la-ruta-de-seda\\\/#primaryimage\"},\"thumbnailUrl\":\"https:\\\/\\\/i0.wp.com\\\/casadecampoliving.com\\\/wp-content\\\/uploads\\\/2022\\\/10\\\/estilo_altos_de_chavon1-1.jpg?fit=565%2C318&ssl=1\",\"keywords\":[\"altos de chavon school of art and design\",\"Casa de Campo\",\"estilo 2011\",\"Fashion Show\"],\"articleSection\":[\"Altos de Chavon\",\"Art and Culture\",\"Rep\u00fablica Dominicana @es\",\"Eventos\",\"Estilo de Vida\",\"Noticias Locales\",\"Proximamente\"],\"inLanguage\":\"es\"},{\"@type\":\"WebPage\",\"@id\":\"https:\\\/\\\/casadecampoliving.com\\\/es\\\/la-escuela-de-diseno-presenta-el-desfile-estilo-2011-la-ruta-de-seda\\\/\",\"url\":\"https:\\\/\\\/casadecampoliving.com\\\/es\\\/la-escuela-de-diseno-presenta-el-desfile-estilo-2011-la-ruta-de-seda\\\/\",\"name\":\"La Escuela de Dise\u00f1o presenta el desfile Estilo 2011 'La Ruta de Seda' | Casa de Campo Living\",\"isPartOf\":{\"@id\":\"https:\\\/\\\/casadecampoliving.com\\\/es\\\/#website\"},\"primaryImageOfPage\":{\"@id\":\"https:\\\/\\\/casadecampoliving.com\\\/es\\\/la-escuela-de-diseno-presenta-el-desfile-estilo-2011-la-ruta-de-seda\\\/#primaryimage\"},\"image\":{\"@id\":\"https:\\\/\\\/casadecampoliving.com\\\/es\\\/la-escuela-de-diseno-presenta-el-desfile-estilo-2011-la-ruta-de-seda\\\/#primaryimage\"},\"thumbnailUrl\":\"https:\\\/\\\/i0.wp.com\\\/casadecampoliving.com\\\/wp-content\\\/uploads\\\/2022\\\/10\\\/estilo_altos_de_chavon1-1.jpg?fit=565%2C318&ssl=1\",\"datePublished\":\"2011-05-28T04:00:00+00:00\",\"dateModified\":\"2022-11-10T14:29:22+00:00\",\"description\":\"Fue celebrado recientemente en el Centro de Convenciones de Casa de Campo, La Romana, el desfile de los estudiantes de la carrera de Dise\u00f1o de Moda, de La\",\"breadcrumb\":{\"@id\":\"https:\\\/\\\/casadecampoliving.com\\\/es\\\/la-escuela-de-diseno-presenta-el-desfile-estilo-2011-la-ruta-de-seda\\\/#breadcrumb\"},\"inLanguage\":\"es\",\"potentialAction\":[{\"@type\":\"ReadAction\",\"target\":[\"https:\\\/\\\/casadecampoliving.com\\\/es\\\/la-escuela-de-diseno-presenta-el-desfile-estilo-2011-la-ruta-de-seda\\\/\"]}]},{\"@type\":\"ImageObject\",\"inLanguage\":\"es\",\"@id\":\"https:\\\/\\\/casadecampoliving.com\\\/es\\\/la-escuela-de-diseno-presenta-el-desfile-estilo-2011-la-ruta-de-seda\\\/#primaryimage\",\"url\":\"https:\\\/\\\/i0.wp.com\\\/casadecampoliving.com\\\/wp-content\\\/uploads\\\/2022\\\/10\\\/estilo_altos_de_chavon1-1.jpg?fit=565%2C318&ssl=1\",\"contentUrl\":\"https:\\\/\\\/i0.wp.com\\\/casadecampoliving.com\\\/wp-content\\\/uploads\\\/2022\\\/10\\\/estilo_altos_de_chavon1-1.jpg?fit=565%2C318&ssl=1\",\"width\":565,\"height\":318},{\"@type\":\"BreadcrumbList\",\"@id\":\"https:\\\/\\\/casadecampoliving.com\\\/es\\\/la-escuela-de-diseno-presenta-el-desfile-estilo-2011-la-ruta-de-seda\\\/#breadcrumb\",\"itemListElement\":[{\"@type\":\"ListItem\",\"position\":1,\"name\":\"Home\",\"item\":\"https:\\\/\\\/casadecampoliving.com\\\/es\\\/\"},{\"@type\":\"ListItem\",\"position\":2,\"name\":\"La Escuela de Dise\u00f1o presenta el desfile Estilo 2011 &#8216;La Ruta de Seda&#8217;\"}]},{\"@type\":\"WebSite\",\"@id\":\"https:\\\/\\\/casadecampoliving.com\\\/es\\\/#website\",\"url\":\"https:\\\/\\\/casadecampoliving.com\\\/es\\\/\",\"name\":\"Casa de Campo Living\",\"description\":\"Resort community news and resources.\",\"publisher\":{\"@id\":\"https:\\\/\\\/casadecampoliving.com\\\/es\\\/#organization\"},\"potentialAction\":[{\"@type\":\"SearchAction\",\"target\":{\"@type\":\"EntryPoint\",\"urlTemplate\":\"https:\\\/\\\/casadecampoliving.com\\\/es\\\/?s={search_term_string}\"},\"query-input\":{\"@type\":\"PropertyValueSpecification\",\"valueRequired\":true,\"valueName\":\"search_term_string\"}}],\"inLanguage\":\"es\"},{\"@type\":\"Organization\",\"@id\":\"https:\\\/\\\/casadecampoliving.com\\\/es\\\/#organization\",\"name\":\"Casa de Campo Living\",\"url\":\"https:\\\/\\\/casadecampoliving.com\\\/es\\\/\",\"logo\":{\"@type\":\"ImageObject\",\"inLanguage\":\"es\",\"@id\":\"https:\\\/\\\/casadecampoliving.com\\\/es\\\/#\\\/schema\\\/logo\\\/image\\\/\",\"url\":\"https:\\\/\\\/i0.wp.com\\\/casadecampoliving.com\\\/wp-content\\\/uploads\\\/2022\\\/07\\\/CDCLivingLogo_V1-white-sized.png?fit=800%2C214&ssl=1\",\"contentUrl\":\"https:\\\/\\\/i0.wp.com\\\/casadecampoliving.com\\\/wp-content\\\/uploads\\\/2022\\\/07\\\/CDCLivingLogo_V1-white-sized.png?fit=800%2C214&ssl=1\",\"width\":800,\"height\":214,\"caption\":\"Casa de Campo Living\"},\"image\":{\"@id\":\"https:\\\/\\\/casadecampoliving.com\\\/es\\\/#\\\/schema\\\/logo\\\/image\\\/\"},\"sameAs\":[\"https:\\\/\\\/www.facebook.com\\\/casadecampoliving\",\"https:\\\/\\\/x.com\\\/cdcliving\"]},{\"@type\":\"Person\",\"@id\":\"https:\\\/\\\/casadecampoliving.com\\\/es\\\/#\\\/schema\\\/person\\\/2b2208f3175fa8761e25b272e096d718\",\"name\":\"Rebecca Silvestri\",\"image\":{\"@type\":\"ImageObject\",\"inLanguage\":\"es\",\"@id\":\"https:\\\/\\\/secure.gravatar.com\\\/avatar\\\/2d937fd6c1769fb718dbf8dce9e82bf5f89e97bd028f9b3ea10b931dc7df95c6?s=96&d=mm&r=g\",\"url\":\"https:\\\/\\\/secure.gravatar.com\\\/avatar\\\/2d937fd6c1769fb718dbf8dce9e82bf5f89e97bd028f9b3ea10b931dc7df95c6?s=96&d=mm&r=g\",\"contentUrl\":\"https:\\\/\\\/secure.gravatar.com\\\/avatar\\\/2d937fd6c1769fb718dbf8dce9e82bf5f89e97bd028f9b3ea10b931dc7df95c6?s=96&d=mm&r=g\",\"caption\":\"Rebecca Silvestri\"},\"url\":\"https:\\\/\\\/casadecampoliving.com\\\/es\\\/author\\\/madamehuge\\\/\"}]}<\/script>\n<!-- \/ Yoast SEO plugin. -->","yoast_head_json":{"title":"La Escuela de Dise\u00f1o presenta el desfile Estilo 2011 'La Ruta de Seda' | Casa de Campo Living","description":"Fue celebrado recientemente en el Centro de Convenciones de Casa de Campo, La Romana, el desfile de los estudiantes de la carrera de Dise\u00f1o de Moda, de La","robots":{"index":"index","follow":"follow","max-snippet":"max-snippet:-1","max-image-preview":"max-image-preview:large","max-video-preview":"max-video-preview:-1"},"canonical":"https:\/\/casadecampoliving.com\/es\/la-escuela-de-diseno-presenta-el-desfile-estilo-2011-la-ruta-de-seda\/","og_locale":"es_ES","og_type":"article","og_title":"La Escuela de Dise\u00f1o presenta el desfile Estilo 2011 'La Ruta de Seda' | Casa de Campo Living","og_description":"Fue celebrado recientemente en el Centro de Convenciones de Casa de Campo, La Romana, el desfile de los estudiantes de la carrera de Dise\u00f1o de Moda, de La","og_url":"https:\/\/casadecampoliving.com\/es\/la-escuela-de-diseno-presenta-el-desfile-estilo-2011-la-ruta-de-seda\/","og_site_name":"Casa de Campo Living","article_publisher":"https:\/\/www.facebook.com\/casadecampoliving","article_published_time":"2011-05-28T04:00:00+00:00","article_modified_time":"2022-11-10T14:29:22+00:00","og_image":[{"width":565,"height":318,"url":"https:\/\/i0.wp.com\/casadecampoliving.com\/wp-content\/uploads\/2022\/10\/estilo_altos_de_chavon1-1.jpg?fit=565%2C318&ssl=1","type":"image\/jpeg"}],"author":"Rebecca Silvestri","twitter_card":"summary_large_image","twitter_creator":"@cdcliving","twitter_site":"@cdcliving","twitter_misc":{"Escrito por":"Rebecca Silvestri","Tiempo de lectura":"3 minutos"},"schema":{"@context":"https:\/\/schema.org","@graph":[{"@type":"Article","@id":"https:\/\/casadecampoliving.com\/es\/la-escuela-de-diseno-presenta-el-desfile-estilo-2011-la-ruta-de-seda\/#article","isPartOf":{"@id":"https:\/\/casadecampoliving.com\/es\/la-escuela-de-diseno-presenta-el-desfile-estilo-2011-la-ruta-de-seda\/"},"author":{"name":"Rebecca Silvestri","@id":"https:\/\/casadecampoliving.com\/es\/#\/schema\/person\/2b2208f3175fa8761e25b272e096d718"},"headline":"La Escuela de Dise\u00f1o presenta el desfile Estilo 2011 &#8216;La Ruta de Seda&#8217;","datePublished":"2011-05-28T04:00:00+00:00","dateModified":"2022-11-10T14:29:22+00:00","mainEntityOfPage":{"@id":"https:\/\/casadecampoliving.com\/es\/la-escuela-de-diseno-presenta-el-desfile-estilo-2011-la-ruta-de-seda\/"},"wordCount":663,"publisher":{"@id":"https:\/\/casadecampoliving.com\/es\/#organization"},"image":{"@id":"https:\/\/casadecampoliving.com\/es\/la-escuela-de-diseno-presenta-el-desfile-estilo-2011-la-ruta-de-seda\/#primaryimage"},"thumbnailUrl":"https:\/\/i0.wp.com\/casadecampoliving.com\/wp-content\/uploads\/2022\/10\/estilo_altos_de_chavon1-1.jpg?fit=565%2C318&ssl=1","keywords":["altos de chavon school of art and design","Casa de Campo","estilo 2011","Fashion Show"],"articleSection":["Altos de Chavon","Art and Culture","Rep\u00fablica Dominicana @es","Eventos","Estilo de Vida","Noticias Locales","Proximamente"],"inLanguage":"es"},{"@type":"WebPage","@id":"https:\/\/casadecampoliving.com\/es\/la-escuela-de-diseno-presenta-el-desfile-estilo-2011-la-ruta-de-seda\/","url":"https:\/\/casadecampoliving.com\/es\/la-escuela-de-diseno-presenta-el-desfile-estilo-2011-la-ruta-de-seda\/","name":"La Escuela de Dise\u00f1o presenta el desfile Estilo 2011 'La Ruta de Seda' | Casa de Campo Living","isPartOf":{"@id":"https:\/\/casadecampoliving.com\/es\/#website"},"primaryImageOfPage":{"@id":"https:\/\/casadecampoliving.com\/es\/la-escuela-de-diseno-presenta-el-desfile-estilo-2011-la-ruta-de-seda\/#primaryimage"},"image":{"@id":"https:\/\/casadecampoliving.com\/es\/la-escuela-de-diseno-presenta-el-desfile-estilo-2011-la-ruta-de-seda\/#primaryimage"},"thumbnailUrl":"https:\/\/i0.wp.com\/casadecampoliving.com\/wp-content\/uploads\/2022\/10\/estilo_altos_de_chavon1-1.jpg?fit=565%2C318&ssl=1","datePublished":"2011-05-28T04:00:00+00:00","dateModified":"2022-11-10T14:29:22+00:00","description":"Fue celebrado recientemente en el Centro de Convenciones de Casa de Campo, La Romana, el desfile de los estudiantes de la carrera de Dise\u00f1o de Moda, de La","breadcrumb":{"@id":"https:\/\/casadecampoliving.com\/es\/la-escuela-de-diseno-presenta-el-desfile-estilo-2011-la-ruta-de-seda\/#breadcrumb"},"inLanguage":"es","potentialAction":[{"@type":"ReadAction","target":["https:\/\/casadecampoliving.com\/es\/la-escuela-de-diseno-presenta-el-desfile-estilo-2011-la-ruta-de-seda\/"]}]},{"@type":"ImageObject","inLanguage":"es","@id":"https:\/\/casadecampoliving.com\/es\/la-escuela-de-diseno-presenta-el-desfile-estilo-2011-la-ruta-de-seda\/#primaryimage","url":"https:\/\/i0.wp.com\/casadecampoliving.com\/wp-content\/uploads\/2022\/10\/estilo_altos_de_chavon1-1.jpg?fit=565%2C318&ssl=1","contentUrl":"https:\/\/i0.wp.com\/casadecampoliving.com\/wp-content\/uploads\/2022\/10\/estilo_altos_de_chavon1-1.jpg?fit=565%2C318&ssl=1","width":565,"height":318},{"@type":"BreadcrumbList","@id":"https:\/\/casadecampoliving.com\/es\/la-escuela-de-diseno-presenta-el-desfile-estilo-2011-la-ruta-de-seda\/#breadcrumb","itemListElement":[{"@type":"ListItem","position":1,"name":"Home","item":"https:\/\/casadecampoliving.com\/es\/"},{"@type":"ListItem","position":2,"name":"La Escuela de Dise\u00f1o presenta el desfile Estilo 2011 &#8216;La Ruta de Seda&#8217;"}]},{"@type":"WebSite","@id":"https:\/\/casadecampoliving.com\/es\/#website","url":"https:\/\/casadecampoliving.com\/es\/","name":"Casa de Campo Living","description":"Resort community news and resources.","publisher":{"@id":"https:\/\/casadecampoliving.com\/es\/#organization"},"potentialAction":[{"@type":"SearchAction","target":{"@type":"EntryPoint","urlTemplate":"https:\/\/casadecampoliving.com\/es\/?s={search_term_string}"},"query-input":{"@type":"PropertyValueSpecification","valueRequired":true,"valueName":"search_term_string"}}],"inLanguage":"es"},{"@type":"Organization","@id":"https:\/\/casadecampoliving.com\/es\/#organization","name":"Casa de Campo Living","url":"https:\/\/casadecampoliving.com\/es\/","logo":{"@type":"ImageObject","inLanguage":"es","@id":"https:\/\/casadecampoliving.com\/es\/#\/schema\/logo\/image\/","url":"https:\/\/i0.wp.com\/casadecampoliving.com\/wp-content\/uploads\/2022\/07\/CDCLivingLogo_V1-white-sized.png?fit=800%2C214&ssl=1","contentUrl":"https:\/\/i0.wp.com\/casadecampoliving.com\/wp-content\/uploads\/2022\/07\/CDCLivingLogo_V1-white-sized.png?fit=800%2C214&ssl=1","width":800,"height":214,"caption":"Casa de Campo Living"},"image":{"@id":"https:\/\/casadecampoliving.com\/es\/#\/schema\/logo\/image\/"},"sameAs":["https:\/\/www.facebook.com\/casadecampoliving","https:\/\/x.com\/cdcliving"]},{"@type":"Person","@id":"https:\/\/casadecampoliving.com\/es\/#\/schema\/person\/2b2208f3175fa8761e25b272e096d718","name":"Rebecca Silvestri","image":{"@type":"ImageObject","inLanguage":"es","@id":"https:\/\/secure.gravatar.com\/avatar\/2d937fd6c1769fb718dbf8dce9e82bf5f89e97bd028f9b3ea10b931dc7df95c6?s=96&d=mm&r=g","url":"https:\/\/secure.gravatar.com\/avatar\/2d937fd6c1769fb718dbf8dce9e82bf5f89e97bd028f9b3ea10b931dc7df95c6?s=96&d=mm&r=g","contentUrl":"https:\/\/secure.gravatar.com\/avatar\/2d937fd6c1769fb718dbf8dce9e82bf5f89e97bd028f9b3ea10b931dc7df95c6?s=96&d=mm&r=g","caption":"Rebecca Silvestri"},"url":"https:\/\/casadecampoliving.com\/es\/author\/madamehuge\/"}]}},"parsely":{"version":"1.1.0","canonical_url":"https:\/\/casadecampoliving.com\/es\/la-escuela-de-diseno-presenta-el-desfile-estilo-2011-la-ruta-de-seda\/","smart_links":{"inbound":0,"outbound":0},"traffic_boost_suggestions_count":0,"meta":{"@context":"https:\/\/schema.org","@type":"NewsArticle","headline":"La Escuela de Dise\u00f1o presenta el desfile Estilo 2011 &#8216;La Ruta de Seda&#8217;","url":"http:\/\/casadecampoliving.com\/es\/la-escuela-de-diseno-presenta-el-desfile-estilo-2011-la-ruta-de-seda\/","mainEntityOfPage":{"@type":"WebPage","@id":"http:\/\/casadecampoliving.com\/es\/la-escuela-de-diseno-presenta-el-desfile-estilo-2011-la-ruta-de-seda\/"},"thumbnailUrl":"https:\/\/i0.wp.com\/casadecampoliving.com\/wp-content\/uploads\/2022\/10\/estilo_altos_de_chavon1-1.jpg?resize=150%2C150&ssl=1","image":{"@type":"ImageObject","url":"https:\/\/i0.wp.com\/casadecampoliving.com\/wp-content\/uploads\/2022\/10\/estilo_altos_de_chavon1-1.jpg?fit=565%2C318&ssl=1"},"articleSection":"Altos de Chavon","author":[{"@type":"Person","name":"Rebecca Silvestri"}],"creator":["Rebecca Silvestri"],"publisher":{"@type":"Organization","name":"Casa de Campo Living","logo":"https:\/\/casadecampoliving.com\/wp-content\/uploads\/2022\/07\/CDCLivingLogo_V1-white-sized.png"},"keywords":["altos de chavon school of art and design","casa de campo","estilo 2011","fashion show"],"dateCreated":"2011-05-28T04:00:00Z","datePublished":"2011-05-28T04:00:00Z","dateModified":"2022-11-10T14:29:22Z"},"rendered":"<script type=\"application\/ld+json\" class=\"wp-parsely-metadata\">{\"@context\":\"https:\\\/\\\/schema.org\",\"@type\":\"NewsArticle\",\"headline\":\"La Escuela de Dise\\u00f1o presenta el desfile Estilo 2011 &#8216;La Ruta de Seda&#8217;\",\"url\":\"http:\\\/\\\/casadecampoliving.com\\\/es\\\/la-escuela-de-diseno-presenta-el-desfile-estilo-2011-la-ruta-de-seda\\\/\",\"mainEntityOfPage\":{\"@type\":\"WebPage\",\"@id\":\"http:\\\/\\\/casadecampoliving.com\\\/es\\\/la-escuela-de-diseno-presenta-el-desfile-estilo-2011-la-ruta-de-seda\\\/\"},\"thumbnailUrl\":\"https:\\\/\\\/i0.wp.com\\\/casadecampoliving.com\\\/wp-content\\\/uploads\\\/2022\\\/10\\\/estilo_altos_de_chavon1-1.jpg?resize=150%2C150&ssl=1\",\"image\":{\"@type\":\"ImageObject\",\"url\":\"https:\\\/\\\/i0.wp.com\\\/casadecampoliving.com\\\/wp-content\\\/uploads\\\/2022\\\/10\\\/estilo_altos_de_chavon1-1.jpg?fit=565%2C318&ssl=1\"},\"articleSection\":\"Altos de Chavon\",\"author\":[{\"@type\":\"Person\",\"name\":\"Rebecca Silvestri\"}],\"creator\":[\"Rebecca Silvestri\"],\"publisher\":{\"@type\":\"Organization\",\"name\":\"Casa de Campo Living\",\"logo\":\"https:\\\/\\\/casadecampoliving.com\\\/wp-content\\\/uploads\\\/2022\\\/07\\\/CDCLivingLogo_V1-white-sized.png\"},\"keywords\":[\"altos de chavon school of art and design\",\"casa de campo\",\"estilo 2011\",\"fashion show\"],\"dateCreated\":\"2011-05-28T04:00:00Z\",\"datePublished\":\"2011-05-28T04:00:00Z\",\"dateModified\":\"2022-11-10T14:29:22Z\"}<\/script>","tracker_url":"https:\/\/cdn.parsely.com\/keys\/casadecampoliving.com\/p.js"},"jetpack_publicize_connections":[],"jetpack_featured_media_url":"https:\/\/i0.wp.com\/casadecampoliving.com\/wp-content\/uploads\/2022\/10\/estilo_altos_de_chavon1-1.jpg?fit=565%2C318&ssl=1","jetpack-related-posts":[{"id":337164,"url":"https:\/\/casadecampoliving.com\/es\/egresados-de-chavon-presentan-desfile-en-dominicana-moda-a-beneficio-del-hogar-del-nino-2\/","url_meta":{"origin":320119,"position":0},"title":"Egresados de Chav\u00f3n presentan desfile en Dominicana Moda a beneficio del Hogar del Ni\u00f1o","author":"","date":"6 Oct, 2011","format":false,"excerpt":"\u00a0Los egresados de la Escuela de Altos de Chav\u00f3n presentar\u00e1n el desfile de moda \u201cLa Ruta de la Seda\u201d en Dominicana Moda 2011 en Santo Domingo a beneficio del Hogar del Ni\u00f1o\u00a0el 22 de octubre. Las detalles del evento son: \u201cLa Ruta de la Seda\u201d Desfile de Modas de los\u2026","rel":"","context":"En \u00abAltos de Chavon @es\u00bb","block_context":{"text":"Altos de Chavon @es","link":"https:\/\/casadecampoliving.com\/category\/altos-de-chavon-es\/"},"img":{"alt_text":"","src":"https:\/\/i0.wp.com\/casadecampoliving.com\/wp-content\/uploads\/2022\/10\/dominicana_moda_altos_de_chavon-1.jpg?fit=565%2C263&ssl=1&resize=350%2C200","width":350,"height":200,"srcset":"https:\/\/i0.wp.com\/casadecampoliving.com\/wp-content\/uploads\/2022\/10\/dominicana_moda_altos_de_chavon-1.jpg?fit=565%2C263&ssl=1&resize=350%2C200 1x, https:\/\/i0.wp.com\/casadecampoliving.com\/wp-content\/uploads\/2022\/10\/dominicana_moda_altos_de_chavon-1.jpg?fit=565%2C263&ssl=1&resize=525%2C300 1.5x"},"classes":[]},{"id":337529,"url":"https:\/\/casadecampoliving.com\/es\/un-dia-de-moda-y-glamour-viaje-a-dominicana-moda-y-brindis-de-champan-con-louis-vuitton-2\/","url_meta":{"origin":320119,"position":1},"title":"Un D\u00eda de Moda y Glamour: Viaje a Dominicana Moda y Brindis de Champ\u00e1n con Louis Vuitton","author":"Rebecca Silvestri","date":"17 Oct, 2011","format":false,"excerpt":"Este s\u00e1bado 22 de Octubre, el Hogar del Ni\u00f1o les invita a un d\u00eda de \u201cModa y Glamour\u201d \u2013 un viaje a Santo Domingo para disfrutar el desfile de los egresados de la escuela de dise\u00f1o y arte de Altos de Chav\u00f3n \u201cLa Ruta de la Seda\u201d y un brindis\u2026","rel":"","context":"En \u00abArte y cultura\u00bb","block_context":{"text":"Arte y cultura","link":"https:\/\/casadecampoliving.com\/category\/arte-y-cultura\/"},"img":{"alt_text":"","src":"https:\/\/i0.wp.com\/casadecampoliving.com\/wp-content\/uploads\/2010\/10\/hogar_del_ni%C3%B1o_dominicana_moda3.jpg?resize=350%2C200&ssl=1","width":350,"height":200,"srcset":"https:\/\/i0.wp.com\/casadecampoliving.com\/wp-content\/uploads\/2010\/10\/hogar_del_ni%C3%B1o_dominicana_moda3.jpg?resize=350%2C200&ssl=1 1x, https:\/\/i0.wp.com\/casadecampoliving.com\/wp-content\/uploads\/2010\/10\/hogar_del_ni%C3%B1o_dominicana_moda3.jpg?resize=525%2C300&ssl=1 1.5x"},"classes":[]},{"id":337158,"url":"https:\/\/casadecampoliving.com\/es\/excelente-debut-de-la-escuela-de-diseno-de-altos-de-chavon-en-dominicana-moda-2\/","url_meta":{"origin":320119,"position":2},"title":"\u00a1Excelente debut de la Escuela de Dise\u00f1o de Altos de Chav\u00f3n en Dominicana Moda!","author":"Rebecca Silvestri","date":"25 Oct, 2011","format":false,"excerpt":"La moda y el esp\u00edritu de creativo e innovador despierta en la Escuela de Arte y Dise\u00f1o de Altos de Chav\u00f3n, que por primera vez, la noche del s\u00e1bado 22 de octubre, jug\u00f3 un papel preponderante en las pasarelas del evento de moda m\u00e1s destacado del pa\u00eds, Dominicana Moda 2011.\u2026","rel":"","context":"En \u00abAltos de Chavon @es\u00bb","block_context":{"text":"Altos de Chavon @es","link":"https:\/\/casadecampoliving.com\/category\/altos-de-chavon-es\/"},"img":{"alt_text":"altos de chavon","src":"https:\/\/i0.wp.com\/casadecampoliving.com\/wp-content\/uploads\/2022\/10\/altos_de_chavon_dominicana_moda-1.jpg?fit=565%2C318&ssl=1&resize=350%2C200","width":350,"height":200,"srcset":"https:\/\/i0.wp.com\/casadecampoliving.com\/wp-content\/uploads\/2022\/10\/altos_de_chavon_dominicana_moda-1.jpg?fit=565%2C318&ssl=1&resize=350%2C200 1x, https:\/\/i0.wp.com\/casadecampoliving.com\/wp-content\/uploads\/2022\/10\/altos_de_chavon_dominicana_moda-1.jpg?fit=565%2C318&ssl=1&resize=525%2C300 1.5x"},"classes":[]},{"id":337251,"url":"https:\/\/casadecampoliving.com\/es\/grey-goose-lounge-un-lugar-para-ser-visto-en-dominicana-moda-2011\/","url_meta":{"origin":320119,"position":3},"title":"Grey Goose Lounge: Un lugar para ser visto en Dominicana Moda 2011","author":"","date":"15 Nov, 2011","format":false,"excerpt":"Dominicana Moda 2011, el evento de moda mas importante de la Rep\u00fablica Dominicana, fue celebrado en Santo Domingo del 17 al 22 de octubre, en el que la marca Grey Goose vodka comparti\u00f3 con destacadas figuras en su exclusivo Grey Goose Lounge. Con un toque minimalista, el Lounge de Grey\u2026","rel":"","context":"En \u00abArte y cultura\u00bb","block_context":{"text":"Arte y cultura","link":"https:\/\/casadecampoliving.com\/category\/arte-y-cultura\/"},"img":{"alt_text":"grey goose dominicana moda","src":"https:\/\/i0.wp.com\/casadecampoliving.com\/wp-content\/uploads\/2022\/10\/grey_goose_dominicana_moda-1.jpg?fit=650%2C350&ssl=1&resize=350%2C200","width":350,"height":200,"srcset":"https:\/\/i0.wp.com\/casadecampoliving.com\/wp-content\/uploads\/2022\/10\/grey_goose_dominicana_moda-1.jpg?fit=650%2C350&ssl=1&resize=350%2C200 1x, https:\/\/i0.wp.com\/casadecampoliving.com\/wp-content\/uploads\/2022\/10\/grey_goose_dominicana_moda-1.jpg?fit=650%2C350&ssl=1&resize=525%2C300 1.5x"},"classes":[]},{"id":320541,"url":"https:\/\/casadecampoliving.com\/altos-de-chavon-school-presents-the-silk-road-at-dominicana-moda-in-aid-of-the-hogar-del-nino\/","url_meta":{"origin":320119,"position":4},"title":"Altos de Chav\u00f3n School presents \u00abThe Silk Road\u00bb at Dominicana Moda &#8211; in aid of the Hogar del Ni\u00f1o!","author":"Rebecca Silvestri","date":"6 Oct, 2011","format":false,"excerpt":"The Altos de Chav\u00f3n School of Art and Design will later this month be taking part in the annual fashion celebration \u2018Dominicana Moda\u2019 in Santo Domingo, with their end of year fashion show \u201cLa Ruta de la Seda\u201d (the silk road) and money raised with the ticket sales will benefit\u2026","rel":"","context":"En \u00abAltos de Chavon\u00bb","block_context":{"text":"Altos de Chavon","link":"https:\/\/casadecampoliving.com\/category\/altos-de-chavon\/"},"img":{"alt_text":"dominicana moda altos de chavon","src":"https:\/\/i0.wp.com\/casadecampoliving.com\/wp-content\/uploads\/2022\/10\/dominicana_moda_altos_de_chavon-1.jpg?fit=565%2C263&ssl=1&resize=350%2C200","width":350,"height":200,"srcset":"https:\/\/i0.wp.com\/casadecampoliving.com\/wp-content\/uploads\/2022\/10\/dominicana_moda_altos_de_chavon-1.jpg?fit=565%2C263&ssl=1&resize=350%2C200 1x, https:\/\/i0.wp.com\/casadecampoliving.com\/wp-content\/uploads\/2022\/10\/dominicana_moda_altos_de_chavon-1.jpg?fit=565%2C263&ssl=1&resize=525%2C300 1.5x"},"classes":[]},{"id":320122,"url":"https:\/\/casadecampoliving.com\/es\/altos-de-chavon-school-of-art-and-design-end-of-year-exhibit\/","url_meta":{"origin":320119,"position":5},"title":"Altos de Chav\u00f3n School of Art and Design &#8216;End of Year&#8217; Exhibit","author":"Rebecca Silvestri","date":"2 Jun, 2011","format":false,"excerpt":"The Altos de Chav\u00f3n School of Art and Design school year came to a successful close last week and was celebrated with\u00a0Estilo 2011 \u2013 a fantastic fashion show, the graduation ceremony at the Casa de Campo hotel, as well as a magnificent exhibit of the students work in the Altos\u2026","rel":"","context":"En \u00abAltos de Chavon\u00bb","block_context":{"text":"Altos de Chavon","link":"https:\/\/casadecampoliving.com\/category\/altos-de-chavon\/"},"img":{"alt_text":"","src":"https:\/\/i0.wp.com\/casadecampoliving.com\/wp-content\/uploads\/2022\/10\/altos_de_chavon_students_casadecampo-1.jpg?fit=565%2C366&ssl=1&resize=350%2C200","width":350,"height":200,"srcset":"https:\/\/i0.wp.com\/casadecampoliving.com\/wp-content\/uploads\/2022\/10\/altos_de_chavon_students_casadecampo-1.jpg?fit=565%2C366&ssl=1&resize=350%2C200 1x, https:\/\/i0.wp.com\/casadecampoliving.com\/wp-content\/uploads\/2022\/10\/altos_de_chavon_students_casadecampo-1.jpg?fit=565%2C366&ssl=1&resize=525%2C300 1.5x"},"classes":[]}],"jetpack_sharing_enabled":true,"_links":{"self":[{"href":"https:\/\/casadecampoliving.com\/es\/wp-json\/wp\/v2\/posts\/320119","targetHints":{"allow":["GET"]}}],"collection":[{"href":"https:\/\/casadecampoliving.com\/es\/wp-json\/wp\/v2\/posts"}],"about":[{"href":"https:\/\/casadecampoliving.com\/es\/wp-json\/wp\/v2\/types\/post"}],"author":[{"embeddable":true,"href":"https:\/\/casadecampoliving.com\/es\/wp-json\/wp\/v2\/users\/31"}],"replies":[{"embeddable":true,"href":"https:\/\/casadecampoliving.com\/es\/wp-json\/wp\/v2\/comments?post=320119"}],"version-history":[{"count":2,"href":"https:\/\/casadecampoliving.com\/es\/wp-json\/wp\/v2\/posts\/320119\/revisions"}],"predecessor-version":[{"id":506316,"href":"https:\/\/casadecampoliving.com\/es\/wp-json\/wp\/v2\/posts\/320119\/revisions\/506316"}],"wp:featuredmedia":[{"embeddable":true,"href":"https:\/\/casadecampoliving.com\/es\/wp-json\/wp\/v2\/media\/261245"}],"wp:attachment":[{"href":"https:\/\/casadecampoliving.com\/es\/wp-json\/wp\/v2\/media?parent=320119"}],"wp:term":[{"taxonomy":"category","embeddable":true,"href":"https:\/\/casadecampoliving.com\/es\/wp-json\/wp\/v2\/categories?post=320119"},{"taxonomy":"post_tag","embeddable":true,"href":"https:\/\/casadecampoliving.com\/es\/wp-json\/wp\/v2\/tags?post=320119"},{"taxonomy":"newspack_spnsrs_tax","embeddable":true,"href":"https:\/\/casadecampoliving.com\/es\/wp-json\/wp\/v2\/newspack_spnsrs_tax?post=320119"}],"curies":[{"name":"wp","href":"https:\/\/api.w.org\/{rel}","templated":true}]}}