{"id":320118,"date":"2011-06-01T00:00:00","date_gmt":"2011-06-01T04:00:00","guid":{"rendered":"https:\/\/casadecampoliving.com\/talented-fashion-designers-of-the-altos-de-chavon-school-present-estilo-2011-the-silk-road\/"},"modified":"2022-11-10T10:29:20","modified_gmt":"2022-11-10T14:29:20","slug":"talented-fashion-designers-of-the-altos-de-chavon-school-present-estilo-2011-the-silk-road","status":"publish","type":"post","link":"https:\/\/casadecampoliving.com\/es\/talented-fashion-designers-of-the-altos-de-chavon-school-present-estilo-2011-the-silk-road\/","title":{"rendered":"Talented Fashion Designers of the Altos de Chav\u00f3n School present &#8216;Estilo 2011: The Silk Road&#8217;"},"content":{"rendered":"<a href=\"https:\/\/i0.wp.com\/casadecampoliving.com\/wp-content\/uploads\/2022\/10\/estilo_altos_de_chavon.jpg?ssl=1\"><img data-recalc-dims=\"1\" loading=\"lazy\" decoding=\"async\" class=\"aligncenter size-full wp-image-28951\" title=\"estilo_altos_de_chavon\" src=\"https:\/\/i0.wp.com\/casadecampoliving.com\/wp-content\/uploads\/2022\/10\/estilo_altos_de_chavon.jpg?resize=565%2C318&#038;ssl=1\" alt=\"\" width=\"565\" height=\"318\" \/><\/a>Last Friday the 27th of May, the graduating fashion designers of the Altos de Chav\u00f3n School of Art and Design brought their 2 years of training to a spectacular close with the fashion show &#8216;Estilo 2011: The Silk Road&#8217;, which was a resounding success! I predict the next time we&#8217;ll be seeing these talented youngster is during at Dominican Fashion Week or maybe even New York Fashion Week!\n\n<!--more-->\n\n<img data-recalc-dims=\"1\" loading=\"lazy\" decoding=\"async\" class=\"alignright size-full wp-image-28949\" title=\"estilo_2011_casadecampo_altosdechavon\" src=\"https:\/\/i0.wp.com\/casadecampoliving.com\/wp-content\/uploads\/2022\/10\/estilo_2011_casadecampo_altosdechavon.jpg?resize=180%2C340&#038;ssl=1\" alt=\"\" width=\"180\" height=\"340\" \/>\n\n<a href=\"https:\/\/casadecampoliving.com\/2011\/06\/altos-de-chavon-school-of-art-and-design-end-of-year-exhibit\/\">Click here for photos of the Altos de Chav\u00f3n Art and Design School &#8216;End of Year&#8217; art exhibit! <\/a>\n\nCelebrated in Casa de Campo&#8217;s Flamboyant conference center, the fashion show &#8216;The Silk Road&#8217; was the combined work of the school&#8217;s 20 students, who have just graduated with Fashion Design degrees.\n\nThe inspiration behind the collection was &#8216;The Silk Road&#8217;, an ancient trading route which lead from China to Europe connecting the East and the West and the result was a spectacular combination of patterns, stripes, bold colors and romantic silhouettes.\n\nThe highly coveted scholarship to pursue studies leading to bachelor&#8217;s degree at the Parson&#8217;s New School for Design in New York was given to students Kaori Sone and Connie de la Cruz &#8211; watch out New York Fashion Week we have some serious talent headed your way!\n\nFashion critics and the evening&#8217;s special guests;\u00a0Leonardo De Armas, Jose Jhan and Julio Marcano presented awards\u00a0for the best designs, taking into account the development, concept and preparation for each piece. The winners of these awards were:\u00a0Seami Lee, Connie de la Cruz and Rodolfo Caraballo.\n\nHere you can see these 3 talented designers with their creations receiving their awards:\n<p style=\"text-align: center;\"><strong>Seami Lee\n<a href=\"https:\/\/i0.wp.com\/casadecampoliving.com\/wp-content\/uploads\/2022\/10\/IMG_3807.jpg?ssl=1\"><img data-recalc-dims=\"1\" loading=\"lazy\" decoding=\"async\" class=\"aligncenter size-full wp-image-28952\" title=\"IMG_3807\" src=\"https:\/\/i0.wp.com\/casadecampoliving.com\/wp-content\/uploads\/2022\/10\/IMG_3807.jpg?resize=323%2C480&#038;ssl=1\" alt=\"\" width=\"323\" height=\"480\" \/><\/a><\/strong><\/p>\n<p style=\"text-align: center;\"><strong>Connie de la Cruz<a href=\"https:\/\/i0.wp.com\/casadecampoliving.com\/wp-content\/uploads\/2022\/10\/IMG_3814.jpg?ssl=1\">\n<img data-recalc-dims=\"1\" loading=\"lazy\" decoding=\"async\" class=\"aligncenter size-full wp-image-28953\" title=\"IMG_3814\" src=\"https:\/\/i0.wp.com\/casadecampoliving.com\/wp-content\/uploads\/2022\/10\/IMG_3814.jpg?resize=232%2C480&#038;ssl=1\" alt=\"\" width=\"232\" height=\"480\" \/><\/a><\/strong><\/p>\n<p style=\"text-align: center;\"><strong>Rodolfo Caraballo<a href=\"https:\/\/i0.wp.com\/casadecampoliving.com\/wp-content\/uploads\/2022\/10\/IMG_3811.jpg?ssl=1\">\n<img data-recalc-dims=\"1\" loading=\"lazy\" decoding=\"async\" class=\"aligncenter size-full wp-image-28954\" title=\"IMG_3811\" src=\"https:\/\/i0.wp.com\/casadecampoliving.com\/wp-content\/uploads\/2022\/10\/IMG_3811.jpg?resize=390%2C480&#038;ssl=1\" alt=\"\" width=\"390\" height=\"480\" \/><\/a><\/strong><\/p>\nAt the end of the show, following the prize-giving ceremony, each one of the 20 designers took to the stage with one of their creations to the applause and a well-deserved standing ovation from the audience!\n\nHere are my photos of the students and their fashion:\n\n<strong>\n<figure class=\"wp-block-gallery has-nested-images columns-default is-cropped wp-block-gallery-1 is-layout-flex wp-block-gallery-is-layout-flex\">\n<figure class=\"wp-block-image size-large\"><img data-recalc-dims=\"1\" loading=\"lazy\" decoding=\"async\" width=\"600\" height=\"800\" data-id=\"380148\" src=\"https:\/\/i0.wp.com\/casadecampoliving.com\/wp-content\/uploads\/2022\/10\/img_3822.jpg?resize=600%2C800&#038;ssl=1\" alt=\"\" class=\"wp-image-380148\" srcset=\"https:\/\/i0.wp.com\/casadecampoliving.com\/wp-content\/uploads\/2022\/10\/img_3822.jpg?w=600&amp;ssl=1 600w, https:\/\/i0.wp.com\/casadecampoliving.com\/wp-content\/uploads\/2022\/10\/img_3822.jpg?resize=225%2C300&amp;ssl=1 225w, https:\/\/i0.wp.com\/casadecampoliving.com\/wp-content\/uploads\/2022\/10\/img_3822.jpg?resize=300%2C400&amp;ssl=1 300w, https:\/\/i0.wp.com\/casadecampoliving.com\/wp-content\/uploads\/2022\/10\/img_3822.jpg?resize=150%2C200&amp;ssl=1 150w, https:\/\/i0.wp.com\/casadecampoliving.com\/wp-content\/uploads\/2022\/10\/img_3822.jpg?resize=400%2C533&amp;ssl=1 400w, https:\/\/i0.wp.com\/casadecampoliving.com\/wp-content\/uploads\/2022\/10\/img_3822.jpg?w=370&amp;ssl=1 370w\" sizes=\"auto, (max-width: 600px) 100vw, 600px\" \/><\/figure>\n\n\n\n<figure class=\"wp-block-image size-large\"><img data-recalc-dims=\"1\" loading=\"lazy\" decoding=\"async\" width=\"465\" height=\"800\" data-id=\"380150\" src=\"https:\/\/i0.wp.com\/casadecampoliving.com\/wp-content\/uploads\/2022\/10\/img_3824.jpg?resize=465%2C800&#038;ssl=1\" alt=\"\" class=\"wp-image-380150\" srcset=\"https:\/\/i0.wp.com\/casadecampoliving.com\/wp-content\/uploads\/2022\/10\/img_3824.jpg?w=465&amp;ssl=1 465w, https:\/\/i0.wp.com\/casadecampoliving.com\/wp-content\/uploads\/2022\/10\/img_3824.jpg?resize=174%2C300&amp;ssl=1 174w, https:\/\/i0.wp.com\/casadecampoliving.com\/wp-content\/uploads\/2022\/10\/img_3824.jpg?resize=400%2C688&amp;ssl=1 400w, https:\/\/i0.wp.com\/casadecampoliving.com\/wp-content\/uploads\/2022\/10\/img_3824.jpg?resize=150%2C258&amp;ssl=1 150w, https:\/\/i0.wp.com\/casadecampoliving.com\/wp-content\/uploads\/2022\/10\/img_3824.jpg?w=370&amp;ssl=1 370w\" sizes=\"auto, (max-width: 465px) 100vw, 465px\" \/><\/figure>\n\n\n\n<figure class=\"wp-block-image size-large\"><img data-recalc-dims=\"1\" loading=\"lazy\" decoding=\"async\" width=\"468\" height=\"800\" data-id=\"380152\" src=\"https:\/\/i0.wp.com\/casadecampoliving.com\/wp-content\/uploads\/2022\/10\/img_3827-2.jpg?resize=468%2C800&#038;ssl=1\" alt=\"\" class=\"wp-image-380152\" srcset=\"https:\/\/i0.wp.com\/casadecampoliving.com\/wp-content\/uploads\/2022\/10\/img_3827-2.jpg?w=468&amp;ssl=1 468w, https:\/\/i0.wp.com\/casadecampoliving.com\/wp-content\/uploads\/2022\/10\/img_3827-2.jpg?resize=176%2C300&amp;ssl=1 176w, https:\/\/i0.wp.com\/casadecampoliving.com\/wp-content\/uploads\/2022\/10\/img_3827-2.jpg?resize=400%2C684&amp;ssl=1 400w, https:\/\/i0.wp.com\/casadecampoliving.com\/wp-content\/uploads\/2022\/10\/img_3827-2.jpg?resize=150%2C256&amp;ssl=1 150w, https:\/\/i0.wp.com\/casadecampoliving.com\/wp-content\/uploads\/2022\/10\/img_3827-2.jpg?w=370&amp;ssl=1 370w\" sizes=\"auto, (max-width: 468px) 100vw, 468px\" \/><\/figure>\n\n\n\n<figure class=\"wp-block-image size-large\"><img data-recalc-dims=\"1\" loading=\"lazy\" decoding=\"async\" width=\"474\" height=\"800\" data-id=\"380154\" src=\"https:\/\/i0.wp.com\/casadecampoliving.com\/wp-content\/uploads\/2022\/10\/img_3829.jpg?resize=474%2C800&#038;ssl=1\" alt=\"\" class=\"wp-image-380154\" srcset=\"https:\/\/i0.wp.com\/casadecampoliving.com\/wp-content\/uploads\/2022\/10\/img_3829.jpg?w=474&amp;ssl=1 474w, https:\/\/i0.wp.com\/casadecampoliving.com\/wp-content\/uploads\/2022\/10\/img_3829.jpg?resize=178%2C300&amp;ssl=1 178w, https:\/\/i0.wp.com\/casadecampoliving.com\/wp-content\/uploads\/2022\/10\/img_3829.jpg?resize=400%2C675&amp;ssl=1 400w, https:\/\/i0.wp.com\/casadecampoliving.com\/wp-content\/uploads\/2022\/10\/img_3829.jpg?resize=150%2C253&amp;ssl=1 150w, https:\/\/i0.wp.com\/casadecampoliving.com\/wp-content\/uploads\/2022\/10\/img_3829.jpg?w=370&amp;ssl=1 370w\" sizes=\"auto, (max-width: 474px) 100vw, 474px\" \/><\/figure>\n\n\n\n<figure class=\"wp-block-image size-large\"><img data-recalc-dims=\"1\" loading=\"lazy\" decoding=\"async\" width=\"492\" height=\"800\" data-id=\"380156\" src=\"https:\/\/i0.wp.com\/casadecampoliving.com\/wp-content\/uploads\/2022\/10\/img_3832.jpg?resize=492%2C800&#038;ssl=1\" alt=\"\" class=\"wp-image-380156\" srcset=\"https:\/\/i0.wp.com\/casadecampoliving.com\/wp-content\/uploads\/2022\/10\/img_3832.jpg?w=492&amp;ssl=1 492w, https:\/\/i0.wp.com\/casadecampoliving.com\/wp-content\/uploads\/2022\/10\/img_3832.jpg?resize=185%2C300&amp;ssl=1 185w, https:\/\/i0.wp.com\/casadecampoliving.com\/wp-content\/uploads\/2022\/10\/img_3832.jpg?resize=400%2C650&amp;ssl=1 400w, https:\/\/i0.wp.com\/casadecampoliving.com\/wp-content\/uploads\/2022\/10\/img_3832.jpg?resize=150%2C244&amp;ssl=1 150w, https:\/\/i0.wp.com\/casadecampoliving.com\/wp-content\/uploads\/2022\/10\/img_3832.jpg?w=370&amp;ssl=1 370w\" sizes=\"auto, (max-width: 492px) 100vw, 492px\" \/><\/figure>\n\n\n\n<figure class=\"wp-block-image size-large\"><img data-recalc-dims=\"1\" loading=\"lazy\" decoding=\"async\" width=\"566\" height=\"800\" data-id=\"380158\" src=\"https:\/\/i0.wp.com\/casadecampoliving.com\/wp-content\/uploads\/2022\/10\/img_3837.jpg?resize=566%2C800&#038;ssl=1\" alt=\"\" class=\"wp-image-380158\" srcset=\"https:\/\/i0.wp.com\/casadecampoliving.com\/wp-content\/uploads\/2022\/10\/img_3837.jpg?w=566&amp;ssl=1 566w, https:\/\/i0.wp.com\/casadecampoliving.com\/wp-content\/uploads\/2022\/10\/img_3837.jpg?resize=212%2C300&amp;ssl=1 212w, https:\/\/i0.wp.com\/casadecampoliving.com\/wp-content\/uploads\/2022\/10\/img_3837.jpg?resize=400%2C565&amp;ssl=1 400w, https:\/\/i0.wp.com\/casadecampoliving.com\/wp-content\/uploads\/2022\/10\/img_3837.jpg?resize=150%2C212&amp;ssl=1 150w, https:\/\/i0.wp.com\/casadecampoliving.com\/wp-content\/uploads\/2022\/10\/img_3837.jpg?w=370&amp;ssl=1 370w\" sizes=\"auto, (max-width: 566px) 100vw, 566px\" \/><\/figure>\n\n\n\n<figure class=\"wp-block-image size-large\"><img data-recalc-dims=\"1\" loading=\"lazy\" decoding=\"async\" width=\"492\" height=\"800\" data-id=\"380160\" src=\"https:\/\/i0.wp.com\/casadecampoliving.com\/wp-content\/uploads\/2022\/10\/img_3839.jpg?resize=492%2C800&#038;ssl=1\" alt=\"\" class=\"wp-image-380160\" srcset=\"https:\/\/i0.wp.com\/casadecampoliving.com\/wp-content\/uploads\/2022\/10\/img_3839.jpg?w=492&amp;ssl=1 492w, https:\/\/i0.wp.com\/casadecampoliving.com\/wp-content\/uploads\/2022\/10\/img_3839.jpg?resize=185%2C300&amp;ssl=1 185w, https:\/\/i0.wp.com\/casadecampoliving.com\/wp-content\/uploads\/2022\/10\/img_3839.jpg?resize=400%2C650&amp;ssl=1 400w, https:\/\/i0.wp.com\/casadecampoliving.com\/wp-content\/uploads\/2022\/10\/img_3839.jpg?resize=150%2C244&amp;ssl=1 150w, https:\/\/i0.wp.com\/casadecampoliving.com\/wp-content\/uploads\/2022\/10\/img_3839.jpg?w=370&amp;ssl=1 370w\" sizes=\"auto, (max-width: 492px) 100vw, 492px\" \/><\/figure>\n\n\n\n<figure class=\"wp-block-image size-large\"><img data-recalc-dims=\"1\" loading=\"lazy\" decoding=\"async\" width=\"597\" height=\"800\" data-id=\"380162\" src=\"https:\/\/i0.wp.com\/casadecampoliving.com\/wp-content\/uploads\/2022\/10\/img_3840.jpg?resize=597%2C800&#038;ssl=1\" alt=\"\" class=\"wp-image-380162\" srcset=\"https:\/\/i0.wp.com\/casadecampoliving.com\/wp-content\/uploads\/2022\/10\/img_3840.jpg?w=597&amp;ssl=1 597w, https:\/\/i0.wp.com\/casadecampoliving.com\/wp-content\/uploads\/2022\/10\/img_3840.jpg?resize=224%2C300&amp;ssl=1 224w, https:\/\/i0.wp.com\/casadecampoliving.com\/wp-content\/uploads\/2022\/10\/img_3840.jpg?resize=150%2C201&amp;ssl=1 150w, https:\/\/i0.wp.com\/casadecampoliving.com\/wp-content\/uploads\/2022\/10\/img_3840.jpg?resize=400%2C536&amp;ssl=1 400w, https:\/\/i0.wp.com\/casadecampoliving.com\/wp-content\/uploads\/2022\/10\/img_3840.jpg?w=370&amp;ssl=1 370w\" sizes=\"auto, (max-width: 597px) 100vw, 597px\" \/><\/figure>\n\n\n\n<figure class=\"wp-block-image size-large\"><img data-recalc-dims=\"1\" loading=\"lazy\" decoding=\"async\" width=\"426\" height=\"800\" data-id=\"380164\" src=\"https:\/\/i0.wp.com\/casadecampoliving.com\/wp-content\/uploads\/2022\/10\/img_3842.jpg?resize=426%2C800&#038;ssl=1\" alt=\"\" class=\"wp-image-380164\" srcset=\"https:\/\/i0.wp.com\/casadecampoliving.com\/wp-content\/uploads\/2022\/10\/img_3842.jpg?w=426&amp;ssl=1 426w, https:\/\/i0.wp.com\/casadecampoliving.com\/wp-content\/uploads\/2022\/10\/img_3842.jpg?resize=160%2C300&amp;ssl=1 160w, https:\/\/i0.wp.com\/casadecampoliving.com\/wp-content\/uploads\/2022\/10\/img_3842.jpg?resize=400%2C751&amp;ssl=1 400w, https:\/\/i0.wp.com\/casadecampoliving.com\/wp-content\/uploads\/2022\/10\/img_3842.jpg?resize=150%2C282&amp;ssl=1 150w, https:\/\/i0.wp.com\/casadecampoliving.com\/wp-content\/uploads\/2022\/10\/img_3842.jpg?w=370&amp;ssl=1 370w\" sizes=\"auto, (max-width: 426px) 100vw, 426px\" \/><\/figure>\n\n\n\n<figure class=\"wp-block-image size-large\"><img data-recalc-dims=\"1\" loading=\"lazy\" decoding=\"async\" width=\"462\" height=\"800\" data-id=\"380166\" src=\"https:\/\/i0.wp.com\/casadecampoliving.com\/wp-content\/uploads\/2022\/10\/img_3843.jpg?resize=462%2C800&#038;ssl=1\" alt=\"\" class=\"wp-image-380166\" srcset=\"https:\/\/i0.wp.com\/casadecampoliving.com\/wp-content\/uploads\/2022\/10\/img_3843.jpg?w=462&amp;ssl=1 462w, https:\/\/i0.wp.com\/casadecampoliving.com\/wp-content\/uploads\/2022\/10\/img_3843.jpg?resize=173%2C300&amp;ssl=1 173w, https:\/\/i0.wp.com\/casadecampoliving.com\/wp-content\/uploads\/2022\/10\/img_3843.jpg?resize=400%2C693&amp;ssl=1 400w, https:\/\/i0.wp.com\/casadecampoliving.com\/wp-content\/uploads\/2022\/10\/img_3843.jpg?resize=150%2C260&amp;ssl=1 150w, https:\/\/i0.wp.com\/casadecampoliving.com\/wp-content\/uploads\/2022\/10\/img_3843.jpg?w=370&amp;ssl=1 370w\" sizes=\"auto, (max-width: 462px) 100vw, 462px\" \/><\/figure>\n\n\n\n<figure class=\"wp-block-image size-large\"><img data-recalc-dims=\"1\" loading=\"lazy\" decoding=\"async\" width=\"641\" height=\"800\" data-id=\"380168\" src=\"https:\/\/i0.wp.com\/casadecampoliving.com\/wp-content\/uploads\/2022\/10\/img_3846.jpg?resize=641%2C800&#038;ssl=1\" alt=\"\" class=\"wp-image-380168\" srcset=\"https:\/\/i0.wp.com\/casadecampoliving.com\/wp-content\/uploads\/2022\/10\/img_3846.jpg?w=641&amp;ssl=1 641w, https:\/\/i0.wp.com\/casadecampoliving.com\/wp-content\/uploads\/2022\/10\/img_3846.jpg?resize=240%2C300&amp;ssl=1 240w, https:\/\/i0.wp.com\/casadecampoliving.com\/wp-content\/uploads\/2022\/10\/img_3846.jpg?resize=400%2C499&amp;ssl=1 400w, https:\/\/i0.wp.com\/casadecampoliving.com\/wp-content\/uploads\/2022\/10\/img_3846.jpg?resize=150%2C187&amp;ssl=1 150w, https:\/\/i0.wp.com\/casadecampoliving.com\/wp-content\/uploads\/2022\/10\/img_3846.jpg?w=370&amp;ssl=1 370w\" sizes=\"auto, (max-width: 641px) 100vw, 641px\" \/><\/figure>\n\n\n\n<figure class=\"wp-block-image size-large\"><img data-recalc-dims=\"1\" loading=\"lazy\" decoding=\"async\" width=\"543\" height=\"800\" data-id=\"380170\" src=\"https:\/\/i0.wp.com\/casadecampoliving.com\/wp-content\/uploads\/2022\/10\/img_3848.jpg?resize=543%2C800&#038;ssl=1\" alt=\"\" class=\"wp-image-380170\" srcset=\"https:\/\/i0.wp.com\/casadecampoliving.com\/wp-content\/uploads\/2022\/10\/img_3848.jpg?w=543&amp;ssl=1 543w, https:\/\/i0.wp.com\/casadecampoliving.com\/wp-content\/uploads\/2022\/10\/img_3848.jpg?resize=204%2C300&amp;ssl=1 204w, https:\/\/i0.wp.com\/casadecampoliving.com\/wp-content\/uploads\/2022\/10\/img_3848.jpg?resize=400%2C589&amp;ssl=1 400w, https:\/\/i0.wp.com\/casadecampoliving.com\/wp-content\/uploads\/2022\/10\/img_3848.jpg?resize=150%2C221&amp;ssl=1 150w, https:\/\/i0.wp.com\/casadecampoliving.com\/wp-content\/uploads\/2022\/10\/img_3848.jpg?w=370&amp;ssl=1 370w\" sizes=\"auto, (max-width: 543px) 100vw, 543px\" \/><\/figure>\n\n\n\n<figure class=\"wp-block-image size-large\"><img data-recalc-dims=\"1\" loading=\"lazy\" decoding=\"async\" width=\"530\" height=\"800\" data-id=\"380172\" src=\"https:\/\/i0.wp.com\/casadecampoliving.com\/wp-content\/uploads\/2022\/10\/img_3852.jpg?resize=530%2C800&#038;ssl=1\" alt=\"\" class=\"wp-image-380172\" srcset=\"https:\/\/i0.wp.com\/casadecampoliving.com\/wp-content\/uploads\/2022\/10\/img_3852.jpg?w=530&amp;ssl=1 530w, https:\/\/i0.wp.com\/casadecampoliving.com\/wp-content\/uploads\/2022\/10\/img_3852.jpg?resize=199%2C300&amp;ssl=1 199w, https:\/\/i0.wp.com\/casadecampoliving.com\/wp-content\/uploads\/2022\/10\/img_3852.jpg?resize=400%2C604&amp;ssl=1 400w, https:\/\/i0.wp.com\/casadecampoliving.com\/wp-content\/uploads\/2022\/10\/img_3852.jpg?resize=150%2C226&amp;ssl=1 150w, https:\/\/i0.wp.com\/casadecampoliving.com\/wp-content\/uploads\/2022\/10\/img_3852.jpg?w=370&amp;ssl=1 370w\" sizes=\"auto, (max-width: 530px) 100vw, 530px\" \/><\/figure>\n\n\n\n<figure class=\"wp-block-image size-large\"><img data-recalc-dims=\"1\" loading=\"lazy\" decoding=\"async\" width=\"436\" height=\"800\" data-id=\"380174\" src=\"https:\/\/i0.wp.com\/casadecampoliving.com\/wp-content\/uploads\/2022\/10\/img_3855.jpg?resize=436%2C800&#038;ssl=1\" alt=\"\" class=\"wp-image-380174\" srcset=\"https:\/\/i0.wp.com\/casadecampoliving.com\/wp-content\/uploads\/2022\/10\/img_3855.jpg?w=436&amp;ssl=1 436w, https:\/\/i0.wp.com\/casadecampoliving.com\/wp-content\/uploads\/2022\/10\/img_3855.jpg?resize=164%2C300&amp;ssl=1 164w, https:\/\/i0.wp.com\/casadecampoliving.com\/wp-content\/uploads\/2022\/10\/img_3855.jpg?resize=400%2C734&amp;ssl=1 400w, https:\/\/i0.wp.com\/casadecampoliving.com\/wp-content\/uploads\/2022\/10\/img_3855.jpg?resize=150%2C275&amp;ssl=1 150w, https:\/\/i0.wp.com\/casadecampoliving.com\/wp-content\/uploads\/2022\/10\/img_3855.jpg?w=370&amp;ssl=1 370w\" sizes=\"auto, (max-width: 436px) 100vw, 436px\" \/><\/figure>\n\n\n\n<figure class=\"wp-block-image size-large\"><img data-recalc-dims=\"1\" loading=\"lazy\" decoding=\"async\" width=\"585\" height=\"800\" data-id=\"380176\" src=\"https:\/\/i0.wp.com\/casadecampoliving.com\/wp-content\/uploads\/2022\/10\/img_3858.jpg?resize=585%2C800&#038;ssl=1\" alt=\"\" class=\"wp-image-380176\" srcset=\"https:\/\/i0.wp.com\/casadecampoliving.com\/wp-content\/uploads\/2022\/10\/img_3858.jpg?w=585&amp;ssl=1 585w, https:\/\/i0.wp.com\/casadecampoliving.com\/wp-content\/uploads\/2022\/10\/img_3858.jpg?resize=219%2C300&amp;ssl=1 219w, https:\/\/i0.wp.com\/casadecampoliving.com\/wp-content\/uploads\/2022\/10\/img_3858.jpg?resize=400%2C547&amp;ssl=1 400w, https:\/\/i0.wp.com\/casadecampoliving.com\/wp-content\/uploads\/2022\/10\/img_3858.jpg?resize=150%2C205&amp;ssl=1 150w, https:\/\/i0.wp.com\/casadecampoliving.com\/wp-content\/uploads\/2022\/10\/img_3858.jpg?w=370&amp;ssl=1 370w\" sizes=\"auto, (max-width: 585px) 100vw, 585px\" \/><\/figure>\n\n\n\n<figure class=\"wp-block-image size-large\"><img data-recalc-dims=\"1\" loading=\"lazy\" decoding=\"async\" width=\"500\" height=\"800\" data-id=\"380178\" src=\"https:\/\/i0.wp.com\/casadecampoliving.com\/wp-content\/uploads\/2022\/10\/img_3859.jpg?resize=500%2C800&#038;ssl=1\" alt=\"\" class=\"wp-image-380178\" srcset=\"https:\/\/i0.wp.com\/casadecampoliving.com\/wp-content\/uploads\/2022\/10\/img_3859.jpg?w=500&amp;ssl=1 500w, https:\/\/i0.wp.com\/casadecampoliving.com\/wp-content\/uploads\/2022\/10\/img_3859.jpg?resize=188%2C300&amp;ssl=1 188w, https:\/\/i0.wp.com\/casadecampoliving.com\/wp-content\/uploads\/2022\/10\/img_3859.jpg?resize=400%2C640&amp;ssl=1 400w, https:\/\/i0.wp.com\/casadecampoliving.com\/wp-content\/uploads\/2022\/10\/img_3859.jpg?resize=150%2C240&amp;ssl=1 150w, https:\/\/i0.wp.com\/casadecampoliving.com\/wp-content\/uploads\/2022\/10\/img_3859.jpg?w=370&amp;ssl=1 370w\" sizes=\"auto, (max-width: 500px) 100vw, 500px\" \/><\/figure>\n\n\n\n<figure class=\"wp-block-image size-large\"><img data-recalc-dims=\"1\" loading=\"lazy\" decoding=\"async\" width=\"542\" height=\"800\" data-id=\"380180\" src=\"https:\/\/i0.wp.com\/casadecampoliving.com\/wp-content\/uploads\/2022\/10\/img_3863.jpg?resize=542%2C800&#038;ssl=1\" alt=\"\" class=\"wp-image-380180\" srcset=\"https:\/\/i0.wp.com\/casadecampoliving.com\/wp-content\/uploads\/2022\/10\/img_3863.jpg?w=542&amp;ssl=1 542w, https:\/\/i0.wp.com\/casadecampoliving.com\/wp-content\/uploads\/2022\/10\/img_3863.jpg?resize=203%2C300&amp;ssl=1 203w, https:\/\/i0.wp.com\/casadecampoliving.com\/wp-content\/uploads\/2022\/10\/img_3863.jpg?resize=400%2C590&amp;ssl=1 400w, https:\/\/i0.wp.com\/casadecampoliving.com\/wp-content\/uploads\/2022\/10\/img_3863.jpg?resize=150%2C221&amp;ssl=1 150w, https:\/\/i0.wp.com\/casadecampoliving.com\/wp-content\/uploads\/2022\/10\/img_3863.jpg?w=370&amp;ssl=1 370w\" sizes=\"auto, (max-width: 542px) 100vw, 542px\" \/><\/figure>\n\n\n\n<figure class=\"wp-block-image size-large\"><img data-recalc-dims=\"1\" loading=\"lazy\" decoding=\"async\" width=\"544\" height=\"800\" data-id=\"380182\" src=\"https:\/\/i0.wp.com\/casadecampoliving.com\/wp-content\/uploads\/2022\/10\/img_3865-1.jpg?resize=544%2C800&#038;ssl=1\" alt=\"\" class=\"wp-image-380182\" srcset=\"https:\/\/i0.wp.com\/casadecampoliving.com\/wp-content\/uploads\/2022\/10\/img_3865-1.jpg?w=544&amp;ssl=1 544w, https:\/\/i0.wp.com\/casadecampoliving.com\/wp-content\/uploads\/2022\/10\/img_3865-1.jpg?resize=204%2C300&amp;ssl=1 204w, https:\/\/i0.wp.com\/casadecampoliving.com\/wp-content\/uploads\/2022\/10\/img_3865-1.jpg?resize=400%2C588&amp;ssl=1 400w, https:\/\/i0.wp.com\/casadecampoliving.com\/wp-content\/uploads\/2022\/10\/img_3865-1.jpg?resize=150%2C221&amp;ssl=1 150w, https:\/\/i0.wp.com\/casadecampoliving.com\/wp-content\/uploads\/2022\/10\/img_3865-1.jpg?w=370&amp;ssl=1 370w\" sizes=\"auto, (max-width: 544px) 100vw, 544px\" \/><\/figure>\n\n\n\n<figure class=\"wp-block-image size-large\"><img data-recalc-dims=\"1\" loading=\"lazy\" decoding=\"async\" width=\"477\" height=\"800\" data-id=\"380184\" src=\"https:\/\/i0.wp.com\/casadecampoliving.com\/wp-content\/uploads\/2022\/10\/img_3869.jpg?resize=477%2C800&#038;ssl=1\" alt=\"\" class=\"wp-image-380184\" srcset=\"https:\/\/i0.wp.com\/casadecampoliving.com\/wp-content\/uploads\/2022\/10\/img_3869.jpg?w=477&amp;ssl=1 477w, https:\/\/i0.wp.com\/casadecampoliving.com\/wp-content\/uploads\/2022\/10\/img_3869.jpg?resize=179%2C300&amp;ssl=1 179w, https:\/\/i0.wp.com\/casadecampoliving.com\/wp-content\/uploads\/2022\/10\/img_3869.jpg?resize=400%2C671&amp;ssl=1 400w, https:\/\/i0.wp.com\/casadecampoliving.com\/wp-content\/uploads\/2022\/10\/img_3869.jpg?resize=150%2C252&amp;ssl=1 150w, https:\/\/i0.wp.com\/casadecampoliving.com\/wp-content\/uploads\/2022\/10\/img_3869.jpg?w=370&amp;ssl=1 370w\" sizes=\"auto, (max-width: 477px) 100vw, 477px\" \/><\/figure>\n\n\n\n<figure class=\"wp-block-image size-large\"><img data-recalc-dims=\"1\" loading=\"lazy\" decoding=\"async\" width=\"627\" height=\"800\" data-id=\"380186\" src=\"https:\/\/i0.wp.com\/casadecampoliving.com\/wp-content\/uploads\/2022\/10\/img_3871.jpg?resize=627%2C800&#038;ssl=1\" alt=\"\" class=\"wp-image-380186\" srcset=\"https:\/\/i0.wp.com\/casadecampoliving.com\/wp-content\/uploads\/2022\/10\/img_3871.jpg?w=627&amp;ssl=1 627w, https:\/\/i0.wp.com\/casadecampoliving.com\/wp-content\/uploads\/2022\/10\/img_3871.jpg?resize=235%2C300&amp;ssl=1 235w, https:\/\/i0.wp.com\/casadecampoliving.com\/wp-content\/uploads\/2022\/10\/img_3871.jpg?resize=400%2C510&amp;ssl=1 400w, https:\/\/i0.wp.com\/casadecampoliving.com\/wp-content\/uploads\/2022\/10\/img_3871.jpg?resize=150%2C191&amp;ssl=1 150w, https:\/\/i0.wp.com\/casadecampoliving.com\/wp-content\/uploads\/2022\/10\/img_3871.jpg?w=370&amp;ssl=1 370w\" sizes=\"auto, (max-width: 627px) 100vw, 627px\" \/><\/figure>\n<\/figure>\n<\/strong>\n\n<img data-recalc-dims=\"1\" loading=\"lazy\" decoding=\"async\" class=\"alignright size-full wp-image-28955\" style=\"margin-left: 15px; margin-right: 15px;\" title=\"IMG_3746\" src=\"https:\/\/i0.wp.com\/casadecampoliving.com\/wp-content\/uploads\/2022\/10\/IMG_3746.jpg?resize=144%2C235&#038;ssl=1\" alt=\"\" width=\"144\" height=\"235\" \/>\n\nWhilst the clothes and fashion were obviously the highlight of the show, the bright make-up and edgy hair styles of each model certainly contributed to the overall result &#8211; thanks to the make-up team, led by\u00a0Campusano Jochy of COVERGIRL and the Herbal Essences styling team led by\u00a0Karen Bonilla.\n\nAs well as Casa de Campo villa owners and residents, amongst the audience were international special guests were representatives of the Andean Area College Foundation in Colombia; Hernando Velazquez, International Director of international relations, Maria Victoria Tovar, Director of the department of Fashion and Mary Evelyn Ruiz, teacher of the fashion department.\n\nIt was excellent &#8211; I especially loved the dresses and am now in pursuit of a number of them to wear at upcoming Casa de Campo parties!\n\nHere is my rather large collection of photos of the fashion show &#8211; enjoy!\n\n<strong>[nggallery id=872]<\/strong>\n\n<strong><a href=\"https:\/\/casadecampoliving.com\/2011\/06\/altos-de-chavon-school-of-art-and-design-end-of-year-exhibit\/\">Click here for photos of the Altos de Chav\u00f3n Art and Design School &#8216;End of Year&#8217; art exhibit!\u00a0<\/a><\/strong>","protected":false},"excerpt":{"rendered":"<p>Last Friday the 27th of May, the graduating fashion designers of the Altos de Chav\u00f3n School of Art and Design brought their 2 years of training to a spectacular close with the fashion show &#8216;Estilo 2011: The Silk Road&#8217;, which was a resounding success! I predict the next time we&#8217;ll be seeing these talented youngster [&hellip;]<\/p>\n","protected":false},"author":31,"featured_media":261080,"comment_status":"closed","ping_status":"open","sticky":false,"template":"","format":"standard","meta":{"newspack_ads_suppress_ads":false,"newspack_popups_has_disabled_popups":false,"newspack_sponsor_sponsorship_scope":"","newspack_sponsor_native_byline_display":"inherit","newspack_sponsor_native_category_display":"inherit","newspack_sponsor_underwriter_style":"inherit","newspack_sponsor_underwriter_placement":"inherit","_newspack_byline_active":false,"_newspack_byline":"","newspack_hide_updated_date":false,"newspack_show_updated_date":false,"newspack_content_restriction_is_exempt":false,"newspack_featured_image_position":"","newspack_post_subtitle":"","newspack_article_summary_title":"Overview:","newspack_article_summary":"","_jetpack_memberships_contains_paid_content":false,"footnotes":"","jetpack_publicize_message":"","jetpack_publicize_feature_enabled":true,"jetpack_social_post_already_shared":false,"jetpack_social_options":{"image_generator_settings":{"template":"highway","default_image_id":0,"font":"","enabled":false},"version":2},"_wpas_customize_per_network":false},"categories":[56,45,2522,2523,2524,2526,14631,14625,14627],"tags":[3575,23815,1954,235,250],"newspack_spnsrs_tax":[],"class_list":["post-320118","post","type-post","status-publish","format-standard","has-post-thumbnail","hentry","category-altos-de-chavon","category-art-and-culture","category-eventos-es","category-moda-es","category-destacados","category-titulares-es","category-estilo-de-vida","category-noticias-locales","category-proximamente","tag-altos-de-chavon-es-2","tag-casa-de-campo-es-17","tag-estilo-2011","tag-fashion-show","tag-fashion-week","entry"],"yoast_head":"<!-- This site is optimized with the Yoast SEO plugin v27.5 - https:\/\/yoast.com\/product\/yoast-seo-wordpress\/ -->\n<title>Talented Fashion Designers of the Altos de Chav\u00f3n School present &#039;Estilo 2011: The Silk Road&#039; | Casa de Campo Living<\/title>\n<meta name=\"description\" content=\"Last Friday the 27th of May, the graduating fashion designers of the Altos de Chav\u00f3n School of Art and Design brought their 2 years of training to a\" \/>\n<meta name=\"robots\" content=\"index, follow, max-snippet:-1, max-image-preview:large, max-video-preview:-1\" \/>\n<link rel=\"canonical\" href=\"https:\/\/casadecampoliving.com\/es\/talented-fashion-designers-of-the-altos-de-chavon-school-present-estilo-2011-the-silk-road\/\" \/>\n<meta property=\"og:locale\" content=\"es_ES\" \/>\n<meta property=\"og:type\" content=\"article\" \/>\n<meta property=\"og:title\" content=\"Talented Fashion Designers of the Altos de Chav\u00f3n School present &#039;Estilo 2011: The Silk Road&#039; | Casa de Campo Living\" \/>\n<meta property=\"og:description\" content=\"Last Friday the 27th of May, the graduating fashion designers of the Altos de Chav\u00f3n School of Art and Design brought their 2 years of training to a\" \/>\n<meta property=\"og:url\" content=\"https:\/\/casadecampoliving.com\/es\/talented-fashion-designers-of-the-altos-de-chavon-school-present-estilo-2011-the-silk-road\/\" \/>\n<meta property=\"og:site_name\" content=\"Casa de Campo Living\" \/>\n<meta property=\"article:publisher\" content=\"https:\/\/www.facebook.com\/casadecampoliving\" \/>\n<meta property=\"article:published_time\" content=\"2011-06-01T04:00:00+00:00\" \/>\n<meta property=\"article:modified_time\" content=\"2022-11-10T14:29:20+00:00\" \/>\n<meta property=\"og:image\" content=\"https:\/\/i0.wp.com\/casadecampoliving.com\/wp-content\/uploads\/2022\/10\/estilo_altos_de_chavon-1.jpg?fit=565%2C318&ssl=1\" \/>\n\t<meta property=\"og:image:width\" content=\"565\" \/>\n\t<meta property=\"og:image:height\" content=\"318\" \/>\n\t<meta property=\"og:image:type\" content=\"image\/jpeg\" \/>\n<meta name=\"author\" content=\"Rebecca Silvestri\" \/>\n<meta name=\"twitter:card\" content=\"summary_large_image\" \/>\n<meta name=\"twitter:creator\" content=\"@cdcliving\" \/>\n<meta name=\"twitter:site\" content=\"@cdcliving\" \/>\n<meta name=\"twitter:label1\" content=\"Escrito por\" \/>\n\t<meta name=\"twitter:data1\" content=\"Rebecca Silvestri\" \/>\n\t<meta name=\"twitter:label2\" content=\"Tiempo de lectura\" \/>\n\t<meta name=\"twitter:data2\" content=\"2 minutos\" \/>\n<script type=\"application\/ld+json\" class=\"yoast-schema-graph\">{\"@context\":\"https:\\\/\\\/schema.org\",\"@graph\":[{\"@type\":\"Article\",\"@id\":\"https:\\\/\\\/casadecampoliving.com\\\/es\\\/talented-fashion-designers-of-the-altos-de-chavon-school-present-estilo-2011-the-silk-road\\\/#article\",\"isPartOf\":{\"@id\":\"https:\\\/\\\/casadecampoliving.com\\\/es\\\/talented-fashion-designers-of-the-altos-de-chavon-school-present-estilo-2011-the-silk-road\\\/\"},\"author\":{\"name\":\"Rebecca Silvestri\",\"@id\":\"https:\\\/\\\/casadecampoliving.com\\\/es\\\/#\\\/schema\\\/person\\\/2b2208f3175fa8761e25b272e096d718\"},\"headline\":\"Talented Fashion Designers of the Altos de Chav\u00f3n School present &#8216;Estilo 2011: The Silk Road&#8217;\",\"datePublished\":\"2011-06-01T04:00:00+00:00\",\"dateModified\":\"2022-11-10T14:29:20+00:00\",\"mainEntityOfPage\":{\"@id\":\"https:\\\/\\\/casadecampoliving.com\\\/es\\\/talented-fashion-designers-of-the-altos-de-chavon-school-present-estilo-2011-the-silk-road\\\/\"},\"wordCount\":501,\"publisher\":{\"@id\":\"https:\\\/\\\/casadecampoliving.com\\\/es\\\/#organization\"},\"image\":{\"@id\":\"https:\\\/\\\/casadecampoliving.com\\\/es\\\/talented-fashion-designers-of-the-altos-de-chavon-school-present-estilo-2011-the-silk-road\\\/#primaryimage\"},\"thumbnailUrl\":\"https:\\\/\\\/i0.wp.com\\\/casadecampoliving.com\\\/wp-content\\\/uploads\\\/2022\\\/10\\\/estilo_altos_de_chavon-1.jpg?fit=565%2C318&ssl=1\",\"keywords\":[\"Altos de Chavon -es\",\"Casa de Campo\",\"estilo 2011\",\"Fashion Show\",\"Fashion Week\"],\"articleSection\":[\"Altos de Chavon\",\"Art and Culture\",\"Eventos\",\"Moda\",\"Destacados\",\"Titulares\",\"Estilo de Vida\",\"Noticias Locales\",\"Proximamente\"],\"inLanguage\":\"es\"},{\"@type\":\"WebPage\",\"@id\":\"https:\\\/\\\/casadecampoliving.com\\\/es\\\/talented-fashion-designers-of-the-altos-de-chavon-school-present-estilo-2011-the-silk-road\\\/\",\"url\":\"https:\\\/\\\/casadecampoliving.com\\\/es\\\/talented-fashion-designers-of-the-altos-de-chavon-school-present-estilo-2011-the-silk-road\\\/\",\"name\":\"Talented Fashion Designers of the Altos de Chav\u00f3n School present 'Estilo 2011: The Silk Road' | Casa de Campo Living\",\"isPartOf\":{\"@id\":\"https:\\\/\\\/casadecampoliving.com\\\/es\\\/#website\"},\"primaryImageOfPage\":{\"@id\":\"https:\\\/\\\/casadecampoliving.com\\\/es\\\/talented-fashion-designers-of-the-altos-de-chavon-school-present-estilo-2011-the-silk-road\\\/#primaryimage\"},\"image\":{\"@id\":\"https:\\\/\\\/casadecampoliving.com\\\/es\\\/talented-fashion-designers-of-the-altos-de-chavon-school-present-estilo-2011-the-silk-road\\\/#primaryimage\"},\"thumbnailUrl\":\"https:\\\/\\\/i0.wp.com\\\/casadecampoliving.com\\\/wp-content\\\/uploads\\\/2022\\\/10\\\/estilo_altos_de_chavon-1.jpg?fit=565%2C318&ssl=1\",\"datePublished\":\"2011-06-01T04:00:00+00:00\",\"dateModified\":\"2022-11-10T14:29:20+00:00\",\"description\":\"Last Friday the 27th of May, the graduating fashion designers of the Altos de Chav\u00f3n School of Art and Design brought their 2 years of training to a\",\"breadcrumb\":{\"@id\":\"https:\\\/\\\/casadecampoliving.com\\\/es\\\/talented-fashion-designers-of-the-altos-de-chavon-school-present-estilo-2011-the-silk-road\\\/#breadcrumb\"},\"inLanguage\":\"es\",\"potentialAction\":[{\"@type\":\"ReadAction\",\"target\":[\"https:\\\/\\\/casadecampoliving.com\\\/es\\\/talented-fashion-designers-of-the-altos-de-chavon-school-present-estilo-2011-the-silk-road\\\/\"]}]},{\"@type\":\"ImageObject\",\"inLanguage\":\"es\",\"@id\":\"https:\\\/\\\/casadecampoliving.com\\\/es\\\/talented-fashion-designers-of-the-altos-de-chavon-school-present-estilo-2011-the-silk-road\\\/#primaryimage\",\"url\":\"https:\\\/\\\/i0.wp.com\\\/casadecampoliving.com\\\/wp-content\\\/uploads\\\/2022\\\/10\\\/estilo_altos_de_chavon-1.jpg?fit=565%2C318&ssl=1\",\"contentUrl\":\"https:\\\/\\\/i0.wp.com\\\/casadecampoliving.com\\\/wp-content\\\/uploads\\\/2022\\\/10\\\/estilo_altos_de_chavon-1.jpg?fit=565%2C318&ssl=1\",\"width\":565,\"height\":318},{\"@type\":\"BreadcrumbList\",\"@id\":\"https:\\\/\\\/casadecampoliving.com\\\/es\\\/talented-fashion-designers-of-the-altos-de-chavon-school-present-estilo-2011-the-silk-road\\\/#breadcrumb\",\"itemListElement\":[{\"@type\":\"ListItem\",\"position\":1,\"name\":\"Home\",\"item\":\"https:\\\/\\\/casadecampoliving.com\\\/es\\\/\"},{\"@type\":\"ListItem\",\"position\":2,\"name\":\"Talented Fashion Designers of the Altos de Chav\u00f3n School present &#8216;Estilo 2011: The Silk Road&#8217;\"}]},{\"@type\":\"WebSite\",\"@id\":\"https:\\\/\\\/casadecampoliving.com\\\/es\\\/#website\",\"url\":\"https:\\\/\\\/casadecampoliving.com\\\/es\\\/\",\"name\":\"Casa de Campo Living\",\"description\":\"Resort community news and resources.\",\"publisher\":{\"@id\":\"https:\\\/\\\/casadecampoliving.com\\\/es\\\/#organization\"},\"potentialAction\":[{\"@type\":\"SearchAction\",\"target\":{\"@type\":\"EntryPoint\",\"urlTemplate\":\"https:\\\/\\\/casadecampoliving.com\\\/es\\\/?s={search_term_string}\"},\"query-input\":{\"@type\":\"PropertyValueSpecification\",\"valueRequired\":true,\"valueName\":\"search_term_string\"}}],\"inLanguage\":\"es\"},{\"@type\":\"Organization\",\"@id\":\"https:\\\/\\\/casadecampoliving.com\\\/es\\\/#organization\",\"name\":\"Casa de Campo Living\",\"url\":\"https:\\\/\\\/casadecampoliving.com\\\/es\\\/\",\"logo\":{\"@type\":\"ImageObject\",\"inLanguage\":\"es\",\"@id\":\"https:\\\/\\\/casadecampoliving.com\\\/es\\\/#\\\/schema\\\/logo\\\/image\\\/\",\"url\":\"https:\\\/\\\/i0.wp.com\\\/casadecampoliving.com\\\/wp-content\\\/uploads\\\/2022\\\/07\\\/CDCLivingLogo_V1-white-sized.png?fit=800%2C214&ssl=1\",\"contentUrl\":\"https:\\\/\\\/i0.wp.com\\\/casadecampoliving.com\\\/wp-content\\\/uploads\\\/2022\\\/07\\\/CDCLivingLogo_V1-white-sized.png?fit=800%2C214&ssl=1\",\"width\":800,\"height\":214,\"caption\":\"Casa de Campo Living\"},\"image\":{\"@id\":\"https:\\\/\\\/casadecampoliving.com\\\/es\\\/#\\\/schema\\\/logo\\\/image\\\/\"},\"sameAs\":[\"https:\\\/\\\/www.facebook.com\\\/casadecampoliving\",\"https:\\\/\\\/x.com\\\/cdcliving\"]},{\"@type\":\"Person\",\"@id\":\"https:\\\/\\\/casadecampoliving.com\\\/es\\\/#\\\/schema\\\/person\\\/2b2208f3175fa8761e25b272e096d718\",\"name\":\"Rebecca Silvestri\",\"image\":{\"@type\":\"ImageObject\",\"inLanguage\":\"es\",\"@id\":\"https:\\\/\\\/secure.gravatar.com\\\/avatar\\\/2d937fd6c1769fb718dbf8dce9e82bf5f89e97bd028f9b3ea10b931dc7df95c6?s=96&d=mm&r=g\",\"url\":\"https:\\\/\\\/secure.gravatar.com\\\/avatar\\\/2d937fd6c1769fb718dbf8dce9e82bf5f89e97bd028f9b3ea10b931dc7df95c6?s=96&d=mm&r=g\",\"contentUrl\":\"https:\\\/\\\/secure.gravatar.com\\\/avatar\\\/2d937fd6c1769fb718dbf8dce9e82bf5f89e97bd028f9b3ea10b931dc7df95c6?s=96&d=mm&r=g\",\"caption\":\"Rebecca Silvestri\"},\"url\":\"https:\\\/\\\/casadecampoliving.com\\\/es\\\/author\\\/madamehuge\\\/\"}]}<\/script>\n<!-- \/ Yoast SEO plugin. -->","yoast_head_json":{"title":"Talented Fashion Designers of the Altos de Chav\u00f3n School present 'Estilo 2011: The Silk Road' | Casa de Campo Living","description":"Last Friday the 27th of May, the graduating fashion designers of the Altos de Chav\u00f3n School of Art and Design brought their 2 years of training to a","robots":{"index":"index","follow":"follow","max-snippet":"max-snippet:-1","max-image-preview":"max-image-preview:large","max-video-preview":"max-video-preview:-1"},"canonical":"https:\/\/casadecampoliving.com\/es\/talented-fashion-designers-of-the-altos-de-chavon-school-present-estilo-2011-the-silk-road\/","og_locale":"es_ES","og_type":"article","og_title":"Talented Fashion Designers of the Altos de Chav\u00f3n School present 'Estilo 2011: The Silk Road' | Casa de Campo Living","og_description":"Last Friday the 27th of May, the graduating fashion designers of the Altos de Chav\u00f3n School of Art and Design brought their 2 years of training to a","og_url":"https:\/\/casadecampoliving.com\/es\/talented-fashion-designers-of-the-altos-de-chavon-school-present-estilo-2011-the-silk-road\/","og_site_name":"Casa de Campo Living","article_publisher":"https:\/\/www.facebook.com\/casadecampoliving","article_published_time":"2011-06-01T04:00:00+00:00","article_modified_time":"2022-11-10T14:29:20+00:00","og_image":[{"width":565,"height":318,"url":"https:\/\/i0.wp.com\/casadecampoliving.com\/wp-content\/uploads\/2022\/10\/estilo_altos_de_chavon-1.jpg?fit=565%2C318&ssl=1","type":"image\/jpeg"}],"author":"Rebecca Silvestri","twitter_card":"summary_large_image","twitter_creator":"@cdcliving","twitter_site":"@cdcliving","twitter_misc":{"Escrito por":"Rebecca Silvestri","Tiempo de lectura":"2 minutos"},"schema":{"@context":"https:\/\/schema.org","@graph":[{"@type":"Article","@id":"https:\/\/casadecampoliving.com\/es\/talented-fashion-designers-of-the-altos-de-chavon-school-present-estilo-2011-the-silk-road\/#article","isPartOf":{"@id":"https:\/\/casadecampoliving.com\/es\/talented-fashion-designers-of-the-altos-de-chavon-school-present-estilo-2011-the-silk-road\/"},"author":{"name":"Rebecca Silvestri","@id":"https:\/\/casadecampoliving.com\/es\/#\/schema\/person\/2b2208f3175fa8761e25b272e096d718"},"headline":"Talented Fashion Designers of the Altos de Chav\u00f3n School present &#8216;Estilo 2011: The Silk Road&#8217;","datePublished":"2011-06-01T04:00:00+00:00","dateModified":"2022-11-10T14:29:20+00:00","mainEntityOfPage":{"@id":"https:\/\/casadecampoliving.com\/es\/talented-fashion-designers-of-the-altos-de-chavon-school-present-estilo-2011-the-silk-road\/"},"wordCount":501,"publisher":{"@id":"https:\/\/casadecampoliving.com\/es\/#organization"},"image":{"@id":"https:\/\/casadecampoliving.com\/es\/talented-fashion-designers-of-the-altos-de-chavon-school-present-estilo-2011-the-silk-road\/#primaryimage"},"thumbnailUrl":"https:\/\/i0.wp.com\/casadecampoliving.com\/wp-content\/uploads\/2022\/10\/estilo_altos_de_chavon-1.jpg?fit=565%2C318&ssl=1","keywords":["Altos de Chavon -es","Casa de Campo","estilo 2011","Fashion Show","Fashion Week"],"articleSection":["Altos de Chavon","Art and Culture","Eventos","Moda","Destacados","Titulares","Estilo de Vida","Noticias Locales","Proximamente"],"inLanguage":"es"},{"@type":"WebPage","@id":"https:\/\/casadecampoliving.com\/es\/talented-fashion-designers-of-the-altos-de-chavon-school-present-estilo-2011-the-silk-road\/","url":"https:\/\/casadecampoliving.com\/es\/talented-fashion-designers-of-the-altos-de-chavon-school-present-estilo-2011-the-silk-road\/","name":"Talented Fashion Designers of the Altos de Chav\u00f3n School present 'Estilo 2011: The Silk Road' | Casa de Campo Living","isPartOf":{"@id":"https:\/\/casadecampoliving.com\/es\/#website"},"primaryImageOfPage":{"@id":"https:\/\/casadecampoliving.com\/es\/talented-fashion-designers-of-the-altos-de-chavon-school-present-estilo-2011-the-silk-road\/#primaryimage"},"image":{"@id":"https:\/\/casadecampoliving.com\/es\/talented-fashion-designers-of-the-altos-de-chavon-school-present-estilo-2011-the-silk-road\/#primaryimage"},"thumbnailUrl":"https:\/\/i0.wp.com\/casadecampoliving.com\/wp-content\/uploads\/2022\/10\/estilo_altos_de_chavon-1.jpg?fit=565%2C318&ssl=1","datePublished":"2011-06-01T04:00:00+00:00","dateModified":"2022-11-10T14:29:20+00:00","description":"Last Friday the 27th of May, the graduating fashion designers of the Altos de Chav\u00f3n School of Art and Design brought their 2 years of training to a","breadcrumb":{"@id":"https:\/\/casadecampoliving.com\/es\/talented-fashion-designers-of-the-altos-de-chavon-school-present-estilo-2011-the-silk-road\/#breadcrumb"},"inLanguage":"es","potentialAction":[{"@type":"ReadAction","target":["https:\/\/casadecampoliving.com\/es\/talented-fashion-designers-of-the-altos-de-chavon-school-present-estilo-2011-the-silk-road\/"]}]},{"@type":"ImageObject","inLanguage":"es","@id":"https:\/\/casadecampoliving.com\/es\/talented-fashion-designers-of-the-altos-de-chavon-school-present-estilo-2011-the-silk-road\/#primaryimage","url":"https:\/\/i0.wp.com\/casadecampoliving.com\/wp-content\/uploads\/2022\/10\/estilo_altos_de_chavon-1.jpg?fit=565%2C318&ssl=1","contentUrl":"https:\/\/i0.wp.com\/casadecampoliving.com\/wp-content\/uploads\/2022\/10\/estilo_altos_de_chavon-1.jpg?fit=565%2C318&ssl=1","width":565,"height":318},{"@type":"BreadcrumbList","@id":"https:\/\/casadecampoliving.com\/es\/talented-fashion-designers-of-the-altos-de-chavon-school-present-estilo-2011-the-silk-road\/#breadcrumb","itemListElement":[{"@type":"ListItem","position":1,"name":"Home","item":"https:\/\/casadecampoliving.com\/es\/"},{"@type":"ListItem","position":2,"name":"Talented Fashion Designers of the Altos de Chav\u00f3n School present &#8216;Estilo 2011: The Silk Road&#8217;"}]},{"@type":"WebSite","@id":"https:\/\/casadecampoliving.com\/es\/#website","url":"https:\/\/casadecampoliving.com\/es\/","name":"Casa de Campo Living","description":"Resort community news and resources.","publisher":{"@id":"https:\/\/casadecampoliving.com\/es\/#organization"},"potentialAction":[{"@type":"SearchAction","target":{"@type":"EntryPoint","urlTemplate":"https:\/\/casadecampoliving.com\/es\/?s={search_term_string}"},"query-input":{"@type":"PropertyValueSpecification","valueRequired":true,"valueName":"search_term_string"}}],"inLanguage":"es"},{"@type":"Organization","@id":"https:\/\/casadecampoliving.com\/es\/#organization","name":"Casa de Campo Living","url":"https:\/\/casadecampoliving.com\/es\/","logo":{"@type":"ImageObject","inLanguage":"es","@id":"https:\/\/casadecampoliving.com\/es\/#\/schema\/logo\/image\/","url":"https:\/\/i0.wp.com\/casadecampoliving.com\/wp-content\/uploads\/2022\/07\/CDCLivingLogo_V1-white-sized.png?fit=800%2C214&ssl=1","contentUrl":"https:\/\/i0.wp.com\/casadecampoliving.com\/wp-content\/uploads\/2022\/07\/CDCLivingLogo_V1-white-sized.png?fit=800%2C214&ssl=1","width":800,"height":214,"caption":"Casa de Campo Living"},"image":{"@id":"https:\/\/casadecampoliving.com\/es\/#\/schema\/logo\/image\/"},"sameAs":["https:\/\/www.facebook.com\/casadecampoliving","https:\/\/x.com\/cdcliving"]},{"@type":"Person","@id":"https:\/\/casadecampoliving.com\/es\/#\/schema\/person\/2b2208f3175fa8761e25b272e096d718","name":"Rebecca Silvestri","image":{"@type":"ImageObject","inLanguage":"es","@id":"https:\/\/secure.gravatar.com\/avatar\/2d937fd6c1769fb718dbf8dce9e82bf5f89e97bd028f9b3ea10b931dc7df95c6?s=96&d=mm&r=g","url":"https:\/\/secure.gravatar.com\/avatar\/2d937fd6c1769fb718dbf8dce9e82bf5f89e97bd028f9b3ea10b931dc7df95c6?s=96&d=mm&r=g","contentUrl":"https:\/\/secure.gravatar.com\/avatar\/2d937fd6c1769fb718dbf8dce9e82bf5f89e97bd028f9b3ea10b931dc7df95c6?s=96&d=mm&r=g","caption":"Rebecca Silvestri"},"url":"https:\/\/casadecampoliving.com\/es\/author\/madamehuge\/"}]}},"parsely":{"version":"1.1.0","canonical_url":"https:\/\/casadecampoliving.com\/es\/talented-fashion-designers-of-the-altos-de-chavon-school-present-estilo-2011-the-silk-road\/","smart_links":{"inbound":0,"outbound":0},"traffic_boost_suggestions_count":0,"meta":{"@context":"https:\/\/schema.org","@type":"NewsArticle","headline":"Talented Fashion Designers of the Altos de Chav\u00f3n School present &#8216;Estilo 2011: The Silk Road&#8217;","url":"http:\/\/casadecampoliving.com\/es\/talented-fashion-designers-of-the-altos-de-chavon-school-present-estilo-2011-the-silk-road\/","mainEntityOfPage":{"@type":"WebPage","@id":"http:\/\/casadecampoliving.com\/es\/talented-fashion-designers-of-the-altos-de-chavon-school-present-estilo-2011-the-silk-road\/"},"thumbnailUrl":"https:\/\/i0.wp.com\/casadecampoliving.com\/wp-content\/uploads\/2022\/10\/estilo_altos_de_chavon-1.jpg?resize=150%2C150&ssl=1","image":{"@type":"ImageObject","url":"https:\/\/i0.wp.com\/casadecampoliving.com\/wp-content\/uploads\/2022\/10\/estilo_altos_de_chavon-1.jpg?fit=565%2C318&ssl=1"},"articleSection":"Altos de Chavon","author":[{"@type":"Person","name":"Rebecca Silvestri"}],"creator":["Rebecca Silvestri"],"publisher":{"@type":"Organization","name":"Casa de Campo Living","logo":"https:\/\/casadecampoliving.com\/wp-content\/uploads\/2022\/07\/CDCLivingLogo_V1-white-sized.png"},"keywords":["altos de chavon -es","casa de campo","estilo 2011","fashion show","fashion week"],"dateCreated":"2011-06-01T04:00:00Z","datePublished":"2011-06-01T04:00:00Z","dateModified":"2022-11-10T14:29:20Z"},"rendered":"<script type=\"application\/ld+json\" class=\"wp-parsely-metadata\">{\"@context\":\"https:\\\/\\\/schema.org\",\"@type\":\"NewsArticle\",\"headline\":\"Talented Fashion Designers of the Altos de Chav\\u00f3n School present &#8216;Estilo 2011: The Silk Road&#8217;\",\"url\":\"http:\\\/\\\/casadecampoliving.com\\\/es\\\/talented-fashion-designers-of-the-altos-de-chavon-school-present-estilo-2011-the-silk-road\\\/\",\"mainEntityOfPage\":{\"@type\":\"WebPage\",\"@id\":\"http:\\\/\\\/casadecampoliving.com\\\/es\\\/talented-fashion-designers-of-the-altos-de-chavon-school-present-estilo-2011-the-silk-road\\\/\"},\"thumbnailUrl\":\"https:\\\/\\\/i0.wp.com\\\/casadecampoliving.com\\\/wp-content\\\/uploads\\\/2022\\\/10\\\/estilo_altos_de_chavon-1.jpg?resize=150%2C150&ssl=1\",\"image\":{\"@type\":\"ImageObject\",\"url\":\"https:\\\/\\\/i0.wp.com\\\/casadecampoliving.com\\\/wp-content\\\/uploads\\\/2022\\\/10\\\/estilo_altos_de_chavon-1.jpg?fit=565%2C318&ssl=1\"},\"articleSection\":\"Altos de Chavon\",\"author\":[{\"@type\":\"Person\",\"name\":\"Rebecca Silvestri\"}],\"creator\":[\"Rebecca Silvestri\"],\"publisher\":{\"@type\":\"Organization\",\"name\":\"Casa de Campo Living\",\"logo\":\"https:\\\/\\\/casadecampoliving.com\\\/wp-content\\\/uploads\\\/2022\\\/07\\\/CDCLivingLogo_V1-white-sized.png\"},\"keywords\":[\"altos de chavon -es\",\"casa de campo\",\"estilo 2011\",\"fashion show\",\"fashion week\"],\"dateCreated\":\"2011-06-01T04:00:00Z\",\"datePublished\":\"2011-06-01T04:00:00Z\",\"dateModified\":\"2022-11-10T14:29:20Z\"}<\/script>","tracker_url":"https:\/\/cdn.parsely.com\/keys\/casadecampoliving.com\/p.js"},"jetpack_publicize_connections":[],"jetpack_featured_media_url":"https:\/\/i0.wp.com\/casadecampoliving.com\/wp-content\/uploads\/2022\/10\/estilo_altos_de_chavon-1.jpg?fit=565%2C318&ssl=1","jetpack-related-posts":[{"id":320122,"url":"https:\/\/casadecampoliving.com\/es\/altos-de-chavon-school-of-art-and-design-end-of-year-exhibit\/","url_meta":{"origin":320118,"position":0},"title":"Altos de Chav\u00f3n School of Art and Design &#8216;End of Year&#8217; Exhibit","author":"Rebecca Silvestri","date":"2 Jun, 2011","format":false,"excerpt":"The Altos de Chav\u00f3n School of Art and Design school year came to a successful close last week and was celebrated with\u00a0Estilo 2011 \u2013 a fantastic fashion show, the graduation ceremony at the Casa de Campo hotel, as well as a magnificent exhibit of the students work in the Altos\u2026","rel":"","context":"En \u00abAltos de Chavon\u00bb","block_context":{"text":"Altos de Chavon","link":"https:\/\/casadecampoliving.com\/category\/altos-de-chavon\/"},"img":{"alt_text":"","src":"https:\/\/i0.wp.com\/casadecampoliving.com\/wp-content\/uploads\/2022\/10\/altos_de_chavon_students_casadecampo-1.jpg?fit=565%2C366&ssl=1&resize=350%2C200","width":350,"height":200,"srcset":"https:\/\/i0.wp.com\/casadecampoliving.com\/wp-content\/uploads\/2022\/10\/altos_de_chavon_students_casadecampo-1.jpg?fit=565%2C366&ssl=1&resize=350%2C200 1x, https:\/\/i0.wp.com\/casadecampoliving.com\/wp-content\/uploads\/2022\/10\/altos_de_chavon_students_casadecampo-1.jpg?fit=565%2C366&ssl=1&resize=525%2C300 1.5x"},"classes":[]},{"id":320127,"url":"https:\/\/casadecampoliving.com\/es\/celebrating-a-successful-estilo-2011-guests-and-students-enjoy-a-wine-and-cheese-cocktail\/","url_meta":{"origin":320118,"position":1},"title":"Celebrating A Successful Estilo 2011: Guests and Students enjoy a Wine and Cheese Cocktail!","author":"Rebecca Silvestri","date":"3 Jun, 2011","format":false,"excerpt":"Last Friday the 27th of May the fashion graduates of the Altos de Chav\u00f3n School of Art and Design celebrated their acheivements and the end of their artistic time in Altos de Chav\u00f3n with a spectacular fashion show, Estilo 2011: The Silk Road - an event which was celebrated with\u2026","rel":"","context":"En \u00abAltos de Chavon\u00bb","block_context":{"text":"Altos de Chavon","link":"https:\/\/casadecampoliving.com\/category\/altos-de-chavon\/"},"img":{"alt_text":"","src":"https:\/\/i0.wp.com\/casadecampoliving.com\/wp-content\/uploads\/2022\/10\/estilo_altos_de_chavon-3.jpg?fit=565%2C318&ssl=1&resize=350%2C200","width":350,"height":200,"srcset":"https:\/\/i0.wp.com\/casadecampoliving.com\/wp-content\/uploads\/2022\/10\/estilo_altos_de_chavon-3.jpg?fit=565%2C318&ssl=1&resize=350%2C200 1x, https:\/\/i0.wp.com\/casadecampoliving.com\/wp-content\/uploads\/2022\/10\/estilo_altos_de_chavon-3.jpg?fit=565%2C318&ssl=1&resize=525%2C300 1.5x"},"classes":[]},{"id":320014,"url":"https:\/\/casadecampoliving.com\/es\/estilo-2011-end-of-year-fashion-show-by-the-altos-de-chavon-fashion-students\/","url_meta":{"origin":320118,"position":2},"title":"Estilo 2011: End of Year Fashion Show by the Altos de Chav\u00f3n Fashion Students","author":"Rebecca Silvestri","date":"4 May, 2011","format":false,"excerpt":"On Friday, May the 27th, the Altos de Chav\u00f3n School of Art and Design will present its 27th annual student fashion show, in the Sal\u00f3n Flamboy\u00e1n\u00a0at Casa de Campo\u2019s conference center. It\u2019s a special night, when Chav\u00f3n\u2019s Fashion Design students present their work to the public. This year\u2019s theme is\u2026","rel":"","context":"En \u00abAltos de Chavon\u00bb","block_context":{"text":"Altos de Chavon","link":"https:\/\/casadecampoliving.com\/category\/altos-de-chavon\/"},"img":{"alt_text":"","src":"https:\/\/i0.wp.com\/casadecampoliving.com\/wp-content\/uploads\/2022\/10\/chavon-school-of-design-estil0-2010-casa-de-campo-living-1.jpg?fit=565%2C353&ssl=1&resize=350%2C200","width":350,"height":200,"srcset":"https:\/\/i0.wp.com\/casadecampoliving.com\/wp-content\/uploads\/2022\/10\/chavon-school-of-design-estil0-2010-casa-de-campo-living-1.jpg?fit=565%2C353&ssl=1&resize=350%2C200 1x, https:\/\/i0.wp.com\/casadecampoliving.com\/wp-content\/uploads\/2022\/10\/chavon-school-of-design-estil0-2010-casa-de-campo-living-1.jpg?fit=565%2C353&ssl=1&resize=525%2C300 1.5x"},"classes":[]},{"id":321683,"url":"https:\/\/casadecampoliving.com\/estilo-2012-the-new-resort-wear-rules-by-stephen-kaplan\/","url_meta":{"origin":320118,"position":3},"title":"Estilo 2012: The New Resort Wear Rules! By Stephen Kaplan","author":"Rebecca Silvestri","date":"4 Oct, 2012","format":false,"excerpt":"Once again The Altos de Chav\u00f3n School of Art and Design is pioneering new territory. Dominicana Moda, the Dominican Fashion Week, is a prestigious annual event\u00a0in Santo Domingo at which established and emerging designers showcase their\u00a0fashion ideas. Last year, following the wonderful reception The School\u2019s Fashion Design\u00a0students received for their\u2026","rel":"","context":"En \u00abAltos de Chavon\u00bb","block_context":{"text":"Altos de Chavon","link":"https:\/\/casadecampoliving.com\/category\/altos-de-chavon\/"},"img":{"alt_text":"altos de chavon moda","src":"https:\/\/i0.wp.com\/casadecampoliving.com\/wp-content\/uploads\/2022\/10\/Altos_de_Chavon_moda1-1.jpg?fit=650%2C433&ssl=1&resize=350%2C200","width":350,"height":200,"srcset":"https:\/\/i0.wp.com\/casadecampoliving.com\/wp-content\/uploads\/2022\/10\/Altos_de_Chavon_moda1-1.jpg?fit=650%2C433&ssl=1&resize=350%2C200 1x, https:\/\/i0.wp.com\/casadecampoliving.com\/wp-content\/uploads\/2022\/10\/Altos_de_Chavon_moda1-1.jpg?fit=650%2C433&ssl=1&resize=525%2C300 1.5x"},"classes":[]},{"id":320541,"url":"https:\/\/casadecampoliving.com\/altos-de-chavon-school-presents-the-silk-road-at-dominicana-moda-in-aid-of-the-hogar-del-nino\/","url_meta":{"origin":320118,"position":4},"title":"Altos de Chav\u00f3n School presents \u00abThe Silk Road\u00bb at Dominicana Moda &#8211; in aid of the Hogar del Ni\u00f1o!","author":"Rebecca Silvestri","date":"6 Oct, 2011","format":false,"excerpt":"The Altos de Chav\u00f3n School of Art and Design will later this month be taking part in the annual fashion celebration \u2018Dominicana Moda\u2019 in Santo Domingo, with their end of year fashion show \u201cLa Ruta de la Seda\u201d (the silk road) and money raised with the ticket sales will benefit\u2026","rel":"","context":"En \u00abAltos de Chavon\u00bb","block_context":{"text":"Altos de Chavon","link":"https:\/\/casadecampoliving.com\/category\/altos-de-chavon\/"},"img":{"alt_text":"dominicana moda altos de chavon","src":"https:\/\/i0.wp.com\/casadecampoliving.com\/wp-content\/uploads\/2022\/10\/dominicana_moda_altos_de_chavon-1.jpg?fit=565%2C263&ssl=1&resize=350%2C200","width":350,"height":200,"srcset":"https:\/\/i0.wp.com\/casadecampoliving.com\/wp-content\/uploads\/2022\/10\/dominicana_moda_altos_de_chavon-1.jpg?fit=565%2C263&ssl=1&resize=350%2C200 1x, https:\/\/i0.wp.com\/casadecampoliving.com\/wp-content\/uploads\/2022\/10\/dominicana_moda_altos_de_chavon-1.jpg?fit=565%2C263&ssl=1&resize=525%2C300 1.5x"},"classes":[]},{"id":320604,"url":"https:\/\/casadecampoliving.com\/the-altos-de-chavon-school-of-art-and-design-sensational-at-dominicana-moda\/","url_meta":{"origin":320118,"position":5},"title":"The Altos de Chav\u00f3n School of Art and Design: Sensational at Dominicana Moda!","author":"Rebecca Silvestri","date":"25 Oct, 2011","format":false,"excerpt":"Last Saturday the 22nd of October, the Altos de Chav\u00f3n School of Art and Design took part in the Dominicana Moda fashion event in Santo Domingo for the very first time! Showcasing fashion show \"The Silk Road\" (La Ruta de la Seda) created by the school's 2011 graduating class, the\u2026","rel":"","context":"En \u00abAltos de Chavon\u00bb","block_context":{"text":"Altos de Chavon","link":"https:\/\/casadecampoliving.com\/category\/altos-de-chavon\/"},"img":{"alt_text":"altos de chavon","src":"https:\/\/i0.wp.com\/casadecampoliving.com\/wp-content\/uploads\/2022\/10\/altos_de_chavon_dominicana_moda-1.jpg?fit=565%2C318&ssl=1&resize=350%2C200","width":350,"height":200,"srcset":"https:\/\/i0.wp.com\/casadecampoliving.com\/wp-content\/uploads\/2022\/10\/altos_de_chavon_dominicana_moda-1.jpg?fit=565%2C318&ssl=1&resize=350%2C200 1x, https:\/\/i0.wp.com\/casadecampoliving.com\/wp-content\/uploads\/2022\/10\/altos_de_chavon_dominicana_moda-1.jpg?fit=565%2C318&ssl=1&resize=525%2C300 1.5x"},"classes":[]}],"jetpack_sharing_enabled":true,"_links":{"self":[{"href":"https:\/\/casadecampoliving.com\/es\/wp-json\/wp\/v2\/posts\/320118","targetHints":{"allow":["GET"]}}],"collection":[{"href":"https:\/\/casadecampoliving.com\/es\/wp-json\/wp\/v2\/posts"}],"about":[{"href":"https:\/\/casadecampoliving.com\/es\/wp-json\/wp\/v2\/types\/post"}],"author":[{"embeddable":true,"href":"https:\/\/casadecampoliving.com\/es\/wp-json\/wp\/v2\/users\/31"}],"replies":[{"embeddable":true,"href":"https:\/\/casadecampoliving.com\/es\/wp-json\/wp\/v2\/comments?post=320118"}],"version-history":[{"count":2,"href":"https:\/\/casadecampoliving.com\/es\/wp-json\/wp\/v2\/posts\/320118\/revisions"}],"predecessor-version":[{"id":506305,"href":"https:\/\/casadecampoliving.com\/es\/wp-json\/wp\/v2\/posts\/320118\/revisions\/506305"}],"wp:featuredmedia":[{"embeddable":true,"href":"https:\/\/casadecampoliving.com\/es\/wp-json\/wp\/v2\/media\/261080"}],"wp:attachment":[{"href":"https:\/\/casadecampoliving.com\/es\/wp-json\/wp\/v2\/media?parent=320118"}],"wp:term":[{"taxonomy":"category","embeddable":true,"href":"https:\/\/casadecampoliving.com\/es\/wp-json\/wp\/v2\/categories?post=320118"},{"taxonomy":"post_tag","embeddable":true,"href":"https:\/\/casadecampoliving.com\/es\/wp-json\/wp\/v2\/tags?post=320118"},{"taxonomy":"newspack_spnsrs_tax","embeddable":true,"href":"https:\/\/casadecampoliving.com\/es\/wp-json\/wp\/v2\/newspack_spnsrs_tax?post=320118"}],"curies":[{"name":"wp","href":"https:\/\/api.w.org\/{rel}","templated":true}]}}