{"id":320113,"date":"2011-05-31T00:00:00","date_gmt":"2011-05-31T04:00:00","guid":{"rendered":"https:\/\/casadecampoliving.com\/confirmed-alejandro-fernandez-el-portillo-is-coming-to-chavon\/"},"modified":"2022-10-21T18:02:34","modified_gmt":"2022-10-21T22:02:34","slug":"confirmed-alejandro-fernandez-el-portillo-is-coming-to-chavon","status":"publish","type":"post","link":"https:\/\/casadecampoliving.com\/es\/confirmed-alejandro-fernandez-el-portillo-is-coming-to-chavon\/","title":{"rendered":"Confirmed: Alejandro Fernandez &#8216;El Potrillo&#8217; is coming to Chav\u00f3n!"},"content":{"rendered":"<div class=\"wp-block-image\">\n<figure class=\"aligncenter is-resized\"><a href=\"https:\/\/i0.wp.com\/casadecampoliving.com\/wp-content\/uploads\/2022\/10\/alejandro_fernandez_casadecampo_altosdechavon.jpg?ssl=1\"><img loading=\"lazy\" decoding=\"async\" src=\"https:\/\/i0.wp.com\/casadecampoliving.com\/wp-content\/uploads\/2022\/10\/alejandro_fernandez_casadecampo_altosdechavon.jpg?resize=565%2C424&amp;ssl=1\" alt=\"\" class=\"wp-image-28902\" title=\"alejandro_fernandez_casadecampo_altosdechavon\" height=\"424\" width=\"565\"\/><\/a><\/figure>\n<\/div>\n\n\n<p><strong>UPDATE: Monday 6th June, 10am \u2013 We have literally just heard that this concert has been \u2018postponed\u2019 until the end of August, as soon as we know more we will let you know!<\/strong><\/p>\n\n\n\n<p>It\u2019s true! Mariachi-singing Mexican Alejandro Fernandez will be performing in the great Altos de Chav\u00f3n Amphitheatre really soon \u2013 on Saturday the 25th of June!<\/p>\n\n\n\n<!--more-->\n\n\n<div class=\"wp-block-image\">\n<figure class=\"alignright is-resized\"><a href=\"https:\/\/i0.wp.com\/casadecampoliving.com\/wp-content\/uploads\/2022\/10\/alejandro_fernandez_casadecampo_altosdechavon1.jpg?ssl=1\"><img loading=\"lazy\" decoding=\"async\" src=\"https:\/\/i0.wp.com\/casadecampoliving.com\/wp-content\/uploads\/2022\/10\/alejandro_fernandez_casadecampo_altosdechavon1.jpg?resize=180%2C173&amp;ssl=1\" alt=\"\" class=\"wp-image-28903\" title=\"alejandro_fernandez_casadecampo_altosdechavon\" height=\"173\" width=\"180\"\/><\/a><\/figure>\n<\/div>\n\n\n<p>Although we first<a href=\"https:\/\/casadecampoliving.com\/2011\/05\/rumor-alert-alejandro-fernandez-coming-to-chavon\/\"> revealed this rumor last week,<\/a> when we discovered that tickets were already for sale with <a href=\"http:\/\/www.ticketexpress.com.do\/EventBuyTicket.aspx?id=182#\">\u2018TicketExpress\u2019<\/a> \u2013 we have now received official confirmation from Altos de Chav\u00f3n and Casa de Campo and so can now say with 100% certainty that the concert is scheduled and planned to take place on Saturday the 25th of June at 8.30pm in the Altos de Chav\u00f3n amphitheater.<\/p>\n\n\n\n<p>We are however a little hesitant to say that the concert will be taking place \u2013 because as this time of the year you never know what will happen with the weather\u2026\u2026 June is officially \u2018hurricane season\u2019 and it is a real possibility (as depressing as that is) that it may rain! In fact, recent times 2 other concerts scheduled to take place in Altos de Chav\u00f3n, also being presented SD concerts were sadly postponed, the first was <a href=\"https:\/\/casadecampoliving.com\/2009\/11\/kenny-g-concert-postponed\/\">Kenny G, postponed in November 2009<\/a> due to bad weather and the following year also in November <a href=\"https:\/\/casadecampoliving.com\/2010\/11\/breaking-news-yanni-concert-postponed\/\">Yanni was also postponed due to rain<\/a> \u2013 let\u2019s hope SD Concerts has more luck in June!<\/p>\n\n\n\n<p>Of course with the excessive amount of rain we are currently experiencing\u2026..we can hope that by the end of June the rain will have ran out!<\/p>\n\n\n\n<p>As yet we have not received any official press release or information from the concert\u2019s producer Saymon Diaz of SD Concerts, however the following information was available on <a href=\"http:\/\/www.ticketexpress.com.do\/EventBuyTicket.aspx?id=182#\">TicketExpress.com<\/a>, which is currently selling tickets:<\/p>\n\n\n\n<blockquote class=\"wp-block-quote is-layout-flow wp-block-quote-is-layout-flow\"><p>One of the greatest idols of Hispanic music, famous for both&nbsp;<em>ranchera<\/em> and pop music, will be thrilling his Dominican fans with a concert in their home country to be held on Saturday 25 June.<\/p><p>The&nbsp;<em>\u201cPotrillo de M\u00e9xico\u201d<\/em> (foal of Mexico \u2013 sorry that one does not translate well!)&nbsp;will bring his romantic songs to the Dominican Republic as part of his international tour&nbsp;<em><strong>\u201cDos mundos revoluci\u00f3n tour 2011\u201d <\/strong><\/em>(Two Worlds Revolution Tour 2011) under the local production of SD Concerts \u2013 the same producer responsible for his previous visit to the DR, held in 2008.<\/p><p>As in previous concerts, Alejandro Fernandez will not disappoint his fans, and is expected to put on a long two hour show, when his voice, dance and connection with the audience will create a fantastic show of unrivaled quality.<\/p><p>His most famous songs;<strong> \u201cMe dediqu\u00e9 a perderte\u201d,<\/strong> \u201cCuando digo tu nombre\u201d,&nbsp;<strong>\u201cMe hace tanto bien\u201d<\/strong>, \u201cCanta coraz\u00f3n\u201d,&nbsp;<strong>\u201cQu\u00e9 voy a hacer sin tu amor\u201d,<\/strong> \u201cSe me va la voz\u201d,<strong> \u201cQu\u00e9 l\u00e1stima\u201d<\/strong>, \u201cNo se me hace f\u00e1cil\u201d and&nbsp;<strong>\u201cSi t\u00fa supieras\u201d <\/strong>will make up the show!<\/p><\/blockquote>\n\n\n\n<p>To be honest I don\u2019t know much about Alejandro Fernandez, but after googling \u2018youtube Alejandro Fernandez\u2019, I\u2019ve spent an inappropriate amount of time watching Alejandro Fernandez videos and now I understand what all the fuss is about!<\/p>\n\n\n\n<p>Here is a fantastic Alejandro Fernandez video \u2013 watch and enjoy ladies!<\/p>\n\n\n\n<p><object width=\"560\" height=\"349\"><param name=\"movie\" value=\"http:\/\/www.youtube.com\/v\/PTKmZp4O8EQ?fs=1&amp;hl=en_US\"><param name=\"allowFullScreen\" value=\"true\"><param name=\"allowscriptaccess\" value=\"always\"><\/object><\/p>\n\n\n\n<p><strong>Photo Credit:<\/strong> <a href=\"http:\/\/www.flickr.com\/photos\/msabcmom\/\">Msabcmom \u2013 click here to see msabcmom\u2019s&nbsp;Flickr account.<\/a><\/p>\n\n\n\n<p><strong>Photo Credit:<\/strong> <a href=\"http:\/\/www.flickr.com\/photos\/elbierminks\/\">Elbier Minks&nbsp;\u2013 click here to see&nbsp;Elbier Minks\u2019 Flickr Account<\/a><\/p>\n","protected":false},"excerpt":{"rendered":"<p>UPDATE: Monday 6th June, 10am \u2013 We have literally just heard that this concert has been \u2018postponed\u2019 until the end of August, as soon as we know more we will let you know! It\u2019s true! Mariachi-singing Mexican Alejandro Fernandez will be performing in the great Altos de Chav\u00f3n Amphitheatre really soon \u2013 on Saturday the [&hellip;]<\/p>\n","protected":false},"author":31,"featured_media":260686,"comment_status":"closed","ping_status":"open","sticky":false,"template":"","format":"standard","meta":{"newspack_ads_suppress_ads":false,"newspack_popups_has_disabled_popups":false,"newspack_sponsor_sponsorship_scope":"","newspack_sponsor_native_byline_display":"inherit","newspack_sponsor_native_category_display":"inherit","newspack_sponsor_underwriter_style":"inherit","newspack_sponsor_underwriter_placement":"inherit","_newspack_byline_active":false,"_newspack_byline":"","newspack_hide_updated_date":false,"newspack_show_updated_date":false,"newspack_content_restriction_is_exempt":false,"newspack_featured_image_position":"","newspack_post_subtitle":"","newspack_article_summary_title":"Overview:","newspack_article_summary":"","_jetpack_memberships_contains_paid_content":false,"footnotes":"","jetpack_publicize_message":"","jetpack_publicize_feature_enabled":true,"jetpack_social_post_already_shared":false,"jetpack_social_options":{"image_generator_settings":{"template":"highway","default_image_id":0,"font":"","enabled":false},"version":2},"_wpas_customize_per_network":false},"categories":[56,2513,2518,2522,2526,14631,14625,14627],"tags":[2006,3575,128,23815,18836,2019,2020],"newspack_spnsrs_tax":[],"class_list":["post-320113","post","type-post","status-publish","format-standard","has-post-thumbnail","hentry","category-altos-de-chavon","category-celebridades-es","category-conciertos-es","category-eventos-es","category-titulares-es","category-estilo-de-vida","category-noticias-locales","category-proximamente","tag-alejandro-fernandez","tag-altos-de-chavon-es-2","tag-amphitheater","tag-casa-de-campo-es-17","tag-concert-es-2","tag-mariachi","tag-mexican","entry"],"yoast_head":"<!-- This site is optimized with the Yoast SEO plugin v27.5 - https:\/\/yoast.com\/product\/yoast-seo-wordpress\/ -->\n<title>Confirmed: Alejandro Fernandez &#039;El Potrillo&#039; is coming to Chav\u00f3n! | Casa de Campo Living<\/title>\n<meta name=\"description\" content=\"UPDATE: Monday 6th June, 10am \u2013 We have literally just heard that this concert has been \u2018postponed\u2019 until the end of August, as soon as we know more we\" \/>\n<meta name=\"robots\" content=\"index, follow, max-snippet:-1, max-image-preview:large, max-video-preview:-1\" \/>\n<link rel=\"canonical\" href=\"https:\/\/casadecampoliving.com\/es\/confirmed-alejandro-fernandez-el-portillo-is-coming-to-chavon\/\" \/>\n<meta property=\"og:locale\" content=\"es_ES\" \/>\n<meta property=\"og:type\" content=\"article\" \/>\n<meta property=\"og:title\" content=\"Confirmed: Alejandro Fernandez &#039;El Potrillo&#039; is coming to Chav\u00f3n! | Casa de Campo Living\" \/>\n<meta property=\"og:description\" content=\"UPDATE: Monday 6th June, 10am \u2013 We have literally just heard that this concert has been \u2018postponed\u2019 until the end of August, as soon as we know more we\" \/>\n<meta property=\"og:url\" content=\"https:\/\/casadecampoliving.com\/es\/confirmed-alejandro-fernandez-el-portillo-is-coming-to-chavon\/\" \/>\n<meta property=\"og:site_name\" content=\"Casa de Campo Living\" \/>\n<meta property=\"article:publisher\" content=\"https:\/\/www.facebook.com\/casadecampoliving\" \/>\n<meta property=\"article:published_time\" content=\"2011-05-31T04:00:00+00:00\" \/>\n<meta property=\"article:modified_time\" content=\"2022-10-21T22:02:34+00:00\" \/>\n<meta property=\"og:image\" content=\"https:\/\/i0.wp.com\/casadecampoliving.com\/wp-content\/uploads\/2022\/10\/alejandro_fernandez_casadecampo_altosdechavon-1.jpg?fit=565%2C424&ssl=1\" \/>\n\t<meta property=\"og:image:width\" content=\"565\" \/>\n\t<meta property=\"og:image:height\" content=\"424\" \/>\n\t<meta property=\"og:image:type\" content=\"image\/jpeg\" \/>\n<meta name=\"author\" content=\"Rebecca Silvestri\" \/>\n<meta name=\"twitter:card\" content=\"summary_large_image\" \/>\n<meta name=\"twitter:creator\" content=\"@cdcliving\" \/>\n<meta name=\"twitter:site\" content=\"@cdcliving\" \/>\n<meta name=\"twitter:label1\" content=\"Escrito por\" \/>\n\t<meta name=\"twitter:data1\" content=\"Rebecca Silvestri\" \/>\n\t<meta name=\"twitter:label2\" content=\"Tiempo de lectura\" \/>\n\t<meta name=\"twitter:data2\" content=\"3 minutos\" \/>\n<script type=\"application\/ld+json\" class=\"yoast-schema-graph\">{\"@context\":\"https:\\\/\\\/schema.org\",\"@graph\":[{\"@type\":\"Article\",\"@id\":\"https:\\\/\\\/casadecampoliving.com\\\/es\\\/confirmed-alejandro-fernandez-el-portillo-is-coming-to-chavon\\\/#article\",\"isPartOf\":{\"@id\":\"https:\\\/\\\/casadecampoliving.com\\\/es\\\/confirmed-alejandro-fernandez-el-portillo-is-coming-to-chavon\\\/\"},\"author\":{\"name\":\"Rebecca Silvestri\",\"@id\":\"https:\\\/\\\/casadecampoliving.com\\\/es\\\/#\\\/schema\\\/person\\\/2b2208f3175fa8761e25b272e096d718\"},\"headline\":\"Confirmed: Alejandro Fernandez &#8216;El Potrillo&#8217; is coming to Chav\u00f3n!\",\"datePublished\":\"2011-05-31T04:00:00+00:00\",\"dateModified\":\"2022-10-21T22:02:34+00:00\",\"mainEntityOfPage\":{\"@id\":\"https:\\\/\\\/casadecampoliving.com\\\/es\\\/confirmed-alejandro-fernandez-el-portillo-is-coming-to-chavon\\\/\"},\"wordCount\":571,\"publisher\":{\"@id\":\"https:\\\/\\\/casadecampoliving.com\\\/es\\\/#organization\"},\"image\":{\"@id\":\"https:\\\/\\\/casadecampoliving.com\\\/es\\\/confirmed-alejandro-fernandez-el-portillo-is-coming-to-chavon\\\/#primaryimage\"},\"thumbnailUrl\":\"https:\\\/\\\/i0.wp.com\\\/casadecampoliving.com\\\/wp-content\\\/uploads\\\/2022\\\/10\\\/alejandro_fernandez_casadecampo_altosdechavon-1.jpg?fit=565%2C424&ssl=1\",\"keywords\":[\"Alejandro fernandez\",\"Altos de Chavon -es\",\"Amphitheater\",\"Casa de Campo\",\"concert\",\"mariachi\",\"mexican\"],\"articleSection\":[\"Altos de Chavon\",\"Celebridades\",\"Conciertos\",\"Eventos\",\"Titulares\",\"Estilo de Vida\",\"Noticias Locales\",\"Proximamente\"],\"inLanguage\":\"es\"},{\"@type\":\"WebPage\",\"@id\":\"https:\\\/\\\/casadecampoliving.com\\\/es\\\/confirmed-alejandro-fernandez-el-portillo-is-coming-to-chavon\\\/\",\"url\":\"https:\\\/\\\/casadecampoliving.com\\\/es\\\/confirmed-alejandro-fernandez-el-portillo-is-coming-to-chavon\\\/\",\"name\":\"Confirmed: Alejandro Fernandez 'El Potrillo' is coming to Chav\u00f3n! | Casa de Campo Living\",\"isPartOf\":{\"@id\":\"https:\\\/\\\/casadecampoliving.com\\\/es\\\/#website\"},\"primaryImageOfPage\":{\"@id\":\"https:\\\/\\\/casadecampoliving.com\\\/es\\\/confirmed-alejandro-fernandez-el-portillo-is-coming-to-chavon\\\/#primaryimage\"},\"image\":{\"@id\":\"https:\\\/\\\/casadecampoliving.com\\\/es\\\/confirmed-alejandro-fernandez-el-portillo-is-coming-to-chavon\\\/#primaryimage\"},\"thumbnailUrl\":\"https:\\\/\\\/i0.wp.com\\\/casadecampoliving.com\\\/wp-content\\\/uploads\\\/2022\\\/10\\\/alejandro_fernandez_casadecampo_altosdechavon-1.jpg?fit=565%2C424&ssl=1\",\"datePublished\":\"2011-05-31T04:00:00+00:00\",\"dateModified\":\"2022-10-21T22:02:34+00:00\",\"description\":\"UPDATE: Monday 6th June, 10am \u2013 We have literally just heard that this concert has been \u2018postponed\u2019 until the end of August, as soon as we know more we\",\"breadcrumb\":{\"@id\":\"https:\\\/\\\/casadecampoliving.com\\\/es\\\/confirmed-alejandro-fernandez-el-portillo-is-coming-to-chavon\\\/#breadcrumb\"},\"inLanguage\":\"es\",\"potentialAction\":[{\"@type\":\"ReadAction\",\"target\":[\"https:\\\/\\\/casadecampoliving.com\\\/es\\\/confirmed-alejandro-fernandez-el-portillo-is-coming-to-chavon\\\/\"]}]},{\"@type\":\"ImageObject\",\"inLanguage\":\"es\",\"@id\":\"https:\\\/\\\/casadecampoliving.com\\\/es\\\/confirmed-alejandro-fernandez-el-portillo-is-coming-to-chavon\\\/#primaryimage\",\"url\":\"https:\\\/\\\/i0.wp.com\\\/casadecampoliving.com\\\/wp-content\\\/uploads\\\/2022\\\/10\\\/alejandro_fernandez_casadecampo_altosdechavon-1.jpg?fit=565%2C424&ssl=1\",\"contentUrl\":\"https:\\\/\\\/i0.wp.com\\\/casadecampoliving.com\\\/wp-content\\\/uploads\\\/2022\\\/10\\\/alejandro_fernandez_casadecampo_altosdechavon-1.jpg?fit=565%2C424&ssl=1\",\"width\":565,\"height\":424},{\"@type\":\"BreadcrumbList\",\"@id\":\"https:\\\/\\\/casadecampoliving.com\\\/es\\\/confirmed-alejandro-fernandez-el-portillo-is-coming-to-chavon\\\/#breadcrumb\",\"itemListElement\":[{\"@type\":\"ListItem\",\"position\":1,\"name\":\"Home\",\"item\":\"https:\\\/\\\/casadecampoliving.com\\\/es\\\/\"},{\"@type\":\"ListItem\",\"position\":2,\"name\":\"Confirmed: Alejandro Fernandez &#8216;El Potrillo&#8217; is coming to Chav\u00f3n!\"}]},{\"@type\":\"WebSite\",\"@id\":\"https:\\\/\\\/casadecampoliving.com\\\/es\\\/#website\",\"url\":\"https:\\\/\\\/casadecampoliving.com\\\/es\\\/\",\"name\":\"Casa de Campo Living\",\"description\":\"Resort community news and resources.\",\"publisher\":{\"@id\":\"https:\\\/\\\/casadecampoliving.com\\\/es\\\/#organization\"},\"potentialAction\":[{\"@type\":\"SearchAction\",\"target\":{\"@type\":\"EntryPoint\",\"urlTemplate\":\"https:\\\/\\\/casadecampoliving.com\\\/es\\\/?s={search_term_string}\"},\"query-input\":{\"@type\":\"PropertyValueSpecification\",\"valueRequired\":true,\"valueName\":\"search_term_string\"}}],\"inLanguage\":\"es\"},{\"@type\":\"Organization\",\"@id\":\"https:\\\/\\\/casadecampoliving.com\\\/es\\\/#organization\",\"name\":\"Casa de Campo Living\",\"url\":\"https:\\\/\\\/casadecampoliving.com\\\/es\\\/\",\"logo\":{\"@type\":\"ImageObject\",\"inLanguage\":\"es\",\"@id\":\"https:\\\/\\\/casadecampoliving.com\\\/es\\\/#\\\/schema\\\/logo\\\/image\\\/\",\"url\":\"https:\\\/\\\/i0.wp.com\\\/casadecampoliving.com\\\/wp-content\\\/uploads\\\/2022\\\/07\\\/CDCLivingLogo_V1-white-sized.png?fit=800%2C214&ssl=1\",\"contentUrl\":\"https:\\\/\\\/i0.wp.com\\\/casadecampoliving.com\\\/wp-content\\\/uploads\\\/2022\\\/07\\\/CDCLivingLogo_V1-white-sized.png?fit=800%2C214&ssl=1\",\"width\":800,\"height\":214,\"caption\":\"Casa de Campo Living\"},\"image\":{\"@id\":\"https:\\\/\\\/casadecampoliving.com\\\/es\\\/#\\\/schema\\\/logo\\\/image\\\/\"},\"sameAs\":[\"https:\\\/\\\/www.facebook.com\\\/casadecampoliving\",\"https:\\\/\\\/x.com\\\/cdcliving\"]},{\"@type\":\"Person\",\"@id\":\"https:\\\/\\\/casadecampoliving.com\\\/es\\\/#\\\/schema\\\/person\\\/2b2208f3175fa8761e25b272e096d718\",\"name\":\"Rebecca Silvestri\",\"image\":{\"@type\":\"ImageObject\",\"inLanguage\":\"es\",\"@id\":\"https:\\\/\\\/secure.gravatar.com\\\/avatar\\\/2d937fd6c1769fb718dbf8dce9e82bf5f89e97bd028f9b3ea10b931dc7df95c6?s=96&d=mm&r=g\",\"url\":\"https:\\\/\\\/secure.gravatar.com\\\/avatar\\\/2d937fd6c1769fb718dbf8dce9e82bf5f89e97bd028f9b3ea10b931dc7df95c6?s=96&d=mm&r=g\",\"contentUrl\":\"https:\\\/\\\/secure.gravatar.com\\\/avatar\\\/2d937fd6c1769fb718dbf8dce9e82bf5f89e97bd028f9b3ea10b931dc7df95c6?s=96&d=mm&r=g\",\"caption\":\"Rebecca Silvestri\"},\"url\":\"https:\\\/\\\/casadecampoliving.com\\\/es\\\/author\\\/madamehuge\\\/\"}]}<\/script>\n<!-- \/ Yoast SEO plugin. -->","yoast_head_json":{"title":"Confirmed: Alejandro Fernandez 'El Potrillo' is coming to Chav\u00f3n! | Casa de Campo Living","description":"UPDATE: Monday 6th June, 10am \u2013 We have literally just heard that this concert has been \u2018postponed\u2019 until the end of August, as soon as we know more we","robots":{"index":"index","follow":"follow","max-snippet":"max-snippet:-1","max-image-preview":"max-image-preview:large","max-video-preview":"max-video-preview:-1"},"canonical":"https:\/\/casadecampoliving.com\/es\/confirmed-alejandro-fernandez-el-portillo-is-coming-to-chavon\/","og_locale":"es_ES","og_type":"article","og_title":"Confirmed: Alejandro Fernandez 'El Potrillo' is coming to Chav\u00f3n! | Casa de Campo Living","og_description":"UPDATE: Monday 6th June, 10am \u2013 We have literally just heard that this concert has been \u2018postponed\u2019 until the end of August, as soon as we know more we","og_url":"https:\/\/casadecampoliving.com\/es\/confirmed-alejandro-fernandez-el-portillo-is-coming-to-chavon\/","og_site_name":"Casa de Campo Living","article_publisher":"https:\/\/www.facebook.com\/casadecampoliving","article_published_time":"2011-05-31T04:00:00+00:00","article_modified_time":"2022-10-21T22:02:34+00:00","og_image":[{"width":565,"height":424,"url":"https:\/\/i0.wp.com\/casadecampoliving.com\/wp-content\/uploads\/2022\/10\/alejandro_fernandez_casadecampo_altosdechavon-1.jpg?fit=565%2C424&ssl=1","type":"image\/jpeg"}],"author":"Rebecca Silvestri","twitter_card":"summary_large_image","twitter_creator":"@cdcliving","twitter_site":"@cdcliving","twitter_misc":{"Escrito por":"Rebecca Silvestri","Tiempo de lectura":"3 minutos"},"schema":{"@context":"https:\/\/schema.org","@graph":[{"@type":"Article","@id":"https:\/\/casadecampoliving.com\/es\/confirmed-alejandro-fernandez-el-portillo-is-coming-to-chavon\/#article","isPartOf":{"@id":"https:\/\/casadecampoliving.com\/es\/confirmed-alejandro-fernandez-el-portillo-is-coming-to-chavon\/"},"author":{"name":"Rebecca Silvestri","@id":"https:\/\/casadecampoliving.com\/es\/#\/schema\/person\/2b2208f3175fa8761e25b272e096d718"},"headline":"Confirmed: Alejandro Fernandez &#8216;El Potrillo&#8217; is coming to Chav\u00f3n!","datePublished":"2011-05-31T04:00:00+00:00","dateModified":"2022-10-21T22:02:34+00:00","mainEntityOfPage":{"@id":"https:\/\/casadecampoliving.com\/es\/confirmed-alejandro-fernandez-el-portillo-is-coming-to-chavon\/"},"wordCount":571,"publisher":{"@id":"https:\/\/casadecampoliving.com\/es\/#organization"},"image":{"@id":"https:\/\/casadecampoliving.com\/es\/confirmed-alejandro-fernandez-el-portillo-is-coming-to-chavon\/#primaryimage"},"thumbnailUrl":"https:\/\/i0.wp.com\/casadecampoliving.com\/wp-content\/uploads\/2022\/10\/alejandro_fernandez_casadecampo_altosdechavon-1.jpg?fit=565%2C424&ssl=1","keywords":["Alejandro fernandez","Altos de Chavon -es","Amphitheater","Casa de Campo","concert","mariachi","mexican"],"articleSection":["Altos de Chavon","Celebridades","Conciertos","Eventos","Titulares","Estilo de Vida","Noticias Locales","Proximamente"],"inLanguage":"es"},{"@type":"WebPage","@id":"https:\/\/casadecampoliving.com\/es\/confirmed-alejandro-fernandez-el-portillo-is-coming-to-chavon\/","url":"https:\/\/casadecampoliving.com\/es\/confirmed-alejandro-fernandez-el-portillo-is-coming-to-chavon\/","name":"Confirmed: Alejandro Fernandez 'El Potrillo' is coming to Chav\u00f3n! | Casa de Campo Living","isPartOf":{"@id":"https:\/\/casadecampoliving.com\/es\/#website"},"primaryImageOfPage":{"@id":"https:\/\/casadecampoliving.com\/es\/confirmed-alejandro-fernandez-el-portillo-is-coming-to-chavon\/#primaryimage"},"image":{"@id":"https:\/\/casadecampoliving.com\/es\/confirmed-alejandro-fernandez-el-portillo-is-coming-to-chavon\/#primaryimage"},"thumbnailUrl":"https:\/\/i0.wp.com\/casadecampoliving.com\/wp-content\/uploads\/2022\/10\/alejandro_fernandez_casadecampo_altosdechavon-1.jpg?fit=565%2C424&ssl=1","datePublished":"2011-05-31T04:00:00+00:00","dateModified":"2022-10-21T22:02:34+00:00","description":"UPDATE: Monday 6th June, 10am \u2013 We have literally just heard that this concert has been \u2018postponed\u2019 until the end of August, as soon as we know more we","breadcrumb":{"@id":"https:\/\/casadecampoliving.com\/es\/confirmed-alejandro-fernandez-el-portillo-is-coming-to-chavon\/#breadcrumb"},"inLanguage":"es","potentialAction":[{"@type":"ReadAction","target":["https:\/\/casadecampoliving.com\/es\/confirmed-alejandro-fernandez-el-portillo-is-coming-to-chavon\/"]}]},{"@type":"ImageObject","inLanguage":"es","@id":"https:\/\/casadecampoliving.com\/es\/confirmed-alejandro-fernandez-el-portillo-is-coming-to-chavon\/#primaryimage","url":"https:\/\/i0.wp.com\/casadecampoliving.com\/wp-content\/uploads\/2022\/10\/alejandro_fernandez_casadecampo_altosdechavon-1.jpg?fit=565%2C424&ssl=1","contentUrl":"https:\/\/i0.wp.com\/casadecampoliving.com\/wp-content\/uploads\/2022\/10\/alejandro_fernandez_casadecampo_altosdechavon-1.jpg?fit=565%2C424&ssl=1","width":565,"height":424},{"@type":"BreadcrumbList","@id":"https:\/\/casadecampoliving.com\/es\/confirmed-alejandro-fernandez-el-portillo-is-coming-to-chavon\/#breadcrumb","itemListElement":[{"@type":"ListItem","position":1,"name":"Home","item":"https:\/\/casadecampoliving.com\/es\/"},{"@type":"ListItem","position":2,"name":"Confirmed: Alejandro Fernandez &#8216;El Potrillo&#8217; is coming to Chav\u00f3n!"}]},{"@type":"WebSite","@id":"https:\/\/casadecampoliving.com\/es\/#website","url":"https:\/\/casadecampoliving.com\/es\/","name":"Casa de Campo Living","description":"Resort community news and resources.","publisher":{"@id":"https:\/\/casadecampoliving.com\/es\/#organization"},"potentialAction":[{"@type":"SearchAction","target":{"@type":"EntryPoint","urlTemplate":"https:\/\/casadecampoliving.com\/es\/?s={search_term_string}"},"query-input":{"@type":"PropertyValueSpecification","valueRequired":true,"valueName":"search_term_string"}}],"inLanguage":"es"},{"@type":"Organization","@id":"https:\/\/casadecampoliving.com\/es\/#organization","name":"Casa de Campo Living","url":"https:\/\/casadecampoliving.com\/es\/","logo":{"@type":"ImageObject","inLanguage":"es","@id":"https:\/\/casadecampoliving.com\/es\/#\/schema\/logo\/image\/","url":"https:\/\/i0.wp.com\/casadecampoliving.com\/wp-content\/uploads\/2022\/07\/CDCLivingLogo_V1-white-sized.png?fit=800%2C214&ssl=1","contentUrl":"https:\/\/i0.wp.com\/casadecampoliving.com\/wp-content\/uploads\/2022\/07\/CDCLivingLogo_V1-white-sized.png?fit=800%2C214&ssl=1","width":800,"height":214,"caption":"Casa de Campo Living"},"image":{"@id":"https:\/\/casadecampoliving.com\/es\/#\/schema\/logo\/image\/"},"sameAs":["https:\/\/www.facebook.com\/casadecampoliving","https:\/\/x.com\/cdcliving"]},{"@type":"Person","@id":"https:\/\/casadecampoliving.com\/es\/#\/schema\/person\/2b2208f3175fa8761e25b272e096d718","name":"Rebecca Silvestri","image":{"@type":"ImageObject","inLanguage":"es","@id":"https:\/\/secure.gravatar.com\/avatar\/2d937fd6c1769fb718dbf8dce9e82bf5f89e97bd028f9b3ea10b931dc7df95c6?s=96&d=mm&r=g","url":"https:\/\/secure.gravatar.com\/avatar\/2d937fd6c1769fb718dbf8dce9e82bf5f89e97bd028f9b3ea10b931dc7df95c6?s=96&d=mm&r=g","contentUrl":"https:\/\/secure.gravatar.com\/avatar\/2d937fd6c1769fb718dbf8dce9e82bf5f89e97bd028f9b3ea10b931dc7df95c6?s=96&d=mm&r=g","caption":"Rebecca Silvestri"},"url":"https:\/\/casadecampoliving.com\/es\/author\/madamehuge\/"}]}},"parsely":{"version":"1.1.0","canonical_url":"https:\/\/casadecampoliving.com\/es\/confirmed-alejandro-fernandez-el-portillo-is-coming-to-chavon\/","smart_links":{"inbound":0,"outbound":0},"traffic_boost_suggestions_count":0,"meta":{"@context":"https:\/\/schema.org","@type":"NewsArticle","headline":"Confirmed: Alejandro Fernandez &#8216;El Potrillo&#8217; is coming to Chav\u00f3n!","url":"http:\/\/casadecampoliving.com\/es\/confirmed-alejandro-fernandez-el-portillo-is-coming-to-chavon\/","mainEntityOfPage":{"@type":"WebPage","@id":"http:\/\/casadecampoliving.com\/es\/confirmed-alejandro-fernandez-el-portillo-is-coming-to-chavon\/"},"thumbnailUrl":"https:\/\/i0.wp.com\/casadecampoliving.com\/wp-content\/uploads\/2022\/10\/alejandro_fernandez_casadecampo_altosdechavon-1.jpg?resize=150%2C150&ssl=1","image":{"@type":"ImageObject","url":"https:\/\/i0.wp.com\/casadecampoliving.com\/wp-content\/uploads\/2022\/10\/alejandro_fernandez_casadecampo_altosdechavon-1.jpg?fit=565%2C424&ssl=1"},"articleSection":"Altos de Chavon","author":[{"@type":"Person","name":"Rebecca Silvestri"}],"creator":["Rebecca Silvestri"],"publisher":{"@type":"Organization","name":"Casa de Campo Living","logo":"https:\/\/casadecampoliving.com\/wp-content\/uploads\/2022\/07\/CDCLivingLogo_V1-white-sized.png"},"keywords":["alejandro fernandez","altos de chavon","amphitheater","casa de campo","concert","mariachi","mexican"],"dateCreated":"2011-05-31T04:00:00Z","datePublished":"2011-05-31T04:00:00Z","dateModified":"2022-10-21T22:02:34Z"},"rendered":"<script type=\"application\/ld+json\" class=\"wp-parsely-metadata\">{\"@context\":\"https:\\\/\\\/schema.org\",\"@type\":\"NewsArticle\",\"headline\":\"Confirmed: Alejandro Fernandez &#8216;El Potrillo&#8217; is coming to Chav\\u00f3n!\",\"url\":\"http:\\\/\\\/casadecampoliving.com\\\/es\\\/confirmed-alejandro-fernandez-el-portillo-is-coming-to-chavon\\\/\",\"mainEntityOfPage\":{\"@type\":\"WebPage\",\"@id\":\"http:\\\/\\\/casadecampoliving.com\\\/es\\\/confirmed-alejandro-fernandez-el-portillo-is-coming-to-chavon\\\/\"},\"thumbnailUrl\":\"https:\\\/\\\/i0.wp.com\\\/casadecampoliving.com\\\/wp-content\\\/uploads\\\/2022\\\/10\\\/alejandro_fernandez_casadecampo_altosdechavon-1.jpg?resize=150%2C150&ssl=1\",\"image\":{\"@type\":\"ImageObject\",\"url\":\"https:\\\/\\\/i0.wp.com\\\/casadecampoliving.com\\\/wp-content\\\/uploads\\\/2022\\\/10\\\/alejandro_fernandez_casadecampo_altosdechavon-1.jpg?fit=565%2C424&ssl=1\"},\"articleSection\":\"Altos de Chavon\",\"author\":[{\"@type\":\"Person\",\"name\":\"Rebecca Silvestri\"}],\"creator\":[\"Rebecca Silvestri\"],\"publisher\":{\"@type\":\"Organization\",\"name\":\"Casa de Campo Living\",\"logo\":\"https:\\\/\\\/casadecampoliving.com\\\/wp-content\\\/uploads\\\/2022\\\/07\\\/CDCLivingLogo_V1-white-sized.png\"},\"keywords\":[\"alejandro fernandez\",\"altos de chavon\",\"amphitheater\",\"casa de campo\",\"concert\",\"mariachi\",\"mexican\"],\"dateCreated\":\"2011-05-31T04:00:00Z\",\"datePublished\":\"2011-05-31T04:00:00Z\",\"dateModified\":\"2022-10-21T22:02:34Z\"}<\/script>","tracker_url":"https:\/\/cdn.parsely.com\/keys\/casadecampoliving.com\/p.js"},"jetpack_publicize_connections":[],"jetpack_featured_media_url":"https:\/\/i0.wp.com\/casadecampoliving.com\/wp-content\/uploads\/2022\/10\/alejandro_fernandez_casadecampo_altosdechavon-1.jpg?fit=565%2C424&ssl=1","jetpack-related-posts":[{"id":320097,"url":"https:\/\/casadecampoliving.com\/es\/rumor-alert-alejandro-fernandez-coming-to-chavon\/","url_meta":{"origin":320113,"position":0},"title":"Rumor Alert! Alejandro Fernandez coming to Chav\u00f3n!","author":"Rebecca Silvestri","date":"23 May, 2011","format":false,"excerpt":"Oh happy day! We have just heard a \u2018rumor\u2019 that yet another concert is being planned at the Altos de Chav\u00f3n Amphitheater \u2013 for next month, this time starring famous (and smoulderingly sexy) Mexican singer, Alejandro Fernandez. \u00a0 According to ticketexpress.com, who are already selling tickets the concert is due\u2026","rel":"","context":"En \u00abArt and Culture\u00bb","block_context":{"text":"Art and Culture","link":"https:\/\/casadecampoliving.com\/category\/art-and-culture\/"},"img":{"alt_text":"","src":"https:\/\/i0.wp.com\/casadecampoliving.com\/wp-content\/uploads\/2022\/10\/alejandro_fernandez_casadecampoaltosdechavon.jpg?resize=350%2C200&ssl=1","width":350,"height":200},"classes":[]},{"id":326342,"url":"https:\/\/casadecampoliving.com\/alejandro-fernandez-altos-de-chavon\/","url_meta":{"origin":320113,"position":1},"title":"\u00a1Lo mejor! Alejandro Fernandez in Altos de Chav\u00f3n","author":"Carla Campos","date":"3 Sep, 2015","format":false,"excerpt":"Tropical storm Erika was not going to stop 5,000 spectators from singing along to Alejandro Fern\u00e1ndez\u2019s tunes LIVE last Saturday at Altos de Chav\u00f3n! During the spectacular concert produced by none other than Casa de Campo, and featuring an entire mariachi band that came on stage during the second half\u2026","rel":"","context":"En \u00abAltos de Chavon\u00bb","block_context":{"text":"Altos de Chavon","link":"https:\/\/casadecampoliving.com\/category\/altos-de-chavon\/"},"img":{"alt_text":"","src":"https:\/\/i0.wp.com\/casadecampoliving.com\/wp-content\/uploads\/2022\/10\/Alejandro_Fernandez_1-3.jpg?fit=1024%2C683&ssl=1&resize=350%2C200","width":350,"height":200,"srcset":"https:\/\/i0.wp.com\/casadecampoliving.com\/wp-content\/uploads\/2022\/10\/Alejandro_Fernandez_1-3.jpg?fit=1024%2C683&ssl=1&resize=350%2C200 1x, https:\/\/i0.wp.com\/casadecampoliving.com\/wp-content\/uploads\/2022\/10\/Alejandro_Fernandez_1-3.jpg?fit=1024%2C683&ssl=1&resize=525%2C300 1.5x, https:\/\/i0.wp.com\/casadecampoliving.com\/wp-content\/uploads\/2022\/10\/Alejandro_Fernandez_1-3.jpg?fit=1024%2C683&ssl=1&resize=700%2C400 2x"},"classes":[]},{"id":326063,"url":"https:\/\/casadecampoliving.com\/alejandro-fernandez-el-potrillo-coming-to-altos-de-chavon\/","url_meta":{"origin":320113,"position":2},"title":"Alejandro Fernandez \u00abEl Potrillo\u00bb coming to Altos de Chav\u00f3n","author":"Rebecca Silvestri","date":"14 Jul, 2015","format":false,"excerpt":"It\u2019s true! Mariachi-singing Alejandro Fernandez from Mexico will be performing in the great Altos de Chav\u00f3n Amphitheater really soon! This great concert, part of Casa de Campo\u2019s new concert series, will be taking place on Saturday August 29th, right here at the Altos de Chav\u00f3n Amphitheater. Alejandro Fernandez, otherwise known\u2026","rel":"","context":"En \u00abAltos de Chavon\u00bb","block_context":{"text":"Altos de Chavon","link":"https:\/\/casadecampoliving.com\/category\/altos-de-chavon\/"},"img":{"alt_text":"","src":"https:\/\/i0.wp.com\/casadecampoliving.com\/wp-content\/uploads\/2022\/10\/Alejandro_Fernandez_Altos_de_Chavon-1.jpg?fit=1200%2C675&ssl=1&resize=350%2C200","width":350,"height":200,"srcset":"https:\/\/i0.wp.com\/casadecampoliving.com\/wp-content\/uploads\/2022\/10\/Alejandro_Fernandez_Altos_de_Chavon-1.jpg?fit=1200%2C675&ssl=1&resize=350%2C200 1x, https:\/\/i0.wp.com\/casadecampoliving.com\/wp-content\/uploads\/2022\/10\/Alejandro_Fernandez_Altos_de_Chavon-1.jpg?fit=1200%2C675&ssl=1&resize=525%2C300 1.5x, https:\/\/i0.wp.com\/casadecampoliving.com\/wp-content\/uploads\/2022\/10\/Alejandro_Fernandez_Altos_de_Chavon-1.jpg?fit=1200%2C675&ssl=1&resize=700%2C400 2x, https:\/\/i0.wp.com\/casadecampoliving.com\/wp-content\/uploads\/2022\/10\/Alejandro_Fernandez_Altos_de_Chavon-1.jpg?fit=1200%2C675&ssl=1&resize=1050%2C600 3x"},"classes":[]},{"id":326206,"url":"https:\/\/casadecampoliving.com\/alejandro-fernandez-tickets-on-sale-at-fundacion-mir\/","url_meta":{"origin":320113,"position":3},"title":"Alejandro Fernandez tickets on sale at Fundaci\u00f3n MIR","author":"Felix Guerrero","date":"3 Ago, 2015","format":false,"excerpt":"The Fundaci\u00f3n MIR just announced that they will be officially selling the tickets for the Alejandro Fernandez concert on August 29th, which means you\u00a0have an even better chance of getting your tickets before\u00a0the concert gets sold out, and there\u2019s more good news\u2026 But wait, it gets better than that! Without\u2026","rel":"","context":"En \u00abCasa de Campo Living\u00bb","block_context":{"text":"Casa de Campo Living","link":"https:\/\/casadecampoliving.com\/category\/casa-de-campo-living\/"},"img":{"alt_text":"","src":"https:\/\/i0.wp.com\/casadecampoliving.com\/wp-content\/uploads\/2022\/10\/Alejandro_Fernandez_1-1.jpg?fit=640%2C586&ssl=1&resize=350%2C200","width":350,"height":200,"srcset":"https:\/\/i0.wp.com\/casadecampoliving.com\/wp-content\/uploads\/2022\/10\/Alejandro_Fernandez_1-1.jpg?fit=640%2C586&ssl=1&resize=350%2C200 1x, https:\/\/i0.wp.com\/casadecampoliving.com\/wp-content\/uploads\/2022\/10\/Alejandro_Fernandez_1-1.jpg?fit=640%2C586&ssl=1&resize=525%2C300 1.5x"},"classes":[]},{"id":326140,"url":"https:\/\/casadecampoliving.com\/alejandro-fernandez-concert-tickets-on-sale-now\/","url_meta":{"origin":320113,"position":4},"title":"Alejandro Fernandez concert tickets on sale now","author":"Rebecca Silvestri","date":"23 Jul, 2015","format":false,"excerpt":"Ready, steady\u2026 GO! The tickets for the Alejandro Fernandez concert in Altos de Chavon are now on sale \u2013 so what are you waiting for? Alejandro Fernandez, \u201cEl Potrillo de M\u00e9xico\u201d, is known as one of the greatest idols of Hispanic music, famous for both ranchera and pop music, and\u2026","rel":"","context":"En \u00abAltos de Chavon\u00bb","block_context":{"text":"Altos de Chavon","link":"https:\/\/casadecampoliving.com\/category\/altos-de-chavon\/"},"img":{"alt_text":"Alejandro Fernandez concert","src":"https:\/\/i0.wp.com\/casadecampoliving.com\/wp-content\/uploads\/2022\/10\/23-1-scaled.jpg?fit=1200%2C800&ssl=1&resize=350%2C200","width":350,"height":200,"srcset":"https:\/\/i0.wp.com\/casadecampoliving.com\/wp-content\/uploads\/2022\/10\/23-1-scaled.jpg?fit=1200%2C800&ssl=1&resize=350%2C200 1x, https:\/\/i0.wp.com\/casadecampoliving.com\/wp-content\/uploads\/2022\/10\/23-1-scaled.jpg?fit=1200%2C800&ssl=1&resize=525%2C300 1.5x, https:\/\/i0.wp.com\/casadecampoliving.com\/wp-content\/uploads\/2022\/10\/23-1-scaled.jpg?fit=1200%2C800&ssl=1&resize=700%2C400 2x, https:\/\/i0.wp.com\/casadecampoliving.com\/wp-content\/uploads\/2022\/10\/23-1-scaled.jpg?fit=1200%2C800&ssl=1&resize=1050%2C600 3x"},"classes":[]},{"id":348168,"url":"https:\/\/casadecampoliving.com\/es\/alejandro-fernandez-en-altos-de-chavon\/","url_meta":{"origin":320113,"position":5},"title":"\u00a1Lo Mejor! Alejandro Fernandez en Altos de Chav\u00f3n","author":"Carla Campos","date":"3 Sep, 2015","format":false,"excerpt":"\u00a1La Tormenta Tropical Erika no impidi\u00f3 que 5,000 espectadores cantaran en VIVO las canciones de Alejandro Fern\u00e1ndez el pasado s\u00e1bado en Altos de Chav\u00f3n! Durante el espectacular concierto producido nada m\u00e1s y nada menos que por Casa de Campo, y presentando una banda completa de mariachi que subieron a escenario\u2026","rel":"","context":"En \u00abAltos de Chavon @es\u00bb","block_context":{"text":"Altos de Chavon @es","link":"https:\/\/casadecampoliving.com\/category\/altos-de-chavon-es\/"},"img":{"alt_text":"","src":"https:\/\/i0.wp.com\/casadecampoliving.com\/wp-content\/uploads\/2022\/10\/Alejandro_Fernandez_1-3.jpg?fit=1024%2C683&ssl=1&resize=350%2C200","width":350,"height":200,"srcset":"https:\/\/i0.wp.com\/casadecampoliving.com\/wp-content\/uploads\/2022\/10\/Alejandro_Fernandez_1-3.jpg?fit=1024%2C683&ssl=1&resize=350%2C200 1x, https:\/\/i0.wp.com\/casadecampoliving.com\/wp-content\/uploads\/2022\/10\/Alejandro_Fernandez_1-3.jpg?fit=1024%2C683&ssl=1&resize=525%2C300 1.5x, https:\/\/i0.wp.com\/casadecampoliving.com\/wp-content\/uploads\/2022\/10\/Alejandro_Fernandez_1-3.jpg?fit=1024%2C683&ssl=1&resize=700%2C400 2x"},"classes":[]}],"jetpack_sharing_enabled":true,"_links":{"self":[{"href":"https:\/\/casadecampoliving.com\/es\/wp-json\/wp\/v2\/posts\/320113","targetHints":{"allow":["GET"]}}],"collection":[{"href":"https:\/\/casadecampoliving.com\/es\/wp-json\/wp\/v2\/posts"}],"about":[{"href":"https:\/\/casadecampoliving.com\/es\/wp-json\/wp\/v2\/types\/post"}],"author":[{"embeddable":true,"href":"https:\/\/casadecampoliving.com\/es\/wp-json\/wp\/v2\/users\/31"}],"replies":[{"embeddable":true,"href":"https:\/\/casadecampoliving.com\/es\/wp-json\/wp\/v2\/comments?post=320113"}],"version-history":[{"count":0,"href":"https:\/\/casadecampoliving.com\/es\/wp-json\/wp\/v2\/posts\/320113\/revisions"}],"wp:featuredmedia":[{"embeddable":true,"href":"https:\/\/casadecampoliving.com\/es\/wp-json\/wp\/v2\/media\/260686"}],"wp:attachment":[{"href":"https:\/\/casadecampoliving.com\/es\/wp-json\/wp\/v2\/media?parent=320113"}],"wp:term":[{"taxonomy":"category","embeddable":true,"href":"https:\/\/casadecampoliving.com\/es\/wp-json\/wp\/v2\/categories?post=320113"},{"taxonomy":"post_tag","embeddable":true,"href":"https:\/\/casadecampoliving.com\/es\/wp-json\/wp\/v2\/tags?post=320113"},{"taxonomy":"newspack_spnsrs_tax","embeddable":true,"href":"https:\/\/casadecampoliving.com\/es\/wp-json\/wp\/v2\/newspack_spnsrs_tax?post=320113"}],"curies":[{"name":"wp","href":"https:\/\/api.w.org\/{rel}","templated":true}]}}