{"id":320003,"date":"2011-05-02T00:00:00","date_gmt":"2011-05-02T04:00:00","guid":{"rendered":"https:\/\/casadecampoliving.com\/this-week-in-casa-2nd-8th-of-may\/"},"modified":"2022-10-21T18:00:23","modified_gmt":"2022-10-21T22:00:23","slug":"this-week-in-casa-2nd-8th-of-may","status":"publish","type":"post","link":"https:\/\/casadecampoliving.com\/es\/this-week-in-casa-2nd-8th-of-may\/","title":{"rendered":"This Week in Casa: 2nd &#8211; 8th of May"},"content":{"rendered":"\n<h3 class=\"wp-block-heading\"><a href=\"https:\/\/i0.wp.com\/casadecampoliving.com\/wp-content\/uploads\/2022\/10\/casadecampo1-6.jpg?ssl=1\"><img decoding=\"async\" loading=\"lazy\" class=\"aligncenter size-full wp-image-27914\" title=\"casadecampo1\" src=\"https:\/\/i0.wp.com\/casadecampoliving.com\/wp-content\/uploads\/2022\/10\/casadecampo1-6.jpg?resize=550%2C200&amp;ssl=1\" alt=\"\" width=\"550\" height=\"200\"><\/a><\/h3>\n\n\n\n<p>When the first day of a week is a day off, you know it\u2019s the start of a very good week! After the last 2 weekends of non-stop parties, events and activities, this week seems a little \u2018slower\u2019, but there is still plenty to do! We have the <a href=\"https:\/\/casadecampoliving.com\/2011\/04\/cafe-de-la-leche-friday-may-6th\/\">Cafe de La Leche<\/a> on Friday and the opening of <a href=\"http:\/\/wp.me\/p1kvEy-7gg\">a new art exhibit on Saturday<\/a>, in the Marina Casa de Campo.<\/p>\n\n\n\n<!--more-->\n\n\n\n<blockquote><h3 style=\"text-align: center;\">These events, activities and specials apply to:<\/h3><h2 style=\"text-align: center;\">Monday the 2nd \u2013 Sunday the 8th of May<\/h2><\/blockquote>\n\n\n\n<p>C<a href=\"https:\/\/casadecampoliving.com\/movie-times\/\">lick here to see the movie times and trailers.<\/a><\/p>\n\n\n\n<figure class=\"wp-block-image is-resized\"><a href=\"https:\/\/i0.wp.com\/casadecampoliving.com\/wp-content\/uploads\/2022\/10\/monday2-1.jpg?ssl=1\"><img loading=\"lazy\" decoding=\"async\" src=\"https:\/\/i0.wp.com\/casadecampoliving.com\/wp-content\/uploads\/2022\/10\/monday2-1.jpg?resize=550%2C32&amp;ssl=1\" alt=\"\" title=\"monday\" height=\"32\" width=\"550\"\/><\/a><\/figure>\n\n\n\n<p><a href=\"https:\/\/casadecampoliving.com\/movie-times\/\"><\/a> <\/p>\n\n\n\n<p><strong><a href=\"https:\/\/casadecampoliving.com\/2011\/04\/onnos-specials\/\">Residents Night and Movie at Onno\u2019s Bar<\/a><br>\n<\/strong><strong>Where:<\/strong> Onno\u2019s Bar, Altos de Chavon<br>\n<strong>Time: <\/strong>From 7pm, movie starts at 9pm<br>\n<strong>What:<\/strong> 25% discount for residents, movie showing at 9pm with free popcorn and a 10% discount when you mention <a href=\"https:\/\/casadecampoliving.com\/subscribe\/\">\u2018The Weekly\u2019 (Casa de Campo Living\u2019s email newsletter)<br>\n<\/a><a href=\"https:\/\/casadecampoliving.com\/2011\/04\/onnos-specials\/\">To find out more, click here!<\/a><\/p>\n\n\n\n<p><strong><a href=\"http:\/\/wp.me\/p1kvEy-7gh\">The FIP World Championship Play-Offs<\/a><\/strong><br>\nWhere: The Casa de Campo Polo Fields<br>\n<a href=\"http:\/\/wp.me\/p1kvEy-7gh\"> To find out more, click here!<\/a><\/p>\n\n\n\n<figure class=\"wp-block-image is-resized\"><a href=\"https:\/\/i0.wp.com\/casadecampoliving.com\/wp-content\/uploads\/2022\/10\/Tuesday1.jpg?ssl=1\"><img loading=\"lazy\" decoding=\"async\" src=\"https:\/\/i0.wp.com\/casadecampoliving.com\/wp-content\/uploads\/2022\/10\/Tuesday1.jpg?resize=550%2C32&amp;ssl=1\" alt=\"\" title=\"Tuesday\" height=\"32\" width=\"550\"\/><\/a><\/figure>\n\n\n\n<p><strong><a href=\"https:\/\/casadecampoliving.com\/2011\/04\/onnos-specials\/\">Cuban Night at Onno\u2019s Bar<\/a><br>\n<\/strong><strong>Where:<\/strong> Onno\u2019s Bar, Altos de Chavon<strong><br>\n<\/strong><strong>What:<\/strong> FREE salsa classes \u2022 Latin music and dancing all night; Salsa, Merengue, bachata \u2022 Cuban food specials \u2022&nbsp;a 10% discount when you mention&nbsp;<a href=\"https:\/\/casadecampoliving.com\/subscribe\/\">\u2018The Weekly\u2019 (Casa de Campo Living\u2019s email newsletter)<br>\n<\/a><a href=\"https:\/\/casadecampoliving.com\/2011\/04\/onnos-specials\/\">To find out more, click here!<\/a><\/p>\n\n\n\n<p><strong><a href=\"http:\/\/wp.me\/p1kvEy-7gh\">The FIP World Championship Play-Offs<\/a><\/strong><br>\nWhere: The Casa de Campo Polo Fields<br>\n<a href=\"http:\/\/wp.me\/p1kvEy-7gh\">To find out more, click here!<\/a><\/p>\n\n\n\n<p><a href=\"https:\/\/casadecampoliving.com\/wp-content\/uploads\/2022\/10\/Tuesday1.jpg\"><\/a> <strong><a href=\"https:\/\/casadecampoliving.com\/2011\/02\/artists-in-casa-fatima-renedo-painter-dancer-and-so-much-more\/comment-page-1\/#comment-39013\">Flamenco Classes at Point\u00e9 with Fatima!<\/a><\/strong><br>\n<strong>Time: <\/strong>6:30pm<br>\n<strong>Where: <\/strong><a href=\"https:\/\/casadecampoliving.com\/2009\/10\/explore-la-romana-pointe-centro-de-danzas\/\" target=\"_self\" rel=\"noopener\">Pointe Dance School, Calle Francisco Richiez&nbsp;#35<br>\n<\/a> <strong>Tel: <\/strong>809 \u2013 556 \u2013 2808, 809 \u2013 550 &nbsp;8277, 809 \u2013 350 9003&nbsp;(classes MUST be booked in advance!)<\/p>\n\n\n\n<figure class=\"wp-block-image is-resized\"><a href=\"https:\/\/i0.wp.com\/casadecampoliving.com\/wp-content\/uploads\/2022\/10\/casadecampo_events.jpg?ssl=1\"><img loading=\"lazy\" decoding=\"async\" src=\"https:\/\/i0.wp.com\/casadecampoliving.com\/wp-content\/uploads\/2022\/10\/casadecampo_events.jpg?resize=550%2C32&amp;ssl=1\" alt=\"\" title=\"casadecampo_events\" height=\"32\" width=\"550\"\/><\/a><\/figure>\n\n\n\n<p><strong><a href=\"http:\/\/wp.me\/p1kvEy-7gh\">The FIP World Championship Play-Offs<\/a><\/strong><br>\nWhere: The Casa de Campo Polo Fields<br>\n<a href=\"http:\/\/wp.me\/p1kvEy-7gh\">To find out more, click here!<\/a><\/p>\n\n\n\n<p><strong><a href=\"https:\/\/casadecampoliving.com\/2011\/04\/onnos-specials\/\">Mexican Night and NBA at Onno\u2019s Bar<\/a><br>\n<\/strong><strong>Where:<\/strong> Onno\u2019s Bar, Altos de Chavon<strong><br>\n<\/strong><strong>What:<\/strong> 15% off Corona Beer \u2022 15% off Mexican Food items \u2022 NBA matches shown on TVs and projectors \u2022&nbsp;a 10% discount when you mention&nbsp;<a href=\"https:\/\/casadecampoliving.com\/subscribe\/\">\u2018The Weekly\u2019 (Casa de Campo Living\u2019s email newsletter)<br>\n<\/a><a href=\"https:\/\/casadecampoliving.com\/2011\/04\/onnos-specials\/\">To find out more, click here!<\/a><\/p>\n\n\n\n<figure class=\"wp-block-image is-resized\"><a href=\"https:\/\/i0.wp.com\/casadecampoliving.com\/wp-content\/uploads\/2022\/10\/casadecampo_events1.jpg?ssl=1\"><img loading=\"lazy\" decoding=\"async\" src=\"https:\/\/i0.wp.com\/casadecampoliving.com\/wp-content\/uploads\/2022\/10\/casadecampo_events1.jpg?resize=550%2C32&amp;ssl=1\" alt=\"\" title=\"casadecampo_events\" height=\"32\" width=\"550\"\/><\/a><\/figure>\n\n\n\n<p><strong><a href=\"http:\/\/wp.me\/p1kvEy-7gh\">The FIP World Championship Play-Offs<\/a><\/strong><br>\nWhere: The Casa de Campo Polo Fields<br>\n<a href=\"http:\/\/wp.me\/p1kvEy-7gh\">To find out more, click here!<\/a><\/p>\n\n\n\n<p><strong>Flamenco Classes at Point\u00e9 with Fatima!<\/strong><br>\n<strong>Time: <\/strong>5:30pm \u2013 6:30pm<br>\n<strong>Cost:<\/strong> RD$350 per class, 4 classes RD$1,200, 8 classes RD$2000<br>\n<strong>Where<strong>:<\/strong> <\/strong><a href=\"https:\/\/casadecampoliving.com\/2009\/10\/explore-la-romana-pointe-centro-de-danzas\/\" target=\"_self\" rel=\"noopener\">Pointe Dance School, Calle Francisco Richiez&nbsp;#35<br>\n<\/a><strong><a href=\"https:\/\/casadecampoliving.com\/2009\/10\/explore-la-romana-pointe-centro-de-danzas\/\" target=\"_self\" rel=\"noopener\"><\/a>Tel: <\/strong>809 \u2013 556 \u2013 2808, 809 \u2013 550 &nbsp;8277, 809 \u2013 350 9003&nbsp;(classes MUST be booked in advance!)<\/p>\n\n\n\n<figure class=\"wp-block-image is-resized\"><a href=\"https:\/\/i0.wp.com\/casadecampoliving.com\/wp-content\/uploads\/2022\/10\/casadecampo_events2.jpg?ssl=1\"><img loading=\"lazy\" decoding=\"async\" src=\"https:\/\/i0.wp.com\/casadecampoliving.com\/wp-content\/uploads\/2022\/10\/casadecampo_events2.jpg?resize=550%2C32&amp;ssl=1\" alt=\"\" title=\"casadecampo_events\" height=\"32\" width=\"550\"\/><\/a><\/figure>\n\n\n\n<p><a href=\"https:\/\/casadecampoliving.com\/2011\/04\/alex-lumsden-sculpting-heads-in-altos\/\"><\/a><strong> <\/strong> <\/p>\n\n\n\n<p><strong><a href=\"http:\/\/wp.me\/p1kvEy-7gh\">The FIP World Championship Play-Offs<\/a><\/strong><br>\nWhere: The Casa de Campo Polo Fields<br>\n<a href=\"http:\/\/wp.me\/p1kvEy-7gh\">To find out more, click here!<\/a><\/p>\n\n\n\n<p><strong><a href=\"https:\/\/casadecampoliving.com\/2011\/04\/cafe-de-la-leche-friday-may-6th\/\">The Cafe de La Leche<\/a><\/strong><br>\n<strong>When:<\/strong> Fri, 6th May, 5-7pm<br>\n<strong>Where: <\/strong>Apts Minitas #4<br>\n<a href=\"https:\/\/casadecampoliving.com\/2011\/04\/cafe-de-la-leche-friday-may-6th\/\">To find out more, click here!<\/a><\/p>\n\n\n\n<figure class=\"wp-block-image is-resized\"><img loading=\"lazy\" decoding=\"async\" src=\"https:\/\/i0.wp.com\/casadecampoliving.com\/wp-content\/uploads\/2022\/10\/casadecampo_events3.jpg?resize=550%2C32&amp;ssl=1\" alt=\"\" title=\"casadecampo_events\" height=\"32\" width=\"550\"\/><\/figure>\n\n\n\n<p><strong><a href=\"http:\/\/wp.me\/p1kvEy-7gh\">The FIP World Championship Play-Offs<\/a><\/strong><br>\nWhere: The Casa de Campo Polo Fields<br>\n<a href=\"http:\/\/wp.me\/p1kvEy-7gh\">To find out more, click here!<\/a><\/p>\n\n\n\n<p><strong><a href=\"http:\/\/wp.me\/p1kvEy-7gg\">Inauguration of Dual Bearings Art Exhibit<\/a><\/strong><br>\nWith British artists <em>James Adams<\/em> and <em>Shelley Longford<\/em><br>\n<strong>When:<\/strong> 7.30pm<br>\n<strong>Where:<\/strong> Paseo del Mar #2, Marina Casa de Campo<br>\n<a href=\"http:\/\/wp.me\/p1kvEy-7gg\"> To find out more, click here<\/a><\/p>\n\n\n\n<figure class=\"wp-block-image is-resized\"><img loading=\"lazy\" decoding=\"async\" src=\"https:\/\/i0.wp.com\/casadecampoliving.com\/wp-content\/uploads\/2022\/10\/casadecampo_events4.jpg?resize=550%2C32&amp;ssl=1\" alt=\"\" title=\"casadecampo_events\" height=\"32\" width=\"550\"\/><\/figure>\n\n\n\n<p><a href=\"https:\/\/i0.wp.com\/casadecampoliving.com\/wp-content\/uploads\/2022\/10\/casadecampo_events4.jpg?ssl=1\"> <\/a><\/p>\n\n\n\n<p><strong><a href=\"http:\/\/wp.me\/p1kvEy-7gh\">The FIP World Championship Play-Offs<\/a><\/strong><br>\nWhere: The Casa de Campo Polo Fields<br>\n<a href=\"http:\/\/wp.me\/p1kvEy-7gh\">To find out more, click here!<\/a><\/p>\n\n\n\n<p><strong><a href=\"https:\/\/casadecampoliving.com\/2011\/04\/onnos-specials\/\">\u2018Family Sundays\u2019 at Onno\u2019s Bar<\/a><\/strong><br>\n<strong>Where:<\/strong> Onno\u2019s Bar, Altos de Chavon<br>\n<strong>Time:<\/strong> From 5pm<br>\n<strong>What:<\/strong> Games, face painting, coloring and other kids activities by Family Programs \u2022 dominoes tables \u2022 Sunday BBQ \u2022 sports events on the TVs \u2022 \u2022&nbsp;a 10% discount when you mention&nbsp;<a href=\"https:\/\/casadecampoliving.com\/subscribe\/\">\u2018The Weekly\u2019 (Casa de Campo Living\u2019s email newsletter)<br>\n<\/a><a href=\"https:\/\/casadecampoliving.com\/2011\/04\/onnos-specials\/\">To find out more, click here!<\/a><\/p>\n\n\n\n<figure class=\"wp-block-image is-resized\"><img loading=\"lazy\" decoding=\"async\" src=\"https:\/\/i0.wp.com\/casadecampoliving.com\/wp-content\/uploads\/2022\/10\/monday2.jpg?resize=550%2C32&amp;ssl=1\" alt=\"\" title=\"monday\" height=\"32\" width=\"550\"\/><\/figure>\n\n\n\n<p><span style=\"font-size: 11.6667px;\"><br>\n<\/span><\/p>\n\n\n\n<p><a href=\"https:\/\/casadecampoliving.com\/2011\/04\/casa-de-campo\u2019s-spring-shootout-golf-tournament-2011-april-27th-may-1st\/\"><\/a><\/p>\n\n\n\n<p>The following activities\/specials are available&nbsp;everyday (or almost):<\/p>\n\n\n\n<p><strong><a href=\"http:\/\/www.facebook.com\/oneburgercasadecampo\">Oneburger Happy Hour \u2013 all drinks 50% off!<\/a><br>\nTime: <\/strong>6-9pm (Sundays \u2013 Thursdays) and 10pm to close Friday, Saturday)<br>\n<strong>Where:<\/strong> Oneburger, Altos de Chav\u00f3n<br>\n<strong>What:<\/strong> Happy Hour, all drinks 50% off<\/p>\n\n\n\n<p><strong><a href=\"https:\/\/casadecampoliving.com\/2010\/08\/the-tabacalera-de-garcia-tours-of-the-worlds-largest-hand-rolled-cigar-factory\/\" target=\"_self\" rel=\"noopener\">Factory Tour at the Tabaclera de Garcia<\/a><\/strong><br>\nThe world\u2019s largest hand-rolled cigar factory invites you on a unique tour through the different stages of cigar creation.<br>\n<strong>Time:<\/strong> Weekdays \u2013 8am \u2013 4pm,&nbsp;Saturdays \u2013 8am \u2013 12pm (Tours are available by appointment only!)<br>\n<strong>Contact: <\/strong>809-556-2127 extension 2341, tour@laspalmascigar.com<br>\n<strong>Cost: <\/strong><br>\n\u2022 Enthusiasts Tour (hand made rolling and packing), 30 mins: US$5 (redeemable on cigar purchases)<br>\n\u2022 Aficionados Tour (complete handmade), 60 mins: US$10 (redeemable on cigar purchases)<br>\n\u2022 Private VIP Tour (complete tour and cigar tasting), 12o mins: US$20<br>\n<a href=\"https:\/\/casadecampoliving.com\/2010\/08\/the-tabacalera-de-garcia-tours-of-the-worlds-largest-hand-rolled-cigar-factory\/\" target=\"_self\" rel=\"noopener\">To read our review of the Tabacalera de Garcia Factory Tours, click here.<\/a><br>\n<strong><a href=\"https:\/\/casadecampoliving.com\/2011\/02\/victory-club-events-and-specials-for-february\/\" target=\"_self\" rel=\"noopener\"><\/a><\/strong><\/p>\n\n\n\n<p><strong><a href=\"https:\/\/casadecampoliving.com\/2011\/02\/victory-club-events-and-specials-for-february\/\" target=\"_self\" rel=\"noopener\">Sunset Happy Hour at the Victory Club<br>\n<\/a><\/strong> Enjoy a refreshing Happy Hour cocktail or 2 at the Victory Club and watch the sunset over the ocean!<br>\n<strong>Time:<\/strong> 5pm-7pm, everyday EXCEPT Monday (The Victory is closed every Monday)<br>\n<strong>Special Offers: <\/strong>2\u00d71 on Tropical Mojitos, vodka drinks, gin and tonic, glasses of white or red wine!<br>\n<a href=\"https:\/\/casadecampoliving.com\/2011\/02\/victory-club-events-and-specials-for-february\/\" target=\"_self\" rel=\"noopener\">Click here for more information.<\/a><\/p>\n\n\n\n<p><strong><a href=\"https:\/\/casadecampoliving.com\/2011\/04\/artistas-en-residencia-primavera-new-art-exhibit-opens-thursday-the-28th-of-april\/\">\u2018Artists in Residence\u2019 Art Exhibit at the Altos de Chav\u00f3n Art Gallery<br>\n<\/a>OPEN: <\/strong>Everyday 9am \u2013 6pm (but closed Tuesdays)<br>\n<a href=\"https:\/\/casadecampoliving.com\/2011\/04\/artistas-en-residencia-primavera-new-art-exhibit-opens-thursday-the-28th-of-april\/\">Click here to find out more!<\/a><\/p>\n","protected":false},"excerpt":{"rendered":"<p>When the first day of a week is a day off, you know it\u2019s the start of a very good week! After the last 2 weekends of non-stop parties, events and activities, this week seems a little \u2018slower\u2019, but there is still plenty to do! We have the Cafe de La Leche on Friday and [&hellip;]<\/p>\n","protected":false},"author":31,"featured_media":251065,"comment_status":"closed","ping_status":"open","sticky":false,"template":"","format":"standard","meta":{"newspack_ads_suppress_ads":false,"newspack_popups_has_disabled_popups":false,"newspack_sponsor_sponsorship_scope":"","newspack_sponsor_native_byline_display":"inherit","newspack_sponsor_native_category_display":"inherit","newspack_sponsor_underwriter_style":"inherit","newspack_sponsor_underwriter_placement":"inherit","_newspack_byline_active":false,"_newspack_byline":"","newspack_hide_updated_date":false,"newspack_show_updated_date":false,"newspack_content_restriction_is_exempt":false,"newspack_featured_image_position":"","newspack_post_subtitle":"","newspack_article_summary_title":"Overview:","newspack_article_summary":"","_jetpack_memberships_contains_paid_content":false,"footnotes":"","jetpack_publicize_message":"","jetpack_publicize_feature_enabled":true,"jetpack_social_post_already_shared":false,"jetpack_social_options":{"image_generator_settings":{"template":"highway","default_image_id":0,"font":"","enabled":false},"version":2},"_wpas_customize_per_network":false},"categories":[51,14630,14624,47,70,12568,14626],"tags":[476,196,192,13805,998],"newspack_spnsrs_tax":[],"class_list":["post-320003","post","type-post","status-publish","format-standard","has-post-thumbnail","hentry","category-events-and-activities","category-lifestyle","category-local-news","category-marina-casa-de-campo","category-shopping","category-sports","category-upcoming","tag-art","tag-cafe-de-la-leche","tag-hogar-del-nino","tag-marina-casa-de-campo","tag-this-week-in-casa","entry"],"yoast_head":"<!-- This site is optimized with the Yoast SEO plugin v27.4 - https:\/\/yoast.com\/product\/yoast-seo-wordpress\/ -->\n<title>This Week in Casa: 2nd - 8th of May | Casa de Campo Living<\/title>\n<meta name=\"description\" content=\"When the first day of a week is a day off, you know it\u2019s the start of a very good week! After the last 2 weekends of non-stop parties, events and\" \/>\n<meta name=\"robots\" content=\"index, follow, max-snippet:-1, max-image-preview:large, max-video-preview:-1\" \/>\n<link rel=\"canonical\" href=\"https:\/\/casadecampoliving.com\/es\/this-week-in-casa-2nd-8th-of-may\/\" \/>\n<meta property=\"og:locale\" content=\"es_ES\" \/>\n<meta property=\"og:type\" content=\"article\" \/>\n<meta property=\"og:title\" content=\"This Week in Casa: 2nd - 8th of May | Casa de Campo Living\" \/>\n<meta property=\"og:description\" content=\"When the first day of a week is a day off, you know it\u2019s the start of a very good week! After the last 2 weekends of non-stop parties, events and\" \/>\n<meta property=\"og:url\" content=\"https:\/\/casadecampoliving.com\/es\/this-week-in-casa-2nd-8th-of-may\/\" \/>\n<meta property=\"og:site_name\" content=\"Casa de Campo Living\" \/>\n<meta property=\"article:publisher\" content=\"https:\/\/www.facebook.com\/casadecampoliving\" \/>\n<meta property=\"article:published_time\" content=\"2011-05-02T04:00:00+00:00\" \/>\n<meta property=\"article:modified_time\" content=\"2022-10-21T22:00:23+00:00\" \/>\n<meta property=\"og:image\" content=\"https:\/\/i0.wp.com\/casadecampoliving.com\/wp-content\/uploads\/2022\/10\/casadecampo1-7.jpg?fit=550%2C200&ssl=1\" \/>\n\t<meta property=\"og:image:width\" content=\"550\" \/>\n\t<meta property=\"og:image:height\" content=\"200\" \/>\n\t<meta property=\"og:image:type\" content=\"image\/jpeg\" \/>\n<meta name=\"author\" content=\"Rebecca Silvestri\" \/>\n<meta name=\"twitter:card\" content=\"summary_large_image\" \/>\n<meta name=\"twitter:creator\" content=\"@cdcliving\" \/>\n<meta name=\"twitter:site\" content=\"@cdcliving\" \/>\n<meta name=\"twitter:label1\" content=\"Escrito por\" \/>\n\t<meta name=\"twitter:data1\" content=\"Rebecca Silvestri\" \/>\n\t<meta name=\"twitter:label2\" content=\"Tiempo de lectura\" \/>\n\t<meta name=\"twitter:data2\" content=\"4 minutos\" \/>\n<script type=\"application\/ld+json\" class=\"yoast-schema-graph\">{\"@context\":\"https:\\\/\\\/schema.org\",\"@graph\":[{\"@type\":\"Article\",\"@id\":\"https:\\\/\\\/casadecampoliving.com\\\/es\\\/this-week-in-casa-2nd-8th-of-may\\\/#article\",\"isPartOf\":{\"@id\":\"https:\\\/\\\/casadecampoliving.com\\\/es\\\/this-week-in-casa-2nd-8th-of-may\\\/\"},\"author\":{\"name\":\"Rebecca Silvestri\",\"@id\":\"https:\\\/\\\/casadecampoliving.com\\\/es\\\/#\\\/schema\\\/person\\\/2b2208f3175fa8761e25b272e096d718\"},\"headline\":\"This Week in Casa: 2nd &#8211; 8th of May\",\"datePublished\":\"2011-05-02T04:00:00+00:00\",\"dateModified\":\"2022-10-21T22:00:23+00:00\",\"mainEntityOfPage\":{\"@id\":\"https:\\\/\\\/casadecampoliving.com\\\/es\\\/this-week-in-casa-2nd-8th-of-may\\\/\"},\"wordCount\":773,\"publisher\":{\"@id\":\"https:\\\/\\\/casadecampoliving.com\\\/es\\\/#organization\"},\"image\":{\"@id\":\"https:\\\/\\\/casadecampoliving.com\\\/es\\\/this-week-in-casa-2nd-8th-of-may\\\/#primaryimage\"},\"thumbnailUrl\":\"https:\\\/\\\/i0.wp.com\\\/casadecampoliving.com\\\/wp-content\\\/uploads\\\/2022\\\/10\\\/casadecampo1-7.jpg?fit=550%2C200&ssl=1\",\"keywords\":[\"art\",\"cafe de la leche\",\"hogar del nino\",\"Marina Casa de Campo\",\"this week in casa\"],\"articleSection\":[\"Events and Activities\",\"Lifestyle\",\"Local News\",\"Marina Casa de Campo\",\"Shopping\",\"Sports\",\"Upcoming\"],\"inLanguage\":\"es\"},{\"@type\":\"WebPage\",\"@id\":\"https:\\\/\\\/casadecampoliving.com\\\/es\\\/this-week-in-casa-2nd-8th-of-may\\\/\",\"url\":\"https:\\\/\\\/casadecampoliving.com\\\/es\\\/this-week-in-casa-2nd-8th-of-may\\\/\",\"name\":\"This Week in Casa: 2nd - 8th of May | Casa de Campo Living\",\"isPartOf\":{\"@id\":\"https:\\\/\\\/casadecampoliving.com\\\/es\\\/#website\"},\"primaryImageOfPage\":{\"@id\":\"https:\\\/\\\/casadecampoliving.com\\\/es\\\/this-week-in-casa-2nd-8th-of-may\\\/#primaryimage\"},\"image\":{\"@id\":\"https:\\\/\\\/casadecampoliving.com\\\/es\\\/this-week-in-casa-2nd-8th-of-may\\\/#primaryimage\"},\"thumbnailUrl\":\"https:\\\/\\\/i0.wp.com\\\/casadecampoliving.com\\\/wp-content\\\/uploads\\\/2022\\\/10\\\/casadecampo1-7.jpg?fit=550%2C200&ssl=1\",\"datePublished\":\"2011-05-02T04:00:00+00:00\",\"dateModified\":\"2022-10-21T22:00:23+00:00\",\"description\":\"When the first day of a week is a day off, you know it\u2019s the start of a very good week! After the last 2 weekends of non-stop parties, events and\",\"breadcrumb\":{\"@id\":\"https:\\\/\\\/casadecampoliving.com\\\/es\\\/this-week-in-casa-2nd-8th-of-may\\\/#breadcrumb\"},\"inLanguage\":\"es\",\"potentialAction\":[{\"@type\":\"ReadAction\",\"target\":[\"https:\\\/\\\/casadecampoliving.com\\\/es\\\/this-week-in-casa-2nd-8th-of-may\\\/\"]}]},{\"@type\":\"ImageObject\",\"inLanguage\":\"es\",\"@id\":\"https:\\\/\\\/casadecampoliving.com\\\/es\\\/this-week-in-casa-2nd-8th-of-may\\\/#primaryimage\",\"url\":\"https:\\\/\\\/i0.wp.com\\\/casadecampoliving.com\\\/wp-content\\\/uploads\\\/2022\\\/10\\\/casadecampo1-7.jpg?fit=550%2C200&ssl=1\",\"contentUrl\":\"https:\\\/\\\/i0.wp.com\\\/casadecampoliving.com\\\/wp-content\\\/uploads\\\/2022\\\/10\\\/casadecampo1-7.jpg?fit=550%2C200&ssl=1\",\"width\":550,\"height\":200},{\"@type\":\"BreadcrumbList\",\"@id\":\"https:\\\/\\\/casadecampoliving.com\\\/es\\\/this-week-in-casa-2nd-8th-of-may\\\/#breadcrumb\",\"itemListElement\":[{\"@type\":\"ListItem\",\"position\":1,\"name\":\"Home\",\"item\":\"https:\\\/\\\/casadecampoliving.com\\\/es\\\/\"},{\"@type\":\"ListItem\",\"position\":2,\"name\":\"This Week in Casa: 2nd &#8211; 8th of May\"}]},{\"@type\":\"WebSite\",\"@id\":\"https:\\\/\\\/casadecampoliving.com\\\/es\\\/#website\",\"url\":\"https:\\\/\\\/casadecampoliving.com\\\/es\\\/\",\"name\":\"Casa de Campo Living\",\"description\":\"Resort community news and resources.\",\"publisher\":{\"@id\":\"https:\\\/\\\/casadecampoliving.com\\\/es\\\/#organization\"},\"potentialAction\":[{\"@type\":\"SearchAction\",\"target\":{\"@type\":\"EntryPoint\",\"urlTemplate\":\"https:\\\/\\\/casadecampoliving.com\\\/es\\\/?s={search_term_string}\"},\"query-input\":{\"@type\":\"PropertyValueSpecification\",\"valueRequired\":true,\"valueName\":\"search_term_string\"}}],\"inLanguage\":\"es\"},{\"@type\":\"Organization\",\"@id\":\"https:\\\/\\\/casadecampoliving.com\\\/es\\\/#organization\",\"name\":\"Casa de Campo Living\",\"url\":\"https:\\\/\\\/casadecampoliving.com\\\/es\\\/\",\"logo\":{\"@type\":\"ImageObject\",\"inLanguage\":\"es\",\"@id\":\"https:\\\/\\\/casadecampoliving.com\\\/es\\\/#\\\/schema\\\/logo\\\/image\\\/\",\"url\":\"https:\\\/\\\/i0.wp.com\\\/casadecampoliving.com\\\/wp-content\\\/uploads\\\/2022\\\/07\\\/CDCLivingLogo_V1-white-sized.png?fit=800%2C214&ssl=1\",\"contentUrl\":\"https:\\\/\\\/i0.wp.com\\\/casadecampoliving.com\\\/wp-content\\\/uploads\\\/2022\\\/07\\\/CDCLivingLogo_V1-white-sized.png?fit=800%2C214&ssl=1\",\"width\":800,\"height\":214,\"caption\":\"Casa de Campo Living\"},\"image\":{\"@id\":\"https:\\\/\\\/casadecampoliving.com\\\/es\\\/#\\\/schema\\\/logo\\\/image\\\/\"},\"sameAs\":[\"https:\\\/\\\/www.facebook.com\\\/casadecampoliving\",\"https:\\\/\\\/x.com\\\/cdcliving\"]},{\"@type\":\"Person\",\"@id\":\"https:\\\/\\\/casadecampoliving.com\\\/es\\\/#\\\/schema\\\/person\\\/2b2208f3175fa8761e25b272e096d718\",\"name\":\"Rebecca Silvestri\",\"image\":{\"@type\":\"ImageObject\",\"inLanguage\":\"es\",\"@id\":\"https:\\\/\\\/secure.gravatar.com\\\/avatar\\\/2d937fd6c1769fb718dbf8dce9e82bf5f89e97bd028f9b3ea10b931dc7df95c6?s=96&d=mm&r=g\",\"url\":\"https:\\\/\\\/secure.gravatar.com\\\/avatar\\\/2d937fd6c1769fb718dbf8dce9e82bf5f89e97bd028f9b3ea10b931dc7df95c6?s=96&d=mm&r=g\",\"contentUrl\":\"https:\\\/\\\/secure.gravatar.com\\\/avatar\\\/2d937fd6c1769fb718dbf8dce9e82bf5f89e97bd028f9b3ea10b931dc7df95c6?s=96&d=mm&r=g\",\"caption\":\"Rebecca Silvestri\"},\"url\":\"https:\\\/\\\/casadecampoliving.com\\\/es\\\/author\\\/madamehuge\\\/\"}]}<\/script>\n<!-- \/ Yoast SEO plugin. -->","yoast_head_json":{"title":"This Week in Casa: 2nd - 8th of May | Casa de Campo Living","description":"When the first day of a week is a day off, you know it\u2019s the start of a very good week! After the last 2 weekends of non-stop parties, events and","robots":{"index":"index","follow":"follow","max-snippet":"max-snippet:-1","max-image-preview":"max-image-preview:large","max-video-preview":"max-video-preview:-1"},"canonical":"https:\/\/casadecampoliving.com\/es\/this-week-in-casa-2nd-8th-of-may\/","og_locale":"es_ES","og_type":"article","og_title":"This Week in Casa: 2nd - 8th of May | Casa de Campo Living","og_description":"When the first day of a week is a day off, you know it\u2019s the start of a very good week! After the last 2 weekends of non-stop parties, events and","og_url":"https:\/\/casadecampoliving.com\/es\/this-week-in-casa-2nd-8th-of-may\/","og_site_name":"Casa de Campo Living","article_publisher":"https:\/\/www.facebook.com\/casadecampoliving","article_published_time":"2011-05-02T04:00:00+00:00","article_modified_time":"2022-10-21T22:00:23+00:00","og_image":[{"width":550,"height":200,"url":"https:\/\/i0.wp.com\/casadecampoliving.com\/wp-content\/uploads\/2022\/10\/casadecampo1-7.jpg?fit=550%2C200&ssl=1","type":"image\/jpeg"}],"author":"Rebecca Silvestri","twitter_card":"summary_large_image","twitter_creator":"@cdcliving","twitter_site":"@cdcliving","twitter_misc":{"Escrito por":"Rebecca Silvestri","Tiempo de lectura":"4 minutos"},"schema":{"@context":"https:\/\/schema.org","@graph":[{"@type":"Article","@id":"https:\/\/casadecampoliving.com\/es\/this-week-in-casa-2nd-8th-of-may\/#article","isPartOf":{"@id":"https:\/\/casadecampoliving.com\/es\/this-week-in-casa-2nd-8th-of-may\/"},"author":{"name":"Rebecca Silvestri","@id":"https:\/\/casadecampoliving.com\/es\/#\/schema\/person\/2b2208f3175fa8761e25b272e096d718"},"headline":"This Week in Casa: 2nd &#8211; 8th of May","datePublished":"2011-05-02T04:00:00+00:00","dateModified":"2022-10-21T22:00:23+00:00","mainEntityOfPage":{"@id":"https:\/\/casadecampoliving.com\/es\/this-week-in-casa-2nd-8th-of-may\/"},"wordCount":773,"publisher":{"@id":"https:\/\/casadecampoliving.com\/es\/#organization"},"image":{"@id":"https:\/\/casadecampoliving.com\/es\/this-week-in-casa-2nd-8th-of-may\/#primaryimage"},"thumbnailUrl":"https:\/\/i0.wp.com\/casadecampoliving.com\/wp-content\/uploads\/2022\/10\/casadecampo1-7.jpg?fit=550%2C200&ssl=1","keywords":["art","cafe de la leche","hogar del nino","Marina Casa de Campo","this week in casa"],"articleSection":["Events and Activities","Lifestyle","Local News","Marina Casa de Campo","Shopping","Sports","Upcoming"],"inLanguage":"es"},{"@type":"WebPage","@id":"https:\/\/casadecampoliving.com\/es\/this-week-in-casa-2nd-8th-of-may\/","url":"https:\/\/casadecampoliving.com\/es\/this-week-in-casa-2nd-8th-of-may\/","name":"This Week in Casa: 2nd - 8th of May | Casa de Campo Living","isPartOf":{"@id":"https:\/\/casadecampoliving.com\/es\/#website"},"primaryImageOfPage":{"@id":"https:\/\/casadecampoliving.com\/es\/this-week-in-casa-2nd-8th-of-may\/#primaryimage"},"image":{"@id":"https:\/\/casadecampoliving.com\/es\/this-week-in-casa-2nd-8th-of-may\/#primaryimage"},"thumbnailUrl":"https:\/\/i0.wp.com\/casadecampoliving.com\/wp-content\/uploads\/2022\/10\/casadecampo1-7.jpg?fit=550%2C200&ssl=1","datePublished":"2011-05-02T04:00:00+00:00","dateModified":"2022-10-21T22:00:23+00:00","description":"When the first day of a week is a day off, you know it\u2019s the start of a very good week! After the last 2 weekends of non-stop parties, events and","breadcrumb":{"@id":"https:\/\/casadecampoliving.com\/es\/this-week-in-casa-2nd-8th-of-may\/#breadcrumb"},"inLanguage":"es","potentialAction":[{"@type":"ReadAction","target":["https:\/\/casadecampoliving.com\/es\/this-week-in-casa-2nd-8th-of-may\/"]}]},{"@type":"ImageObject","inLanguage":"es","@id":"https:\/\/casadecampoliving.com\/es\/this-week-in-casa-2nd-8th-of-may\/#primaryimage","url":"https:\/\/i0.wp.com\/casadecampoliving.com\/wp-content\/uploads\/2022\/10\/casadecampo1-7.jpg?fit=550%2C200&ssl=1","contentUrl":"https:\/\/i0.wp.com\/casadecampoliving.com\/wp-content\/uploads\/2022\/10\/casadecampo1-7.jpg?fit=550%2C200&ssl=1","width":550,"height":200},{"@type":"BreadcrumbList","@id":"https:\/\/casadecampoliving.com\/es\/this-week-in-casa-2nd-8th-of-may\/#breadcrumb","itemListElement":[{"@type":"ListItem","position":1,"name":"Home","item":"https:\/\/casadecampoliving.com\/es\/"},{"@type":"ListItem","position":2,"name":"This Week in Casa: 2nd &#8211; 8th of May"}]},{"@type":"WebSite","@id":"https:\/\/casadecampoliving.com\/es\/#website","url":"https:\/\/casadecampoliving.com\/es\/","name":"Casa de Campo Living","description":"Resort community news and resources.","publisher":{"@id":"https:\/\/casadecampoliving.com\/es\/#organization"},"potentialAction":[{"@type":"SearchAction","target":{"@type":"EntryPoint","urlTemplate":"https:\/\/casadecampoliving.com\/es\/?s={search_term_string}"},"query-input":{"@type":"PropertyValueSpecification","valueRequired":true,"valueName":"search_term_string"}}],"inLanguage":"es"},{"@type":"Organization","@id":"https:\/\/casadecampoliving.com\/es\/#organization","name":"Casa de Campo Living","url":"https:\/\/casadecampoliving.com\/es\/","logo":{"@type":"ImageObject","inLanguage":"es","@id":"https:\/\/casadecampoliving.com\/es\/#\/schema\/logo\/image\/","url":"https:\/\/i0.wp.com\/casadecampoliving.com\/wp-content\/uploads\/2022\/07\/CDCLivingLogo_V1-white-sized.png?fit=800%2C214&ssl=1","contentUrl":"https:\/\/i0.wp.com\/casadecampoliving.com\/wp-content\/uploads\/2022\/07\/CDCLivingLogo_V1-white-sized.png?fit=800%2C214&ssl=1","width":800,"height":214,"caption":"Casa de Campo Living"},"image":{"@id":"https:\/\/casadecampoliving.com\/es\/#\/schema\/logo\/image\/"},"sameAs":["https:\/\/www.facebook.com\/casadecampoliving","https:\/\/x.com\/cdcliving"]},{"@type":"Person","@id":"https:\/\/casadecampoliving.com\/es\/#\/schema\/person\/2b2208f3175fa8761e25b272e096d718","name":"Rebecca Silvestri","image":{"@type":"ImageObject","inLanguage":"es","@id":"https:\/\/secure.gravatar.com\/avatar\/2d937fd6c1769fb718dbf8dce9e82bf5f89e97bd028f9b3ea10b931dc7df95c6?s=96&d=mm&r=g","url":"https:\/\/secure.gravatar.com\/avatar\/2d937fd6c1769fb718dbf8dce9e82bf5f89e97bd028f9b3ea10b931dc7df95c6?s=96&d=mm&r=g","contentUrl":"https:\/\/secure.gravatar.com\/avatar\/2d937fd6c1769fb718dbf8dce9e82bf5f89e97bd028f9b3ea10b931dc7df95c6?s=96&d=mm&r=g","caption":"Rebecca Silvestri"},"url":"https:\/\/casadecampoliving.com\/es\/author\/madamehuge\/"}]}},"parsely":{"version":"1.1.0","canonical_url":"https:\/\/casadecampoliving.com\/es\/this-week-in-casa-2nd-8th-of-may\/","smart_links":{"inbound":0,"outbound":0},"traffic_boost_suggestions_count":0,"meta":{"@context":"https:\/\/schema.org","@type":"NewsArticle","headline":"This Week in Casa: 2nd &#8211; 8th of May","url":"http:\/\/casadecampoliving.com\/es\/this-week-in-casa-2nd-8th-of-may\/","mainEntityOfPage":{"@type":"WebPage","@id":"http:\/\/casadecampoliving.com\/es\/this-week-in-casa-2nd-8th-of-may\/"},"thumbnailUrl":"https:\/\/i0.wp.com\/casadecampoliving.com\/wp-content\/uploads\/2022\/10\/casadecampo1-7.jpg?resize=150%2C150&ssl=1","image":{"@type":"ImageObject","url":"https:\/\/i0.wp.com\/casadecampoliving.com\/wp-content\/uploads\/2022\/10\/casadecampo1-7.jpg?fit=550%2C200&ssl=1"},"articleSection":"Events and Activities","author":[{"@type":"Person","name":"Rebecca Silvestri"}],"creator":["Rebecca Silvestri"],"publisher":{"@type":"Organization","name":"Casa de Campo Living","logo":"https:\/\/casadecampoliving.com\/wp-content\/uploads\/2022\/07\/CDCLivingLogo_V1-white-sized.png"},"keywords":["art","cafe de la leche","el hogar del nino","marina casa de campo @es","this week in casa"],"dateCreated":"2011-05-02T04:00:00Z","datePublished":"2011-05-02T04:00:00Z","dateModified":"2022-10-21T22:00:23Z"},"rendered":"<script type=\"application\/ld+json\" class=\"wp-parsely-metadata\">{\"@context\":\"https:\\\/\\\/schema.org\",\"@type\":\"NewsArticle\",\"headline\":\"This Week in Casa: 2nd &#8211; 8th of May\",\"url\":\"http:\\\/\\\/casadecampoliving.com\\\/es\\\/this-week-in-casa-2nd-8th-of-may\\\/\",\"mainEntityOfPage\":{\"@type\":\"WebPage\",\"@id\":\"http:\\\/\\\/casadecampoliving.com\\\/es\\\/this-week-in-casa-2nd-8th-of-may\\\/\"},\"thumbnailUrl\":\"https:\\\/\\\/i0.wp.com\\\/casadecampoliving.com\\\/wp-content\\\/uploads\\\/2022\\\/10\\\/casadecampo1-7.jpg?resize=150%2C150&ssl=1\",\"image\":{\"@type\":\"ImageObject\",\"url\":\"https:\\\/\\\/i0.wp.com\\\/casadecampoliving.com\\\/wp-content\\\/uploads\\\/2022\\\/10\\\/casadecampo1-7.jpg?fit=550%2C200&ssl=1\"},\"articleSection\":\"Events and Activities\",\"author\":[{\"@type\":\"Person\",\"name\":\"Rebecca Silvestri\"}],\"creator\":[\"Rebecca Silvestri\"],\"publisher\":{\"@type\":\"Organization\",\"name\":\"Casa de Campo Living\",\"logo\":\"https:\\\/\\\/casadecampoliving.com\\\/wp-content\\\/uploads\\\/2022\\\/07\\\/CDCLivingLogo_V1-white-sized.png\"},\"keywords\":[\"art\",\"cafe de la leche\",\"el hogar del nino\",\"marina casa de campo @es\",\"this week in casa\"],\"dateCreated\":\"2011-05-02T04:00:00Z\",\"datePublished\":\"2011-05-02T04:00:00Z\",\"dateModified\":\"2022-10-21T22:00:23Z\"}<\/script>","tracker_url":"https:\/\/cdn.parsely.com\/keys\/casadecampoliving.com\/p.js"},"jetpack_publicize_connections":[],"jetpack_featured_media_url":"https:\/\/i0.wp.com\/casadecampoliving.com\/wp-content\/uploads\/2022\/10\/casadecampo1-7.jpg?fit=550%2C200&ssl=1","jetpack-related-posts":[{"id":320859,"url":"https:\/\/casadecampoliving.com\/arte-naive-art-exhibit-and-cocktail-at-the-jenny-polanco-project-in-the-marina-casa-de-campo\/","url_meta":{"origin":320003,"position":0},"title":"\u00abArte Naive\u00bb Art Exhibit and Cocktail at the \u00abJenny Polanco Project\u00bb in the Marina Casa de Campo","author":"Rebecca Silvestri","date":"24 Dic, 2011","format":false,"excerpt":"On Tuesday the 27th of December, the \u201cJenny Polanco Project\u201d store in the Marina Casa de Campo is hosting a cocktail and art exhibit called \u201cArte Naive\u201d in aid of the Hogar del Ni\u00f1o.\u00a0 The \u201cArte Naive\u201d art exhibit will feature traditional and artesanal pieces such as; jewelry, paintings, accessories\u2026","rel":"","context":"En \u00abArt and Culture\u00bb","block_context":{"text":"Art and Culture","link":"https:\/\/casadecampoliving.com\/category\/art-and-culture\/"},"img":{"alt_text":"jenny polanco marina casa de campo","src":"https:\/\/i0.wp.com\/casadecampoliving.com\/wp-content\/uploads\/2022\/10\/jenny_polanco_marina_casa_de_campo-1.jpg?fit=650%2C344&ssl=1&resize=350%2C200","width":350,"height":200,"srcset":"https:\/\/i0.wp.com\/casadecampoliving.com\/wp-content\/uploads\/2022\/10\/jenny_polanco_marina_casa_de_campo-1.jpg?fit=650%2C344&ssl=1&resize=350%2C200 1x, https:\/\/i0.wp.com\/casadecampoliving.com\/wp-content\/uploads\/2022\/10\/jenny_polanco_marina_casa_de_campo-1.jpg?fit=650%2C344&ssl=1&resize=525%2C300 1.5x"},"classes":[]},{"id":320559,"url":"https:\/\/casadecampoliving.com\/cafe-de-la-leche-oct-2011-coffee-and-champagne-at-the-azimut-cafe-marina-casa-de-campo\/","url_meta":{"origin":320003,"position":1},"title":"Cafe de la Leche Oct 2011: Coffee and Champagne at the Azimut Caf\u00e9, Marina Casa de Campo!","author":"Rebecca Silvestri","date":"13 Oct, 2011","format":false,"excerpt":"Last Friday the 7th of October the ladies of Casa de Campo enjoyed this month's edition of the \"Cafe de la Leche\" charitable gathering at the Azimut Caf\u00e9 in the Marina Casa de Campo.\u00a0 As is often the case at this time of year, a sudden downpour of rain during\u2026","rel":"","context":"En \u00abEvents and Activities\u00bb","block_context":{"text":"Events and Activities","link":"https:\/\/casadecampoliving.com\/category\/events-and-activities\/"},"img":{"alt_text":"azimut cafe marina casa de campo","src":"https:\/\/i0.wp.com\/casadecampoliving.com\/wp-content\/uploads\/2022\/10\/azimut_cafe_marina_casa_de_campo1-3.jpg?fit=565%2C424&ssl=1&resize=350%2C200","width":350,"height":200,"srcset":"https:\/\/i0.wp.com\/casadecampoliving.com\/wp-content\/uploads\/2022\/10\/azimut_cafe_marina_casa_de_campo1-3.jpg?fit=565%2C424&ssl=1&resize=350%2C200 1x, https:\/\/i0.wp.com\/casadecampoliving.com\/wp-content\/uploads\/2022\/10\/azimut_cafe_marina_casa_de_campo1-3.jpg?fit=565%2C424&ssl=1&resize=525%2C300 1.5x"},"classes":[]},{"id":337126,"url":"https:\/\/casadecampoliving.com\/es\/cafe-de-la-leche-oct-2011-cafe-y-champan-en-el-cafe-azimut-marina-casa-de-campo-2\/","url_meta":{"origin":320003,"position":2},"title":"Caf\u00e9 de la Leche Oct 2011: Caf\u00e9 y Champan en el Caf\u00e9 Azimut, Marina Casa de Campo!","author":"Rebecca Silvestri","date":"13 Oct, 2011","format":false,"excerpt":"El viernes 7 de octubre, la comunidad femenina de Casa de Campo se reuni\u00f3 en el Caf\u00e9 Azimut para el\u00a0\"Caf\u00e9 de la Leche\", un evento mensual para el Hogar del Ni\u00f1o fundaci\u00f3n en La Romana. Despu\u00e9s de una lluviosa\u00a0tarde, el sol\u00a0sali\u00f3\u00a0justo a tiempo para empezar el \"Caf\u00e9 de la Leche\"\u2026","rel":"","context":"En \u00abEventos\u00bb","block_context":{"text":"Eventos","link":"https:\/\/casadecampoliving.com\/es\/category\/eventos-es\/"},"img":{"alt_text":"azimut cafe marina casa de campo","src":"https:\/\/i0.wp.com\/casadecampoliving.com\/wp-content\/uploads\/2022\/10\/azimut_cafe_marina_casa_de_campo1-3.jpg?fit=565%2C424&ssl=1&resize=350%2C200","width":350,"height":200,"srcset":"https:\/\/i0.wp.com\/casadecampoliving.com\/wp-content\/uploads\/2022\/10\/azimut_cafe_marina_casa_de_campo1-3.jpg?fit=565%2C424&ssl=1&resize=350%2C200 1x, https:\/\/i0.wp.com\/casadecampoliving.com\/wp-content\/uploads\/2022\/10\/azimut_cafe_marina_casa_de_campo1-3.jpg?fit=565%2C424&ssl=1&resize=525%2C300 1.5x"},"classes":[]},{"id":325709,"url":"https:\/\/casadecampoliving.com\/cafe-de-la-leche-sails-to-la-casita-marina-casa-de-campo\/","url_meta":{"origin":320003,"position":3},"title":"Caf\u00e9 de la Leche sails to La Casita Marina Casa de Campo","author":"Perkin Agramonte","date":"1 May, 2015","format":false,"excerpt":"Hello there sailors! Great news- the next Caf\u00e9 de la Leche is planned and scheduled and will be taking place next Friday May 8th at La Casita in the Marina Casa de Campo. With Julia Mart\u00ednez as our elegant hostess, and La Casita Marina as the location there can be\u2026","rel":"","context":"En \u00abCasa de Campo Living\u00bb","block_context":{"text":"Casa de Campo Living","link":"https:\/\/casadecampoliving.com\/category\/casa-de-campo-living\/"},"img":{"alt_text":"","src":"https:\/\/i0.wp.com\/casadecampoliving.com\/wp-content\/uploads\/2022\/10\/La_Casita_Marina_Casa_de_Campo-3.jpg?fit=800%2C600&ssl=1&resize=350%2C200","width":350,"height":200,"srcset":"https:\/\/i0.wp.com\/casadecampoliving.com\/wp-content\/uploads\/2022\/10\/La_Casita_Marina_Casa_de_Campo-3.jpg?fit=800%2C600&ssl=1&resize=350%2C200 1x, https:\/\/i0.wp.com\/casadecampoliving.com\/wp-content\/uploads\/2022\/10\/La_Casita_Marina_Casa_de_Campo-3.jpg?fit=800%2C600&ssl=1&resize=525%2C300 1.5x, https:\/\/i0.wp.com\/casadecampoliving.com\/wp-content\/uploads\/2022\/10\/La_Casita_Marina_Casa_de_Campo-3.jpg?fit=800%2C600&ssl=1&resize=700%2C400 2x"},"classes":[]},{"id":320524,"url":"https:\/\/casadecampoliving.com\/es\/cafe-de-la-leche-friday-october-7th-at-the-azimut-cafe-in-the-marina-casa-de-campo\/","url_meta":{"origin":320003,"position":4},"title":"Cafe de la Leche: Friday October 7th at the Azimut Caf\u00e9 in the Marina Casa de Campo!","author":"Rebecca Silvestri","date":"2 Oct, 2011","format":false,"excerpt":"The Cafe de la Leche monthly charitable gathering\u00a0held in aid of the Hogar del Ni\u00f1o in La Romana, will this month take place at the newly opened Azimut Caf\u00e9 in the Marina Casa de Campo! Para leer este art\u00edculo en Espa\u00f1ol, haga click aqu\u00ed! With hostess Yrene Caslini, the monthly\u2026","rel":"","context":"En \u00abEventos\u00bb","block_context":{"text":"Eventos","link":"https:\/\/casadecampoliving.com\/es\/category\/eventos-es\/"},"img":{"alt_text":"azimut cafe marina casa de campo","src":"https:\/\/i0.wp.com\/casadecampoliving.com\/wp-content\/uploads\/2011\/10\/azimut_cafe_marina_casa_de_campo.jpg?resize=350%2C200&ssl=1","width":350,"height":200},"classes":[]},{"id":321304,"url":"https:\/\/casadecampoliving.com\/cafe-de-la-leche-at-the-casa-de-campo-yacht-club-with-dj-gonzalvo-and-art-exhibit-by-andrea-brenes-and-argenis-lebron\/","url_meta":{"origin":320003,"position":5},"title":"Caf\u00e9 de la Leche at the Casa de Campo Yacht Club &#8211; with DJ Gonzalvo and art exhibit by Andrea Brenes and Argenis Lebron!","author":"Rebecca Silvestri","date":"18 May, 2012","format":false,"excerpt":"It feels like just yesterday when we were all dressed in flares and bandanas enjoying cocktails at the \u201cHippie Bingo\u201d Caf\u00e9 de la Leche hosted by Adriana Feaugas, but with the next event scheduled for Friday June 1st in less than 2 weeks time \u2013 it\u2019s time to save the\u2026","rel":"","context":"En \u00abEvents and Activities\u00bb","block_context":{"text":"Events and Activities","link":"https:\/\/casadecampoliving.com\/category\/events-and-activities\/"},"img":{"alt_text":"cafe de la leche","src":"https:\/\/i0.wp.com\/casadecampoliving.com\/wp-content\/uploads\/2022\/10\/Cafe_de_la_leche2-1.jpg?fit=650%2C280&ssl=1&resize=350%2C200","width":350,"height":200,"srcset":"https:\/\/i0.wp.com\/casadecampoliving.com\/wp-content\/uploads\/2022\/10\/Cafe_de_la_leche2-1.jpg?fit=650%2C280&ssl=1&resize=350%2C200 1x, https:\/\/i0.wp.com\/casadecampoliving.com\/wp-content\/uploads\/2022\/10\/Cafe_de_la_leche2-1.jpg?fit=650%2C280&ssl=1&resize=525%2C300 1.5x"},"classes":[]}],"jetpack_sharing_enabled":true,"_links":{"self":[{"href":"https:\/\/casadecampoliving.com\/es\/wp-json\/wp\/v2\/posts\/320003","targetHints":{"allow":["GET"]}}],"collection":[{"href":"https:\/\/casadecampoliving.com\/es\/wp-json\/wp\/v2\/posts"}],"about":[{"href":"https:\/\/casadecampoliving.com\/es\/wp-json\/wp\/v2\/types\/post"}],"author":[{"embeddable":true,"href":"https:\/\/casadecampoliving.com\/es\/wp-json\/wp\/v2\/users\/31"}],"replies":[{"embeddable":true,"href":"https:\/\/casadecampoliving.com\/es\/wp-json\/wp\/v2\/comments?post=320003"}],"version-history":[{"count":0,"href":"https:\/\/casadecampoliving.com\/es\/wp-json\/wp\/v2\/posts\/320003\/revisions"}],"wp:featuredmedia":[{"embeddable":true,"href":"https:\/\/casadecampoliving.com\/es\/wp-json\/wp\/v2\/media\/251065"}],"wp:attachment":[{"href":"https:\/\/casadecampoliving.com\/es\/wp-json\/wp\/v2\/media?parent=320003"}],"wp:term":[{"taxonomy":"category","embeddable":true,"href":"https:\/\/casadecampoliving.com\/es\/wp-json\/wp\/v2\/categories?post=320003"},{"taxonomy":"post_tag","embeddable":true,"href":"https:\/\/casadecampoliving.com\/es\/wp-json\/wp\/v2\/tags?post=320003"},{"taxonomy":"newspack_spnsrs_tax","embeddable":true,"href":"https:\/\/casadecampoliving.com\/es\/wp-json\/wp\/v2\/newspack_spnsrs_tax?post=320003"}],"curies":[{"name":"wp","href":"https:\/\/api.w.org\/{rel}","templated":true}]}}