{"id":319911,"date":"2011-04-03T00:00:00","date_gmt":"2011-04-03T04:00:00","guid":{"rendered":"https:\/\/casadecampoliving.com\/photo-of-the-week-majestic-chavon\/"},"modified":"2022-10-21T18:01:16","modified_gmt":"2022-10-21T22:01:16","slug":"photo-of-the-week-majestic-chavon","status":"publish","type":"post","link":"https:\/\/casadecampoliving.com\/es\/photo-of-the-week-majestic-chavon\/","title":{"rendered":"Photo of the Week: Majestic Chavon"},"content":{"rendered":"<div class=\"wp-block-image\">\n<figure class=\"aligncenter is-resized\"><a href=\"https:\/\/i0.wp.com\/casadecampoliving.com\/wp-content\/uploads\/2022\/10\/altos_de_chavon_casadecampo.jpg?ssl=1\"><img loading=\"lazy\" decoding=\"async\" src=\"https:\/\/i0.wp.com\/casadecampoliving.com\/wp-content\/uploads\/2022\/10\/altos_de_chavon_casadecampo.jpg?resize=565%2C392&amp;ssl=1\" alt=\"\" class=\"wp-image-26770\" title=\"altos_de_chavon_casadecampo\" height=\"392\" width=\"565\"\/><\/a><\/figure>\n<\/div>\n\n\n<p class=\"wp-block-paragraph\">This week\u2019s beautiful photo was contributed by Philip Silvestri, who has just discovered the \u2018black and white\u2019 setting on his camera and cannot stop playing with it!<\/p>\n\n\n\n<!--more-->\n\n\n\n<p class=\"wp-block-paragraph\">Although Philip is still \u2018practicing\u2019 with this new setting, I think you will agree that he\u2019s already doing a pretty good job! I love the way Philip has angled the photo so that our eye follows the metal railing into the photo and along the river.<\/p>\n\n\n\n<p class=\"wp-block-paragraph\">Everyday Altos de Chav\u00f3n is visited by hundreds of tourists who take the same photo of the view from Altos de Chav\u00f3n out over the river, the only variable being the face of the sunburnt tourist that appears in it \u2013&nbsp;it\u2019s nice to see a photo of the same topic, but a little different!<\/p>\n\n\n\n<blockquote class=\"wp-block-quote is-layout-flow wp-block-quote-is-layout-flow\"><p><strong>Are you a photographer? <\/strong>Whether you\u2019re a professional photographer or an amateur enthusiast \u2013 we want your photos!<br>\nPlease send your photos to be published to: rhughes@casadecampoliving.com<\/p><\/blockquote>\n","protected":false},"excerpt":{"rendered":"<p>This week\u2019s beautiful photo was contributed by Philip Silvestri, who has just discovered the \u2018black and white\u2019 setting on his camera and cannot stop playing with it!<\/p>\n","protected":false},"author":31,"featured_media":241539,"comment_status":"closed","ping_status":"open","sticky":false,"template":"","format":"standard","meta":{"newspack_ads_suppress_ads":false,"newspack_popups_has_disabled_popups":false,"newspack_sponsor_sponsorship_scope":"","newspack_sponsor_native_byline_display":"inherit","newspack_sponsor_native_category_display":"inherit","newspack_sponsor_underwriter_style":"inherit","newspack_sponsor_underwriter_placement":"inherit","newspack_content_restriction_is_exempt":false,"_newspack_byline_active":false,"_newspack_byline":"","newspack_hide_updated_date":false,"newspack_show_updated_date":false,"newspack_featured_image_position":"","newspack_post_subtitle":"","newspack_article_summary_title":"Overview:","newspack_article_summary":"","_jetpack_memberships_contains_paid_content":false,"footnotes":"","jetpack_publicize_message":"{title}\n\n{excerpt}\n\n{url}","jetpack_publicize_feature_enabled":true,"jetpack_social_post_already_shared":false,"jetpack_social_options":{"image_generator_settings":{"template":"highway","default_image_id":0,"font":"","enabled":false},"version":2},"_wpas_customize_per_network":false},"categories":[56,45,26820,14624],"tags":[13810,117,551,929],"newspack_spnsrs_tax":[],"class_list":["post-319911","post","type-post","status-publish","format-standard","has-post-thumbnail","hentry","category-altos-de-chavon","category-art-and-culture","category-casa-de-campo-resort","category-local-news","tag-altos-de-chavon","tag-casa-de-campo","tag-photo-of-the-week","tag-rio-chavon","entry"],"yoast_head":"<!-- This site is optimized with the Yoast SEO plugin v28.1 - https:\/\/yoast.com\/product\/yoast-seo-wordpress\/ -->\n<title>Photo of the Week: Majestic Chavon | Casa de Campo Living<\/title>\n<meta name=\"description\" content=\"This week\u2019s beautiful photo was contributed by Philip Silvestri, who has just discovered the \u2018black and white\u2019 setting on his camera and cannot stop\" \/>\n<meta name=\"robots\" content=\"index, follow, max-snippet:-1, max-image-preview:large, max-video-preview:-1\" \/>\n<link rel=\"canonical\" href=\"https:\/\/casadecampoliving.com\/es\/photo-of-the-week-majestic-chavon\/\" \/>\n<meta property=\"og:locale\" content=\"es_ES\" \/>\n<meta property=\"og:type\" content=\"article\" \/>\n<meta property=\"og:title\" content=\"Photo of the Week: Majestic Chavon | Casa de Campo Living\" \/>\n<meta property=\"og:description\" content=\"This week\u2019s beautiful photo was contributed by Philip Silvestri, who has just discovered the \u2018black and white\u2019 setting on his camera and cannot stop\" \/>\n<meta property=\"og:url\" content=\"https:\/\/casadecampoliving.com\/es\/photo-of-the-week-majestic-chavon\/\" \/>\n<meta property=\"og:site_name\" content=\"Casa de Campo Living\" \/>\n<meta property=\"article:publisher\" content=\"https:\/\/www.facebook.com\/casadecampoliving\" \/>\n<meta property=\"article:published_time\" content=\"2011-04-03T04:00:00+00:00\" \/>\n<meta property=\"article:modified_time\" content=\"2022-10-21T22:01:16+00:00\" \/>\n<meta property=\"og:image\" content=\"https:\/\/i0.wp.com\/casadecampoliving.com\/wp-content\/uploads\/2022\/10\/altos_de_chavon_casadecampo-1.jpg?fit=565%2C392&ssl=1\" \/>\n\t<meta property=\"og:image:width\" content=\"565\" \/>\n\t<meta property=\"og:image:height\" content=\"392\" \/>\n\t<meta property=\"og:image:type\" content=\"image\/jpeg\" \/>\n<meta name=\"author\" content=\"Rebecca Silvestri\" \/>\n<meta name=\"twitter:card\" content=\"summary_large_image\" \/>\n<meta name=\"twitter:creator\" content=\"@cdcliving\" \/>\n<meta name=\"twitter:site\" content=\"@cdcliving\" \/>\n<meta name=\"twitter:label1\" content=\"Escrito por\" \/>\n\t<meta name=\"twitter:data1\" content=\"Rebecca Silvestri\" \/>\n\t<meta name=\"twitter:label2\" content=\"Tiempo de lectura\" \/>\n\t<meta name=\"twitter:data2\" content=\"1 minuto\" \/>\n<script type=\"application\/ld+json\" class=\"yoast-schema-graph\">{\"@context\":\"https:\\\/\\\/schema.org\",\"@graph\":[{\"@type\":\"Article\",\"@id\":\"https:\\\/\\\/casadecampoliving.com\\\/es\\\/photo-of-the-week-majestic-chavon\\\/#article\",\"isPartOf\":{\"@id\":\"https:\\\/\\\/casadecampoliving.com\\\/es\\\/photo-of-the-week-majestic-chavon\\\/\"},\"author\":{\"name\":\"Rebecca Silvestri\",\"@id\":\"https:\\\/\\\/casadecampoliving.com\\\/es\\\/#\\\/schema\\\/person\\\/2b2208f3175fa8761e25b272e096d718\"},\"headline\":\"Photo of the Week: Majestic Chavon\",\"datePublished\":\"2011-04-03T04:00:00+00:00\",\"dateModified\":\"2022-10-21T22:01:16+00:00\",\"mainEntityOfPage\":{\"@id\":\"https:\\\/\\\/casadecampoliving.com\\\/es\\\/photo-of-the-week-majestic-chavon\\\/\"},\"wordCount\":168,\"publisher\":{\"@id\":\"https:\\\/\\\/casadecampoliving.com\\\/es\\\/#organization\"},\"image\":{\"@id\":\"https:\\\/\\\/casadecampoliving.com\\\/es\\\/photo-of-the-week-majestic-chavon\\\/#primaryimage\"},\"thumbnailUrl\":\"https:\\\/\\\/i0.wp.com\\\/casadecampoliving.com\\\/wp-content\\\/uploads\\\/2022\\\/10\\\/altos_de_chavon_casadecampo-1.jpg?fit=565%2C392&ssl=1\",\"keywords\":[\"Altos de Chavon\",\"Casa de Campo\",\"photo of the week\",\"rio chavon\"],\"articleSection\":[\"Altos de Chavon\",\"Art and Culture\",\"Casa de Campo Resort\",\"Local News\"],\"inLanguage\":\"es\"},{\"@type\":\"WebPage\",\"@id\":\"https:\\\/\\\/casadecampoliving.com\\\/es\\\/photo-of-the-week-majestic-chavon\\\/\",\"url\":\"https:\\\/\\\/casadecampoliving.com\\\/es\\\/photo-of-the-week-majestic-chavon\\\/\",\"name\":\"Photo of the Week: Majestic Chavon | Casa de Campo Living\",\"isPartOf\":{\"@id\":\"https:\\\/\\\/casadecampoliving.com\\\/es\\\/#website\"},\"primaryImageOfPage\":{\"@id\":\"https:\\\/\\\/casadecampoliving.com\\\/es\\\/photo-of-the-week-majestic-chavon\\\/#primaryimage\"},\"image\":{\"@id\":\"https:\\\/\\\/casadecampoliving.com\\\/es\\\/photo-of-the-week-majestic-chavon\\\/#primaryimage\"},\"thumbnailUrl\":\"https:\\\/\\\/i0.wp.com\\\/casadecampoliving.com\\\/wp-content\\\/uploads\\\/2022\\\/10\\\/altos_de_chavon_casadecampo-1.jpg?fit=565%2C392&ssl=1\",\"datePublished\":\"2011-04-03T04:00:00+00:00\",\"dateModified\":\"2022-10-21T22:01:16+00:00\",\"description\":\"This week\u2019s beautiful photo was contributed by Philip Silvestri, who has just discovered the \u2018black and white\u2019 setting on his camera and cannot stop\",\"breadcrumb\":{\"@id\":\"https:\\\/\\\/casadecampoliving.com\\\/es\\\/photo-of-the-week-majestic-chavon\\\/#breadcrumb\"},\"inLanguage\":\"es\",\"potentialAction\":[{\"@type\":\"ReadAction\",\"target\":[\"https:\\\/\\\/casadecampoliving.com\\\/es\\\/photo-of-the-week-majestic-chavon\\\/\"]}]},{\"@type\":\"ImageObject\",\"inLanguage\":\"es\",\"@id\":\"https:\\\/\\\/casadecampoliving.com\\\/es\\\/photo-of-the-week-majestic-chavon\\\/#primaryimage\",\"url\":\"https:\\\/\\\/i0.wp.com\\\/casadecampoliving.com\\\/wp-content\\\/uploads\\\/2022\\\/10\\\/altos_de_chavon_casadecampo-1.jpg?fit=565%2C392&ssl=1\",\"contentUrl\":\"https:\\\/\\\/i0.wp.com\\\/casadecampoliving.com\\\/wp-content\\\/uploads\\\/2022\\\/10\\\/altos_de_chavon_casadecampo-1.jpg?fit=565%2C392&ssl=1\",\"width\":565,\"height\":392},{\"@type\":\"BreadcrumbList\",\"@id\":\"https:\\\/\\\/casadecampoliving.com\\\/es\\\/photo-of-the-week-majestic-chavon\\\/#breadcrumb\",\"itemListElement\":[{\"@type\":\"ListItem\",\"position\":1,\"name\":\"Home\",\"item\":\"https:\\\/\\\/casadecampoliving.com\\\/es\\\/\"},{\"@type\":\"ListItem\",\"position\":2,\"name\":\"Photo of the Week: Majestic Chavon\"}]},{\"@type\":\"WebSite\",\"@id\":\"https:\\\/\\\/casadecampoliving.com\\\/es\\\/#website\",\"url\":\"https:\\\/\\\/casadecampoliving.com\\\/es\\\/\",\"name\":\"Casa de Campo Living\",\"description\":\"Resort community news and resources.\",\"publisher\":{\"@id\":\"https:\\\/\\\/casadecampoliving.com\\\/es\\\/#organization\"},\"potentialAction\":[{\"@type\":\"SearchAction\",\"target\":{\"@type\":\"EntryPoint\",\"urlTemplate\":\"https:\\\/\\\/casadecampoliving.com\\\/es\\\/?s={search_term_string}\"},\"query-input\":{\"@type\":\"PropertyValueSpecification\",\"valueRequired\":true,\"valueName\":\"search_term_string\"}}],\"inLanguage\":\"es\"},{\"@type\":\"Organization\",\"@id\":\"https:\\\/\\\/casadecampoliving.com\\\/es\\\/#organization\",\"name\":\"Casa de Campo Living\",\"url\":\"https:\\\/\\\/casadecampoliving.com\\\/es\\\/\",\"logo\":{\"@type\":\"ImageObject\",\"inLanguage\":\"es\",\"@id\":\"https:\\\/\\\/casadecampoliving.com\\\/es\\\/#\\\/schema\\\/logo\\\/image\\\/\",\"url\":\"https:\\\/\\\/i0.wp.com\\\/casadecampoliving.com\\\/wp-content\\\/uploads\\\/2022\\\/07\\\/CDCLivingLogo_V1-white-sized.png?fit=800%2C214&ssl=1\",\"contentUrl\":\"https:\\\/\\\/i0.wp.com\\\/casadecampoliving.com\\\/wp-content\\\/uploads\\\/2022\\\/07\\\/CDCLivingLogo_V1-white-sized.png?fit=800%2C214&ssl=1\",\"width\":800,\"height\":214,\"caption\":\"Casa de Campo Living\"},\"image\":{\"@id\":\"https:\\\/\\\/casadecampoliving.com\\\/es\\\/#\\\/schema\\\/logo\\\/image\\\/\"},\"sameAs\":[\"https:\\\/\\\/www.facebook.com\\\/casadecampoliving\",\"https:\\\/\\\/x.com\\\/cdcliving\"]},{\"@type\":\"Person\",\"@id\":\"https:\\\/\\\/casadecampoliving.com\\\/es\\\/#\\\/schema\\\/person\\\/2b2208f3175fa8761e25b272e096d718\",\"name\":\"Rebecca Silvestri\",\"image\":{\"@type\":\"ImageObject\",\"inLanguage\":\"es\",\"@id\":\"https:\\\/\\\/secure.gravatar.com\\\/avatar\\\/2d937fd6c1769fb718dbf8dce9e82bf5f89e97bd028f9b3ea10b931dc7df95c6?s=96&d=mm&r=g\",\"url\":\"https:\\\/\\\/secure.gravatar.com\\\/avatar\\\/2d937fd6c1769fb718dbf8dce9e82bf5f89e97bd028f9b3ea10b931dc7df95c6?s=96&d=mm&r=g\",\"contentUrl\":\"https:\\\/\\\/secure.gravatar.com\\\/avatar\\\/2d937fd6c1769fb718dbf8dce9e82bf5f89e97bd028f9b3ea10b931dc7df95c6?s=96&d=mm&r=g\",\"caption\":\"Rebecca Silvestri\"},\"url\":\"https:\\\/\\\/casadecampoliving.com\\\/es\\\/author\\\/madamehuge\\\/\"}]}<\/script>\n<!-- \/ Yoast SEO plugin. -->","yoast_head_json":{"title":"Photo of the Week: Majestic Chavon | Casa de Campo Living","description":"This week\u2019s beautiful photo was contributed by Philip Silvestri, who has just discovered the \u2018black and white\u2019 setting on his camera and cannot stop","robots":{"index":"index","follow":"follow","max-snippet":"max-snippet:-1","max-image-preview":"max-image-preview:large","max-video-preview":"max-video-preview:-1"},"canonical":"https:\/\/casadecampoliving.com\/es\/photo-of-the-week-majestic-chavon\/","og_locale":"es_ES","og_type":"article","og_title":"Photo of the Week: Majestic Chavon | Casa de Campo Living","og_description":"This week\u2019s beautiful photo was contributed by Philip Silvestri, who has just discovered the \u2018black and white\u2019 setting on his camera and cannot stop","og_url":"https:\/\/casadecampoliving.com\/es\/photo-of-the-week-majestic-chavon\/","og_site_name":"Casa de Campo Living","article_publisher":"https:\/\/www.facebook.com\/casadecampoliving","article_published_time":"2011-04-03T04:00:00+00:00","article_modified_time":"2022-10-21T22:01:16+00:00","og_image":[{"width":565,"height":392,"url":"https:\/\/i0.wp.com\/casadecampoliving.com\/wp-content\/uploads\/2022\/10\/altos_de_chavon_casadecampo-1.jpg?fit=565%2C392&ssl=1","type":"image\/jpeg"}],"author":"Rebecca Silvestri","twitter_card":"summary_large_image","twitter_creator":"@cdcliving","twitter_site":"@cdcliving","twitter_misc":{"Escrito por":"Rebecca Silvestri","Tiempo de lectura":"1 minuto"},"schema":{"@context":"https:\/\/schema.org","@graph":[{"@type":"Article","@id":"https:\/\/casadecampoliving.com\/es\/photo-of-the-week-majestic-chavon\/#article","isPartOf":{"@id":"https:\/\/casadecampoliving.com\/es\/photo-of-the-week-majestic-chavon\/"},"author":{"name":"Rebecca Silvestri","@id":"https:\/\/casadecampoliving.com\/es\/#\/schema\/person\/2b2208f3175fa8761e25b272e096d718"},"headline":"Photo of the Week: Majestic Chavon","datePublished":"2011-04-03T04:00:00+00:00","dateModified":"2022-10-21T22:01:16+00:00","mainEntityOfPage":{"@id":"https:\/\/casadecampoliving.com\/es\/photo-of-the-week-majestic-chavon\/"},"wordCount":168,"publisher":{"@id":"https:\/\/casadecampoliving.com\/es\/#organization"},"image":{"@id":"https:\/\/casadecampoliving.com\/es\/photo-of-the-week-majestic-chavon\/#primaryimage"},"thumbnailUrl":"https:\/\/i0.wp.com\/casadecampoliving.com\/wp-content\/uploads\/2022\/10\/altos_de_chavon_casadecampo-1.jpg?fit=565%2C392&ssl=1","keywords":["Altos de Chavon","Casa de Campo","photo of the week","rio chavon"],"articleSection":["Altos de Chavon","Art and Culture","Casa de Campo Resort","Local News"],"inLanguage":"es"},{"@type":"WebPage","@id":"https:\/\/casadecampoliving.com\/es\/photo-of-the-week-majestic-chavon\/","url":"https:\/\/casadecampoliving.com\/es\/photo-of-the-week-majestic-chavon\/","name":"Photo of the Week: Majestic Chavon | Casa de Campo Living","isPartOf":{"@id":"https:\/\/casadecampoliving.com\/es\/#website"},"primaryImageOfPage":{"@id":"https:\/\/casadecampoliving.com\/es\/photo-of-the-week-majestic-chavon\/#primaryimage"},"image":{"@id":"https:\/\/casadecampoliving.com\/es\/photo-of-the-week-majestic-chavon\/#primaryimage"},"thumbnailUrl":"https:\/\/i0.wp.com\/casadecampoliving.com\/wp-content\/uploads\/2022\/10\/altos_de_chavon_casadecampo-1.jpg?fit=565%2C392&ssl=1","datePublished":"2011-04-03T04:00:00+00:00","dateModified":"2022-10-21T22:01:16+00:00","description":"This week\u2019s beautiful photo was contributed by Philip Silvestri, who has just discovered the \u2018black and white\u2019 setting on his camera and cannot stop","breadcrumb":{"@id":"https:\/\/casadecampoliving.com\/es\/photo-of-the-week-majestic-chavon\/#breadcrumb"},"inLanguage":"es","potentialAction":[{"@type":"ReadAction","target":["https:\/\/casadecampoliving.com\/es\/photo-of-the-week-majestic-chavon\/"]}]},{"@type":"ImageObject","inLanguage":"es","@id":"https:\/\/casadecampoliving.com\/es\/photo-of-the-week-majestic-chavon\/#primaryimage","url":"https:\/\/i0.wp.com\/casadecampoliving.com\/wp-content\/uploads\/2022\/10\/altos_de_chavon_casadecampo-1.jpg?fit=565%2C392&ssl=1","contentUrl":"https:\/\/i0.wp.com\/casadecampoliving.com\/wp-content\/uploads\/2022\/10\/altos_de_chavon_casadecampo-1.jpg?fit=565%2C392&ssl=1","width":565,"height":392},{"@type":"BreadcrumbList","@id":"https:\/\/casadecampoliving.com\/es\/photo-of-the-week-majestic-chavon\/#breadcrumb","itemListElement":[{"@type":"ListItem","position":1,"name":"Home","item":"https:\/\/casadecampoliving.com\/es\/"},{"@type":"ListItem","position":2,"name":"Photo of the Week: Majestic Chavon"}]},{"@type":"WebSite","@id":"https:\/\/casadecampoliving.com\/es\/#website","url":"https:\/\/casadecampoliving.com\/es\/","name":"Casa de Campo Living","description":"Resort community news and resources.","publisher":{"@id":"https:\/\/casadecampoliving.com\/es\/#organization"},"potentialAction":[{"@type":"SearchAction","target":{"@type":"EntryPoint","urlTemplate":"https:\/\/casadecampoliving.com\/es\/?s={search_term_string}"},"query-input":{"@type":"PropertyValueSpecification","valueRequired":true,"valueName":"search_term_string"}}],"inLanguage":"es"},{"@type":"Organization","@id":"https:\/\/casadecampoliving.com\/es\/#organization","name":"Casa de Campo Living","url":"https:\/\/casadecampoliving.com\/es\/","logo":{"@type":"ImageObject","inLanguage":"es","@id":"https:\/\/casadecampoliving.com\/es\/#\/schema\/logo\/image\/","url":"https:\/\/i0.wp.com\/casadecampoliving.com\/wp-content\/uploads\/2022\/07\/CDCLivingLogo_V1-white-sized.png?fit=800%2C214&ssl=1","contentUrl":"https:\/\/i0.wp.com\/casadecampoliving.com\/wp-content\/uploads\/2022\/07\/CDCLivingLogo_V1-white-sized.png?fit=800%2C214&ssl=1","width":800,"height":214,"caption":"Casa de Campo Living"},"image":{"@id":"https:\/\/casadecampoliving.com\/es\/#\/schema\/logo\/image\/"},"sameAs":["https:\/\/www.facebook.com\/casadecampoliving","https:\/\/x.com\/cdcliving"]},{"@type":"Person","@id":"https:\/\/casadecampoliving.com\/es\/#\/schema\/person\/2b2208f3175fa8761e25b272e096d718","name":"Rebecca Silvestri","image":{"@type":"ImageObject","inLanguage":"es","@id":"https:\/\/secure.gravatar.com\/avatar\/2d937fd6c1769fb718dbf8dce9e82bf5f89e97bd028f9b3ea10b931dc7df95c6?s=96&d=mm&r=g","url":"https:\/\/secure.gravatar.com\/avatar\/2d937fd6c1769fb718dbf8dce9e82bf5f89e97bd028f9b3ea10b931dc7df95c6?s=96&d=mm&r=g","contentUrl":"https:\/\/secure.gravatar.com\/avatar\/2d937fd6c1769fb718dbf8dce9e82bf5f89e97bd028f9b3ea10b931dc7df95c6?s=96&d=mm&r=g","caption":"Rebecca Silvestri"},"url":"https:\/\/casadecampoliving.com\/es\/author\/madamehuge\/"}]}},"parsely":{"version":"1.1.0","canonical_url":"https:\/\/casadecampoliving.com\/es\/photo-of-the-week-majestic-chavon\/","smart_links":{"inbound":0,"outbound":0},"traffic_boost_suggestions_count":0,"meta":{"@context":"https:\/\/schema.org","@type":"NewsArticle","headline":"Photo of the Week: Majestic Chavon","url":"http:\/\/casadecampoliving.com\/es\/photo-of-the-week-majestic-chavon\/","mainEntityOfPage":{"@type":"WebPage","@id":"http:\/\/casadecampoliving.com\/es\/photo-of-the-week-majestic-chavon\/"},"thumbnailUrl":"https:\/\/i0.wp.com\/casadecampoliving.com\/wp-content\/uploads\/2022\/10\/altos_de_chavon_casadecampo-1.jpg?resize=150%2C150&ssl=1","image":{"@type":"ImageObject","url":"https:\/\/i0.wp.com\/casadecampoliving.com\/wp-content\/uploads\/2022\/10\/altos_de_chavon_casadecampo-1.jpg?fit=565%2C392&ssl=1"},"articleSection":"Altos de Chavon","author":[{"@type":"Person","name":"Rebecca Silvestri"}],"creator":["Rebecca Silvestri"],"publisher":{"@type":"Organization","name":"Casa de Campo Living","logo":"https:\/\/casadecampoliving.com\/wp-content\/uploads\/2022\/07\/CDCLivingLogo_V1-white-sized.png"},"keywords":["altos de chavon -es","casa de campo","photo of the week","rio chavon"],"dateCreated":"2011-04-03T04:00:00Z","datePublished":"2011-04-03T04:00:00Z","dateModified":"2022-10-21T22:01:16Z"},"rendered":"<meta name=\"parsely-title\" content=\"Photo of the Week: Majestic Chavon\" \/>\n<meta name=\"parsely-link\" content=\"http:\/\/casadecampoliving.com\/es\/photo-of-the-week-majestic-chavon\/\" \/>\n<meta name=\"parsely-type\" content=\"post\" \/>\n<meta name=\"parsely-image-url\" content=\"https:\/\/i0.wp.com\/casadecampoliving.com\/wp-content\/uploads\/2022\/10\/altos_de_chavon_casadecampo-1.jpg?resize=150%2C150&amp;ssl=1\" \/>\n<meta name=\"parsely-pub-date\" content=\"2011-04-03T04:00:00Z\" \/>\n<meta name=\"parsely-section\" content=\"Altos de Chavon\" \/>\n<meta name=\"parsely-tags\" content=\"altos de chavon -es,casa de campo,photo of the week,rio chavon\" \/>\n<meta name=\"parsely-author\" content=\"Rebecca Silvestri\" \/>","tracker_url":"https:\/\/cdn.parsely.com\/keys\/casadecampoliving.com\/p.js"},"jetpack_publicize_connections":[],"jetpack_featured_media_url":"https:\/\/i0.wp.com\/casadecampoliving.com\/wp-content\/uploads\/2022\/10\/altos_de_chavon_casadecampo-1.jpg?fit=565%2C392&ssl=1","jetpack-related-posts":[{"id":433460,"url":"https:\/\/casadecampoliving.com\/es\/no-se-pierdan-el-increible-tributo-a-frank-sinatra-para-celebrar-el-40-aniversario-del-anfiteatro-altos-de-chavon\/","url_meta":{"origin":319911,"position":0},"title":"No se pierdan el incre\u00edble tributo a Frank Sinatra para celebrar el 40 aniversario del\u00a0Anfiteatro Altos de Chav\u00f3n","author":"Casa de Campo Living","date":"20 Oct, 2022","format":false,"excerpt":"Siendo uno de los escenarios m\u00e1s emblem\u00e1ticos del pa\u00eds, Casa de Campo Resort\u00ae & Villas celebra las cuatro d\u00e9cadas de aniversario de Altos de Chav\u00f3n con un tributo al gran Frank Sinatra, protagonizado por artistas invitados y una big band tal cual la que acompa\u00f1\u00f3 al artista hace 40 a\u00f1os\u2026","rel":"","context":"En \u00abUncategorized @es\u00bb","block_context":{"text":"Uncategorized @es","link":"https:\/\/casadecampoliving.com\/es\/category\/uncategorized-es\/"},"img":{"alt_text":"","src":"https:\/\/i0.wp.com\/casadecampoliving.com\/wp-content\/uploads\/2022\/10\/Tributo-Frank-Sinatra-Foto-Principal-Amaury-Sanchez-Danilo-Ginebra-Andres-Pichardo-y-Jose-Gabriel-Perez-.jpg?fit=1200%2C873&ssl=1&resize=350%2C200","width":350,"height":200,"srcset":"https:\/\/i0.wp.com\/casadecampoliving.com\/wp-content\/uploads\/2022\/10\/Tributo-Frank-Sinatra-Foto-Principal-Amaury-Sanchez-Danilo-Ginebra-Andres-Pichardo-y-Jose-Gabriel-Perez-.jpg?fit=1200%2C873&ssl=1&resize=350%2C200 1x, https:\/\/i0.wp.com\/casadecampoliving.com\/wp-content\/uploads\/2022\/10\/Tributo-Frank-Sinatra-Foto-Principal-Amaury-Sanchez-Danilo-Ginebra-Andres-Pichardo-y-Jose-Gabriel-Perez-.jpg?fit=1200%2C873&ssl=1&resize=525%2C300 1.5x, https:\/\/i0.wp.com\/casadecampoliving.com\/wp-content\/uploads\/2022\/10\/Tributo-Frank-Sinatra-Foto-Principal-Amaury-Sanchez-Danilo-Ginebra-Andres-Pichardo-y-Jose-Gabriel-Perez-.jpg?fit=1200%2C873&ssl=1&resize=700%2C400 2x, https:\/\/i0.wp.com\/casadecampoliving.com\/wp-content\/uploads\/2022\/10\/Tributo-Frank-Sinatra-Foto-Principal-Amaury-Sanchez-Danilo-Ginebra-Andres-Pichardo-y-Jose-Gabriel-Perez-.jpg?fit=1200%2C873&ssl=1&resize=1050%2C600 3x"},"classes":[]},{"id":322827,"url":"https:\/\/casadecampoliving.com\/donna-karan-visits-casa-de-campo\/","url_meta":{"origin":319911,"position":1},"title":"Donna Karan visits Casa de Campo","author":"Rebecca Silvestri","date":"2 Nov, 2013","format":false,"excerpt":"American fashion designer and creator of Donna Karan New York and DKNY, visited Casa de Campo recently.\u00a0 Prior to her visit to Casa de Campo, Donna Karan had just spent time in Haiti with\u00a0Haitian Minister of the Interior, Thierry Mayard-Paul. Together with Thierry Mayard-Paul, Donna Karan visited\u00a0Jeremiah and Jacmel on\u2026","rel":"","context":"En \u00abAltos de Chavon\u00bb","block_context":{"text":"Altos de Chavon","link":"https:\/\/casadecampoliving.com\/category\/altos-de-chavon\/"},"img":{"alt_text":"Claudio Silvestri Donna Karan Philip Silvestri","src":"https:\/\/i0.wp.com\/casadecampoliving.com\/wp-content\/uploads\/2022\/10\/claudio_silvestri_Donna_Karan_Philip_Silvestri-1.jpg?fit=650%2C403&ssl=1&resize=350%2C200","width":350,"height":200,"srcset":"https:\/\/i0.wp.com\/casadecampoliving.com\/wp-content\/uploads\/2022\/10\/claudio_silvestri_Donna_Karan_Philip_Silvestri-1.jpg?fit=650%2C403&ssl=1&resize=350%2C200 1x, https:\/\/i0.wp.com\/casadecampoliving.com\/wp-content\/uploads\/2022\/10\/claudio_silvestri_Donna_Karan_Philip_Silvestri-1.jpg?fit=650%2C403&ssl=1&resize=525%2C300 1.5x"},"classes":[]},{"id":321660,"url":"https:\/\/casadecampoliving.com\/adventures-in-casa-de-campo-walk-from-altos-de-chavon-to-the-rio-chavon\/","url_meta":{"origin":319911,"position":2},"title":"Adventures in Casa de Campo: Walk from Altos de Chav\u00f3n to the R\u00edo Chav\u00f3n!","author":"Rebecca Silvestri","date":"30 Sep, 2012","format":false,"excerpt":"Walking down from Altos de Chav\u00f3n to the R\u00edo Chav\u00f3n sounds like a really wonderful idea \u2013 and it really is a rather nice experience, but for one tiny problem \u2013 walking back up!\u00a0 Once again in search of great photographs and in pursuit of new things to do around\u2026","rel":"","context":"En \u00abAltos de Chavon\u00bb","block_context":{"text":"Altos de Chavon","link":"https:\/\/casadecampoliving.com\/category\/altos-de-chavon\/"},"img":{"alt_text":"altos de chavon rio chavon","src":"https:\/\/i0.wp.com\/casadecampoliving.com\/wp-content\/uploads\/2022\/10\/altos_de_chavon_rio_chavon-1.jpg?fit=650%2C372&ssl=1&resize=350%2C200","width":350,"height":200,"srcset":"https:\/\/i0.wp.com\/casadecampoliving.com\/wp-content\/uploads\/2022\/10\/altos_de_chavon_rio_chavon-1.jpg?fit=650%2C372&ssl=1&resize=350%2C200 1x, https:\/\/i0.wp.com\/casadecampoliving.com\/wp-content\/uploads\/2022\/10\/altos_de_chavon_rio_chavon-1.jpg?fit=650%2C372&ssl=1&resize=525%2C300 1.5x"},"classes":[]},{"id":322396,"url":"https:\/\/casadecampoliving.com\/an-adventure-up-the-chavon-river-in-speed-boat\/","url_meta":{"origin":319911,"position":3},"title":"An adventure up the Chav\u00f3n river in speed boat","author":"Rebecca Silvestri","date":"22 Jun, 2013","format":false,"excerpt":"Having lived in Casa de Campo for 5 years (yes really!) it is a wonderful surprise to discover something new (and awesome) TO DO! When researching a feature article \u201cThe magnificent r\u00edo Chav\u00f3n\u201d published in TODO Casa de Campo #3, I was thrilled to discover that you can actually take\u2026","rel":"","context":"En \u00abAltos de Chavon\u00bb","block_context":{"text":"Altos de Chavon","link":"https:\/\/casadecampoliving.com\/category\/altos-de-chavon\/"},"img":{"alt_text":"rebecca hughes philip silvestri","src":"https:\/\/i0.wp.com\/casadecampoliving.com\/wp-content\/uploads\/2022\/10\/rebecca_hughes_philip_silvestri-2.jpg?fit=650%2C488&ssl=1&resize=350%2C200","width":350,"height":200,"srcset":"https:\/\/i0.wp.com\/casadecampoliving.com\/wp-content\/uploads\/2022\/10\/rebecca_hughes_philip_silvestri-2.jpg?fit=650%2C488&ssl=1&resize=350%2C200 1x, https:\/\/i0.wp.com\/casadecampoliving.com\/wp-content\/uploads\/2022\/10\/rebecca_hughes_philip_silvestri-2.jpg?fit=650%2C488&ssl=1&resize=525%2C300 1.5x"},"classes":[]},{"id":322169,"url":"https:\/\/casadecampoliving.com\/surprise-new-restaurant-the-club-in-altos-de-chavon-is-open\/","url_meta":{"origin":319911,"position":4},"title":"SURPRISE! New restaurant \u00abThe Club\u00bb in Altos de Chav\u00f3n is open!","author":"Rebecca Silvestri","date":"3 Abr, 2013","format":false,"excerpt":"Following a few glasses of champagne (me) and a few Chivas on the rocks (Philip) at the Semana Santa edition of the Sunset Jazz Night at the Azimut Caf\u00e9, Philip Silvestri and I decided to head up to Altos de Chav\u00f3n for a wander about - and discovered that new\u2026","rel":"","context":"En \u00abAltos de Chavon\u00bb","block_context":{"text":"Altos de Chavon","link":"https:\/\/casadecampoliving.com\/category\/altos-de-chavon\/"},"img":{"alt_text":"the club restaurant","src":"https:\/\/i0.wp.com\/casadecampoliving.com\/wp-content\/uploads\/2022\/10\/the_club_restaurant-1.jpg?fit=650%2C428&ssl=1&resize=350%2C200","width":350,"height":200,"srcset":"https:\/\/i0.wp.com\/casadecampoliving.com\/wp-content\/uploads\/2022\/10\/the_club_restaurant-1.jpg?fit=650%2C428&ssl=1&resize=350%2C200 1x, https:\/\/i0.wp.com\/casadecampoliving.com\/wp-content\/uploads\/2022\/10\/the_club_restaurant-1.jpg?fit=650%2C428&ssl=1&resize=525%2C300 1.5x"},"classes":[]},{"id":319167,"url":"https:\/\/casadecampoliving.com\/es\/having-fun-with-elmo-in-altos-de-chavon-disfrutando-con-elmo-en-altos-de-chavon\/","url_meta":{"origin":319911,"position":5},"title":"Having fun with Elmo in Altos de Chavon! Disfrutando con Elmo en Altos de Chavon!","author":"Rebecca Silvestri","date":"27 Ago, 2010","format":false,"excerpt":"This past Saturday the 21st of August, Altos de Chavon had a VERY special visitor - ELMO! Este Sabado 21 de Agosto, Elmo vin\u00f3 a Alto de Chavon! \u00a0 In an event sponsored by Casa de Campo Living and organised by the Altos de\u00a0Chavon Regional Museum of Archaeology, Elmo joined\u2026","rel":"","context":"En \u00abAltos de Chavon\u00bb","block_context":{"text":"Altos de Chavon","link":"https:\/\/casadecampoliving.com\/category\/altos-de-chavon\/"},"img":{"alt_text":"","src":"https:\/\/i0.wp.com\/casadecampoliving.com\/wp-content\/uploads\/2022\/10\/elmo_casa_de_campo-1.jpg?fit=565%2C353&ssl=1&resize=350%2C200","width":350,"height":200,"srcset":"https:\/\/i0.wp.com\/casadecampoliving.com\/wp-content\/uploads\/2022\/10\/elmo_casa_de_campo-1.jpg?fit=565%2C353&ssl=1&resize=350%2C200 1x, https:\/\/i0.wp.com\/casadecampoliving.com\/wp-content\/uploads\/2022\/10\/elmo_casa_de_campo-1.jpg?fit=565%2C353&ssl=1&resize=525%2C300 1.5x"},"classes":[]}],"jetpack_sharing_enabled":true,"_links":{"self":[{"href":"https:\/\/casadecampoliving.com\/es\/wp-json\/wp\/v2\/posts\/319911","targetHints":{"allow":["GET"]}}],"collection":[{"href":"https:\/\/casadecampoliving.com\/es\/wp-json\/wp\/v2\/posts"}],"about":[{"href":"https:\/\/casadecampoliving.com\/es\/wp-json\/wp\/v2\/types\/post"}],"author":[{"embeddable":true,"href":"https:\/\/casadecampoliving.com\/es\/wp-json\/wp\/v2\/users\/31"}],"replies":[{"embeddable":true,"href":"https:\/\/casadecampoliving.com\/es\/wp-json\/wp\/v2\/comments?post=319911"}],"version-history":[{"count":0,"href":"https:\/\/casadecampoliving.com\/es\/wp-json\/wp\/v2\/posts\/319911\/revisions"}],"wp:featuredmedia":[{"embeddable":true,"href":"https:\/\/casadecampoliving.com\/es\/wp-json\/wp\/v2\/media\/241539"}],"wp:attachment":[{"href":"https:\/\/casadecampoliving.com\/es\/wp-json\/wp\/v2\/media?parent=319911"}],"wp:term":[{"taxonomy":"category","embeddable":true,"href":"https:\/\/casadecampoliving.com\/es\/wp-json\/wp\/v2\/categories?post=319911"},{"taxonomy":"post_tag","embeddable":true,"href":"https:\/\/casadecampoliving.com\/es\/wp-json\/wp\/v2\/tags?post=319911"},{"taxonomy":"newspack_spnsrs_tax","embeddable":true,"href":"https:\/\/casadecampoliving.com\/es\/wp-json\/wp\/v2\/newspack_spnsrs_tax?post=319911"}],"curies":[{"name":"wp","href":"https:\/\/api.w.org\/{rel}","templated":true}]}}