{"id":319551,"date":"2010-12-09T00:00:00","date_gmt":"2010-12-09T04:00:00","guid":{"rendered":"https:\/\/casadecampoliving.com\/teatro-de-la-comunidad-community-photos-and-videos\/"},"modified":"2022-11-10T10:32:52","modified_gmt":"2022-11-10T14:32:52","slug":"teatro-de-la-comunidad-community-photos-and-videos","status":"publish","type":"post","link":"https:\/\/casadecampoliving.com\/es\/teatro-de-la-comunidad-community-photos-and-videos\/","title":{"rendered":"Teatro de la Comunidad: Community Photos and Videos!"},"content":{"rendered":"<p style=\"text-align: center;\"><a href=\"https:\/\/i0.wp.com\/casadecampoliving.com\/wp-content\/uploads\/2022\/10\/erika-2.jpg?ssl=1\"><img data-recalc-dims=\"1\" loading=\"lazy\" decoding=\"async\" class=\"aligncenter size-full wp-image-23401\" title=\"erika\" src=\"https:\/\/i0.wp.com\/casadecampoliving.com\/wp-content\/uploads\/2022\/10\/erika-2.jpg?resize=504%2C297&#038;ssl=1\" alt=\"\" width=\"504\" height=\"297\" \/><\/a><\/p>\nLast Saturday the 4th of December Casa de Campo Living and the community of Casa de Campo created a phenomenon in the Altos de Chav\u00f3n Amphitheatre &#8211; the Teatro de La Comunidad! With an audience of more than 800 people of La Romana and Casa de Campo, our most talented (and brave) members of our small community performed in a show which was BREATHTAKING! CONGRATULATIONS to all!! <strong><a href=\"http:\/\/translate.google.com\/translate?u=https:\/\/casadecampoliving.com\/&amp;sl=en&amp;tl=es&amp;hl=en&amp;ie=UTF-8\" target=\"_self\" rel=\"noopener\">(A leer Casa de Campo Living en Espa\u00f1ol, haz click aqui.)<\/a><\/strong> <strong><!--more--><\/strong>\n\nAs I was the MC of the event, I was unable to fullfil my usual &#8216;photographer&#8217; roll at the event &#8211; and so professional photos were taken for us by Talento A Domicilio, but unfortunately we are still waiting for them and so below I share with you some photos and videos of the event taken by members of the community.\n\n<a href=\"https:\/\/casadecampoliving.com\/bazar-navideno\/\" target=\"_self\" rel=\"noopener\">A DVD of the complete show, including the photos will be for sale during the Bazaar Navide\u00f1o on Saturday and Sunday the 18th and 19th of December! Click here to read about the Bazaar Navide\u00f1o.<\/a>\n<blockquote><strong>Santa&#8217;s Little Helpers sing Jingle Bells: video by Patricia Proa\u00f1o<\/strong>Sarah Amelia Pereya and Valeria and Camila Alonzo thrill the crowd with their rendition of Jingle Bells &#8211; we loved the dresses girls!\n<p style=\"text-align: center;\"><object classid=\"clsid:d27cdb6e-ae6d-11cf-96b8-444553540000\" width=\"480\" height=\"385\" codebase=\"http:\/\/download.macromedia.com\/pub\/shockwave\/cabs\/flash\/swflash.cab#version=6,0,40,0\"><param name=\"allowFullScreen\" value=\"true\" \/><param name=\"allowscriptaccess\" value=\"always\" \/><param name=\"src\" value=\"http:\/\/www.youtube.com\/v\/7W4hFiBlvEU?fs=1&amp;hl=en_US\" \/><param name=\"allowfullscreen\" value=\"true\" \/><\/object><\/blockquote>\n<p style=\"text-align: left;\"><\/p>\n\n<blockquote>\n<p style=\"text-align: left;\"><strong>Sebastian&#8217;s Surprise Performance of Besame: video by Patricia Proa\u00f1o<\/strong>\nTwo days before the show, Sebastian Rodriguez informed me (in Dom Ham) that he was going to sing in the Teatro de la Comunidad, at first I was surprised, then when he told me he wanted to sing &#8216;Besame&#8217; capello I laughed and assumed he was joking. The next day when he turned up at the rehearsal, with the words in hand ready to practice, I was a little worried, but then he decided not to take part&#8230;.until the actual show when Sebastian ceased the microphone and sang, enjoy the video!<\/p>\n<p style=\"text-align: center;\"><object classid=\"clsid:d27cdb6e-ae6d-11cf-96b8-444553540000\" width=\"480\" height=\"385\" codebase=\"http:\/\/download.macromedia.com\/pub\/shockwave\/cabs\/flash\/swflash.cab#version=6,0,40,0\"><param name=\"allowFullScreen\" value=\"true\" \/><param name=\"allowscriptaccess\" value=\"always\" \/><param name=\"src\" value=\"http:\/\/www.youtube.com\/v\/9BeZcsJwVfs?fs=1&amp;hl=en_US\" \/><param name=\"allowfullscreen\" value=\"true\" \/><\/object><\/blockquote>\n<blockquote><strong>The Belly Dance by the beautiful girls of the Centro de Danza Point\u00e9: video by Liselotte Rijo<\/strong>\nThe way these girls moved was fascinating, mesmorizing and sexy\u00a0&#8211; now I&#8217;m desperate to learn!\n\n<p style=\"text-align: center;\"><object classid=\"clsid:d27cdb6e-ae6d-11cf-96b8-444553540000\" width=\"480\" height=\"385\" codebase=\"http:\/\/download.macromedia.com\/pub\/shockwave\/cabs\/flash\/swflash.cab#version=6,0,40,0\"><param name=\"allowFullScreen\" value=\"true\" \/><param name=\"allowscriptaccess\" value=\"always\" \/><param name=\"src\" value=\"http:\/\/www.youtube.com\/v\/YUciLR_do0s?fs=1&amp;hl=en_US\" \/><param name=\"allowfullscreen\" value=\"true\" \/><\/object><\/blockquote>\n<p style=\"text-align: left;\"><\/p>\n<p style=\"text-align: left;\"><\/p>\n\n<blockquote>\n<p style=\"text-align: center;\"><strong>The Belly Dance Girls from the Sagrado Corazon; photos contributed by Yumeirih Tolentino<\/strong><a href=\"https:\/\/i0.wp.com\/casadecampoliving.com\/wp-content\/uploads\/2022\/10\/sagrado_corazon_teatro_de_la_comunidad.jpg?ssl=1\">\n<img data-recalc-dims=\"1\" loading=\"lazy\" decoding=\"async\" class=\"aligncenter size-full wp-image-23447\" title=\"sagrado_corazon_teatro_de_la_comunidad\" src=\"https:\/\/i0.wp.com\/casadecampoliving.com\/wp-content\/uploads\/2022\/10\/sagrado_corazon_teatro_de_la_comunidad.jpg?resize=490%2C352&#038;ssl=1\" alt=\"\" width=\"490\" height=\"352\" \/><\/a><\/p>\n\n<figure class=\"wp-block-gallery has-nested-images columns-default is-cropped wp-block-gallery-1 is-layout-flex wp-block-gallery-is-layout-flex\">\n<figure class=\"wp-block-image size-large\"><img data-recalc-dims=\"1\" loading=\"lazy\" decoding=\"async\" width=\"720\" height=\"540\" data-id=\"373294\" src=\"https:\/\/i0.wp.com\/casadecampoliving.com\/wp-content\/uploads\/2022\/10\/151022_112622428806957_100001776016809_88191_7695755_n.jpg?resize=720%2C540&#038;ssl=1\" alt=\"\" class=\"wp-image-373294\" srcset=\"https:\/\/i0.wp.com\/casadecampoliving.com\/wp-content\/uploads\/2022\/10\/151022_112622428806957_100001776016809_88191_7695755_n.jpg?w=720&amp;ssl=1 720w, https:\/\/i0.wp.com\/casadecampoliving.com\/wp-content\/uploads\/2022\/10\/151022_112622428806957_100001776016809_88191_7695755_n.jpg?resize=300%2C225&amp;ssl=1 300w, https:\/\/i0.wp.com\/casadecampoliving.com\/wp-content\/uploads\/2022\/10\/151022_112622428806957_100001776016809_88191_7695755_n.jpg?resize=400%2C300&amp;ssl=1 400w, https:\/\/i0.wp.com\/casadecampoliving.com\/wp-content\/uploads\/2022\/10\/151022_112622428806957_100001776016809_88191_7695755_n.jpg?resize=200%2C150&amp;ssl=1 200w, https:\/\/i0.wp.com\/casadecampoliving.com\/wp-content\/uploads\/2022\/10\/151022_112622428806957_100001776016809_88191_7695755_n.jpg?resize=706%2C530&amp;ssl=1 706w, https:\/\/i0.wp.com\/casadecampoliving.com\/wp-content\/uploads\/2022\/10\/151022_112622428806957_100001776016809_88191_7695755_n.jpg?resize=150%2C113&amp;ssl=1 150w, https:\/\/i0.wp.com\/casadecampoliving.com\/wp-content\/uploads\/2022\/10\/151022_112622428806957_100001776016809_88191_7695755_n.jpg?w=370&amp;ssl=1 370w\" sizes=\"auto, (max-width: 720px) 100vw, 720px\" \/><\/figure>\n\n\n\n<figure class=\"wp-block-image size-large\"><img data-recalc-dims=\"1\" loading=\"lazy\" decoding=\"async\" width=\"540\" height=\"720\" data-id=\"373296\" src=\"https:\/\/i0.wp.com\/casadecampoliving.com\/wp-content\/uploads\/2022\/10\/156950_112621845473682_100001776016809_88178_5493342_n-1.jpg?resize=540%2C720&#038;ssl=1\" alt=\"\" class=\"wp-image-373296\" srcset=\"https:\/\/i0.wp.com\/casadecampoliving.com\/wp-content\/uploads\/2022\/10\/156950_112621845473682_100001776016809_88178_5493342_n-1.jpg?w=540&amp;ssl=1 540w, https:\/\/i0.wp.com\/casadecampoliving.com\/wp-content\/uploads\/2022\/10\/156950_112621845473682_100001776016809_88178_5493342_n-1.jpg?resize=225%2C300&amp;ssl=1 225w, https:\/\/i0.wp.com\/casadecampoliving.com\/wp-content\/uploads\/2022\/10\/156950_112621845473682_100001776016809_88178_5493342_n-1.jpg?resize=300%2C400&amp;ssl=1 300w, https:\/\/i0.wp.com\/casadecampoliving.com\/wp-content\/uploads\/2022\/10\/156950_112621845473682_100001776016809_88178_5493342_n-1.jpg?resize=150%2C200&amp;ssl=1 150w, https:\/\/i0.wp.com\/casadecampoliving.com\/wp-content\/uploads\/2022\/10\/156950_112621845473682_100001776016809_88178_5493342_n-1.jpg?resize=400%2C533&amp;ssl=1 400w, https:\/\/i0.wp.com\/casadecampoliving.com\/wp-content\/uploads\/2022\/10\/156950_112621845473682_100001776016809_88178_5493342_n-1.jpg?w=370&amp;ssl=1 370w\" sizes=\"auto, (max-width: 540px) 100vw, 540px\" \/><\/figure>\n\n\n\n<figure class=\"wp-block-image size-large\"><img data-recalc-dims=\"1\" loading=\"lazy\" decoding=\"async\" width=\"540\" height=\"720\" data-id=\"373298\" src=\"https:\/\/i0.wp.com\/casadecampoliving.com\/wp-content\/uploads\/2022\/10\/156950_112621845473682_100001776016809_88178_5493342_n.jpg?resize=540%2C720&#038;ssl=1\" alt=\"\" class=\"wp-image-373298\" srcset=\"https:\/\/i0.wp.com\/casadecampoliving.com\/wp-content\/uploads\/2022\/10\/156950_112621845473682_100001776016809_88178_5493342_n.jpg?w=540&amp;ssl=1 540w, https:\/\/i0.wp.com\/casadecampoliving.com\/wp-content\/uploads\/2022\/10\/156950_112621845473682_100001776016809_88178_5493342_n.jpg?resize=225%2C300&amp;ssl=1 225w, https:\/\/i0.wp.com\/casadecampoliving.com\/wp-content\/uploads\/2022\/10\/156950_112621845473682_100001776016809_88178_5493342_n.jpg?resize=300%2C400&amp;ssl=1 300w, https:\/\/i0.wp.com\/casadecampoliving.com\/wp-content\/uploads\/2022\/10\/156950_112621845473682_100001776016809_88178_5493342_n.jpg?resize=150%2C200&amp;ssl=1 150w, https:\/\/i0.wp.com\/casadecampoliving.com\/wp-content\/uploads\/2022\/10\/156950_112621845473682_100001776016809_88178_5493342_n.jpg?resize=400%2C533&amp;ssl=1 400w, https:\/\/i0.wp.com\/casadecampoliving.com\/wp-content\/uploads\/2022\/10\/156950_112621845473682_100001776016809_88178_5493342_n.jpg?w=370&amp;ssl=1 370w\" sizes=\"auto, (max-width: 540px) 100vw, 540px\" \/><\/figure>\n\n\n\n<figure class=\"wp-block-image size-large\"><img data-recalc-dims=\"1\" loading=\"lazy\" decoding=\"async\" width=\"720\" height=\"540\" data-id=\"373300\" src=\"https:\/\/i0.wp.com\/casadecampoliving.com\/wp-content\/uploads\/2022\/10\/68524_112621472140386_100001776016809_88171_1759593_n.jpg?resize=720%2C540&#038;ssl=1\" alt=\"\" class=\"wp-image-373300\" srcset=\"https:\/\/i0.wp.com\/casadecampoliving.com\/wp-content\/uploads\/2022\/10\/68524_112621472140386_100001776016809_88171_1759593_n.jpg?w=720&amp;ssl=1 720w, https:\/\/i0.wp.com\/casadecampoliving.com\/wp-content\/uploads\/2022\/10\/68524_112621472140386_100001776016809_88171_1759593_n.jpg?resize=300%2C225&amp;ssl=1 300w, https:\/\/i0.wp.com\/casadecampoliving.com\/wp-content\/uploads\/2022\/10\/68524_112621472140386_100001776016809_88171_1759593_n.jpg?resize=400%2C300&amp;ssl=1 400w, https:\/\/i0.wp.com\/casadecampoliving.com\/wp-content\/uploads\/2022\/10\/68524_112621472140386_100001776016809_88171_1759593_n.jpg?resize=200%2C150&amp;ssl=1 200w, https:\/\/i0.wp.com\/casadecampoliving.com\/wp-content\/uploads\/2022\/10\/68524_112621472140386_100001776016809_88171_1759593_n.jpg?resize=706%2C530&amp;ssl=1 706w, https:\/\/i0.wp.com\/casadecampoliving.com\/wp-content\/uploads\/2022\/10\/68524_112621472140386_100001776016809_88171_1759593_n.jpg?resize=150%2C113&amp;ssl=1 150w, https:\/\/i0.wp.com\/casadecampoliving.com\/wp-content\/uploads\/2022\/10\/68524_112621472140386_100001776016809_88171_1759593_n.jpg?w=370&amp;ssl=1 370w\" sizes=\"auto, (max-width: 720px) 100vw, 720px\" \/><\/figure>\n\n\n\n<figure class=\"wp-block-image size-large\"><img data-recalc-dims=\"1\" loading=\"lazy\" decoding=\"async\" width=\"720\" height=\"540\" data-id=\"373302\" src=\"https:\/\/i0.wp.com\/casadecampoliving.com\/wp-content\/uploads\/2022\/10\/68565_112622102140323_100001776016809_88185_1862455_n.jpg?resize=720%2C540&#038;ssl=1\" alt=\"\" class=\"wp-image-373302\" srcset=\"https:\/\/i0.wp.com\/casadecampoliving.com\/wp-content\/uploads\/2022\/10\/68565_112622102140323_100001776016809_88185_1862455_n.jpg?w=720&amp;ssl=1 720w, https:\/\/i0.wp.com\/casadecampoliving.com\/wp-content\/uploads\/2022\/10\/68565_112622102140323_100001776016809_88185_1862455_n.jpg?resize=300%2C225&amp;ssl=1 300w, https:\/\/i0.wp.com\/casadecampoliving.com\/wp-content\/uploads\/2022\/10\/68565_112622102140323_100001776016809_88185_1862455_n.jpg?resize=400%2C300&amp;ssl=1 400w, https:\/\/i0.wp.com\/casadecampoliving.com\/wp-content\/uploads\/2022\/10\/68565_112622102140323_100001776016809_88185_1862455_n.jpg?resize=200%2C150&amp;ssl=1 200w, https:\/\/i0.wp.com\/casadecampoliving.com\/wp-content\/uploads\/2022\/10\/68565_112622102140323_100001776016809_88185_1862455_n.jpg?resize=706%2C530&amp;ssl=1 706w, https:\/\/i0.wp.com\/casadecampoliving.com\/wp-content\/uploads\/2022\/10\/68565_112622102140323_100001776016809_88185_1862455_n.jpg?resize=150%2C113&amp;ssl=1 150w, https:\/\/i0.wp.com\/casadecampoliving.com\/wp-content\/uploads\/2022\/10\/68565_112622102140323_100001776016809_88185_1862455_n.jpg?w=370&amp;ssl=1 370w\" sizes=\"auto, (max-width: 720px) 100vw, 720px\" \/><\/figure>\n<\/figure>\n<\/blockquote>\n<blockquote><strong>The girls and boys of the Orfanato Ni\u00f1os de Cristo: photos and videos by Lludmila Perez-Herrera<\/strong> The very talented children of the Orfanato Ni\u00f1os de Cristo performed 3 different dances; &#8216;Baile del Gorila&#8217; &#8216;Waka Waka&#8217; and &#8216;Baby&#8217; and the crowd went crazy for their performance &#8211; the kids were screaming so loud you&#8217;d have thought Justin Bieber himself was on the stage!\n<p style=\"text-align: center;\"><strong><span style=\"text-decoration: underline;\">Baile del Gorila<\/span><\/strong>\n<object classid=\"clsid:d27cdb6e-ae6d-11cf-96b8-444553540000\" width=\"480\" height=\"385\" codebase=\"http:\/\/download.macromedia.com\/pub\/shockwave\/cabs\/flash\/swflash.cab#version=6,0,40,0\"><param name=\"allowFullScreen\" value=\"true\" \/><param name=\"allowscriptaccess\" value=\"always\" \/><param name=\"src\" value=\"http:\/\/www.youtube.com\/v\/2byG5Q2fV8k?fs=1&amp;hl=en_US\" \/><param name=\"allowfullscreen\" value=\"true\" \/><\/object>\n\n<p style=\"text-align: center;\"><\/p>\n<p style=\"text-align: center;\"><span style=\"text-decoration: underline;\"><strong>Baby<\/strong><\/span>\n<object classid=\"clsid:d27cdb6e-ae6d-11cf-96b8-444553540000\" width=\"480\" height=\"385\" codebase=\"http:\/\/download.macromedia.com\/pub\/shockwave\/cabs\/flash\/swflash.cab#version=6,0,40,0\"><param name=\"allowFullScreen\" value=\"true\" \/><param name=\"allowscriptaccess\" value=\"always\" \/><param name=\"src\" value=\"http:\/\/www.youtube.com\/v\/XZyxi6B_0qI?fs=1&amp;hl=en_US\" \/><param name=\"allowfullscreen\" value=\"true\" \/><\/object>\n\n<p style=\"text-align: center;\"><\/p>\n<p style=\"text-align: center;\"><strong><span style=\"text-decoration: underline;\">Waka Waka<\/span><\/strong>\n<object classid=\"clsid:d27cdb6e-ae6d-11cf-96b8-444553540000\" width=\"480\" height=\"385\" codebase=\"http:\/\/download.macromedia.com\/pub\/shockwave\/cabs\/flash\/swflash.cab#version=6,0,40,0\"><param name=\"allowFullScreen\" value=\"true\" \/><param name=\"allowscriptaccess\" value=\"always\" \/><param name=\"src\" value=\"http:\/\/www.youtube.com\/v\/pU-gmruzF-4?fs=1&amp;hl=en_US\" \/><param name=\"allowfullscreen\" value=\"true\" \/><\/object>\n\n<p style=\"text-align: left;\">The following photos were contributed by Luldmila and are of the children of the Orfanato during the dance performance as well as of all the children dancing on the stage at the end &#8211; what a memorable moment!<\/p>\n<p style=\"text-align: left;\">[nggallery id=617]<\/p>\n<\/blockquote>","protected":false},"excerpt":{"rendered":"<p>Last Saturday the 4th of December Casa de Campo Living and the community of Casa de Campo created a phenomenon in the Altos de Chav\u00f3n Amphitheatre &#8211; the Teatro de La Comunidad! With an audience of more than 800 people of La Romana and Casa de Campo, our most talented (and brave) members of our [&hellip;]<\/p>\n","protected":false},"author":31,"featured_media":266578,"comment_status":"closed","ping_status":"open","sticky":false,"template":"","format":"standard","meta":{"newspack_ads_suppress_ads":false,"newspack_popups_has_disabled_popups":false,"newspack_sponsor_sponsorship_scope":"","newspack_sponsor_native_byline_display":"inherit","newspack_sponsor_native_category_display":"inherit","newspack_sponsor_underwriter_style":"inherit","newspack_sponsor_underwriter_placement":"inherit","_newspack_byline_active":false,"_newspack_byline":"","newspack_hide_updated_date":false,"newspack_show_updated_date":false,"newspack_featured_image_position":"","newspack_post_subtitle":"","newspack_article_summary_title":"Overview:","newspack_article_summary":"","_jetpack_memberships_contains_paid_content":false,"footnotes":"","jetpack_publicize_message":"{title}\n\n{excerpt}\n\n{url}","jetpack_publicize_feature_enabled":true,"jetpack_social_post_already_shared":false,"jetpack_social_options":{"image_generator_settings":{"template":"highway","default_image_id":0,"font":"","enabled":false},"version":2},"_wpas_customize_per_network":false},"categories":[56,375,26820,961,52,51,44,14624,14626],"tags":[1546,1561],"newspack_spnsrs_tax":[],"class_list":["post-319551","post","type-post","status-publish","format-standard","has-post-thumbnail","hentry","category-altos-de-chavon","category-casa-de-campo-living","category-casa-de-campo-resort","category-ccl-presents","category-concerts","category-events-and-activities","category-featured","category-local-news","category-upcoming","tag-orfanato-ninos-de-cristo","tag-teatro-de-la-comunidad","entry"],"yoast_head":"<!-- This site is optimized with the Yoast SEO plugin v28.3 - https:\/\/yoast.com\/product\/yoast-seo-wordpress\/ -->\n<title>Teatro de la Comunidad: Community Photos and Videos! | Casa de Campo Living<\/title>\n<meta name=\"description\" content=\"Last Saturday the 4th of December Casa de Campo Living and the community of Casa de Campo created a phenomenon in the Altos de Chav\u00f3n Amphitheatre - the\" \/>\n<meta name=\"robots\" content=\"index, follow, max-snippet:-1, max-image-preview:large, max-video-preview:-1\" \/>\n<link rel=\"canonical\" href=\"https:\/\/casadecampoliving.com\/es\/teatro-de-la-comunidad-community-photos-and-videos\/\" \/>\n<meta property=\"og:locale\" content=\"es_ES\" \/>\n<meta property=\"og:type\" content=\"article\" \/>\n<meta property=\"og:title\" content=\"Teatro de la Comunidad: Community Photos and Videos! | Casa de Campo Living\" \/>\n<meta property=\"og:description\" content=\"Last Saturday the 4th of December Casa de Campo Living and the community of Casa de Campo created a phenomenon in the Altos de Chav\u00f3n Amphitheatre - the\" \/>\n<meta property=\"og:url\" content=\"https:\/\/casadecampoliving.com\/es\/teatro-de-la-comunidad-community-photos-and-videos\/\" \/>\n<meta property=\"og:site_name\" content=\"Casa de Campo Living\" \/>\n<meta property=\"article:publisher\" content=\"https:\/\/www.facebook.com\/casadecampoliving\" \/>\n<meta property=\"article:published_time\" content=\"2010-12-09T04:00:00+00:00\" \/>\n<meta property=\"article:modified_time\" content=\"2022-11-10T14:32:52+00:00\" \/>\n<meta property=\"og:image\" content=\"https:\/\/i0.wp.com\/casadecampoliving.com\/wp-content\/uploads\/2022\/10\/erika-3.jpg?fit=720%2C424&ssl=1\" \/>\n\t<meta property=\"og:image:width\" content=\"720\" \/>\n\t<meta property=\"og:image:height\" content=\"424\" \/>\n\t<meta property=\"og:image:type\" content=\"image\/jpeg\" \/>\n<meta name=\"author\" content=\"Rebecca Silvestri\" \/>\n<meta name=\"twitter:card\" content=\"summary_large_image\" \/>\n<meta name=\"twitter:creator\" content=\"@cdcliving\" \/>\n<meta name=\"twitter:site\" content=\"@cdcliving\" \/>\n<meta name=\"twitter:label1\" content=\"Escrito por\" \/>\n\t<meta name=\"twitter:data1\" content=\"Rebecca Silvestri\" \/>\n\t<meta name=\"twitter:label2\" content=\"Tiempo de lectura\" \/>\n\t<meta name=\"twitter:data2\" content=\"2 minutos\" \/>\n<script type=\"application\/ld+json\" class=\"yoast-schema-graph\">{\"@context\":\"https:\\\/\\\/schema.org\",\"@graph\":[{\"@type\":\"Article\",\"@id\":\"https:\\\/\\\/casadecampoliving.com\\\/es\\\/teatro-de-la-comunidad-community-photos-and-videos\\\/#article\",\"isPartOf\":{\"@id\":\"https:\\\/\\\/casadecampoliving.com\\\/es\\\/teatro-de-la-comunidad-community-photos-and-videos\\\/\"},\"author\":{\"name\":\"Rebecca Silvestri\",\"@id\":\"https:\\\/\\\/casadecampoliving.com\\\/es\\\/#\\\/schema\\\/person\\\/2b2208f3175fa8761e25b272e096d718\"},\"headline\":\"Teatro de la Comunidad: Community Photos and Videos!\",\"datePublished\":\"2010-12-09T04:00:00+00:00\",\"dateModified\":\"2022-11-10T14:32:52+00:00\",\"mainEntityOfPage\":{\"@id\":\"https:\\\/\\\/casadecampoliving.com\\\/es\\\/teatro-de-la-comunidad-community-photos-and-videos\\\/\"},\"wordCount\":479,\"publisher\":{\"@id\":\"https:\\\/\\\/casadecampoliving.com\\\/es\\\/#organization\"},\"image\":{\"@id\":\"https:\\\/\\\/casadecampoliving.com\\\/es\\\/teatro-de-la-comunidad-community-photos-and-videos\\\/#primaryimage\"},\"thumbnailUrl\":\"https:\\\/\\\/i0.wp.com\\\/casadecampoliving.com\\\/wp-content\\\/uploads\\\/2022\\\/10\\\/erika-3.jpg?fit=720%2C424&ssl=1\",\"keywords\":[\"orfanato ni\u00f1os de cristo\",\"teatro de la comunidad\"],\"articleSection\":[\"Altos de Chavon\",\"Casa de Campo Living\",\"Casa de Campo Resort\",\"CCL Presents\",\"Concerts\",\"Events and Activities\",\"Featured\",\"Local News\",\"Upcoming\"],\"inLanguage\":\"es\"},{\"@type\":\"WebPage\",\"@id\":\"https:\\\/\\\/casadecampoliving.com\\\/es\\\/teatro-de-la-comunidad-community-photos-and-videos\\\/\",\"url\":\"https:\\\/\\\/casadecampoliving.com\\\/es\\\/teatro-de-la-comunidad-community-photos-and-videos\\\/\",\"name\":\"Teatro de la Comunidad: Community Photos and Videos! | Casa de Campo Living\",\"isPartOf\":{\"@id\":\"https:\\\/\\\/casadecampoliving.com\\\/es\\\/#website\"},\"primaryImageOfPage\":{\"@id\":\"https:\\\/\\\/casadecampoliving.com\\\/es\\\/teatro-de-la-comunidad-community-photos-and-videos\\\/#primaryimage\"},\"image\":{\"@id\":\"https:\\\/\\\/casadecampoliving.com\\\/es\\\/teatro-de-la-comunidad-community-photos-and-videos\\\/#primaryimage\"},\"thumbnailUrl\":\"https:\\\/\\\/i0.wp.com\\\/casadecampoliving.com\\\/wp-content\\\/uploads\\\/2022\\\/10\\\/erika-3.jpg?fit=720%2C424&ssl=1\",\"datePublished\":\"2010-12-09T04:00:00+00:00\",\"dateModified\":\"2022-11-10T14:32:52+00:00\",\"description\":\"Last Saturday the 4th of December Casa de Campo Living and the community of Casa de Campo created a phenomenon in the Altos de Chav\u00f3n Amphitheatre - the\",\"breadcrumb\":{\"@id\":\"https:\\\/\\\/casadecampoliving.com\\\/es\\\/teatro-de-la-comunidad-community-photos-and-videos\\\/#breadcrumb\"},\"inLanguage\":\"es\",\"potentialAction\":[{\"@type\":\"ReadAction\",\"target\":[\"https:\\\/\\\/casadecampoliving.com\\\/es\\\/teatro-de-la-comunidad-community-photos-and-videos\\\/\"]}]},{\"@type\":\"ImageObject\",\"inLanguage\":\"es\",\"@id\":\"https:\\\/\\\/casadecampoliving.com\\\/es\\\/teatro-de-la-comunidad-community-photos-and-videos\\\/#primaryimage\",\"url\":\"https:\\\/\\\/i0.wp.com\\\/casadecampoliving.com\\\/wp-content\\\/uploads\\\/2022\\\/10\\\/erika-3.jpg?fit=720%2C424&ssl=1\",\"contentUrl\":\"https:\\\/\\\/i0.wp.com\\\/casadecampoliving.com\\\/wp-content\\\/uploads\\\/2022\\\/10\\\/erika-3.jpg?fit=720%2C424&ssl=1\",\"width\":720,\"height\":424},{\"@type\":\"BreadcrumbList\",\"@id\":\"https:\\\/\\\/casadecampoliving.com\\\/es\\\/teatro-de-la-comunidad-community-photos-and-videos\\\/#breadcrumb\",\"itemListElement\":[{\"@type\":\"ListItem\",\"position\":1,\"name\":\"Home\",\"item\":\"https:\\\/\\\/casadecampoliving.com\\\/es\\\/\"},{\"@type\":\"ListItem\",\"position\":2,\"name\":\"Teatro de la Comunidad: Community Photos and Videos!\"}]},{\"@type\":\"WebSite\",\"@id\":\"https:\\\/\\\/casadecampoliving.com\\\/es\\\/#website\",\"url\":\"https:\\\/\\\/casadecampoliving.com\\\/es\\\/\",\"name\":\"Casa de Campo Living\",\"description\":\"Resort community news and resources.\",\"publisher\":{\"@id\":\"https:\\\/\\\/casadecampoliving.com\\\/es\\\/#organization\"},\"potentialAction\":[{\"@type\":\"SearchAction\",\"target\":{\"@type\":\"EntryPoint\",\"urlTemplate\":\"https:\\\/\\\/casadecampoliving.com\\\/es\\\/?s={search_term_string}\"},\"query-input\":{\"@type\":\"PropertyValueSpecification\",\"valueRequired\":true,\"valueName\":\"search_term_string\"}}],\"inLanguage\":\"es\"},{\"@type\":\"Organization\",\"@id\":\"https:\\\/\\\/casadecampoliving.com\\\/es\\\/#organization\",\"name\":\"Casa de Campo Living\",\"url\":\"https:\\\/\\\/casadecampoliving.com\\\/es\\\/\",\"logo\":{\"@type\":\"ImageObject\",\"inLanguage\":\"es\",\"@id\":\"https:\\\/\\\/casadecampoliving.com\\\/es\\\/#\\\/schema\\\/logo\\\/image\\\/\",\"url\":\"https:\\\/\\\/i0.wp.com\\\/casadecampoliving.com\\\/wp-content\\\/uploads\\\/2022\\\/07\\\/CDCLivingLogo_V1-white-sized.png?fit=800%2C214&ssl=1\",\"contentUrl\":\"https:\\\/\\\/i0.wp.com\\\/casadecampoliving.com\\\/wp-content\\\/uploads\\\/2022\\\/07\\\/CDCLivingLogo_V1-white-sized.png?fit=800%2C214&ssl=1\",\"width\":800,\"height\":214,\"caption\":\"Casa de Campo Living\"},\"image\":{\"@id\":\"https:\\\/\\\/casadecampoliving.com\\\/es\\\/#\\\/schema\\\/logo\\\/image\\\/\"},\"sameAs\":[\"https:\\\/\\\/www.facebook.com\\\/casadecampoliving\",\"https:\\\/\\\/x.com\\\/cdcliving\"]},{\"@type\":\"Person\",\"@id\":\"https:\\\/\\\/casadecampoliving.com\\\/es\\\/#\\\/schema\\\/person\\\/2b2208f3175fa8761e25b272e096d718\",\"name\":\"Rebecca Silvestri\",\"image\":{\"@type\":\"ImageObject\",\"inLanguage\":\"es\",\"@id\":\"https:\\\/\\\/secure.gravatar.com\\\/avatar\\\/2d937fd6c1769fb718dbf8dce9e82bf5f89e97bd028f9b3ea10b931dc7df95c6?s=96&d=mm&r=g\",\"url\":\"https:\\\/\\\/secure.gravatar.com\\\/avatar\\\/2d937fd6c1769fb718dbf8dce9e82bf5f89e97bd028f9b3ea10b931dc7df95c6?s=96&d=mm&r=g\",\"contentUrl\":\"https:\\\/\\\/secure.gravatar.com\\\/avatar\\\/2d937fd6c1769fb718dbf8dce9e82bf5f89e97bd028f9b3ea10b931dc7df95c6?s=96&d=mm&r=g\",\"caption\":\"Rebecca Silvestri\"},\"url\":\"https:\\\/\\\/casadecampoliving.com\\\/es\\\/author\\\/madamehuge\\\/\"}]}<\/script>\n<!-- \/ Yoast SEO plugin. -->","yoast_head_json":{"title":"Teatro de la Comunidad: Community Photos and Videos! | Casa de Campo Living","description":"Last Saturday the 4th of December Casa de Campo Living and the community of Casa de Campo created a phenomenon in the Altos de Chav\u00f3n Amphitheatre - the","robots":{"index":"index","follow":"follow","max-snippet":"max-snippet:-1","max-image-preview":"max-image-preview:large","max-video-preview":"max-video-preview:-1"},"canonical":"https:\/\/casadecampoliving.com\/es\/teatro-de-la-comunidad-community-photos-and-videos\/","og_locale":"es_ES","og_type":"article","og_title":"Teatro de la Comunidad: Community Photos and Videos! | Casa de Campo Living","og_description":"Last Saturday the 4th of December Casa de Campo Living and the community of Casa de Campo created a phenomenon in the Altos de Chav\u00f3n Amphitheatre - the","og_url":"https:\/\/casadecampoliving.com\/es\/teatro-de-la-comunidad-community-photos-and-videos\/","og_site_name":"Casa de Campo Living","article_publisher":"https:\/\/www.facebook.com\/casadecampoliving","article_published_time":"2010-12-09T04:00:00+00:00","article_modified_time":"2022-11-10T14:32:52+00:00","og_image":[{"width":720,"height":424,"url":"https:\/\/i0.wp.com\/casadecampoliving.com\/wp-content\/uploads\/2022\/10\/erika-3.jpg?fit=720%2C424&ssl=1","type":"image\/jpeg"}],"author":"Rebecca Silvestri","twitter_card":"summary_large_image","twitter_creator":"@cdcliving","twitter_site":"@cdcliving","twitter_misc":{"Escrito por":"Rebecca Silvestri","Tiempo de lectura":"2 minutos"},"schema":{"@context":"https:\/\/schema.org","@graph":[{"@type":"Article","@id":"https:\/\/casadecampoliving.com\/es\/teatro-de-la-comunidad-community-photos-and-videos\/#article","isPartOf":{"@id":"https:\/\/casadecampoliving.com\/es\/teatro-de-la-comunidad-community-photos-and-videos\/"},"author":{"name":"Rebecca Silvestri","@id":"https:\/\/casadecampoliving.com\/es\/#\/schema\/person\/2b2208f3175fa8761e25b272e096d718"},"headline":"Teatro de la Comunidad: Community Photos and Videos!","datePublished":"2010-12-09T04:00:00+00:00","dateModified":"2022-11-10T14:32:52+00:00","mainEntityOfPage":{"@id":"https:\/\/casadecampoliving.com\/es\/teatro-de-la-comunidad-community-photos-and-videos\/"},"wordCount":479,"publisher":{"@id":"https:\/\/casadecampoliving.com\/es\/#organization"},"image":{"@id":"https:\/\/casadecampoliving.com\/es\/teatro-de-la-comunidad-community-photos-and-videos\/#primaryimage"},"thumbnailUrl":"https:\/\/i0.wp.com\/casadecampoliving.com\/wp-content\/uploads\/2022\/10\/erika-3.jpg?fit=720%2C424&ssl=1","keywords":["orfanato ni\u00f1os de cristo","teatro de la comunidad"],"articleSection":["Altos de Chavon","Casa de Campo Living","Casa de Campo Resort","CCL Presents","Concerts","Events and Activities","Featured","Local News","Upcoming"],"inLanguage":"es"},{"@type":"WebPage","@id":"https:\/\/casadecampoliving.com\/es\/teatro-de-la-comunidad-community-photos-and-videos\/","url":"https:\/\/casadecampoliving.com\/es\/teatro-de-la-comunidad-community-photos-and-videos\/","name":"Teatro de la Comunidad: Community Photos and Videos! | Casa de Campo Living","isPartOf":{"@id":"https:\/\/casadecampoliving.com\/es\/#website"},"primaryImageOfPage":{"@id":"https:\/\/casadecampoliving.com\/es\/teatro-de-la-comunidad-community-photos-and-videos\/#primaryimage"},"image":{"@id":"https:\/\/casadecampoliving.com\/es\/teatro-de-la-comunidad-community-photos-and-videos\/#primaryimage"},"thumbnailUrl":"https:\/\/i0.wp.com\/casadecampoliving.com\/wp-content\/uploads\/2022\/10\/erika-3.jpg?fit=720%2C424&ssl=1","datePublished":"2010-12-09T04:00:00+00:00","dateModified":"2022-11-10T14:32:52+00:00","description":"Last Saturday the 4th of December Casa de Campo Living and the community of Casa de Campo created a phenomenon in the Altos de Chav\u00f3n Amphitheatre - the","breadcrumb":{"@id":"https:\/\/casadecampoliving.com\/es\/teatro-de-la-comunidad-community-photos-and-videos\/#breadcrumb"},"inLanguage":"es","potentialAction":[{"@type":"ReadAction","target":["https:\/\/casadecampoliving.com\/es\/teatro-de-la-comunidad-community-photos-and-videos\/"]}]},{"@type":"ImageObject","inLanguage":"es","@id":"https:\/\/casadecampoliving.com\/es\/teatro-de-la-comunidad-community-photos-and-videos\/#primaryimage","url":"https:\/\/i0.wp.com\/casadecampoliving.com\/wp-content\/uploads\/2022\/10\/erika-3.jpg?fit=720%2C424&ssl=1","contentUrl":"https:\/\/i0.wp.com\/casadecampoliving.com\/wp-content\/uploads\/2022\/10\/erika-3.jpg?fit=720%2C424&ssl=1","width":720,"height":424},{"@type":"BreadcrumbList","@id":"https:\/\/casadecampoliving.com\/es\/teatro-de-la-comunidad-community-photos-and-videos\/#breadcrumb","itemListElement":[{"@type":"ListItem","position":1,"name":"Home","item":"https:\/\/casadecampoliving.com\/es\/"},{"@type":"ListItem","position":2,"name":"Teatro de la Comunidad: Community Photos and Videos!"}]},{"@type":"WebSite","@id":"https:\/\/casadecampoliving.com\/es\/#website","url":"https:\/\/casadecampoliving.com\/es\/","name":"Casa de Campo Living","description":"Resort community news and resources.","publisher":{"@id":"https:\/\/casadecampoliving.com\/es\/#organization"},"potentialAction":[{"@type":"SearchAction","target":{"@type":"EntryPoint","urlTemplate":"https:\/\/casadecampoliving.com\/es\/?s={search_term_string}"},"query-input":{"@type":"PropertyValueSpecification","valueRequired":true,"valueName":"search_term_string"}}],"inLanguage":"es"},{"@type":"Organization","@id":"https:\/\/casadecampoliving.com\/es\/#organization","name":"Casa de Campo Living","url":"https:\/\/casadecampoliving.com\/es\/","logo":{"@type":"ImageObject","inLanguage":"es","@id":"https:\/\/casadecampoliving.com\/es\/#\/schema\/logo\/image\/","url":"https:\/\/i0.wp.com\/casadecampoliving.com\/wp-content\/uploads\/2022\/07\/CDCLivingLogo_V1-white-sized.png?fit=800%2C214&ssl=1","contentUrl":"https:\/\/i0.wp.com\/casadecampoliving.com\/wp-content\/uploads\/2022\/07\/CDCLivingLogo_V1-white-sized.png?fit=800%2C214&ssl=1","width":800,"height":214,"caption":"Casa de Campo Living"},"image":{"@id":"https:\/\/casadecampoliving.com\/es\/#\/schema\/logo\/image\/"},"sameAs":["https:\/\/www.facebook.com\/casadecampoliving","https:\/\/x.com\/cdcliving"]},{"@type":"Person","@id":"https:\/\/casadecampoliving.com\/es\/#\/schema\/person\/2b2208f3175fa8761e25b272e096d718","name":"Rebecca Silvestri","image":{"@type":"ImageObject","inLanguage":"es","@id":"https:\/\/secure.gravatar.com\/avatar\/2d937fd6c1769fb718dbf8dce9e82bf5f89e97bd028f9b3ea10b931dc7df95c6?s=96&d=mm&r=g","url":"https:\/\/secure.gravatar.com\/avatar\/2d937fd6c1769fb718dbf8dce9e82bf5f89e97bd028f9b3ea10b931dc7df95c6?s=96&d=mm&r=g","contentUrl":"https:\/\/secure.gravatar.com\/avatar\/2d937fd6c1769fb718dbf8dce9e82bf5f89e97bd028f9b3ea10b931dc7df95c6?s=96&d=mm&r=g","caption":"Rebecca Silvestri"},"url":"https:\/\/casadecampoliving.com\/es\/author\/madamehuge\/"}]}},"parsely":{"version":"1.1.0","canonical_url":"https:\/\/casadecampoliving.com\/es\/teatro-de-la-comunidad-community-photos-and-videos\/","smart_links":{"inbound":0,"outbound":0},"traffic_boost_suggestions_count":0,"meta":{"@context":"https:\/\/schema.org","@type":"NewsArticle","headline":"Teatro de la Comunidad: Community Photos and Videos!","url":"http:\/\/casadecampoliving.com\/es\/teatro-de-la-comunidad-community-photos-and-videos\/","mainEntityOfPage":{"@type":"WebPage","@id":"http:\/\/casadecampoliving.com\/es\/teatro-de-la-comunidad-community-photos-and-videos\/"},"thumbnailUrl":"https:\/\/i0.wp.com\/casadecampoliving.com\/wp-content\/uploads\/2022\/10\/erika-3.jpg?resize=150%2C150&ssl=1","image":{"@type":"ImageObject","url":"https:\/\/i0.wp.com\/casadecampoliving.com\/wp-content\/uploads\/2022\/10\/erika-3.jpg?fit=720%2C424&ssl=1"},"articleSection":"Altos de Chavon","author":[{"@type":"Person","name":"Rebecca Silvestri"}],"creator":["Rebecca Silvestri"],"publisher":{"@type":"Organization","name":"Casa de Campo Living","logo":"https:\/\/casadecampoliving.com\/wp-content\/uploads\/2022\/07\/CDCLivingLogo_V1-white-sized.png"},"keywords":["orfanato ni\u00f1os de cristo","teatro de la comunidad"],"dateCreated":"2010-12-09T04:00:00Z","datePublished":"2010-12-09T04:00:00Z","dateModified":"2022-11-10T14:32:52Z"},"rendered":"<meta name=\"parsely-title\" content=\"Teatro de la Comunidad: Community Photos and Videos!\" \/>\n<meta name=\"parsely-link\" content=\"http:\/\/casadecampoliving.com\/es\/teatro-de-la-comunidad-community-photos-and-videos\/\" \/>\n<meta name=\"parsely-type\" content=\"post\" \/>\n<meta name=\"parsely-image-url\" content=\"https:\/\/i0.wp.com\/casadecampoliving.com\/wp-content\/uploads\/2022\/10\/erika-3.jpg?resize=150%2C150&amp;ssl=1\" \/>\n<meta name=\"parsely-pub-date\" content=\"2010-12-09T04:00:00Z\" \/>\n<meta name=\"parsely-section\" content=\"Altos de Chavon\" \/>\n<meta name=\"parsely-tags\" content=\"orfanato ni\u00f1os de cristo,teatro de la comunidad\" \/>\n<meta name=\"parsely-author\" content=\"Rebecca Silvestri\" \/>","tracker_url":"https:\/\/cdn.parsely.com\/keys\/casadecampoliving.com\/p.js"},"jetpack_publicize_connections":[],"jetpack-related-posts":[{"id":319424,"url":"https:\/\/casadecampoliving.com\/es\/save-the-date-teatro-de-la-comunidad-buscando-el-talento-dominicano\/","url_meta":{"origin":319551,"position":0},"title":"SAVE THE DATE: Teatro de la comunidad \u2013 buscando el Talento Dominicano!","author":"Rebecca Silvestri","date":"7 Nov, 2010","format":false,"excerpt":"On Saturday the 4th of December, Casa de Campo Living will present the \u2018Teatro de la comunidad \u2013 buscando el Talento Dominicano\u2018 a talent show and community theatre in the Altos de Chav\u00f3n amphitheatre! (En Espa\u00f1ol debajo.) In front of a panel of judges and an audience of more than\u2026","rel":"","context":"En \u00abAltos de Chavon\u00bb","block_context":{"text":"Altos de Chavon","link":"https:\/\/casadecampoliving.com\/category\/altos-de-chavon\/"},"img":{"alt_text":"","src":"https:\/\/i0.wp.com\/casadecampoliving.com\/wp-content\/uploads\/2010\/11\/teatro-de-la-comunidad-v3.jpg?resize=350%2C200&ssl=1","width":350,"height":200},"classes":[]},{"id":344097,"url":"https:\/\/casadecampoliving.com\/es\/casa-b-una-de-las-villas-mas-encantadoras-de-casa-de-campo\/","url_meta":{"origin":319551,"position":1},"title":"Casa B, una de las villas m\u00e1s encantadoras de Casa de Campo","author":"Perkin Agramonte","date":"30 Mar, 2014","format":false,"excerpt":"Casa B, es la despampanante villa de Phyllis Berney en Casa de Campo. Una casa rodeada de diversas plantas con una vista al hoyo #3 del campo de golf Country Club La Romana e inclusive hacia el mar Caribe. Actualmente, Casa B, indudablemente una de las villas m\u00e1s encantadoras en\u2026","rel":"","context":"En \u00abCasa de Campo Living @es\u00bb","block_context":{"text":"Casa de Campo Living @es","link":"https:\/\/casadecampoliving.com\/category\/casa-de-campo-living-es\/"},"img":{"alt_text":"Casa de Campo villa Phyllis Berney","src":"https:\/\/i0.wp.com\/casadecampoliving.com\/wp-content\/uploads\/2022\/10\/casa_de_campo_villa_phyllis_berney1-1.jpg?fit=650%2C434&ssl=1&resize=350%2C200","width":350,"height":200,"srcset":"https:\/\/i0.wp.com\/casadecampoliving.com\/wp-content\/uploads\/2022\/10\/casa_de_campo_villa_phyllis_berney1-1.jpg?fit=650%2C434&ssl=1&resize=350%2C200 1x, https:\/\/i0.wp.com\/casadecampoliving.com\/wp-content\/uploads\/2022\/10\/casa_de_campo_villa_phyllis_berney1-1.jpg?fit=650%2C434&ssl=1&resize=525%2C300 1.5x"},"classes":[]},{"id":319157,"url":"https:\/\/casadecampoliving.com\/es\/save-the-date-bazaar-duenos-october-10th\/","url_meta":{"origin":319551,"position":2},"title":"SAVE THE DATE: Bazaar Due\u00f1os 2010, October 10th!","author":"Rebecca Silvestri","date":"3 Sep, 2010","format":false,"excerpt":"To take place the same weekend as this year\u2019s Due\u00f1os 2010 event, Casa de Campo Living is organizing another Bazaar in Altos de Chavon; the Bazaar Due\u00f1os to take place on Sunday the 10th of October \u2013 the perfect activity after a great day at the Due\u00f1os 2010! (Art\u00edculo en\u2026","rel":"","context":"En \u00abAltos de Chavon\u00bb","block_context":{"text":"Altos de Chavon","link":"https:\/\/casadecampoliving.com\/category\/altos-de-chavon\/"},"img":{"alt_text":"","src":"https:\/\/i0.wp.com\/casadecampoliving.com\/wp-content\/uploads\/2010\/08\/casa_de_campo_living_bazaar_due%C3%B1os_2010.jpg?resize=350%2C200&ssl=1","width":350,"height":200,"srcset":"https:\/\/i0.wp.com\/casadecampoliving.com\/wp-content\/uploads\/2010\/08\/casa_de_campo_living_bazaar_due%C3%B1os_2010.jpg?resize=350%2C200&ssl=1 1x, https:\/\/i0.wp.com\/casadecampoliving.com\/wp-content\/uploads\/2010\/08\/casa_de_campo_living_bazaar_due%C3%B1os_2010.jpg?resize=525%2C300&ssl=1 1.5x"},"classes":[]},{"id":316270,"url":"https:\/\/casadecampoliving.com\/es\/chris-tucker-loves-casa-de-campo\/","url_meta":{"origin":319551,"position":3},"title":"Chris Tucker Loves Casa de Campo!","author":"Mr Casa","date":"5 Mar, 2009","format":false,"excerpt":"At least thats what we are taking away from a brief article in the Diario Libre that was recently published, in which Mr. Tucker expressed his love of the Dominican Republic. Naturally, as we understand that when visiting our lovely island paradise, his destination of choice is none other than\u2026","rel":"","context":"En \u00abAltos de Chavon\u00bb","block_context":{"text":"Altos de Chavon","link":"https:\/\/casadecampoliving.com\/category\/altos-de-chavon\/"},"img":{"alt_text":"tucker","src":"https:\/\/i0.wp.com\/casadecampoliving.com\/wp-content\/uploads\/2022\/10\/tucker-2.jpg?resize=350%2C200&ssl=1","width":350,"height":200},"classes":[]},{"id":353732,"url":"https:\/\/casadecampoliving.com\/es\/momentos-memorables-en-casa-2020-volveremos-mas-fuertes\/","url_meta":{"origin":319551,"position":4},"title":"Momentos memorables en Casa 2020: volveremos m\u00e1s fuertes.","author":"Casa de Campo Living","date":"6 Abr, 2020","format":false,"excerpt":"\u00a1Buen d\u00eda Casa! Este a\u00f1o ha demostrado ser uno que recordaremos. Ha sido bastante dif\u00edcil, pero estamos seguros de que solo volveremos m\u00e1s fuertes, m\u00e1s amables y reconstruiremos mejor nuestras sociedades. A pesar de que estamos pasando por esto, no debemos olvidar que la comunidad de Casa de Campo tambi\u00e9n\u2026","rel":"","context":"En \u00abCasa de Campo Living @es\u00bb","block_context":{"text":"Casa de Campo Living @es","link":"https:\/\/casadecampoliving.com\/category\/casa-de-campo-living-es\/"},"img":{"alt_text":"","src":"https:\/\/i0.wp.com\/casadecampoliving.com\/wp-content\/uploads\/2022\/10\/Untitled-design-5-1.png?fit=1000%2C600&ssl=1&resize=350%2C200","width":350,"height":200,"srcset":"https:\/\/i0.wp.com\/casadecampoliving.com\/wp-content\/uploads\/2022\/10\/Untitled-design-5-1.png?fit=1000%2C600&ssl=1&resize=350%2C200 1x, https:\/\/i0.wp.com\/casadecampoliving.com\/wp-content\/uploads\/2022\/10\/Untitled-design-5-1.png?fit=1000%2C600&ssl=1&resize=525%2C300 1.5x, https:\/\/i0.wp.com\/casadecampoliving.com\/wp-content\/uploads\/2022\/10\/Untitled-design-5-1.png?fit=1000%2C600&ssl=1&resize=700%2C400 2x"},"classes":[]},{"id":319614,"url":"https:\/\/casadecampoliving.com\/es\/costumed-puppy-parade-monday-27th-december\/","url_meta":{"origin":319551,"position":5},"title":"Costumed Puppy Parade: Monday 27th December!","author":"Rebecca Silvestri","date":"26 Dic, 2010","format":false,"excerpt":"There are so many fun events and activities going on in Casa de Campo and especially Altos de Chav\u00f3n this holiday season and this Monday the 27th, at 5pm, Casa de Campo Living presents our last event of the year \u2013 the \u2018Costumed Puppy Parade.\u2019\u00a0(Debajo en Espa\u00f1ol.) Doggies of all\u2026","rel":"","context":"En \u00abAltos de Chavon\u00bb","block_context":{"text":"Altos de Chavon","link":"https:\/\/casadecampoliving.com\/category\/altos-de-chavon\/"},"img":{"alt_text":"","src":"https:\/\/i0.wp.com\/casadecampoliving.com\/wp-content\/uploads\/2022\/10\/article-header-1-2.jpg?fit=565%2C400&ssl=1&resize=350%2C200","width":350,"height":200,"srcset":"https:\/\/i0.wp.com\/casadecampoliving.com\/wp-content\/uploads\/2022\/10\/article-header-1-2.jpg?fit=565%2C400&ssl=1&resize=350%2C200 1x, https:\/\/i0.wp.com\/casadecampoliving.com\/wp-content\/uploads\/2022\/10\/article-header-1-2.jpg?fit=565%2C400&ssl=1&resize=525%2C300 1.5x"},"classes":[]}],"jetpack_sharing_enabled":true,"jetpack_featured_media_url":"https:\/\/i0.wp.com\/casadecampoliving.com\/wp-content\/uploads\/2022\/10\/erika-3.jpg?fit=720%2C424&ssl=1","_links":{"self":[{"href":"https:\/\/casadecampoliving.com\/es\/wp-json\/wp\/v2\/posts\/319551","targetHints":{"allow":["GET"]}}],"collection":[{"href":"https:\/\/casadecampoliving.com\/es\/wp-json\/wp\/v2\/posts"}],"about":[{"href":"https:\/\/casadecampoliving.com\/es\/wp-json\/wp\/v2\/types\/post"}],"author":[{"embeddable":true,"href":"https:\/\/casadecampoliving.com\/es\/wp-json\/wp\/v2\/users\/31"}],"replies":[{"embeddable":true,"href":"https:\/\/casadecampoliving.com\/es\/wp-json\/wp\/v2\/comments?post=319551"}],"version-history":[{"count":2,"href":"https:\/\/casadecampoliving.com\/es\/wp-json\/wp\/v2\/posts\/319551\/revisions"}],"predecessor-version":[{"id":507164,"href":"https:\/\/casadecampoliving.com\/es\/wp-json\/wp\/v2\/posts\/319551\/revisions\/507164"}],"wp:featuredmedia":[{"embeddable":true,"href":"https:\/\/casadecampoliving.com\/es\/wp-json\/wp\/v2\/media\/266578"}],"wp:attachment":[{"href":"https:\/\/casadecampoliving.com\/es\/wp-json\/wp\/v2\/media?parent=319551"}],"wp:term":[{"taxonomy":"category","embeddable":true,"href":"https:\/\/casadecampoliving.com\/es\/wp-json\/wp\/v2\/categories?post=319551"},{"taxonomy":"post_tag","embeddable":true,"href":"https:\/\/casadecampoliving.com\/es\/wp-json\/wp\/v2\/tags?post=319551"},{"taxonomy":"newspack_spnsrs_tax","embeddable":true,"href":"https:\/\/casadecampoliving.com\/es\/wp-json\/wp\/v2\/newspack_spnsrs_tax?post=319551"}],"curies":[{"name":"wp","href":"https:\/\/api.w.org\/{rel}","templated":true}]}}