{"id":319468,"date":"2010-11-11T00:00:00","date_gmt":"2010-11-11T04:00:00","guid":{"rendered":"https:\/\/casadecampoliving.com\/breaking-news-yanni-concert-postponed\/"},"modified":"2022-10-21T17:55:49","modified_gmt":"2022-10-21T21:55:49","slug":"breaking-news-yanni-concert-postponed","status":"publish","type":"post","link":"https:\/\/casadecampoliving.com\/es\/breaking-news-yanni-concert-postponed\/","title":{"rendered":"Breaking news: Yanni Concert POSTPONED!"},"content":{"rendered":"<div class=\"wp-block-image\">\n<figure class=\"aligncenter is-resized\"><a href=\"https:\/\/i0.wp.com\/casadecampoliving.com\/wp-content\/uploads\/2022\/10\/casa_de_campo_yanni_concert.jpg?ssl=1\"><img loading=\"lazy\" decoding=\"async\" src=\"https:\/\/i0.wp.com\/casadecampoliving.com\/wp-content\/uploads\/2022\/10\/casa_de_campo_yanni_concert.jpg?resize=556%2C200&amp;ssl=1\" alt=\"\" class=\"wp-image-22731\" title=\"casa_de_campo_yanni_concert\" height=\"200\" width=\"556\"\/><\/a><\/figure>\n<\/div>\n\n\n<p>We have bad news for Yanni fans \u2013 the Yanni concert has been postponed! The Yanni concert was due to take place this Saturday the 13th of November at the Altos de Chavon amphitheater.<strong> (En Espa\u00f1ol debajo.)<br>\n<\/strong><wp-block data-block=\"core\/more\"><\/wp-block><\/p>\n\n\n\n<p>The concert being organized by Saymon Diaz concerts is being postponed for a date in 2011, which will be announced at some point in the future.<\/p>\n\n\n\n<p><strong>So why was the concert postponed?<\/strong><br>\nTo be honest we\u2019re not exactly sure why! From the press release (below), we understand that the postponement has been made for reasons \u201cthat escape the artist\u201d (so it\u2019s not Yanni\u2019s fault). Elsewhere in the press release it is implied, that it has been postponed due to the bad weather of the last few days -\u201d the atmospheric conditions that have affected the country lately\u201d and predicted bad weather for this weekend (so it\u2019s not the organizers fault.)<\/p>\n\n\n\n<p>Regardless of why, the concert will not go ahead on Saturday \u2013 if you have already purchased your tickets, you are of course entitled to a full refund \u2013 which will be available from wherever you bought your tickets from \u2013 after Dec 2. Although if you have plans to leave CDC (or the country) BEFORE this date, we are sure arrangements can be made to reimbuirse you sooner \u2013 please contact the Casa de Campo concierge.<\/p>\n\n\n\n<p><strong><a href=\"https:\/\/casadecampoliving.com\/2009\/11\/kenny-g-concert-postponed\/\" target=\"_self\" rel=\"noopener\">Kenny G?<\/a><\/strong><br>\nSaymon Diaz concerts doesn\u2019t seem to have much luck in November \u2013 last November (nearly exactly a year ago), <a href=\"https:\/\/casadecampoliving.com\/2009\/11\/kenny-g-concert-postponed\/\" target=\"_self\" rel=\"noopener\">the Kenny G concert<\/a> was also postponed until a later date in 2010 (not yet announced), with the reason given being \u201cthe current world economic crisis.\u201d<\/p>\n\n\n\n<p>Have a nice weekend everyone \u2013 it looks like it\u2019s going to be sunny, so maybe we\u2019ll see you at the beach?<\/p>\n\n\n\n<p>Here we have the official press releases from Saymon Diaz Concerts about the postponment:<\/p>\n\n\n\n<blockquote class=\"wp-block-quote is-layout-flow wp-block-quote-is-layout-flow\"><p><span style=\"text-decoration: underline;\"><strong>YANNI POSTPONED FOR 2011<\/strong><\/span><\/p><p>SD CONCERTS announce the postponement of the Yanni show programmed for next saturday 13 on Altos de Chavon, for reason\u2019s that escape the promoting company and the artist.<\/p><p>SD CONCERTS explain that they are in negotiation with Yanni\u2019s representatives to coordinate a date for 2011, in order to avoid that the atmospheric conditions that have affected the country lately and that have been forecasted for the next couple of days.<\/p><p>Clients who have bought tickets for this concert can keep them for the future date which will be announced on the upcoming weeks through the media. Those who prefer reimbursement, can request it where the tickets were acquired after December 2nd. The process to get reimbursement will be announced shortly.<\/p><p><strong><span style=\"text-decoration: underline;\">Concerto de Yanni sera en el 2011 <\/span><\/strong><\/p><p>SD Concerts anuncia la posposici\u00f3n del concierto de Yanni, programado para este s\u00e1bado 11 de noviembre en el anfiteatro Altos de Chav\u00f3n, por razones ajenas su voluntad y del el artista.<\/p><p>SD Concerts explican que est\u00e1n en conversaciones con los representantes de Yanni para gestionar una futura reprogramaci\u00f3n de este concierto para el 2011, con miras a ser presentado en una epoca donde las condiciones atmosfericas que se vienen dando en los ultimos dias y que se ha pronosticado para los proximos dias no afecten la presentacion del mismo.<\/p><p>Las personas que hayan adquirido entradas para este concierto pueden conservar sus entradas para la pr\u00f3xima fecha que ser\u00e1 dada a conocer pr\u00f3ximamente a trav\u00e9s de los medios de comunicaci\u00f3n locales o si prefieren sus reembolsos, pueden dirigirse o contactar a partir del 2 de diciembre los puntos de ventas donde fueron adquiridas los cuales indicaran el procedimiento para realizar el reembolso del boleto comprado.<\/p><\/blockquote>\n","protected":false},"excerpt":{"rendered":"<p>We have bad news for Yanni fans \u2013 the Yanni concert has been postponed! The Yanni concert was due to take place this Saturday the 13th of November at the Altos de Chavon amphitheater. (En Espa\u00f1ol debajo.) The concert being organized by Saymon Diaz concerts is being postponed for a date in 2011, which will [&hellip;]<\/p>\n","protected":false},"author":31,"featured_media":259731,"comment_status":"closed","ping_status":"open","sticky":false,"template":"","format":"standard","meta":{"newspack_ads_suppress_ads":false,"newspack_popups_has_disabled_popups":false,"newspack_sponsor_sponsorship_scope":"","newspack_sponsor_native_byline_display":"inherit","newspack_sponsor_native_category_display":"inherit","newspack_sponsor_underwriter_style":"inherit","newspack_sponsor_underwriter_placement":"inherit","_newspack_byline_active":false,"_newspack_byline":"","newspack_hide_updated_date":false,"newspack_show_updated_date":false,"newspack_content_restriction_is_exempt":false,"newspack_featured_image_position":"","newspack_post_subtitle":"","newspack_article_summary_title":"Overview:","newspack_article_summary":"","_jetpack_memberships_contains_paid_content":false,"footnotes":"","jetpack_publicize_message":"","jetpack_publicize_feature_enabled":true,"jetpack_social_post_already_shared":false,"jetpack_social_options":{"image_generator_settings":{"template":"highway","default_image_id":0,"font":"","enabled":false},"version":2},"_wpas_customize_per_network":false},"categories":[56,45,80,52,51,14630,14624,14626],"tags":[352,117,1536,1468],"newspack_spnsrs_tax":[],"class_list":["post-319468","post","type-post","status-publish","format-standard","has-post-thumbnail","hentry","category-altos-de-chavon","category-art-and-culture","category-celebs","category-concerts","category-events-and-activities","category-lifestyle","category-local-news","category-upcoming","tag-altos-de-chavon-amphitheater","tag-casa-de-campo","tag-saymon-diaz-concerts","tag-yanni","entry"],"yoast_head":"<!-- This site is optimized with the Yoast SEO plugin v27.5 - https:\/\/yoast.com\/product\/yoast-seo-wordpress\/ -->\n<title>Breaking news: Yanni Concert POSTPONED! | Casa de Campo Living<\/title>\n<meta name=\"description\" content=\"We have bad news for Yanni fans \u2013 the Yanni concert has been postponed! The Yanni concert was due to take place this Saturday the 13th of November at the\" \/>\n<meta name=\"robots\" content=\"index, follow, max-snippet:-1, max-image-preview:large, max-video-preview:-1\" \/>\n<link rel=\"canonical\" href=\"https:\/\/casadecampoliving.com\/es\/breaking-news-yanni-concert-postponed\/\" \/>\n<meta property=\"og:locale\" content=\"es_ES\" \/>\n<meta property=\"og:type\" content=\"article\" \/>\n<meta property=\"og:title\" content=\"Breaking news: Yanni Concert POSTPONED! | Casa de Campo Living\" \/>\n<meta property=\"og:description\" content=\"We have bad news for Yanni fans \u2013 the Yanni concert has been postponed! The Yanni concert was due to take place this Saturday the 13th of November at the\" \/>\n<meta property=\"og:url\" content=\"https:\/\/casadecampoliving.com\/es\/breaking-news-yanni-concert-postponed\/\" \/>\n<meta property=\"og:site_name\" content=\"Casa de Campo Living\" \/>\n<meta property=\"article:publisher\" content=\"https:\/\/www.facebook.com\/casadecampoliving\" \/>\n<meta property=\"article:published_time\" content=\"2010-11-11T04:00:00+00:00\" \/>\n<meta property=\"article:modified_time\" content=\"2022-10-21T21:55:49+00:00\" \/>\n<meta property=\"og:image\" content=\"https:\/\/i0.wp.com\/casadecampoliving.com\/wp-content\/uploads\/2022\/10\/casa_de_campo_yanni_concert-1.jpg?fit=556%2C200&ssl=1\" \/>\n\t<meta property=\"og:image:width\" content=\"556\" \/>\n\t<meta property=\"og:image:height\" content=\"200\" \/>\n\t<meta property=\"og:image:type\" content=\"image\/jpeg\" \/>\n<meta name=\"author\" content=\"Rebecca Silvestri\" \/>\n<meta name=\"twitter:card\" content=\"summary_large_image\" \/>\n<meta name=\"twitter:creator\" content=\"@cdcliving\" \/>\n<meta name=\"twitter:site\" content=\"@cdcliving\" \/>\n<meta name=\"twitter:label1\" content=\"Escrito por\" \/>\n\t<meta name=\"twitter:data1\" content=\"Rebecca Silvestri\" \/>\n\t<meta name=\"twitter:label2\" content=\"Tiempo de lectura\" \/>\n\t<meta name=\"twitter:data2\" content=\"3 minutos\" \/>\n<script type=\"application\/ld+json\" class=\"yoast-schema-graph\">{\"@context\":\"https:\\\/\\\/schema.org\",\"@graph\":[{\"@type\":\"Article\",\"@id\":\"https:\\\/\\\/casadecampoliving.com\\\/es\\\/breaking-news-yanni-concert-postponed\\\/#article\",\"isPartOf\":{\"@id\":\"https:\\\/\\\/casadecampoliving.com\\\/es\\\/breaking-news-yanni-concert-postponed\\\/\"},\"author\":{\"name\":\"Rebecca Silvestri\",\"@id\":\"https:\\\/\\\/casadecampoliving.com\\\/es\\\/#\\\/schema\\\/person\\\/2b2208f3175fa8761e25b272e096d718\"},\"headline\":\"Breaking news: Yanni Concert POSTPONED!\",\"datePublished\":\"2010-11-11T04:00:00+00:00\",\"dateModified\":\"2022-10-21T21:55:49+00:00\",\"mainEntityOfPage\":{\"@id\":\"https:\\\/\\\/casadecampoliving.com\\\/es\\\/breaking-news-yanni-concert-postponed\\\/\"},\"wordCount\":599,\"publisher\":{\"@id\":\"https:\\\/\\\/casadecampoliving.com\\\/es\\\/#organization\"},\"image\":{\"@id\":\"https:\\\/\\\/casadecampoliving.com\\\/es\\\/breaking-news-yanni-concert-postponed\\\/#primaryimage\"},\"thumbnailUrl\":\"https:\\\/\\\/i0.wp.com\\\/casadecampoliving.com\\\/wp-content\\\/uploads\\\/2022\\\/10\\\/casa_de_campo_yanni_concert-1.jpg?fit=556%2C200&ssl=1\",\"keywords\":[\"Altos de Chavon Amphitheater\",\"Casa de Campo\",\"saymon diaz concerts\",\"yanni\"],\"articleSection\":[\"Altos de Chavon\",\"Art and Culture\",\"Celebs\",\"Concerts\",\"Events and Activities\",\"Lifestyle\",\"Local News\",\"Upcoming\"],\"inLanguage\":\"es\"},{\"@type\":\"WebPage\",\"@id\":\"https:\\\/\\\/casadecampoliving.com\\\/es\\\/breaking-news-yanni-concert-postponed\\\/\",\"url\":\"https:\\\/\\\/casadecampoliving.com\\\/es\\\/breaking-news-yanni-concert-postponed\\\/\",\"name\":\"Breaking news: Yanni Concert POSTPONED! | Casa de Campo Living\",\"isPartOf\":{\"@id\":\"https:\\\/\\\/casadecampoliving.com\\\/es\\\/#website\"},\"primaryImageOfPage\":{\"@id\":\"https:\\\/\\\/casadecampoliving.com\\\/es\\\/breaking-news-yanni-concert-postponed\\\/#primaryimage\"},\"image\":{\"@id\":\"https:\\\/\\\/casadecampoliving.com\\\/es\\\/breaking-news-yanni-concert-postponed\\\/#primaryimage\"},\"thumbnailUrl\":\"https:\\\/\\\/i0.wp.com\\\/casadecampoliving.com\\\/wp-content\\\/uploads\\\/2022\\\/10\\\/casa_de_campo_yanni_concert-1.jpg?fit=556%2C200&ssl=1\",\"datePublished\":\"2010-11-11T04:00:00+00:00\",\"dateModified\":\"2022-10-21T21:55:49+00:00\",\"description\":\"We have bad news for Yanni fans \u2013 the Yanni concert has been postponed! The Yanni concert was due to take place this Saturday the 13th of November at the\",\"breadcrumb\":{\"@id\":\"https:\\\/\\\/casadecampoliving.com\\\/es\\\/breaking-news-yanni-concert-postponed\\\/#breadcrumb\"},\"inLanguage\":\"es\",\"potentialAction\":[{\"@type\":\"ReadAction\",\"target\":[\"https:\\\/\\\/casadecampoliving.com\\\/es\\\/breaking-news-yanni-concert-postponed\\\/\"]}]},{\"@type\":\"ImageObject\",\"inLanguage\":\"es\",\"@id\":\"https:\\\/\\\/casadecampoliving.com\\\/es\\\/breaking-news-yanni-concert-postponed\\\/#primaryimage\",\"url\":\"https:\\\/\\\/i0.wp.com\\\/casadecampoliving.com\\\/wp-content\\\/uploads\\\/2022\\\/10\\\/casa_de_campo_yanni_concert-1.jpg?fit=556%2C200&ssl=1\",\"contentUrl\":\"https:\\\/\\\/i0.wp.com\\\/casadecampoliving.com\\\/wp-content\\\/uploads\\\/2022\\\/10\\\/casa_de_campo_yanni_concert-1.jpg?fit=556%2C200&ssl=1\",\"width\":556,\"height\":200},{\"@type\":\"BreadcrumbList\",\"@id\":\"https:\\\/\\\/casadecampoliving.com\\\/es\\\/breaking-news-yanni-concert-postponed\\\/#breadcrumb\",\"itemListElement\":[{\"@type\":\"ListItem\",\"position\":1,\"name\":\"Home\",\"item\":\"https:\\\/\\\/casadecampoliving.com\\\/es\\\/\"},{\"@type\":\"ListItem\",\"position\":2,\"name\":\"Breaking news: Yanni Concert POSTPONED!\"}]},{\"@type\":\"WebSite\",\"@id\":\"https:\\\/\\\/casadecampoliving.com\\\/es\\\/#website\",\"url\":\"https:\\\/\\\/casadecampoliving.com\\\/es\\\/\",\"name\":\"Casa de Campo Living\",\"description\":\"Resort community news and resources.\",\"publisher\":{\"@id\":\"https:\\\/\\\/casadecampoliving.com\\\/es\\\/#organization\"},\"potentialAction\":[{\"@type\":\"SearchAction\",\"target\":{\"@type\":\"EntryPoint\",\"urlTemplate\":\"https:\\\/\\\/casadecampoliving.com\\\/es\\\/?s={search_term_string}\"},\"query-input\":{\"@type\":\"PropertyValueSpecification\",\"valueRequired\":true,\"valueName\":\"search_term_string\"}}],\"inLanguage\":\"es\"},{\"@type\":\"Organization\",\"@id\":\"https:\\\/\\\/casadecampoliving.com\\\/es\\\/#organization\",\"name\":\"Casa de Campo Living\",\"url\":\"https:\\\/\\\/casadecampoliving.com\\\/es\\\/\",\"logo\":{\"@type\":\"ImageObject\",\"inLanguage\":\"es\",\"@id\":\"https:\\\/\\\/casadecampoliving.com\\\/es\\\/#\\\/schema\\\/logo\\\/image\\\/\",\"url\":\"https:\\\/\\\/i0.wp.com\\\/casadecampoliving.com\\\/wp-content\\\/uploads\\\/2022\\\/07\\\/CDCLivingLogo_V1-white-sized.png?fit=800%2C214&ssl=1\",\"contentUrl\":\"https:\\\/\\\/i0.wp.com\\\/casadecampoliving.com\\\/wp-content\\\/uploads\\\/2022\\\/07\\\/CDCLivingLogo_V1-white-sized.png?fit=800%2C214&ssl=1\",\"width\":800,\"height\":214,\"caption\":\"Casa de Campo Living\"},\"image\":{\"@id\":\"https:\\\/\\\/casadecampoliving.com\\\/es\\\/#\\\/schema\\\/logo\\\/image\\\/\"},\"sameAs\":[\"https:\\\/\\\/www.facebook.com\\\/casadecampoliving\",\"https:\\\/\\\/x.com\\\/cdcliving\"]},{\"@type\":\"Person\",\"@id\":\"https:\\\/\\\/casadecampoliving.com\\\/es\\\/#\\\/schema\\\/person\\\/2b2208f3175fa8761e25b272e096d718\",\"name\":\"Rebecca Silvestri\",\"image\":{\"@type\":\"ImageObject\",\"inLanguage\":\"es\",\"@id\":\"https:\\\/\\\/secure.gravatar.com\\\/avatar\\\/2d937fd6c1769fb718dbf8dce9e82bf5f89e97bd028f9b3ea10b931dc7df95c6?s=96&d=mm&r=g\",\"url\":\"https:\\\/\\\/secure.gravatar.com\\\/avatar\\\/2d937fd6c1769fb718dbf8dce9e82bf5f89e97bd028f9b3ea10b931dc7df95c6?s=96&d=mm&r=g\",\"contentUrl\":\"https:\\\/\\\/secure.gravatar.com\\\/avatar\\\/2d937fd6c1769fb718dbf8dce9e82bf5f89e97bd028f9b3ea10b931dc7df95c6?s=96&d=mm&r=g\",\"caption\":\"Rebecca Silvestri\"},\"url\":\"https:\\\/\\\/casadecampoliving.com\\\/es\\\/author\\\/madamehuge\\\/\"}]}<\/script>\n<!-- \/ Yoast SEO plugin. -->","yoast_head_json":{"title":"Breaking news: Yanni Concert POSTPONED! | Casa de Campo Living","description":"We have bad news for Yanni fans \u2013 the Yanni concert has been postponed! The Yanni concert was due to take place this Saturday the 13th of November at the","robots":{"index":"index","follow":"follow","max-snippet":"max-snippet:-1","max-image-preview":"max-image-preview:large","max-video-preview":"max-video-preview:-1"},"canonical":"https:\/\/casadecampoliving.com\/es\/breaking-news-yanni-concert-postponed\/","og_locale":"es_ES","og_type":"article","og_title":"Breaking news: Yanni Concert POSTPONED! | Casa de Campo Living","og_description":"We have bad news for Yanni fans \u2013 the Yanni concert has been postponed! The Yanni concert was due to take place this Saturday the 13th of November at the","og_url":"https:\/\/casadecampoliving.com\/es\/breaking-news-yanni-concert-postponed\/","og_site_name":"Casa de Campo Living","article_publisher":"https:\/\/www.facebook.com\/casadecampoliving","article_published_time":"2010-11-11T04:00:00+00:00","article_modified_time":"2022-10-21T21:55:49+00:00","og_image":[{"width":556,"height":200,"url":"https:\/\/i0.wp.com\/casadecampoliving.com\/wp-content\/uploads\/2022\/10\/casa_de_campo_yanni_concert-1.jpg?fit=556%2C200&ssl=1","type":"image\/jpeg"}],"author":"Rebecca Silvestri","twitter_card":"summary_large_image","twitter_creator":"@cdcliving","twitter_site":"@cdcliving","twitter_misc":{"Escrito por":"Rebecca Silvestri","Tiempo de lectura":"3 minutos"},"schema":{"@context":"https:\/\/schema.org","@graph":[{"@type":"Article","@id":"https:\/\/casadecampoliving.com\/es\/breaking-news-yanni-concert-postponed\/#article","isPartOf":{"@id":"https:\/\/casadecampoliving.com\/es\/breaking-news-yanni-concert-postponed\/"},"author":{"name":"Rebecca Silvestri","@id":"https:\/\/casadecampoliving.com\/es\/#\/schema\/person\/2b2208f3175fa8761e25b272e096d718"},"headline":"Breaking news: Yanni Concert POSTPONED!","datePublished":"2010-11-11T04:00:00+00:00","dateModified":"2022-10-21T21:55:49+00:00","mainEntityOfPage":{"@id":"https:\/\/casadecampoliving.com\/es\/breaking-news-yanni-concert-postponed\/"},"wordCount":599,"publisher":{"@id":"https:\/\/casadecampoliving.com\/es\/#organization"},"image":{"@id":"https:\/\/casadecampoliving.com\/es\/breaking-news-yanni-concert-postponed\/#primaryimage"},"thumbnailUrl":"https:\/\/i0.wp.com\/casadecampoliving.com\/wp-content\/uploads\/2022\/10\/casa_de_campo_yanni_concert-1.jpg?fit=556%2C200&ssl=1","keywords":["Altos de Chavon Amphitheater","Casa de Campo","saymon diaz concerts","yanni"],"articleSection":["Altos de Chavon","Art and Culture","Celebs","Concerts","Events and Activities","Lifestyle","Local News","Upcoming"],"inLanguage":"es"},{"@type":"WebPage","@id":"https:\/\/casadecampoliving.com\/es\/breaking-news-yanni-concert-postponed\/","url":"https:\/\/casadecampoliving.com\/es\/breaking-news-yanni-concert-postponed\/","name":"Breaking news: Yanni Concert POSTPONED! | Casa de Campo Living","isPartOf":{"@id":"https:\/\/casadecampoliving.com\/es\/#website"},"primaryImageOfPage":{"@id":"https:\/\/casadecampoliving.com\/es\/breaking-news-yanni-concert-postponed\/#primaryimage"},"image":{"@id":"https:\/\/casadecampoliving.com\/es\/breaking-news-yanni-concert-postponed\/#primaryimage"},"thumbnailUrl":"https:\/\/i0.wp.com\/casadecampoliving.com\/wp-content\/uploads\/2022\/10\/casa_de_campo_yanni_concert-1.jpg?fit=556%2C200&ssl=1","datePublished":"2010-11-11T04:00:00+00:00","dateModified":"2022-10-21T21:55:49+00:00","description":"We have bad news for Yanni fans \u2013 the Yanni concert has been postponed! The Yanni concert was due to take place this Saturday the 13th of November at the","breadcrumb":{"@id":"https:\/\/casadecampoliving.com\/es\/breaking-news-yanni-concert-postponed\/#breadcrumb"},"inLanguage":"es","potentialAction":[{"@type":"ReadAction","target":["https:\/\/casadecampoliving.com\/es\/breaking-news-yanni-concert-postponed\/"]}]},{"@type":"ImageObject","inLanguage":"es","@id":"https:\/\/casadecampoliving.com\/es\/breaking-news-yanni-concert-postponed\/#primaryimage","url":"https:\/\/i0.wp.com\/casadecampoliving.com\/wp-content\/uploads\/2022\/10\/casa_de_campo_yanni_concert-1.jpg?fit=556%2C200&ssl=1","contentUrl":"https:\/\/i0.wp.com\/casadecampoliving.com\/wp-content\/uploads\/2022\/10\/casa_de_campo_yanni_concert-1.jpg?fit=556%2C200&ssl=1","width":556,"height":200},{"@type":"BreadcrumbList","@id":"https:\/\/casadecampoliving.com\/es\/breaking-news-yanni-concert-postponed\/#breadcrumb","itemListElement":[{"@type":"ListItem","position":1,"name":"Home","item":"https:\/\/casadecampoliving.com\/es\/"},{"@type":"ListItem","position":2,"name":"Breaking news: Yanni Concert POSTPONED!"}]},{"@type":"WebSite","@id":"https:\/\/casadecampoliving.com\/es\/#website","url":"https:\/\/casadecampoliving.com\/es\/","name":"Casa de Campo Living","description":"Resort community news and resources.","publisher":{"@id":"https:\/\/casadecampoliving.com\/es\/#organization"},"potentialAction":[{"@type":"SearchAction","target":{"@type":"EntryPoint","urlTemplate":"https:\/\/casadecampoliving.com\/es\/?s={search_term_string}"},"query-input":{"@type":"PropertyValueSpecification","valueRequired":true,"valueName":"search_term_string"}}],"inLanguage":"es"},{"@type":"Organization","@id":"https:\/\/casadecampoliving.com\/es\/#organization","name":"Casa de Campo Living","url":"https:\/\/casadecampoliving.com\/es\/","logo":{"@type":"ImageObject","inLanguage":"es","@id":"https:\/\/casadecampoliving.com\/es\/#\/schema\/logo\/image\/","url":"https:\/\/i0.wp.com\/casadecampoliving.com\/wp-content\/uploads\/2022\/07\/CDCLivingLogo_V1-white-sized.png?fit=800%2C214&ssl=1","contentUrl":"https:\/\/i0.wp.com\/casadecampoliving.com\/wp-content\/uploads\/2022\/07\/CDCLivingLogo_V1-white-sized.png?fit=800%2C214&ssl=1","width":800,"height":214,"caption":"Casa de Campo Living"},"image":{"@id":"https:\/\/casadecampoliving.com\/es\/#\/schema\/logo\/image\/"},"sameAs":["https:\/\/www.facebook.com\/casadecampoliving","https:\/\/x.com\/cdcliving"]},{"@type":"Person","@id":"https:\/\/casadecampoliving.com\/es\/#\/schema\/person\/2b2208f3175fa8761e25b272e096d718","name":"Rebecca Silvestri","image":{"@type":"ImageObject","inLanguage":"es","@id":"https:\/\/secure.gravatar.com\/avatar\/2d937fd6c1769fb718dbf8dce9e82bf5f89e97bd028f9b3ea10b931dc7df95c6?s=96&d=mm&r=g","url":"https:\/\/secure.gravatar.com\/avatar\/2d937fd6c1769fb718dbf8dce9e82bf5f89e97bd028f9b3ea10b931dc7df95c6?s=96&d=mm&r=g","contentUrl":"https:\/\/secure.gravatar.com\/avatar\/2d937fd6c1769fb718dbf8dce9e82bf5f89e97bd028f9b3ea10b931dc7df95c6?s=96&d=mm&r=g","caption":"Rebecca Silvestri"},"url":"https:\/\/casadecampoliving.com\/es\/author\/madamehuge\/"}]}},"parsely":{"version":"1.1.0","canonical_url":"https:\/\/casadecampoliving.com\/es\/breaking-news-yanni-concert-postponed\/","smart_links":{"inbound":0,"outbound":0},"traffic_boost_suggestions_count":0,"meta":{"@context":"https:\/\/schema.org","@type":"NewsArticle","headline":"Breaking news: Yanni Concert POSTPONED!","url":"http:\/\/casadecampoliving.com\/es\/breaking-news-yanni-concert-postponed\/","mainEntityOfPage":{"@type":"WebPage","@id":"http:\/\/casadecampoliving.com\/es\/breaking-news-yanni-concert-postponed\/"},"thumbnailUrl":"https:\/\/i0.wp.com\/casadecampoliving.com\/wp-content\/uploads\/2022\/10\/casa_de_campo_yanni_concert-1.jpg?resize=150%2C150&ssl=1","image":{"@type":"ImageObject","url":"https:\/\/i0.wp.com\/casadecampoliving.com\/wp-content\/uploads\/2022\/10\/casa_de_campo_yanni_concert-1.jpg?fit=556%2C200&ssl=1"},"articleSection":"Altos de Chavon","author":[{"@type":"Person","name":"Rebecca Silvestri"}],"creator":["Rebecca Silvestri"],"publisher":{"@type":"Organization","name":"Casa de Campo Living","logo":"https:\/\/casadecampoliving.com\/wp-content\/uploads\/2022\/07\/CDCLivingLogo_V1-white-sized.png"},"keywords":["altos de chavon amphitheater","casa de campo","saymon diaz concerts","yanni"],"dateCreated":"2010-11-11T04:00:00Z","datePublished":"2010-11-11T04:00:00Z","dateModified":"2022-10-21T21:55:49Z"},"rendered":"<script type=\"application\/ld+json\" class=\"wp-parsely-metadata\">{\"@context\":\"https:\\\/\\\/schema.org\",\"@type\":\"NewsArticle\",\"headline\":\"Breaking news: Yanni Concert POSTPONED!\",\"url\":\"http:\\\/\\\/casadecampoliving.com\\\/es\\\/breaking-news-yanni-concert-postponed\\\/\",\"mainEntityOfPage\":{\"@type\":\"WebPage\",\"@id\":\"http:\\\/\\\/casadecampoliving.com\\\/es\\\/breaking-news-yanni-concert-postponed\\\/\"},\"thumbnailUrl\":\"https:\\\/\\\/i0.wp.com\\\/casadecampoliving.com\\\/wp-content\\\/uploads\\\/2022\\\/10\\\/casa_de_campo_yanni_concert-1.jpg?resize=150%2C150&ssl=1\",\"image\":{\"@type\":\"ImageObject\",\"url\":\"https:\\\/\\\/i0.wp.com\\\/casadecampoliving.com\\\/wp-content\\\/uploads\\\/2022\\\/10\\\/casa_de_campo_yanni_concert-1.jpg?fit=556%2C200&ssl=1\"},\"articleSection\":\"Altos de Chavon\",\"author\":[{\"@type\":\"Person\",\"name\":\"Rebecca Silvestri\"}],\"creator\":[\"Rebecca Silvestri\"],\"publisher\":{\"@type\":\"Organization\",\"name\":\"Casa de Campo Living\",\"logo\":\"https:\\\/\\\/casadecampoliving.com\\\/wp-content\\\/uploads\\\/2022\\\/07\\\/CDCLivingLogo_V1-white-sized.png\"},\"keywords\":[\"altos de chavon amphitheater\",\"casa de campo\",\"saymon diaz concerts\",\"yanni\"],\"dateCreated\":\"2010-11-11T04:00:00Z\",\"datePublished\":\"2010-11-11T04:00:00Z\",\"dateModified\":\"2022-10-21T21:55:49Z\"}<\/script>","tracker_url":"https:\/\/cdn.parsely.com\/keys\/casadecampoliving.com\/p.js"},"jetpack_publicize_connections":[],"jetpack_featured_media_url":"https:\/\/i0.wp.com\/casadecampoliving.com\/wp-content\/uploads\/2022\/10\/casa_de_campo_yanni_concert-1.jpg?fit=556%2C200&ssl=1","jetpack-related-posts":[{"id":320138,"url":"https:\/\/casadecampoliving.com\/es\/alejandro-fernandez-concert-postponed\/","url_meta":{"origin":319468,"position":0},"title":"Alejandro Fernandez concert &#8216;postponed&#8217;","author":"Rebecca Silvestri","date":"7 Jun, 2011","format":false,"excerpt":"It is with great sadness, but with very little surprise, that we bring you the news that the Alejandro Fernandez concert, due to take place on Saturday the 25th of June has been \u2018postponed.\u2019 According to TicketExpress.com, SD Concerts were forced to \u2018postpone\u2019 the concert due to complications with Alejandro\u2026","rel":"","context":"En \u00abAltos de Chavon\u00bb","block_context":{"text":"Altos de Chavon","link":"https:\/\/casadecampoliving.com\/category\/altos-de-chavon\/"},"img":{"alt_text":"","src":"https:\/\/i0.wp.com\/casadecampoliving.com\/wp-content\/uploads\/2022\/10\/alejandro_fernandez231116.jpg?resize=350%2C200&ssl=1","width":350,"height":200},"classes":[]},{"id":319394,"url":"https:\/\/casadecampoliving.com\/es\/rumor-confirmed-yanni-is-coming-on-nov-13th\/","url_meta":{"origin":319468,"position":1},"title":"RUMOR CONFIRMED: Yanni is coming on Nov 13th!","author":"Rebecca Silvestri","date":"26 Oct, 2010","format":false,"excerpt":"Finally, we are officially able to confirm that Yanni IS coming to the Altos de Chav\u00f3n amphitheatre next month on Saturday the 13th of November! (En Espa\u00f1ol debajo.) Although the Yanni concert in Altos de Chav\u00f3n was reported in the Dominican newspapers over a month ago \u2013 it was only\u2026","rel":"","context":"En \u00abAltos de Chavon\u00bb","block_context":{"text":"Altos de Chavon","link":"https:\/\/casadecampoliving.com\/category\/altos-de-chavon\/"},"img":{"alt_text":"","src":"https:\/\/i0.wp.com\/casadecampoliving.com\/wp-content\/uploads\/2022\/10\/Yanni-Anfiteatro-1.jpg?fit=565%2C374&ssl=1&resize=350%2C200","width":350,"height":200,"srcset":"https:\/\/i0.wp.com\/casadecampoliving.com\/wp-content\/uploads\/2022\/10\/Yanni-Anfiteatro-1.jpg?fit=565%2C374&ssl=1&resize=350%2C200 1x, https:\/\/i0.wp.com\/casadecampoliving.com\/wp-content\/uploads\/2022\/10\/Yanni-Anfiteatro-1.jpg?fit=565%2C374&ssl=1&resize=525%2C300 1.5x"},"classes":[]},{"id":320188,"url":"https:\/\/casadecampoliving.com\/es\/rumor-alert-alejandro-fernandez-re-organizes-his-agenda-to-include-altos-de-chavon\/","url_meta":{"origin":319468,"position":2},"title":"Rumor Alert: Alejandro Fernandez re-organizes his agenda to include Altos de Chav\u00f3n?","author":"Rebecca Silvestri","date":"21 Jun, 2011","format":false,"excerpt":"It was on, then it was off\u2026\u2026.and as far as we know an official date for the postponed Alejandro Fernandez concert in Altos de Chav\u00f3n has not yet been announced, however there are rumors that Alejandro has managed to rearrange his busy schedule to fit in Casa de Campo \u2013\u2026","rel":"","context":"En \u00abAltos de Chavon\u00bb","block_context":{"text":"Altos de Chavon","link":"https:\/\/casadecampoliving.com\/category\/altos-de-chavon\/"},"img":{"alt_text":"","src":"https:\/\/i0.wp.com\/casadecampoliving.com\/wp-content\/uploads\/2022\/10\/alejandro_fernandez_altos_de_chavon_casa_de_campo.jpg?resize=350%2C200&ssl=1","width":350,"height":200,"srcset":"https:\/\/i0.wp.com\/casadecampoliving.com\/wp-content\/uploads\/2022\/10\/alejandro_fernandez_altos_de_chavon_casa_de_campo.jpg?resize=350%2C200&ssl=1 1x, https:\/\/i0.wp.com\/casadecampoliving.com\/wp-content\/uploads\/2022\/10\/alejandro_fernandez_altos_de_chavon_casa_de_campo.jpg?resize=525%2C300&ssl=1 1.5x"},"classes":[]},{"id":320356,"url":"https:\/\/casadecampoliving.com\/es\/franco-de-vita-in-concert-in-altos-de-chavon\/","url_meta":{"origin":319468,"position":3},"title":"Franco de Vita in Concert in Altos de Chav\u00f3n!","author":"Rebecca Silvestri","date":"17 Ago, 2011","format":false,"excerpt":"\u00a0September in Casa de Campo is the month of concerts in Altos de Chav\u00f3n \u2013 on Sunday the 4th of September there is the STING concert and we have just heard that on Saturday the 17th of September there is a Franco de Vita concert! Para leer este informaci\u00f3n en\u2026","rel":"","context":"En \u00abAltos de Chavon\u00bb","block_context":{"text":"Altos de Chavon","link":"https:\/\/casadecampoliving.com\/category\/altos-de-chavon\/"},"img":{"alt_text":"","src":"https:\/\/i0.wp.com\/casadecampoliving.com\/wp-content\/uploads\/2022\/10\/franco_de_vita_casa_de_campo_altos_de_chavon_concert.jpg?fit=565%2C264&ssl=1&resize=350%2C200","width":350,"height":200,"srcset":"https:\/\/i0.wp.com\/casadecampoliving.com\/wp-content\/uploads\/2022\/10\/franco_de_vita_casa_de_campo_altos_de_chavon_concert.jpg?fit=565%2C264&ssl=1&resize=350%2C200 1x, https:\/\/i0.wp.com\/casadecampoliving.com\/wp-content\/uploads\/2022\/10\/franco_de_vita_casa_de_campo_altos_de_chavon_concert.jpg?fit=565%2C264&ssl=1&resize=525%2C300 1.5x"},"classes":[]},{"id":319238,"url":"https:\/\/casadecampoliving.com\/es\/rumor-alert-yanni-coming-to-chavon\/","url_meta":{"origin":319468,"position":4},"title":"RUMOR ALERT: Yanni coming to Chav\u00f3n?","author":"Rebecca Silvestri","date":"17 Sep, 2010","format":false,"excerpt":"Yesterday we heard that Yanni, the Greek pianist, keyboardist and composure will be performing in Altos de Chav\u00f3n as part of his first tour of Latin America. We have so far not been able to confirm this \u2018rumor\u2019 with Casa de Campo, but given that it has been all over\u2026","rel":"","context":"En \u00abAltos de Chavon\u00bb","block_context":{"text":"Altos de Chavon","link":"https:\/\/casadecampoliving.com\/category\/altos-de-chavon\/"},"img":{"alt_text":"","src":"https:\/\/i0.wp.com\/casadecampoliving.com\/wp-content\/uploads\/2022\/10\/Yanni_altos_de_chavon-1.jpg?fit=640%2C419&ssl=1&resize=350%2C200","width":350,"height":200,"srcset":"https:\/\/i0.wp.com\/casadecampoliving.com\/wp-content\/uploads\/2022\/10\/Yanni_altos_de_chavon-1.jpg?fit=640%2C419&ssl=1&resize=350%2C200 1x, https:\/\/i0.wp.com\/casadecampoliving.com\/wp-content\/uploads\/2022\/10\/Yanni_altos_de_chavon-1.jpg?fit=640%2C419&ssl=1&resize=525%2C300 1.5x"},"classes":[]},{"id":320113,"url":"https:\/\/casadecampoliving.com\/es\/confirmed-alejandro-fernandez-el-portillo-is-coming-to-chavon\/","url_meta":{"origin":319468,"position":5},"title":"Confirmed: Alejandro Fernandez &#8216;El Potrillo&#8217; is coming to Chav\u00f3n!","author":"Rebecca Silvestri","date":"31 May, 2011","format":false,"excerpt":"UPDATE: Monday 6th June, 10am \u2013 We have literally just heard that this concert has been \u2018postponed\u2019 until the end of August, as soon as we know more we will let you know! It\u2019s true! Mariachi-singing Mexican Alejandro Fernandez will be performing in the great Altos de Chav\u00f3n Amphitheatre really\u2026","rel":"","context":"En \u00abAltos de Chavon\u00bb","block_context":{"text":"Altos de Chavon","link":"https:\/\/casadecampoliving.com\/category\/altos-de-chavon\/"},"img":{"alt_text":"","src":"https:\/\/i0.wp.com\/casadecampoliving.com\/wp-content\/uploads\/2022\/10\/alejandro_fernandez_casadecampo_altosdechavon-1.jpg?fit=565%2C424&ssl=1&resize=350%2C200","width":350,"height":200,"srcset":"https:\/\/i0.wp.com\/casadecampoliving.com\/wp-content\/uploads\/2022\/10\/alejandro_fernandez_casadecampo_altosdechavon-1.jpg?fit=565%2C424&ssl=1&resize=350%2C200 1x, https:\/\/i0.wp.com\/casadecampoliving.com\/wp-content\/uploads\/2022\/10\/alejandro_fernandez_casadecampo_altosdechavon-1.jpg?fit=565%2C424&ssl=1&resize=525%2C300 1.5x"},"classes":[]}],"jetpack_sharing_enabled":true,"_links":{"self":[{"href":"https:\/\/casadecampoliving.com\/es\/wp-json\/wp\/v2\/posts\/319468","targetHints":{"allow":["GET"]}}],"collection":[{"href":"https:\/\/casadecampoliving.com\/es\/wp-json\/wp\/v2\/posts"}],"about":[{"href":"https:\/\/casadecampoliving.com\/es\/wp-json\/wp\/v2\/types\/post"}],"author":[{"embeddable":true,"href":"https:\/\/casadecampoliving.com\/es\/wp-json\/wp\/v2\/users\/31"}],"replies":[{"embeddable":true,"href":"https:\/\/casadecampoliving.com\/es\/wp-json\/wp\/v2\/comments?post=319468"}],"version-history":[{"count":0,"href":"https:\/\/casadecampoliving.com\/es\/wp-json\/wp\/v2\/posts\/319468\/revisions"}],"wp:featuredmedia":[{"embeddable":true,"href":"https:\/\/casadecampoliving.com\/es\/wp-json\/wp\/v2\/media\/259731"}],"wp:attachment":[{"href":"https:\/\/casadecampoliving.com\/es\/wp-json\/wp\/v2\/media?parent=319468"}],"wp:term":[{"taxonomy":"category","embeddable":true,"href":"https:\/\/casadecampoliving.com\/es\/wp-json\/wp\/v2\/categories?post=319468"},{"taxonomy":"post_tag","embeddable":true,"href":"https:\/\/casadecampoliving.com\/es\/wp-json\/wp\/v2\/tags?post=319468"},{"taxonomy":"newspack_spnsrs_tax","embeddable":true,"href":"https:\/\/casadecampoliving.com\/es\/wp-json\/wp\/v2\/newspack_spnsrs_tax?post=319468"}],"curies":[{"name":"wp","href":"https:\/\/api.w.org\/{rel}","templated":true}]}}