{"id":319394,"date":"2010-10-26T00:00:00","date_gmt":"2010-10-26T04:00:00","guid":{"rendered":"https:\/\/casadecampoliving.com\/rumor-confirmed-yanni-is-coming-on-nov-13th\/"},"modified":"2022-10-21T18:00:26","modified_gmt":"2022-10-21T22:00:26","slug":"rumor-confirmed-yanni-is-coming-on-nov-13th","status":"publish","type":"post","link":"https:\/\/casadecampoliving.com\/es\/rumor-confirmed-yanni-is-coming-on-nov-13th\/","title":{"rendered":"RUMOR CONFIRMED: Yanni is coming on Nov 13th!"},"content":{"rendered":"<div class=\"wp-block-image\">\n<figure class=\"aligncenter is-resized\"><a href=\"https:\/\/i0.wp.com\/casadecampoliving.com\/wp-content\/uploads\/2022\/10\/Yanni-Anfiteatro.jpg?ssl=1\"><img loading=\"lazy\" decoding=\"async\" src=\"https:\/\/i0.wp.com\/casadecampoliving.com\/wp-content\/uploads\/2022\/10\/Yanni-Anfiteatro.jpg?resize=565%2C374&amp;ssl=1\" alt=\"\" class=\"wp-image-22199\" title=\"Yanni - Anfiteatro\" height=\"374\" width=\"565\"\/><\/a><\/figure>\n<\/div>\n\n\n<p>Finally, we are officially able to confirm that Yanni IS coming to the Altos de Chav\u00f3n amphitheatre next month on Saturday the 13th of November!<strong> (En Espa\u00f1ol debajo.)<br>\n<\/strong><wp-block data-block=\"core\/more\"><\/wp-block><\/p>\n\n\n\n<p>Although the Yanni concert in Altos de Chav\u00f3n was reported in the Dominican newspapers over a month ago \u2013 it was only just made official and so with the blessing of the Altos de Chav\u00f3n administration team we can now reveal the full details and ticket prices!<\/p>\n\n\n\n<p>Yanni is a new-age Greek pianist and composer, who combines orchestral, lyrical and instrumental musical performance. His greatest commercial success came with the presentation of his album and video, \u2018Yanni Live at the Acropolis,\u2019 filmed on September 25, 1993 at the 2,000 year-old&nbsp;Herod Atticus theater in Athens. This monumental concert, set in an architecturally unique environment was approved by the Greek cultural institutions because of the implications of sound. Subsequently, the concert was broadcast in 67 countries, with an audience of over half a billion people and is the second video from the best-selling musical of all time with more than 10 million copies sold! He has also performed in famous venues such as Toji Temple in Kyoto, Japan and the Royal Albert Hall in London \u2013 it is a privilege to have such a great performance in our amphitheater!<\/p>\n\n\n\n<p><a href=\"http:\/\/en.wikipedia.org\/wiki\/Yanni\" target=\"_self\" rel=\"noopener\">To read a little more about Yanni, click here.<\/a><\/p>\n\n\n\n<blockquote><p>Ticket prices are the following:<\/p><ul>\n<li><strong>GENERAL:<\/strong> RD$4,000.00 \u2013 (US$110.00)<\/li>\n<li><strong>VIP:<\/strong> RD$8,000.00 \u2013 (US$220.00)<\/li>\n<li><strong>SPECIAL GUEST: <\/strong>RD$15,000.00 \u2013 (US$405.00)<\/li>\n<\/ul><p>Tickets are already on sale at:<\/p><ul>\n<li>The Casa de Campo concierge, EXT: 3165<\/li>\n<li>The Spring Centre, TEL: 809-732-9298<\/li>\n<li>Ticket Express, TEL: 809-563-1111<\/li>\n<li>Uepa Tickets\/Moviemax, TEL: 809-620-8372<\/li>\n<\/ul><\/blockquote>\n\n\n\n<p>The seating for the concert is being organised as follows:<\/p>\n\n\n<div class=\"wp-block-image\">\n<figure class=\"aligncenter is-resized\"><a href=\"https:\/\/i0.wp.com\/casadecampoliving.com\/wp-content\/uploads\/2022\/10\/yanni_altos_de_chavon.jpg?ssl=1\"><img loading=\"lazy\" decoding=\"async\" src=\"https:\/\/i0.wp.com\/casadecampoliving.com\/wp-content\/uploads\/2022\/10\/yanni_altos_de_chavon.jpg?resize=565%2C314&amp;ssl=1\" alt=\"\" class=\"wp-image-22200\" title=\"yanni_altos_de_chavon\" height=\"314\" width=\"565\"\/><\/a><\/figure>\n<\/div>\n\n\n<p><strong>Nota de Prensa: Yanni viene a Altos de Chav\u00f3n!<\/strong><\/p>\n\n\n\n<p>Por este medio les informamos que el pr\u00f3ximo 13 de Noviembre\/10, se estar\u00e1&nbsp;presentando en el Anfiteatro de Altos de Chav\u00f3n el artista YANNI, en una&nbsp;producci\u00f3n de Saymon Diaz Concerts.<\/p>\n\n\n\n<p>Yanni es un pianista y compositor griego de new age, que re\u00fane los g\u00e9neros&nbsp;orquestal, instrumental y l\u00edrico. Su mayor \u00e9xito comercial se produjo con&nbsp;la presentaci\u00f3n de su \u00e1lbum y v\u00eddeo, Yanni Live at the Acropolis, filmado&nbsp;el 25 de septiembre del 1993 en el teatro de Herodes Atticus, con 2000&nbsp;a\u00f1os de antig\u00fcedad, en Atenas. El concierto, situado en un entorno&nbsp;arquitect\u00f3nico protegido por las entidades culturales de este patrimonio&nbsp;milenario, fue autorizado de manera extraordinaria y exclusiva, debido a&nbsp;las implicaciones del sonido, por las autoridades griegas. Posteriormente,&nbsp;el concierto fue retransmitido en 67 pa\u00edses con una audiencia de mas de&nbsp;medio bill\u00f3n de personas y es el segundo v\u00eddeo de mayor \u00e9xito de ventas&nbsp;musicales de todos los tiempos con mas de 10 millones de copias vendidas.&nbsp;Tambi\u00e9n ha actuado en escenarios tan famosos como el Toji Temple en Kyoto,&nbsp;Jap\u00f3n y el Royal Albert Hall en Londres por lo que es un privilegio&nbsp;tenerlo en nuestro Anfiteatro.<\/p>\n\n\n\n<p>Las boletas est\u00e1n ya a la venta en El Depto. de Concierge de Casa de Campo, Ext. 3165, as\u00ed como en SPRING CENTER, Tel. 809-732-9298, TICKET&nbsp;EXPRESS, Tel. 809-563-1111 y UEPATICKETS \/ MOVIEMAX Tel. 809-620-8372, en&nbsp;Santo Domingo.<\/p>\n\n\n\n<p><strong>LOS PRECIOS SON :<\/strong><br>\nGENERAL \u2013 RD$4,000.00 \u2013 (US$110.00)<br>\nVIP \u2013 RD$8,000.00 \u2013 (US$220.00)<br>\nSPECIAL GUEST \u2013 RD$15,000.00 \u2013 (US$405.00)<\/p>\n\n\n\n<p>La configuraci\u00f3n de asientos de este concierto es diferente, ya que el Vip&nbsp;ocupar\u00e1 toda el \u00e1rea central y habr\u00e1n 2 boletas de general una lateral&nbsp;izquierdo y otra lateral derecho, para distribuir los asientos y las&nbsp;entradas para cada tipo. Ver plano anexo donde est\u00e1n claramente indicados&nbsp;las entradas y accesos para cada tipo de entrada.<\/p>\n","protected":false},"excerpt":{"rendered":"<p>Finally, we are officially able to confirm that Yanni IS coming to the Altos de Chav\u00f3n amphitheatre next month on Saturday the 13th of November! (En Espa\u00f1ol debajo.) Although the Yanni concert in Altos de Chav\u00f3n was reported in the Dominican newspapers over a month ago \u2013 it was only just made official and so [&hellip;]<\/p>\n","protected":false},"author":31,"featured_media":252521,"comment_status":"closed","ping_status":"open","sticky":false,"template":"","format":"standard","meta":{"newspack_ads_suppress_ads":false,"newspack_popups_has_disabled_popups":false,"newspack_sponsor_sponsorship_scope":"","newspack_sponsor_native_byline_display":"inherit","newspack_sponsor_native_category_display":"inherit","newspack_sponsor_underwriter_style":"inherit","newspack_sponsor_underwriter_placement":"inherit","_newspack_byline_active":false,"_newspack_byline":"","newspack_hide_updated_date":false,"newspack_show_updated_date":false,"newspack_content_restriction_is_exempt":false,"newspack_featured_image_position":"","newspack_post_subtitle":"","newspack_article_summary_title":"Overview:","newspack_article_summary":"","_jetpack_memberships_contains_paid_content":false,"footnotes":"","jetpack_publicize_message":"","jetpack_publicize_feature_enabled":true,"jetpack_social_post_already_shared":false,"jetpack_social_options":{"image_generator_settings":{"template":"highway","default_image_id":0,"font":"","enabled":false},"version":2},"_wpas_customize_per_network":false},"categories":[56,45,2513,2518,2522,2524,2526,14631,14625,14627],"tags":[3575,352,1536,1468],"newspack_spnsrs_tax":[],"class_list":["post-319394","post","type-post","status-publish","format-standard","has-post-thumbnail","hentry","category-altos-de-chavon","category-art-and-culture","category-celebridades-es","category-conciertos-es","category-eventos-es","category-destacados","category-titulares-es","category-estilo-de-vida","category-noticias-locales","category-proximamente","tag-altos-de-chavon-es-2","tag-altos-de-chavon-amphitheater","tag-saymon-diaz-concerts","tag-yanni","entry"],"yoast_head":"<!-- This site is optimized with the Yoast SEO plugin v27.5 - https:\/\/yoast.com\/product\/yoast-seo-wordpress\/ -->\n<title>RUMOR CONFIRMED: Yanni is coming on Nov 13th! | Casa de Campo Living<\/title>\n<meta name=\"description\" content=\"Finally, we are officially able to confirm that Yanni IS coming to the Altos de Chav\u00f3n amphitheatre next month on Saturday the 13th of November! (En\" \/>\n<meta name=\"robots\" content=\"index, follow, max-snippet:-1, max-image-preview:large, max-video-preview:-1\" \/>\n<link rel=\"canonical\" href=\"https:\/\/casadecampoliving.com\/es\/rumor-confirmed-yanni-is-coming-on-nov-13th\/\" \/>\n<meta property=\"og:locale\" content=\"es_ES\" \/>\n<meta property=\"og:type\" content=\"article\" \/>\n<meta property=\"og:title\" content=\"RUMOR CONFIRMED: Yanni is coming on Nov 13th! | Casa de Campo Living\" \/>\n<meta property=\"og:description\" content=\"Finally, we are officially able to confirm that Yanni IS coming to the Altos de Chav\u00f3n amphitheatre next month on Saturday the 13th of November! (En\" \/>\n<meta property=\"og:url\" content=\"https:\/\/casadecampoliving.com\/es\/rumor-confirmed-yanni-is-coming-on-nov-13th\/\" \/>\n<meta property=\"og:site_name\" content=\"Casa de Campo Living\" \/>\n<meta property=\"article:publisher\" content=\"https:\/\/www.facebook.com\/casadecampoliving\" \/>\n<meta property=\"article:published_time\" content=\"2010-10-26T04:00:00+00:00\" \/>\n<meta property=\"article:modified_time\" content=\"2022-10-21T22:00:26+00:00\" \/>\n<meta property=\"og:image\" content=\"https:\/\/i0.wp.com\/casadecampoliving.com\/wp-content\/uploads\/2022\/10\/Yanni-Anfiteatro-1.jpg?fit=565%2C374&ssl=1\" \/>\n\t<meta property=\"og:image:width\" content=\"565\" \/>\n\t<meta property=\"og:image:height\" content=\"374\" \/>\n\t<meta property=\"og:image:type\" content=\"image\/jpeg\" \/>\n<meta name=\"author\" content=\"Rebecca Silvestri\" \/>\n<meta name=\"twitter:card\" content=\"summary_large_image\" \/>\n<meta name=\"twitter:creator\" content=\"@cdcliving\" \/>\n<meta name=\"twitter:site\" content=\"@cdcliving\" \/>\n<meta name=\"twitter:label1\" content=\"Escrito por\" \/>\n\t<meta name=\"twitter:data1\" content=\"Rebecca Silvestri\" \/>\n\t<meta name=\"twitter:label2\" content=\"Tiempo de lectura\" \/>\n\t<meta name=\"twitter:data2\" content=\"3 minutos\" \/>\n<script type=\"application\/ld+json\" class=\"yoast-schema-graph\">{\"@context\":\"https:\\\/\\\/schema.org\",\"@graph\":[{\"@type\":\"Article\",\"@id\":\"https:\\\/\\\/casadecampoliving.com\\\/es\\\/rumor-confirmed-yanni-is-coming-on-nov-13th\\\/#article\",\"isPartOf\":{\"@id\":\"https:\\\/\\\/casadecampoliving.com\\\/es\\\/rumor-confirmed-yanni-is-coming-on-nov-13th\\\/\"},\"author\":{\"name\":\"Rebecca Silvestri\",\"@id\":\"https:\\\/\\\/casadecampoliving.com\\\/es\\\/#\\\/schema\\\/person\\\/2b2208f3175fa8761e25b272e096d718\"},\"headline\":\"RUMOR CONFIRMED: Yanni is coming on Nov 13th!\",\"datePublished\":\"2010-10-26T04:00:00+00:00\",\"dateModified\":\"2022-10-21T22:00:26+00:00\",\"mainEntityOfPage\":{\"@id\":\"https:\\\/\\\/casadecampoliving.com\\\/es\\\/rumor-confirmed-yanni-is-coming-on-nov-13th\\\/\"},\"wordCount\":631,\"publisher\":{\"@id\":\"https:\\\/\\\/casadecampoliving.com\\\/es\\\/#organization\"},\"image\":{\"@id\":\"https:\\\/\\\/casadecampoliving.com\\\/es\\\/rumor-confirmed-yanni-is-coming-on-nov-13th\\\/#primaryimage\"},\"thumbnailUrl\":\"https:\\\/\\\/i0.wp.com\\\/casadecampoliving.com\\\/wp-content\\\/uploads\\\/2022\\\/10\\\/Yanni-Anfiteatro-1.jpg?fit=565%2C374&ssl=1\",\"keywords\":[\"Altos de Chavon -es\",\"Altos de Chavon Amphitheater\",\"saymon diaz concerts\",\"yanni\"],\"articleSection\":[\"Altos de Chavon\",\"Art and Culture\",\"Celebridades\",\"Conciertos\",\"Eventos\",\"Destacados\",\"Titulares\",\"Estilo de Vida\",\"Noticias Locales\",\"Proximamente\"],\"inLanguage\":\"es\"},{\"@type\":\"WebPage\",\"@id\":\"https:\\\/\\\/casadecampoliving.com\\\/es\\\/rumor-confirmed-yanni-is-coming-on-nov-13th\\\/\",\"url\":\"https:\\\/\\\/casadecampoliving.com\\\/es\\\/rumor-confirmed-yanni-is-coming-on-nov-13th\\\/\",\"name\":\"RUMOR CONFIRMED: Yanni is coming on Nov 13th! | Casa de Campo Living\",\"isPartOf\":{\"@id\":\"https:\\\/\\\/casadecampoliving.com\\\/es\\\/#website\"},\"primaryImageOfPage\":{\"@id\":\"https:\\\/\\\/casadecampoliving.com\\\/es\\\/rumor-confirmed-yanni-is-coming-on-nov-13th\\\/#primaryimage\"},\"image\":{\"@id\":\"https:\\\/\\\/casadecampoliving.com\\\/es\\\/rumor-confirmed-yanni-is-coming-on-nov-13th\\\/#primaryimage\"},\"thumbnailUrl\":\"https:\\\/\\\/i0.wp.com\\\/casadecampoliving.com\\\/wp-content\\\/uploads\\\/2022\\\/10\\\/Yanni-Anfiteatro-1.jpg?fit=565%2C374&ssl=1\",\"datePublished\":\"2010-10-26T04:00:00+00:00\",\"dateModified\":\"2022-10-21T22:00:26+00:00\",\"description\":\"Finally, we are officially able to confirm that Yanni IS coming to the Altos de Chav\u00f3n amphitheatre next month on Saturday the 13th of November! (En\",\"breadcrumb\":{\"@id\":\"https:\\\/\\\/casadecampoliving.com\\\/es\\\/rumor-confirmed-yanni-is-coming-on-nov-13th\\\/#breadcrumb\"},\"inLanguage\":\"es\",\"potentialAction\":[{\"@type\":\"ReadAction\",\"target\":[\"https:\\\/\\\/casadecampoliving.com\\\/es\\\/rumor-confirmed-yanni-is-coming-on-nov-13th\\\/\"]}]},{\"@type\":\"ImageObject\",\"inLanguage\":\"es\",\"@id\":\"https:\\\/\\\/casadecampoliving.com\\\/es\\\/rumor-confirmed-yanni-is-coming-on-nov-13th\\\/#primaryimage\",\"url\":\"https:\\\/\\\/i0.wp.com\\\/casadecampoliving.com\\\/wp-content\\\/uploads\\\/2022\\\/10\\\/Yanni-Anfiteatro-1.jpg?fit=565%2C374&ssl=1\",\"contentUrl\":\"https:\\\/\\\/i0.wp.com\\\/casadecampoliving.com\\\/wp-content\\\/uploads\\\/2022\\\/10\\\/Yanni-Anfiteatro-1.jpg?fit=565%2C374&ssl=1\",\"width\":565,\"height\":374},{\"@type\":\"BreadcrumbList\",\"@id\":\"https:\\\/\\\/casadecampoliving.com\\\/es\\\/rumor-confirmed-yanni-is-coming-on-nov-13th\\\/#breadcrumb\",\"itemListElement\":[{\"@type\":\"ListItem\",\"position\":1,\"name\":\"Home\",\"item\":\"https:\\\/\\\/casadecampoliving.com\\\/es\\\/\"},{\"@type\":\"ListItem\",\"position\":2,\"name\":\"RUMOR CONFIRMED: Yanni is coming on Nov 13th!\"}]},{\"@type\":\"WebSite\",\"@id\":\"https:\\\/\\\/casadecampoliving.com\\\/es\\\/#website\",\"url\":\"https:\\\/\\\/casadecampoliving.com\\\/es\\\/\",\"name\":\"Casa de Campo Living\",\"description\":\"Resort community news and resources.\",\"publisher\":{\"@id\":\"https:\\\/\\\/casadecampoliving.com\\\/es\\\/#organization\"},\"potentialAction\":[{\"@type\":\"SearchAction\",\"target\":{\"@type\":\"EntryPoint\",\"urlTemplate\":\"https:\\\/\\\/casadecampoliving.com\\\/es\\\/?s={search_term_string}\"},\"query-input\":{\"@type\":\"PropertyValueSpecification\",\"valueRequired\":true,\"valueName\":\"search_term_string\"}}],\"inLanguage\":\"es\"},{\"@type\":\"Organization\",\"@id\":\"https:\\\/\\\/casadecampoliving.com\\\/es\\\/#organization\",\"name\":\"Casa de Campo Living\",\"url\":\"https:\\\/\\\/casadecampoliving.com\\\/es\\\/\",\"logo\":{\"@type\":\"ImageObject\",\"inLanguage\":\"es\",\"@id\":\"https:\\\/\\\/casadecampoliving.com\\\/es\\\/#\\\/schema\\\/logo\\\/image\\\/\",\"url\":\"https:\\\/\\\/i0.wp.com\\\/casadecampoliving.com\\\/wp-content\\\/uploads\\\/2022\\\/07\\\/CDCLivingLogo_V1-white-sized.png?fit=800%2C214&ssl=1\",\"contentUrl\":\"https:\\\/\\\/i0.wp.com\\\/casadecampoliving.com\\\/wp-content\\\/uploads\\\/2022\\\/07\\\/CDCLivingLogo_V1-white-sized.png?fit=800%2C214&ssl=1\",\"width\":800,\"height\":214,\"caption\":\"Casa de Campo Living\"},\"image\":{\"@id\":\"https:\\\/\\\/casadecampoliving.com\\\/es\\\/#\\\/schema\\\/logo\\\/image\\\/\"},\"sameAs\":[\"https:\\\/\\\/www.facebook.com\\\/casadecampoliving\",\"https:\\\/\\\/x.com\\\/cdcliving\"]},{\"@type\":\"Person\",\"@id\":\"https:\\\/\\\/casadecampoliving.com\\\/es\\\/#\\\/schema\\\/person\\\/2b2208f3175fa8761e25b272e096d718\",\"name\":\"Rebecca Silvestri\",\"image\":{\"@type\":\"ImageObject\",\"inLanguage\":\"es\",\"@id\":\"https:\\\/\\\/secure.gravatar.com\\\/avatar\\\/2d937fd6c1769fb718dbf8dce9e82bf5f89e97bd028f9b3ea10b931dc7df95c6?s=96&d=mm&r=g\",\"url\":\"https:\\\/\\\/secure.gravatar.com\\\/avatar\\\/2d937fd6c1769fb718dbf8dce9e82bf5f89e97bd028f9b3ea10b931dc7df95c6?s=96&d=mm&r=g\",\"contentUrl\":\"https:\\\/\\\/secure.gravatar.com\\\/avatar\\\/2d937fd6c1769fb718dbf8dce9e82bf5f89e97bd028f9b3ea10b931dc7df95c6?s=96&d=mm&r=g\",\"caption\":\"Rebecca Silvestri\"},\"url\":\"https:\\\/\\\/casadecampoliving.com\\\/es\\\/author\\\/madamehuge\\\/\"}]}<\/script>\n<!-- \/ Yoast SEO plugin. -->","yoast_head_json":{"title":"RUMOR CONFIRMED: Yanni is coming on Nov 13th! | Casa de Campo Living","description":"Finally, we are officially able to confirm that Yanni IS coming to the Altos de Chav\u00f3n amphitheatre next month on Saturday the 13th of November! (En","robots":{"index":"index","follow":"follow","max-snippet":"max-snippet:-1","max-image-preview":"max-image-preview:large","max-video-preview":"max-video-preview:-1"},"canonical":"https:\/\/casadecampoliving.com\/es\/rumor-confirmed-yanni-is-coming-on-nov-13th\/","og_locale":"es_ES","og_type":"article","og_title":"RUMOR CONFIRMED: Yanni is coming on Nov 13th! | Casa de Campo Living","og_description":"Finally, we are officially able to confirm that Yanni IS coming to the Altos de Chav\u00f3n amphitheatre next month on Saturday the 13th of November! (En","og_url":"https:\/\/casadecampoliving.com\/es\/rumor-confirmed-yanni-is-coming-on-nov-13th\/","og_site_name":"Casa de Campo Living","article_publisher":"https:\/\/www.facebook.com\/casadecampoliving","article_published_time":"2010-10-26T04:00:00+00:00","article_modified_time":"2022-10-21T22:00:26+00:00","og_image":[{"width":565,"height":374,"url":"https:\/\/i0.wp.com\/casadecampoliving.com\/wp-content\/uploads\/2022\/10\/Yanni-Anfiteatro-1.jpg?fit=565%2C374&ssl=1","type":"image\/jpeg"}],"author":"Rebecca Silvestri","twitter_card":"summary_large_image","twitter_creator":"@cdcliving","twitter_site":"@cdcliving","twitter_misc":{"Escrito por":"Rebecca Silvestri","Tiempo de lectura":"3 minutos"},"schema":{"@context":"https:\/\/schema.org","@graph":[{"@type":"Article","@id":"https:\/\/casadecampoliving.com\/es\/rumor-confirmed-yanni-is-coming-on-nov-13th\/#article","isPartOf":{"@id":"https:\/\/casadecampoliving.com\/es\/rumor-confirmed-yanni-is-coming-on-nov-13th\/"},"author":{"name":"Rebecca Silvestri","@id":"https:\/\/casadecampoliving.com\/es\/#\/schema\/person\/2b2208f3175fa8761e25b272e096d718"},"headline":"RUMOR CONFIRMED: Yanni is coming on Nov 13th!","datePublished":"2010-10-26T04:00:00+00:00","dateModified":"2022-10-21T22:00:26+00:00","mainEntityOfPage":{"@id":"https:\/\/casadecampoliving.com\/es\/rumor-confirmed-yanni-is-coming-on-nov-13th\/"},"wordCount":631,"publisher":{"@id":"https:\/\/casadecampoliving.com\/es\/#organization"},"image":{"@id":"https:\/\/casadecampoliving.com\/es\/rumor-confirmed-yanni-is-coming-on-nov-13th\/#primaryimage"},"thumbnailUrl":"https:\/\/i0.wp.com\/casadecampoliving.com\/wp-content\/uploads\/2022\/10\/Yanni-Anfiteatro-1.jpg?fit=565%2C374&ssl=1","keywords":["Altos de Chavon -es","Altos de Chavon Amphitheater","saymon diaz concerts","yanni"],"articleSection":["Altos de Chavon","Art and Culture","Celebridades","Conciertos","Eventos","Destacados","Titulares","Estilo de Vida","Noticias Locales","Proximamente"],"inLanguage":"es"},{"@type":"WebPage","@id":"https:\/\/casadecampoliving.com\/es\/rumor-confirmed-yanni-is-coming-on-nov-13th\/","url":"https:\/\/casadecampoliving.com\/es\/rumor-confirmed-yanni-is-coming-on-nov-13th\/","name":"RUMOR CONFIRMED: Yanni is coming on Nov 13th! | Casa de Campo Living","isPartOf":{"@id":"https:\/\/casadecampoliving.com\/es\/#website"},"primaryImageOfPage":{"@id":"https:\/\/casadecampoliving.com\/es\/rumor-confirmed-yanni-is-coming-on-nov-13th\/#primaryimage"},"image":{"@id":"https:\/\/casadecampoliving.com\/es\/rumor-confirmed-yanni-is-coming-on-nov-13th\/#primaryimage"},"thumbnailUrl":"https:\/\/i0.wp.com\/casadecampoliving.com\/wp-content\/uploads\/2022\/10\/Yanni-Anfiteatro-1.jpg?fit=565%2C374&ssl=1","datePublished":"2010-10-26T04:00:00+00:00","dateModified":"2022-10-21T22:00:26+00:00","description":"Finally, we are officially able to confirm that Yanni IS coming to the Altos de Chav\u00f3n amphitheatre next month on Saturday the 13th of November! (En","breadcrumb":{"@id":"https:\/\/casadecampoliving.com\/es\/rumor-confirmed-yanni-is-coming-on-nov-13th\/#breadcrumb"},"inLanguage":"es","potentialAction":[{"@type":"ReadAction","target":["https:\/\/casadecampoliving.com\/es\/rumor-confirmed-yanni-is-coming-on-nov-13th\/"]}]},{"@type":"ImageObject","inLanguage":"es","@id":"https:\/\/casadecampoliving.com\/es\/rumor-confirmed-yanni-is-coming-on-nov-13th\/#primaryimage","url":"https:\/\/i0.wp.com\/casadecampoliving.com\/wp-content\/uploads\/2022\/10\/Yanni-Anfiteatro-1.jpg?fit=565%2C374&ssl=1","contentUrl":"https:\/\/i0.wp.com\/casadecampoliving.com\/wp-content\/uploads\/2022\/10\/Yanni-Anfiteatro-1.jpg?fit=565%2C374&ssl=1","width":565,"height":374},{"@type":"BreadcrumbList","@id":"https:\/\/casadecampoliving.com\/es\/rumor-confirmed-yanni-is-coming-on-nov-13th\/#breadcrumb","itemListElement":[{"@type":"ListItem","position":1,"name":"Home","item":"https:\/\/casadecampoliving.com\/es\/"},{"@type":"ListItem","position":2,"name":"RUMOR CONFIRMED: Yanni is coming on Nov 13th!"}]},{"@type":"WebSite","@id":"https:\/\/casadecampoliving.com\/es\/#website","url":"https:\/\/casadecampoliving.com\/es\/","name":"Casa de Campo Living","description":"Resort community news and resources.","publisher":{"@id":"https:\/\/casadecampoliving.com\/es\/#organization"},"potentialAction":[{"@type":"SearchAction","target":{"@type":"EntryPoint","urlTemplate":"https:\/\/casadecampoliving.com\/es\/?s={search_term_string}"},"query-input":{"@type":"PropertyValueSpecification","valueRequired":true,"valueName":"search_term_string"}}],"inLanguage":"es"},{"@type":"Organization","@id":"https:\/\/casadecampoliving.com\/es\/#organization","name":"Casa de Campo Living","url":"https:\/\/casadecampoliving.com\/es\/","logo":{"@type":"ImageObject","inLanguage":"es","@id":"https:\/\/casadecampoliving.com\/es\/#\/schema\/logo\/image\/","url":"https:\/\/i0.wp.com\/casadecampoliving.com\/wp-content\/uploads\/2022\/07\/CDCLivingLogo_V1-white-sized.png?fit=800%2C214&ssl=1","contentUrl":"https:\/\/i0.wp.com\/casadecampoliving.com\/wp-content\/uploads\/2022\/07\/CDCLivingLogo_V1-white-sized.png?fit=800%2C214&ssl=1","width":800,"height":214,"caption":"Casa de Campo Living"},"image":{"@id":"https:\/\/casadecampoliving.com\/es\/#\/schema\/logo\/image\/"},"sameAs":["https:\/\/www.facebook.com\/casadecampoliving","https:\/\/x.com\/cdcliving"]},{"@type":"Person","@id":"https:\/\/casadecampoliving.com\/es\/#\/schema\/person\/2b2208f3175fa8761e25b272e096d718","name":"Rebecca Silvestri","image":{"@type":"ImageObject","inLanguage":"es","@id":"https:\/\/secure.gravatar.com\/avatar\/2d937fd6c1769fb718dbf8dce9e82bf5f89e97bd028f9b3ea10b931dc7df95c6?s=96&d=mm&r=g","url":"https:\/\/secure.gravatar.com\/avatar\/2d937fd6c1769fb718dbf8dce9e82bf5f89e97bd028f9b3ea10b931dc7df95c6?s=96&d=mm&r=g","contentUrl":"https:\/\/secure.gravatar.com\/avatar\/2d937fd6c1769fb718dbf8dce9e82bf5f89e97bd028f9b3ea10b931dc7df95c6?s=96&d=mm&r=g","caption":"Rebecca Silvestri"},"url":"https:\/\/casadecampoliving.com\/es\/author\/madamehuge\/"}]}},"parsely":{"version":"1.1.0","canonical_url":"https:\/\/casadecampoliving.com\/es\/rumor-confirmed-yanni-is-coming-on-nov-13th\/","smart_links":{"inbound":0,"outbound":0},"traffic_boost_suggestions_count":0,"meta":{"@context":"https:\/\/schema.org","@type":"NewsArticle","headline":"RUMOR CONFIRMED: Yanni is coming on Nov 13th!","url":"http:\/\/casadecampoliving.com\/es\/rumor-confirmed-yanni-is-coming-on-nov-13th\/","mainEntityOfPage":{"@type":"WebPage","@id":"http:\/\/casadecampoliving.com\/es\/rumor-confirmed-yanni-is-coming-on-nov-13th\/"},"thumbnailUrl":"https:\/\/i0.wp.com\/casadecampoliving.com\/wp-content\/uploads\/2022\/10\/Yanni-Anfiteatro-1.jpg?resize=150%2C150&ssl=1","image":{"@type":"ImageObject","url":"https:\/\/i0.wp.com\/casadecampoliving.com\/wp-content\/uploads\/2022\/10\/Yanni-Anfiteatro-1.jpg?fit=565%2C374&ssl=1"},"articleSection":"Altos de Chavon","author":[{"@type":"Person","name":"Rebecca Silvestri"}],"creator":["Rebecca Silvestri"],"publisher":{"@type":"Organization","name":"Casa de Campo Living","logo":"https:\/\/casadecampoliving.com\/wp-content\/uploads\/2022\/07\/CDCLivingLogo_V1-white-sized.png"},"keywords":["altos de chavon","altos de chavon amphitheater","saymon diaz concerts","yanni"],"dateCreated":"2010-10-26T04:00:00Z","datePublished":"2010-10-26T04:00:00Z","dateModified":"2022-10-21T22:00:26Z"},"rendered":"<script type=\"application\/ld+json\" class=\"wp-parsely-metadata\">{\"@context\":\"https:\\\/\\\/schema.org\",\"@type\":\"NewsArticle\",\"headline\":\"RUMOR CONFIRMED: Yanni is coming on Nov 13th!\",\"url\":\"http:\\\/\\\/casadecampoliving.com\\\/es\\\/rumor-confirmed-yanni-is-coming-on-nov-13th\\\/\",\"mainEntityOfPage\":{\"@type\":\"WebPage\",\"@id\":\"http:\\\/\\\/casadecampoliving.com\\\/es\\\/rumor-confirmed-yanni-is-coming-on-nov-13th\\\/\"},\"thumbnailUrl\":\"https:\\\/\\\/i0.wp.com\\\/casadecampoliving.com\\\/wp-content\\\/uploads\\\/2022\\\/10\\\/Yanni-Anfiteatro-1.jpg?resize=150%2C150&ssl=1\",\"image\":{\"@type\":\"ImageObject\",\"url\":\"https:\\\/\\\/i0.wp.com\\\/casadecampoliving.com\\\/wp-content\\\/uploads\\\/2022\\\/10\\\/Yanni-Anfiteatro-1.jpg?fit=565%2C374&ssl=1\"},\"articleSection\":\"Altos de Chavon\",\"author\":[{\"@type\":\"Person\",\"name\":\"Rebecca Silvestri\"}],\"creator\":[\"Rebecca Silvestri\"],\"publisher\":{\"@type\":\"Organization\",\"name\":\"Casa de Campo Living\",\"logo\":\"https:\\\/\\\/casadecampoliving.com\\\/wp-content\\\/uploads\\\/2022\\\/07\\\/CDCLivingLogo_V1-white-sized.png\"},\"keywords\":[\"altos de chavon\",\"altos de chavon amphitheater\",\"saymon diaz concerts\",\"yanni\"],\"dateCreated\":\"2010-10-26T04:00:00Z\",\"datePublished\":\"2010-10-26T04:00:00Z\",\"dateModified\":\"2022-10-21T22:00:26Z\"}<\/script>","tracker_url":"https:\/\/cdn.parsely.com\/keys\/casadecampoliving.com\/p.js"},"jetpack_publicize_connections":[],"jetpack_featured_media_url":"https:\/\/i0.wp.com\/casadecampoliving.com\/wp-content\/uploads\/2022\/10\/Yanni-Anfiteatro-1.jpg?fit=565%2C374&ssl=1","jetpack-related-posts":[{"id":319238,"url":"https:\/\/casadecampoliving.com\/es\/rumor-alert-yanni-coming-to-chavon\/","url_meta":{"origin":319394,"position":0},"title":"RUMOR ALERT: Yanni coming to Chav\u00f3n?","author":"Rebecca Silvestri","date":"17 Sep, 2010","format":false,"excerpt":"Yesterday we heard that Yanni, the Greek pianist, keyboardist and composure will be performing in Altos de Chav\u00f3n as part of his first tour of Latin America. We have so far not been able to confirm this \u2018rumor\u2019 with Casa de Campo, but given that it has been all over\u2026","rel":"","context":"En \u00abAltos de Chavon\u00bb","block_context":{"text":"Altos de Chavon","link":"https:\/\/casadecampoliving.com\/category\/altos-de-chavon\/"},"img":{"alt_text":"","src":"https:\/\/i0.wp.com\/casadecampoliving.com\/wp-content\/uploads\/2022\/10\/Yanni_altos_de_chavon-1.jpg?fit=640%2C419&ssl=1&resize=350%2C200","width":350,"height":200,"srcset":"https:\/\/i0.wp.com\/casadecampoliving.com\/wp-content\/uploads\/2022\/10\/Yanni_altos_de_chavon-1.jpg?fit=640%2C419&ssl=1&resize=350%2C200 1x, https:\/\/i0.wp.com\/casadecampoliving.com\/wp-content\/uploads\/2022\/10\/Yanni_altos_de_chavon-1.jpg?fit=640%2C419&ssl=1&resize=525%2C300 1.5x"},"classes":[]},{"id":319468,"url":"https:\/\/casadecampoliving.com\/es\/breaking-news-yanni-concert-postponed\/","url_meta":{"origin":319394,"position":1},"title":"Breaking news: Yanni Concert POSTPONED!","author":"Rebecca Silvestri","date":"11 Nov, 2010","format":false,"excerpt":"We have bad news for Yanni fans \u2013 the Yanni concert has been postponed! The Yanni concert was due to take place this Saturday the 13th of November at the Altos de Chavon amphitheater. (En Espa\u00f1ol debajo.) The concert being organized by Saymon Diaz concerts is being postponed for a\u2026","rel":"","context":"En \u00abAltos de Chavon\u00bb","block_context":{"text":"Altos de Chavon","link":"https:\/\/casadecampoliving.com\/category\/altos-de-chavon\/"},"img":{"alt_text":"","src":"https:\/\/i0.wp.com\/casadecampoliving.com\/wp-content\/uploads\/2022\/10\/casa_de_campo_yanni_concert-1.jpg?fit=556%2C200&ssl=1&resize=350%2C200","width":350,"height":200,"srcset":"https:\/\/i0.wp.com\/casadecampoliving.com\/wp-content\/uploads\/2022\/10\/casa_de_campo_yanni_concert-1.jpg?fit=556%2C200&ssl=1&resize=350%2C200 1x, https:\/\/i0.wp.com\/casadecampoliving.com\/wp-content\/uploads\/2022\/10\/casa_de_campo_yanni_concert-1.jpg?fit=556%2C200&ssl=1&resize=525%2C300 1.5x"},"classes":[]},{"id":320138,"url":"https:\/\/casadecampoliving.com\/es\/alejandro-fernandez-concert-postponed\/","url_meta":{"origin":319394,"position":2},"title":"Alejandro Fernandez concert &#8216;postponed&#8217;","author":"Rebecca Silvestri","date":"7 Jun, 2011","format":false,"excerpt":"It is with great sadness, but with very little surprise, that we bring you the news that the Alejandro Fernandez concert, due to take place on Saturday the 25th of June has been \u2018postponed.\u2019 According to TicketExpress.com, SD Concerts were forced to \u2018postpone\u2019 the concert due to complications with Alejandro\u2026","rel":"","context":"En \u00abAltos de Chavon\u00bb","block_context":{"text":"Altos de Chavon","link":"https:\/\/casadecampoliving.com\/category\/altos-de-chavon\/"},"img":{"alt_text":"","src":"https:\/\/i0.wp.com\/casadecampoliving.com\/wp-content\/uploads\/2022\/10\/alejandro_fernandez231116.jpg?resize=350%2C200&ssl=1","width":350,"height":200},"classes":[]},{"id":320188,"url":"https:\/\/casadecampoliving.com\/es\/rumor-alert-alejandro-fernandez-re-organizes-his-agenda-to-include-altos-de-chavon\/","url_meta":{"origin":319394,"position":3},"title":"Rumor Alert: Alejandro Fernandez re-organizes his agenda to include Altos de Chav\u00f3n?","author":"Rebecca Silvestri","date":"21 Jun, 2011","format":false,"excerpt":"It was on, then it was off\u2026\u2026.and as far as we know an official date for the postponed Alejandro Fernandez concert in Altos de Chav\u00f3n has not yet been announced, however there are rumors that Alejandro has managed to rearrange his busy schedule to fit in Casa de Campo \u2013\u2026","rel":"","context":"En \u00abAltos de Chavon\u00bb","block_context":{"text":"Altos de Chavon","link":"https:\/\/casadecampoliving.com\/category\/altos-de-chavon\/"},"img":{"alt_text":"","src":"https:\/\/i0.wp.com\/casadecampoliving.com\/wp-content\/uploads\/2022\/10\/alejandro_fernandez_altos_de_chavon_casa_de_campo.jpg?resize=350%2C200&ssl=1","width":350,"height":200,"srcset":"https:\/\/i0.wp.com\/casadecampoliving.com\/wp-content\/uploads\/2022\/10\/alejandro_fernandez_altos_de_chavon_casa_de_campo.jpg?resize=350%2C200&ssl=1 1x, https:\/\/i0.wp.com\/casadecampoliving.com\/wp-content\/uploads\/2022\/10\/alejandro_fernandez_altos_de_chavon_casa_de_campo.jpg?resize=525%2C300&ssl=1 1.5x"},"classes":[]},{"id":433460,"url":"https:\/\/casadecampoliving.com\/es\/no-se-pierdan-el-increible-tributo-a-frank-sinatra-para-celebrar-el-40-aniversario-del-anfiteatro-altos-de-chavon\/","url_meta":{"origin":319394,"position":4},"title":"No se pierdan el incre\u00edble tributo a Frank Sinatra para celebrar el 40 aniversario del\u00a0Anfiteatro Altos de Chav\u00f3n","author":"Casa de Campo Living","date":"20 Oct, 2022","format":false,"excerpt":"Siendo uno de los escenarios m\u00e1s emblem\u00e1ticos del pa\u00eds, Casa de Campo Resort\u00ae & Villas celebra las cuatro d\u00e9cadas de aniversario de Altos de Chav\u00f3n con un tributo al gran Frank Sinatra, protagonizado por artistas invitados y una big band tal cual la que acompa\u00f1\u00f3 al artista hace 40 a\u00f1os\u2026","rel":"","context":"En \u00abUncategorized @es\u00bb","block_context":{"text":"Uncategorized @es","link":"https:\/\/casadecampoliving.com\/es\/category\/uncategorized-es\/"},"img":{"alt_text":"","src":"https:\/\/i0.wp.com\/casadecampoliving.com\/wp-content\/uploads\/2022\/10\/Tributo-Frank-Sinatra-Foto-Principal-Amaury-Sanchez-Danilo-Ginebra-Andres-Pichardo-y-Jose-Gabriel-Perez-.jpg?fit=1200%2C873&ssl=1&resize=350%2C200","width":350,"height":200,"srcset":"https:\/\/i0.wp.com\/casadecampoliving.com\/wp-content\/uploads\/2022\/10\/Tributo-Frank-Sinatra-Foto-Principal-Amaury-Sanchez-Danilo-Ginebra-Andres-Pichardo-y-Jose-Gabriel-Perez-.jpg?fit=1200%2C873&ssl=1&resize=350%2C200 1x, https:\/\/i0.wp.com\/casadecampoliving.com\/wp-content\/uploads\/2022\/10\/Tributo-Frank-Sinatra-Foto-Principal-Amaury-Sanchez-Danilo-Ginebra-Andres-Pichardo-y-Jose-Gabriel-Perez-.jpg?fit=1200%2C873&ssl=1&resize=525%2C300 1.5x, https:\/\/i0.wp.com\/casadecampoliving.com\/wp-content\/uploads\/2022\/10\/Tributo-Frank-Sinatra-Foto-Principal-Amaury-Sanchez-Danilo-Ginebra-Andres-Pichardo-y-Jose-Gabriel-Perez-.jpg?fit=1200%2C873&ssl=1&resize=700%2C400 2x, https:\/\/i0.wp.com\/casadecampoliving.com\/wp-content\/uploads\/2022\/10\/Tributo-Frank-Sinatra-Foto-Principal-Amaury-Sanchez-Danilo-Ginebra-Andres-Pichardo-y-Jose-Gabriel-Perez-.jpg?fit=1200%2C873&ssl=1&resize=1050%2C600 3x"},"classes":[]},{"id":320113,"url":"https:\/\/casadecampoliving.com\/es\/confirmed-alejandro-fernandez-el-portillo-is-coming-to-chavon\/","url_meta":{"origin":319394,"position":5},"title":"Confirmed: Alejandro Fernandez &#8216;El Potrillo&#8217; is coming to Chav\u00f3n!","author":"Rebecca Silvestri","date":"31 May, 2011","format":false,"excerpt":"UPDATE: Monday 6th June, 10am \u2013 We have literally just heard that this concert has been \u2018postponed\u2019 until the end of August, as soon as we know more we will let you know! It\u2019s true! Mariachi-singing Mexican Alejandro Fernandez will be performing in the great Altos de Chav\u00f3n Amphitheatre really\u2026","rel":"","context":"En \u00abAltos de Chavon\u00bb","block_context":{"text":"Altos de Chavon","link":"https:\/\/casadecampoliving.com\/category\/altos-de-chavon\/"},"img":{"alt_text":"","src":"https:\/\/i0.wp.com\/casadecampoliving.com\/wp-content\/uploads\/2022\/10\/alejandro_fernandez_casadecampo_altosdechavon-1.jpg?fit=565%2C424&ssl=1&resize=350%2C200","width":350,"height":200,"srcset":"https:\/\/i0.wp.com\/casadecampoliving.com\/wp-content\/uploads\/2022\/10\/alejandro_fernandez_casadecampo_altosdechavon-1.jpg?fit=565%2C424&ssl=1&resize=350%2C200 1x, https:\/\/i0.wp.com\/casadecampoliving.com\/wp-content\/uploads\/2022\/10\/alejandro_fernandez_casadecampo_altosdechavon-1.jpg?fit=565%2C424&ssl=1&resize=525%2C300 1.5x"},"classes":[]}],"jetpack_sharing_enabled":true,"_links":{"self":[{"href":"https:\/\/casadecampoliving.com\/es\/wp-json\/wp\/v2\/posts\/319394","targetHints":{"allow":["GET"]}}],"collection":[{"href":"https:\/\/casadecampoliving.com\/es\/wp-json\/wp\/v2\/posts"}],"about":[{"href":"https:\/\/casadecampoliving.com\/es\/wp-json\/wp\/v2\/types\/post"}],"author":[{"embeddable":true,"href":"https:\/\/casadecampoliving.com\/es\/wp-json\/wp\/v2\/users\/31"}],"replies":[{"embeddable":true,"href":"https:\/\/casadecampoliving.com\/es\/wp-json\/wp\/v2\/comments?post=319394"}],"version-history":[{"count":0,"href":"https:\/\/casadecampoliving.com\/es\/wp-json\/wp\/v2\/posts\/319394\/revisions"}],"wp:featuredmedia":[{"embeddable":true,"href":"https:\/\/casadecampoliving.com\/es\/wp-json\/wp\/v2\/media\/252521"}],"wp:attachment":[{"href":"https:\/\/casadecampoliving.com\/es\/wp-json\/wp\/v2\/media?parent=319394"}],"wp:term":[{"taxonomy":"category","embeddable":true,"href":"https:\/\/casadecampoliving.com\/es\/wp-json\/wp\/v2\/categories?post=319394"},{"taxonomy":"post_tag","embeddable":true,"href":"https:\/\/casadecampoliving.com\/es\/wp-json\/wp\/v2\/tags?post=319394"},{"taxonomy":"newspack_spnsrs_tax","embeddable":true,"href":"https:\/\/casadecampoliving.com\/es\/wp-json\/wp\/v2\/newspack_spnsrs_tax?post=319394"}],"curies":[{"name":"wp","href":"https:\/\/api.w.org\/{rel}","templated":true}]}}