{"id":319220,"date":"2010-09-13T00:00:00","date_gmt":"2010-09-13T04:00:00","guid":{"rendered":"https:\/\/casadecampoliving.com\/celebrating-the-inauguration-of-miradas-escrutadoras-at-the-altos-de-chavon-art-gallery\/"},"modified":"2022-11-10T10:34:34","modified_gmt":"2022-11-10T14:34:34","slug":"celebrating-the-inauguration-of-miradas-escrutadoras-at-the-altos-de-chavon-art-gallery","status":"publish","type":"post","link":"https:\/\/casadecampoliving.com\/es\/celebrating-the-inauguration-of-miradas-escrutadoras-at-the-altos-de-chavon-art-gallery\/","title":{"rendered":"Celebrating the Inauguration of &#8216;Miradas Escrutadoras&#8217; at the Altos de Chav\u00f3n Art Gallery"},"content":{"rendered":"<p style=\"text-align: center; \"><a rel=\"attachment wp-att-20927\" href=\"https:\/\/casadecampoliving.com\/2010\/09\/celebrating-the-inauguration-of-miradas-escrutadoras-at-the-altos-de-chavon-art-gallery\/miradas_escrutadoras_altos_de_chavon_art_gallery\/\"><img data-recalc-dims=\"1\" loading=\"lazy\" decoding=\"async\" class=\"aligncenter size-large wp-image-20927\" title=\"miradas_escrutadoras_altos_de_chavon_art_gallery\" src=\"https:\/\/i0.wp.com\/casadecampoliving.com\/wp-content\/uploads\/2022\/10\/miradas_escrutadoras_altos_de_chavon_art_gallery-1024x640-2.jpg?resize=553%2C346&#038;ssl=1\" alt=\"miradas_escrutadoras_altos_de_chavon_art_gallery\" width=\"553\" height=\"346\" \/><\/a><\/p>\n\nOn Thursday the 8th of September the Altos de Chavon Cultural Center Foundation celebrated the inauguration of their new art exhibit \u2018Miradas Escrutadoras.\u2019<!--more-->The exhibiting artist, Mois\u00e9s Castillo, was present at the inauguration event, proudly showing off his artistic creations, chatting to the vistors and explaining his thoughts and feelings behind each painting. The exhibit is a collection of 20 oil paintings, all abstract paintings of faces or rather &#8216;looks&#8217; as the exhibit is called \u00a0\u201cMIRADAS ESCRUTADORAS\u201d which in English means \u201cSCRUTINIZING LOOKS.\u201d\n\nAs always an interesting and varied crowd gathered to see the new exhibit and enjoy the inauguration cocktails, residents and villa owners of Casa de Campo mingled with the students of the <a href=\"https:\/\/casadecampoliving.com\/2010\/09\/discovering-the-altos-de-chavon-school-of-art-and-design\/\" target=\"_self\" rel=\"noopener\">Altos de Chav\u00f3n Art and Design school<\/a> and <a href=\"https:\/\/casadecampoliving.com\/2010\/09\/the-new-teachers-of-the-abraham-lincoln-school-sail-to-isla-catalina\/\" target=\"_self\" rel=\"noopener\">a group of teachers from the Abraham Lincoln School.<\/a>\n\nThe following photos were sent to us by Martha, from the Altos de Chavon art gallery &#8211; thanks Martha!\n\n\n<figure class=\"wp-block-gallery has-nested-images columns-default is-cropped wp-block-gallery-1 is-layout-flex wp-block-gallery-is-layout-flex\">\n<figure class=\"wp-block-image size-large\"><img data-recalc-dims=\"1\" loading=\"lazy\" decoding=\"async\" width=\"800\" height=\"600\" data-id=\"369894\" src=\"https:\/\/i0.wp.com\/casadecampoliving.com\/wp-content\/uploads\/2022\/10\/dscn0890.jpg?resize=800%2C600&#038;ssl=1\" alt=\"\" class=\"wp-image-369894\" srcset=\"https:\/\/i0.wp.com\/casadecampoliving.com\/wp-content\/uploads\/2022\/10\/dscn0890.jpg?w=800&amp;ssl=1 800w, https:\/\/i0.wp.com\/casadecampoliving.com\/wp-content\/uploads\/2022\/10\/dscn0890.jpg?resize=300%2C225&amp;ssl=1 300w, https:\/\/i0.wp.com\/casadecampoliving.com\/wp-content\/uploads\/2022\/10\/dscn0890.jpg?resize=768%2C576&amp;ssl=1 768w, https:\/\/i0.wp.com\/casadecampoliving.com\/wp-content\/uploads\/2022\/10\/dscn0890.jpg?resize=400%2C300&amp;ssl=1 400w, https:\/\/i0.wp.com\/casadecampoliving.com\/wp-content\/uploads\/2022\/10\/dscn0890.jpg?resize=200%2C150&amp;ssl=1 200w, https:\/\/i0.wp.com\/casadecampoliving.com\/wp-content\/uploads\/2022\/10\/dscn0890.jpg?resize=706%2C530&amp;ssl=1 706w, https:\/\/i0.wp.com\/casadecampoliving.com\/wp-content\/uploads\/2022\/10\/dscn0890.jpg?resize=150%2C113&amp;ssl=1 150w, https:\/\/i0.wp.com\/casadecampoliving.com\/wp-content\/uploads\/2022\/10\/dscn0890.jpg?w=370&amp;ssl=1 370w\" sizes=\"auto, (max-width: 800px) 100vw, 800px\" \/><\/figure>\n\n\n\n<figure class=\"wp-block-image size-large\"><img data-recalc-dims=\"1\" loading=\"lazy\" decoding=\"async\" width=\"800\" height=\"600\" data-id=\"369896\" src=\"https:\/\/i0.wp.com\/casadecampoliving.com\/wp-content\/uploads\/2022\/10\/dscn0892.jpg?resize=800%2C600&#038;ssl=1\" alt=\"\" class=\"wp-image-369896\" srcset=\"https:\/\/i0.wp.com\/casadecampoliving.com\/wp-content\/uploads\/2022\/10\/dscn0892.jpg?w=800&amp;ssl=1 800w, https:\/\/i0.wp.com\/casadecampoliving.com\/wp-content\/uploads\/2022\/10\/dscn0892.jpg?resize=300%2C225&amp;ssl=1 300w, https:\/\/i0.wp.com\/casadecampoliving.com\/wp-content\/uploads\/2022\/10\/dscn0892.jpg?resize=768%2C576&amp;ssl=1 768w, https:\/\/i0.wp.com\/casadecampoliving.com\/wp-content\/uploads\/2022\/10\/dscn0892.jpg?resize=400%2C300&amp;ssl=1 400w, https:\/\/i0.wp.com\/casadecampoliving.com\/wp-content\/uploads\/2022\/10\/dscn0892.jpg?resize=200%2C150&amp;ssl=1 200w, https:\/\/i0.wp.com\/casadecampoliving.com\/wp-content\/uploads\/2022\/10\/dscn0892.jpg?resize=706%2C530&amp;ssl=1 706w, https:\/\/i0.wp.com\/casadecampoliving.com\/wp-content\/uploads\/2022\/10\/dscn0892.jpg?resize=150%2C113&amp;ssl=1 150w, https:\/\/i0.wp.com\/casadecampoliving.com\/wp-content\/uploads\/2022\/10\/dscn0892.jpg?w=370&amp;ssl=1 370w\" sizes=\"auto, (max-width: 800px) 100vw, 800px\" \/><\/figure>\n\n\n\n<figure class=\"wp-block-image size-large\"><img data-recalc-dims=\"1\" loading=\"lazy\" decoding=\"async\" width=\"800\" height=\"600\" data-id=\"369898\" src=\"https:\/\/i0.wp.com\/casadecampoliving.com\/wp-content\/uploads\/2022\/10\/dscn0895.jpg?resize=800%2C600&#038;ssl=1\" alt=\"\" class=\"wp-image-369898\" srcset=\"https:\/\/i0.wp.com\/casadecampoliving.com\/wp-content\/uploads\/2022\/10\/dscn0895.jpg?w=800&amp;ssl=1 800w, https:\/\/i0.wp.com\/casadecampoliving.com\/wp-content\/uploads\/2022\/10\/dscn0895.jpg?resize=300%2C225&amp;ssl=1 300w, https:\/\/i0.wp.com\/casadecampoliving.com\/wp-content\/uploads\/2022\/10\/dscn0895.jpg?resize=768%2C576&amp;ssl=1 768w, https:\/\/i0.wp.com\/casadecampoliving.com\/wp-content\/uploads\/2022\/10\/dscn0895.jpg?resize=400%2C300&amp;ssl=1 400w, https:\/\/i0.wp.com\/casadecampoliving.com\/wp-content\/uploads\/2022\/10\/dscn0895.jpg?resize=200%2C150&amp;ssl=1 200w, https:\/\/i0.wp.com\/casadecampoliving.com\/wp-content\/uploads\/2022\/10\/dscn0895.jpg?resize=706%2C530&amp;ssl=1 706w, https:\/\/i0.wp.com\/casadecampoliving.com\/wp-content\/uploads\/2022\/10\/dscn0895.jpg?resize=150%2C113&amp;ssl=1 150w, https:\/\/i0.wp.com\/casadecampoliving.com\/wp-content\/uploads\/2022\/10\/dscn0895.jpg?w=370&amp;ssl=1 370w\" sizes=\"auto, (max-width: 800px) 100vw, 800px\" \/><\/figure>\n\n\n\n<figure class=\"wp-block-image size-large\"><img data-recalc-dims=\"1\" loading=\"lazy\" decoding=\"async\" width=\"800\" height=\"600\" data-id=\"369900\" src=\"https:\/\/i0.wp.com\/casadecampoliving.com\/wp-content\/uploads\/2022\/10\/dscn0899.jpg?resize=800%2C600&#038;ssl=1\" alt=\"\" class=\"wp-image-369900\" srcset=\"https:\/\/i0.wp.com\/casadecampoliving.com\/wp-content\/uploads\/2022\/10\/dscn0899.jpg?w=800&amp;ssl=1 800w, https:\/\/i0.wp.com\/casadecampoliving.com\/wp-content\/uploads\/2022\/10\/dscn0899.jpg?resize=300%2C225&amp;ssl=1 300w, https:\/\/i0.wp.com\/casadecampoliving.com\/wp-content\/uploads\/2022\/10\/dscn0899.jpg?resize=768%2C576&amp;ssl=1 768w, https:\/\/i0.wp.com\/casadecampoliving.com\/wp-content\/uploads\/2022\/10\/dscn0899.jpg?resize=400%2C300&amp;ssl=1 400w, https:\/\/i0.wp.com\/casadecampoliving.com\/wp-content\/uploads\/2022\/10\/dscn0899.jpg?resize=200%2C150&amp;ssl=1 200w, https:\/\/i0.wp.com\/casadecampoliving.com\/wp-content\/uploads\/2022\/10\/dscn0899.jpg?resize=706%2C530&amp;ssl=1 706w, https:\/\/i0.wp.com\/casadecampoliving.com\/wp-content\/uploads\/2022\/10\/dscn0899.jpg?resize=150%2C113&amp;ssl=1 150w, https:\/\/i0.wp.com\/casadecampoliving.com\/wp-content\/uploads\/2022\/10\/dscn0899.jpg?w=370&amp;ssl=1 370w\" sizes=\"auto, (max-width: 800px) 100vw, 800px\" \/><\/figure>\n\n\n\n<figure class=\"wp-block-image size-large\"><img data-recalc-dims=\"1\" loading=\"lazy\" decoding=\"async\" width=\"800\" height=\"600\" data-id=\"369902\" src=\"https:\/\/i0.wp.com\/casadecampoliving.com\/wp-content\/uploads\/2022\/10\/dscn0907.jpg?resize=800%2C600&#038;ssl=1\" alt=\"\" class=\"wp-image-369902\" srcset=\"https:\/\/i0.wp.com\/casadecampoliving.com\/wp-content\/uploads\/2022\/10\/dscn0907.jpg?w=800&amp;ssl=1 800w, https:\/\/i0.wp.com\/casadecampoliving.com\/wp-content\/uploads\/2022\/10\/dscn0907.jpg?resize=300%2C225&amp;ssl=1 300w, https:\/\/i0.wp.com\/casadecampoliving.com\/wp-content\/uploads\/2022\/10\/dscn0907.jpg?resize=768%2C576&amp;ssl=1 768w, https:\/\/i0.wp.com\/casadecampoliving.com\/wp-content\/uploads\/2022\/10\/dscn0907.jpg?resize=400%2C300&amp;ssl=1 400w, https:\/\/i0.wp.com\/casadecampoliving.com\/wp-content\/uploads\/2022\/10\/dscn0907.jpg?resize=200%2C150&amp;ssl=1 200w, https:\/\/i0.wp.com\/casadecampoliving.com\/wp-content\/uploads\/2022\/10\/dscn0907.jpg?resize=706%2C530&amp;ssl=1 706w, https:\/\/i0.wp.com\/casadecampoliving.com\/wp-content\/uploads\/2022\/10\/dscn0907.jpg?resize=150%2C113&amp;ssl=1 150w, https:\/\/i0.wp.com\/casadecampoliving.com\/wp-content\/uploads\/2022\/10\/dscn0907.jpg?w=370&amp;ssl=1 370w\" sizes=\"auto, (max-width: 800px) 100vw, 800px\" \/><\/figure>\n\n\n\n<figure class=\"wp-block-image size-large\"><img data-recalc-dims=\"1\" loading=\"lazy\" decoding=\"async\" width=\"800\" height=\"600\" data-id=\"369904\" src=\"https:\/\/i0.wp.com\/casadecampoliving.com\/wp-content\/uploads\/2022\/10\/dscn0914.jpg?resize=800%2C600&#038;ssl=1\" alt=\"\" class=\"wp-image-369904\" srcset=\"https:\/\/i0.wp.com\/casadecampoliving.com\/wp-content\/uploads\/2022\/10\/dscn0914.jpg?w=800&amp;ssl=1 800w, https:\/\/i0.wp.com\/casadecampoliving.com\/wp-content\/uploads\/2022\/10\/dscn0914.jpg?resize=300%2C225&amp;ssl=1 300w, https:\/\/i0.wp.com\/casadecampoliving.com\/wp-content\/uploads\/2022\/10\/dscn0914.jpg?resize=768%2C576&amp;ssl=1 768w, https:\/\/i0.wp.com\/casadecampoliving.com\/wp-content\/uploads\/2022\/10\/dscn0914.jpg?resize=400%2C300&amp;ssl=1 400w, https:\/\/i0.wp.com\/casadecampoliving.com\/wp-content\/uploads\/2022\/10\/dscn0914.jpg?resize=200%2C150&amp;ssl=1 200w, https:\/\/i0.wp.com\/casadecampoliving.com\/wp-content\/uploads\/2022\/10\/dscn0914.jpg?resize=706%2C530&amp;ssl=1 706w, https:\/\/i0.wp.com\/casadecampoliving.com\/wp-content\/uploads\/2022\/10\/dscn0914.jpg?resize=150%2C113&amp;ssl=1 150w, https:\/\/i0.wp.com\/casadecampoliving.com\/wp-content\/uploads\/2022\/10\/dscn0914.jpg?w=370&amp;ssl=1 370w\" sizes=\"auto, (max-width: 800px) 100vw, 800px\" \/><\/figure>\n\n\n\n<figure class=\"wp-block-image size-large\"><img data-recalc-dims=\"1\" loading=\"lazy\" decoding=\"async\" width=\"800\" height=\"600\" data-id=\"369906\" src=\"https:\/\/i0.wp.com\/casadecampoliving.com\/wp-content\/uploads\/2022\/10\/dscn0917.jpg?resize=800%2C600&#038;ssl=1\" alt=\"\" class=\"wp-image-369906\" srcset=\"https:\/\/i0.wp.com\/casadecampoliving.com\/wp-content\/uploads\/2022\/10\/dscn0917.jpg?w=800&amp;ssl=1 800w, https:\/\/i0.wp.com\/casadecampoliving.com\/wp-content\/uploads\/2022\/10\/dscn0917.jpg?resize=300%2C225&amp;ssl=1 300w, https:\/\/i0.wp.com\/casadecampoliving.com\/wp-content\/uploads\/2022\/10\/dscn0917.jpg?resize=768%2C576&amp;ssl=1 768w, https:\/\/i0.wp.com\/casadecampoliving.com\/wp-content\/uploads\/2022\/10\/dscn0917.jpg?resize=400%2C300&amp;ssl=1 400w, https:\/\/i0.wp.com\/casadecampoliving.com\/wp-content\/uploads\/2022\/10\/dscn0917.jpg?resize=200%2C150&amp;ssl=1 200w, https:\/\/i0.wp.com\/casadecampoliving.com\/wp-content\/uploads\/2022\/10\/dscn0917.jpg?resize=706%2C530&amp;ssl=1 706w, https:\/\/i0.wp.com\/casadecampoliving.com\/wp-content\/uploads\/2022\/10\/dscn0917.jpg?resize=150%2C113&amp;ssl=1 150w, https:\/\/i0.wp.com\/casadecampoliving.com\/wp-content\/uploads\/2022\/10\/dscn0917.jpg?w=370&amp;ssl=1 370w\" sizes=\"auto, (max-width: 800px) 100vw, 800px\" \/><\/figure>\n\n\n\n<figure class=\"wp-block-image size-large\"><img data-recalc-dims=\"1\" loading=\"lazy\" decoding=\"async\" width=\"800\" height=\"600\" data-id=\"369908\" src=\"https:\/\/i0.wp.com\/casadecampoliving.com\/wp-content\/uploads\/2022\/10\/dscn0922.jpg?resize=800%2C600&#038;ssl=1\" alt=\"\" class=\"wp-image-369908\" srcset=\"https:\/\/i0.wp.com\/casadecampoliving.com\/wp-content\/uploads\/2022\/10\/dscn0922.jpg?w=800&amp;ssl=1 800w, https:\/\/i0.wp.com\/casadecampoliving.com\/wp-content\/uploads\/2022\/10\/dscn0922.jpg?resize=300%2C225&amp;ssl=1 300w, https:\/\/i0.wp.com\/casadecampoliving.com\/wp-content\/uploads\/2022\/10\/dscn0922.jpg?resize=768%2C576&amp;ssl=1 768w, https:\/\/i0.wp.com\/casadecampoliving.com\/wp-content\/uploads\/2022\/10\/dscn0922.jpg?resize=400%2C300&amp;ssl=1 400w, https:\/\/i0.wp.com\/casadecampoliving.com\/wp-content\/uploads\/2022\/10\/dscn0922.jpg?resize=200%2C150&amp;ssl=1 200w, https:\/\/i0.wp.com\/casadecampoliving.com\/wp-content\/uploads\/2022\/10\/dscn0922.jpg?resize=706%2C530&amp;ssl=1 706w, https:\/\/i0.wp.com\/casadecampoliving.com\/wp-content\/uploads\/2022\/10\/dscn0922.jpg?resize=150%2C113&amp;ssl=1 150w, https:\/\/i0.wp.com\/casadecampoliving.com\/wp-content\/uploads\/2022\/10\/dscn0922.jpg?w=370&amp;ssl=1 370w\" sizes=\"auto, (max-width: 800px) 100vw, 800px\" \/><\/figure>\n\n\n\n<figure class=\"wp-block-image size-large\"><img data-recalc-dims=\"1\" loading=\"lazy\" decoding=\"async\" width=\"800\" height=\"600\" data-id=\"369910\" src=\"https:\/\/i0.wp.com\/casadecampoliving.com\/wp-content\/uploads\/2022\/10\/dscn0927.jpg?resize=800%2C600&#038;ssl=1\" alt=\"\" class=\"wp-image-369910\" srcset=\"https:\/\/i0.wp.com\/casadecampoliving.com\/wp-content\/uploads\/2022\/10\/dscn0927.jpg?w=800&amp;ssl=1 800w, https:\/\/i0.wp.com\/casadecampoliving.com\/wp-content\/uploads\/2022\/10\/dscn0927.jpg?resize=300%2C225&amp;ssl=1 300w, https:\/\/i0.wp.com\/casadecampoliving.com\/wp-content\/uploads\/2022\/10\/dscn0927.jpg?resize=768%2C576&amp;ssl=1 768w, https:\/\/i0.wp.com\/casadecampoliving.com\/wp-content\/uploads\/2022\/10\/dscn0927.jpg?resize=400%2C300&amp;ssl=1 400w, https:\/\/i0.wp.com\/casadecampoliving.com\/wp-content\/uploads\/2022\/10\/dscn0927.jpg?resize=200%2C150&amp;ssl=1 200w, https:\/\/i0.wp.com\/casadecampoliving.com\/wp-content\/uploads\/2022\/10\/dscn0927.jpg?resize=706%2C530&amp;ssl=1 706w, https:\/\/i0.wp.com\/casadecampoliving.com\/wp-content\/uploads\/2022\/10\/dscn0927.jpg?resize=150%2C113&amp;ssl=1 150w, https:\/\/i0.wp.com\/casadecampoliving.com\/wp-content\/uploads\/2022\/10\/dscn0927.jpg?w=370&amp;ssl=1 370w\" sizes=\"auto, (max-width: 800px) 100vw, 800px\" \/><\/figure>\n\n\n\n<figure class=\"wp-block-image size-large\"><img data-recalc-dims=\"1\" loading=\"lazy\" decoding=\"async\" width=\"800\" height=\"600\" data-id=\"369912\" src=\"https:\/\/i0.wp.com\/casadecampoliving.com\/wp-content\/uploads\/2022\/10\/dscn0928.jpg?resize=800%2C600&#038;ssl=1\" alt=\"\" class=\"wp-image-369912\" srcset=\"https:\/\/i0.wp.com\/casadecampoliving.com\/wp-content\/uploads\/2022\/10\/dscn0928.jpg?w=800&amp;ssl=1 800w, https:\/\/i0.wp.com\/casadecampoliving.com\/wp-content\/uploads\/2022\/10\/dscn0928.jpg?resize=300%2C225&amp;ssl=1 300w, https:\/\/i0.wp.com\/casadecampoliving.com\/wp-content\/uploads\/2022\/10\/dscn0928.jpg?resize=768%2C576&amp;ssl=1 768w, https:\/\/i0.wp.com\/casadecampoliving.com\/wp-content\/uploads\/2022\/10\/dscn0928.jpg?resize=400%2C300&amp;ssl=1 400w, https:\/\/i0.wp.com\/casadecampoliving.com\/wp-content\/uploads\/2022\/10\/dscn0928.jpg?resize=200%2C150&amp;ssl=1 200w, https:\/\/i0.wp.com\/casadecampoliving.com\/wp-content\/uploads\/2022\/10\/dscn0928.jpg?resize=706%2C530&amp;ssl=1 706w, https:\/\/i0.wp.com\/casadecampoliving.com\/wp-content\/uploads\/2022\/10\/dscn0928.jpg?resize=150%2C113&amp;ssl=1 150w, https:\/\/i0.wp.com\/casadecampoliving.com\/wp-content\/uploads\/2022\/10\/dscn0928.jpg?w=370&amp;ssl=1 370w\" sizes=\"auto, (max-width: 800px) 100vw, 800px\" \/><\/figure>\n\n\n\n<figure class=\"wp-block-image size-large\"><img data-recalc-dims=\"1\" loading=\"lazy\" decoding=\"async\" width=\"800\" height=\"600\" data-id=\"369914\" src=\"https:\/\/i0.wp.com\/casadecampoliving.com\/wp-content\/uploads\/2022\/10\/dscn0930.jpg?resize=800%2C600&#038;ssl=1\" alt=\"\" class=\"wp-image-369914\" srcset=\"https:\/\/i0.wp.com\/casadecampoliving.com\/wp-content\/uploads\/2022\/10\/dscn0930.jpg?w=800&amp;ssl=1 800w, https:\/\/i0.wp.com\/casadecampoliving.com\/wp-content\/uploads\/2022\/10\/dscn0930.jpg?resize=300%2C225&amp;ssl=1 300w, https:\/\/i0.wp.com\/casadecampoliving.com\/wp-content\/uploads\/2022\/10\/dscn0930.jpg?resize=768%2C576&amp;ssl=1 768w, https:\/\/i0.wp.com\/casadecampoliving.com\/wp-content\/uploads\/2022\/10\/dscn0930.jpg?resize=400%2C300&amp;ssl=1 400w, https:\/\/i0.wp.com\/casadecampoliving.com\/wp-content\/uploads\/2022\/10\/dscn0930.jpg?resize=200%2C150&amp;ssl=1 200w, https:\/\/i0.wp.com\/casadecampoliving.com\/wp-content\/uploads\/2022\/10\/dscn0930.jpg?resize=706%2C530&amp;ssl=1 706w, https:\/\/i0.wp.com\/casadecampoliving.com\/wp-content\/uploads\/2022\/10\/dscn0930.jpg?resize=150%2C113&amp;ssl=1 150w, https:\/\/i0.wp.com\/casadecampoliving.com\/wp-content\/uploads\/2022\/10\/dscn0930.jpg?w=370&amp;ssl=1 370w\" sizes=\"auto, (max-width: 800px) 100vw, 800px\" \/><\/figure>\n\n\n\n<figure class=\"wp-block-image size-large\"><img data-recalc-dims=\"1\" loading=\"lazy\" decoding=\"async\" width=\"800\" height=\"600\" data-id=\"369916\" src=\"https:\/\/i0.wp.com\/casadecampoliving.com\/wp-content\/uploads\/2022\/10\/dscn0932.jpg?resize=800%2C600&#038;ssl=1\" alt=\"\" class=\"wp-image-369916\" srcset=\"https:\/\/i0.wp.com\/casadecampoliving.com\/wp-content\/uploads\/2022\/10\/dscn0932.jpg?w=800&amp;ssl=1 800w, https:\/\/i0.wp.com\/casadecampoliving.com\/wp-content\/uploads\/2022\/10\/dscn0932.jpg?resize=300%2C225&amp;ssl=1 300w, https:\/\/i0.wp.com\/casadecampoliving.com\/wp-content\/uploads\/2022\/10\/dscn0932.jpg?resize=768%2C576&amp;ssl=1 768w, https:\/\/i0.wp.com\/casadecampoliving.com\/wp-content\/uploads\/2022\/10\/dscn0932.jpg?resize=400%2C300&amp;ssl=1 400w, https:\/\/i0.wp.com\/casadecampoliving.com\/wp-content\/uploads\/2022\/10\/dscn0932.jpg?resize=200%2C150&amp;ssl=1 200w, https:\/\/i0.wp.com\/casadecampoliving.com\/wp-content\/uploads\/2022\/10\/dscn0932.jpg?resize=706%2C530&amp;ssl=1 706w, https:\/\/i0.wp.com\/casadecampoliving.com\/wp-content\/uploads\/2022\/10\/dscn0932.jpg?resize=150%2C113&amp;ssl=1 150w, https:\/\/i0.wp.com\/casadecampoliving.com\/wp-content\/uploads\/2022\/10\/dscn0932.jpg?w=370&amp;ssl=1 370w\" sizes=\"auto, (max-width: 800px) 100vw, 800px\" \/><\/figure>\n\n\n\n<figure class=\"wp-block-image size-large\"><img data-recalc-dims=\"1\" loading=\"lazy\" decoding=\"async\" width=\"800\" height=\"600\" data-id=\"369918\" src=\"https:\/\/i0.wp.com\/casadecampoliving.com\/wp-content\/uploads\/2022\/10\/dscn0935.jpg?resize=800%2C600&#038;ssl=1\" alt=\"\" class=\"wp-image-369918\" srcset=\"https:\/\/i0.wp.com\/casadecampoliving.com\/wp-content\/uploads\/2022\/10\/dscn0935.jpg?w=800&amp;ssl=1 800w, https:\/\/i0.wp.com\/casadecampoliving.com\/wp-content\/uploads\/2022\/10\/dscn0935.jpg?resize=300%2C225&amp;ssl=1 300w, https:\/\/i0.wp.com\/casadecampoliving.com\/wp-content\/uploads\/2022\/10\/dscn0935.jpg?resize=768%2C576&amp;ssl=1 768w, https:\/\/i0.wp.com\/casadecampoliving.com\/wp-content\/uploads\/2022\/10\/dscn0935.jpg?resize=400%2C300&amp;ssl=1 400w, https:\/\/i0.wp.com\/casadecampoliving.com\/wp-content\/uploads\/2022\/10\/dscn0935.jpg?resize=200%2C150&amp;ssl=1 200w, https:\/\/i0.wp.com\/casadecampoliving.com\/wp-content\/uploads\/2022\/10\/dscn0935.jpg?resize=706%2C530&amp;ssl=1 706w, https:\/\/i0.wp.com\/casadecampoliving.com\/wp-content\/uploads\/2022\/10\/dscn0935.jpg?resize=150%2C113&amp;ssl=1 150w, https:\/\/i0.wp.com\/casadecampoliving.com\/wp-content\/uploads\/2022\/10\/dscn0935.jpg?w=370&amp;ssl=1 370w\" sizes=\"auto, (max-width: 800px) 100vw, 800px\" \/><\/figure>\n\n\n\n<figure class=\"wp-block-image size-large\"><img data-recalc-dims=\"1\" loading=\"lazy\" decoding=\"async\" width=\"800\" height=\"600\" data-id=\"369920\" src=\"https:\/\/i0.wp.com\/casadecampoliving.com\/wp-content\/uploads\/2022\/10\/dscn0937.jpg?resize=800%2C600&#038;ssl=1\" alt=\"\" class=\"wp-image-369920\" srcset=\"https:\/\/i0.wp.com\/casadecampoliving.com\/wp-content\/uploads\/2022\/10\/dscn0937.jpg?w=800&amp;ssl=1 800w, https:\/\/i0.wp.com\/casadecampoliving.com\/wp-content\/uploads\/2022\/10\/dscn0937.jpg?resize=300%2C225&amp;ssl=1 300w, https:\/\/i0.wp.com\/casadecampoliving.com\/wp-content\/uploads\/2022\/10\/dscn0937.jpg?resize=768%2C576&amp;ssl=1 768w, https:\/\/i0.wp.com\/casadecampoliving.com\/wp-content\/uploads\/2022\/10\/dscn0937.jpg?resize=400%2C300&amp;ssl=1 400w, https:\/\/i0.wp.com\/casadecampoliving.com\/wp-content\/uploads\/2022\/10\/dscn0937.jpg?resize=200%2C150&amp;ssl=1 200w, https:\/\/i0.wp.com\/casadecampoliving.com\/wp-content\/uploads\/2022\/10\/dscn0937.jpg?resize=706%2C530&amp;ssl=1 706w, https:\/\/i0.wp.com\/casadecampoliving.com\/wp-content\/uploads\/2022\/10\/dscn0937.jpg?resize=150%2C113&amp;ssl=1 150w, https:\/\/i0.wp.com\/casadecampoliving.com\/wp-content\/uploads\/2022\/10\/dscn0937.jpg?w=370&amp;ssl=1 370w\" sizes=\"auto, (max-width: 800px) 100vw, 800px\" \/><\/figure>\n\n\n\n<figure class=\"wp-block-image size-large\"><img data-recalc-dims=\"1\" loading=\"lazy\" decoding=\"async\" width=\"800\" height=\"600\" data-id=\"369922\" src=\"https:\/\/i0.wp.com\/casadecampoliving.com\/wp-content\/uploads\/2022\/10\/dscn0943.jpg?resize=800%2C600&#038;ssl=1\" alt=\"\" class=\"wp-image-369922\" srcset=\"https:\/\/i0.wp.com\/casadecampoliving.com\/wp-content\/uploads\/2022\/10\/dscn0943.jpg?w=800&amp;ssl=1 800w, https:\/\/i0.wp.com\/casadecampoliving.com\/wp-content\/uploads\/2022\/10\/dscn0943.jpg?resize=300%2C225&amp;ssl=1 300w, https:\/\/i0.wp.com\/casadecampoliving.com\/wp-content\/uploads\/2022\/10\/dscn0943.jpg?resize=768%2C576&amp;ssl=1 768w, https:\/\/i0.wp.com\/casadecampoliving.com\/wp-content\/uploads\/2022\/10\/dscn0943.jpg?resize=400%2C300&amp;ssl=1 400w, https:\/\/i0.wp.com\/casadecampoliving.com\/wp-content\/uploads\/2022\/10\/dscn0943.jpg?resize=200%2C150&amp;ssl=1 200w, https:\/\/i0.wp.com\/casadecampoliving.com\/wp-content\/uploads\/2022\/10\/dscn0943.jpg?resize=706%2C530&amp;ssl=1 706w, https:\/\/i0.wp.com\/casadecampoliving.com\/wp-content\/uploads\/2022\/10\/dscn0943.jpg?resize=150%2C113&amp;ssl=1 150w, https:\/\/i0.wp.com\/casadecampoliving.com\/wp-content\/uploads\/2022\/10\/dscn0943.jpg?w=370&amp;ssl=1 370w\" sizes=\"auto, (max-width: 800px) 100vw, 800px\" \/><\/figure>\n\n\n\n<figure class=\"wp-block-image size-large\"><img data-recalc-dims=\"1\" loading=\"lazy\" decoding=\"async\" width=\"600\" height=\"800\" data-id=\"369924\" src=\"https:\/\/i0.wp.com\/casadecampoliving.com\/wp-content\/uploads\/2022\/10\/dscn0945.jpg?resize=600%2C800&#038;ssl=1\" alt=\"\" class=\"wp-image-369924\" srcset=\"https:\/\/i0.wp.com\/casadecampoliving.com\/wp-content\/uploads\/2022\/10\/dscn0945.jpg?w=600&amp;ssl=1 600w, https:\/\/i0.wp.com\/casadecampoliving.com\/wp-content\/uploads\/2022\/10\/dscn0945.jpg?resize=225%2C300&amp;ssl=1 225w, https:\/\/i0.wp.com\/casadecampoliving.com\/wp-content\/uploads\/2022\/10\/dscn0945.jpg?resize=300%2C400&amp;ssl=1 300w, https:\/\/i0.wp.com\/casadecampoliving.com\/wp-content\/uploads\/2022\/10\/dscn0945.jpg?resize=150%2C200&amp;ssl=1 150w, https:\/\/i0.wp.com\/casadecampoliving.com\/wp-content\/uploads\/2022\/10\/dscn0945.jpg?resize=400%2C533&amp;ssl=1 400w, https:\/\/i0.wp.com\/casadecampoliving.com\/wp-content\/uploads\/2022\/10\/dscn0945.jpg?w=370&amp;ssl=1 370w\" sizes=\"auto, (max-width: 600px) 100vw, 600px\" \/><\/figure>\n<\/figure>\n\n\nThese photos were sent to us by Loz Westley, one of the new teachers at the Abraham Lincoln School and now (I hope) one of my new Casa de Campo Living photographers! Many thanks Loz!\n\n[nggallery id=511]\n\nIf you were unable to attend the inauguration, don\u2019t worry you will still be able to see the exhibition, which will remain in Chavon for one month. The art gallery is open daily from 9AM \u2013 6PM every day, except Tuesdays when it is closed.\n\n<a href=\"https:\/\/casadecampoliving.com\/2010\/09\/%E2%80%9Cmiradas-escrutadoras%E2%80%9D-new-art-exhibit-opens-thursday-9-september\/\" target=\"_self\" rel=\"noopener\">To read more about the artist, click here. <\/a>","protected":false},"excerpt":{"rendered":"<p>On Thursday the 8th of September the Altos de Chavon Cultural Center Foundation celebrated the inauguration of their new art exhibit \u2018Miradas Escrutadoras.\u2019<\/p>\n","protected":false},"author":31,"featured_media":236487,"comment_status":"closed","ping_status":"open","sticky":false,"template":"","format":"standard","meta":{"newspack_ads_suppress_ads":false,"newspack_popups_has_disabled_popups":false,"newspack_sponsor_sponsorship_scope":"","newspack_sponsor_native_byline_display":"inherit","newspack_sponsor_native_category_display":"inherit","newspack_sponsor_underwriter_style":"inherit","newspack_sponsor_underwriter_placement":"inherit","_newspack_byline_active":false,"_newspack_byline":"","newspack_hide_updated_date":false,"newspack_show_updated_date":false,"newspack_featured_image_position":"","newspack_post_subtitle":"","newspack_article_summary_title":"Overview:","newspack_article_summary":"","_jetpack_memberships_contains_paid_content":false,"footnotes":"","jetpack_publicize_message":"{title}\n\n{excerpt}\n\n{url}","jetpack_publicize_feature_enabled":true,"jetpack_social_post_already_shared":false,"jetpack_social_options":{"image_generator_settings":{"template":"highway","default_image_id":0,"font":"","enabled":false},"version":2},"_wpas_customize_per_network":false},"categories":[56,45,26820,75,51,44,14630,14624,14626],"tags":[321,311],"newspack_spnsrs_tax":[],"class_list":["post-319220","post","type-post","status-publish","format-standard","has-post-thumbnail","hentry","category-altos-de-chavon","category-art-and-culture","category-casa-de-campo-resort","category-dominican-republic","category-events-and-activities","category-featured","category-lifestyle","category-local-news","category-upcoming","tag-altos-de-chavon-art-gallery","tag-altos-de-chavon-school-of-design","entry"],"yoast_head":"<!-- This site is optimized with the Yoast SEO plugin v28.3 - https:\/\/yoast.com\/product\/yoast-seo-wordpress\/ -->\n<title>Celebrating the Inauguration of &#039;Miradas Escrutadoras&#039; at the Altos de Chav\u00f3n Art Gallery | Casa de Campo Living<\/title>\n<meta name=\"description\" content=\"On Thursday the 8th of September the Altos de Chavon Cultural Center Foundation celebrated the inauguration of their new art exhibit \u2018Miradas\" \/>\n<meta name=\"robots\" content=\"index, follow, max-snippet:-1, max-image-preview:large, max-video-preview:-1\" \/>\n<link rel=\"canonical\" href=\"https:\/\/casadecampoliving.com\/es\/celebrating-the-inauguration-of-miradas-escrutadoras-at-the-altos-de-chavon-art-gallery\/\" \/>\n<meta property=\"og:locale\" content=\"es_ES\" \/>\n<meta property=\"og:type\" content=\"article\" \/>\n<meta property=\"og:title\" content=\"Celebrating the Inauguration of &#039;Miradas Escrutadoras&#039; at the Altos de Chav\u00f3n Art Gallery | Casa de Campo Living\" \/>\n<meta property=\"og:description\" content=\"On Thursday the 8th of September the Altos de Chavon Cultural Center Foundation celebrated the inauguration of their new art exhibit \u2018Miradas\" \/>\n<meta property=\"og:url\" content=\"https:\/\/casadecampoliving.com\/es\/celebrating-the-inauguration-of-miradas-escrutadoras-at-the-altos-de-chavon-art-gallery\/\" \/>\n<meta property=\"og:site_name\" content=\"Casa de Campo Living\" \/>\n<meta property=\"article:publisher\" content=\"https:\/\/www.facebook.com\/casadecampoliving\" \/>\n<meta property=\"article:published_time\" content=\"2010-09-13T04:00:00+00:00\" \/>\n<meta property=\"article:modified_time\" content=\"2022-11-10T14:34:34+00:00\" \/>\n<meta property=\"og:image\" content=\"https:\/\/i0.wp.com\/casadecampoliving.com\/wp-content\/uploads\/2022\/10\/miradas_escrutadoras_altos_de_chavon_art_gallery-1-scaled.jpg?fit=2560%2C1600&ssl=1\" \/>\n\t<meta property=\"og:image:width\" content=\"2560\" \/>\n\t<meta property=\"og:image:height\" content=\"1600\" \/>\n\t<meta property=\"og:image:type\" content=\"image\/jpeg\" \/>\n<meta name=\"author\" content=\"Rebecca Silvestri\" \/>\n<meta name=\"twitter:card\" content=\"summary_large_image\" \/>\n<meta name=\"twitter:creator\" content=\"@cdcliving\" \/>\n<meta name=\"twitter:site\" content=\"@cdcliving\" \/>\n<meta name=\"twitter:label1\" content=\"Escrito por\" \/>\n\t<meta name=\"twitter:data1\" content=\"Rebecca Silvestri\" \/>\n\t<meta name=\"twitter:label2\" content=\"Tiempo de lectura\" \/>\n\t<meta name=\"twitter:data2\" content=\"1 minuto\" \/>\n<script type=\"application\/ld+json\" class=\"yoast-schema-graph\">{\"@context\":\"https:\\\/\\\/schema.org\",\"@graph\":[{\"@type\":\"Article\",\"@id\":\"https:\\\/\\\/casadecampoliving.com\\\/es\\\/celebrating-the-inauguration-of-miradas-escrutadoras-at-the-altos-de-chavon-art-gallery\\\/#article\",\"isPartOf\":{\"@id\":\"https:\\\/\\\/casadecampoliving.com\\\/es\\\/celebrating-the-inauguration-of-miradas-escrutadoras-at-the-altos-de-chavon-art-gallery\\\/\"},\"author\":{\"name\":\"Rebecca Silvestri\",\"@id\":\"https:\\\/\\\/casadecampoliving.com\\\/es\\\/#\\\/schema\\\/person\\\/2b2208f3175fa8761e25b272e096d718\"},\"headline\":\"Celebrating the Inauguration of &#8216;Miradas Escrutadoras&#8217; at the Altos de Chav\u00f3n Art Gallery\",\"datePublished\":\"2010-09-13T04:00:00+00:00\",\"dateModified\":\"2022-11-10T14:34:34+00:00\",\"mainEntityOfPage\":{\"@id\":\"https:\\\/\\\/casadecampoliving.com\\\/es\\\/celebrating-the-inauguration-of-miradas-escrutadoras-at-the-altos-de-chavon-art-gallery\\\/\"},\"wordCount\":256,\"publisher\":{\"@id\":\"https:\\\/\\\/casadecampoliving.com\\\/es\\\/#organization\"},\"image\":{\"@id\":\"https:\\\/\\\/casadecampoliving.com\\\/es\\\/celebrating-the-inauguration-of-miradas-escrutadoras-at-the-altos-de-chavon-art-gallery\\\/#primaryimage\"},\"thumbnailUrl\":\"https:\\\/\\\/i0.wp.com\\\/casadecampoliving.com\\\/wp-content\\\/uploads\\\/2022\\\/10\\\/miradas_escrutadoras_altos_de_chavon_art_gallery-1-scaled.jpg?fit=2560%2C1600&ssl=1\",\"keywords\":[\"Altos de Chavon Art Gallery\",\"Altos de Chavon School of Design\"],\"articleSection\":[\"Altos de Chavon\",\"Art and Culture\",\"Casa de Campo Resort\",\"Dominican Republic\",\"Events and Activities\",\"Featured\",\"Lifestyle\",\"Local News\",\"Upcoming\"],\"inLanguage\":\"es\"},{\"@type\":\"WebPage\",\"@id\":\"https:\\\/\\\/casadecampoliving.com\\\/es\\\/celebrating-the-inauguration-of-miradas-escrutadoras-at-the-altos-de-chavon-art-gallery\\\/\",\"url\":\"https:\\\/\\\/casadecampoliving.com\\\/es\\\/celebrating-the-inauguration-of-miradas-escrutadoras-at-the-altos-de-chavon-art-gallery\\\/\",\"name\":\"Celebrating the Inauguration of 'Miradas Escrutadoras' at the Altos de Chav\u00f3n Art Gallery | Casa de Campo Living\",\"isPartOf\":{\"@id\":\"https:\\\/\\\/casadecampoliving.com\\\/es\\\/#website\"},\"primaryImageOfPage\":{\"@id\":\"https:\\\/\\\/casadecampoliving.com\\\/es\\\/celebrating-the-inauguration-of-miradas-escrutadoras-at-the-altos-de-chavon-art-gallery\\\/#primaryimage\"},\"image\":{\"@id\":\"https:\\\/\\\/casadecampoliving.com\\\/es\\\/celebrating-the-inauguration-of-miradas-escrutadoras-at-the-altos-de-chavon-art-gallery\\\/#primaryimage\"},\"thumbnailUrl\":\"https:\\\/\\\/i0.wp.com\\\/casadecampoliving.com\\\/wp-content\\\/uploads\\\/2022\\\/10\\\/miradas_escrutadoras_altos_de_chavon_art_gallery-1-scaled.jpg?fit=2560%2C1600&ssl=1\",\"datePublished\":\"2010-09-13T04:00:00+00:00\",\"dateModified\":\"2022-11-10T14:34:34+00:00\",\"description\":\"On Thursday the 8th of September the Altos de Chavon Cultural Center Foundation celebrated the inauguration of their new art exhibit \u2018Miradas\",\"breadcrumb\":{\"@id\":\"https:\\\/\\\/casadecampoliving.com\\\/es\\\/celebrating-the-inauguration-of-miradas-escrutadoras-at-the-altos-de-chavon-art-gallery\\\/#breadcrumb\"},\"inLanguage\":\"es\",\"potentialAction\":[{\"@type\":\"ReadAction\",\"target\":[\"https:\\\/\\\/casadecampoliving.com\\\/es\\\/celebrating-the-inauguration-of-miradas-escrutadoras-at-the-altos-de-chavon-art-gallery\\\/\"]}]},{\"@type\":\"ImageObject\",\"inLanguage\":\"es\",\"@id\":\"https:\\\/\\\/casadecampoliving.com\\\/es\\\/celebrating-the-inauguration-of-miradas-escrutadoras-at-the-altos-de-chavon-art-gallery\\\/#primaryimage\",\"url\":\"https:\\\/\\\/i0.wp.com\\\/casadecampoliving.com\\\/wp-content\\\/uploads\\\/2022\\\/10\\\/miradas_escrutadoras_altos_de_chavon_art_gallery-1-scaled.jpg?fit=2560%2C1600&ssl=1\",\"contentUrl\":\"https:\\\/\\\/i0.wp.com\\\/casadecampoliving.com\\\/wp-content\\\/uploads\\\/2022\\\/10\\\/miradas_escrutadoras_altos_de_chavon_art_gallery-1-scaled.jpg?fit=2560%2C1600&ssl=1\",\"width\":2560,\"height\":1600},{\"@type\":\"BreadcrumbList\",\"@id\":\"https:\\\/\\\/casadecampoliving.com\\\/es\\\/celebrating-the-inauguration-of-miradas-escrutadoras-at-the-altos-de-chavon-art-gallery\\\/#breadcrumb\",\"itemListElement\":[{\"@type\":\"ListItem\",\"position\":1,\"name\":\"Home\",\"item\":\"https:\\\/\\\/casadecampoliving.com\\\/es\\\/\"},{\"@type\":\"ListItem\",\"position\":2,\"name\":\"Celebrating the Inauguration of &#8216;Miradas Escrutadoras&#8217; at the Altos de Chav\u00f3n Art Gallery\"}]},{\"@type\":\"WebSite\",\"@id\":\"https:\\\/\\\/casadecampoliving.com\\\/es\\\/#website\",\"url\":\"https:\\\/\\\/casadecampoliving.com\\\/es\\\/\",\"name\":\"Casa de Campo Living\",\"description\":\"Resort community news and resources.\",\"publisher\":{\"@id\":\"https:\\\/\\\/casadecampoliving.com\\\/es\\\/#organization\"},\"potentialAction\":[{\"@type\":\"SearchAction\",\"target\":{\"@type\":\"EntryPoint\",\"urlTemplate\":\"https:\\\/\\\/casadecampoliving.com\\\/es\\\/?s={search_term_string}\"},\"query-input\":{\"@type\":\"PropertyValueSpecification\",\"valueRequired\":true,\"valueName\":\"search_term_string\"}}],\"inLanguage\":\"es\"},{\"@type\":\"Organization\",\"@id\":\"https:\\\/\\\/casadecampoliving.com\\\/es\\\/#organization\",\"name\":\"Casa de Campo Living\",\"url\":\"https:\\\/\\\/casadecampoliving.com\\\/es\\\/\",\"logo\":{\"@type\":\"ImageObject\",\"inLanguage\":\"es\",\"@id\":\"https:\\\/\\\/casadecampoliving.com\\\/es\\\/#\\\/schema\\\/logo\\\/image\\\/\",\"url\":\"https:\\\/\\\/i0.wp.com\\\/casadecampoliving.com\\\/wp-content\\\/uploads\\\/2022\\\/07\\\/CDCLivingLogo_V1-white-sized.png?fit=800%2C214&ssl=1\",\"contentUrl\":\"https:\\\/\\\/i0.wp.com\\\/casadecampoliving.com\\\/wp-content\\\/uploads\\\/2022\\\/07\\\/CDCLivingLogo_V1-white-sized.png?fit=800%2C214&ssl=1\",\"width\":800,\"height\":214,\"caption\":\"Casa de Campo Living\"},\"image\":{\"@id\":\"https:\\\/\\\/casadecampoliving.com\\\/es\\\/#\\\/schema\\\/logo\\\/image\\\/\"},\"sameAs\":[\"https:\\\/\\\/www.facebook.com\\\/casadecampoliving\",\"https:\\\/\\\/x.com\\\/cdcliving\"]},{\"@type\":\"Person\",\"@id\":\"https:\\\/\\\/casadecampoliving.com\\\/es\\\/#\\\/schema\\\/person\\\/2b2208f3175fa8761e25b272e096d718\",\"name\":\"Rebecca Silvestri\",\"image\":{\"@type\":\"ImageObject\",\"inLanguage\":\"es\",\"@id\":\"https:\\\/\\\/secure.gravatar.com\\\/avatar\\\/2d937fd6c1769fb718dbf8dce9e82bf5f89e97bd028f9b3ea10b931dc7df95c6?s=96&d=mm&r=g\",\"url\":\"https:\\\/\\\/secure.gravatar.com\\\/avatar\\\/2d937fd6c1769fb718dbf8dce9e82bf5f89e97bd028f9b3ea10b931dc7df95c6?s=96&d=mm&r=g\",\"contentUrl\":\"https:\\\/\\\/secure.gravatar.com\\\/avatar\\\/2d937fd6c1769fb718dbf8dce9e82bf5f89e97bd028f9b3ea10b931dc7df95c6?s=96&d=mm&r=g\",\"caption\":\"Rebecca Silvestri\"},\"url\":\"https:\\\/\\\/casadecampoliving.com\\\/es\\\/author\\\/madamehuge\\\/\"}]}<\/script>\n<!-- \/ Yoast SEO plugin. -->","yoast_head_json":{"title":"Celebrating the Inauguration of 'Miradas Escrutadoras' at the Altos de Chav\u00f3n Art Gallery | Casa de Campo Living","description":"On Thursday the 8th of September the Altos de Chavon Cultural Center Foundation celebrated the inauguration of their new art exhibit \u2018Miradas","robots":{"index":"index","follow":"follow","max-snippet":"max-snippet:-1","max-image-preview":"max-image-preview:large","max-video-preview":"max-video-preview:-1"},"canonical":"https:\/\/casadecampoliving.com\/es\/celebrating-the-inauguration-of-miradas-escrutadoras-at-the-altos-de-chavon-art-gallery\/","og_locale":"es_ES","og_type":"article","og_title":"Celebrating the Inauguration of 'Miradas Escrutadoras' at the Altos de Chav\u00f3n Art Gallery | Casa de Campo Living","og_description":"On Thursday the 8th of September the Altos de Chavon Cultural Center Foundation celebrated the inauguration of their new art exhibit \u2018Miradas","og_url":"https:\/\/casadecampoliving.com\/es\/celebrating-the-inauguration-of-miradas-escrutadoras-at-the-altos-de-chavon-art-gallery\/","og_site_name":"Casa de Campo Living","article_publisher":"https:\/\/www.facebook.com\/casadecampoliving","article_published_time":"2010-09-13T04:00:00+00:00","article_modified_time":"2022-11-10T14:34:34+00:00","og_image":[{"width":2560,"height":1600,"url":"https:\/\/i0.wp.com\/casadecampoliving.com\/wp-content\/uploads\/2022\/10\/miradas_escrutadoras_altos_de_chavon_art_gallery-1-scaled.jpg?fit=2560%2C1600&ssl=1","type":"image\/jpeg"}],"author":"Rebecca Silvestri","twitter_card":"summary_large_image","twitter_creator":"@cdcliving","twitter_site":"@cdcliving","twitter_misc":{"Escrito por":"Rebecca Silvestri","Tiempo de lectura":"1 minuto"},"schema":{"@context":"https:\/\/schema.org","@graph":[{"@type":"Article","@id":"https:\/\/casadecampoliving.com\/es\/celebrating-the-inauguration-of-miradas-escrutadoras-at-the-altos-de-chavon-art-gallery\/#article","isPartOf":{"@id":"https:\/\/casadecampoliving.com\/es\/celebrating-the-inauguration-of-miradas-escrutadoras-at-the-altos-de-chavon-art-gallery\/"},"author":{"name":"Rebecca Silvestri","@id":"https:\/\/casadecampoliving.com\/es\/#\/schema\/person\/2b2208f3175fa8761e25b272e096d718"},"headline":"Celebrating the Inauguration of &#8216;Miradas Escrutadoras&#8217; at the Altos de Chav\u00f3n Art Gallery","datePublished":"2010-09-13T04:00:00+00:00","dateModified":"2022-11-10T14:34:34+00:00","mainEntityOfPage":{"@id":"https:\/\/casadecampoliving.com\/es\/celebrating-the-inauguration-of-miradas-escrutadoras-at-the-altos-de-chavon-art-gallery\/"},"wordCount":256,"publisher":{"@id":"https:\/\/casadecampoliving.com\/es\/#organization"},"image":{"@id":"https:\/\/casadecampoliving.com\/es\/celebrating-the-inauguration-of-miradas-escrutadoras-at-the-altos-de-chavon-art-gallery\/#primaryimage"},"thumbnailUrl":"https:\/\/i0.wp.com\/casadecampoliving.com\/wp-content\/uploads\/2022\/10\/miradas_escrutadoras_altos_de_chavon_art_gallery-1-scaled.jpg?fit=2560%2C1600&ssl=1","keywords":["Altos de Chavon Art Gallery","Altos de Chavon School of Design"],"articleSection":["Altos de Chavon","Art and Culture","Casa de Campo Resort","Dominican Republic","Events and Activities","Featured","Lifestyle","Local News","Upcoming"],"inLanguage":"es"},{"@type":"WebPage","@id":"https:\/\/casadecampoliving.com\/es\/celebrating-the-inauguration-of-miradas-escrutadoras-at-the-altos-de-chavon-art-gallery\/","url":"https:\/\/casadecampoliving.com\/es\/celebrating-the-inauguration-of-miradas-escrutadoras-at-the-altos-de-chavon-art-gallery\/","name":"Celebrating the Inauguration of 'Miradas Escrutadoras' at the Altos de Chav\u00f3n Art Gallery | Casa de Campo Living","isPartOf":{"@id":"https:\/\/casadecampoliving.com\/es\/#website"},"primaryImageOfPage":{"@id":"https:\/\/casadecampoliving.com\/es\/celebrating-the-inauguration-of-miradas-escrutadoras-at-the-altos-de-chavon-art-gallery\/#primaryimage"},"image":{"@id":"https:\/\/casadecampoliving.com\/es\/celebrating-the-inauguration-of-miradas-escrutadoras-at-the-altos-de-chavon-art-gallery\/#primaryimage"},"thumbnailUrl":"https:\/\/i0.wp.com\/casadecampoliving.com\/wp-content\/uploads\/2022\/10\/miradas_escrutadoras_altos_de_chavon_art_gallery-1-scaled.jpg?fit=2560%2C1600&ssl=1","datePublished":"2010-09-13T04:00:00+00:00","dateModified":"2022-11-10T14:34:34+00:00","description":"On Thursday the 8th of September the Altos de Chavon Cultural Center Foundation celebrated the inauguration of their new art exhibit \u2018Miradas","breadcrumb":{"@id":"https:\/\/casadecampoliving.com\/es\/celebrating-the-inauguration-of-miradas-escrutadoras-at-the-altos-de-chavon-art-gallery\/#breadcrumb"},"inLanguage":"es","potentialAction":[{"@type":"ReadAction","target":["https:\/\/casadecampoliving.com\/es\/celebrating-the-inauguration-of-miradas-escrutadoras-at-the-altos-de-chavon-art-gallery\/"]}]},{"@type":"ImageObject","inLanguage":"es","@id":"https:\/\/casadecampoliving.com\/es\/celebrating-the-inauguration-of-miradas-escrutadoras-at-the-altos-de-chavon-art-gallery\/#primaryimage","url":"https:\/\/i0.wp.com\/casadecampoliving.com\/wp-content\/uploads\/2022\/10\/miradas_escrutadoras_altos_de_chavon_art_gallery-1-scaled.jpg?fit=2560%2C1600&ssl=1","contentUrl":"https:\/\/i0.wp.com\/casadecampoliving.com\/wp-content\/uploads\/2022\/10\/miradas_escrutadoras_altos_de_chavon_art_gallery-1-scaled.jpg?fit=2560%2C1600&ssl=1","width":2560,"height":1600},{"@type":"BreadcrumbList","@id":"https:\/\/casadecampoliving.com\/es\/celebrating-the-inauguration-of-miradas-escrutadoras-at-the-altos-de-chavon-art-gallery\/#breadcrumb","itemListElement":[{"@type":"ListItem","position":1,"name":"Home","item":"https:\/\/casadecampoliving.com\/es\/"},{"@type":"ListItem","position":2,"name":"Celebrating the Inauguration of &#8216;Miradas Escrutadoras&#8217; at the Altos de Chav\u00f3n Art Gallery"}]},{"@type":"WebSite","@id":"https:\/\/casadecampoliving.com\/es\/#website","url":"https:\/\/casadecampoliving.com\/es\/","name":"Casa de Campo Living","description":"Resort community news and resources.","publisher":{"@id":"https:\/\/casadecampoliving.com\/es\/#organization"},"potentialAction":[{"@type":"SearchAction","target":{"@type":"EntryPoint","urlTemplate":"https:\/\/casadecampoliving.com\/es\/?s={search_term_string}"},"query-input":{"@type":"PropertyValueSpecification","valueRequired":true,"valueName":"search_term_string"}}],"inLanguage":"es"},{"@type":"Organization","@id":"https:\/\/casadecampoliving.com\/es\/#organization","name":"Casa de Campo Living","url":"https:\/\/casadecampoliving.com\/es\/","logo":{"@type":"ImageObject","inLanguage":"es","@id":"https:\/\/casadecampoliving.com\/es\/#\/schema\/logo\/image\/","url":"https:\/\/i0.wp.com\/casadecampoliving.com\/wp-content\/uploads\/2022\/07\/CDCLivingLogo_V1-white-sized.png?fit=800%2C214&ssl=1","contentUrl":"https:\/\/i0.wp.com\/casadecampoliving.com\/wp-content\/uploads\/2022\/07\/CDCLivingLogo_V1-white-sized.png?fit=800%2C214&ssl=1","width":800,"height":214,"caption":"Casa de Campo Living"},"image":{"@id":"https:\/\/casadecampoliving.com\/es\/#\/schema\/logo\/image\/"},"sameAs":["https:\/\/www.facebook.com\/casadecampoliving","https:\/\/x.com\/cdcliving"]},{"@type":"Person","@id":"https:\/\/casadecampoliving.com\/es\/#\/schema\/person\/2b2208f3175fa8761e25b272e096d718","name":"Rebecca Silvestri","image":{"@type":"ImageObject","inLanguage":"es","@id":"https:\/\/secure.gravatar.com\/avatar\/2d937fd6c1769fb718dbf8dce9e82bf5f89e97bd028f9b3ea10b931dc7df95c6?s=96&d=mm&r=g","url":"https:\/\/secure.gravatar.com\/avatar\/2d937fd6c1769fb718dbf8dce9e82bf5f89e97bd028f9b3ea10b931dc7df95c6?s=96&d=mm&r=g","contentUrl":"https:\/\/secure.gravatar.com\/avatar\/2d937fd6c1769fb718dbf8dce9e82bf5f89e97bd028f9b3ea10b931dc7df95c6?s=96&d=mm&r=g","caption":"Rebecca Silvestri"},"url":"https:\/\/casadecampoliving.com\/es\/author\/madamehuge\/"}]}},"parsely":{"version":"1.1.0","canonical_url":"https:\/\/casadecampoliving.com\/es\/celebrating-the-inauguration-of-miradas-escrutadoras-at-the-altos-de-chavon-art-gallery\/","smart_links":{"inbound":0,"outbound":0},"traffic_boost_suggestions_count":0,"meta":{"@context":"https:\/\/schema.org","@type":"NewsArticle","headline":"Celebrating the Inauguration of &#8216;Miradas Escrutadoras&#8217; at the Altos de Chav\u00f3n Art Gallery","url":"http:\/\/casadecampoliving.com\/es\/celebrating-the-inauguration-of-miradas-escrutadoras-at-the-altos-de-chavon-art-gallery\/","mainEntityOfPage":{"@type":"WebPage","@id":"http:\/\/casadecampoliving.com\/es\/celebrating-the-inauguration-of-miradas-escrutadoras-at-the-altos-de-chavon-art-gallery\/"},"thumbnailUrl":"https:\/\/i0.wp.com\/casadecampoliving.com\/wp-content\/uploads\/2022\/10\/miradas_escrutadoras_altos_de_chavon_art_gallery-1-scaled.jpg?resize=150%2C150&ssl=1","image":{"@type":"ImageObject","url":"https:\/\/i0.wp.com\/casadecampoliving.com\/wp-content\/uploads\/2022\/10\/miradas_escrutadoras_altos_de_chavon_art_gallery-1-scaled.jpg?fit=2560%2C1600&ssl=1"},"articleSection":"Altos de Chavon","author":[{"@type":"Person","name":"Rebecca Silvestri"}],"creator":["Rebecca Silvestri"],"publisher":{"@type":"Organization","name":"Casa de Campo Living","logo":"https:\/\/casadecampoliving.com\/wp-content\/uploads\/2022\/07\/CDCLivingLogo_V1-white-sized.png"},"keywords":["altos de chavon art gallery","altos de chavon school of design"],"dateCreated":"2010-09-13T04:00:00Z","datePublished":"2010-09-13T04:00:00Z","dateModified":"2022-11-10T14:34:34Z"},"rendered":"<meta name=\"parsely-title\" content=\"Celebrating the Inauguration of &#8216;Miradas Escrutadoras&#8217; at the Altos de Chav\u00f3n Art Gallery\" \/>\n<meta name=\"parsely-link\" content=\"http:\/\/casadecampoliving.com\/es\/celebrating-the-inauguration-of-miradas-escrutadoras-at-the-altos-de-chavon-art-gallery\/\" \/>\n<meta name=\"parsely-type\" content=\"post\" \/>\n<meta name=\"parsely-image-url\" content=\"https:\/\/i0.wp.com\/casadecampoliving.com\/wp-content\/uploads\/2022\/10\/miradas_escrutadoras_altos_de_chavon_art_gallery-1-scaled.jpg?resize=150%2C150&amp;ssl=1\" \/>\n<meta name=\"parsely-pub-date\" content=\"2010-09-13T04:00:00Z\" \/>\n<meta name=\"parsely-section\" content=\"Altos de Chavon\" \/>\n<meta name=\"parsely-tags\" content=\"altos de chavon art gallery,altos de chavon school of design\" \/>\n<meta name=\"parsely-author\" content=\"Rebecca Silvestri\" \/>","tracker_url":"https:\/\/cdn.parsely.com\/keys\/casadecampoliving.com\/p.js"},"jetpack_publicize_connections":[],"jetpack-related-posts":[{"id":319176,"url":"https:\/\/casadecampoliving.com\/es\/miradas-escrutadoras-new-art-exhibit-opens-thursday-9-september\/","url_meta":{"origin":319220,"position":0},"title":"\u201cMiradas Escrutadoras\u201d new art exhibit opens Thursday 9 September","author":"Rebecca Silvestri","date":"6 Sep, 2010","format":false,"excerpt":"On Thursday the 9th of September, the Altos de Chavon art gallery will be celebrating the opening of a new art exhibit \u2013 \u2018Miradas Escrutadoras\u2019 with an inauguration cocktail, starting at 7.30pm. La Fundaci\u00f3n Centro Cultural Altos de Chav\u00f3n, se complace en invitarles a su pr\u00f3xima exposici\u00f3n \u201cMIRADAS ESCRUTADORAS\u201d, el\u2026","rel":"","context":"En \u00abAltos de Chavon\u00bb","block_context":{"text":"Altos de Chavon","link":"https:\/\/casadecampoliving.com\/category\/altos-de-chavon\/"},"img":{"alt_text":"","src":"https:\/\/i0.wp.com\/casadecampoliving.com\/wp-content\/uploads\/2022\/10\/altos_de_chavon_art_gallery-1.jpg?fit=493%2C285&ssl=1&resize=350%2C200","width":350,"height":200},"classes":[]},{"id":319701,"url":"https:\/\/casadecampoliving.com\/es\/celebrating-the-inauguration-the-new-art-exhibit-in-altos-de-chavon-by-aquiles-azar\/","url_meta":{"origin":319220,"position":1},"title":"Celebrating the inauguration the new art exhibit in Altos de Chav\u00f3n by Aquiles Azar","author":"Rebecca Silvestri","date":"31 Ene, 2011","format":false,"excerpt":"30 years after his first exhibit in Altos de Chav\u00f3n Aquiles Azar made a stunning come back with a fantastic and varied exhibit of paintings at the Altos de Chav\u00f3n art gallery. The inauguration cocktail was held on Friday the 21st of January at the Altos de Chav\u00f3n art gallery\u2026","rel":"","context":"En \u00abAltos de Chavon\u00bb","block_context":{"text":"Altos de Chavon","link":"https:\/\/casadecampoliving.com\/category\/altos-de-chavon\/"},"img":{"alt_text":"","src":"https:\/\/i0.wp.com\/casadecampoliving.com\/wp-content\/uploads\/2022\/10\/altos_de_chavon_artgallery-1.jpg?fit=565%2C300&ssl=1&resize=350%2C200","width":350,"height":200,"srcset":"https:\/\/i0.wp.com\/casadecampoliving.com\/wp-content\/uploads\/2022\/10\/altos_de_chavon_artgallery-1.jpg?fit=565%2C300&ssl=1&resize=350%2C200 1x, https:\/\/i0.wp.com\/casadecampoliving.com\/wp-content\/uploads\/2022\/10\/altos_de_chavon_artgallery-1.jpg?fit=565%2C300&ssl=1&resize=525%2C300 1.5x"},"classes":[]},{"id":320739,"url":"https:\/\/casadecampoliving.com\/celebrating-the-inauguration-of-new-art-exhibit-psychology-of-nature-in-altos-de-chavon\/","url_meta":{"origin":319220,"position":2},"title":"Celebrating the Inauguration of new Art Exhibit \u201cPsychology of nature\u201d in Altos de Chav\u00f3n!","author":"Rebecca Silvestri","date":"25 Nov, 2011","format":false,"excerpt":"On Wednesday the 23rd of November, the Altos de Chav\u00f3n art gallery celebrated the opening of it's newest art exhibit\u00a0\u201cPsychology of nature.\u201d To inaugurate the new exhibit by Dominican Artist Juan Carlos Reyes from Santiago, the Altos de Chav\u00f3n gallery hosted an official opening and welcomed the\u00a0Altos de Chav\u00f3n artistic\u2026","rel":"","context":"En \u00abAltos de Chavon\u00bb","block_context":{"text":"Altos de Chavon","link":"https:\/\/casadecampoliving.com\/category\/altos-de-chavon\/"},"img":{"alt_text":"art altos de chavon","src":"https:\/\/i0.wp.com\/casadecampoliving.com\/wp-content\/uploads\/2022\/10\/art_altos_de_chavon4-1.jpg?fit=650%2C364&ssl=1&resize=350%2C200","width":350,"height":200,"srcset":"https:\/\/i0.wp.com\/casadecampoliving.com\/wp-content\/uploads\/2022\/10\/art_altos_de_chavon4-1.jpg?fit=650%2C364&ssl=1&resize=350%2C200 1x, https:\/\/i0.wp.com\/casadecampoliving.com\/wp-content\/uploads\/2022\/10\/art_altos_de_chavon4-1.jpg?fit=650%2C364&ssl=1&resize=525%2C300 1.5x"},"classes":[]},{"id":320591,"url":"https:\/\/casadecampoliving.com\/celebrating-the-inauguration-of-new-art-exhibit-tierra-y-tiempo-in-altos-de-chavon\/","url_meta":{"origin":319220,"position":3},"title":"Celebrating the Inauguration of new Art Exhibit \u201cTierra y Tiempo\u201d in Altos de Chav\u00f3n!","author":"Rebecca Silvestri","date":"21 Oct, 2011","format":false,"excerpt":"Last Friday the 14th of October, the Altos de Chav\u00f3n artistic community, as well as the Casa de Campo and La Romana communities celebrated the opening of a new art exhibit \"Tierra y Tiempo\" in the Altos de Chav\u00f3n art gallery. The new exhibit being presented by Dominican artist Natalia\u2026","rel":"","context":"En \u00abAltos de Chavon\u00bb","block_context":{"text":"Altos de Chavon","link":"https:\/\/casadecampoliving.com\/category\/altos-de-chavon\/"},"img":{"alt_text":"art exhibit altos de chavon","src":"https:\/\/i0.wp.com\/casadecampoliving.com\/wp-content\/uploads\/2022\/10\/art_altos_de_chavon1-6.jpg?fit=565%2C252&ssl=1&resize=350%2C200","width":350,"height":200,"srcset":"https:\/\/i0.wp.com\/casadecampoliving.com\/wp-content\/uploads\/2022\/10\/art_altos_de_chavon1-6.jpg?fit=565%2C252&ssl=1&resize=350%2C200 1x, https:\/\/i0.wp.com\/casadecampoliving.com\/wp-content\/uploads\/2022\/10\/art_altos_de_chavon1-6.jpg?fit=565%2C252&ssl=1&resize=525%2C300 1.5x"},"classes":[]},{"id":319129,"url":"https:\/\/casadecampoliving.com\/es\/inauguration-of-virgenes-del-tropico-at-the-altos-de-chavon-art-gallery\/","url_meta":{"origin":319220,"position":4},"title":"Inauguration of &#8216;Virgenes del Tr\u00f3pico&#8217; at the Altos de Chavon art gallery","author":"Rebecca Silvestri","date":"10 Ago, 2010","format":false,"excerpt":"On Thursday the 5th of August the Altos de Chavon Cultural Center Foundation celebrated the inauguration of their new art exhibit 'Virgenes del Tr\u00f3pico.' The exhibiting artist is Carlos Santiago, a young artist from Puerto Rico, who was present at the opening welcoming Casa de Campo's many art aficionados and\u2026","rel":"","context":"En \u00abAltos de Chavon\u00bb","block_context":{"text":"Altos de Chavon","link":"https:\/\/casadecampoliving.com\/category\/altos-de-chavon\/"},"img":{"alt_text":"","src":"https:\/\/i0.wp.com\/casadecampoliving.com\/wp-content\/uploads\/2022\/10\/carlos_santiago-1.jpg?fit=565%2C387&ssl=1&resize=350%2C200","width":350,"height":200,"srcset":"https:\/\/i0.wp.com\/casadecampoliving.com\/wp-content\/uploads\/2022\/10\/carlos_santiago-1.jpg?fit=565%2C387&ssl=1&resize=350%2C200 1x, https:\/\/i0.wp.com\/casadecampoliving.com\/wp-content\/uploads\/2022\/10\/carlos_santiago-1.jpg?fit=565%2C387&ssl=1&resize=525%2C300 1.5x"},"classes":[]},{"id":319484,"url":"https:\/\/casadecampoliving.com\/celebrating-the-inauguration-of-aa-at-the-altos-de-chavon-art-gallery\/","url_meta":{"origin":319220,"position":5},"title":"Celebrating the Inauguration of \u2018AA\u2019 at the Altos de Chavon Art Gallery","author":"Rebecca Silvestri","date":"18 Nov, 2010","format":false,"excerpt":"Last Thursday the 11th of November, the new art exhibit 'AA' was inaugurated at the Altos de Chav\u00f3n main gallery with welcome cocktail for the event's many guests; friends and family of artists, Alexander Lumsden and Argenis Lebron, as well as many Casa de Campo residents and Altos de Chav\u00f3n's\u2026","rel":"","context":"En \u00abAltos de Chavon\u00bb","block_context":{"text":"Altos de Chavon","link":"https:\/\/casadecampoliving.com\/category\/altos-de-chavon\/"},"img":{"alt_text":"","src":"https:\/\/i0.wp.com\/casadecampoliving.com\/wp-content\/uploads\/2022\/10\/artists_en_residencia_altos_de_chavon-1.jpg?fit=565%2C424&ssl=1&resize=350%2C200","width":350,"height":200,"srcset":"https:\/\/i0.wp.com\/casadecampoliving.com\/wp-content\/uploads\/2022\/10\/artists_en_residencia_altos_de_chavon-1.jpg?fit=565%2C424&ssl=1&resize=350%2C200 1x, https:\/\/i0.wp.com\/casadecampoliving.com\/wp-content\/uploads\/2022\/10\/artists_en_residencia_altos_de_chavon-1.jpg?fit=565%2C424&ssl=1&resize=525%2C300 1.5x"},"classes":[]}],"jetpack_sharing_enabled":true,"jetpack_featured_media_url":"https:\/\/i0.wp.com\/casadecampoliving.com\/wp-content\/uploads\/2022\/10\/miradas_escrutadoras_altos_de_chavon_art_gallery-1-scaled.jpg?fit=2560%2C1600&ssl=1","_links":{"self":[{"href":"https:\/\/casadecampoliving.com\/es\/wp-json\/wp\/v2\/posts\/319220","targetHints":{"allow":["GET"]}}],"collection":[{"href":"https:\/\/casadecampoliving.com\/es\/wp-json\/wp\/v2\/posts"}],"about":[{"href":"https:\/\/casadecampoliving.com\/es\/wp-json\/wp\/v2\/types\/post"}],"author":[{"embeddable":true,"href":"https:\/\/casadecampoliving.com\/es\/wp-json\/wp\/v2\/users\/31"}],"replies":[{"embeddable":true,"href":"https:\/\/casadecampoliving.com\/es\/wp-json\/wp\/v2\/comments?post=319220"}],"version-history":[{"count":2,"href":"https:\/\/casadecampoliving.com\/es\/wp-json\/wp\/v2\/posts\/319220\/revisions"}],"predecessor-version":[{"id":507528,"href":"https:\/\/casadecampoliving.com\/es\/wp-json\/wp\/v2\/posts\/319220\/revisions\/507528"}],"wp:featuredmedia":[{"embeddable":true,"href":"https:\/\/casadecampoliving.com\/es\/wp-json\/wp\/v2\/media\/236487"}],"wp:attachment":[{"href":"https:\/\/casadecampoliving.com\/es\/wp-json\/wp\/v2\/media?parent=319220"}],"wp:term":[{"taxonomy":"category","embeddable":true,"href":"https:\/\/casadecampoliving.com\/es\/wp-json\/wp\/v2\/categories?post=319220"},{"taxonomy":"post_tag","embeddable":true,"href":"https:\/\/casadecampoliving.com\/es\/wp-json\/wp\/v2\/tags?post=319220"},{"taxonomy":"newspack_spnsrs_tax","embeddable":true,"href":"https:\/\/casadecampoliving.com\/es\/wp-json\/wp\/v2\/newspack_spnsrs_tax?post=319220"}],"curies":[{"name":"wp","href":"https:\/\/api.w.org\/{rel}","templated":true}]}}