{"id":319024,"date":"2010-07-09T00:00:00","date_gmt":"2010-07-09T04:00:00","guid":{"rendered":"https:\/\/casadecampoliving.com\/its-official-alejandro-sanz-is-coming-to-chavon-ticket-prices-here\/"},"modified":"2022-10-21T17:55:42","modified_gmt":"2022-10-21T21:55:42","slug":"its-official-alejandro-sanz-is-coming-to-chavon-ticket-prices-here","status":"publish","type":"post","link":"https:\/\/casadecampoliving.com\/es\/its-official-alejandro-sanz-is-coming-to-chavon-ticket-prices-here\/","title":{"rendered":"It&#8217;s Official: Alejandro Sanz IS coming to Chavon! Ticket prices here!"},"content":{"rendered":"<div class=\"wp-block-image\">\n<figure class=\"aligncenter is-resized\"><img loading=\"lazy\" decoding=\"async\" src=\"https:\/\/i0.wp.com\/casadecampoliving.com\/wp-content\/uploads\/2022\/10\/Screen-shot-2010-07-09-at-12.27.11.png?resize=339%2C340&amp;ssl=1\" alt=\"Screen shot 2010-07-09 at 12.27.11\" class=\"wp-image-18617\" title=\"Screen shot 2010-07-09 at 12.27.11\" height=\"340\" width=\"339\"\/><\/figure>\n<\/div>\n\n\n<p>We have literally just been informed (officially) that on Sunday the 15th on August, Alejandro Sanz will be performing in the Altos de Chavon amphitheater. <strong>(Abajo en Espa\u00f1ol.)<\/strong><\/p>\n\n\n\n<!--more-->\n\n\n\n<p>The concert, part of his \u2018Para\u00edso Tour\u2019 is being brought to Altos de Chavon by Saymon Diaz of SD Concerts and will be without a doubt a spectacular performance!<\/p>\n\n\n\n<p>Alejandro Sanz, from Spain is one of the most internationally successful latino artists of all time, and has sold more than 21 million CD\u2019s throughout his career and has published 11 albums. Sanz musical career started in the 1990\u2019s in Spain, but it wasn\u2019t until 1997, with the launch of his album \u2018M\u00e1s\u2019 that he achieved world fame.<\/p>\n\n\n\n<p>\u2018Para\u00edso Tour\u2019 is Sanz\u2019s 8th International tour with dates in cities across Latin America, Spain and the USA.<\/p>\n\n\n\n<blockquote class=\"wp-block-quote is-layout-flow wp-block-quote-is-layout-flow\"><p>Tickets will be on sale soon at the Casa de Campo concierge desk and UEPA tickets.<\/p><p><strong><span style=\"text-decoration: underline;\">Ticket Prices:<\/span><\/strong><\/p><p>General Entrance: RD$2,500<br>\nVIP: RD$5,000<br>\nSpecial Guest: RD$8,000<\/p><\/blockquote>\n\n\n\n<p>Don\u2019t know who Alejandro Sanz is?<a href=\"http:\/\/en.wikipedia.org\/wiki\/Alejandro_Sanz\" target=\"_blank\" rel=\"noopener\"> Click here to read all about him! <\/a><\/p>\n\n\n\n<p>For all you Alejandro Sanz fans out there, here\u2019s a video of him singing \u2018Desde Cuando\u2019 &nbsp;(and for all you none-fans, listen and learn to love!)<\/p>\n\n\n\n<p><object width=\"480\" height=\"385\"><param name=\"movie\" value=\"http:\/\/www.youtube.com\/v\/LfQrm1S4K-I&amp;hl=en_US&amp;fs=1\"><param name=\"allowFullScreen\" value=\"true\"><param name=\"allowscriptaccess\" value=\"always\"><\/object><\/p>\n\n\n\n<p><strong>ESPA\u00d1OL<\/strong><\/p>\n\n\n\n<p>Por este medio les informamos que el pr\u00f3ximo Domingo 15 de Agosto\/10, se estar\u00e1 presentando en el Anfiteatro de Altos de Chavon, el afamado artista ALEJANDRO SANZ, bajo una producci\u00f3n de SD concerts.<\/p>\n\n\n\n<p>Alejandro Sanz es uno de los artistas latinos con m\u00e1s \u00e9xito a nivel internacional. Ha vendido m\u00e1s de 21 millones de discos durante su carrera y es el artista espa\u00f1ol que m\u00e1s Premios Grammy\u2019s ha ganado (17 latinos y 2 americanos). Cuenta con once \u00e1lbumes publicados, de los cuales, todos han obtenido el disco de Platino.<\/p>\n\n\n\n<p>Comenz\u00f3 su carrera musical en Espa\u00f1a en los 90 con un primer trabajo \u201cViviendo Deprisa\u201d, que se convirti\u00f3 en el disco m\u00e1s vendido en su a\u00f1o, al que le siguieron otros dos \u00e1lbumes de gran \u00e9xito: \u201cSi t\u00fa me miras\u201d y \u201cAlejandro Sanz 3\u201d. Fue con su \u00e1lbum \u201cM\u00e1s\u201d, en 1997, con el que alcanz\u00f3 la fama mundial, al que le han seguido \u201cNo es lo mismo\u201d, \u201cEl tren de los momentos\u201d y el reciente \u201cPara\u00edso Express\u201d, en los que ha realizado importantes colaboraciones con artistas como Shakira, The Corrs o Alicia Keys.<\/p>\n\n\n\n<p>En 2010 comienza la octava gira internacional en su carrera, TOUR PARA\u00cdSO, con la que recorrer\u00e1 los principales recintos de Latinoam\u00e9rica, Espa\u00f1a y Estados Unidos.<\/p>\n\n\n\n<p>En Alejandro Sanz (Madrid, 1968) se cumple acertadamente el encuentro entre la modernidad y la tradici\u00f3n. Dichas impresiones se manifiestan a trav\u00e9s de una discograf\u00eda contundente en la que afirma su muy particular gesto esc\u00e9nico, \u00e9se en el que la voz se rompe para cumplir con las expectativas sentimentales de quienes escuchan.  Para mas informaci\u00f3n pueden visitar la pagina www.alejandrosanz.com<\/p>\n\n\n\n<p>Las boletas estaran a la venta en los proximos dias, a traves de UEPA Tickets y el Depto. de Concierge en Casa de Campo.<br>\nLos precios son:<br>\nEntrada General    RD$2,500.00<br>\nVip                    RD$5,000.00<br>\nSpecial Guest       RD$8,000.00<\/p>\n","protected":false},"excerpt":{"rendered":"<p>We have literally just been informed (officially) that on Sunday the 15th on August, Alejandro Sanz will be performing in the Altos de Chavon amphitheater. (Abajo en Espa\u00f1ol.)<\/p>\n","protected":false},"author":31,"featured_media":220248,"comment_status":"closed","ping_status":"open","sticky":false,"template":"","format":"standard","meta":{"newspack_ads_suppress_ads":false,"newspack_popups_has_disabled_popups":false,"newspack_sponsor_sponsorship_scope":"","newspack_sponsor_native_byline_display":"inherit","newspack_sponsor_native_category_display":"inherit","newspack_sponsor_underwriter_style":"inherit","newspack_sponsor_underwriter_placement":"inherit","_newspack_byline_active":false,"_newspack_byline":"","newspack_hide_updated_date":false,"newspack_show_updated_date":false,"newspack_content_restriction_is_exempt":false,"newspack_featured_image_position":"","newspack_post_subtitle":"","newspack_article_summary_title":"Overview:","newspack_article_summary":"","_jetpack_memberships_contains_paid_content":false,"footnotes":"","jetpack_publicize_message":"","jetpack_publicize_feature_enabled":true,"jetpack_social_post_already_shared":false,"jetpack_social_options":{"image_generator_settings":{"template":"highway","default_image_id":0,"font":"","enabled":false},"version":2},"_wpas_customize_per_network":false},"categories":[56,26820,80,52,51,44,43,14630,14624,14626],"tags":[352,13808,452],"newspack_spnsrs_tax":[],"class_list":["post-319024","post","type-post","status-publish","format-standard","has-post-thumbnail","hentry","category-altos-de-chavon","category-casa-de-campo-resort","category-celebs","category-concerts","category-events-and-activities","category-featured","category-headline","category-lifestyle","category-local-news","category-upcoming","tag-altos-de-chavon-amphitheater","tag-concerts","tag-sd-concerts","entry"],"yoast_head":"<!-- This site is optimized with the Yoast SEO plugin v27.5 - https:\/\/yoast.com\/product\/yoast-seo-wordpress\/ -->\n<title>It&#039;s Official: Alejandro Sanz IS coming to Chavon! Ticket prices here! | Casa de Campo Living<\/title>\n<meta name=\"description\" content=\"We have literally just been informed (officially) that on Sunday the 15th on August, Alejandro Sanz will be performing in the Altos de Chavon\" \/>\n<meta name=\"robots\" content=\"index, follow, max-snippet:-1, max-image-preview:large, max-video-preview:-1\" \/>\n<link rel=\"canonical\" href=\"https:\/\/casadecampoliving.com\/es\/its-official-alejandro-sanz-is-coming-to-chavon-ticket-prices-here\/\" \/>\n<meta property=\"og:locale\" content=\"es_ES\" \/>\n<meta property=\"og:type\" content=\"article\" \/>\n<meta property=\"og:title\" content=\"It&#039;s Official: Alejandro Sanz IS coming to Chavon! Ticket prices here! | Casa de Campo Living\" \/>\n<meta property=\"og:description\" content=\"We have literally just been informed (officially) that on Sunday the 15th on August, Alejandro Sanz will be performing in the Altos de Chavon\" \/>\n<meta property=\"og:url\" content=\"https:\/\/casadecampoliving.com\/es\/its-official-alejandro-sanz-is-coming-to-chavon-ticket-prices-here\/\" \/>\n<meta property=\"og:site_name\" content=\"Casa de Campo Living\" \/>\n<meta property=\"article:publisher\" content=\"https:\/\/www.facebook.com\/casadecampoliving\" \/>\n<meta property=\"article:published_time\" content=\"2010-07-09T04:00:00+00:00\" \/>\n<meta property=\"article:modified_time\" content=\"2022-10-21T21:55:42+00:00\" \/>\n<meta property=\"og:image\" content=\"https:\/\/i0.wp.com\/casadecampoliving.com\/wp-content\/uploads\/2022\/10\/Screen-shot-2010-07-09-at-12.27.11-1.png?fit=339%2C340&ssl=1\" \/>\n\t<meta property=\"og:image:width\" content=\"339\" \/>\n\t<meta property=\"og:image:height\" content=\"340\" \/>\n\t<meta property=\"og:image:type\" content=\"image\/png\" \/>\n<meta name=\"author\" content=\"Rebecca Silvestri\" \/>\n<meta name=\"twitter:card\" content=\"summary_large_image\" \/>\n<meta name=\"twitter:creator\" content=\"@cdcliving\" \/>\n<meta name=\"twitter:site\" content=\"@cdcliving\" \/>\n<meta name=\"twitter:label1\" content=\"Escrito por\" \/>\n\t<meta name=\"twitter:data1\" content=\"Rebecca Silvestri\" \/>\n\t<meta name=\"twitter:label2\" content=\"Tiempo de lectura\" \/>\n\t<meta name=\"twitter:data2\" content=\"3 minutos\" \/>\n<script type=\"application\/ld+json\" class=\"yoast-schema-graph\">{\"@context\":\"https:\\\/\\\/schema.org\",\"@graph\":[{\"@type\":\"Article\",\"@id\":\"https:\\\/\\\/casadecampoliving.com\\\/es\\\/its-official-alejandro-sanz-is-coming-to-chavon-ticket-prices-here\\\/#article\",\"isPartOf\":{\"@id\":\"https:\\\/\\\/casadecampoliving.com\\\/es\\\/its-official-alejandro-sanz-is-coming-to-chavon-ticket-prices-here\\\/\"},\"author\":{\"name\":\"Rebecca Silvestri\",\"@id\":\"https:\\\/\\\/casadecampoliving.com\\\/es\\\/#\\\/schema\\\/person\\\/2b2208f3175fa8761e25b272e096d718\"},\"headline\":\"It&#8217;s Official: Alejandro Sanz IS coming to Chavon! Ticket prices here!\",\"datePublished\":\"2010-07-09T04:00:00+00:00\",\"dateModified\":\"2022-10-21T21:55:42+00:00\",\"mainEntityOfPage\":{\"@id\":\"https:\\\/\\\/casadecampoliving.com\\\/es\\\/its-official-alejandro-sanz-is-coming-to-chavon-ticket-prices-here\\\/\"},\"wordCount\":534,\"publisher\":{\"@id\":\"https:\\\/\\\/casadecampoliving.com\\\/es\\\/#organization\"},\"image\":{\"@id\":\"https:\\\/\\\/casadecampoliving.com\\\/es\\\/its-official-alejandro-sanz-is-coming-to-chavon-ticket-prices-here\\\/#primaryimage\"},\"thumbnailUrl\":\"https:\\\/\\\/i0.wp.com\\\/casadecampoliving.com\\\/wp-content\\\/uploads\\\/2022\\\/10\\\/Screen-shot-2010-07-09-at-12.27.11-1.png?fit=339%2C340&ssl=1\",\"keywords\":[\"Altos de Chavon Amphitheater\",\"Concerts\",\"SD Concerts\"],\"articleSection\":[\"Altos de Chavon\",\"Casa de Campo Resort\",\"Celebs\",\"Concerts\",\"Events and Activities\",\"Featured\",\"Headline\",\"Lifestyle\",\"Local News\",\"Upcoming\"],\"inLanguage\":\"es\"},{\"@type\":\"WebPage\",\"@id\":\"https:\\\/\\\/casadecampoliving.com\\\/es\\\/its-official-alejandro-sanz-is-coming-to-chavon-ticket-prices-here\\\/\",\"url\":\"https:\\\/\\\/casadecampoliving.com\\\/es\\\/its-official-alejandro-sanz-is-coming-to-chavon-ticket-prices-here\\\/\",\"name\":\"It's Official: Alejandro Sanz IS coming to Chavon! Ticket prices here! | Casa de Campo Living\",\"isPartOf\":{\"@id\":\"https:\\\/\\\/casadecampoliving.com\\\/es\\\/#website\"},\"primaryImageOfPage\":{\"@id\":\"https:\\\/\\\/casadecampoliving.com\\\/es\\\/its-official-alejandro-sanz-is-coming-to-chavon-ticket-prices-here\\\/#primaryimage\"},\"image\":{\"@id\":\"https:\\\/\\\/casadecampoliving.com\\\/es\\\/its-official-alejandro-sanz-is-coming-to-chavon-ticket-prices-here\\\/#primaryimage\"},\"thumbnailUrl\":\"https:\\\/\\\/i0.wp.com\\\/casadecampoliving.com\\\/wp-content\\\/uploads\\\/2022\\\/10\\\/Screen-shot-2010-07-09-at-12.27.11-1.png?fit=339%2C340&ssl=1\",\"datePublished\":\"2010-07-09T04:00:00+00:00\",\"dateModified\":\"2022-10-21T21:55:42+00:00\",\"description\":\"We have literally just been informed (officially) that on Sunday the 15th on August, Alejandro Sanz will be performing in the Altos de Chavon\",\"breadcrumb\":{\"@id\":\"https:\\\/\\\/casadecampoliving.com\\\/es\\\/its-official-alejandro-sanz-is-coming-to-chavon-ticket-prices-here\\\/#breadcrumb\"},\"inLanguage\":\"es\",\"potentialAction\":[{\"@type\":\"ReadAction\",\"target\":[\"https:\\\/\\\/casadecampoliving.com\\\/es\\\/its-official-alejandro-sanz-is-coming-to-chavon-ticket-prices-here\\\/\"]}]},{\"@type\":\"ImageObject\",\"inLanguage\":\"es\",\"@id\":\"https:\\\/\\\/casadecampoliving.com\\\/es\\\/its-official-alejandro-sanz-is-coming-to-chavon-ticket-prices-here\\\/#primaryimage\",\"url\":\"https:\\\/\\\/i0.wp.com\\\/casadecampoliving.com\\\/wp-content\\\/uploads\\\/2022\\\/10\\\/Screen-shot-2010-07-09-at-12.27.11-1.png?fit=339%2C340&ssl=1\",\"contentUrl\":\"https:\\\/\\\/i0.wp.com\\\/casadecampoliving.com\\\/wp-content\\\/uploads\\\/2022\\\/10\\\/Screen-shot-2010-07-09-at-12.27.11-1.png?fit=339%2C340&ssl=1\",\"width\":339,\"height\":340},{\"@type\":\"BreadcrumbList\",\"@id\":\"https:\\\/\\\/casadecampoliving.com\\\/es\\\/its-official-alejandro-sanz-is-coming-to-chavon-ticket-prices-here\\\/#breadcrumb\",\"itemListElement\":[{\"@type\":\"ListItem\",\"position\":1,\"name\":\"Home\",\"item\":\"https:\\\/\\\/casadecampoliving.com\\\/es\\\/\"},{\"@type\":\"ListItem\",\"position\":2,\"name\":\"It&#8217;s Official: Alejandro Sanz IS coming to Chavon! Ticket prices here!\"}]},{\"@type\":\"WebSite\",\"@id\":\"https:\\\/\\\/casadecampoliving.com\\\/es\\\/#website\",\"url\":\"https:\\\/\\\/casadecampoliving.com\\\/es\\\/\",\"name\":\"Casa de Campo Living\",\"description\":\"Resort community news and resources.\",\"publisher\":{\"@id\":\"https:\\\/\\\/casadecampoliving.com\\\/es\\\/#organization\"},\"potentialAction\":[{\"@type\":\"SearchAction\",\"target\":{\"@type\":\"EntryPoint\",\"urlTemplate\":\"https:\\\/\\\/casadecampoliving.com\\\/es\\\/?s={search_term_string}\"},\"query-input\":{\"@type\":\"PropertyValueSpecification\",\"valueRequired\":true,\"valueName\":\"search_term_string\"}}],\"inLanguage\":\"es\"},{\"@type\":\"Organization\",\"@id\":\"https:\\\/\\\/casadecampoliving.com\\\/es\\\/#organization\",\"name\":\"Casa de Campo Living\",\"url\":\"https:\\\/\\\/casadecampoliving.com\\\/es\\\/\",\"logo\":{\"@type\":\"ImageObject\",\"inLanguage\":\"es\",\"@id\":\"https:\\\/\\\/casadecampoliving.com\\\/es\\\/#\\\/schema\\\/logo\\\/image\\\/\",\"url\":\"https:\\\/\\\/i0.wp.com\\\/casadecampoliving.com\\\/wp-content\\\/uploads\\\/2022\\\/07\\\/CDCLivingLogo_V1-white-sized.png?fit=800%2C214&ssl=1\",\"contentUrl\":\"https:\\\/\\\/i0.wp.com\\\/casadecampoliving.com\\\/wp-content\\\/uploads\\\/2022\\\/07\\\/CDCLivingLogo_V1-white-sized.png?fit=800%2C214&ssl=1\",\"width\":800,\"height\":214,\"caption\":\"Casa de Campo Living\"},\"image\":{\"@id\":\"https:\\\/\\\/casadecampoliving.com\\\/es\\\/#\\\/schema\\\/logo\\\/image\\\/\"},\"sameAs\":[\"https:\\\/\\\/www.facebook.com\\\/casadecampoliving\",\"https:\\\/\\\/x.com\\\/cdcliving\"]},{\"@type\":\"Person\",\"@id\":\"https:\\\/\\\/casadecampoliving.com\\\/es\\\/#\\\/schema\\\/person\\\/2b2208f3175fa8761e25b272e096d718\",\"name\":\"Rebecca Silvestri\",\"image\":{\"@type\":\"ImageObject\",\"inLanguage\":\"es\",\"@id\":\"https:\\\/\\\/secure.gravatar.com\\\/avatar\\\/2d937fd6c1769fb718dbf8dce9e82bf5f89e97bd028f9b3ea10b931dc7df95c6?s=96&d=mm&r=g\",\"url\":\"https:\\\/\\\/secure.gravatar.com\\\/avatar\\\/2d937fd6c1769fb718dbf8dce9e82bf5f89e97bd028f9b3ea10b931dc7df95c6?s=96&d=mm&r=g\",\"contentUrl\":\"https:\\\/\\\/secure.gravatar.com\\\/avatar\\\/2d937fd6c1769fb718dbf8dce9e82bf5f89e97bd028f9b3ea10b931dc7df95c6?s=96&d=mm&r=g\",\"caption\":\"Rebecca Silvestri\"},\"url\":\"https:\\\/\\\/casadecampoliving.com\\\/es\\\/author\\\/madamehuge\\\/\"}]}<\/script>\n<!-- \/ Yoast SEO plugin. -->","yoast_head_json":{"title":"It's Official: Alejandro Sanz IS coming to Chavon! Ticket prices here! | Casa de Campo Living","description":"We have literally just been informed (officially) that on Sunday the 15th on August, Alejandro Sanz will be performing in the Altos de Chavon","robots":{"index":"index","follow":"follow","max-snippet":"max-snippet:-1","max-image-preview":"max-image-preview:large","max-video-preview":"max-video-preview:-1"},"canonical":"https:\/\/casadecampoliving.com\/es\/its-official-alejandro-sanz-is-coming-to-chavon-ticket-prices-here\/","og_locale":"es_ES","og_type":"article","og_title":"It's Official: Alejandro Sanz IS coming to Chavon! Ticket prices here! | Casa de Campo Living","og_description":"We have literally just been informed (officially) that on Sunday the 15th on August, Alejandro Sanz will be performing in the Altos de Chavon","og_url":"https:\/\/casadecampoliving.com\/es\/its-official-alejandro-sanz-is-coming-to-chavon-ticket-prices-here\/","og_site_name":"Casa de Campo Living","article_publisher":"https:\/\/www.facebook.com\/casadecampoliving","article_published_time":"2010-07-09T04:00:00+00:00","article_modified_time":"2022-10-21T21:55:42+00:00","og_image":[{"width":339,"height":340,"url":"https:\/\/i0.wp.com\/casadecampoliving.com\/wp-content\/uploads\/2022\/10\/Screen-shot-2010-07-09-at-12.27.11-1.png?fit=339%2C340&ssl=1","type":"image\/png"}],"author":"Rebecca Silvestri","twitter_card":"summary_large_image","twitter_creator":"@cdcliving","twitter_site":"@cdcliving","twitter_misc":{"Escrito por":"Rebecca Silvestri","Tiempo de lectura":"3 minutos"},"schema":{"@context":"https:\/\/schema.org","@graph":[{"@type":"Article","@id":"https:\/\/casadecampoliving.com\/es\/its-official-alejandro-sanz-is-coming-to-chavon-ticket-prices-here\/#article","isPartOf":{"@id":"https:\/\/casadecampoliving.com\/es\/its-official-alejandro-sanz-is-coming-to-chavon-ticket-prices-here\/"},"author":{"name":"Rebecca Silvestri","@id":"https:\/\/casadecampoliving.com\/es\/#\/schema\/person\/2b2208f3175fa8761e25b272e096d718"},"headline":"It&#8217;s Official: Alejandro Sanz IS coming to Chavon! Ticket prices here!","datePublished":"2010-07-09T04:00:00+00:00","dateModified":"2022-10-21T21:55:42+00:00","mainEntityOfPage":{"@id":"https:\/\/casadecampoliving.com\/es\/its-official-alejandro-sanz-is-coming-to-chavon-ticket-prices-here\/"},"wordCount":534,"publisher":{"@id":"https:\/\/casadecampoliving.com\/es\/#organization"},"image":{"@id":"https:\/\/casadecampoliving.com\/es\/its-official-alejandro-sanz-is-coming-to-chavon-ticket-prices-here\/#primaryimage"},"thumbnailUrl":"https:\/\/i0.wp.com\/casadecampoliving.com\/wp-content\/uploads\/2022\/10\/Screen-shot-2010-07-09-at-12.27.11-1.png?fit=339%2C340&ssl=1","keywords":["Altos de Chavon Amphitheater","Concerts","SD Concerts"],"articleSection":["Altos de Chavon","Casa de Campo Resort","Celebs","Concerts","Events and Activities","Featured","Headline","Lifestyle","Local News","Upcoming"],"inLanguage":"es"},{"@type":"WebPage","@id":"https:\/\/casadecampoliving.com\/es\/its-official-alejandro-sanz-is-coming-to-chavon-ticket-prices-here\/","url":"https:\/\/casadecampoliving.com\/es\/its-official-alejandro-sanz-is-coming-to-chavon-ticket-prices-here\/","name":"It's Official: Alejandro Sanz IS coming to Chavon! Ticket prices here! | Casa de Campo Living","isPartOf":{"@id":"https:\/\/casadecampoliving.com\/es\/#website"},"primaryImageOfPage":{"@id":"https:\/\/casadecampoliving.com\/es\/its-official-alejandro-sanz-is-coming-to-chavon-ticket-prices-here\/#primaryimage"},"image":{"@id":"https:\/\/casadecampoliving.com\/es\/its-official-alejandro-sanz-is-coming-to-chavon-ticket-prices-here\/#primaryimage"},"thumbnailUrl":"https:\/\/i0.wp.com\/casadecampoliving.com\/wp-content\/uploads\/2022\/10\/Screen-shot-2010-07-09-at-12.27.11-1.png?fit=339%2C340&ssl=1","datePublished":"2010-07-09T04:00:00+00:00","dateModified":"2022-10-21T21:55:42+00:00","description":"We have literally just been informed (officially) that on Sunday the 15th on August, Alejandro Sanz will be performing in the Altos de Chavon","breadcrumb":{"@id":"https:\/\/casadecampoliving.com\/es\/its-official-alejandro-sanz-is-coming-to-chavon-ticket-prices-here\/#breadcrumb"},"inLanguage":"es","potentialAction":[{"@type":"ReadAction","target":["https:\/\/casadecampoliving.com\/es\/its-official-alejandro-sanz-is-coming-to-chavon-ticket-prices-here\/"]}]},{"@type":"ImageObject","inLanguage":"es","@id":"https:\/\/casadecampoliving.com\/es\/its-official-alejandro-sanz-is-coming-to-chavon-ticket-prices-here\/#primaryimage","url":"https:\/\/i0.wp.com\/casadecampoliving.com\/wp-content\/uploads\/2022\/10\/Screen-shot-2010-07-09-at-12.27.11-1.png?fit=339%2C340&ssl=1","contentUrl":"https:\/\/i0.wp.com\/casadecampoliving.com\/wp-content\/uploads\/2022\/10\/Screen-shot-2010-07-09-at-12.27.11-1.png?fit=339%2C340&ssl=1","width":339,"height":340},{"@type":"BreadcrumbList","@id":"https:\/\/casadecampoliving.com\/es\/its-official-alejandro-sanz-is-coming-to-chavon-ticket-prices-here\/#breadcrumb","itemListElement":[{"@type":"ListItem","position":1,"name":"Home","item":"https:\/\/casadecampoliving.com\/es\/"},{"@type":"ListItem","position":2,"name":"It&#8217;s Official: Alejandro Sanz IS coming to Chavon! Ticket prices here!"}]},{"@type":"WebSite","@id":"https:\/\/casadecampoliving.com\/es\/#website","url":"https:\/\/casadecampoliving.com\/es\/","name":"Casa de Campo Living","description":"Resort community news and resources.","publisher":{"@id":"https:\/\/casadecampoliving.com\/es\/#organization"},"potentialAction":[{"@type":"SearchAction","target":{"@type":"EntryPoint","urlTemplate":"https:\/\/casadecampoliving.com\/es\/?s={search_term_string}"},"query-input":{"@type":"PropertyValueSpecification","valueRequired":true,"valueName":"search_term_string"}}],"inLanguage":"es"},{"@type":"Organization","@id":"https:\/\/casadecampoliving.com\/es\/#organization","name":"Casa de Campo Living","url":"https:\/\/casadecampoliving.com\/es\/","logo":{"@type":"ImageObject","inLanguage":"es","@id":"https:\/\/casadecampoliving.com\/es\/#\/schema\/logo\/image\/","url":"https:\/\/i0.wp.com\/casadecampoliving.com\/wp-content\/uploads\/2022\/07\/CDCLivingLogo_V1-white-sized.png?fit=800%2C214&ssl=1","contentUrl":"https:\/\/i0.wp.com\/casadecampoliving.com\/wp-content\/uploads\/2022\/07\/CDCLivingLogo_V1-white-sized.png?fit=800%2C214&ssl=1","width":800,"height":214,"caption":"Casa de Campo Living"},"image":{"@id":"https:\/\/casadecampoliving.com\/es\/#\/schema\/logo\/image\/"},"sameAs":["https:\/\/www.facebook.com\/casadecampoliving","https:\/\/x.com\/cdcliving"]},{"@type":"Person","@id":"https:\/\/casadecampoliving.com\/es\/#\/schema\/person\/2b2208f3175fa8761e25b272e096d718","name":"Rebecca Silvestri","image":{"@type":"ImageObject","inLanguage":"es","@id":"https:\/\/secure.gravatar.com\/avatar\/2d937fd6c1769fb718dbf8dce9e82bf5f89e97bd028f9b3ea10b931dc7df95c6?s=96&d=mm&r=g","url":"https:\/\/secure.gravatar.com\/avatar\/2d937fd6c1769fb718dbf8dce9e82bf5f89e97bd028f9b3ea10b931dc7df95c6?s=96&d=mm&r=g","contentUrl":"https:\/\/secure.gravatar.com\/avatar\/2d937fd6c1769fb718dbf8dce9e82bf5f89e97bd028f9b3ea10b931dc7df95c6?s=96&d=mm&r=g","caption":"Rebecca Silvestri"},"url":"https:\/\/casadecampoliving.com\/es\/author\/madamehuge\/"}]}},"parsely":{"version":"1.1.0","canonical_url":"https:\/\/casadecampoliving.com\/es\/its-official-alejandro-sanz-is-coming-to-chavon-ticket-prices-here\/","smart_links":{"inbound":0,"outbound":0},"traffic_boost_suggestions_count":0,"meta":{"@context":"https:\/\/schema.org","@type":"NewsArticle","headline":"It&#8217;s Official: Alejandro Sanz IS coming to Chavon! Ticket prices here!","url":"http:\/\/casadecampoliving.com\/es\/its-official-alejandro-sanz-is-coming-to-chavon-ticket-prices-here\/","mainEntityOfPage":{"@type":"WebPage","@id":"http:\/\/casadecampoliving.com\/es\/its-official-alejandro-sanz-is-coming-to-chavon-ticket-prices-here\/"},"thumbnailUrl":"https:\/\/i0.wp.com\/casadecampoliving.com\/wp-content\/uploads\/2022\/10\/Screen-shot-2010-07-09-at-12.27.11-1.png?resize=150%2C150&ssl=1","image":{"@type":"ImageObject","url":"https:\/\/i0.wp.com\/casadecampoliving.com\/wp-content\/uploads\/2022\/10\/Screen-shot-2010-07-09-at-12.27.11-1.png?fit=339%2C340&ssl=1"},"articleSection":"Altos de Chavon","author":[{"@type":"Person","name":"Rebecca Silvestri"}],"creator":["Rebecca Silvestri"],"publisher":{"@type":"Organization","name":"Casa de Campo Living","logo":"https:\/\/casadecampoliving.com\/wp-content\/uploads\/2022\/07\/CDCLivingLogo_V1-white-sized.png"},"keywords":["altos de chavon amphitheater","concerts","sd concerts"],"dateCreated":"2010-07-09T04:00:00Z","datePublished":"2010-07-09T04:00:00Z","dateModified":"2022-10-21T21:55:42Z"},"rendered":"<script type=\"application\/ld+json\" class=\"wp-parsely-metadata\">{\"@context\":\"https:\\\/\\\/schema.org\",\"@type\":\"NewsArticle\",\"headline\":\"It&#8217;s Official: Alejandro Sanz IS coming to Chavon! Ticket prices here!\",\"url\":\"http:\\\/\\\/casadecampoliving.com\\\/es\\\/its-official-alejandro-sanz-is-coming-to-chavon-ticket-prices-here\\\/\",\"mainEntityOfPage\":{\"@type\":\"WebPage\",\"@id\":\"http:\\\/\\\/casadecampoliving.com\\\/es\\\/its-official-alejandro-sanz-is-coming-to-chavon-ticket-prices-here\\\/\"},\"thumbnailUrl\":\"https:\\\/\\\/i0.wp.com\\\/casadecampoliving.com\\\/wp-content\\\/uploads\\\/2022\\\/10\\\/Screen-shot-2010-07-09-at-12.27.11-1.png?resize=150%2C150&ssl=1\",\"image\":{\"@type\":\"ImageObject\",\"url\":\"https:\\\/\\\/i0.wp.com\\\/casadecampoliving.com\\\/wp-content\\\/uploads\\\/2022\\\/10\\\/Screen-shot-2010-07-09-at-12.27.11-1.png?fit=339%2C340&ssl=1\"},\"articleSection\":\"Altos de Chavon\",\"author\":[{\"@type\":\"Person\",\"name\":\"Rebecca Silvestri\"}],\"creator\":[\"Rebecca Silvestri\"],\"publisher\":{\"@type\":\"Organization\",\"name\":\"Casa de Campo Living\",\"logo\":\"https:\\\/\\\/casadecampoliving.com\\\/wp-content\\\/uploads\\\/2022\\\/07\\\/CDCLivingLogo_V1-white-sized.png\"},\"keywords\":[\"altos de chavon amphitheater\",\"concerts\",\"sd concerts\"],\"dateCreated\":\"2010-07-09T04:00:00Z\",\"datePublished\":\"2010-07-09T04:00:00Z\",\"dateModified\":\"2022-10-21T21:55:42Z\"}<\/script>","tracker_url":"https:\/\/cdn.parsely.com\/keys\/casadecampoliving.com\/p.js"},"jetpack_publicize_connections":[],"jetpack_featured_media_url":"https:\/\/i0.wp.com\/casadecampoliving.com\/wp-content\/uploads\/2022\/10\/Screen-shot-2010-07-09-at-12.27.11-1.png?fit=339%2C340&ssl=1","jetpack-related-posts":[{"id":319002,"url":"https:\/\/casadecampoliving.com\/es\/rumor-alert-alejandro-sanz-coming-to-altos-de-chavon\/","url_meta":{"origin":319024,"position":0},"title":"Rumor Alert: Alejandro Sanz coming to Altos de Chavon","author":"Rebecca Silvestri","date":"23 Jun, 2010","format":false,"excerpt":"We have just heard news that Alejandro Sanz is coming to perform in the Altos de Chavon amphitheatre this August! IF this RUMOR is true then that would be VERY exciting news indeed! The news of this upcoming concert came straight from Alejandro Sanz himself \u2013 via his Twitter page,\u2026","rel":"","context":"En \u00abAltos de Chavon\u00bb","block_context":{"text":"Altos de Chavon","link":"https:\/\/casadecampoliving.com\/category\/altos-de-chavon\/"},"img":{"alt_text":"","src":"https:\/\/i0.wp.com\/casadecampoliving.com\/wp-content\/uploads\/2022\/10\/Alejandro_Sanz_-_Concierto_en_Buenos_Aires-1.jpg?fit=425%2C319&ssl=1&resize=350%2C200","width":350,"height":200},"classes":[]},{"id":319151,"url":"https:\/\/casadecampoliving.com\/es\/alejandro-sanz-en-concerto-mooortaaal\/","url_meta":{"origin":319024,"position":1},"title":"Alejandro Sanz en Concerto! Mooortaaal!","author":"Rebecca Silvestri","date":"21 Ago, 2010","format":false,"excerpt":"This past Sunday the 15th of August Alejandro Sanz brought the Altos de Chav\u00f3n amphitheatre to it's knees with a spectacular show being\u00a0heralded by some,\u00a0as the best this year! The popular Spanish singer was here performing as part of his 'Para\u00edso' tour, which has so far taken him across Europe\u2026","rel":"","context":"En \u00abAltos de Chavon\u00bb","block_context":{"text":"Altos de Chavon","link":"https:\/\/casadecampoliving.com\/category\/altos-de-chavon\/"},"img":{"alt_text":"","src":"https:\/\/i0.wp.com\/casadecampoliving.com\/wp-content\/uploads\/2022\/10\/Alejandro_Sanz_Altos_de_chavon-1.jpg?fit=604%2C453&ssl=1&resize=350%2C200","width":350,"height":200,"srcset":"https:\/\/i0.wp.com\/casadecampoliving.com\/wp-content\/uploads\/2022\/10\/Alejandro_Sanz_Altos_de_chavon-1.jpg?fit=604%2C453&ssl=1&resize=350%2C200 1x, https:\/\/i0.wp.com\/casadecampoliving.com\/wp-content\/uploads\/2022\/10\/Alejandro_Sanz_Altos_de_chavon-1.jpg?fit=604%2C453&ssl=1&resize=525%2C300 1.5x"},"classes":[]},{"id":323164,"url":"https:\/\/casadecampoliving.com\/live-concert-hard-rock-hotel-casino-march-22nd\/","url_meta":{"origin":319024,"position":2},"title":"Draco Rosa, Alejandro Sanz and Juan Luis Guerra at the Hard Rock Hotel &#038; Casino &#8211; March 22nd","author":"Perkin Agramonte","date":"26 Ene, 2014","format":false,"excerpt":"Save the date! Now that the Hard Rock Hotel & Casino in Punta Cana is just a short drive away (thank you Autopista del Coral), how can you resist a trip to see\u00a0Robi Draco Rosa, Alejandro Sanz and Juan Luis Guerra in concert this coming Saturday the 22nd of March!\u2026","rel":"","context":"En \u00abBars and Nightlife\u00bb","block_context":{"text":"Bars and Nightlife","link":"https:\/\/casadecampoliving.com\/category\/bars-and-nightlife\/"},"img":{"alt_text":"","src":"https:\/\/i0.wp.com\/casadecampoliving.com\/wp-content\/uploads\/2022\/10\/unnamed-2-1.jpg?fit=579%2C350&ssl=1&resize=350%2C200","width":350,"height":200,"srcset":"https:\/\/i0.wp.com\/casadecampoliving.com\/wp-content\/uploads\/2022\/10\/unnamed-2-1.jpg?fit=579%2C350&ssl=1&resize=350%2C200 1x, https:\/\/i0.wp.com\/casadecampoliving.com\/wp-content\/uploads\/2022\/10\/unnamed-2-1.jpg?fit=579%2C350&ssl=1&resize=525%2C300 1.5x"},"classes":[]},{"id":320113,"url":"https:\/\/casadecampoliving.com\/es\/confirmed-alejandro-fernandez-el-portillo-is-coming-to-chavon\/","url_meta":{"origin":319024,"position":3},"title":"Confirmed: Alejandro Fernandez &#8216;El Potrillo&#8217; is coming to Chav\u00f3n!","author":"Rebecca Silvestri","date":"31 May, 2011","format":false,"excerpt":"UPDATE: Monday 6th June, 10am \u2013 We have literally just heard that this concert has been \u2018postponed\u2019 until the end of August, as soon as we know more we will let you know! It\u2019s true! Mariachi-singing Mexican Alejandro Fernandez will be performing in the great Altos de Chav\u00f3n Amphitheatre really\u2026","rel":"","context":"En \u00abAltos de Chavon\u00bb","block_context":{"text":"Altos de Chavon","link":"https:\/\/casadecampoliving.com\/category\/altos-de-chavon\/"},"img":{"alt_text":"","src":"https:\/\/i0.wp.com\/casadecampoliving.com\/wp-content\/uploads\/2022\/10\/alejandro_fernandez_casadecampo_altosdechavon-1.jpg?fit=565%2C424&ssl=1&resize=350%2C200","width":350,"height":200,"srcset":"https:\/\/i0.wp.com\/casadecampoliving.com\/wp-content\/uploads\/2022\/10\/alejandro_fernandez_casadecampo_altosdechavon-1.jpg?fit=565%2C424&ssl=1&resize=350%2C200 1x, https:\/\/i0.wp.com\/casadecampoliving.com\/wp-content\/uploads\/2022\/10\/alejandro_fernandez_casadecampo_altosdechavon-1.jpg?fit=565%2C424&ssl=1&resize=525%2C300 1.5x"},"classes":[]},{"id":319094,"url":"https:\/\/casadecampoliving.com\/es\/la-piazetta-special-menus-14th-16th-august\/","url_meta":{"origin":319024,"position":4},"title":"La Piazetta Special Menus: 14th &#8211; 16th August","author":"Rebecca Silvestri","date":"8 Ago, 2010","format":false,"excerpt":"Casa de Campo\u2019s La Piazetta restaurant is one of my absolute favourites \u2013 the food is fabulous and I just love the romantic, rustic atmosphere. For this coming long weekend, the 14th to 16th of August La Piazetta is offering special set menus \u2013 featuring their classic and most delicious\u2026","rel":"","context":"En \u00abAltos de Chavon\u00bb","block_context":{"text":"Altos de Chavon","link":"https:\/\/casadecampoliving.com\/category\/altos-de-chavon\/"},"img":{"alt_text":"","src":"https:\/\/i0.wp.com\/casadecampoliving.com\/wp-content\/uploads\/2022\/10\/piazzetta-set-menu-14-y-16-de-agosto-1.jpg?fit=565%2C984&ssl=1&resize=350%2C200","width":350,"height":200,"srcset":"https:\/\/i0.wp.com\/casadecampoliving.com\/wp-content\/uploads\/2022\/10\/piazzetta-set-menu-14-y-16-de-agosto-1.jpg?fit=565%2C984&ssl=1&resize=350%2C200 1x, https:\/\/i0.wp.com\/casadecampoliving.com\/wp-content\/uploads\/2022\/10\/piazzetta-set-menu-14-y-16-de-agosto-1.jpg?fit=565%2C984&ssl=1&resize=525%2C300 1.5x"},"classes":[]},{"id":322274,"url":"https:\/\/casadecampoliving.com\/ricardo-arjonato-perform-for-first-time-at-the-altos-de-chavon-amphitheatre-on-june-8\/","url_meta":{"origin":319024,"position":5},"title":"Ricardo Arjona to perform for the first time at the Altos de Chavon Amphitheatre on June 8!","author":"Mairobi Herrera","date":"8 May, 2013","format":false,"excerpt":"Get ready friends, Ricardo Arjona is back in the Dominican Republic again and this time he will play for\u00a0the first time in the Altos de Chavon Amphitheater in Casa de Campo. Representatives of the Altos de Chavon Amphitheater confirmed to\u00a0casadecampoliving.com\u00a0\u00a0this morning that\u00a0the Guatemalan artist will be perform on this coming\u2026","rel":"","context":"En \u00abAltos de Chavon\u00bb","block_context":{"text":"Altos de Chavon","link":"https:\/\/casadecampoliving.com\/category\/altos-de-chavon\/"},"img":{"alt_text":"arjona anfiteatro concierto 2013","src":"https:\/\/i0.wp.com\/casadecampoliving.com\/wp-content\/uploads\/2022\/10\/Arjona_anfiteatro_concierto_20132.jpg?fit=650%2C350&ssl=1&resize=350%2C200","width":350,"height":200,"srcset":"https:\/\/i0.wp.com\/casadecampoliving.com\/wp-content\/uploads\/2022\/10\/Arjona_anfiteatro_concierto_20132.jpg?fit=650%2C350&ssl=1&resize=350%2C200 1x, https:\/\/i0.wp.com\/casadecampoliving.com\/wp-content\/uploads\/2022\/10\/Arjona_anfiteatro_concierto_20132.jpg?fit=650%2C350&ssl=1&resize=525%2C300 1.5x"},"classes":[]}],"jetpack_sharing_enabled":true,"_links":{"self":[{"href":"https:\/\/casadecampoliving.com\/es\/wp-json\/wp\/v2\/posts\/319024","targetHints":{"allow":["GET"]}}],"collection":[{"href":"https:\/\/casadecampoliving.com\/es\/wp-json\/wp\/v2\/posts"}],"about":[{"href":"https:\/\/casadecampoliving.com\/es\/wp-json\/wp\/v2\/types\/post"}],"author":[{"embeddable":true,"href":"https:\/\/casadecampoliving.com\/es\/wp-json\/wp\/v2\/users\/31"}],"replies":[{"embeddable":true,"href":"https:\/\/casadecampoliving.com\/es\/wp-json\/wp\/v2\/comments?post=319024"}],"version-history":[{"count":0,"href":"https:\/\/casadecampoliving.com\/es\/wp-json\/wp\/v2\/posts\/319024\/revisions"}],"wp:featuredmedia":[{"embeddable":true,"href":"https:\/\/casadecampoliving.com\/es\/wp-json\/wp\/v2\/media\/220248"}],"wp:attachment":[{"href":"https:\/\/casadecampoliving.com\/es\/wp-json\/wp\/v2\/media?parent=319024"}],"wp:term":[{"taxonomy":"category","embeddable":true,"href":"https:\/\/casadecampoliving.com\/es\/wp-json\/wp\/v2\/categories?post=319024"},{"taxonomy":"post_tag","embeddable":true,"href":"https:\/\/casadecampoliving.com\/es\/wp-json\/wp\/v2\/tags?post=319024"},{"taxonomy":"newspack_spnsrs_tax","embeddable":true,"href":"https:\/\/casadecampoliving.com\/es\/wp-json\/wp\/v2\/newspack_spnsrs_tax?post=319024"}],"curies":[{"name":"wp","href":"https:\/\/api.w.org\/{rel}","templated":true}]}}