{"id":318909,"date":"2010-06-20T00:00:00","date_gmt":"2010-06-20T04:00:00","guid":{"rendered":"https:\/\/casadecampoliving.com\/chavon-international-summer-2010-intensive-art-and-design-courses\/"},"modified":"2022-10-21T17:56:48","modified_gmt":"2022-10-21T21:56:48","slug":"chavon-international-summer-2010-intensive-art-and-design-courses","status":"publish","type":"post","link":"https:\/\/casadecampoliving.com\/es\/chavon-international-summer-2010-intensive-art-and-design-courses\/","title":{"rendered":"Chav\u00f3n International Summer 2010: Intensive art and design courses"},"content":{"rendered":"<div class=\"wp-block-image\">\n<figure class=\"aligncenter is-resized\"><img loading=\"lazy\" decoding=\"async\" src=\"https:\/\/i0.wp.com\/casadecampoliving.com\/wp-content\/uploads\/2022\/10\/Altos-de-Chavon-art-and-design-courses-casa-de-campo-living.jpg?resize=575%2C302&amp;ssl=1\" alt=\"Altos de Chavon, art and design courses - casa de campo living\" class=\"wp-image-17051\" title=\"Altos de Chavon, art and design courses - casa de campo living\" height=\"302\" width=\"575\"\/><\/figure>\n<\/div>\n\n\n<p>This summer the Altos de Chavon design school is opening it\u2019s doors for the general public to get creative with a wide range of art and design courses. The courses run all summer, with the first course starting on July 15th and the last ending on August the 20th. As you will see from the below flyer there is a huge range of courses on offer, everything from drawing, interior design and branding to graphic design, jewelry-making and art therapy.<\/p>\n\n\n\n<!--more-->\n\n\n\n<blockquote class=\"wp-block-quote is-layout-flow wp-block-quote-is-layout-flow\"><p>Each course runs for 1 or 2 weeks and prices are as follows:<\/p><p>One week courses cost: $500<br>\nTwo week courses cost: $800<br>\n(includes tuition, lodging and airport transfers if necessary)<\/p><p>If lodging and airport transfers are not necessary the cost is then:<br>\nOne week courses cost: $450<br>\nTwo week courses cost: $750<\/p><\/blockquote>\n\n\n\n<p>Since the courses are intensive, classes are held for 6 hours each day, five days per week.  Typically, classes run from 9am to 12pm, they break from 12pm to 2pm and begin anew from 2pm to 5pm.  This is a typical schedule, sometimes there are changes depending on the course and instructor.<\/p>\n\n\n\n<p>The program is focused on providing instruction on specific skills or general content related to art and design.  They are open to young high school students, university students, young professionals, hobbyists and people interested in art and design.<\/p>\n\n\n\n<p>Here is the schedule:<\/p>\n\n\n<div class=\"wp-block-image\">\n<figure class=\"aligncenter is-resized\"><a href=\"https:\/\/casadecampoliving.com\/2010\/06\/chavon-international-summer-2010-intensive-art-and-design-courses\/altos-de-chavon-art-and-design-courses-casa-de-campo-living-2\/\" rel=\"attachment wp-att-17053\"><img loading=\"lazy\" decoding=\"async\" src=\"https:\/\/i0.wp.com\/casadecampoliving.com\/wp-content\/uploads\/2022\/10\/Altos-de-Chavon-art-and-design-courses-casa-de-campo-living1.jpg?resize=575%2C355&amp;ssl=1\" alt=\"Altos de Chavon, art and design courses - casa de campo living\" class=\"wp-image-17053\" title=\"Altos de Chavon, art and design courses - casa de campo living\" height=\"355\" width=\"575\"\/><\/a><\/figure>\n<\/div>\n\n\n<p><a rel=\"attachment wp-att-17053\" href=\"https:\/\/casadecampoliving.com\/2010\/06\/chavon-international-summer-2010-intensive-art-and-design-courses\/altos-de-chavon-art-and-design-courses-casa-de-campo-living-2\/\">\n<\/a><\/p>\n\n\n\n<p><a rel=\"attachment wp-att-17053\" href=\"https:\/\/casadecampoliving.com\/2010\/06\/chavon-international-summer-2010-intensive-art-and-design-courses\/altos-de-chavon-art-and-design-courses-casa-de-campo-living-2\/\"><strong>For more information of to reserve a place on one of these courses, contact:<\/strong><\/a><\/p>\n\n\n\n<a rel=\"attachment wp-att-17053\" href=\"https:\/\/casadecampoliving.com\/2010\/06\/chavon-international-summer-2010-intensive-art-and-design-courses\/altos-de-chavon-art-and-design-courses-casa-de-campo-living-2\/\">\n<p><strong>Zoraida Reyes: 809.523.8011 or enroll at The School of Design offices in&nbsp;Altos de Chavon, above the Mercadito<\/strong><\/p>\n<\/a>\n\n\n\n<p><\/p>\n","protected":false},"excerpt":{"rendered":"<p>This summer the Altos de Chavon design school is opening it\u2019s doors for the general public to get creative with a wide range of art and design courses. The courses run all summer, with the first course starting on July 15th and the last ending on August the 20th. As you will see from the [&hellip;]<\/p>\n","protected":false},"author":31,"featured_media":261125,"comment_status":"closed","ping_status":"open","sticky":false,"template":"","format":"standard","meta":{"newspack_ads_suppress_ads":false,"newspack_popups_has_disabled_popups":false,"newspack_sponsor_sponsorship_scope":"","newspack_sponsor_native_byline_display":"inherit","newspack_sponsor_native_category_display":"inherit","newspack_sponsor_underwriter_style":"inherit","newspack_sponsor_underwriter_placement":"inherit","_newspack_byline_active":false,"_newspack_byline":"","newspack_hide_updated_date":false,"newspack_show_updated_date":false,"newspack_content_restriction_is_exempt":false,"newspack_featured_image_position":"","newspack_post_subtitle":"","newspack_article_summary_title":"Overview:","newspack_article_summary":"","_jetpack_memberships_contains_paid_content":false,"footnotes":"","jetpack_publicize_message":"","jetpack_publicize_feature_enabled":true,"jetpack_social_post_already_shared":false,"jetpack_social_options":{"image_generator_settings":{"template":"highway","default_image_id":0,"font":"","enabled":false},"version":2},"_wpas_customize_per_network":false},"categories":[56,45,51,44,14624,14626],"tags":[1043,1222],"newspack_spnsrs_tax":[],"class_list":["post-318909","post","type-post","status-publish","format-standard","has-post-thumbnail","hentry","category-altos-de-chavon","category-art-and-culture","category-events-and-activities","category-featured","category-local-news","category-upcoming","tag-altos-de-chavon-design-school","tag-summer-courses","entry"],"yoast_head":"<!-- This site is optimized with the Yoast SEO plugin v27.5 - https:\/\/yoast.com\/product\/yoast-seo-wordpress\/ -->\n<title>Chav\u00f3n International Summer 2010: Intensive art and design courses | Casa de Campo Living<\/title>\n<meta name=\"description\" content=\"This summer the Altos de Chavon design school is opening it\u2019s doors for the general public to get creative with a wide range of art and design courses.\" \/>\n<meta name=\"robots\" content=\"index, follow, max-snippet:-1, max-image-preview:large, max-video-preview:-1\" \/>\n<link rel=\"canonical\" href=\"https:\/\/casadecampoliving.com\/es\/chavon-international-summer-2010-intensive-art-and-design-courses\/\" \/>\n<meta property=\"og:locale\" content=\"es_ES\" \/>\n<meta property=\"og:type\" content=\"article\" \/>\n<meta property=\"og:title\" content=\"Chav\u00f3n International Summer 2010: Intensive art and design courses | Casa de Campo Living\" \/>\n<meta property=\"og:description\" content=\"This summer the Altos de Chavon design school is opening it\u2019s doors for the general public to get creative with a wide range of art and design courses.\" \/>\n<meta property=\"og:url\" content=\"https:\/\/casadecampoliving.com\/es\/chavon-international-summer-2010-intensive-art-and-design-courses\/\" \/>\n<meta property=\"og:site_name\" content=\"Casa de Campo Living\" \/>\n<meta property=\"article:publisher\" content=\"https:\/\/www.facebook.com\/casadecampoliving\" \/>\n<meta property=\"article:published_time\" content=\"2010-06-20T04:00:00+00:00\" \/>\n<meta property=\"article:modified_time\" content=\"2022-10-21T21:56:48+00:00\" \/>\n<meta property=\"og:image\" content=\"https:\/\/i0.wp.com\/casadecampoliving.com\/wp-content\/uploads\/2022\/10\/Altos-de-Chavon-art-and-design-courses-casa-de-campo-living-1.jpg?fit=575%2C302&ssl=1\" \/>\n\t<meta property=\"og:image:width\" content=\"575\" \/>\n\t<meta property=\"og:image:height\" content=\"302\" \/>\n\t<meta property=\"og:image:type\" content=\"image\/jpeg\" \/>\n<meta name=\"author\" content=\"Rebecca Silvestri\" \/>\n<meta name=\"twitter:card\" content=\"summary_large_image\" \/>\n<meta name=\"twitter:creator\" content=\"@cdcliving\" \/>\n<meta name=\"twitter:site\" content=\"@cdcliving\" \/>\n<meta name=\"twitter:label1\" content=\"Escrito por\" \/>\n\t<meta name=\"twitter:data1\" content=\"Rebecca Silvestri\" \/>\n\t<meta name=\"twitter:label2\" content=\"Tiempo de lectura\" \/>\n\t<meta name=\"twitter:data2\" content=\"1 minuto\" \/>\n<script type=\"application\/ld+json\" class=\"yoast-schema-graph\">{\"@context\":\"https:\\\/\\\/schema.org\",\"@graph\":[{\"@type\":\"Article\",\"@id\":\"https:\\\/\\\/casadecampoliving.com\\\/es\\\/chavon-international-summer-2010-intensive-art-and-design-courses\\\/#article\",\"isPartOf\":{\"@id\":\"https:\\\/\\\/casadecampoliving.com\\\/es\\\/chavon-international-summer-2010-intensive-art-and-design-courses\\\/\"},\"author\":{\"name\":\"Rebecca Silvestri\",\"@id\":\"https:\\\/\\\/casadecampoliving.com\\\/es\\\/#\\\/schema\\\/person\\\/2b2208f3175fa8761e25b272e096d718\"},\"headline\":\"Chav\u00f3n International Summer 2010: Intensive art and design courses\",\"datePublished\":\"2010-06-20T04:00:00+00:00\",\"dateModified\":\"2022-10-21T21:56:48+00:00\",\"mainEntityOfPage\":{\"@id\":\"https:\\\/\\\/casadecampoliving.com\\\/es\\\/chavon-international-summer-2010-intensive-art-and-design-courses\\\/\"},\"wordCount\":262,\"publisher\":{\"@id\":\"https:\\\/\\\/casadecampoliving.com\\\/es\\\/#organization\"},\"image\":{\"@id\":\"https:\\\/\\\/casadecampoliving.com\\\/es\\\/chavon-international-summer-2010-intensive-art-and-design-courses\\\/#primaryimage\"},\"thumbnailUrl\":\"https:\\\/\\\/i0.wp.com\\\/casadecampoliving.com\\\/wp-content\\\/uploads\\\/2022\\\/10\\\/Altos-de-Chavon-art-and-design-courses-casa-de-campo-living-1.jpg?fit=575%2C302&ssl=1\",\"keywords\":[\"altos de chavon design school\",\"summer courses\"],\"articleSection\":[\"Altos de Chavon\",\"Art and Culture\",\"Events and Activities\",\"Featured\",\"Local News\",\"Upcoming\"],\"inLanguage\":\"es\"},{\"@type\":\"WebPage\",\"@id\":\"https:\\\/\\\/casadecampoliving.com\\\/es\\\/chavon-international-summer-2010-intensive-art-and-design-courses\\\/\",\"url\":\"https:\\\/\\\/casadecampoliving.com\\\/es\\\/chavon-international-summer-2010-intensive-art-and-design-courses\\\/\",\"name\":\"Chav\u00f3n International Summer 2010: Intensive art and design courses | Casa de Campo Living\",\"isPartOf\":{\"@id\":\"https:\\\/\\\/casadecampoliving.com\\\/es\\\/#website\"},\"primaryImageOfPage\":{\"@id\":\"https:\\\/\\\/casadecampoliving.com\\\/es\\\/chavon-international-summer-2010-intensive-art-and-design-courses\\\/#primaryimage\"},\"image\":{\"@id\":\"https:\\\/\\\/casadecampoliving.com\\\/es\\\/chavon-international-summer-2010-intensive-art-and-design-courses\\\/#primaryimage\"},\"thumbnailUrl\":\"https:\\\/\\\/i0.wp.com\\\/casadecampoliving.com\\\/wp-content\\\/uploads\\\/2022\\\/10\\\/Altos-de-Chavon-art-and-design-courses-casa-de-campo-living-1.jpg?fit=575%2C302&ssl=1\",\"datePublished\":\"2010-06-20T04:00:00+00:00\",\"dateModified\":\"2022-10-21T21:56:48+00:00\",\"description\":\"This summer the Altos de Chavon design school is opening it\u2019s doors for the general public to get creative with a wide range of art and design courses.\",\"breadcrumb\":{\"@id\":\"https:\\\/\\\/casadecampoliving.com\\\/es\\\/chavon-international-summer-2010-intensive-art-and-design-courses\\\/#breadcrumb\"},\"inLanguage\":\"es\",\"potentialAction\":[{\"@type\":\"ReadAction\",\"target\":[\"https:\\\/\\\/casadecampoliving.com\\\/es\\\/chavon-international-summer-2010-intensive-art-and-design-courses\\\/\"]}]},{\"@type\":\"ImageObject\",\"inLanguage\":\"es\",\"@id\":\"https:\\\/\\\/casadecampoliving.com\\\/es\\\/chavon-international-summer-2010-intensive-art-and-design-courses\\\/#primaryimage\",\"url\":\"https:\\\/\\\/i0.wp.com\\\/casadecampoliving.com\\\/wp-content\\\/uploads\\\/2022\\\/10\\\/Altos-de-Chavon-art-and-design-courses-casa-de-campo-living-1.jpg?fit=575%2C302&ssl=1\",\"contentUrl\":\"https:\\\/\\\/i0.wp.com\\\/casadecampoliving.com\\\/wp-content\\\/uploads\\\/2022\\\/10\\\/Altos-de-Chavon-art-and-design-courses-casa-de-campo-living-1.jpg?fit=575%2C302&ssl=1\",\"width\":575,\"height\":302},{\"@type\":\"BreadcrumbList\",\"@id\":\"https:\\\/\\\/casadecampoliving.com\\\/es\\\/chavon-international-summer-2010-intensive-art-and-design-courses\\\/#breadcrumb\",\"itemListElement\":[{\"@type\":\"ListItem\",\"position\":1,\"name\":\"Home\",\"item\":\"https:\\\/\\\/casadecampoliving.com\\\/es\\\/\"},{\"@type\":\"ListItem\",\"position\":2,\"name\":\"Chav\u00f3n International Summer 2010: Intensive art and design courses\"}]},{\"@type\":\"WebSite\",\"@id\":\"https:\\\/\\\/casadecampoliving.com\\\/es\\\/#website\",\"url\":\"https:\\\/\\\/casadecampoliving.com\\\/es\\\/\",\"name\":\"Casa de Campo Living\",\"description\":\"Resort community news and resources.\",\"publisher\":{\"@id\":\"https:\\\/\\\/casadecampoliving.com\\\/es\\\/#organization\"},\"potentialAction\":[{\"@type\":\"SearchAction\",\"target\":{\"@type\":\"EntryPoint\",\"urlTemplate\":\"https:\\\/\\\/casadecampoliving.com\\\/es\\\/?s={search_term_string}\"},\"query-input\":{\"@type\":\"PropertyValueSpecification\",\"valueRequired\":true,\"valueName\":\"search_term_string\"}}],\"inLanguage\":\"es\"},{\"@type\":\"Organization\",\"@id\":\"https:\\\/\\\/casadecampoliving.com\\\/es\\\/#organization\",\"name\":\"Casa de Campo Living\",\"url\":\"https:\\\/\\\/casadecampoliving.com\\\/es\\\/\",\"logo\":{\"@type\":\"ImageObject\",\"inLanguage\":\"es\",\"@id\":\"https:\\\/\\\/casadecampoliving.com\\\/es\\\/#\\\/schema\\\/logo\\\/image\\\/\",\"url\":\"https:\\\/\\\/i0.wp.com\\\/casadecampoliving.com\\\/wp-content\\\/uploads\\\/2022\\\/07\\\/CDCLivingLogo_V1-white-sized.png?fit=800%2C214&ssl=1\",\"contentUrl\":\"https:\\\/\\\/i0.wp.com\\\/casadecampoliving.com\\\/wp-content\\\/uploads\\\/2022\\\/07\\\/CDCLivingLogo_V1-white-sized.png?fit=800%2C214&ssl=1\",\"width\":800,\"height\":214,\"caption\":\"Casa de Campo Living\"},\"image\":{\"@id\":\"https:\\\/\\\/casadecampoliving.com\\\/es\\\/#\\\/schema\\\/logo\\\/image\\\/\"},\"sameAs\":[\"https:\\\/\\\/www.facebook.com\\\/casadecampoliving\",\"https:\\\/\\\/x.com\\\/cdcliving\"]},{\"@type\":\"Person\",\"@id\":\"https:\\\/\\\/casadecampoliving.com\\\/es\\\/#\\\/schema\\\/person\\\/2b2208f3175fa8761e25b272e096d718\",\"name\":\"Rebecca Silvestri\",\"image\":{\"@type\":\"ImageObject\",\"inLanguage\":\"es\",\"@id\":\"https:\\\/\\\/secure.gravatar.com\\\/avatar\\\/2d937fd6c1769fb718dbf8dce9e82bf5f89e97bd028f9b3ea10b931dc7df95c6?s=96&d=mm&r=g\",\"url\":\"https:\\\/\\\/secure.gravatar.com\\\/avatar\\\/2d937fd6c1769fb718dbf8dce9e82bf5f89e97bd028f9b3ea10b931dc7df95c6?s=96&d=mm&r=g\",\"contentUrl\":\"https:\\\/\\\/secure.gravatar.com\\\/avatar\\\/2d937fd6c1769fb718dbf8dce9e82bf5f89e97bd028f9b3ea10b931dc7df95c6?s=96&d=mm&r=g\",\"caption\":\"Rebecca Silvestri\"},\"url\":\"https:\\\/\\\/casadecampoliving.com\\\/es\\\/author\\\/madamehuge\\\/\"}]}<\/script>\n<!-- \/ Yoast SEO plugin. -->","yoast_head_json":{"title":"Chav\u00f3n International Summer 2010: Intensive art and design courses | Casa de Campo Living","description":"This summer the Altos de Chavon design school is opening it\u2019s doors for the general public to get creative with a wide range of art and design courses.","robots":{"index":"index","follow":"follow","max-snippet":"max-snippet:-1","max-image-preview":"max-image-preview:large","max-video-preview":"max-video-preview:-1"},"canonical":"https:\/\/casadecampoliving.com\/es\/chavon-international-summer-2010-intensive-art-and-design-courses\/","og_locale":"es_ES","og_type":"article","og_title":"Chav\u00f3n International Summer 2010: Intensive art and design courses | Casa de Campo Living","og_description":"This summer the Altos de Chavon design school is opening it\u2019s doors for the general public to get creative with a wide range of art and design courses.","og_url":"https:\/\/casadecampoliving.com\/es\/chavon-international-summer-2010-intensive-art-and-design-courses\/","og_site_name":"Casa de Campo Living","article_publisher":"https:\/\/www.facebook.com\/casadecampoliving","article_published_time":"2010-06-20T04:00:00+00:00","article_modified_time":"2022-10-21T21:56:48+00:00","og_image":[{"width":575,"height":302,"url":"https:\/\/i0.wp.com\/casadecampoliving.com\/wp-content\/uploads\/2022\/10\/Altos-de-Chavon-art-and-design-courses-casa-de-campo-living-1.jpg?fit=575%2C302&ssl=1","type":"image\/jpeg"}],"author":"Rebecca Silvestri","twitter_card":"summary_large_image","twitter_creator":"@cdcliving","twitter_site":"@cdcliving","twitter_misc":{"Escrito por":"Rebecca Silvestri","Tiempo de lectura":"1 minuto"},"schema":{"@context":"https:\/\/schema.org","@graph":[{"@type":"Article","@id":"https:\/\/casadecampoliving.com\/es\/chavon-international-summer-2010-intensive-art-and-design-courses\/#article","isPartOf":{"@id":"https:\/\/casadecampoliving.com\/es\/chavon-international-summer-2010-intensive-art-and-design-courses\/"},"author":{"name":"Rebecca Silvestri","@id":"https:\/\/casadecampoliving.com\/es\/#\/schema\/person\/2b2208f3175fa8761e25b272e096d718"},"headline":"Chav\u00f3n International Summer 2010: Intensive art and design courses","datePublished":"2010-06-20T04:00:00+00:00","dateModified":"2022-10-21T21:56:48+00:00","mainEntityOfPage":{"@id":"https:\/\/casadecampoliving.com\/es\/chavon-international-summer-2010-intensive-art-and-design-courses\/"},"wordCount":262,"publisher":{"@id":"https:\/\/casadecampoliving.com\/es\/#organization"},"image":{"@id":"https:\/\/casadecampoliving.com\/es\/chavon-international-summer-2010-intensive-art-and-design-courses\/#primaryimage"},"thumbnailUrl":"https:\/\/i0.wp.com\/casadecampoliving.com\/wp-content\/uploads\/2022\/10\/Altos-de-Chavon-art-and-design-courses-casa-de-campo-living-1.jpg?fit=575%2C302&ssl=1","keywords":["altos de chavon design school","summer courses"],"articleSection":["Altos de Chavon","Art and Culture","Events and Activities","Featured","Local News","Upcoming"],"inLanguage":"es"},{"@type":"WebPage","@id":"https:\/\/casadecampoliving.com\/es\/chavon-international-summer-2010-intensive-art-and-design-courses\/","url":"https:\/\/casadecampoliving.com\/es\/chavon-international-summer-2010-intensive-art-and-design-courses\/","name":"Chav\u00f3n International Summer 2010: Intensive art and design courses | Casa de Campo Living","isPartOf":{"@id":"https:\/\/casadecampoliving.com\/es\/#website"},"primaryImageOfPage":{"@id":"https:\/\/casadecampoliving.com\/es\/chavon-international-summer-2010-intensive-art-and-design-courses\/#primaryimage"},"image":{"@id":"https:\/\/casadecampoliving.com\/es\/chavon-international-summer-2010-intensive-art-and-design-courses\/#primaryimage"},"thumbnailUrl":"https:\/\/i0.wp.com\/casadecampoliving.com\/wp-content\/uploads\/2022\/10\/Altos-de-Chavon-art-and-design-courses-casa-de-campo-living-1.jpg?fit=575%2C302&ssl=1","datePublished":"2010-06-20T04:00:00+00:00","dateModified":"2022-10-21T21:56:48+00:00","description":"This summer the Altos de Chavon design school is opening it\u2019s doors for the general public to get creative with a wide range of art and design courses.","breadcrumb":{"@id":"https:\/\/casadecampoliving.com\/es\/chavon-international-summer-2010-intensive-art-and-design-courses\/#breadcrumb"},"inLanguage":"es","potentialAction":[{"@type":"ReadAction","target":["https:\/\/casadecampoliving.com\/es\/chavon-international-summer-2010-intensive-art-and-design-courses\/"]}]},{"@type":"ImageObject","inLanguage":"es","@id":"https:\/\/casadecampoliving.com\/es\/chavon-international-summer-2010-intensive-art-and-design-courses\/#primaryimage","url":"https:\/\/i0.wp.com\/casadecampoliving.com\/wp-content\/uploads\/2022\/10\/Altos-de-Chavon-art-and-design-courses-casa-de-campo-living-1.jpg?fit=575%2C302&ssl=1","contentUrl":"https:\/\/i0.wp.com\/casadecampoliving.com\/wp-content\/uploads\/2022\/10\/Altos-de-Chavon-art-and-design-courses-casa-de-campo-living-1.jpg?fit=575%2C302&ssl=1","width":575,"height":302},{"@type":"BreadcrumbList","@id":"https:\/\/casadecampoliving.com\/es\/chavon-international-summer-2010-intensive-art-and-design-courses\/#breadcrumb","itemListElement":[{"@type":"ListItem","position":1,"name":"Home","item":"https:\/\/casadecampoliving.com\/es\/"},{"@type":"ListItem","position":2,"name":"Chav\u00f3n International Summer 2010: Intensive art and design courses"}]},{"@type":"WebSite","@id":"https:\/\/casadecampoliving.com\/es\/#website","url":"https:\/\/casadecampoliving.com\/es\/","name":"Casa de Campo Living","description":"Resort community news and resources.","publisher":{"@id":"https:\/\/casadecampoliving.com\/es\/#organization"},"potentialAction":[{"@type":"SearchAction","target":{"@type":"EntryPoint","urlTemplate":"https:\/\/casadecampoliving.com\/es\/?s={search_term_string}"},"query-input":{"@type":"PropertyValueSpecification","valueRequired":true,"valueName":"search_term_string"}}],"inLanguage":"es"},{"@type":"Organization","@id":"https:\/\/casadecampoliving.com\/es\/#organization","name":"Casa de Campo Living","url":"https:\/\/casadecampoliving.com\/es\/","logo":{"@type":"ImageObject","inLanguage":"es","@id":"https:\/\/casadecampoliving.com\/es\/#\/schema\/logo\/image\/","url":"https:\/\/i0.wp.com\/casadecampoliving.com\/wp-content\/uploads\/2022\/07\/CDCLivingLogo_V1-white-sized.png?fit=800%2C214&ssl=1","contentUrl":"https:\/\/i0.wp.com\/casadecampoliving.com\/wp-content\/uploads\/2022\/07\/CDCLivingLogo_V1-white-sized.png?fit=800%2C214&ssl=1","width":800,"height":214,"caption":"Casa de Campo Living"},"image":{"@id":"https:\/\/casadecampoliving.com\/es\/#\/schema\/logo\/image\/"},"sameAs":["https:\/\/www.facebook.com\/casadecampoliving","https:\/\/x.com\/cdcliving"]},{"@type":"Person","@id":"https:\/\/casadecampoliving.com\/es\/#\/schema\/person\/2b2208f3175fa8761e25b272e096d718","name":"Rebecca Silvestri","image":{"@type":"ImageObject","inLanguage":"es","@id":"https:\/\/secure.gravatar.com\/avatar\/2d937fd6c1769fb718dbf8dce9e82bf5f89e97bd028f9b3ea10b931dc7df95c6?s=96&d=mm&r=g","url":"https:\/\/secure.gravatar.com\/avatar\/2d937fd6c1769fb718dbf8dce9e82bf5f89e97bd028f9b3ea10b931dc7df95c6?s=96&d=mm&r=g","contentUrl":"https:\/\/secure.gravatar.com\/avatar\/2d937fd6c1769fb718dbf8dce9e82bf5f89e97bd028f9b3ea10b931dc7df95c6?s=96&d=mm&r=g","caption":"Rebecca Silvestri"},"url":"https:\/\/casadecampoliving.com\/es\/author\/madamehuge\/"}]}},"parsely":{"version":"1.1.0","canonical_url":"https:\/\/casadecampoliving.com\/es\/chavon-international-summer-2010-intensive-art-and-design-courses\/","smart_links":{"inbound":0,"outbound":0},"traffic_boost_suggestions_count":0,"meta":{"@context":"https:\/\/schema.org","@type":"NewsArticle","headline":"Chav\u00f3n International Summer 2010: Intensive art and design courses","url":"http:\/\/casadecampoliving.com\/es\/chavon-international-summer-2010-intensive-art-and-design-courses\/","mainEntityOfPage":{"@type":"WebPage","@id":"http:\/\/casadecampoliving.com\/es\/chavon-international-summer-2010-intensive-art-and-design-courses\/"},"thumbnailUrl":"https:\/\/i0.wp.com\/casadecampoliving.com\/wp-content\/uploads\/2022\/10\/Altos-de-Chavon-art-and-design-courses-casa-de-campo-living-1.jpg?resize=150%2C150&ssl=1","image":{"@type":"ImageObject","url":"https:\/\/i0.wp.com\/casadecampoliving.com\/wp-content\/uploads\/2022\/10\/Altos-de-Chavon-art-and-design-courses-casa-de-campo-living-1.jpg?fit=575%2C302&ssl=1"},"articleSection":"Altos de Chavon","author":[{"@type":"Person","name":"Rebecca Silvestri"}],"creator":["Rebecca Silvestri"],"publisher":{"@type":"Organization","name":"Casa de Campo Living","logo":"https:\/\/casadecampoliving.com\/wp-content\/uploads\/2022\/07\/CDCLivingLogo_V1-white-sized.png"},"keywords":["altos de chavon design school","summer courses"],"dateCreated":"2010-06-20T04:00:00Z","datePublished":"2010-06-20T04:00:00Z","dateModified":"2022-10-21T21:56:48Z"},"rendered":"<script type=\"application\/ld+json\" class=\"wp-parsely-metadata\">{\"@context\":\"https:\\\/\\\/schema.org\",\"@type\":\"NewsArticle\",\"headline\":\"Chav\\u00f3n International Summer 2010: Intensive art and design courses\",\"url\":\"http:\\\/\\\/casadecampoliving.com\\\/es\\\/chavon-international-summer-2010-intensive-art-and-design-courses\\\/\",\"mainEntityOfPage\":{\"@type\":\"WebPage\",\"@id\":\"http:\\\/\\\/casadecampoliving.com\\\/es\\\/chavon-international-summer-2010-intensive-art-and-design-courses\\\/\"},\"thumbnailUrl\":\"https:\\\/\\\/i0.wp.com\\\/casadecampoliving.com\\\/wp-content\\\/uploads\\\/2022\\\/10\\\/Altos-de-Chavon-art-and-design-courses-casa-de-campo-living-1.jpg?resize=150%2C150&ssl=1\",\"image\":{\"@type\":\"ImageObject\",\"url\":\"https:\\\/\\\/i0.wp.com\\\/casadecampoliving.com\\\/wp-content\\\/uploads\\\/2022\\\/10\\\/Altos-de-Chavon-art-and-design-courses-casa-de-campo-living-1.jpg?fit=575%2C302&ssl=1\"},\"articleSection\":\"Altos de Chavon\",\"author\":[{\"@type\":\"Person\",\"name\":\"Rebecca Silvestri\"}],\"creator\":[\"Rebecca Silvestri\"],\"publisher\":{\"@type\":\"Organization\",\"name\":\"Casa de Campo Living\",\"logo\":\"https:\\\/\\\/casadecampoliving.com\\\/wp-content\\\/uploads\\\/2022\\\/07\\\/CDCLivingLogo_V1-white-sized.png\"},\"keywords\":[\"altos de chavon design school\",\"summer courses\"],\"dateCreated\":\"2010-06-20T04:00:00Z\",\"datePublished\":\"2010-06-20T04:00:00Z\",\"dateModified\":\"2022-10-21T21:56:48Z\"}<\/script>","tracker_url":"https:\/\/cdn.parsely.com\/keys\/casadecampoliving.com\/p.js"},"jetpack_publicize_connections":[],"jetpack_featured_media_url":"https:\/\/i0.wp.com\/casadecampoliving.com\/wp-content\/uploads\/2022\/10\/Altos-de-Chavon-art-and-design-courses-casa-de-campo-living-1.jpg?fit=575%2C302&ssl=1","jetpack-related-posts":[{"id":322303,"url":"https:\/\/casadecampoliving.com\/international-summer-art-design-courses-in-altos-de-chavon-july-17th-to-august-23rd\/","url_meta":{"origin":318909,"position":0},"title":"\u00abInternational Summer\u00bb art &#038; design courses in Altos de Chav\u00f3n &#8211; July 17th to August 23rd!","author":"Mairobi Herrera","date":"26 May, 2013","format":false,"excerpt":"Once again the Altos de Chavon design school invites you to participate in a large number of courses that will run all summer, from the 17thof July until the 23rd of August. The \u201cInternational Summer\u201d art and design courses in Altos de Chavon will cover areas of graphic design, fashion,\u2026","rel":"","context":"En \u00abAltos de Chavon\u00bb","block_context":{"text":"Altos de Chavon","link":"https:\/\/casadecampoliving.com\/category\/altos-de-chavon\/"},"img":{"alt_text":"verano internacional cursos","src":"https:\/\/i0.wp.com\/casadecampoliving.com\/wp-content\/uploads\/2022\/10\/vernao_internacional_altos_chavon-1.jpg?fit=650%2C476&ssl=1&resize=350%2C200","width":350,"height":200,"srcset":"https:\/\/i0.wp.com\/casadecampoliving.com\/wp-content\/uploads\/2022\/10\/vernao_internacional_altos_chavon-1.jpg?fit=650%2C476&ssl=1&resize=350%2C200 1x, https:\/\/i0.wp.com\/casadecampoliving.com\/wp-content\/uploads\/2022\/10\/vernao_internacional_altos_chavon-1.jpg?fit=650%2C476&ssl=1&resize=525%2C300 1.5x"},"classes":[]},{"id":433460,"url":"https:\/\/casadecampoliving.com\/es\/no-se-pierdan-el-increible-tributo-a-frank-sinatra-para-celebrar-el-40-aniversario-del-anfiteatro-altos-de-chavon\/","url_meta":{"origin":318909,"position":1},"title":"No se pierdan el incre\u00edble tributo a Frank Sinatra para celebrar el 40 aniversario del\u00a0Anfiteatro Altos de Chav\u00f3n","author":"Casa de Campo Living","date":"20 Oct, 2022","format":false,"excerpt":"Siendo uno de los escenarios m\u00e1s emblem\u00e1ticos del pa\u00eds, Casa de Campo Resort\u00ae & Villas celebra las cuatro d\u00e9cadas de aniversario de Altos de Chav\u00f3n con un tributo al gran Frank Sinatra, protagonizado por artistas invitados y una big band tal cual la que acompa\u00f1\u00f3 al artista hace 40 a\u00f1os\u2026","rel":"","context":"En \u00abUncategorized @es\u00bb","block_context":{"text":"Uncategorized @es","link":"https:\/\/casadecampoliving.com\/es\/category\/uncategorized-es\/"},"img":{"alt_text":"","src":"https:\/\/i0.wp.com\/casadecampoliving.com\/wp-content\/uploads\/2022\/10\/Tributo-Frank-Sinatra-Foto-Principal-Amaury-Sanchez-Danilo-Ginebra-Andres-Pichardo-y-Jose-Gabriel-Perez-.jpg?fit=1200%2C873&ssl=1&resize=350%2C200","width":350,"height":200,"srcset":"https:\/\/i0.wp.com\/casadecampoliving.com\/wp-content\/uploads\/2022\/10\/Tributo-Frank-Sinatra-Foto-Principal-Amaury-Sanchez-Danilo-Ginebra-Andres-Pichardo-y-Jose-Gabriel-Perez-.jpg?fit=1200%2C873&ssl=1&resize=350%2C200 1x, https:\/\/i0.wp.com\/casadecampoliving.com\/wp-content\/uploads\/2022\/10\/Tributo-Frank-Sinatra-Foto-Principal-Amaury-Sanchez-Danilo-Ginebra-Andres-Pichardo-y-Jose-Gabriel-Perez-.jpg?fit=1200%2C873&ssl=1&resize=525%2C300 1.5x, https:\/\/i0.wp.com\/casadecampoliving.com\/wp-content\/uploads\/2022\/10\/Tributo-Frank-Sinatra-Foto-Principal-Amaury-Sanchez-Danilo-Ginebra-Andres-Pichardo-y-Jose-Gabriel-Perez-.jpg?fit=1200%2C873&ssl=1&resize=700%2C400 2x, https:\/\/i0.wp.com\/casadecampoliving.com\/wp-content\/uploads\/2022\/10\/Tributo-Frank-Sinatra-Foto-Principal-Amaury-Sanchez-Danilo-Ginebra-Andres-Pichardo-y-Jose-Gabriel-Perez-.jpg?fit=1200%2C873&ssl=1&resize=1050%2C600 3x"},"classes":[]},{"id":321175,"url":"https:\/\/casadecampoliving.com\/give-your-ideas-wings-enroll-on-an-art-and-design-course-at-the-altos-de-chavon-school-of-art-and-design\/","url_meta":{"origin":318909,"position":2},"title":"Give your ideas wings! Enroll on an Art and Design Course at the Altos de Chav\u00f3n School of Art and Design!","author":"Rebecca Silvestri","date":"24 Abr, 2012","format":false,"excerpt":"This summer the Altos de Chavon design school is opening it\u2019s doors for the general public to get creative with a wide range of art and design courses. The courses will run all summer, with the first course starting on June 25th and the last ending on August the 17th.\u2026","rel":"","context":"En \u00abAltos de Chavon\u00bb","block_context":{"text":"Altos de Chavon","link":"https:\/\/casadecampoliving.com\/category\/altos-de-chavon\/"},"img":{"alt_text":"verano 2012 altos de chavon","src":"https:\/\/i0.wp.com\/casadecampoliving.com\/wp-content\/uploads\/2022\/10\/verano2012_altos_de_chavon-1.jpg?fit=650%2C266&ssl=1&resize=350%2C200","width":350,"height":200,"srcset":"https:\/\/i0.wp.com\/casadecampoliving.com\/wp-content\/uploads\/2022\/10\/verano2012_altos_de_chavon-1.jpg?fit=650%2C266&ssl=1&resize=350%2C200 1x, https:\/\/i0.wp.com\/casadecampoliving.com\/wp-content\/uploads\/2022\/10\/verano2012_altos_de_chavon-1.jpg?fit=650%2C266&ssl=1&resize=525%2C300 1.5x"},"classes":[]},{"id":319963,"url":"https:\/\/casadecampoliving.com\/es\/get-creative-enroll-on-an-art-and-design-course-at-the-altos-de-chavon-school-of-art-and-design\/","url_meta":{"origin":318909,"position":3},"title":"Get Creative! Enroll on an Art and Design Course at the Altos de Chav\u00f3n School of Art and Design!","author":"Rebecca Silvestri","date":"17 Abr, 2011","format":false,"excerpt":"This summer the Altos de Chavon design school is opening it\u2019s doors for the general public to get creative with a wide range of art and design courses. The courses run all summer, with the first course starting on June 27th and the last ending on August the 19th. As\u2026","rel":"","context":"En \u00abAltos de Chavon\u00bb","block_context":{"text":"Altos de Chavon","link":"https:\/\/casadecampoliving.com\/category\/altos-de-chavon\/"},"img":{"alt_text":"","src":"https:\/\/i0.wp.com\/casadecampoliving.com\/wp-content\/uploads\/2022\/10\/casadecampo_art_altosdechavon-1.jpg?fit=565%2C214&ssl=1&resize=350%2C200","width":350,"height":200,"srcset":"https:\/\/i0.wp.com\/casadecampoliving.com\/wp-content\/uploads\/2022\/10\/casadecampo_art_altosdechavon-1.jpg?fit=565%2C214&ssl=1&resize=350%2C200 1x, https:\/\/i0.wp.com\/casadecampoliving.com\/wp-content\/uploads\/2022\/10\/casadecampo_art_altosdechavon-1.jpg?fit=565%2C214&ssl=1&resize=525%2C300 1.5x"},"classes":[]},{"id":330084,"url":"https:\/\/casadecampoliving.com\/chavon-school-of-design-summer-courses-2018\/","url_meta":{"origin":318909,"position":4},"title":"Take advantage of this year&#8217;s Chav\u00f3n School of Design Summer courses!","author":"Marlenys Guzm\u00e1n Casta\u00f1os","date":"16 Abr, 2018","format":false,"excerpt":"The Chav\u00f3n School of Design continues to offer great programs at its Altos de Chav\u00f3n campus. This summer, the school has prepared an exceptional range of courses, there\u2019s something for everybody from teens, university students, and professionals! Altos de Chav\u00f3n has always been the home of art and is considered\u2026","rel":"","context":"En \u00abAltos de Chavon\u00bb","block_context":{"text":"Altos de Chavon","link":"https:\/\/casadecampoliving.com\/category\/altos-de-chavon\/"},"img":{"alt_text":"","src":"https:\/\/i0.wp.com\/casadecampoliving.com\/wp-content\/uploads\/2018\/04\/Chavoneros_2016_Davidoff-3-e1523890157791.jpg?resize=350%2C200&ssl=1","width":350,"height":200,"srcset":"https:\/\/i0.wp.com\/casadecampoliving.com\/wp-content\/uploads\/2018\/04\/Chavoneros_2016_Davidoff-3-e1523890157791.jpg?resize=350%2C200&ssl=1 1x, https:\/\/i0.wp.com\/casadecampoliving.com\/wp-content\/uploads\/2018\/04\/Chavoneros_2016_Davidoff-3-e1523890157791.jpg?resize=525%2C300&ssl=1 1.5x, https:\/\/i0.wp.com\/casadecampoliving.com\/wp-content\/uploads\/2018\/04\/Chavoneros_2016_Davidoff-3-e1523890157791.jpg?resize=700%2C400&ssl=1 2x"},"classes":[]},{"id":329348,"url":"https:\/\/casadecampoliving.com\/chavon-school-design-summer-international-workshops-back-july\/","url_meta":{"origin":318909,"position":5},"title":"Chav\u00f3n School of Design Summer International workshops are back in July!","author":"Marlenys Guzm\u00e1n Casta\u00f1os","date":"31 May, 2017","format":false,"excerpt":"The Altos de Chav\u00f3n School of Design once again opens\u00a0its doors for everyone who wants to\u00a0get creative this summer!\u00a0The courses run all summer\u00a0long, with the first one starting on June 26th and the last the first week in\u00a0August. A\u00a0huge range of courses is available with\u00a0everything from drawing, film, photography, and\u2026","rel":"","context":"En \u00abAltos de Chavon\u00bb","block_context":{"text":"Altos de Chavon","link":"https:\/\/casadecampoliving.com\/category\/altos-de-chavon\/"},"img":{"alt_text":"","src":"https:\/\/i0.wp.com\/casadecampoliving.com\/wp-content\/uploads\/2022\/10\/IMG_5212-e1496248980460.jpg?fit=1000%2C667&ssl=1&resize=350%2C200","width":350,"height":200,"srcset":"https:\/\/i0.wp.com\/casadecampoliving.com\/wp-content\/uploads\/2022\/10\/IMG_5212-e1496248980460.jpg?fit=1000%2C667&ssl=1&resize=350%2C200 1x, https:\/\/i0.wp.com\/casadecampoliving.com\/wp-content\/uploads\/2022\/10\/IMG_5212-e1496248980460.jpg?fit=1000%2C667&ssl=1&resize=525%2C300 1.5x, https:\/\/i0.wp.com\/casadecampoliving.com\/wp-content\/uploads\/2022\/10\/IMG_5212-e1496248980460.jpg?fit=1000%2C667&ssl=1&resize=700%2C400 2x"},"classes":[]}],"jetpack_sharing_enabled":true,"_links":{"self":[{"href":"https:\/\/casadecampoliving.com\/es\/wp-json\/wp\/v2\/posts\/318909","targetHints":{"allow":["GET"]}}],"collection":[{"href":"https:\/\/casadecampoliving.com\/es\/wp-json\/wp\/v2\/posts"}],"about":[{"href":"https:\/\/casadecampoliving.com\/es\/wp-json\/wp\/v2\/types\/post"}],"author":[{"embeddable":true,"href":"https:\/\/casadecampoliving.com\/es\/wp-json\/wp\/v2\/users\/31"}],"replies":[{"embeddable":true,"href":"https:\/\/casadecampoliving.com\/es\/wp-json\/wp\/v2\/comments?post=318909"}],"version-history":[{"count":0,"href":"https:\/\/casadecampoliving.com\/es\/wp-json\/wp\/v2\/posts\/318909\/revisions"}],"wp:featuredmedia":[{"embeddable":true,"href":"https:\/\/casadecampoliving.com\/es\/wp-json\/wp\/v2\/media\/261125"}],"wp:attachment":[{"href":"https:\/\/casadecampoliving.com\/es\/wp-json\/wp\/v2\/media?parent=318909"}],"wp:term":[{"taxonomy":"category","embeddable":true,"href":"https:\/\/casadecampoliving.com\/es\/wp-json\/wp\/v2\/categories?post=318909"},{"taxonomy":"post_tag","embeddable":true,"href":"https:\/\/casadecampoliving.com\/es\/wp-json\/wp\/v2\/tags?post=318909"},{"taxonomy":"newspack_spnsrs_tax","embeddable":true,"href":"https:\/\/casadecampoliving.com\/es\/wp-json\/wp\/v2\/newspack_spnsrs_tax?post=318909"}],"curies":[{"name":"wp","href":"https:\/\/api.w.org\/{rel}","templated":true}]}}