{"id":318757,"date":"2010-04-28T00:00:00","date_gmt":"2010-04-28T04:00:00","guid":{"rendered":"https:\/\/casadecampoliving.com\/inauguration-of-masa-femenina-art-exhibit-at-the-altos-de-chavon-art-gallery\/"},"modified":"2022-11-10T10:36:32","modified_gmt":"2022-11-10T14:36:32","slug":"inauguration-of-masa-femenina-art-exhibit-at-the-altos-de-chavon-art-gallery","status":"publish","type":"post","link":"https:\/\/casadecampoliving.com\/es\/inauguration-of-masa-femenina-art-exhibit-at-the-altos-de-chavon-art-gallery\/","title":{"rendered":"Inauguration of &#8216;Masa Femenina&#8217; art exhibit at the Altos de Chavon art gallery"},"content":{"rendered":"<a rel=\"attachment wp-att-15716\" href=\"https:\/\/casadecampoliving.com\/2010\/04\/inauguration-of-masa-femenina-art-exhibit-at-the-altos-de-chavon-art-gallery\/inauguration-of-jean-girigori-altos-de-cahvon-art-gallery-casa-de-campo-living\/\"><img data-recalc-dims=\"1\" loading=\"lazy\" decoding=\"async\" class=\"alignnone size-full wp-image-15716\" title=\"inauguration of JEAN GIRIGORI, altos de cahvon art gallery, casa de campo living\" src=\"https:\/\/i0.wp.com\/casadecampoliving.com\/wp-content\/uploads\/2022\/10\/inauguration-of-JEAN-GIRIGORI-altos-de-cahvon-art-gallery-casa-de-campo-living.jpg?resize=575%2C436&#038;ssl=1\" alt=\"inauguration of JEAN GIRIGORI, altos de cahvon art gallery, casa de campo living\" width=\"575\" height=\"436\" \/><\/a>\n\nLast Thursday the 22nd of April the Altos de Chavon art gallery hosted yet another exhibition open at it&#8217;s main art gallery in Altos de Chavon. <!--more-->\n\nThe exhibit being inaugurated is called &#8216;Masa Femenina&#8217; and is a an individual exhibit by the artist Jean Girigori, who is considered as one of the most influential modern artists in the Caribbean.\n\nI must admit that I&#8217;m not an artist and am really only a very minor art\u00a0aficionado, but that being said, I absolutely loved this exhibit. Jean uses strong, bold colours, with an emphasis on warm pink and blue tones. I too many photos of the paintings in the exhibit, which I will post soon.\n\n<a rel=\"attachment wp-att-15718\" href=\"https:\/\/casadecampoliving.com\/2010\/04\/inauguration-of-masa-femenina-art-exhibit-at-the-altos-de-chavon-art-gallery\/exhibition-jean-girigori-altos-de-cahvon-art-gallery-casa-de-campo-living\/\"><img data-recalc-dims=\"1\" loading=\"lazy\" decoding=\"async\" class=\"alignnone size-full wp-image-15718\" title=\"exhibition jean girigori, altos de cahvon art gallery, casa de campo living\" src=\"https:\/\/i0.wp.com\/casadecampoliving.com\/wp-content\/uploads\/2022\/10\/exhibition-jean-girigori-altos-de-cahvon-art-gallery-casa-de-campo-living.jpg?resize=575%2C395&#038;ssl=1\" alt=\"exhibition jean girigori, altos de cahvon art gallery, casa de campo living\" width=\"575\" height=\"395\" \/><\/a>\n\n<strong>The exhibit will remain open only until the 10th of May <\/strong>&#8211; so I strongly recommend you go now and take a look, the art is\u00a0truly\u00a0spectacular, you won&#8217;t regret the trek up there!\n\nAmong the people who came the inauguration event were Altos de Chavon students, Casa de Campo residents and vistors and Agustin, from <em>Agustin en TV,<\/em> who filmed a short interview with a number of people as well as the art\u00a0and atmosphere at the event.\n\nHere is a photograph of Jean Girigori, taken at the Altos de Chavon exhibit, next to one of her paintings:\n\n<a rel=\"attachment wp-att-15717\" href=\"https:\/\/casadecampoliving.com\/2010\/04\/inauguration-of-masa-femenina-art-exhibit-at-the-altos-de-chavon-art-gallery\/inauguration-of-jean-girigori-altos-de-cahvon-art-gallery-casa-de-campo-living-2\/\"><img data-recalc-dims=\"1\" loading=\"lazy\" decoding=\"async\" class=\"alignnone size-full wp-image-15717\" title=\"inauguration of JEAN GIRIGORI, altos de cahvon art gallery, casa de campo living\" src=\"https:\/\/i0.wp.com\/casadecampoliving.com\/wp-content\/uploads\/2022\/10\/inauguration-of-JEAN-GIRIGORI-altos-de-cahvon-art-gallery-casa-de-campo-living1.jpg?resize=575%2C404&#038;ssl=1\" alt=\"inauguration of JEAN GIRIGORI, altos de cahvon art gallery, casa de campo living\" width=\"575\" height=\"404\" \/><\/a>\n\nHere are a number of photos taken during the event, of people admiring the art work:\n\n\n<figure class=\"wp-block-gallery has-nested-images columns-default is-cropped wp-block-gallery-1 is-layout-flex wp-block-gallery-is-layout-flex\">\n<figure class=\"wp-block-image size-large\"><img data-recalc-dims=\"1\" loading=\"lazy\" decoding=\"async\" width=\"800\" height=\"600\" data-id=\"364376\" src=\"https:\/\/i0.wp.com\/casadecampoliving.com\/wp-content\/uploads\/2022\/10\/dsc06469.jpg?resize=800%2C600&#038;ssl=1\" alt=\"\" class=\"wp-image-364376\" srcset=\"https:\/\/i0.wp.com\/casadecampoliving.com\/wp-content\/uploads\/2022\/10\/dsc06469.jpg?w=800&amp;ssl=1 800w, https:\/\/i0.wp.com\/casadecampoliving.com\/wp-content\/uploads\/2022\/10\/dsc06469.jpg?resize=300%2C225&amp;ssl=1 300w, https:\/\/i0.wp.com\/casadecampoliving.com\/wp-content\/uploads\/2022\/10\/dsc06469.jpg?resize=768%2C576&amp;ssl=1 768w, https:\/\/i0.wp.com\/casadecampoliving.com\/wp-content\/uploads\/2022\/10\/dsc06469.jpg?resize=400%2C300&amp;ssl=1 400w, https:\/\/i0.wp.com\/casadecampoliving.com\/wp-content\/uploads\/2022\/10\/dsc06469.jpg?resize=200%2C150&amp;ssl=1 200w, https:\/\/i0.wp.com\/casadecampoliving.com\/wp-content\/uploads\/2022\/10\/dsc06469.jpg?resize=706%2C530&amp;ssl=1 706w, https:\/\/i0.wp.com\/casadecampoliving.com\/wp-content\/uploads\/2022\/10\/dsc06469.jpg?resize=150%2C113&amp;ssl=1 150w, https:\/\/i0.wp.com\/casadecampoliving.com\/wp-content\/uploads\/2022\/10\/dsc06469.jpg?w=370&amp;ssl=1 370w\" sizes=\"auto, (max-width: 800px) 100vw, 800px\" \/><\/figure>\n\n\n\n<figure class=\"wp-block-image size-large\"><img data-recalc-dims=\"1\" loading=\"lazy\" decoding=\"async\" width=\"800\" height=\"600\" data-id=\"364378\" src=\"https:\/\/i0.wp.com\/casadecampoliving.com\/wp-content\/uploads\/2022\/10\/dsc06470.jpg?resize=800%2C600&#038;ssl=1\" alt=\"\" class=\"wp-image-364378\" srcset=\"https:\/\/i0.wp.com\/casadecampoliving.com\/wp-content\/uploads\/2022\/10\/dsc06470.jpg?w=800&amp;ssl=1 800w, https:\/\/i0.wp.com\/casadecampoliving.com\/wp-content\/uploads\/2022\/10\/dsc06470.jpg?resize=300%2C225&amp;ssl=1 300w, https:\/\/i0.wp.com\/casadecampoliving.com\/wp-content\/uploads\/2022\/10\/dsc06470.jpg?resize=768%2C576&amp;ssl=1 768w, https:\/\/i0.wp.com\/casadecampoliving.com\/wp-content\/uploads\/2022\/10\/dsc06470.jpg?resize=400%2C300&amp;ssl=1 400w, https:\/\/i0.wp.com\/casadecampoliving.com\/wp-content\/uploads\/2022\/10\/dsc06470.jpg?resize=200%2C150&amp;ssl=1 200w, https:\/\/i0.wp.com\/casadecampoliving.com\/wp-content\/uploads\/2022\/10\/dsc06470.jpg?resize=706%2C530&amp;ssl=1 706w, https:\/\/i0.wp.com\/casadecampoliving.com\/wp-content\/uploads\/2022\/10\/dsc06470.jpg?resize=150%2C113&amp;ssl=1 150w, https:\/\/i0.wp.com\/casadecampoliving.com\/wp-content\/uploads\/2022\/10\/dsc06470.jpg?w=370&amp;ssl=1 370w\" sizes=\"auto, (max-width: 800px) 100vw, 800px\" \/><\/figure>\n\n\n\n<figure class=\"wp-block-image size-large\"><img data-recalc-dims=\"1\" loading=\"lazy\" decoding=\"async\" width=\"800\" height=\"600\" data-id=\"364380\" src=\"https:\/\/i0.wp.com\/casadecampoliving.com\/wp-content\/uploads\/2022\/10\/dsc06471.jpg?resize=800%2C600&#038;ssl=1\" alt=\"\" class=\"wp-image-364380\" srcset=\"https:\/\/i0.wp.com\/casadecampoliving.com\/wp-content\/uploads\/2022\/10\/dsc06471.jpg?w=800&amp;ssl=1 800w, https:\/\/i0.wp.com\/casadecampoliving.com\/wp-content\/uploads\/2022\/10\/dsc06471.jpg?resize=300%2C225&amp;ssl=1 300w, https:\/\/i0.wp.com\/casadecampoliving.com\/wp-content\/uploads\/2022\/10\/dsc06471.jpg?resize=768%2C576&amp;ssl=1 768w, https:\/\/i0.wp.com\/casadecampoliving.com\/wp-content\/uploads\/2022\/10\/dsc06471.jpg?resize=400%2C300&amp;ssl=1 400w, https:\/\/i0.wp.com\/casadecampoliving.com\/wp-content\/uploads\/2022\/10\/dsc06471.jpg?resize=200%2C150&amp;ssl=1 200w, https:\/\/i0.wp.com\/casadecampoliving.com\/wp-content\/uploads\/2022\/10\/dsc06471.jpg?resize=706%2C530&amp;ssl=1 706w, https:\/\/i0.wp.com\/casadecampoliving.com\/wp-content\/uploads\/2022\/10\/dsc06471.jpg?resize=150%2C113&amp;ssl=1 150w, https:\/\/i0.wp.com\/casadecampoliving.com\/wp-content\/uploads\/2022\/10\/dsc06471.jpg?w=370&amp;ssl=1 370w\" sizes=\"auto, (max-width: 800px) 100vw, 800px\" \/><\/figure>\n\n\n\n<figure class=\"wp-block-image size-large\"><img data-recalc-dims=\"1\" loading=\"lazy\" decoding=\"async\" width=\"800\" height=\"600\" data-id=\"364382\" src=\"https:\/\/i0.wp.com\/casadecampoliving.com\/wp-content\/uploads\/2022\/10\/dsc06472.jpg?resize=800%2C600&#038;ssl=1\" alt=\"\" class=\"wp-image-364382\" srcset=\"https:\/\/i0.wp.com\/casadecampoliving.com\/wp-content\/uploads\/2022\/10\/dsc06472.jpg?w=800&amp;ssl=1 800w, https:\/\/i0.wp.com\/casadecampoliving.com\/wp-content\/uploads\/2022\/10\/dsc06472.jpg?resize=300%2C225&amp;ssl=1 300w, https:\/\/i0.wp.com\/casadecampoliving.com\/wp-content\/uploads\/2022\/10\/dsc06472.jpg?resize=768%2C576&amp;ssl=1 768w, https:\/\/i0.wp.com\/casadecampoliving.com\/wp-content\/uploads\/2022\/10\/dsc06472.jpg?resize=400%2C300&amp;ssl=1 400w, https:\/\/i0.wp.com\/casadecampoliving.com\/wp-content\/uploads\/2022\/10\/dsc06472.jpg?resize=200%2C150&amp;ssl=1 200w, https:\/\/i0.wp.com\/casadecampoliving.com\/wp-content\/uploads\/2022\/10\/dsc06472.jpg?resize=706%2C530&amp;ssl=1 706w, https:\/\/i0.wp.com\/casadecampoliving.com\/wp-content\/uploads\/2022\/10\/dsc06472.jpg?resize=150%2C113&amp;ssl=1 150w, https:\/\/i0.wp.com\/casadecampoliving.com\/wp-content\/uploads\/2022\/10\/dsc06472.jpg?w=370&amp;ssl=1 370w\" sizes=\"auto, (max-width: 800px) 100vw, 800px\" \/><\/figure>\n\n\n\n<figure class=\"wp-block-image size-large\"><img data-recalc-dims=\"1\" loading=\"lazy\" decoding=\"async\" width=\"800\" height=\"600\" data-id=\"364384\" src=\"https:\/\/i0.wp.com\/casadecampoliving.com\/wp-content\/uploads\/2022\/10\/dsc06473.jpg?resize=800%2C600&#038;ssl=1\" alt=\"\" class=\"wp-image-364384\" srcset=\"https:\/\/i0.wp.com\/casadecampoliving.com\/wp-content\/uploads\/2022\/10\/dsc06473.jpg?w=800&amp;ssl=1 800w, https:\/\/i0.wp.com\/casadecampoliving.com\/wp-content\/uploads\/2022\/10\/dsc06473.jpg?resize=300%2C225&amp;ssl=1 300w, https:\/\/i0.wp.com\/casadecampoliving.com\/wp-content\/uploads\/2022\/10\/dsc06473.jpg?resize=768%2C576&amp;ssl=1 768w, https:\/\/i0.wp.com\/casadecampoliving.com\/wp-content\/uploads\/2022\/10\/dsc06473.jpg?resize=400%2C300&amp;ssl=1 400w, https:\/\/i0.wp.com\/casadecampoliving.com\/wp-content\/uploads\/2022\/10\/dsc06473.jpg?resize=200%2C150&amp;ssl=1 200w, https:\/\/i0.wp.com\/casadecampoliving.com\/wp-content\/uploads\/2022\/10\/dsc06473.jpg?resize=706%2C530&amp;ssl=1 706w, https:\/\/i0.wp.com\/casadecampoliving.com\/wp-content\/uploads\/2022\/10\/dsc06473.jpg?resize=150%2C113&amp;ssl=1 150w, https:\/\/i0.wp.com\/casadecampoliving.com\/wp-content\/uploads\/2022\/10\/dsc06473.jpg?w=370&amp;ssl=1 370w\" sizes=\"auto, (max-width: 800px) 100vw, 800px\" \/><\/figure>\n\n\n\n<figure class=\"wp-block-image size-large\"><img data-recalc-dims=\"1\" loading=\"lazy\" decoding=\"async\" width=\"800\" height=\"600\" data-id=\"364386\" src=\"https:\/\/i0.wp.com\/casadecampoliving.com\/wp-content\/uploads\/2022\/10\/dsc06475.jpg?resize=800%2C600&#038;ssl=1\" alt=\"\" class=\"wp-image-364386\" srcset=\"https:\/\/i0.wp.com\/casadecampoliving.com\/wp-content\/uploads\/2022\/10\/dsc06475.jpg?w=800&amp;ssl=1 800w, https:\/\/i0.wp.com\/casadecampoliving.com\/wp-content\/uploads\/2022\/10\/dsc06475.jpg?resize=300%2C225&amp;ssl=1 300w, https:\/\/i0.wp.com\/casadecampoliving.com\/wp-content\/uploads\/2022\/10\/dsc06475.jpg?resize=768%2C576&amp;ssl=1 768w, https:\/\/i0.wp.com\/casadecampoliving.com\/wp-content\/uploads\/2022\/10\/dsc06475.jpg?resize=400%2C300&amp;ssl=1 400w, https:\/\/i0.wp.com\/casadecampoliving.com\/wp-content\/uploads\/2022\/10\/dsc06475.jpg?resize=200%2C150&amp;ssl=1 200w, https:\/\/i0.wp.com\/casadecampoliving.com\/wp-content\/uploads\/2022\/10\/dsc06475.jpg?resize=706%2C530&amp;ssl=1 706w, https:\/\/i0.wp.com\/casadecampoliving.com\/wp-content\/uploads\/2022\/10\/dsc06475.jpg?resize=150%2C113&amp;ssl=1 150w, https:\/\/i0.wp.com\/casadecampoliving.com\/wp-content\/uploads\/2022\/10\/dsc06475.jpg?w=370&amp;ssl=1 370w\" sizes=\"auto, (max-width: 800px) 100vw, 800px\" \/><\/figure>\n\n\n\n<figure class=\"wp-block-image size-large\"><img data-recalc-dims=\"1\" loading=\"lazy\" decoding=\"async\" width=\"800\" height=\"600\" data-id=\"364388\" src=\"https:\/\/i0.wp.com\/casadecampoliving.com\/wp-content\/uploads\/2022\/10\/dsc06476.jpg?resize=800%2C600&#038;ssl=1\" alt=\"\" class=\"wp-image-364388\" srcset=\"https:\/\/i0.wp.com\/casadecampoliving.com\/wp-content\/uploads\/2022\/10\/dsc06476.jpg?w=800&amp;ssl=1 800w, https:\/\/i0.wp.com\/casadecampoliving.com\/wp-content\/uploads\/2022\/10\/dsc06476.jpg?resize=300%2C225&amp;ssl=1 300w, https:\/\/i0.wp.com\/casadecampoliving.com\/wp-content\/uploads\/2022\/10\/dsc06476.jpg?resize=768%2C576&amp;ssl=1 768w, https:\/\/i0.wp.com\/casadecampoliving.com\/wp-content\/uploads\/2022\/10\/dsc06476.jpg?resize=400%2C300&amp;ssl=1 400w, https:\/\/i0.wp.com\/casadecampoliving.com\/wp-content\/uploads\/2022\/10\/dsc06476.jpg?resize=200%2C150&amp;ssl=1 200w, https:\/\/i0.wp.com\/casadecampoliving.com\/wp-content\/uploads\/2022\/10\/dsc06476.jpg?resize=706%2C530&amp;ssl=1 706w, https:\/\/i0.wp.com\/casadecampoliving.com\/wp-content\/uploads\/2022\/10\/dsc06476.jpg?resize=150%2C113&amp;ssl=1 150w, https:\/\/i0.wp.com\/casadecampoliving.com\/wp-content\/uploads\/2022\/10\/dsc06476.jpg?w=370&amp;ssl=1 370w\" sizes=\"auto, (max-width: 800px) 100vw, 800px\" \/><\/figure>\n\n\n\n<figure class=\"wp-block-image size-large\"><img data-recalc-dims=\"1\" loading=\"lazy\" decoding=\"async\" width=\"800\" height=\"600\" data-id=\"364390\" src=\"https:\/\/i0.wp.com\/casadecampoliving.com\/wp-content\/uploads\/2022\/10\/dsc06483.jpg?resize=800%2C600&#038;ssl=1\" alt=\"\" class=\"wp-image-364390\" srcset=\"https:\/\/i0.wp.com\/casadecampoliving.com\/wp-content\/uploads\/2022\/10\/dsc06483.jpg?w=800&amp;ssl=1 800w, https:\/\/i0.wp.com\/casadecampoliving.com\/wp-content\/uploads\/2022\/10\/dsc06483.jpg?resize=300%2C225&amp;ssl=1 300w, https:\/\/i0.wp.com\/casadecampoliving.com\/wp-content\/uploads\/2022\/10\/dsc06483.jpg?resize=768%2C576&amp;ssl=1 768w, https:\/\/i0.wp.com\/casadecampoliving.com\/wp-content\/uploads\/2022\/10\/dsc06483.jpg?resize=400%2C300&amp;ssl=1 400w, https:\/\/i0.wp.com\/casadecampoliving.com\/wp-content\/uploads\/2022\/10\/dsc06483.jpg?resize=200%2C150&amp;ssl=1 200w, https:\/\/i0.wp.com\/casadecampoliving.com\/wp-content\/uploads\/2022\/10\/dsc06483.jpg?resize=706%2C530&amp;ssl=1 706w, https:\/\/i0.wp.com\/casadecampoliving.com\/wp-content\/uploads\/2022\/10\/dsc06483.jpg?resize=150%2C113&amp;ssl=1 150w, https:\/\/i0.wp.com\/casadecampoliving.com\/wp-content\/uploads\/2022\/10\/dsc06483.jpg?w=370&amp;ssl=1 370w\" sizes=\"auto, (max-width: 800px) 100vw, 800px\" \/><\/figure>\n\n\n\n<figure class=\"wp-block-image size-large\"><img data-recalc-dims=\"1\" loading=\"lazy\" decoding=\"async\" width=\"800\" height=\"600\" data-id=\"364392\" src=\"https:\/\/i0.wp.com\/casadecampoliving.com\/wp-content\/uploads\/2022\/10\/dsc06484.jpg?resize=800%2C600&#038;ssl=1\" alt=\"\" class=\"wp-image-364392\" srcset=\"https:\/\/i0.wp.com\/casadecampoliving.com\/wp-content\/uploads\/2022\/10\/dsc06484.jpg?w=800&amp;ssl=1 800w, https:\/\/i0.wp.com\/casadecampoliving.com\/wp-content\/uploads\/2022\/10\/dsc06484.jpg?resize=300%2C225&amp;ssl=1 300w, https:\/\/i0.wp.com\/casadecampoliving.com\/wp-content\/uploads\/2022\/10\/dsc06484.jpg?resize=768%2C576&amp;ssl=1 768w, https:\/\/i0.wp.com\/casadecampoliving.com\/wp-content\/uploads\/2022\/10\/dsc06484.jpg?resize=400%2C300&amp;ssl=1 400w, https:\/\/i0.wp.com\/casadecampoliving.com\/wp-content\/uploads\/2022\/10\/dsc06484.jpg?resize=200%2C150&amp;ssl=1 200w, https:\/\/i0.wp.com\/casadecampoliving.com\/wp-content\/uploads\/2022\/10\/dsc06484.jpg?resize=706%2C530&amp;ssl=1 706w, https:\/\/i0.wp.com\/casadecampoliving.com\/wp-content\/uploads\/2022\/10\/dsc06484.jpg?resize=150%2C113&amp;ssl=1 150w, https:\/\/i0.wp.com\/casadecampoliving.com\/wp-content\/uploads\/2022\/10\/dsc06484.jpg?w=370&amp;ssl=1 370w\" sizes=\"auto, (max-width: 800px) 100vw, 800px\" \/><\/figure>\n\n\n\n<figure class=\"wp-block-image size-large\"><img data-recalc-dims=\"1\" loading=\"lazy\" decoding=\"async\" width=\"800\" height=\"600\" data-id=\"364394\" src=\"https:\/\/i0.wp.com\/casadecampoliving.com\/wp-content\/uploads\/2022\/10\/dsc06510.jpg?resize=800%2C600&#038;ssl=1\" alt=\"\" class=\"wp-image-364394\" srcset=\"https:\/\/i0.wp.com\/casadecampoliving.com\/wp-content\/uploads\/2022\/10\/dsc06510.jpg?w=800&amp;ssl=1 800w, https:\/\/i0.wp.com\/casadecampoliving.com\/wp-content\/uploads\/2022\/10\/dsc06510.jpg?resize=300%2C225&amp;ssl=1 300w, https:\/\/i0.wp.com\/casadecampoliving.com\/wp-content\/uploads\/2022\/10\/dsc06510.jpg?resize=768%2C576&amp;ssl=1 768w, https:\/\/i0.wp.com\/casadecampoliving.com\/wp-content\/uploads\/2022\/10\/dsc06510.jpg?resize=400%2C300&amp;ssl=1 400w, https:\/\/i0.wp.com\/casadecampoliving.com\/wp-content\/uploads\/2022\/10\/dsc06510.jpg?resize=200%2C150&amp;ssl=1 200w, https:\/\/i0.wp.com\/casadecampoliving.com\/wp-content\/uploads\/2022\/10\/dsc06510.jpg?resize=706%2C530&amp;ssl=1 706w, https:\/\/i0.wp.com\/casadecampoliving.com\/wp-content\/uploads\/2022\/10\/dsc06510.jpg?resize=150%2C113&amp;ssl=1 150w, https:\/\/i0.wp.com\/casadecampoliving.com\/wp-content\/uploads\/2022\/10\/dsc06510.jpg?w=370&amp;ssl=1 370w\" sizes=\"auto, (max-width: 800px) 100vw, 800px\" \/><\/figure>\n\n\n\n<figure class=\"wp-block-image size-large\"><img data-recalc-dims=\"1\" loading=\"lazy\" decoding=\"async\" width=\"800\" height=\"600\" data-id=\"364396\" src=\"https:\/\/i0.wp.com\/casadecampoliving.com\/wp-content\/uploads\/2022\/10\/dsc07559.jpg?resize=800%2C600&#038;ssl=1\" alt=\"\" class=\"wp-image-364396\" srcset=\"https:\/\/i0.wp.com\/casadecampoliving.com\/wp-content\/uploads\/2022\/10\/dsc07559.jpg?w=800&amp;ssl=1 800w, https:\/\/i0.wp.com\/casadecampoliving.com\/wp-content\/uploads\/2022\/10\/dsc07559.jpg?resize=300%2C225&amp;ssl=1 300w, https:\/\/i0.wp.com\/casadecampoliving.com\/wp-content\/uploads\/2022\/10\/dsc07559.jpg?resize=768%2C576&amp;ssl=1 768w, https:\/\/i0.wp.com\/casadecampoliving.com\/wp-content\/uploads\/2022\/10\/dsc07559.jpg?resize=400%2C300&amp;ssl=1 400w, https:\/\/i0.wp.com\/casadecampoliving.com\/wp-content\/uploads\/2022\/10\/dsc07559.jpg?resize=200%2C150&amp;ssl=1 200w, https:\/\/i0.wp.com\/casadecampoliving.com\/wp-content\/uploads\/2022\/10\/dsc07559.jpg?resize=706%2C530&amp;ssl=1 706w, https:\/\/i0.wp.com\/casadecampoliving.com\/wp-content\/uploads\/2022\/10\/dsc07559.jpg?resize=150%2C113&amp;ssl=1 150w, https:\/\/i0.wp.com\/casadecampoliving.com\/wp-content\/uploads\/2022\/10\/dsc07559.jpg?w=370&amp;ssl=1 370w\" sizes=\"auto, (max-width: 800px) 100vw, 800px\" \/><\/figure>\n\n\n\n<figure class=\"wp-block-image size-large\"><img data-recalc-dims=\"1\" loading=\"lazy\" decoding=\"async\" width=\"800\" height=\"600\" data-id=\"364398\" src=\"https:\/\/i0.wp.com\/casadecampoliving.com\/wp-content\/uploads\/2022\/10\/dsc07572.jpg?resize=800%2C600&#038;ssl=1\" alt=\"\" class=\"wp-image-364398\" srcset=\"https:\/\/i0.wp.com\/casadecampoliving.com\/wp-content\/uploads\/2022\/10\/dsc07572.jpg?w=800&amp;ssl=1 800w, https:\/\/i0.wp.com\/casadecampoliving.com\/wp-content\/uploads\/2022\/10\/dsc07572.jpg?resize=300%2C225&amp;ssl=1 300w, https:\/\/i0.wp.com\/casadecampoliving.com\/wp-content\/uploads\/2022\/10\/dsc07572.jpg?resize=768%2C576&amp;ssl=1 768w, https:\/\/i0.wp.com\/casadecampoliving.com\/wp-content\/uploads\/2022\/10\/dsc07572.jpg?resize=400%2C300&amp;ssl=1 400w, https:\/\/i0.wp.com\/casadecampoliving.com\/wp-content\/uploads\/2022\/10\/dsc07572.jpg?resize=200%2C150&amp;ssl=1 200w, https:\/\/i0.wp.com\/casadecampoliving.com\/wp-content\/uploads\/2022\/10\/dsc07572.jpg?resize=706%2C530&amp;ssl=1 706w, https:\/\/i0.wp.com\/casadecampoliving.com\/wp-content\/uploads\/2022\/10\/dsc07572.jpg?resize=150%2C113&amp;ssl=1 150w, https:\/\/i0.wp.com\/casadecampoliving.com\/wp-content\/uploads\/2022\/10\/dsc07572.jpg?w=370&amp;ssl=1 370w\" sizes=\"auto, (max-width: 800px) 100vw, 800px\" \/><\/figure>\n\n\n\n<figure class=\"wp-block-image size-large\"><img data-recalc-dims=\"1\" loading=\"lazy\" decoding=\"async\" width=\"800\" height=\"600\" data-id=\"364400\" src=\"https:\/\/i0.wp.com\/casadecampoliving.com\/wp-content\/uploads\/2022\/10\/dsc07577.jpg?resize=800%2C600&#038;ssl=1\" alt=\"\" class=\"wp-image-364400\" srcset=\"https:\/\/i0.wp.com\/casadecampoliving.com\/wp-content\/uploads\/2022\/10\/dsc07577.jpg?w=800&amp;ssl=1 800w, https:\/\/i0.wp.com\/casadecampoliving.com\/wp-content\/uploads\/2022\/10\/dsc07577.jpg?resize=300%2C225&amp;ssl=1 300w, https:\/\/i0.wp.com\/casadecampoliving.com\/wp-content\/uploads\/2022\/10\/dsc07577.jpg?resize=768%2C576&amp;ssl=1 768w, https:\/\/i0.wp.com\/casadecampoliving.com\/wp-content\/uploads\/2022\/10\/dsc07577.jpg?resize=400%2C300&amp;ssl=1 400w, https:\/\/i0.wp.com\/casadecampoliving.com\/wp-content\/uploads\/2022\/10\/dsc07577.jpg?resize=200%2C150&amp;ssl=1 200w, https:\/\/i0.wp.com\/casadecampoliving.com\/wp-content\/uploads\/2022\/10\/dsc07577.jpg?resize=706%2C530&amp;ssl=1 706w, https:\/\/i0.wp.com\/casadecampoliving.com\/wp-content\/uploads\/2022\/10\/dsc07577.jpg?resize=150%2C113&amp;ssl=1 150w, https:\/\/i0.wp.com\/casadecampoliving.com\/wp-content\/uploads\/2022\/10\/dsc07577.jpg?w=370&amp;ssl=1 370w\" sizes=\"auto, (max-width: 800px) 100vw, 800px\" \/><\/figure>\n\n\n\n<figure class=\"wp-block-image size-large\"><img data-recalc-dims=\"1\" loading=\"lazy\" decoding=\"async\" width=\"800\" height=\"600\" data-id=\"364402\" src=\"https:\/\/i0.wp.com\/casadecampoliving.com\/wp-content\/uploads\/2022\/10\/dsc07578.jpg?resize=800%2C600&#038;ssl=1\" alt=\"\" class=\"wp-image-364402\" srcset=\"https:\/\/i0.wp.com\/casadecampoliving.com\/wp-content\/uploads\/2022\/10\/dsc07578.jpg?w=800&amp;ssl=1 800w, https:\/\/i0.wp.com\/casadecampoliving.com\/wp-content\/uploads\/2022\/10\/dsc07578.jpg?resize=300%2C225&amp;ssl=1 300w, https:\/\/i0.wp.com\/casadecampoliving.com\/wp-content\/uploads\/2022\/10\/dsc07578.jpg?resize=768%2C576&amp;ssl=1 768w, https:\/\/i0.wp.com\/casadecampoliving.com\/wp-content\/uploads\/2022\/10\/dsc07578.jpg?resize=400%2C300&amp;ssl=1 400w, https:\/\/i0.wp.com\/casadecampoliving.com\/wp-content\/uploads\/2022\/10\/dsc07578.jpg?resize=200%2C150&amp;ssl=1 200w, https:\/\/i0.wp.com\/casadecampoliving.com\/wp-content\/uploads\/2022\/10\/dsc07578.jpg?resize=706%2C530&amp;ssl=1 706w, https:\/\/i0.wp.com\/casadecampoliving.com\/wp-content\/uploads\/2022\/10\/dsc07578.jpg?resize=150%2C113&amp;ssl=1 150w, https:\/\/i0.wp.com\/casadecampoliving.com\/wp-content\/uploads\/2022\/10\/dsc07578.jpg?w=370&amp;ssl=1 370w\" sizes=\"auto, (max-width: 800px) 100vw, 800px\" \/><\/figure>\n<\/figure>\n\n\nThe following is information about the artist, Jean Girigori: (a leer eso en Espa\u00f1ol, <a href=\"https:\/\/casadecampoliving.com\/2010\/04\/masa-femenina-new-art-exhibit-opens-thursday-22nd-april\/\" target=\"_self\" rel=\"noopener\">haz click aqui) <\/a>\n<blockquote>The famous Caribbean artist registers in her itinerary of international exhibitions,  individual presentations in important museums, cultural centers, galleries and art fairs of Curacao and the principal countries of The Caribbean; including the presentation of personal exhibitions in the Museum of Modern Art of the Dominican Republic and the own Alto de Chavon cultural Center where she exhibited individually in the year 2002. Her works has been also exhibited in European galleries, The United States and Latin America.\n\nForger of an artistic and personal life that seems to travel between the legend and the reality, Jean Girigori, according to one of her biographers Frank Martinus Arion, was born on the high seas, in the seas of The Caribbean in the ship where her father was working as navigator. Later, at very early age she travels to Hait, where she formed herself artistically with the prestigious teacher Jean Pa\u00fal H\u00e9ctor; later she guaranteed her pictorial formation with studies of art in the city of New York, for to go to Curacao to initiate her intense periplus of individual and collective exhibitions in the principal cities of the western world.\n\nAs recognition of her painting, renowned academics, artcritics and art restorators of different nationalities has given special attention to the study and investigation of her paintings. Among them can be emphasized the Ex-prime Minister of Curacao Maria Liberia-Pieters; Frank Mart\u00ednez Arion, Nel Casimir, Reinaldo Bibolini, Brede Kristensen and the out-standing international art restorator Jenifer Smith.\n\nFrom the  Dominican Republic those who had studied and went deeper into her art works are Marianne de Tolentino, Director(Principal) of the National Gallery of Fine arts and ex-chairwoman of the Dominican Section of  international art critics Association ; as well as Amable Lopez Mel\u00e9ndez, principal Curator of the Museum of Modern Art of the Dominican Republic and ex-president of the Dominican Section of the  International Association of Artcritics; the same as Frank Marino Hern\u00e1ndez, deceased, out-standing collector and ex-president of the Governing Patronage of the Museum of Modern Art of Santo Domingo, who was defining it in an analytical essay of her authorship as \u00bb the painter of the magic arch \u00ab, due to the impact and dramatic seduction of her  art, always impregnated with symbolisms and emotional fits provided with a strong humanistic and social passion.<\/blockquote>","protected":false},"excerpt":{"rendered":"<p>Last Thursday the 22nd of April the Altos de Chavon art gallery hosted yet another exhibition open at it&#8217;s main art gallery in Altos de Chavon.<\/p>\n","protected":false},"author":31,"featured_media":248046,"comment_status":"closed","ping_status":"open","sticky":false,"template":"","format":"standard","meta":{"newspack_ads_suppress_ads":false,"newspack_popups_has_disabled_popups":false,"newspack_sponsor_sponsorship_scope":"","newspack_sponsor_native_byline_display":"inherit","newspack_sponsor_native_category_display":"inherit","newspack_sponsor_underwriter_style":"inherit","newspack_sponsor_underwriter_placement":"inherit","_newspack_byline_active":false,"_newspack_byline":"","newspack_hide_updated_date":false,"newspack_show_updated_date":false,"newspack_content_restriction_is_exempt":false,"newspack_featured_image_position":"","newspack_post_subtitle":"","newspack_article_summary_title":"Overview:","newspack_article_summary":"","_jetpack_memberships_contains_paid_content":false,"footnotes":"","jetpack_publicize_message":"","jetpack_publicize_feature_enabled":true,"jetpack_social_post_already_shared":false,"jetpack_social_options":{"image_generator_settings":{"template":"highway","default_image_id":0,"font":"","enabled":false},"version":2},"_wpas_customize_per_network":false},"categories":[56,45,2522,2524,14625,14627],"tags":[321,476],"newspack_spnsrs_tax":[],"class_list":["post-318757","post","type-post","status-publish","format-standard","has-post-thumbnail","hentry","category-altos-de-chavon","category-art-and-culture","category-eventos-es","category-destacados","category-noticias-locales","category-proximamente","tag-altos-de-chavon-art-gallery","tag-art","entry"],"yoast_head":"<!-- This site is optimized with the Yoast SEO plugin v27.4 - https:\/\/yoast.com\/product\/yoast-seo-wordpress\/ -->\n<title>Inauguration of &#039;Masa Femenina&#039; art exhibit at the Altos de Chavon art gallery | Casa de Campo Living<\/title>\n<meta name=\"description\" content=\"Last Thursday the 22nd of April the Altos de Chavon art gallery hosted yet another exhibition open at it&#039;s main art gallery in Altos de Chavon. The\" \/>\n<meta name=\"robots\" content=\"index, follow, max-snippet:-1, max-image-preview:large, max-video-preview:-1\" \/>\n<link rel=\"canonical\" href=\"https:\/\/casadecampoliving.com\/es\/inauguration-of-masa-femenina-art-exhibit-at-the-altos-de-chavon-art-gallery\/\" \/>\n<meta property=\"og:locale\" content=\"es_ES\" \/>\n<meta property=\"og:type\" content=\"article\" \/>\n<meta property=\"og:title\" content=\"Inauguration of &#039;Masa Femenina&#039; art exhibit at the Altos de Chavon art gallery | Casa de Campo Living\" \/>\n<meta property=\"og:description\" content=\"Last Thursday the 22nd of April the Altos de Chavon art gallery hosted yet another exhibition open at it&#039;s main art gallery in Altos de Chavon. The\" \/>\n<meta property=\"og:url\" content=\"https:\/\/casadecampoliving.com\/es\/inauguration-of-masa-femenina-art-exhibit-at-the-altos-de-chavon-art-gallery\/\" \/>\n<meta property=\"og:site_name\" content=\"Casa de Campo Living\" \/>\n<meta property=\"article:publisher\" content=\"https:\/\/www.facebook.com\/casadecampoliving\" \/>\n<meta property=\"article:published_time\" content=\"2010-04-28T04:00:00+00:00\" \/>\n<meta property=\"article:modified_time\" content=\"2022-11-10T14:36:32+00:00\" \/>\n<meta property=\"og:image\" content=\"https:\/\/i0.wp.com\/casadecampoliving.com\/wp-content\/uploads\/2022\/10\/inauguration-of-JEAN-GIRIGORI-altos-de-cahvon-art-gallery-casa-de-campo-living-1.jpg?fit=575%2C436&ssl=1\" \/>\n\t<meta property=\"og:image:width\" content=\"575\" \/>\n\t<meta property=\"og:image:height\" content=\"436\" \/>\n\t<meta property=\"og:image:type\" content=\"image\/jpeg\" \/>\n<meta name=\"author\" content=\"Rebecca Silvestri\" \/>\n<meta name=\"twitter:card\" content=\"summary_large_image\" \/>\n<meta name=\"twitter:creator\" content=\"@cdcliving\" \/>\n<meta name=\"twitter:site\" content=\"@cdcliving\" \/>\n<meta name=\"twitter:label1\" content=\"Escrito por\" \/>\n\t<meta name=\"twitter:data1\" content=\"Rebecca Silvestri\" \/>\n\t<meta name=\"twitter:label2\" content=\"Tiempo de lectura\" \/>\n\t<meta name=\"twitter:data2\" content=\"3 minutos\" \/>\n<script type=\"application\/ld+json\" class=\"yoast-schema-graph\">{\"@context\":\"https:\\\/\\\/schema.org\",\"@graph\":[{\"@type\":\"Article\",\"@id\":\"https:\\\/\\\/casadecampoliving.com\\\/es\\\/inauguration-of-masa-femenina-art-exhibit-at-the-altos-de-chavon-art-gallery\\\/#article\",\"isPartOf\":{\"@id\":\"https:\\\/\\\/casadecampoliving.com\\\/es\\\/inauguration-of-masa-femenina-art-exhibit-at-the-altos-de-chavon-art-gallery\\\/\"},\"author\":{\"name\":\"Rebecca Silvestri\",\"@id\":\"https:\\\/\\\/casadecampoliving.com\\\/es\\\/#\\\/schema\\\/person\\\/2b2208f3175fa8761e25b272e096d718\"},\"headline\":\"Inauguration of &#8216;Masa Femenina&#8217; art exhibit at the Altos de Chavon art gallery\",\"datePublished\":\"2010-04-28T04:00:00+00:00\",\"dateModified\":\"2022-11-10T14:36:32+00:00\",\"mainEntityOfPage\":{\"@id\":\"https:\\\/\\\/casadecampoliving.com\\\/es\\\/inauguration-of-masa-femenina-art-exhibit-at-the-altos-de-chavon-art-gallery\\\/\"},\"wordCount\":647,\"publisher\":{\"@id\":\"https:\\\/\\\/casadecampoliving.com\\\/es\\\/#organization\"},\"image\":{\"@id\":\"https:\\\/\\\/casadecampoliving.com\\\/es\\\/inauguration-of-masa-femenina-art-exhibit-at-the-altos-de-chavon-art-gallery\\\/#primaryimage\"},\"thumbnailUrl\":\"https:\\\/\\\/i0.wp.com\\\/casadecampoliving.com\\\/wp-content\\\/uploads\\\/2022\\\/10\\\/inauguration-of-JEAN-GIRIGORI-altos-de-cahvon-art-gallery-casa-de-campo-living-1.jpg?fit=575%2C436&ssl=1\",\"keywords\":[\"Altos de Chavon Art Gallery\",\"art\"],\"articleSection\":[\"Altos de Chavon\",\"Art and Culture\",\"Eventos\",\"Destacados\",\"Noticias Locales\",\"Proximamente\"],\"inLanguage\":\"es\"},{\"@type\":\"WebPage\",\"@id\":\"https:\\\/\\\/casadecampoliving.com\\\/es\\\/inauguration-of-masa-femenina-art-exhibit-at-the-altos-de-chavon-art-gallery\\\/\",\"url\":\"https:\\\/\\\/casadecampoliving.com\\\/es\\\/inauguration-of-masa-femenina-art-exhibit-at-the-altos-de-chavon-art-gallery\\\/\",\"name\":\"Inauguration of 'Masa Femenina' art exhibit at the Altos de Chavon art gallery | Casa de Campo Living\",\"isPartOf\":{\"@id\":\"https:\\\/\\\/casadecampoliving.com\\\/es\\\/#website\"},\"primaryImageOfPage\":{\"@id\":\"https:\\\/\\\/casadecampoliving.com\\\/es\\\/inauguration-of-masa-femenina-art-exhibit-at-the-altos-de-chavon-art-gallery\\\/#primaryimage\"},\"image\":{\"@id\":\"https:\\\/\\\/casadecampoliving.com\\\/es\\\/inauguration-of-masa-femenina-art-exhibit-at-the-altos-de-chavon-art-gallery\\\/#primaryimage\"},\"thumbnailUrl\":\"https:\\\/\\\/i0.wp.com\\\/casadecampoliving.com\\\/wp-content\\\/uploads\\\/2022\\\/10\\\/inauguration-of-JEAN-GIRIGORI-altos-de-cahvon-art-gallery-casa-de-campo-living-1.jpg?fit=575%2C436&ssl=1\",\"datePublished\":\"2010-04-28T04:00:00+00:00\",\"dateModified\":\"2022-11-10T14:36:32+00:00\",\"description\":\"Last Thursday the 22nd of April the Altos de Chavon art gallery hosted yet another exhibition open at it's main art gallery in Altos de Chavon. The\",\"breadcrumb\":{\"@id\":\"https:\\\/\\\/casadecampoliving.com\\\/es\\\/inauguration-of-masa-femenina-art-exhibit-at-the-altos-de-chavon-art-gallery\\\/#breadcrumb\"},\"inLanguage\":\"es\",\"potentialAction\":[{\"@type\":\"ReadAction\",\"target\":[\"https:\\\/\\\/casadecampoliving.com\\\/es\\\/inauguration-of-masa-femenina-art-exhibit-at-the-altos-de-chavon-art-gallery\\\/\"]}]},{\"@type\":\"ImageObject\",\"inLanguage\":\"es\",\"@id\":\"https:\\\/\\\/casadecampoliving.com\\\/es\\\/inauguration-of-masa-femenina-art-exhibit-at-the-altos-de-chavon-art-gallery\\\/#primaryimage\",\"url\":\"https:\\\/\\\/i0.wp.com\\\/casadecampoliving.com\\\/wp-content\\\/uploads\\\/2022\\\/10\\\/inauguration-of-JEAN-GIRIGORI-altos-de-cahvon-art-gallery-casa-de-campo-living-1.jpg?fit=575%2C436&ssl=1\",\"contentUrl\":\"https:\\\/\\\/i0.wp.com\\\/casadecampoliving.com\\\/wp-content\\\/uploads\\\/2022\\\/10\\\/inauguration-of-JEAN-GIRIGORI-altos-de-cahvon-art-gallery-casa-de-campo-living-1.jpg?fit=575%2C436&ssl=1\",\"width\":575,\"height\":436},{\"@type\":\"BreadcrumbList\",\"@id\":\"https:\\\/\\\/casadecampoliving.com\\\/es\\\/inauguration-of-masa-femenina-art-exhibit-at-the-altos-de-chavon-art-gallery\\\/#breadcrumb\",\"itemListElement\":[{\"@type\":\"ListItem\",\"position\":1,\"name\":\"Home\",\"item\":\"https:\\\/\\\/casadecampoliving.com\\\/es\\\/\"},{\"@type\":\"ListItem\",\"position\":2,\"name\":\"Inauguration of &#8216;Masa Femenina&#8217; art exhibit at the Altos de Chavon art gallery\"}]},{\"@type\":\"WebSite\",\"@id\":\"https:\\\/\\\/casadecampoliving.com\\\/es\\\/#website\",\"url\":\"https:\\\/\\\/casadecampoliving.com\\\/es\\\/\",\"name\":\"Casa de Campo Living\",\"description\":\"Resort community news and resources.\",\"publisher\":{\"@id\":\"https:\\\/\\\/casadecampoliving.com\\\/es\\\/#organization\"},\"potentialAction\":[{\"@type\":\"SearchAction\",\"target\":{\"@type\":\"EntryPoint\",\"urlTemplate\":\"https:\\\/\\\/casadecampoliving.com\\\/es\\\/?s={search_term_string}\"},\"query-input\":{\"@type\":\"PropertyValueSpecification\",\"valueRequired\":true,\"valueName\":\"search_term_string\"}}],\"inLanguage\":\"es\"},{\"@type\":\"Organization\",\"@id\":\"https:\\\/\\\/casadecampoliving.com\\\/es\\\/#organization\",\"name\":\"Casa de Campo Living\",\"url\":\"https:\\\/\\\/casadecampoliving.com\\\/es\\\/\",\"logo\":{\"@type\":\"ImageObject\",\"inLanguage\":\"es\",\"@id\":\"https:\\\/\\\/casadecampoliving.com\\\/es\\\/#\\\/schema\\\/logo\\\/image\\\/\",\"url\":\"https:\\\/\\\/i0.wp.com\\\/casadecampoliving.com\\\/wp-content\\\/uploads\\\/2022\\\/07\\\/CDCLivingLogo_V1-white-sized.png?fit=800%2C214&ssl=1\",\"contentUrl\":\"https:\\\/\\\/i0.wp.com\\\/casadecampoliving.com\\\/wp-content\\\/uploads\\\/2022\\\/07\\\/CDCLivingLogo_V1-white-sized.png?fit=800%2C214&ssl=1\",\"width\":800,\"height\":214,\"caption\":\"Casa de Campo Living\"},\"image\":{\"@id\":\"https:\\\/\\\/casadecampoliving.com\\\/es\\\/#\\\/schema\\\/logo\\\/image\\\/\"},\"sameAs\":[\"https:\\\/\\\/www.facebook.com\\\/casadecampoliving\",\"https:\\\/\\\/x.com\\\/cdcliving\"]},{\"@type\":\"Person\",\"@id\":\"https:\\\/\\\/casadecampoliving.com\\\/es\\\/#\\\/schema\\\/person\\\/2b2208f3175fa8761e25b272e096d718\",\"name\":\"Rebecca Silvestri\",\"image\":{\"@type\":\"ImageObject\",\"inLanguage\":\"es\",\"@id\":\"https:\\\/\\\/secure.gravatar.com\\\/avatar\\\/2d937fd6c1769fb718dbf8dce9e82bf5f89e97bd028f9b3ea10b931dc7df95c6?s=96&d=mm&r=g\",\"url\":\"https:\\\/\\\/secure.gravatar.com\\\/avatar\\\/2d937fd6c1769fb718dbf8dce9e82bf5f89e97bd028f9b3ea10b931dc7df95c6?s=96&d=mm&r=g\",\"contentUrl\":\"https:\\\/\\\/secure.gravatar.com\\\/avatar\\\/2d937fd6c1769fb718dbf8dce9e82bf5f89e97bd028f9b3ea10b931dc7df95c6?s=96&d=mm&r=g\",\"caption\":\"Rebecca Silvestri\"},\"url\":\"https:\\\/\\\/casadecampoliving.com\\\/es\\\/author\\\/madamehuge\\\/\"}]}<\/script>\n<!-- \/ Yoast SEO plugin. -->","yoast_head_json":{"title":"Inauguration of 'Masa Femenina' art exhibit at the Altos de Chavon art gallery | Casa de Campo Living","description":"Last Thursday the 22nd of April the Altos de Chavon art gallery hosted yet another exhibition open at it's main art gallery in Altos de Chavon. The","robots":{"index":"index","follow":"follow","max-snippet":"max-snippet:-1","max-image-preview":"max-image-preview:large","max-video-preview":"max-video-preview:-1"},"canonical":"https:\/\/casadecampoliving.com\/es\/inauguration-of-masa-femenina-art-exhibit-at-the-altos-de-chavon-art-gallery\/","og_locale":"es_ES","og_type":"article","og_title":"Inauguration of 'Masa Femenina' art exhibit at the Altos de Chavon art gallery | Casa de Campo Living","og_description":"Last Thursday the 22nd of April the Altos de Chavon art gallery hosted yet another exhibition open at it's main art gallery in Altos de Chavon. The","og_url":"https:\/\/casadecampoliving.com\/es\/inauguration-of-masa-femenina-art-exhibit-at-the-altos-de-chavon-art-gallery\/","og_site_name":"Casa de Campo Living","article_publisher":"https:\/\/www.facebook.com\/casadecampoliving","article_published_time":"2010-04-28T04:00:00+00:00","article_modified_time":"2022-11-10T14:36:32+00:00","og_image":[{"width":575,"height":436,"url":"https:\/\/i0.wp.com\/casadecampoliving.com\/wp-content\/uploads\/2022\/10\/inauguration-of-JEAN-GIRIGORI-altos-de-cahvon-art-gallery-casa-de-campo-living-1.jpg?fit=575%2C436&ssl=1","type":"image\/jpeg"}],"author":"Rebecca Silvestri","twitter_card":"summary_large_image","twitter_creator":"@cdcliving","twitter_site":"@cdcliving","twitter_misc":{"Escrito por":"Rebecca Silvestri","Tiempo de lectura":"3 minutos"},"schema":{"@context":"https:\/\/schema.org","@graph":[{"@type":"Article","@id":"https:\/\/casadecampoliving.com\/es\/inauguration-of-masa-femenina-art-exhibit-at-the-altos-de-chavon-art-gallery\/#article","isPartOf":{"@id":"https:\/\/casadecampoliving.com\/es\/inauguration-of-masa-femenina-art-exhibit-at-the-altos-de-chavon-art-gallery\/"},"author":{"name":"Rebecca Silvestri","@id":"https:\/\/casadecampoliving.com\/es\/#\/schema\/person\/2b2208f3175fa8761e25b272e096d718"},"headline":"Inauguration of &#8216;Masa Femenina&#8217; art exhibit at the Altos de Chavon art gallery","datePublished":"2010-04-28T04:00:00+00:00","dateModified":"2022-11-10T14:36:32+00:00","mainEntityOfPage":{"@id":"https:\/\/casadecampoliving.com\/es\/inauguration-of-masa-femenina-art-exhibit-at-the-altos-de-chavon-art-gallery\/"},"wordCount":647,"publisher":{"@id":"https:\/\/casadecampoliving.com\/es\/#organization"},"image":{"@id":"https:\/\/casadecampoliving.com\/es\/inauguration-of-masa-femenina-art-exhibit-at-the-altos-de-chavon-art-gallery\/#primaryimage"},"thumbnailUrl":"https:\/\/i0.wp.com\/casadecampoliving.com\/wp-content\/uploads\/2022\/10\/inauguration-of-JEAN-GIRIGORI-altos-de-cahvon-art-gallery-casa-de-campo-living-1.jpg?fit=575%2C436&ssl=1","keywords":["Altos de Chavon Art Gallery","art"],"articleSection":["Altos de Chavon","Art and Culture","Eventos","Destacados","Noticias Locales","Proximamente"],"inLanguage":"es"},{"@type":"WebPage","@id":"https:\/\/casadecampoliving.com\/es\/inauguration-of-masa-femenina-art-exhibit-at-the-altos-de-chavon-art-gallery\/","url":"https:\/\/casadecampoliving.com\/es\/inauguration-of-masa-femenina-art-exhibit-at-the-altos-de-chavon-art-gallery\/","name":"Inauguration of 'Masa Femenina' art exhibit at the Altos de Chavon art gallery | Casa de Campo Living","isPartOf":{"@id":"https:\/\/casadecampoliving.com\/es\/#website"},"primaryImageOfPage":{"@id":"https:\/\/casadecampoliving.com\/es\/inauguration-of-masa-femenina-art-exhibit-at-the-altos-de-chavon-art-gallery\/#primaryimage"},"image":{"@id":"https:\/\/casadecampoliving.com\/es\/inauguration-of-masa-femenina-art-exhibit-at-the-altos-de-chavon-art-gallery\/#primaryimage"},"thumbnailUrl":"https:\/\/i0.wp.com\/casadecampoliving.com\/wp-content\/uploads\/2022\/10\/inauguration-of-JEAN-GIRIGORI-altos-de-cahvon-art-gallery-casa-de-campo-living-1.jpg?fit=575%2C436&ssl=1","datePublished":"2010-04-28T04:00:00+00:00","dateModified":"2022-11-10T14:36:32+00:00","description":"Last Thursday the 22nd of April the Altos de Chavon art gallery hosted yet another exhibition open at it's main art gallery in Altos de Chavon. The","breadcrumb":{"@id":"https:\/\/casadecampoliving.com\/es\/inauguration-of-masa-femenina-art-exhibit-at-the-altos-de-chavon-art-gallery\/#breadcrumb"},"inLanguage":"es","potentialAction":[{"@type":"ReadAction","target":["https:\/\/casadecampoliving.com\/es\/inauguration-of-masa-femenina-art-exhibit-at-the-altos-de-chavon-art-gallery\/"]}]},{"@type":"ImageObject","inLanguage":"es","@id":"https:\/\/casadecampoliving.com\/es\/inauguration-of-masa-femenina-art-exhibit-at-the-altos-de-chavon-art-gallery\/#primaryimage","url":"https:\/\/i0.wp.com\/casadecampoliving.com\/wp-content\/uploads\/2022\/10\/inauguration-of-JEAN-GIRIGORI-altos-de-cahvon-art-gallery-casa-de-campo-living-1.jpg?fit=575%2C436&ssl=1","contentUrl":"https:\/\/i0.wp.com\/casadecampoliving.com\/wp-content\/uploads\/2022\/10\/inauguration-of-JEAN-GIRIGORI-altos-de-cahvon-art-gallery-casa-de-campo-living-1.jpg?fit=575%2C436&ssl=1","width":575,"height":436},{"@type":"BreadcrumbList","@id":"https:\/\/casadecampoliving.com\/es\/inauguration-of-masa-femenina-art-exhibit-at-the-altos-de-chavon-art-gallery\/#breadcrumb","itemListElement":[{"@type":"ListItem","position":1,"name":"Home","item":"https:\/\/casadecampoliving.com\/es\/"},{"@type":"ListItem","position":2,"name":"Inauguration of &#8216;Masa Femenina&#8217; art exhibit at the Altos de Chavon art gallery"}]},{"@type":"WebSite","@id":"https:\/\/casadecampoliving.com\/es\/#website","url":"https:\/\/casadecampoliving.com\/es\/","name":"Casa de Campo Living","description":"Resort community news and resources.","publisher":{"@id":"https:\/\/casadecampoliving.com\/es\/#organization"},"potentialAction":[{"@type":"SearchAction","target":{"@type":"EntryPoint","urlTemplate":"https:\/\/casadecampoliving.com\/es\/?s={search_term_string}"},"query-input":{"@type":"PropertyValueSpecification","valueRequired":true,"valueName":"search_term_string"}}],"inLanguage":"es"},{"@type":"Organization","@id":"https:\/\/casadecampoliving.com\/es\/#organization","name":"Casa de Campo Living","url":"https:\/\/casadecampoliving.com\/es\/","logo":{"@type":"ImageObject","inLanguage":"es","@id":"https:\/\/casadecampoliving.com\/es\/#\/schema\/logo\/image\/","url":"https:\/\/i0.wp.com\/casadecampoliving.com\/wp-content\/uploads\/2022\/07\/CDCLivingLogo_V1-white-sized.png?fit=800%2C214&ssl=1","contentUrl":"https:\/\/i0.wp.com\/casadecampoliving.com\/wp-content\/uploads\/2022\/07\/CDCLivingLogo_V1-white-sized.png?fit=800%2C214&ssl=1","width":800,"height":214,"caption":"Casa de Campo Living"},"image":{"@id":"https:\/\/casadecampoliving.com\/es\/#\/schema\/logo\/image\/"},"sameAs":["https:\/\/www.facebook.com\/casadecampoliving","https:\/\/x.com\/cdcliving"]},{"@type":"Person","@id":"https:\/\/casadecampoliving.com\/es\/#\/schema\/person\/2b2208f3175fa8761e25b272e096d718","name":"Rebecca Silvestri","image":{"@type":"ImageObject","inLanguage":"es","@id":"https:\/\/secure.gravatar.com\/avatar\/2d937fd6c1769fb718dbf8dce9e82bf5f89e97bd028f9b3ea10b931dc7df95c6?s=96&d=mm&r=g","url":"https:\/\/secure.gravatar.com\/avatar\/2d937fd6c1769fb718dbf8dce9e82bf5f89e97bd028f9b3ea10b931dc7df95c6?s=96&d=mm&r=g","contentUrl":"https:\/\/secure.gravatar.com\/avatar\/2d937fd6c1769fb718dbf8dce9e82bf5f89e97bd028f9b3ea10b931dc7df95c6?s=96&d=mm&r=g","caption":"Rebecca Silvestri"},"url":"https:\/\/casadecampoliving.com\/es\/author\/madamehuge\/"}]}},"parsely":{"version":"1.1.0","canonical_url":"https:\/\/casadecampoliving.com\/es\/inauguration-of-masa-femenina-art-exhibit-at-the-altos-de-chavon-art-gallery\/","smart_links":{"inbound":0,"outbound":0},"traffic_boost_suggestions_count":0,"meta":{"@context":"https:\/\/schema.org","@type":"NewsArticle","headline":"Inauguration of &#8216;Masa Femenina&#8217; art exhibit at the Altos de Chavon art gallery","url":"http:\/\/casadecampoliving.com\/es\/inauguration-of-masa-femenina-art-exhibit-at-the-altos-de-chavon-art-gallery\/","mainEntityOfPage":{"@type":"WebPage","@id":"http:\/\/casadecampoliving.com\/es\/inauguration-of-masa-femenina-art-exhibit-at-the-altos-de-chavon-art-gallery\/"},"thumbnailUrl":"https:\/\/i0.wp.com\/casadecampoliving.com\/wp-content\/uploads\/2022\/10\/inauguration-of-JEAN-GIRIGORI-altos-de-cahvon-art-gallery-casa-de-campo-living-1.jpg?resize=150%2C150&ssl=1","image":{"@type":"ImageObject","url":"https:\/\/i0.wp.com\/casadecampoliving.com\/wp-content\/uploads\/2022\/10\/inauguration-of-JEAN-GIRIGORI-altos-de-cahvon-art-gallery-casa-de-campo-living-1.jpg?fit=575%2C436&ssl=1"},"articleSection":"Altos de Chavon","author":[{"@type":"Person","name":"Rebecca Silvestri"}],"creator":["Rebecca Silvestri"],"publisher":{"@type":"Organization","name":"Casa de Campo Living","logo":"https:\/\/casadecampoliving.com\/wp-content\/uploads\/2022\/07\/CDCLivingLogo_V1-white-sized.png"},"keywords":["altos de chavon art gallery","art"],"dateCreated":"2010-04-28T04:00:00Z","datePublished":"2010-04-28T04:00:00Z","dateModified":"2022-11-10T14:36:32Z"},"rendered":"<script type=\"application\/ld+json\" class=\"wp-parsely-metadata\">{\"@context\":\"https:\\\/\\\/schema.org\",\"@type\":\"NewsArticle\",\"headline\":\"Inauguration of &#8216;Masa Femenina&#8217; art exhibit at the Altos de Chavon art gallery\",\"url\":\"http:\\\/\\\/casadecampoliving.com\\\/es\\\/inauguration-of-masa-femenina-art-exhibit-at-the-altos-de-chavon-art-gallery\\\/\",\"mainEntityOfPage\":{\"@type\":\"WebPage\",\"@id\":\"http:\\\/\\\/casadecampoliving.com\\\/es\\\/inauguration-of-masa-femenina-art-exhibit-at-the-altos-de-chavon-art-gallery\\\/\"},\"thumbnailUrl\":\"https:\\\/\\\/i0.wp.com\\\/casadecampoliving.com\\\/wp-content\\\/uploads\\\/2022\\\/10\\\/inauguration-of-JEAN-GIRIGORI-altos-de-cahvon-art-gallery-casa-de-campo-living-1.jpg?resize=150%2C150&ssl=1\",\"image\":{\"@type\":\"ImageObject\",\"url\":\"https:\\\/\\\/i0.wp.com\\\/casadecampoliving.com\\\/wp-content\\\/uploads\\\/2022\\\/10\\\/inauguration-of-JEAN-GIRIGORI-altos-de-cahvon-art-gallery-casa-de-campo-living-1.jpg?fit=575%2C436&ssl=1\"},\"articleSection\":\"Altos de Chavon\",\"author\":[{\"@type\":\"Person\",\"name\":\"Rebecca Silvestri\"}],\"creator\":[\"Rebecca Silvestri\"],\"publisher\":{\"@type\":\"Organization\",\"name\":\"Casa de Campo Living\",\"logo\":\"https:\\\/\\\/casadecampoliving.com\\\/wp-content\\\/uploads\\\/2022\\\/07\\\/CDCLivingLogo_V1-white-sized.png\"},\"keywords\":[\"altos de chavon art gallery\",\"art\"],\"dateCreated\":\"2010-04-28T04:00:00Z\",\"datePublished\":\"2010-04-28T04:00:00Z\",\"dateModified\":\"2022-11-10T14:36:32Z\"}<\/script>","tracker_url":"https:\/\/cdn.parsely.com\/keys\/casadecampoliving.com\/p.js"},"jetpack_publicize_connections":[],"jetpack_featured_media_url":"https:\/\/i0.wp.com\/casadecampoliving.com\/wp-content\/uploads\/2022\/10\/inauguration-of-JEAN-GIRIGORI-altos-de-cahvon-art-gallery-casa-de-campo-living-1.jpg?fit=575%2C436&ssl=1","jetpack-related-posts":[{"id":318727,"url":"https:\/\/casadecampoliving.com\/es\/this-weeknd-in-casa-april-23rd-to-25th\/","url_meta":{"origin":318757,"position":0},"title":"This Weeknd In Casa: April 23rd to 25th","author":"Priscilla Baez","date":"22 Abr, 2010","format":false,"excerpt":"Readers! Tuesday\u2019s Noche Dominicana was a BLAST! Everyone had so much fun it was unbelievable. This weekend, the Rolex Farr 40 continues and will be the perfect ending for an amazing week; from new artistic expressions to adrenaline-filled Polo games- I really do hope you have time to see everything!\u2026","rel":"","context":"En \u00abAltos de Chavon\u00bb","block_context":{"text":"Altos de Chavon","link":"https:\/\/casadecampoliving.com\/category\/altos-de-chavon\/"},"img":{"alt_text":"","src":"https:\/\/i0.wp.com\/casadecampoliving.com\/wp-content\/uploads\/2022\/10\/Enjoying-the-Noche-Dominicana-with-Miss-Mundo-Dominicana-1.jpg?fit=575%2C431&ssl=1&resize=350%2C200","width":350,"height":200,"srcset":"https:\/\/i0.wp.com\/casadecampoliving.com\/wp-content\/uploads\/2022\/10\/Enjoying-the-Noche-Dominicana-with-Miss-Mundo-Dominicana-1.jpg?fit=575%2C431&ssl=1&resize=350%2C200 1x, https:\/\/i0.wp.com\/casadecampoliving.com\/wp-content\/uploads\/2022\/10\/Enjoying-the-Noche-Dominicana-with-Miss-Mundo-Dominicana-1.jpg?fit=575%2C431&ssl=1&resize=525%2C300 1.5x"},"classes":[]},{"id":318758,"url":"https:\/\/casadecampoliving.com\/es\/masa-femenina-art-exhibit-by-jean-girigori-a-must-see\/","url_meta":{"origin":318757,"position":1},"title":"&#8216;Masa Femenina&#8217; art exhibit by Jean Girigori: A must see!","author":"Rebecca Silvestri","date":"3 May, 2010","format":false,"excerpt":"Altos de Chavon's current art exhibit is in my (very humble) opinion magnificent, the paintings are original, fun and beautiful. If you've not yet seen this exhibit, in this post I show you why you should!The exhibit is called Masa Femenina and is the individual work of modernist painter Jean\u2026","rel":"","context":"En \u00abAltos de Chavon\u00bb","block_context":{"text":"Altos de Chavon","link":"https:\/\/casadecampoliving.com\/category\/altos-de-chavon\/"},"img":{"alt_text":"","src":"https:\/\/i0.wp.com\/casadecampoliving.com\/wp-content\/uploads\/2022\/10\/exhibition-jean-girigori-altos-de-cahvon-art-gallery-casa-de-campo-living1-1.jpg?fit=575%2C431&ssl=1&resize=350%2C200","width":350,"height":200,"srcset":"https:\/\/i0.wp.com\/casadecampoliving.com\/wp-content\/uploads\/2022\/10\/exhibition-jean-girigori-altos-de-cahvon-art-gallery-casa-de-campo-living1-1.jpg?fit=575%2C431&ssl=1&resize=350%2C200 1x, https:\/\/i0.wp.com\/casadecampoliving.com\/wp-content\/uploads\/2022\/10\/exhibition-jean-girigori-altos-de-cahvon-art-gallery-casa-de-campo-living1-1.jpg?fit=575%2C431&ssl=1&resize=525%2C300 1.5x"},"classes":[]},{"id":318816,"url":"https:\/\/casadecampoliving.com\/es\/this-weekend-in-casa-may-6th-to-9th\/","url_meta":{"origin":318757,"position":2},"title":"This Weekend In Casa- May 6th to 9th","author":"Priscilla Baez","date":"6 May, 2010","format":false,"excerpt":"Hello readers! I hope last weekend was a blast- this weekend will be no less. Enjoy! Fun fact: United States President Barack Obama has declared May 6th 2010, National Prayer Day. Excellent movies are on display. Did you know Clash of the Titans has grossed 427 million dollars world-wide? Thursday\u2026","rel":"","context":"En \u00abAltos de Chavon\u00bb","block_context":{"text":"Altos de Chavon","link":"https:\/\/casadecampoliving.com\/category\/altos-de-chavon\/"},"img":{"alt_text":"","src":"https:\/\/i0.wp.com\/casadecampoliving.com\/wp-content\/uploads\/2022\/10\/this-weekend-in-casa-la-estancia-casa-de-campo-living-1.jpg?fit=575%2C431&ssl=1&resize=350%2C200","width":350,"height":200,"srcset":"https:\/\/i0.wp.com\/casadecampoliving.com\/wp-content\/uploads\/2022\/10\/this-weekend-in-casa-la-estancia-casa-de-campo-living-1.jpg?fit=575%2C431&ssl=1&resize=350%2C200 1x, https:\/\/i0.wp.com\/casadecampoliving.com\/wp-content\/uploads\/2022\/10\/this-weekend-in-casa-la-estancia-casa-de-campo-living-1.jpg?fit=575%2C431&ssl=1&resize=525%2C300 1.5x"},"classes":[]},{"id":318764,"url":"https:\/\/casadecampoliving.com\/es\/this-weekend-in-casa-april-30th-to-may-2nd\/","url_meta":{"origin":318757,"position":3},"title":"This Weekend In Casa- April 30th to May 2nd","author":"Priscilla Baez","date":"30 Abr, 2010","format":false,"excerpt":"Hello readers, how are you? Hopefully you have recovered from last weekend and are ready for this one. This weekend includes a little something for everyone. I really hope you can enjoy all the activities! Excellent movies are on display. Thursday April 29th Masa Femenina Art Exhibition @ Altos de\u2026","rel":"","context":"En \u00abAltos de Chavon\u00bb","block_context":{"text":"Altos de Chavon","link":"https:\/\/casadecampoliving.com\/category\/altos-de-chavon\/"},"img":{"alt_text":"","src":"https:\/\/i0.wp.com\/casadecampoliving.com\/wp-content\/uploads\/2022\/10\/Rolex-farr-40-prize-giving-party-at-the-victory-club-marina-casa-de-campo-casa-de-campo-living-1.jpg?fit=575%2C274&ssl=1&resize=350%2C200","width":350,"height":200,"srcset":"https:\/\/i0.wp.com\/casadecampoliving.com\/wp-content\/uploads\/2022\/10\/Rolex-farr-40-prize-giving-party-at-the-victory-club-marina-casa-de-campo-casa-de-campo-living-1.jpg?fit=575%2C274&ssl=1&resize=350%2C200 1x, https:\/\/i0.wp.com\/casadecampoliving.com\/wp-content\/uploads\/2022\/10\/Rolex-farr-40-prize-giving-party-at-the-victory-club-marina-casa-de-campo-casa-de-campo-living-1.jpg?fit=575%2C274&ssl=1&resize=525%2C300 1.5x"},"classes":[]},{"id":319701,"url":"https:\/\/casadecampoliving.com\/es\/celebrating-the-inauguration-the-new-art-exhibit-in-altos-de-chavon-by-aquiles-azar\/","url_meta":{"origin":318757,"position":4},"title":"Celebrating the inauguration the new art exhibit in Altos de Chav\u00f3n by Aquiles Azar","author":"Rebecca Silvestri","date":"31 Ene, 2011","format":false,"excerpt":"30 years after his first exhibit in Altos de Chav\u00f3n Aquiles Azar made a stunning come back with a fantastic and varied exhibit of paintings at the Altos de Chav\u00f3n art gallery. The inauguration cocktail was held on Friday the 21st of January at the Altos de Chav\u00f3n art gallery\u2026","rel":"","context":"En \u00abAltos de Chavon\u00bb","block_context":{"text":"Altos de Chavon","link":"https:\/\/casadecampoliving.com\/category\/altos-de-chavon\/"},"img":{"alt_text":"","src":"https:\/\/i0.wp.com\/casadecampoliving.com\/wp-content\/uploads\/2022\/10\/altos_de_chavon_artgallery-1.jpg?fit=565%2C300&ssl=1&resize=350%2C200","width":350,"height":200,"srcset":"https:\/\/i0.wp.com\/casadecampoliving.com\/wp-content\/uploads\/2022\/10\/altos_de_chavon_artgallery-1.jpg?fit=565%2C300&ssl=1&resize=350%2C200 1x, https:\/\/i0.wp.com\/casadecampoliving.com\/wp-content\/uploads\/2022\/10\/altos_de_chavon_artgallery-1.jpg?fit=565%2C300&ssl=1&resize=525%2C300 1.5x"},"classes":[]},{"id":317142,"url":"https:\/\/casadecampoliving.com\/es\/thelma-leonor-espinal-art-exhibition-at-the-altos-de-chavon-gallery\/","url_meta":{"origin":318757,"position":5},"title":"Thelma Leonor Espinal Art Exhibition at the Altos de Chavon Gallery","author":"Mr B","date":"13 Jul, 2009","format":false,"excerpt":"The Altos de Chavon Cultural Center cordially invites you to the inauguration of their upcoming exhibition \u201cinter-VERSIONES\u201d by the artist Thelma Leonor Espinal. The inauguration of the new exhibition will take place this Friday the 17th of July at 7.30pm at the main art gallery in Altos de Chavon. The\u2026","rel":"","context":"En \u00abAltos de Chavon\u00bb","block_context":{"text":"Altos de Chavon","link":"https:\/\/casadecampoliving.com\/category\/altos-de-chavon\/"},"img":{"alt_text":"","src":"https:\/\/i0.wp.com\/casadecampoliving.com\/wp-content\/uploads\/2022\/10\/thelma-1.jpg?fit=580%2C414&ssl=1&resize=350%2C200","width":350,"height":200,"srcset":"https:\/\/i0.wp.com\/casadecampoliving.com\/wp-content\/uploads\/2022\/10\/thelma-1.jpg?fit=580%2C414&ssl=1&resize=350%2C200 1x, https:\/\/i0.wp.com\/casadecampoliving.com\/wp-content\/uploads\/2022\/10\/thelma-1.jpg?fit=580%2C414&ssl=1&resize=525%2C300 1.5x"},"classes":[]}],"jetpack_sharing_enabled":true,"_links":{"self":[{"href":"https:\/\/casadecampoliving.com\/es\/wp-json\/wp\/v2\/posts\/318757","targetHints":{"allow":["GET"]}}],"collection":[{"href":"https:\/\/casadecampoliving.com\/es\/wp-json\/wp\/v2\/posts"}],"about":[{"href":"https:\/\/casadecampoliving.com\/es\/wp-json\/wp\/v2\/types\/post"}],"author":[{"embeddable":true,"href":"https:\/\/casadecampoliving.com\/es\/wp-json\/wp\/v2\/users\/31"}],"replies":[{"embeddable":true,"href":"https:\/\/casadecampoliving.com\/es\/wp-json\/wp\/v2\/comments?post=318757"}],"version-history":[{"count":2,"href":"https:\/\/casadecampoliving.com\/es\/wp-json\/wp\/v2\/posts\/318757\/revisions"}],"predecessor-version":[{"id":508016,"href":"https:\/\/casadecampoliving.com\/es\/wp-json\/wp\/v2\/posts\/318757\/revisions\/508016"}],"wp:featuredmedia":[{"embeddable":true,"href":"https:\/\/casadecampoliving.com\/es\/wp-json\/wp\/v2\/media\/248046"}],"wp:attachment":[{"href":"https:\/\/casadecampoliving.com\/es\/wp-json\/wp\/v2\/media?parent=318757"}],"wp:term":[{"taxonomy":"category","embeddable":true,"href":"https:\/\/casadecampoliving.com\/es\/wp-json\/wp\/v2\/categories?post=318757"},{"taxonomy":"post_tag","embeddable":true,"href":"https:\/\/casadecampoliving.com\/es\/wp-json\/wp\/v2\/tags?post=318757"},{"taxonomy":"newspack_spnsrs_tax","embeddable":true,"href":"https:\/\/casadecampoliving.com\/es\/wp-json\/wp\/v2\/newspack_spnsrs_tax?post=318757"}],"curies":[{"name":"wp","href":"https:\/\/api.w.org\/{rel}","templated":true}]}}