{"id":318673,"date":"2010-04-11T00:00:00","date_gmt":"2010-04-11T04:00:00","guid":{"rendered":"https:\/\/casadecampoliving.com\/fiesta-brugal-monday-12th-april\/"},"modified":"2022-10-21T17:53:17","modified_gmt":"2022-10-21T21:53:17","slug":"fiesta-brugal-monday-12th-april","status":"publish","type":"post","link":"https:\/\/casadecampoliving.com\/es\/fiesta-brugal-monday-12th-april\/","title":{"rendered":"Fiesta Brugal &#8211; Monday 12th April"},"content":{"rendered":"\n<figure class=\"wp-block-image is-resized\"><img loading=\"lazy\" decoding=\"async\" src=\"https:\/\/i0.wp.com\/casadecampoliving.com\/wp-content\/uploads\/2022\/10\/brugal-fiesta.jpg?resize=575%2C353&amp;ssl=1\" alt=\"brugal fiesta\" class=\"wp-image-14874\" title=\"brugal fiesta\" height=\"353\" width=\"575\"\/><\/figure>\n\n\n\n<p>This Monday the 12th of April, Brugal are throwing a party \u2013 Fiesta Brugal!<\/p>\n\n\n\n<!--more-->\n\n\n\n<p>The party is being thrown for a group of more than 100 Brugal representatives from Spain and YOU are all invited to join them!<\/p>\n\n\n\n<p>The party is taking place in the La Piazetta Plaza in Altos de Chavon \u2013 the charming area just outside of the La Piazetta restaurant overlooking the Chavon river, which at night is always beautifully lit and enchanting.<\/p>\n\n\n\n<p>The party will begin from 11pm and the Brugal Orchestra will be playing for your entertainment!<\/p>\n\n\n\n<p>So if you like to dance \u2013 they\u2019ll be many handsome Spanish men waiting to lead you in a few or many dances!<\/p>\n","protected":false},"excerpt":{"rendered":"<p>This Monday the 12th of April, Brugal are throwing a party \u2013 Fiesta Brugal!<\/p>\n","protected":false},"author":31,"featured_media":240395,"comment_status":"closed","ping_status":"open","sticky":false,"template":"","format":"standard","meta":{"newspack_ads_suppress_ads":false,"newspack_popups_has_disabled_popups":false,"newspack_sponsor_sponsorship_scope":"","newspack_sponsor_native_byline_display":"inherit","newspack_sponsor_native_category_display":"inherit","newspack_sponsor_underwriter_style":"inherit","newspack_sponsor_underwriter_placement":"inherit","_newspack_byline_active":false,"_newspack_byline":"","newspack_hide_updated_date":false,"newspack_show_updated_date":false,"newspack_content_restriction_is_exempt":false,"newspack_featured_image_position":"","newspack_post_subtitle":"","newspack_article_summary_title":"Overview:","newspack_article_summary":"","_jetpack_memberships_contains_paid_content":false,"footnotes":"","jetpack_publicize_message":"","jetpack_publicize_feature_enabled":true,"jetpack_social_post_already_shared":false,"jetpack_social_options":{"image_generator_settings":{"template":"highway","default_image_id":0,"font":"","enabled":false},"version":2},"_wpas_customize_per_network":false},"categories":[56,61,51,44,14628,14624,14626],"tags":[1119,711,687],"newspack_spnsrs_tax":[],"class_list":["post-318673","post","type-post","status-publish","format-standard","has-post-thumbnail","hentry","category-altos-de-chavon","category-bars-and-nightlife","category-events-and-activities","category-featured","category-food-drinks","category-local-news","category-upcoming","tag-brugal","tag-la-piazetta","tag-party","entry"],"yoast_head":"<!-- This site is optimized with the Yoast SEO plugin v27.5 - https:\/\/yoast.com\/product\/yoast-seo-wordpress\/ -->\n<title>Fiesta Brugal - Monday 12th April | Casa de Campo Living<\/title>\n<meta name=\"description\" content=\"This Monday the 12th of April, Brugal are throwing a party \u2013 Fiesta Brugal! The party is being thrown for a group of more than 100 Brugal representatives\" \/>\n<meta name=\"robots\" content=\"index, follow, max-snippet:-1, max-image-preview:large, max-video-preview:-1\" \/>\n<link rel=\"canonical\" href=\"https:\/\/casadecampoliving.com\/es\/fiesta-brugal-monday-12th-april\/\" \/>\n<meta property=\"og:locale\" content=\"es_ES\" \/>\n<meta property=\"og:type\" content=\"article\" \/>\n<meta property=\"og:title\" content=\"Fiesta Brugal - Monday 12th April | Casa de Campo Living\" \/>\n<meta property=\"og:description\" content=\"This Monday the 12th of April, Brugal are throwing a party \u2013 Fiesta Brugal! The party is being thrown for a group of more than 100 Brugal representatives\" \/>\n<meta property=\"og:url\" content=\"https:\/\/casadecampoliving.com\/es\/fiesta-brugal-monday-12th-april\/\" \/>\n<meta property=\"og:site_name\" content=\"Casa de Campo Living\" \/>\n<meta property=\"article:publisher\" content=\"https:\/\/www.facebook.com\/casadecampoliving\" \/>\n<meta property=\"article:published_time\" content=\"2010-04-11T04:00:00+00:00\" \/>\n<meta property=\"article:modified_time\" content=\"2022-10-21T21:53:17+00:00\" \/>\n<meta property=\"og:image\" content=\"https:\/\/i0.wp.com\/casadecampoliving.com\/wp-content\/uploads\/2022\/10\/brugal-fiesta-1.jpg?fit=575%2C353&ssl=1\" \/>\n\t<meta property=\"og:image:width\" content=\"575\" \/>\n\t<meta property=\"og:image:height\" content=\"353\" \/>\n\t<meta property=\"og:image:type\" content=\"image\/jpeg\" \/>\n<meta name=\"author\" content=\"Rebecca Silvestri\" \/>\n<meta name=\"twitter:card\" content=\"summary_large_image\" \/>\n<meta name=\"twitter:creator\" content=\"@cdcliving\" \/>\n<meta name=\"twitter:site\" content=\"@cdcliving\" \/>\n<meta name=\"twitter:label1\" content=\"Escrito por\" \/>\n\t<meta name=\"twitter:data1\" content=\"Rebecca Silvestri\" \/>\n\t<meta name=\"twitter:label2\" content=\"Tiempo de lectura\" \/>\n\t<meta name=\"twitter:data2\" content=\"1 minuto\" \/>\n<script type=\"application\/ld+json\" class=\"yoast-schema-graph\">{\"@context\":\"https:\\\/\\\/schema.org\",\"@graph\":[{\"@type\":\"Article\",\"@id\":\"https:\\\/\\\/casadecampoliving.com\\\/es\\\/fiesta-brugal-monday-12th-april\\\/#article\",\"isPartOf\":{\"@id\":\"https:\\\/\\\/casadecampoliving.com\\\/es\\\/fiesta-brugal-monday-12th-april\\\/\"},\"author\":{\"name\":\"Rebecca Silvestri\",\"@id\":\"https:\\\/\\\/casadecampoliving.com\\\/es\\\/#\\\/schema\\\/person\\\/2b2208f3175fa8761e25b272e096d718\"},\"headline\":\"Fiesta Brugal &#8211; Monday 12th April\",\"datePublished\":\"2010-04-11T04:00:00+00:00\",\"dateModified\":\"2022-10-21T21:53:17+00:00\",\"mainEntityOfPage\":{\"@id\":\"https:\\\/\\\/casadecampoliving.com\\\/es\\\/fiesta-brugal-monday-12th-april\\\/\"},\"wordCount\":118,\"publisher\":{\"@id\":\"https:\\\/\\\/casadecampoliving.com\\\/es\\\/#organization\"},\"image\":{\"@id\":\"https:\\\/\\\/casadecampoliving.com\\\/es\\\/fiesta-brugal-monday-12th-april\\\/#primaryimage\"},\"thumbnailUrl\":\"https:\\\/\\\/i0.wp.com\\\/casadecampoliving.com\\\/wp-content\\\/uploads\\\/2022\\\/10\\\/brugal-fiesta-1.jpg?fit=575%2C353&ssl=1\",\"keywords\":[\"brugal\",\"La Piazetta\",\"party\"],\"articleSection\":[\"Altos de Chavon\",\"Bars and Nightlife\",\"Events and Activities\",\"Featured\",\"Food &amp; Drinks\",\"Local News\",\"Upcoming\"],\"inLanguage\":\"es\"},{\"@type\":\"WebPage\",\"@id\":\"https:\\\/\\\/casadecampoliving.com\\\/es\\\/fiesta-brugal-monday-12th-april\\\/\",\"url\":\"https:\\\/\\\/casadecampoliving.com\\\/es\\\/fiesta-brugal-monday-12th-april\\\/\",\"name\":\"Fiesta Brugal - Monday 12th April | Casa de Campo Living\",\"isPartOf\":{\"@id\":\"https:\\\/\\\/casadecampoliving.com\\\/es\\\/#website\"},\"primaryImageOfPage\":{\"@id\":\"https:\\\/\\\/casadecampoliving.com\\\/es\\\/fiesta-brugal-monday-12th-april\\\/#primaryimage\"},\"image\":{\"@id\":\"https:\\\/\\\/casadecampoliving.com\\\/es\\\/fiesta-brugal-monday-12th-april\\\/#primaryimage\"},\"thumbnailUrl\":\"https:\\\/\\\/i0.wp.com\\\/casadecampoliving.com\\\/wp-content\\\/uploads\\\/2022\\\/10\\\/brugal-fiesta-1.jpg?fit=575%2C353&ssl=1\",\"datePublished\":\"2010-04-11T04:00:00+00:00\",\"dateModified\":\"2022-10-21T21:53:17+00:00\",\"description\":\"This Monday the 12th of April, Brugal are throwing a party \u2013 Fiesta Brugal! The party is being thrown for a group of more than 100 Brugal representatives\",\"breadcrumb\":{\"@id\":\"https:\\\/\\\/casadecampoliving.com\\\/es\\\/fiesta-brugal-monday-12th-april\\\/#breadcrumb\"},\"inLanguage\":\"es\",\"potentialAction\":[{\"@type\":\"ReadAction\",\"target\":[\"https:\\\/\\\/casadecampoliving.com\\\/es\\\/fiesta-brugal-monday-12th-april\\\/\"]}]},{\"@type\":\"ImageObject\",\"inLanguage\":\"es\",\"@id\":\"https:\\\/\\\/casadecampoliving.com\\\/es\\\/fiesta-brugal-monday-12th-april\\\/#primaryimage\",\"url\":\"https:\\\/\\\/i0.wp.com\\\/casadecampoliving.com\\\/wp-content\\\/uploads\\\/2022\\\/10\\\/brugal-fiesta-1.jpg?fit=575%2C353&ssl=1\",\"contentUrl\":\"https:\\\/\\\/i0.wp.com\\\/casadecampoliving.com\\\/wp-content\\\/uploads\\\/2022\\\/10\\\/brugal-fiesta-1.jpg?fit=575%2C353&ssl=1\",\"width\":575,\"height\":353},{\"@type\":\"BreadcrumbList\",\"@id\":\"https:\\\/\\\/casadecampoliving.com\\\/es\\\/fiesta-brugal-monday-12th-april\\\/#breadcrumb\",\"itemListElement\":[{\"@type\":\"ListItem\",\"position\":1,\"name\":\"Home\",\"item\":\"https:\\\/\\\/casadecampoliving.com\\\/es\\\/\"},{\"@type\":\"ListItem\",\"position\":2,\"name\":\"Fiesta Brugal &#8211; Monday 12th April\"}]},{\"@type\":\"WebSite\",\"@id\":\"https:\\\/\\\/casadecampoliving.com\\\/es\\\/#website\",\"url\":\"https:\\\/\\\/casadecampoliving.com\\\/es\\\/\",\"name\":\"Casa de Campo Living\",\"description\":\"Resort community news and resources.\",\"publisher\":{\"@id\":\"https:\\\/\\\/casadecampoliving.com\\\/es\\\/#organization\"},\"potentialAction\":[{\"@type\":\"SearchAction\",\"target\":{\"@type\":\"EntryPoint\",\"urlTemplate\":\"https:\\\/\\\/casadecampoliving.com\\\/es\\\/?s={search_term_string}\"},\"query-input\":{\"@type\":\"PropertyValueSpecification\",\"valueRequired\":true,\"valueName\":\"search_term_string\"}}],\"inLanguage\":\"es\"},{\"@type\":\"Organization\",\"@id\":\"https:\\\/\\\/casadecampoliving.com\\\/es\\\/#organization\",\"name\":\"Casa de Campo Living\",\"url\":\"https:\\\/\\\/casadecampoliving.com\\\/es\\\/\",\"logo\":{\"@type\":\"ImageObject\",\"inLanguage\":\"es\",\"@id\":\"https:\\\/\\\/casadecampoliving.com\\\/es\\\/#\\\/schema\\\/logo\\\/image\\\/\",\"url\":\"https:\\\/\\\/i0.wp.com\\\/casadecampoliving.com\\\/wp-content\\\/uploads\\\/2022\\\/07\\\/CDCLivingLogo_V1-white-sized.png?fit=800%2C214&ssl=1\",\"contentUrl\":\"https:\\\/\\\/i0.wp.com\\\/casadecampoliving.com\\\/wp-content\\\/uploads\\\/2022\\\/07\\\/CDCLivingLogo_V1-white-sized.png?fit=800%2C214&ssl=1\",\"width\":800,\"height\":214,\"caption\":\"Casa de Campo Living\"},\"image\":{\"@id\":\"https:\\\/\\\/casadecampoliving.com\\\/es\\\/#\\\/schema\\\/logo\\\/image\\\/\"},\"sameAs\":[\"https:\\\/\\\/www.facebook.com\\\/casadecampoliving\",\"https:\\\/\\\/x.com\\\/cdcliving\"]},{\"@type\":\"Person\",\"@id\":\"https:\\\/\\\/casadecampoliving.com\\\/es\\\/#\\\/schema\\\/person\\\/2b2208f3175fa8761e25b272e096d718\",\"name\":\"Rebecca Silvestri\",\"image\":{\"@type\":\"ImageObject\",\"inLanguage\":\"es\",\"@id\":\"https:\\\/\\\/secure.gravatar.com\\\/avatar\\\/2d937fd6c1769fb718dbf8dce9e82bf5f89e97bd028f9b3ea10b931dc7df95c6?s=96&d=mm&r=g\",\"url\":\"https:\\\/\\\/secure.gravatar.com\\\/avatar\\\/2d937fd6c1769fb718dbf8dce9e82bf5f89e97bd028f9b3ea10b931dc7df95c6?s=96&d=mm&r=g\",\"contentUrl\":\"https:\\\/\\\/secure.gravatar.com\\\/avatar\\\/2d937fd6c1769fb718dbf8dce9e82bf5f89e97bd028f9b3ea10b931dc7df95c6?s=96&d=mm&r=g\",\"caption\":\"Rebecca Silvestri\"},\"url\":\"https:\\\/\\\/casadecampoliving.com\\\/es\\\/author\\\/madamehuge\\\/\"}]}<\/script>\n<!-- \/ Yoast SEO plugin. -->","yoast_head_json":{"title":"Fiesta Brugal - Monday 12th April | Casa de Campo Living","description":"This Monday the 12th of April, Brugal are throwing a party \u2013 Fiesta Brugal! The party is being thrown for a group of more than 100 Brugal representatives","robots":{"index":"index","follow":"follow","max-snippet":"max-snippet:-1","max-image-preview":"max-image-preview:large","max-video-preview":"max-video-preview:-1"},"canonical":"https:\/\/casadecampoliving.com\/es\/fiesta-brugal-monday-12th-april\/","og_locale":"es_ES","og_type":"article","og_title":"Fiesta Brugal - Monday 12th April | Casa de Campo Living","og_description":"This Monday the 12th of April, Brugal are throwing a party \u2013 Fiesta Brugal! The party is being thrown for a group of more than 100 Brugal representatives","og_url":"https:\/\/casadecampoliving.com\/es\/fiesta-brugal-monday-12th-april\/","og_site_name":"Casa de Campo Living","article_publisher":"https:\/\/www.facebook.com\/casadecampoliving","article_published_time":"2010-04-11T04:00:00+00:00","article_modified_time":"2022-10-21T21:53:17+00:00","og_image":[{"width":575,"height":353,"url":"https:\/\/i0.wp.com\/casadecampoliving.com\/wp-content\/uploads\/2022\/10\/brugal-fiesta-1.jpg?fit=575%2C353&ssl=1","type":"image\/jpeg"}],"author":"Rebecca Silvestri","twitter_card":"summary_large_image","twitter_creator":"@cdcliving","twitter_site":"@cdcliving","twitter_misc":{"Escrito por":"Rebecca Silvestri","Tiempo de lectura":"1 minuto"},"schema":{"@context":"https:\/\/schema.org","@graph":[{"@type":"Article","@id":"https:\/\/casadecampoliving.com\/es\/fiesta-brugal-monday-12th-april\/#article","isPartOf":{"@id":"https:\/\/casadecampoliving.com\/es\/fiesta-brugal-monday-12th-april\/"},"author":{"name":"Rebecca Silvestri","@id":"https:\/\/casadecampoliving.com\/es\/#\/schema\/person\/2b2208f3175fa8761e25b272e096d718"},"headline":"Fiesta Brugal &#8211; Monday 12th April","datePublished":"2010-04-11T04:00:00+00:00","dateModified":"2022-10-21T21:53:17+00:00","mainEntityOfPage":{"@id":"https:\/\/casadecampoliving.com\/es\/fiesta-brugal-monday-12th-april\/"},"wordCount":118,"publisher":{"@id":"https:\/\/casadecampoliving.com\/es\/#organization"},"image":{"@id":"https:\/\/casadecampoliving.com\/es\/fiesta-brugal-monday-12th-april\/#primaryimage"},"thumbnailUrl":"https:\/\/i0.wp.com\/casadecampoliving.com\/wp-content\/uploads\/2022\/10\/brugal-fiesta-1.jpg?fit=575%2C353&ssl=1","keywords":["brugal","La Piazetta","party"],"articleSection":["Altos de Chavon","Bars and Nightlife","Events and Activities","Featured","Food &amp; Drinks","Local News","Upcoming"],"inLanguage":"es"},{"@type":"WebPage","@id":"https:\/\/casadecampoliving.com\/es\/fiesta-brugal-monday-12th-april\/","url":"https:\/\/casadecampoliving.com\/es\/fiesta-brugal-monday-12th-april\/","name":"Fiesta Brugal - Monday 12th April | Casa de Campo Living","isPartOf":{"@id":"https:\/\/casadecampoliving.com\/es\/#website"},"primaryImageOfPage":{"@id":"https:\/\/casadecampoliving.com\/es\/fiesta-brugal-monday-12th-april\/#primaryimage"},"image":{"@id":"https:\/\/casadecampoliving.com\/es\/fiesta-brugal-monday-12th-april\/#primaryimage"},"thumbnailUrl":"https:\/\/i0.wp.com\/casadecampoliving.com\/wp-content\/uploads\/2022\/10\/brugal-fiesta-1.jpg?fit=575%2C353&ssl=1","datePublished":"2010-04-11T04:00:00+00:00","dateModified":"2022-10-21T21:53:17+00:00","description":"This Monday the 12th of April, Brugal are throwing a party \u2013 Fiesta Brugal! The party is being thrown for a group of more than 100 Brugal representatives","breadcrumb":{"@id":"https:\/\/casadecampoliving.com\/es\/fiesta-brugal-monday-12th-april\/#breadcrumb"},"inLanguage":"es","potentialAction":[{"@type":"ReadAction","target":["https:\/\/casadecampoliving.com\/es\/fiesta-brugal-monday-12th-april\/"]}]},{"@type":"ImageObject","inLanguage":"es","@id":"https:\/\/casadecampoliving.com\/es\/fiesta-brugal-monday-12th-april\/#primaryimage","url":"https:\/\/i0.wp.com\/casadecampoliving.com\/wp-content\/uploads\/2022\/10\/brugal-fiesta-1.jpg?fit=575%2C353&ssl=1","contentUrl":"https:\/\/i0.wp.com\/casadecampoliving.com\/wp-content\/uploads\/2022\/10\/brugal-fiesta-1.jpg?fit=575%2C353&ssl=1","width":575,"height":353},{"@type":"BreadcrumbList","@id":"https:\/\/casadecampoliving.com\/es\/fiesta-brugal-monday-12th-april\/#breadcrumb","itemListElement":[{"@type":"ListItem","position":1,"name":"Home","item":"https:\/\/casadecampoliving.com\/es\/"},{"@type":"ListItem","position":2,"name":"Fiesta Brugal &#8211; Monday 12th April"}]},{"@type":"WebSite","@id":"https:\/\/casadecampoliving.com\/es\/#website","url":"https:\/\/casadecampoliving.com\/es\/","name":"Casa de Campo Living","description":"Resort community news and resources.","publisher":{"@id":"https:\/\/casadecampoliving.com\/es\/#organization"},"potentialAction":[{"@type":"SearchAction","target":{"@type":"EntryPoint","urlTemplate":"https:\/\/casadecampoliving.com\/es\/?s={search_term_string}"},"query-input":{"@type":"PropertyValueSpecification","valueRequired":true,"valueName":"search_term_string"}}],"inLanguage":"es"},{"@type":"Organization","@id":"https:\/\/casadecampoliving.com\/es\/#organization","name":"Casa de Campo Living","url":"https:\/\/casadecampoliving.com\/es\/","logo":{"@type":"ImageObject","inLanguage":"es","@id":"https:\/\/casadecampoliving.com\/es\/#\/schema\/logo\/image\/","url":"https:\/\/i0.wp.com\/casadecampoliving.com\/wp-content\/uploads\/2022\/07\/CDCLivingLogo_V1-white-sized.png?fit=800%2C214&ssl=1","contentUrl":"https:\/\/i0.wp.com\/casadecampoliving.com\/wp-content\/uploads\/2022\/07\/CDCLivingLogo_V1-white-sized.png?fit=800%2C214&ssl=1","width":800,"height":214,"caption":"Casa de Campo Living"},"image":{"@id":"https:\/\/casadecampoliving.com\/es\/#\/schema\/logo\/image\/"},"sameAs":["https:\/\/www.facebook.com\/casadecampoliving","https:\/\/x.com\/cdcliving"]},{"@type":"Person","@id":"https:\/\/casadecampoliving.com\/es\/#\/schema\/person\/2b2208f3175fa8761e25b272e096d718","name":"Rebecca Silvestri","image":{"@type":"ImageObject","inLanguage":"es","@id":"https:\/\/secure.gravatar.com\/avatar\/2d937fd6c1769fb718dbf8dce9e82bf5f89e97bd028f9b3ea10b931dc7df95c6?s=96&d=mm&r=g","url":"https:\/\/secure.gravatar.com\/avatar\/2d937fd6c1769fb718dbf8dce9e82bf5f89e97bd028f9b3ea10b931dc7df95c6?s=96&d=mm&r=g","contentUrl":"https:\/\/secure.gravatar.com\/avatar\/2d937fd6c1769fb718dbf8dce9e82bf5f89e97bd028f9b3ea10b931dc7df95c6?s=96&d=mm&r=g","caption":"Rebecca Silvestri"},"url":"https:\/\/casadecampoliving.com\/es\/author\/madamehuge\/"}]}},"parsely":{"version":"1.1.0","canonical_url":"https:\/\/casadecampoliving.com\/es\/fiesta-brugal-monday-12th-april\/","smart_links":{"inbound":0,"outbound":0},"traffic_boost_suggestions_count":0,"meta":{"@context":"https:\/\/schema.org","@type":"NewsArticle","headline":"Fiesta Brugal &#8211; Monday 12th April","url":"http:\/\/casadecampoliving.com\/es\/fiesta-brugal-monday-12th-april\/","mainEntityOfPage":{"@type":"WebPage","@id":"http:\/\/casadecampoliving.com\/es\/fiesta-brugal-monday-12th-april\/"},"thumbnailUrl":"https:\/\/i0.wp.com\/casadecampoliving.com\/wp-content\/uploads\/2022\/10\/brugal-fiesta-1.jpg?resize=150%2C150&ssl=1","image":{"@type":"ImageObject","url":"https:\/\/i0.wp.com\/casadecampoliving.com\/wp-content\/uploads\/2022\/10\/brugal-fiesta-1.jpg?fit=575%2C353&ssl=1"},"articleSection":"Altos de Chavon","author":[{"@type":"Person","name":"Rebecca Silvestri"}],"creator":["Rebecca Silvestri"],"publisher":{"@type":"Organization","name":"Casa de Campo Living","logo":"https:\/\/casadecampoliving.com\/wp-content\/uploads\/2022\/07\/CDCLivingLogo_V1-white-sized.png"},"keywords":["brugal","la piazetta","party"],"dateCreated":"2010-04-11T04:00:00Z","datePublished":"2010-04-11T04:00:00Z","dateModified":"2022-10-21T21:53:17Z"},"rendered":"<script type=\"application\/ld+json\" class=\"wp-parsely-metadata\">{\"@context\":\"https:\\\/\\\/schema.org\",\"@type\":\"NewsArticle\",\"headline\":\"Fiesta Brugal &#8211; Monday 12th April\",\"url\":\"http:\\\/\\\/casadecampoliving.com\\\/es\\\/fiesta-brugal-monday-12th-april\\\/\",\"mainEntityOfPage\":{\"@type\":\"WebPage\",\"@id\":\"http:\\\/\\\/casadecampoliving.com\\\/es\\\/fiesta-brugal-monday-12th-april\\\/\"},\"thumbnailUrl\":\"https:\\\/\\\/i0.wp.com\\\/casadecampoliving.com\\\/wp-content\\\/uploads\\\/2022\\\/10\\\/brugal-fiesta-1.jpg?resize=150%2C150&ssl=1\",\"image\":{\"@type\":\"ImageObject\",\"url\":\"https:\\\/\\\/i0.wp.com\\\/casadecampoliving.com\\\/wp-content\\\/uploads\\\/2022\\\/10\\\/brugal-fiesta-1.jpg?fit=575%2C353&ssl=1\"},\"articleSection\":\"Altos de Chavon\",\"author\":[{\"@type\":\"Person\",\"name\":\"Rebecca Silvestri\"}],\"creator\":[\"Rebecca Silvestri\"],\"publisher\":{\"@type\":\"Organization\",\"name\":\"Casa de Campo Living\",\"logo\":\"https:\\\/\\\/casadecampoliving.com\\\/wp-content\\\/uploads\\\/2022\\\/07\\\/CDCLivingLogo_V1-white-sized.png\"},\"keywords\":[\"brugal\",\"la piazetta\",\"party\"],\"dateCreated\":\"2010-04-11T04:00:00Z\",\"datePublished\":\"2010-04-11T04:00:00Z\",\"dateModified\":\"2022-10-21T21:53:17Z\"}<\/script>","tracker_url":"https:\/\/cdn.parsely.com\/keys\/casadecampoliving.com\/p.js"},"jetpack_publicize_connections":[],"jetpack_featured_media_url":"https:\/\/i0.wp.com\/casadecampoliving.com\/wp-content\/uploads\/2022\/10\/brugal-fiesta-1.jpg?fit=575%2C353&ssl=1","jetpack-related-posts":[{"id":320263,"url":"https:\/\/casadecampoliving.com\/hoedown-2011-brugal-and-the-bull\/","url_meta":{"origin":318673,"position":0},"title":"Hoedown 2011: Brugal and the Bull!","author":"Rebecca Silvestri","date":"13 Jul, 2011","format":false,"excerpt":"Ron Brugal, are not only considered one of the best rum's in the Dominican Republic, but were also at the Hoedown 2011, providing the over 18's with rum cocktails, as well as sponsoring the 'Toro Loco' - undoubtedly the event's most popular attraction! The Hoedown 2011, took place on saturday\u2026","rel":"","context":"En \u00abCasa de Campo Living\u00bb","block_context":{"text":"Casa de Campo Living","link":"https:\/\/casadecampoliving.com\/category\/casa-de-campo-living\/"},"img":{"alt_text":"","src":"https:\/\/i0.wp.com\/casadecampoliving.com\/wp-content\/uploads\/2022\/10\/brugal_toro_loco_casa_de_campo_hoedown.jpg?fit=565%2C400&ssl=1&resize=350%2C200","width":350,"height":200,"srcset":"https:\/\/i0.wp.com\/casadecampoliving.com\/wp-content\/uploads\/2022\/10\/brugal_toro_loco_casa_de_campo_hoedown.jpg?fit=565%2C400&ssl=1&resize=350%2C200 1x, https:\/\/i0.wp.com\/casadecampoliving.com\/wp-content\/uploads\/2022\/10\/brugal_toro_loco_casa_de_campo_hoedown.jpg?fit=565%2C400&ssl=1&resize=525%2C300 1.5x"},"classes":[]},{"id":330849,"url":"https:\/\/casadecampoliving.com\/the-musical-icons-steve-aoki-and-sech-bid-farewell-to-the-year-in-altos-de-chavon\/","url_meta":{"origin":318673,"position":1},"title":"The musical icons Steve Aoki and Sech bid farewell to the year in Altos de Chav\u00f3n","author":"Casa de Campo Resort","date":"31 Dic, 2019","format":false,"excerpt":"Casa de Campo Resort presented an incredible end of the year party with the American DJ and producer Steve Aoki and the famous urban artist Sech, in an unprecedented concert, where those present lived an unforgettable experience. The Altos de Chav\u00f3n amphitheater was filled with an euphoric audience ready to\u2026","rel":"","context":"En \u00abAltos de Chavon\u00bb","block_context":{"text":"Altos de Chavon","link":"https:\/\/casadecampoliving.com\/category\/altos-de-chavon\/"},"img":{"alt_text":"","src":"https:\/\/i0.wp.com\/casadecampoliving.com\/wp-content\/uploads\/2022\/10\/Steve-Aoki-puso-a-bailar-a-todos-los-presentes.jpg?fit=1000%2C667&ssl=1&resize=350%2C200","width":350,"height":200,"srcset":"https:\/\/i0.wp.com\/casadecampoliving.com\/wp-content\/uploads\/2022\/10\/Steve-Aoki-puso-a-bailar-a-todos-los-presentes.jpg?fit=1000%2C667&ssl=1&resize=350%2C200 1x, https:\/\/i0.wp.com\/casadecampoliving.com\/wp-content\/uploads\/2022\/10\/Steve-Aoki-puso-a-bailar-a-todos-los-presentes.jpg?fit=1000%2C667&ssl=1&resize=525%2C300 1.5x, https:\/\/i0.wp.com\/casadecampoliving.com\/wp-content\/uploads\/2022\/10\/Steve-Aoki-puso-a-bailar-a-todos-los-presentes.jpg?fit=1000%2C667&ssl=1&resize=700%2C400 2x"},"classes":[]},{"id":320062,"url":"https:\/\/casadecampoliving.com\/es\/saturday-night-at-onnos-bar\/","url_meta":{"origin":318673,"position":2},"title":"Saturday Night at Onno&#8217;s Bar!","author":"Rebecca Silvestri","date":"17 May, 2011","format":false,"excerpt":"Saturday the 7th of May was a super busy party day in Casa de Campo, which for those who could take the pace ended in Onno's Bar...partying until the earlier hours! For the golfers of the Brugal Invitational, the day (and the rum), started super early at 8am as they\u2026","rel":"","context":"En \u00abAltos de Chavon\u00bb","block_context":{"text":"Altos de Chavon","link":"https:\/\/casadecampoliving.com\/category\/altos-de-chavon\/"},"img":{"alt_text":"","src":"https:\/\/i0.wp.com\/casadecampoliving.com\/wp-content\/uploads\/2022\/10\/onnos_casadecampo_altosdechavon-1.jpg?fit=565%2C328&ssl=1&resize=350%2C200","width":350,"height":200,"srcset":"https:\/\/i0.wp.com\/casadecampoliving.com\/wp-content\/uploads\/2022\/10\/onnos_casadecampo_altosdechavon-1.jpg?fit=565%2C328&ssl=1&resize=350%2C200 1x, https:\/\/i0.wp.com\/casadecampoliving.com\/wp-content\/uploads\/2022\/10\/onnos_casadecampo_altosdechavon-1.jpg?fit=565%2C328&ssl=1&resize=525%2C300 1.5x"},"classes":[]},{"id":337798,"url":"https:\/\/casadecampoliving.com\/es\/fiesta-americana-2011-brugal-y-el-toro\/","url_meta":{"origin":318673,"position":3},"title":"Fiesta Americana 2011: Brugal y el toro!","author":"","date":"13 Jul, 2011","format":false,"excerpt":"Ron Brugal no s\u00f3lo es considerado como uno de los mejores de la Rep\u00fablica Dominicana, tambi\u00e9n estuvieron en la Fiesta Americana 2011, auspiciando los m\u00e1s de 18 c\u00f3cteles de ron, al igual que el 'Toro Loco', sin duda, una de las atracciones m\u00e1s populares del evento!\u00a0 La Fiesta Americana 2011\u2026","rel":"","context":"En \u00abCasa de Campo Living @es\u00bb","block_context":{"text":"Casa de Campo Living @es","link":"https:\/\/casadecampoliving.com\/category\/casa-de-campo-living-es\/"},"img":{"alt_text":"","src":"https:\/\/i0.wp.com\/casadecampoliving.com\/wp-content\/uploads\/2022\/10\/brugal_toro_loco_casa_de_campo_hoedown.jpg?fit=565%2C400&ssl=1&resize=350%2C200","width":350,"height":200,"srcset":"https:\/\/i0.wp.com\/casadecampoliving.com\/wp-content\/uploads\/2022\/10\/brugal_toro_loco_casa_de_campo_hoedown.jpg?fit=565%2C400&ssl=1&resize=350%2C200 1x, https:\/\/i0.wp.com\/casadecampoliving.com\/wp-content\/uploads\/2022\/10\/brugal_toro_loco_casa_de_campo_hoedown.jpg?fit=565%2C400&ssl=1&resize=525%2C300 1.5x"},"classes":[]},{"id":320233,"url":"https:\/\/casadecampoliving.com\/es\/thank-you-jack-daniels-ron-brugal-casino-diamante-scotiabank-costa-nurseries-casa-de-campo-and-the-community\/","url_meta":{"origin":318673,"position":4},"title":"THANK YOU! Jack Daniel&#8217;s, Ron Brugal, Casino Diamante, Scotiabank, Costa Nurseries, Casa de Campo and the Community!!","author":"Rebecca Silvestri","date":"4 Jul, 2011","format":false,"excerpt":"Happy 4th of July! On Saturday the 2nd of July, Casa de Campo and La Romana came together as the 'Casa de Campo Living Community' to celebrate American Independence Day at the 2nd annual Hoedown (Fiesta Americana) and it was hooting, tooting, throwdown success!!! So today as we continue to\u2026","rel":"","context":"En \u00abCasa de Campo Living\u00bb","block_context":{"text":"Casa de Campo Living","link":"https:\/\/casadecampoliving.com\/category\/casa-de-campo-living\/"},"img":{"alt_text":"img_5666","src":"https:\/\/i0.wp.com\/casadecampoliving.com\/wp-content\/uploads\/2022\/10\/img_5666.jpg?resize=350%2C200","width":350,"height":200,"srcset":"https:\/\/i0.wp.com\/casadecampoliving.com\/wp-content\/uploads\/2022\/10\/img_5666.jpg?resize=350%2C200 1x, https:\/\/i0.wp.com\/casadecampoliving.com\/wp-content\/uploads\/2022\/10\/img_5666.jpg?resize=525%2C300 1.5x, https:\/\/i0.wp.com\/casadecampoliving.com\/wp-content\/uploads\/2022\/10\/img_5666.jpg?resize=700%2C400 2x"},"classes":[]},{"id":320212,"url":"https:\/\/casadecampoliving.com\/es\/the-lowdown-on-the-hoedown-saturday-july-2nd\/","url_meta":{"origin":318673,"position":5},"title":"The Lowdown on the Hoedown! Saturday July 2nd!","author":"Rebecca Silvestri","date":"27 Jun, 2011","format":false,"excerpt":"This Saturday the 2nd of July, Casa de Campo Living invites you to our 2nd Annual HOEDOWN (Fiesta Americana) a Western\/American themed party to celebrate\u00a0American\u00a0Independence\u00a0day (albeit 2 days early!) \u00a0With a BBQ, Can-Can girls, a\u00a0rodeo mechanical bull, costume contest and much more \u2013 it\u2019s time to dust off your jeans,\u2026","rel":"","context":"En \u00abCasa de Campo Living\u00bb","block_context":{"text":"Casa de Campo Living","link":"https:\/\/casadecampoliving.com\/category\/casa-de-campo-living\/"},"img":{"alt_text":"","src":"https:\/\/i0.wp.com\/casadecampoliving.com\/wp-content\/uploads\/2022\/10\/casadecampo_hoedown_laromana.jpg?fit=550%2C355&ssl=1&resize=350%2C200","width":350,"height":200,"srcset":"https:\/\/i0.wp.com\/casadecampoliving.com\/wp-content\/uploads\/2022\/10\/casadecampo_hoedown_laromana.jpg?fit=550%2C355&ssl=1&resize=350%2C200 1x, https:\/\/i0.wp.com\/casadecampoliving.com\/wp-content\/uploads\/2022\/10\/casadecampo_hoedown_laromana.jpg?fit=550%2C355&ssl=1&resize=525%2C300 1.5x"},"classes":[]}],"jetpack_sharing_enabled":true,"_links":{"self":[{"href":"https:\/\/casadecampoliving.com\/es\/wp-json\/wp\/v2\/posts\/318673","targetHints":{"allow":["GET"]}}],"collection":[{"href":"https:\/\/casadecampoliving.com\/es\/wp-json\/wp\/v2\/posts"}],"about":[{"href":"https:\/\/casadecampoliving.com\/es\/wp-json\/wp\/v2\/types\/post"}],"author":[{"embeddable":true,"href":"https:\/\/casadecampoliving.com\/es\/wp-json\/wp\/v2\/users\/31"}],"replies":[{"embeddable":true,"href":"https:\/\/casadecampoliving.com\/es\/wp-json\/wp\/v2\/comments?post=318673"}],"version-history":[{"count":0,"href":"https:\/\/casadecampoliving.com\/es\/wp-json\/wp\/v2\/posts\/318673\/revisions"}],"wp:featuredmedia":[{"embeddable":true,"href":"https:\/\/casadecampoliving.com\/es\/wp-json\/wp\/v2\/media\/240395"}],"wp:attachment":[{"href":"https:\/\/casadecampoliving.com\/es\/wp-json\/wp\/v2\/media?parent=318673"}],"wp:term":[{"taxonomy":"category","embeddable":true,"href":"https:\/\/casadecampoliving.com\/es\/wp-json\/wp\/v2\/categories?post=318673"},{"taxonomy":"post_tag","embeddable":true,"href":"https:\/\/casadecampoliving.com\/es\/wp-json\/wp\/v2\/tags?post=318673"},{"taxonomy":"newspack_spnsrs_tax","embeddable":true,"href":"https:\/\/casadecampoliving.com\/es\/wp-json\/wp\/v2\/newspack_spnsrs_tax?post=318673"}],"curies":[{"name":"wp","href":"https:\/\/api.w.org\/{rel}","templated":true}]}}