{"id":318515,"date":"2010-03-10T00:00:00","date_gmt":"2010-03-10T04:00:00","guid":{"rendered":"https:\/\/casadecampoliving.com\/the-magical-splendor-for-life-gala-all-the-ultra-glamorous-details\/"},"modified":"2022-10-21T17:52:55","modified_gmt":"2022-10-21T21:52:55","slug":"the-magical-splendor-for-life-gala-all-the-ultra-glamorous-details","status":"publish","type":"post","link":"https:\/\/casadecampoliving.com\/es\/the-magical-splendor-for-life-gala-all-the-ultra-glamorous-details\/","title":{"rendered":"The Magical Splendor for Life Gala &#8211; all the ultra-glamorous details.."},"content":{"rendered":"<div class=\"wp-block-image\">\n<figure class=\"aligncenter is-resized\"><img loading=\"lazy\" decoding=\"async\" src=\"https:\/\/i0.wp.com\/casadecampoliving.com\/wp-content\/uploads\/2022\/10\/magical-splendor-MIR.jpg?resize=575%2C178&amp;ssl=1\" alt=\"magical splendor MIR\" class=\"wp-image-12882\" title=\"magical splendor MIR\" height=\"178\" width=\"575\"\/><\/figure>\n<\/div>\n\n\n<p class=\"has-text-align-left\"><\/p>\n\n\n\n<p class=\"has-text-align-left\">It\u2019s finally here! The Fundacion MIR\u2019s \u2018Magical Splendor for Life\u2019 fundraising weekend is THIS weekend \u2013 with special fundraising activities starting THIS Thursday the 11th of March. <\/p>\n\n\n\n<!--more-->\n\n\n\n<p class=\"has-text-align-left\">The highlight and main attraction of this fundraising weekend is undoubtedly the \u2018Magical Splendor for Life\u2019 Gala which&nbsp;incorporates&nbsp;a dinner, a fashion show and an after party! This&nbsp;wondrous&nbsp;event will take place in the romantic Altos de Chavon, from 8.30pm.<\/p>\n\n\n\n<p class=\"has-text-align-left\">Before the start of the dinner and fashion show, guests will have time to enjoy the atmosphere with a glass or two of champagne, or maybe a Bacardi cocktail and purchase 1 or several \u2018Tiffany\u2019s Mystery Blue Boxes\u2019 \u2013 guests purchase one of the Tiffany\u2019s blue boxes ($300 a box) and receive a surprise Tiffany\u2019s gift, from necklaces to watches.<\/p>\n\n\n\n<p class=\"has-text-align-left\">Guests will enjoy a feast prepared by Casa de Campo\u2019s finest chefs, whilst watching the Lanvin fashion show, with the beautiful Ileana Garcia from Miami\u2019s Alfombra Roja Radio Show, who will be the evenings\u2019 Mistress of Ceremonies. Following dinner and the fashion show, the orchestra of Rubby Perez will play, giving guests the chance to get up and dance!<\/p>\n\n\n\n<p class=\"has-text-align-left\">At 11pm the after party will begin with DJ Gringo from Miami.<\/p>\n\n\n\n<p class=\"has-text-align-left\"><strong>Entrance tickets:<\/strong> VIP tables from $1,000, $500 and $300.<br>\n<strong>After Party: <\/strong>$50 per person or $1,000 for a VIP Lounge.<\/p>\n\n\n\n<blockquote class=\"wp-block-quote is-layout-flow wp-block-quote-is-layout-flow\"><p>For more information and reservations:<br>\nAna Alba of MIR Charities: (561) 366-5095 or visit www.mircharities.org<br>\nMagdalena Cavazos of Fundacion MIR: (809) 523-8270 or magdalena@fundacionmir.org<\/p><\/blockquote>\n\n\n\n<p class=\"has-text-align-left\">Over the weekend a number of fundraising activities will be taking place. This is the schedule of events\/activities as I understand it:<\/p>\n\n\n\n<blockquote><p><strong>Thursday 11th March<br>\n<\/strong><\/p><ul>\n<li><span style=\"font-weight: normal; \"><strong><span style=\"font-weight: normal; \">The \u2018Lanvin Boutique\u2019 will be open and selling exclusive Lanvin design clothes flown in especially from Paris<br>\n9am \u2013 6pm at the Flamboyant Conference Centre. <a href=\"https:\/\/casadecampoliving.com\/2010\/03\/the-fundacion-mir-presents-the-lanvin-boutique\/\" target=\"_self\" rel=\"noopener\">More info here.<\/a><\/span><\/strong><\/span><\/li>\n<\/ul><p><strong>Friday 12th March<\/strong><\/p><ul>\n<li><span style=\"font-weight: normal;\"><strong><span style=\"font-weight: normal;\">The \u2018Lanvin Boutique\u2019 will be open and selling exclusive Lanvin design clothes flown in especially from Paris<br>\n9am \u2013 6pm at the Flamboyant Conference Centre.&nbsp;<a href=\"https:\/\/casadecampoliving.com\/2010\/03\/the-fundacion-mir-presents-the-lanvin-boutique\/\" target=\"_self\" rel=\"noopener\">More info here.<\/a><\/span><\/strong><\/span><\/li>\n<\/ul><p><strong>Saturday 13th March<\/strong><\/p><ul>\n<li><span style=\"font-weight: normal;\"><strong><span style=\"font-weight: normal;\">The \u2018Lanvin Boutique\u2019 will be open and selling exclusive Lanvin design clothes flown in especially from Paris<br>\n9am \u2013 6pm at the Flamboyant Conference Centre.&nbsp;<a href=\"https:\/\/casadecampoliving.com\/2010\/03\/the-fundacion-mir-presents-the-lanvin-boutique\/\" target=\"_self\" rel=\"noopener\">More info here.<\/a><\/span><\/strong><\/span><\/li>\n<li><span style=\"font-weight: normal;\"><span style=\"font-weight: normal;\">The \u2018Magical Splendor for Life\u2019 gala \u2013 glamorous dinner, fashion show and after party, taking place in Altos de Chavon, 8.30pm<br>\nFull details below. <\/span><\/span><\/li>\n<\/ul><p><strong>Sunday 14th March<\/strong><\/p><ul>\n<li>The \u2018Lanvin Boutique\u2019 will be open and selling exclusive Lanvin design clothes flown in especially from Paris<br>\n9am \u2013 6pm at the<strong> Cacique <\/strong>Conference Centre.&nbsp;<a href=\"https:\/\/casadecampoliving.com\/2010\/03\/the-fundacion-mir-presents-the-lanvin-boutique\/\" target=\"_self\" rel=\"noopener\">More info here.<\/a><\/li>\n<\/ul><\/blockquote>\n\n\n\n<p>Here is the Fundacion MIR\u2019s official press release about the event ( in Spanish of course!):<\/p>\n\n\n\n<p class=\"has-text-align-center\"><span style=\"text-decoration: underline;\">La Fundacion MIR anuncia su \u201cEsplendor M\u00e1gico por la Vida\u201d<br>\ncon desfile de moda por Lanvin Paris en Casa de Campo<\/span><\/p>\n\n\n<div class=\"wp-block-image\">\n<figure class=\"alignleft is-resized\"><img loading=\"lazy\" decoding=\"async\" src=\"https:\/\/i0.wp.com\/casadecampoliving-wp.s3-accelerate.amazonaws.com\/2010\/03\/Lian-Fanjul-de-Azqueta-Presidenta-Fundaci\u00f3n-MIR-199x300.jpg?resize=199%2C300&amp;ssl=1\" alt=\"Lian Fanjul de Azqueta, Presidenta Fundaci\u00f3n MIR\" class=\"wp-image-13474\" title=\"Lian Fanjul de Azqueta, Presidenta Fundaci\u00f3n MIR\" height=\"300\" width=\"199\" srcset=\"https:\/\/i0.wp.com\/casadecampoliving.com\/wp-content\/uploads\/2010\/03\/Lian-Fanjul-de-Azqueta-Presidenta-Fundaci%C3%B3n-MIR.jpg?resize=199%2C300&amp;ssl=1 199w, https:\/\/casadecampoliving.com\/wp-content\/uploads\/Lian-Fanjul-de-Azqueta-Presidenta-Fundaci\u00f3n-MIRjpg 382w, https:\/\/i0.wp.com\/casadecampoliving-wp.s3-accelerate.amazonaws.com\/2010\/03\/Lian-Fanjul-de-Azqueta-Presidenta-Fundaci\u00f3n-MIR-199x300.jpg?w=370 370w, https:\/\/i0.wp.com\/casadecampoliving-wp.s3-accelerate.amazonaws.com\/2010\/03\/Lian-Fanjul-de-Azqueta-Presidenta-Fundaci\u00f3n-MIR-199x300.jpg?w=400 400w\" sizes=\"auto, (max-width: 199px) 100vw, 199px\" \/><\/figure>\n<\/div>\n\n\n<p><a rel=\"attachment wp-att-13474\" href=\"https:\/\/casadecampoliving.com\/2010\/03\/the-fundacion-mir-press-conference-for-the-magical-splendor-for-life-weekend\/lian-fanjul-de-azqueta-presidenta-fundacion-mir\/\">Casa de Campo, La Romana. \u2013 La esperanza y la solidaridad se vestir\u00e1n con los nuevos estilos de la colecci\u00f3n primavera-verano de Lanvin Paris y las joyas de Tiffany\u2019s en el tradicional desfile de modas \u201cEsplendor M\u00e1gico por la Vida\u201d que anualmente celebra la Fundaci\u00f3n MIR en Casa de Campo, desde el 12 al 14 de marzo.<\/a><a rel=\"attachment wp-att-13474\" href=\"https:\/\/casadecampoliving.com\/2010\/03\/the-fundacion-mir-press-conference-for-the-magical-splendor-for-life-weekend\/lian-fanjul-de-azqueta-presidenta-fundacion-mir\/\">\n<\/a><\/p>\n\n\n\n<p><a rel=\"attachment wp-att-13474\" href=\"https:\/\/casadecampoliving.com\/2010\/03\/the-fundacion-mir-press-conference-for-the-magical-splendor-for-life-weekend\/lian-fanjul-de-azqueta-presidenta-fundacion-mir\/\">Seg\u00fan detalles ofrecidos en rueda de prensa por la se\u00f1ora Lian Fanjul, presidenta de Fundaci\u00f3n MIR, se inform\u00f3 que los fondos recaudados en dicho evento ser\u00e1n destinados para desarrollar cada uno de los proyectos sociales que tiene a cargo la fundaci\u00f3n, entre ellos dos escuelas vocacionales que acogen a m\u00e1s de 1,000 ni\u00f1os y ni\u00f1as de La Romana, y otras comunidades del Este.<\/a><\/p>\n\n\n\n<a rel=\"attachment wp-att-13474\" href=\"https:\/\/casadecampoliving.com\/2010\/03\/the-fundacion-mir-press-conference-for-the-magical-splendor-for-life-weekend\/lian-fanjul-de-azqueta-presidenta-fundacion-mir\/\">\n<p>Esta vez la actividad tendr\u00e1 como escenario las piedras de Altos de Chav\u00f3n, donde los invitados disfrutar\u00e1n adem\u00e1s de la cena de gala preparada por los chefs de Casa de Campo y la fiesta bailable con la orquesta de Rubby P\u00e9rez. Durante la actividad los asistentes podr\u00e1n adquirir las joyas de Tiffany\u2019s y su \u201cMistery Blue Box\u201d conteniendo fabulosas piezas de la reconocida firma, y al mismo tiempo cautivarse por las esculturas florales de Emilio Robba que adornar\u00e1n cada detalle en la decoraci\u00f3n de la noche.<\/p>\n<p>El evento incluye tambi\u00e9n, a partir de las 11:00 PM, un divertido After Party musicalizado por DJ Gringo exclusivamente desde Miami, Florida, organizado por la discoteca Praia de Santo Domingo. La maestra de ceremonias ser\u00e1 Ileana Garc\u00eda, conductora del programa radial La Alfombra Roja, de Miami.<\/p>\n<p>Entre las personalidades confirmadas en asistir figuran la actriz Adamari L\u00f3pez as\u00ed como tambi\u00e9n la modelo y presentadora de televisi\u00f3n Karla Monroig, lo que promete ser\u00e1 una noche muy especial con figuras internacionales.<\/p>\n<p>Fundaci\u00f3n MIR es presidida por la se\u00f1ora Lian Fanjul y su hija Lyanne Azqueta Fanjul como directora ejecutiva. La organizaci\u00f3n lleva casi dos d\u00e9cadas brindando asistencia social a los sectores m\u00e1s desprotegidos en La Romana y comunidades cercanas, en materia de educaci\u00f3n y salud.<\/p>\n<p>Para m\u00e1s informaci\u00f3n y reservaciones, visite www.fundacionmir.org o llame al 809-523-8270. Tambi\u00e9n puede escribirnos al correo electr\u00f3nico magdalena@fundacionmir.org<\/p>\n<p>Altos de Chavon<\/p>\n<p>Casa de Campo Resort<br>\nLa Romana, DR<\/p>\n<p>###<\/p>\n<\/a>\n\n\n\n<p><\/p>\n","protected":false},"excerpt":{"rendered":"<p>It\u2019s finally here! The Fundacion MIR\u2019s \u2018Magical Splendor for Life\u2019 fundraising weekend is THIS weekend \u2013 with special fundraising activities starting THIS Thursday the 11th of March.<\/p>\n","protected":false},"author":31,"featured_media":223772,"comment_status":"closed","ping_status":"open","sticky":false,"template":"","format":"standard","meta":{"newspack_ads_suppress_ads":false,"newspack_popups_has_disabled_popups":false,"newspack_sponsor_sponsorship_scope":"","newspack_sponsor_native_byline_display":"inherit","newspack_sponsor_native_category_display":"inherit","newspack_sponsor_underwriter_style":"inherit","newspack_sponsor_underwriter_placement":"inherit","_newspack_byline_active":false,"_newspack_byline":"","newspack_hide_updated_date":false,"newspack_show_updated_date":false,"newspack_content_restriction_is_exempt":false,"newspack_featured_image_position":"","newspack_post_subtitle":"","newspack_article_summary_title":"Overview:","newspack_article_summary":"","_jetpack_memberships_contains_paid_content":false,"footnotes":"","jetpack_publicize_message":"","jetpack_publicize_feature_enabled":true,"jetpack_social_post_already_shared":false,"jetpack_social_options":{"image_generator_settings":{"template":"highway","default_image_id":0,"font":"","enabled":false},"version":2},"_wpas_customize_per_network":false},"categories":[56,45,61,80,48,51,63,44,14628,14630,14624,14626],"tags":[13829,911],"newspack_spnsrs_tax":[],"class_list":["post-318515","post","type-post","status-publish","format-standard","has-post-thumbnail","hentry","category-altos-de-chavon","category-art-and-culture","category-bars-and-nightlife","category-celebs","category-dining","category-events-and-activities","category-fashion","category-featured","category-food-drinks","category-lifestyle","category-local-news","category-upcoming","tag-fundacion-mir","tag-magical-splendor-for-life","entry"],"yoast_head":"<!-- This site is optimized with the Yoast SEO plugin v27.5 - https:\/\/yoast.com\/product\/yoast-seo-wordpress\/ -->\n<title>The Magical Splendor for Life Gala - all the ultra-glamorous details.. | Casa de Campo Living<\/title>\n<meta name=\"description\" content=\"It\u2019s finally here! The Fundacion MIR\u2019s \u2018Magical Splendor for Life\u2019 fundraising weekend is THIS weekend \u2013 with special fundraising activities starting THIS\" \/>\n<meta name=\"robots\" content=\"index, follow, max-snippet:-1, max-image-preview:large, max-video-preview:-1\" \/>\n<link rel=\"canonical\" href=\"https:\/\/casadecampoliving.com\/es\/the-magical-splendor-for-life-gala-all-the-ultra-glamorous-details\/\" \/>\n<meta property=\"og:locale\" content=\"es_ES\" \/>\n<meta property=\"og:type\" content=\"article\" \/>\n<meta property=\"og:title\" content=\"The Magical Splendor for Life Gala - all the ultra-glamorous details.. | Casa de Campo Living\" \/>\n<meta property=\"og:description\" content=\"It\u2019s finally here! The Fundacion MIR\u2019s \u2018Magical Splendor for Life\u2019 fundraising weekend is THIS weekend \u2013 with special fundraising activities starting THIS\" \/>\n<meta property=\"og:url\" content=\"https:\/\/casadecampoliving.com\/es\/the-magical-splendor-for-life-gala-all-the-ultra-glamorous-details\/\" \/>\n<meta property=\"og:site_name\" content=\"Casa de Campo Living\" \/>\n<meta property=\"article:publisher\" content=\"https:\/\/www.facebook.com\/casadecampoliving\" \/>\n<meta property=\"article:published_time\" content=\"2010-03-10T04:00:00+00:00\" \/>\n<meta property=\"article:modified_time\" content=\"2022-10-21T21:52:55+00:00\" \/>\n<meta property=\"og:image\" content=\"https:\/\/i0.wp.com\/casadecampoliving.com\/wp-content\/uploads\/2022\/10\/magical-splendor-MIR.jpg?fit=575%2C178&ssl=1\" \/>\n\t<meta property=\"og:image:width\" content=\"575\" \/>\n\t<meta property=\"og:image:height\" content=\"178\" \/>\n\t<meta property=\"og:image:type\" content=\"image\/jpeg\" \/>\n<meta name=\"author\" content=\"Rebecca Silvestri\" \/>\n<meta name=\"twitter:card\" content=\"summary_large_image\" \/>\n<meta name=\"twitter:creator\" content=\"@cdcliving\" \/>\n<meta name=\"twitter:site\" content=\"@cdcliving\" \/>\n<meta name=\"twitter:label1\" content=\"Escrito por\" \/>\n\t<meta name=\"twitter:data1\" content=\"Rebecca Silvestri\" \/>\n\t<meta name=\"twitter:label2\" content=\"Tiempo de lectura\" \/>\n\t<meta name=\"twitter:data2\" content=\"4 minutos\" \/>\n<script type=\"application\/ld+json\" class=\"yoast-schema-graph\">{\"@context\":\"https:\\\/\\\/schema.org\",\"@graph\":[{\"@type\":\"Article\",\"@id\":\"https:\\\/\\\/casadecampoliving.com\\\/es\\\/the-magical-splendor-for-life-gala-all-the-ultra-glamorous-details\\\/#article\",\"isPartOf\":{\"@id\":\"https:\\\/\\\/casadecampoliving.com\\\/es\\\/the-magical-splendor-for-life-gala-all-the-ultra-glamorous-details\\\/\"},\"author\":{\"name\":\"Rebecca Silvestri\",\"@id\":\"https:\\\/\\\/casadecampoliving.com\\\/es\\\/#\\\/schema\\\/person\\\/2b2208f3175fa8761e25b272e096d718\"},\"headline\":\"The Magical Splendor for Life Gala &#8211; all the ultra-glamorous details..\",\"datePublished\":\"2010-03-10T04:00:00+00:00\",\"dateModified\":\"2022-10-21T21:52:55+00:00\",\"mainEntityOfPage\":{\"@id\":\"https:\\\/\\\/casadecampoliving.com\\\/es\\\/the-magical-splendor-for-life-gala-all-the-ultra-glamorous-details\\\/\"},\"wordCount\":859,\"publisher\":{\"@id\":\"https:\\\/\\\/casadecampoliving.com\\\/es\\\/#organization\"},\"image\":{\"@id\":\"https:\\\/\\\/casadecampoliving.com\\\/es\\\/the-magical-splendor-for-life-gala-all-the-ultra-glamorous-details\\\/#primaryimage\"},\"thumbnailUrl\":\"https:\\\/\\\/i0.wp.com\\\/casadecampoliving.com\\\/wp-content\\\/uploads\\\/2022\\\/10\\\/magical-splendor-MIR.jpg?fit=575%2C178&ssl=1\",\"keywords\":[\"Fundacion MIR\",\"magical splendor for life\"],\"articleSection\":[\"Altos de Chavon\",\"Art and Culture\",\"Bars and Nightlife\",\"Celebs\",\"Dining\",\"Events and Activities\",\"Fashion\",\"Featured\",\"Food &amp; Drinks\",\"Lifestyle\",\"Local News\",\"Upcoming\"],\"inLanguage\":\"es\"},{\"@type\":\"WebPage\",\"@id\":\"https:\\\/\\\/casadecampoliving.com\\\/es\\\/the-magical-splendor-for-life-gala-all-the-ultra-glamorous-details\\\/\",\"url\":\"https:\\\/\\\/casadecampoliving.com\\\/es\\\/the-magical-splendor-for-life-gala-all-the-ultra-glamorous-details\\\/\",\"name\":\"The Magical Splendor for Life Gala - all the ultra-glamorous details.. | Casa de Campo Living\",\"isPartOf\":{\"@id\":\"https:\\\/\\\/casadecampoliving.com\\\/es\\\/#website\"},\"primaryImageOfPage\":{\"@id\":\"https:\\\/\\\/casadecampoliving.com\\\/es\\\/the-magical-splendor-for-life-gala-all-the-ultra-glamorous-details\\\/#primaryimage\"},\"image\":{\"@id\":\"https:\\\/\\\/casadecampoliving.com\\\/es\\\/the-magical-splendor-for-life-gala-all-the-ultra-glamorous-details\\\/#primaryimage\"},\"thumbnailUrl\":\"https:\\\/\\\/i0.wp.com\\\/casadecampoliving.com\\\/wp-content\\\/uploads\\\/2022\\\/10\\\/magical-splendor-MIR.jpg?fit=575%2C178&ssl=1\",\"datePublished\":\"2010-03-10T04:00:00+00:00\",\"dateModified\":\"2022-10-21T21:52:55+00:00\",\"description\":\"It\u2019s finally here! The Fundacion MIR\u2019s \u2018Magical Splendor for Life\u2019 fundraising weekend is THIS weekend \u2013 with special fundraising activities starting THIS\",\"breadcrumb\":{\"@id\":\"https:\\\/\\\/casadecampoliving.com\\\/es\\\/the-magical-splendor-for-life-gala-all-the-ultra-glamorous-details\\\/#breadcrumb\"},\"inLanguage\":\"es\",\"potentialAction\":[{\"@type\":\"ReadAction\",\"target\":[\"https:\\\/\\\/casadecampoliving.com\\\/es\\\/the-magical-splendor-for-life-gala-all-the-ultra-glamorous-details\\\/\"]}]},{\"@type\":\"ImageObject\",\"inLanguage\":\"es\",\"@id\":\"https:\\\/\\\/casadecampoliving.com\\\/es\\\/the-magical-splendor-for-life-gala-all-the-ultra-glamorous-details\\\/#primaryimage\",\"url\":\"https:\\\/\\\/i0.wp.com\\\/casadecampoliving.com\\\/wp-content\\\/uploads\\\/2022\\\/10\\\/magical-splendor-MIR.jpg?fit=575%2C178&ssl=1\",\"contentUrl\":\"https:\\\/\\\/i0.wp.com\\\/casadecampoliving.com\\\/wp-content\\\/uploads\\\/2022\\\/10\\\/magical-splendor-MIR.jpg?fit=575%2C178&ssl=1\",\"width\":575,\"height\":178},{\"@type\":\"BreadcrumbList\",\"@id\":\"https:\\\/\\\/casadecampoliving.com\\\/es\\\/the-magical-splendor-for-life-gala-all-the-ultra-glamorous-details\\\/#breadcrumb\",\"itemListElement\":[{\"@type\":\"ListItem\",\"position\":1,\"name\":\"Home\",\"item\":\"https:\\\/\\\/casadecampoliving.com\\\/es\\\/\"},{\"@type\":\"ListItem\",\"position\":2,\"name\":\"The Magical Splendor for Life Gala &#8211; all the ultra-glamorous details..\"}]},{\"@type\":\"WebSite\",\"@id\":\"https:\\\/\\\/casadecampoliving.com\\\/es\\\/#website\",\"url\":\"https:\\\/\\\/casadecampoliving.com\\\/es\\\/\",\"name\":\"Casa de Campo Living\",\"description\":\"Resort community news and resources.\",\"publisher\":{\"@id\":\"https:\\\/\\\/casadecampoliving.com\\\/es\\\/#organization\"},\"potentialAction\":[{\"@type\":\"SearchAction\",\"target\":{\"@type\":\"EntryPoint\",\"urlTemplate\":\"https:\\\/\\\/casadecampoliving.com\\\/es\\\/?s={search_term_string}\"},\"query-input\":{\"@type\":\"PropertyValueSpecification\",\"valueRequired\":true,\"valueName\":\"search_term_string\"}}],\"inLanguage\":\"es\"},{\"@type\":\"Organization\",\"@id\":\"https:\\\/\\\/casadecampoliving.com\\\/es\\\/#organization\",\"name\":\"Casa de Campo Living\",\"url\":\"https:\\\/\\\/casadecampoliving.com\\\/es\\\/\",\"logo\":{\"@type\":\"ImageObject\",\"inLanguage\":\"es\",\"@id\":\"https:\\\/\\\/casadecampoliving.com\\\/es\\\/#\\\/schema\\\/logo\\\/image\\\/\",\"url\":\"https:\\\/\\\/i0.wp.com\\\/casadecampoliving.com\\\/wp-content\\\/uploads\\\/2022\\\/07\\\/CDCLivingLogo_V1-white-sized.png?fit=800%2C214&ssl=1\",\"contentUrl\":\"https:\\\/\\\/i0.wp.com\\\/casadecampoliving.com\\\/wp-content\\\/uploads\\\/2022\\\/07\\\/CDCLivingLogo_V1-white-sized.png?fit=800%2C214&ssl=1\",\"width\":800,\"height\":214,\"caption\":\"Casa de Campo Living\"},\"image\":{\"@id\":\"https:\\\/\\\/casadecampoliving.com\\\/es\\\/#\\\/schema\\\/logo\\\/image\\\/\"},\"sameAs\":[\"https:\\\/\\\/www.facebook.com\\\/casadecampoliving\",\"https:\\\/\\\/x.com\\\/cdcliving\"]},{\"@type\":\"Person\",\"@id\":\"https:\\\/\\\/casadecampoliving.com\\\/es\\\/#\\\/schema\\\/person\\\/2b2208f3175fa8761e25b272e096d718\",\"name\":\"Rebecca Silvestri\",\"image\":{\"@type\":\"ImageObject\",\"inLanguage\":\"es\",\"@id\":\"https:\\\/\\\/secure.gravatar.com\\\/avatar\\\/2d937fd6c1769fb718dbf8dce9e82bf5f89e97bd028f9b3ea10b931dc7df95c6?s=96&d=mm&r=g\",\"url\":\"https:\\\/\\\/secure.gravatar.com\\\/avatar\\\/2d937fd6c1769fb718dbf8dce9e82bf5f89e97bd028f9b3ea10b931dc7df95c6?s=96&d=mm&r=g\",\"contentUrl\":\"https:\\\/\\\/secure.gravatar.com\\\/avatar\\\/2d937fd6c1769fb718dbf8dce9e82bf5f89e97bd028f9b3ea10b931dc7df95c6?s=96&d=mm&r=g\",\"caption\":\"Rebecca Silvestri\"},\"url\":\"https:\\\/\\\/casadecampoliving.com\\\/es\\\/author\\\/madamehuge\\\/\"}]}<\/script>\n<!-- \/ Yoast SEO plugin. -->","yoast_head_json":{"title":"The Magical Splendor for Life Gala - all the ultra-glamorous details.. | Casa de Campo Living","description":"It\u2019s finally here! The Fundacion MIR\u2019s \u2018Magical Splendor for Life\u2019 fundraising weekend is THIS weekend \u2013 with special fundraising activities starting THIS","robots":{"index":"index","follow":"follow","max-snippet":"max-snippet:-1","max-image-preview":"max-image-preview:large","max-video-preview":"max-video-preview:-1"},"canonical":"https:\/\/casadecampoliving.com\/es\/the-magical-splendor-for-life-gala-all-the-ultra-glamorous-details\/","og_locale":"es_ES","og_type":"article","og_title":"The Magical Splendor for Life Gala - all the ultra-glamorous details.. | Casa de Campo Living","og_description":"It\u2019s finally here! The Fundacion MIR\u2019s \u2018Magical Splendor for Life\u2019 fundraising weekend is THIS weekend \u2013 with special fundraising activities starting THIS","og_url":"https:\/\/casadecampoliving.com\/es\/the-magical-splendor-for-life-gala-all-the-ultra-glamorous-details\/","og_site_name":"Casa de Campo Living","article_publisher":"https:\/\/www.facebook.com\/casadecampoliving","article_published_time":"2010-03-10T04:00:00+00:00","article_modified_time":"2022-10-21T21:52:55+00:00","og_image":[{"width":575,"height":178,"url":"https:\/\/i0.wp.com\/casadecampoliving.com\/wp-content\/uploads\/2022\/10\/magical-splendor-MIR.jpg?fit=575%2C178&ssl=1","type":"image\/jpeg"}],"author":"Rebecca Silvestri","twitter_card":"summary_large_image","twitter_creator":"@cdcliving","twitter_site":"@cdcliving","twitter_misc":{"Escrito por":"Rebecca Silvestri","Tiempo de lectura":"4 minutos"},"schema":{"@context":"https:\/\/schema.org","@graph":[{"@type":"Article","@id":"https:\/\/casadecampoliving.com\/es\/the-magical-splendor-for-life-gala-all-the-ultra-glamorous-details\/#article","isPartOf":{"@id":"https:\/\/casadecampoliving.com\/es\/the-magical-splendor-for-life-gala-all-the-ultra-glamorous-details\/"},"author":{"name":"Rebecca Silvestri","@id":"https:\/\/casadecampoliving.com\/es\/#\/schema\/person\/2b2208f3175fa8761e25b272e096d718"},"headline":"The Magical Splendor for Life Gala &#8211; all the ultra-glamorous details..","datePublished":"2010-03-10T04:00:00+00:00","dateModified":"2022-10-21T21:52:55+00:00","mainEntityOfPage":{"@id":"https:\/\/casadecampoliving.com\/es\/the-magical-splendor-for-life-gala-all-the-ultra-glamorous-details\/"},"wordCount":859,"publisher":{"@id":"https:\/\/casadecampoliving.com\/es\/#organization"},"image":{"@id":"https:\/\/casadecampoliving.com\/es\/the-magical-splendor-for-life-gala-all-the-ultra-glamorous-details\/#primaryimage"},"thumbnailUrl":"https:\/\/i0.wp.com\/casadecampoliving.com\/wp-content\/uploads\/2022\/10\/magical-splendor-MIR.jpg?fit=575%2C178&ssl=1","keywords":["Fundacion MIR","magical splendor for life"],"articleSection":["Altos de Chavon","Art and Culture","Bars and Nightlife","Celebs","Dining","Events and Activities","Fashion","Featured","Food &amp; Drinks","Lifestyle","Local News","Upcoming"],"inLanguage":"es"},{"@type":"WebPage","@id":"https:\/\/casadecampoliving.com\/es\/the-magical-splendor-for-life-gala-all-the-ultra-glamorous-details\/","url":"https:\/\/casadecampoliving.com\/es\/the-magical-splendor-for-life-gala-all-the-ultra-glamorous-details\/","name":"The Magical Splendor for Life Gala - all the ultra-glamorous details.. | Casa de Campo Living","isPartOf":{"@id":"https:\/\/casadecampoliving.com\/es\/#website"},"primaryImageOfPage":{"@id":"https:\/\/casadecampoliving.com\/es\/the-magical-splendor-for-life-gala-all-the-ultra-glamorous-details\/#primaryimage"},"image":{"@id":"https:\/\/casadecampoliving.com\/es\/the-magical-splendor-for-life-gala-all-the-ultra-glamorous-details\/#primaryimage"},"thumbnailUrl":"https:\/\/i0.wp.com\/casadecampoliving.com\/wp-content\/uploads\/2022\/10\/magical-splendor-MIR.jpg?fit=575%2C178&ssl=1","datePublished":"2010-03-10T04:00:00+00:00","dateModified":"2022-10-21T21:52:55+00:00","description":"It\u2019s finally here! The Fundacion MIR\u2019s \u2018Magical Splendor for Life\u2019 fundraising weekend is THIS weekend \u2013 with special fundraising activities starting THIS","breadcrumb":{"@id":"https:\/\/casadecampoliving.com\/es\/the-magical-splendor-for-life-gala-all-the-ultra-glamorous-details\/#breadcrumb"},"inLanguage":"es","potentialAction":[{"@type":"ReadAction","target":["https:\/\/casadecampoliving.com\/es\/the-magical-splendor-for-life-gala-all-the-ultra-glamorous-details\/"]}]},{"@type":"ImageObject","inLanguage":"es","@id":"https:\/\/casadecampoliving.com\/es\/the-magical-splendor-for-life-gala-all-the-ultra-glamorous-details\/#primaryimage","url":"https:\/\/i0.wp.com\/casadecampoliving.com\/wp-content\/uploads\/2022\/10\/magical-splendor-MIR.jpg?fit=575%2C178&ssl=1","contentUrl":"https:\/\/i0.wp.com\/casadecampoliving.com\/wp-content\/uploads\/2022\/10\/magical-splendor-MIR.jpg?fit=575%2C178&ssl=1","width":575,"height":178},{"@type":"BreadcrumbList","@id":"https:\/\/casadecampoliving.com\/es\/the-magical-splendor-for-life-gala-all-the-ultra-glamorous-details\/#breadcrumb","itemListElement":[{"@type":"ListItem","position":1,"name":"Home","item":"https:\/\/casadecampoliving.com\/es\/"},{"@type":"ListItem","position":2,"name":"The Magical Splendor for Life Gala &#8211; all the ultra-glamorous details.."}]},{"@type":"WebSite","@id":"https:\/\/casadecampoliving.com\/es\/#website","url":"https:\/\/casadecampoliving.com\/es\/","name":"Casa de Campo Living","description":"Resort community news and resources.","publisher":{"@id":"https:\/\/casadecampoliving.com\/es\/#organization"},"potentialAction":[{"@type":"SearchAction","target":{"@type":"EntryPoint","urlTemplate":"https:\/\/casadecampoliving.com\/es\/?s={search_term_string}"},"query-input":{"@type":"PropertyValueSpecification","valueRequired":true,"valueName":"search_term_string"}}],"inLanguage":"es"},{"@type":"Organization","@id":"https:\/\/casadecampoliving.com\/es\/#organization","name":"Casa de Campo Living","url":"https:\/\/casadecampoliving.com\/es\/","logo":{"@type":"ImageObject","inLanguage":"es","@id":"https:\/\/casadecampoliving.com\/es\/#\/schema\/logo\/image\/","url":"https:\/\/i0.wp.com\/casadecampoliving.com\/wp-content\/uploads\/2022\/07\/CDCLivingLogo_V1-white-sized.png?fit=800%2C214&ssl=1","contentUrl":"https:\/\/i0.wp.com\/casadecampoliving.com\/wp-content\/uploads\/2022\/07\/CDCLivingLogo_V1-white-sized.png?fit=800%2C214&ssl=1","width":800,"height":214,"caption":"Casa de Campo Living"},"image":{"@id":"https:\/\/casadecampoliving.com\/es\/#\/schema\/logo\/image\/"},"sameAs":["https:\/\/www.facebook.com\/casadecampoliving","https:\/\/x.com\/cdcliving"]},{"@type":"Person","@id":"https:\/\/casadecampoliving.com\/es\/#\/schema\/person\/2b2208f3175fa8761e25b272e096d718","name":"Rebecca Silvestri","image":{"@type":"ImageObject","inLanguage":"es","@id":"https:\/\/secure.gravatar.com\/avatar\/2d937fd6c1769fb718dbf8dce9e82bf5f89e97bd028f9b3ea10b931dc7df95c6?s=96&d=mm&r=g","url":"https:\/\/secure.gravatar.com\/avatar\/2d937fd6c1769fb718dbf8dce9e82bf5f89e97bd028f9b3ea10b931dc7df95c6?s=96&d=mm&r=g","contentUrl":"https:\/\/secure.gravatar.com\/avatar\/2d937fd6c1769fb718dbf8dce9e82bf5f89e97bd028f9b3ea10b931dc7df95c6?s=96&d=mm&r=g","caption":"Rebecca Silvestri"},"url":"https:\/\/casadecampoliving.com\/es\/author\/madamehuge\/"}]}},"parsely":{"version":"1.1.0","canonical_url":"https:\/\/casadecampoliving.com\/es\/the-magical-splendor-for-life-gala-all-the-ultra-glamorous-details\/","smart_links":{"inbound":0,"outbound":0},"traffic_boost_suggestions_count":0,"meta":{"@context":"https:\/\/schema.org","@type":"NewsArticle","headline":"The Magical Splendor for Life Gala &#8211; all the ultra-glamorous details..","url":"http:\/\/casadecampoliving.com\/es\/the-magical-splendor-for-life-gala-all-the-ultra-glamorous-details\/","mainEntityOfPage":{"@type":"WebPage","@id":"http:\/\/casadecampoliving.com\/es\/the-magical-splendor-for-life-gala-all-the-ultra-glamorous-details\/"},"thumbnailUrl":"https:\/\/i0.wp.com\/casadecampoliving.com\/wp-content\/uploads\/2022\/10\/magical-splendor-MIR.jpg?resize=150%2C150&ssl=1","image":{"@type":"ImageObject","url":"https:\/\/i0.wp.com\/casadecampoliving.com\/wp-content\/uploads\/2022\/10\/magical-splendor-MIR.jpg?fit=575%2C178&ssl=1"},"articleSection":"Altos de Chavon","author":[{"@type":"Person","name":"Rebecca Silvestri"}],"creator":["Rebecca Silvestri"],"publisher":{"@type":"Organization","name":"Casa de Campo Living","logo":"https:\/\/casadecampoliving.com\/wp-content\/uploads\/2022\/07\/CDCLivingLogo_V1-white-sized.png"},"keywords":["fundacion mir @es","magical splendor for life"],"dateCreated":"2010-03-10T04:00:00Z","datePublished":"2010-03-10T04:00:00Z","dateModified":"2022-10-21T21:52:55Z"},"rendered":"<script type=\"application\/ld+json\" class=\"wp-parsely-metadata\">{\"@context\":\"https:\\\/\\\/schema.org\",\"@type\":\"NewsArticle\",\"headline\":\"The Magical Splendor for Life Gala &#8211; all the ultra-glamorous details..\",\"url\":\"http:\\\/\\\/casadecampoliving.com\\\/es\\\/the-magical-splendor-for-life-gala-all-the-ultra-glamorous-details\\\/\",\"mainEntityOfPage\":{\"@type\":\"WebPage\",\"@id\":\"http:\\\/\\\/casadecampoliving.com\\\/es\\\/the-magical-splendor-for-life-gala-all-the-ultra-glamorous-details\\\/\"},\"thumbnailUrl\":\"https:\\\/\\\/i0.wp.com\\\/casadecampoliving.com\\\/wp-content\\\/uploads\\\/2022\\\/10\\\/magical-splendor-MIR.jpg?resize=150%2C150&ssl=1\",\"image\":{\"@type\":\"ImageObject\",\"url\":\"https:\\\/\\\/i0.wp.com\\\/casadecampoliving.com\\\/wp-content\\\/uploads\\\/2022\\\/10\\\/magical-splendor-MIR.jpg?fit=575%2C178&ssl=1\"},\"articleSection\":\"Altos de Chavon\",\"author\":[{\"@type\":\"Person\",\"name\":\"Rebecca Silvestri\"}],\"creator\":[\"Rebecca Silvestri\"],\"publisher\":{\"@type\":\"Organization\",\"name\":\"Casa de Campo Living\",\"logo\":\"https:\\\/\\\/casadecampoliving.com\\\/wp-content\\\/uploads\\\/2022\\\/07\\\/CDCLivingLogo_V1-white-sized.png\"},\"keywords\":[\"fundacion mir @es\",\"magical splendor for life\"],\"dateCreated\":\"2010-03-10T04:00:00Z\",\"datePublished\":\"2010-03-10T04:00:00Z\",\"dateModified\":\"2022-10-21T21:52:55Z\"}<\/script>","tracker_url":"https:\/\/cdn.parsely.com\/keys\/casadecampoliving.com\/p.js"},"jetpack_publicize_connections":[],"jetpack_featured_media_url":"https:\/\/i0.wp.com\/casadecampoliving.com\/wp-content\/uploads\/2022\/10\/magical-splendor-MIR.jpg?fit=575%2C178&ssl=1","jetpack-related-posts":[{"id":320567,"url":"https:\/\/casadecampoliving.com\/spectacular-the-fundacion-mir-magical-splendor-for-life-weekend-2011\/","url_meta":{"origin":318515,"position":0},"title":"Spectacular! The Fundaci\u00f3n MIR Magical Splendor for Life Weekend 2011!","author":"Rebecca Silvestri","date":"11 Feb, 2011","format":false,"excerpt":"The annual Fundaci\u00f3n MIR \u201cMagical Splendor for Life Weekend 2011\u201d took place over the weekend of the 21st to the 23rd of January 2011 with a sensational dinner-dance gala with an unforgettable fashion show by Badgley Mischka in Altos de Chav\u00f3n and a golf tournament played on the la Romana\u2026","rel":"","context":"En \u00abAltos de Chavon\u00bb","block_context":{"text":"Altos de Chavon","link":"https:\/\/casadecampoliving.com\/category\/altos-de-chavon\/"},"img":{"alt_text":"","src":"https:\/\/i0.wp.com\/casadecampoliving.com\/wp-content\/uploads\/2022\/10\/Badgley_Mischka_Fashion_Show-1.png?fit=621%2C437&ssl=1&resize=350%2C200","width":350,"height":200,"srcset":"https:\/\/i0.wp.com\/casadecampoliving.com\/wp-content\/uploads\/2022\/10\/Badgley_Mischka_Fashion_Show-1.png?fit=621%2C437&ssl=1&resize=350%2C200 1x, https:\/\/i0.wp.com\/casadecampoliving.com\/wp-content\/uploads\/2022\/10\/Badgley_Mischka_Fashion_Show-1.png?fit=621%2C437&ssl=1&resize=525%2C300 1.5x"},"classes":[]},{"id":320906,"url":"https:\/\/casadecampoliving.com\/coming-soon-the-magical-splendor-for-life-gala-by-the-fundacion-mir-friday-and-saturday-27th-and-28th-of-january\/","url_meta":{"origin":318515,"position":1},"title":"Coming Soon: The Magical Splendor For Life Gala by the Fundaci\u00f3n MIR, Friday and Saturday 27th and 28th of January!","author":"Rebecca Silvestri","date":"9 Ene, 2012","format":false,"excerpt":"It\u2019s nearly time for the Fundaci\u00f3n MIR\u2019s annual fundraising event, \u201cThe Magical Splendor for Life\u201d! This year the glamourous event which raises money for the MIR charities will take place over the weekend of the 27th \u2013 28th of January at Minitas Beach in Casa de Campo. The highlight of\u2026","rel":"","context":"En \u00abArt and Culture\u00bb","block_context":{"text":"Art and Culture","link":"https:\/\/casadecampoliving.com\/category\/art-and-culture\/"},"img":{"alt_text":"","src":"https:\/\/i0.wp.com\/casadecampoliving.com\/wp-content\/uploads\/2022\/10\/Magical_splendor_for_life_casadecampo.jpg?fit=565%2C298&ssl=1&resize=350%2C200","width":350,"height":200,"srcset":"https:\/\/i0.wp.com\/casadecampoliving.com\/wp-content\/uploads\/2022\/10\/Magical_splendor_for_life_casadecampo.jpg?fit=565%2C298&ssl=1&resize=350%2C200 1x, https:\/\/i0.wp.com\/casadecampoliving.com\/wp-content\/uploads\/2022\/10\/Magical_splendor_for_life_casadecampo.jpg?fit=565%2C298&ssl=1&resize=525%2C300 1.5x"},"classes":[]},{"id":320983,"url":"https:\/\/casadecampoliving.com\/glamor-and-fashion-on-the-beach-at-the-fundacion-mir-magical-splendor-for-life-gala\/","url_meta":{"origin":318515,"position":2},"title":"Glamor and Fashion on the beach at the Fundaci\u00f3n MIR Magical Splendor for Life Gala","author":"Rebecca Silvestri","date":"1 Feb, 2012","format":false,"excerpt":"Last Friday the 27th of January, the Fundaci\u00f3n MIR celebrated it's 21st annual Magical Splendor for Life Gala and Fashion Show - enjoyed for the 1st time on Casa de Campo's gorgeous Minitas Beach. With a fun cocktail hour, fashion show by Badgley Mischka, music, dancing and the participation of\u2026","rel":"","context":"En \u00abDining\u00bb","block_context":{"text":"Dining","link":"https:\/\/casadecampoliving.com\/category\/dining\/"},"img":{"alt_text":"magical splendor for life","src":"https:\/\/i0.wp.com\/casadecampoliving.com\/wp-content\/uploads\/2022\/10\/magical_splendor_for_life-1.jpg?fit=650%2C321&ssl=1&resize=350%2C200","width":350,"height":200,"srcset":"https:\/\/i0.wp.com\/casadecampoliving.com\/wp-content\/uploads\/2022\/10\/magical_splendor_for_life-1.jpg?fit=650%2C321&ssl=1&resize=350%2C200 1x, https:\/\/i0.wp.com\/casadecampoliving.com\/wp-content\/uploads\/2022\/10\/magical_splendor_for_life-1.jpg?fit=650%2C321&ssl=1&resize=525%2C300 1.5x"},"classes":[]},{"id":321694,"url":"https:\/\/casadecampoliving.com\/save-the-date-alfy-and-raysa-fanjul-invite-you-to-the-22nd-annual-fundacion-mir-magical-splendor-for-life-saturday-january-19th-2013\/","url_meta":{"origin":318515,"position":3},"title":"Save the date! Alfy and Raysa Fanjul invite you to the 22nd annual Fundaci\u00f3n MIR Magical Splendor For Life: Saturday January 19th, 2013","author":"Rebecca Silvestri","date":"7 Oct, 2012","format":false,"excerpt":"Save the date! The 22nd annual Magical Splendor for Life by the Fundaci\u00f3n MIR is slated for Saturday the 19th of January 2013. This year, the Magical Splendor for Life by the Fundaci\u00f3n MIR,\u00a0one of Casa de Campo\u2019s most elegant social and fundraising occasions will be more glamorous than ever\u2026","rel":"","context":"En \u00abCasa de Campo Resort\u00bb","block_context":{"text":"Casa de Campo Resort","link":"https:\/\/casadecampoliving.com\/category\/casa-de-campo-resort\/"},"img":{"alt_text":"fundacion MIR","src":"https:\/\/i0.wp.com\/casadecampoliving.com\/wp-content\/uploads\/2022\/10\/fundacion_MIR-3.jpg?fit=650%2C445&ssl=1&resize=350%2C200","width":350,"height":200,"srcset":"https:\/\/i0.wp.com\/casadecampoliving.com\/wp-content\/uploads\/2022\/10\/fundacion_MIR-3.jpg?fit=650%2C445&ssl=1&resize=350%2C200 1x, https:\/\/i0.wp.com\/casadecampoliving.com\/wp-content\/uploads\/2022\/10\/fundacion_MIR-3.jpg?fit=650%2C445&ssl=1&resize=525%2C300 1.5x"},"classes":[]},{"id":334793,"url":"https:\/\/casadecampoliving.com\/this-saturday-2022-magical-splendor-gala-for-the-fundacion-mir-with-naeem-khan\/","url_meta":{"origin":318515,"position":4},"title":"THIS Saturday! 2022 Magical Splendor Gala for the Fundaci\u00f3n MIR with Naeem Khan","author":"Casa de Campo Living","date":"21 Mar, 2022","format":false,"excerpt":"It\u2019s nearly time for the Fundaci\u00f3n MIR\u2019s annual fundraising event, \u201cThe Magical Splendor for Life\u201d! This year the glamorous event which raises money for the MIR charities will take place this Saturday, March 26th in Casa Grande and La Romana Country Club.\u00a0 The annual fundraising event hosted by Alfy and\u2026","rel":"","context":"En \u00abCasa de Campo Living\u00bb","block_context":{"text":"Casa de Campo Living","link":"https:\/\/casadecampoliving.com\/category\/casa-de-campo-living\/"},"img":{"alt_text":"","src":"https:\/\/i0.wp.com\/casadecampoliving.com\/wp-content\/uploads\/2022\/10\/BDC_3814-scaled-e1647869387374-1.jpg?fit=1000%2C667&ssl=1&resize=350%2C200","width":350,"height":200,"srcset":"https:\/\/i0.wp.com\/casadecampoliving.com\/wp-content\/uploads\/2022\/10\/BDC_3814-scaled-e1647869387374-1.jpg?fit=1000%2C667&ssl=1&resize=350%2C200 1x, https:\/\/i0.wp.com\/casadecampoliving.com\/wp-content\/uploads\/2022\/10\/BDC_3814-scaled-e1647869387374-1.jpg?fit=1000%2C667&ssl=1&resize=525%2C300 1.5x, https:\/\/i0.wp.com\/casadecampoliving.com\/wp-content\/uploads\/2022\/10\/BDC_3814-scaled-e1647869387374-1.jpg?fit=1000%2C667&ssl=1&resize=700%2C400 2x"},"classes":[]},{"id":320997,"url":"https:\/\/casadecampoliving.com\/golfing-for-a-good-cause-at-the-fundacion-mir-magical-splendor-for-life-golf-tournament\/","url_meta":{"origin":318515,"position":5},"title":"Golfing for a good cause at the Fundaci\u00f3n MIR Magical Splendor for Life Golf Tournament","author":"Rebecca Silvestri","date":"5 Feb, 2012","format":false,"excerpt":"The Fundaci\u00f3n MIR\u2019s Magical Splendor for Life fundraising weekend was all about fashion this year - even on the golf course we saw some very stylish men and lady golfers teeing off around the La Romana Country Club golf course! The Fundaci\u00f3n MIR Magical Splendor for Life weekend took place\u2026","rel":"","context":"En \u00abFeatured\u00bb","block_context":{"text":"Featured","link":"https:\/\/casadecampoliving.com\/category\/featured\/"},"img":{"alt_text":"la romana country club golf","src":"https:\/\/i0.wp.com\/casadecampoliving.com\/wp-content\/uploads\/2022\/10\/la_romana_country_club_golf-1.jpg?fit=650%2C390&ssl=1&resize=350%2C200","width":350,"height":200,"srcset":"https:\/\/i0.wp.com\/casadecampoliving.com\/wp-content\/uploads\/2022\/10\/la_romana_country_club_golf-1.jpg?fit=650%2C390&ssl=1&resize=350%2C200 1x, https:\/\/i0.wp.com\/casadecampoliving.com\/wp-content\/uploads\/2022\/10\/la_romana_country_club_golf-1.jpg?fit=650%2C390&ssl=1&resize=525%2C300 1.5x"},"classes":[]}],"jetpack_sharing_enabled":true,"_links":{"self":[{"href":"https:\/\/casadecampoliving.com\/es\/wp-json\/wp\/v2\/posts\/318515","targetHints":{"allow":["GET"]}}],"collection":[{"href":"https:\/\/casadecampoliving.com\/es\/wp-json\/wp\/v2\/posts"}],"about":[{"href":"https:\/\/casadecampoliving.com\/es\/wp-json\/wp\/v2\/types\/post"}],"author":[{"embeddable":true,"href":"https:\/\/casadecampoliving.com\/es\/wp-json\/wp\/v2\/users\/31"}],"replies":[{"embeddable":true,"href":"https:\/\/casadecampoliving.com\/es\/wp-json\/wp\/v2\/comments?post=318515"}],"version-history":[{"count":0,"href":"https:\/\/casadecampoliving.com\/es\/wp-json\/wp\/v2\/posts\/318515\/revisions"}],"wp:featuredmedia":[{"embeddable":true,"href":"https:\/\/casadecampoliving.com\/es\/wp-json\/wp\/v2\/media\/223772"}],"wp:attachment":[{"href":"https:\/\/casadecampoliving.com\/es\/wp-json\/wp\/v2\/media?parent=318515"}],"wp:term":[{"taxonomy":"category","embeddable":true,"href":"https:\/\/casadecampoliving.com\/es\/wp-json\/wp\/v2\/categories?post=318515"},{"taxonomy":"post_tag","embeddable":true,"href":"https:\/\/casadecampoliving.com\/es\/wp-json\/wp\/v2\/tags?post=318515"},{"taxonomy":"newspack_spnsrs_tax","embeddable":true,"href":"https:\/\/casadecampoliving.com\/es\/wp-json\/wp\/v2\/newspack_spnsrs_tax?post=318515"}],"curies":[{"name":"wp","href":"https:\/\/api.w.org\/{rel}","templated":true}]}}