{"id":318482,"date":"2010-03-04T00:00:00","date_gmt":"2010-03-04T04:00:00","guid":{"rendered":"https:\/\/casadecampoliving.com\/carnaval-in-casa-the-costume-competition\/"},"modified":"2022-10-21T17:59:07","modified_gmt":"2022-10-21T21:59:07","slug":"carnaval-in-casa-the-costume-competition","status":"publish","type":"post","link":"https:\/\/casadecampoliving.com\/es\/carnaval-in-casa-the-costume-competition\/","title":{"rendered":"CARNAVAL IN CASA: the costume competition&#8230;&#8230;"},"content":{"rendered":"<div class=\"wp-block-image\">\n<figure class=\"aligncenter is-resized\"><a href=\"https:\/\/casadecampoliving.com\/2010\/03\/carnaval-in-casa-the-costume-competition\/lamaparas-2\/\" rel=\"attachment wp-att-13185\"><img loading=\"lazy\" decoding=\"async\" src=\"https:\/\/i0.wp.com\/casadecampoliving.com\/wp-content\/uploads\/2022\/10\/lamaparas1.jpg?resize=575%2C396&amp;ssl=1\" alt=\"lamaparas\" class=\"wp-image-13185\" title=\"lamaparas\" height=\"396\" width=\"575\"\/><\/a><\/figure>\n<\/div>\n\n\n<p>Last Saturday the 27th of February the Marina Casa de Campo was in CARNAVAL \u2013 the event organised by us, Casa de Campo Living, called \u2018CARNAVAL IN CASA\u2019 was a Carnaval and street fair extravaganza.<\/p>\n\n\n\n<!--more-->\n\n\n\n<p>The party, which started at 7pm with the arrival of a Carnaval Comparsa from La Romana brought hundreds of Casa de Campo residents, visitors and families flocking to the Marina to take part.<\/p>\n\n\n\n<p>As part of the festivities everyone was invited to attend in CARNAVAL costume for fun and to compete in our carnaval costume contest.<\/p>\n\n\n\n<blockquote class=\"wp-block-quote is-layout-flow wp-block-quote-is-layout-flow\"><p>The winners of our FIRST prize was without contest \u2018The Lamparas,\u2018 who won a half-day boat trip to Oscar de La Renta\u2019s beach with local drinks included, donated by Marine Trader Services. The Marine Trader Services provide extensive services for everything you would ever need in the Marina \u2013 from boat sales and rentals to port booking and provisioning to car rentals and even private jets. Visit their website to find out more: <a href=\"http:\/\/www.marinetraderservice.com\" target=\"_blank\" rel=\"noopener\">www.marinetraderservice.com<\/a><\/p><\/blockquote>\n\n\n\n<figure class=\"wp-block-image is-resized\"><a href=\"https:\/\/casadecampoliving.com\/2010\/03\/carnaval-in-casa-the-costume-competition\/lamps\/\" rel=\"attachment wp-att-13186\"><img loading=\"lazy\" decoding=\"async\" src=\"https:\/\/i0.wp.com\/casadecampoliving.com\/wp-content\/uploads\/2022\/10\/lamps.jpg?resize=575%2C431&amp;ssl=1\" alt=\"lamps!!\" class=\"wp-image-13186\" title=\"lamps!!\" height=\"431\" width=\"575\"\/><\/a><\/figure>\n\n\n\n<p>Members of the winning comparsa were: Patricia Proa\u00f1o, Ivonna Sosa, Gricelle Lahoz de Olivo, Adriadna Torres, Amelia Pereyra and Fatima Torres.<\/p>\n\n\n\n<p><strong>CONGRATULATIONS LADIES!<\/strong>! I hope you will take plenty of photos of your trip and share your experience with us!<\/p>\n\n\n\n<p><strong>The costume contest runner-up prize is:<\/strong> 2 x a deep conditioning hair treatment, wash and blow dry at the Amadeus Salon in the Marina Casa de Campo.<\/p>\n\n\n\n<p class=\"has-text-align-left\"><strong>However at the moment we do not have a runner-up winner!<\/strong><\/p>\n\n\n\n<p>These are our finalists:<\/p>\n\n\n<div class=\"wp-block-image\">\n<figure class=\"aligncenter is-resized\"><a href=\"https:\/\/casadecampoliving.com\/2010\/03\/carnaval-in-casa-the-costume-competition\/mery-and-angela\/\" rel=\"attachment wp-att-13187\"><img loading=\"lazy\" decoding=\"async\" src=\"https:\/\/i0.wp.com\/casadecampoliving.com\/wp-content\/uploads\/2022\/10\/mery-and-angela.jpg?resize=230%2C400&amp;ssl=1\" alt=\"mery and angela\" class=\"wp-image-13187\" title=\"mery and angela\" height=\"400\" width=\"230\"\/><\/a><\/figure>\n<\/div>\n\n\n<p>1. <strong>Mery and Angela<\/strong> \u2013 both dressed as very sexy sequined Carnaval ladies<br>\n<\/p>\n\n\n<div class=\"wp-block-image\">\n<figure class=\"aligncenter is-resized\"><a href=\"https:\/\/casadecampoliving.com\/2010\/03\/carnaval-in-casa-the-costume-competition\/erika-and-friends\/\" rel=\"attachment wp-att-13188\"><img loading=\"lazy\" decoding=\"async\" src=\"https:\/\/i0.wp.com\/casadecampoliving.com\/wp-content\/uploads\/2022\/10\/erika-and-friends.jpg?resize=575%2C427&amp;ssl=1\" alt=\"erika and friends\" class=\"wp-image-13188\" title=\"erika and friends\" height=\"427\" width=\"575\"\/><\/a><\/figure>\n<\/div>\n\n\n<p><strong>2. Erika Villain<\/strong> dressed in traditional Dominican Diable Cajuelo outfit. Here is is posing with a group of friends:<br>\n<\/p>\n\n\n\n<p><strong>3. Emanuela Giovannetti&nbsp;\u2013 <\/strong>pictured below in the purple wig and funky glasses.<\/p>\n\n\n<div class=\"wp-block-image\">\n<figure class=\"aligncenter is-resized\"><a href=\"https:\/\/casadecampoliving.com\/2010\/03\/carnaval-in-casa-the-costume-competition\/giovanni\/\" rel=\"attachment wp-att-13189\"><img loading=\"lazy\" decoding=\"async\" src=\"https:\/\/i0.wp.com\/casadecampoliving.com\/wp-content\/uploads\/2022\/10\/giovanni.jpg?resize=575%2C410&amp;ssl=1\" alt=\"giovanni\" class=\"wp-image-13189\" title=\"giovanni\" height=\"410\" width=\"575\"\/><\/a><\/figure>\n<\/div>\n\n\n<p><strong>4. Camila Moreno Fico,<\/strong> daughter of Rosabla Fico, dressed as a beautiful little mermaid \u2013 although the mermaid herself may not appreciate a hair dressing appointment as a prize, maybe mum would\u2026.<\/p>\n\n\n<div class=\"wp-block-image\">\n<figure class=\"aligncenter is-resized\"><a href=\"https:\/\/casadecampoliving.com\/2010\/03\/carnaval-in-casa-the-costume-competition\/mermaid\/\" rel=\"attachment wp-att-13190\"><img loading=\"lazy\" decoding=\"async\" src=\"https:\/\/i0.wp.com\/casadecampoliving.com\/wp-content\/uploads\/2022\/10\/mermaid.jpg?resize=292%2C400&amp;ssl=1\" alt=\"mermaid\" class=\"wp-image-13190\" title=\"mermaid\" height=\"400\" width=\"292\"\/><\/a><\/figure>\n<\/div>\n\n\n<p><strong>5. Matilde Martin<\/strong> \u2013 the cutest little ballerina I ever saw!<\/p>\n\n\n<div class=\"wp-block-image\">\n<figure class=\"aligncenter is-resized\"><a href=\"https:\/\/casadecampoliving.com\/2010\/03\/carnaval-in-casa-the-costume-competition\/little-angle\/\" rel=\"attachment wp-att-13191\"><img loading=\"lazy\" decoding=\"async\" src=\"https:\/\/i0.wp.com\/casadecampoliving.com\/wp-content\/uploads\/2022\/10\/little-angle.jpg?resize=215%2C400&amp;ssl=1\" alt=\"little angle\" class=\"wp-image-13191\" title=\"little angle\" height=\"400\" width=\"215\"\/><\/a><\/figure>\n<\/div>","protected":false},"excerpt":{"rendered":"<p>Last Saturday the 27th of February the Marina Casa de Campo was in CARNAVAL \u2013 the event organised by us, Casa de Campo Living, called \u2018CARNAVAL IN CASA\u2019 was a Carnaval and street fair extravaganza.<\/p>\n","protected":false},"author":31,"featured_media":225886,"comment_status":"closed","ping_status":"open","sticky":false,"template":"","format":"standard","meta":{"newspack_ads_suppress_ads":false,"newspack_popups_has_disabled_popups":false,"newspack_sponsor_sponsorship_scope":"","newspack_sponsor_native_byline_display":"inherit","newspack_sponsor_native_category_display":"inherit","newspack_sponsor_underwriter_style":"inherit","newspack_sponsor_underwriter_placement":"inherit","_newspack_byline_active":false,"_newspack_byline":"","newspack_hide_updated_date":false,"newspack_show_updated_date":false,"newspack_content_restriction_is_exempt":false,"newspack_featured_image_position":"","newspack_post_subtitle":"","newspack_article_summary_title":"Overview:","newspack_article_summary":"","_jetpack_memberships_contains_paid_content":false,"footnotes":"","jetpack_publicize_message":"","jetpack_publicize_feature_enabled":true,"jetpack_social_post_already_shared":false,"jetpack_social_options":{"image_generator_settings":{"template":"highway","default_image_id":0,"font":"","enabled":false},"version":2},"_wpas_customize_per_network":false},"categories":[45,2501,375,2509,2522,14629,2526,14625,47,14627],"tags":[987,1009],"newspack_spnsrs_tax":[],"class_list":["post-318482","post","type-post","status-publish","format-standard","has-post-thumbnail","hentry","category-art-and-culture","category-vida-nocturna-es","category-casa-de-campo-living","category-ccl-presenta-es","category-eventos-es","category-comidas-bebidas","category-titulares-es","category-noticias-locales","category-marina-casa-de-campo","category-proximamente","tag-carnaval-in-casa","tag-costume-contest","entry"],"yoast_head":"<!-- This site is optimized with the Yoast SEO plugin v27.5 - https:\/\/yoast.com\/product\/yoast-seo-wordpress\/ -->\n<title>CARNAVAL IN CASA: the costume competition...... | Casa de Campo Living<\/title>\n<meta name=\"description\" content=\"Last Saturday the 27th of February the Marina Casa de Campo was in CARNAVAL \u2013 the event organised by us, Casa de Campo Living, called \u2018CARNAVAL IN CASA\u2019\" \/>\n<meta name=\"robots\" content=\"index, follow, max-snippet:-1, max-image-preview:large, max-video-preview:-1\" \/>\n<link rel=\"canonical\" href=\"https:\/\/casadecampoliving.com\/es\/carnaval-in-casa-the-costume-competition\/\" \/>\n<meta property=\"og:locale\" content=\"es_ES\" \/>\n<meta property=\"og:type\" content=\"article\" \/>\n<meta property=\"og:title\" content=\"CARNAVAL IN CASA: the costume competition...... | Casa de Campo Living\" \/>\n<meta property=\"og:description\" content=\"Last Saturday the 27th of February the Marina Casa de Campo was in CARNAVAL \u2013 the event organised by us, Casa de Campo Living, called \u2018CARNAVAL IN CASA\u2019\" \/>\n<meta property=\"og:url\" content=\"https:\/\/casadecampoliving.com\/es\/carnaval-in-casa-the-costume-competition\/\" \/>\n<meta property=\"og:site_name\" content=\"Casa de Campo Living\" \/>\n<meta property=\"article:publisher\" content=\"https:\/\/www.facebook.com\/casadecampoliving\" \/>\n<meta property=\"article:published_time\" content=\"2010-03-04T04:00:00+00:00\" \/>\n<meta property=\"article:modified_time\" content=\"2022-10-21T21:59:07+00:00\" \/>\n<meta property=\"og:image\" content=\"https:\/\/i0.wp.com\/casadecampoliving.com\/wp-content\/uploads\/2022\/10\/lamaparas1-1.jpg?fit=575%2C396&ssl=1\" \/>\n\t<meta property=\"og:image:width\" content=\"575\" \/>\n\t<meta property=\"og:image:height\" content=\"396\" \/>\n\t<meta property=\"og:image:type\" content=\"image\/jpeg\" \/>\n<meta name=\"author\" content=\"Rebecca Silvestri\" \/>\n<meta name=\"twitter:card\" content=\"summary_large_image\" \/>\n<meta name=\"twitter:creator\" content=\"@cdcliving\" \/>\n<meta name=\"twitter:site\" content=\"@cdcliving\" \/>\n<meta name=\"twitter:label1\" content=\"Escrito por\" \/>\n\t<meta name=\"twitter:data1\" content=\"Rebecca Silvestri\" \/>\n\t<meta name=\"twitter:label2\" content=\"Tiempo de lectura\" \/>\n\t<meta name=\"twitter:data2\" content=\"2 minutos\" \/>\n<script type=\"application\/ld+json\" class=\"yoast-schema-graph\">{\"@context\":\"https:\\\/\\\/schema.org\",\"@graph\":[{\"@type\":\"Article\",\"@id\":\"https:\\\/\\\/casadecampoliving.com\\\/es\\\/carnaval-in-casa-the-costume-competition\\\/#article\",\"isPartOf\":{\"@id\":\"https:\\\/\\\/casadecampoliving.com\\\/es\\\/carnaval-in-casa-the-costume-competition\\\/\"},\"author\":{\"name\":\"Rebecca Silvestri\",\"@id\":\"https:\\\/\\\/casadecampoliving.com\\\/es\\\/#\\\/schema\\\/person\\\/2b2208f3175fa8761e25b272e096d718\"},\"headline\":\"CARNAVAL IN CASA: the costume competition&#8230;&#8230;\",\"datePublished\":\"2010-03-04T04:00:00+00:00\",\"dateModified\":\"2022-10-21T21:59:07+00:00\",\"mainEntityOfPage\":{\"@id\":\"https:\\\/\\\/casadecampoliving.com\\\/es\\\/carnaval-in-casa-the-costume-competition\\\/\"},\"wordCount\":334,\"publisher\":{\"@id\":\"https:\\\/\\\/casadecampoliving.com\\\/es\\\/#organization\"},\"image\":{\"@id\":\"https:\\\/\\\/casadecampoliving.com\\\/es\\\/carnaval-in-casa-the-costume-competition\\\/#primaryimage\"},\"thumbnailUrl\":\"https:\\\/\\\/i0.wp.com\\\/casadecampoliving.com\\\/wp-content\\\/uploads\\\/2022\\\/10\\\/lamaparas1-1.jpg?fit=575%2C396&ssl=1\",\"keywords\":[\"carnaval in casa\",\"costume contest\"],\"articleSection\":[\"Art and Culture\",\"Vida Nocturna\",\"Casa de Campo Living\",\"CCL presenta\",\"Eventos\",\"Comidas &amp; Bebidas\",\"Titulares\",\"Noticias Locales\",\"Marina Casa de Campo\",\"Proximamente\"],\"inLanguage\":\"es\"},{\"@type\":\"WebPage\",\"@id\":\"https:\\\/\\\/casadecampoliving.com\\\/es\\\/carnaval-in-casa-the-costume-competition\\\/\",\"url\":\"https:\\\/\\\/casadecampoliving.com\\\/es\\\/carnaval-in-casa-the-costume-competition\\\/\",\"name\":\"CARNAVAL IN CASA: the costume competition...... | Casa de Campo Living\",\"isPartOf\":{\"@id\":\"https:\\\/\\\/casadecampoliving.com\\\/es\\\/#website\"},\"primaryImageOfPage\":{\"@id\":\"https:\\\/\\\/casadecampoliving.com\\\/es\\\/carnaval-in-casa-the-costume-competition\\\/#primaryimage\"},\"image\":{\"@id\":\"https:\\\/\\\/casadecampoliving.com\\\/es\\\/carnaval-in-casa-the-costume-competition\\\/#primaryimage\"},\"thumbnailUrl\":\"https:\\\/\\\/i0.wp.com\\\/casadecampoliving.com\\\/wp-content\\\/uploads\\\/2022\\\/10\\\/lamaparas1-1.jpg?fit=575%2C396&ssl=1\",\"datePublished\":\"2010-03-04T04:00:00+00:00\",\"dateModified\":\"2022-10-21T21:59:07+00:00\",\"description\":\"Last Saturday the 27th of February the Marina Casa de Campo was in CARNAVAL \u2013 the event organised by us, Casa de Campo Living, called \u2018CARNAVAL IN CASA\u2019\",\"breadcrumb\":{\"@id\":\"https:\\\/\\\/casadecampoliving.com\\\/es\\\/carnaval-in-casa-the-costume-competition\\\/#breadcrumb\"},\"inLanguage\":\"es\",\"potentialAction\":[{\"@type\":\"ReadAction\",\"target\":[\"https:\\\/\\\/casadecampoliving.com\\\/es\\\/carnaval-in-casa-the-costume-competition\\\/\"]}]},{\"@type\":\"ImageObject\",\"inLanguage\":\"es\",\"@id\":\"https:\\\/\\\/casadecampoliving.com\\\/es\\\/carnaval-in-casa-the-costume-competition\\\/#primaryimage\",\"url\":\"https:\\\/\\\/i0.wp.com\\\/casadecampoliving.com\\\/wp-content\\\/uploads\\\/2022\\\/10\\\/lamaparas1-1.jpg?fit=575%2C396&ssl=1\",\"contentUrl\":\"https:\\\/\\\/i0.wp.com\\\/casadecampoliving.com\\\/wp-content\\\/uploads\\\/2022\\\/10\\\/lamaparas1-1.jpg?fit=575%2C396&ssl=1\",\"width\":575,\"height\":396},{\"@type\":\"BreadcrumbList\",\"@id\":\"https:\\\/\\\/casadecampoliving.com\\\/es\\\/carnaval-in-casa-the-costume-competition\\\/#breadcrumb\",\"itemListElement\":[{\"@type\":\"ListItem\",\"position\":1,\"name\":\"Home\",\"item\":\"https:\\\/\\\/casadecampoliving.com\\\/es\\\/\"},{\"@type\":\"ListItem\",\"position\":2,\"name\":\"CARNAVAL IN CASA: the costume competition&#8230;&#8230;\"}]},{\"@type\":\"WebSite\",\"@id\":\"https:\\\/\\\/casadecampoliving.com\\\/es\\\/#website\",\"url\":\"https:\\\/\\\/casadecampoliving.com\\\/es\\\/\",\"name\":\"Casa de Campo Living\",\"description\":\"Resort community news and resources.\",\"publisher\":{\"@id\":\"https:\\\/\\\/casadecampoliving.com\\\/es\\\/#organization\"},\"potentialAction\":[{\"@type\":\"SearchAction\",\"target\":{\"@type\":\"EntryPoint\",\"urlTemplate\":\"https:\\\/\\\/casadecampoliving.com\\\/es\\\/?s={search_term_string}\"},\"query-input\":{\"@type\":\"PropertyValueSpecification\",\"valueRequired\":true,\"valueName\":\"search_term_string\"}}],\"inLanguage\":\"es\"},{\"@type\":\"Organization\",\"@id\":\"https:\\\/\\\/casadecampoliving.com\\\/es\\\/#organization\",\"name\":\"Casa de Campo Living\",\"url\":\"https:\\\/\\\/casadecampoliving.com\\\/es\\\/\",\"logo\":{\"@type\":\"ImageObject\",\"inLanguage\":\"es\",\"@id\":\"https:\\\/\\\/casadecampoliving.com\\\/es\\\/#\\\/schema\\\/logo\\\/image\\\/\",\"url\":\"https:\\\/\\\/i0.wp.com\\\/casadecampoliving.com\\\/wp-content\\\/uploads\\\/2022\\\/07\\\/CDCLivingLogo_V1-white-sized.png?fit=800%2C214&ssl=1\",\"contentUrl\":\"https:\\\/\\\/i0.wp.com\\\/casadecampoliving.com\\\/wp-content\\\/uploads\\\/2022\\\/07\\\/CDCLivingLogo_V1-white-sized.png?fit=800%2C214&ssl=1\",\"width\":800,\"height\":214,\"caption\":\"Casa de Campo Living\"},\"image\":{\"@id\":\"https:\\\/\\\/casadecampoliving.com\\\/es\\\/#\\\/schema\\\/logo\\\/image\\\/\"},\"sameAs\":[\"https:\\\/\\\/www.facebook.com\\\/casadecampoliving\",\"https:\\\/\\\/x.com\\\/cdcliving\"]},{\"@type\":\"Person\",\"@id\":\"https:\\\/\\\/casadecampoliving.com\\\/es\\\/#\\\/schema\\\/person\\\/2b2208f3175fa8761e25b272e096d718\",\"name\":\"Rebecca Silvestri\",\"image\":{\"@type\":\"ImageObject\",\"inLanguage\":\"es\",\"@id\":\"https:\\\/\\\/secure.gravatar.com\\\/avatar\\\/2d937fd6c1769fb718dbf8dce9e82bf5f89e97bd028f9b3ea10b931dc7df95c6?s=96&d=mm&r=g\",\"url\":\"https:\\\/\\\/secure.gravatar.com\\\/avatar\\\/2d937fd6c1769fb718dbf8dce9e82bf5f89e97bd028f9b3ea10b931dc7df95c6?s=96&d=mm&r=g\",\"contentUrl\":\"https:\\\/\\\/secure.gravatar.com\\\/avatar\\\/2d937fd6c1769fb718dbf8dce9e82bf5f89e97bd028f9b3ea10b931dc7df95c6?s=96&d=mm&r=g\",\"caption\":\"Rebecca Silvestri\"},\"url\":\"https:\\\/\\\/casadecampoliving.com\\\/es\\\/author\\\/madamehuge\\\/\"}]}<\/script>\n<!-- \/ Yoast SEO plugin. -->","yoast_head_json":{"title":"CARNAVAL IN CASA: the costume competition...... | Casa de Campo Living","description":"Last Saturday the 27th of February the Marina Casa de Campo was in CARNAVAL \u2013 the event organised by us, Casa de Campo Living, called \u2018CARNAVAL IN CASA\u2019","robots":{"index":"index","follow":"follow","max-snippet":"max-snippet:-1","max-image-preview":"max-image-preview:large","max-video-preview":"max-video-preview:-1"},"canonical":"https:\/\/casadecampoliving.com\/es\/carnaval-in-casa-the-costume-competition\/","og_locale":"es_ES","og_type":"article","og_title":"CARNAVAL IN CASA: the costume competition...... | Casa de Campo Living","og_description":"Last Saturday the 27th of February the Marina Casa de Campo was in CARNAVAL \u2013 the event organised by us, Casa de Campo Living, called \u2018CARNAVAL IN CASA\u2019","og_url":"https:\/\/casadecampoliving.com\/es\/carnaval-in-casa-the-costume-competition\/","og_site_name":"Casa de Campo Living","article_publisher":"https:\/\/www.facebook.com\/casadecampoliving","article_published_time":"2010-03-04T04:00:00+00:00","article_modified_time":"2022-10-21T21:59:07+00:00","og_image":[{"width":575,"height":396,"url":"https:\/\/i0.wp.com\/casadecampoliving.com\/wp-content\/uploads\/2022\/10\/lamaparas1-1.jpg?fit=575%2C396&ssl=1","type":"image\/jpeg"}],"author":"Rebecca Silvestri","twitter_card":"summary_large_image","twitter_creator":"@cdcliving","twitter_site":"@cdcliving","twitter_misc":{"Escrito por":"Rebecca Silvestri","Tiempo de lectura":"2 minutos"},"schema":{"@context":"https:\/\/schema.org","@graph":[{"@type":"Article","@id":"https:\/\/casadecampoliving.com\/es\/carnaval-in-casa-the-costume-competition\/#article","isPartOf":{"@id":"https:\/\/casadecampoliving.com\/es\/carnaval-in-casa-the-costume-competition\/"},"author":{"name":"Rebecca Silvestri","@id":"https:\/\/casadecampoliving.com\/es\/#\/schema\/person\/2b2208f3175fa8761e25b272e096d718"},"headline":"CARNAVAL IN CASA: the costume competition&#8230;&#8230;","datePublished":"2010-03-04T04:00:00+00:00","dateModified":"2022-10-21T21:59:07+00:00","mainEntityOfPage":{"@id":"https:\/\/casadecampoliving.com\/es\/carnaval-in-casa-the-costume-competition\/"},"wordCount":334,"publisher":{"@id":"https:\/\/casadecampoliving.com\/es\/#organization"},"image":{"@id":"https:\/\/casadecampoliving.com\/es\/carnaval-in-casa-the-costume-competition\/#primaryimage"},"thumbnailUrl":"https:\/\/i0.wp.com\/casadecampoliving.com\/wp-content\/uploads\/2022\/10\/lamaparas1-1.jpg?fit=575%2C396&ssl=1","keywords":["carnaval in casa","costume contest"],"articleSection":["Art and Culture","Vida Nocturna","Casa de Campo Living","CCL presenta","Eventos","Comidas &amp; Bebidas","Titulares","Noticias Locales","Marina Casa de Campo","Proximamente"],"inLanguage":"es"},{"@type":"WebPage","@id":"https:\/\/casadecampoliving.com\/es\/carnaval-in-casa-the-costume-competition\/","url":"https:\/\/casadecampoliving.com\/es\/carnaval-in-casa-the-costume-competition\/","name":"CARNAVAL IN CASA: the costume competition...... | Casa de Campo Living","isPartOf":{"@id":"https:\/\/casadecampoliving.com\/es\/#website"},"primaryImageOfPage":{"@id":"https:\/\/casadecampoliving.com\/es\/carnaval-in-casa-the-costume-competition\/#primaryimage"},"image":{"@id":"https:\/\/casadecampoliving.com\/es\/carnaval-in-casa-the-costume-competition\/#primaryimage"},"thumbnailUrl":"https:\/\/i0.wp.com\/casadecampoliving.com\/wp-content\/uploads\/2022\/10\/lamaparas1-1.jpg?fit=575%2C396&ssl=1","datePublished":"2010-03-04T04:00:00+00:00","dateModified":"2022-10-21T21:59:07+00:00","description":"Last Saturday the 27th of February the Marina Casa de Campo was in CARNAVAL \u2013 the event organised by us, Casa de Campo Living, called \u2018CARNAVAL IN CASA\u2019","breadcrumb":{"@id":"https:\/\/casadecampoliving.com\/es\/carnaval-in-casa-the-costume-competition\/#breadcrumb"},"inLanguage":"es","potentialAction":[{"@type":"ReadAction","target":["https:\/\/casadecampoliving.com\/es\/carnaval-in-casa-the-costume-competition\/"]}]},{"@type":"ImageObject","inLanguage":"es","@id":"https:\/\/casadecampoliving.com\/es\/carnaval-in-casa-the-costume-competition\/#primaryimage","url":"https:\/\/i0.wp.com\/casadecampoliving.com\/wp-content\/uploads\/2022\/10\/lamaparas1-1.jpg?fit=575%2C396&ssl=1","contentUrl":"https:\/\/i0.wp.com\/casadecampoliving.com\/wp-content\/uploads\/2022\/10\/lamaparas1-1.jpg?fit=575%2C396&ssl=1","width":575,"height":396},{"@type":"BreadcrumbList","@id":"https:\/\/casadecampoliving.com\/es\/carnaval-in-casa-the-costume-competition\/#breadcrumb","itemListElement":[{"@type":"ListItem","position":1,"name":"Home","item":"https:\/\/casadecampoliving.com\/es\/"},{"@type":"ListItem","position":2,"name":"CARNAVAL IN CASA: the costume competition&#8230;&#8230;"}]},{"@type":"WebSite","@id":"https:\/\/casadecampoliving.com\/es\/#website","url":"https:\/\/casadecampoliving.com\/es\/","name":"Casa de Campo Living","description":"Resort community news and resources.","publisher":{"@id":"https:\/\/casadecampoliving.com\/es\/#organization"},"potentialAction":[{"@type":"SearchAction","target":{"@type":"EntryPoint","urlTemplate":"https:\/\/casadecampoliving.com\/es\/?s={search_term_string}"},"query-input":{"@type":"PropertyValueSpecification","valueRequired":true,"valueName":"search_term_string"}}],"inLanguage":"es"},{"@type":"Organization","@id":"https:\/\/casadecampoliving.com\/es\/#organization","name":"Casa de Campo Living","url":"https:\/\/casadecampoliving.com\/es\/","logo":{"@type":"ImageObject","inLanguage":"es","@id":"https:\/\/casadecampoliving.com\/es\/#\/schema\/logo\/image\/","url":"https:\/\/i0.wp.com\/casadecampoliving.com\/wp-content\/uploads\/2022\/07\/CDCLivingLogo_V1-white-sized.png?fit=800%2C214&ssl=1","contentUrl":"https:\/\/i0.wp.com\/casadecampoliving.com\/wp-content\/uploads\/2022\/07\/CDCLivingLogo_V1-white-sized.png?fit=800%2C214&ssl=1","width":800,"height":214,"caption":"Casa de Campo Living"},"image":{"@id":"https:\/\/casadecampoliving.com\/es\/#\/schema\/logo\/image\/"},"sameAs":["https:\/\/www.facebook.com\/casadecampoliving","https:\/\/x.com\/cdcliving"]},{"@type":"Person","@id":"https:\/\/casadecampoliving.com\/es\/#\/schema\/person\/2b2208f3175fa8761e25b272e096d718","name":"Rebecca Silvestri","image":{"@type":"ImageObject","inLanguage":"es","@id":"https:\/\/secure.gravatar.com\/avatar\/2d937fd6c1769fb718dbf8dce9e82bf5f89e97bd028f9b3ea10b931dc7df95c6?s=96&d=mm&r=g","url":"https:\/\/secure.gravatar.com\/avatar\/2d937fd6c1769fb718dbf8dce9e82bf5f89e97bd028f9b3ea10b931dc7df95c6?s=96&d=mm&r=g","contentUrl":"https:\/\/secure.gravatar.com\/avatar\/2d937fd6c1769fb718dbf8dce9e82bf5f89e97bd028f9b3ea10b931dc7df95c6?s=96&d=mm&r=g","caption":"Rebecca Silvestri"},"url":"https:\/\/casadecampoliving.com\/es\/author\/madamehuge\/"}]}},"parsely":{"version":"1.1.0","canonical_url":"https:\/\/casadecampoliving.com\/es\/carnaval-in-casa-the-costume-competition\/","smart_links":{"inbound":0,"outbound":0},"traffic_boost_suggestions_count":0,"meta":{"@context":"https:\/\/schema.org","@type":"NewsArticle","headline":"CARNAVAL IN CASA: the costume competition&#8230;&#8230;","url":"http:\/\/casadecampoliving.com\/es\/carnaval-in-casa-the-costume-competition\/","mainEntityOfPage":{"@type":"WebPage","@id":"http:\/\/casadecampoliving.com\/es\/carnaval-in-casa-the-costume-competition\/"},"thumbnailUrl":"https:\/\/i0.wp.com\/casadecampoliving.com\/wp-content\/uploads\/2022\/10\/lamaparas1-1.jpg?resize=150%2C150&ssl=1","image":{"@type":"ImageObject","url":"https:\/\/i0.wp.com\/casadecampoliving.com\/wp-content\/uploads\/2022\/10\/lamaparas1-1.jpg?fit=575%2C396&ssl=1"},"articleSection":"Art and Culture","author":[{"@type":"Person","name":"Rebecca Silvestri"}],"creator":["Rebecca Silvestri"],"publisher":{"@type":"Organization","name":"Casa de Campo Living","logo":"https:\/\/casadecampoliving.com\/wp-content\/uploads\/2022\/07\/CDCLivingLogo_V1-white-sized.png"},"keywords":["carnaval in casa","costume contest"],"dateCreated":"2010-03-04T04:00:00Z","datePublished":"2010-03-04T04:00:00Z","dateModified":"2022-10-21T21:59:07Z"},"rendered":"<script type=\"application\/ld+json\" class=\"wp-parsely-metadata\">{\"@context\":\"https:\\\/\\\/schema.org\",\"@type\":\"NewsArticle\",\"headline\":\"CARNAVAL IN CASA: the costume competition&#8230;&#8230;\",\"url\":\"http:\\\/\\\/casadecampoliving.com\\\/es\\\/carnaval-in-casa-the-costume-competition\\\/\",\"mainEntityOfPage\":{\"@type\":\"WebPage\",\"@id\":\"http:\\\/\\\/casadecampoliving.com\\\/es\\\/carnaval-in-casa-the-costume-competition\\\/\"},\"thumbnailUrl\":\"https:\\\/\\\/i0.wp.com\\\/casadecampoliving.com\\\/wp-content\\\/uploads\\\/2022\\\/10\\\/lamaparas1-1.jpg?resize=150%2C150&ssl=1\",\"image\":{\"@type\":\"ImageObject\",\"url\":\"https:\\\/\\\/i0.wp.com\\\/casadecampoliving.com\\\/wp-content\\\/uploads\\\/2022\\\/10\\\/lamaparas1-1.jpg?fit=575%2C396&ssl=1\"},\"articleSection\":\"Art and Culture\",\"author\":[{\"@type\":\"Person\",\"name\":\"Rebecca Silvestri\"}],\"creator\":[\"Rebecca Silvestri\"],\"publisher\":{\"@type\":\"Organization\",\"name\":\"Casa de Campo Living\",\"logo\":\"https:\\\/\\\/casadecampoliving.com\\\/wp-content\\\/uploads\\\/2022\\\/07\\\/CDCLivingLogo_V1-white-sized.png\"},\"keywords\":[\"carnaval in casa\",\"costume contest\"],\"dateCreated\":\"2010-03-04T04:00:00Z\",\"datePublished\":\"2010-03-04T04:00:00Z\",\"dateModified\":\"2022-10-21T21:59:07Z\"}<\/script>","tracker_url":"https:\/\/cdn.parsely.com\/keys\/casadecampoliving.com\/p.js"},"jetpack_publicize_connections":[],"jetpack_featured_media_url":"https:\/\/i0.wp.com\/casadecampoliving.com\/wp-content\/uploads\/2022\/10\/lamaparas1-1.jpg?fit=575%2C396&ssl=1","jetpack-related-posts":[{"id":321055,"url":"https:\/\/casadecampoliving.com\/the-colors-sights-and-sounds-of-carnaval-are-coming-to-the-marina-casa-de-campo\/","url_meta":{"origin":318482,"position":0},"title":"The colors, sights and sounds of \u201cCarnaval\u201d are coming to the Marina Casa de Campo!","author":"Rebecca Silvestri","date":"18 Feb, 2012","format":false,"excerpt":"On Saturday the 25th of\u00a0February, the colors, sights and sounds of the \u201cCarnaval Dominicano\u201d are coming to the Marina Casa de Campo for the \u201cCarnaval de la Marina\u201d. Starting from 4:30pm in the afternoon the\u00a0\u201cCarnaval de la Marina\u201d will consist of a variety of carnaval groups (comparsas); from La Romana\u2026","rel":"","context":"En \u00abEvents and Activities\u00bb","block_context":{"text":"Events and Activities","link":"https:\/\/casadecampoliving.com\/category\/events-and-activities\/"},"img":{"alt_text":"carnaval marina casa de campo","src":"https:\/\/i0.wp.com\/casadecampoliving.com\/wp-content\/uploads\/2022\/10\/carnaval_marina_casa_de_campo-4.jpg?fit=650%2C615&ssl=1&resize=350%2C200","width":350,"height":200,"srcset":"https:\/\/i0.wp.com\/casadecampoliving.com\/wp-content\/uploads\/2022\/10\/carnaval_marina_casa_de_campo-4.jpg?fit=650%2C615&ssl=1&resize=350%2C200 1x, https:\/\/i0.wp.com\/casadecampoliving.com\/wp-content\/uploads\/2022\/10\/carnaval_marina_casa_de_campo-4.jpg?fit=650%2C615&ssl=1&resize=525%2C300 1.5x"},"classes":[]},{"id":318459,"url":"https:\/\/casadecampoliving.com\/es\/carnaval-in-casa-join-our-carnaval-parade\/","url_meta":{"origin":318482,"position":1},"title":"&#8216;CARNAVAL IN CASA&#8217; &#8211; join our Carnaval Parade!","author":"Rebecca Silvestri","date":"24 Feb, 2010","format":false,"excerpt":"This Saturday the 27th of February Casa de Campo Living and the Marina Casa de Campo are having a CARNAVAL and YOU are cordially invited to join the fun! The event \u2018CARNAVAL IN CASA\u2019 will be held from 7pm through to 11pm on the Marina\u2019s calle Barlovento, which will be\u2026","rel":"","context":"En \u00abBars and Nightlife\u00bb","block_context":{"text":"Bars and Nightlife","link":"https:\/\/casadecampoliving.com\/category\/bars-and-nightlife\/"},"img":{"alt_text":"","src":"https:\/\/i0.wp.com\/casadecampoliving.com\/wp-content\/uploads\/2022\/10\/Carnaval-en-Casa-7-1.jpg?fit=525%2C1200&ssl=1&resize=350%2C200","width":350,"height":200,"srcset":"https:\/\/i0.wp.com\/casadecampoliving.com\/wp-content\/uploads\/2022\/10\/Carnaval-en-Casa-7-1.jpg?fit=525%2C1200&ssl=1&resize=350%2C200 1x, https:\/\/i0.wp.com\/casadecampoliving.com\/wp-content\/uploads\/2022\/10\/Carnaval-en-Casa-7-1.jpg?fit=525%2C1200&ssl=1&resize=525%2C300 1.5x"},"classes":[]},{"id":321990,"url":"https:\/\/casadecampoliving.com\/marina-casa-de-campo-announces-a-month-long-celebration-for-carnaval\/","url_meta":{"origin":318482,"position":2},"title":"Marina Casa de Campo announces a month long celebration for Carnaval!","author":"Rebecca Silvestri","date":"22 Ene, 2013","format":false,"excerpt":"Throughout the month of February, the Dominican Republic celebrates CARNAVAL, and this year, the \u201cCarnival de la Marina\u201d now in it\u2019s second year will \u00a0for the first time ever take place with a full month of CARNAVAL themed events and activities \u2013 starting from Saturday the 2nd of February. The\u2026","rel":"","context":"En \u00abArt and Culture\u00bb","block_context":{"text":"Art and Culture","link":"https:\/\/casadecampoliving.com\/category\/art-and-culture\/"},"img":{"alt_text":"carnaval marina","src":"https:\/\/i0.wp.com\/casadecampoliving.com\/wp-content\/uploads\/2022\/10\/Carnaval-de-La-Marina13_final-draft_01-1.jpg?fit=650%2C509&ssl=1&resize=350%2C200","width":350,"height":200,"srcset":"https:\/\/i0.wp.com\/casadecampoliving.com\/wp-content\/uploads\/2022\/10\/Carnaval-de-La-Marina13_final-draft_01-1.jpg?fit=650%2C509&ssl=1&resize=350%2C200 1x, https:\/\/i0.wp.com\/casadecampoliving.com\/wp-content\/uploads\/2022\/10\/Carnaval-de-La-Marina13_final-draft_01-1.jpg?fit=650%2C509&ssl=1&resize=525%2C300 1.5x"},"classes":[]},{"id":322025,"url":"https:\/\/casadecampoliving.com\/zumba-carnaval-in-the-marina-casa-de-campo-marks-the-beginning-of-a-month-of-celebrations\/","url_meta":{"origin":318482,"position":3},"title":"\u00abZumba Carnaval\u00bb in the Marina Casa de Campo marks the beginning of a month of celebrations!","author":"Rebecca Silvestri","date":"5 Feb, 2013","format":false,"excerpt":"On Saturday the 2nd of February, the \u201cZumba Carnaval\u201d in the Marina Casa de Campo kick-started the Marina Casa de Campo\u2019s month-long Carnaval celebration. Celebrated in the Plaza Portofino of the Marina Casa de Campo, the event \u2013 a Carnaval-themed Zumba Master Class \u2013 had Casa de Campo\u2019s energetic ladies\u2026","rel":"","context":"En \u00abEvents and Activities\u00bb","block_context":{"text":"Events and Activities","link":"https:\/\/casadecampoliving.com\/category\/events-and-activities\/"},"img":{"alt_text":"zumba carnaval","src":"https:\/\/i0.wp.com\/casadecampoliving.com\/wp-content\/uploads\/2022\/10\/zumba_carnaval-1.jpg?fit=650%2C400&ssl=1&resize=350%2C200","width":350,"height":200,"srcset":"https:\/\/i0.wp.com\/casadecampoliving.com\/wp-content\/uploads\/2022\/10\/zumba_carnaval-1.jpg?fit=650%2C400&ssl=1&resize=350%2C200 1x, https:\/\/i0.wp.com\/casadecampoliving.com\/wp-content\/uploads\/2022\/10\/zumba_carnaval-1.jpg?fit=650%2C400&ssl=1&resize=525%2C300 1.5x"},"classes":[]},{"id":338412,"url":"https:\/\/casadecampoliving.com\/es\/los-colores-disfraces-y-ritmos-del-carnaval-se-acercan-a-la-marina-casa-de-campo\/","url_meta":{"origin":318482,"position":4},"title":"Los colores, disfraces y ritmos del \u00abCarnaval\u00bb se acercan a La Marina Casa de Campo","author":"Rebecca Silvestri","date":"18 Feb, 2012","format":false,"excerpt":"El pr\u00f3ximo s\u00e1bado 25 de febrero, los colores y los disfraces pintar\u00e1n a La Marina de Casa de Campo de \u201camarillo y colora\u2019o\u201d con motivo de las celebraciones del Carnaval Dominicano con el \u201cCarnaval de La Marina!\u201d!\u00a0 A partir de las 4:30pm, el \u201cCarnaval de la Marina\u201d consistir\u00e1 en una\u2026","rel":"","context":"En \u00abArte y cultura\u00bb","block_context":{"text":"Arte y cultura","link":"https:\/\/casadecampoliving.com\/category\/arte-y-cultura\/"},"img":{"alt_text":"carnaval marina casa de campo","src":"https:\/\/i0.wp.com\/casadecampoliving.com\/wp-content\/uploads\/2022\/10\/carnaval_marina_casa_de_campo-4.jpg?fit=650%2C615&ssl=1&resize=350%2C200","width":350,"height":200,"srcset":"https:\/\/i0.wp.com\/casadecampoliving.com\/wp-content\/uploads\/2022\/10\/carnaval_marina_casa_de_campo-4.jpg?fit=650%2C615&ssl=1&resize=350%2C200 1x, https:\/\/i0.wp.com\/casadecampoliving.com\/wp-content\/uploads\/2022\/10\/carnaval_marina_casa_de_campo-4.jpg?fit=650%2C615&ssl=1&resize=525%2C300 1.5x"},"classes":[]},{"id":323108,"url":"https:\/\/casadecampoliving.com\/carnaval-de-la-marina\/","url_meta":{"origin":318482,"position":5},"title":"Carnaval de La Marina scheduled for February 22nd!","author":"Perkin Agramonte","date":"8 Ene, 2014","format":false,"excerpt":"It\u2019s a tradition in the Dominican Republic to celebrate CARNAVAL throughout the month of February. A times when vibrant colors, drums and music combine in a festive ambiance of joy, tradition and culture. This year, the Marina Casa de Campo will once again be bringing this great tradition to Casa\u2026","rel":"","context":"En \u00abArt and Culture\u00bb","block_context":{"text":"Art and Culture","link":"https:\/\/casadecampoliving.com\/category\/art-and-culture\/"},"img":{"alt_text":"","src":"https:\/\/i0.wp.com\/casadecampoliving.com\/wp-content\/uploads\/2022\/10\/Carnaval_La_Marina_Casa_de_Campo-1.gif?fit=650%2C464&ssl=1&resize=350%2C200","width":350,"height":200,"srcset":"https:\/\/i0.wp.com\/casadecampoliving.com\/wp-content\/uploads\/2022\/10\/Carnaval_La_Marina_Casa_de_Campo-1.gif?fit=650%2C464&ssl=1&resize=350%2C200 1x, https:\/\/i0.wp.com\/casadecampoliving.com\/wp-content\/uploads\/2022\/10\/Carnaval_La_Marina_Casa_de_Campo-1.gif?fit=650%2C464&ssl=1&resize=525%2C300 1.5x"},"classes":[]}],"jetpack_sharing_enabled":true,"_links":{"self":[{"href":"https:\/\/casadecampoliving.com\/es\/wp-json\/wp\/v2\/posts\/318482","targetHints":{"allow":["GET"]}}],"collection":[{"href":"https:\/\/casadecampoliving.com\/es\/wp-json\/wp\/v2\/posts"}],"about":[{"href":"https:\/\/casadecampoliving.com\/es\/wp-json\/wp\/v2\/types\/post"}],"author":[{"embeddable":true,"href":"https:\/\/casadecampoliving.com\/es\/wp-json\/wp\/v2\/users\/31"}],"replies":[{"embeddable":true,"href":"https:\/\/casadecampoliving.com\/es\/wp-json\/wp\/v2\/comments?post=318482"}],"version-history":[{"count":0,"href":"https:\/\/casadecampoliving.com\/es\/wp-json\/wp\/v2\/posts\/318482\/revisions"}],"wp:featuredmedia":[{"embeddable":true,"href":"https:\/\/casadecampoliving.com\/es\/wp-json\/wp\/v2\/media\/225886"}],"wp:attachment":[{"href":"https:\/\/casadecampoliving.com\/es\/wp-json\/wp\/v2\/media?parent=318482"}],"wp:term":[{"taxonomy":"category","embeddable":true,"href":"https:\/\/casadecampoliving.com\/es\/wp-json\/wp\/v2\/categories?post=318482"},{"taxonomy":"post_tag","embeddable":true,"href":"https:\/\/casadecampoliving.com\/es\/wp-json\/wp\/v2\/tags?post=318482"},{"taxonomy":"newspack_spnsrs_tax","embeddable":true,"href":"https:\/\/casadecampoliving.com\/es\/wp-json\/wp\/v2\/newspack_spnsrs_tax?post=318482"}],"curies":[{"name":"wp","href":"https:\/\/api.w.org\/{rel}","templated":true}]}}