{"id":318397,"date":"2010-02-08T00:00:00","date_gmt":"2010-02-08T04:00:00","guid":{"rendered":"https:\/\/casadecampoliving.com\/rumor-alert-eros-ramazzotti-is-coming-to-altos-de-chavon\/"},"modified":"2022-10-21T17:54:21","modified_gmt":"2022-10-21T21:54:21","slug":"rumor-alert-eros-ramazzotti-is-coming-to-altos-de-chavon","status":"publish","type":"post","link":"https:\/\/casadecampoliving.com\/es\/rumor-alert-eros-ramazzotti-is-coming-to-altos-de-chavon\/","title":{"rendered":"RUMOR ALERT: Eros Ramazzotti is coming to Altos de Chavon!?"},"content":{"rendered":"<div class=\"wp-block-image\">\n<figure class=\"alignleft is-resized\"><img loading=\"lazy\" decoding=\"async\" src=\"https:\/\/i0.wp.com\/casadecampoliving.com\/wp-content\/uploads\/2022\/10\/eros-ramazzotti.jpg?resize=240%2C180&amp;ssl=1\" alt=\"eros ramazzotti\" class=\"wp-image-12353\" title=\"eros ramazzotti\" height=\"180\" width=\"240\"\/><\/figure>\n<\/div>\n\n\n<p>Over the weekend, in between drinks with the ladies at the monthly Cafe de La Leche, wild Salsa dancing at Rio Marina and beer guzzling whilst watching the SuperBowl, we caught wind of yet another Casa de Campo Rumor \u2013 Eros Ramazzotti MAY be coming to perform in the Altos de Chavon amphitheater. <\/p>\n\n\n\n<!--more-->\n\n\n\n<p>Eros Ramazzotti, an Italian singer-songer writer is one of Italy\u2019s most popular artists, well-known in most NON-english speaking European countries and very popular in most Spanish and Latino&nbsp;countries&nbsp;around the world. The RUMOR is that he will be coming HERE, to Casa de Campo\u2019s famous Altos de Chavon amphitheatre to perform in MAY.<\/p>\n\n\n\n<p>During his 25-year career Eros has sold over 40 million records,&nbsp;released&nbsp;15 albums and 35 singles. His music is a mix of soft-rock and pop. He has performed many duets with&nbsp;extremely&nbsp;prestigious singers such as Luciano Pavarotti, Cher, Tina Turner and Andrea Bocelli (who performed at Altos de Chavon last year.)<\/p>\n\n\n\n<p>I\u2019m sure if you\u2019re from the latin world you are familiar with and love Ramazzotti\u2019s songs, but if like me you\u2019re English or from any other English-speaking country its possible you may not have even heard of Eros Ramazzotti! In which case you might not care that he\u2019s coming to Altos de Chavon, if this is the case \u2013 I recommend you listen\/watch the above YouTube video, you might just like it, after all the entire Latino community can\u2019t be wrong\u2026..<\/p>\n\n\n\n<p>But REMEMBER this is only a RUMOR \u2013 which we hope will be confirmed next week, as soon as we know, we\u2019ll let you know!<\/p>\n\n\n\n<p><span style=\"text-decoration: underline;\">More information about Eros Ramazzotti:<\/span><\/p>\n\n\n\n<p>Wikipedia \u2013 <a href=\"http:\/\/en.wikipedia.org\/wiki\/Eros_Ramazzotti\" target=\"_blank\" rel=\"noopener\">click here<\/a><\/p>\n\n\n\n<p>Official Website \u2013 <a href=\"http:\/\/www.ramazzotti.com\/\" target=\"_blank\" rel=\"noopener\">click here<\/a><\/p>\n","protected":false},"excerpt":{"rendered":"<p>Over the weekend, in between drinks with the ladies at the monthly Cafe de La Leche, wild Salsa dancing at Rio Marina and beer guzzling whilst watching the SuperBowl, we caught wind of yet another Casa de Campo Rumor \u2013 Eros Ramazzotti MAY be coming to perform in the Altos de Chavon amphitheater.<\/p>\n","protected":false},"author":31,"featured_media":220950,"comment_status":"closed","ping_status":"open","sticky":false,"template":"","format":"standard","meta":{"newspack_ads_suppress_ads":false,"newspack_popups_has_disabled_popups":false,"newspack_sponsor_sponsorship_scope":"","newspack_sponsor_native_byline_display":"inherit","newspack_sponsor_native_category_display":"inherit","newspack_sponsor_underwriter_style":"inherit","newspack_sponsor_underwriter_placement":"inherit","_newspack_byline_active":false,"_newspack_byline":"","newspack_hide_updated_date":false,"newspack_show_updated_date":false,"newspack_content_restriction_is_exempt":false,"newspack_featured_image_position":"","newspack_post_subtitle":"","newspack_article_summary_title":"Overview:","newspack_article_summary":"","_jetpack_memberships_contains_paid_content":false,"footnotes":"","jetpack_publicize_message":"","jetpack_publicize_feature_enabled":true,"jetpack_social_post_already_shared":false,"jetpack_social_options":{"image_generator_settings":{"template":"highway","default_image_id":0,"font":"","enabled":false},"version":2},"_wpas_customize_per_network":false},"categories":[56,80,52,51,44,14630,14624,14626],"tags":[13810,352,13808,962],"newspack_spnsrs_tax":[],"class_list":["post-318397","post","type-post","status-publish","format-standard","has-post-thumbnail","hentry","category-altos-de-chavon","category-celebs","category-concerts","category-events-and-activities","category-featured","category-lifestyle","category-local-news","category-upcoming","tag-altos-de-chavon","tag-altos-de-chavon-amphitheater","tag-concerts","tag-eros-ramazzotti","entry"],"yoast_head":"<!-- This site is optimized with the Yoast SEO plugin v27.5 - https:\/\/yoast.com\/product\/yoast-seo-wordpress\/ -->\n<title>RUMOR ALERT: Eros Ramazzotti is coming to Altos de Chavon!? | Casa de Campo Living<\/title>\n<meta name=\"description\" content=\"Over the weekend, in between drinks with the ladies at the monthly Cafe de La Leche, wild Salsa dancing at Rio Marina and beer guzzling whilst watching\" \/>\n<meta name=\"robots\" content=\"index, follow, max-snippet:-1, max-image-preview:large, max-video-preview:-1\" \/>\n<link rel=\"canonical\" href=\"https:\/\/casadecampoliving.com\/es\/rumor-alert-eros-ramazzotti-is-coming-to-altos-de-chavon\/\" \/>\n<meta property=\"og:locale\" content=\"es_ES\" \/>\n<meta property=\"og:type\" content=\"article\" \/>\n<meta property=\"og:title\" content=\"RUMOR ALERT: Eros Ramazzotti is coming to Altos de Chavon!? | Casa de Campo Living\" \/>\n<meta property=\"og:description\" content=\"Over the weekend, in between drinks with the ladies at the monthly Cafe de La Leche, wild Salsa dancing at Rio Marina and beer guzzling whilst watching\" \/>\n<meta property=\"og:url\" content=\"https:\/\/casadecampoliving.com\/es\/rumor-alert-eros-ramazzotti-is-coming-to-altos-de-chavon\/\" \/>\n<meta property=\"og:site_name\" content=\"Casa de Campo Living\" \/>\n<meta property=\"article:publisher\" content=\"https:\/\/www.facebook.com\/casadecampoliving\" \/>\n<meta property=\"article:published_time\" content=\"2010-02-08T04:00:00+00:00\" \/>\n<meta property=\"article:modified_time\" content=\"2022-10-21T21:54:21+00:00\" \/>\n<meta property=\"og:image\" content=\"https:\/\/i0.wp.com\/casadecampoliving.com\/wp-content\/uploads\/2022\/10\/eros-ramazzotti-1.jpg?fit=500%2C375&ssl=1\" \/>\n\t<meta property=\"og:image:width\" content=\"500\" \/>\n\t<meta property=\"og:image:height\" content=\"375\" \/>\n\t<meta property=\"og:image:type\" content=\"image\/jpeg\" \/>\n<meta name=\"author\" content=\"Rebecca Silvestri\" \/>\n<meta name=\"twitter:card\" content=\"summary_large_image\" \/>\n<meta name=\"twitter:creator\" content=\"@cdcliving\" \/>\n<meta name=\"twitter:site\" content=\"@cdcliving\" \/>\n<meta name=\"twitter:label1\" content=\"Escrito por\" \/>\n\t<meta name=\"twitter:data1\" content=\"Rebecca Silvestri\" \/>\n\t<meta name=\"twitter:label2\" content=\"Tiempo de lectura\" \/>\n\t<meta name=\"twitter:data2\" content=\"1 minuto\" \/>\n<script type=\"application\/ld+json\" class=\"yoast-schema-graph\">{\"@context\":\"https:\\\/\\\/schema.org\",\"@graph\":[{\"@type\":\"Article\",\"@id\":\"https:\\\/\\\/casadecampoliving.com\\\/es\\\/rumor-alert-eros-ramazzotti-is-coming-to-altos-de-chavon\\\/#article\",\"isPartOf\":{\"@id\":\"https:\\\/\\\/casadecampoliving.com\\\/es\\\/rumor-alert-eros-ramazzotti-is-coming-to-altos-de-chavon\\\/\"},\"author\":{\"name\":\"Rebecca Silvestri\",\"@id\":\"https:\\\/\\\/casadecampoliving.com\\\/es\\\/#\\\/schema\\\/person\\\/2b2208f3175fa8761e25b272e096d718\"},\"headline\":\"RUMOR ALERT: Eros Ramazzotti is coming to Altos de Chavon!?\",\"datePublished\":\"2010-02-08T04:00:00+00:00\",\"dateModified\":\"2022-10-21T21:54:21+00:00\",\"mainEntityOfPage\":{\"@id\":\"https:\\\/\\\/casadecampoliving.com\\\/es\\\/rumor-alert-eros-ramazzotti-is-coming-to-altos-de-chavon\\\/\"},\"wordCount\":298,\"publisher\":{\"@id\":\"https:\\\/\\\/casadecampoliving.com\\\/es\\\/#organization\"},\"image\":{\"@id\":\"https:\\\/\\\/casadecampoliving.com\\\/es\\\/rumor-alert-eros-ramazzotti-is-coming-to-altos-de-chavon\\\/#primaryimage\"},\"thumbnailUrl\":\"https:\\\/\\\/i0.wp.com\\\/casadecampoliving.com\\\/wp-content\\\/uploads\\\/2022\\\/10\\\/eros-ramazzotti-1.jpg?fit=500%2C375&ssl=1\",\"keywords\":[\"Altos de Chavon\",\"Altos de Chavon Amphitheater\",\"Concerts\",\"eros ramazzotti\"],\"articleSection\":[\"Altos de Chavon\",\"Celebs\",\"Concerts\",\"Events and Activities\",\"Featured\",\"Lifestyle\",\"Local News\",\"Upcoming\"],\"inLanguage\":\"es\"},{\"@type\":\"WebPage\",\"@id\":\"https:\\\/\\\/casadecampoliving.com\\\/es\\\/rumor-alert-eros-ramazzotti-is-coming-to-altos-de-chavon\\\/\",\"url\":\"https:\\\/\\\/casadecampoliving.com\\\/es\\\/rumor-alert-eros-ramazzotti-is-coming-to-altos-de-chavon\\\/\",\"name\":\"RUMOR ALERT: Eros Ramazzotti is coming to Altos de Chavon!? | Casa de Campo Living\",\"isPartOf\":{\"@id\":\"https:\\\/\\\/casadecampoliving.com\\\/es\\\/#website\"},\"primaryImageOfPage\":{\"@id\":\"https:\\\/\\\/casadecampoliving.com\\\/es\\\/rumor-alert-eros-ramazzotti-is-coming-to-altos-de-chavon\\\/#primaryimage\"},\"image\":{\"@id\":\"https:\\\/\\\/casadecampoliving.com\\\/es\\\/rumor-alert-eros-ramazzotti-is-coming-to-altos-de-chavon\\\/#primaryimage\"},\"thumbnailUrl\":\"https:\\\/\\\/i0.wp.com\\\/casadecampoliving.com\\\/wp-content\\\/uploads\\\/2022\\\/10\\\/eros-ramazzotti-1.jpg?fit=500%2C375&ssl=1\",\"datePublished\":\"2010-02-08T04:00:00+00:00\",\"dateModified\":\"2022-10-21T21:54:21+00:00\",\"description\":\"Over the weekend, in between drinks with the ladies at the monthly Cafe de La Leche, wild Salsa dancing at Rio Marina and beer guzzling whilst watching\",\"breadcrumb\":{\"@id\":\"https:\\\/\\\/casadecampoliving.com\\\/es\\\/rumor-alert-eros-ramazzotti-is-coming-to-altos-de-chavon\\\/#breadcrumb\"},\"inLanguage\":\"es\",\"potentialAction\":[{\"@type\":\"ReadAction\",\"target\":[\"https:\\\/\\\/casadecampoliving.com\\\/es\\\/rumor-alert-eros-ramazzotti-is-coming-to-altos-de-chavon\\\/\"]}]},{\"@type\":\"ImageObject\",\"inLanguage\":\"es\",\"@id\":\"https:\\\/\\\/casadecampoliving.com\\\/es\\\/rumor-alert-eros-ramazzotti-is-coming-to-altos-de-chavon\\\/#primaryimage\",\"url\":\"https:\\\/\\\/i0.wp.com\\\/casadecampoliving.com\\\/wp-content\\\/uploads\\\/2022\\\/10\\\/eros-ramazzotti-1.jpg?fit=500%2C375&ssl=1\",\"contentUrl\":\"https:\\\/\\\/i0.wp.com\\\/casadecampoliving.com\\\/wp-content\\\/uploads\\\/2022\\\/10\\\/eros-ramazzotti-1.jpg?fit=500%2C375&ssl=1\",\"width\":500,\"height\":375},{\"@type\":\"BreadcrumbList\",\"@id\":\"https:\\\/\\\/casadecampoliving.com\\\/es\\\/rumor-alert-eros-ramazzotti-is-coming-to-altos-de-chavon\\\/#breadcrumb\",\"itemListElement\":[{\"@type\":\"ListItem\",\"position\":1,\"name\":\"Home\",\"item\":\"https:\\\/\\\/casadecampoliving.com\\\/es\\\/\"},{\"@type\":\"ListItem\",\"position\":2,\"name\":\"RUMOR ALERT: Eros Ramazzotti is coming to Altos de Chavon!?\"}]},{\"@type\":\"WebSite\",\"@id\":\"https:\\\/\\\/casadecampoliving.com\\\/es\\\/#website\",\"url\":\"https:\\\/\\\/casadecampoliving.com\\\/es\\\/\",\"name\":\"Casa de Campo Living\",\"description\":\"Resort community news and resources.\",\"publisher\":{\"@id\":\"https:\\\/\\\/casadecampoliving.com\\\/es\\\/#organization\"},\"potentialAction\":[{\"@type\":\"SearchAction\",\"target\":{\"@type\":\"EntryPoint\",\"urlTemplate\":\"https:\\\/\\\/casadecampoliving.com\\\/es\\\/?s={search_term_string}\"},\"query-input\":{\"@type\":\"PropertyValueSpecification\",\"valueRequired\":true,\"valueName\":\"search_term_string\"}}],\"inLanguage\":\"es\"},{\"@type\":\"Organization\",\"@id\":\"https:\\\/\\\/casadecampoliving.com\\\/es\\\/#organization\",\"name\":\"Casa de Campo Living\",\"url\":\"https:\\\/\\\/casadecampoliving.com\\\/es\\\/\",\"logo\":{\"@type\":\"ImageObject\",\"inLanguage\":\"es\",\"@id\":\"https:\\\/\\\/casadecampoliving.com\\\/es\\\/#\\\/schema\\\/logo\\\/image\\\/\",\"url\":\"https:\\\/\\\/i0.wp.com\\\/casadecampoliving.com\\\/wp-content\\\/uploads\\\/2022\\\/07\\\/CDCLivingLogo_V1-white-sized.png?fit=800%2C214&ssl=1\",\"contentUrl\":\"https:\\\/\\\/i0.wp.com\\\/casadecampoliving.com\\\/wp-content\\\/uploads\\\/2022\\\/07\\\/CDCLivingLogo_V1-white-sized.png?fit=800%2C214&ssl=1\",\"width\":800,\"height\":214,\"caption\":\"Casa de Campo Living\"},\"image\":{\"@id\":\"https:\\\/\\\/casadecampoliving.com\\\/es\\\/#\\\/schema\\\/logo\\\/image\\\/\"},\"sameAs\":[\"https:\\\/\\\/www.facebook.com\\\/casadecampoliving\",\"https:\\\/\\\/x.com\\\/cdcliving\"]},{\"@type\":\"Person\",\"@id\":\"https:\\\/\\\/casadecampoliving.com\\\/es\\\/#\\\/schema\\\/person\\\/2b2208f3175fa8761e25b272e096d718\",\"name\":\"Rebecca Silvestri\",\"image\":{\"@type\":\"ImageObject\",\"inLanguage\":\"es\",\"@id\":\"https:\\\/\\\/secure.gravatar.com\\\/avatar\\\/2d937fd6c1769fb718dbf8dce9e82bf5f89e97bd028f9b3ea10b931dc7df95c6?s=96&d=mm&r=g\",\"url\":\"https:\\\/\\\/secure.gravatar.com\\\/avatar\\\/2d937fd6c1769fb718dbf8dce9e82bf5f89e97bd028f9b3ea10b931dc7df95c6?s=96&d=mm&r=g\",\"contentUrl\":\"https:\\\/\\\/secure.gravatar.com\\\/avatar\\\/2d937fd6c1769fb718dbf8dce9e82bf5f89e97bd028f9b3ea10b931dc7df95c6?s=96&d=mm&r=g\",\"caption\":\"Rebecca Silvestri\"},\"url\":\"https:\\\/\\\/casadecampoliving.com\\\/es\\\/author\\\/madamehuge\\\/\"}]}<\/script>\n<!-- \/ Yoast SEO plugin. -->","yoast_head_json":{"title":"RUMOR ALERT: Eros Ramazzotti is coming to Altos de Chavon!? | Casa de Campo Living","description":"Over the weekend, in between drinks with the ladies at the monthly Cafe de La Leche, wild Salsa dancing at Rio Marina and beer guzzling whilst watching","robots":{"index":"index","follow":"follow","max-snippet":"max-snippet:-1","max-image-preview":"max-image-preview:large","max-video-preview":"max-video-preview:-1"},"canonical":"https:\/\/casadecampoliving.com\/es\/rumor-alert-eros-ramazzotti-is-coming-to-altos-de-chavon\/","og_locale":"es_ES","og_type":"article","og_title":"RUMOR ALERT: Eros Ramazzotti is coming to Altos de Chavon!? | Casa de Campo Living","og_description":"Over the weekend, in between drinks with the ladies at the monthly Cafe de La Leche, wild Salsa dancing at Rio Marina and beer guzzling whilst watching","og_url":"https:\/\/casadecampoliving.com\/es\/rumor-alert-eros-ramazzotti-is-coming-to-altos-de-chavon\/","og_site_name":"Casa de Campo Living","article_publisher":"https:\/\/www.facebook.com\/casadecampoliving","article_published_time":"2010-02-08T04:00:00+00:00","article_modified_time":"2022-10-21T21:54:21+00:00","og_image":[{"width":500,"height":375,"url":"https:\/\/i0.wp.com\/casadecampoliving.com\/wp-content\/uploads\/2022\/10\/eros-ramazzotti-1.jpg?fit=500%2C375&ssl=1","type":"image\/jpeg"}],"author":"Rebecca Silvestri","twitter_card":"summary_large_image","twitter_creator":"@cdcliving","twitter_site":"@cdcliving","twitter_misc":{"Escrito por":"Rebecca Silvestri","Tiempo de lectura":"1 minuto"},"schema":{"@context":"https:\/\/schema.org","@graph":[{"@type":"Article","@id":"https:\/\/casadecampoliving.com\/es\/rumor-alert-eros-ramazzotti-is-coming-to-altos-de-chavon\/#article","isPartOf":{"@id":"https:\/\/casadecampoliving.com\/es\/rumor-alert-eros-ramazzotti-is-coming-to-altos-de-chavon\/"},"author":{"name":"Rebecca Silvestri","@id":"https:\/\/casadecampoliving.com\/es\/#\/schema\/person\/2b2208f3175fa8761e25b272e096d718"},"headline":"RUMOR ALERT: Eros Ramazzotti is coming to Altos de Chavon!?","datePublished":"2010-02-08T04:00:00+00:00","dateModified":"2022-10-21T21:54:21+00:00","mainEntityOfPage":{"@id":"https:\/\/casadecampoliving.com\/es\/rumor-alert-eros-ramazzotti-is-coming-to-altos-de-chavon\/"},"wordCount":298,"publisher":{"@id":"https:\/\/casadecampoliving.com\/es\/#organization"},"image":{"@id":"https:\/\/casadecampoliving.com\/es\/rumor-alert-eros-ramazzotti-is-coming-to-altos-de-chavon\/#primaryimage"},"thumbnailUrl":"https:\/\/i0.wp.com\/casadecampoliving.com\/wp-content\/uploads\/2022\/10\/eros-ramazzotti-1.jpg?fit=500%2C375&ssl=1","keywords":["Altos de Chavon","Altos de Chavon Amphitheater","Concerts","eros ramazzotti"],"articleSection":["Altos de Chavon","Celebs","Concerts","Events and Activities","Featured","Lifestyle","Local News","Upcoming"],"inLanguage":"es"},{"@type":"WebPage","@id":"https:\/\/casadecampoliving.com\/es\/rumor-alert-eros-ramazzotti-is-coming-to-altos-de-chavon\/","url":"https:\/\/casadecampoliving.com\/es\/rumor-alert-eros-ramazzotti-is-coming-to-altos-de-chavon\/","name":"RUMOR ALERT: Eros Ramazzotti is coming to Altos de Chavon!? | Casa de Campo Living","isPartOf":{"@id":"https:\/\/casadecampoliving.com\/es\/#website"},"primaryImageOfPage":{"@id":"https:\/\/casadecampoliving.com\/es\/rumor-alert-eros-ramazzotti-is-coming-to-altos-de-chavon\/#primaryimage"},"image":{"@id":"https:\/\/casadecampoliving.com\/es\/rumor-alert-eros-ramazzotti-is-coming-to-altos-de-chavon\/#primaryimage"},"thumbnailUrl":"https:\/\/i0.wp.com\/casadecampoliving.com\/wp-content\/uploads\/2022\/10\/eros-ramazzotti-1.jpg?fit=500%2C375&ssl=1","datePublished":"2010-02-08T04:00:00+00:00","dateModified":"2022-10-21T21:54:21+00:00","description":"Over the weekend, in between drinks with the ladies at the monthly Cafe de La Leche, wild Salsa dancing at Rio Marina and beer guzzling whilst watching","breadcrumb":{"@id":"https:\/\/casadecampoliving.com\/es\/rumor-alert-eros-ramazzotti-is-coming-to-altos-de-chavon\/#breadcrumb"},"inLanguage":"es","potentialAction":[{"@type":"ReadAction","target":["https:\/\/casadecampoliving.com\/es\/rumor-alert-eros-ramazzotti-is-coming-to-altos-de-chavon\/"]}]},{"@type":"ImageObject","inLanguage":"es","@id":"https:\/\/casadecampoliving.com\/es\/rumor-alert-eros-ramazzotti-is-coming-to-altos-de-chavon\/#primaryimage","url":"https:\/\/i0.wp.com\/casadecampoliving.com\/wp-content\/uploads\/2022\/10\/eros-ramazzotti-1.jpg?fit=500%2C375&ssl=1","contentUrl":"https:\/\/i0.wp.com\/casadecampoliving.com\/wp-content\/uploads\/2022\/10\/eros-ramazzotti-1.jpg?fit=500%2C375&ssl=1","width":500,"height":375},{"@type":"BreadcrumbList","@id":"https:\/\/casadecampoliving.com\/es\/rumor-alert-eros-ramazzotti-is-coming-to-altos-de-chavon\/#breadcrumb","itemListElement":[{"@type":"ListItem","position":1,"name":"Home","item":"https:\/\/casadecampoliving.com\/es\/"},{"@type":"ListItem","position":2,"name":"RUMOR ALERT: Eros Ramazzotti is coming to Altos de Chavon!?"}]},{"@type":"WebSite","@id":"https:\/\/casadecampoliving.com\/es\/#website","url":"https:\/\/casadecampoliving.com\/es\/","name":"Casa de Campo Living","description":"Resort community news and resources.","publisher":{"@id":"https:\/\/casadecampoliving.com\/es\/#organization"},"potentialAction":[{"@type":"SearchAction","target":{"@type":"EntryPoint","urlTemplate":"https:\/\/casadecampoliving.com\/es\/?s={search_term_string}"},"query-input":{"@type":"PropertyValueSpecification","valueRequired":true,"valueName":"search_term_string"}}],"inLanguage":"es"},{"@type":"Organization","@id":"https:\/\/casadecampoliving.com\/es\/#organization","name":"Casa de Campo Living","url":"https:\/\/casadecampoliving.com\/es\/","logo":{"@type":"ImageObject","inLanguage":"es","@id":"https:\/\/casadecampoliving.com\/es\/#\/schema\/logo\/image\/","url":"https:\/\/i0.wp.com\/casadecampoliving.com\/wp-content\/uploads\/2022\/07\/CDCLivingLogo_V1-white-sized.png?fit=800%2C214&ssl=1","contentUrl":"https:\/\/i0.wp.com\/casadecampoliving.com\/wp-content\/uploads\/2022\/07\/CDCLivingLogo_V1-white-sized.png?fit=800%2C214&ssl=1","width":800,"height":214,"caption":"Casa de Campo Living"},"image":{"@id":"https:\/\/casadecampoliving.com\/es\/#\/schema\/logo\/image\/"},"sameAs":["https:\/\/www.facebook.com\/casadecampoliving","https:\/\/x.com\/cdcliving"]},{"@type":"Person","@id":"https:\/\/casadecampoliving.com\/es\/#\/schema\/person\/2b2208f3175fa8761e25b272e096d718","name":"Rebecca Silvestri","image":{"@type":"ImageObject","inLanguage":"es","@id":"https:\/\/secure.gravatar.com\/avatar\/2d937fd6c1769fb718dbf8dce9e82bf5f89e97bd028f9b3ea10b931dc7df95c6?s=96&d=mm&r=g","url":"https:\/\/secure.gravatar.com\/avatar\/2d937fd6c1769fb718dbf8dce9e82bf5f89e97bd028f9b3ea10b931dc7df95c6?s=96&d=mm&r=g","contentUrl":"https:\/\/secure.gravatar.com\/avatar\/2d937fd6c1769fb718dbf8dce9e82bf5f89e97bd028f9b3ea10b931dc7df95c6?s=96&d=mm&r=g","caption":"Rebecca Silvestri"},"url":"https:\/\/casadecampoliving.com\/es\/author\/madamehuge\/"}]}},"parsely":{"version":"1.1.0","canonical_url":"https:\/\/casadecampoliving.com\/es\/rumor-alert-eros-ramazzotti-is-coming-to-altos-de-chavon\/","smart_links":{"inbound":0,"outbound":0},"traffic_boost_suggestions_count":0,"meta":{"@context":"https:\/\/schema.org","@type":"NewsArticle","headline":"RUMOR ALERT: Eros Ramazzotti is coming to Altos de Chavon!?","url":"http:\/\/casadecampoliving.com\/es\/rumor-alert-eros-ramazzotti-is-coming-to-altos-de-chavon\/","mainEntityOfPage":{"@type":"WebPage","@id":"http:\/\/casadecampoliving.com\/es\/rumor-alert-eros-ramazzotti-is-coming-to-altos-de-chavon\/"},"thumbnailUrl":"https:\/\/i0.wp.com\/casadecampoliving.com\/wp-content\/uploads\/2022\/10\/eros-ramazzotti-1.jpg?resize=150%2C150&ssl=1","image":{"@type":"ImageObject","url":"https:\/\/i0.wp.com\/casadecampoliving.com\/wp-content\/uploads\/2022\/10\/eros-ramazzotti-1.jpg?fit=500%2C375&ssl=1"},"articleSection":"Altos de Chavon","author":[{"@type":"Person","name":"Rebecca Silvestri"}],"creator":["Rebecca Silvestri"],"publisher":{"@type":"Organization","name":"Casa de Campo Living","logo":"https:\/\/casadecampoliving.com\/wp-content\/uploads\/2022\/07\/CDCLivingLogo_V1-white-sized.png"},"keywords":["altos de chavon -es","altos de chavon amphitheater","concerts","eros ramazzotti"],"dateCreated":"2010-02-08T04:00:00Z","datePublished":"2010-02-08T04:00:00Z","dateModified":"2022-10-21T21:54:21Z"},"rendered":"<script type=\"application\/ld+json\" class=\"wp-parsely-metadata\">{\"@context\":\"https:\\\/\\\/schema.org\",\"@type\":\"NewsArticle\",\"headline\":\"RUMOR ALERT: Eros Ramazzotti is coming to Altos de Chavon!?\",\"url\":\"http:\\\/\\\/casadecampoliving.com\\\/es\\\/rumor-alert-eros-ramazzotti-is-coming-to-altos-de-chavon\\\/\",\"mainEntityOfPage\":{\"@type\":\"WebPage\",\"@id\":\"http:\\\/\\\/casadecampoliving.com\\\/es\\\/rumor-alert-eros-ramazzotti-is-coming-to-altos-de-chavon\\\/\"},\"thumbnailUrl\":\"https:\\\/\\\/i0.wp.com\\\/casadecampoliving.com\\\/wp-content\\\/uploads\\\/2022\\\/10\\\/eros-ramazzotti-1.jpg?resize=150%2C150&ssl=1\",\"image\":{\"@type\":\"ImageObject\",\"url\":\"https:\\\/\\\/i0.wp.com\\\/casadecampoliving.com\\\/wp-content\\\/uploads\\\/2022\\\/10\\\/eros-ramazzotti-1.jpg?fit=500%2C375&ssl=1\"},\"articleSection\":\"Altos de Chavon\",\"author\":[{\"@type\":\"Person\",\"name\":\"Rebecca Silvestri\"}],\"creator\":[\"Rebecca Silvestri\"],\"publisher\":{\"@type\":\"Organization\",\"name\":\"Casa de Campo Living\",\"logo\":\"https:\\\/\\\/casadecampoliving.com\\\/wp-content\\\/uploads\\\/2022\\\/07\\\/CDCLivingLogo_V1-white-sized.png\"},\"keywords\":[\"altos de chavon -es\",\"altos de chavon amphitheater\",\"concerts\",\"eros ramazzotti\"],\"dateCreated\":\"2010-02-08T04:00:00Z\",\"datePublished\":\"2010-02-08T04:00:00Z\",\"dateModified\":\"2022-10-21T21:54:21Z\"}<\/script>","tracker_url":"https:\/\/cdn.parsely.com\/keys\/casadecampoliving.com\/p.js"},"jetpack_publicize_connections":[],"jetpack_featured_media_url":"https:\/\/i0.wp.com\/casadecampoliving.com\/wp-content\/uploads\/2022\/10\/eros-ramazzotti-1.jpg?fit=500%2C375&ssl=1","jetpack-related-posts":[{"id":318480,"url":"https:\/\/casadecampoliving.com\/es\/rumor-confirmed-eros-ramazzotti-is-coming-to-altos-de-chavon\/","url_meta":{"origin":318397,"position":0},"title":"RUMOR CONFIRMED: Eros Ramazzotti IS coming to Altos de Chavon","author":"Rebecca Silvestri","date":"2 Mar, 2010","format":false,"excerpt":"Last month we reported that the famous Italian singer Eros Ramazotti may be coming to Altos de Chavon to perform \u2013 a rumor which we can now confirm is TRUE. The famous Italian heartthrob will be performing in the Altos de Chavon amphitheater on May the 22nd. The performance is\u2026","rel":"","context":"En \u00abAltos de Chavon\u00bb","block_context":{"text":"Altos de Chavon","link":"https:\/\/casadecampoliving.com\/category\/altos-de-chavon\/"},"img":{"alt_text":"","src":"https:\/\/i0.wp.com\/casadecampoliving.com\/wp-content\/uploads\/2022\/10\/eros.jpg?fit=903%2C1127&ssl=1&resize=350%2C200","width":350,"height":200,"srcset":"https:\/\/i0.wp.com\/casadecampoliving.com\/wp-content\/uploads\/2022\/10\/eros.jpg?fit=903%2C1127&ssl=1&resize=350%2C200 1x, https:\/\/i0.wp.com\/casadecampoliving.com\/wp-content\/uploads\/2022\/10\/eros.jpg?fit=903%2C1127&ssl=1&resize=525%2C300 1.5x, https:\/\/i0.wp.com\/casadecampoliving.com\/wp-content\/uploads\/2022\/10\/eros.jpg?fit=903%2C1127&ssl=1&resize=700%2C400 2x"},"classes":[]},{"id":318735,"url":"https:\/\/casadecampoliving.com\/es\/eros-ramazotti-concert-special-ticket-prices-for-italians\/","url_meta":{"origin":318397,"position":1},"title":"Eros Ramazotti concert: Special Ticket prices for Italians!","author":"Rebecca Silvestri","date":"23 Abr, 2010","format":false,"excerpt":"Next month on the 22nd of May, Eros Ramazzotti, the Italian\u00a0heartthrob\u00a0and \u2018pop\u2019 singer will be here in Casa de Campo to perform in concert at the Altos de Chavon amphitheatre. (Resumen abajo en Espa\u00f1ol.) Tickets are on sale at SoloTickets (809-565-0300) and at the Casa de Campo concierge, the ticket\u2026","rel":"","context":"En \u00abAltos de Chavon\u00bb","block_context":{"text":"Altos de Chavon","link":"https:\/\/casadecampoliving.com\/category\/altos-de-chavon\/"},"img":{"alt_text":"","src":"https:\/\/i0.wp.com\/casadecampoliving.com\/wp-content\/uploads\/2022\/10\/eros-ramazzotti-casa-de-campo-living-1.jpg?fit=620%2C400&ssl=1&resize=350%2C200","width":350,"height":200,"srcset":"https:\/\/i0.wp.com\/casadecampoliving.com\/wp-content\/uploads\/2022\/10\/eros-ramazzotti-casa-de-campo-living-1.jpg?fit=620%2C400&ssl=1&resize=350%2C200 1x, https:\/\/i0.wp.com\/casadecampoliving.com\/wp-content\/uploads\/2022\/10\/eros-ramazzotti-casa-de-campo-living-1.jpg?fit=620%2C400&ssl=1&resize=525%2C300 1.5x"},"classes":[]},{"id":318703,"url":"https:\/\/casadecampoliving.com\/es\/press-release-eros-ramazzotti-por-primera-vez-en-la-republica-dominicana\/","url_meta":{"origin":318397,"position":2},"title":"Press Release: Eros Ramazzotti &#8211; Por primera vez en la Rep\u00fablica Dominicana","author":"Rebecca Silvestri","date":"21 Abr, 2010","format":false,"excerpt":"Llega por primera vez a nuestro pa\u00eds el artista italiano Eros Ramazzotti a presentarse el pr\u00f3ximo 22 de mayo en Altos de Chav\u00f3n en un espect\u00e1culo producido por EVENPRO. (Summary in English below.) Alas y Ra\u00edces es el nombre del Tour que actualmente desarrolla Ramazzotti y que se ha presentado\u2026","rel":"","context":"En \u00abAltos de Chavon\u00bb","block_context":{"text":"Altos de Chavon","link":"https:\/\/casadecampoliving.com\/category\/altos-de-chavon\/"},"img":{"alt_text":"","src":"https:\/\/i0.wp.com\/casadecampoliving.com\/wp-content\/uploads\/2022\/10\/Eros-Ramazzotti-in-casa-de-campo-casa-de-campo-living-1.jpg?fit=575%2C347&ssl=1&resize=350%2C200","width":350,"height":200,"srcset":"https:\/\/i0.wp.com\/casadecampoliving.com\/wp-content\/uploads\/2022\/10\/Eros-Ramazzotti-in-casa-de-campo-casa-de-campo-living-1.jpg?fit=575%2C347&ssl=1&resize=350%2C200 1x, https:\/\/i0.wp.com\/casadecampoliving.com\/wp-content\/uploads\/2022\/10\/Eros-Ramazzotti-in-casa-de-campo-casa-de-campo-living-1.jpg?fit=575%2C347&ssl=1&resize=525%2C300 1.5x"},"classes":[]},{"id":318873,"url":"https:\/\/casadecampoliving.com\/es\/eros-ramazotti-en-concierto-an-italians-dream-come-true\/","url_meta":{"origin":318397,"position":3},"title":"Eros Ramazotti en concierto: An Italian&#8217;s dream come true!","author":"Rebecca Silvestri","date":"27 May, 2010","format":false,"excerpt":"On Saturday May the 29th, the Altos de Chavon amphitheatre was the venue for the Eros Ramazotti concert. Eros was here performing as part of his \"Alas and Raices\" tour, with which he has already toured Europe and the United States. The concert on Saturday night was Eros' first appearance\u2026","rel":"","context":"En \u00abAltos de Chavon\u00bb","block_context":{"text":"Altos de Chavon","link":"https:\/\/casadecampoliving.com\/category\/altos-de-chavon\/"},"img":{"alt_text":"","src":"https:\/\/i0.wp.com\/casadecampoliving.com\/wp-content\/uploads\/2022\/10\/eros-ramazotti-casa-de-campo-living-1.jpg?fit=575%2C359&ssl=1&resize=350%2C200","width":350,"height":200,"srcset":"https:\/\/i0.wp.com\/casadecampoliving.com\/wp-content\/uploads\/2022\/10\/eros-ramazotti-casa-de-campo-living-1.jpg?fit=575%2C359&ssl=1&resize=350%2C200 1x, https:\/\/i0.wp.com\/casadecampoliving.com\/wp-content\/uploads\/2022\/10\/eros-ramazotti-casa-de-campo-living-1.jpg?fit=575%2C359&ssl=1&resize=525%2C300 1.5x"},"classes":[]},{"id":318852,"url":"https:\/\/casadecampoliving.com\/es\/this-weekend-in-casa-may-20th-to-23rd\/","url_meta":{"origin":318397,"position":4},"title":"This Weekend In Casa: May 20th to 23rd","author":"Priscilla Baez","date":"21 May, 2010","format":false,"excerpt":"Readers, last weekend was perfect! You all got the rest you needed so that you could put all you energy into this one. I promise you\u2019ll have a blast! For something more relaxed, there\u2019s an excellent variety of movies playing. Thursday May 20th Student Night @ Onno\u2019s with DJ OZ\u2026","rel":"","context":"En \u00abAltos de Chavon\u00bb","block_context":{"text":"Altos de Chavon","link":"https:\/\/casadecampoliving.com\/category\/altos-de-chavon\/"},"img":{"alt_text":"","src":"https:\/\/i0.wp.com\/casadecampoliving.com\/wp-content\/uploads\/2022\/10\/miami-dolphins-photo-shoot-marina-casa-de-campo-casa-de-campo-living-1.jpg?fit=575%2C431&ssl=1&resize=350%2C200","width":350,"height":200,"srcset":"https:\/\/i0.wp.com\/casadecampoliving.com\/wp-content\/uploads\/2022\/10\/miami-dolphins-photo-shoot-marina-casa-de-campo-casa-de-campo-living-1.jpg?fit=575%2C431&ssl=1&resize=350%2C200 1x, https:\/\/i0.wp.com\/casadecampoliving.com\/wp-content\/uploads\/2022\/10\/miami-dolphins-photo-shoot-marina-casa-de-campo-casa-de-campo-living-1.jpg?fit=575%2C431&ssl=1&resize=525%2C300 1.5x"},"classes":[]},{"id":318882,"url":"https:\/\/casadecampoliving.com\/es\/this-weekend-in-casa-may-28th-to-30th\/","url_meta":{"origin":318397,"position":5},"title":"This Weekend In Casa- May 28th to 30th","author":"Priscilla Baez","date":"27 May, 2010","format":false,"excerpt":"Last weekend was perfect: the Eros Ramazzotti concert was a blast and Casa de Campo Living had fun with the Miami Dolphin cheerleaders at Palmilla! This weekend it looks likes there\u2019s going to be more rain, so it\u2019s going to be rather relaxing \u2013 I hope you enjoy it! Excellent\u2026","rel":"","context":"En \u00abAltos de Chavon\u00bb","block_context":{"text":"Altos de Chavon","link":"https:\/\/casadecampoliving.com\/category\/altos-de-chavon\/"},"img":{"alt_text":"","src":"https:\/\/i0.wp.com\/casadecampoliving.com\/wp-content\/uploads\/2022\/10\/miami-dolphin-cheerleaders-in-Palmilla-casa-de-campo-living-1.jpg?fit=575%2C431&ssl=1&resize=350%2C200","width":350,"height":200,"srcset":"https:\/\/i0.wp.com\/casadecampoliving.com\/wp-content\/uploads\/2022\/10\/miami-dolphin-cheerleaders-in-Palmilla-casa-de-campo-living-1.jpg?fit=575%2C431&ssl=1&resize=350%2C200 1x, https:\/\/i0.wp.com\/casadecampoliving.com\/wp-content\/uploads\/2022\/10\/miami-dolphin-cheerleaders-in-Palmilla-casa-de-campo-living-1.jpg?fit=575%2C431&ssl=1&resize=525%2C300 1.5x"},"classes":[]}],"jetpack_sharing_enabled":true,"_links":{"self":[{"href":"https:\/\/casadecampoliving.com\/es\/wp-json\/wp\/v2\/posts\/318397","targetHints":{"allow":["GET"]}}],"collection":[{"href":"https:\/\/casadecampoliving.com\/es\/wp-json\/wp\/v2\/posts"}],"about":[{"href":"https:\/\/casadecampoliving.com\/es\/wp-json\/wp\/v2\/types\/post"}],"author":[{"embeddable":true,"href":"https:\/\/casadecampoliving.com\/es\/wp-json\/wp\/v2\/users\/31"}],"replies":[{"embeddable":true,"href":"https:\/\/casadecampoliving.com\/es\/wp-json\/wp\/v2\/comments?post=318397"}],"version-history":[{"count":0,"href":"https:\/\/casadecampoliving.com\/es\/wp-json\/wp\/v2\/posts\/318397\/revisions"}],"wp:featuredmedia":[{"embeddable":true,"href":"https:\/\/casadecampoliving.com\/es\/wp-json\/wp\/v2\/media\/220950"}],"wp:attachment":[{"href":"https:\/\/casadecampoliving.com\/es\/wp-json\/wp\/v2\/media?parent=318397"}],"wp:term":[{"taxonomy":"category","embeddable":true,"href":"https:\/\/casadecampoliving.com\/es\/wp-json\/wp\/v2\/categories?post=318397"},{"taxonomy":"post_tag","embeddable":true,"href":"https:\/\/casadecampoliving.com\/es\/wp-json\/wp\/v2\/tags?post=318397"},{"taxonomy":"newspack_spnsrs_tax","embeddable":true,"href":"https:\/\/casadecampoliving.com\/es\/wp-json\/wp\/v2\/newspack_spnsrs_tax?post=318397"}],"curies":[{"name":"wp","href":"https:\/\/api.w.org\/{rel}","templated":true}]}}