{"id":317669,"date":"2009-11-03T00:00:00","date_gmt":"2009-11-03T04:00:00","guid":{"rendered":"https:\/\/casadecampoliving.com\/cafe-de-la-leche-friday-november-13th\/"},"modified":"2022-10-21T17:51:57","modified_gmt":"2022-10-21T21:51:57","slug":"cafe-de-la-leche-friday-november-13th","status":"publish","type":"post","link":"https:\/\/casadecampoliving.com\/es\/cafe-de-la-leche-friday-november-13th\/","title":{"rendered":"Cafe de La Leche &#8211; Friday November 13th"},"content":{"rendered":"\n<figure class=\"wp-block-image is-resized\"><a href=\"https:\/\/i0.wp.com\/casadecampoliving.com\/wp-content\/uploads\/2022\/10\/cafe2009-noviembre.jpg?ssl=1\"><img loading=\"lazy\" decoding=\"async\" src=\"https:\/\/i0.wp.com\/casadecampoliving.com\/wp-content\/uploads\/2022\/10\/cafe2009-noviembre.jpg?resize=580%2C250&amp;ssl=1\" alt=\"Print\" class=\"wp-image-7795\" title=\"Print\" height=\"250\" width=\"580\"\/><\/a><\/figure>\n\n\n\n<p>This month\u2019s Cafe de La Leche event will be held at Peperoni restaurant in the Marina Casa de Campo and will be hosted by Daniela De Moya and will undoubtedly by a spectacular occasion.<\/p>\n\n\n\n<!--more-->\n\n\n\n<p>In exchange for donations of milk, baby formula and cereals, all of Casa de Campo\u2019s ladies are cordially invited to attend this event. The kind donations made at every months Cafe de la Leche is given to the crib room at the <a href=\"https:\/\/casadecampoliving.com\/2009\/05\/discovering-hogar-del-nino\/\" target=\"_blank\" rel=\"noopener\">Hogar del Ni\u00f1o<\/a> in La Romana, and is used to feed the over 200 babies they care for there. The milk donated at the Cafe de la Leche constitutes over 26% of the milk used in the crib room, so its really important that all us Casa de Campo ladies keep attending!<\/p>\n\n\n\n<p>Seen as this month\u2019s Cafe de la Leche is being hosted at Peperoni, one of the Marina Casa de Campo\u2019s most popular and swanky restaurants we can expect some fantastic food and drink \u2013 my mouth is watering just at the thought!<\/p>\n\n\n\n<p>See you there!<\/p>\n","protected":false},"excerpt":{"rendered":"<p>This month\u2019s Cafe de La Leche event will be held at Peperoni restaurant in the Marina Casa de Campo and will be hosted by Daniela De Moya and will undoubtedly by a spectacular occasion.<\/p>\n","protected":false},"author":31,"featured_media":215321,"comment_status":"closed","ping_status":"open","sticky":false,"template":"","format":"standard","meta":{"newspack_ads_suppress_ads":false,"newspack_popups_has_disabled_popups":false,"newspack_sponsor_sponsorship_scope":"","newspack_sponsor_native_byline_display":"inherit","newspack_sponsor_native_category_display":"inherit","newspack_sponsor_underwriter_style":"inherit","newspack_sponsor_underwriter_placement":"inherit","_newspack_byline_active":false,"_newspack_byline":"","newspack_hide_updated_date":false,"newspack_show_updated_date":false,"newspack_content_restriction_is_exempt":false,"newspack_featured_image_position":"","newspack_post_subtitle":"","newspack_article_summary_title":"Overview:","newspack_article_summary":"","_jetpack_memberships_contains_paid_content":false,"footnotes":"","jetpack_publicize_message":"","jetpack_publicize_feature_enabled":true,"jetpack_social_post_already_shared":false,"jetpack_social_options":{"image_generator_settings":{"template":"highway","default_image_id":0,"font":"","enabled":false},"version":2},"_wpas_customize_per_network":false},"categories":[51,44,14624,47,14626],"tags":[196,673],"newspack_spnsrs_tax":[],"class_list":["post-317669","post","type-post","status-publish","format-standard","has-post-thumbnail","hentry","category-events-and-activities","category-featured","category-local-news","category-marina-casa-de-campo","category-upcoming","tag-cafe-de-la-leche","tag-pepperoni","entry"],"yoast_head":"<!-- This site is optimized with the Yoast SEO plugin v27.4 - https:\/\/yoast.com\/product\/yoast-seo-wordpress\/ -->\n<title>Cafe de La Leche - Friday November 13th | Casa de Campo Living<\/title>\n<meta name=\"description\" content=\"This month\u2019s Cafe de La Leche event will be held at Peperoni restaurant in the Marina Casa de Campo and will be hosted by Daniela De Moya and will\" \/>\n<meta name=\"robots\" content=\"index, follow, max-snippet:-1, max-image-preview:large, max-video-preview:-1\" \/>\n<link rel=\"canonical\" href=\"https:\/\/casadecampoliving.com\/es\/cafe-de-la-leche-friday-november-13th\/\" \/>\n<meta property=\"og:locale\" content=\"es_ES\" \/>\n<meta property=\"og:type\" content=\"article\" \/>\n<meta property=\"og:title\" content=\"Cafe de La Leche - Friday November 13th | Casa de Campo Living\" \/>\n<meta property=\"og:description\" content=\"This month\u2019s Cafe de La Leche event will be held at Peperoni restaurant in the Marina Casa de Campo and will be hosted by Daniela De Moya and will\" \/>\n<meta property=\"og:url\" content=\"https:\/\/casadecampoliving.com\/es\/cafe-de-la-leche-friday-november-13th\/\" \/>\n<meta property=\"og:site_name\" content=\"Casa de Campo Living\" \/>\n<meta property=\"article:publisher\" content=\"https:\/\/www.facebook.com\/casadecampoliving\" \/>\n<meta property=\"article:published_time\" content=\"2009-11-03T04:00:00+00:00\" \/>\n<meta property=\"article:modified_time\" content=\"2022-10-21T21:51:57+00:00\" \/>\n<meta property=\"og:image\" content=\"https:\/\/i0.wp.com\/casadecampoliving.com\/wp-content\/uploads\/2022\/10\/cafe2009-noviembre.jpg?fit=580%2C250&ssl=1\" \/>\n\t<meta property=\"og:image:width\" content=\"580\" \/>\n\t<meta property=\"og:image:height\" content=\"250\" \/>\n\t<meta property=\"og:image:type\" content=\"image\/jpeg\" \/>\n<meta name=\"author\" content=\"Rebecca Silvestri\" \/>\n<meta name=\"twitter:card\" content=\"summary_large_image\" \/>\n<meta name=\"twitter:creator\" content=\"@cdcliving\" \/>\n<meta name=\"twitter:site\" content=\"@cdcliving\" \/>\n<meta name=\"twitter:label1\" content=\"Escrito por\" \/>\n\t<meta name=\"twitter:data1\" content=\"Rebecca Silvestri\" \/>\n\t<meta name=\"twitter:label2\" content=\"Tiempo de lectura\" \/>\n\t<meta name=\"twitter:data2\" content=\"1 minuto\" \/>\n<script type=\"application\/ld+json\" class=\"yoast-schema-graph\">{\"@context\":\"https:\\\/\\\/schema.org\",\"@graph\":[{\"@type\":\"Article\",\"@id\":\"https:\\\/\\\/casadecampoliving.com\\\/es\\\/cafe-de-la-leche-friday-november-13th\\\/#article\",\"isPartOf\":{\"@id\":\"https:\\\/\\\/casadecampoliving.com\\\/es\\\/cafe-de-la-leche-friday-november-13th\\\/\"},\"author\":{\"name\":\"Rebecca Silvestri\",\"@id\":\"https:\\\/\\\/casadecampoliving.com\\\/es\\\/#\\\/schema\\\/person\\\/2b2208f3175fa8761e25b272e096d718\"},\"headline\":\"Cafe de La Leche &#8211; Friday November 13th\",\"datePublished\":\"2009-11-03T04:00:00+00:00\",\"dateModified\":\"2022-10-21T21:51:57+00:00\",\"mainEntityOfPage\":{\"@id\":\"https:\\\/\\\/casadecampoliving.com\\\/es\\\/cafe-de-la-leche-friday-november-13th\\\/\"},\"wordCount\":183,\"publisher\":{\"@id\":\"https:\\\/\\\/casadecampoliving.com\\\/es\\\/#organization\"},\"image\":{\"@id\":\"https:\\\/\\\/casadecampoliving.com\\\/es\\\/cafe-de-la-leche-friday-november-13th\\\/#primaryimage\"},\"thumbnailUrl\":\"https:\\\/\\\/i0.wp.com\\\/casadecampoliving.com\\\/wp-content\\\/uploads\\\/2022\\\/10\\\/cafe2009-noviembre.jpg?fit=580%2C250&ssl=1\",\"keywords\":[\"cafe de la leche\",\"Pepperoni\"],\"articleSection\":[\"Events and Activities\",\"Featured\",\"Local News\",\"Marina Casa de Campo\",\"Upcoming\"],\"inLanguage\":\"es\"},{\"@type\":\"WebPage\",\"@id\":\"https:\\\/\\\/casadecampoliving.com\\\/es\\\/cafe-de-la-leche-friday-november-13th\\\/\",\"url\":\"https:\\\/\\\/casadecampoliving.com\\\/es\\\/cafe-de-la-leche-friday-november-13th\\\/\",\"name\":\"Cafe de La Leche - Friday November 13th | Casa de Campo Living\",\"isPartOf\":{\"@id\":\"https:\\\/\\\/casadecampoliving.com\\\/es\\\/#website\"},\"primaryImageOfPage\":{\"@id\":\"https:\\\/\\\/casadecampoliving.com\\\/es\\\/cafe-de-la-leche-friday-november-13th\\\/#primaryimage\"},\"image\":{\"@id\":\"https:\\\/\\\/casadecampoliving.com\\\/es\\\/cafe-de-la-leche-friday-november-13th\\\/#primaryimage\"},\"thumbnailUrl\":\"https:\\\/\\\/i0.wp.com\\\/casadecampoliving.com\\\/wp-content\\\/uploads\\\/2022\\\/10\\\/cafe2009-noviembre.jpg?fit=580%2C250&ssl=1\",\"datePublished\":\"2009-11-03T04:00:00+00:00\",\"dateModified\":\"2022-10-21T21:51:57+00:00\",\"description\":\"This month\u2019s Cafe de La Leche event will be held at Peperoni restaurant in the Marina Casa de Campo and will be hosted by Daniela De Moya and will\",\"breadcrumb\":{\"@id\":\"https:\\\/\\\/casadecampoliving.com\\\/es\\\/cafe-de-la-leche-friday-november-13th\\\/#breadcrumb\"},\"inLanguage\":\"es\",\"potentialAction\":[{\"@type\":\"ReadAction\",\"target\":[\"https:\\\/\\\/casadecampoliving.com\\\/es\\\/cafe-de-la-leche-friday-november-13th\\\/\"]}]},{\"@type\":\"ImageObject\",\"inLanguage\":\"es\",\"@id\":\"https:\\\/\\\/casadecampoliving.com\\\/es\\\/cafe-de-la-leche-friday-november-13th\\\/#primaryimage\",\"url\":\"https:\\\/\\\/i0.wp.com\\\/casadecampoliving.com\\\/wp-content\\\/uploads\\\/2022\\\/10\\\/cafe2009-noviembre.jpg?fit=580%2C250&ssl=1\",\"contentUrl\":\"https:\\\/\\\/i0.wp.com\\\/casadecampoliving.com\\\/wp-content\\\/uploads\\\/2022\\\/10\\\/cafe2009-noviembre.jpg?fit=580%2C250&ssl=1\",\"width\":580,\"height\":250},{\"@type\":\"BreadcrumbList\",\"@id\":\"https:\\\/\\\/casadecampoliving.com\\\/es\\\/cafe-de-la-leche-friday-november-13th\\\/#breadcrumb\",\"itemListElement\":[{\"@type\":\"ListItem\",\"position\":1,\"name\":\"Home\",\"item\":\"https:\\\/\\\/casadecampoliving.com\\\/es\\\/\"},{\"@type\":\"ListItem\",\"position\":2,\"name\":\"Cafe de La Leche &#8211; Friday November 13th\"}]},{\"@type\":\"WebSite\",\"@id\":\"https:\\\/\\\/casadecampoliving.com\\\/es\\\/#website\",\"url\":\"https:\\\/\\\/casadecampoliving.com\\\/es\\\/\",\"name\":\"Casa de Campo Living\",\"description\":\"Resort community news and resources.\",\"publisher\":{\"@id\":\"https:\\\/\\\/casadecampoliving.com\\\/es\\\/#organization\"},\"potentialAction\":[{\"@type\":\"SearchAction\",\"target\":{\"@type\":\"EntryPoint\",\"urlTemplate\":\"https:\\\/\\\/casadecampoliving.com\\\/es\\\/?s={search_term_string}\"},\"query-input\":{\"@type\":\"PropertyValueSpecification\",\"valueRequired\":true,\"valueName\":\"search_term_string\"}}],\"inLanguage\":\"es\"},{\"@type\":\"Organization\",\"@id\":\"https:\\\/\\\/casadecampoliving.com\\\/es\\\/#organization\",\"name\":\"Casa de Campo Living\",\"url\":\"https:\\\/\\\/casadecampoliving.com\\\/es\\\/\",\"logo\":{\"@type\":\"ImageObject\",\"inLanguage\":\"es\",\"@id\":\"https:\\\/\\\/casadecampoliving.com\\\/es\\\/#\\\/schema\\\/logo\\\/image\\\/\",\"url\":\"https:\\\/\\\/i0.wp.com\\\/casadecampoliving.com\\\/wp-content\\\/uploads\\\/2022\\\/07\\\/CDCLivingLogo_V1-white-sized.png?fit=800%2C214&ssl=1\",\"contentUrl\":\"https:\\\/\\\/i0.wp.com\\\/casadecampoliving.com\\\/wp-content\\\/uploads\\\/2022\\\/07\\\/CDCLivingLogo_V1-white-sized.png?fit=800%2C214&ssl=1\",\"width\":800,\"height\":214,\"caption\":\"Casa de Campo Living\"},\"image\":{\"@id\":\"https:\\\/\\\/casadecampoliving.com\\\/es\\\/#\\\/schema\\\/logo\\\/image\\\/\"},\"sameAs\":[\"https:\\\/\\\/www.facebook.com\\\/casadecampoliving\",\"https:\\\/\\\/x.com\\\/cdcliving\"]},{\"@type\":\"Person\",\"@id\":\"https:\\\/\\\/casadecampoliving.com\\\/es\\\/#\\\/schema\\\/person\\\/2b2208f3175fa8761e25b272e096d718\",\"name\":\"Rebecca Silvestri\",\"image\":{\"@type\":\"ImageObject\",\"inLanguage\":\"es\",\"@id\":\"https:\\\/\\\/secure.gravatar.com\\\/avatar\\\/2d937fd6c1769fb718dbf8dce9e82bf5f89e97bd028f9b3ea10b931dc7df95c6?s=96&d=mm&r=g\",\"url\":\"https:\\\/\\\/secure.gravatar.com\\\/avatar\\\/2d937fd6c1769fb718dbf8dce9e82bf5f89e97bd028f9b3ea10b931dc7df95c6?s=96&d=mm&r=g\",\"contentUrl\":\"https:\\\/\\\/secure.gravatar.com\\\/avatar\\\/2d937fd6c1769fb718dbf8dce9e82bf5f89e97bd028f9b3ea10b931dc7df95c6?s=96&d=mm&r=g\",\"caption\":\"Rebecca Silvestri\"},\"url\":\"https:\\\/\\\/casadecampoliving.com\\\/es\\\/author\\\/madamehuge\\\/\"}]}<\/script>\n<!-- \/ Yoast SEO plugin. -->","yoast_head_json":{"title":"Cafe de La Leche - Friday November 13th | Casa de Campo Living","description":"This month\u2019s Cafe de La Leche event will be held at Peperoni restaurant in the Marina Casa de Campo and will be hosted by Daniela De Moya and will","robots":{"index":"index","follow":"follow","max-snippet":"max-snippet:-1","max-image-preview":"max-image-preview:large","max-video-preview":"max-video-preview:-1"},"canonical":"https:\/\/casadecampoliving.com\/es\/cafe-de-la-leche-friday-november-13th\/","og_locale":"es_ES","og_type":"article","og_title":"Cafe de La Leche - Friday November 13th | Casa de Campo Living","og_description":"This month\u2019s Cafe de La Leche event will be held at Peperoni restaurant in the Marina Casa de Campo and will be hosted by Daniela De Moya and will","og_url":"https:\/\/casadecampoliving.com\/es\/cafe-de-la-leche-friday-november-13th\/","og_site_name":"Casa de Campo Living","article_publisher":"https:\/\/www.facebook.com\/casadecampoliving","article_published_time":"2009-11-03T04:00:00+00:00","article_modified_time":"2022-10-21T21:51:57+00:00","og_image":[{"width":580,"height":250,"url":"https:\/\/i0.wp.com\/casadecampoliving.com\/wp-content\/uploads\/2022\/10\/cafe2009-noviembre.jpg?fit=580%2C250&ssl=1","type":"image\/jpeg"}],"author":"Rebecca Silvestri","twitter_card":"summary_large_image","twitter_creator":"@cdcliving","twitter_site":"@cdcliving","twitter_misc":{"Escrito por":"Rebecca Silvestri","Tiempo de lectura":"1 minuto"},"schema":{"@context":"https:\/\/schema.org","@graph":[{"@type":"Article","@id":"https:\/\/casadecampoliving.com\/es\/cafe-de-la-leche-friday-november-13th\/#article","isPartOf":{"@id":"https:\/\/casadecampoliving.com\/es\/cafe-de-la-leche-friday-november-13th\/"},"author":{"name":"Rebecca Silvestri","@id":"https:\/\/casadecampoliving.com\/es\/#\/schema\/person\/2b2208f3175fa8761e25b272e096d718"},"headline":"Cafe de La Leche &#8211; Friday November 13th","datePublished":"2009-11-03T04:00:00+00:00","dateModified":"2022-10-21T21:51:57+00:00","mainEntityOfPage":{"@id":"https:\/\/casadecampoliving.com\/es\/cafe-de-la-leche-friday-november-13th\/"},"wordCount":183,"publisher":{"@id":"https:\/\/casadecampoliving.com\/es\/#organization"},"image":{"@id":"https:\/\/casadecampoliving.com\/es\/cafe-de-la-leche-friday-november-13th\/#primaryimage"},"thumbnailUrl":"https:\/\/i0.wp.com\/casadecampoliving.com\/wp-content\/uploads\/2022\/10\/cafe2009-noviembre.jpg?fit=580%2C250&ssl=1","keywords":["cafe de la leche","Pepperoni"],"articleSection":["Events and Activities","Featured","Local News","Marina Casa de Campo","Upcoming"],"inLanguage":"es"},{"@type":"WebPage","@id":"https:\/\/casadecampoliving.com\/es\/cafe-de-la-leche-friday-november-13th\/","url":"https:\/\/casadecampoliving.com\/es\/cafe-de-la-leche-friday-november-13th\/","name":"Cafe de La Leche - Friday November 13th | Casa de Campo Living","isPartOf":{"@id":"https:\/\/casadecampoliving.com\/es\/#website"},"primaryImageOfPage":{"@id":"https:\/\/casadecampoliving.com\/es\/cafe-de-la-leche-friday-november-13th\/#primaryimage"},"image":{"@id":"https:\/\/casadecampoliving.com\/es\/cafe-de-la-leche-friday-november-13th\/#primaryimage"},"thumbnailUrl":"https:\/\/i0.wp.com\/casadecampoliving.com\/wp-content\/uploads\/2022\/10\/cafe2009-noviembre.jpg?fit=580%2C250&ssl=1","datePublished":"2009-11-03T04:00:00+00:00","dateModified":"2022-10-21T21:51:57+00:00","description":"This month\u2019s Cafe de La Leche event will be held at Peperoni restaurant in the Marina Casa de Campo and will be hosted by Daniela De Moya and will","breadcrumb":{"@id":"https:\/\/casadecampoliving.com\/es\/cafe-de-la-leche-friday-november-13th\/#breadcrumb"},"inLanguage":"es","potentialAction":[{"@type":"ReadAction","target":["https:\/\/casadecampoliving.com\/es\/cafe-de-la-leche-friday-november-13th\/"]}]},{"@type":"ImageObject","inLanguage":"es","@id":"https:\/\/casadecampoliving.com\/es\/cafe-de-la-leche-friday-november-13th\/#primaryimage","url":"https:\/\/i0.wp.com\/casadecampoliving.com\/wp-content\/uploads\/2022\/10\/cafe2009-noviembre.jpg?fit=580%2C250&ssl=1","contentUrl":"https:\/\/i0.wp.com\/casadecampoliving.com\/wp-content\/uploads\/2022\/10\/cafe2009-noviembre.jpg?fit=580%2C250&ssl=1","width":580,"height":250},{"@type":"BreadcrumbList","@id":"https:\/\/casadecampoliving.com\/es\/cafe-de-la-leche-friday-november-13th\/#breadcrumb","itemListElement":[{"@type":"ListItem","position":1,"name":"Home","item":"https:\/\/casadecampoliving.com\/es\/"},{"@type":"ListItem","position":2,"name":"Cafe de La Leche &#8211; Friday November 13th"}]},{"@type":"WebSite","@id":"https:\/\/casadecampoliving.com\/es\/#website","url":"https:\/\/casadecampoliving.com\/es\/","name":"Casa de Campo Living","description":"Resort community news and resources.","publisher":{"@id":"https:\/\/casadecampoliving.com\/es\/#organization"},"potentialAction":[{"@type":"SearchAction","target":{"@type":"EntryPoint","urlTemplate":"https:\/\/casadecampoliving.com\/es\/?s={search_term_string}"},"query-input":{"@type":"PropertyValueSpecification","valueRequired":true,"valueName":"search_term_string"}}],"inLanguage":"es"},{"@type":"Organization","@id":"https:\/\/casadecampoliving.com\/es\/#organization","name":"Casa de Campo Living","url":"https:\/\/casadecampoliving.com\/es\/","logo":{"@type":"ImageObject","inLanguage":"es","@id":"https:\/\/casadecampoliving.com\/es\/#\/schema\/logo\/image\/","url":"https:\/\/i0.wp.com\/casadecampoliving.com\/wp-content\/uploads\/2022\/07\/CDCLivingLogo_V1-white-sized.png?fit=800%2C214&ssl=1","contentUrl":"https:\/\/i0.wp.com\/casadecampoliving.com\/wp-content\/uploads\/2022\/07\/CDCLivingLogo_V1-white-sized.png?fit=800%2C214&ssl=1","width":800,"height":214,"caption":"Casa de Campo Living"},"image":{"@id":"https:\/\/casadecampoliving.com\/es\/#\/schema\/logo\/image\/"},"sameAs":["https:\/\/www.facebook.com\/casadecampoliving","https:\/\/x.com\/cdcliving"]},{"@type":"Person","@id":"https:\/\/casadecampoliving.com\/es\/#\/schema\/person\/2b2208f3175fa8761e25b272e096d718","name":"Rebecca Silvestri","image":{"@type":"ImageObject","inLanguage":"es","@id":"https:\/\/secure.gravatar.com\/avatar\/2d937fd6c1769fb718dbf8dce9e82bf5f89e97bd028f9b3ea10b931dc7df95c6?s=96&d=mm&r=g","url":"https:\/\/secure.gravatar.com\/avatar\/2d937fd6c1769fb718dbf8dce9e82bf5f89e97bd028f9b3ea10b931dc7df95c6?s=96&d=mm&r=g","contentUrl":"https:\/\/secure.gravatar.com\/avatar\/2d937fd6c1769fb718dbf8dce9e82bf5f89e97bd028f9b3ea10b931dc7df95c6?s=96&d=mm&r=g","caption":"Rebecca Silvestri"},"url":"https:\/\/casadecampoliving.com\/es\/author\/madamehuge\/"}]}},"parsely":{"version":"1.1.0","canonical_url":"https:\/\/casadecampoliving.com\/es\/cafe-de-la-leche-friday-november-13th\/","smart_links":{"inbound":0,"outbound":0},"traffic_boost_suggestions_count":0,"meta":{"@context":"https:\/\/schema.org","@type":"NewsArticle","headline":"Cafe de La Leche &#8211; Friday November 13th","url":"http:\/\/casadecampoliving.com\/es\/cafe-de-la-leche-friday-november-13th\/","mainEntityOfPage":{"@type":"WebPage","@id":"http:\/\/casadecampoliving.com\/es\/cafe-de-la-leche-friday-november-13th\/"},"thumbnailUrl":"https:\/\/i0.wp.com\/casadecampoliving.com\/wp-content\/uploads\/2022\/10\/cafe2009-noviembre.jpg?resize=150%2C150&ssl=1","image":{"@type":"ImageObject","url":"https:\/\/i0.wp.com\/casadecampoliving.com\/wp-content\/uploads\/2022\/10\/cafe2009-noviembre.jpg?fit=580%2C250&ssl=1"},"articleSection":"Events and Activities","author":[{"@type":"Person","name":"Rebecca Silvestri"}],"creator":["Rebecca Silvestri"],"publisher":{"@type":"Organization","name":"Casa de Campo Living","logo":"https:\/\/casadecampoliving.com\/wp-content\/uploads\/2022\/07\/CDCLivingLogo_V1-white-sized.png"},"keywords":["cafe de la leche","pepperoni"],"dateCreated":"2009-11-03T04:00:00Z","datePublished":"2009-11-03T04:00:00Z","dateModified":"2022-10-21T21:51:57Z"},"rendered":"<script type=\"application\/ld+json\" class=\"wp-parsely-metadata\">{\"@context\":\"https:\\\/\\\/schema.org\",\"@type\":\"NewsArticle\",\"headline\":\"Cafe de La Leche &#8211; Friday November 13th\",\"url\":\"http:\\\/\\\/casadecampoliving.com\\\/es\\\/cafe-de-la-leche-friday-november-13th\\\/\",\"mainEntityOfPage\":{\"@type\":\"WebPage\",\"@id\":\"http:\\\/\\\/casadecampoliving.com\\\/es\\\/cafe-de-la-leche-friday-november-13th\\\/\"},\"thumbnailUrl\":\"https:\\\/\\\/i0.wp.com\\\/casadecampoliving.com\\\/wp-content\\\/uploads\\\/2022\\\/10\\\/cafe2009-noviembre.jpg?resize=150%2C150&ssl=1\",\"image\":{\"@type\":\"ImageObject\",\"url\":\"https:\\\/\\\/i0.wp.com\\\/casadecampoliving.com\\\/wp-content\\\/uploads\\\/2022\\\/10\\\/cafe2009-noviembre.jpg?fit=580%2C250&ssl=1\"},\"articleSection\":\"Events and Activities\",\"author\":[{\"@type\":\"Person\",\"name\":\"Rebecca Silvestri\"}],\"creator\":[\"Rebecca Silvestri\"],\"publisher\":{\"@type\":\"Organization\",\"name\":\"Casa de Campo Living\",\"logo\":\"https:\\\/\\\/casadecampoliving.com\\\/wp-content\\\/uploads\\\/2022\\\/07\\\/CDCLivingLogo_V1-white-sized.png\"},\"keywords\":[\"cafe de la leche\",\"pepperoni\"],\"dateCreated\":\"2009-11-03T04:00:00Z\",\"datePublished\":\"2009-11-03T04:00:00Z\",\"dateModified\":\"2022-10-21T21:51:57Z\"}<\/script>","tracker_url":"https:\/\/cdn.parsely.com\/keys\/casadecampoliving.com\/p.js"},"jetpack_publicize_connections":[],"jetpack_featured_media_url":"https:\/\/i0.wp.com\/casadecampoliving.com\/wp-content\/uploads\/2022\/10\/cafe2009-noviembre.jpg?fit=580%2C250&ssl=1","jetpack-related-posts":[{"id":321624,"url":"https:\/\/casadecampoliving.com\/as-host-of-the-next-cafe-de-la-leche-scotiabank-will-present-us25000-donation\/","url_meta":{"origin":317669,"position":0},"title":"As host of the next Caf\u00e9 de la Leche, Scotiabank will present US$25,000 donation!","author":"Rebecca Silvestri","date":"11 Sep, 2012","format":false,"excerpt":"The next edition of the monthly charitable gathering, \u201cCaf\u00e9 de la Leche\u201d is planned to take place next Friday the 21st of September, 2012 with Scotiabank acting as the generous hosts \u2013 during which the bank will be presenting a donation of US$25,000 to the Hogar del Ni\u00f1o organization! This\u2026","rel":"","context":"En \u00abEvents and Activities\u00bb","block_context":{"text":"Events and Activities","link":"https:\/\/casadecampoliving.com\/category\/events-and-activities\/"},"img":{"alt_text":"xiomara and papo menedez","src":"https:\/\/i0.wp.com\/casadecampoliving.com\/wp-content\/uploads\/2022\/10\/xiomara_papo_menendez-1.jpg?fit=650%2C421&ssl=1&resize=350%2C200","width":350,"height":200,"srcset":"https:\/\/i0.wp.com\/casadecampoliving.com\/wp-content\/uploads\/2022\/10\/xiomara_papo_menendez-1.jpg?fit=650%2C421&ssl=1&resize=350%2C200 1x, https:\/\/i0.wp.com\/casadecampoliving.com\/wp-content\/uploads\/2022\/10\/xiomara_papo_menendez-1.jpg?fit=650%2C421&ssl=1&resize=525%2C300 1.5x"},"classes":[]},{"id":320524,"url":"https:\/\/casadecampoliving.com\/es\/cafe-de-la-leche-friday-october-7th-at-the-azimut-cafe-in-the-marina-casa-de-campo\/","url_meta":{"origin":317669,"position":1},"title":"Cafe de la Leche: Friday October 7th at the Azimut Caf\u00e9 in the Marina Casa de Campo!","author":"Rebecca Silvestri","date":"2 Oct, 2011","format":false,"excerpt":"The Cafe de la Leche monthly charitable gathering\u00a0held in aid of the Hogar del Ni\u00f1o in La Romana, will this month take place at the newly opened Azimut Caf\u00e9 in the Marina Casa de Campo! Para leer este art\u00edculo en Espa\u00f1ol, haga click aqu\u00ed! With hostess Yrene Caslini, the monthly\u2026","rel":"","context":"En \u00abEventos\u00bb","block_context":{"text":"Eventos","link":"https:\/\/casadecampoliving.com\/es\/category\/eventos-es\/"},"img":{"alt_text":"azimut cafe marina casa de campo","src":"https:\/\/i0.wp.com\/casadecampoliving.com\/wp-content\/uploads\/2011\/10\/azimut_cafe_marina_casa_de_campo.jpg?resize=350%2C200&ssl=1","width":350,"height":200},"classes":[]},{"id":325166,"url":"https:\/\/casadecampoliving.com\/next-cafe-de-la-leche-il-limoncello\/","url_meta":{"origin":317669,"position":2},"title":"Next Caf\u00e9 de la Leche at Il Limoncello!","author":"Rebecca Silvestri","date":"3 Feb, 2015","format":false,"excerpt":"Great news for all you philanthropic, Caf\u00e9 de la Leche, pizza-loving members of the Casa de Campo community out there\u2026 the next Caf\u00e9 de la Leche is slated to take place at Il Limoncello restaurant in the Marina Casa de Campo! So while we can\u2019t promise they\u2019ll be pizza at\u2026","rel":"","context":"En \u00abCasa de Campo Resort\u00bb","block_context":{"text":"Casa de Campo Resort","link":"https:\/\/casadecampoliving.com\/category\/casa-de-campo-resort\/"},"img":{"alt_text":"pizza limoncello","src":"https:\/\/i0.wp.com\/casadecampoliving.com\/wp-content\/uploads\/2022\/10\/pizza_limoncello-1.jpg?fit=650%2C434&ssl=1&resize=350%2C200","width":350,"height":200,"srcset":"https:\/\/i0.wp.com\/casadecampoliving.com\/wp-content\/uploads\/2022\/10\/pizza_limoncello-1.jpg?fit=650%2C434&ssl=1&resize=350%2C200 1x, https:\/\/i0.wp.com\/casadecampoliving.com\/wp-content\/uploads\/2022\/10\/pizza_limoncello-1.jpg?fit=650%2C434&ssl=1&resize=525%2C300 1.5x"},"classes":[]},{"id":322338,"url":"https:\/\/casadecampoliving.com\/casa-de-campo-yacht-club-to-host-next-cafe-de-la-leche-friday-june-7th\/","url_meta":{"origin":317669,"position":3},"title":"Casa de Campo Yacht Club to host next Caf\u00e9 de la Leche \u2013 Thursday June 6th!","author":"Mairobi Herrera","date":"29 May, 2013","format":false,"excerpt":"June is almost here, which means we have another Caf\u00e9 de la Leche celebration to look forward to \u2013 on this occasion it will be hosted by the Marina Casa de Campo on Thursday June 6th at 5:00pm at the Casa de Campo Yacht Club. And rather unusual for a\u2026","rel":"","context":"En \u00abCasa de Campo Resort\u00bb","block_context":{"text":"Casa de Campo Resort","link":"https:\/\/casadecampoliving.com\/category\/casa-de-campo-resort\/"},"img":{"alt_text":"cafe de la leche","src":"https:\/\/i0.wp.com\/casadecampoliving.com\/wp-content\/uploads\/2022\/10\/Cafe_dela_leche-1.jpg?fit=650%2C280&ssl=1&resize=350%2C200","width":350,"height":200,"srcset":"https:\/\/i0.wp.com\/casadecampoliving.com\/wp-content\/uploads\/2022\/10\/Cafe_dela_leche-1.jpg?fit=650%2C280&ssl=1&resize=350%2C200 1x, https:\/\/i0.wp.com\/casadecampoliving.com\/wp-content\/uploads\/2022\/10\/Cafe_dela_leche-1.jpg?fit=650%2C280&ssl=1&resize=525%2C300 1.5x"},"classes":[]},{"id":325709,"url":"https:\/\/casadecampoliving.com\/cafe-de-la-leche-sails-to-la-casita-marina-casa-de-campo\/","url_meta":{"origin":317669,"position":4},"title":"Caf\u00e9 de la Leche sails to La Casita Marina Casa de Campo","author":"Perkin Agramonte","date":"1 May, 2015","format":false,"excerpt":"Hello there sailors! Great news- the next Caf\u00e9 de la Leche is planned and scheduled and will be taking place next Friday May 8th at La Casita in the Marina Casa de Campo. With Julia Mart\u00ednez as our elegant hostess, and La Casita Marina as the location there can be\u2026","rel":"","context":"En \u00abCasa de Campo Living\u00bb","block_context":{"text":"Casa de Campo Living","link":"https:\/\/casadecampoliving.com\/category\/casa-de-campo-living\/"},"img":{"alt_text":"","src":"https:\/\/i0.wp.com\/casadecampoliving.com\/wp-content\/uploads\/2022\/10\/La_Casita_Marina_Casa_de_Campo-3.jpg?fit=800%2C600&ssl=1&resize=350%2C200","width":350,"height":200,"srcset":"https:\/\/i0.wp.com\/casadecampoliving.com\/wp-content\/uploads\/2022\/10\/La_Casita_Marina_Casa_de_Campo-3.jpg?fit=800%2C600&ssl=1&resize=350%2C200 1x, https:\/\/i0.wp.com\/casadecampoliving.com\/wp-content\/uploads\/2022\/10\/La_Casita_Marina_Casa_de_Campo-3.jpg?fit=800%2C600&ssl=1&resize=525%2C300 1.5x, https:\/\/i0.wp.com\/casadecampoliving.com\/wp-content\/uploads\/2022\/10\/La_Casita_Marina_Casa_de_Campo-3.jpg?fit=800%2C600&ssl=1&resize=700%2C400 2x"},"classes":[]},{"id":325774,"url":"https:\/\/casadecampoliving.com\/next-cafe-de-la-leche-at-the-yacht-club\/","url_meta":{"origin":317669,"position":5},"title":"Next Caf\u00e9 de la Leche at the Yacht Club","author":"Perkin Agramonte","date":"15 May, 2015","format":false,"excerpt":"Number six is almost here! Thursday June 11th, marks the sixth Caf\u00e9 de la Leche of the year! Which means another opportunity for all members of the Casa de Campo community to have a great time, while supporting a good cause. On this occasion it will be hosted at the\u2026","rel":"","context":"En \u00abCasa de Campo Living\u00bb","block_context":{"text":"Casa de Campo Living","link":"https:\/\/casadecampoliving.com\/category\/casa-de-campo-living\/"},"img":{"alt_text":"","src":"https:\/\/i0.wp.com\/casadecampoliving.com\/wp-content\/uploads\/2022\/10\/Casa_de_Campo_Yacht_Club-1.jpg?fit=800%2C534&ssl=1&resize=350%2C200","width":350,"height":200,"srcset":"https:\/\/i0.wp.com\/casadecampoliving.com\/wp-content\/uploads\/2022\/10\/Casa_de_Campo_Yacht_Club-1.jpg?fit=800%2C534&ssl=1&resize=350%2C200 1x, https:\/\/i0.wp.com\/casadecampoliving.com\/wp-content\/uploads\/2022\/10\/Casa_de_Campo_Yacht_Club-1.jpg?fit=800%2C534&ssl=1&resize=525%2C300 1.5x, https:\/\/i0.wp.com\/casadecampoliving.com\/wp-content\/uploads\/2022\/10\/Casa_de_Campo_Yacht_Club-1.jpg?fit=800%2C534&ssl=1&resize=700%2C400 2x"},"classes":[]}],"jetpack_sharing_enabled":true,"_links":{"self":[{"href":"https:\/\/casadecampoliving.com\/es\/wp-json\/wp\/v2\/posts\/317669","targetHints":{"allow":["GET"]}}],"collection":[{"href":"https:\/\/casadecampoliving.com\/es\/wp-json\/wp\/v2\/posts"}],"about":[{"href":"https:\/\/casadecampoliving.com\/es\/wp-json\/wp\/v2\/types\/post"}],"author":[{"embeddable":true,"href":"https:\/\/casadecampoliving.com\/es\/wp-json\/wp\/v2\/users\/31"}],"replies":[{"embeddable":true,"href":"https:\/\/casadecampoliving.com\/es\/wp-json\/wp\/v2\/comments?post=317669"}],"version-history":[{"count":0,"href":"https:\/\/casadecampoliving.com\/es\/wp-json\/wp\/v2\/posts\/317669\/revisions"}],"wp:featuredmedia":[{"embeddable":true,"href":"https:\/\/casadecampoliving.com\/es\/wp-json\/wp\/v2\/media\/215321"}],"wp:attachment":[{"href":"https:\/\/casadecampoliving.com\/es\/wp-json\/wp\/v2\/media?parent=317669"}],"wp:term":[{"taxonomy":"category","embeddable":true,"href":"https:\/\/casadecampoliving.com\/es\/wp-json\/wp\/v2\/categories?post=317669"},{"taxonomy":"post_tag","embeddable":true,"href":"https:\/\/casadecampoliving.com\/es\/wp-json\/wp\/v2\/tags?post=317669"},{"taxonomy":"newspack_spnsrs_tax","embeddable":true,"href":"https:\/\/casadecampoliving.com\/es\/wp-json\/wp\/v2\/newspack_spnsrs_tax?post=317669"}],"curies":[{"name":"wp","href":"https:\/\/api.w.org\/{rel}","templated":true}]}}