{"id":317473,"date":"2009-10-08T00:00:00","date_gmt":"2009-10-08T04:00:00","guid":{"rendered":"https:\/\/casadecampoliving.com\/reminder-cafe-de-la-leche-friday-9th-of-october\/"},"modified":"2022-10-21T17:52:18","modified_gmt":"2022-10-21T21:52:18","slug":"reminder-cafe-de-la-leche-friday-9th-of-october","status":"publish","type":"post","link":"https:\/\/casadecampoliving.com\/es\/reminder-cafe-de-la-leche-friday-9th-of-october\/","title":{"rendered":"Reminder: Cafe de la Leche, Friday 9th of October"},"content":{"rendered":"\n<figure class=\"wp-block-image is-resized\"><a href=\"https:\/\/i0.wp.com\/casadecampoliving.com\/wp-content\/uploads\/2022\/10\/hogar.jpg?ssl=1\"><img loading=\"lazy\" decoding=\"async\" src=\"https:\/\/i0.wp.com\/casadecampoliving.com\/wp-content\/uploads\/2022\/10\/hogar.jpg?resize=580%2C235&amp;ssl=1\" alt=\"hogar\" class=\"wp-image-6574\" title=\"hogar\" height=\"235\" width=\"580\"\/><\/a><\/figure>\n\n\n\n<p><a href=\"https:\/\/casadecampoliving.com\/wp-content\/uploads\/2022\/10\/hogar.jpg\"><\/a>Calling all Casa de Campo ladies! This Friday the 9th of October at 5pm the monthly Cafe de la Leche event is being held. This month\u2019s Cafe de la Leche is being hosted by Yrene Caslini and will be held in her Casa de Campo villa, Vivero #36.<\/p>\n\n\n\n<!--more-->\n\n\n\n<p>As this weekend looks like it may be a quiet one, attending the Cafe de la Leche may be the perfect way for you to spend your Friday evening; relaxing, chatting and best of all being among friends, supporting a deserving cause.<\/p>\n\n\n\n<p>The Cafe de la Leche is an informal and fun gathering of women, held monthly in a Casa de Campo home, with a buffet and drinks, held in aid of the Hogar del Nino. Everyone is welcome to attend \u2013 just bring along a tin of dried milk or some cereals, which will be donated to the Hogar del Nino.<\/p>\n","protected":false},"excerpt":{"rendered":"<p>Calling all Casa de Campo ladies! This Friday the 9th of October at 5pm the monthly Cafe de la Leche event is being held. This month\u2019s Cafe de la Leche is being hosted by Yrene Caslini and will be held in her Casa de Campo villa, Vivero #36.<\/p>\n","protected":false},"author":31,"featured_media":214488,"comment_status":"closed","ping_status":"open","sticky":false,"template":"","format":"standard","meta":{"newspack_ads_suppress_ads":false,"newspack_popups_has_disabled_popups":false,"newspack_sponsor_sponsorship_scope":"","newspack_sponsor_native_byline_display":"inherit","newspack_sponsor_native_category_display":"inherit","newspack_sponsor_underwriter_style":"inherit","newspack_sponsor_underwriter_placement":"inherit","_newspack_byline_active":false,"_newspack_byline":"","newspack_hide_updated_date":false,"newspack_show_updated_date":false,"newspack_content_restriction_is_exempt":false,"newspack_featured_image_position":"","newspack_post_subtitle":"","newspack_article_summary_title":"Overview:","newspack_article_summary":"","_jetpack_memberships_contains_paid_content":false,"footnotes":"","jetpack_publicize_message":"","jetpack_publicize_feature_enabled":true,"jetpack_social_post_already_shared":false,"jetpack_social_options":{"image_generator_settings":{"template":"highway","default_image_id":0,"font":"","enabled":false},"version":2},"_wpas_customize_per_network":false},"categories":[51,14626],"tags":[196],"newspack_spnsrs_tax":[],"class_list":["post-317473","post","type-post","status-publish","format-standard","has-post-thumbnail","hentry","category-events-and-activities","category-upcoming","tag-cafe-de-la-leche","entry"],"yoast_head":"<!-- This site is optimized with the Yoast SEO plugin v27.4 - https:\/\/yoast.com\/product\/yoast-seo-wordpress\/ -->\n<title>Reminder: Cafe de la Leche, Friday 9th of October | Casa de Campo Living<\/title>\n<meta name=\"description\" content=\"Calling all Casa de Campo ladies! This Friday the 9th of October at 5pm the monthly Cafe de la Leche event is being held. This month\u2019s Cafe de la Leche is\" \/>\n<meta name=\"robots\" content=\"index, follow, max-snippet:-1, max-image-preview:large, max-video-preview:-1\" \/>\n<link rel=\"canonical\" href=\"https:\/\/casadecampoliving.com\/es\/reminder-cafe-de-la-leche-friday-9th-of-october\/\" \/>\n<meta property=\"og:locale\" content=\"es_ES\" \/>\n<meta property=\"og:type\" content=\"article\" \/>\n<meta property=\"og:title\" content=\"Reminder: Cafe de la Leche, Friday 9th of October | Casa de Campo Living\" \/>\n<meta property=\"og:description\" content=\"Calling all Casa de Campo ladies! This Friday the 9th of October at 5pm the monthly Cafe de la Leche event is being held. This month\u2019s Cafe de la Leche is\" \/>\n<meta property=\"og:url\" content=\"https:\/\/casadecampoliving.com\/es\/reminder-cafe-de-la-leche-friday-9th-of-october\/\" \/>\n<meta property=\"og:site_name\" content=\"Casa de Campo Living\" \/>\n<meta property=\"article:publisher\" content=\"https:\/\/www.facebook.com\/casadecampoliving\" \/>\n<meta property=\"article:published_time\" content=\"2009-10-08T04:00:00+00:00\" \/>\n<meta property=\"article:modified_time\" content=\"2022-10-21T21:52:18+00:00\" \/>\n<meta property=\"og:image\" content=\"https:\/\/i0.wp.com\/casadecampoliving.com\/wp-content\/uploads\/2022\/10\/hogar.jpg?fit=580%2C235&ssl=1\" \/>\n\t<meta property=\"og:image:width\" content=\"580\" \/>\n\t<meta property=\"og:image:height\" content=\"235\" \/>\n\t<meta property=\"og:image:type\" content=\"image\/jpeg\" \/>\n<meta name=\"author\" content=\"Rebecca Silvestri\" \/>\n<meta name=\"twitter:card\" content=\"summary_large_image\" \/>\n<meta name=\"twitter:creator\" content=\"@cdcliving\" \/>\n<meta name=\"twitter:site\" content=\"@cdcliving\" \/>\n<meta name=\"twitter:label1\" content=\"Escrito por\" \/>\n\t<meta name=\"twitter:data1\" content=\"Rebecca Silvestri\" \/>\n\t<meta name=\"twitter:label2\" content=\"Tiempo de lectura\" \/>\n\t<meta name=\"twitter:data2\" content=\"1 minuto\" \/>\n<script type=\"application\/ld+json\" class=\"yoast-schema-graph\">{\"@context\":\"https:\\\/\\\/schema.org\",\"@graph\":[{\"@type\":\"Article\",\"@id\":\"https:\\\/\\\/casadecampoliving.com\\\/es\\\/reminder-cafe-de-la-leche-friday-9th-of-october\\\/#article\",\"isPartOf\":{\"@id\":\"https:\\\/\\\/casadecampoliving.com\\\/es\\\/reminder-cafe-de-la-leche-friday-9th-of-october\\\/\"},\"author\":{\"name\":\"Rebecca Silvestri\",\"@id\":\"https:\\\/\\\/casadecampoliving.com\\\/es\\\/#\\\/schema\\\/person\\\/2b2208f3175fa8761e25b272e096d718\"},\"headline\":\"Reminder: Cafe de la Leche, Friday 9th of October\",\"datePublished\":\"2009-10-08T04:00:00+00:00\",\"dateModified\":\"2022-10-21T21:52:18+00:00\",\"mainEntityOfPage\":{\"@id\":\"https:\\\/\\\/casadecampoliving.com\\\/es\\\/reminder-cafe-de-la-leche-friday-9th-of-october\\\/\"},\"wordCount\":158,\"publisher\":{\"@id\":\"https:\\\/\\\/casadecampoliving.com\\\/es\\\/#organization\"},\"image\":{\"@id\":\"https:\\\/\\\/casadecampoliving.com\\\/es\\\/reminder-cafe-de-la-leche-friday-9th-of-october\\\/#primaryimage\"},\"thumbnailUrl\":\"https:\\\/\\\/i0.wp.com\\\/casadecampoliving.com\\\/wp-content\\\/uploads\\\/2022\\\/10\\\/hogar.jpg?fit=580%2C235&ssl=1\",\"keywords\":[\"cafe de la leche\"],\"articleSection\":[\"Events and Activities\",\"Upcoming\"],\"inLanguage\":\"es\"},{\"@type\":\"WebPage\",\"@id\":\"https:\\\/\\\/casadecampoliving.com\\\/es\\\/reminder-cafe-de-la-leche-friday-9th-of-october\\\/\",\"url\":\"https:\\\/\\\/casadecampoliving.com\\\/es\\\/reminder-cafe-de-la-leche-friday-9th-of-october\\\/\",\"name\":\"Reminder: Cafe de la Leche, Friday 9th of October | Casa de Campo Living\",\"isPartOf\":{\"@id\":\"https:\\\/\\\/casadecampoliving.com\\\/es\\\/#website\"},\"primaryImageOfPage\":{\"@id\":\"https:\\\/\\\/casadecampoliving.com\\\/es\\\/reminder-cafe-de-la-leche-friday-9th-of-october\\\/#primaryimage\"},\"image\":{\"@id\":\"https:\\\/\\\/casadecampoliving.com\\\/es\\\/reminder-cafe-de-la-leche-friday-9th-of-october\\\/#primaryimage\"},\"thumbnailUrl\":\"https:\\\/\\\/i0.wp.com\\\/casadecampoliving.com\\\/wp-content\\\/uploads\\\/2022\\\/10\\\/hogar.jpg?fit=580%2C235&ssl=1\",\"datePublished\":\"2009-10-08T04:00:00+00:00\",\"dateModified\":\"2022-10-21T21:52:18+00:00\",\"description\":\"Calling all Casa de Campo ladies! This Friday the 9th of October at 5pm the monthly Cafe de la Leche event is being held. This month\u2019s Cafe de la Leche is\",\"breadcrumb\":{\"@id\":\"https:\\\/\\\/casadecampoliving.com\\\/es\\\/reminder-cafe-de-la-leche-friday-9th-of-october\\\/#breadcrumb\"},\"inLanguage\":\"es\",\"potentialAction\":[{\"@type\":\"ReadAction\",\"target\":[\"https:\\\/\\\/casadecampoliving.com\\\/es\\\/reminder-cafe-de-la-leche-friday-9th-of-october\\\/\"]}]},{\"@type\":\"ImageObject\",\"inLanguage\":\"es\",\"@id\":\"https:\\\/\\\/casadecampoliving.com\\\/es\\\/reminder-cafe-de-la-leche-friday-9th-of-october\\\/#primaryimage\",\"url\":\"https:\\\/\\\/i0.wp.com\\\/casadecampoliving.com\\\/wp-content\\\/uploads\\\/2022\\\/10\\\/hogar.jpg?fit=580%2C235&ssl=1\",\"contentUrl\":\"https:\\\/\\\/i0.wp.com\\\/casadecampoliving.com\\\/wp-content\\\/uploads\\\/2022\\\/10\\\/hogar.jpg?fit=580%2C235&ssl=1\",\"width\":580,\"height\":235},{\"@type\":\"BreadcrumbList\",\"@id\":\"https:\\\/\\\/casadecampoliving.com\\\/es\\\/reminder-cafe-de-la-leche-friday-9th-of-october\\\/#breadcrumb\",\"itemListElement\":[{\"@type\":\"ListItem\",\"position\":1,\"name\":\"Home\",\"item\":\"https:\\\/\\\/casadecampoliving.com\\\/es\\\/\"},{\"@type\":\"ListItem\",\"position\":2,\"name\":\"Reminder: Cafe de la Leche, Friday 9th of October\"}]},{\"@type\":\"WebSite\",\"@id\":\"https:\\\/\\\/casadecampoliving.com\\\/es\\\/#website\",\"url\":\"https:\\\/\\\/casadecampoliving.com\\\/es\\\/\",\"name\":\"Casa de Campo Living\",\"description\":\"Resort community news and resources.\",\"publisher\":{\"@id\":\"https:\\\/\\\/casadecampoliving.com\\\/es\\\/#organization\"},\"potentialAction\":[{\"@type\":\"SearchAction\",\"target\":{\"@type\":\"EntryPoint\",\"urlTemplate\":\"https:\\\/\\\/casadecampoliving.com\\\/es\\\/?s={search_term_string}\"},\"query-input\":{\"@type\":\"PropertyValueSpecification\",\"valueRequired\":true,\"valueName\":\"search_term_string\"}}],\"inLanguage\":\"es\"},{\"@type\":\"Organization\",\"@id\":\"https:\\\/\\\/casadecampoliving.com\\\/es\\\/#organization\",\"name\":\"Casa de Campo Living\",\"url\":\"https:\\\/\\\/casadecampoliving.com\\\/es\\\/\",\"logo\":{\"@type\":\"ImageObject\",\"inLanguage\":\"es\",\"@id\":\"https:\\\/\\\/casadecampoliving.com\\\/es\\\/#\\\/schema\\\/logo\\\/image\\\/\",\"url\":\"https:\\\/\\\/i0.wp.com\\\/casadecampoliving.com\\\/wp-content\\\/uploads\\\/2022\\\/07\\\/CDCLivingLogo_V1-white-sized.png?fit=800%2C214&ssl=1\",\"contentUrl\":\"https:\\\/\\\/i0.wp.com\\\/casadecampoliving.com\\\/wp-content\\\/uploads\\\/2022\\\/07\\\/CDCLivingLogo_V1-white-sized.png?fit=800%2C214&ssl=1\",\"width\":800,\"height\":214,\"caption\":\"Casa de Campo Living\"},\"image\":{\"@id\":\"https:\\\/\\\/casadecampoliving.com\\\/es\\\/#\\\/schema\\\/logo\\\/image\\\/\"},\"sameAs\":[\"https:\\\/\\\/www.facebook.com\\\/casadecampoliving\",\"https:\\\/\\\/x.com\\\/cdcliving\"]},{\"@type\":\"Person\",\"@id\":\"https:\\\/\\\/casadecampoliving.com\\\/es\\\/#\\\/schema\\\/person\\\/2b2208f3175fa8761e25b272e096d718\",\"name\":\"Rebecca Silvestri\",\"image\":{\"@type\":\"ImageObject\",\"inLanguage\":\"es\",\"@id\":\"https:\\\/\\\/secure.gravatar.com\\\/avatar\\\/2d937fd6c1769fb718dbf8dce9e82bf5f89e97bd028f9b3ea10b931dc7df95c6?s=96&d=mm&r=g\",\"url\":\"https:\\\/\\\/secure.gravatar.com\\\/avatar\\\/2d937fd6c1769fb718dbf8dce9e82bf5f89e97bd028f9b3ea10b931dc7df95c6?s=96&d=mm&r=g\",\"contentUrl\":\"https:\\\/\\\/secure.gravatar.com\\\/avatar\\\/2d937fd6c1769fb718dbf8dce9e82bf5f89e97bd028f9b3ea10b931dc7df95c6?s=96&d=mm&r=g\",\"caption\":\"Rebecca Silvestri\"},\"url\":\"https:\\\/\\\/casadecampoliving.com\\\/es\\\/author\\\/madamehuge\\\/\"}]}<\/script>\n<!-- \/ Yoast SEO plugin. -->","yoast_head_json":{"title":"Reminder: Cafe de la Leche, Friday 9th of October | Casa de Campo Living","description":"Calling all Casa de Campo ladies! This Friday the 9th of October at 5pm the monthly Cafe de la Leche event is being held. This month\u2019s Cafe de la Leche is","robots":{"index":"index","follow":"follow","max-snippet":"max-snippet:-1","max-image-preview":"max-image-preview:large","max-video-preview":"max-video-preview:-1"},"canonical":"https:\/\/casadecampoliving.com\/es\/reminder-cafe-de-la-leche-friday-9th-of-october\/","og_locale":"es_ES","og_type":"article","og_title":"Reminder: Cafe de la Leche, Friday 9th of October | Casa de Campo Living","og_description":"Calling all Casa de Campo ladies! This Friday the 9th of October at 5pm the monthly Cafe de la Leche event is being held. This month\u2019s Cafe de la Leche is","og_url":"https:\/\/casadecampoliving.com\/es\/reminder-cafe-de-la-leche-friday-9th-of-october\/","og_site_name":"Casa de Campo Living","article_publisher":"https:\/\/www.facebook.com\/casadecampoliving","article_published_time":"2009-10-08T04:00:00+00:00","article_modified_time":"2022-10-21T21:52:18+00:00","og_image":[{"width":580,"height":235,"url":"https:\/\/i0.wp.com\/casadecampoliving.com\/wp-content\/uploads\/2022\/10\/hogar.jpg?fit=580%2C235&ssl=1","type":"image\/jpeg"}],"author":"Rebecca Silvestri","twitter_card":"summary_large_image","twitter_creator":"@cdcliving","twitter_site":"@cdcliving","twitter_misc":{"Escrito por":"Rebecca Silvestri","Tiempo de lectura":"1 minuto"},"schema":{"@context":"https:\/\/schema.org","@graph":[{"@type":"Article","@id":"https:\/\/casadecampoliving.com\/es\/reminder-cafe-de-la-leche-friday-9th-of-october\/#article","isPartOf":{"@id":"https:\/\/casadecampoliving.com\/es\/reminder-cafe-de-la-leche-friday-9th-of-october\/"},"author":{"name":"Rebecca Silvestri","@id":"https:\/\/casadecampoliving.com\/es\/#\/schema\/person\/2b2208f3175fa8761e25b272e096d718"},"headline":"Reminder: Cafe de la Leche, Friday 9th of October","datePublished":"2009-10-08T04:00:00+00:00","dateModified":"2022-10-21T21:52:18+00:00","mainEntityOfPage":{"@id":"https:\/\/casadecampoliving.com\/es\/reminder-cafe-de-la-leche-friday-9th-of-october\/"},"wordCount":158,"publisher":{"@id":"https:\/\/casadecampoliving.com\/es\/#organization"},"image":{"@id":"https:\/\/casadecampoliving.com\/es\/reminder-cafe-de-la-leche-friday-9th-of-october\/#primaryimage"},"thumbnailUrl":"https:\/\/i0.wp.com\/casadecampoliving.com\/wp-content\/uploads\/2022\/10\/hogar.jpg?fit=580%2C235&ssl=1","keywords":["cafe de la leche"],"articleSection":["Events and Activities","Upcoming"],"inLanguage":"es"},{"@type":"WebPage","@id":"https:\/\/casadecampoliving.com\/es\/reminder-cafe-de-la-leche-friday-9th-of-october\/","url":"https:\/\/casadecampoliving.com\/es\/reminder-cafe-de-la-leche-friday-9th-of-october\/","name":"Reminder: Cafe de la Leche, Friday 9th of October | Casa de Campo Living","isPartOf":{"@id":"https:\/\/casadecampoliving.com\/es\/#website"},"primaryImageOfPage":{"@id":"https:\/\/casadecampoliving.com\/es\/reminder-cafe-de-la-leche-friday-9th-of-october\/#primaryimage"},"image":{"@id":"https:\/\/casadecampoliving.com\/es\/reminder-cafe-de-la-leche-friday-9th-of-october\/#primaryimage"},"thumbnailUrl":"https:\/\/i0.wp.com\/casadecampoliving.com\/wp-content\/uploads\/2022\/10\/hogar.jpg?fit=580%2C235&ssl=1","datePublished":"2009-10-08T04:00:00+00:00","dateModified":"2022-10-21T21:52:18+00:00","description":"Calling all Casa de Campo ladies! This Friday the 9th of October at 5pm the monthly Cafe de la Leche event is being held. This month\u2019s Cafe de la Leche is","breadcrumb":{"@id":"https:\/\/casadecampoliving.com\/es\/reminder-cafe-de-la-leche-friday-9th-of-october\/#breadcrumb"},"inLanguage":"es","potentialAction":[{"@type":"ReadAction","target":["https:\/\/casadecampoliving.com\/es\/reminder-cafe-de-la-leche-friday-9th-of-october\/"]}]},{"@type":"ImageObject","inLanguage":"es","@id":"https:\/\/casadecampoliving.com\/es\/reminder-cafe-de-la-leche-friday-9th-of-october\/#primaryimage","url":"https:\/\/i0.wp.com\/casadecampoliving.com\/wp-content\/uploads\/2022\/10\/hogar.jpg?fit=580%2C235&ssl=1","contentUrl":"https:\/\/i0.wp.com\/casadecampoliving.com\/wp-content\/uploads\/2022\/10\/hogar.jpg?fit=580%2C235&ssl=1","width":580,"height":235},{"@type":"BreadcrumbList","@id":"https:\/\/casadecampoliving.com\/es\/reminder-cafe-de-la-leche-friday-9th-of-october\/#breadcrumb","itemListElement":[{"@type":"ListItem","position":1,"name":"Home","item":"https:\/\/casadecampoliving.com\/es\/"},{"@type":"ListItem","position":2,"name":"Reminder: Cafe de la Leche, Friday 9th of October"}]},{"@type":"WebSite","@id":"https:\/\/casadecampoliving.com\/es\/#website","url":"https:\/\/casadecampoliving.com\/es\/","name":"Casa de Campo Living","description":"Resort community news and resources.","publisher":{"@id":"https:\/\/casadecampoliving.com\/es\/#organization"},"potentialAction":[{"@type":"SearchAction","target":{"@type":"EntryPoint","urlTemplate":"https:\/\/casadecampoliving.com\/es\/?s={search_term_string}"},"query-input":{"@type":"PropertyValueSpecification","valueRequired":true,"valueName":"search_term_string"}}],"inLanguage":"es"},{"@type":"Organization","@id":"https:\/\/casadecampoliving.com\/es\/#organization","name":"Casa de Campo Living","url":"https:\/\/casadecampoliving.com\/es\/","logo":{"@type":"ImageObject","inLanguage":"es","@id":"https:\/\/casadecampoliving.com\/es\/#\/schema\/logo\/image\/","url":"https:\/\/i0.wp.com\/casadecampoliving.com\/wp-content\/uploads\/2022\/07\/CDCLivingLogo_V1-white-sized.png?fit=800%2C214&ssl=1","contentUrl":"https:\/\/i0.wp.com\/casadecampoliving.com\/wp-content\/uploads\/2022\/07\/CDCLivingLogo_V1-white-sized.png?fit=800%2C214&ssl=1","width":800,"height":214,"caption":"Casa de Campo Living"},"image":{"@id":"https:\/\/casadecampoliving.com\/es\/#\/schema\/logo\/image\/"},"sameAs":["https:\/\/www.facebook.com\/casadecampoliving","https:\/\/x.com\/cdcliving"]},{"@type":"Person","@id":"https:\/\/casadecampoliving.com\/es\/#\/schema\/person\/2b2208f3175fa8761e25b272e096d718","name":"Rebecca Silvestri","image":{"@type":"ImageObject","inLanguage":"es","@id":"https:\/\/secure.gravatar.com\/avatar\/2d937fd6c1769fb718dbf8dce9e82bf5f89e97bd028f9b3ea10b931dc7df95c6?s=96&d=mm&r=g","url":"https:\/\/secure.gravatar.com\/avatar\/2d937fd6c1769fb718dbf8dce9e82bf5f89e97bd028f9b3ea10b931dc7df95c6?s=96&d=mm&r=g","contentUrl":"https:\/\/secure.gravatar.com\/avatar\/2d937fd6c1769fb718dbf8dce9e82bf5f89e97bd028f9b3ea10b931dc7df95c6?s=96&d=mm&r=g","caption":"Rebecca Silvestri"},"url":"https:\/\/casadecampoliving.com\/es\/author\/madamehuge\/"}]}},"parsely":{"version":"1.1.0","canonical_url":"https:\/\/casadecampoliving.com\/es\/reminder-cafe-de-la-leche-friday-9th-of-october\/","smart_links":{"inbound":0,"outbound":0},"traffic_boost_suggestions_count":0,"meta":{"@context":"https:\/\/schema.org","@type":"NewsArticle","headline":"Reminder: Cafe de la Leche, Friday 9th of October","url":"http:\/\/casadecampoliving.com\/es\/reminder-cafe-de-la-leche-friday-9th-of-october\/","mainEntityOfPage":{"@type":"WebPage","@id":"http:\/\/casadecampoliving.com\/es\/reminder-cafe-de-la-leche-friday-9th-of-october\/"},"thumbnailUrl":"https:\/\/i0.wp.com\/casadecampoliving.com\/wp-content\/uploads\/2022\/10\/hogar.jpg?resize=150%2C150&ssl=1","image":{"@type":"ImageObject","url":"https:\/\/i0.wp.com\/casadecampoliving.com\/wp-content\/uploads\/2022\/10\/hogar.jpg?fit=580%2C235&ssl=1"},"articleSection":"Events and Activities","author":[{"@type":"Person","name":"Rebecca Silvestri"}],"creator":["Rebecca Silvestri"],"publisher":{"@type":"Organization","name":"Casa de Campo Living","logo":"https:\/\/casadecampoliving.com\/wp-content\/uploads\/2022\/07\/CDCLivingLogo_V1-white-sized.png"},"keywords":["cafe de la leche"],"dateCreated":"2009-10-08T04:00:00Z","datePublished":"2009-10-08T04:00:00Z","dateModified":"2022-10-21T21:52:18Z"},"rendered":"<script type=\"application\/ld+json\" class=\"wp-parsely-metadata\">{\"@context\":\"https:\\\/\\\/schema.org\",\"@type\":\"NewsArticle\",\"headline\":\"Reminder: Cafe de la Leche, Friday 9th of October\",\"url\":\"http:\\\/\\\/casadecampoliving.com\\\/es\\\/reminder-cafe-de-la-leche-friday-9th-of-october\\\/\",\"mainEntityOfPage\":{\"@type\":\"WebPage\",\"@id\":\"http:\\\/\\\/casadecampoliving.com\\\/es\\\/reminder-cafe-de-la-leche-friday-9th-of-october\\\/\"},\"thumbnailUrl\":\"https:\\\/\\\/i0.wp.com\\\/casadecampoliving.com\\\/wp-content\\\/uploads\\\/2022\\\/10\\\/hogar.jpg?resize=150%2C150&ssl=1\",\"image\":{\"@type\":\"ImageObject\",\"url\":\"https:\\\/\\\/i0.wp.com\\\/casadecampoliving.com\\\/wp-content\\\/uploads\\\/2022\\\/10\\\/hogar.jpg?fit=580%2C235&ssl=1\"},\"articleSection\":\"Events and Activities\",\"author\":[{\"@type\":\"Person\",\"name\":\"Rebecca Silvestri\"}],\"creator\":[\"Rebecca Silvestri\"],\"publisher\":{\"@type\":\"Organization\",\"name\":\"Casa de Campo Living\",\"logo\":\"https:\\\/\\\/casadecampoliving.com\\\/wp-content\\\/uploads\\\/2022\\\/07\\\/CDCLivingLogo_V1-white-sized.png\"},\"keywords\":[\"cafe de la leche\"],\"dateCreated\":\"2009-10-08T04:00:00Z\",\"datePublished\":\"2009-10-08T04:00:00Z\",\"dateModified\":\"2022-10-21T21:52:18Z\"}<\/script>","tracker_url":"https:\/\/cdn.parsely.com\/keys\/casadecampoliving.com\/p.js"},"jetpack_publicize_connections":[],"jetpack_featured_media_url":"https:\/\/i0.wp.com\/casadecampoliving.com\/wp-content\/uploads\/2022\/10\/hogar.jpg?fit=580%2C235&ssl=1","jetpack-related-posts":[{"id":317421,"url":"https:\/\/casadecampoliving.com\/es\/cafe-de-la-leche-friday-9th-october\/","url_meta":{"origin":317473,"position":0},"title":"Cafe de la Leche &#8211; Friday 9th October","author":"Rebecca Silvestri","date":"2 Oct, 2009","format":false,"excerpt":"This month\u2019s Cafe de la Leche is being hosted by Yrene Caslini and will be held in her Casa de Campo villa, Vivero #36. The Cafe de la Leche is a wonderful and heart-warming Casa de Campo event, essentially a charity\/fundraising event, held in benefit of the Hogar del Ni\u00f1o.\u2026","rel":"","context":"En \u00abEvents and Activities\u00bb","block_context":{"text":"Events and Activities","link":"https:\/\/casadecampoliving.com\/category\/events-and-activities\/"},"img":{"alt_text":"","src":"https:\/\/i0.wp.com\/casadecampoliving.com\/wp-content\/uploads\/2022\/10\/hogar-1.jpg?fit=580%2C235&ssl=1&resize=350%2C200","width":350,"height":200,"srcset":"https:\/\/i0.wp.com\/casadecampoliving.com\/wp-content\/uploads\/2022\/10\/hogar-1.jpg?fit=580%2C235&ssl=1&resize=350%2C200 1x, https:\/\/i0.wp.com\/casadecampoliving.com\/wp-content\/uploads\/2022\/10\/hogar-1.jpg?fit=580%2C235&ssl=1&resize=525%2C300 1.5x"},"classes":[]},{"id":320419,"url":"https:\/\/casadecampoliving.com\/es\/cafe-de-la-leche-friday-september-the-9th\/","url_meta":{"origin":317473,"position":1},"title":"Cafe de la Leche: Friday September the 9th","author":"Rebecca Silvestri","date":"5 Sep, 2011","format":false,"excerpt":"The Cafe de la Leche monthly charitable\u00a0gathering will this month take place at the Casa de Campo villa of Anna Cosulich.\u00a0 Para leer este art\u00edculo en Espa\u00f1ol, haga click aqu\u00ed! With hostess Anna Cosulich, the monthly event held to gather milk and cereals for the babies at the Hogar del\u2026","rel":"","context":"En \u00abEventos\u00bb","block_context":{"text":"Eventos","link":"https:\/\/casadecampoliving.com\/es\/category\/eventos-es\/"},"img":{"alt_text":"The Cafe de la Leche in Casa de Campo","src":"https:\/\/i0.wp.com\/casadecampoliving.com\/wp-content\/uploads\/2022\/10\/cafe_de_la_leche_casa_de_campo-6.jpg?resize=350%2C200&ssl=1","width":350,"height":200,"srcset":"https:\/\/i0.wp.com\/casadecampoliving.com\/wp-content\/uploads\/2022\/10\/cafe_de_la_leche_casa_de_campo-6.jpg?resize=350%2C200&ssl=1 1x, https:\/\/i0.wp.com\/casadecampoliving.com\/wp-content\/uploads\/2022\/10\/cafe_de_la_leche_casa_de_campo-6.jpg?resize=525%2C300&ssl=1 1.5x"},"classes":[]},{"id":321777,"url":"https:\/\/casadecampoliving.com\/cafe-de-la-leche-with-yrene-caslini-this-friday-nov-9th\/","url_meta":{"origin":317473,"position":2},"title":"Caf\u00e9 de la Leche with Yrene Caslini &#8211; this Friday Nov. 9th","author":"Rebecca Silvestri","date":"6 Nov, 2012","format":false,"excerpt":"This Friday the 9th of November, Yrene Caslini invites you to the Caf\u00e9 de la Leche event at her Casa de Campo villa, Vivero #36.\u00a0 Having recently enjoyed a string of unconventional Caf\u00e9 de la Leche celebrations; the Dominican Caf\u00e9 de la Leche at the Altos de Chav\u00f3n Regional Museum\u2026","rel":"","context":"En \u00abEvents and Activities\u00bb","block_context":{"text":"Events and Activities","link":"https:\/\/casadecampoliving.com\/category\/events-and-activities\/"},"img":{"alt_text":"cafe de la leche","src":"https:\/\/i0.wp.com\/casadecampoliving.com\/wp-content\/uploads\/2022\/10\/Cafe-de-la-leche-1.jpg?fit=650%2C269&ssl=1&resize=350%2C200","width":350,"height":200,"srcset":"https:\/\/i0.wp.com\/casadecampoliving.com\/wp-content\/uploads\/2022\/10\/Cafe-de-la-leche-1.jpg?fit=650%2C269&ssl=1&resize=350%2C200 1x, https:\/\/i0.wp.com\/casadecampoliving.com\/wp-content\/uploads\/2022\/10\/Cafe-de-la-leche-1.jpg?fit=650%2C269&ssl=1&resize=525%2C300 1.5x"},"classes":[]},{"id":322530,"url":"https:\/\/casadecampoliving.com\/next-cafe-de-la-leche-to-be-hosted-by-yrene-caslini\/","url_meta":{"origin":317473,"position":3},"title":"Next Caf\u00e9 de la Leche to be hosted by Yrene Caslini","author":"Rebecca Silvestri","date":"31 Jul, 2013","format":false,"excerpt":"The Hogar del Ni\u00f1o daycare and education facility in La Romana, who just last week announced that Mr WorldWide \u2013 Pitbull will be hosting a concert in their favor, have just announced their next Caf\u00e9 de la Leche gathering which will take place next Friday the 9th of August and\u2026","rel":"","context":"En \u00abCasa de Campo Living\u00bb","block_context":{"text":"Casa de Campo Living","link":"https:\/\/casadecampoliving.com\/category\/casa-de-campo-living\/"},"img":{"alt_text":"yrene caslini","src":"https:\/\/i0.wp.com\/casadecampoliving.com\/wp-content\/uploads\/2022\/10\/yrene_caslini-1.jpg?fit=650%2C361&ssl=1&resize=350%2C200","width":350,"height":200,"srcset":"https:\/\/i0.wp.com\/casadecampoliving.com\/wp-content\/uploads\/2022\/10\/yrene_caslini-1.jpg?fit=650%2C361&ssl=1&resize=350%2C200 1x, https:\/\/i0.wp.com\/casadecampoliving.com\/wp-content\/uploads\/2022\/10\/yrene_caslini-1.jpg?fit=650%2C361&ssl=1&resize=525%2C300 1.5x"},"classes":[]},{"id":323491,"url":"https:\/\/casadecampoliving.com\/next-cafe-de-la-leche-friday-may-9th\/","url_meta":{"origin":317473,"position":4},"title":"Next Caf\u00e9 de la Leche &#8211; Friday May 9th","author":"Rebecca Silvestri","date":"28 Abr, 2014","format":false,"excerpt":"Well it seems like just yesterday that we were at the lovely golf villa of Isabel Purcell celebrating the April edition of the Caf\u00e9 de la Leche, and now we already have another to look forward to \u2013 on Friday May 9th. The next Caf\u00e9 de la Leche celebration will\u2026","rel":"","context":"En \u00abEvents and Activities\u00bb","block_context":{"text":"Events and Activities","link":"https:\/\/casadecampoliving.com\/category\/events-and-activities\/"},"img":{"alt_text":"Cafe de La Leche","src":"https:\/\/i0.wp.com\/casadecampoliving.com\/wp-content\/uploads\/2022\/10\/cafe-de-la-leche-5.jpg?fit=650%2C500&ssl=1&resize=350%2C200","width":350,"height":200,"srcset":"https:\/\/i0.wp.com\/casadecampoliving.com\/wp-content\/uploads\/2022\/10\/cafe-de-la-leche-5.jpg?fit=650%2C500&ssl=1&resize=350%2C200 1x, https:\/\/i0.wp.com\/casadecampoliving.com\/wp-content\/uploads\/2022\/10\/cafe-de-la-leche-5.jpg?fit=650%2C500&ssl=1&resize=525%2C300 1.5x"},"classes":[]},{"id":320758,"url":"https:\/\/casadecampoliving.com\/christmas-cafe-de-la-leche-2011-friday-the-9th-of-december\/","url_meta":{"origin":317473,"position":5},"title":"Christmas Caf\u00e9 de la Leche 2011: Friday the 9th of December!","author":"Rebecca Silvestri","date":"4 Dic, 2011","format":false,"excerpt":"This month\u2019s special Christmas edition of the Cafe de la Leche is being held on Friday the 9th of December, from 5pm to 7pm at the Casa de Campo Villa of Xiomara Men\u00e9ndez, Bahia Minitas #5. This wonderful monthly event gathers together the female community of Casa de Campo and\u2026","rel":"","context":"En \u00abCelebs\u00bb","block_context":{"text":"Celebs","link":"https:\/\/casadecampoliving.com\/category\/celebs\/"},"img":{"alt_text":"","src":"https:\/\/i0.wp.com\/casadecampoliving.com\/wp-content\/uploads\/2010\/12\/cafe_de_la_leche_christmas1.jpg?resize=350%2C200&ssl=1","width":350,"height":200,"srcset":"https:\/\/i0.wp.com\/casadecampoliving.com\/wp-content\/uploads\/2010\/12\/cafe_de_la_leche_christmas1.jpg?resize=350%2C200&ssl=1 1x, https:\/\/i0.wp.com\/casadecampoliving.com\/wp-content\/uploads\/2010\/12\/cafe_de_la_leche_christmas1.jpg?resize=525%2C300&ssl=1 1.5x"},"classes":[]}],"jetpack_sharing_enabled":true,"_links":{"self":[{"href":"https:\/\/casadecampoliving.com\/es\/wp-json\/wp\/v2\/posts\/317473","targetHints":{"allow":["GET"]}}],"collection":[{"href":"https:\/\/casadecampoliving.com\/es\/wp-json\/wp\/v2\/posts"}],"about":[{"href":"https:\/\/casadecampoliving.com\/es\/wp-json\/wp\/v2\/types\/post"}],"author":[{"embeddable":true,"href":"https:\/\/casadecampoliving.com\/es\/wp-json\/wp\/v2\/users\/31"}],"replies":[{"embeddable":true,"href":"https:\/\/casadecampoliving.com\/es\/wp-json\/wp\/v2\/comments?post=317473"}],"version-history":[{"count":0,"href":"https:\/\/casadecampoliving.com\/es\/wp-json\/wp\/v2\/posts\/317473\/revisions"}],"wp:featuredmedia":[{"embeddable":true,"href":"https:\/\/casadecampoliving.com\/es\/wp-json\/wp\/v2\/media\/214488"}],"wp:attachment":[{"href":"https:\/\/casadecampoliving.com\/es\/wp-json\/wp\/v2\/media?parent=317473"}],"wp:term":[{"taxonomy":"category","embeddable":true,"href":"https:\/\/casadecampoliving.com\/es\/wp-json\/wp\/v2\/categories?post=317473"},{"taxonomy":"post_tag","embeddable":true,"href":"https:\/\/casadecampoliving.com\/es\/wp-json\/wp\/v2\/tags?post=317473"},{"taxonomy":"newspack_spnsrs_tax","embeddable":true,"href":"https:\/\/casadecampoliving.com\/es\/wp-json\/wp\/v2\/newspack_spnsrs_tax?post=317473"}],"curies":[{"name":"wp","href":"https:\/\/api.w.org\/{rel}","templated":true}]}}