{"id":317396,"date":"2009-10-11T00:00:00","date_gmt":"2009-10-11T04:00:00","guid":{"rendered":"https:\/\/casadecampoliving.com\/photo-of-the-week-the-casa-de-campo-marina-at-sunset\/"},"modified":"2022-10-21T17:50:10","modified_gmt":"2022-10-21T21:50:10","slug":"photo-of-the-week-the-casa-de-campo-marina-at-sunset","status":"publish","type":"post","link":"https:\/\/casadecampoliving.com\/es\/photo-of-the-week-the-casa-de-campo-marina-at-sunset\/","title":{"rendered":"Photo of the week &#8211; Casa de Campo Marina at sunset"},"content":{"rendered":"\n<figure class=\"wp-block-image is-resized\"><a href=\"https:\/\/i0.wp.com\/casadecampoliving.com\/wp-content\/uploads\/2022\/10\/photo-of-week1.jpg?ssl=1\"><img loading=\"lazy\" decoding=\"async\" src=\"https:\/\/i0.wp.com\/casadecampoliving.com\/wp-content\/uploads\/2022\/10\/photo-of-week1.jpg?resize=560%2C373&amp;ssl=1\" alt=\"photo of week\" class=\"wp-image-6471\" title=\"photo of week\" height=\"373\" width=\"560\"\/><\/a><\/figure>\n\n\n\n<p>This stunning photo of the Casa de Campo Marina was submitted by Priscilla Jorge, who is a 10th grade pupil at the Abraham Lincoln school.<\/p>\n\n\n\n<!--more-->\n\n\n\n<p>Priscilla took a photography course in New York over the summer and as you can see from this beautiful photograph, it was money well spent!<\/p>\n\n\n\n<p>Priscilla has agreed to work with Casa de Campo Living as our photographer, so you will be seeing much more of her photography talent in the future! Thank you Priscilla and we look forward to seeing your next batch of photos!<\/p>\n\n\n\n<p>Send us your photos! If you take any beautiful, interesting, fascinating or even weird photos then send them to us to publish!<br>\nEmail: info@casadecampoliving.com<\/p>\n","protected":false},"excerpt":{"rendered":"<p>This stunning photo of the Casa de Campo Marina was submitted by Priscilla Jorge, who is a 10th grade pupil at the Abraham Lincoln school.<\/p>\n","protected":false},"author":31,"featured_media":214407,"comment_status":"closed","ping_status":"open","sticky":false,"template":"","format":"standard","meta":{"newspack_ads_suppress_ads":false,"newspack_popups_has_disabled_popups":false,"newspack_sponsor_sponsorship_scope":"","newspack_sponsor_native_byline_display":"inherit","newspack_sponsor_native_category_display":"inherit","newspack_sponsor_underwriter_style":"inherit","newspack_sponsor_underwriter_placement":"inherit","_newspack_byline_active":false,"_newspack_byline":"","newspack_content_restriction_is_exempt":false,"newspack_featured_image_position":"","newspack_post_subtitle":"","newspack_article_summary_title":"Overview:","newspack_article_summary":"","newspack_hide_updated_date":false,"newspack_show_updated_date":false,"_jetpack_memberships_contains_paid_content":false,"footnotes":"","jetpack_publicize_message":"","jetpack_publicize_feature_enabled":true,"jetpack_social_post_already_shared":false,"jetpack_social_options":{"image_generator_settings":{"template":"highway","default_image_id":0,"font":"","enabled":false},"version":2},"_wpas_customize_per_network":false},"categories":[2524,14625,47],"tags":[3573,551],"newspack_spnsrs_tax":[],"class_list":["post-317396","post","type-post","status-publish","format-standard","has-post-thumbnail","hentry","category-destacados","category-noticias-locales","category-marina-casa-de-campo","tag-marina-casa-de-campo-es","tag-photo-of-the-week","entry"],"yoast_head":"<!-- This site is optimized with the Yoast SEO plugin v27.3 - https:\/\/yoast.com\/product\/yoast-seo-wordpress\/ -->\n<title>Photo of the week - Casa de Campo Marina at sunset | Casa de Campo Living<\/title>\n<meta name=\"description\" content=\"This stunning photo of the Casa de Campo Marina was submitted by Priscilla Jorge, who is a 10th grade pupil at the Abraham Lincoln school. Priscilla took\" \/>\n<meta name=\"robots\" content=\"index, follow, max-snippet:-1, max-image-preview:large, max-video-preview:-1\" \/>\n<link rel=\"canonical\" href=\"https:\/\/casadecampoliving.com\/es\/photo-of-the-week-the-casa-de-campo-marina-at-sunset\/\" \/>\n<meta property=\"og:locale\" content=\"es_ES\" \/>\n<meta property=\"og:type\" content=\"article\" \/>\n<meta property=\"og:title\" content=\"Photo of the week - Casa de Campo Marina at sunset | Casa de Campo Living\" \/>\n<meta property=\"og:description\" content=\"This stunning photo of the Casa de Campo Marina was submitted by Priscilla Jorge, who is a 10th grade pupil at the Abraham Lincoln school. Priscilla took\" \/>\n<meta property=\"og:url\" content=\"https:\/\/casadecampoliving.com\/es\/photo-of-the-week-the-casa-de-campo-marina-at-sunset\/\" \/>\n<meta property=\"og:site_name\" content=\"Casa de Campo Living\" \/>\n<meta property=\"article:publisher\" content=\"https:\/\/www.facebook.com\/casadecampoliving\" \/>\n<meta property=\"article:published_time\" content=\"2009-10-11T04:00:00+00:00\" \/>\n<meta property=\"article:modified_time\" content=\"2022-10-21T21:50:10+00:00\" \/>\n<meta property=\"og:image\" content=\"https:\/\/i0.wp.com\/casadecampoliving.com\/wp-content\/uploads\/2022\/10\/photo-of-week1-1.jpg?fit=800%2C533&ssl=1\" \/>\n\t<meta property=\"og:image:width\" content=\"800\" \/>\n\t<meta property=\"og:image:height\" content=\"533\" \/>\n\t<meta property=\"og:image:type\" content=\"image\/jpeg\" \/>\n<meta name=\"author\" content=\"Rebecca Silvestri\" \/>\n<meta name=\"twitter:card\" content=\"summary_large_image\" \/>\n<meta name=\"twitter:creator\" content=\"@cdcliving\" \/>\n<meta name=\"twitter:site\" content=\"@cdcliving\" \/>\n<meta name=\"twitter:label1\" content=\"Escrito por\" \/>\n\t<meta name=\"twitter:data1\" content=\"Rebecca Silvestri\" \/>\n\t<meta name=\"twitter:label2\" content=\"Tiempo de lectura\" \/>\n\t<meta name=\"twitter:data2\" content=\"1 minuto\" \/>\n<script type=\"application\/ld+json\" class=\"yoast-schema-graph\">{\"@context\":\"https:\\\/\\\/schema.org\",\"@graph\":[{\"@type\":\"Article\",\"@id\":\"https:\\\/\\\/casadecampoliving.com\\\/es\\\/photo-of-the-week-the-casa-de-campo-marina-at-sunset\\\/#article\",\"isPartOf\":{\"@id\":\"https:\\\/\\\/casadecampoliving.com\\\/es\\\/photo-of-the-week-the-casa-de-campo-marina-at-sunset\\\/\"},\"author\":{\"name\":\"Rebecca Silvestri\",\"@id\":\"https:\\\/\\\/casadecampoliving.com\\\/es\\\/#\\\/schema\\\/person\\\/2b2208f3175fa8761e25b272e096d718\"},\"headline\":\"Photo of the week &#8211; Casa de Campo Marina at sunset\",\"datePublished\":\"2009-10-11T04:00:00+00:00\",\"dateModified\":\"2022-10-21T21:50:10+00:00\",\"mainEntityOfPage\":{\"@id\":\"https:\\\/\\\/casadecampoliving.com\\\/es\\\/photo-of-the-week-the-casa-de-campo-marina-at-sunset\\\/\"},\"wordCount\":128,\"publisher\":{\"@id\":\"https:\\\/\\\/casadecampoliving.com\\\/es\\\/#organization\"},\"image\":{\"@id\":\"https:\\\/\\\/casadecampoliving.com\\\/es\\\/photo-of-the-week-the-casa-de-campo-marina-at-sunset\\\/#primaryimage\"},\"thumbnailUrl\":\"https:\\\/\\\/i0.wp.com\\\/casadecampoliving.com\\\/wp-content\\\/uploads\\\/2022\\\/10\\\/photo-of-week1-1.jpg?fit=800%2C533&ssl=1\",\"keywords\":[\"Marina Casa de Campo @es\",\"photo of the week\"],\"articleSection\":[\"Destacados\",\"Noticias Locales\",\"Marina Casa de Campo\"],\"inLanguage\":\"es\"},{\"@type\":\"WebPage\",\"@id\":\"https:\\\/\\\/casadecampoliving.com\\\/es\\\/photo-of-the-week-the-casa-de-campo-marina-at-sunset\\\/\",\"url\":\"https:\\\/\\\/casadecampoliving.com\\\/es\\\/photo-of-the-week-the-casa-de-campo-marina-at-sunset\\\/\",\"name\":\"Photo of the week - Casa de Campo Marina at sunset | Casa de Campo Living\",\"isPartOf\":{\"@id\":\"https:\\\/\\\/casadecampoliving.com\\\/es\\\/#website\"},\"primaryImageOfPage\":{\"@id\":\"https:\\\/\\\/casadecampoliving.com\\\/es\\\/photo-of-the-week-the-casa-de-campo-marina-at-sunset\\\/#primaryimage\"},\"image\":{\"@id\":\"https:\\\/\\\/casadecampoliving.com\\\/es\\\/photo-of-the-week-the-casa-de-campo-marina-at-sunset\\\/#primaryimage\"},\"thumbnailUrl\":\"https:\\\/\\\/i0.wp.com\\\/casadecampoliving.com\\\/wp-content\\\/uploads\\\/2022\\\/10\\\/photo-of-week1-1.jpg?fit=800%2C533&ssl=1\",\"datePublished\":\"2009-10-11T04:00:00+00:00\",\"dateModified\":\"2022-10-21T21:50:10+00:00\",\"description\":\"This stunning photo of the Casa de Campo Marina was submitted by Priscilla Jorge, who is a 10th grade pupil at the Abraham Lincoln school. Priscilla took\",\"breadcrumb\":{\"@id\":\"https:\\\/\\\/casadecampoliving.com\\\/es\\\/photo-of-the-week-the-casa-de-campo-marina-at-sunset\\\/#breadcrumb\"},\"inLanguage\":\"es\",\"potentialAction\":[{\"@type\":\"ReadAction\",\"target\":[\"https:\\\/\\\/casadecampoliving.com\\\/es\\\/photo-of-the-week-the-casa-de-campo-marina-at-sunset\\\/\"]}]},{\"@type\":\"ImageObject\",\"inLanguage\":\"es\",\"@id\":\"https:\\\/\\\/casadecampoliving.com\\\/es\\\/photo-of-the-week-the-casa-de-campo-marina-at-sunset\\\/#primaryimage\",\"url\":\"https:\\\/\\\/i0.wp.com\\\/casadecampoliving.com\\\/wp-content\\\/uploads\\\/2022\\\/10\\\/photo-of-week1-1.jpg?fit=800%2C533&ssl=1\",\"contentUrl\":\"https:\\\/\\\/i0.wp.com\\\/casadecampoliving.com\\\/wp-content\\\/uploads\\\/2022\\\/10\\\/photo-of-week1-1.jpg?fit=800%2C533&ssl=1\",\"width\":800,\"height\":533},{\"@type\":\"BreadcrumbList\",\"@id\":\"https:\\\/\\\/casadecampoliving.com\\\/es\\\/photo-of-the-week-the-casa-de-campo-marina-at-sunset\\\/#breadcrumb\",\"itemListElement\":[{\"@type\":\"ListItem\",\"position\":1,\"name\":\"Home\",\"item\":\"https:\\\/\\\/casadecampoliving.com\\\/es\\\/\"},{\"@type\":\"ListItem\",\"position\":2,\"name\":\"Photo of the week &#8211; Casa de Campo Marina at sunset\"}]},{\"@type\":\"WebSite\",\"@id\":\"https:\\\/\\\/casadecampoliving.com\\\/es\\\/#website\",\"url\":\"https:\\\/\\\/casadecampoliving.com\\\/es\\\/\",\"name\":\"Casa de Campo Living\",\"description\":\"Resort community news and resources.\",\"publisher\":{\"@id\":\"https:\\\/\\\/casadecampoliving.com\\\/es\\\/#organization\"},\"potentialAction\":[{\"@type\":\"SearchAction\",\"target\":{\"@type\":\"EntryPoint\",\"urlTemplate\":\"https:\\\/\\\/casadecampoliving.com\\\/es\\\/?s={search_term_string}\"},\"query-input\":{\"@type\":\"PropertyValueSpecification\",\"valueRequired\":true,\"valueName\":\"search_term_string\"}}],\"inLanguage\":\"es\"},{\"@type\":\"Organization\",\"@id\":\"https:\\\/\\\/casadecampoliving.com\\\/es\\\/#organization\",\"name\":\"Casa de Campo Living\",\"url\":\"https:\\\/\\\/casadecampoliving.com\\\/es\\\/\",\"logo\":{\"@type\":\"ImageObject\",\"inLanguage\":\"es\",\"@id\":\"https:\\\/\\\/casadecampoliving.com\\\/es\\\/#\\\/schema\\\/logo\\\/image\\\/\",\"url\":\"https:\\\/\\\/i0.wp.com\\\/casadecampoliving.com\\\/wp-content\\\/uploads\\\/2022\\\/07\\\/CDCLivingLogo_V1-white-sized.png?fit=800%2C214&ssl=1\",\"contentUrl\":\"https:\\\/\\\/i0.wp.com\\\/casadecampoliving.com\\\/wp-content\\\/uploads\\\/2022\\\/07\\\/CDCLivingLogo_V1-white-sized.png?fit=800%2C214&ssl=1\",\"width\":800,\"height\":214,\"caption\":\"Casa de Campo Living\"},\"image\":{\"@id\":\"https:\\\/\\\/casadecampoliving.com\\\/es\\\/#\\\/schema\\\/logo\\\/image\\\/\"},\"sameAs\":[\"https:\\\/\\\/www.facebook.com\\\/casadecampoliving\",\"https:\\\/\\\/x.com\\\/cdcliving\"]},{\"@type\":\"Person\",\"@id\":\"https:\\\/\\\/casadecampoliving.com\\\/es\\\/#\\\/schema\\\/person\\\/2b2208f3175fa8761e25b272e096d718\",\"name\":\"Rebecca Silvestri\",\"image\":{\"@type\":\"ImageObject\",\"inLanguage\":\"es\",\"@id\":\"https:\\\/\\\/secure.gravatar.com\\\/avatar\\\/2d937fd6c1769fb718dbf8dce9e82bf5f89e97bd028f9b3ea10b931dc7df95c6?s=96&d=mm&r=g\",\"url\":\"https:\\\/\\\/secure.gravatar.com\\\/avatar\\\/2d937fd6c1769fb718dbf8dce9e82bf5f89e97bd028f9b3ea10b931dc7df95c6?s=96&d=mm&r=g\",\"contentUrl\":\"https:\\\/\\\/secure.gravatar.com\\\/avatar\\\/2d937fd6c1769fb718dbf8dce9e82bf5f89e97bd028f9b3ea10b931dc7df95c6?s=96&d=mm&r=g\",\"caption\":\"Rebecca Silvestri\"},\"url\":\"https:\\\/\\\/casadecampoliving.com\\\/es\\\/author\\\/madamehuge\\\/\"}]}<\/script>\n<!-- \/ Yoast SEO plugin. -->","yoast_head_json":{"title":"Photo of the week - Casa de Campo Marina at sunset | Casa de Campo Living","description":"This stunning photo of the Casa de Campo Marina was submitted by Priscilla Jorge, who is a 10th grade pupil at the Abraham Lincoln school. Priscilla took","robots":{"index":"index","follow":"follow","max-snippet":"max-snippet:-1","max-image-preview":"max-image-preview:large","max-video-preview":"max-video-preview:-1"},"canonical":"https:\/\/casadecampoliving.com\/es\/photo-of-the-week-the-casa-de-campo-marina-at-sunset\/","og_locale":"es_ES","og_type":"article","og_title":"Photo of the week - Casa de Campo Marina at sunset | Casa de Campo Living","og_description":"This stunning photo of the Casa de Campo Marina was submitted by Priscilla Jorge, who is a 10th grade pupil at the Abraham Lincoln school. Priscilla took","og_url":"https:\/\/casadecampoliving.com\/es\/photo-of-the-week-the-casa-de-campo-marina-at-sunset\/","og_site_name":"Casa de Campo Living","article_publisher":"https:\/\/www.facebook.com\/casadecampoliving","article_published_time":"2009-10-11T04:00:00+00:00","article_modified_time":"2022-10-21T21:50:10+00:00","og_image":[{"width":800,"height":533,"url":"https:\/\/i0.wp.com\/casadecampoliving.com\/wp-content\/uploads\/2022\/10\/photo-of-week1-1.jpg?fit=800%2C533&ssl=1","type":"image\/jpeg"}],"author":"Rebecca Silvestri","twitter_card":"summary_large_image","twitter_creator":"@cdcliving","twitter_site":"@cdcliving","twitter_misc":{"Escrito por":"Rebecca Silvestri","Tiempo de lectura":"1 minuto"},"schema":{"@context":"https:\/\/schema.org","@graph":[{"@type":"Article","@id":"https:\/\/casadecampoliving.com\/es\/photo-of-the-week-the-casa-de-campo-marina-at-sunset\/#article","isPartOf":{"@id":"https:\/\/casadecampoliving.com\/es\/photo-of-the-week-the-casa-de-campo-marina-at-sunset\/"},"author":{"name":"Rebecca Silvestri","@id":"https:\/\/casadecampoliving.com\/es\/#\/schema\/person\/2b2208f3175fa8761e25b272e096d718"},"headline":"Photo of the week &#8211; Casa de Campo Marina at sunset","datePublished":"2009-10-11T04:00:00+00:00","dateModified":"2022-10-21T21:50:10+00:00","mainEntityOfPage":{"@id":"https:\/\/casadecampoliving.com\/es\/photo-of-the-week-the-casa-de-campo-marina-at-sunset\/"},"wordCount":128,"publisher":{"@id":"https:\/\/casadecampoliving.com\/es\/#organization"},"image":{"@id":"https:\/\/casadecampoliving.com\/es\/photo-of-the-week-the-casa-de-campo-marina-at-sunset\/#primaryimage"},"thumbnailUrl":"https:\/\/i0.wp.com\/casadecampoliving.com\/wp-content\/uploads\/2022\/10\/photo-of-week1-1.jpg?fit=800%2C533&ssl=1","keywords":["Marina Casa de Campo @es","photo of the week"],"articleSection":["Destacados","Noticias Locales","Marina Casa de Campo"],"inLanguage":"es"},{"@type":"WebPage","@id":"https:\/\/casadecampoliving.com\/es\/photo-of-the-week-the-casa-de-campo-marina-at-sunset\/","url":"https:\/\/casadecampoliving.com\/es\/photo-of-the-week-the-casa-de-campo-marina-at-sunset\/","name":"Photo of the week - Casa de Campo Marina at sunset | Casa de Campo Living","isPartOf":{"@id":"https:\/\/casadecampoliving.com\/es\/#website"},"primaryImageOfPage":{"@id":"https:\/\/casadecampoliving.com\/es\/photo-of-the-week-the-casa-de-campo-marina-at-sunset\/#primaryimage"},"image":{"@id":"https:\/\/casadecampoliving.com\/es\/photo-of-the-week-the-casa-de-campo-marina-at-sunset\/#primaryimage"},"thumbnailUrl":"https:\/\/i0.wp.com\/casadecampoliving.com\/wp-content\/uploads\/2022\/10\/photo-of-week1-1.jpg?fit=800%2C533&ssl=1","datePublished":"2009-10-11T04:00:00+00:00","dateModified":"2022-10-21T21:50:10+00:00","description":"This stunning photo of the Casa de Campo Marina was submitted by Priscilla Jorge, who is a 10th grade pupil at the Abraham Lincoln school. Priscilla took","breadcrumb":{"@id":"https:\/\/casadecampoliving.com\/es\/photo-of-the-week-the-casa-de-campo-marina-at-sunset\/#breadcrumb"},"inLanguage":"es","potentialAction":[{"@type":"ReadAction","target":["https:\/\/casadecampoliving.com\/es\/photo-of-the-week-the-casa-de-campo-marina-at-sunset\/"]}]},{"@type":"ImageObject","inLanguage":"es","@id":"https:\/\/casadecampoliving.com\/es\/photo-of-the-week-the-casa-de-campo-marina-at-sunset\/#primaryimage","url":"https:\/\/i0.wp.com\/casadecampoliving.com\/wp-content\/uploads\/2022\/10\/photo-of-week1-1.jpg?fit=800%2C533&ssl=1","contentUrl":"https:\/\/i0.wp.com\/casadecampoliving.com\/wp-content\/uploads\/2022\/10\/photo-of-week1-1.jpg?fit=800%2C533&ssl=1","width":800,"height":533},{"@type":"BreadcrumbList","@id":"https:\/\/casadecampoliving.com\/es\/photo-of-the-week-the-casa-de-campo-marina-at-sunset\/#breadcrumb","itemListElement":[{"@type":"ListItem","position":1,"name":"Home","item":"https:\/\/casadecampoliving.com\/es\/"},{"@type":"ListItem","position":2,"name":"Photo of the week &#8211; Casa de Campo Marina at sunset"}]},{"@type":"WebSite","@id":"https:\/\/casadecampoliving.com\/es\/#website","url":"https:\/\/casadecampoliving.com\/es\/","name":"Casa de Campo Living","description":"Resort community news and resources.","publisher":{"@id":"https:\/\/casadecampoliving.com\/es\/#organization"},"potentialAction":[{"@type":"SearchAction","target":{"@type":"EntryPoint","urlTemplate":"https:\/\/casadecampoliving.com\/es\/?s={search_term_string}"},"query-input":{"@type":"PropertyValueSpecification","valueRequired":true,"valueName":"search_term_string"}}],"inLanguage":"es"},{"@type":"Organization","@id":"https:\/\/casadecampoliving.com\/es\/#organization","name":"Casa de Campo Living","url":"https:\/\/casadecampoliving.com\/es\/","logo":{"@type":"ImageObject","inLanguage":"es","@id":"https:\/\/casadecampoliving.com\/es\/#\/schema\/logo\/image\/","url":"https:\/\/i0.wp.com\/casadecampoliving.com\/wp-content\/uploads\/2022\/07\/CDCLivingLogo_V1-white-sized.png?fit=800%2C214&ssl=1","contentUrl":"https:\/\/i0.wp.com\/casadecampoliving.com\/wp-content\/uploads\/2022\/07\/CDCLivingLogo_V1-white-sized.png?fit=800%2C214&ssl=1","width":800,"height":214,"caption":"Casa de Campo Living"},"image":{"@id":"https:\/\/casadecampoliving.com\/es\/#\/schema\/logo\/image\/"},"sameAs":["https:\/\/www.facebook.com\/casadecampoliving","https:\/\/x.com\/cdcliving"]},{"@type":"Person","@id":"https:\/\/casadecampoliving.com\/es\/#\/schema\/person\/2b2208f3175fa8761e25b272e096d718","name":"Rebecca Silvestri","image":{"@type":"ImageObject","inLanguage":"es","@id":"https:\/\/secure.gravatar.com\/avatar\/2d937fd6c1769fb718dbf8dce9e82bf5f89e97bd028f9b3ea10b931dc7df95c6?s=96&d=mm&r=g","url":"https:\/\/secure.gravatar.com\/avatar\/2d937fd6c1769fb718dbf8dce9e82bf5f89e97bd028f9b3ea10b931dc7df95c6?s=96&d=mm&r=g","contentUrl":"https:\/\/secure.gravatar.com\/avatar\/2d937fd6c1769fb718dbf8dce9e82bf5f89e97bd028f9b3ea10b931dc7df95c6?s=96&d=mm&r=g","caption":"Rebecca Silvestri"},"url":"https:\/\/casadecampoliving.com\/es\/author\/madamehuge\/"}]}},"parsely":{"version":"1.1.0","canonical_url":"https:\/\/casadecampoliving.com\/es\/photo-of-the-week-the-casa-de-campo-marina-at-sunset\/","smart_links":{"inbound":0,"outbound":0},"traffic_boost_suggestions_count":0,"meta":{"@context":"https:\/\/schema.org","@type":"NewsArticle","headline":"Photo of the week &#8211; Casa de Campo Marina at sunset","url":"http:\/\/casadecampoliving.com\/es\/photo-of-the-week-the-casa-de-campo-marina-at-sunset\/","mainEntityOfPage":{"@type":"WebPage","@id":"http:\/\/casadecampoliving.com\/es\/photo-of-the-week-the-casa-de-campo-marina-at-sunset\/"},"thumbnailUrl":"https:\/\/i0.wp.com\/casadecampoliving.com\/wp-content\/uploads\/2022\/10\/photo-of-week1-1.jpg?resize=150%2C150&ssl=1","image":{"@type":"ImageObject","url":"https:\/\/i0.wp.com\/casadecampoliving.com\/wp-content\/uploads\/2022\/10\/photo-of-week1-1.jpg?fit=800%2C533&ssl=1"},"articleSection":"Destacados","author":[{"@type":"Person","name":"Rebecca Silvestri"}],"creator":["Rebecca Silvestri"],"publisher":{"@type":"Organization","name":"Casa de Campo Living","logo":"https:\/\/casadecampoliving.com\/wp-content\/uploads\/2022\/07\/CDCLivingLogo_V1-white-sized.png"},"keywords":["marina casa de campo","photo of the week"],"dateCreated":"2009-10-11T04:00:00Z","datePublished":"2009-10-11T04:00:00Z","dateModified":"2022-10-21T21:50:10Z"},"rendered":"<script type=\"application\/ld+json\" class=\"wp-parsely-metadata\">{\"@context\":\"https:\\\/\\\/schema.org\",\"@type\":\"NewsArticle\",\"headline\":\"Photo of the week &#8211; Casa de Campo Marina at sunset\",\"url\":\"http:\\\/\\\/casadecampoliving.com\\\/es\\\/photo-of-the-week-the-casa-de-campo-marina-at-sunset\\\/\",\"mainEntityOfPage\":{\"@type\":\"WebPage\",\"@id\":\"http:\\\/\\\/casadecampoliving.com\\\/es\\\/photo-of-the-week-the-casa-de-campo-marina-at-sunset\\\/\"},\"thumbnailUrl\":\"https:\\\/\\\/i0.wp.com\\\/casadecampoliving.com\\\/wp-content\\\/uploads\\\/2022\\\/10\\\/photo-of-week1-1.jpg?resize=150%2C150&ssl=1\",\"image\":{\"@type\":\"ImageObject\",\"url\":\"https:\\\/\\\/i0.wp.com\\\/casadecampoliving.com\\\/wp-content\\\/uploads\\\/2022\\\/10\\\/photo-of-week1-1.jpg?fit=800%2C533&ssl=1\"},\"articleSection\":\"Destacados\",\"author\":[{\"@type\":\"Person\",\"name\":\"Rebecca Silvestri\"}],\"creator\":[\"Rebecca Silvestri\"],\"publisher\":{\"@type\":\"Organization\",\"name\":\"Casa de Campo Living\",\"logo\":\"https:\\\/\\\/casadecampoliving.com\\\/wp-content\\\/uploads\\\/2022\\\/07\\\/CDCLivingLogo_V1-white-sized.png\"},\"keywords\":[\"marina casa de campo\",\"photo of the week\"],\"dateCreated\":\"2009-10-11T04:00:00Z\",\"datePublished\":\"2009-10-11T04:00:00Z\",\"dateModified\":\"2022-10-21T21:50:10Z\"}<\/script>","tracker_url":"https:\/\/cdn.parsely.com\/keys\/casadecampoliving.com\/p.js"},"jetpack_publicize_connections":[],"jetpack_featured_media_url":"https:\/\/i0.wp.com\/casadecampoliving.com\/wp-content\/uploads\/2022\/10\/photo-of-week1-1.jpg?fit=800%2C533&ssl=1","jetpack-related-posts":[{"id":329894,"url":"https:\/\/casadecampoliving.com\/priscilla-alvarez-gabriel-lorenzos-magical-wedding-casa-de-campo\/","url_meta":{"origin":317396,"position":0},"title":"Priscilla Alvarez and Gabriel Lorenzo\u2019s Magical Wedding in Casa de Campo","author":"Marlenys Guzm\u00e1n Casta\u00f1os","date":"18 Dic, 2017","format":false,"excerpt":"Destination weddings are the new trend and Casa de Campo has seen many of them lately! In honor of this, we are sharing with you a magical wedding celebrated at Minitas beach a few months ago. This article was previously published in the\u00a0Fall edition of our sister magazine, CasaLife. Casa\u2026","rel":"","context":"En \u00abCasa de Campo Resort\u00bb","block_context":{"text":"Casa de Campo Resort","link":"https:\/\/casadecampoliving.com\/category\/casa-de-campo-resort\/"},"img":{"alt_text":"","src":"https:\/\/i0.wp.com\/casadecampoliving.com\/wp-content\/uploads\/2022\/10\/CPS_45601.jpg?fit=1000%2C600&ssl=1&resize=350%2C200","width":350,"height":200,"srcset":"https:\/\/i0.wp.com\/casadecampoliving.com\/wp-content\/uploads\/2022\/10\/CPS_45601.jpg?fit=1000%2C600&ssl=1&resize=350%2C200 1x, https:\/\/i0.wp.com\/casadecampoliving.com\/wp-content\/uploads\/2022\/10\/CPS_45601.jpg?fit=1000%2C600&ssl=1&resize=525%2C300 1.5x, https:\/\/i0.wp.com\/casadecampoliving.com\/wp-content\/uploads\/2022\/10\/CPS_45601.jpg?fit=1000%2C600&ssl=1&resize=700%2C400 2x"},"classes":[]},{"id":320423,"url":"https:\/\/casadecampoliving.com\/es\/dear-priscilla-brooke-i-dont-want-children-to-ruin-my-casa-de-campo-wedding\/","url_meta":{"origin":317396,"position":1},"title":"Dear Priscilla &#038; Brooke: I don&#8217;t want children to ruin my Casa de Campo wedding!","author":"Rebecca Silvestri","date":"24 Sep, 2011","format":false,"excerpt":"This week, Casa de Campo\u2019s Agony Aunts; Priscilla and Brooke help a Casa de Campo bride-to-be plan for her ideal wedding in Altos de Chav\u00f3n \u2013 without screaming kids!! Dear Priscilla & Brooke,I am planning my wedding, which will be in the beautiful church in Altos de Chav\u00f3n in Casa\u2026","rel":"","context":"En \u00abAltos de Chavon\u00bb","block_context":{"text":"Altos de Chavon","link":"https:\/\/casadecampoliving.com\/category\/altos-de-chavon\/"},"img":{"alt_text":"","src":"https:\/\/i0.wp.com\/casadecampoliving.com\/wp-content\/uploads\/2011\/08\/Casa_de_campo_agony_aunts.jpg?resize=350%2C200&ssl=1","width":350,"height":200},"classes":[]},{"id":320451,"url":"https:\/\/casadecampoliving.com\/es\/dear-priscilla-brooke-advice-from-2-learned-ladies-of-casa-de-campo\/","url_meta":{"origin":317396,"position":2},"title":"Dear Priscilla &#038; Brooke: Advice from 2 learned ladies of Casa de Campo","author":"Rebecca Silvestri","date":"10 Sep, 2011","format":false,"excerpt":"Life in Casa de Campo is beautiful, but regardless of how serene and wonderful a place is, everyone has problems, dilemas and crisises! And so to help you solve all your problems we bring you Priscilla\u00a0and Brooke Soman \u2013\u00a02\u00a0learned ladies of the Casa de Campo community who have volunteered themselves\u2026","rel":"","context":"En \u00abCasa de Campo Living\u00bb","block_context":{"text":"Casa de Campo Living","link":"https:\/\/casadecampoliving.com\/category\/casa-de-campo-living\/"},"img":{"alt_text":"","src":"https:\/\/i0.wp.com\/casadecampoliving.com\/wp-content\/uploads\/2022\/10\/Casa_de_campo_agony_aunts.jpg?fit=397%2C325&ssl=1&resize=350%2C200","width":350,"height":200},"classes":[]},{"id":320555,"url":"https:\/\/casadecampoliving.com\/es\/dear-priscilla-brooke-will-he-ever-propose\/","url_meta":{"origin":317396,"position":3},"title":"Dear Priscilla &#038; Brooke: Will he ever propose?","author":"Rebecca Silvestri","date":"8 Oct, 2011","format":false,"excerpt":"Getting married is ever girl\u2019s dream and once you are lucky enough to find that man of your dreams, it can get a little frustrating waiting for your \u201cKnight in Shining Armor\u201d to hurry up and get down on one knee and give you a rock big enough to make\u2026","rel":"","context":"En \u00abCasa de Campo Living\u00bb","block_context":{"text":"Casa de Campo Living","link":"https:\/\/casadecampoliving.com\/category\/casa-de-campo-living\/"},"img":{"alt_text":"","src":"https:\/\/i0.wp.com\/casadecampoliving.com\/wp-content\/uploads\/2022\/10\/Casa_de_campo_agony_aunts-1.jpg?fit=397%2C325&ssl=1&resize=350%2C200","width":350,"height":200},"classes":[]},{"id":318235,"url":"https:\/\/casadecampoliving.com\/es\/who-is-the-juiciest-vote-for-your-favourite-juicy-girl\/","url_meta":{"origin":317396,"position":4},"title":"Who is the Juiciest? Vote for your favourite Juicy Girl!","author":"Rebecca Silvestri","date":"4 Ene, 2010","format":false,"excerpt":"This Wednesday the 6th of January at the Feria Barlovento we will be crowning ONE of our Juicy Girls with being Casa de Campo and Carmen Sol New Yorks\u2019 \u2018Juiciest Girl 2009.\u2019 The \u2018crowning\u2019 ceremony will consist of catwalk show to introduce our 19 Juicy Girls (and the 1 Juicy\u2026","rel":"","context":"En \u00abArt and Culture\u00bb","block_context":{"text":"Art and Culture","link":"https:\/\/casadecampoliving.com\/category\/art-and-culture\/"},"img":{"alt_text":"","src":"https:\/\/i0.wp.com\/casadecampoliving.com\/wp-content\/uploads\/2022\/10\/1-1-scaled.jpg?fit=1200%2C900&ssl=1&resize=350%2C200","width":350,"height":200,"srcset":"https:\/\/i0.wp.com\/casadecampoliving.com\/wp-content\/uploads\/2022\/10\/1-1-scaled.jpg?fit=1200%2C900&ssl=1&resize=350%2C200 1x, https:\/\/i0.wp.com\/casadecampoliving.com\/wp-content\/uploads\/2022\/10\/1-1-scaled.jpg?fit=1200%2C900&ssl=1&resize=525%2C300 1.5x, https:\/\/i0.wp.com\/casadecampoliving.com\/wp-content\/uploads\/2022\/10\/1-1-scaled.jpg?fit=1200%2C900&ssl=1&resize=700%2C400 2x, https:\/\/i0.wp.com\/casadecampoliving.com\/wp-content\/uploads\/2022\/10\/1-1-scaled.jpg?fit=1200%2C900&ssl=1&resize=1050%2C600 3x"},"classes":[]},{"id":352305,"url":"https:\/\/casadecampoliving.com\/es\/la-magicaboda-de-priscilla-alvarez-y-gabriel-lorenzo-en-casa-de-campo\/","url_meta":{"origin":317396,"position":5},"title":"La m\u00e1gica boda de Priscilla \u00c1lvarez y Gabriel Lorenzo en Casa de Campo","author":"Marlenys Guzm\u00e1n Casta\u00f1os","date":"18 Dic, 2017","format":false,"excerpt":"Las bodas de destino son la nueva tendencia \u00a1y Casa de Campo ha visto muchas de ellas \u00faltimamente! En honor a esto, compartimos con ustedes una m\u00e1gica boda celebrada en playa Minitas hace unos meses. Este art\u00edculo fue publicado previamente en la edici\u00f3n de oto\u00f1o de nuestra revista hermana, CasaLife.\u2026","rel":"","context":"En \u00abbodas\u00bb","block_context":{"text":"bodas","link":"https:\/\/casadecampoliving.com\/es\/category\/bodas\/"},"img":{"alt_text":"","src":"https:\/\/i0.wp.com\/casadecampoliving.com\/wp-content\/uploads\/2022\/10\/CPS_45601.jpg?fit=1000%2C600&ssl=1&resize=350%2C200","width":350,"height":200,"srcset":"https:\/\/i0.wp.com\/casadecampoliving.com\/wp-content\/uploads\/2022\/10\/CPS_45601.jpg?fit=1000%2C600&ssl=1&resize=350%2C200 1x, https:\/\/i0.wp.com\/casadecampoliving.com\/wp-content\/uploads\/2022\/10\/CPS_45601.jpg?fit=1000%2C600&ssl=1&resize=525%2C300 1.5x, https:\/\/i0.wp.com\/casadecampoliving.com\/wp-content\/uploads\/2022\/10\/CPS_45601.jpg?fit=1000%2C600&ssl=1&resize=700%2C400 2x"},"classes":[]}],"jetpack_sharing_enabled":true,"_links":{"self":[{"href":"https:\/\/casadecampoliving.com\/es\/wp-json\/wp\/v2\/posts\/317396","targetHints":{"allow":["GET"]}}],"collection":[{"href":"https:\/\/casadecampoliving.com\/es\/wp-json\/wp\/v2\/posts"}],"about":[{"href":"https:\/\/casadecampoliving.com\/es\/wp-json\/wp\/v2\/types\/post"}],"author":[{"embeddable":true,"href":"https:\/\/casadecampoliving.com\/es\/wp-json\/wp\/v2\/users\/31"}],"replies":[{"embeddable":true,"href":"https:\/\/casadecampoliving.com\/es\/wp-json\/wp\/v2\/comments?post=317396"}],"version-history":[{"count":0,"href":"https:\/\/casadecampoliving.com\/es\/wp-json\/wp\/v2\/posts\/317396\/revisions"}],"wp:featuredmedia":[{"embeddable":true,"href":"https:\/\/casadecampoliving.com\/es\/wp-json\/wp\/v2\/media\/214407"}],"wp:attachment":[{"href":"https:\/\/casadecampoliving.com\/es\/wp-json\/wp\/v2\/media?parent=317396"}],"wp:term":[{"taxonomy":"category","embeddable":true,"href":"https:\/\/casadecampoliving.com\/es\/wp-json\/wp\/v2\/categories?post=317396"},{"taxonomy":"post_tag","embeddable":true,"href":"https:\/\/casadecampoliving.com\/es\/wp-json\/wp\/v2\/tags?post=317396"},{"taxonomy":"newspack_spnsrs_tax","embeddable":true,"href":"https:\/\/casadecampoliving.com\/es\/wp-json\/wp\/v2\/newspack_spnsrs_tax?post=317396"}],"curies":[{"name":"wp","href":"https:\/\/api.w.org\/{rel}","templated":true}]}}