{"id":317367,"date":"2009-10-12T00:00:00","date_gmt":"2009-10-12T04:00:00","guid":{"rendered":"https:\/\/casadecampoliving.com\/memories-of-casa-de-campo-carol-burke\/"},"modified":"2022-10-21T17:49:37","modified_gmt":"2022-10-21T21:49:37","slug":"memories-of-casa-de-campo-carol-burke","status":"publish","type":"post","link":"https:\/\/casadecampoliving.com\/es\/memories-of-casa-de-campo-carol-burke\/","title":{"rendered":"Memories of Casa de Campo: Walking Daisy Dandelion on the Teeth of the Dog"},"content":{"rendered":"\n<figure class=\"wp-block-image is-resized\"><a href=\"https:\/\/i0.wp.com\/casadecampoliving.com\/wp-content\/uploads\/2022\/10\/Carol-and-Daisy-on-the-Teeth-of-the-Dog.jpg?ssl=1\"><img loading=\"lazy\" decoding=\"async\" src=\"https:\/\/i0.wp.com\/casadecampoliving.com\/wp-content\/uploads\/2022\/10\/Carol-and-Daisy-on-the-Teeth-of-the-Dog.jpg?resize=560%2C372&amp;ssl=1\" alt=\"Carol and Daisy on the Teeth of the Dog\" class=\"wp-image-6404\" title=\"Carol and Daisy on the Teeth of the Dog\" height=\"372\" width=\"560\"\/><\/a><\/figure>\n\n\n<div class=\"wp-block-image\">\n<figure class=\"alignright is-resized\"><img loading=\"lazy\" decoding=\"async\" src=\"https:\/\/i0.wp.com\/casadecampoliving.com\/wp-content\/uploads\/2022\/10\/Villa-on-Teeth-of-the-Dog-300x208-2.jpg?resize=210%2C146&amp;ssl=1\" alt=\"Villa on Teeth of the Dog\" class=\"wp-image-6529\" title=\"Villa on Teeth of the Dog\" height=\"146\" width=\"210\"\/><\/figure>\n<\/div>\n\n\n<p><a href=\"https:\/\/casadecampoliving.com\/wp-content\/uploads\/2022\/10\/Carol-and-Daisy-on-the-Teeth-of-the-Dog.jpg\"><\/a>After six years of living in the \u201cColinas\u201d of Altos de Chavon my family and I moved to a villa in the Cajuiles section of Casa de Campo just before Christmas, 1993.<span> <\/span><wp-block data-block=\"core\/more\"><\/wp-block>The garden of this wonderful villa was resplendent with mango trees and loud daily visits from the beautiful Hispaniolan Lizard Cuckoo.<span> <\/span>At the end of the garden there was a grove of grapefruit and orange trees, and beyond that a sort of forest which ended at the Casa de Campo airfield runway.<\/p>\n\n\n<div class=\"wp-block-image\">\n<figure class=\"alignleft is-resized\"><a href=\"https:\/\/i0.wp.com\/casadecampoliving-wp.s3-accelerate.amazonaws.com\/2009\/09\/Path-from-Cajuiles-garden-to-airport.jpg?ssl=1\"><img loading=\"lazy\" decoding=\"async\" src=\"https:\/\/i0.wp.com\/casadecampoliving.com\/wp-content\/uploads\/2022\/10\/Path-from-Cajuiles-garden-to-airport-300x196-2.jpg?resize=240%2C157&amp;ssl=1\" alt=\"Path from Cajuiles garden to airport\" class=\"wp-image-6405\" title=\"Path from Cajuiles garden to airport\" height=\"157\" width=\"240\"\/><\/a><\/figure>\n<\/div>\n\n\n<p>I asked our gardener, Amado, to make a path from our garden through the trees so that I could walk our dog to the sea each day.<span> <\/span>Amado made a lovely path, and each morning before getting the children up for breakfast and school, Daisy Dandelion and<span> <\/span>I walked down the path to the Casa de Campo air field, through the crossing gate of the runway, and over to the edge of the Caribbean Sea.<\/p>\n\n\n\n<p>The edge of the Caribbean Sea, just beyond the runway, on the&nbsp;<em>Teeth of the Dog<\/em><span style=\"font-style: normal; padding: 0px; margin: 0px;\"> golf course was a breathtaking place.<span style=\"padding: 0px; margin: 0px;\"> <\/span>Often one would encounter a bridal party with their photographer at one of the tees.&nbsp;<span style=\"padding: 0px; margin: 0px;\"> <\/span>Other times one could observe the Dominican artist, Jorge Silvestre, working on a painting there. <\/span><\/p>\n\n\n<div class=\"wp-block-image\">\n<figure class=\"alignright is-resized\"><img loading=\"lazy\" decoding=\"async\" src=\"https:\/\/i0.wp.com\/casadecampoliving.com\/wp-content\/uploads\/2022\/10\/Teeth-of-the-Dog-golf-course-300x199-2.jpg?resize=300%2C199&amp;ssl=1\" alt=\"Teeth of the Dog golf course\" class=\"wp-image-6531\" title=\"Teeth of the Dog golf course\" height=\"199\" width=\"300\"\/><\/figure>\n<\/div>\n\n\n<p><span style=\"font-style: normal; padding: 0px; margin: 0px;\">Sometimes Henry and Nancy Kissinger would be out walking on the Teeth of the Dog with their four or five Secret Service agents. <\/span><\/p>\n\n\n\n<p><span style=\"font-style: normal; padding: 0px; margin: 0px;\">One time Henry called over to me that my dog, Daisy, must be a \u201clovedog.\u201d &nbsp; I assumed he meant that since she was obviously a mixed breed that one would keep her only because they loved her.<\/span><\/p>\n\n\n\n<blockquote class=\"wp-block-quote is-layout-flow wp-block-quote-is-layout-flow\"><p>Article contributed by Carol Burke.<\/p><\/blockquote>\n\n\n\n<p><span style=\"font-style: normal; padding: 0px; margin: 0px;\"><br>\n<\/span><\/p>\n\n\n\n<p><span style=\"font-style: normal; padding: 0px; margin: 0px;\"><br>\n<\/span><\/p>\n","protected":false},"excerpt":{"rendered":"<p>After six years of living in the \u201cColinas\u201d of Altos de Chavon my family and I moved to a villa in the Cajuiles section of Casa de Campo just before Christmas, 1993. The garden of this wonderful villa was resplendent with mango trees and loud daily visits from the beautiful Hispaniolan Lizard Cuckoo. At the [&hellip;]<\/p>\n","protected":false},"author":31,"featured_media":214341,"comment_status":"closed","ping_status":"open","sticky":false,"template":"","format":"standard","meta":{"newspack_ads_suppress_ads":false,"newspack_popups_has_disabled_popups":false,"newspack_sponsor_sponsorship_scope":"","newspack_sponsor_native_byline_display":"inherit","newspack_sponsor_native_category_display":"inherit","newspack_sponsor_underwriter_style":"inherit","newspack_sponsor_underwriter_placement":"inherit","_newspack_byline_active":false,"_newspack_byline":"","newspack_hide_updated_date":false,"newspack_show_updated_date":false,"newspack_content_restriction_is_exempt":false,"newspack_featured_image_position":"","newspack_post_subtitle":"","newspack_article_summary_title":"Overview:","newspack_article_summary":"","_jetpack_memberships_contains_paid_content":false,"footnotes":"","jetpack_publicize_message":"","jetpack_publicize_feature_enabled":true,"jetpack_social_post_already_shared":false,"jetpack_social_options":{"image_generator_settings":{"template":"highway","default_image_id":0,"font":"","enabled":false},"version":2},"_wpas_customize_per_network":false},"categories":[44,43,12568],"tags":[557,556,537,177],"newspack_spnsrs_tax":[],"class_list":["post-317367","post","type-post","status-publish","format-standard","has-post-thumbnail","hentry","category-featured","category-headline","category-sports","tag-carol-burke","tag-golf-course","tag-memories-of-casa-de-campo","tag-teeth-of-the-dog","entry"],"yoast_head":"<!-- This site is optimized with the Yoast SEO plugin v27.4 - https:\/\/yoast.com\/product\/yoast-seo-wordpress\/ -->\n<title>Memories of Casa de Campo: Walking Daisy Dandelion on the Teeth of the Dog | Casa de Campo Living<\/title>\n<meta name=\"description\" content=\"After six years of living in the \u201cColinas\u201d of Altos de Chavon my family and I moved to a villa in the Cajuiles section of Casa de Campo just before\" \/>\n<meta name=\"robots\" content=\"index, follow, max-snippet:-1, max-image-preview:large, max-video-preview:-1\" \/>\n<link rel=\"canonical\" href=\"https:\/\/casadecampoliving.com\/es\/memories-of-casa-de-campo-carol-burke\/\" \/>\n<meta property=\"og:locale\" content=\"es_ES\" \/>\n<meta property=\"og:type\" content=\"article\" \/>\n<meta property=\"og:title\" content=\"Memories of Casa de Campo: Walking Daisy Dandelion on the Teeth of the Dog | Casa de Campo Living\" \/>\n<meta property=\"og:description\" content=\"After six years of living in the \u201cColinas\u201d of Altos de Chavon my family and I moved to a villa in the Cajuiles section of Casa de Campo just before\" \/>\n<meta property=\"og:url\" content=\"https:\/\/casadecampoliving.com\/es\/memories-of-casa-de-campo-carol-burke\/\" \/>\n<meta property=\"og:site_name\" content=\"Casa de Campo Living\" \/>\n<meta property=\"article:publisher\" content=\"https:\/\/www.facebook.com\/casadecampoliving\" \/>\n<meta property=\"article:published_time\" content=\"2009-10-12T04:00:00+00:00\" \/>\n<meta property=\"article:modified_time\" content=\"2022-10-21T21:49:37+00:00\" \/>\n<meta property=\"og:image\" content=\"https:\/\/i0.wp.com\/casadecampoliving.com\/wp-content\/uploads\/2022\/10\/Carol-and-Daisy-on-the-Teeth-of-the-Dog-1.jpg?fit=800%2C531&ssl=1\" \/>\n\t<meta property=\"og:image:width\" content=\"800\" \/>\n\t<meta property=\"og:image:height\" content=\"531\" \/>\n\t<meta property=\"og:image:type\" content=\"image\/jpeg\" \/>\n<meta name=\"author\" content=\"Rebecca Silvestri\" \/>\n<meta name=\"twitter:card\" content=\"summary_large_image\" \/>\n<meta name=\"twitter:creator\" content=\"@cdcliving\" \/>\n<meta name=\"twitter:site\" content=\"@cdcliving\" \/>\n<meta name=\"twitter:label1\" content=\"Escrito por\" \/>\n\t<meta name=\"twitter:data1\" content=\"Rebecca Silvestri\" \/>\n\t<meta name=\"twitter:label2\" content=\"Tiempo de lectura\" \/>\n\t<meta name=\"twitter:data2\" content=\"1 minuto\" \/>\n<script type=\"application\/ld+json\" class=\"yoast-schema-graph\">{\"@context\":\"https:\\\/\\\/schema.org\",\"@graph\":[{\"@type\":\"Article\",\"@id\":\"https:\\\/\\\/casadecampoliving.com\\\/es\\\/memories-of-casa-de-campo-carol-burke\\\/#article\",\"isPartOf\":{\"@id\":\"https:\\\/\\\/casadecampoliving.com\\\/es\\\/memories-of-casa-de-campo-carol-burke\\\/\"},\"author\":{\"name\":\"Rebecca Silvestri\",\"@id\":\"https:\\\/\\\/casadecampoliving.com\\\/es\\\/#\\\/schema\\\/person\\\/2b2208f3175fa8761e25b272e096d718\"},\"headline\":\"Memories of Casa de Campo: Walking Daisy Dandelion on the Teeth of the Dog\",\"datePublished\":\"2009-10-12T04:00:00+00:00\",\"dateModified\":\"2022-10-21T21:49:37+00:00\",\"mainEntityOfPage\":{\"@id\":\"https:\\\/\\\/casadecampoliving.com\\\/es\\\/memories-of-casa-de-campo-carol-burke\\\/\"},\"wordCount\":292,\"publisher\":{\"@id\":\"https:\\\/\\\/casadecampoliving.com\\\/es\\\/#organization\"},\"image\":{\"@id\":\"https:\\\/\\\/casadecampoliving.com\\\/es\\\/memories-of-casa-de-campo-carol-burke\\\/#primaryimage\"},\"thumbnailUrl\":\"https:\\\/\\\/i0.wp.com\\\/casadecampoliving.com\\\/wp-content\\\/uploads\\\/2022\\\/10\\\/Carol-and-Daisy-on-the-Teeth-of-the-Dog-1.jpg?fit=800%2C531&ssl=1\",\"keywords\":[\"carol burke\",\"golf course\",\"memories of casa de campo\",\"Teeth of the Dog\"],\"articleSection\":[\"Featured\",\"Headline\",\"Sports\"],\"inLanguage\":\"es\"},{\"@type\":\"WebPage\",\"@id\":\"https:\\\/\\\/casadecampoliving.com\\\/es\\\/memories-of-casa-de-campo-carol-burke\\\/\",\"url\":\"https:\\\/\\\/casadecampoliving.com\\\/es\\\/memories-of-casa-de-campo-carol-burke\\\/\",\"name\":\"Memories of Casa de Campo: Walking Daisy Dandelion on the Teeth of the Dog | Casa de Campo Living\",\"isPartOf\":{\"@id\":\"https:\\\/\\\/casadecampoliving.com\\\/es\\\/#website\"},\"primaryImageOfPage\":{\"@id\":\"https:\\\/\\\/casadecampoliving.com\\\/es\\\/memories-of-casa-de-campo-carol-burke\\\/#primaryimage\"},\"image\":{\"@id\":\"https:\\\/\\\/casadecampoliving.com\\\/es\\\/memories-of-casa-de-campo-carol-burke\\\/#primaryimage\"},\"thumbnailUrl\":\"https:\\\/\\\/i0.wp.com\\\/casadecampoliving.com\\\/wp-content\\\/uploads\\\/2022\\\/10\\\/Carol-and-Daisy-on-the-Teeth-of-the-Dog-1.jpg?fit=800%2C531&ssl=1\",\"datePublished\":\"2009-10-12T04:00:00+00:00\",\"dateModified\":\"2022-10-21T21:49:37+00:00\",\"description\":\"After six years of living in the \u201cColinas\u201d of Altos de Chavon my family and I moved to a villa in the Cajuiles section of Casa de Campo just before\",\"breadcrumb\":{\"@id\":\"https:\\\/\\\/casadecampoliving.com\\\/es\\\/memories-of-casa-de-campo-carol-burke\\\/#breadcrumb\"},\"inLanguage\":\"es\",\"potentialAction\":[{\"@type\":\"ReadAction\",\"target\":[\"https:\\\/\\\/casadecampoliving.com\\\/es\\\/memories-of-casa-de-campo-carol-burke\\\/\"]}]},{\"@type\":\"ImageObject\",\"inLanguage\":\"es\",\"@id\":\"https:\\\/\\\/casadecampoliving.com\\\/es\\\/memories-of-casa-de-campo-carol-burke\\\/#primaryimage\",\"url\":\"https:\\\/\\\/i0.wp.com\\\/casadecampoliving.com\\\/wp-content\\\/uploads\\\/2022\\\/10\\\/Carol-and-Daisy-on-the-Teeth-of-the-Dog-1.jpg?fit=800%2C531&ssl=1\",\"contentUrl\":\"https:\\\/\\\/i0.wp.com\\\/casadecampoliving.com\\\/wp-content\\\/uploads\\\/2022\\\/10\\\/Carol-and-Daisy-on-the-Teeth-of-the-Dog-1.jpg?fit=800%2C531&ssl=1\",\"width\":800,\"height\":531},{\"@type\":\"BreadcrumbList\",\"@id\":\"https:\\\/\\\/casadecampoliving.com\\\/es\\\/memories-of-casa-de-campo-carol-burke\\\/#breadcrumb\",\"itemListElement\":[{\"@type\":\"ListItem\",\"position\":1,\"name\":\"Home\",\"item\":\"https:\\\/\\\/casadecampoliving.com\\\/es\\\/\"},{\"@type\":\"ListItem\",\"position\":2,\"name\":\"Memories of Casa de Campo: Walking Daisy Dandelion on the Teeth of the Dog\"}]},{\"@type\":\"WebSite\",\"@id\":\"https:\\\/\\\/casadecampoliving.com\\\/es\\\/#website\",\"url\":\"https:\\\/\\\/casadecampoliving.com\\\/es\\\/\",\"name\":\"Casa de Campo Living\",\"description\":\"Resort community news and resources.\",\"publisher\":{\"@id\":\"https:\\\/\\\/casadecampoliving.com\\\/es\\\/#organization\"},\"potentialAction\":[{\"@type\":\"SearchAction\",\"target\":{\"@type\":\"EntryPoint\",\"urlTemplate\":\"https:\\\/\\\/casadecampoliving.com\\\/es\\\/?s={search_term_string}\"},\"query-input\":{\"@type\":\"PropertyValueSpecification\",\"valueRequired\":true,\"valueName\":\"search_term_string\"}}],\"inLanguage\":\"es\"},{\"@type\":\"Organization\",\"@id\":\"https:\\\/\\\/casadecampoliving.com\\\/es\\\/#organization\",\"name\":\"Casa de Campo Living\",\"url\":\"https:\\\/\\\/casadecampoliving.com\\\/es\\\/\",\"logo\":{\"@type\":\"ImageObject\",\"inLanguage\":\"es\",\"@id\":\"https:\\\/\\\/casadecampoliving.com\\\/es\\\/#\\\/schema\\\/logo\\\/image\\\/\",\"url\":\"https:\\\/\\\/i0.wp.com\\\/casadecampoliving.com\\\/wp-content\\\/uploads\\\/2022\\\/07\\\/CDCLivingLogo_V1-white-sized.png?fit=800%2C214&ssl=1\",\"contentUrl\":\"https:\\\/\\\/i0.wp.com\\\/casadecampoliving.com\\\/wp-content\\\/uploads\\\/2022\\\/07\\\/CDCLivingLogo_V1-white-sized.png?fit=800%2C214&ssl=1\",\"width\":800,\"height\":214,\"caption\":\"Casa de Campo Living\"},\"image\":{\"@id\":\"https:\\\/\\\/casadecampoliving.com\\\/es\\\/#\\\/schema\\\/logo\\\/image\\\/\"},\"sameAs\":[\"https:\\\/\\\/www.facebook.com\\\/casadecampoliving\",\"https:\\\/\\\/x.com\\\/cdcliving\"]},{\"@type\":\"Person\",\"@id\":\"https:\\\/\\\/casadecampoliving.com\\\/es\\\/#\\\/schema\\\/person\\\/2b2208f3175fa8761e25b272e096d718\",\"name\":\"Rebecca Silvestri\",\"image\":{\"@type\":\"ImageObject\",\"inLanguage\":\"es\",\"@id\":\"https:\\\/\\\/secure.gravatar.com\\\/avatar\\\/2d937fd6c1769fb718dbf8dce9e82bf5f89e97bd028f9b3ea10b931dc7df95c6?s=96&d=mm&r=g\",\"url\":\"https:\\\/\\\/secure.gravatar.com\\\/avatar\\\/2d937fd6c1769fb718dbf8dce9e82bf5f89e97bd028f9b3ea10b931dc7df95c6?s=96&d=mm&r=g\",\"contentUrl\":\"https:\\\/\\\/secure.gravatar.com\\\/avatar\\\/2d937fd6c1769fb718dbf8dce9e82bf5f89e97bd028f9b3ea10b931dc7df95c6?s=96&d=mm&r=g\",\"caption\":\"Rebecca Silvestri\"},\"url\":\"https:\\\/\\\/casadecampoliving.com\\\/es\\\/author\\\/madamehuge\\\/\"}]}<\/script>\n<!-- \/ Yoast SEO plugin. -->","yoast_head_json":{"title":"Memories of Casa de Campo: Walking Daisy Dandelion on the Teeth of the Dog | Casa de Campo Living","description":"After six years of living in the \u201cColinas\u201d of Altos de Chavon my family and I moved to a villa in the Cajuiles section of Casa de Campo just before","robots":{"index":"index","follow":"follow","max-snippet":"max-snippet:-1","max-image-preview":"max-image-preview:large","max-video-preview":"max-video-preview:-1"},"canonical":"https:\/\/casadecampoliving.com\/es\/memories-of-casa-de-campo-carol-burke\/","og_locale":"es_ES","og_type":"article","og_title":"Memories of Casa de Campo: Walking Daisy Dandelion on the Teeth of the Dog | Casa de Campo Living","og_description":"After six years of living in the \u201cColinas\u201d of Altos de Chavon my family and I moved to a villa in the Cajuiles section of Casa de Campo just before","og_url":"https:\/\/casadecampoliving.com\/es\/memories-of-casa-de-campo-carol-burke\/","og_site_name":"Casa de Campo Living","article_publisher":"https:\/\/www.facebook.com\/casadecampoliving","article_published_time":"2009-10-12T04:00:00+00:00","article_modified_time":"2022-10-21T21:49:37+00:00","og_image":[{"width":800,"height":531,"url":"https:\/\/i0.wp.com\/casadecampoliving.com\/wp-content\/uploads\/2022\/10\/Carol-and-Daisy-on-the-Teeth-of-the-Dog-1.jpg?fit=800%2C531&ssl=1","type":"image\/jpeg"}],"author":"Rebecca Silvestri","twitter_card":"summary_large_image","twitter_creator":"@cdcliving","twitter_site":"@cdcliving","twitter_misc":{"Escrito por":"Rebecca Silvestri","Tiempo de lectura":"1 minuto"},"schema":{"@context":"https:\/\/schema.org","@graph":[{"@type":"Article","@id":"https:\/\/casadecampoliving.com\/es\/memories-of-casa-de-campo-carol-burke\/#article","isPartOf":{"@id":"https:\/\/casadecampoliving.com\/es\/memories-of-casa-de-campo-carol-burke\/"},"author":{"name":"Rebecca Silvestri","@id":"https:\/\/casadecampoliving.com\/es\/#\/schema\/person\/2b2208f3175fa8761e25b272e096d718"},"headline":"Memories of Casa de Campo: Walking Daisy Dandelion on the Teeth of the Dog","datePublished":"2009-10-12T04:00:00+00:00","dateModified":"2022-10-21T21:49:37+00:00","mainEntityOfPage":{"@id":"https:\/\/casadecampoliving.com\/es\/memories-of-casa-de-campo-carol-burke\/"},"wordCount":292,"publisher":{"@id":"https:\/\/casadecampoliving.com\/es\/#organization"},"image":{"@id":"https:\/\/casadecampoliving.com\/es\/memories-of-casa-de-campo-carol-burke\/#primaryimage"},"thumbnailUrl":"https:\/\/i0.wp.com\/casadecampoliving.com\/wp-content\/uploads\/2022\/10\/Carol-and-Daisy-on-the-Teeth-of-the-Dog-1.jpg?fit=800%2C531&ssl=1","keywords":["carol burke","golf course","memories of casa de campo","Teeth of the Dog"],"articleSection":["Featured","Headline","Sports"],"inLanguage":"es"},{"@type":"WebPage","@id":"https:\/\/casadecampoliving.com\/es\/memories-of-casa-de-campo-carol-burke\/","url":"https:\/\/casadecampoliving.com\/es\/memories-of-casa-de-campo-carol-burke\/","name":"Memories of Casa de Campo: Walking Daisy Dandelion on the Teeth of the Dog | Casa de Campo Living","isPartOf":{"@id":"https:\/\/casadecampoliving.com\/es\/#website"},"primaryImageOfPage":{"@id":"https:\/\/casadecampoliving.com\/es\/memories-of-casa-de-campo-carol-burke\/#primaryimage"},"image":{"@id":"https:\/\/casadecampoliving.com\/es\/memories-of-casa-de-campo-carol-burke\/#primaryimage"},"thumbnailUrl":"https:\/\/i0.wp.com\/casadecampoliving.com\/wp-content\/uploads\/2022\/10\/Carol-and-Daisy-on-the-Teeth-of-the-Dog-1.jpg?fit=800%2C531&ssl=1","datePublished":"2009-10-12T04:00:00+00:00","dateModified":"2022-10-21T21:49:37+00:00","description":"After six years of living in the \u201cColinas\u201d of Altos de Chavon my family and I moved to a villa in the Cajuiles section of Casa de Campo just before","breadcrumb":{"@id":"https:\/\/casadecampoliving.com\/es\/memories-of-casa-de-campo-carol-burke\/#breadcrumb"},"inLanguage":"es","potentialAction":[{"@type":"ReadAction","target":["https:\/\/casadecampoliving.com\/es\/memories-of-casa-de-campo-carol-burke\/"]}]},{"@type":"ImageObject","inLanguage":"es","@id":"https:\/\/casadecampoliving.com\/es\/memories-of-casa-de-campo-carol-burke\/#primaryimage","url":"https:\/\/i0.wp.com\/casadecampoliving.com\/wp-content\/uploads\/2022\/10\/Carol-and-Daisy-on-the-Teeth-of-the-Dog-1.jpg?fit=800%2C531&ssl=1","contentUrl":"https:\/\/i0.wp.com\/casadecampoliving.com\/wp-content\/uploads\/2022\/10\/Carol-and-Daisy-on-the-Teeth-of-the-Dog-1.jpg?fit=800%2C531&ssl=1","width":800,"height":531},{"@type":"BreadcrumbList","@id":"https:\/\/casadecampoliving.com\/es\/memories-of-casa-de-campo-carol-burke\/#breadcrumb","itemListElement":[{"@type":"ListItem","position":1,"name":"Home","item":"https:\/\/casadecampoliving.com\/es\/"},{"@type":"ListItem","position":2,"name":"Memories of Casa de Campo: Walking Daisy Dandelion on the Teeth of the Dog"}]},{"@type":"WebSite","@id":"https:\/\/casadecampoliving.com\/es\/#website","url":"https:\/\/casadecampoliving.com\/es\/","name":"Casa de Campo Living","description":"Resort community news and resources.","publisher":{"@id":"https:\/\/casadecampoliving.com\/es\/#organization"},"potentialAction":[{"@type":"SearchAction","target":{"@type":"EntryPoint","urlTemplate":"https:\/\/casadecampoliving.com\/es\/?s={search_term_string}"},"query-input":{"@type":"PropertyValueSpecification","valueRequired":true,"valueName":"search_term_string"}}],"inLanguage":"es"},{"@type":"Organization","@id":"https:\/\/casadecampoliving.com\/es\/#organization","name":"Casa de Campo Living","url":"https:\/\/casadecampoliving.com\/es\/","logo":{"@type":"ImageObject","inLanguage":"es","@id":"https:\/\/casadecampoliving.com\/es\/#\/schema\/logo\/image\/","url":"https:\/\/i0.wp.com\/casadecampoliving.com\/wp-content\/uploads\/2022\/07\/CDCLivingLogo_V1-white-sized.png?fit=800%2C214&ssl=1","contentUrl":"https:\/\/i0.wp.com\/casadecampoliving.com\/wp-content\/uploads\/2022\/07\/CDCLivingLogo_V1-white-sized.png?fit=800%2C214&ssl=1","width":800,"height":214,"caption":"Casa de Campo Living"},"image":{"@id":"https:\/\/casadecampoliving.com\/es\/#\/schema\/logo\/image\/"},"sameAs":["https:\/\/www.facebook.com\/casadecampoliving","https:\/\/x.com\/cdcliving"]},{"@type":"Person","@id":"https:\/\/casadecampoliving.com\/es\/#\/schema\/person\/2b2208f3175fa8761e25b272e096d718","name":"Rebecca Silvestri","image":{"@type":"ImageObject","inLanguage":"es","@id":"https:\/\/secure.gravatar.com\/avatar\/2d937fd6c1769fb718dbf8dce9e82bf5f89e97bd028f9b3ea10b931dc7df95c6?s=96&d=mm&r=g","url":"https:\/\/secure.gravatar.com\/avatar\/2d937fd6c1769fb718dbf8dce9e82bf5f89e97bd028f9b3ea10b931dc7df95c6?s=96&d=mm&r=g","contentUrl":"https:\/\/secure.gravatar.com\/avatar\/2d937fd6c1769fb718dbf8dce9e82bf5f89e97bd028f9b3ea10b931dc7df95c6?s=96&d=mm&r=g","caption":"Rebecca Silvestri"},"url":"https:\/\/casadecampoliving.com\/es\/author\/madamehuge\/"}]}},"parsely":{"version":"1.1.0","canonical_url":"https:\/\/casadecampoliving.com\/es\/memories-of-casa-de-campo-carol-burke\/","smart_links":{"inbound":0,"outbound":0},"traffic_boost_suggestions_count":0,"meta":{"@context":"https:\/\/schema.org","@type":"NewsArticle","headline":"Memories of Casa de Campo: Walking Daisy Dandelion on the Teeth of the Dog","url":"http:\/\/casadecampoliving.com\/es\/memories-of-casa-de-campo-carol-burke\/","mainEntityOfPage":{"@type":"WebPage","@id":"http:\/\/casadecampoliving.com\/es\/memories-of-casa-de-campo-carol-burke\/"},"thumbnailUrl":"https:\/\/i0.wp.com\/casadecampoliving.com\/wp-content\/uploads\/2022\/10\/Carol-and-Daisy-on-the-Teeth-of-the-Dog-1.jpg?resize=150%2C150&ssl=1","image":{"@type":"ImageObject","url":"https:\/\/i0.wp.com\/casadecampoliving.com\/wp-content\/uploads\/2022\/10\/Carol-and-Daisy-on-the-Teeth-of-the-Dog-1.jpg?fit=800%2C531&ssl=1"},"articleSection":"Featured","author":[{"@type":"Person","name":"Rebecca Silvestri"}],"creator":["Rebecca Silvestri"],"publisher":{"@type":"Organization","name":"Casa de Campo Living","logo":"https:\/\/casadecampoliving.com\/wp-content\/uploads\/2022\/07\/CDCLivingLogo_V1-white-sized.png"},"keywords":["carol burke","golf course","memories of casa de campo","teeth of the dog"],"dateCreated":"2009-10-12T04:00:00Z","datePublished":"2009-10-12T04:00:00Z","dateModified":"2022-10-21T21:49:37Z"},"rendered":"<script type=\"application\/ld+json\" class=\"wp-parsely-metadata\">{\"@context\":\"https:\\\/\\\/schema.org\",\"@type\":\"NewsArticle\",\"headline\":\"Memories of Casa de Campo: Walking Daisy Dandelion on the Teeth of the Dog\",\"url\":\"http:\\\/\\\/casadecampoliving.com\\\/es\\\/memories-of-casa-de-campo-carol-burke\\\/\",\"mainEntityOfPage\":{\"@type\":\"WebPage\",\"@id\":\"http:\\\/\\\/casadecampoliving.com\\\/es\\\/memories-of-casa-de-campo-carol-burke\\\/\"},\"thumbnailUrl\":\"https:\\\/\\\/i0.wp.com\\\/casadecampoliving.com\\\/wp-content\\\/uploads\\\/2022\\\/10\\\/Carol-and-Daisy-on-the-Teeth-of-the-Dog-1.jpg?resize=150%2C150&ssl=1\",\"image\":{\"@type\":\"ImageObject\",\"url\":\"https:\\\/\\\/i0.wp.com\\\/casadecampoliving.com\\\/wp-content\\\/uploads\\\/2022\\\/10\\\/Carol-and-Daisy-on-the-Teeth-of-the-Dog-1.jpg?fit=800%2C531&ssl=1\"},\"articleSection\":\"Featured\",\"author\":[{\"@type\":\"Person\",\"name\":\"Rebecca Silvestri\"}],\"creator\":[\"Rebecca Silvestri\"],\"publisher\":{\"@type\":\"Organization\",\"name\":\"Casa de Campo Living\",\"logo\":\"https:\\\/\\\/casadecampoliving.com\\\/wp-content\\\/uploads\\\/2022\\\/07\\\/CDCLivingLogo_V1-white-sized.png\"},\"keywords\":[\"carol burke\",\"golf course\",\"memories of casa de campo\",\"teeth of the dog\"],\"dateCreated\":\"2009-10-12T04:00:00Z\",\"datePublished\":\"2009-10-12T04:00:00Z\",\"dateModified\":\"2022-10-21T21:49:37Z\"}<\/script>","tracker_url":"https:\/\/cdn.parsely.com\/keys\/casadecampoliving.com\/p.js"},"jetpack_publicize_connections":[],"jetpack_featured_media_url":"https:\/\/i0.wp.com\/casadecampoliving.com\/wp-content\/uploads\/2022\/10\/Carol-and-Daisy-on-the-Teeth-of-the-Dog-1.jpg?fit=800%2C531&ssl=1","jetpack-related-posts":[{"id":321195,"url":"https:\/\/casadecampoliving.com\/teeth-of-the-dog-comes-in-3rd-at-the-wood-memorial-race-to-win-a-place-at-the-kentucky-derby\/","url_meta":{"origin":317367,"position":0},"title":"\u00abTeeth of the Dog\u00bb co-owned by Carlos Morales and Jose Singer comes in 3rd at the Wood Memorial Race &#038; qualifies for the \u00abKentucky Derby\u00bb","author":"Rebecca Silvestri","date":"9 Abr, 2012","format":false,"excerpt":"A beautiful racehorse named \u201cTeeth of the Dog\u201d, co-owned by 2 Casa de Campo villa owners raced to glory this past Saturday the 7th of April at the Wood Memorial Race, qualifying for the \u201cKentucky Derby\u201d to be ran on Saturday May 5th. \u201cTeeth of the Dog\u201d is co-owned by\u2026","rel":"","context":"En \u00abBeyond Casa\u00bb","block_context":{"text":"Beyond Casa","link":"https:\/\/casadecampoliving.com\/category\/beyond-casa\/"},"img":{"alt_text":"","src":"https:\/\/i0.wp.com\/casadecampoliving.com\/wp-content\/uploads\/2022\/10\/carlos-morales-1.jpg?fit=640%2C479&ssl=1&resize=350%2C200","width":350,"height":200,"srcset":"https:\/\/i0.wp.com\/casadecampoliving.com\/wp-content\/uploads\/2022\/10\/carlos-morales-1.jpg?fit=640%2C479&ssl=1&resize=350%2C200 1x, https:\/\/i0.wp.com\/casadecampoliving.com\/wp-content\/uploads\/2022\/10\/carlos-morales-1.jpg?fit=640%2C479&ssl=1&resize=525%2C300 1.5x"},"classes":[]},{"id":321193,"url":"https:\/\/casadecampoliving.com\/es\/place-your-bets-teeth-of-the-dog-on-his-way-to-the-kentucky-derby\/","url_meta":{"origin":317367,"position":1},"title":"Place your bets! \u00abTeeth of the Dog\u00bb on his way to the Kentucky Derby!","author":"Rebecca Silvestri","date":"7 Abr, 2012","format":false,"excerpt":"UPDATE: It would seem that I made a little mistake\u2026.. whilst \u201cTeeth of the Dog\u201d did run in a race on Saturday April the 7th, the race was not the actual \u201cKentucky Derby\u201d but rather a qualifier for the Kentucky Derby! But the good news is that \u201cTeeth of the\u2026","rel":"","context":"En \u00abEvents and Activities\u00bb","block_context":{"text":"Events and Activities","link":"https:\/\/casadecampoliving.com\/category\/events-and-activities\/"},"img":{"alt_text":"teeth of the dog horse","src":"https:\/\/i0.wp.com\/casadecampoliving.com\/wp-content\/uploads\/2022\/10\/teeth-of-the-dog-horse-1.jpg?fit=637%2C438&ssl=1&resize=350%2C200","width":350,"height":200,"srcset":"https:\/\/i0.wp.com\/casadecampoliving.com\/wp-content\/uploads\/2022\/10\/teeth-of-the-dog-horse-1.jpg?fit=637%2C438&ssl=1&resize=350%2C200 1x, https:\/\/i0.wp.com\/casadecampoliving.com\/wp-content\/uploads\/2022\/10\/teeth-of-the-dog-horse-1.jpg?fit=637%2C438&ssl=1&resize=525%2C300 1.5x"},"classes":[]},{"id":321301,"url":"https:\/\/casadecampoliving.com\/teeth-of-the-dog-horse-to-race-in-the-preakness-stakes-this-saturday\/","url_meta":{"origin":317367,"position":2},"title":"\u201cTeeth of the Dog\u201d horse to race in the Preakness Stakes this Saturday!","author":"Rebecca Silvestri","date":"16 May, 2012","format":false,"excerpt":"This Saturday\u00a0May 19th 2012, the \u201cTeeth of the Dog\u201d racehorse named after Casa de Campo\u2019s famous Pete Dye designed golf course; the Teeth of the Dog and co-owned by Casa de Campo villa owner Jose Singer, will race in the 137th running of the Preakness Stakes, one of the most\u2026","rel":"","context":"En \u00abBeyond Casa\u00bb","block_context":{"text":"Beyond Casa","link":"https:\/\/casadecampoliving.com\/category\/beyond-casa\/"},"img":{"alt_text":"teeth of the dog","src":"https:\/\/i0.wp.com\/casadecampoliving.com\/wp-content\/uploads\/2022\/10\/teeth_of_the_dog5-1.jpg?fit=650%2C342&ssl=1&resize=350%2C200","width":350,"height":200,"srcset":"https:\/\/i0.wp.com\/casadecampoliving.com\/wp-content\/uploads\/2022\/10\/teeth_of_the_dog5-1.jpg?fit=650%2C342&ssl=1&resize=350%2C200 1x, https:\/\/i0.wp.com\/casadecampoliving.com\/wp-content\/uploads\/2022\/10\/teeth_of_the_dog5-1.jpg?fit=650%2C342&ssl=1&resize=525%2C300 1.5x"},"classes":[]},{"id":339007,"url":"https:\/\/casadecampoliving.com\/es\/el-caballo-teeth-of-the-dog-competira-en-la-carrera-ecuestre-preakness-stakes-este-sabado\/","url_meta":{"origin":317367,"position":3},"title":"El caballo \u00abTeeth of the Dog\u00bb competir\u00e1 en la carrera ecuestre \u00abPreakness Stakes\u00bb \u00e9ste s\u00e1bado!","author":"","date":"16 May, 2012","format":false,"excerpt":"Este s\u00e1bado 19 de mayo de 2012, el caballo llamado \u201cTeeth of the Dog\u201d en honor al campo de golf m\u00e1s famoso de Casa de Campo, dise\u00f1ado por Pete Dye, que tiene como a uno de sus propietarios al due\u00f1o de villa de Casa de Campo, Jos\u00e9 Singer, estar\u00e1 participando\u2026","rel":"","context":"En \u00abEstilo de Vida\u00bb","block_context":{"text":"Estilo de Vida","link":"https:\/\/casadecampoliving.com\/es\/category\/estilo-de-vida\/"},"img":{"alt_text":"teeth of the dog","src":"https:\/\/i0.wp.com\/casadecampoliving.com\/wp-content\/uploads\/2022\/10\/teeth_of_the_dog5-1.jpg?fit=650%2C342&ssl=1&resize=350%2C200","width":350,"height":200,"srcset":"https:\/\/i0.wp.com\/casadecampoliving.com\/wp-content\/uploads\/2022\/10\/teeth_of_the_dog5-1.jpg?fit=650%2C342&ssl=1&resize=350%2C200 1x, https:\/\/i0.wp.com\/casadecampoliving.com\/wp-content\/uploads\/2022\/10\/teeth_of_the_dog5-1.jpg?fit=650%2C342&ssl=1&resize=525%2C300 1.5x"},"classes":[]},{"id":319542,"url":"https:\/\/casadecampoliving.com\/es\/memories-of-casa-de-campo-a-journey-in-through-casa-part-ii\/","url_meta":{"origin":317367,"position":4},"title":"Memories of Casa de Campo: A Journey in through Casa &#8211; Part II","author":"Rebecca Silvestri","date":"6 Dic, 2010","format":false,"excerpt":"In this week\u2019s \u2018Memories of Casa de Campo\u2019 post, our wonderful weekly writer and photographer Carol Burke takes us on a journey through Casa,\u00a0illustrated\u00a0with her\u00a0beautiful\u00a0photos taken nearly 20 years ago! \u201cColor is like food for the spirit \u2013 plus it\u2019s not addictive or fattening.\u201d\u2013 Isaac Mizrahi, Fashion Designer\u201cColor is joy.\u2026","rel":"","context":"En \u00abCasa de Campo Resort\u00bb","block_context":{"text":"Casa de Campo Resort","link":"https:\/\/casadecampoliving.com\/category\/casa-de-campo-resort\/"},"img":{"alt_text":"","src":"https:\/\/i0.wp.com\/casadecampoliving.com\/wp-content\/uploads\/2022\/10\/01-Snowy-Day-from-Window-1.jpg?fit=423%2C565&ssl=1&resize=350%2C200","width":350,"height":200},"classes":[]},{"id":319029,"url":"https:\/\/casadecampoliving.com\/es\/memories-of-casa-de-campo-the-casa-coast\/","url_meta":{"origin":317367,"position":5},"title":"Memories of Casa de Campo:  The Casa Coast","author":"Rebecca Silvestri","date":"12 Jul, 2010","format":false,"excerpt":"In this week\u2019s \u2018Memories of Casa de Campo\u2019 post, Carol Burke remembers all of Casa de Campo\u2019s many beaches and the dramatic Teeth of the Dog coastline. Most of the beaches Carol remembers are still there, but all are of course a little different\u2026. Everybody needs beauty as well as\u2026","rel":"","context":"En \u00abAltos de Chavon\u00bb","block_context":{"text":"Altos de Chavon","link":"https:\/\/casadecampoliving.com\/category\/altos-de-chavon\/"},"img":{"alt_text":"","src":"https:\/\/i0.wp.com\/casadecampoliving.com\/wp-content\/uploads\/2022\/10\/01-Villa-Beach-on-Punta-Minitas-1.jpg?fit=565%2C374&ssl=1&resize=350%2C200","width":350,"height":200,"srcset":"https:\/\/i0.wp.com\/casadecampoliving.com\/wp-content\/uploads\/2022\/10\/01-Villa-Beach-on-Punta-Minitas-1.jpg?fit=565%2C374&ssl=1&resize=350%2C200 1x, https:\/\/i0.wp.com\/casadecampoliving.com\/wp-content\/uploads\/2022\/10\/01-Villa-Beach-on-Punta-Minitas-1.jpg?fit=565%2C374&ssl=1&resize=525%2C300 1.5x"},"classes":[]}],"jetpack_sharing_enabled":true,"_links":{"self":[{"href":"https:\/\/casadecampoliving.com\/es\/wp-json\/wp\/v2\/posts\/317367","targetHints":{"allow":["GET"]}}],"collection":[{"href":"https:\/\/casadecampoliving.com\/es\/wp-json\/wp\/v2\/posts"}],"about":[{"href":"https:\/\/casadecampoliving.com\/es\/wp-json\/wp\/v2\/types\/post"}],"author":[{"embeddable":true,"href":"https:\/\/casadecampoliving.com\/es\/wp-json\/wp\/v2\/users\/31"}],"replies":[{"embeddable":true,"href":"https:\/\/casadecampoliving.com\/es\/wp-json\/wp\/v2\/comments?post=317367"}],"version-history":[{"count":0,"href":"https:\/\/casadecampoliving.com\/es\/wp-json\/wp\/v2\/posts\/317367\/revisions"}],"wp:featuredmedia":[{"embeddable":true,"href":"https:\/\/casadecampoliving.com\/es\/wp-json\/wp\/v2\/media\/214341"}],"wp:attachment":[{"href":"https:\/\/casadecampoliving.com\/es\/wp-json\/wp\/v2\/media?parent=317367"}],"wp:term":[{"taxonomy":"category","embeddable":true,"href":"https:\/\/casadecampoliving.com\/es\/wp-json\/wp\/v2\/categories?post=317367"},{"taxonomy":"post_tag","embeddable":true,"href":"https:\/\/casadecampoliving.com\/es\/wp-json\/wp\/v2\/tags?post=317367"},{"taxonomy":"newspack_spnsrs_tax","embeddable":true,"href":"https:\/\/casadecampoliving.com\/es\/wp-json\/wp\/v2\/newspack_spnsrs_tax?post=317367"}],"curies":[{"name":"wp","href":"https:\/\/api.w.org\/{rel}","templated":true}]}}