{"id":317349,"date":"2009-09-29T00:00:00","date_gmt":"2009-09-29T04:00:00","guid":{"rendered":"https:\/\/casadecampoliving.com\/xix-retiro-carismatico-presented-by-the-fundacion-mir\/"},"modified":"2022-10-21T17:49:03","modified_gmt":"2022-10-21T21:49:03","slug":"xix-retiro-carismatico-presented-by-the-fundacion-mir","status":"publish","type":"post","link":"https:\/\/casadecampoliving.com\/es\/xix-retiro-carismatico-presented-by-the-fundacion-mir\/","title":{"rendered":"XIX Retiro Carismatico presented by the Fundacion MIR"},"content":{"rendered":"<div class=\"wp-block-image\">\n<figure class=\"alignleft is-resized\"><a href=\"https:\/\/i0.wp.com\/casadecampoliving.com\/wp-content\/uploads\/2022\/10\/MIR1.jpg?ssl=1\"><img loading=\"lazy\" decoding=\"async\" src=\"https:\/\/i0.wp.com\/casadecampoliving.com\/wp-content\/uploads\/2022\/10\/MIR1.jpg?resize=252%2C102&amp;ssl=1\" alt=\"MIR\" class=\"wp-image-6375\" title=\"MIR\" height=\"102\" width=\"252\"\/><\/a><\/figure>\n<\/div>\n\n\n<p>Every year the Fundacion MIR hosts the Retiro Carismatico, which in English translates to \u2018charismatic retreat,\u2019 but would be more accurately translated as a spiritual retreat. The aim of this retreat is to open the hearts of the people, embrace religion and impart and share biblical knowledge.<\/p>\n\n\n\n<!--more-->\n\n\n\n<p>From personal experience in the past,&nbsp;I\u2019ve felt that this event gives me access to a whole new spiritual level. No wonder&nbsp;it\u2019s so successful!<\/p>\n\n\n\n<p>The retreat is open to everyone; children, teenagers and adults, and is of course completely free!<\/p>\n\n\n\n<p>The program is as follows:<\/p>\n\n\n\n<p><strong>Friday 2nd October<\/strong><\/p>\n\n\n\n<ul class=\"wp-block-list\"><li>Opening @ 6pm<\/li><\/ul>\n\n\n\n<p><strong>Saturday 3rd October<\/strong><\/p>\n\n\n\n<ul class=\"wp-block-list\"><li>Talks&nbsp;\u2013 starting @&nbsp;8.30am<\/li><li>Mass for the healing of the sick @ 6pm<\/li><\/ul>\n\n\n\n<p><strong>Sunday 4th October<\/strong><\/p>\n\n\n\n<ul class=\"wp-block-list\"><li>Talks \u2013 starting @ 8.30am thru 11.30am<\/li><li>Closing mass @ 12.30pm<\/li><\/ul>\n\n\n\n<p>All activities are going to be held at Cacique Conference Centre at the Casa de Campo hotel. However, the mass for the healing of the sick is going to be held at the Club San Martin de Porres in Las Piedras.<\/p>\n\n\n\n<p>Free transport is offered departing from el Obelisco, in La Romana town.<\/p>\n\n\n\n<p>For more information call the following numbers<\/p>\n\n\n\n<ul class=\"wp-block-list\"><li>Fundacion MIR \u2013 809-523-8270<\/li><li>Casa de la Anunciacion -809-556-9449<\/li><\/ul>\n","protected":false},"excerpt":{"rendered":"<p>Every year the Fundacion MIR hosts the Retiro Carismatico, which in English translates to \u2018charismatic retreat,\u2019 but would be more accurately translated as a spiritual retreat. The aim of this retreat is to open the hearts of the people, embrace religion and impart and share biblical knowledge.<\/p>\n","protected":false},"author":83,"featured_media":214247,"comment_status":"closed","ping_status":"open","sticky":false,"template":"","format":"standard","meta":{"newspack_ads_suppress_ads":false,"newspack_popups_has_disabled_popups":false,"newspack_sponsor_sponsorship_scope":"","newspack_sponsor_native_byline_display":"inherit","newspack_sponsor_native_category_display":"inherit","newspack_sponsor_underwriter_style":"inherit","newspack_sponsor_underwriter_placement":"inherit","_newspack_byline_active":false,"_newspack_byline":"","newspack_hide_updated_date":false,"newspack_show_updated_date":false,"newspack_content_restriction_is_exempt":false,"newspack_featured_image_position":"","newspack_post_subtitle":"","newspack_article_summary_title":"Overview:","newspack_article_summary":"","_jetpack_memberships_contains_paid_content":false,"footnotes":"","jetpack_publicize_message":"","jetpack_publicize_feature_enabled":true,"jetpack_social_post_already_shared":false,"jetpack_social_options":{"image_generator_settings":{"template":"highway","default_image_id":0,"font":"","enabled":false},"version":2},"_wpas_customize_per_network":false},"categories":[2522,2524,14627],"tags":[541,3577,540],"newspack_spnsrs_tax":[],"class_list":["post-317349","post","type-post","status-publish","format-standard","has-post-thumbnail","hentry","category-eventos-es","category-destacados","category-proximamente","tag-cacique-conference-centre","tag-fundacion-mir-es-2","tag-retiro-carismatico","entry"],"yoast_head":"<!-- This site is optimized with the Yoast SEO plugin v27.4 - https:\/\/yoast.com\/product\/yoast-seo-wordpress\/ -->\n<title>XIX Retiro Carismatico presented by the Fundacion MIR | Casa de Campo Living<\/title>\n<meta name=\"description\" content=\"Every year the Fundacion MIR hosts the Retiro Carismatico, which in English translates to \u2018charismatic retreat,\u2019 but would be more accurately translated\" \/>\n<meta name=\"robots\" content=\"index, follow, max-snippet:-1, max-image-preview:large, max-video-preview:-1\" \/>\n<link rel=\"canonical\" href=\"https:\/\/casadecampoliving.com\/es\/xix-retiro-carismatico-presented-by-the-fundacion-mir\/\" \/>\n<meta property=\"og:locale\" content=\"es_ES\" \/>\n<meta property=\"og:type\" content=\"article\" \/>\n<meta property=\"og:title\" content=\"XIX Retiro Carismatico presented by the Fundacion MIR | Casa de Campo Living\" \/>\n<meta property=\"og:description\" content=\"Every year the Fundacion MIR hosts the Retiro Carismatico, which in English translates to \u2018charismatic retreat,\u2019 but would be more accurately translated\" \/>\n<meta property=\"og:url\" content=\"https:\/\/casadecampoliving.com\/es\/xix-retiro-carismatico-presented-by-the-fundacion-mir\/\" \/>\n<meta property=\"og:site_name\" content=\"Casa de Campo Living\" \/>\n<meta property=\"article:publisher\" content=\"https:\/\/www.facebook.com\/casadecampoliving\" \/>\n<meta property=\"article:published_time\" content=\"2009-09-29T04:00:00+00:00\" \/>\n<meta property=\"article:modified_time\" content=\"2022-10-21T21:49:03+00:00\" \/>\n<meta property=\"og:image\" content=\"https:\/\/i0.wp.com\/casadecampoliving.com\/wp-content\/uploads\/2022\/10\/MIR1-1.jpg?fit=252%2C102&ssl=1\" \/>\n\t<meta property=\"og:image:width\" content=\"252\" \/>\n\t<meta property=\"og:image:height\" content=\"102\" \/>\n\t<meta property=\"og:image:type\" content=\"image\/jpeg\" \/>\n<meta name=\"author\" content=\"Priscilla Baez\" \/>\n<meta name=\"twitter:card\" content=\"summary_large_image\" \/>\n<meta name=\"twitter:creator\" content=\"@cdcliving\" \/>\n<meta name=\"twitter:site\" content=\"@cdcliving\" \/>\n<meta name=\"twitter:label1\" content=\"Escrito por\" \/>\n\t<meta name=\"twitter:data1\" content=\"Priscilla Baez\" \/>\n\t<meta name=\"twitter:label2\" content=\"Tiempo de lectura\" \/>\n\t<meta name=\"twitter:data2\" content=\"1 minuto\" \/>\n<script type=\"application\/ld+json\" class=\"yoast-schema-graph\">{\"@context\":\"https:\\\/\\\/schema.org\",\"@graph\":[{\"@type\":\"Article\",\"@id\":\"https:\\\/\\\/casadecampoliving.com\\\/es\\\/xix-retiro-carismatico-presented-by-the-fundacion-mir\\\/#article\",\"isPartOf\":{\"@id\":\"https:\\\/\\\/casadecampoliving.com\\\/es\\\/xix-retiro-carismatico-presented-by-the-fundacion-mir\\\/\"},\"author\":{\"name\":\"Priscilla Baez\",\"@id\":\"https:\\\/\\\/casadecampoliving.com\\\/es\\\/#\\\/schema\\\/person\\\/2b98239567a83efbaecc5d699b8c5daa\"},\"headline\":\"XIX Retiro Carismatico presented by the Fundacion MIR\",\"datePublished\":\"2009-09-29T04:00:00+00:00\",\"dateModified\":\"2022-10-21T21:49:03+00:00\",\"mainEntityOfPage\":{\"@id\":\"https:\\\/\\\/casadecampoliving.com\\\/es\\\/xix-retiro-carismatico-presented-by-the-fundacion-mir\\\/\"},\"wordCount\":208,\"publisher\":{\"@id\":\"https:\\\/\\\/casadecampoliving.com\\\/es\\\/#organization\"},\"image\":{\"@id\":\"https:\\\/\\\/casadecampoliving.com\\\/es\\\/xix-retiro-carismatico-presented-by-the-fundacion-mir\\\/#primaryimage\"},\"thumbnailUrl\":\"https:\\\/\\\/i0.wp.com\\\/casadecampoliving.com\\\/wp-content\\\/uploads\\\/2022\\\/10\\\/MIR1-1.jpg?fit=252%2C102&ssl=1\",\"keywords\":[\"cacique conference centre\",\"Fundacion MIR @es\",\"retiro carismatico\"],\"articleSection\":[\"Eventos\",\"Destacados\",\"Proximamente\"],\"inLanguage\":\"es\"},{\"@type\":\"WebPage\",\"@id\":\"https:\\\/\\\/casadecampoliving.com\\\/es\\\/xix-retiro-carismatico-presented-by-the-fundacion-mir\\\/\",\"url\":\"https:\\\/\\\/casadecampoliving.com\\\/es\\\/xix-retiro-carismatico-presented-by-the-fundacion-mir\\\/\",\"name\":\"XIX Retiro Carismatico presented by the Fundacion MIR | Casa de Campo Living\",\"isPartOf\":{\"@id\":\"https:\\\/\\\/casadecampoliving.com\\\/es\\\/#website\"},\"primaryImageOfPage\":{\"@id\":\"https:\\\/\\\/casadecampoliving.com\\\/es\\\/xix-retiro-carismatico-presented-by-the-fundacion-mir\\\/#primaryimage\"},\"image\":{\"@id\":\"https:\\\/\\\/casadecampoliving.com\\\/es\\\/xix-retiro-carismatico-presented-by-the-fundacion-mir\\\/#primaryimage\"},\"thumbnailUrl\":\"https:\\\/\\\/i0.wp.com\\\/casadecampoliving.com\\\/wp-content\\\/uploads\\\/2022\\\/10\\\/MIR1-1.jpg?fit=252%2C102&ssl=1\",\"datePublished\":\"2009-09-29T04:00:00+00:00\",\"dateModified\":\"2022-10-21T21:49:03+00:00\",\"description\":\"Every year the Fundacion MIR hosts the Retiro Carismatico, which in English translates to \u2018charismatic retreat,\u2019 but would be more accurately translated\",\"breadcrumb\":{\"@id\":\"https:\\\/\\\/casadecampoliving.com\\\/es\\\/xix-retiro-carismatico-presented-by-the-fundacion-mir\\\/#breadcrumb\"},\"inLanguage\":\"es\",\"potentialAction\":[{\"@type\":\"ReadAction\",\"target\":[\"https:\\\/\\\/casadecampoliving.com\\\/es\\\/xix-retiro-carismatico-presented-by-the-fundacion-mir\\\/\"]}]},{\"@type\":\"ImageObject\",\"inLanguage\":\"es\",\"@id\":\"https:\\\/\\\/casadecampoliving.com\\\/es\\\/xix-retiro-carismatico-presented-by-the-fundacion-mir\\\/#primaryimage\",\"url\":\"https:\\\/\\\/i0.wp.com\\\/casadecampoliving.com\\\/wp-content\\\/uploads\\\/2022\\\/10\\\/MIR1-1.jpg?fit=252%2C102&ssl=1\",\"contentUrl\":\"https:\\\/\\\/i0.wp.com\\\/casadecampoliving.com\\\/wp-content\\\/uploads\\\/2022\\\/10\\\/MIR1-1.jpg?fit=252%2C102&ssl=1\",\"width\":252,\"height\":102},{\"@type\":\"BreadcrumbList\",\"@id\":\"https:\\\/\\\/casadecampoliving.com\\\/es\\\/xix-retiro-carismatico-presented-by-the-fundacion-mir\\\/#breadcrumb\",\"itemListElement\":[{\"@type\":\"ListItem\",\"position\":1,\"name\":\"Home\",\"item\":\"https:\\\/\\\/casadecampoliving.com\\\/es\\\/\"},{\"@type\":\"ListItem\",\"position\":2,\"name\":\"XIX Retiro Carismatico presented by the Fundacion MIR\"}]},{\"@type\":\"WebSite\",\"@id\":\"https:\\\/\\\/casadecampoliving.com\\\/es\\\/#website\",\"url\":\"https:\\\/\\\/casadecampoliving.com\\\/es\\\/\",\"name\":\"Casa de Campo Living\",\"description\":\"Resort community news and resources.\",\"publisher\":{\"@id\":\"https:\\\/\\\/casadecampoliving.com\\\/es\\\/#organization\"},\"potentialAction\":[{\"@type\":\"SearchAction\",\"target\":{\"@type\":\"EntryPoint\",\"urlTemplate\":\"https:\\\/\\\/casadecampoliving.com\\\/es\\\/?s={search_term_string}\"},\"query-input\":{\"@type\":\"PropertyValueSpecification\",\"valueRequired\":true,\"valueName\":\"search_term_string\"}}],\"inLanguage\":\"es\"},{\"@type\":\"Organization\",\"@id\":\"https:\\\/\\\/casadecampoliving.com\\\/es\\\/#organization\",\"name\":\"Casa de Campo Living\",\"url\":\"https:\\\/\\\/casadecampoliving.com\\\/es\\\/\",\"logo\":{\"@type\":\"ImageObject\",\"inLanguage\":\"es\",\"@id\":\"https:\\\/\\\/casadecampoliving.com\\\/es\\\/#\\\/schema\\\/logo\\\/image\\\/\",\"url\":\"https:\\\/\\\/i0.wp.com\\\/casadecampoliving.com\\\/wp-content\\\/uploads\\\/2022\\\/07\\\/CDCLivingLogo_V1-white-sized.png?fit=800%2C214&ssl=1\",\"contentUrl\":\"https:\\\/\\\/i0.wp.com\\\/casadecampoliving.com\\\/wp-content\\\/uploads\\\/2022\\\/07\\\/CDCLivingLogo_V1-white-sized.png?fit=800%2C214&ssl=1\",\"width\":800,\"height\":214,\"caption\":\"Casa de Campo Living\"},\"image\":{\"@id\":\"https:\\\/\\\/casadecampoliving.com\\\/es\\\/#\\\/schema\\\/logo\\\/image\\\/\"},\"sameAs\":[\"https:\\\/\\\/www.facebook.com\\\/casadecampoliving\",\"https:\\\/\\\/x.com\\\/cdcliving\"]},{\"@type\":\"Person\",\"@id\":\"https:\\\/\\\/casadecampoliving.com\\\/es\\\/#\\\/schema\\\/person\\\/2b98239567a83efbaecc5d699b8c5daa\",\"name\":\"Priscilla Baez\",\"image\":{\"@type\":\"ImageObject\",\"inLanguage\":\"es\",\"@id\":\"https:\\\/\\\/secure.gravatar.com\\\/avatar\\\/6eea450f6a25a74fca8404539229b20476726d67dd14ce3f202f7870f6464dcf?s=96&d=mm&r=g\",\"url\":\"https:\\\/\\\/secure.gravatar.com\\\/avatar\\\/6eea450f6a25a74fca8404539229b20476726d67dd14ce3f202f7870f6464dcf?s=96&d=mm&r=g\",\"contentUrl\":\"https:\\\/\\\/secure.gravatar.com\\\/avatar\\\/6eea450f6a25a74fca8404539229b20476726d67dd14ce3f202f7870f6464dcf?s=96&d=mm&r=g\",\"caption\":\"Priscilla Baez\"},\"sameAs\":[\"https:\\\/\\\/casadecampoliving.com\"],\"url\":\"https:\\\/\\\/casadecampoliving.com\\\/es\\\/author\\\/pbaez\\\/\"}]}<\/script>\n<!-- \/ Yoast SEO plugin. -->","yoast_head_json":{"title":"XIX Retiro Carismatico presented by the Fundacion MIR | Casa de Campo Living","description":"Every year the Fundacion MIR hosts the Retiro Carismatico, which in English translates to \u2018charismatic retreat,\u2019 but would be more accurately translated","robots":{"index":"index","follow":"follow","max-snippet":"max-snippet:-1","max-image-preview":"max-image-preview:large","max-video-preview":"max-video-preview:-1"},"canonical":"https:\/\/casadecampoliving.com\/es\/xix-retiro-carismatico-presented-by-the-fundacion-mir\/","og_locale":"es_ES","og_type":"article","og_title":"XIX Retiro Carismatico presented by the Fundacion MIR | Casa de Campo Living","og_description":"Every year the Fundacion MIR hosts the Retiro Carismatico, which in English translates to \u2018charismatic retreat,\u2019 but would be more accurately translated","og_url":"https:\/\/casadecampoliving.com\/es\/xix-retiro-carismatico-presented-by-the-fundacion-mir\/","og_site_name":"Casa de Campo Living","article_publisher":"https:\/\/www.facebook.com\/casadecampoliving","article_published_time":"2009-09-29T04:00:00+00:00","article_modified_time":"2022-10-21T21:49:03+00:00","og_image":[{"width":252,"height":102,"url":"https:\/\/i0.wp.com\/casadecampoliving.com\/wp-content\/uploads\/2022\/10\/MIR1-1.jpg?fit=252%2C102&ssl=1","type":"image\/jpeg"}],"author":"Priscilla Baez","twitter_card":"summary_large_image","twitter_creator":"@cdcliving","twitter_site":"@cdcliving","twitter_misc":{"Escrito por":"Priscilla Baez","Tiempo de lectura":"1 minuto"},"schema":{"@context":"https:\/\/schema.org","@graph":[{"@type":"Article","@id":"https:\/\/casadecampoliving.com\/es\/xix-retiro-carismatico-presented-by-the-fundacion-mir\/#article","isPartOf":{"@id":"https:\/\/casadecampoliving.com\/es\/xix-retiro-carismatico-presented-by-the-fundacion-mir\/"},"author":{"name":"Priscilla Baez","@id":"https:\/\/casadecampoliving.com\/es\/#\/schema\/person\/2b98239567a83efbaecc5d699b8c5daa"},"headline":"XIX Retiro Carismatico presented by the Fundacion MIR","datePublished":"2009-09-29T04:00:00+00:00","dateModified":"2022-10-21T21:49:03+00:00","mainEntityOfPage":{"@id":"https:\/\/casadecampoliving.com\/es\/xix-retiro-carismatico-presented-by-the-fundacion-mir\/"},"wordCount":208,"publisher":{"@id":"https:\/\/casadecampoliving.com\/es\/#organization"},"image":{"@id":"https:\/\/casadecampoliving.com\/es\/xix-retiro-carismatico-presented-by-the-fundacion-mir\/#primaryimage"},"thumbnailUrl":"https:\/\/i0.wp.com\/casadecampoliving.com\/wp-content\/uploads\/2022\/10\/MIR1-1.jpg?fit=252%2C102&ssl=1","keywords":["cacique conference centre","Fundacion MIR @es","retiro carismatico"],"articleSection":["Eventos","Destacados","Proximamente"],"inLanguage":"es"},{"@type":"WebPage","@id":"https:\/\/casadecampoliving.com\/es\/xix-retiro-carismatico-presented-by-the-fundacion-mir\/","url":"https:\/\/casadecampoliving.com\/es\/xix-retiro-carismatico-presented-by-the-fundacion-mir\/","name":"XIX Retiro Carismatico presented by the Fundacion MIR | Casa de Campo Living","isPartOf":{"@id":"https:\/\/casadecampoliving.com\/es\/#website"},"primaryImageOfPage":{"@id":"https:\/\/casadecampoliving.com\/es\/xix-retiro-carismatico-presented-by-the-fundacion-mir\/#primaryimage"},"image":{"@id":"https:\/\/casadecampoliving.com\/es\/xix-retiro-carismatico-presented-by-the-fundacion-mir\/#primaryimage"},"thumbnailUrl":"https:\/\/i0.wp.com\/casadecampoliving.com\/wp-content\/uploads\/2022\/10\/MIR1-1.jpg?fit=252%2C102&ssl=1","datePublished":"2009-09-29T04:00:00+00:00","dateModified":"2022-10-21T21:49:03+00:00","description":"Every year the Fundacion MIR hosts the Retiro Carismatico, which in English translates to \u2018charismatic retreat,\u2019 but would be more accurately translated","breadcrumb":{"@id":"https:\/\/casadecampoliving.com\/es\/xix-retiro-carismatico-presented-by-the-fundacion-mir\/#breadcrumb"},"inLanguage":"es","potentialAction":[{"@type":"ReadAction","target":["https:\/\/casadecampoliving.com\/es\/xix-retiro-carismatico-presented-by-the-fundacion-mir\/"]}]},{"@type":"ImageObject","inLanguage":"es","@id":"https:\/\/casadecampoliving.com\/es\/xix-retiro-carismatico-presented-by-the-fundacion-mir\/#primaryimage","url":"https:\/\/i0.wp.com\/casadecampoliving.com\/wp-content\/uploads\/2022\/10\/MIR1-1.jpg?fit=252%2C102&ssl=1","contentUrl":"https:\/\/i0.wp.com\/casadecampoliving.com\/wp-content\/uploads\/2022\/10\/MIR1-1.jpg?fit=252%2C102&ssl=1","width":252,"height":102},{"@type":"BreadcrumbList","@id":"https:\/\/casadecampoliving.com\/es\/xix-retiro-carismatico-presented-by-the-fundacion-mir\/#breadcrumb","itemListElement":[{"@type":"ListItem","position":1,"name":"Home","item":"https:\/\/casadecampoliving.com\/es\/"},{"@type":"ListItem","position":2,"name":"XIX Retiro Carismatico presented by the Fundacion MIR"}]},{"@type":"WebSite","@id":"https:\/\/casadecampoliving.com\/es\/#website","url":"https:\/\/casadecampoliving.com\/es\/","name":"Casa de Campo Living","description":"Resort community news and resources.","publisher":{"@id":"https:\/\/casadecampoliving.com\/es\/#organization"},"potentialAction":[{"@type":"SearchAction","target":{"@type":"EntryPoint","urlTemplate":"https:\/\/casadecampoliving.com\/es\/?s={search_term_string}"},"query-input":{"@type":"PropertyValueSpecification","valueRequired":true,"valueName":"search_term_string"}}],"inLanguage":"es"},{"@type":"Organization","@id":"https:\/\/casadecampoliving.com\/es\/#organization","name":"Casa de Campo Living","url":"https:\/\/casadecampoliving.com\/es\/","logo":{"@type":"ImageObject","inLanguage":"es","@id":"https:\/\/casadecampoliving.com\/es\/#\/schema\/logo\/image\/","url":"https:\/\/i0.wp.com\/casadecampoliving.com\/wp-content\/uploads\/2022\/07\/CDCLivingLogo_V1-white-sized.png?fit=800%2C214&ssl=1","contentUrl":"https:\/\/i0.wp.com\/casadecampoliving.com\/wp-content\/uploads\/2022\/07\/CDCLivingLogo_V1-white-sized.png?fit=800%2C214&ssl=1","width":800,"height":214,"caption":"Casa de Campo Living"},"image":{"@id":"https:\/\/casadecampoliving.com\/es\/#\/schema\/logo\/image\/"},"sameAs":["https:\/\/www.facebook.com\/casadecampoliving","https:\/\/x.com\/cdcliving"]},{"@type":"Person","@id":"https:\/\/casadecampoliving.com\/es\/#\/schema\/person\/2b98239567a83efbaecc5d699b8c5daa","name":"Priscilla Baez","image":{"@type":"ImageObject","inLanguage":"es","@id":"https:\/\/secure.gravatar.com\/avatar\/6eea450f6a25a74fca8404539229b20476726d67dd14ce3f202f7870f6464dcf?s=96&d=mm&r=g","url":"https:\/\/secure.gravatar.com\/avatar\/6eea450f6a25a74fca8404539229b20476726d67dd14ce3f202f7870f6464dcf?s=96&d=mm&r=g","contentUrl":"https:\/\/secure.gravatar.com\/avatar\/6eea450f6a25a74fca8404539229b20476726d67dd14ce3f202f7870f6464dcf?s=96&d=mm&r=g","caption":"Priscilla Baez"},"sameAs":["https:\/\/casadecampoliving.com"],"url":"https:\/\/casadecampoliving.com\/es\/author\/pbaez\/"}]}},"parsely":{"version":"1.1.0","canonical_url":"https:\/\/casadecampoliving.com\/es\/xix-retiro-carismatico-presented-by-the-fundacion-mir\/","smart_links":{"inbound":0,"outbound":0},"traffic_boost_suggestions_count":0,"meta":{"@context":"https:\/\/schema.org","@type":"NewsArticle","headline":"XIX Retiro Carismatico presented by the Fundacion MIR","url":"http:\/\/casadecampoliving.com\/es\/xix-retiro-carismatico-presented-by-the-fundacion-mir\/","mainEntityOfPage":{"@type":"WebPage","@id":"http:\/\/casadecampoliving.com\/es\/xix-retiro-carismatico-presented-by-the-fundacion-mir\/"},"thumbnailUrl":"https:\/\/i0.wp.com\/casadecampoliving.com\/wp-content\/uploads\/2022\/10\/MIR1-1.jpg?resize=150%2C102&ssl=1","image":{"@type":"ImageObject","url":"https:\/\/i0.wp.com\/casadecampoliving.com\/wp-content\/uploads\/2022\/10\/MIR1-1.jpg?fit=252%2C102&ssl=1"},"articleSection":"Eventos","author":[{"@type":"Person","name":"Priscilla Baez"}],"creator":["Priscilla Baez"],"publisher":{"@type":"Organization","name":"Casa de Campo Living","logo":"https:\/\/casadecampoliving.com\/wp-content\/uploads\/2022\/07\/CDCLivingLogo_V1-white-sized.png"},"keywords":["cacique conference centre","fundacion mir","retiro carismatico"],"dateCreated":"2009-09-29T04:00:00Z","datePublished":"2009-09-29T04:00:00Z","dateModified":"2022-10-21T21:49:03Z"},"rendered":"<script type=\"application\/ld+json\" class=\"wp-parsely-metadata\">{\"@context\":\"https:\\\/\\\/schema.org\",\"@type\":\"NewsArticle\",\"headline\":\"XIX Retiro Carismatico presented by the Fundacion MIR\",\"url\":\"http:\\\/\\\/casadecampoliving.com\\\/es\\\/xix-retiro-carismatico-presented-by-the-fundacion-mir\\\/\",\"mainEntityOfPage\":{\"@type\":\"WebPage\",\"@id\":\"http:\\\/\\\/casadecampoliving.com\\\/es\\\/xix-retiro-carismatico-presented-by-the-fundacion-mir\\\/\"},\"thumbnailUrl\":\"https:\\\/\\\/i0.wp.com\\\/casadecampoliving.com\\\/wp-content\\\/uploads\\\/2022\\\/10\\\/MIR1-1.jpg?resize=150%2C102&ssl=1\",\"image\":{\"@type\":\"ImageObject\",\"url\":\"https:\\\/\\\/i0.wp.com\\\/casadecampoliving.com\\\/wp-content\\\/uploads\\\/2022\\\/10\\\/MIR1-1.jpg?fit=252%2C102&ssl=1\"},\"articleSection\":\"Eventos\",\"author\":[{\"@type\":\"Person\",\"name\":\"Priscilla Baez\"}],\"creator\":[\"Priscilla Baez\"],\"publisher\":{\"@type\":\"Organization\",\"name\":\"Casa de Campo Living\",\"logo\":\"https:\\\/\\\/casadecampoliving.com\\\/wp-content\\\/uploads\\\/2022\\\/07\\\/CDCLivingLogo_V1-white-sized.png\"},\"keywords\":[\"cacique conference centre\",\"fundacion mir\",\"retiro carismatico\"],\"dateCreated\":\"2009-09-29T04:00:00Z\",\"datePublished\":\"2009-09-29T04:00:00Z\",\"dateModified\":\"2022-10-21T21:49:03Z\"}<\/script>","tracker_url":"https:\/\/cdn.parsely.com\/keys\/casadecampoliving.com\/p.js"},"jetpack_publicize_connections":[],"jetpack_featured_media_url":"https:\/\/i0.wp.com\/casadecampoliving.com\/wp-content\/uploads\/2022\/10\/MIR1-1.jpg?fit=252%2C102&ssl=1","jetpack-related-posts":[{"id":319276,"url":"https:\/\/casadecampoliving.com\/es\/the-fundacion-mir-xx-retiro-carismatico-oct-1st-3rd\/","url_meta":{"origin":317349,"position":0},"title":"The Fundacion MIR, XX Retiro Carism\u00e1tico: Oct 1st \u2013 3rd","author":"Rebecca Silvestri","date":"27 Sep, 2010","format":false,"excerpt":"Every year the Fundacion MIR hosts the Retiro Carismatico, which in English translates to \u2018charismatic retreat,\u2019 but would be more accurately translated as a spiritual retreat.\u00a0The aim of this retreat is to open the hearts of the people, embrace religion and impart and share biblical knowledge. The retreat is open\u2026","rel":"","context":"En \u00abArt and Culture\u00bb","block_context":{"text":"Art and Culture","link":"https:\/\/casadecampoliving.com\/category\/art-and-culture\/"},"img":{"alt_text":"","src":"https:\/\/i0.wp.com\/casadecampoliving.com\/wp-content\/uploads\/2022\/10\/fundacion_mir_carisamtico-1.jpg?fit=575%2C221&ssl=1&resize=350%2C200","width":350,"height":200,"srcset":"https:\/\/i0.wp.com\/casadecampoliving.com\/wp-content\/uploads\/2022\/10\/fundacion_mir_carisamtico-1.jpg?fit=575%2C221&ssl=1&resize=350%2C200 1x, https:\/\/i0.wp.com\/casadecampoliving.com\/wp-content\/uploads\/2022\/10\/fundacion_mir_carisamtico-1.jpg?fit=575%2C221&ssl=1&resize=525%2C300 1.5x"},"classes":[]},{"id":320497,"url":"https:\/\/casadecampoliving.com\/es\/the-fundacion-mir-xxi-retiro-carismatico-30th-sept-oct-2nd\/","url_meta":{"origin":317349,"position":1},"title":"The Fundacion MIR, XXI Retiro Carism\u00e1tico: 30th Sept &#8211; Oct 2nd","author":"Rebecca Silvestri","date":"21 Sep, 2011","format":false,"excerpt":"\u00a0Every year the Fundacion MIR hosts the \u2018Retiro Carismatico\u2019, which in English translates to \u2018charismatic retreat,\u2019 but would be more accurately translated as a spiritual retreat. The aim of this retreat is to open the hearts of the people, embrace religion and impart and share biblical knowledge. The retreat is\u2026","rel":"","context":"En \u00abM\u00e1s all\u00e1 de Casa\u00bb","block_context":{"text":"M\u00e1s all\u00e1 de Casa","link":"https:\/\/casadecampoliving.com\/es\/category\/mas-alla-de-casa-es\/"},"img":{"alt_text":"","src":"https:\/\/i0.wp.com\/casadecampoliving.com\/wp-content\/uploads\/2022\/10\/fundacion_MIR-20.jpg?fit=565%2C258&ssl=1&resize=350%2C200","width":350,"height":200,"srcset":"https:\/\/i0.wp.com\/casadecampoliving.com\/wp-content\/uploads\/2022\/10\/fundacion_MIR-20.jpg?fit=565%2C258&ssl=1&resize=350%2C200 1x, https:\/\/i0.wp.com\/casadecampoliving.com\/wp-content\/uploads\/2022\/10\/fundacion_MIR-20.jpg?fit=565%2C258&ssl=1&resize=525%2C300 1.5x"},"classes":[]},{"id":322697,"url":"https:\/\/casadecampoliving.com\/fundacion-mir-xxiii-spiritual-retreat-oct-4th-6th\/","url_meta":{"origin":317349,"position":2},"title":"The Fundacion MIR, XXIII Spiritual Retreat: Oct. 4th &#8211; 6th","author":"Rebecca Silvestri","date":"18 Sep, 2013","format":false,"excerpt":"Every year the Fundacion MIR, hosts the \u2018Retiro Carismatico\u2019, which in English literally means \u201cCharismatic Retreat\u201d or more accurately \u201cSpiritual Retreat\u201d. The aim of this 3-day spiritual gathering is to open the hearts of people from different regions of the Dominican Republic; to embrace religion and share biblical knowledge.\u00a0 This\u2026","rel":"","context":"En \u00abBeyond Casa\u00bb","block_context":{"text":"Beyond Casa","link":"https:\/\/casadecampoliving.com\/category\/beyond-casa\/"},"img":{"alt_text":"Fundacion MIR Retiro Carismatico","src":"https:\/\/i0.wp.com\/casadecampoliving.com\/wp-content\/uploads\/2022\/10\/fundacion_MIR_retiro_carismatico-1.jpg?fit=650%2C295&ssl=1&resize=350%2C200","width":350,"height":200,"srcset":"https:\/\/i0.wp.com\/casadecampoliving.com\/wp-content\/uploads\/2022\/10\/fundacion_MIR_retiro_carismatico-1.jpg?fit=650%2C295&ssl=1&resize=350%2C200 1x, https:\/\/i0.wp.com\/casadecampoliving.com\/wp-content\/uploads\/2022\/10\/fundacion_MIR_retiro_carismatico-1.jpg?fit=650%2C295&ssl=1&resize=525%2C300 1.5x"},"classes":[]},{"id":326568,"url":"https:\/\/casadecampoliving.com\/fundacion-mir-celebrated-the-25-annual-spiritual-retreat\/","url_meta":{"origin":317349,"position":3},"title":"Fundaci\u00f3n MIR celebrated the 25\u00b0 annual Spiritual Retreat!","author":"Felix Guerrero","date":"18 Oct, 2015","format":false,"excerpt":"From Friday 2nd to Sunday 4th of October, the 25th annual Fundaci\u00f3n MIR \u201cRetiro Carism\u00e1tico\u201d or \u201cSpiritual Retreat\u201d was successfully carried out. The retreat was coordinated by the Fundaci\u00f3n MIR, the Estrella de Paz Praying Group\u00a0and Georgina Calzada, members of the Comunidad de Siervos de Cristo Vivo, the parish of\u2026","rel":"","context":"En \u00abCasa de Campo Living\u00bb","block_context":{"text":"Casa de Campo Living","link":"https:\/\/casadecampoliving.com\/category\/casa-de-campo-living\/"},"img":{"alt_text":"Retiro Carism\u00e1tico 1","src":"https:\/\/i0.wp.com\/casadecampoliving.com\/wp-content\/uploads\/2022\/10\/Retiro-Carismatico-1-1.jpg?fit=650%2C400&ssl=1&resize=350%2C200","width":350,"height":200,"srcset":"https:\/\/i0.wp.com\/casadecampoliving.com\/wp-content\/uploads\/2022\/10\/Retiro-Carismatico-1-1.jpg?fit=650%2C400&ssl=1&resize=350%2C200 1x, https:\/\/i0.wp.com\/casadecampoliving.com\/wp-content\/uploads\/2022\/10\/Retiro-Carismatico-1-1.jpg?fit=650%2C400&ssl=1&resize=525%2C300 1.5x"},"classes":[]},{"id":348330,"url":"https:\/\/casadecampoliving.com\/es\/recordatorio-retiro-carismatico-de-la-fundacion-mir-este-4-6-de-octubre\/","url_meta":{"origin":317349,"position":4},"title":"\u00a1RECORDATORIO: Retiro Carism\u00e1tico de la Fundaci\u00f3n MIR este 4 &#8211; 6 de octubre!","author":"Felix Guerrero","date":"29 Sep, 2015","format":false,"excerpt":"Estamos a s\u00f3lo unos d\u00edas del 25\u00b0 Retiro Carism\u00e1tico de la Fundaci\u00f3n MIR. Se llevar\u00e1 acabo\u00a0este mes de octubre desde el viernes 2 al domingo 4 en el Centro de Conferencias Flamboyan en Casa de Campo. El Retiro Carism\u00e1tico es una concurrencia de 3 d\u00edas que busca abrir los corazones\u2026","rel":"","context":"En \u00abEstilo de Vida\u00bb","block_context":{"text":"Estilo de Vida","link":"https:\/\/casadecampoliving.com\/es\/category\/estilo-de-vida\/"},"img":{"alt_text":"","src":"https:\/\/i0.wp.com\/casadecampoliving.com\/wp-content\/uploads\/2022\/10\/Retiro_Carismatico-1.jpg?fit=1200%2C992&ssl=1&resize=350%2C200","width":350,"height":200,"srcset":"https:\/\/i0.wp.com\/casadecampoliving.com\/wp-content\/uploads\/2022\/10\/Retiro_Carismatico-1.jpg?fit=1200%2C992&ssl=1&resize=350%2C200 1x, https:\/\/i0.wp.com\/casadecampoliving.com\/wp-content\/uploads\/2022\/10\/Retiro_Carismatico-1.jpg?fit=1200%2C992&ssl=1&resize=525%2C300 1.5x, https:\/\/i0.wp.com\/casadecampoliving.com\/wp-content\/uploads\/2022\/10\/Retiro_Carismatico-1.jpg?fit=1200%2C992&ssl=1&resize=700%2C400 2x, https:\/\/i0.wp.com\/casadecampoliving.com\/wp-content\/uploads\/2022\/10\/Retiro_Carismatico-1.jpg?fit=1200%2C992&ssl=1&resize=1050%2C600 3x"},"classes":[]},{"id":342915,"url":"https:\/\/casadecampoliving.com\/es\/la-fundacion-mir-celebra-su-vigesimo-tercer-retiro-espiritual-del-4-al-6-de-septiembre\/","url_meta":{"origin":317349,"position":5},"title":"La Fundaci\u00f3n MIR celebra su vig\u00e9simo tercer Retiro Espiritual del 4 al 6 de septiembre","author":"Lenny Castillo","date":"18 Sep, 2013","format":false,"excerpt":"Cada a\u00f1o la Fundaci\u00f3n MIR, acoge el \u201cEl Retiro Carism\u00e1tico\u201d, o tambi\u00e9n conocido como \u201cretiro espiritual\u201d. El objetivo de esta reuni\u00f3n espiritual de 3 d\u00edas es abrir los corazones de la gente de diferentes regiones de la Rep\u00fablica Dominicana, a abrazar la religi\u00f3n y compartir el conocimiento b\u00edblico. Este a\u00f1o,\u2026","rel":"","context":"En \u00abDestacados\u00bb","block_context":{"text":"Destacados","link":"https:\/\/casadecampoliving.com\/es\/category\/destacados\/"},"img":{"alt_text":"Fundacion MIR Retiro Carismatico","src":"https:\/\/i0.wp.com\/casadecampoliving.com\/wp-content\/uploads\/2022\/10\/fundacion_MIR_retiro_carismatico-1.jpg?fit=650%2C295&ssl=1&resize=350%2C200","width":350,"height":200,"srcset":"https:\/\/i0.wp.com\/casadecampoliving.com\/wp-content\/uploads\/2022\/10\/fundacion_MIR_retiro_carismatico-1.jpg?fit=650%2C295&ssl=1&resize=350%2C200 1x, https:\/\/i0.wp.com\/casadecampoliving.com\/wp-content\/uploads\/2022\/10\/fundacion_MIR_retiro_carismatico-1.jpg?fit=650%2C295&ssl=1&resize=525%2C300 1.5x"},"classes":[]}],"jetpack_sharing_enabled":true,"_links":{"self":[{"href":"https:\/\/casadecampoliving.com\/es\/wp-json\/wp\/v2\/posts\/317349","targetHints":{"allow":["GET"]}}],"collection":[{"href":"https:\/\/casadecampoliving.com\/es\/wp-json\/wp\/v2\/posts"}],"about":[{"href":"https:\/\/casadecampoliving.com\/es\/wp-json\/wp\/v2\/types\/post"}],"author":[{"embeddable":true,"href":"https:\/\/casadecampoliving.com\/es\/wp-json\/wp\/v2\/users\/83"}],"replies":[{"embeddable":true,"href":"https:\/\/casadecampoliving.com\/es\/wp-json\/wp\/v2\/comments?post=317349"}],"version-history":[{"count":0,"href":"https:\/\/casadecampoliving.com\/es\/wp-json\/wp\/v2\/posts\/317349\/revisions"}],"wp:featuredmedia":[{"embeddable":true,"href":"https:\/\/casadecampoliving.com\/es\/wp-json\/wp\/v2\/media\/214247"}],"wp:attachment":[{"href":"https:\/\/casadecampoliving.com\/es\/wp-json\/wp\/v2\/media?parent=317349"}],"wp:term":[{"taxonomy":"category","embeddable":true,"href":"https:\/\/casadecampoliving.com\/es\/wp-json\/wp\/v2\/categories?post=317349"},{"taxonomy":"post_tag","embeddable":true,"href":"https:\/\/casadecampoliving.com\/es\/wp-json\/wp\/v2\/tags?post=317349"},{"taxonomy":"newspack_spnsrs_tax","embeddable":true,"href":"https:\/\/casadecampoliving.com\/es\/wp-json\/wp\/v2\/newspack_spnsrs_tax?post=317349"}],"curies":[{"name":"wp","href":"https:\/\/api.w.org\/{rel}","templated":true}]}}