{"id":317244,"date":"2009-09-15T00:00:00","date_gmt":"2009-09-15T04:00:00","guid":{"rendered":"https:\/\/casadecampoliving.com\/draft-last-chance-to-see-jorge-silvestres-cielos-inventados-at-the-altos-de-chavon-art-gallery\/"},"modified":"2022-11-10T10:40:00","modified_gmt":"2022-11-10T14:40:00","slug":"draft-last-chance-to-see-jorge-silvestres-cielos-inventados-at-the-altos-de-chavon-art-gallery","status":"publish","type":"post","link":"https:\/\/casadecampoliving.com\/es\/draft-last-chance-to-see-jorge-silvestres-cielos-inventados-at-the-altos-de-chavon-art-gallery\/","title":{"rendered":"Last chance to see Jorge Silvestre\u2019s \u201cCielos Inventados\u201d at the Altos de Chavon Art Gallery"},"content":{"rendered":"<a href=\"https:\/\/i0.wp.com\/casadecampoliving.com\/wp-content\/uploads\/2022\/10\/HPIM5920.jpg?ssl=1\"><img data-recalc-dims=\"1\" loading=\"lazy\" decoding=\"async\" class=\"alignnone size-full wp-image-5448\" title=\"HPIM5920\" src=\"https:\/\/i0.wp.com\/casadecampoliving.com\/wp-content\/uploads\/2022\/10\/HPIM5920.jpg?resize=580%2C434&#038;ssl=1\" alt=\"HPIM5920\" width=\"580\" height=\"434\" \/><\/a>\n\n<a href=\"https:\/\/casadecampoliving.com\/wp-content\/uploads\/2022\/10\/HPIM5920.jpg\"><\/a>The exhibition \u00abCielos Inventados\u00bb at the Altos de Chavon Gallery closes next Monday the 21st of September.<!--more-->\n\nThe exhibition was officially opened with an inauguration event on Friday the 21st of August, and was attended by over 100 art fans, all of whom were very impressed with the standard of art on display. The photos below are from the inauguration e- if you look carefully, behind the people you will catch a glimpse of some of the beautiful paintings.\n\nIf you haven&#8217;t already seen it &#8211; it&#8217;s worth a peek before it&#8217;s too late!\n\n\n<figure class=\"wp-block-gallery has-nested-images columns-default is-cropped wp-block-gallery-1 is-layout-flex wp-block-gallery-is-layout-flex\">\n<figure class=\"wp-block-image size-large\"><img data-recalc-dims=\"1\" loading=\"lazy\" decoding=\"async\" width=\"800\" height=\"596\" data-id=\"358120\" src=\"https:\/\/i0.wp.com\/casadecampoliving.com\/wp-content\/uploads\/2022\/10\/hpim5890.jpg?resize=800%2C596&#038;ssl=1\" alt=\"\" class=\"wp-image-358120\" srcset=\"https:\/\/i0.wp.com\/casadecampoliving.com\/wp-content\/uploads\/2022\/10\/hpim5890.jpg?w=800&amp;ssl=1 800w, https:\/\/i0.wp.com\/casadecampoliving.com\/wp-content\/uploads\/2022\/10\/hpim5890.jpg?resize=300%2C224&amp;ssl=1 300w, https:\/\/i0.wp.com\/casadecampoliving.com\/wp-content\/uploads\/2022\/10\/hpim5890.jpg?resize=768%2C572&amp;ssl=1 768w, https:\/\/i0.wp.com\/casadecampoliving.com\/wp-content\/uploads\/2022\/10\/hpim5890.jpg?resize=200%2C150&amp;ssl=1 200w, https:\/\/i0.wp.com\/casadecampoliving.com\/wp-content\/uploads\/2022\/10\/hpim5890.jpg?resize=400%2C298&amp;ssl=1 400w, https:\/\/i0.wp.com\/casadecampoliving.com\/wp-content\/uploads\/2022\/10\/hpim5890.jpg?resize=706%2C526&amp;ssl=1 706w, https:\/\/i0.wp.com\/casadecampoliving.com\/wp-content\/uploads\/2022\/10\/hpim5890.jpg?resize=150%2C112&amp;ssl=1 150w, https:\/\/i0.wp.com\/casadecampoliving.com\/wp-content\/uploads\/2022\/10\/hpim5890.jpg?w=370&amp;ssl=1 370w\" sizes=\"auto, (max-width: 800px) 100vw, 800px\" \/><\/figure>\n\n\n\n<figure class=\"wp-block-image size-large\"><img data-recalc-dims=\"1\" loading=\"lazy\" decoding=\"async\" width=\"800\" height=\"596\" data-id=\"358122\" src=\"https:\/\/i0.wp.com\/casadecampoliving.com\/wp-content\/uploads\/2022\/10\/hpim5897.jpg?resize=800%2C596&#038;ssl=1\" alt=\"\" class=\"wp-image-358122\" srcset=\"https:\/\/i0.wp.com\/casadecampoliving.com\/wp-content\/uploads\/2022\/10\/hpim5897.jpg?w=800&amp;ssl=1 800w, https:\/\/i0.wp.com\/casadecampoliving.com\/wp-content\/uploads\/2022\/10\/hpim5897.jpg?resize=300%2C224&amp;ssl=1 300w, https:\/\/i0.wp.com\/casadecampoliving.com\/wp-content\/uploads\/2022\/10\/hpim5897.jpg?resize=768%2C572&amp;ssl=1 768w, https:\/\/i0.wp.com\/casadecampoliving.com\/wp-content\/uploads\/2022\/10\/hpim5897.jpg?resize=200%2C150&amp;ssl=1 200w, https:\/\/i0.wp.com\/casadecampoliving.com\/wp-content\/uploads\/2022\/10\/hpim5897.jpg?resize=400%2C298&amp;ssl=1 400w, https:\/\/i0.wp.com\/casadecampoliving.com\/wp-content\/uploads\/2022\/10\/hpim5897.jpg?resize=706%2C526&amp;ssl=1 706w, https:\/\/i0.wp.com\/casadecampoliving.com\/wp-content\/uploads\/2022\/10\/hpim5897.jpg?resize=150%2C112&amp;ssl=1 150w, https:\/\/i0.wp.com\/casadecampoliving.com\/wp-content\/uploads\/2022\/10\/hpim5897.jpg?w=370&amp;ssl=1 370w\" sizes=\"auto, (max-width: 800px) 100vw, 800px\" \/><\/figure>\n\n\n\n<figure class=\"wp-block-image size-large\"><img data-recalc-dims=\"1\" loading=\"lazy\" decoding=\"async\" width=\"800\" height=\"602\" data-id=\"358124\" src=\"https:\/\/i0.wp.com\/casadecampoliving.com\/wp-content\/uploads\/2022\/10\/hpim5909-1.jpg?resize=800%2C602&#038;ssl=1\" alt=\"\" class=\"wp-image-358124\" srcset=\"https:\/\/i0.wp.com\/casadecampoliving.com\/wp-content\/uploads\/2022\/10\/hpim5909-1.jpg?w=800&amp;ssl=1 800w, https:\/\/i0.wp.com\/casadecampoliving.com\/wp-content\/uploads\/2022\/10\/hpim5909-1.jpg?resize=300%2C226&amp;ssl=1 300w, https:\/\/i0.wp.com\/casadecampoliving.com\/wp-content\/uploads\/2022\/10\/hpim5909-1.jpg?resize=768%2C578&amp;ssl=1 768w, https:\/\/i0.wp.com\/casadecampoliving.com\/wp-content\/uploads\/2022\/10\/hpim5909-1.jpg?resize=400%2C301&amp;ssl=1 400w, https:\/\/i0.wp.com\/casadecampoliving.com\/wp-content\/uploads\/2022\/10\/hpim5909-1.jpg?resize=200%2C150&amp;ssl=1 200w, https:\/\/i0.wp.com\/casadecampoliving.com\/wp-content\/uploads\/2022\/10\/hpim5909-1.jpg?resize=706%2C531&amp;ssl=1 706w, https:\/\/i0.wp.com\/casadecampoliving.com\/wp-content\/uploads\/2022\/10\/hpim5909-1.jpg?resize=150%2C113&amp;ssl=1 150w, https:\/\/i0.wp.com\/casadecampoliving.com\/wp-content\/uploads\/2022\/10\/hpim5909-1.jpg?w=370&amp;ssl=1 370w\" sizes=\"auto, (max-width: 800px) 100vw, 800px\" \/><\/figure>\n\n\n\n<figure class=\"wp-block-image size-large\"><img data-recalc-dims=\"1\" loading=\"lazy\" decoding=\"async\" width=\"800\" height=\"598\" data-id=\"358126\" src=\"https:\/\/i0.wp.com\/casadecampoliving.com\/wp-content\/uploads\/2022\/10\/hpim5920.jpg?resize=800%2C598&#038;ssl=1\" alt=\"\" class=\"wp-image-358126\" srcset=\"https:\/\/i0.wp.com\/casadecampoliving.com\/wp-content\/uploads\/2022\/10\/hpim5920.jpg?w=800&amp;ssl=1 800w, https:\/\/i0.wp.com\/casadecampoliving.com\/wp-content\/uploads\/2022\/10\/hpim5920.jpg?resize=300%2C224&amp;ssl=1 300w, https:\/\/i0.wp.com\/casadecampoliving.com\/wp-content\/uploads\/2022\/10\/hpim5920.jpg?resize=768%2C574&amp;ssl=1 768w, https:\/\/i0.wp.com\/casadecampoliving.com\/wp-content\/uploads\/2022\/10\/hpim5920.jpg?resize=400%2C299&amp;ssl=1 400w, https:\/\/i0.wp.com\/casadecampoliving.com\/wp-content\/uploads\/2022\/10\/hpim5920.jpg?resize=200%2C150&amp;ssl=1 200w, https:\/\/i0.wp.com\/casadecampoliving.com\/wp-content\/uploads\/2022\/10\/hpim5920.jpg?resize=706%2C528&amp;ssl=1 706w, https:\/\/i0.wp.com\/casadecampoliving.com\/wp-content\/uploads\/2022\/10\/hpim5920.jpg?resize=150%2C112&amp;ssl=1 150w, https:\/\/i0.wp.com\/casadecampoliving.com\/wp-content\/uploads\/2022\/10\/hpim5920.jpg?w=370&amp;ssl=1 370w\" sizes=\"auto, (max-width: 800px) 100vw, 800px\" \/><\/figure>\n<\/figure>\n","protected":false},"excerpt":{"rendered":"<p>The exhibition \u00abCielos Inventados\u00bb at the Altos de Chavon Gallery closes next Monday the 21st of September.<\/p>\n","protected":false},"author":31,"featured_media":213824,"comment_status":"closed","ping_status":"open","sticky":false,"template":"","format":"standard","meta":{"newspack_ads_suppress_ads":false,"newspack_popups_has_disabled_popups":false,"newspack_sponsor_sponsorship_scope":"","newspack_sponsor_native_byline_display":"inherit","newspack_sponsor_native_category_display":"inherit","newspack_sponsor_underwriter_style":"inherit","newspack_sponsor_underwriter_placement":"inherit","_newspack_byline_active":false,"_newspack_byline":"","newspack_hide_updated_date":false,"newspack_show_updated_date":false,"newspack_content_restriction_is_exempt":false,"newspack_featured_image_position":"","newspack_post_subtitle":"","newspack_article_summary_title":"Overview:","newspack_article_summary":"","_jetpack_memberships_contains_paid_content":false,"footnotes":"","jetpack_publicize_message":"","jetpack_publicize_feature_enabled":true,"jetpack_social_post_already_shared":false,"jetpack_social_options":{"image_generator_settings":{"template":"highway","default_image_id":0,"font":"","enabled":false},"version":2},"_wpas_customize_per_network":false},"categories":[56,45,51,44,14624,14626],"tags":[13810,321,13803,117,434],"newspack_spnsrs_tax":[],"class_list":["post-317244","post","type-post","status-publish","format-standard","has-post-thumbnail","hentry","category-altos-de-chavon","category-art-and-culture","category-events-and-activities","category-featured","category-local-news","category-upcoming","tag-altos-de-chavon","tag-altos-de-chavon-art-gallery","tag-art-and-culture","tag-casa-de-campo","tag-jorge-silvestre","entry"],"yoast_head":"<!-- This site is optimized with the Yoast SEO plugin v27.4 - https:\/\/yoast.com\/product\/yoast-seo-wordpress\/ -->\n<title>Last chance to see Jorge Silvestre\u2019s \u201cCielos Inventados\u201d at the Altos de Chavon Art Gallery | Casa de Campo Living<\/title>\n<meta name=\"description\" content=\"The exhibition &quot;Cielos Inventados&quot; at the Altos de Chavon Gallery closes next Monday the 21st of September. The exhibition was officially opened with an\" \/>\n<meta name=\"robots\" content=\"index, follow, max-snippet:-1, max-image-preview:large, max-video-preview:-1\" \/>\n<link rel=\"canonical\" href=\"https:\/\/casadecampoliving.com\/es\/draft-last-chance-to-see-jorge-silvestres-cielos-inventados-at-the-altos-de-chavon-art-gallery\/\" \/>\n<meta property=\"og:locale\" content=\"es_ES\" \/>\n<meta property=\"og:type\" content=\"article\" \/>\n<meta property=\"og:title\" content=\"Last chance to see Jorge Silvestre\u2019s \u201cCielos Inventados\u201d at the Altos de Chavon Art Gallery | Casa de Campo Living\" \/>\n<meta property=\"og:description\" content=\"The exhibition &quot;Cielos Inventados&quot; at the Altos de Chavon Gallery closes next Monday the 21st of September. The exhibition was officially opened with an\" \/>\n<meta property=\"og:url\" content=\"https:\/\/casadecampoliving.com\/es\/draft-last-chance-to-see-jorge-silvestres-cielos-inventados-at-the-altos-de-chavon-art-gallery\/\" \/>\n<meta property=\"og:site_name\" content=\"Casa de Campo Living\" \/>\n<meta property=\"article:publisher\" content=\"https:\/\/www.facebook.com\/casadecampoliving\" \/>\n<meta property=\"article:published_time\" content=\"2009-09-15T04:00:00+00:00\" \/>\n<meta property=\"article:modified_time\" content=\"2022-11-10T14:40:00+00:00\" \/>\n<meta property=\"og:image\" content=\"https:\/\/i0.wp.com\/casadecampoliving.com\/wp-content\/uploads\/2022\/10\/HPIM5920-1.jpg?fit=580%2C434&ssl=1\" \/>\n\t<meta property=\"og:image:width\" content=\"580\" \/>\n\t<meta property=\"og:image:height\" content=\"434\" \/>\n\t<meta property=\"og:image:type\" content=\"image\/jpeg\" \/>\n<meta name=\"author\" content=\"Rebecca Silvestri\" \/>\n<meta name=\"twitter:card\" content=\"summary_large_image\" \/>\n<meta name=\"twitter:creator\" content=\"@cdcliving\" \/>\n<meta name=\"twitter:site\" content=\"@cdcliving\" \/>\n<meta name=\"twitter:label1\" content=\"Escrito por\" \/>\n\t<meta name=\"twitter:data1\" content=\"Rebecca Silvestri\" \/>\n<script type=\"application\/ld+json\" class=\"yoast-schema-graph\">{\"@context\":\"https:\\\/\\\/schema.org\",\"@graph\":[{\"@type\":\"Article\",\"@id\":\"https:\\\/\\\/casadecampoliving.com\\\/es\\\/draft-last-chance-to-see-jorge-silvestres-cielos-inventados-at-the-altos-de-chavon-art-gallery\\\/#article\",\"isPartOf\":{\"@id\":\"https:\\\/\\\/casadecampoliving.com\\\/es\\\/draft-last-chance-to-see-jorge-silvestres-cielos-inventados-at-the-altos-de-chavon-art-gallery\\\/\"},\"author\":{\"name\":\"Rebecca Silvestri\",\"@id\":\"https:\\\/\\\/casadecampoliving.com\\\/es\\\/#\\\/schema\\\/person\\\/2b2208f3175fa8761e25b272e096d718\"},\"headline\":\"Last chance to see Jorge Silvestre\u2019s \u201cCielos Inventados\u201d at the Altos de Chavon Art Gallery\",\"datePublished\":\"2009-09-15T04:00:00+00:00\",\"dateModified\":\"2022-11-10T14:40:00+00:00\",\"mainEntityOfPage\":{\"@id\":\"https:\\\/\\\/casadecampoliving.com\\\/es\\\/draft-last-chance-to-see-jorge-silvestres-cielos-inventados-at-the-altos-de-chavon-art-gallery\\\/\"},\"wordCount\":112,\"publisher\":{\"@id\":\"https:\\\/\\\/casadecampoliving.com\\\/es\\\/#organization\"},\"image\":{\"@id\":\"https:\\\/\\\/casadecampoliving.com\\\/es\\\/draft-last-chance-to-see-jorge-silvestres-cielos-inventados-at-the-altos-de-chavon-art-gallery\\\/#primaryimage\"},\"thumbnailUrl\":\"https:\\\/\\\/i0.wp.com\\\/casadecampoliving.com\\\/wp-content\\\/uploads\\\/2022\\\/10\\\/HPIM5920-1.jpg?fit=580%2C434&ssl=1\",\"keywords\":[\"Altos de Chavon\",\"Altos de Chavon Art Gallery\",\"Art and Culture\",\"Casa de Campo\",\"Jorge Silvestre\"],\"articleSection\":[\"Altos de Chavon\",\"Art and Culture\",\"Events and Activities\",\"Featured\",\"Local News\",\"Upcoming\"],\"inLanguage\":\"es\"},{\"@type\":\"WebPage\",\"@id\":\"https:\\\/\\\/casadecampoliving.com\\\/es\\\/draft-last-chance-to-see-jorge-silvestres-cielos-inventados-at-the-altos-de-chavon-art-gallery\\\/\",\"url\":\"https:\\\/\\\/casadecampoliving.com\\\/es\\\/draft-last-chance-to-see-jorge-silvestres-cielos-inventados-at-the-altos-de-chavon-art-gallery\\\/\",\"name\":\"Last chance to see Jorge Silvestre\u2019s \u201cCielos Inventados\u201d at the Altos de Chavon Art Gallery | Casa de Campo Living\",\"isPartOf\":{\"@id\":\"https:\\\/\\\/casadecampoliving.com\\\/es\\\/#website\"},\"primaryImageOfPage\":{\"@id\":\"https:\\\/\\\/casadecampoliving.com\\\/es\\\/draft-last-chance-to-see-jorge-silvestres-cielos-inventados-at-the-altos-de-chavon-art-gallery\\\/#primaryimage\"},\"image\":{\"@id\":\"https:\\\/\\\/casadecampoliving.com\\\/es\\\/draft-last-chance-to-see-jorge-silvestres-cielos-inventados-at-the-altos-de-chavon-art-gallery\\\/#primaryimage\"},\"thumbnailUrl\":\"https:\\\/\\\/i0.wp.com\\\/casadecampoliving.com\\\/wp-content\\\/uploads\\\/2022\\\/10\\\/HPIM5920-1.jpg?fit=580%2C434&ssl=1\",\"datePublished\":\"2009-09-15T04:00:00+00:00\",\"dateModified\":\"2022-11-10T14:40:00+00:00\",\"description\":\"The exhibition \\\"Cielos Inventados\\\" at the Altos de Chavon Gallery closes next Monday the 21st of September. The exhibition was officially opened with an\",\"breadcrumb\":{\"@id\":\"https:\\\/\\\/casadecampoliving.com\\\/es\\\/draft-last-chance-to-see-jorge-silvestres-cielos-inventados-at-the-altos-de-chavon-art-gallery\\\/#breadcrumb\"},\"inLanguage\":\"es\",\"potentialAction\":[{\"@type\":\"ReadAction\",\"target\":[\"https:\\\/\\\/casadecampoliving.com\\\/es\\\/draft-last-chance-to-see-jorge-silvestres-cielos-inventados-at-the-altos-de-chavon-art-gallery\\\/\"]}]},{\"@type\":\"ImageObject\",\"inLanguage\":\"es\",\"@id\":\"https:\\\/\\\/casadecampoliving.com\\\/es\\\/draft-last-chance-to-see-jorge-silvestres-cielos-inventados-at-the-altos-de-chavon-art-gallery\\\/#primaryimage\",\"url\":\"https:\\\/\\\/i0.wp.com\\\/casadecampoliving.com\\\/wp-content\\\/uploads\\\/2022\\\/10\\\/HPIM5920-1.jpg?fit=580%2C434&ssl=1\",\"contentUrl\":\"https:\\\/\\\/i0.wp.com\\\/casadecampoliving.com\\\/wp-content\\\/uploads\\\/2022\\\/10\\\/HPIM5920-1.jpg?fit=580%2C434&ssl=1\",\"width\":580,\"height\":434},{\"@type\":\"BreadcrumbList\",\"@id\":\"https:\\\/\\\/casadecampoliving.com\\\/es\\\/draft-last-chance-to-see-jorge-silvestres-cielos-inventados-at-the-altos-de-chavon-art-gallery\\\/#breadcrumb\",\"itemListElement\":[{\"@type\":\"ListItem\",\"position\":1,\"name\":\"Home\",\"item\":\"https:\\\/\\\/casadecampoliving.com\\\/es\\\/\"},{\"@type\":\"ListItem\",\"position\":2,\"name\":\"Last chance to see Jorge Silvestre\u2019s \u201cCielos Inventados\u201d at the Altos de Chavon Art Gallery\"}]},{\"@type\":\"WebSite\",\"@id\":\"https:\\\/\\\/casadecampoliving.com\\\/es\\\/#website\",\"url\":\"https:\\\/\\\/casadecampoliving.com\\\/es\\\/\",\"name\":\"Casa de Campo Living\",\"description\":\"Resort community news and resources.\",\"publisher\":{\"@id\":\"https:\\\/\\\/casadecampoliving.com\\\/es\\\/#organization\"},\"potentialAction\":[{\"@type\":\"SearchAction\",\"target\":{\"@type\":\"EntryPoint\",\"urlTemplate\":\"https:\\\/\\\/casadecampoliving.com\\\/es\\\/?s={search_term_string}\"},\"query-input\":{\"@type\":\"PropertyValueSpecification\",\"valueRequired\":true,\"valueName\":\"search_term_string\"}}],\"inLanguage\":\"es\"},{\"@type\":\"Organization\",\"@id\":\"https:\\\/\\\/casadecampoliving.com\\\/es\\\/#organization\",\"name\":\"Casa de Campo Living\",\"url\":\"https:\\\/\\\/casadecampoliving.com\\\/es\\\/\",\"logo\":{\"@type\":\"ImageObject\",\"inLanguage\":\"es\",\"@id\":\"https:\\\/\\\/casadecampoliving.com\\\/es\\\/#\\\/schema\\\/logo\\\/image\\\/\",\"url\":\"https:\\\/\\\/i0.wp.com\\\/casadecampoliving.com\\\/wp-content\\\/uploads\\\/2022\\\/07\\\/CDCLivingLogo_V1-white-sized.png?fit=800%2C214&ssl=1\",\"contentUrl\":\"https:\\\/\\\/i0.wp.com\\\/casadecampoliving.com\\\/wp-content\\\/uploads\\\/2022\\\/07\\\/CDCLivingLogo_V1-white-sized.png?fit=800%2C214&ssl=1\",\"width\":800,\"height\":214,\"caption\":\"Casa de Campo Living\"},\"image\":{\"@id\":\"https:\\\/\\\/casadecampoliving.com\\\/es\\\/#\\\/schema\\\/logo\\\/image\\\/\"},\"sameAs\":[\"https:\\\/\\\/www.facebook.com\\\/casadecampoliving\",\"https:\\\/\\\/x.com\\\/cdcliving\"]},{\"@type\":\"Person\",\"@id\":\"https:\\\/\\\/casadecampoliving.com\\\/es\\\/#\\\/schema\\\/person\\\/2b2208f3175fa8761e25b272e096d718\",\"name\":\"Rebecca Silvestri\",\"image\":{\"@type\":\"ImageObject\",\"inLanguage\":\"es\",\"@id\":\"https:\\\/\\\/secure.gravatar.com\\\/avatar\\\/2d937fd6c1769fb718dbf8dce9e82bf5f89e97bd028f9b3ea10b931dc7df95c6?s=96&d=mm&r=g\",\"url\":\"https:\\\/\\\/secure.gravatar.com\\\/avatar\\\/2d937fd6c1769fb718dbf8dce9e82bf5f89e97bd028f9b3ea10b931dc7df95c6?s=96&d=mm&r=g\",\"contentUrl\":\"https:\\\/\\\/secure.gravatar.com\\\/avatar\\\/2d937fd6c1769fb718dbf8dce9e82bf5f89e97bd028f9b3ea10b931dc7df95c6?s=96&d=mm&r=g\",\"caption\":\"Rebecca Silvestri\"},\"url\":\"https:\\\/\\\/casadecampoliving.com\\\/es\\\/author\\\/madamehuge\\\/\"}]}<\/script>\n<!-- \/ Yoast SEO plugin. -->","yoast_head_json":{"title":"Last chance to see Jorge Silvestre\u2019s \u201cCielos Inventados\u201d at the Altos de Chavon Art Gallery | Casa de Campo Living","description":"The exhibition \"Cielos Inventados\" at the Altos de Chavon Gallery closes next Monday the 21st of September. The exhibition was officially opened with an","robots":{"index":"index","follow":"follow","max-snippet":"max-snippet:-1","max-image-preview":"max-image-preview:large","max-video-preview":"max-video-preview:-1"},"canonical":"https:\/\/casadecampoliving.com\/es\/draft-last-chance-to-see-jorge-silvestres-cielos-inventados-at-the-altos-de-chavon-art-gallery\/","og_locale":"es_ES","og_type":"article","og_title":"Last chance to see Jorge Silvestre\u2019s \u201cCielos Inventados\u201d at the Altos de Chavon Art Gallery | Casa de Campo Living","og_description":"The exhibition \"Cielos Inventados\" at the Altos de Chavon Gallery closes next Monday the 21st of September. The exhibition was officially opened with an","og_url":"https:\/\/casadecampoliving.com\/es\/draft-last-chance-to-see-jorge-silvestres-cielos-inventados-at-the-altos-de-chavon-art-gallery\/","og_site_name":"Casa de Campo Living","article_publisher":"https:\/\/www.facebook.com\/casadecampoliving","article_published_time":"2009-09-15T04:00:00+00:00","article_modified_time":"2022-11-10T14:40:00+00:00","og_image":[{"width":580,"height":434,"url":"https:\/\/i0.wp.com\/casadecampoliving.com\/wp-content\/uploads\/2022\/10\/HPIM5920-1.jpg?fit=580%2C434&ssl=1","type":"image\/jpeg"}],"author":"Rebecca Silvestri","twitter_card":"summary_large_image","twitter_creator":"@cdcliving","twitter_site":"@cdcliving","twitter_misc":{"Escrito por":"Rebecca Silvestri"},"schema":{"@context":"https:\/\/schema.org","@graph":[{"@type":"Article","@id":"https:\/\/casadecampoliving.com\/es\/draft-last-chance-to-see-jorge-silvestres-cielos-inventados-at-the-altos-de-chavon-art-gallery\/#article","isPartOf":{"@id":"https:\/\/casadecampoliving.com\/es\/draft-last-chance-to-see-jorge-silvestres-cielos-inventados-at-the-altos-de-chavon-art-gallery\/"},"author":{"name":"Rebecca Silvestri","@id":"https:\/\/casadecampoliving.com\/es\/#\/schema\/person\/2b2208f3175fa8761e25b272e096d718"},"headline":"Last chance to see Jorge Silvestre\u2019s \u201cCielos Inventados\u201d at the Altos de Chavon Art Gallery","datePublished":"2009-09-15T04:00:00+00:00","dateModified":"2022-11-10T14:40:00+00:00","mainEntityOfPage":{"@id":"https:\/\/casadecampoliving.com\/es\/draft-last-chance-to-see-jorge-silvestres-cielos-inventados-at-the-altos-de-chavon-art-gallery\/"},"wordCount":112,"publisher":{"@id":"https:\/\/casadecampoliving.com\/es\/#organization"},"image":{"@id":"https:\/\/casadecampoliving.com\/es\/draft-last-chance-to-see-jorge-silvestres-cielos-inventados-at-the-altos-de-chavon-art-gallery\/#primaryimage"},"thumbnailUrl":"https:\/\/i0.wp.com\/casadecampoliving.com\/wp-content\/uploads\/2022\/10\/HPIM5920-1.jpg?fit=580%2C434&ssl=1","keywords":["Altos de Chavon","Altos de Chavon Art Gallery","Art and Culture","Casa de Campo","Jorge Silvestre"],"articleSection":["Altos de Chavon","Art and Culture","Events and Activities","Featured","Local News","Upcoming"],"inLanguage":"es"},{"@type":"WebPage","@id":"https:\/\/casadecampoliving.com\/es\/draft-last-chance-to-see-jorge-silvestres-cielos-inventados-at-the-altos-de-chavon-art-gallery\/","url":"https:\/\/casadecampoliving.com\/es\/draft-last-chance-to-see-jorge-silvestres-cielos-inventados-at-the-altos-de-chavon-art-gallery\/","name":"Last chance to see Jorge Silvestre\u2019s \u201cCielos Inventados\u201d at the Altos de Chavon Art Gallery | Casa de Campo Living","isPartOf":{"@id":"https:\/\/casadecampoliving.com\/es\/#website"},"primaryImageOfPage":{"@id":"https:\/\/casadecampoliving.com\/es\/draft-last-chance-to-see-jorge-silvestres-cielos-inventados-at-the-altos-de-chavon-art-gallery\/#primaryimage"},"image":{"@id":"https:\/\/casadecampoliving.com\/es\/draft-last-chance-to-see-jorge-silvestres-cielos-inventados-at-the-altos-de-chavon-art-gallery\/#primaryimage"},"thumbnailUrl":"https:\/\/i0.wp.com\/casadecampoliving.com\/wp-content\/uploads\/2022\/10\/HPIM5920-1.jpg?fit=580%2C434&ssl=1","datePublished":"2009-09-15T04:00:00+00:00","dateModified":"2022-11-10T14:40:00+00:00","description":"The exhibition \"Cielos Inventados\" at the Altos de Chavon Gallery closes next Monday the 21st of September. The exhibition was officially opened with an","breadcrumb":{"@id":"https:\/\/casadecampoliving.com\/es\/draft-last-chance-to-see-jorge-silvestres-cielos-inventados-at-the-altos-de-chavon-art-gallery\/#breadcrumb"},"inLanguage":"es","potentialAction":[{"@type":"ReadAction","target":["https:\/\/casadecampoliving.com\/es\/draft-last-chance-to-see-jorge-silvestres-cielos-inventados-at-the-altos-de-chavon-art-gallery\/"]}]},{"@type":"ImageObject","inLanguage":"es","@id":"https:\/\/casadecampoliving.com\/es\/draft-last-chance-to-see-jorge-silvestres-cielos-inventados-at-the-altos-de-chavon-art-gallery\/#primaryimage","url":"https:\/\/i0.wp.com\/casadecampoliving.com\/wp-content\/uploads\/2022\/10\/HPIM5920-1.jpg?fit=580%2C434&ssl=1","contentUrl":"https:\/\/i0.wp.com\/casadecampoliving.com\/wp-content\/uploads\/2022\/10\/HPIM5920-1.jpg?fit=580%2C434&ssl=1","width":580,"height":434},{"@type":"BreadcrumbList","@id":"https:\/\/casadecampoliving.com\/es\/draft-last-chance-to-see-jorge-silvestres-cielos-inventados-at-the-altos-de-chavon-art-gallery\/#breadcrumb","itemListElement":[{"@type":"ListItem","position":1,"name":"Home","item":"https:\/\/casadecampoliving.com\/es\/"},{"@type":"ListItem","position":2,"name":"Last chance to see Jorge Silvestre\u2019s \u201cCielos Inventados\u201d at the Altos de Chavon Art Gallery"}]},{"@type":"WebSite","@id":"https:\/\/casadecampoliving.com\/es\/#website","url":"https:\/\/casadecampoliving.com\/es\/","name":"Casa de Campo Living","description":"Resort community news and resources.","publisher":{"@id":"https:\/\/casadecampoliving.com\/es\/#organization"},"potentialAction":[{"@type":"SearchAction","target":{"@type":"EntryPoint","urlTemplate":"https:\/\/casadecampoliving.com\/es\/?s={search_term_string}"},"query-input":{"@type":"PropertyValueSpecification","valueRequired":true,"valueName":"search_term_string"}}],"inLanguage":"es"},{"@type":"Organization","@id":"https:\/\/casadecampoliving.com\/es\/#organization","name":"Casa de Campo Living","url":"https:\/\/casadecampoliving.com\/es\/","logo":{"@type":"ImageObject","inLanguage":"es","@id":"https:\/\/casadecampoliving.com\/es\/#\/schema\/logo\/image\/","url":"https:\/\/i0.wp.com\/casadecampoliving.com\/wp-content\/uploads\/2022\/07\/CDCLivingLogo_V1-white-sized.png?fit=800%2C214&ssl=1","contentUrl":"https:\/\/i0.wp.com\/casadecampoliving.com\/wp-content\/uploads\/2022\/07\/CDCLivingLogo_V1-white-sized.png?fit=800%2C214&ssl=1","width":800,"height":214,"caption":"Casa de Campo Living"},"image":{"@id":"https:\/\/casadecampoliving.com\/es\/#\/schema\/logo\/image\/"},"sameAs":["https:\/\/www.facebook.com\/casadecampoliving","https:\/\/x.com\/cdcliving"]},{"@type":"Person","@id":"https:\/\/casadecampoliving.com\/es\/#\/schema\/person\/2b2208f3175fa8761e25b272e096d718","name":"Rebecca Silvestri","image":{"@type":"ImageObject","inLanguage":"es","@id":"https:\/\/secure.gravatar.com\/avatar\/2d937fd6c1769fb718dbf8dce9e82bf5f89e97bd028f9b3ea10b931dc7df95c6?s=96&d=mm&r=g","url":"https:\/\/secure.gravatar.com\/avatar\/2d937fd6c1769fb718dbf8dce9e82bf5f89e97bd028f9b3ea10b931dc7df95c6?s=96&d=mm&r=g","contentUrl":"https:\/\/secure.gravatar.com\/avatar\/2d937fd6c1769fb718dbf8dce9e82bf5f89e97bd028f9b3ea10b931dc7df95c6?s=96&d=mm&r=g","caption":"Rebecca Silvestri"},"url":"https:\/\/casadecampoliving.com\/es\/author\/madamehuge\/"}]}},"parsely":{"version":"1.1.0","canonical_url":"https:\/\/casadecampoliving.com\/es\/draft-last-chance-to-see-jorge-silvestres-cielos-inventados-at-the-altos-de-chavon-art-gallery\/","smart_links":{"inbound":0,"outbound":0},"traffic_boost_suggestions_count":0,"meta":{"@context":"https:\/\/schema.org","@type":"NewsArticle","headline":"Last chance to see Jorge Silvestre\u2019s \u201cCielos Inventados\u201d at the Altos de Chavon Art Gallery","url":"http:\/\/casadecampoliving.com\/es\/draft-last-chance-to-see-jorge-silvestres-cielos-inventados-at-the-altos-de-chavon-art-gallery\/","mainEntityOfPage":{"@type":"WebPage","@id":"http:\/\/casadecampoliving.com\/es\/draft-last-chance-to-see-jorge-silvestres-cielos-inventados-at-the-altos-de-chavon-art-gallery\/"},"thumbnailUrl":"https:\/\/i0.wp.com\/casadecampoliving.com\/wp-content\/uploads\/2022\/10\/HPIM5920-1.jpg?resize=150%2C150&ssl=1","image":{"@type":"ImageObject","url":"https:\/\/i0.wp.com\/casadecampoliving.com\/wp-content\/uploads\/2022\/10\/HPIM5920-1.jpg?fit=580%2C434&ssl=1"},"articleSection":"Altos de Chavon","author":[{"@type":"Person","name":"Rebecca Silvestri"}],"creator":["Rebecca Silvestri"],"publisher":{"@type":"Organization","name":"Casa de Campo Living","logo":"https:\/\/casadecampoliving.com\/wp-content\/uploads\/2022\/07\/CDCLivingLogo_V1-white-sized.png"},"keywords":["altos de chavon -es","altos de chavon art gallery","art and culture","casa de campo","jorge silvestre"],"dateCreated":"2009-09-15T04:00:00Z","datePublished":"2009-09-15T04:00:00Z","dateModified":"2022-11-10T14:40:00Z"},"rendered":"<script type=\"application\/ld+json\" class=\"wp-parsely-metadata\">{\"@context\":\"https:\\\/\\\/schema.org\",\"@type\":\"NewsArticle\",\"headline\":\"Last chance to see Jorge Silvestre\\u2019s \\u201cCielos Inventados\\u201d at the Altos de Chavon Art Gallery\",\"url\":\"http:\\\/\\\/casadecampoliving.com\\\/es\\\/draft-last-chance-to-see-jorge-silvestres-cielos-inventados-at-the-altos-de-chavon-art-gallery\\\/\",\"mainEntityOfPage\":{\"@type\":\"WebPage\",\"@id\":\"http:\\\/\\\/casadecampoliving.com\\\/es\\\/draft-last-chance-to-see-jorge-silvestres-cielos-inventados-at-the-altos-de-chavon-art-gallery\\\/\"},\"thumbnailUrl\":\"https:\\\/\\\/i0.wp.com\\\/casadecampoliving.com\\\/wp-content\\\/uploads\\\/2022\\\/10\\\/HPIM5920-1.jpg?resize=150%2C150&ssl=1\",\"image\":{\"@type\":\"ImageObject\",\"url\":\"https:\\\/\\\/i0.wp.com\\\/casadecampoliving.com\\\/wp-content\\\/uploads\\\/2022\\\/10\\\/HPIM5920-1.jpg?fit=580%2C434&ssl=1\"},\"articleSection\":\"Altos de Chavon\",\"author\":[{\"@type\":\"Person\",\"name\":\"Rebecca Silvestri\"}],\"creator\":[\"Rebecca Silvestri\"],\"publisher\":{\"@type\":\"Organization\",\"name\":\"Casa de Campo Living\",\"logo\":\"https:\\\/\\\/casadecampoliving.com\\\/wp-content\\\/uploads\\\/2022\\\/07\\\/CDCLivingLogo_V1-white-sized.png\"},\"keywords\":[\"altos de chavon -es\",\"altos de chavon art gallery\",\"art and culture\",\"casa de campo\",\"jorge silvestre\"],\"dateCreated\":\"2009-09-15T04:00:00Z\",\"datePublished\":\"2009-09-15T04:00:00Z\",\"dateModified\":\"2022-11-10T14:40:00Z\"}<\/script>","tracker_url":"https:\/\/cdn.parsely.com\/keys\/casadecampoliving.com\/p.js"},"jetpack_publicize_connections":[],"jetpack_featured_media_url":"https:\/\/i0.wp.com\/casadecampoliving.com\/wp-content\/uploads\/2022\/10\/HPIM5920-1.jpg?fit=580%2C434&ssl=1","jetpack-related-posts":[{"id":317213,"url":"https:\/\/casadecampoliving.com\/es\/inauguration-of-jorge-silvestres-cielos-inventados\/","url_meta":{"origin":317244,"position":0},"title":"Inauguration of Jorge Silvestre&#8217;s \u00abCielos Inventados\u00bb","author":"Rebecca Silvestri","date":"2 Sep, 2009","format":false,"excerpt":"Last Friday the 21st of August a crowd of more than 100 art fans gathered at the Altos de Chavon art gallery for the inauguration of \u201cCielos Inventados\u201d by Jorge Silvestre. \u00a0The inauguration was a great success \u2013 the gallery was teeming with friends, acquaintances and admirers of Jorge\u2019s art,\u2026","rel":"","context":"En \u00abAltos de Chavon\u00bb","block_context":{"text":"Altos de Chavon","link":"https:\/\/casadecampoliving.com\/category\/altos-de-chavon\/"},"img":{"alt_text":"","src":"https:\/\/i0.wp.com\/casadecampoliving.com\/wp-content\/uploads\/2022\/10\/silvestre1-1.jpg?fit=500%2C244&ssl=1&resize=350%2C200","width":350,"height":200},"classes":[]},{"id":317190,"url":"https:\/\/casadecampoliving.com\/es\/jorge-silvestres-cielos-inventados-at-the-altos-de-chavon-art-gallery\/","url_meta":{"origin":317244,"position":1},"title":"Jorge Silvestre&#8217;s \u00abCielos Inventados\u00bb at the Altos de Chavon Art Gallery","author":"Mr B","date":"11 Ago, 2009","format":false,"excerpt":"This Friday, August 21st at 7:30pm, the Altos de Chavon Art Gallery will be delighting art lovers with the latest collection of La Romana\u2019s own Jorge Silvestre. His new exhibit, entitled \u201cCielos Inventados\u201d or Imaginary Skies is composed of 2o pieces inspired by local landscapes. His art will be on\u2026","rel":"","context":"En \u00abAltos de Chavon\u00bb","block_context":{"text":"Altos de Chavon","link":"https:\/\/casadecampoliving.com\/category\/altos-de-chavon\/"},"img":{"alt_text":"","src":"https:\/\/i0.wp.com\/casadecampoliving.com\/wp-content\/uploads\/2022\/10\/silvestre-1.jpg?fit=500%2C700&ssl=1&resize=350%2C200","width":350,"height":200},"classes":[]},{"id":317319,"url":"https:\/\/casadecampoliving.com\/es\/this-weekend-in-casa-sept-18th-to-sept-20th\/","url_meta":{"origin":317244,"position":2},"title":"This Weekend in Casa \u2013 Sept 18th to Sept 20th","author":"Priscilla Baez","date":"17 Sep, 2009","format":false,"excerpt":"Our weekly guide of what is on at the weekend in Casa is back! There\u2019s a few interesting things to do this weekend, with the highlight undoubtedly being the Noche de Comida Tailandesa\u00a0at Chinois on Friday night \u2013 from what I\u2019ve heard there should be a massive turnout, and if\u2026","rel":"","context":"En \u00abAltos de Chavon\u00bb","block_context":{"text":"Altos de Chavon","link":"https:\/\/casadecampoliving.com\/category\/altos-de-chavon\/"},"img":{"alt_text":"","src":"","width":0,"height":0},"classes":[]},{"id":319701,"url":"https:\/\/casadecampoliving.com\/es\/celebrating-the-inauguration-the-new-art-exhibit-in-altos-de-chavon-by-aquiles-azar\/","url_meta":{"origin":317244,"position":3},"title":"Celebrating the inauguration the new art exhibit in Altos de Chav\u00f3n by Aquiles Azar","author":"Rebecca Silvestri","date":"31 Ene, 2011","format":false,"excerpt":"30 years after his first exhibit in Altos de Chav\u00f3n Aquiles Azar made a stunning come back with a fantastic and varied exhibit of paintings at the Altos de Chav\u00f3n art gallery. The inauguration cocktail was held on Friday the 21st of January at the Altos de Chav\u00f3n art gallery\u2026","rel":"","context":"En \u00abAltos de Chavon\u00bb","block_context":{"text":"Altos de Chavon","link":"https:\/\/casadecampoliving.com\/category\/altos-de-chavon\/"},"img":{"alt_text":"","src":"https:\/\/i0.wp.com\/casadecampoliving.com\/wp-content\/uploads\/2022\/10\/altos_de_chavon_artgallery-1.jpg?fit=565%2C300&ssl=1&resize=350%2C200","width":350,"height":200,"srcset":"https:\/\/i0.wp.com\/casadecampoliving.com\/wp-content\/uploads\/2022\/10\/altos_de_chavon_artgallery-1.jpg?fit=565%2C300&ssl=1&resize=350%2C200 1x, https:\/\/i0.wp.com\/casadecampoliving.com\/wp-content\/uploads\/2022\/10\/altos_de_chavon_artgallery-1.jpg?fit=565%2C300&ssl=1&resize=525%2C300 1.5x"},"classes":[]},{"id":433460,"url":"https:\/\/casadecampoliving.com\/es\/no-se-pierdan-el-increible-tributo-a-frank-sinatra-para-celebrar-el-40-aniversario-del-anfiteatro-altos-de-chavon\/","url_meta":{"origin":317244,"position":4},"title":"No se pierdan el incre\u00edble tributo a Frank Sinatra para celebrar el 40 aniversario del\u00a0Anfiteatro Altos de Chav\u00f3n","author":"Casa de Campo Living","date":"20 Oct, 2022","format":false,"excerpt":"Siendo uno de los escenarios m\u00e1s emblem\u00e1ticos del pa\u00eds, Casa de Campo Resort\u00ae & Villas celebra las cuatro d\u00e9cadas de aniversario de Altos de Chav\u00f3n con un tributo al gran Frank Sinatra, protagonizado por artistas invitados y una big band tal cual la que acompa\u00f1\u00f3 al artista hace 40 a\u00f1os\u2026","rel":"","context":"En \u00abUncategorized @es\u00bb","block_context":{"text":"Uncategorized @es","link":"https:\/\/casadecampoliving.com\/es\/category\/uncategorized-es\/"},"img":{"alt_text":"","src":"https:\/\/i0.wp.com\/casadecampoliving.com\/wp-content\/uploads\/2022\/10\/Tributo-Frank-Sinatra-Foto-Principal-Amaury-Sanchez-Danilo-Ginebra-Andres-Pichardo-y-Jose-Gabriel-Perez-.jpg?fit=1200%2C873&ssl=1&resize=350%2C200","width":350,"height":200,"srcset":"https:\/\/i0.wp.com\/casadecampoliving.com\/wp-content\/uploads\/2022\/10\/Tributo-Frank-Sinatra-Foto-Principal-Amaury-Sanchez-Danilo-Ginebra-Andres-Pichardo-y-Jose-Gabriel-Perez-.jpg?fit=1200%2C873&ssl=1&resize=350%2C200 1x, https:\/\/i0.wp.com\/casadecampoliving.com\/wp-content\/uploads\/2022\/10\/Tributo-Frank-Sinatra-Foto-Principal-Amaury-Sanchez-Danilo-Ginebra-Andres-Pichardo-y-Jose-Gabriel-Perez-.jpg?fit=1200%2C873&ssl=1&resize=525%2C300 1.5x, https:\/\/i0.wp.com\/casadecampoliving.com\/wp-content\/uploads\/2022\/10\/Tributo-Frank-Sinatra-Foto-Principal-Amaury-Sanchez-Danilo-Ginebra-Andres-Pichardo-y-Jose-Gabriel-Perez-.jpg?fit=1200%2C873&ssl=1&resize=700%2C400 2x, https:\/\/i0.wp.com\/casadecampoliving.com\/wp-content\/uploads\/2022\/10\/Tributo-Frank-Sinatra-Foto-Principal-Amaury-Sanchez-Danilo-Ginebra-Andres-Pichardo-y-Jose-Gabriel-Perez-.jpg?fit=1200%2C873&ssl=1&resize=1050%2C600 3x"},"classes":[]},{"id":317142,"url":"https:\/\/casadecampoliving.com\/es\/thelma-leonor-espinal-art-exhibition-at-the-altos-de-chavon-gallery\/","url_meta":{"origin":317244,"position":5},"title":"Thelma Leonor Espinal Art Exhibition at the Altos de Chavon Gallery","author":"Mr B","date":"13 Jul, 2009","format":false,"excerpt":"The Altos de Chavon Cultural Center cordially invites you to the inauguration of their upcoming exhibition \u201cinter-VERSIONES\u201d by the artist Thelma Leonor Espinal. The inauguration of the new exhibition will take place this Friday the 17th of July at 7.30pm at the main art gallery in Altos de Chavon. The\u2026","rel":"","context":"En \u00abAltos de Chavon\u00bb","block_context":{"text":"Altos de Chavon","link":"https:\/\/casadecampoliving.com\/category\/altos-de-chavon\/"},"img":{"alt_text":"","src":"https:\/\/i0.wp.com\/casadecampoliving.com\/wp-content\/uploads\/2022\/10\/thelma-1.jpg?fit=580%2C414&ssl=1&resize=350%2C200","width":350,"height":200,"srcset":"https:\/\/i0.wp.com\/casadecampoliving.com\/wp-content\/uploads\/2022\/10\/thelma-1.jpg?fit=580%2C414&ssl=1&resize=350%2C200 1x, https:\/\/i0.wp.com\/casadecampoliving.com\/wp-content\/uploads\/2022\/10\/thelma-1.jpg?fit=580%2C414&ssl=1&resize=525%2C300 1.5x"},"classes":[]}],"jetpack_sharing_enabled":true,"_links":{"self":[{"href":"https:\/\/casadecampoliving.com\/es\/wp-json\/wp\/v2\/posts\/317244","targetHints":{"allow":["GET"]}}],"collection":[{"href":"https:\/\/casadecampoliving.com\/es\/wp-json\/wp\/v2\/posts"}],"about":[{"href":"https:\/\/casadecampoliving.com\/es\/wp-json\/wp\/v2\/types\/post"}],"author":[{"embeddable":true,"href":"https:\/\/casadecampoliving.com\/es\/wp-json\/wp\/v2\/users\/31"}],"replies":[{"embeddable":true,"href":"https:\/\/casadecampoliving.com\/es\/wp-json\/wp\/v2\/comments?post=317244"}],"version-history":[{"count":2,"href":"https:\/\/casadecampoliving.com\/es\/wp-json\/wp\/v2\/posts\/317244\/revisions"}],"predecessor-version":[{"id":508760,"href":"https:\/\/casadecampoliving.com\/es\/wp-json\/wp\/v2\/posts\/317244\/revisions\/508760"}],"wp:featuredmedia":[{"embeddable":true,"href":"https:\/\/casadecampoliving.com\/es\/wp-json\/wp\/v2\/media\/213824"}],"wp:attachment":[{"href":"https:\/\/casadecampoliving.com\/es\/wp-json\/wp\/v2\/media?parent=317244"}],"wp:term":[{"taxonomy":"category","embeddable":true,"href":"https:\/\/casadecampoliving.com\/es\/wp-json\/wp\/v2\/categories?post=317244"},{"taxonomy":"post_tag","embeddable":true,"href":"https:\/\/casadecampoliving.com\/es\/wp-json\/wp\/v2\/tags?post=317244"},{"taxonomy":"newspack_spnsrs_tax","embeddable":true,"href":"https:\/\/casadecampoliving.com\/es\/wp-json\/wp\/v2\/newspack_spnsrs_tax?post=317244"}],"curies":[{"name":"wp","href":"https:\/\/api.w.org\/{rel}","templated":true}]}}