{"id":317213,"date":"2009-09-02T00:00:00","date_gmt":"2009-09-02T04:00:00","guid":{"rendered":"https:\/\/casadecampoliving.com\/inauguration-of-jorge-silvestres-cielos-inventados\/"},"modified":"2022-10-21T17:52:02","modified_gmt":"2022-10-21T21:52:02","slug":"inauguration-of-jorge-silvestres-cielos-inventados","status":"publish","type":"post","link":"https:\/\/casadecampoliving.com\/es\/inauguration-of-jorge-silvestres-cielos-inventados\/","title":{"rendered":"Inauguration of Jorge Silvestre&#8217;s \u00abCielos Inventados\u00bb"},"content":{"rendered":"<div class=\"wp-block-image\">\n<figure class=\"aligncenter is-resized\"><img loading=\"lazy\" decoding=\"async\" src=\"https:\/\/i0.wp.com\/casadecampoliving.com\/wp-content\/uploads\/2022\/10\/silvestre1.jpg?resize=500%2C244&amp;ssl=1\" alt=\"silvestre1\" class=\"wp-image-5201\" title=\"silvestre1\" height=\"244\" width=\"500\"\/><\/figure>\n<\/div>\n\n\n<p>Last Friday the 21st of August a crowd of more than 100 art fans gathered at the Altos de Chavon art gallery for the inauguration of \u201cCielos Inventados\u201d by Jorge Silvestre. &nbsp;The inauguration was a great success \u2013 the gallery was teeming with friends, acquaintances and admirers of Jorge\u2019s art, as well as Casa de Campo villa owners and visitors.<\/p>\n\n\n\n<!--more-->\n\n\n\n<p>Jorge Silvestre is a Dominican artist in the purest sense, born here in La Romana, his art is a true reflection of all things Caribbean \u2013 bright, vibrant colors of palm trees, beach huts, the beautiful blue Caribbean sky, each one an abstract representation of the Dominican lifestyle and love of life!<\/p>\n\n\n\n<p>\u201cCielos Inventados\u201d opened on August the 21st, and closes on September the 21st, that\u2019s a whole month \u2013 a real indication of how great this particular exhibit is and gives you plenty of time to go see it, if you haven\u2019t already!<\/p>\n\n\n\n<p>If you happen to love Jorge\u2019s art as much as I do, you can find out more about him by following this link<\/p>\n\n\n\n<p><a href=\"http:\/\/www.artelista.com\/autor\/4700997893544670-silvestre.html\" target=\"_blank\" rel=\"noopener\">http:\/\/www.artelista.com\/autor\/4700997893544670-silvestre.html<\/a><\/p>\n","protected":false},"excerpt":{"rendered":"<p>Last Friday the 21st of August a crowd of more than 100 art fans gathered at the Altos de Chavon art gallery for the inauguration of \u201cCielos Inventados\u201d by Jorge Silvestre. &nbsp;The inauguration was a great success \u2013 the gallery was teeming with friends, acquaintances and admirers of Jorge\u2019s art, as well as Casa de [&hellip;]<\/p>\n","protected":false},"author":31,"featured_media":213625,"comment_status":"closed","ping_status":"open","sticky":false,"template":"","format":"standard","meta":{"newspack_ads_suppress_ads":false,"newspack_popups_has_disabled_popups":false,"newspack_sponsor_sponsorship_scope":"","newspack_sponsor_native_byline_display":"inherit","newspack_sponsor_native_category_display":"inherit","newspack_sponsor_underwriter_style":"inherit","newspack_sponsor_underwriter_placement":"inherit","_newspack_byline_active":false,"_newspack_byline":"","newspack_hide_updated_date":false,"newspack_show_updated_date":false,"newspack_content_restriction_is_exempt":false,"newspack_featured_image_position":"","newspack_post_subtitle":"","newspack_article_summary_title":"Overview:","newspack_article_summary":"","_jetpack_memberships_contains_paid_content":false,"footnotes":"","jetpack_publicize_message":"","jetpack_publicize_feature_enabled":true,"jetpack_social_post_already_shared":false,"jetpack_social_options":{"image_generator_settings":{"template":"highway","default_image_id":0,"font":"","enabled":false},"version":2},"_wpas_customize_per_network":false},"categories":[56,45,2522,14625,14627],"tags":[3575,13803,74,13807,65,434],"newspack_spnsrs_tax":[],"class_list":["post-317213","post","type-post","status-publish","format-standard","has-post-thumbnail","hentry","category-altos-de-chavon","category-art-and-culture","category-eventos-es","category-noticias-locales","category-proximamente","tag-altos-de-chavon-es-2","tag-art-and-culture","tag-chavon-gallery","tag-events-and-activities","tag-family-activities","tag-jorge-silvestre","entry"],"yoast_head":"<!-- This site is optimized with the Yoast SEO plugin v27.4 - https:\/\/yoast.com\/product\/yoast-seo-wordpress\/ -->\n<title>Inauguration of Jorge Silvestre&#039;s &quot;Cielos Inventados&quot; | Casa de Campo Living<\/title>\n<meta name=\"description\" content=\"Last Friday the 21st of August a crowd of more than 100 art fans gathered at the Altos de Chavon art gallery for the inauguration of \u201cCielos Inventados\u201d\" \/>\n<meta name=\"robots\" content=\"index, follow, max-snippet:-1, max-image-preview:large, max-video-preview:-1\" \/>\n<link rel=\"canonical\" href=\"https:\/\/casadecampoliving.com\/es\/inauguration-of-jorge-silvestres-cielos-inventados\/\" \/>\n<meta property=\"og:locale\" content=\"es_ES\" \/>\n<meta property=\"og:type\" content=\"article\" \/>\n<meta property=\"og:title\" content=\"Inauguration of Jorge Silvestre&#039;s &quot;Cielos Inventados&quot; | Casa de Campo Living\" \/>\n<meta property=\"og:description\" content=\"Last Friday the 21st of August a crowd of more than 100 art fans gathered at the Altos de Chavon art gallery for the inauguration of \u201cCielos Inventados\u201d\" \/>\n<meta property=\"og:url\" content=\"https:\/\/casadecampoliving.com\/es\/inauguration-of-jorge-silvestres-cielos-inventados\/\" \/>\n<meta property=\"og:site_name\" content=\"Casa de Campo Living\" \/>\n<meta property=\"article:publisher\" content=\"https:\/\/www.facebook.com\/casadecampoliving\" \/>\n<meta property=\"article:published_time\" content=\"2009-09-02T04:00:00+00:00\" \/>\n<meta property=\"article:modified_time\" content=\"2022-10-21T21:52:02+00:00\" \/>\n<meta property=\"og:image\" content=\"https:\/\/i0.wp.com\/casadecampoliving.com\/wp-content\/uploads\/2022\/10\/silvestre1-1.jpg?fit=500%2C244&ssl=1\" \/>\n\t<meta property=\"og:image:width\" content=\"500\" \/>\n\t<meta property=\"og:image:height\" content=\"244\" \/>\n\t<meta property=\"og:image:type\" content=\"image\/jpeg\" \/>\n<meta name=\"author\" content=\"Rebecca Silvestri\" \/>\n<meta name=\"twitter:card\" content=\"summary_large_image\" \/>\n<meta name=\"twitter:creator\" content=\"@cdcliving\" \/>\n<meta name=\"twitter:site\" content=\"@cdcliving\" \/>\n<meta name=\"twitter:label1\" content=\"Escrito por\" \/>\n\t<meta name=\"twitter:data1\" content=\"Rebecca Silvestri\" \/>\n\t<meta name=\"twitter:label2\" content=\"Tiempo de lectura\" \/>\n\t<meta name=\"twitter:data2\" content=\"1 minuto\" \/>\n<script type=\"application\/ld+json\" class=\"yoast-schema-graph\">{\"@context\":\"https:\\\/\\\/schema.org\",\"@graph\":[{\"@type\":\"Article\",\"@id\":\"https:\\\/\\\/casadecampoliving.com\\\/es\\\/inauguration-of-jorge-silvestres-cielos-inventados\\\/#article\",\"isPartOf\":{\"@id\":\"https:\\\/\\\/casadecampoliving.com\\\/es\\\/inauguration-of-jorge-silvestres-cielos-inventados\\\/\"},\"author\":{\"name\":\"Rebecca Silvestri\",\"@id\":\"https:\\\/\\\/casadecampoliving.com\\\/es\\\/#\\\/schema\\\/person\\\/2b2208f3175fa8761e25b272e096d718\"},\"headline\":\"Inauguration of Jorge Silvestre&#8217;s \u00abCielos Inventados\u00bb\",\"datePublished\":\"2009-09-02T04:00:00+00:00\",\"dateModified\":\"2022-10-21T21:52:02+00:00\",\"mainEntityOfPage\":{\"@id\":\"https:\\\/\\\/casadecampoliving.com\\\/es\\\/inauguration-of-jorge-silvestres-cielos-inventados\\\/\"},\"wordCount\":192,\"publisher\":{\"@id\":\"https:\\\/\\\/casadecampoliving.com\\\/es\\\/#organization\"},\"image\":{\"@id\":\"https:\\\/\\\/casadecampoliving.com\\\/es\\\/inauguration-of-jorge-silvestres-cielos-inventados\\\/#primaryimage\"},\"thumbnailUrl\":\"https:\\\/\\\/i0.wp.com\\\/casadecampoliving.com\\\/wp-content\\\/uploads\\\/2022\\\/10\\\/silvestre1-1.jpg?fit=500%2C244&ssl=1\",\"keywords\":[\"Altos de Chavon -es\",\"Art and Culture\",\"Chavon Gallery\",\"Events and Activities\",\"Family Activities\",\"Jorge Silvestre\"],\"articleSection\":[\"Altos de Chavon\",\"Art and Culture\",\"Eventos\",\"Noticias Locales\",\"Proximamente\"],\"inLanguage\":\"es\"},{\"@type\":\"WebPage\",\"@id\":\"https:\\\/\\\/casadecampoliving.com\\\/es\\\/inauguration-of-jorge-silvestres-cielos-inventados\\\/\",\"url\":\"https:\\\/\\\/casadecampoliving.com\\\/es\\\/inauguration-of-jorge-silvestres-cielos-inventados\\\/\",\"name\":\"Inauguration of Jorge Silvestre's \\\"Cielos Inventados\\\" | Casa de Campo Living\",\"isPartOf\":{\"@id\":\"https:\\\/\\\/casadecampoliving.com\\\/es\\\/#website\"},\"primaryImageOfPage\":{\"@id\":\"https:\\\/\\\/casadecampoliving.com\\\/es\\\/inauguration-of-jorge-silvestres-cielos-inventados\\\/#primaryimage\"},\"image\":{\"@id\":\"https:\\\/\\\/casadecampoliving.com\\\/es\\\/inauguration-of-jorge-silvestres-cielos-inventados\\\/#primaryimage\"},\"thumbnailUrl\":\"https:\\\/\\\/i0.wp.com\\\/casadecampoliving.com\\\/wp-content\\\/uploads\\\/2022\\\/10\\\/silvestre1-1.jpg?fit=500%2C244&ssl=1\",\"datePublished\":\"2009-09-02T04:00:00+00:00\",\"dateModified\":\"2022-10-21T21:52:02+00:00\",\"description\":\"Last Friday the 21st of August a crowd of more than 100 art fans gathered at the Altos de Chavon art gallery for the inauguration of \u201cCielos Inventados\u201d\",\"breadcrumb\":{\"@id\":\"https:\\\/\\\/casadecampoliving.com\\\/es\\\/inauguration-of-jorge-silvestres-cielos-inventados\\\/#breadcrumb\"},\"inLanguage\":\"es\",\"potentialAction\":[{\"@type\":\"ReadAction\",\"target\":[\"https:\\\/\\\/casadecampoliving.com\\\/es\\\/inauguration-of-jorge-silvestres-cielos-inventados\\\/\"]}]},{\"@type\":\"ImageObject\",\"inLanguage\":\"es\",\"@id\":\"https:\\\/\\\/casadecampoliving.com\\\/es\\\/inauguration-of-jorge-silvestres-cielos-inventados\\\/#primaryimage\",\"url\":\"https:\\\/\\\/i0.wp.com\\\/casadecampoliving.com\\\/wp-content\\\/uploads\\\/2022\\\/10\\\/silvestre1-1.jpg?fit=500%2C244&ssl=1\",\"contentUrl\":\"https:\\\/\\\/i0.wp.com\\\/casadecampoliving.com\\\/wp-content\\\/uploads\\\/2022\\\/10\\\/silvestre1-1.jpg?fit=500%2C244&ssl=1\",\"width\":500,\"height\":244},{\"@type\":\"BreadcrumbList\",\"@id\":\"https:\\\/\\\/casadecampoliving.com\\\/es\\\/inauguration-of-jorge-silvestres-cielos-inventados\\\/#breadcrumb\",\"itemListElement\":[{\"@type\":\"ListItem\",\"position\":1,\"name\":\"Home\",\"item\":\"https:\\\/\\\/casadecampoliving.com\\\/es\\\/\"},{\"@type\":\"ListItem\",\"position\":2,\"name\":\"Inauguration of Jorge Silvestre&#8217;s &#8220;Cielos Inventados&#8221;\"}]},{\"@type\":\"WebSite\",\"@id\":\"https:\\\/\\\/casadecampoliving.com\\\/es\\\/#website\",\"url\":\"https:\\\/\\\/casadecampoliving.com\\\/es\\\/\",\"name\":\"Casa de Campo Living\",\"description\":\"Resort community news and resources.\",\"publisher\":{\"@id\":\"https:\\\/\\\/casadecampoliving.com\\\/es\\\/#organization\"},\"potentialAction\":[{\"@type\":\"SearchAction\",\"target\":{\"@type\":\"EntryPoint\",\"urlTemplate\":\"https:\\\/\\\/casadecampoliving.com\\\/es\\\/?s={search_term_string}\"},\"query-input\":{\"@type\":\"PropertyValueSpecification\",\"valueRequired\":true,\"valueName\":\"search_term_string\"}}],\"inLanguage\":\"es\"},{\"@type\":\"Organization\",\"@id\":\"https:\\\/\\\/casadecampoliving.com\\\/es\\\/#organization\",\"name\":\"Casa de Campo Living\",\"url\":\"https:\\\/\\\/casadecampoliving.com\\\/es\\\/\",\"logo\":{\"@type\":\"ImageObject\",\"inLanguage\":\"es\",\"@id\":\"https:\\\/\\\/casadecampoliving.com\\\/es\\\/#\\\/schema\\\/logo\\\/image\\\/\",\"url\":\"https:\\\/\\\/i0.wp.com\\\/casadecampoliving.com\\\/wp-content\\\/uploads\\\/2022\\\/07\\\/CDCLivingLogo_V1-white-sized.png?fit=800%2C214&ssl=1\",\"contentUrl\":\"https:\\\/\\\/i0.wp.com\\\/casadecampoliving.com\\\/wp-content\\\/uploads\\\/2022\\\/07\\\/CDCLivingLogo_V1-white-sized.png?fit=800%2C214&ssl=1\",\"width\":800,\"height\":214,\"caption\":\"Casa de Campo Living\"},\"image\":{\"@id\":\"https:\\\/\\\/casadecampoliving.com\\\/es\\\/#\\\/schema\\\/logo\\\/image\\\/\"},\"sameAs\":[\"https:\\\/\\\/www.facebook.com\\\/casadecampoliving\",\"https:\\\/\\\/x.com\\\/cdcliving\"]},{\"@type\":\"Person\",\"@id\":\"https:\\\/\\\/casadecampoliving.com\\\/es\\\/#\\\/schema\\\/person\\\/2b2208f3175fa8761e25b272e096d718\",\"name\":\"Rebecca Silvestri\",\"image\":{\"@type\":\"ImageObject\",\"inLanguage\":\"es\",\"@id\":\"https:\\\/\\\/secure.gravatar.com\\\/avatar\\\/2d937fd6c1769fb718dbf8dce9e82bf5f89e97bd028f9b3ea10b931dc7df95c6?s=96&d=mm&r=g\",\"url\":\"https:\\\/\\\/secure.gravatar.com\\\/avatar\\\/2d937fd6c1769fb718dbf8dce9e82bf5f89e97bd028f9b3ea10b931dc7df95c6?s=96&d=mm&r=g\",\"contentUrl\":\"https:\\\/\\\/secure.gravatar.com\\\/avatar\\\/2d937fd6c1769fb718dbf8dce9e82bf5f89e97bd028f9b3ea10b931dc7df95c6?s=96&d=mm&r=g\",\"caption\":\"Rebecca Silvestri\"},\"url\":\"https:\\\/\\\/casadecampoliving.com\\\/es\\\/author\\\/madamehuge\\\/\"}]}<\/script>\n<!-- \/ Yoast SEO plugin. -->","yoast_head_json":{"title":"Inauguration of Jorge Silvestre's \"Cielos Inventados\" | Casa de Campo Living","description":"Last Friday the 21st of August a crowd of more than 100 art fans gathered at the Altos de Chavon art gallery for the inauguration of \u201cCielos Inventados\u201d","robots":{"index":"index","follow":"follow","max-snippet":"max-snippet:-1","max-image-preview":"max-image-preview:large","max-video-preview":"max-video-preview:-1"},"canonical":"https:\/\/casadecampoliving.com\/es\/inauguration-of-jorge-silvestres-cielos-inventados\/","og_locale":"es_ES","og_type":"article","og_title":"Inauguration of Jorge Silvestre's \"Cielos Inventados\" | Casa de Campo Living","og_description":"Last Friday the 21st of August a crowd of more than 100 art fans gathered at the Altos de Chavon art gallery for the inauguration of \u201cCielos Inventados\u201d","og_url":"https:\/\/casadecampoliving.com\/es\/inauguration-of-jorge-silvestres-cielos-inventados\/","og_site_name":"Casa de Campo Living","article_publisher":"https:\/\/www.facebook.com\/casadecampoliving","article_published_time":"2009-09-02T04:00:00+00:00","article_modified_time":"2022-10-21T21:52:02+00:00","og_image":[{"width":500,"height":244,"url":"https:\/\/i0.wp.com\/casadecampoliving.com\/wp-content\/uploads\/2022\/10\/silvestre1-1.jpg?fit=500%2C244&ssl=1","type":"image\/jpeg"}],"author":"Rebecca Silvestri","twitter_card":"summary_large_image","twitter_creator":"@cdcliving","twitter_site":"@cdcliving","twitter_misc":{"Escrito por":"Rebecca Silvestri","Tiempo de lectura":"1 minuto"},"schema":{"@context":"https:\/\/schema.org","@graph":[{"@type":"Article","@id":"https:\/\/casadecampoliving.com\/es\/inauguration-of-jorge-silvestres-cielos-inventados\/#article","isPartOf":{"@id":"https:\/\/casadecampoliving.com\/es\/inauguration-of-jorge-silvestres-cielos-inventados\/"},"author":{"name":"Rebecca Silvestri","@id":"https:\/\/casadecampoliving.com\/es\/#\/schema\/person\/2b2208f3175fa8761e25b272e096d718"},"headline":"Inauguration of Jorge Silvestre&#8217;s \u00abCielos Inventados\u00bb","datePublished":"2009-09-02T04:00:00+00:00","dateModified":"2022-10-21T21:52:02+00:00","mainEntityOfPage":{"@id":"https:\/\/casadecampoliving.com\/es\/inauguration-of-jorge-silvestres-cielos-inventados\/"},"wordCount":192,"publisher":{"@id":"https:\/\/casadecampoliving.com\/es\/#organization"},"image":{"@id":"https:\/\/casadecampoliving.com\/es\/inauguration-of-jorge-silvestres-cielos-inventados\/#primaryimage"},"thumbnailUrl":"https:\/\/i0.wp.com\/casadecampoliving.com\/wp-content\/uploads\/2022\/10\/silvestre1-1.jpg?fit=500%2C244&ssl=1","keywords":["Altos de Chavon -es","Art and Culture","Chavon Gallery","Events and Activities","Family Activities","Jorge Silvestre"],"articleSection":["Altos de Chavon","Art and Culture","Eventos","Noticias Locales","Proximamente"],"inLanguage":"es"},{"@type":"WebPage","@id":"https:\/\/casadecampoliving.com\/es\/inauguration-of-jorge-silvestres-cielos-inventados\/","url":"https:\/\/casadecampoliving.com\/es\/inauguration-of-jorge-silvestres-cielos-inventados\/","name":"Inauguration of Jorge Silvestre's \"Cielos Inventados\" | Casa de Campo Living","isPartOf":{"@id":"https:\/\/casadecampoliving.com\/es\/#website"},"primaryImageOfPage":{"@id":"https:\/\/casadecampoliving.com\/es\/inauguration-of-jorge-silvestres-cielos-inventados\/#primaryimage"},"image":{"@id":"https:\/\/casadecampoliving.com\/es\/inauguration-of-jorge-silvestres-cielos-inventados\/#primaryimage"},"thumbnailUrl":"https:\/\/i0.wp.com\/casadecampoliving.com\/wp-content\/uploads\/2022\/10\/silvestre1-1.jpg?fit=500%2C244&ssl=1","datePublished":"2009-09-02T04:00:00+00:00","dateModified":"2022-10-21T21:52:02+00:00","description":"Last Friday the 21st of August a crowd of more than 100 art fans gathered at the Altos de Chavon art gallery for the inauguration of \u201cCielos Inventados\u201d","breadcrumb":{"@id":"https:\/\/casadecampoliving.com\/es\/inauguration-of-jorge-silvestres-cielos-inventados\/#breadcrumb"},"inLanguage":"es","potentialAction":[{"@type":"ReadAction","target":["https:\/\/casadecampoliving.com\/es\/inauguration-of-jorge-silvestres-cielos-inventados\/"]}]},{"@type":"ImageObject","inLanguage":"es","@id":"https:\/\/casadecampoliving.com\/es\/inauguration-of-jorge-silvestres-cielos-inventados\/#primaryimage","url":"https:\/\/i0.wp.com\/casadecampoliving.com\/wp-content\/uploads\/2022\/10\/silvestre1-1.jpg?fit=500%2C244&ssl=1","contentUrl":"https:\/\/i0.wp.com\/casadecampoliving.com\/wp-content\/uploads\/2022\/10\/silvestre1-1.jpg?fit=500%2C244&ssl=1","width":500,"height":244},{"@type":"BreadcrumbList","@id":"https:\/\/casadecampoliving.com\/es\/inauguration-of-jorge-silvestres-cielos-inventados\/#breadcrumb","itemListElement":[{"@type":"ListItem","position":1,"name":"Home","item":"https:\/\/casadecampoliving.com\/es\/"},{"@type":"ListItem","position":2,"name":"Inauguration of Jorge Silvestre&#8217;s &#8220;Cielos Inventados&#8221;"}]},{"@type":"WebSite","@id":"https:\/\/casadecampoliving.com\/es\/#website","url":"https:\/\/casadecampoliving.com\/es\/","name":"Casa de Campo Living","description":"Resort community news and resources.","publisher":{"@id":"https:\/\/casadecampoliving.com\/es\/#organization"},"potentialAction":[{"@type":"SearchAction","target":{"@type":"EntryPoint","urlTemplate":"https:\/\/casadecampoliving.com\/es\/?s={search_term_string}"},"query-input":{"@type":"PropertyValueSpecification","valueRequired":true,"valueName":"search_term_string"}}],"inLanguage":"es"},{"@type":"Organization","@id":"https:\/\/casadecampoliving.com\/es\/#organization","name":"Casa de Campo Living","url":"https:\/\/casadecampoliving.com\/es\/","logo":{"@type":"ImageObject","inLanguage":"es","@id":"https:\/\/casadecampoliving.com\/es\/#\/schema\/logo\/image\/","url":"https:\/\/i0.wp.com\/casadecampoliving.com\/wp-content\/uploads\/2022\/07\/CDCLivingLogo_V1-white-sized.png?fit=800%2C214&ssl=1","contentUrl":"https:\/\/i0.wp.com\/casadecampoliving.com\/wp-content\/uploads\/2022\/07\/CDCLivingLogo_V1-white-sized.png?fit=800%2C214&ssl=1","width":800,"height":214,"caption":"Casa de Campo Living"},"image":{"@id":"https:\/\/casadecampoliving.com\/es\/#\/schema\/logo\/image\/"},"sameAs":["https:\/\/www.facebook.com\/casadecampoliving","https:\/\/x.com\/cdcliving"]},{"@type":"Person","@id":"https:\/\/casadecampoliving.com\/es\/#\/schema\/person\/2b2208f3175fa8761e25b272e096d718","name":"Rebecca Silvestri","image":{"@type":"ImageObject","inLanguage":"es","@id":"https:\/\/secure.gravatar.com\/avatar\/2d937fd6c1769fb718dbf8dce9e82bf5f89e97bd028f9b3ea10b931dc7df95c6?s=96&d=mm&r=g","url":"https:\/\/secure.gravatar.com\/avatar\/2d937fd6c1769fb718dbf8dce9e82bf5f89e97bd028f9b3ea10b931dc7df95c6?s=96&d=mm&r=g","contentUrl":"https:\/\/secure.gravatar.com\/avatar\/2d937fd6c1769fb718dbf8dce9e82bf5f89e97bd028f9b3ea10b931dc7df95c6?s=96&d=mm&r=g","caption":"Rebecca Silvestri"},"url":"https:\/\/casadecampoliving.com\/es\/author\/madamehuge\/"}]}},"parsely":{"version":"1.1.0","canonical_url":"https:\/\/casadecampoliving.com\/es\/inauguration-of-jorge-silvestres-cielos-inventados\/","smart_links":{"inbound":0,"outbound":0},"traffic_boost_suggestions_count":0,"meta":{"@context":"https:\/\/schema.org","@type":"NewsArticle","headline":"Inauguration of Jorge Silvestre&#8217;s \u00abCielos Inventados\u00bb","url":"http:\/\/casadecampoliving.com\/es\/inauguration-of-jorge-silvestres-cielos-inventados\/","mainEntityOfPage":{"@type":"WebPage","@id":"http:\/\/casadecampoliving.com\/es\/inauguration-of-jorge-silvestres-cielos-inventados\/"},"thumbnailUrl":"https:\/\/i0.wp.com\/casadecampoliving.com\/wp-content\/uploads\/2022\/10\/silvestre1-1.jpg?resize=150%2C150&ssl=1","image":{"@type":"ImageObject","url":"https:\/\/i0.wp.com\/casadecampoliving.com\/wp-content\/uploads\/2022\/10\/silvestre1-1.jpg?fit=500%2C244&ssl=1"},"articleSection":"Altos de Chavon","author":[{"@type":"Person","name":"Rebecca Silvestri"}],"creator":["Rebecca Silvestri"],"publisher":{"@type":"Organization","name":"Casa de Campo Living","logo":"https:\/\/casadecampoliving.com\/wp-content\/uploads\/2022\/07\/CDCLivingLogo_V1-white-sized.png"},"keywords":["altos de chavon -es","art and culture","chavon gallery","events and activities","family activities","jorge silvestre"],"dateCreated":"2009-09-02T04:00:00Z","datePublished":"2009-09-02T04:00:00Z","dateModified":"2022-10-21T21:52:02Z"},"rendered":"<script type=\"application\/ld+json\" class=\"wp-parsely-metadata\">{\"@context\":\"https:\\\/\\\/schema.org\",\"@type\":\"NewsArticle\",\"headline\":\"Inauguration of Jorge Silvestre&#8217;s \\u00abCielos Inventados\\u00bb\",\"url\":\"http:\\\/\\\/casadecampoliving.com\\\/es\\\/inauguration-of-jorge-silvestres-cielos-inventados\\\/\",\"mainEntityOfPage\":{\"@type\":\"WebPage\",\"@id\":\"http:\\\/\\\/casadecampoliving.com\\\/es\\\/inauguration-of-jorge-silvestres-cielos-inventados\\\/\"},\"thumbnailUrl\":\"https:\\\/\\\/i0.wp.com\\\/casadecampoliving.com\\\/wp-content\\\/uploads\\\/2022\\\/10\\\/silvestre1-1.jpg?resize=150%2C150&ssl=1\",\"image\":{\"@type\":\"ImageObject\",\"url\":\"https:\\\/\\\/i0.wp.com\\\/casadecampoliving.com\\\/wp-content\\\/uploads\\\/2022\\\/10\\\/silvestre1-1.jpg?fit=500%2C244&ssl=1\"},\"articleSection\":\"Altos de Chavon\",\"author\":[{\"@type\":\"Person\",\"name\":\"Rebecca Silvestri\"}],\"creator\":[\"Rebecca Silvestri\"],\"publisher\":{\"@type\":\"Organization\",\"name\":\"Casa de Campo Living\",\"logo\":\"https:\\\/\\\/casadecampoliving.com\\\/wp-content\\\/uploads\\\/2022\\\/07\\\/CDCLivingLogo_V1-white-sized.png\"},\"keywords\":[\"altos de chavon -es\",\"art and culture\",\"chavon gallery\",\"events and activities\",\"family activities\",\"jorge silvestre\"],\"dateCreated\":\"2009-09-02T04:00:00Z\",\"datePublished\":\"2009-09-02T04:00:00Z\",\"dateModified\":\"2022-10-21T21:52:02Z\"}<\/script>","tracker_url":"https:\/\/cdn.parsely.com\/keys\/casadecampoliving.com\/p.js"},"jetpack_publicize_connections":[],"jetpack_featured_media_url":"https:\/\/i0.wp.com\/casadecampoliving.com\/wp-content\/uploads\/2022\/10\/silvestre1-1.jpg?fit=500%2C244&ssl=1","jetpack-related-posts":[{"id":317244,"url":"https:\/\/casadecampoliving.com\/es\/draft-last-chance-to-see-jorge-silvestres-cielos-inventados-at-the-altos-de-chavon-art-gallery\/","url_meta":{"origin":317213,"position":0},"title":"Last chance to see Jorge Silvestre\u2019s \u201cCielos Inventados\u201d at the Altos de Chavon Art Gallery","author":"Rebecca Silvestri","date":"15 Sep, 2009","format":false,"excerpt":"The exhibition \"Cielos Inventados\" at the Altos de Chavon Gallery closes next Monday the 21st of September. The exhibition was officially opened with an inauguration event on Friday the 21st of August, and was attended by over 100 art fans, all of whom were very impressed with the standard of\u2026","rel":"","context":"En \u00abAltos de Chavon\u00bb","block_context":{"text":"Altos de Chavon","link":"https:\/\/casadecampoliving.com\/category\/altos-de-chavon\/"},"img":{"alt_text":"","src":"https:\/\/i0.wp.com\/casadecampoliving.com\/wp-content\/uploads\/2022\/10\/HPIM5920-1.jpg?fit=580%2C434&ssl=1&resize=350%2C200","width":350,"height":200,"srcset":"https:\/\/i0.wp.com\/casadecampoliving.com\/wp-content\/uploads\/2022\/10\/HPIM5920-1.jpg?fit=580%2C434&ssl=1&resize=350%2C200 1x, https:\/\/i0.wp.com\/casadecampoliving.com\/wp-content\/uploads\/2022\/10\/HPIM5920-1.jpg?fit=580%2C434&ssl=1&resize=525%2C300 1.5x"},"classes":[]},{"id":317190,"url":"https:\/\/casadecampoliving.com\/es\/jorge-silvestres-cielos-inventados-at-the-altos-de-chavon-art-gallery\/","url_meta":{"origin":317213,"position":1},"title":"Jorge Silvestre&#8217;s \u00abCielos Inventados\u00bb at the Altos de Chavon Art Gallery","author":"Mr B","date":"11 Ago, 2009","format":false,"excerpt":"This Friday, August 21st at 7:30pm, the Altos de Chavon Art Gallery will be delighting art lovers with the latest collection of La Romana\u2019s own Jorge Silvestre. His new exhibit, entitled \u201cCielos Inventados\u201d or Imaginary Skies is composed of 2o pieces inspired by local landscapes. His art will be on\u2026","rel":"","context":"En \u00abAltos de Chavon\u00bb","block_context":{"text":"Altos de Chavon","link":"https:\/\/casadecampoliving.com\/category\/altos-de-chavon\/"},"img":{"alt_text":"","src":"https:\/\/i0.wp.com\/casadecampoliving.com\/wp-content\/uploads\/2022\/10\/silvestre-1.jpg?fit=500%2C700&ssl=1&resize=350%2C200","width":350,"height":200},"classes":[]},{"id":317319,"url":"https:\/\/casadecampoliving.com\/es\/this-weekend-in-casa-sept-18th-to-sept-20th\/","url_meta":{"origin":317213,"position":2},"title":"This Weekend in Casa \u2013 Sept 18th to Sept 20th","author":"Priscilla Baez","date":"17 Sep, 2009","format":false,"excerpt":"Our weekly guide of what is on at the weekend in Casa is back! There\u2019s a few interesting things to do this weekend, with the highlight undoubtedly being the Noche de Comida Tailandesa\u00a0at Chinois on Friday night \u2013 from what I\u2019ve heard there should be a massive turnout, and if\u2026","rel":"","context":"En \u00abAltos de Chavon\u00bb","block_context":{"text":"Altos de Chavon","link":"https:\/\/casadecampoliving.com\/category\/altos-de-chavon\/"},"img":{"alt_text":"","src":"","width":0,"height":0},"classes":[]},{"id":339799,"url":"https:\/\/casadecampoliving.com\/es\/una-culebra-sabanera-fue-vista-en-altos-de-chavon\/","url_meta":{"origin":317213,"position":3},"title":"Una Culebra Sabanera fue vista en Altos de Chav\u00f3n!","author":"","date":"23 Sep, 2012","format":false,"excerpt":"Despu\u00e9s de que la Boa de la Hispaniola fuera capturada en la Marina Casa de Campo (haga click aqu\u00ed para enterarse de m\u00e1s), hemos estado extremadamente atentos a la b\u00fasqueda de otras vidas silvestres que se hallen en los alrededores del Resort Casa de Campo, y sumada a una gran\u2026","rel":"","context":"En \u00abAltos de Chavon @es\u00bb","block_context":{"text":"Altos de Chavon @es","link":"https:\/\/casadecampoliving.com\/category\/altos-de-chavon-es\/"},"img":{"alt_text":"snake","src":"https:\/\/i0.wp.com\/casadecampoliving.com\/wp-content\/uploads\/2022\/10\/snake-1.jpg?fit=650%2C388&ssl=1&resize=350%2C200","width":350,"height":200,"srcset":"https:\/\/i0.wp.com\/casadecampoliving.com\/wp-content\/uploads\/2022\/10\/snake-1.jpg?fit=650%2C388&ssl=1&resize=350%2C200 1x, https:\/\/i0.wp.com\/casadecampoliving.com\/wp-content\/uploads\/2022\/10\/snake-1.jpg?fit=650%2C388&ssl=1&resize=525%2C300 1.5x"},"classes":[]},{"id":324166,"url":"https:\/\/casadecampoliving.com\/art-exhibition-altos-traces-caribbean-europe\/","url_meta":{"origin":317213,"position":4},"title":"Traces From the Caribbean and Europe","author":"Daniela Medina","date":"3 Sep, 2014","format":false,"excerpt":"Art fanatic? Well we have great news \u2013 next Thursday September 11th,\u00a0the Altos de Chav\u00f3n Art Foundation will inaugurate a new art exhibit \u201cTraces from the Caribbean and Europe\u201d from the artists Luis Mu\u00f1oz (Dominican) and Aleksandar Azdic (Serbian). A collection that represents the artistic and cultural contributions of each\u2026","rel":"","context":"En \u00abAltos de Chavon\u00bb","block_context":{"text":"Altos de Chavon","link":"https:\/\/casadecampoliving.com\/category\/altos-de-chavon\/"},"img":{"alt_text":"","src":"https:\/\/i0.wp.com\/casadecampoliving.com\/wp-content\/uploads\/2022\/10\/traces-from-the-caribbean-and-europe-e1409664422992-1.jpg?fit=598%2C451&ssl=1&resize=350%2C200","width":350,"height":200,"srcset":"https:\/\/i0.wp.com\/casadecampoliving.com\/wp-content\/uploads\/2022\/10\/traces-from-the-caribbean-and-europe-e1409664422992-1.jpg?fit=598%2C451&ssl=1&resize=350%2C200 1x, https:\/\/i0.wp.com\/casadecampoliving.com\/wp-content\/uploads\/2022\/10\/traces-from-the-caribbean-and-europe-e1409664422992-1.jpg?fit=598%2C451&ssl=1&resize=525%2C300 1.5x"},"classes":[]},{"id":318757,"url":"https:\/\/casadecampoliving.com\/es\/inauguration-of-masa-femenina-art-exhibit-at-the-altos-de-chavon-art-gallery\/","url_meta":{"origin":317213,"position":5},"title":"Inauguration of &#8216;Masa Femenina&#8217; art exhibit at the Altos de Chavon art gallery","author":"Rebecca Silvestri","date":"28 Abr, 2010","format":false,"excerpt":"Last Thursday the 22nd of April the Altos de Chavon art gallery hosted yet another exhibition open at it's main art gallery in Altos de Chavon. The exhibit being inaugurated is called 'Masa Femenina' and is a an individual exhibit by the artist Jean Girigori, who is considered as one\u2026","rel":"","context":"En \u00abAltos de Chavon\u00bb","block_context":{"text":"Altos de Chavon","link":"https:\/\/casadecampoliving.com\/category\/altos-de-chavon\/"},"img":{"alt_text":"","src":"https:\/\/i0.wp.com\/casadecampoliving.com\/wp-content\/uploads\/2022\/10\/inauguration-of-JEAN-GIRIGORI-altos-de-cahvon-art-gallery-casa-de-campo-living-1.jpg?fit=575%2C436&ssl=1&resize=350%2C200","width":350,"height":200,"srcset":"https:\/\/i0.wp.com\/casadecampoliving.com\/wp-content\/uploads\/2022\/10\/inauguration-of-JEAN-GIRIGORI-altos-de-cahvon-art-gallery-casa-de-campo-living-1.jpg?fit=575%2C436&ssl=1&resize=350%2C200 1x, https:\/\/i0.wp.com\/casadecampoliving.com\/wp-content\/uploads\/2022\/10\/inauguration-of-JEAN-GIRIGORI-altos-de-cahvon-art-gallery-casa-de-campo-living-1.jpg?fit=575%2C436&ssl=1&resize=525%2C300 1.5x"},"classes":[]}],"jetpack_sharing_enabled":true,"_links":{"self":[{"href":"https:\/\/casadecampoliving.com\/es\/wp-json\/wp\/v2\/posts\/317213","targetHints":{"allow":["GET"]}}],"collection":[{"href":"https:\/\/casadecampoliving.com\/es\/wp-json\/wp\/v2\/posts"}],"about":[{"href":"https:\/\/casadecampoliving.com\/es\/wp-json\/wp\/v2\/types\/post"}],"author":[{"embeddable":true,"href":"https:\/\/casadecampoliving.com\/es\/wp-json\/wp\/v2\/users\/31"}],"replies":[{"embeddable":true,"href":"https:\/\/casadecampoliving.com\/es\/wp-json\/wp\/v2\/comments?post=317213"}],"version-history":[{"count":0,"href":"https:\/\/casadecampoliving.com\/es\/wp-json\/wp\/v2\/posts\/317213\/revisions"}],"wp:featuredmedia":[{"embeddable":true,"href":"https:\/\/casadecampoliving.com\/es\/wp-json\/wp\/v2\/media\/213625"}],"wp:attachment":[{"href":"https:\/\/casadecampoliving.com\/es\/wp-json\/wp\/v2\/media?parent=317213"}],"wp:term":[{"taxonomy":"category","embeddable":true,"href":"https:\/\/casadecampoliving.com\/es\/wp-json\/wp\/v2\/categories?post=317213"},{"taxonomy":"post_tag","embeddable":true,"href":"https:\/\/casadecampoliving.com\/es\/wp-json\/wp\/v2\/tags?post=317213"},{"taxonomy":"newspack_spnsrs_tax","embeddable":true,"href":"https:\/\/casadecampoliving.com\/es\/wp-json\/wp\/v2\/newspack_spnsrs_tax?post=317213"}],"curies":[{"name":"wp","href":"https:\/\/api.w.org\/{rel}","templated":true}]}}