{"id":316586,"date":"2009-04-15T00:00:00","date_gmt":"2009-04-15T04:00:00","guid":{"rendered":"https:\/\/casadecampoliving.com\/altos-de-chavon-cultural-center-presents-artists-in-residence-spring-2009\/"},"modified":"2022-10-21T17:49:20","modified_gmt":"2022-10-21T21:49:20","slug":"altos-de-chavon-cultural-center-presents-artists-in-residence-spring-2009","status":"publish","type":"post","link":"https:\/\/casadecampoliving.com\/es\/altos-de-chavon-cultural-center-presents-artists-in-residence-spring-2009\/","title":{"rendered":"Altos de Chavon Cultural Center presents Artists in Residence Spring 2009"},"content":{"rendered":"<div class=\"wp-block-image\">\n<figure class=\"alignleft is-resized\"><a href=\"https:\/\/i0.wp.com\/casadecampoliving.com\/wp-content\/uploads\/2022\/10\/airprimaveral09-a-2.jpg?ssl=1\"><img loading=\"lazy\" decoding=\"async\" src=\"https:\/\/i0.wp.com\/casadecampoliving.com\/wp-content\/uploads\/2022\/10\/airprimaveral09-a-2.jpg?resize=175%2C227&amp;ssl=1\" alt=\"airprimaveral09-a\" class=\"wp-image-3317\" title=\"airprimaveral09-a\" height=\"227\" width=\"175\"\/><\/a><\/figure>\n<\/div>\n\n\n<p>The Altos de Chavon Cultural Center in Casa de Campo cordially invites you to their upcoming \u2018Artists in Residence\u2019 exhibition, featuring artists Jean-Pierre Frey, Esperanza Cortes and Martha Jimenez-Perez. The exhibition will be officially opened this<strong> Friday<\/strong> the 17th of April at 7.30pm when guests are invited to view the exhibition as well enjoy complimentary cocktails along with the opportunity to meet fellow art aficionados and possibly the artists themselves.<\/p>\n\n\n\n<!--more-->\n\n\n\n<p>The exhibit will be at the Altos de Chavon Gallery until the 10th of April. Regular gallery hours are from 9:00am to 9:00pm every day with the exception of Tuesdays when it it closed.<\/p>\n\n\n\n<p><strong>Jean-Pierre Frey<\/strong> is a well-known French portrait artist, who has exhibited extensively throughout Europe and is France\u2019s fifth best-selling painter. Inspired by the beauty of the Dominican Republic he has revived his painting career which he officially ended in 1999, and now enjoys painting landscapes. Expect to see bright tropical paintings of Shanty towns as well as serene natural scenes in blue and green hues. Alongside his paintings Jean-Pierre Frey will be displaying pieces of furniture resurrected from discarded materials from old houses.<\/p>\n\n\n\n<p><strong>Martha Jimenez-Perez<\/strong> is a sculptor and ceramic artist from Cuba who started her career in 1967 and has displayed her work across the world in Cuba, Chile, El Salvador, France, the Dominican Republic and the US. Martha Jimenez-Perez is most famous for her large monumental sculptures, but she will be exhibiting small terracotta ceramic pieces inspired by Cuban women.<\/p>\n\n\n\n<p><strong>Esperanza Cortes<\/strong>, who was born in Columbia, but raised in the US, started her artistic career in 1987 in New York. Her paintings are inspired by her Latin American heritage, many of which contain images from trips to Columbia featuring beautiful tropical landscapes and the female figure. Currently in residence in Altos de Chavon the art she will be displaying in this exhibit focuses on the people, landscape and culture of the Dominican Republic.<\/p>\n","protected":false},"excerpt":{"rendered":"<p>The Altos de Chavon Cultural Center in Casa de Campo cordially invites you to their upcoming \u2018Artists in Residence\u2019 exhibition, featuring artists Jean-Pierre Frey, Esperanza Cortes and Martha Jimenez-Perez. The exhibition will be officially opened this Friday the 17th of April at 7.30pm when guests are invited to view the exhibition as well enjoy complimentary [&hellip;]<\/p>\n","protected":false},"author":31,"featured_media":316589,"comment_status":"closed","ping_status":"open","sticky":false,"template":"","format":"standard","meta":{"newspack_ads_suppress_ads":false,"newspack_popups_has_disabled_popups":false,"newspack_sponsor_sponsorship_scope":"","newspack_sponsor_native_byline_display":"inherit","newspack_sponsor_native_category_display":"inherit","newspack_sponsor_underwriter_style":"inherit","newspack_sponsor_underwriter_placement":"inherit","_newspack_byline_active":false,"_newspack_byline":"","newspack_hide_updated_date":false,"newspack_show_updated_date":false,"newspack_content_restriction_is_exempt":false,"newspack_featured_image_position":"","newspack_post_subtitle":"","newspack_article_summary_title":"Overview:","newspack_article_summary":"","_jetpack_memberships_contains_paid_content":false,"footnotes":"","jetpack_publicize_message":"","jetpack_publicize_feature_enabled":true,"jetpack_social_post_already_shared":false,"jetpack_social_options":{"image_generator_settings":{"template":"highway","default_image_id":0,"font":"","enabled":false},"version":2},"_wpas_customize_per_network":false},"categories":[56,45,14624],"tags":[13810,13803,74,13807,65],"newspack_spnsrs_tax":[],"class_list":["post-316586","post","type-post","status-publish","format-standard","has-post-thumbnail","hentry","category-altos-de-chavon","category-art-and-culture","category-local-news","tag-altos-de-chavon","tag-art-and-culture","tag-chavon-gallery","tag-events-and-activities","tag-family-activities","entry"],"yoast_head":"<!-- This site is optimized with the Yoast SEO plugin v27.4 - https:\/\/yoast.com\/product\/yoast-seo-wordpress\/ -->\n<title>Altos de Chavon Cultural Center presents Artists in Residence Spring 2009 | Casa de Campo Living<\/title>\n<meta name=\"description\" content=\"The Altos de Chavon Cultural Center in Casa de Campo cordially invites you to their upcoming \u2018Artists in Residence\u2019 exhibition, featuring artists\" \/>\n<meta name=\"robots\" content=\"index, follow, max-snippet:-1, max-image-preview:large, max-video-preview:-1\" \/>\n<link rel=\"canonical\" href=\"https:\/\/casadecampoliving.com\/es\/altos-de-chavon-cultural-center-presents-artists-in-residence-spring-2009\/\" \/>\n<meta property=\"og:locale\" content=\"es_ES\" \/>\n<meta property=\"og:type\" content=\"article\" \/>\n<meta property=\"og:title\" content=\"Altos de Chavon Cultural Center presents Artists in Residence Spring 2009 | Casa de Campo Living\" \/>\n<meta property=\"og:description\" content=\"The Altos de Chavon Cultural Center in Casa de Campo cordially invites you to their upcoming \u2018Artists in Residence\u2019 exhibition, featuring artists\" \/>\n<meta property=\"og:url\" content=\"https:\/\/casadecampoliving.com\/es\/altos-de-chavon-cultural-center-presents-artists-in-residence-spring-2009\/\" \/>\n<meta property=\"og:site_name\" content=\"Casa de Campo Living\" \/>\n<meta property=\"article:publisher\" content=\"https:\/\/www.facebook.com\/casadecampoliving\" \/>\n<meta property=\"article:published_time\" content=\"2009-04-15T04:00:00+00:00\" \/>\n<meta property=\"article:modified_time\" content=\"2022-10-21T21:49:20+00:00\" \/>\n<meta property=\"og:image\" content=\"https:\/\/i0.wp.com\/casadecampoliving.com\/wp-content\/uploads\/2022\/10\/airprimaveral09-a-3.jpg?fit=360%2C466&ssl=1\" \/>\n\t<meta property=\"og:image:width\" content=\"360\" \/>\n\t<meta property=\"og:image:height\" content=\"466\" \/>\n\t<meta property=\"og:image:type\" content=\"image\/jpeg\" \/>\n<meta name=\"author\" content=\"Rebecca Silvestri\" \/>\n<meta name=\"twitter:card\" content=\"summary_large_image\" \/>\n<meta name=\"twitter:creator\" content=\"@cdcliving\" \/>\n<meta name=\"twitter:site\" content=\"@cdcliving\" \/>\n<meta name=\"twitter:label1\" content=\"Escrito por\" \/>\n\t<meta name=\"twitter:data1\" content=\"Rebecca Silvestri\" \/>\n\t<meta name=\"twitter:label2\" content=\"Tiempo de lectura\" \/>\n\t<meta name=\"twitter:data2\" content=\"2 minutos\" \/>\n<script type=\"application\/ld+json\" class=\"yoast-schema-graph\">{\"@context\":\"https:\\\/\\\/schema.org\",\"@graph\":[{\"@type\":\"Article\",\"@id\":\"https:\\\/\\\/casadecampoliving.com\\\/es\\\/altos-de-chavon-cultural-center-presents-artists-in-residence-spring-2009\\\/#article\",\"isPartOf\":{\"@id\":\"https:\\\/\\\/casadecampoliving.com\\\/es\\\/altos-de-chavon-cultural-center-presents-artists-in-residence-spring-2009\\\/\"},\"author\":{\"name\":\"Rebecca Silvestri\",\"@id\":\"https:\\\/\\\/casadecampoliving.com\\\/es\\\/#\\\/schema\\\/person\\\/2b2208f3175fa8761e25b272e096d718\"},\"headline\":\"Altos de Chavon Cultural Center presents Artists in Residence Spring 2009\",\"datePublished\":\"2009-04-15T04:00:00+00:00\",\"dateModified\":\"2022-10-21T21:49:20+00:00\",\"mainEntityOfPage\":{\"@id\":\"https:\\\/\\\/casadecampoliving.com\\\/es\\\/altos-de-chavon-cultural-center-presents-artists-in-residence-spring-2009\\\/\"},\"wordCount\":328,\"publisher\":{\"@id\":\"https:\\\/\\\/casadecampoliving.com\\\/es\\\/#organization\"},\"image\":{\"@id\":\"https:\\\/\\\/casadecampoliving.com\\\/es\\\/altos-de-chavon-cultural-center-presents-artists-in-residence-spring-2009\\\/#primaryimage\"},\"thumbnailUrl\":\"https:\\\/\\\/i0.wp.com\\\/casadecampoliving.com\\\/wp-content\\\/uploads\\\/2022\\\/10\\\/airprimaveral09-a-3.jpg?fit=360%2C466&ssl=1\",\"keywords\":[\"Altos de Chavon\",\"Art and Culture\",\"Chavon Gallery\",\"Events and Activities\",\"Family Activities\"],\"articleSection\":[\"Altos de Chavon\",\"Art and Culture\",\"Local News\"],\"inLanguage\":\"es\"},{\"@type\":\"WebPage\",\"@id\":\"https:\\\/\\\/casadecampoliving.com\\\/es\\\/altos-de-chavon-cultural-center-presents-artists-in-residence-spring-2009\\\/\",\"url\":\"https:\\\/\\\/casadecampoliving.com\\\/es\\\/altos-de-chavon-cultural-center-presents-artists-in-residence-spring-2009\\\/\",\"name\":\"Altos de Chavon Cultural Center presents Artists in Residence Spring 2009 | Casa de Campo Living\",\"isPartOf\":{\"@id\":\"https:\\\/\\\/casadecampoliving.com\\\/es\\\/#website\"},\"primaryImageOfPage\":{\"@id\":\"https:\\\/\\\/casadecampoliving.com\\\/es\\\/altos-de-chavon-cultural-center-presents-artists-in-residence-spring-2009\\\/#primaryimage\"},\"image\":{\"@id\":\"https:\\\/\\\/casadecampoliving.com\\\/es\\\/altos-de-chavon-cultural-center-presents-artists-in-residence-spring-2009\\\/#primaryimage\"},\"thumbnailUrl\":\"https:\\\/\\\/i0.wp.com\\\/casadecampoliving.com\\\/wp-content\\\/uploads\\\/2022\\\/10\\\/airprimaveral09-a-3.jpg?fit=360%2C466&ssl=1\",\"datePublished\":\"2009-04-15T04:00:00+00:00\",\"dateModified\":\"2022-10-21T21:49:20+00:00\",\"description\":\"The Altos de Chavon Cultural Center in Casa de Campo cordially invites you to their upcoming \u2018Artists in Residence\u2019 exhibition, featuring artists\",\"breadcrumb\":{\"@id\":\"https:\\\/\\\/casadecampoliving.com\\\/es\\\/altos-de-chavon-cultural-center-presents-artists-in-residence-spring-2009\\\/#breadcrumb\"},\"inLanguage\":\"es\",\"potentialAction\":[{\"@type\":\"ReadAction\",\"target\":[\"https:\\\/\\\/casadecampoliving.com\\\/es\\\/altos-de-chavon-cultural-center-presents-artists-in-residence-spring-2009\\\/\"]}]},{\"@type\":\"ImageObject\",\"inLanguage\":\"es\",\"@id\":\"https:\\\/\\\/casadecampoliving.com\\\/es\\\/altos-de-chavon-cultural-center-presents-artists-in-residence-spring-2009\\\/#primaryimage\",\"url\":\"https:\\\/\\\/i0.wp.com\\\/casadecampoliving.com\\\/wp-content\\\/uploads\\\/2022\\\/10\\\/airprimaveral09-a-3.jpg?fit=360%2C466&ssl=1\",\"contentUrl\":\"https:\\\/\\\/i0.wp.com\\\/casadecampoliving.com\\\/wp-content\\\/uploads\\\/2022\\\/10\\\/airprimaveral09-a-3.jpg?fit=360%2C466&ssl=1\",\"width\":360,\"height\":466},{\"@type\":\"BreadcrumbList\",\"@id\":\"https:\\\/\\\/casadecampoliving.com\\\/es\\\/altos-de-chavon-cultural-center-presents-artists-in-residence-spring-2009\\\/#breadcrumb\",\"itemListElement\":[{\"@type\":\"ListItem\",\"position\":1,\"name\":\"Home\",\"item\":\"https:\\\/\\\/casadecampoliving.com\\\/es\\\/\"},{\"@type\":\"ListItem\",\"position\":2,\"name\":\"Altos de Chavon Cultural Center presents Artists in Residence Spring 2009\"}]},{\"@type\":\"WebSite\",\"@id\":\"https:\\\/\\\/casadecampoliving.com\\\/es\\\/#website\",\"url\":\"https:\\\/\\\/casadecampoliving.com\\\/es\\\/\",\"name\":\"Casa de Campo Living\",\"description\":\"Resort community news and resources.\",\"publisher\":{\"@id\":\"https:\\\/\\\/casadecampoliving.com\\\/es\\\/#organization\"},\"potentialAction\":[{\"@type\":\"SearchAction\",\"target\":{\"@type\":\"EntryPoint\",\"urlTemplate\":\"https:\\\/\\\/casadecampoliving.com\\\/es\\\/?s={search_term_string}\"},\"query-input\":{\"@type\":\"PropertyValueSpecification\",\"valueRequired\":true,\"valueName\":\"search_term_string\"}}],\"inLanguage\":\"es\"},{\"@type\":\"Organization\",\"@id\":\"https:\\\/\\\/casadecampoliving.com\\\/es\\\/#organization\",\"name\":\"Casa de Campo Living\",\"url\":\"https:\\\/\\\/casadecampoliving.com\\\/es\\\/\",\"logo\":{\"@type\":\"ImageObject\",\"inLanguage\":\"es\",\"@id\":\"https:\\\/\\\/casadecampoliving.com\\\/es\\\/#\\\/schema\\\/logo\\\/image\\\/\",\"url\":\"https:\\\/\\\/i0.wp.com\\\/casadecampoliving.com\\\/wp-content\\\/uploads\\\/2022\\\/07\\\/CDCLivingLogo_V1-white-sized.png?fit=800%2C214&ssl=1\",\"contentUrl\":\"https:\\\/\\\/i0.wp.com\\\/casadecampoliving.com\\\/wp-content\\\/uploads\\\/2022\\\/07\\\/CDCLivingLogo_V1-white-sized.png?fit=800%2C214&ssl=1\",\"width\":800,\"height\":214,\"caption\":\"Casa de Campo Living\"},\"image\":{\"@id\":\"https:\\\/\\\/casadecampoliving.com\\\/es\\\/#\\\/schema\\\/logo\\\/image\\\/\"},\"sameAs\":[\"https:\\\/\\\/www.facebook.com\\\/casadecampoliving\",\"https:\\\/\\\/x.com\\\/cdcliving\"]},{\"@type\":\"Person\",\"@id\":\"https:\\\/\\\/casadecampoliving.com\\\/es\\\/#\\\/schema\\\/person\\\/2b2208f3175fa8761e25b272e096d718\",\"name\":\"Rebecca Silvestri\",\"image\":{\"@type\":\"ImageObject\",\"inLanguage\":\"es\",\"@id\":\"https:\\\/\\\/secure.gravatar.com\\\/avatar\\\/2d937fd6c1769fb718dbf8dce9e82bf5f89e97bd028f9b3ea10b931dc7df95c6?s=96&d=mm&r=g\",\"url\":\"https:\\\/\\\/secure.gravatar.com\\\/avatar\\\/2d937fd6c1769fb718dbf8dce9e82bf5f89e97bd028f9b3ea10b931dc7df95c6?s=96&d=mm&r=g\",\"contentUrl\":\"https:\\\/\\\/secure.gravatar.com\\\/avatar\\\/2d937fd6c1769fb718dbf8dce9e82bf5f89e97bd028f9b3ea10b931dc7df95c6?s=96&d=mm&r=g\",\"caption\":\"Rebecca Silvestri\"},\"url\":\"https:\\\/\\\/casadecampoliving.com\\\/es\\\/author\\\/madamehuge\\\/\"}]}<\/script>\n<!-- \/ Yoast SEO plugin. -->","yoast_head_json":{"title":"Altos de Chavon Cultural Center presents Artists in Residence Spring 2009 | Casa de Campo Living","description":"The Altos de Chavon Cultural Center in Casa de Campo cordially invites you to their upcoming \u2018Artists in Residence\u2019 exhibition, featuring artists","robots":{"index":"index","follow":"follow","max-snippet":"max-snippet:-1","max-image-preview":"max-image-preview:large","max-video-preview":"max-video-preview:-1"},"canonical":"https:\/\/casadecampoliving.com\/es\/altos-de-chavon-cultural-center-presents-artists-in-residence-spring-2009\/","og_locale":"es_ES","og_type":"article","og_title":"Altos de Chavon Cultural Center presents Artists in Residence Spring 2009 | Casa de Campo Living","og_description":"The Altos de Chavon Cultural Center in Casa de Campo cordially invites you to their upcoming \u2018Artists in Residence\u2019 exhibition, featuring artists","og_url":"https:\/\/casadecampoliving.com\/es\/altos-de-chavon-cultural-center-presents-artists-in-residence-spring-2009\/","og_site_name":"Casa de Campo Living","article_publisher":"https:\/\/www.facebook.com\/casadecampoliving","article_published_time":"2009-04-15T04:00:00+00:00","article_modified_time":"2022-10-21T21:49:20+00:00","og_image":[{"width":360,"height":466,"url":"https:\/\/i0.wp.com\/casadecampoliving.com\/wp-content\/uploads\/2022\/10\/airprimaveral09-a-3.jpg?fit=360%2C466&ssl=1","type":"image\/jpeg"}],"author":"Rebecca Silvestri","twitter_card":"summary_large_image","twitter_creator":"@cdcliving","twitter_site":"@cdcliving","twitter_misc":{"Escrito por":"Rebecca Silvestri","Tiempo de lectura":"2 minutos"},"schema":{"@context":"https:\/\/schema.org","@graph":[{"@type":"Article","@id":"https:\/\/casadecampoliving.com\/es\/altos-de-chavon-cultural-center-presents-artists-in-residence-spring-2009\/#article","isPartOf":{"@id":"https:\/\/casadecampoliving.com\/es\/altos-de-chavon-cultural-center-presents-artists-in-residence-spring-2009\/"},"author":{"name":"Rebecca Silvestri","@id":"https:\/\/casadecampoliving.com\/es\/#\/schema\/person\/2b2208f3175fa8761e25b272e096d718"},"headline":"Altos de Chavon Cultural Center presents Artists in Residence Spring 2009","datePublished":"2009-04-15T04:00:00+00:00","dateModified":"2022-10-21T21:49:20+00:00","mainEntityOfPage":{"@id":"https:\/\/casadecampoliving.com\/es\/altos-de-chavon-cultural-center-presents-artists-in-residence-spring-2009\/"},"wordCount":328,"publisher":{"@id":"https:\/\/casadecampoliving.com\/es\/#organization"},"image":{"@id":"https:\/\/casadecampoliving.com\/es\/altos-de-chavon-cultural-center-presents-artists-in-residence-spring-2009\/#primaryimage"},"thumbnailUrl":"https:\/\/i0.wp.com\/casadecampoliving.com\/wp-content\/uploads\/2022\/10\/airprimaveral09-a-3.jpg?fit=360%2C466&ssl=1","keywords":["Altos de Chavon","Art and Culture","Chavon Gallery","Events and Activities","Family Activities"],"articleSection":["Altos de Chavon","Art and Culture","Local News"],"inLanguage":"es"},{"@type":"WebPage","@id":"https:\/\/casadecampoliving.com\/es\/altos-de-chavon-cultural-center-presents-artists-in-residence-spring-2009\/","url":"https:\/\/casadecampoliving.com\/es\/altos-de-chavon-cultural-center-presents-artists-in-residence-spring-2009\/","name":"Altos de Chavon Cultural Center presents Artists in Residence Spring 2009 | Casa de Campo Living","isPartOf":{"@id":"https:\/\/casadecampoliving.com\/es\/#website"},"primaryImageOfPage":{"@id":"https:\/\/casadecampoliving.com\/es\/altos-de-chavon-cultural-center-presents-artists-in-residence-spring-2009\/#primaryimage"},"image":{"@id":"https:\/\/casadecampoliving.com\/es\/altos-de-chavon-cultural-center-presents-artists-in-residence-spring-2009\/#primaryimage"},"thumbnailUrl":"https:\/\/i0.wp.com\/casadecampoliving.com\/wp-content\/uploads\/2022\/10\/airprimaveral09-a-3.jpg?fit=360%2C466&ssl=1","datePublished":"2009-04-15T04:00:00+00:00","dateModified":"2022-10-21T21:49:20+00:00","description":"The Altos de Chavon Cultural Center in Casa de Campo cordially invites you to their upcoming \u2018Artists in Residence\u2019 exhibition, featuring artists","breadcrumb":{"@id":"https:\/\/casadecampoliving.com\/es\/altos-de-chavon-cultural-center-presents-artists-in-residence-spring-2009\/#breadcrumb"},"inLanguage":"es","potentialAction":[{"@type":"ReadAction","target":["https:\/\/casadecampoliving.com\/es\/altos-de-chavon-cultural-center-presents-artists-in-residence-spring-2009\/"]}]},{"@type":"ImageObject","inLanguage":"es","@id":"https:\/\/casadecampoliving.com\/es\/altos-de-chavon-cultural-center-presents-artists-in-residence-spring-2009\/#primaryimage","url":"https:\/\/i0.wp.com\/casadecampoliving.com\/wp-content\/uploads\/2022\/10\/airprimaveral09-a-3.jpg?fit=360%2C466&ssl=1","contentUrl":"https:\/\/i0.wp.com\/casadecampoliving.com\/wp-content\/uploads\/2022\/10\/airprimaveral09-a-3.jpg?fit=360%2C466&ssl=1","width":360,"height":466},{"@type":"BreadcrumbList","@id":"https:\/\/casadecampoliving.com\/es\/altos-de-chavon-cultural-center-presents-artists-in-residence-spring-2009\/#breadcrumb","itemListElement":[{"@type":"ListItem","position":1,"name":"Home","item":"https:\/\/casadecampoliving.com\/es\/"},{"@type":"ListItem","position":2,"name":"Altos de Chavon Cultural Center presents Artists in Residence Spring 2009"}]},{"@type":"WebSite","@id":"https:\/\/casadecampoliving.com\/es\/#website","url":"https:\/\/casadecampoliving.com\/es\/","name":"Casa de Campo Living","description":"Resort community news and resources.","publisher":{"@id":"https:\/\/casadecampoliving.com\/es\/#organization"},"potentialAction":[{"@type":"SearchAction","target":{"@type":"EntryPoint","urlTemplate":"https:\/\/casadecampoliving.com\/es\/?s={search_term_string}"},"query-input":{"@type":"PropertyValueSpecification","valueRequired":true,"valueName":"search_term_string"}}],"inLanguage":"es"},{"@type":"Organization","@id":"https:\/\/casadecampoliving.com\/es\/#organization","name":"Casa de Campo Living","url":"https:\/\/casadecampoliving.com\/es\/","logo":{"@type":"ImageObject","inLanguage":"es","@id":"https:\/\/casadecampoliving.com\/es\/#\/schema\/logo\/image\/","url":"https:\/\/i0.wp.com\/casadecampoliving.com\/wp-content\/uploads\/2022\/07\/CDCLivingLogo_V1-white-sized.png?fit=800%2C214&ssl=1","contentUrl":"https:\/\/i0.wp.com\/casadecampoliving.com\/wp-content\/uploads\/2022\/07\/CDCLivingLogo_V1-white-sized.png?fit=800%2C214&ssl=1","width":800,"height":214,"caption":"Casa de Campo Living"},"image":{"@id":"https:\/\/casadecampoliving.com\/es\/#\/schema\/logo\/image\/"},"sameAs":["https:\/\/www.facebook.com\/casadecampoliving","https:\/\/x.com\/cdcliving"]},{"@type":"Person","@id":"https:\/\/casadecampoliving.com\/es\/#\/schema\/person\/2b2208f3175fa8761e25b272e096d718","name":"Rebecca Silvestri","image":{"@type":"ImageObject","inLanguage":"es","@id":"https:\/\/secure.gravatar.com\/avatar\/2d937fd6c1769fb718dbf8dce9e82bf5f89e97bd028f9b3ea10b931dc7df95c6?s=96&d=mm&r=g","url":"https:\/\/secure.gravatar.com\/avatar\/2d937fd6c1769fb718dbf8dce9e82bf5f89e97bd028f9b3ea10b931dc7df95c6?s=96&d=mm&r=g","contentUrl":"https:\/\/secure.gravatar.com\/avatar\/2d937fd6c1769fb718dbf8dce9e82bf5f89e97bd028f9b3ea10b931dc7df95c6?s=96&d=mm&r=g","caption":"Rebecca Silvestri"},"url":"https:\/\/casadecampoliving.com\/es\/author\/madamehuge\/"}]}},"parsely":{"version":"1.1.0","canonical_url":"https:\/\/casadecampoliving.com\/es\/altos-de-chavon-cultural-center-presents-artists-in-residence-spring-2009\/","smart_links":{"inbound":0,"outbound":0},"traffic_boost_suggestions_count":0,"meta":{"@context":"https:\/\/schema.org","@type":"NewsArticle","headline":"Altos de Chavon Cultural Center presents Artists in Residence Spring 2009","url":"http:\/\/casadecampoliving.com\/es\/altos-de-chavon-cultural-center-presents-artists-in-residence-spring-2009\/","mainEntityOfPage":{"@type":"WebPage","@id":"http:\/\/casadecampoliving.com\/es\/altos-de-chavon-cultural-center-presents-artists-in-residence-spring-2009\/"},"thumbnailUrl":"https:\/\/i0.wp.com\/casadecampoliving.com\/wp-content\/uploads\/2022\/10\/airprimaveral09-a-3.jpg?resize=150%2C150&ssl=1","image":{"@type":"ImageObject","url":"https:\/\/i0.wp.com\/casadecampoliving.com\/wp-content\/uploads\/2022\/10\/airprimaveral09-a-3.jpg?fit=360%2C466&ssl=1"},"articleSection":"Altos de Chavon","author":[{"@type":"Person","name":"Rebecca Silvestri"}],"creator":["Rebecca Silvestri"],"publisher":{"@type":"Organization","name":"Casa de Campo Living","logo":"https:\/\/casadecampoliving.com\/wp-content\/uploads\/2022\/07\/CDCLivingLogo_V1-white-sized.png"},"keywords":["altos de chavon","art and culture","chavon gallery","events and activities","family activities"],"dateCreated":"2009-04-15T04:00:00Z","datePublished":"2009-04-15T04:00:00Z","dateModified":"2022-10-21T21:49:20Z"},"rendered":"<script type=\"application\/ld+json\" class=\"wp-parsely-metadata\">{\"@context\":\"https:\\\/\\\/schema.org\",\"@type\":\"NewsArticle\",\"headline\":\"Altos de Chavon Cultural Center presents Artists in Residence Spring 2009\",\"url\":\"http:\\\/\\\/casadecampoliving.com\\\/es\\\/altos-de-chavon-cultural-center-presents-artists-in-residence-spring-2009\\\/\",\"mainEntityOfPage\":{\"@type\":\"WebPage\",\"@id\":\"http:\\\/\\\/casadecampoliving.com\\\/es\\\/altos-de-chavon-cultural-center-presents-artists-in-residence-spring-2009\\\/\"},\"thumbnailUrl\":\"https:\\\/\\\/i0.wp.com\\\/casadecampoliving.com\\\/wp-content\\\/uploads\\\/2022\\\/10\\\/airprimaveral09-a-3.jpg?resize=150%2C150&ssl=1\",\"image\":{\"@type\":\"ImageObject\",\"url\":\"https:\\\/\\\/i0.wp.com\\\/casadecampoliving.com\\\/wp-content\\\/uploads\\\/2022\\\/10\\\/airprimaveral09-a-3.jpg?fit=360%2C466&ssl=1\"},\"articleSection\":\"Altos de Chavon\",\"author\":[{\"@type\":\"Person\",\"name\":\"Rebecca Silvestri\"}],\"creator\":[\"Rebecca Silvestri\"],\"publisher\":{\"@type\":\"Organization\",\"name\":\"Casa de Campo Living\",\"logo\":\"https:\\\/\\\/casadecampoliving.com\\\/wp-content\\\/uploads\\\/2022\\\/07\\\/CDCLivingLogo_V1-white-sized.png\"},\"keywords\":[\"altos de chavon\",\"art and culture\",\"chavon gallery\",\"events and activities\",\"family activities\"],\"dateCreated\":\"2009-04-15T04:00:00Z\",\"datePublished\":\"2009-04-15T04:00:00Z\",\"dateModified\":\"2022-10-21T21:49:20Z\"}<\/script>","tracker_url":"https:\/\/cdn.parsely.com\/keys\/casadecampoliving.com\/p.js"},"jetpack_publicize_connections":[],"jetpack_featured_media_url":"https:\/\/i0.wp.com\/casadecampoliving.com\/wp-content\/uploads\/2022\/10\/airprimaveral09-a-3.jpg?fit=360%2C466&ssl=1","jetpack-related-posts":[{"id":329817,"url":"https:\/\/casadecampoliving.com\/la-galeria-altos-de-chavon-artists-in-residence-fall-2017\/","url_meta":{"origin":316586,"position":0},"title":"Opening soon in La Galeria Altos de Chav\u00f3n: Artists in Residence Fall 2017","author":"Marlenys Guzm\u00e1n Casta\u00f1os","date":"10 Nov, 2017","format":false,"excerpt":"The Gallery in Altos de Chav\u00f3n announces the opening of the exhibition \u201cArtists in Residence, Fall 2017,\u201d a program of the\u00a0Fundaci\u00f3n Centro Cultural Altos de Chav\u00f3n with the artists, Tom\u00e1s Pichardo and Lisa Iglesias\u00a0on November 16th. The program \u201cArtists in Residence\u201d aims to promote educational and cultural exchange between Dominican\u2026","rel":"","context":"En \u00abAltos de Chavon\u00bb","block_context":{"text":"Altos de Chavon","link":"https:\/\/casadecampoliving.com\/category\/altos-de-chavon\/"},"img":{"alt_text":"","src":"https:\/\/i0.wp.com\/casadecampoliving.com\/wp-content\/uploads\/2022\/10\/Artists-in-Residence-Fall-2017-Tomas-Pichardo-and-Lisa-Iglesia.jpg?fit=1000%2C505&ssl=1&resize=350%2C200","width":350,"height":200,"srcset":"https:\/\/i0.wp.com\/casadecampoliving.com\/wp-content\/uploads\/2022\/10\/Artists-in-Residence-Fall-2017-Tomas-Pichardo-and-Lisa-Iglesia.jpg?fit=1000%2C505&ssl=1&resize=350%2C200 1x, https:\/\/i0.wp.com\/casadecampoliving.com\/wp-content\/uploads\/2022\/10\/Artists-in-Residence-Fall-2017-Tomas-Pichardo-and-Lisa-Iglesia.jpg?fit=1000%2C505&ssl=1&resize=525%2C300 1.5x, https:\/\/i0.wp.com\/casadecampoliving.com\/wp-content\/uploads\/2022\/10\/Artists-in-Residence-Fall-2017-Tomas-Pichardo-and-Lisa-Iglesia.jpg?fit=1000%2C505&ssl=1&resize=700%2C400 2x"},"classes":[]},{"id":323392,"url":"https:\/\/casadecampoliving.com\/art-exhibit-suenos-persistentes-fermin-ceballos\/","url_meta":{"origin":316586,"position":1},"title":"Art exhibit \u00abSue\u00f1os Persistentes\u00bb by Ferm\u00edn Ceballos","author":"Perkin Agramonte","date":"31 Mar, 2014","format":false,"excerpt":"Next Thursday the 3rd of April 2014, the Altos de Chav\u00f3n Cultural Center Foundation will celebrate the opening of new exhibition \u201cSue\u00f1os Persistentes\u201d, being presented by\u00a0artist-in-residence Ferm\u00edn Ceballos. The \u201cArtists-In-Residence\u201d program ran by the Altos de Chav\u00f3n School of Art and Design\u00a0emphasizes the importance of cultural exchange in the art\u2026","rel":"","context":"En \u00abAltos de Chavon\u00bb","block_context":{"text":"Altos de Chavon","link":"https:\/\/casadecampoliving.com\/category\/altos-de-chavon\/"},"img":{"alt_text":"","src":"https:\/\/i0.wp.com\/casadecampoliving.com\/wp-content\/uploads\/2022\/10\/FC_AIRp14_header-1.jpg?fit=650%2C464&ssl=1&resize=350%2C200","width":350,"height":200,"srcset":"https:\/\/i0.wp.com\/casadecampoliving.com\/wp-content\/uploads\/2022\/10\/FC_AIRp14_header-1.jpg?fit=650%2C464&ssl=1&resize=350%2C200 1x, https:\/\/i0.wp.com\/casadecampoliving.com\/wp-content\/uploads\/2022\/10\/FC_AIRp14_header-1.jpg?fit=650%2C464&ssl=1&resize=525%2C300 1.5x"},"classes":[]},{"id":322844,"url":"https:\/\/casadecampoliving.com\/new-art-exhibit-artists-residence-opens-nov-14th\/","url_meta":{"origin":316586,"position":2},"title":"New art exhibit \u00abArtists-in-Residence\u00bb opens Nov. 14th","author":"Rebecca Silvestri","date":"9 Nov, 2013","format":false,"excerpt":"Next Thursday the 14th of November 2013, the Altos de Chav\u00f3n Cultural Center Foundation will open the new exhibition \u201cArtists-in-Residence\u201d with presenting artists Tatiana Ortiz-Rubio and Frank Luna. The \u201cArtists-In-Residence\u201d program ran by the Altos de Chav\u00f3n School of Art and Design\u00a0emphasizes the importance of cultural exchange in the art\u2026","rel":"","context":"En \u00abAltos de Chavon\u00bb","block_context":{"text":"Altos de Chavon","link":"https:\/\/casadecampoliving.com\/category\/altos-de-chavon\/"},"img":{"alt_text":"art exhibit","src":"https:\/\/i0.wp.com\/casadecampoliving.com\/wp-content\/uploads\/2022\/10\/art_exhibit-1.jpg?fit=650%2C466&ssl=1&resize=350%2C200","width":350,"height":200,"srcset":"https:\/\/i0.wp.com\/casadecampoliving.com\/wp-content\/uploads\/2022\/10\/art_exhibit-1.jpg?fit=650%2C466&ssl=1&resize=350%2C200 1x, https:\/\/i0.wp.com\/casadecampoliving.com\/wp-content\/uploads\/2022\/10\/art_exhibit-1.jpg?fit=650%2C466&ssl=1&resize=525%2C300 1.5x"},"classes":[]},{"id":317142,"url":"https:\/\/casadecampoliving.com\/es\/thelma-leonor-espinal-art-exhibition-at-the-altos-de-chavon-gallery\/","url_meta":{"origin":316586,"position":3},"title":"Thelma Leonor Espinal Art Exhibition at the Altos de Chavon Gallery","author":"Mr B","date":"13 Jul, 2009","format":false,"excerpt":"The Altos de Chavon Cultural Center cordially invites you to the inauguration of their upcoming exhibition \u201cinter-VERSIONES\u201d by the artist Thelma Leonor Espinal. The inauguration of the new exhibition will take place this Friday the 17th of July at 7.30pm at the main art gallery in Altos de Chavon. The\u2026","rel":"","context":"En \u00abAltos de Chavon\u00bb","block_context":{"text":"Altos de Chavon","link":"https:\/\/casadecampoliving.com\/category\/altos-de-chavon\/"},"img":{"alt_text":"","src":"https:\/\/i0.wp.com\/casadecampoliving.com\/wp-content\/uploads\/2022\/10\/thelma-1.jpg?fit=580%2C414&ssl=1&resize=350%2C200","width":350,"height":200,"srcset":"https:\/\/i0.wp.com\/casadecampoliving.com\/wp-content\/uploads\/2022\/10\/thelma-1.jpg?fit=580%2C414&ssl=1&resize=350%2C200 1x, https:\/\/i0.wp.com\/casadecampoliving.com\/wp-content\/uploads\/2022\/10\/thelma-1.jpg?fit=580%2C414&ssl=1&resize=525%2C300 1.5x"},"classes":[]},{"id":321824,"url":"https:\/\/casadecampoliving.com\/still-available-art-exhibit-natividad-santos-de-palo-de-bonao-at-the-altos-de-chavon-art-gallery\/","url_meta":{"origin":316586,"position":4},"title":"Still Available: Art Exhibit \u00abNatividad: Santos de Palo de Bonao\u00bb at the Altos de Chav\u00f3n art gallery!","author":"","date":"24 Nov, 2012","format":false,"excerpt":"Heard about the art exhibit \u201cNatividad: Santos de Palo de Bonao\u201d but didn\u2019t have the chance to enjoy it or maybe did have the chance to see it but couldn\u2019t come back to purchase some of these magnificent pieces of art? In any of these cases, we\u2019ve got great news\u2026","rel":"","context":"En \u00abAltos de Chavon\u00bb","block_context":{"text":"Altos de Chavon","link":"https:\/\/casadecampoliving.com\/category\/altos-de-chavon\/"},"img":{"alt_text":"","src":"https:\/\/i0.wp.com\/casadecampoliving.com\/wp-content\/uploads\/2022\/10\/santos_de_palo_2nd_floor-1.jpg?fit=650%2C454&ssl=1&resize=350%2C200","width":350,"height":200,"srcset":"https:\/\/i0.wp.com\/casadecampoliving.com\/wp-content\/uploads\/2022\/10\/santos_de_palo_2nd_floor-1.jpg?fit=650%2C454&ssl=1&resize=350%2C200 1x, https:\/\/i0.wp.com\/casadecampoliving.com\/wp-content\/uploads\/2022\/10\/santos_de_palo_2nd_floor-1.jpg?fit=650%2C454&ssl=1&resize=525%2C300 1.5x"},"classes":[]},{"id":328371,"url":"https:\/\/casadecampoliving.com\/new-artist-residence-exhibition-gallery-altos-de-chavon-next-thursday\/","url_meta":{"origin":316586,"position":5},"title":"New Artist in Residence exhibition in the Gallery Altos de Chav\u00f3n next Thursday!","author":"Marlenys Guzm\u00e1n Casta\u00f1os","date":"11 Nov, 2016","format":false,"excerpt":"The main gallery of Altos de Chav\u00f3n invites you all to\u00a0the opening of\u00a0the Altos de Chav\u00f3n Cultural Center Foundation program \u201cArtist in Residence, Fall\u00a02016\u201d\u00a0on Thursday, November 17th with artists Luis Valverde and Gustavo Fermin. The \u201cArtists in Residence\u201d program aims to foster an educational and cultural exchange between Dominican and\u2026","rel":"","context":"En \u00abAltos de Chavon\u00bb","block_context":{"text":"Altos de Chavon","link":"https:\/\/casadecampoliving.com\/category\/altos-de-chavon\/"},"img":{"alt_text":"The Gallery Artist in Residence","src":"https:\/\/i0.wp.com\/casadecampoliving.com\/wp-content\/uploads\/2022\/10\/AR_OTON17DO_20161-e1478882198736.jpg?fit=1000%2C600&ssl=1&resize=350%2C200","width":350,"height":200,"srcset":"https:\/\/i0.wp.com\/casadecampoliving.com\/wp-content\/uploads\/2022\/10\/AR_OTON17DO_20161-e1478882198736.jpg?fit=1000%2C600&ssl=1&resize=350%2C200 1x, https:\/\/i0.wp.com\/casadecampoliving.com\/wp-content\/uploads\/2022\/10\/AR_OTON17DO_20161-e1478882198736.jpg?fit=1000%2C600&ssl=1&resize=525%2C300 1.5x, https:\/\/i0.wp.com\/casadecampoliving.com\/wp-content\/uploads\/2022\/10\/AR_OTON17DO_20161-e1478882198736.jpg?fit=1000%2C600&ssl=1&resize=700%2C400 2x"},"classes":[]}],"jetpack_sharing_enabled":true,"_links":{"self":[{"href":"https:\/\/casadecampoliving.com\/es\/wp-json\/wp\/v2\/posts\/316586","targetHints":{"allow":["GET"]}}],"collection":[{"href":"https:\/\/casadecampoliving.com\/es\/wp-json\/wp\/v2\/posts"}],"about":[{"href":"https:\/\/casadecampoliving.com\/es\/wp-json\/wp\/v2\/types\/post"}],"author":[{"embeddable":true,"href":"https:\/\/casadecampoliving.com\/es\/wp-json\/wp\/v2\/users\/31"}],"replies":[{"embeddable":true,"href":"https:\/\/casadecampoliving.com\/es\/wp-json\/wp\/v2\/comments?post=316586"}],"version-history":[{"count":0,"href":"https:\/\/casadecampoliving.com\/es\/wp-json\/wp\/v2\/posts\/316586\/revisions"}],"wp:featuredmedia":[{"embeddable":true,"href":"https:\/\/casadecampoliving.com\/es\/wp-json\/wp\/v2\/media\/316589"}],"wp:attachment":[{"href":"https:\/\/casadecampoliving.com\/es\/wp-json\/wp\/v2\/media?parent=316586"}],"wp:term":[{"taxonomy":"category","embeddable":true,"href":"https:\/\/casadecampoliving.com\/es\/wp-json\/wp\/v2\/categories?post=316586"},{"taxonomy":"post_tag","embeddable":true,"href":"https:\/\/casadecampoliving.com\/es\/wp-json\/wp\/v2\/tags?post=316586"},{"taxonomy":"newspack_spnsrs_tax","embeddable":true,"href":"https:\/\/casadecampoliving.com\/es\/wp-json\/wp\/v2\/newspack_spnsrs_tax?post=316586"}],"curies":[{"name":"wp","href":"https:\/\/api.w.org\/{rel}","templated":true}]}}