{"id":316517,"date":"2009-03-31T00:00:00","date_gmt":"2009-03-31T04:00:00","guid":{"rendered":"https:\/\/casadecampoliving.com\/cafe-de-la-leche-thursday-2nd-of-april\/"},"modified":"2022-10-21T17:48:21","modified_gmt":"2022-10-21T21:48:21","slug":"cafe-de-la-leche-thursday-2nd-of-april","status":"publish","type":"post","link":"https:\/\/casadecampoliving.com\/es\/cafe-de-la-leche-thursday-2nd-of-april\/","title":{"rendered":"Cafe de la Leche &#8211; Thursday 2nd of April"},"content":{"rendered":"<div class=\"wp-block-image\">\n<figure class=\"aligncenter is-resized\"><a href=\"https:\/\/i0.wp.com\/casadecampoliving.com\/wp-content\/uploads\/2022\/10\/cafeabril2009-2.jpg?ssl=1\"><img loading=\"lazy\" decoding=\"async\" src=\"https:\/\/i0.wp.com\/casadecampoliving.com\/wp-content\/uploads\/2022\/10\/cafeabril2009-2.jpg?resize=574%2C247&amp;ssl=1\" alt=\"cafeabril2009\" class=\"wp-image-3045\" title=\"cafeabril2009\" height=\"247\" width=\"574\"\/><\/a><\/figure>\n<\/div>\n\n\n<p>This month\u2019s Cafe de la Leche is being hosted by Malele Strofer at her Casa de Campo home, El Ingenio #27, at 5pm. The Cafe de la Leche is essentially a fund raising event, which everyone is invited to attend in exchange for a donation of dried milk, baby formula or cereal. The contributions gathered at these events currently account for 40% of the milk consumed in the Hogar del Ni\u00f1o\u2019s Crib Room, with your help the Cafe de la Leche hopes to increase this percentage to help many more children in need. Don\u2019t miss this wonderful opportunity to watch the sunset and enjoy a relaxing drink with friends, whilst at the same time contributing to this excellent cause.<\/p>\n\n\n\n<p>A word from this month\u2019s host Malele Strofer:<\/p>\n\n\n\n<p>\u201cEl Hogar del Ni\u00f1o is an organization that&nbsp;deserves all the help it can get, it&nbsp;is a real joy to see what a group of good intended people can achieve \u2013&nbsp;improving the life and education of hundreds of our Dominican children.&nbsp;You can all do your small part by&nbsp;joining me at this month\u2019s Cafe de la Leche and donating baby milk&nbsp;to help with this extraordinary cause.\u201d<\/p>\n\n\n\n<p>Last month\u2019s Cafe de la Leche, held at the home of Mrs. Jeanette Lima,&nbsp;was a huge success and was attended by over 100 ladies, who all donated a generous quantity of dried milk, baby formula and cereal. For our coverage of this event <a href=\"https:\/\/casadecampoliving.com\/2009\/03\/cafe-de-la-leche-marzo-09\/\" target=\"_self\" rel=\"noopener\">click here<\/a>.<\/p>\n\n\n\n<p>We at casadecampoliving.com will be attending this month\u2019s Cafe de la Leche,&nbsp;and will be publishing our own coverage of the event, we look forward to seeing you&nbsp;there!<\/p>\n\n\n<div class=\"wp-block-image\">\n<figure class=\"aligncenter is-resized\"><a href=\"https:\/\/i0.wp.com\/casadecampoliving.com\/wp-content\/uploads\/2022\/10\/pbo-logo.jpg?ssl=1\"><img loading=\"lazy\" decoding=\"async\" src=\"https:\/\/i0.wp.com\/casadecampoliving.com\/wp-content\/uploads\/2022\/10\/pbo-logo.jpg?resize=200%2C200&amp;ssl=1\" alt=\"pbo-logo\" class=\"wp-image-2190\" title=\"pbo-logo\" height=\"200\" width=\"200\"\/><\/a><\/figure>\n<\/div>\n\n<div class=\"wp-block-image\">\n<figure class=\"aligncenter is-resized\"><a href=\"https:\/\/i0.wp.com\/casadecampoliving.com\/wp-content\/uploads\/2022\/10\/hdn-logo.jpg?ssl=1\"><img loading=\"lazy\" decoding=\"async\" src=\"https:\/\/i0.wp.com\/casadecampoliving.com\/wp-content\/uploads\/2022\/10\/hdn-logo.jpg?resize=200%2C200&amp;ssl=1\" alt=\"hdn-logo\" class=\"wp-image-2191\" title=\"hdn-logo\" height=\"200\" width=\"200\"\/><\/a><\/figure>\n<\/div>","protected":false},"excerpt":{"rendered":"<p>This month\u2019s Cafe de la Leche is being hosted by Malele Strofer at her Casa de Campo home, El Ingenio #27, at 5pm. The Cafe de la Leche is essentially a fund raising event, which everyone is invited to attend in exchange for a donation of dried milk, baby formula or cereal. The contributions gathered [&hellip;]<\/p>\n","protected":false},"author":31,"featured_media":291851,"comment_status":"closed","ping_status":"open","sticky":false,"template":"","format":"standard","meta":{"newspack_ads_suppress_ads":false,"newspack_popups_has_disabled_popups":false,"newspack_sponsor_sponsorship_scope":"","newspack_sponsor_native_byline_display":"inherit","newspack_sponsor_native_category_display":"inherit","newspack_sponsor_underwriter_style":"inherit","newspack_sponsor_underwriter_placement":"inherit","_newspack_byline_active":false,"_newspack_byline":"","newspack_hide_updated_date":false,"newspack_show_updated_date":false,"newspack_content_restriction_is_exempt":false,"newspack_featured_image_position":"","newspack_post_subtitle":"","newspack_article_summary_title":"Overview:","newspack_article_summary":"","_jetpack_memberships_contains_paid_content":false,"footnotes":"","jetpack_publicize_message":"","jetpack_publicize_feature_enabled":true,"jetpack_social_post_already_shared":false,"jetpack_social_options":{"image_generator_settings":{"template":"highway","default_image_id":0,"font":"","enabled":false},"version":2},"_wpas_customize_per_network":false},"categories":[2522,14627],"tags":[76,13807],"newspack_spnsrs_tax":[],"class_list":["post-316517","post","type-post","status-publish","format-standard","has-post-thumbnail","hentry","category-eventos-es","category-proximamente","tag-charity","tag-events-and-activities","entry"],"yoast_head":"<!-- This site is optimized with the Yoast SEO plugin v27.4 - https:\/\/yoast.com\/product\/yoast-seo-wordpress\/ -->\n<title>Cafe de la Leche - Thursday 2nd of April | Casa de Campo Living<\/title>\n<meta name=\"description\" content=\"This month\u2019s Cafe de la Leche is being hosted by Malele Strofer at her Casa de Campo home, El Ingenio #27, at 5pm. The Cafe de la Leche is essentially a\" \/>\n<meta name=\"robots\" content=\"index, follow, max-snippet:-1, max-image-preview:large, max-video-preview:-1\" \/>\n<link rel=\"canonical\" href=\"https:\/\/casadecampoliving.com\/es\/cafe-de-la-leche-thursday-2nd-of-april\/\" \/>\n<meta property=\"og:locale\" content=\"es_ES\" \/>\n<meta property=\"og:type\" content=\"article\" \/>\n<meta property=\"og:title\" content=\"Cafe de la Leche - Thursday 2nd of April | Casa de Campo Living\" \/>\n<meta property=\"og:description\" content=\"This month\u2019s Cafe de la Leche is being hosted by Malele Strofer at her Casa de Campo home, El Ingenio #27, at 5pm. The Cafe de la Leche is essentially a\" \/>\n<meta property=\"og:url\" content=\"https:\/\/casadecampoliving.com\/es\/cafe-de-la-leche-thursday-2nd-of-april\/\" \/>\n<meta property=\"og:site_name\" content=\"Casa de Campo Living\" \/>\n<meta property=\"article:publisher\" content=\"https:\/\/www.facebook.com\/casadecampoliving\" \/>\n<meta property=\"article:published_time\" content=\"2009-03-31T04:00:00+00:00\" \/>\n<meta property=\"article:modified_time\" content=\"2022-10-21T21:48:21+00:00\" \/>\n<meta property=\"og:image\" content=\"https:\/\/i0.wp.com\/casadecampoliving.com\/wp-content\/uploads\/2022\/10\/cafeabril2009.jpg?fit=574%2C247&ssl=1\" \/>\n\t<meta property=\"og:image:width\" content=\"574\" \/>\n\t<meta property=\"og:image:height\" content=\"247\" \/>\n\t<meta property=\"og:image:type\" content=\"image\/jpeg\" \/>\n<meta name=\"author\" content=\"Rebecca Silvestri\" \/>\n<meta name=\"twitter:card\" content=\"summary_large_image\" \/>\n<meta name=\"twitter:creator\" content=\"@cdcliving\" \/>\n<meta name=\"twitter:site\" content=\"@cdcliving\" \/>\n<meta name=\"twitter:label1\" content=\"Escrito por\" \/>\n\t<meta name=\"twitter:data1\" content=\"Rebecca Silvestri\" \/>\n\t<meta name=\"twitter:label2\" content=\"Tiempo de lectura\" \/>\n\t<meta name=\"twitter:data2\" content=\"1 minuto\" \/>\n<script type=\"application\/ld+json\" class=\"yoast-schema-graph\">{\"@context\":\"https:\\\/\\\/schema.org\",\"@graph\":[{\"@type\":\"Article\",\"@id\":\"https:\\\/\\\/casadecampoliving.com\\\/es\\\/cafe-de-la-leche-thursday-2nd-of-april\\\/#article\",\"isPartOf\":{\"@id\":\"https:\\\/\\\/casadecampoliving.com\\\/es\\\/cafe-de-la-leche-thursday-2nd-of-april\\\/\"},\"author\":{\"name\":\"Rebecca Silvestri\",\"@id\":\"https:\\\/\\\/casadecampoliving.com\\\/es\\\/#\\\/schema\\\/person\\\/2b2208f3175fa8761e25b272e096d718\"},\"headline\":\"Cafe de la Leche &#8211; Thursday 2nd of April\",\"datePublished\":\"2009-03-31T04:00:00+00:00\",\"dateModified\":\"2022-10-21T21:48:21+00:00\",\"mainEntityOfPage\":{\"@id\":\"https:\\\/\\\/casadecampoliving.com\\\/es\\\/cafe-de-la-leche-thursday-2nd-of-april\\\/\"},\"wordCount\":296,\"publisher\":{\"@id\":\"https:\\\/\\\/casadecampoliving.com\\\/es\\\/#organization\"},\"image\":{\"@id\":\"https:\\\/\\\/casadecampoliving.com\\\/es\\\/cafe-de-la-leche-thursday-2nd-of-april\\\/#primaryimage\"},\"thumbnailUrl\":\"https:\\\/\\\/i0.wp.com\\\/casadecampoliving.com\\\/wp-content\\\/uploads\\\/2022\\\/10\\\/cafeabril2009.jpg?fit=574%2C247&ssl=1\",\"keywords\":[\"Charity\",\"Events and Activities\"],\"articleSection\":[\"Eventos\",\"Proximamente\"],\"inLanguage\":\"es\"},{\"@type\":\"WebPage\",\"@id\":\"https:\\\/\\\/casadecampoliving.com\\\/es\\\/cafe-de-la-leche-thursday-2nd-of-april\\\/\",\"url\":\"https:\\\/\\\/casadecampoliving.com\\\/es\\\/cafe-de-la-leche-thursday-2nd-of-april\\\/\",\"name\":\"Cafe de la Leche - Thursday 2nd of April | Casa de Campo Living\",\"isPartOf\":{\"@id\":\"https:\\\/\\\/casadecampoliving.com\\\/es\\\/#website\"},\"primaryImageOfPage\":{\"@id\":\"https:\\\/\\\/casadecampoliving.com\\\/es\\\/cafe-de-la-leche-thursday-2nd-of-april\\\/#primaryimage\"},\"image\":{\"@id\":\"https:\\\/\\\/casadecampoliving.com\\\/es\\\/cafe-de-la-leche-thursday-2nd-of-april\\\/#primaryimage\"},\"thumbnailUrl\":\"https:\\\/\\\/i0.wp.com\\\/casadecampoliving.com\\\/wp-content\\\/uploads\\\/2022\\\/10\\\/cafeabril2009.jpg?fit=574%2C247&ssl=1\",\"datePublished\":\"2009-03-31T04:00:00+00:00\",\"dateModified\":\"2022-10-21T21:48:21+00:00\",\"description\":\"This month\u2019s Cafe de la Leche is being hosted by Malele Strofer at her Casa de Campo home, El Ingenio #27, at 5pm. The Cafe de la Leche is essentially a\",\"breadcrumb\":{\"@id\":\"https:\\\/\\\/casadecampoliving.com\\\/es\\\/cafe-de-la-leche-thursday-2nd-of-april\\\/#breadcrumb\"},\"inLanguage\":\"es\",\"potentialAction\":[{\"@type\":\"ReadAction\",\"target\":[\"https:\\\/\\\/casadecampoliving.com\\\/es\\\/cafe-de-la-leche-thursday-2nd-of-april\\\/\"]}]},{\"@type\":\"ImageObject\",\"inLanguage\":\"es\",\"@id\":\"https:\\\/\\\/casadecampoliving.com\\\/es\\\/cafe-de-la-leche-thursday-2nd-of-april\\\/#primaryimage\",\"url\":\"https:\\\/\\\/i0.wp.com\\\/casadecampoliving.com\\\/wp-content\\\/uploads\\\/2022\\\/10\\\/cafeabril2009.jpg?fit=574%2C247&ssl=1\",\"contentUrl\":\"https:\\\/\\\/i0.wp.com\\\/casadecampoliving.com\\\/wp-content\\\/uploads\\\/2022\\\/10\\\/cafeabril2009.jpg?fit=574%2C247&ssl=1\",\"width\":574,\"height\":247},{\"@type\":\"BreadcrumbList\",\"@id\":\"https:\\\/\\\/casadecampoliving.com\\\/es\\\/cafe-de-la-leche-thursday-2nd-of-april\\\/#breadcrumb\",\"itemListElement\":[{\"@type\":\"ListItem\",\"position\":1,\"name\":\"Home\",\"item\":\"https:\\\/\\\/casadecampoliving.com\\\/es\\\/\"},{\"@type\":\"ListItem\",\"position\":2,\"name\":\"Cafe de la Leche &#8211; Thursday 2nd of April\"}]},{\"@type\":\"WebSite\",\"@id\":\"https:\\\/\\\/casadecampoliving.com\\\/es\\\/#website\",\"url\":\"https:\\\/\\\/casadecampoliving.com\\\/es\\\/\",\"name\":\"Casa de Campo Living\",\"description\":\"Resort community news and resources.\",\"publisher\":{\"@id\":\"https:\\\/\\\/casadecampoliving.com\\\/es\\\/#organization\"},\"potentialAction\":[{\"@type\":\"SearchAction\",\"target\":{\"@type\":\"EntryPoint\",\"urlTemplate\":\"https:\\\/\\\/casadecampoliving.com\\\/es\\\/?s={search_term_string}\"},\"query-input\":{\"@type\":\"PropertyValueSpecification\",\"valueRequired\":true,\"valueName\":\"search_term_string\"}}],\"inLanguage\":\"es\"},{\"@type\":\"Organization\",\"@id\":\"https:\\\/\\\/casadecampoliving.com\\\/es\\\/#organization\",\"name\":\"Casa de Campo Living\",\"url\":\"https:\\\/\\\/casadecampoliving.com\\\/es\\\/\",\"logo\":{\"@type\":\"ImageObject\",\"inLanguage\":\"es\",\"@id\":\"https:\\\/\\\/casadecampoliving.com\\\/es\\\/#\\\/schema\\\/logo\\\/image\\\/\",\"url\":\"https:\\\/\\\/i0.wp.com\\\/casadecampoliving.com\\\/wp-content\\\/uploads\\\/2022\\\/07\\\/CDCLivingLogo_V1-white-sized.png?fit=800%2C214&ssl=1\",\"contentUrl\":\"https:\\\/\\\/i0.wp.com\\\/casadecampoliving.com\\\/wp-content\\\/uploads\\\/2022\\\/07\\\/CDCLivingLogo_V1-white-sized.png?fit=800%2C214&ssl=1\",\"width\":800,\"height\":214,\"caption\":\"Casa de Campo Living\"},\"image\":{\"@id\":\"https:\\\/\\\/casadecampoliving.com\\\/es\\\/#\\\/schema\\\/logo\\\/image\\\/\"},\"sameAs\":[\"https:\\\/\\\/www.facebook.com\\\/casadecampoliving\",\"https:\\\/\\\/x.com\\\/cdcliving\"]},{\"@type\":\"Person\",\"@id\":\"https:\\\/\\\/casadecampoliving.com\\\/es\\\/#\\\/schema\\\/person\\\/2b2208f3175fa8761e25b272e096d718\",\"name\":\"Rebecca Silvestri\",\"image\":{\"@type\":\"ImageObject\",\"inLanguage\":\"es\",\"@id\":\"https:\\\/\\\/secure.gravatar.com\\\/avatar\\\/2d937fd6c1769fb718dbf8dce9e82bf5f89e97bd028f9b3ea10b931dc7df95c6?s=96&d=mm&r=g\",\"url\":\"https:\\\/\\\/secure.gravatar.com\\\/avatar\\\/2d937fd6c1769fb718dbf8dce9e82bf5f89e97bd028f9b3ea10b931dc7df95c6?s=96&d=mm&r=g\",\"contentUrl\":\"https:\\\/\\\/secure.gravatar.com\\\/avatar\\\/2d937fd6c1769fb718dbf8dce9e82bf5f89e97bd028f9b3ea10b931dc7df95c6?s=96&d=mm&r=g\",\"caption\":\"Rebecca Silvestri\"},\"url\":\"https:\\\/\\\/casadecampoliving.com\\\/es\\\/author\\\/madamehuge\\\/\"}]}<\/script>\n<!-- \/ Yoast SEO plugin. -->","yoast_head_json":{"title":"Cafe de la Leche - Thursday 2nd of April | Casa de Campo Living","description":"This month\u2019s Cafe de la Leche is being hosted by Malele Strofer at her Casa de Campo home, El Ingenio #27, at 5pm. The Cafe de la Leche is essentially a","robots":{"index":"index","follow":"follow","max-snippet":"max-snippet:-1","max-image-preview":"max-image-preview:large","max-video-preview":"max-video-preview:-1"},"canonical":"https:\/\/casadecampoliving.com\/es\/cafe-de-la-leche-thursday-2nd-of-april\/","og_locale":"es_ES","og_type":"article","og_title":"Cafe de la Leche - Thursday 2nd of April | Casa de Campo Living","og_description":"This month\u2019s Cafe de la Leche is being hosted by Malele Strofer at her Casa de Campo home, El Ingenio #27, at 5pm. The Cafe de la Leche is essentially a","og_url":"https:\/\/casadecampoliving.com\/es\/cafe-de-la-leche-thursday-2nd-of-april\/","og_site_name":"Casa de Campo Living","article_publisher":"https:\/\/www.facebook.com\/casadecampoliving","article_published_time":"2009-03-31T04:00:00+00:00","article_modified_time":"2022-10-21T21:48:21+00:00","og_image":[{"width":574,"height":247,"url":"https:\/\/i0.wp.com\/casadecampoliving.com\/wp-content\/uploads\/2022\/10\/cafeabril2009.jpg?fit=574%2C247&ssl=1","type":"image\/jpeg"}],"author":"Rebecca Silvestri","twitter_card":"summary_large_image","twitter_creator":"@cdcliving","twitter_site":"@cdcliving","twitter_misc":{"Escrito por":"Rebecca Silvestri","Tiempo de lectura":"1 minuto"},"schema":{"@context":"https:\/\/schema.org","@graph":[{"@type":"Article","@id":"https:\/\/casadecampoliving.com\/es\/cafe-de-la-leche-thursday-2nd-of-april\/#article","isPartOf":{"@id":"https:\/\/casadecampoliving.com\/es\/cafe-de-la-leche-thursday-2nd-of-april\/"},"author":{"name":"Rebecca Silvestri","@id":"https:\/\/casadecampoliving.com\/es\/#\/schema\/person\/2b2208f3175fa8761e25b272e096d718"},"headline":"Cafe de la Leche &#8211; Thursday 2nd of April","datePublished":"2009-03-31T04:00:00+00:00","dateModified":"2022-10-21T21:48:21+00:00","mainEntityOfPage":{"@id":"https:\/\/casadecampoliving.com\/es\/cafe-de-la-leche-thursday-2nd-of-april\/"},"wordCount":296,"publisher":{"@id":"https:\/\/casadecampoliving.com\/es\/#organization"},"image":{"@id":"https:\/\/casadecampoliving.com\/es\/cafe-de-la-leche-thursday-2nd-of-april\/#primaryimage"},"thumbnailUrl":"https:\/\/i0.wp.com\/casadecampoliving.com\/wp-content\/uploads\/2022\/10\/cafeabril2009.jpg?fit=574%2C247&ssl=1","keywords":["Charity","Events and Activities"],"articleSection":["Eventos","Proximamente"],"inLanguage":"es"},{"@type":"WebPage","@id":"https:\/\/casadecampoliving.com\/es\/cafe-de-la-leche-thursday-2nd-of-april\/","url":"https:\/\/casadecampoliving.com\/es\/cafe-de-la-leche-thursday-2nd-of-april\/","name":"Cafe de la Leche - Thursday 2nd of April | Casa de Campo Living","isPartOf":{"@id":"https:\/\/casadecampoliving.com\/es\/#website"},"primaryImageOfPage":{"@id":"https:\/\/casadecampoliving.com\/es\/cafe-de-la-leche-thursday-2nd-of-april\/#primaryimage"},"image":{"@id":"https:\/\/casadecampoliving.com\/es\/cafe-de-la-leche-thursday-2nd-of-april\/#primaryimage"},"thumbnailUrl":"https:\/\/i0.wp.com\/casadecampoliving.com\/wp-content\/uploads\/2022\/10\/cafeabril2009.jpg?fit=574%2C247&ssl=1","datePublished":"2009-03-31T04:00:00+00:00","dateModified":"2022-10-21T21:48:21+00:00","description":"This month\u2019s Cafe de la Leche is being hosted by Malele Strofer at her Casa de Campo home, El Ingenio #27, at 5pm. The Cafe de la Leche is essentially a","breadcrumb":{"@id":"https:\/\/casadecampoliving.com\/es\/cafe-de-la-leche-thursday-2nd-of-april\/#breadcrumb"},"inLanguage":"es","potentialAction":[{"@type":"ReadAction","target":["https:\/\/casadecampoliving.com\/es\/cafe-de-la-leche-thursday-2nd-of-april\/"]}]},{"@type":"ImageObject","inLanguage":"es","@id":"https:\/\/casadecampoliving.com\/es\/cafe-de-la-leche-thursday-2nd-of-april\/#primaryimage","url":"https:\/\/i0.wp.com\/casadecampoliving.com\/wp-content\/uploads\/2022\/10\/cafeabril2009.jpg?fit=574%2C247&ssl=1","contentUrl":"https:\/\/i0.wp.com\/casadecampoliving.com\/wp-content\/uploads\/2022\/10\/cafeabril2009.jpg?fit=574%2C247&ssl=1","width":574,"height":247},{"@type":"BreadcrumbList","@id":"https:\/\/casadecampoliving.com\/es\/cafe-de-la-leche-thursday-2nd-of-april\/#breadcrumb","itemListElement":[{"@type":"ListItem","position":1,"name":"Home","item":"https:\/\/casadecampoliving.com\/es\/"},{"@type":"ListItem","position":2,"name":"Cafe de la Leche &#8211; Thursday 2nd of April"}]},{"@type":"WebSite","@id":"https:\/\/casadecampoliving.com\/es\/#website","url":"https:\/\/casadecampoliving.com\/es\/","name":"Casa de Campo Living","description":"Resort community news and resources.","publisher":{"@id":"https:\/\/casadecampoliving.com\/es\/#organization"},"potentialAction":[{"@type":"SearchAction","target":{"@type":"EntryPoint","urlTemplate":"https:\/\/casadecampoliving.com\/es\/?s={search_term_string}"},"query-input":{"@type":"PropertyValueSpecification","valueRequired":true,"valueName":"search_term_string"}}],"inLanguage":"es"},{"@type":"Organization","@id":"https:\/\/casadecampoliving.com\/es\/#organization","name":"Casa de Campo Living","url":"https:\/\/casadecampoliving.com\/es\/","logo":{"@type":"ImageObject","inLanguage":"es","@id":"https:\/\/casadecampoliving.com\/es\/#\/schema\/logo\/image\/","url":"https:\/\/i0.wp.com\/casadecampoliving.com\/wp-content\/uploads\/2022\/07\/CDCLivingLogo_V1-white-sized.png?fit=800%2C214&ssl=1","contentUrl":"https:\/\/i0.wp.com\/casadecampoliving.com\/wp-content\/uploads\/2022\/07\/CDCLivingLogo_V1-white-sized.png?fit=800%2C214&ssl=1","width":800,"height":214,"caption":"Casa de Campo Living"},"image":{"@id":"https:\/\/casadecampoliving.com\/es\/#\/schema\/logo\/image\/"},"sameAs":["https:\/\/www.facebook.com\/casadecampoliving","https:\/\/x.com\/cdcliving"]},{"@type":"Person","@id":"https:\/\/casadecampoliving.com\/es\/#\/schema\/person\/2b2208f3175fa8761e25b272e096d718","name":"Rebecca Silvestri","image":{"@type":"ImageObject","inLanguage":"es","@id":"https:\/\/secure.gravatar.com\/avatar\/2d937fd6c1769fb718dbf8dce9e82bf5f89e97bd028f9b3ea10b931dc7df95c6?s=96&d=mm&r=g","url":"https:\/\/secure.gravatar.com\/avatar\/2d937fd6c1769fb718dbf8dce9e82bf5f89e97bd028f9b3ea10b931dc7df95c6?s=96&d=mm&r=g","contentUrl":"https:\/\/secure.gravatar.com\/avatar\/2d937fd6c1769fb718dbf8dce9e82bf5f89e97bd028f9b3ea10b931dc7df95c6?s=96&d=mm&r=g","caption":"Rebecca Silvestri"},"url":"https:\/\/casadecampoliving.com\/es\/author\/madamehuge\/"}]}},"parsely":{"version":"1.1.0","canonical_url":"https:\/\/casadecampoliving.com\/es\/cafe-de-la-leche-thursday-2nd-of-april\/","smart_links":{"inbound":0,"outbound":0},"traffic_boost_suggestions_count":0,"meta":{"@context":"https:\/\/schema.org","@type":"NewsArticle","headline":"Cafe de la Leche &#8211; Thursday 2nd of April","url":"http:\/\/casadecampoliving.com\/es\/cafe-de-la-leche-thursday-2nd-of-april\/","mainEntityOfPage":{"@type":"WebPage","@id":"http:\/\/casadecampoliving.com\/es\/cafe-de-la-leche-thursday-2nd-of-april\/"},"thumbnailUrl":"https:\/\/i0.wp.com\/casadecampoliving.com\/wp-content\/uploads\/2022\/10\/cafeabril2009.jpg?resize=150%2C150&ssl=1","image":{"@type":"ImageObject","url":"https:\/\/i0.wp.com\/casadecampoliving.com\/wp-content\/uploads\/2022\/10\/cafeabril2009.jpg?fit=574%2C247&ssl=1"},"articleSection":"Eventos","author":[{"@type":"Person","name":"Rebecca Silvestri"}],"creator":["Rebecca Silvestri"],"publisher":{"@type":"Organization","name":"Casa de Campo Living","logo":"https:\/\/casadecampoliving.com\/wp-content\/uploads\/2022\/07\/CDCLivingLogo_V1-white-sized.png"},"keywords":["charity","events and activities"],"dateCreated":"2009-03-31T04:00:00Z","datePublished":"2009-03-31T04:00:00Z","dateModified":"2022-10-21T21:48:21Z"},"rendered":"<script type=\"application\/ld+json\" class=\"wp-parsely-metadata\">{\"@context\":\"https:\\\/\\\/schema.org\",\"@type\":\"NewsArticle\",\"headline\":\"Cafe de la Leche &#8211; Thursday 2nd of April\",\"url\":\"http:\\\/\\\/casadecampoliving.com\\\/es\\\/cafe-de-la-leche-thursday-2nd-of-april\\\/\",\"mainEntityOfPage\":{\"@type\":\"WebPage\",\"@id\":\"http:\\\/\\\/casadecampoliving.com\\\/es\\\/cafe-de-la-leche-thursday-2nd-of-april\\\/\"},\"thumbnailUrl\":\"https:\\\/\\\/i0.wp.com\\\/casadecampoliving.com\\\/wp-content\\\/uploads\\\/2022\\\/10\\\/cafeabril2009.jpg?resize=150%2C150&ssl=1\",\"image\":{\"@type\":\"ImageObject\",\"url\":\"https:\\\/\\\/i0.wp.com\\\/casadecampoliving.com\\\/wp-content\\\/uploads\\\/2022\\\/10\\\/cafeabril2009.jpg?fit=574%2C247&ssl=1\"},\"articleSection\":\"Eventos\",\"author\":[{\"@type\":\"Person\",\"name\":\"Rebecca Silvestri\"}],\"creator\":[\"Rebecca Silvestri\"],\"publisher\":{\"@type\":\"Organization\",\"name\":\"Casa de Campo Living\",\"logo\":\"https:\\\/\\\/casadecampoliving.com\\\/wp-content\\\/uploads\\\/2022\\\/07\\\/CDCLivingLogo_V1-white-sized.png\"},\"keywords\":[\"charity\",\"events and activities\"],\"dateCreated\":\"2009-03-31T04:00:00Z\",\"datePublished\":\"2009-03-31T04:00:00Z\",\"dateModified\":\"2022-10-21T21:48:21Z\"}<\/script>","tracker_url":"https:\/\/cdn.parsely.com\/keys\/casadecampoliving.com\/p.js"},"jetpack_publicize_connections":[],"jetpack_featured_media_url":"https:\/\/i0.wp.com\/casadecampoliving.com\/wp-content\/uploads\/2022\/10\/cafeabril2009.jpg?fit=574%2C247&ssl=1","jetpack-related-posts":[{"id":320662,"url":"https:\/\/casadecampoliving.com\/the-history-of-the-cafe-de-la-leche-10-years-gathering-milk-supplies-for-the-hogar-del-nino\/","url_meta":{"origin":316517,"position":0},"title":"The History of the \u00abCaf\u00e9 de la Leche\u00bb &#8211; 10 years gathering milk supplies for the Hogar del Ni\u00f1o!","author":"","date":"7 Dic, 2011","format":false,"excerpt":"Who would have thought that a a cup of coffee and a few snacks shared between three ladies, would soon become one of the most active and popular fundraising activities in Casa de Campo La Romana? The now well-known monthly charity event, the \u201cCaf\u00e9 de La Leche\u201d for the Hogar\u2026","rel":"","context":"En \u00abBeyond Casa\u00bb","block_context":{"text":"Beyond Casa","link":"https:\/\/casadecampoliving.com\/category\/beyond-casa\/"},"img":{"alt_text":"","src":"https:\/\/i0.wp.com\/casadecampoliving.com\/wp-content\/uploads\/2022\/10\/cafe-de-la-leche-march-3.jpg?fit=575%2C359&ssl=1&resize=350%2C200","width":350,"height":200,"srcset":"https:\/\/i0.wp.com\/casadecampoliving.com\/wp-content\/uploads\/2022\/10\/cafe-de-la-leche-march-3.jpg?fit=575%2C359&ssl=1&resize=350%2C200 1x, https:\/\/i0.wp.com\/casadecampoliving.com\/wp-content\/uploads\/2022\/10\/cafe-de-la-leche-march-3.jpg?fit=575%2C359&ssl=1&resize=525%2C300 1.5x"},"classes":[]},{"id":327175,"url":"https:\/\/casadecampoliving.com\/cafe-de-la-leche-march-2016\/","url_meta":{"origin":316517,"position":1},"title":"Let&#8217;s make this Caf\u00e9 de la Leche a memorable one!","author":"Marlenys Guzm\u00e1n Casta\u00f1os","date":"9 Mar, 2016","format":false,"excerpt":"Caf\u00e9 de la Leche returns to Casa de Campo this Friday, March 11th at Vivero #37 with mother and daughter duo Cecilia and Juana Rodr\u00edguez. Caf\u00e9 de la Leche was founded in 2001 by a group of ladies from the Patronato Ben\u00e9fico Oriental (PBO) to benefit the children of the\u2026","rel":"","context":"En \u00abCasa de Campo Living\u00bb","block_context":{"text":"Casa de Campo Living","link":"https:\/\/casadecampoliving.com\/category\/casa-de-campo-living\/"},"img":{"alt_text":"Featured Image \u2014 Cafe\u0301 de la Leche March 2016","src":"https:\/\/i0.wp.com\/casadecampoliving.com\/wp-content\/uploads\/2022\/10\/Featured-Image-%E2%80%94-Cafe%CC%81-de-la-Leche-March-2016.jpg?fit=1000%2C600&ssl=1&resize=350%2C200","width":350,"height":200,"srcset":"https:\/\/i0.wp.com\/casadecampoliving.com\/wp-content\/uploads\/2022\/10\/Featured-Image-%E2%80%94-Cafe%CC%81-de-la-Leche-March-2016.jpg?fit=1000%2C600&ssl=1&resize=350%2C200 1x, https:\/\/i0.wp.com\/casadecampoliving.com\/wp-content\/uploads\/2022\/10\/Featured-Image-%E2%80%94-Cafe%CC%81-de-la-Leche-March-2016.jpg?fit=1000%2C600&ssl=1&resize=525%2C300 1.5x, https:\/\/i0.wp.com\/casadecampoliving.com\/wp-content\/uploads\/2022\/10\/Featured-Image-%E2%80%94-Cafe%CC%81-de-la-Leche-March-2016.jpg?fit=1000%2C600&ssl=1&resize=700%2C400 2x"},"classes":[]},{"id":318591,"url":"https:\/\/casadecampoliving.com\/es\/cafe-de-la-leche-wednesday-7th-april\/","url_meta":{"origin":316517,"position":2},"title":"Cafe de La Leche: Wednesday 7th April","author":"Rebecca Silvestri","date":"7 Abr, 2010","format":false,"excerpt":"This month\u2019s Cafe de La Leche is being held on Wednesday the 7th of April, that\u2019s right ladies on a Wednesday, which is a little unusual, but is sure to brighten up the middle of the week! April\u2019s Cafe de La Leche is being held at the Casa de Campo\u2026","rel":"","context":"En \u00abBeyond Casa\u00bb","block_context":{"text":"Beyond Casa","link":"https:\/\/casadecampoliving.com\/category\/beyond-casa\/"},"img":{"alt_text":"","src":"https:\/\/i0.wp.com\/casadecampoliving.com\/wp-content\/uploads\/2022\/10\/cafe-abril-2010-1.jpg?fit=1200%2C517&ssl=1&resize=350%2C200","width":350,"height":200,"srcset":"https:\/\/i0.wp.com\/casadecampoliving.com\/wp-content\/uploads\/2022\/10\/cafe-abril-2010-1.jpg?fit=1200%2C517&ssl=1&resize=350%2C200 1x, https:\/\/i0.wp.com\/casadecampoliving.com\/wp-content\/uploads\/2022\/10\/cafe-abril-2010-1.jpg?fit=1200%2C517&ssl=1&resize=525%2C300 1.5x, https:\/\/i0.wp.com\/casadecampoliving.com\/wp-content\/uploads\/2022\/10\/cafe-abril-2010-1.jpg?fit=1200%2C517&ssl=1&resize=700%2C400 2x, https:\/\/i0.wp.com\/casadecampoliving.com\/wp-content\/uploads\/2022\/10\/cafe-abril-2010-1.jpg?fit=1200%2C517&ssl=1&resize=1050%2C600 3x"},"classes":[]},{"id":320419,"url":"https:\/\/casadecampoliving.com\/es\/cafe-de-la-leche-friday-september-the-9th\/","url_meta":{"origin":316517,"position":3},"title":"Cafe de la Leche: Friday September the 9th","author":"Rebecca Silvestri","date":"5 Sep, 2011","format":false,"excerpt":"The Cafe de la Leche monthly charitable\u00a0gathering will this month take place at the Casa de Campo villa of Anna Cosulich.\u00a0 Para leer este art\u00edculo en Espa\u00f1ol, haga click aqu\u00ed! With hostess Anna Cosulich, the monthly event held to gather milk and cereals for the babies at the Hogar del\u2026","rel":"","context":"En \u00abEventos\u00bb","block_context":{"text":"Eventos","link":"https:\/\/casadecampoliving.com\/es\/category\/eventos-es\/"},"img":{"alt_text":"The Cafe de la Leche in Casa de Campo","src":"https:\/\/i0.wp.com\/casadecampoliving.com\/wp-content\/uploads\/2022\/10\/cafe_de_la_leche_casa_de_campo-6.jpg?resize=350%2C200&ssl=1","width":350,"height":200,"srcset":"https:\/\/i0.wp.com\/casadecampoliving.com\/wp-content\/uploads\/2022\/10\/cafe_de_la_leche_casa_de_campo-6.jpg?resize=350%2C200&ssl=1 1x, https:\/\/i0.wp.com\/casadecampoliving.com\/wp-content\/uploads\/2022\/10\/cafe_de_la_leche_casa_de_campo-6.jpg?resize=525%2C300&ssl=1 1.5x"},"classes":[]},{"id":319887,"url":"https:\/\/casadecampoliving.com\/es\/cafe-de-la-leche-friday-april-1st\/","url_meta":{"origin":316517,"position":4},"title":"Cafe de la Leche: Friday April 1st","author":"Rebecca Silvestri","date":"28 Mar, 2011","format":false,"excerpt":"It\u2019s nearly Cafe de la Leche time again! April\u2019s Cafe de la Leche is scheduled to take place on Friday the 1st of April \u2013 a great, fun and charitable way to celebrate the beginning of a new month!This Cafe de la Leche gathering will be hosted by Isabel Purcell\u2026","rel":"","context":"En \u00abDining\u00bb","block_context":{"text":"Dining","link":"https:\/\/casadecampoliving.com\/category\/dining\/"},"img":{"alt_text":"","src":"https:\/\/i0.wp.com\/casadecampoliving.com\/wp-content\/uploads\/2022\/10\/cafedelaleche_casadecampo_hogardelnino1.jpg?fit=565%2C231&ssl=1&resize=350%2C200","width":350,"height":200,"srcset":"https:\/\/i0.wp.com\/casadecampoliving.com\/wp-content\/uploads\/2022\/10\/cafedelaleche_casadecampo_hogardelnino1.jpg?fit=565%2C231&ssl=1&resize=350%2C200 1x, https:\/\/i0.wp.com\/casadecampoliving.com\/wp-content\/uploads\/2022\/10\/cafedelaleche_casadecampo_hogardelnino1.jpg?fit=565%2C231&ssl=1&resize=525%2C300 1.5x"},"classes":[]},{"id":320894,"url":"https:\/\/casadecampoliving.com\/cafe-de-la-leche-of-the-3-kings-friday-january-the-6th\/","url_meta":{"origin":316517,"position":5},"title":"Caf\u00e9 de la Leche of the 3 Kings: Friday January the 6th","author":"Rebecca Silvestri","date":"31 Dic, 2011","format":false,"excerpt":"This 3 King\u2019s Day come and join us at the first Caf\u00e9 de la Leche of the new year, being hosted by Ana Maria Paniagua in her Casa de Campo villa, Riomar #15. The Cafe de la Leche is a monthly charitable event, a little like a coffee or a\u2026","rel":"","context":"En \u00abEvents and Activities\u00bb","block_context":{"text":"Events and Activities","link":"https:\/\/casadecampoliving.com\/category\/events-and-activities\/"},"img":{"alt_text":"cafe de la leche","src":"https:\/\/i0.wp.com\/casadecampoliving.com\/wp-content\/uploads\/2022\/10\/cafe_de_la_leche2-6.jpg?fit=650%2C229&ssl=1&resize=350%2C200","width":350,"height":200,"srcset":"https:\/\/i0.wp.com\/casadecampoliving.com\/wp-content\/uploads\/2022\/10\/cafe_de_la_leche2-6.jpg?fit=650%2C229&ssl=1&resize=350%2C200 1x, https:\/\/i0.wp.com\/casadecampoliving.com\/wp-content\/uploads\/2022\/10\/cafe_de_la_leche2-6.jpg?fit=650%2C229&ssl=1&resize=525%2C300 1.5x"},"classes":[]}],"jetpack_sharing_enabled":true,"_links":{"self":[{"href":"https:\/\/casadecampoliving.com\/es\/wp-json\/wp\/v2\/posts\/316517","targetHints":{"allow":["GET"]}}],"collection":[{"href":"https:\/\/casadecampoliving.com\/es\/wp-json\/wp\/v2\/posts"}],"about":[{"href":"https:\/\/casadecampoliving.com\/es\/wp-json\/wp\/v2\/types\/post"}],"author":[{"embeddable":true,"href":"https:\/\/casadecampoliving.com\/es\/wp-json\/wp\/v2\/users\/31"}],"replies":[{"embeddable":true,"href":"https:\/\/casadecampoliving.com\/es\/wp-json\/wp\/v2\/comments?post=316517"}],"version-history":[{"count":0,"href":"https:\/\/casadecampoliving.com\/es\/wp-json\/wp\/v2\/posts\/316517\/revisions"}],"wp:featuredmedia":[{"embeddable":true,"href":"https:\/\/casadecampoliving.com\/es\/wp-json\/wp\/v2\/media\/291851"}],"wp:attachment":[{"href":"https:\/\/casadecampoliving.com\/es\/wp-json\/wp\/v2\/media?parent=316517"}],"wp:term":[{"taxonomy":"category","embeddable":true,"href":"https:\/\/casadecampoliving.com\/es\/wp-json\/wp\/v2\/categories?post=316517"},{"taxonomy":"post_tag","embeddable":true,"href":"https:\/\/casadecampoliving.com\/es\/wp-json\/wp\/v2\/tags?post=316517"},{"taxonomy":"newspack_spnsrs_tax","embeddable":true,"href":"https:\/\/casadecampoliving.com\/es\/wp-json\/wp\/v2\/newspack_spnsrs_tax?post=316517"}],"curies":[{"name":"wp","href":"https:\/\/api.w.org\/{rel}","templated":true}]}}