{"id":316343,"date":"2009-03-06T00:00:00","date_gmt":"2009-03-06T04:00:00","guid":{"rendered":"https:\/\/casadecampoliving.com\/santana-mania-hits-altos-de-chavon\/"},"modified":"2022-10-21T17:45:47","modified_gmt":"2022-10-21T21:45:47","slug":"santana-mania-hits-altos-de-chavon","status":"publish","type":"post","link":"https:\/\/casadecampoliving.com\/es\/santana-mania-hits-altos-de-chavon\/","title":{"rendered":"Santana-Mania hits Altos de Chavon!"},"content":{"rendered":"<div class=\"wp-block-image\">\n<figure class=\"aligncenter is-resized\"><a href=\"https:\/\/i0.wp.com\/casadecampoliving.com\/wp-content\/uploads\/2022\/10\/carlos_santana-4.jpg?ssl=1\" target=\"_blank\" rel=\"noopener\"><img loading=\"lazy\" decoding=\"async\" src=\"https:\/\/i0.wp.com\/casadecampoliving.com\/wp-content\/uploads\/2022\/10\/carlos_santana-4.jpg?resize=576%2C432&amp;ssl=1\" alt=\"Carlos Santana\" class=\"wp-image-2283\" title=\"carlos_santana\" height=\"432\" width=\"576\"\/><\/a><\/figure>\n<\/div>\n\n\n<p class=\"has-text-align-center\"><\/p>\n\n\n\n<p class=\"has-text-align-left\"><strong><span style=\"font-weight: normal;\">If you walk around Altos de Chavon, you can sense that there is something in the air. With our keen sense, we\u2019ve identified it as Santana-Mania. &nbsp;Altos de Chavon is abuzz with&nbsp;excitement&nbsp;for this Saturdays\u2019 Santana concert in the Altos de Chavon&nbsp;amphitheater. The&nbsp;trellises&nbsp;are going up, the stage is being set, the drink stands are being set-up and various establishments are having Santana inspired theme events!<br>\n<\/span><wp-block data-block=\"core\/more\"><\/wp-block><\/strong><\/p>\n\n\n<div class=\"wp-block-image\">\n<figure class=\"aligncenter is-resized\"><a href=\"https:\/\/i0.wp.com\/casadecampoliving-wp.s3-accelerate.amazonaws.com\/2009\/03\/img_2680.jpg?ssl=1\" target=\"_blank\" rel=\"noopener\"><img loading=\"lazy\" decoding=\"async\" src=\"https:\/\/i0.wp.com\/casadecampoliving.com\/wp-content\/uploads\/2022\/10\/img_2680-150x150-2-150x150.jpg?resize=100%2C100&amp;ssl=1\" alt=\"img_2680\" class=\"wp-image-2253\" title=\"img_2680\" height=\"100\" width=\"100\"\/><\/a><\/figure>\n<\/div>\n\n<div class=\"wp-block-image\">\n<figure class=\"aligncenter is-resized\"><a href=\"https:\/\/i0.wp.com\/casadecampoliving-wp.s3-accelerate.amazonaws.com\/2009\/03\/img_2679.jpg?ssl=1\"><img loading=\"lazy\" decoding=\"async\" src=\"https:\/\/i0.wp.com\/casadecampoliving.com\/wp-content\/uploads\/2022\/10\/img_2679-150x150-2-150x150.jpg?resize=100%2C100&amp;ssl=1\" alt=\"img_2679\" class=\"wp-image-2252\" title=\"img_2679\" height=\"100\" width=\"100\"\/><\/a><\/figure>\n<\/div>\n\n<div class=\"wp-block-image\">\n<figure class=\"aligncenter is-resized\"><a href=\"https:\/\/i0.wp.com\/casadecampoliving-wp.s3-accelerate.amazonaws.com\/2009\/03\/img_2678.jpg?ssl=1\"><img loading=\"lazy\" decoding=\"async\" src=\"https:\/\/i0.wp.com\/casadecampoliving.com\/wp-content\/uploads\/2022\/10\/img_2678-150x150-2-150x150.jpg?resize=100%2C100&amp;ssl=1\" alt=\"img_2678\" class=\"wp-image-2251\" title=\"img_2678\" height=\"100\" width=\"100\"\/><\/a><\/figure>\n<\/div>\n\n<div class=\"wp-block-image\">\n<figure class=\"aligncenter is-resized\"><a href=\"https:\/\/i0.wp.com\/casadecampoliving-wp.s3-accelerate.amazonaws.com\/2009\/03\/img_2677.jpg?ssl=1\"><img loading=\"lazy\" decoding=\"async\" src=\"https:\/\/i0.wp.com\/casadecampoliving.com\/wp-content\/uploads\/2022\/10\/img_2677-2.jpg?resize=100%2C100&amp;ssl=1\" alt=\"img_2677\" class=\"wp-image-2250\" title=\"img_2677\" height=\"100\" width=\"100\"\/><\/a><\/figure>\n<\/div>\n\n<div class=\"wp-block-image\">\n<figure class=\"aligncenter is-resized\"><a href=\"https:\/\/i0.wp.com\/casadecampoliving-wp.s3-accelerate.amazonaws.com\/2009\/03\/img_2683.jpg?ssl=1\"><img loading=\"lazy\" decoding=\"async\" src=\"https:\/\/i0.wp.com\/casadecampoliving.com\/wp-content\/uploads\/2022\/10\/img_2683-150x150-2-150x150.jpg?resize=100%2C100&amp;ssl=1\" alt=\"img_2683\" class=\"wp-image-2246\" title=\"img_2683\" height=\"100\" width=\"100\"\/><\/a><\/figure>\n<\/div>\n\n\n<p class=\"has-text-align-center\"><\/p>\n\n\n<div class=\"wp-block-image\">\n<figure class=\"alignleft is-resized\"><a href=\"http:\/\/www.facebook.com\/event.php?eid=53839609905\" target=\"_blank\" rel=\"noopener\"><img loading=\"lazy\" decoding=\"async\" src=\"https:\/\/i0.wp.com\/casadecampoliving.com\/wp-content\/uploads\/2022\/10\/sangria-2.jpg?resize=144%2C196&amp;ssl=1\" alt=\"sangria\" class=\"wp-image-2264\" title=\"sangria\" height=\"196\" width=\"144\"\/><\/a><\/figure>\n<\/div>\n\n\n<p>Of special note, is Sangria who is hosting a \u201cBefore and After Santana\u201d party that promises to go on till late into the night\u2026 or rather early into the morning \u2013 last week, people were dancing till 6am!!! Click on the poster for the Facebook event.<\/p>\n\n\n\n<p>Also&nbsp;enthusiastically&nbsp;preparing is Papa Jacks, who while having a slightly different take on the subject, is&nbsp;preparing&nbsp;a \u201cDuring and After Party\u201d, with a live DJ \u2013 hey, not everyone was able to get tickets. &nbsp;This weekend all of Altos will be rocking with smooth Supernatural Santana goodness!<\/p>\n\n\n\n<blockquote class=\"wp-block-quote is-layout-flow wp-block-quote-is-layout-flow\"><p style=\"padding-left: 30px;\">Most people are prisoners, thinking only about the future or living in the past. They are not in the present, and the present is where everything begins.<\/p><p style=\"padding-left: 30px;\">\u2013 Carlos Santana<\/p><p style=\"padding-left: 30px;\"><span class=\"huge\">My job in this life is to give people spiritual ecstasy through music. In my concerts people cry, laugh, dance. If they climaxed spiritually, I did my job. I did it decently and honestly.<\/span><\/p><p style=\"padding-left: 30px;\">\u2013 Carlos Santna<\/p><p style=\"padding-left: 30px;\"><span class=\"huge\">The most valuable possession you can own is an open heart. The most powerful weapon you can be is an instrument of peace.<\/span><\/p><p style=\"padding-left: 30px;\">\u2013 Carlos Santna<\/p><p style=\"padding-left: 30px;\"><em>Quotes courtesy of&nbsp;<a href=\"http:\/\/www.brainyquote.com\" target=\"_blank\" rel=\"noopener\">http:\/\/www.brainyquote.com<\/a><\/em><\/p><\/blockquote>\n\n\n\n<p>Speaking of tickets \u2013 we can confirm the general&nbsp;admission&nbsp;has been SOLD OUT \u2013 what did you expect, its Santana! The only tickets left, and they are going fast, are VIP tickets, so grab them while they last, which we imagine will not be very long! Should you not yet have gotten your tickets, check <a href=\"https:\/\/casadecampoliving.com\/2009\/01\/carlos-santana-live-your-light-2009-at-altos-de-chavon\" target=\"_blank\" rel=\"noopener\">here <\/a>for details.<\/p>\n","protected":false},"excerpt":{"rendered":"<p>If you walk around Altos de Chavon, you can sense that there is something in the air. With our keen sense, we\u2019ve identified it as Santana-Mania. &nbsp;Altos de Chavon is abuzz with&nbsp;excitement&nbsp;for this Saturdays\u2019 Santana concert in the Altos de Chavon&nbsp;amphitheater. The&nbsp;trellises&nbsp;are going up, the stage is being set, the drink stands are being set-up [&hellip;]<\/p>\n","protected":false},"author":10,"featured_media":288704,"comment_status":"closed","ping_status":"open","sticky":false,"template":"","format":"standard","meta":{"newspack_ads_suppress_ads":false,"newspack_popups_has_disabled_popups":false,"newspack_sponsor_sponsorship_scope":"","newspack_sponsor_native_byline_display":"inherit","newspack_sponsor_native_category_display":"inherit","newspack_sponsor_underwriter_style":"inherit","newspack_sponsor_underwriter_placement":"inherit","_newspack_byline_active":false,"_newspack_byline":"","newspack_hide_updated_date":false,"newspack_show_updated_date":false,"newspack_content_restriction_is_exempt":false,"newspack_featured_image_position":"","newspack_post_subtitle":"","newspack_article_summary_title":"Overview:","newspack_article_summary":"","_jetpack_memberships_contains_paid_content":false,"footnotes":"","jetpack_publicize_message":"","jetpack_publicize_feature_enabled":true,"jetpack_social_post_already_shared":false,"jetpack_social_options":{"image_generator_settings":{"template":"highway","default_image_id":0,"font":"","enabled":false},"version":2},"_wpas_customize_per_network":false},"categories":[56,61,52,51,14628,14624,14626],"tags":[13810,13811,13808,13807,50],"newspack_spnsrs_tax":[],"class_list":["post-316343","post","type-post","status-publish","format-standard","has-post-thumbnail","hentry","category-altos-de-chavon","category-bars-and-nightlife","category-concerts","category-events-and-activities","category-food-drinks","category-local-news","category-upcoming","tag-altos-de-chavon","tag-bars-and-nightlife","tag-concerts","tag-events-and-activities","tag-partying","entry"],"yoast_head":"<!-- This site is optimized with the Yoast SEO plugin v27.4 - https:\/\/yoast.com\/product\/yoast-seo-wordpress\/ -->\n<title>Santana-Mania hits Altos de Chavon! | Casa de Campo Living<\/title>\n<meta name=\"description\" content=\"If you walk around Altos de Chavon, you can sense that there is something in the air. With our keen sense, we\u2019ve identified it as Santana-Mania.\" \/>\n<meta name=\"robots\" content=\"index, follow, max-snippet:-1, max-image-preview:large, max-video-preview:-1\" \/>\n<link rel=\"canonical\" href=\"https:\/\/casadecampoliving.com\/es\/santana-mania-hits-altos-de-chavon\/\" \/>\n<meta property=\"og:locale\" content=\"es_ES\" \/>\n<meta property=\"og:type\" content=\"article\" \/>\n<meta property=\"og:title\" content=\"Santana-Mania hits Altos de Chavon! | Casa de Campo Living\" \/>\n<meta property=\"og:description\" content=\"If you walk around Altos de Chavon, you can sense that there is something in the air. With our keen sense, we\u2019ve identified it as Santana-Mania.\" \/>\n<meta property=\"og:url\" content=\"https:\/\/casadecampoliving.com\/es\/santana-mania-hits-altos-de-chavon\/\" \/>\n<meta property=\"og:site_name\" content=\"Casa de Campo Living\" \/>\n<meta property=\"article:publisher\" content=\"https:\/\/www.facebook.com\/casadecampoliving\" \/>\n<meta property=\"article:published_time\" content=\"2009-03-06T04:00:00+00:00\" \/>\n<meta property=\"article:modified_time\" content=\"2022-10-21T21:45:47+00:00\" \/>\n<meta property=\"og:image\" content=\"https:\/\/i0.wp.com\/casadecampoliving.com\/wp-content\/uploads\/2022\/10\/img_2683.jpg?fit=600%2C450&ssl=1\" \/>\n\t<meta property=\"og:image:width\" content=\"600\" \/>\n\t<meta property=\"og:image:height\" content=\"450\" \/>\n\t<meta property=\"og:image:type\" content=\"image\/jpeg\" \/>\n<meta name=\"author\" content=\"Mr Casa\" \/>\n<meta name=\"twitter:card\" content=\"summary_large_image\" \/>\n<meta name=\"twitter:creator\" content=\"@cdcliving\" \/>\n<meta name=\"twitter:site\" content=\"@cdcliving\" \/>\n<meta name=\"twitter:label1\" content=\"Escrito por\" \/>\n\t<meta name=\"twitter:data1\" content=\"Mr Casa\" \/>\n\t<meta name=\"twitter:label2\" content=\"Tiempo de lectura\" \/>\n\t<meta name=\"twitter:data2\" content=\"2 minutos\" \/>\n<script type=\"application\/ld+json\" class=\"yoast-schema-graph\">{\"@context\":\"https:\\\/\\\/schema.org\",\"@graph\":[{\"@type\":\"Article\",\"@id\":\"https:\\\/\\\/casadecampoliving.com\\\/es\\\/santana-mania-hits-altos-de-chavon\\\/#article\",\"isPartOf\":{\"@id\":\"https:\\\/\\\/casadecampoliving.com\\\/es\\\/santana-mania-hits-altos-de-chavon\\\/\"},\"author\":{\"name\":\"Mr Casa\",\"@id\":\"https:\\\/\\\/casadecampoliving.com\\\/es\\\/#\\\/schema\\\/person\\\/fffdf957494f43eeff7ab723d9a08788\"},\"headline\":\"Santana-Mania hits Altos de Chavon!\",\"datePublished\":\"2009-03-06T04:00:00+00:00\",\"dateModified\":\"2022-10-21T21:45:47+00:00\",\"mainEntityOfPage\":{\"@id\":\"https:\\\/\\\/casadecampoliving.com\\\/es\\\/santana-mania-hits-altos-de-chavon\\\/\"},\"wordCount\":336,\"publisher\":{\"@id\":\"https:\\\/\\\/casadecampoliving.com\\\/es\\\/#organization\"},\"image\":{\"@id\":\"https:\\\/\\\/casadecampoliving.com\\\/es\\\/santana-mania-hits-altos-de-chavon\\\/#primaryimage\"},\"thumbnailUrl\":\"https:\\\/\\\/i0.wp.com\\\/casadecampoliving.com\\\/wp-content\\\/uploads\\\/2022\\\/10\\\/img_2683.jpg?fit=600%2C450&ssl=1\",\"keywords\":[\"Altos de Chavon\",\"Bars and Nightlife\",\"Concerts\",\"Events and Activities\",\"Partying\"],\"articleSection\":[\"Altos de Chavon\",\"Bars and Nightlife\",\"Concerts\",\"Events and Activities\",\"Food &amp; Drinks\",\"Local News\",\"Upcoming\"],\"inLanguage\":\"es\"},{\"@type\":\"WebPage\",\"@id\":\"https:\\\/\\\/casadecampoliving.com\\\/es\\\/santana-mania-hits-altos-de-chavon\\\/\",\"url\":\"https:\\\/\\\/casadecampoliving.com\\\/es\\\/santana-mania-hits-altos-de-chavon\\\/\",\"name\":\"Santana-Mania hits Altos de Chavon! | Casa de Campo Living\",\"isPartOf\":{\"@id\":\"https:\\\/\\\/casadecampoliving.com\\\/es\\\/#website\"},\"primaryImageOfPage\":{\"@id\":\"https:\\\/\\\/casadecampoliving.com\\\/es\\\/santana-mania-hits-altos-de-chavon\\\/#primaryimage\"},\"image\":{\"@id\":\"https:\\\/\\\/casadecampoliving.com\\\/es\\\/santana-mania-hits-altos-de-chavon\\\/#primaryimage\"},\"thumbnailUrl\":\"https:\\\/\\\/i0.wp.com\\\/casadecampoliving.com\\\/wp-content\\\/uploads\\\/2022\\\/10\\\/img_2683.jpg?fit=600%2C450&ssl=1\",\"datePublished\":\"2009-03-06T04:00:00+00:00\",\"dateModified\":\"2022-10-21T21:45:47+00:00\",\"description\":\"If you walk around Altos de Chavon, you can sense that there is something in the air. With our keen sense, we\u2019ve identified it as Santana-Mania.\",\"breadcrumb\":{\"@id\":\"https:\\\/\\\/casadecampoliving.com\\\/es\\\/santana-mania-hits-altos-de-chavon\\\/#breadcrumb\"},\"inLanguage\":\"es\",\"potentialAction\":[{\"@type\":\"ReadAction\",\"target\":[\"https:\\\/\\\/casadecampoliving.com\\\/es\\\/santana-mania-hits-altos-de-chavon\\\/\"]}]},{\"@type\":\"ImageObject\",\"inLanguage\":\"es\",\"@id\":\"https:\\\/\\\/casadecampoliving.com\\\/es\\\/santana-mania-hits-altos-de-chavon\\\/#primaryimage\",\"url\":\"https:\\\/\\\/i0.wp.com\\\/casadecampoliving.com\\\/wp-content\\\/uploads\\\/2022\\\/10\\\/img_2683.jpg?fit=600%2C450&ssl=1\",\"contentUrl\":\"https:\\\/\\\/i0.wp.com\\\/casadecampoliving.com\\\/wp-content\\\/uploads\\\/2022\\\/10\\\/img_2683.jpg?fit=600%2C450&ssl=1\",\"width\":600,\"height\":450},{\"@type\":\"BreadcrumbList\",\"@id\":\"https:\\\/\\\/casadecampoliving.com\\\/es\\\/santana-mania-hits-altos-de-chavon\\\/#breadcrumb\",\"itemListElement\":[{\"@type\":\"ListItem\",\"position\":1,\"name\":\"Home\",\"item\":\"https:\\\/\\\/casadecampoliving.com\\\/es\\\/\"},{\"@type\":\"ListItem\",\"position\":2,\"name\":\"Santana-Mania hits Altos de Chavon!\"}]},{\"@type\":\"WebSite\",\"@id\":\"https:\\\/\\\/casadecampoliving.com\\\/es\\\/#website\",\"url\":\"https:\\\/\\\/casadecampoliving.com\\\/es\\\/\",\"name\":\"Casa de Campo Living\",\"description\":\"Resort community news and resources.\",\"publisher\":{\"@id\":\"https:\\\/\\\/casadecampoliving.com\\\/es\\\/#organization\"},\"potentialAction\":[{\"@type\":\"SearchAction\",\"target\":{\"@type\":\"EntryPoint\",\"urlTemplate\":\"https:\\\/\\\/casadecampoliving.com\\\/es\\\/?s={search_term_string}\"},\"query-input\":{\"@type\":\"PropertyValueSpecification\",\"valueRequired\":true,\"valueName\":\"search_term_string\"}}],\"inLanguage\":\"es\"},{\"@type\":\"Organization\",\"@id\":\"https:\\\/\\\/casadecampoliving.com\\\/es\\\/#organization\",\"name\":\"Casa de Campo Living\",\"url\":\"https:\\\/\\\/casadecampoliving.com\\\/es\\\/\",\"logo\":{\"@type\":\"ImageObject\",\"inLanguage\":\"es\",\"@id\":\"https:\\\/\\\/casadecampoliving.com\\\/es\\\/#\\\/schema\\\/logo\\\/image\\\/\",\"url\":\"https:\\\/\\\/i0.wp.com\\\/casadecampoliving.com\\\/wp-content\\\/uploads\\\/2022\\\/07\\\/CDCLivingLogo_V1-white-sized.png?fit=800%2C214&ssl=1\",\"contentUrl\":\"https:\\\/\\\/i0.wp.com\\\/casadecampoliving.com\\\/wp-content\\\/uploads\\\/2022\\\/07\\\/CDCLivingLogo_V1-white-sized.png?fit=800%2C214&ssl=1\",\"width\":800,\"height\":214,\"caption\":\"Casa de Campo Living\"},\"image\":{\"@id\":\"https:\\\/\\\/casadecampoliving.com\\\/es\\\/#\\\/schema\\\/logo\\\/image\\\/\"},\"sameAs\":[\"https:\\\/\\\/www.facebook.com\\\/casadecampoliving\",\"https:\\\/\\\/x.com\\\/cdcliving\"]},{\"@type\":\"Person\",\"@id\":\"https:\\\/\\\/casadecampoliving.com\\\/es\\\/#\\\/schema\\\/person\\\/fffdf957494f43eeff7ab723d9a08788\",\"name\":\"Mr Casa\",\"image\":{\"@type\":\"ImageObject\",\"inLanguage\":\"es\",\"@id\":\"https:\\\/\\\/secure.gravatar.com\\\/avatar\\\/ab390ca90eb9ecc1e6dafbd85fdf6e2a5d753ebfce7fe570dd9d9a19dd49a807?s=96&d=mm&r=g\",\"url\":\"https:\\\/\\\/secure.gravatar.com\\\/avatar\\\/ab390ca90eb9ecc1e6dafbd85fdf6e2a5d753ebfce7fe570dd9d9a19dd49a807?s=96&d=mm&r=g\",\"contentUrl\":\"https:\\\/\\\/secure.gravatar.com\\\/avatar\\\/ab390ca90eb9ecc1e6dafbd85fdf6e2a5d753ebfce7fe570dd9d9a19dd49a807?s=96&d=mm&r=g\",\"caption\":\"Mr Casa\"},\"sameAs\":[\"http:\\\/\\\/www.silgon.net\"],\"url\":\"https:\\\/\\\/casadecampoliving.com\\\/es\\\/author\\\/psilvestri\\\/\"}]}<\/script>\n<!-- \/ Yoast SEO plugin. -->","yoast_head_json":{"title":"Santana-Mania hits Altos de Chavon! | Casa de Campo Living","description":"If you walk around Altos de Chavon, you can sense that there is something in the air. With our keen sense, we\u2019ve identified it as Santana-Mania.","robots":{"index":"index","follow":"follow","max-snippet":"max-snippet:-1","max-image-preview":"max-image-preview:large","max-video-preview":"max-video-preview:-1"},"canonical":"https:\/\/casadecampoliving.com\/es\/santana-mania-hits-altos-de-chavon\/","og_locale":"es_ES","og_type":"article","og_title":"Santana-Mania hits Altos de Chavon! | Casa de Campo Living","og_description":"If you walk around Altos de Chavon, you can sense that there is something in the air. With our keen sense, we\u2019ve identified it as Santana-Mania.","og_url":"https:\/\/casadecampoliving.com\/es\/santana-mania-hits-altos-de-chavon\/","og_site_name":"Casa de Campo Living","article_publisher":"https:\/\/www.facebook.com\/casadecampoliving","article_published_time":"2009-03-06T04:00:00+00:00","article_modified_time":"2022-10-21T21:45:47+00:00","og_image":[{"width":600,"height":450,"url":"https:\/\/i0.wp.com\/casadecampoliving.com\/wp-content\/uploads\/2022\/10\/img_2683.jpg?fit=600%2C450&ssl=1","type":"image\/jpeg"}],"author":"Mr Casa","twitter_card":"summary_large_image","twitter_creator":"@cdcliving","twitter_site":"@cdcliving","twitter_misc":{"Escrito por":"Mr Casa","Tiempo de lectura":"2 minutos"},"schema":{"@context":"https:\/\/schema.org","@graph":[{"@type":"Article","@id":"https:\/\/casadecampoliving.com\/es\/santana-mania-hits-altos-de-chavon\/#article","isPartOf":{"@id":"https:\/\/casadecampoliving.com\/es\/santana-mania-hits-altos-de-chavon\/"},"author":{"name":"Mr Casa","@id":"https:\/\/casadecampoliving.com\/es\/#\/schema\/person\/fffdf957494f43eeff7ab723d9a08788"},"headline":"Santana-Mania hits Altos de Chavon!","datePublished":"2009-03-06T04:00:00+00:00","dateModified":"2022-10-21T21:45:47+00:00","mainEntityOfPage":{"@id":"https:\/\/casadecampoliving.com\/es\/santana-mania-hits-altos-de-chavon\/"},"wordCount":336,"publisher":{"@id":"https:\/\/casadecampoliving.com\/es\/#organization"},"image":{"@id":"https:\/\/casadecampoliving.com\/es\/santana-mania-hits-altos-de-chavon\/#primaryimage"},"thumbnailUrl":"https:\/\/i0.wp.com\/casadecampoliving.com\/wp-content\/uploads\/2022\/10\/img_2683.jpg?fit=600%2C450&ssl=1","keywords":["Altos de Chavon","Bars and Nightlife","Concerts","Events and Activities","Partying"],"articleSection":["Altos de Chavon","Bars and Nightlife","Concerts","Events and Activities","Food &amp; Drinks","Local News","Upcoming"],"inLanguage":"es"},{"@type":"WebPage","@id":"https:\/\/casadecampoliving.com\/es\/santana-mania-hits-altos-de-chavon\/","url":"https:\/\/casadecampoliving.com\/es\/santana-mania-hits-altos-de-chavon\/","name":"Santana-Mania hits Altos de Chavon! | Casa de Campo Living","isPartOf":{"@id":"https:\/\/casadecampoliving.com\/es\/#website"},"primaryImageOfPage":{"@id":"https:\/\/casadecampoliving.com\/es\/santana-mania-hits-altos-de-chavon\/#primaryimage"},"image":{"@id":"https:\/\/casadecampoliving.com\/es\/santana-mania-hits-altos-de-chavon\/#primaryimage"},"thumbnailUrl":"https:\/\/i0.wp.com\/casadecampoliving.com\/wp-content\/uploads\/2022\/10\/img_2683.jpg?fit=600%2C450&ssl=1","datePublished":"2009-03-06T04:00:00+00:00","dateModified":"2022-10-21T21:45:47+00:00","description":"If you walk around Altos de Chavon, you can sense that there is something in the air. With our keen sense, we\u2019ve identified it as Santana-Mania.","breadcrumb":{"@id":"https:\/\/casadecampoliving.com\/es\/santana-mania-hits-altos-de-chavon\/#breadcrumb"},"inLanguage":"es","potentialAction":[{"@type":"ReadAction","target":["https:\/\/casadecampoliving.com\/es\/santana-mania-hits-altos-de-chavon\/"]}]},{"@type":"ImageObject","inLanguage":"es","@id":"https:\/\/casadecampoliving.com\/es\/santana-mania-hits-altos-de-chavon\/#primaryimage","url":"https:\/\/i0.wp.com\/casadecampoliving.com\/wp-content\/uploads\/2022\/10\/img_2683.jpg?fit=600%2C450&ssl=1","contentUrl":"https:\/\/i0.wp.com\/casadecampoliving.com\/wp-content\/uploads\/2022\/10\/img_2683.jpg?fit=600%2C450&ssl=1","width":600,"height":450},{"@type":"BreadcrumbList","@id":"https:\/\/casadecampoliving.com\/es\/santana-mania-hits-altos-de-chavon\/#breadcrumb","itemListElement":[{"@type":"ListItem","position":1,"name":"Home","item":"https:\/\/casadecampoliving.com\/es\/"},{"@type":"ListItem","position":2,"name":"Santana-Mania hits Altos de Chavon!"}]},{"@type":"WebSite","@id":"https:\/\/casadecampoliving.com\/es\/#website","url":"https:\/\/casadecampoliving.com\/es\/","name":"Casa de Campo Living","description":"Resort community news and resources.","publisher":{"@id":"https:\/\/casadecampoliving.com\/es\/#organization"},"potentialAction":[{"@type":"SearchAction","target":{"@type":"EntryPoint","urlTemplate":"https:\/\/casadecampoliving.com\/es\/?s={search_term_string}"},"query-input":{"@type":"PropertyValueSpecification","valueRequired":true,"valueName":"search_term_string"}}],"inLanguage":"es"},{"@type":"Organization","@id":"https:\/\/casadecampoliving.com\/es\/#organization","name":"Casa de Campo Living","url":"https:\/\/casadecampoliving.com\/es\/","logo":{"@type":"ImageObject","inLanguage":"es","@id":"https:\/\/casadecampoliving.com\/es\/#\/schema\/logo\/image\/","url":"https:\/\/i0.wp.com\/casadecampoliving.com\/wp-content\/uploads\/2022\/07\/CDCLivingLogo_V1-white-sized.png?fit=800%2C214&ssl=1","contentUrl":"https:\/\/i0.wp.com\/casadecampoliving.com\/wp-content\/uploads\/2022\/07\/CDCLivingLogo_V1-white-sized.png?fit=800%2C214&ssl=1","width":800,"height":214,"caption":"Casa de Campo Living"},"image":{"@id":"https:\/\/casadecampoliving.com\/es\/#\/schema\/logo\/image\/"},"sameAs":["https:\/\/www.facebook.com\/casadecampoliving","https:\/\/x.com\/cdcliving"]},{"@type":"Person","@id":"https:\/\/casadecampoliving.com\/es\/#\/schema\/person\/fffdf957494f43eeff7ab723d9a08788","name":"Mr Casa","image":{"@type":"ImageObject","inLanguage":"es","@id":"https:\/\/secure.gravatar.com\/avatar\/ab390ca90eb9ecc1e6dafbd85fdf6e2a5d753ebfce7fe570dd9d9a19dd49a807?s=96&d=mm&r=g","url":"https:\/\/secure.gravatar.com\/avatar\/ab390ca90eb9ecc1e6dafbd85fdf6e2a5d753ebfce7fe570dd9d9a19dd49a807?s=96&d=mm&r=g","contentUrl":"https:\/\/secure.gravatar.com\/avatar\/ab390ca90eb9ecc1e6dafbd85fdf6e2a5d753ebfce7fe570dd9d9a19dd49a807?s=96&d=mm&r=g","caption":"Mr Casa"},"sameAs":["http:\/\/www.silgon.net"],"url":"https:\/\/casadecampoliving.com\/es\/author\/psilvestri\/"}]}},"parsely":{"version":"1.1.0","canonical_url":"https:\/\/casadecampoliving.com\/es\/santana-mania-hits-altos-de-chavon\/","smart_links":{"inbound":0,"outbound":0},"traffic_boost_suggestions_count":0,"meta":{"@context":"https:\/\/schema.org","@type":"NewsArticle","headline":"Santana-Mania hits Altos de Chavon!","url":"http:\/\/casadecampoliving.com\/es\/santana-mania-hits-altos-de-chavon\/","mainEntityOfPage":{"@type":"WebPage","@id":"http:\/\/casadecampoliving.com\/es\/santana-mania-hits-altos-de-chavon\/"},"thumbnailUrl":"https:\/\/i0.wp.com\/casadecampoliving.com\/wp-content\/uploads\/2022\/10\/img_2683.jpg?resize=150%2C150&ssl=1","image":{"@type":"ImageObject","url":"https:\/\/i0.wp.com\/casadecampoliving.com\/wp-content\/uploads\/2022\/10\/img_2683.jpg?fit=600%2C450&ssl=1"},"articleSection":"Altos de Chavon","author":[{"@type":"Person","name":"Mr Casa"}],"creator":["Mr Casa"],"publisher":{"@type":"Organization","name":"Casa de Campo Living","logo":"https:\/\/casadecampoliving.com\/wp-content\/uploads\/2022\/07\/CDCLivingLogo_V1-white-sized.png"},"keywords":["altos de chavon","bars and nightlife","concerts","events and activities","partying"],"dateCreated":"2009-03-06T04:00:00Z","datePublished":"2009-03-06T04:00:00Z","dateModified":"2022-10-21T21:45:47Z"},"rendered":"<script type=\"application\/ld+json\" class=\"wp-parsely-metadata\">{\"@context\":\"https:\\\/\\\/schema.org\",\"@type\":\"NewsArticle\",\"headline\":\"Santana-Mania hits Altos de Chavon!\",\"url\":\"http:\\\/\\\/casadecampoliving.com\\\/es\\\/santana-mania-hits-altos-de-chavon\\\/\",\"mainEntityOfPage\":{\"@type\":\"WebPage\",\"@id\":\"http:\\\/\\\/casadecampoliving.com\\\/es\\\/santana-mania-hits-altos-de-chavon\\\/\"},\"thumbnailUrl\":\"https:\\\/\\\/i0.wp.com\\\/casadecampoliving.com\\\/wp-content\\\/uploads\\\/2022\\\/10\\\/img_2683.jpg?resize=150%2C150&ssl=1\",\"image\":{\"@type\":\"ImageObject\",\"url\":\"https:\\\/\\\/i0.wp.com\\\/casadecampoliving.com\\\/wp-content\\\/uploads\\\/2022\\\/10\\\/img_2683.jpg?fit=600%2C450&ssl=1\"},\"articleSection\":\"Altos de Chavon\",\"author\":[{\"@type\":\"Person\",\"name\":\"Mr Casa\"}],\"creator\":[\"Mr Casa\"],\"publisher\":{\"@type\":\"Organization\",\"name\":\"Casa de Campo Living\",\"logo\":\"https:\\\/\\\/casadecampoliving.com\\\/wp-content\\\/uploads\\\/2022\\\/07\\\/CDCLivingLogo_V1-white-sized.png\"},\"keywords\":[\"altos de chavon\",\"bars and nightlife\",\"concerts\",\"events and activities\",\"partying\"],\"dateCreated\":\"2009-03-06T04:00:00Z\",\"datePublished\":\"2009-03-06T04:00:00Z\",\"dateModified\":\"2022-10-21T21:45:47Z\"}<\/script>","tracker_url":"https:\/\/cdn.parsely.com\/keys\/casadecampoliving.com\/p.js"},"jetpack_publicize_connections":[],"jetpack_featured_media_url":"https:\/\/i0.wp.com\/casadecampoliving.com\/wp-content\/uploads\/2022\/10\/img_2683.jpg?fit=600%2C450&ssl=1","jetpack-related-posts":[{"id":316373,"url":"https:\/\/casadecampoliving.com\/es\/this-weekend-in-casa-36-38\/","url_meta":{"origin":316343,"position":0},"title":"This Weekend in Casa 3\/6 &#8211; 3\/8","author":"Mr B","date":"6 Mar, 2009","format":false,"excerpt":"This weekend we have a fun and packed schedule surrounding a premiere event, the Santana Live Your Light tour at the Altos de Chavon Amphitheater!\u00a0We\u2019ve been hearing that tickets are almost sold out so if you still don\u2019t have yours hurry!!\u00a0 Most venues in Casa are planning events with a\u2026","rel":"","context":"En \u00abAltos de Chavon\u00bb","block_context":{"text":"Altos de Chavon","link":"https:\/\/casadecampoliving.com\/category\/altos-de-chavon\/"},"img":{"alt_text":"","src":"https:\/\/i0.wp.com\/casadecampoliving.com\/wp-content\/uploads\/2022\/10\/menu-especial-piazzetta-santana.jpg?fit=663%2C1024&ssl=1&resize=350%2C200","width":350,"height":200,"srcset":"https:\/\/i0.wp.com\/casadecampoliving.com\/wp-content\/uploads\/2022\/10\/menu-especial-piazzetta-santana.jpg?fit=663%2C1024&ssl=1&resize=350%2C200 1x, https:\/\/i0.wp.com\/casadecampoliving.com\/wp-content\/uploads\/2022\/10\/menu-especial-piazzetta-santana.jpg?fit=663%2C1024&ssl=1&resize=525%2C300 1.5x"},"classes":[]},{"id":318607,"url":"https:\/\/casadecampoliving.com\/es\/daddy-yankee-mania-the-concert-and-the-after-parties\/","url_meta":{"origin":316343,"position":1},"title":"Daddy Yankee Mania: the concert and the after-parties!","author":"Rebecca Silvestri","date":"3 Abr, 2010","format":false,"excerpt":"This Sabado Santa, April the 3rd \u2013 Daddy Yankee is coming to Casa de Campo, to perform at the Altos de Chavon amphitheatre, and to celebrate many of Casa de Campo\u2019s bars and even restaurants have organised special parties and dinner menus. Here we bring you a summary of EVERYTHING\u2026","rel":"","context":"En \u00abAltos de Chavon\u00bb","block_context":{"text":"Altos de Chavon","link":"https:\/\/casadecampoliving.com\/category\/altos-de-chavon\/"},"img":{"alt_text":"","src":"https:\/\/i0.wp.com\/casadecampoliving.com\/wp-content\/uploads\/2022\/10\/Papa-Jacks-Casa-de-Campo-Living-1.jpg?fit=792%2C1000&ssl=1&resize=350%2C200","width":350,"height":200,"srcset":"https:\/\/i0.wp.com\/casadecampoliving.com\/wp-content\/uploads\/2022\/10\/Papa-Jacks-Casa-de-Campo-Living-1.jpg?fit=792%2C1000&ssl=1&resize=350%2C200 1x, https:\/\/i0.wp.com\/casadecampoliving.com\/wp-content\/uploads\/2022\/10\/Papa-Jacks-Casa-de-Campo-Living-1.jpg?fit=792%2C1000&ssl=1&resize=525%2C300 1.5x, https:\/\/i0.wp.com\/casadecampoliving.com\/wp-content\/uploads\/2022\/10\/Papa-Jacks-Casa-de-Campo-Living-1.jpg?fit=792%2C1000&ssl=1&resize=700%2C400 2x"},"classes":[]},{"id":433460,"url":"https:\/\/casadecampoliving.com\/es\/no-se-pierdan-el-increible-tributo-a-frank-sinatra-para-celebrar-el-40-aniversario-del-anfiteatro-altos-de-chavon\/","url_meta":{"origin":316343,"position":2},"title":"No se pierdan el incre\u00edble tributo a Frank Sinatra para celebrar el 40 aniversario del\u00a0Anfiteatro Altos de Chav\u00f3n","author":"Casa de Campo Living","date":"20 Oct, 2022","format":false,"excerpt":"Siendo uno de los escenarios m\u00e1s emblem\u00e1ticos del pa\u00eds, Casa de Campo Resort\u00ae & Villas celebra las cuatro d\u00e9cadas de aniversario de Altos de Chav\u00f3n con un tributo al gran Frank Sinatra, protagonizado por artistas invitados y una big band tal cual la que acompa\u00f1\u00f3 al artista hace 40 a\u00f1os\u2026","rel":"","context":"En \u00abUncategorized @es\u00bb","block_context":{"text":"Uncategorized @es","link":"https:\/\/casadecampoliving.com\/es\/category\/uncategorized-es\/"},"img":{"alt_text":"","src":"https:\/\/i0.wp.com\/casadecampoliving.com\/wp-content\/uploads\/2022\/10\/Tributo-Frank-Sinatra-Foto-Principal-Amaury-Sanchez-Danilo-Ginebra-Andres-Pichardo-y-Jose-Gabriel-Perez-.jpg?fit=1200%2C873&ssl=1&resize=350%2C200","width":350,"height":200,"srcset":"https:\/\/i0.wp.com\/casadecampoliving.com\/wp-content\/uploads\/2022\/10\/Tributo-Frank-Sinatra-Foto-Principal-Amaury-Sanchez-Danilo-Ginebra-Andres-Pichardo-y-Jose-Gabriel-Perez-.jpg?fit=1200%2C873&ssl=1&resize=350%2C200 1x, https:\/\/i0.wp.com\/casadecampoliving.com\/wp-content\/uploads\/2022\/10\/Tributo-Frank-Sinatra-Foto-Principal-Amaury-Sanchez-Danilo-Ginebra-Andres-Pichardo-y-Jose-Gabriel-Perez-.jpg?fit=1200%2C873&ssl=1&resize=525%2C300 1.5x, https:\/\/i0.wp.com\/casadecampoliving.com\/wp-content\/uploads\/2022\/10\/Tributo-Frank-Sinatra-Foto-Principal-Amaury-Sanchez-Danilo-Ginebra-Andres-Pichardo-y-Jose-Gabriel-Perez-.jpg?fit=1200%2C873&ssl=1&resize=700%2C400 2x, https:\/\/i0.wp.com\/casadecampoliving.com\/wp-content\/uploads\/2022\/10\/Tributo-Frank-Sinatra-Foto-Principal-Amaury-Sanchez-Danilo-Ginebra-Andres-Pichardo-y-Jose-Gabriel-Perez-.jpg?fit=1200%2C873&ssl=1&resize=1050%2C600 3x"},"classes":[]},{"id":317801,"url":"https:\/\/casadecampoliving.com\/es\/video-of-il-divo-performing-a-mi-manera-at-the-altos-de-chavon-amphitheater\/","url_meta":{"origin":316343,"position":3},"title":"Video of Il Divo performing &#8216;A Mi Manera&#8217; at the Altos de Chavon Amphitheater","author":"Rebecca Silvestri","date":"15 Nov, 2009","format":false,"excerpt":"On Saturday the 7th of November, Il Divo the operatic-pop quartet and intentional singing phenomenon, performed at the Altos de Chavon Amphitheater. Below are links to all our Il Divo articles so far: Breathtaking photos of Il Divo by Pilar Rosario Video of Il Divo performing \u2018Bridge over troubled water\u2019\u2026","rel":"","context":"En \u00abAltos de Chavon\u00bb","block_context":{"text":"Altos de Chavon","link":"https:\/\/casadecampoliving.com\/category\/altos-de-chavon\/"},"img":{"alt_text":"","src":"https:\/\/i0.wp.com\/casadecampoliving.com\/wp-content\/uploads\/2022\/10\/il-divo.jpg?fit=580%2C435&ssl=1&resize=350%2C200","width":350,"height":200,"srcset":"https:\/\/i0.wp.com\/casadecampoliving.com\/wp-content\/uploads\/2022\/10\/il-divo.jpg?fit=580%2C435&ssl=1&resize=350%2C200 1x, https:\/\/i0.wp.com\/casadecampoliving.com\/wp-content\/uploads\/2022\/10\/il-divo.jpg?fit=580%2C435&ssl=1&resize=525%2C300 1.5x"},"classes":[]},{"id":316000,"url":"https:\/\/casadecampoliving.com\/es\/concert-carlos-santana-coming-to-altos-de-chavon-on-march-7th\/","url_meta":{"origin":316343,"position":4},"title":"CONCERT &#8211; Carlos Santana coming to Altos de Chavon on March 7th","author":"Mr B","date":"8 Dic, 2008","format":false,"excerpt":"That right, you heard it here first! Carlos Santana, the artist who has been reinventing and reshaping the landscape of the known universe\u2019s musical culture for close to four decades, will be performing in the Altos de Chavon Amphitheater on Saturday March 7th, 2009. Carlos Santana has been labeled as\u2026","rel":"","context":"En \u00abAltos de Chavon\u00bb","block_context":{"text":"Altos de Chavon","link":"https:\/\/casadecampoliving.com\/category\/altos-de-chavon\/"},"img":{"alt_text":"","src":"https:\/\/i0.wp.com\/casadecampoliving.com\/wp-content\/uploads\/2022\/10\/SANTANA_publicity_07_v2m-1.jpg?fit=231%2C320&ssl=1&resize=350%2C200","width":350,"height":200},"classes":[]},{"id":316233,"url":"https:\/\/casadecampoliving.com\/es\/carlos-santana-videos\/","url_meta":{"origin":316343,"position":5},"title":"Carlos Santana Videos","author":"Mr B","date":"17 Feb, 2009","format":false,"excerpt":"While we wait for the big event on March 7th when Carlos Santana will share his amazing music with us on the Live Your Light tour we leave you with this. Below is a music video player right out of the official Carlos Santana website . Enjoy!! \u00a0\u00a0\u00a0\u00a0\u00a0","rel":"","context":"En \u00abAltos de Chavon\u00bb","block_context":{"text":"Altos de Chavon","link":"https:\/\/casadecampoliving.com\/category\/altos-de-chavon\/"},"img":{"alt_text":"","src":"https:\/\/i0.wp.com\/casadecampoliving.com\/wp-content\/uploads\/2022\/10\/santanabannerr.jpg?fit=200%2C200&ssl=1&resize=350%2C200","width":350,"height":200},"classes":[]}],"jetpack_sharing_enabled":true,"_links":{"self":[{"href":"https:\/\/casadecampoliving.com\/es\/wp-json\/wp\/v2\/posts\/316343","targetHints":{"allow":["GET"]}}],"collection":[{"href":"https:\/\/casadecampoliving.com\/es\/wp-json\/wp\/v2\/posts"}],"about":[{"href":"https:\/\/casadecampoliving.com\/es\/wp-json\/wp\/v2\/types\/post"}],"author":[{"embeddable":true,"href":"https:\/\/casadecampoliving.com\/es\/wp-json\/wp\/v2\/users\/10"}],"replies":[{"embeddable":true,"href":"https:\/\/casadecampoliving.com\/es\/wp-json\/wp\/v2\/comments?post=316343"}],"version-history":[{"count":0,"href":"https:\/\/casadecampoliving.com\/es\/wp-json\/wp\/v2\/posts\/316343\/revisions"}],"wp:featuredmedia":[{"embeddable":true,"href":"https:\/\/casadecampoliving.com\/es\/wp-json\/wp\/v2\/media\/288704"}],"wp:attachment":[{"href":"https:\/\/casadecampoliving.com\/es\/wp-json\/wp\/v2\/media?parent=316343"}],"wp:term":[{"taxonomy":"category","embeddable":true,"href":"https:\/\/casadecampoliving.com\/es\/wp-json\/wp\/v2\/categories?post=316343"},{"taxonomy":"post_tag","embeddable":true,"href":"https:\/\/casadecampoliving.com\/es\/wp-json\/wp\/v2\/tags?post=316343"},{"taxonomy":"newspack_spnsrs_tax","embeddable":true,"href":"https:\/\/casadecampoliving.com\/es\/wp-json\/wp\/v2\/newspack_spnsrs_tax?post=316343"}],"curies":[{"name":"wp","href":"https:\/\/api.w.org\/{rel}","templated":true}]}}